{"id":4343,"date":"2014-10-28T14:50:41","date_gmt":"2014-10-28T13:50:41","guid":{"rendered":"http:\/\/www.spaziotorino.it\/scatto\/?p=4343"},"modified":"2014-10-29T14:56:34","modified_gmt":"2014-10-29T13:56:34","slug":"leonardo-e-i-tesori-del-re-capolavori-da-ammirare-alla-biblioteca-reale","status":"publish","type":"post","link":"http:\/\/www.spaziotorino.it\/scatto\/?p=4343","title":{"rendered":"Leonardo e i tesori del re. Capolavori da ammirare alla Biblioteca Reale"},"content":{"rendered":"<p><a title=\"Leonardo e i tesori del re. Capolavori da ammirare alla Biblioteca Reale\" rel=\"lightbox[set_868]\" href=\"http:\/\/www.spaziotorino.it\/scatto\/wp-content\/gallery\/2014_10_28_leonardo\/img_1754.jpg\"><br \/>\n<img decoding=\"async\" loading=\"lazy\" class=\"ngg-singlepic\" title=\"Leonardo e i tesori del re. Capolavori da ammirare alla Biblioteca Reale\" src=\"http:\/\/www.spaziotorino.it\/scatto\/wp-content\/gallery\/2014_10_28_leonardo\/img_1754.jpg\" alt=\"\" width=\"540\" height=\"360\" \/><\/a><\/p>\n<!-- index.php -->\n<div\n\tclass=\"ngg-galleryoverview ngg-ajax-pagination-none\"\n\tid=\"ngg-gallery-e7a26af189426f73b1d997a88b8e45b6-1\">\n\n    \t\t<!-- Thumbnails -->\n\t\t\t\t<div id=\"ngg-image-0\" class=\"ngg-gallery-thumbnail-box\" >\n\t\t\t\t        <div class=\"ngg-gallery-thumbnail\">\n            <a href=\"http:\/\/www.spaziotorino.it\/scatto\/wp-content\/gallery\/2014_10_28_leonardo\/img_1712.jpg\"\n               title=\"Il Polo Reale\"\n               data-src=\"http:\/\/www.spaziotorino.it\/scatto\/wp-content\/gallery\/2014_10_28_leonardo\/img_1712.jpg\"\n               data-thumbnail=\"http:\/\/www.spaziotorino.it\/scatto\/wp-content\/gallery\/2014_10_28_leonardo\/thumbs\/thumbs_img_1712.jpg\"\n               data-image-id=\"14012\"\n               data-title=\"Il Polo Reale\"\n               data-description=\"Il Polo Reale\"\n               data-image-slug=\"il-polo-reale\"\n               class=\"ngg-fancybox\" rel=\"e7a26af189426f73b1d997a88b8e45b6\">\n                <img\n                    title=\"Il Polo Reale\"\n                    alt=\"Il Polo Reale\"\n                    src=\"http:\/\/www.spaziotorino.it\/scatto\/wp-content\/gallery\/2014_10_28_leonardo\/cache\/img_1712.jpg-nggid0514012-ngg0dyn-60x60x100-00f0w010c011r110f110r010t010.jpg\"\n                    width=\"60\"\n                    height=\"60\"\n                    style=\"max-width:100%;\"\n                \/>\n            <\/a>\n        <\/div>\n\t\t\t\t\t\t\t<\/div> \n\t\t\t\n        \n\t\t\t\t<div id=\"ngg-image-1\" class=\"ngg-gallery-thumbnail-box\" >\n\t\t\t\t        <div class=\"ngg-gallery-thumbnail\">\n            <a href=\"http:\/\/www.spaziotorino.it\/scatto\/wp-content\/gallery\/2014_10_28_leonardo\/img_1732.jpg\"\n               title=\"Leonardo da Vinci - Studi di proporzioni del volto e dell\\&#039;occhio, con note - 1489-1490 circa\"\n               data-src=\"http:\/\/www.spaziotorino.it\/scatto\/wp-content\/gallery\/2014_10_28_leonardo\/img_1732.jpg\"\n               data-thumbnail=\"http:\/\/www.spaziotorino.it\/scatto\/wp-content\/gallery\/2014_10_28_leonardo\/thumbs\/thumbs_img_1732.jpg\"\n               data-image-id=\"14013\"\n               data-title=\"Leonardo da Vinci - Studi di proporzioni del volto e dell\\&#039;occhio, con note - 1489-1490 circa\"\n               data-description=\"Leonardo da Vinci - Studi di proporzioni del volto e dell&#039;occhio, con note - 1489-1490 circa\"\n               data-image-slug=\"leonardo-da-vinci-studi-di-proporzioni-del-volto-e-dellocchio-con-note-1489-1490-circa\"\n               class=\"ngg-fancybox\" rel=\"e7a26af189426f73b1d997a88b8e45b6\">\n                <img\n                    title=\"Leonardo da Vinci - Studi di proporzioni del volto e dell\\&#039;occhio, con note - 1489-1490 circa\"\n                    alt=\"Leonardo da Vinci - Studi di proporzioni del volto e dell\\&#039;occhio, con note - 1489-1490 circa\"\n                    src=\"http:\/\/www.spaziotorino.it\/scatto\/wp-content\/gallery\/2014_10_28_leonardo\/cache\/img_1732.jpg-nggid0514013-ngg0dyn-60x60x100-00f0w010c011r110f110r010t010.jpg\"\n                    width=\"60\"\n                    height=\"60\"\n                    style=\"max-width:100%;\"\n                \/>\n            <\/a>\n        <\/div>\n\t\t\t\t\t\t\t<\/div> \n\t\t\t\n        \n\t\t\t\t<div id=\"ngg-image-2\" class=\"ngg-gallery-thumbnail-box\" >\n\t\t\t\t        <div class=\"ngg-gallery-thumbnail\">\n            <a href=\"http:\/\/www.spaziotorino.it\/scatto\/wp-content\/gallery\/2014_10_28_leonardo\/img_1739.jpg\"\n               title=\"Leonardo da Vinci - Testa virile di profilo incoronata di alloro -1506-1510 circa\"\n               data-src=\"http:\/\/www.spaziotorino.it\/scatto\/wp-content\/gallery\/2014_10_28_leonardo\/img_1739.jpg\"\n               data-thumbnail=\"http:\/\/www.spaziotorino.it\/scatto\/wp-content\/gallery\/2014_10_28_leonardo\/thumbs\/thumbs_img_1739.jpg\"\n               data-image-id=\"14014\"\n               data-title=\"Leonardo da Vinci - Testa virile di profilo incoronata di alloro -1506-1510 circa\"\n               data-description=\"Leonardo da Vinci - Testa virile di profilo incoronata di alloro -1506-1510 circa\"\n               data-image-slug=\"leonardo-da-vinci-testa-virile-di-profilo-incoronata-di-alloro-1506-1510-circa\"\n               class=\"ngg-fancybox\" rel=\"e7a26af189426f73b1d997a88b8e45b6\">\n                <img\n                    title=\"Leonardo da Vinci - Testa virile di profilo incoronata di alloro -1506-1510 circa\"\n                    alt=\"Leonardo da Vinci - Testa virile di profilo incoronata di alloro -1506-1510 circa\"\n                    src=\"http:\/\/www.spaziotorino.it\/scatto\/wp-content\/gallery\/2014_10_28_leonardo\/cache\/img_1739.jpg-nggid0514014-ngg0dyn-60x60x100-00f0w010c011r110f110r010t010.jpg\"\n                    width=\"60\"\n                    height=\"60\"\n                    style=\"max-width:100%;\"\n                \/>\n            <\/a>\n        <\/div>\n\t\t\t\t\t\t\t<\/div> \n\t\t\t\n        \n\t\t\t\t<div id=\"ngg-image-3\" class=\"ngg-gallery-thumbnail-box\" >\n\t\t\t\t        <div class=\"ngg-gallery-thumbnail\">\n            <a href=\"http:\/\/www.spaziotorino.it\/scatto\/wp-content\/gallery\/2014_10_28_leonardo\/img_1754.jpg\"\n               title=\"Leonardo da Vinci - autoritratto 1515-1516 circa\"\n               data-src=\"http:\/\/www.spaziotorino.it\/scatto\/wp-content\/gallery\/2014_10_28_leonardo\/img_1754.jpg\"\n               data-thumbnail=\"http:\/\/www.spaziotorino.it\/scatto\/wp-content\/gallery\/2014_10_28_leonardo\/thumbs\/thumbs_img_1754.jpg\"\n               data-image-id=\"14015\"\n               data-title=\"Leonardo da Vinci - autoritratto 1515-1516 circa\"\n               data-description=\"Leonardo da Vinci - autoritratto 1515-1516 circa\"\n               data-image-slug=\"leonardo-da-vinci-autoritratto-1515-1516-circa\"\n               class=\"ngg-fancybox\" rel=\"e7a26af189426f73b1d997a88b8e45b6\">\n                <img\n                    title=\"Leonardo da Vinci - autoritratto 1515-1516 circa\"\n                    alt=\"Leonardo da Vinci - autoritratto 1515-1516 circa\"\n                    src=\"http:\/\/www.spaziotorino.it\/scatto\/wp-content\/gallery\/2014_10_28_leonardo\/cache\/img_1754.jpg-nggid0514015-ngg0dyn-60x60x100-00f0w010c011r110f110r010t010.jpg\"\n                    width=\"60\"\n                    height=\"60\"\n                    style=\"max-width:100%;\"\n                \/>\n            <\/a>\n        <\/div>\n\t\t\t\t\t\t\t<\/div> \n\t\t\t\n        \n\t\t\t\t<div id=\"ngg-image-4\" class=\"ngg-gallery-thumbnail-box\" >\n\t\t\t\t        <div class=\"ngg-gallery-thumbnail\">\n            <a href=\"http:\/\/www.spaziotorino.it\/scatto\/wp-content\/gallery\/2014_10_28_leonardo\/img_1756.jpg\"\n               title=\"Leonardo da Vinci - autoritratto 1515-1516 circa\"\n               data-src=\"http:\/\/www.spaziotorino.it\/scatto\/wp-content\/gallery\/2014_10_28_leonardo\/img_1756.jpg\"\n               data-thumbnail=\"http:\/\/www.spaziotorino.it\/scatto\/wp-content\/gallery\/2014_10_28_leonardo\/thumbs\/thumbs_img_1756.jpg\"\n               data-image-id=\"14016\"\n               data-title=\"Leonardo da Vinci - autoritratto 1515-1516 circa\"\n               data-description=\"Leonardo da Vinci - autoritratto 1515-1516 circa\"\n               data-image-slug=\"leonardo-da-vinci-autoritratto-1515-1516-circa\"\n               class=\"ngg-fancybox\" rel=\"e7a26af189426f73b1d997a88b8e45b6\">\n                <img\n                    title=\"Leonardo da Vinci - autoritratto 1515-1516 circa\"\n                    alt=\"Leonardo da Vinci - autoritratto 1515-1516 circa\"\n                    src=\"http:\/\/www.spaziotorino.it\/scatto\/wp-content\/gallery\/2014_10_28_leonardo\/cache\/img_1756.jpg-nggid0514016-ngg0dyn-60x60x100-00f0w010c011r110f110r010t010.jpg\"\n                    width=\"60\"\n                    height=\"60\"\n                    style=\"max-width:100%;\"\n                \/>\n            <\/a>\n        <\/div>\n\t\t\t\t\t\t\t<\/div> \n\t\t\t\n        \n\t\t\t\t<div id=\"ngg-image-5\" class=\"ngg-gallery-thumbnail-box\" >\n\t\t\t\t        <div class=\"ngg-gallery-thumbnail\">\n            <a href=\"http:\/\/www.spaziotorino.it\/scatto\/wp-content\/gallery\/2014_10_28_leonardo\/img_1758.jpg\"\n               title=\"Leonardo da Vinci - Codice sul volo degli uccelli 1505-1506 circa\"\n               data-src=\"http:\/\/www.spaziotorino.it\/scatto\/wp-content\/gallery\/2014_10_28_leonardo\/img_1758.jpg\"\n               data-thumbnail=\"http:\/\/www.spaziotorino.it\/scatto\/wp-content\/gallery\/2014_10_28_leonardo\/thumbs\/thumbs_img_1758.jpg\"\n               data-image-id=\"14017\"\n               data-title=\"Leonardo da Vinci - Codice sul volo degli uccelli 1505-1506 circa\"\n               data-description=\"Leonardo da Vinci - Codice sul volo degli uccelli 1505-1506 circa\"\n               data-image-slug=\"leonardo-da-vinci-codice-sul-volo-degli-uccelli-1505-1506-circa\"\n               class=\"ngg-fancybox\" rel=\"e7a26af189426f73b1d997a88b8e45b6\">\n                <img\n                    title=\"Leonardo da Vinci - Codice sul volo degli uccelli 1505-1506 circa\"\n                    alt=\"Leonardo da Vinci - Codice sul volo degli uccelli 1505-1506 circa\"\n                    src=\"http:\/\/www.spaziotorino.it\/scatto\/wp-content\/gallery\/2014_10_28_leonardo\/cache\/img_1758.jpg-nggid0514017-ngg0dyn-60x60x100-00f0w010c011r110f110r010t010.jpg\"\n                    width=\"60\"\n                    height=\"60\"\n                    style=\"max-width:100%;\"\n                \/>\n            <\/a>\n        <\/div>\n\t\t\t\t\t\t\t<\/div> \n\t\t\t\n        \n\t\t\t\t<div id=\"ngg-image-6\" class=\"ngg-gallery-thumbnail-box\" >\n\t\t\t\t        <div class=\"ngg-gallery-thumbnail\">\n            <a href=\"http:\/\/www.spaziotorino.it\/scatto\/wp-content\/gallery\/2014_10_28_leonardo\/img_1792.jpg\"\n               title=\"Il caveau della Biblioteca Reale\"\n               data-src=\"http:\/\/www.spaziotorino.it\/scatto\/wp-content\/gallery\/2014_10_28_leonardo\/img_1792.jpg\"\n               data-thumbnail=\"http:\/\/www.spaziotorino.it\/scatto\/wp-content\/gallery\/2014_10_28_leonardo\/thumbs\/thumbs_img_1792.jpg\"\n               data-image-id=\"14018\"\n               data-title=\"Il caveau della Biblioteca Reale\"\n               data-description=\"Il caveau della Biblioteca Reale\"\n               data-image-slug=\"il-caveau-della-biblioteca-reale\"\n               class=\"ngg-fancybox\" rel=\"e7a26af189426f73b1d997a88b8e45b6\">\n                <img\n                    title=\"Il caveau della Biblioteca Reale\"\n                    alt=\"Il caveau della Biblioteca Reale\"\n                    src=\"http:\/\/www.spaziotorino.it\/scatto\/wp-content\/gallery\/2014_10_28_leonardo\/cache\/img_1792.jpg-nggid0514018-ngg0dyn-60x60x100-00f0w010c011r110f110r010t010.jpg\"\n                    width=\"60\"\n                    height=\"60\"\n                    style=\"max-width:100%;\"\n                \/>\n            <\/a>\n        <\/div>\n\t\t\t\t\t\t\t<\/div> \n\t\t\t\n        \n\t\t\t\t<div id=\"ngg-image-7\" class=\"ngg-gallery-thumbnail-box\" >\n\t\t\t\t        <div class=\"ngg-gallery-thumbnail\">\n            <a href=\"http:\/\/www.spaziotorino.it\/scatto\/wp-content\/gallery\/2014_10_28_leonardo\/img_1833.jpg\"\n               title=\"Missale Romanum - 1439-1443 circa\"\n               data-src=\"http:\/\/www.spaziotorino.it\/scatto\/wp-content\/gallery\/2014_10_28_leonardo\/img_1833.jpg\"\n               data-thumbnail=\"http:\/\/www.spaziotorino.it\/scatto\/wp-content\/gallery\/2014_10_28_leonardo\/thumbs\/thumbs_img_1833.jpg\"\n               data-image-id=\"14019\"\n               data-title=\"Missale Romanum - 1439-1443 circa\"\n               data-description=\"Missale Romanum - 1439-1443 circa\"\n               data-image-slug=\"missale-romanum-1439-1443-circa\"\n               class=\"ngg-fancybox\" rel=\"e7a26af189426f73b1d997a88b8e45b6\">\n                <img\n                    title=\"Missale Romanum - 1439-1443 circa\"\n                    alt=\"Missale Romanum - 1439-1443 circa\"\n                    src=\"http:\/\/www.spaziotorino.it\/scatto\/wp-content\/gallery\/2014_10_28_leonardo\/cache\/img_1833.jpg-nggid0514019-ngg0dyn-60x60x100-00f0w010c011r110f110r010t010.jpg\"\n                    width=\"60\"\n                    height=\"60\"\n                    style=\"max-width:100%;\"\n                \/>\n            <\/a>\n        <\/div>\n\t\t\t\t\t\t\t<\/div> \n\t\t\t\n        \n\t\t\t\t<div id=\"ngg-image-8\" class=\"ngg-gallery-thumbnail-box\" >\n\t\t\t\t        <div class=\"ngg-gallery-thumbnail\">\n            <a href=\"http:\/\/www.spaziotorino.it\/scatto\/wp-content\/gallery\/2014_10_28_leonardo\/img_1836.jpg\"\n               title=\"Bibbia - 1340-1345 circa\"\n               data-src=\"http:\/\/www.spaziotorino.it\/scatto\/wp-content\/gallery\/2014_10_28_leonardo\/img_1836.jpg\"\n               data-thumbnail=\"http:\/\/www.spaziotorino.it\/scatto\/wp-content\/gallery\/2014_10_28_leonardo\/thumbs\/thumbs_img_1836.jpg\"\n               data-image-id=\"14020\"\n               data-title=\"Bibbia - 1340-1345 circa\"\n               data-description=\"Bibbia - 1340-1345 circa\"\n               data-image-slug=\"bibbia-1340-1345-circa\"\n               class=\"ngg-fancybox\" rel=\"e7a26af189426f73b1d997a88b8e45b6\">\n                <img\n                    title=\"Bibbia - 1340-1345 circa\"\n                    alt=\"Bibbia - 1340-1345 circa\"\n                    src=\"http:\/\/www.spaziotorino.it\/scatto\/wp-content\/gallery\/2014_10_28_leonardo\/cache\/img_1836.jpg-nggid0514020-ngg0dyn-60x60x100-00f0w010c011r110f110r010t010.jpg\"\n                    width=\"60\"\n                    height=\"60\"\n                    style=\"max-width:100%;\"\n                \/>\n            <\/a>\n        <\/div>\n\t\t\t\t\t\t\t<\/div> \n\t\t\t\n        \n\t\t\t\t<div id=\"ngg-image-9\" class=\"ngg-gallery-thumbnail-box\" >\n\t\t\t\t        <div class=\"ngg-gallery-thumbnail\">\n            <a href=\"http:\/\/www.spaziotorino.it\/scatto\/wp-content\/gallery\/2014_10_28_leonardo\/img_1841.jpg\"\n               title=\"Gianbattista Tiepolo, Pulcinella - XVIII secolo\"\n               data-src=\"http:\/\/www.spaziotorino.it\/scatto\/wp-content\/gallery\/2014_10_28_leonardo\/img_1841.jpg\"\n               data-thumbnail=\"http:\/\/www.spaziotorino.it\/scatto\/wp-content\/gallery\/2014_10_28_leonardo\/thumbs\/thumbs_img_1841.jpg\"\n               data-image-id=\"14021\"\n               data-title=\"Gianbattista Tiepolo, Pulcinella - XVIII secolo\"\n               data-description=\"Gianbattista Tiepolo, Pulcinella - XVIII secolo\"\n               data-image-slug=\"gianbattista-tiepolo-pulcinella-xviii-secolo\"\n               class=\"ngg-fancybox\" rel=\"e7a26af189426f73b1d997a88b8e45b6\">\n                <img\n                    title=\"Gianbattista Tiepolo, Pulcinella - XVIII secolo\"\n                    alt=\"Gianbattista Tiepolo, Pulcinella - XVIII secolo\"\n                    src=\"http:\/\/www.spaziotorino.it\/scatto\/wp-content\/gallery\/2014_10_28_leonardo\/cache\/img_1841.jpg-nggid0514021-ngg0dyn-60x60x100-00f0w010c011r110f110r010t010.jpg\"\n                    width=\"60\"\n                    height=\"60\"\n                    style=\"max-width:100%;\"\n                \/>\n            <\/a>\n        <\/div>\n\t\t\t\t\t\t\t<\/div> \n\t\t\t\n        \n\t\t\t\t<div id=\"ngg-image-10\" class=\"ngg-gallery-thumbnail-box\" >\n\t\t\t\t        <div class=\"ngg-gallery-thumbnail\">\n            <a href=\"http:\/\/www.spaziotorino.it\/scatto\/wp-content\/gallery\/2014_10_28_leonardo\/img_1850.jpg\"\n               title=\"Antoon Van Dyck, salita al calvario - XVII secolo\"\n               data-src=\"http:\/\/www.spaziotorino.it\/scatto\/wp-content\/gallery\/2014_10_28_leonardo\/img_1850.jpg\"\n               data-thumbnail=\"http:\/\/www.spaziotorino.it\/scatto\/wp-content\/gallery\/2014_10_28_leonardo\/thumbs\/thumbs_img_1850.jpg\"\n               data-image-id=\"14022\"\n               data-title=\"Antoon Van Dyck, salita al calvario - XVII secolo\"\n               data-description=\"Antoon Van Dyck, salita al calvario - XVII secolo\"\n               data-image-slug=\"antoon-van-dyck-salita-al-calvario-xvii-secolo\"\n               class=\"ngg-fancybox\" rel=\"e7a26af189426f73b1d997a88b8e45b6\">\n                <img\n                    title=\"Antoon Van Dyck, salita al calvario - XVII secolo\"\n                    alt=\"Antoon Van Dyck, salita al calvario - XVII secolo\"\n                    src=\"http:\/\/www.spaziotorino.it\/scatto\/wp-content\/gallery\/2014_10_28_leonardo\/cache\/img_1850.jpg-nggid0514022-ngg0dyn-60x60x100-00f0w010c011r110f110r010t010.jpg\"\n                    width=\"60\"\n                    height=\"60\"\n                    style=\"max-width:100%;\"\n                \/>\n            <\/a>\n        <\/div>\n\t\t\t\t\t\t\t<\/div> \n\t\t\t\n        \n\t\t\t\t<div id=\"ngg-image-11\" class=\"ngg-gallery-thumbnail-box\" >\n\t\t\t\t        <div class=\"ngg-gallery-thumbnail\">\n            <a href=\"http:\/\/www.spaziotorino.it\/scatto\/wp-content\/gallery\/2014_10_28_leonardo\/img_1886.jpg\"\n               title=\"Torquato Tasso, Del Giudicio sovra la sua Gierusalemme da lui medesimo riformata - 1593-1595 circa\"\n               data-src=\"http:\/\/www.spaziotorino.it\/scatto\/wp-content\/gallery\/2014_10_28_leonardo\/img_1886.jpg\"\n               data-thumbnail=\"http:\/\/www.spaziotorino.it\/scatto\/wp-content\/gallery\/2014_10_28_leonardo\/thumbs\/thumbs_img_1886.jpg\"\n               data-image-id=\"14023\"\n               data-title=\"Torquato Tasso, Del Giudicio sovra la sua Gierusalemme da lui medesimo riformata - 1593-1595 circa\"\n               data-description=\"Torquato Tasso, Del Giudicio sovra la sua Gierusalemme da lui medesimo riformata - 1593-1595 circa\"\n               data-image-slug=\"torquato-tasso-del-giudicio-sovra-la-sua-gierusalemme-da-lui-medesimo-riformata-1593-1595-circa\"\n               class=\"ngg-fancybox\" rel=\"e7a26af189426f73b1d997a88b8e45b6\">\n                <img\n                    title=\"Torquato Tasso, Del Giudicio sovra la sua Gierusalemme da lui medesimo riformata - 1593-1595 circa\"\n                    alt=\"Torquato Tasso, Del Giudicio sovra la sua Gierusalemme da lui medesimo riformata - 1593-1595 circa\"\n                    src=\"http:\/\/www.spaziotorino.it\/scatto\/wp-content\/gallery\/2014_10_28_leonardo\/cache\/img_1886.jpg-nggid0514023-ngg0dyn-60x60x100-00f0w010c011r110f110r010t010.jpg\"\n                    width=\"60\"\n                    height=\"60\"\n                    style=\"max-width:100%;\"\n                \/>\n            <\/a>\n        <\/div>\n\t\t\t\t\t\t\t<\/div> \n\t\t\t\n        \n\t\t\t\t<div id=\"ngg-image-12\" class=\"ngg-gallery-thumbnail-box\" >\n\t\t\t\t        <div class=\"ngg-gallery-thumbnail\">\n            <a href=\"http:\/\/www.spaziotorino.it\/scatto\/wp-content\/gallery\/2014_10_28_leonardo\/img_1899.jpg\"\n               title=\"Leonardo e i Tesori del Re alla Biblioteca Reale\"\n               data-src=\"http:\/\/www.spaziotorino.it\/scatto\/wp-content\/gallery\/2014_10_28_leonardo\/img_1899.jpg\"\n               data-thumbnail=\"http:\/\/www.spaziotorino.it\/scatto\/wp-content\/gallery\/2014_10_28_leonardo\/thumbs\/thumbs_img_1899.jpg\"\n               data-image-id=\"14024\"\n               data-title=\"Leonardo e i Tesori del Re alla Biblioteca Reale\"\n               data-description=\"Leonardo e i Tesori del Re alla Biblioteca Reale\"\n               data-image-slug=\"leonardo-e-i-tesori-del-re-alla-biblioteca-reale\"\n               class=\"ngg-fancybox\" rel=\"e7a26af189426f73b1d997a88b8e45b6\">\n                <img\n                    title=\"Leonardo e i Tesori del Re alla Biblioteca Reale\"\n                    alt=\"Leonardo e i Tesori del Re alla Biblioteca Reale\"\n                    src=\"http:\/\/www.spaziotorino.it\/scatto\/wp-content\/gallery\/2014_10_28_leonardo\/cache\/img_1899.jpg-nggid0514024-ngg0dyn-60x60x100-00f0w010c011r110f110r010t010.jpg\"\n                    width=\"60\"\n                    height=\"60\"\n                    style=\"max-width:100%;\"\n                \/>\n            <\/a>\n        <\/div>\n\t\t\t\t\t\t\t<\/div> \n\t\t\t\n        \n\t\t\t\t<div id=\"ngg-image-13\" class=\"ngg-gallery-thumbnail-box\" >\n\t\t\t\t        <div class=\"ngg-gallery-thumbnail\">\n            <a href=\"http:\/\/www.spaziotorino.it\/scatto\/wp-content\/gallery\/2014_10_28_leonardo\/img_1905.jpg\"\n               title=\"Leonardo e i Tesori del Re alla Biblioteca Reale\"\n               data-src=\"http:\/\/www.spaziotorino.it\/scatto\/wp-content\/gallery\/2014_10_28_leonardo\/img_1905.jpg\"\n               data-thumbnail=\"http:\/\/www.spaziotorino.it\/scatto\/wp-content\/gallery\/2014_10_28_leonardo\/thumbs\/thumbs_img_1905.jpg\"\n               data-image-id=\"14025\"\n               data-title=\"Leonardo e i Tesori del Re alla Biblioteca Reale\"\n               data-description=\"Leonardo e i Tesori del Re alla Biblioteca Reale\"\n               data-image-slug=\"leonardo-e-i-tesori-del-re-alla-biblioteca-reale\"\n               class=\"ngg-fancybox\" rel=\"e7a26af189426f73b1d997a88b8e45b6\">\n                <img\n                    title=\"Leonardo e i Tesori del Re alla Biblioteca Reale\"\n                    alt=\"Leonardo e i Tesori del Re alla Biblioteca Reale\"\n                    src=\"http:\/\/www.spaziotorino.it\/scatto\/wp-content\/gallery\/2014_10_28_leonardo\/cache\/img_1905.jpg-nggid0514025-ngg0dyn-60x60x100-00f0w010c011r110f110r010t010.jpg\"\n                    width=\"60\"\n                    height=\"60\"\n                    style=\"max-width:100%;\"\n                \/>\n            <\/a>\n        <\/div>\n\t\t\t\t\t\t\t<\/div> \n\t\t\t\n        \n\t\t\n\t\t<!-- Pagination -->\n\t<div class='ngg-clear'><\/div>\t<\/div>\n\n<p>\u201cLa Citt\u00e0 di Torino \u00e8 orgogliosa di presentare questa mostra che \u00e8 un\u2019occasione straordinaria e unica per i visitatori e gli appassionati d\u2019arte di tutto il mondo: rarissime, sino a oggi, le possibilit\u00e0 di godere della bellezza espressa dal genio vinciano in alcune delle sue opere mirabili, o di apprezzare altri tesori custoditi alla Biblioteca Reale di Torino \u2013 ha sottolineato il sindaco Piero Fassino durante la presentazione dell\u2019imperdibile mostra \u201cLeonardo e i tesori del re\u201d aperta al pubblico dal 30 ottobre al 15 gennaio 2015 nei caveaux della Biblioteca reale di Torino -. Mecenatismo, amore per la cultura, capacit\u00e0 di prospettiva di molti rendono oggi possibile l\u2019apertura di questa esposizione unica e guidata dal pensiero che \u2018la cultura \u2013 per usar le parole di un grande maestro come Claudio Abbado &#8211; \u00e8 un bene comune primario proprio come l\u2019acqua&#8230; i teatri, le biblioteche, i cinema sono come tanti acquedotti. Una convinzione profonda, che guida le scelte della nostra Citt\u00e0\u2019.<\/p>\n<p>Un\u2019esposizione di livello mondiale quella che la Biblioteca Reale ospita nei suoi spazi di piazza Castello. Lavori incredibili come l\u2019Autoritratto, il Ritratto di fanciulla, il Codice sul volo degli uccelli e altri dieci fogli di Leonardo da Vinci, i disegni di Raffaello, Carracci, Perugino, Van Dyck, Rembrandt, Tiepolo, il Theatrum Sabaudiae, codici miniati, carte nautiche e altre opere grafiche e oggetti provenienti dalle preziose collezioni della Biblioteca &#8211; sono allestiti sia nello straordinario Salone realizzato nel 1837 dall\u2019architetto di corte Pelagio Palagi, sia nei due spazi espositivi del piano interrato. Si tratta della Sala Leonardo &#8211; realizzata nel 1998 dalla Consulta per la Valorizzazione dei Beni Artistici e Culturali di Torino &#8211; e del nuovo spazio espositivo che \u00e8 stato inaugurato oggi e che la mostra intende valorizzare. La realizzazione del nuovo spazio \u00e8 stata finanziata pariteticamente da Compagnia di San Paolo, Fondazione CRT e Consulta. Si inquadra nel pi\u00f9 vasto progetto del Polo Reale di Torino, promosso dalla Direzione Regionale per i Beni Culturali e Paesaggistici del Piemonte &#8211; Ministero dei Beni e delle Attivit\u00e0 Culturali e del Turismo, che riunisce in un unico complesso architettonico cinque musei precedentemente divisi (Palazzo Reale, Armeria Reale, Galleria Sabauda, Museo Archeologico, Biblioteca Reale), per consentire di ripercorrere l\u2019intera storia della citt\u00e0 e dell\u2019Italia, dagli insediamenti romani all\u2019Unit\u00e0 d\u2019Italia. La Biblioteca Reale di Torino \u00e8 il luogo della memoria del Polo Reale e della storia d\u2019Europa; conserva 200.000 volumi, 4.500 manoscritti, 5.000 cinquecentine, 1.500 pergamene, 1.112 periodici, oltre 3.000 disegni, 187 incunaboli \u2013 testi del XVI secolo &#8211; , 400 album fotografici e carte geografiche, incisioni e stampe. La mostra, gestita da Citt\u00e0 di Torino e Turismo Torino e Provincia, \u00e8 aperta dal luned\u00ec alla domenica dalle 9 alle 18; il costo del biglietto \u00e8 di 12.00 \u20ac, ridotto a 8.00 \u20ac per i possessori della Torino+Piemonte Card, Abbonamento Musei, ragazzi dai 6 ai 12 anni. Gratuit\u00e0 per i disabili, gli accompagnatori, i bambini sino ai 5 anni, guide turistiche patentate (non sono previste tariffe nette per operatori, tariffe speciali per gruppi e famiglie). L\u2019ingresso \u00e8 esclusivamente su prenotazione (25 persone massimo ogni 30 minuti) acquistabile con carta di credito su www.turismotorino.org o alla Biglietteria della mostra alla Biblioteca Reale, con pagamento in contanti, pos e carte di credito, secondo disponibilit\u00e0. Per maggiori informazioni \u00e8 possibile chiamare in numero 011.535181 attivo dalle 9.30 alle 12.30 e dalle 14.30 alle 18 o mandare una mail a <a href=\"mailto:biglietteria@turismotorino.org\">biglietteria@turismotorino.org<\/a><\/p>\n","protected":false},"excerpt":{"rendered":"<p>\u201cLa Citt\u00e0 di Torino \u00e8 orgogliosa di presentare questa mostra che \u00e8 un\u2019occasione straordinaria e unica per i visitatori e gli appassionati d\u2019arte di tutto il mondo: rarissime, sino a oggi, le possibilit\u00e0 di godere della bellezza espressa dal genio vinciano in alcune delle sue opere mirabili, o di apprezzare altri tesori custoditi alla Biblioteca [&hellip;]<\/p>\n","protected":false},"author":1,"featured_media":0,"comment_status":"closed","ping_status":"open","sticky":false,"template":"","format":"standard","meta":{"ngg_post_thumbnail":0},"categories":[54,133,1],"tags":[2575,4024,2426],"_links":{"self":[{"href":"http:\/\/www.spaziotorino.it\/scatto\/index.php?rest_route=\/wp\/v2\/posts\/4343"}],"collection":[{"href":"http:\/\/www.spaziotorino.it\/scatto\/index.php?rest_route=\/wp\/v2\/posts"}],"about":[{"href":"http:\/\/www.spaziotorino.it\/scatto\/index.php?rest_route=\/wp\/v2\/types\/post"}],"author":[{"embeddable":true,"href":"http:\/\/www.spaziotorino.it\/scatto\/index.php?rest_route=\/wp\/v2\/users\/1"}],"replies":[{"embeddable":true,"href":"http:\/\/www.spaziotorino.it\/scatto\/index.php?rest_route=%2Fwp%2Fv2%2Fcomments&post=4343"}],"version-history":[{"count":3,"href":"http:\/\/www.spaziotorino.it\/scatto\/index.php?rest_route=\/wp\/v2\/posts\/4343\/revisions"}],"predecessor-version":[{"id":4346,"href":"http:\/\/www.spaziotorino.it\/scatto\/index.php?rest_route=\/wp\/v2\/posts\/4343\/revisions\/4346"}],"wp:attachment":[{"href":"http:\/\/www.spaziotorino.it\/scatto\/index.php?rest_route=%2Fwp%2Fv2%2Fmedia&parent=4343"}],"wp:term":[{"taxonomy":"category","embeddable":true,"href":"http:\/\/www.spaziotorino.it\/scatto\/index.php?rest_route=%2Fwp%2Fv2%2Fcategories&post=4343"},{"taxonomy":"post_tag","embeddable":true,"href":"http:\/\/www.spaziotorino.it\/scatto\/index.php?rest_route=%2Fwp%2Fv2%2Ftags&post=4343"}],"curies":[{"name":"wp","href":"https:\/\/api.w.org\/{rel}","templated":true}]}}