{"id":43835,"date":"2022-12-06T15:00:17","date_gmt":"2022-12-06T14:00:17","guid":{"rendered":"http:\/\/www.spaziotorino.it\/scatto\/?p=43835"},"modified":"2022-12-06T15:00:17","modified_gmt":"2022-12-06T14:00:17","slug":"commemorazione-delle-vittime-della-strage-alla-thyssenkrupp-sono-trascorsi-15-anni","status":"publish","type":"post","link":"http:\/\/www.spaziotorino.it\/scatto\/?p=43835","title":{"rendered":"Commemorazione delle vittime della strage alla ThyssenKrupp. Sono trascorsi 15 anni."},"content":{"rendered":"<p><a class=\"ngg-fancybox\" title=\"Commemorazione delle vittime della strage alla ThyssenKrupp. Sono trascorsi 15 anni.\" href=\"http:\/\/www.spaziotorino.it\/scatto\/wp-content\/gallery\/2022_12_06_thyssen\/PLA_8594.jpg\" rel=\"lightbox[set_1848]\"><br \/>\n<img decoding=\"async\" loading=\"lazy\" class=\"ngg-singlepic\" title=\"Commemorazione delle vittime della strage alla ThyssenKrupp. Sono trascorsi 15 anni.\" src=\"http:\/\/www.spaziotorino.it\/scatto\/wp-content\/gallery\/2022_12_06_thyssen\/PLA_8594.jpg\" alt=\"\" width=\"540\" height=\"360\"\/><\/a><\/p>\n<!-- index.php -->\n<div\n\tclass=\"ngg-galleryoverview ngg-ajax-pagination-none\"\n\tid=\"ngg-gallery-71836bb5efa6c63d11ace3c847b45094-1\">\n\n    \t\t<!-- Thumbnails -->\n\t\t\t\t<div id=\"ngg-image-0\" class=\"ngg-gallery-thumbnail-box\" >\n\t\t\t\t        <div class=\"ngg-gallery-thumbnail\">\n            <a href=\"http:\/\/www.spaziotorino.it\/scatto\/wp-content\/gallery\/2022_12_06_thyssen\/PLA_8625.jpg\"\n               title=\"Commemorazione delle vittime della strage alla ThyssenKrupp. Sono trascorsi 15 anni.\"\n               data-src=\"http:\/\/www.spaziotorino.it\/scatto\/wp-content\/gallery\/2022_12_06_thyssen\/PLA_8625.jpg\"\n               data-thumbnail=\"http:\/\/www.spaziotorino.it\/scatto\/wp-content\/gallery\/2022_12_06_thyssen\/thumbs\/thumbs_PLA_8625.jpg\"\n               data-image-id=\"27948\"\n               data-title=\"Commemorazione delle vittime della strage alla ThyssenKrupp. Sono trascorsi 15 anni.\"\n               data-description=\"Commemorazione delle vittime della strage alla ThyssenKrupp. Sono trascorsi 15 anni.\"\n               data-image-slug=\"pla_8625-1\"\n               class=\"ngg-fancybox\" rel=\"71836bb5efa6c63d11ace3c847b45094\">\n                <img\n                    title=\"Commemorazione delle vittime della strage alla ThyssenKrupp. Sono trascorsi 15 anni.\"\n                    alt=\"Commemorazione delle vittime della strage alla ThyssenKrupp. Sono trascorsi 15 anni.\"\n                    src=\"http:\/\/www.spaziotorino.it\/scatto\/wp-content\/gallery\/2022_12_06_thyssen\/cache\/PLA_8625.jpg-nggid0527948-ngg0dyn-60x60x100-00f0w010c011r110f110r010t010.jpg\"\n                    width=\"60\"\n                    height=\"60\"\n                    style=\"max-width:100%;\"\n                \/>\n            <\/a>\n        <\/div>\n\t\t\t\t\t\t\t<\/div> \n\t\t\t\n        \n\t\t\t\t<div id=\"ngg-image-1\" class=\"ngg-gallery-thumbnail-box\" >\n\t\t\t\t        <div class=\"ngg-gallery-thumbnail\">\n            <a href=\"http:\/\/www.spaziotorino.it\/scatto\/wp-content\/gallery\/2022_12_06_thyssen\/PLA_8601.jpg\"\n               title=\"Commemorazione delle vittime della strage alla ThyssenKrupp. Sono trascorsi 15 anni.\"\n               data-src=\"http:\/\/www.spaziotorino.it\/scatto\/wp-content\/gallery\/2022_12_06_thyssen\/PLA_8601.jpg\"\n               data-thumbnail=\"http:\/\/www.spaziotorino.it\/scatto\/wp-content\/gallery\/2022_12_06_thyssen\/thumbs\/thumbs_PLA_8601.jpg\"\n               data-image-id=\"27951\"\n               data-title=\"Commemorazione delle vittime della strage alla ThyssenKrupp. Sono trascorsi 15 anni.\"\n               data-description=\"Commemorazione delle vittime della strage alla ThyssenKrupp. Sono trascorsi 15 anni.\"\n               data-image-slug=\"pla_8601\"\n               class=\"ngg-fancybox\" rel=\"71836bb5efa6c63d11ace3c847b45094\">\n                <img\n                    title=\"Commemorazione delle vittime della strage alla ThyssenKrupp. Sono trascorsi 15 anni.\"\n                    alt=\"Commemorazione delle vittime della strage alla ThyssenKrupp. Sono trascorsi 15 anni.\"\n                    src=\"http:\/\/www.spaziotorino.it\/scatto\/wp-content\/gallery\/2022_12_06_thyssen\/cache\/PLA_8601.jpg-nggid0527951-ngg0dyn-60x60x100-00f0w010c011r110f110r010t010.jpg\"\n                    width=\"60\"\n                    height=\"60\"\n                    style=\"max-width:100%;\"\n                \/>\n            <\/a>\n        <\/div>\n\t\t\t\t\t\t\t<\/div> \n\t\t\t\n        \n\t\t\t\t<div id=\"ngg-image-2\" class=\"ngg-gallery-thumbnail-box\" >\n\t\t\t\t        <div class=\"ngg-gallery-thumbnail\">\n            <a href=\"http:\/\/www.spaziotorino.it\/scatto\/wp-content\/gallery\/2022_12_06_thyssen\/PLA_8609.jpg\"\n               title=\"Commemorazione delle vittime della strage alla ThyssenKrupp. Sono trascorsi 15 anni.\"\n               data-src=\"http:\/\/www.spaziotorino.it\/scatto\/wp-content\/gallery\/2022_12_06_thyssen\/PLA_8609.jpg\"\n               data-thumbnail=\"http:\/\/www.spaziotorino.it\/scatto\/wp-content\/gallery\/2022_12_06_thyssen\/thumbs\/thumbs_PLA_8609.jpg\"\n               data-image-id=\"27952\"\n               data-title=\"Commemorazione delle vittime della strage alla ThyssenKrupp. Sono trascorsi 15 anni.\"\n               data-description=\"Commemorazione delle vittime della strage alla ThyssenKrupp. Sono trascorsi 15 anni.\"\n               data-image-slug=\"pla_8609-1\"\n               class=\"ngg-fancybox\" rel=\"71836bb5efa6c63d11ace3c847b45094\">\n                <img\n                    title=\"Commemorazione delle vittime della strage alla ThyssenKrupp. Sono trascorsi 15 anni.\"\n                    alt=\"Commemorazione delle vittime della strage alla ThyssenKrupp. Sono trascorsi 15 anni.\"\n                    src=\"http:\/\/www.spaziotorino.it\/scatto\/wp-content\/gallery\/2022_12_06_thyssen\/cache\/PLA_8609.jpg-nggid0527952-ngg0dyn-60x60x100-00f0w010c011r110f110r010t010.jpg\"\n                    width=\"60\"\n                    height=\"60\"\n                    style=\"max-width:100%;\"\n                \/>\n            <\/a>\n        <\/div>\n\t\t\t\t\t\t\t<\/div> \n\t\t\t\n        \n\t\t\t\t<div id=\"ngg-image-3\" class=\"ngg-gallery-thumbnail-box\" >\n\t\t\t\t        <div class=\"ngg-gallery-thumbnail\">\n            <a href=\"http:\/\/www.spaziotorino.it\/scatto\/wp-content\/gallery\/2022_12_06_thyssen\/PLA_8641.jpg\"\n               title=\"Commemorazione delle vittime della strage alla ThyssenKrupp. Sono trascorsi 15 anni.\"\n               data-src=\"http:\/\/www.spaziotorino.it\/scatto\/wp-content\/gallery\/2022_12_06_thyssen\/PLA_8641.jpg\"\n               data-thumbnail=\"http:\/\/www.spaziotorino.it\/scatto\/wp-content\/gallery\/2022_12_06_thyssen\/thumbs\/thumbs_PLA_8641.jpg\"\n               data-image-id=\"27950\"\n               data-title=\"Commemorazione delle vittime della strage alla ThyssenKrupp. Sono trascorsi 15 anni.\"\n               data-description=\"Commemorazione delle vittime della strage alla ThyssenKrupp. Sono trascorsi 15 anni.\"\n               data-image-slug=\"pla_8641\"\n               class=\"ngg-fancybox\" rel=\"71836bb5efa6c63d11ace3c847b45094\">\n                <img\n                    title=\"Commemorazione delle vittime della strage alla ThyssenKrupp. Sono trascorsi 15 anni.\"\n                    alt=\"Commemorazione delle vittime della strage alla ThyssenKrupp. Sono trascorsi 15 anni.\"\n                    src=\"http:\/\/www.spaziotorino.it\/scatto\/wp-content\/gallery\/2022_12_06_thyssen\/cache\/PLA_8641.jpg-nggid0527950-ngg0dyn-60x60x100-00f0w010c011r110f110r010t010.jpg\"\n                    width=\"60\"\n                    height=\"60\"\n                    style=\"max-width:100%;\"\n                \/>\n            <\/a>\n        <\/div>\n\t\t\t\t\t\t\t<\/div> \n\t\t\t\n        \n\t\t\t\t<div id=\"ngg-image-4\" class=\"ngg-gallery-thumbnail-box\" >\n\t\t\t\t        <div class=\"ngg-gallery-thumbnail\">\n            <a href=\"http:\/\/www.spaziotorino.it\/scatto\/wp-content\/gallery\/2022_12_06_thyssen\/PLA_8612.jpg\"\n               title=\"Commemorazione delle vittime della strage alla ThyssenKrupp. Sono trascorsi 15 anni.\"\n               data-src=\"http:\/\/www.spaziotorino.it\/scatto\/wp-content\/gallery\/2022_12_06_thyssen\/PLA_8612.jpg\"\n               data-thumbnail=\"http:\/\/www.spaziotorino.it\/scatto\/wp-content\/gallery\/2022_12_06_thyssen\/thumbs\/thumbs_PLA_8612.jpg\"\n               data-image-id=\"27953\"\n               data-title=\"Commemorazione delle vittime della strage alla ThyssenKrupp. Sono trascorsi 15 anni.\"\n               data-description=\"Commemorazione delle vittime della strage alla ThyssenKrupp. Sono trascorsi 15 anni.\"\n               data-image-slug=\"pla_8612\"\n               class=\"ngg-fancybox\" rel=\"71836bb5efa6c63d11ace3c847b45094\">\n                <img\n                    title=\"Commemorazione delle vittime della strage alla ThyssenKrupp. Sono trascorsi 15 anni.\"\n                    alt=\"Commemorazione delle vittime della strage alla ThyssenKrupp. Sono trascorsi 15 anni.\"\n                    src=\"http:\/\/www.spaziotorino.it\/scatto\/wp-content\/gallery\/2022_12_06_thyssen\/cache\/PLA_8612.jpg-nggid0527953-ngg0dyn-60x60x100-00f0w010c011r110f110r010t010.jpg\"\n                    width=\"60\"\n                    height=\"60\"\n                    style=\"max-width:100%;\"\n                \/>\n            <\/a>\n        <\/div>\n\t\t\t\t\t\t\t<\/div> \n\t\t\t\n        \n\t\t\n\t\t<!-- Pagination -->\n\t<div class='ngg-clear'><\/div>\t<\/div>\n\n<p>Sono passati 15 anni dalla tragedia della ThyssenKrupp, dove rimasero uccisi 7 lavoratori. Questa mattina al Cimitero Monumentale di Torino si \u00e8 tenuta la cerimonia in ricordo delle vittime.<\/p>\n<p class=\"western\">Alla cerimonia hanno partecipato il Sindaco <strong>Stefano Lo Russo<\/strong>, le assessore della Citt\u00e0 di Torino <b>Chiara<\/b>&nbsp;<b>Foglietta<\/b>&nbsp;e&nbsp;<b>Gianna<\/b>&nbsp;<b>Pentenero<\/b>, il vicepresidente vicario del Consiglio Comunale&nbsp;<strong>Domenico Garcea,<\/strong>&nbsp;il consigliere comunale&nbsp;<b>Simone<\/b>&nbsp;<b>Tosto<\/b>&nbsp;e il sindaco di Mappano,&nbsp;<strong>Francesco Grasso<\/strong>. Per la Regione Piemonte, l\u2019assessore&nbsp;<strong>Maurizio Marrone<\/strong>.<\/p>\n<p class=\"western\"><span lang=\"it-IT\">Sono intervenuti<\/span>&nbsp;anche alcuni familiari delle vittime della&nbsp;<b>strage ferroviaria di Viareggio<\/b>&nbsp;del 29 giugno 2009, che caus\u00f2 32 morti, in segno di solidariet\u00e0 con i familiari delle vittime ThyssenKrupp, che, come loro, sono ancora in attesa di una piena giustizia.<\/p>\n<p>L\u2019anno scorso \u00e8 stata portata a termine la realizzazione del sacrario delle vittime della tragedia al Cimitero Monumentale. Sulle lapidi colpiscono i tre visi giovani e sorridenti di Bruno, Giuseppe e Rosario: avevano 26 anni quando sono morti nell\u2019incendio nella fabbrica della ThyssenKrupp. Dopo quindici anni le loro madri sono invecchiate, fratelli e sorelle minori hanno ormai 40 anni. Dalle loro parole emerge ancora molta rabbia, perch\u00e9 non ci sono stati quel processo rapido e quella sentenza emblematica che erano stati loro promessi. Il processo della ThyssenKrupp non \u00e8 stato lo spartiacque che avrebbe trasformato il mondo della sicurezza sul lavoro, che rimane un obiettivo gravemente attuale.<\/p>\n<p>\u00c8 il tema centrale anche dell\u2019intervento del Sindaco di Torino Stefano Lo Russo, che il 18 dicembre sar\u00e0 impegnato in un\u2019altra cerimonia di commemorazione, in ricordo dei tre lavoratori morti nel crollo della gru in Via Genova appena un anno fa. Ricorda che il sacrario \u00e8 luogo di sepoltura, ma anche di riflessione per tutti i cittadini. Si rivolge poi alle famiglie presenti, esprimendo vicinanza istituzionale e personale: \u201cUno dei compiti fondamentali di un Paese \u00e8 garantire la sicurezza sul lavoro. Per farlo \u00e8 necessario riformare il quadro normativo e la vostra battaglia \u00e8 un contributo fondamentale per il quale vi ringraziamo\u201d.<\/p>\n","protected":false},"excerpt":{"rendered":"<p>Sono passati 15 anni dalla tragedia della ThyssenKrupp, dove rimasero uccisi 7 lavoratori. Questa mattina al Cimitero Monumentale di Torino si \u00e8 tenuta la cerimonia in ricordo delle vittime. Alla cerimonia hanno partecipato il Sindaco Stefano Lo Russo, le assessore della Citt\u00e0 di Torino Chiara&nbsp;Foglietta&nbsp;e&nbsp;Gianna&nbsp;Pentenero, il vicepresidente vicario del Consiglio Comunale&nbsp;Domenico Garcea,&nbsp;il consigliere comunale&nbsp;Simone&nbsp;Tosto&nbsp;e il [&hellip;]<\/p>\n","protected":false},"author":1,"featured_media":0,"comment_status":"closed","ping_status":"open","sticky":false,"template":"","format":"standard","meta":{"ngg_post_thumbnail":0},"categories":[1,895],"tags":[],"_links":{"self":[{"href":"http:\/\/www.spaziotorino.it\/scatto\/index.php?rest_route=\/wp\/v2\/posts\/43835"}],"collection":[{"href":"http:\/\/www.spaziotorino.it\/scatto\/index.php?rest_route=\/wp\/v2\/posts"}],"about":[{"href":"http:\/\/www.spaziotorino.it\/scatto\/index.php?rest_route=\/wp\/v2\/types\/post"}],"author":[{"embeddable":true,"href":"http:\/\/www.spaziotorino.it\/scatto\/index.php?rest_route=\/wp\/v2\/users\/1"}],"replies":[{"embeddable":true,"href":"http:\/\/www.spaziotorino.it\/scatto\/index.php?rest_route=%2Fwp%2Fv2%2Fcomments&post=43835"}],"version-history":[{"count":1,"href":"http:\/\/www.spaziotorino.it\/scatto\/index.php?rest_route=\/wp\/v2\/posts\/43835\/revisions"}],"predecessor-version":[{"id":43836,"href":"http:\/\/www.spaziotorino.it\/scatto\/index.php?rest_route=\/wp\/v2\/posts\/43835\/revisions\/43836"}],"wp:attachment":[{"href":"http:\/\/www.spaziotorino.it\/scatto\/index.php?rest_route=%2Fwp%2Fv2%2Fmedia&parent=43835"}],"wp:term":[{"taxonomy":"category","embeddable":true,"href":"http:\/\/www.spaziotorino.it\/scatto\/index.php?rest_route=%2Fwp%2Fv2%2Fcategories&post=43835"},{"taxonomy":"post_tag","embeddable":true,"href":"http:\/\/www.spaziotorino.it\/scatto\/index.php?rest_route=%2Fwp%2Fv2%2Ftags&post=43835"}],"curies":[{"name":"wp","href":"https:\/\/api.w.org\/{rel}","templated":true}]}}