{"id":43868,"date":"2022-12-07T17:20:41","date_gmt":"2022-12-07T16:20:41","guid":{"rendered":"http:\/\/www.spaziotorino.it\/scatto\/?p=43868"},"modified":"2022-12-07T17:20:41","modified_gmt":"2022-12-07T16:20:41","slug":"torino-capodanno-2023-tolovesyou","status":"publish","type":"post","link":"http:\/\/www.spaziotorino.it\/scatto\/?p=43868","title":{"rendered":"Torino Capodanno 2023: TOLOVESYOU"},"content":{"rendered":"<p><a class=\"ngg-fancybox\" title=\"Torino Capodanno 2023: TOLOVESYOU\" href=\"http:\/\/www.spaziotorino.it\/scatto\/wp-content\/gallery\/2022_12_07_capodanno\/PLA_8954.jpg\" rel=\"lightbox[set_1850]\"><br \/>\n<img decoding=\"async\" loading=\"lazy\" class=\"ngg-singlepic\" title=\"Torino Capodanno 2023: TOLOVESYOU\" src=\"http:\/\/www.spaziotorino.it\/scatto\/wp-content\/gallery\/2022_12_07_capodanno\/PLA_8954.jpg\" alt=\"\" width=\"540\" height=\"360\"\/><\/a><\/p>\n<!-- index.php -->\n<div\n\tclass=\"ngg-galleryoverview ngg-ajax-pagination-none\"\n\tid=\"ngg-gallery-bdae5abdb2527021742073344f4c771d-1\">\n\n    \t\t<!-- Thumbnails -->\n\t\t\t\t<div id=\"ngg-image-0\" class=\"ngg-gallery-thumbnail-box\" >\n\t\t\t\t        <div class=\"ngg-gallery-thumbnail\">\n            <a href=\"http:\/\/www.spaziotorino.it\/scatto\/wp-content\/gallery\/2022_12_07_capodanno\/PLA_8868.jpg\"\n               title=\"Fabrizio Gargarone, direttore artistico di Hiroshima Mon Amour e il Sindaco Stefano Lo Russo\"\n               data-src=\"http:\/\/www.spaziotorino.it\/scatto\/wp-content\/gallery\/2022_12_07_capodanno\/PLA_8868.jpg\"\n               data-thumbnail=\"http:\/\/www.spaziotorino.it\/scatto\/wp-content\/gallery\/2022_12_07_capodanno\/thumbs\/thumbs_PLA_8868.jpg\"\n               data-image-id=\"27974\"\n               data-title=\"Fabrizio Gargarone, direttore artistico di Hiroshima Mon Amour e il Sindaco Stefano Lo Russo\"\n               data-description=\"Fabrizio Gargarone, direttore artistico di Hiroshima Mon Amour e il Sindaco Stefano Lo Russo\"\n               data-image-slug=\"pla_8868\"\n               class=\"ngg-fancybox\" rel=\"bdae5abdb2527021742073344f4c771d\">\n                <img\n                    title=\"Fabrizio Gargarone, direttore artistico di Hiroshima Mon Amour e il Sindaco Stefano Lo Russo\"\n                    alt=\"Fabrizio Gargarone, direttore artistico di Hiroshima Mon Amour e il Sindaco Stefano Lo Russo\"\n                    src=\"http:\/\/www.spaziotorino.it\/scatto\/wp-content\/gallery\/2022_12_07_capodanno\/cache\/PLA_8868.jpg-nggid0527974-ngg0dyn-60x60x100-00f0w010c011r110f110r010t010.jpg\"\n                    width=\"60\"\n                    height=\"60\"\n                    style=\"max-width:100%;\"\n                \/>\n            <\/a>\n        <\/div>\n\t\t\t\t\t\t\t<\/div> \n\t\t\t\n        \n\t\t\t\t<div id=\"ngg-image-1\" class=\"ngg-gallery-thumbnail-box\" >\n\t\t\t\t        <div class=\"ngg-gallery-thumbnail\">\n            <a href=\"http:\/\/www.spaziotorino.it\/scatto\/wp-content\/gallery\/2022_12_07_capodanno\/PLA_8914.jpg\"\n               title=\"Torino Capodanno 2023: TOLOVESYOU\"\n               data-src=\"http:\/\/www.spaziotorino.it\/scatto\/wp-content\/gallery\/2022_12_07_capodanno\/PLA_8914.jpg\"\n               data-thumbnail=\"http:\/\/www.spaziotorino.it\/scatto\/wp-content\/gallery\/2022_12_07_capodanno\/thumbs\/thumbs_PLA_8914.jpg\"\n               data-image-id=\"27975\"\n               data-title=\"Torino Capodanno 2023: TOLOVESYOU\"\n               data-description=\"Torino Capodanno 2023: TOLOVESYOU\"\n               data-image-slug=\"pla_8914-1\"\n               class=\"ngg-fancybox\" rel=\"bdae5abdb2527021742073344f4c771d\">\n                <img\n                    title=\"Torino Capodanno 2023: TOLOVESYOU\"\n                    alt=\"Torino Capodanno 2023: TOLOVESYOU\"\n                    src=\"http:\/\/www.spaziotorino.it\/scatto\/wp-content\/gallery\/2022_12_07_capodanno\/cache\/PLA_8914.jpg-nggid0527975-ngg0dyn-60x60x100-00f0w010c011r110f110r010t010.jpg\"\n                    width=\"60\"\n                    height=\"60\"\n                    style=\"max-width:100%;\"\n                \/>\n            <\/a>\n        <\/div>\n\t\t\t\t\t\t\t<\/div> \n\t\t\t\n        \n\t\t\t\t<div id=\"ngg-image-2\" class=\"ngg-gallery-thumbnail-box\" >\n\t\t\t\t        <div class=\"ngg-gallery-thumbnail\">\n            <a href=\"http:\/\/www.spaziotorino.it\/scatto\/wp-content\/gallery\/2022_12_07_capodanno\/PLA_8931.jpg\"\n               title=\"Torino Capodanno 2023: TOLOVESYOU\"\n               data-src=\"http:\/\/www.spaziotorino.it\/scatto\/wp-content\/gallery\/2022_12_07_capodanno\/PLA_8931.jpg\"\n               data-thumbnail=\"http:\/\/www.spaziotorino.it\/scatto\/wp-content\/gallery\/2022_12_07_capodanno\/thumbs\/thumbs_PLA_8931.jpg\"\n               data-image-id=\"27978\"\n               data-title=\"Torino Capodanno 2023: TOLOVESYOU\"\n               data-description=\"Torino Capodanno 2023: TOLOVESYOU\"\n               data-image-slug=\"pla_8931\"\n               class=\"ngg-fancybox\" rel=\"bdae5abdb2527021742073344f4c771d\">\n                <img\n                    title=\"Torino Capodanno 2023: TOLOVESYOU\"\n                    alt=\"Torino Capodanno 2023: TOLOVESYOU\"\n                    src=\"http:\/\/www.spaziotorino.it\/scatto\/wp-content\/gallery\/2022_12_07_capodanno\/cache\/PLA_8931.jpg-nggid0527978-ngg0dyn-60x60x100-00f0w010c011r110f110r010t010.jpg\"\n                    width=\"60\"\n                    height=\"60\"\n                    style=\"max-width:100%;\"\n                \/>\n            <\/a>\n        <\/div>\n\t\t\t\t\t\t\t<\/div> \n\t\t\t\n        \n\t\t\t\t<div id=\"ngg-image-3\" class=\"ngg-gallery-thumbnail-box\" >\n\t\t\t\t        <div class=\"ngg-gallery-thumbnail\">\n            <a href=\"http:\/\/www.spaziotorino.it\/scatto\/wp-content\/gallery\/2022_12_07_capodanno\/PLA_8921.jpg\"\n               title=\"Eugenio e Samuel\"\n               data-src=\"http:\/\/www.spaziotorino.it\/scatto\/wp-content\/gallery\/2022_12_07_capodanno\/PLA_8921.jpg\"\n               data-thumbnail=\"http:\/\/www.spaziotorino.it\/scatto\/wp-content\/gallery\/2022_12_07_capodanno\/thumbs\/thumbs_PLA_8921.jpg\"\n               data-image-id=\"27976\"\n               data-title=\"Eugenio e Samuel\"\n               data-description=\"Eugenio e Samuel\"\n               data-image-slug=\"pla_8921\"\n               class=\"ngg-fancybox\" rel=\"bdae5abdb2527021742073344f4c771d\">\n                <img\n                    title=\"Eugenio e Samuel\"\n                    alt=\"Eugenio e Samuel\"\n                    src=\"http:\/\/www.spaziotorino.it\/scatto\/wp-content\/gallery\/2022_12_07_capodanno\/cache\/PLA_8921.jpg-nggid0527976-ngg0dyn-60x60x100-00f0w010c011r110f110r010t010.jpg\"\n                    width=\"60\"\n                    height=\"60\"\n                    style=\"max-width:100%;\"\n                \/>\n            <\/a>\n        <\/div>\n\t\t\t\t\t\t\t<\/div> \n\t\t\t\n        \n\t\t\t\t<div id=\"ngg-image-4\" class=\"ngg-gallery-thumbnail-box\" >\n\t\t\t\t        <div class=\"ngg-gallery-thumbnail\">\n            <a href=\"http:\/\/www.spaziotorino.it\/scatto\/wp-content\/gallery\/2022_12_07_capodanno\/PLA_8924.jpg\"\n               title=\"Willie Peyote\"\n               data-src=\"http:\/\/www.spaziotorino.it\/scatto\/wp-content\/gallery\/2022_12_07_capodanno\/PLA_8924.jpg\"\n               data-thumbnail=\"http:\/\/www.spaziotorino.it\/scatto\/wp-content\/gallery\/2022_12_07_capodanno\/thumbs\/thumbs_PLA_8924.jpg\"\n               data-image-id=\"27979\"\n               data-title=\"Willie Peyote\"\n               data-description=\"Willie Peyote\"\n               data-image-slug=\"pla_8924\"\n               class=\"ngg-fancybox\" rel=\"bdae5abdb2527021742073344f4c771d\">\n                <img\n                    title=\"Willie Peyote\"\n                    alt=\"Willie Peyote\"\n                    src=\"http:\/\/www.spaziotorino.it\/scatto\/wp-content\/gallery\/2022_12_07_capodanno\/cache\/PLA_8924.jpg-nggid0527979-ngg0dyn-60x60x100-00f0w010c011r110f110r010t010.jpg\"\n                    width=\"60\"\n                    height=\"60\"\n                    style=\"max-width:100%;\"\n                \/>\n            <\/a>\n        <\/div>\n\t\t\t\t\t\t\t<\/div> \n\t\t\t\n        \n\t\t\n\t\t<!-- Pagination -->\n\t<div class='ngg-clear'><\/div>\t<\/div>\n\n<p>La Citt\u00e0 di Torino celebra l\u2019arrivo del nuovo anno con una grande festa di Capodanno che, dopo le restrizioni dovute alla pandemia,&nbsp;torna all\u2019aperto in piazza Castello, con uno spettacolo di musica dal vivo.<span id=\"more-107774\"><\/span><\/p>\n<p>Un evento che porta in s\u00e9 la vivacit\u00e0 e l\u2019energia generate dai grandi eventi 2022, da Eurovision alle ATP Finals, e che guarda con positivit\u00e0 al nuovo anno. Insieme al pubblico, protagonisti dei festeggiamenti della notte di San Silvestro saranno i principali rappresentanti della scena artistica cittadina grazie ai quali Torino esprime la sua solida identit\u00e0 anche nella geografia sonora nazionale e internazionale.<\/p>\n<p>Una lunga notte di musica per un pubblico trasversale e intergenerazionale per sottolineare l\u2019importanza dello spettacolo dal vivo come valore identitario e di comunit\u00e0, con un cast di artisti che hanno sempre Torino come immaginario di riferimento e che propongono, nelle loro composizioni,&nbsp;una citt\u00e0 aperta, accogliente, innovativa, green, in piena sintonia con tutte le linee di rinascita nazionale ed europea. In sintesi una citt\u00e0 da amare e prima di tutto che ti ama.<\/p>\n<p><em>\u201cSaluteremo insieme la fine di un anno difficile e daremo il benvenuto a quello nuovo con un grande concerto gratuito in centro citt\u00e0 \u2013<\/em><strong>&nbsp;dichiara Stefano Lo Russo, Sindaco di Torino<\/strong><em>&nbsp;-. Il ritorno della grande musica in piazza rappresenta una nuova importante occasione per proiettarci verso un 2023 ricco di speranza e di buoni propositi. Festeggeremo tutti insieme con i torinesi e i turisti attesi in citt\u00e0\u201d.<\/em><\/p>\n<p>Capodanno 2023: TOLOVESYOU \u2013 \u201cTorino ti ama\u201d oppure \u201cPer te\u201d \u00e8 un&nbsp;progetto della Citt\u00e0 di Torino in collaborazione con Turismo Torino e Provincia e realizzato da Cooperativa Culturale Biancaneve.<\/p>\n<p><strong>Artisti sul palco di piazza Castello<\/strong><\/p>\n<p>La band che, fin da tempi non sospetti, ha fatto degli incroci e delle contaminazioni il proprio segno distintivo, i&nbsp;<strong>SUBSONICA<\/strong>. Cresciuti nella realt\u00e0 \u201calternativa\u201d di Torino, i Subsonica si sono formati nel 1996 diventando in breve tempo una delle band italiane pi\u00f9 amate e trasversali al crocevia tra underground e mainstream, grazie a uno stile unico che unisce alternative rock, elettronica e pop.<\/p>\n<p>Tra il rap e il cantautorato si colloca invece<strong>&nbsp;WILLIE PEYOTE<\/strong>. Con la sua visione del mondo e la sua tagliente ironia, provocatoria e di denuncia sociale, \u00e8 diventato, disco dopo disco, e concerto dopo concerto, tra gli artisti pi\u00f9 originali e pi\u00f9 amati degli ultimi anni, mettendo d\u2019accordo pubblico e critica.<\/p>\n<p>Capaci di sferrare invettive sferzanti e salaci contro lo status quo coinvolgendo attivamente il pubblico,&nbsp;sono gli&nbsp;<strong>EUGENIO IN VIA DI GIOIA,&nbsp;<\/strong>un unicum nel panorama italiano&nbsp;per il loro modo di raccontare con semplicit\u00e0 le complesse dinamiche del mondo e&nbsp;per la loro capacit\u00e0 di unire canzoni, attivismo, riflessioni critiche e azioni concrete su ambiente e societ\u00e0, oltre a performance live sia in tourn\u00e9e&nbsp;<em>sold out<\/em>&nbsp;sia nelle strade.<\/p>\n<p><strong>BEBA<\/strong>, all\u2019anagrafe Roberta Lazzerini, classe 1994, volto femminile del rap nazionale. I temi affrontati nei testi e le produzioni musicali al passo con i tempi definiscono un immaginario e un linguaggio inclusivi e non comuni, che insieme a una forte attitudine l\u2019hanno resa un riferimento del female rap.<\/p>\n<p><strong>GINEVRA<\/strong>,&nbsp;cantante, musicista, autrice,&nbsp;classe 1993, tra le pi\u00f9 interessanti cantautrici della nuova scena musicale italiana, capace di unire avanguardia e pop attraverso un linguaggio originale.&nbsp;E\u2019 passata in pochi anni dal debutto nel 2020 con il suo primo Ep in italiano \u201cMetropoli\u201d, sotto l\u2019egida dell\u2019etichetta Asian Fake (la stessa di Venerus e Coma Cose), al Festival di Sanremo 2022.<\/p>\n<p>Il cast si completa con&nbsp;<strong>CANTAFINOADIECI<\/strong>, il collettivo che riunisce&nbsp;<strong>Irene Buselli, Anna Castiglia, Cheriach Re, Rossana De Pace e Francamente<\/strong>, cantautrici che provengono da cinque citt\u00e0 diverse, Catania, Como, Torino, Genova e Taranto, ma che a Torino si sono conosciute e hanno iniziato a condividere palchi e costruire legami, fino alla creazione del collettivo vero e proprio nel 2021.<\/p>\n<p>A condurre la serata&nbsp;<strong>SARA D\u2019AMARIO<\/strong>, attrice torinese, volto noto della televisione e del cinema, da sempre impegnata anche in teatro sul territorio piemontese e nazionale.<\/p>\n<p><strong>Sostenibilit\u00e0 e accessibilit\u00e0<\/strong><\/p>\n<p>Anche nel Capodanno 2023<strong>&nbsp;continua l\u2019impegno della Citt\u00e0 sui temi della sostenibilit\u00e0 e dell\u2019accessibilit\u00e0<\/strong>. Percorsi e ingressi riservati per una festa in piena sicurezza e compensazione ambientale: grazie a Event Green, StartUp innovativa Torinese,&nbsp;<strong>verr\u00e0 quantificata l\u2019emissione di C02, permettendo di neutralizzare l\u2019impatto ambientale e di investire in progetti concreti e di valore per il territorio, contribuendo cos\u00ec a un futuro sostenibile della citt\u00e0<\/strong>. Lo studio calcoler\u00e0, in modo unico e innovativo, la Carbon Footprint dell\u2019evento e determiner\u00e0 le risorse economiche indispensabili per compensare le emissioni di gas a effetto serra (GHG \u2013 Greenhouse Gases) che derivano direttamente dalle attivit\u00e0 necessarie alla sua realizzazione o che ne sono in parte riconducibili.<\/p>\n<p><strong>&nbsp;<\/strong><\/p>\n<p><strong>Master key vision<\/strong><\/p>\n<p>La master key vision del capodanno 2023 \u00e8 stata creata dal collettivo torinese Truly Design che opera nell\u2019arte urbana, illustrazione e graphic design in collaborazione con Housedada specializzata in creativit\u00e0 digitale e visioni strategiche.<\/p>\n<p><strong>Sito e prenotazione biglietti<\/strong><\/p>\n<p>L\u2019ingresso al Capodanno 2023 \u2013 TOLOVESYOU \u00e8 gratuito&nbsp;con prenotazione (a partire dal 15 dicembre)&nbsp;e fino a esaurimento posti.<\/p>\n<p><strong>Per info e biglietti:<\/strong><strong><a href=\"http:\/\/www.comune.torino.it\/capodanno23\/\" target=\"_blank\" rel=\"noopener\" data-saferedirecturl=\"https:\/\/www.google.com\/url?q=http:\/\/www.comune.torino.it\/capodanno23\/&amp;source=gmail&amp;ust=1670503782898000&amp;usg=AOvVaw3o5owP8YIugwOak8eUdr52\">&nbsp;http:\/\/www.comune.torino.it\/capodanno23\/<\/a><\/strong><\/p>\n","protected":false},"excerpt":{"rendered":"<p>La Citt\u00e0 di Torino celebra l\u2019arrivo del nuovo anno con una grande festa di Capodanno che, dopo le restrizioni dovute alla pandemia,&nbsp;torna all\u2019aperto in piazza Castello, con uno spettacolo di musica dal vivo. Un evento che porta in s\u00e9 la vivacit\u00e0 e l\u2019energia generate dai grandi eventi 2022, da Eurovision alle ATP Finals, e che [&hellip;]<\/p>\n","protected":false},"author":1,"featured_media":0,"comment_status":"closed","ping_status":"open","sticky":false,"template":"","format":"standard","meta":{"ngg_post_thumbnail":0},"categories":[1,154],"tags":[],"_links":{"self":[{"href":"http:\/\/www.spaziotorino.it\/scatto\/index.php?rest_route=\/wp\/v2\/posts\/43868"}],"collection":[{"href":"http:\/\/www.spaziotorino.it\/scatto\/index.php?rest_route=\/wp\/v2\/posts"}],"about":[{"href":"http:\/\/www.spaziotorino.it\/scatto\/index.php?rest_route=\/wp\/v2\/types\/post"}],"author":[{"embeddable":true,"href":"http:\/\/www.spaziotorino.it\/scatto\/index.php?rest_route=\/wp\/v2\/users\/1"}],"replies":[{"embeddable":true,"href":"http:\/\/www.spaziotorino.it\/scatto\/index.php?rest_route=%2Fwp%2Fv2%2Fcomments&post=43868"}],"version-history":[{"count":1,"href":"http:\/\/www.spaziotorino.it\/scatto\/index.php?rest_route=\/wp\/v2\/posts\/43868\/revisions"}],"predecessor-version":[{"id":43870,"href":"http:\/\/www.spaziotorino.it\/scatto\/index.php?rest_route=\/wp\/v2\/posts\/43868\/revisions\/43870"}],"wp:attachment":[{"href":"http:\/\/www.spaziotorino.it\/scatto\/index.php?rest_route=%2Fwp%2Fv2%2Fmedia&parent=43868"}],"wp:term":[{"taxonomy":"category","embeddable":true,"href":"http:\/\/www.spaziotorino.it\/scatto\/index.php?rest_route=%2Fwp%2Fv2%2Fcategories&post=43868"},{"taxonomy":"post_tag","embeddable":true,"href":"http:\/\/www.spaziotorino.it\/scatto\/index.php?rest_route=%2Fwp%2Fv2%2Ftags&post=43868"}],"curies":[{"name":"wp","href":"https:\/\/api.w.org\/{rel}","templated":true}]}}