{"id":43881,"date":"2022-12-06T18:38:17","date_gmt":"2022-12-06T17:38:17","guid":{"rendered":"http:\/\/www.spaziotorino.it\/scatto\/?p=43881"},"modified":"2022-12-07T17:59:00","modified_gmt":"2022-12-07T16:59:00","slug":"inaugurato-lalbero-di-natale-nel-cortile-donore-di-palazzo-civico","status":"publish","type":"post","link":"http:\/\/www.spaziotorino.it\/scatto\/?p=43881","title":{"rendered":"Inaugurato L&#8217;Albero di Natale nel Cortile d&#8217;Onore di Palazzo Civico"},"content":{"rendered":"<p><a class=\"ngg-fancybox\" title=\"Inaugurato L'Albero di Natale nel Cortile d'Onore di Palazzo Civico\" href=\"http:\/\/www.spaziotorino.it\/scatto\/wp-content\/gallery\/2022_12_06_alberocivico\/PLA_8708.jpg\" rel=\"lightbox[set_1851]\"><br \/>\n<img decoding=\"async\" loading=\"lazy\" class=\"ngg-singlepic\" title=\"Inaugurato L'Albero di Natale nel Cortile d'Onore di Palazzo Civico\" src=\"http:\/\/www.spaziotorino.it\/scatto\/wp-content\/gallery\/2022_12_06_alberocivico\/PLA_8708.jpg\" alt=\"\" width=\"540\" height=\"360\"\/><\/a><\/p>\n<!-- index.php -->\n<div\n\tclass=\"ngg-galleryoverview ngg-ajax-pagination-none\"\n\tid=\"ngg-gallery-51f335b27440d159db2d90b02ddf85af-1\">\n\n    \t\t<!-- Thumbnails -->\n\t\t\t\t<div id=\"ngg-image-0\" class=\"ngg-gallery-thumbnail-box\" >\n\t\t\t\t        <div class=\"ngg-gallery-thumbnail\">\n            <a href=\"http:\/\/www.spaziotorino.it\/scatto\/wp-content\/gallery\/2022_12_06_alberocivico\/PLA_8719.jpg\"\n               title=\"L&#039;albero di Natale nel Cortile d&#039;Onore di Palazzo Civico\"\n               data-src=\"http:\/\/www.spaziotorino.it\/scatto\/wp-content\/gallery\/2022_12_06_alberocivico\/PLA_8719.jpg\"\n               data-thumbnail=\"http:\/\/www.spaziotorino.it\/scatto\/wp-content\/gallery\/2022_12_06_alberocivico\/thumbs\/thumbs_PLA_8719.jpg\"\n               data-image-id=\"27985\"\n               data-title=\"L&#039;albero di Natale nel Cortile d&#039;Onore di Palazzo Civico\"\n               data-description=\"L&#039;albero di Natale nel Cortile d&#039;Onore di Palazzo Civico\"\n               data-image-slug=\"pla_8719-1\"\n               class=\"ngg-fancybox\" rel=\"51f335b27440d159db2d90b02ddf85af\">\n                <img\n                    title=\"L&#039;albero di Natale nel Cortile d&#039;Onore di Palazzo Civico\"\n                    alt=\"L&#039;albero di Natale nel Cortile d&#039;Onore di Palazzo Civico\"\n                    src=\"http:\/\/www.spaziotorino.it\/scatto\/wp-content\/gallery\/2022_12_06_alberocivico\/cache\/PLA_8719.jpg-nggid0527985-ngg0dyn-60x60x100-00f0w010c011r110f110r010t010.jpg\"\n                    width=\"60\"\n                    height=\"60\"\n                    style=\"max-width:100%;\"\n                \/>\n            <\/a>\n        <\/div>\n\t\t\t\t\t\t\t<\/div> \n\t\t\t\n        \n\t\t\t\t<div id=\"ngg-image-1\" class=\"ngg-gallery-thumbnail-box\" >\n\t\t\t\t        <div class=\"ngg-gallery-thumbnail\">\n            <a href=\"http:\/\/www.spaziotorino.it\/scatto\/wp-content\/gallery\/2022_12_06_alberocivico\/PLA_8715.jpg\"\n               title=\"Inaugurato L&#039;albero di Natale nel Cortile d&#039;Onore di Palazzo Civico\"\n               data-src=\"http:\/\/www.spaziotorino.it\/scatto\/wp-content\/gallery\/2022_12_06_alberocivico\/PLA_8715.jpg\"\n               data-thumbnail=\"http:\/\/www.spaziotorino.it\/scatto\/wp-content\/gallery\/2022_12_06_alberocivico\/thumbs\/thumbs_PLA_8715.jpg\"\n               data-image-id=\"27984\"\n               data-title=\"Inaugurato L&#039;albero di Natale nel Cortile d&#039;Onore di Palazzo Civico\"\n               data-description=\"Inaugurato L&#039;albero di Natale nel Cortile d&#039;Onore di Palazzo Civico\"\n               data-image-slug=\"pla_8715-1\"\n               class=\"ngg-fancybox\" rel=\"51f335b27440d159db2d90b02ddf85af\">\n                <img\n                    title=\"Inaugurato L&#039;albero di Natale nel Cortile d&#039;Onore di Palazzo Civico\"\n                    alt=\"Inaugurato L&#039;albero di Natale nel Cortile d&#039;Onore di Palazzo Civico\"\n                    src=\"http:\/\/www.spaziotorino.it\/scatto\/wp-content\/gallery\/2022_12_06_alberocivico\/cache\/PLA_8715.jpg-nggid0527984-ngg0dyn-60x60x100-00f0w010c011r110f110r010t010.jpg\"\n                    width=\"60\"\n                    height=\"60\"\n                    style=\"max-width:100%;\"\n                \/>\n            <\/a>\n        <\/div>\n\t\t\t\t\t\t\t<\/div> \n\t\t\t\n        \n\t\t\t\t<div id=\"ngg-image-2\" class=\"ngg-gallery-thumbnail-box\" >\n\t\t\t\t        <div class=\"ngg-gallery-thumbnail\">\n            <a href=\"http:\/\/www.spaziotorino.it\/scatto\/wp-content\/gallery\/2022_12_06_alberocivico\/PLA_8722.jpg\"\n               title=\"L&#039;albero di Natale nel Cortile d&#039;Onore di Palazzo Civico\"\n               data-src=\"http:\/\/www.spaziotorino.it\/scatto\/wp-content\/gallery\/2022_12_06_alberocivico\/PLA_8722.jpg\"\n               data-thumbnail=\"http:\/\/www.spaziotorino.it\/scatto\/wp-content\/gallery\/2022_12_06_alberocivico\/thumbs\/thumbs_PLA_8722.jpg\"\n               data-image-id=\"27980\"\n               data-title=\"L&#039;albero di Natale nel Cortile d&#039;Onore di Palazzo Civico\"\n               data-description=\"L&#039;albero di Natale nel Cortile d&#039;Onore di Palazzo Civico\"\n               data-image-slug=\"pla_8722\"\n               class=\"ngg-fancybox\" rel=\"51f335b27440d159db2d90b02ddf85af\">\n                <img\n                    title=\"L&#039;albero di Natale nel Cortile d&#039;Onore di Palazzo Civico\"\n                    alt=\"L&#039;albero di Natale nel Cortile d&#039;Onore di Palazzo Civico\"\n                    src=\"http:\/\/www.spaziotorino.it\/scatto\/wp-content\/gallery\/2022_12_06_alberocivico\/cache\/PLA_8722.jpg-nggid0527980-ngg0dyn-60x60x100-00f0w010c011r110f110r010t010.jpg\"\n                    width=\"60\"\n                    height=\"60\"\n                    style=\"max-width:100%;\"\n                \/>\n            <\/a>\n        <\/div>\n\t\t\t\t\t\t\t<\/div> \n\t\t\t\n        \n\t\t\t\t<div id=\"ngg-image-3\" class=\"ngg-gallery-thumbnail-box\" >\n\t\t\t\t        <div class=\"ngg-gallery-thumbnail\">\n            <a href=\"http:\/\/www.spaziotorino.it\/scatto\/wp-content\/gallery\/2022_12_06_alberocivico\/PLA_8707.jpg\"\n               title=\"L&#039;albero di Natale nel Cortile d&#039;Onore di Palazzo Civico\"\n               data-src=\"http:\/\/www.spaziotorino.it\/scatto\/wp-content\/gallery\/2022_12_06_alberocivico\/PLA_8707.jpg\"\n               data-thumbnail=\"http:\/\/www.spaziotorino.it\/scatto\/wp-content\/gallery\/2022_12_06_alberocivico\/thumbs\/thumbs_PLA_8707.jpg\"\n               data-image-id=\"27982\"\n               data-title=\"L&#039;albero di Natale nel Cortile d&#039;Onore di Palazzo Civico\"\n               data-description=\"L&#039;albero di Natale nel Cortile d&#039;Onore di Palazzo Civico\"\n               data-image-slug=\"pla_8707-1\"\n               class=\"ngg-fancybox\" rel=\"51f335b27440d159db2d90b02ddf85af\">\n                <img\n                    title=\"L&#039;albero di Natale nel Cortile d&#039;Onore di Palazzo Civico\"\n                    alt=\"L&#039;albero di Natale nel Cortile d&#039;Onore di Palazzo Civico\"\n                    src=\"http:\/\/www.spaziotorino.it\/scatto\/wp-content\/gallery\/2022_12_06_alberocivico\/cache\/PLA_8707.jpg-nggid0527982-ngg0dyn-60x60x100-00f0w010c011r110f110r010t010.jpg\"\n                    width=\"60\"\n                    height=\"60\"\n                    style=\"max-width:100%;\"\n                \/>\n            <\/a>\n        <\/div>\n\t\t\t\t\t\t\t<\/div> \n\t\t\t\n        \n\t\t\t\t<div id=\"ngg-image-4\" class=\"ngg-gallery-thumbnail-box\" >\n\t\t\t\t        <div class=\"ngg-gallery-thumbnail\">\n            <a href=\"http:\/\/www.spaziotorino.it\/scatto\/wp-content\/gallery\/2022_12_06_alberocivico\/PLA_8724.jpg\"\n               title=\"L&#039;albero di Natale nel Cortile d&#039;Onore di Palazzo Civico\"\n               data-src=\"http:\/\/www.spaziotorino.it\/scatto\/wp-content\/gallery\/2022_12_06_alberocivico\/PLA_8724.jpg\"\n               data-thumbnail=\"http:\/\/www.spaziotorino.it\/scatto\/wp-content\/gallery\/2022_12_06_alberocivico\/thumbs\/thumbs_PLA_8724.jpg\"\n               data-image-id=\"27983\"\n               data-title=\"L&#039;albero di Natale nel Cortile d&#039;Onore di Palazzo Civico\"\n               data-description=\"L&#039;albero di Natale nel Cortile d&#039;Onore di Palazzo Civico\"\n               data-image-slug=\"pla_8724\"\n               class=\"ngg-fancybox\" rel=\"51f335b27440d159db2d90b02ddf85af\">\n                <img\n                    title=\"L&#039;albero di Natale nel Cortile d&#039;Onore di Palazzo Civico\"\n                    alt=\"L&#039;albero di Natale nel Cortile d&#039;Onore di Palazzo Civico\"\n                    src=\"http:\/\/www.spaziotorino.it\/scatto\/wp-content\/gallery\/2022_12_06_alberocivico\/cache\/PLA_8724.jpg-nggid0527983-ngg0dyn-60x60x100-00f0w010c011r110f110r010t010.jpg\"\n                    width=\"60\"\n                    height=\"60\"\n                    style=\"max-width:100%;\"\n                \/>\n            <\/a>\n        <\/div>\n\t\t\t\t\t\t\t<\/div> \n\t\t\t\n        \n\t\t\t\t<div id=\"ngg-image-5\" class=\"ngg-gallery-thumbnail-box\" >\n\t\t\t\t        <div class=\"ngg-gallery-thumbnail\">\n            <a href=\"http:\/\/www.spaziotorino.it\/scatto\/wp-content\/gallery\/2022_12_06_alberocivico\/PLA_8726.jpg\"\n               title=\"Inaugurato L&#039;albero di Natale nel Cortile d&#039;Onore di Palazzo Civico\"\n               data-src=\"http:\/\/www.spaziotorino.it\/scatto\/wp-content\/gallery\/2022_12_06_alberocivico\/PLA_8726.jpg\"\n               data-thumbnail=\"http:\/\/www.spaziotorino.it\/scatto\/wp-content\/gallery\/2022_12_06_alberocivico\/thumbs\/thumbs_PLA_8726.jpg\"\n               data-image-id=\"27986\"\n               data-title=\"Inaugurato L&#039;albero di Natale nel Cortile d&#039;Onore di Palazzo Civico\"\n               data-description=\"Inaugurato L&#039;albero di Natale nel Cortile d&#039;Onore di Palazzo Civico\"\n               data-image-slug=\"pla_8726-1\"\n               class=\"ngg-fancybox\" rel=\"51f335b27440d159db2d90b02ddf85af\">\n                <img\n                    title=\"Inaugurato L&#039;albero di Natale nel Cortile d&#039;Onore di Palazzo Civico\"\n                    alt=\"Inaugurato L&#039;albero di Natale nel Cortile d&#039;Onore di Palazzo Civico\"\n                    src=\"http:\/\/www.spaziotorino.it\/scatto\/wp-content\/gallery\/2022_12_06_alberocivico\/cache\/PLA_8726.jpg-nggid0527986-ngg0dyn-60x60x100-00f0w010c011r110f110r010t010.jpg\"\n                    width=\"60\"\n                    height=\"60\"\n                    style=\"max-width:100%;\"\n                \/>\n            <\/a>\n        <\/div>\n\t\t\t\t\t\t\t<\/div> \n\t\t\t\n        \n\t\t\t\t<div id=\"ngg-image-6\" class=\"ngg-gallery-thumbnail-box\" >\n\t\t\t\t        <div class=\"ngg-gallery-thumbnail\">\n            <a href=\"http:\/\/www.spaziotorino.it\/scatto\/wp-content\/gallery\/2022_12_06_alberocivico\/PLA_8731.jpg\"\n               title=\"Inaugurato L&#039;albero di Natale nel Cortile d&#039;Onore di Palazzo Civico\"\n               data-src=\"http:\/\/www.spaziotorino.it\/scatto\/wp-content\/gallery\/2022_12_06_alberocivico\/PLA_8731.jpg\"\n               data-thumbnail=\"http:\/\/www.spaziotorino.it\/scatto\/wp-content\/gallery\/2022_12_06_alberocivico\/thumbs\/thumbs_PLA_8731.jpg\"\n               data-image-id=\"27987\"\n               data-title=\"Inaugurato L&#039;albero di Natale nel Cortile d&#039;Onore di Palazzo Civico\"\n               data-description=\"Inaugurato L&#039;albero di Natale nel Cortile d&#039;Onore di Palazzo Civico\"\n               data-image-slug=\"pla_8731\"\n               class=\"ngg-fancybox\" rel=\"51f335b27440d159db2d90b02ddf85af\">\n                <img\n                    title=\"Inaugurato L&#039;albero di Natale nel Cortile d&#039;Onore di Palazzo Civico\"\n                    alt=\"Inaugurato L&#039;albero di Natale nel Cortile d&#039;Onore di Palazzo Civico\"\n                    src=\"http:\/\/www.spaziotorino.it\/scatto\/wp-content\/gallery\/2022_12_06_alberocivico\/cache\/PLA_8731.jpg-nggid0527987-ngg0dyn-60x60x100-00f0w010c011r110f110r010t010.jpg\"\n                    width=\"60\"\n                    height=\"60\"\n                    style=\"max-width:100%;\"\n                \/>\n            <\/a>\n        <\/div>\n\t\t\t\t\t\t\t<\/div> \n\t\t\t\n        \n\t\t\n\t\t<!-- Pagination -->\n\t<div class='ngg-clear'><\/div>\t<\/div>\n\n<p>Marted\u00ec 6 dicembre nel Cortile d\u2019Onore di Palazzo Civico, alla presenza del Sindaco Stefano Lo Russo e del personale della Citt\u00e0 di Torino, \u00e8 stato acceso l\u2019Albero di Natale.<\/p>\n<p>Durante le festivit\u00e0 il cortile del Comune sar\u00e0 accessibile a chiunque vorr\u00e0 entrare e ammirare da vicino l\u2019Albero addobbato e luminoso; tutti coloro che lo desiderano potranno lasciare in una speciale teca trasparente un pensiero ed un augurio per la Citt\u00e0.<\/p>\n<p>&nbsp;<\/p>\n","protected":false},"excerpt":{"rendered":"<p>Marted\u00ec 6 dicembre nel Cortile d\u2019Onore di Palazzo Civico, alla presenza del Sindaco Stefano Lo Russo e del personale della Citt\u00e0 di Torino, \u00e8 stato acceso l\u2019Albero di Natale. Durante le festivit\u00e0 il cortile del Comune sar\u00e0 accessibile a chiunque vorr\u00e0 entrare e ammirare da vicino l\u2019Albero addobbato e luminoso; tutti coloro che lo desiderano [&hellip;]<\/p>\n","protected":false},"author":1,"featured_media":0,"comment_status":"closed","ping_status":"open","sticky":false,"template":"","format":"standard","meta":{"ngg_post_thumbnail":0},"categories":[1,41],"tags":[],"_links":{"self":[{"href":"http:\/\/www.spaziotorino.it\/scatto\/index.php?rest_route=\/wp\/v2\/posts\/43881"}],"collection":[{"href":"http:\/\/www.spaziotorino.it\/scatto\/index.php?rest_route=\/wp\/v2\/posts"}],"about":[{"href":"http:\/\/www.spaziotorino.it\/scatto\/index.php?rest_route=\/wp\/v2\/types\/post"}],"author":[{"embeddable":true,"href":"http:\/\/www.spaziotorino.it\/scatto\/index.php?rest_route=\/wp\/v2\/users\/1"}],"replies":[{"embeddable":true,"href":"http:\/\/www.spaziotorino.it\/scatto\/index.php?rest_route=%2Fwp%2Fv2%2Fcomments&post=43881"}],"version-history":[{"count":3,"href":"http:\/\/www.spaziotorino.it\/scatto\/index.php?rest_route=\/wp\/v2\/posts\/43881\/revisions"}],"predecessor-version":[{"id":43884,"href":"http:\/\/www.spaziotorino.it\/scatto\/index.php?rest_route=\/wp\/v2\/posts\/43881\/revisions\/43884"}],"wp:attachment":[{"href":"http:\/\/www.spaziotorino.it\/scatto\/index.php?rest_route=%2Fwp%2Fv2%2Fmedia&parent=43881"}],"wp:term":[{"taxonomy":"category","embeddable":true,"href":"http:\/\/www.spaziotorino.it\/scatto\/index.php?rest_route=%2Fwp%2Fv2%2Fcategories&post=43881"},{"taxonomy":"post_tag","embeddable":true,"href":"http:\/\/www.spaziotorino.it\/scatto\/index.php?rest_route=%2Fwp%2Fv2%2Ftags&post=43881"}],"curies":[{"name":"wp","href":"https:\/\/api.w.org\/{rel}","templated":true}]}}