{"id":43908,"date":"2022-12-08T21:30:32","date_gmt":"2022-12-08T20:30:32","guid":{"rendered":"http:\/\/www.spaziotorino.it\/scatto\/?p=43908"},"modified":"2022-12-09T11:36:19","modified_gmt":"2022-12-09T10:36:19","slug":"natale-a-torino-che-spettacolo","status":"publish","type":"post","link":"http:\/\/www.spaziotorino.it\/scatto\/?p=43908","title":{"rendered":"Natale a Torino, che spettacolo!"},"content":{"rendered":"<p><a class=\"ngg-fancybox\" title=\"Natale a Torino, che spettacolo!\" href=\"http:\/\/www.spaziotorino.it\/scatto\/wp-content\/gallery\/2022_12_08_natale\/PLA_9151.jpg\" rel=\"lightbox[set_1852]\"><br \/>\n<img decoding=\"async\" loading=\"lazy\" class=\"ngg-singlepic\" title=\"Natale a Torino, che spettacolo!\" src=\"http:\/\/www.spaziotorino.it\/scatto\/wp-content\/gallery\/2022_12_08_natale\/PLA_9151.jpg\" alt=\"\" width=\"540\" height=\"360\"\/><\/a><\/p>\n<!-- index.php -->\n<div\n\tclass=\"ngg-galleryoverview ngg-ajax-pagination-none\"\n\tid=\"ngg-gallery-21b8b5aa2991d77502ae6806b027ce95-1\">\n\n    \t\t<!-- Thumbnails -->\n\t\t\t\t<div id=\"ngg-image-0\" class=\"ngg-gallery-thumbnail-box\" >\n\t\t\t\t        <div class=\"ngg-gallery-thumbnail\">\n            <a href=\"http:\/\/www.spaziotorino.it\/scatto\/wp-content\/gallery\/2022_12_08_natale\/PLA_9027.jpg\"\n               title=\"Natale a Torino che spettacolo!\"\n               data-src=\"http:\/\/www.spaziotorino.it\/scatto\/wp-content\/gallery\/2022_12_08_natale\/PLA_9027.jpg\"\n               data-thumbnail=\"http:\/\/www.spaziotorino.it\/scatto\/wp-content\/gallery\/2022_12_08_natale\/thumbs\/thumbs_PLA_9027.jpg\"\n               data-image-id=\"27994\"\n               data-title=\"Natale a Torino che spettacolo!\"\n               data-description=\"Natale a Torino che spettacolo!\"\n               data-image-slug=\"pla_9027\"\n               class=\"ngg-fancybox\" rel=\"21b8b5aa2991d77502ae6806b027ce95\">\n                <img\n                    title=\"Natale a Torino che spettacolo!\"\n                    alt=\"Natale a Torino che spettacolo!\"\n                    src=\"http:\/\/www.spaziotorino.it\/scatto\/wp-content\/gallery\/2022_12_08_natale\/cache\/PLA_9027.jpg-nggid0527994-ngg0dyn-60x60x100-00f0w010c011r110f110r010t010.jpg\"\n                    width=\"60\"\n                    height=\"60\"\n                    style=\"max-width:100%;\"\n                \/>\n            <\/a>\n        <\/div>\n\t\t\t\t\t\t\t<\/div> \n\t\t\t\n        \n\t\t\t\t<div id=\"ngg-image-1\" class=\"ngg-gallery-thumbnail-box\" >\n\t\t\t\t        <div class=\"ngg-gallery-thumbnail\">\n            <a href=\"http:\/\/www.spaziotorino.it\/scatto\/wp-content\/gallery\/2022_12_08_natale\/PLA_8974.jpg\"\n               title=\"Natale a Torino che spettacolo!\"\n               data-src=\"http:\/\/www.spaziotorino.it\/scatto\/wp-content\/gallery\/2022_12_08_natale\/PLA_8974.jpg\"\n               data-thumbnail=\"http:\/\/www.spaziotorino.it\/scatto\/wp-content\/gallery\/2022_12_08_natale\/thumbs\/thumbs_PLA_8974.jpg\"\n               data-image-id=\"27991\"\n               data-title=\"Natale a Torino che spettacolo!\"\n               data-description=\"Natale a Torino che spettacolo!\"\n               data-image-slug=\"pla_8974\"\n               class=\"ngg-fancybox\" rel=\"21b8b5aa2991d77502ae6806b027ce95\">\n                <img\n                    title=\"Natale a Torino che spettacolo!\"\n                    alt=\"Natale a Torino che spettacolo!\"\n                    src=\"http:\/\/www.spaziotorino.it\/scatto\/wp-content\/gallery\/2022_12_08_natale\/cache\/PLA_8974.jpg-nggid0527991-ngg0dyn-60x60x100-00f0w010c011r110f110r010t010.jpg\"\n                    width=\"60\"\n                    height=\"60\"\n                    style=\"max-width:100%;\"\n                \/>\n            <\/a>\n        <\/div>\n\t\t\t\t\t\t\t<\/div> \n\t\t\t\n        \n\t\t\t\t<div id=\"ngg-image-2\" class=\"ngg-gallery-thumbnail-box\" >\n\t\t\t\t        <div class=\"ngg-gallery-thumbnail\">\n            <a href=\"http:\/\/www.spaziotorino.it\/scatto\/wp-content\/gallery\/2022_12_08_natale\/PLA_9014.jpg\"\n               title=\"Natale a Torino che spettacolo!\"\n               data-src=\"http:\/\/www.spaziotorino.it\/scatto\/wp-content\/gallery\/2022_12_08_natale\/PLA_9014.jpg\"\n               data-thumbnail=\"http:\/\/www.spaziotorino.it\/scatto\/wp-content\/gallery\/2022_12_08_natale\/thumbs\/thumbs_PLA_9014.jpg\"\n               data-image-id=\"27995\"\n               data-title=\"Natale a Torino che spettacolo!\"\n               data-description=\"Natale a Torino che spettacolo!\"\n               data-image-slug=\"pla_9014-1\"\n               class=\"ngg-fancybox\" rel=\"21b8b5aa2991d77502ae6806b027ce95\">\n                <img\n                    title=\"Natale a Torino che spettacolo!\"\n                    alt=\"Natale a Torino che spettacolo!\"\n                    src=\"http:\/\/www.spaziotorino.it\/scatto\/wp-content\/gallery\/2022_12_08_natale\/cache\/PLA_9014.jpg-nggid0527995-ngg0dyn-60x60x100-00f0w010c011r110f110r010t010.jpg\"\n                    width=\"60\"\n                    height=\"60\"\n                    style=\"max-width:100%;\"\n                \/>\n            <\/a>\n        <\/div>\n\t\t\t\t\t\t\t<\/div> \n\t\t\t\n        \n\t\t\t\t<div id=\"ngg-image-3\" class=\"ngg-gallery-thumbnail-box\" >\n\t\t\t\t        <div class=\"ngg-gallery-thumbnail\">\n            <a href=\"http:\/\/www.spaziotorino.it\/scatto\/wp-content\/gallery\/2022_12_08_natale\/PLA_9041.jpg\"\n               title=\"Natale a Torino che spettacolo!\"\n               data-src=\"http:\/\/www.spaziotorino.it\/scatto\/wp-content\/gallery\/2022_12_08_natale\/PLA_9041.jpg\"\n               data-thumbnail=\"http:\/\/www.spaziotorino.it\/scatto\/wp-content\/gallery\/2022_12_08_natale\/thumbs\/thumbs_PLA_9041.jpg\"\n               data-image-id=\"27996\"\n               data-title=\"Natale a Torino che spettacolo!\"\n               data-description=\"Natale a Torino che spettacolo!\"\n               data-image-slug=\"pla_9041\"\n               class=\"ngg-fancybox\" rel=\"21b8b5aa2991d77502ae6806b027ce95\">\n                <img\n                    title=\"Natale a Torino che spettacolo!\"\n                    alt=\"Natale a Torino che spettacolo!\"\n                    src=\"http:\/\/www.spaziotorino.it\/scatto\/wp-content\/gallery\/2022_12_08_natale\/cache\/PLA_9041.jpg-nggid0527996-ngg0dyn-60x60x100-00f0w010c011r110f110r010t010.jpg\"\n                    width=\"60\"\n                    height=\"60\"\n                    style=\"max-width:100%;\"\n                \/>\n            <\/a>\n        <\/div>\n\t\t\t\t\t\t\t<\/div> \n\t\t\t\n        \n\t\t\t\t<div id=\"ngg-image-4\" class=\"ngg-gallery-thumbnail-box\" >\n\t\t\t\t        <div class=\"ngg-gallery-thumbnail\">\n            <a href=\"http:\/\/www.spaziotorino.it\/scatto\/wp-content\/gallery\/2022_12_08_natale\/PLA_9008.jpg\"\n               title=\"Natale a Torino che spettacolo!\"\n               data-src=\"http:\/\/www.spaziotorino.it\/scatto\/wp-content\/gallery\/2022_12_08_natale\/PLA_9008.jpg\"\n               data-thumbnail=\"http:\/\/www.spaziotorino.it\/scatto\/wp-content\/gallery\/2022_12_08_natale\/thumbs\/thumbs_PLA_9008.jpg\"\n               data-image-id=\"27990\"\n               data-title=\"Natale a Torino che spettacolo!\"\n               data-description=\"Natale a Torino che spettacolo!\"\n               data-image-slug=\"pla_9008\"\n               class=\"ngg-fancybox\" rel=\"21b8b5aa2991d77502ae6806b027ce95\">\n                <img\n                    title=\"Natale a Torino che spettacolo!\"\n                    alt=\"Natale a Torino che spettacolo!\"\n                    src=\"http:\/\/www.spaziotorino.it\/scatto\/wp-content\/gallery\/2022_12_08_natale\/cache\/PLA_9008.jpg-nggid0527990-ngg0dyn-60x60x100-00f0w010c011r110f110r010t010.jpg\"\n                    width=\"60\"\n                    height=\"60\"\n                    style=\"max-width:100%;\"\n                \/>\n            <\/a>\n        <\/div>\n\t\t\t\t\t\t\t<\/div> \n\t\t\t\n        \n\t\t\t\t<div id=\"ngg-image-5\" class=\"ngg-gallery-thumbnail-box\" >\n\t\t\t\t        <div class=\"ngg-gallery-thumbnail\">\n            <a href=\"http:\/\/www.spaziotorino.it\/scatto\/wp-content\/gallery\/2022_12_08_natale\/PLA_9051.jpg\"\n               title=\"Natale a Torino che spettacolo!\"\n               data-src=\"http:\/\/www.spaziotorino.it\/scatto\/wp-content\/gallery\/2022_12_08_natale\/PLA_9051.jpg\"\n               data-thumbnail=\"http:\/\/www.spaziotorino.it\/scatto\/wp-content\/gallery\/2022_12_08_natale\/thumbs\/thumbs_PLA_9051.jpg\"\n               data-image-id=\"27999\"\n               data-title=\"Natale a Torino che spettacolo!\"\n               data-description=\"Natale a Torino che spettacolo!\"\n               data-image-slug=\"pla_9051\"\n               class=\"ngg-fancybox\" rel=\"21b8b5aa2991d77502ae6806b027ce95\">\n                <img\n                    title=\"Natale a Torino che spettacolo!\"\n                    alt=\"Natale a Torino che spettacolo!\"\n                    src=\"http:\/\/www.spaziotorino.it\/scatto\/wp-content\/gallery\/2022_12_08_natale\/cache\/PLA_9051.jpg-nggid0527999-ngg0dyn-60x60x100-00f0w010c011r110f110r010t010.jpg\"\n                    width=\"60\"\n                    height=\"60\"\n                    style=\"max-width:100%;\"\n                \/>\n            <\/a>\n        <\/div>\n\t\t\t\t\t\t\t<\/div> \n\t\t\t\n        \n\t\t\t\t<div id=\"ngg-image-6\" class=\"ngg-gallery-thumbnail-box\" >\n\t\t\t\t        <div class=\"ngg-gallery-thumbnail\">\n            <a href=\"http:\/\/www.spaziotorino.it\/scatto\/wp-content\/gallery\/2022_12_08_natale\/per_08_161806.jpg\"\n               title=\"Il presepe di Emanuele Luzzati nella nuova cornice di piazza Don Pollarolo\"\n               data-src=\"http:\/\/www.spaziotorino.it\/scatto\/wp-content\/gallery\/2022_12_08_natale\/per_08_161806.jpg\"\n               data-thumbnail=\"http:\/\/www.spaziotorino.it\/scatto\/wp-content\/gallery\/2022_12_08_natale\/thumbs\/thumbs_per_08_161806.jpg\"\n               data-image-id=\"27992\"\n               data-title=\"Il presepe di Emanuele Luzzati nella nuova cornice di piazza Don Pollarolo\"\n               data-description=\"Il presepe di Emanuele Luzzati nella nuova cornice di piazza Don Pollarolo\"\n               data-image-slug=\"per_08_161806\"\n               class=\"ngg-fancybox\" rel=\"21b8b5aa2991d77502ae6806b027ce95\">\n                <img\n                    title=\"Il presepe di Emanuele Luzzati nella nuova cornice di piazza Don Pollarolo\"\n                    alt=\"Il presepe di Emanuele Luzzati nella nuova cornice di piazza Don Pollarolo\"\n                    src=\"http:\/\/www.spaziotorino.it\/scatto\/wp-content\/gallery\/2022_12_08_natale\/cache\/per_08_161806.jpg-nggid0527992-ngg0dyn-60x60x100-00f0w010c011r110f110r010t010.jpg\"\n                    width=\"60\"\n                    height=\"60\"\n                    style=\"max-width:100%;\"\n                \/>\n            <\/a>\n        <\/div>\n\t\t\t\t\t\t\t<\/div> \n\t\t\t\n        \n\t\t\t\t<div id=\"ngg-image-7\" class=\"ngg-gallery-thumbnail-box\" >\n\t\t\t\t        <div class=\"ngg-gallery-thumbnail\">\n            <a href=\"http:\/\/www.spaziotorino.it\/scatto\/wp-content\/gallery\/2022_12_08_natale\/PLA_9084.jpg\"\n               title=\"Il Sindaco Lo Russo  e l&#039;Assessore Carretta accendono gli alberi di Natale in piazzetta Reale\"\n               data-src=\"http:\/\/www.spaziotorino.it\/scatto\/wp-content\/gallery\/2022_12_08_natale\/PLA_9084.jpg\"\n               data-thumbnail=\"http:\/\/www.spaziotorino.it\/scatto\/wp-content\/gallery\/2022_12_08_natale\/thumbs\/thumbs_PLA_9084.jpg\"\n               data-image-id=\"27997\"\n               data-title=\"Il Sindaco Lo Russo  e l&#039;Assessore Carretta accendono gli alberi di Natale in piazzetta Reale\"\n               data-description=\"Il Sindaco Lo Russo  e l&#039;Assessore Carretta accendono gli alberi di Natale in piazzetta Reale\"\n               data-image-slug=\"pla_9084\"\n               class=\"ngg-fancybox\" rel=\"21b8b5aa2991d77502ae6806b027ce95\">\n                <img\n                    title=\"Il Sindaco Lo Russo  e l&#039;Assessore Carretta accendono gli alberi di Natale in piazzetta Reale\"\n                    alt=\"Il Sindaco Lo Russo  e l&#039;Assessore Carretta accendono gli alberi di Natale in piazzetta Reale\"\n                    src=\"http:\/\/www.spaziotorino.it\/scatto\/wp-content\/gallery\/2022_12_08_natale\/cache\/PLA_9084.jpg-nggid0527997-ngg0dyn-60x60x100-00f0w010c011r110f110r010t010.jpg\"\n                    width=\"60\"\n                    height=\"60\"\n                    style=\"max-width:100%;\"\n                \/>\n            <\/a>\n        <\/div>\n\t\t\t\t\t\t\t<\/div> \n\t\t\t\n        \n\t\t\t\t<div id=\"ngg-image-8\" class=\"ngg-gallery-thumbnail-box\" >\n\t\t\t\t        <div class=\"ngg-gallery-thumbnail\">\n            <a href=\"http:\/\/www.spaziotorino.it\/scatto\/wp-content\/gallery\/2022_12_08_natale\/PLA_9101.jpg\"\n               title=\"L&#039;albero di Natale in piazzetta Reale\"\n               data-src=\"http:\/\/www.spaziotorino.it\/scatto\/wp-content\/gallery\/2022_12_08_natale\/PLA_9101.jpg\"\n               data-thumbnail=\"http:\/\/www.spaziotorino.it\/scatto\/wp-content\/gallery\/2022_12_08_natale\/thumbs\/thumbs_PLA_9101.jpg\"\n               data-image-id=\"27998\"\n               data-title=\"L&#039;albero di Natale in piazzetta Reale\"\n               data-description=\"L&#039;albero di Natale in piazzetta Reale\"\n               data-image-slug=\"pla_9101-1\"\n               class=\"ngg-fancybox\" rel=\"21b8b5aa2991d77502ae6806b027ce95\">\n                <img\n                    title=\"L&#039;albero di Natale in piazzetta Reale\"\n                    alt=\"L&#039;albero di Natale in piazzetta Reale\"\n                    src=\"http:\/\/www.spaziotorino.it\/scatto\/wp-content\/gallery\/2022_12_08_natale\/cache\/PLA_9101.jpg-nggid0527998-ngg0dyn-60x60x100-00f0w010c011r110f110r010t010.jpg\"\n                    width=\"60\"\n                    height=\"60\"\n                    style=\"max-width:100%;\"\n                \/>\n            <\/a>\n        <\/div>\n\t\t\t\t\t\t\t<\/div> \n\t\t\t\n        \n\t\t\t\t<div id=\"ngg-image-9\" class=\"ngg-gallery-thumbnail-box\" >\n\t\t\t\t        <div class=\"ngg-gallery-thumbnail\">\n            <a href=\"http:\/\/www.spaziotorino.it\/scatto\/wp-content\/gallery\/2022_12_08_natale\/PLA_9136.jpg\"\n               title=\"L&#039;albero di Natale in piazzetta Reale\"\n               data-src=\"http:\/\/www.spaziotorino.it\/scatto\/wp-content\/gallery\/2022_12_08_natale\/PLA_9136.jpg\"\n               data-thumbnail=\"http:\/\/www.spaziotorino.it\/scatto\/wp-content\/gallery\/2022_12_08_natale\/thumbs\/thumbs_PLA_9136.jpg\"\n               data-image-id=\"28000\"\n               data-title=\"L&#039;albero di Natale in piazzetta Reale\"\n               data-description=\"L&#039;albero di Natale in piazzetta Reale\"\n               data-image-slug=\"pla_9136\"\n               class=\"ngg-fancybox\" rel=\"21b8b5aa2991d77502ae6806b027ce95\">\n                <img\n                    title=\"L&#039;albero di Natale in piazzetta Reale\"\n                    alt=\"L&#039;albero di Natale in piazzetta Reale\"\n                    src=\"http:\/\/www.spaziotorino.it\/scatto\/wp-content\/gallery\/2022_12_08_natale\/cache\/PLA_9136.jpg-nggid0528000-ngg0dyn-60x60x100-00f0w010c011r110f110r010t010.jpg\"\n                    width=\"60\"\n                    height=\"60\"\n                    style=\"max-width:100%;\"\n                \/>\n            <\/a>\n        <\/div>\n\t\t\t\t\t\t\t<\/div> \n\t\t\t\n        \n\t\t\t\t<div id=\"ngg-image-10\" class=\"ngg-gallery-thumbnail-box\" >\n\t\t\t\t        <div class=\"ngg-gallery-thumbnail\">\n            <a href=\"http:\/\/www.spaziotorino.it\/scatto\/wp-content\/gallery\/2022_12_08_natale\/PLA_9134.jpg\"\n               title=\"L&#039;albero di Natale in piazzetta Reale\"\n               data-src=\"http:\/\/www.spaziotorino.it\/scatto\/wp-content\/gallery\/2022_12_08_natale\/PLA_9134.jpg\"\n               data-thumbnail=\"http:\/\/www.spaziotorino.it\/scatto\/wp-content\/gallery\/2022_12_08_natale\/thumbs\/thumbs_PLA_9134.jpg\"\n               data-image-id=\"28001\"\n               data-title=\"L&#039;albero di Natale in piazzetta Reale\"\n               data-description=\"L&#039;albero di Natale in piazzetta Reale\"\n               data-image-slug=\"pla_9134\"\n               class=\"ngg-fancybox\" rel=\"21b8b5aa2991d77502ae6806b027ce95\">\n                <img\n                    title=\"L&#039;albero di Natale in piazzetta Reale\"\n                    alt=\"L&#039;albero di Natale in piazzetta Reale\"\n                    src=\"http:\/\/www.spaziotorino.it\/scatto\/wp-content\/gallery\/2022_12_08_natale\/cache\/PLA_9134.jpg-nggid0528001-ngg0dyn-60x60x100-00f0w010c011r110f110r010t010.jpg\"\n                    width=\"60\"\n                    height=\"60\"\n                    style=\"max-width:100%;\"\n                \/>\n            <\/a>\n        <\/div>\n\t\t\t\t\t\t\t<\/div> \n\t\t\t\n        \n\t\t\t\t<div id=\"ngg-image-11\" class=\"ngg-gallery-thumbnail-box\" >\n\t\t\t\t        <div class=\"ngg-gallery-thumbnail\">\n            <a href=\"http:\/\/www.spaziotorino.it\/scatto\/wp-content\/gallery\/2022_12_08_natale\/PLA_9160.jpg\"\n               title=\"L&#039;albero di Natale in piazzetta Reale\"\n               data-src=\"http:\/\/www.spaziotorino.it\/scatto\/wp-content\/gallery\/2022_12_08_natale\/PLA_9160.jpg\"\n               data-thumbnail=\"http:\/\/www.spaziotorino.it\/scatto\/wp-content\/gallery\/2022_12_08_natale\/thumbs\/thumbs_PLA_9160.jpg\"\n               data-image-id=\"28002\"\n               data-title=\"L&#039;albero di Natale in piazzetta Reale\"\n               data-description=\"L&#039;albero di Natale in piazzetta Reale\"\n               data-image-slug=\"pla_9160-1\"\n               class=\"ngg-fancybox\" rel=\"21b8b5aa2991d77502ae6806b027ce95\">\n                <img\n                    title=\"L&#039;albero di Natale in piazzetta Reale\"\n                    alt=\"L&#039;albero di Natale in piazzetta Reale\"\n                    src=\"http:\/\/www.spaziotorino.it\/scatto\/wp-content\/gallery\/2022_12_08_natale\/cache\/PLA_9160.jpg-nggid0528002-ngg0dyn-60x60x100-00f0w010c011r110f110r010t010.jpg\"\n                    width=\"60\"\n                    height=\"60\"\n                    style=\"max-width:100%;\"\n                \/>\n            <\/a>\n        <\/div>\n\t\t\t\t\t\t\t<\/div> \n\t\t\t\n        \n\t\t\t\t<div id=\"ngg-image-12\" class=\"ngg-gallery-thumbnail-box\" >\n\t\t\t\t        <div class=\"ngg-gallery-thumbnail\">\n            <a href=\"http:\/\/www.spaziotorino.it\/scatto\/wp-content\/gallery\/2022_12_08_natale\/PLA_9144.jpg\"\n               title=\"L&#039;albero di Natale in piazzetta Reale\"\n               data-src=\"http:\/\/www.spaziotorino.it\/scatto\/wp-content\/gallery\/2022_12_08_natale\/PLA_9144.jpg\"\n               data-thumbnail=\"http:\/\/www.spaziotorino.it\/scatto\/wp-content\/gallery\/2022_12_08_natale\/thumbs\/thumbs_PLA_9144.jpg\"\n               data-image-id=\"28003\"\n               data-title=\"L&#039;albero di Natale in piazzetta Reale\"\n               data-description=\"L&#039;albero di Natale in piazzetta Reale\"\n               data-image-slug=\"pla_9144\"\n               class=\"ngg-fancybox\" rel=\"21b8b5aa2991d77502ae6806b027ce95\">\n                <img\n                    title=\"L&#039;albero di Natale in piazzetta Reale\"\n                    alt=\"L&#039;albero di Natale in piazzetta Reale\"\n                    src=\"http:\/\/www.spaziotorino.it\/scatto\/wp-content\/gallery\/2022_12_08_natale\/cache\/PLA_9144.jpg-nggid0528003-ngg0dyn-60x60x100-00f0w010c011r110f110r010t010.jpg\"\n                    width=\"60\"\n                    height=\"60\"\n                    style=\"max-width:100%;\"\n                \/>\n            <\/a>\n        <\/div>\n\t\t\t\t\t\t\t<\/div> \n\t\t\t\n        \n\t\t\t\t<div id=\"ngg-image-13\" class=\"ngg-gallery-thumbnail-box\" >\n\t\t\t\t        <div class=\"ngg-gallery-thumbnail\">\n            <a href=\"http:\/\/www.spaziotorino.it\/scatto\/wp-content\/gallery\/2022_12_08_natale\/PLA_9190.jpg\"\n               title=\"Il Sindaco Stefano Lo Russo e Luca Bigazzi\"\n               data-src=\"http:\/\/www.spaziotorino.it\/scatto\/wp-content\/gallery\/2022_12_08_natale\/PLA_9190.jpg\"\n               data-thumbnail=\"http:\/\/www.spaziotorino.it\/scatto\/wp-content\/gallery\/2022_12_08_natale\/thumbs\/thumbs_PLA_9190.jpg\"\n               data-image-id=\"28005\"\n               data-title=\"Il Sindaco Stefano Lo Russo e Luca Bigazzi\"\n               data-description=\"Il Sindaco Stefano Lo Russo e Luca Bigazzi\"\n               data-image-slug=\"pla_9190\"\n               class=\"ngg-fancybox\" rel=\"21b8b5aa2991d77502ae6806b027ce95\">\n                <img\n                    title=\"Il Sindaco Stefano Lo Russo e Luca Bigazzi\"\n                    alt=\"Il Sindaco Stefano Lo Russo e Luca Bigazzi\"\n                    src=\"http:\/\/www.spaziotorino.it\/scatto\/wp-content\/gallery\/2022_12_08_natale\/cache\/PLA_9190.jpg-nggid0528005-ngg0dyn-60x60x100-00f0w010c011r110f110r010t010.jpg\"\n                    width=\"60\"\n                    height=\"60\"\n                    style=\"max-width:100%;\"\n                \/>\n            <\/a>\n        <\/div>\n\t\t\t\t\t\t\t<\/div> \n\t\t\t\n        \n\t\t\t\t<div id=\"ngg-image-14\" class=\"ngg-gallery-thumbnail-box\" >\n\t\t\t\t        <div class=\"ngg-gallery-thumbnail\">\n            <a href=\"http:\/\/www.spaziotorino.it\/scatto\/wp-content\/gallery\/2022_12_08_natale\/PLA_9212.jpg\"\n               title=\"La nuova illuminazione a led sulla facciata di Palazzo Civico, creata dall&#039;artista Luca Bigazzi\"\n               data-src=\"http:\/\/www.spaziotorino.it\/scatto\/wp-content\/gallery\/2022_12_08_natale\/PLA_9212.jpg\"\n               data-thumbnail=\"http:\/\/www.spaziotorino.it\/scatto\/wp-content\/gallery\/2022_12_08_natale\/thumbs\/thumbs_PLA_9212.jpg\"\n               data-image-id=\"28007\"\n               data-title=\"La nuova illuminazione a led sulla facciata di Palazzo Civico, creata dall&#039;artista Luca Bigazzi\"\n               data-description=\"La nuova illuminazione a led sulla facciata di Palazzo Civico, creata dall&#039;artista Luca Bigazzi\"\n               data-image-slug=\"pla_9212\"\n               class=\"ngg-fancybox\" rel=\"21b8b5aa2991d77502ae6806b027ce95\">\n                <img\n                    title=\"La nuova illuminazione a led sulla facciata di Palazzo Civico, creata dall&#039;artista Luca Bigazzi\"\n                    alt=\"La nuova illuminazione a led sulla facciata di Palazzo Civico, creata dall&#039;artista Luca Bigazzi\"\n                    src=\"http:\/\/www.spaziotorino.it\/scatto\/wp-content\/gallery\/2022_12_08_natale\/cache\/PLA_9212.jpg-nggid0528007-ngg0dyn-60x60x100-00f0w010c011r110f110r010t010.jpg\"\n                    width=\"60\"\n                    height=\"60\"\n                    style=\"max-width:100%;\"\n                \/>\n            <\/a>\n        <\/div>\n\t\t\t\t\t\t\t<\/div> \n\t\t\t\n        \n\t\t\t\t<div id=\"ngg-image-15\" class=\"ngg-gallery-thumbnail-box\" >\n\t\t\t\t        <div class=\"ngg-gallery-thumbnail\">\n            <a href=\"http:\/\/www.spaziotorino.it\/scatto\/wp-content\/gallery\/2022_12_08_natale\/PLA_9214.jpg\"\n               title=\"La nuova illuminazione a led sulla facciata di Palazzo Civico, creata dall&#039;artista Luca Bigazzi\"\n               data-src=\"http:\/\/www.spaziotorino.it\/scatto\/wp-content\/gallery\/2022_12_08_natale\/PLA_9214.jpg\"\n               data-thumbnail=\"http:\/\/www.spaziotorino.it\/scatto\/wp-content\/gallery\/2022_12_08_natale\/thumbs\/thumbs_PLA_9214.jpg\"\n               data-image-id=\"28009\"\n               data-title=\"La nuova illuminazione a led sulla facciata di Palazzo Civico, creata dall&#039;artista Luca Bigazzi\"\n               data-description=\"La nuova illuminazione a led sulla facciata di Palazzo Civico, creata dall&#039;artista Luca Bigazzi\"\n               data-image-slug=\"pla_9214\"\n               class=\"ngg-fancybox\" rel=\"21b8b5aa2991d77502ae6806b027ce95\">\n                <img\n                    title=\"La nuova illuminazione a led sulla facciata di Palazzo Civico, creata dall&#039;artista Luca Bigazzi\"\n                    alt=\"La nuova illuminazione a led sulla facciata di Palazzo Civico, creata dall&#039;artista Luca Bigazzi\"\n                    src=\"http:\/\/www.spaziotorino.it\/scatto\/wp-content\/gallery\/2022_12_08_natale\/cache\/PLA_9214.jpg-nggid0528009-ngg0dyn-60x60x100-00f0w010c011r110f110r010t010.jpg\"\n                    width=\"60\"\n                    height=\"60\"\n                    style=\"max-width:100%;\"\n                \/>\n            <\/a>\n        <\/div>\n\t\t\t\t\t\t\t<\/div> \n\t\t\t\n        \n\t\t\t\t<div id=\"ngg-image-16\" class=\"ngg-gallery-thumbnail-box\" >\n\t\t\t\t        <div class=\"ngg-gallery-thumbnail\">\n            <a href=\"http:\/\/www.spaziotorino.it\/scatto\/wp-content\/gallery\/2022_12_08_natale\/PLA_9211.jpg\"\n               title=\"La nuova illuminazione a led sulla facciata di Palazzo Civico, creata dall&#039;artista Luca Bigazzi\"\n               data-src=\"http:\/\/www.spaziotorino.it\/scatto\/wp-content\/gallery\/2022_12_08_natale\/PLA_9211.jpg\"\n               data-thumbnail=\"http:\/\/www.spaziotorino.it\/scatto\/wp-content\/gallery\/2022_12_08_natale\/thumbs\/thumbs_PLA_9211.jpg\"\n               data-image-id=\"28006\"\n               data-title=\"La nuova illuminazione a led sulla facciata di Palazzo Civico, creata dall&#039;artista Luca Bigazzi\"\n               data-description=\"La nuova illuminazione a led sulla facciata di Palazzo Civico, creata dall&#039;artista Luca Bigazzi\"\n               data-image-slug=\"pla_9211\"\n               class=\"ngg-fancybox\" rel=\"21b8b5aa2991d77502ae6806b027ce95\">\n                <img\n                    title=\"La nuova illuminazione a led sulla facciata di Palazzo Civico, creata dall&#039;artista Luca Bigazzi\"\n                    alt=\"La nuova illuminazione a led sulla facciata di Palazzo Civico, creata dall&#039;artista Luca Bigazzi\"\n                    src=\"http:\/\/www.spaziotorino.it\/scatto\/wp-content\/gallery\/2022_12_08_natale\/cache\/PLA_9211.jpg-nggid0528006-ngg0dyn-60x60x100-00f0w010c011r110f110r010t010.jpg\"\n                    width=\"60\"\n                    height=\"60\"\n                    style=\"max-width:100%;\"\n                \/>\n            <\/a>\n        <\/div>\n\t\t\t\t\t\t\t<\/div> \n\t\t\t\n        \n\t\t\t\t<div id=\"ngg-image-17\" class=\"ngg-gallery-thumbnail-box\" >\n\t\t\t\t        <div class=\"ngg-gallery-thumbnail\">\n            <a href=\"http:\/\/www.spaziotorino.it\/scatto\/wp-content\/gallery\/2022_12_08_natale\/PLA_9217.jpg\"\n               title=\"La nuova illuminazione a led sulla facciata di Palazzo Civico, creata dall&#039;artista Luca Bigazzi\"\n               data-src=\"http:\/\/www.spaziotorino.it\/scatto\/wp-content\/gallery\/2022_12_08_natale\/PLA_9217.jpg\"\n               data-thumbnail=\"http:\/\/www.spaziotorino.it\/scatto\/wp-content\/gallery\/2022_12_08_natale\/thumbs\/thumbs_PLA_9217.jpg\"\n               data-image-id=\"28008\"\n               data-title=\"La nuova illuminazione a led sulla facciata di Palazzo Civico, creata dall&#039;artista Luca Bigazzi\"\n               data-description=\"La nuova illuminazione a led sulla facciata di Palazzo Civico, creata dall&#039;artista Luca Bigazzi\"\n               data-image-slug=\"pla_9217\"\n               class=\"ngg-fancybox\" rel=\"21b8b5aa2991d77502ae6806b027ce95\">\n                <img\n                    title=\"La nuova illuminazione a led sulla facciata di Palazzo Civico, creata dall&#039;artista Luca Bigazzi\"\n                    alt=\"La nuova illuminazione a led sulla facciata di Palazzo Civico, creata dall&#039;artista Luca Bigazzi\"\n                    src=\"http:\/\/www.spaziotorino.it\/scatto\/wp-content\/gallery\/2022_12_08_natale\/cache\/PLA_9217.jpg-nggid0528008-ngg0dyn-60x60x100-00f0w010c011r110f110r010t010.jpg\"\n                    width=\"60\"\n                    height=\"60\"\n                    style=\"max-width:100%;\"\n                \/>\n            <\/a>\n        <\/div>\n\t\t\t\t\t\t\t<\/div> \n\t\t\t\n        \n\t\t\t\t<div id=\"ngg-image-18\" class=\"ngg-gallery-thumbnail-box\" >\n\t\t\t\t        <div class=\"ngg-gallery-thumbnail\">\n            <a href=\"http:\/\/www.spaziotorino.it\/scatto\/wp-content\/gallery\/2022_12_08_natale\/per_07_180249.jpg\"\n               title=\"Il presepe di Emanuele Luzzati nella nuova cornice di piazza Don Pollarolo\"\n               data-src=\"http:\/\/www.spaziotorino.it\/scatto\/wp-content\/gallery\/2022_12_08_natale\/per_07_180249.jpg\"\n               data-thumbnail=\"http:\/\/www.spaziotorino.it\/scatto\/wp-content\/gallery\/2022_12_08_natale\/thumbs\/thumbs_per_07_180249.jpg\"\n               data-image-id=\"27988\"\n               data-title=\"Il presepe di Emanuele Luzzati nella nuova cornice di piazza Don Pollarolo\"\n               data-description=\"Il presepe di Emanuele Luzzati nella nuova cornice di piazza Don Pollarolo\"\n               data-image-slug=\"per_07_180249\"\n               class=\"ngg-fancybox\" rel=\"21b8b5aa2991d77502ae6806b027ce95\">\n                <img\n                    title=\"Il presepe di Emanuele Luzzati nella nuova cornice di piazza Don Pollarolo\"\n                    alt=\"Il presepe di Emanuele Luzzati nella nuova cornice di piazza Don Pollarolo\"\n                    src=\"http:\/\/www.spaziotorino.it\/scatto\/wp-content\/gallery\/2022_12_08_natale\/cache\/per_07_180249.jpg-nggid0527988-ngg0dyn-60x60x100-00f0w010c011r110f110r010t010.jpg\"\n                    width=\"60\"\n                    height=\"60\"\n                    style=\"max-width:100%;\"\n                \/>\n            <\/a>\n        <\/div>\n\t\t\t\t\t\t\t<\/div> \n\t\t\t\n        \n\t\t\t\t<div id=\"ngg-image-19\" class=\"ngg-gallery-thumbnail-box\" >\n\t\t\t\t        <div class=\"ngg-gallery-thumbnail\">\n            <a href=\"http:\/\/www.spaziotorino.it\/scatto\/wp-content\/gallery\/2022_12_08_natale\/per_07_180251_2.jpg\"\n               title=\"Il presepe di Emanuele Luzzati nella nuova cornice di piazza Don Pollarolo\"\n               data-src=\"http:\/\/www.spaziotorino.it\/scatto\/wp-content\/gallery\/2022_12_08_natale\/per_07_180251_2.jpg\"\n               data-thumbnail=\"http:\/\/www.spaziotorino.it\/scatto\/wp-content\/gallery\/2022_12_08_natale\/thumbs\/thumbs_per_07_180251_2.jpg\"\n               data-image-id=\"27989\"\n               data-title=\"Il presepe di Emanuele Luzzati nella nuova cornice di piazza Don Pollarolo\"\n               data-description=\"Il presepe di Emanuele Luzzati nella nuova cornice di piazza Don Pollarolo\"\n               data-image-slug=\"per_07_180251_2\"\n               class=\"ngg-fancybox\" rel=\"21b8b5aa2991d77502ae6806b027ce95\">\n                <img\n                    title=\"Il presepe di Emanuele Luzzati nella nuova cornice di piazza Don Pollarolo\"\n                    alt=\"Il presepe di Emanuele Luzzati nella nuova cornice di piazza Don Pollarolo\"\n                    src=\"http:\/\/www.spaziotorino.it\/scatto\/wp-content\/gallery\/2022_12_08_natale\/cache\/per_07_180251_2.jpg-nggid0527989-ngg0dyn-60x60x100-00f0w010c011r110f110r010t010.jpg\"\n                    width=\"60\"\n                    height=\"60\"\n                    style=\"max-width:100%;\"\n                \/>\n            <\/a>\n        <\/div>\n\t\t\t\t\t\t\t<\/div> \n\t\t\t\n        \n\t\t\t\t<div id=\"ngg-image-20\" class=\"ngg-gallery-thumbnail-box\" >\n\t\t\t\t        <div class=\"ngg-gallery-thumbnail\">\n            <a href=\"http:\/\/www.spaziotorino.it\/scatto\/wp-content\/gallery\/2022_12_08_natale\/per_07_180251.jpg\"\n               title=\"Il presepe di Emanuele Luzzati nella nuova cornice di piazza Don Pollarolo\"\n               data-src=\"http:\/\/www.spaziotorino.it\/scatto\/wp-content\/gallery\/2022_12_08_natale\/per_07_180251.jpg\"\n               data-thumbnail=\"http:\/\/www.spaziotorino.it\/scatto\/wp-content\/gallery\/2022_12_08_natale\/thumbs\/thumbs_per_07_180251.jpg\"\n               data-image-id=\"27993\"\n               data-title=\"Il presepe di Emanuele Luzzati nella nuova cornice di piazza Don Pollarolo\"\n               data-description=\"Il presepe di Emanuele Luzzati nella nuova cornice di piazza Don Pollarolo\"\n               data-image-slug=\"per_07_180251\"\n               class=\"ngg-fancybox\" rel=\"21b8b5aa2991d77502ae6806b027ce95\">\n                <img\n                    title=\"Il presepe di Emanuele Luzzati nella nuova cornice di piazza Don Pollarolo\"\n                    alt=\"Il presepe di Emanuele Luzzati nella nuova cornice di piazza Don Pollarolo\"\n                    src=\"http:\/\/www.spaziotorino.it\/scatto\/wp-content\/gallery\/2022_12_08_natale\/cache\/per_07_180251.jpg-nggid0527993-ngg0dyn-60x60x100-00f0w010c011r110f110r010t010.jpg\"\n                    width=\"60\"\n                    height=\"60\"\n                    style=\"max-width:100%;\"\n                \/>\n            <\/a>\n        <\/div>\n\t\t\t\t\t\t\t<\/div> \n\t\t\t\n        \n\t\t\n\t\t<!-- Pagination -->\n\t<div class='ngg-clear'><\/div>\t<\/div>\n\n<p>Torino si prepara per le feste natalizie. Le occasioni per torinesi e turisti di vivere l&#8217;atmosfera delle festivit\u00e0 saranno tantissime anche durante questo periodo, e diffuse in tutta la citt\u00e0.<\/p>\n<p>Gioved\u00ec 8 dicembre con una serie di eventi diffusi \u00e8 stato inaugurato \u2018<strong>Natale a Torino, che spettacolo!\u2019: <\/strong>il presepe di Emanuele Luzzati nella nuova cornice di piazza Don Pollarolo, l&#8217;accensione dell&#8217;albero di Natale in piazzetta Reale, o meglio del bosco di Natale con ben 31 gli alberi, il pi\u00f9 alto dei quali sfiora i 9 metri, l&#8217;apertura della finestrella del Calendario dell&#8217;Avvento e, infine, la nuova illuminazione a led sulla facciata di Palazzo Civico, creata dall&#8217;artista Luca Bigazzi.<\/p>\n<p>Il <a href=\"http:\/\/www.comune.torino.it\/eventi\/natale2022\/\">programma di Natale a Torino, che spettacolo<\/a>!<\/p>\n","protected":false},"excerpt":{"rendered":"<p>Torino si prepara per le feste natalizie. Le occasioni per torinesi e turisti di vivere l&#8217;atmosfera delle festivit\u00e0 saranno tantissime anche durante questo periodo, e diffuse in tutta la citt\u00e0. Gioved\u00ec 8 dicembre con una serie di eventi diffusi \u00e8 stato inaugurato \u2018Natale a Torino, che spettacolo!\u2019: il presepe di Emanuele Luzzati nella nuova cornice [&hellip;]<\/p>\n","protected":false},"author":1,"featured_media":0,"comment_status":"closed","ping_status":"open","sticky":false,"template":"","format":"standard","meta":{"ngg_post_thumbnail":0},"categories":[1,41],"tags":[],"_links":{"self":[{"href":"http:\/\/www.spaziotorino.it\/scatto\/index.php?rest_route=\/wp\/v2\/posts\/43908"}],"collection":[{"href":"http:\/\/www.spaziotorino.it\/scatto\/index.php?rest_route=\/wp\/v2\/posts"}],"about":[{"href":"http:\/\/www.spaziotorino.it\/scatto\/index.php?rest_route=\/wp\/v2\/types\/post"}],"author":[{"embeddable":true,"href":"http:\/\/www.spaziotorino.it\/scatto\/index.php?rest_route=\/wp\/v2\/users\/1"}],"replies":[{"embeddable":true,"href":"http:\/\/www.spaziotorino.it\/scatto\/index.php?rest_route=%2Fwp%2Fv2%2Fcomments&post=43908"}],"version-history":[{"count":1,"href":"http:\/\/www.spaziotorino.it\/scatto\/index.php?rest_route=\/wp\/v2\/posts\/43908\/revisions"}],"predecessor-version":[{"id":43909,"href":"http:\/\/www.spaziotorino.it\/scatto\/index.php?rest_route=\/wp\/v2\/posts\/43908\/revisions\/43909"}],"wp:attachment":[{"href":"http:\/\/www.spaziotorino.it\/scatto\/index.php?rest_route=%2Fwp%2Fv2%2Fmedia&parent=43908"}],"wp:term":[{"taxonomy":"category","embeddable":true,"href":"http:\/\/www.spaziotorino.it\/scatto\/index.php?rest_route=%2Fwp%2Fv2%2Fcategories&post=43908"},{"taxonomy":"post_tag","embeddable":true,"href":"http:\/\/www.spaziotorino.it\/scatto\/index.php?rest_route=%2Fwp%2Fv2%2Ftags&post=43908"}],"curies":[{"name":"wp","href":"https:\/\/api.w.org\/{rel}","templated":true}]}}