{"id":43935,"date":"2022-12-14T14:49:06","date_gmt":"2022-12-14T13:49:06","guid":{"rendered":"http:\/\/www.spaziotorino.it\/scatto\/?p=43935"},"modified":"2022-12-15T14:51:16","modified_gmt":"2022-12-15T13:51:16","slug":"rembrandt-incontra-rembrandt-dialoghi-in-galleria","status":"publish","type":"post","link":"http:\/\/www.spaziotorino.it\/scatto\/?p=43935","title":{"rendered":"Rembrandt incontra Rembrandt &#8211; Dialoghi in Galleria"},"content":{"rendered":"<p><a class=\"ngg-fancybox\" title=\"Rembrandt incontra Rembrandt - Dialoghi in Galleria\" href=\"http:\/\/www.spaziotorino.it\/scatto\/wp-content\/gallery\/2022_12_14_rembrandt\/PLA_9902.jpg\" rel=\"lightbox[set_1854]\"><br \/>\n<img decoding=\"async\" loading=\"lazy\" class=\"ngg-singlepic\" title=\"Rembrandt incontra Rembrandt - Dialoghi in Galleria\" src=\"http:\/\/www.spaziotorino.it\/scatto\/wp-content\/gallery\/2022_12_14_rembrandt\/PLA_9902.jpg\" alt=\"\" width=\"540\" height=\"360\"\/><\/a><\/p>\n<!-- index.php -->\n<div\n\tclass=\"ngg-galleryoverview ngg-ajax-pagination-none\"\n\tid=\"ngg-gallery-ccedcbd7c3e816b272764b56fe39d032-1\">\n\n    \t\t<!-- Thumbnails -->\n\t\t\t\t<div id=\"ngg-image-0\" class=\"ngg-gallery-thumbnail-box\" >\n\t\t\t\t        <div class=\"ngg-gallery-thumbnail\">\n            <a href=\"http:\/\/www.spaziotorino.it\/scatto\/wp-content\/gallery\/2022_12_14_rembrandt\/PLA_9876.jpg\"\n               title=\"Rembrandt incontra Rembrandt - Dialoghi in Galleria\"\n               data-src=\"http:\/\/www.spaziotorino.it\/scatto\/wp-content\/gallery\/2022_12_14_rembrandt\/PLA_9876.jpg\"\n               data-thumbnail=\"http:\/\/www.spaziotorino.it\/scatto\/wp-content\/gallery\/2022_12_14_rembrandt\/thumbs\/thumbs_PLA_9876.jpg\"\n               data-image-id=\"28023\"\n               data-title=\"Rembrandt incontra Rembrandt - Dialoghi in Galleria\"\n               data-description=\"Rembrandt incontra Rembrandt - Dialoghi in Galleria\"\n               data-image-slug=\"pla_9876\"\n               class=\"ngg-fancybox\" rel=\"ccedcbd7c3e816b272764b56fe39d032\">\n                <img\n                    title=\"Rembrandt incontra Rembrandt - Dialoghi in Galleria\"\n                    alt=\"Rembrandt incontra Rembrandt - Dialoghi in Galleria\"\n                    src=\"http:\/\/www.spaziotorino.it\/scatto\/wp-content\/gallery\/2022_12_14_rembrandt\/cache\/PLA_9876.jpg-nggid0528023-ngg0dyn-60x60x100-00f0w010c011r110f110r010t010.jpg\"\n                    width=\"60\"\n                    height=\"60\"\n                    style=\"max-width:100%;\"\n                \/>\n            <\/a>\n        <\/div>\n\t\t\t\t\t\t\t<\/div> \n\t\t\t\n        \n\t\t\t\t<div id=\"ngg-image-1\" class=\"ngg-gallery-thumbnail-box\" >\n\t\t\t\t        <div class=\"ngg-gallery-thumbnail\">\n            <a href=\"http:\/\/www.spaziotorino.it\/scatto\/wp-content\/gallery\/2022_12_14_rembrandt\/PLA_9874.jpg\"\n               title=\"Rembrandt incontra Rembrandt - Dialoghi in Galleria\"\n               data-src=\"http:\/\/www.spaziotorino.it\/scatto\/wp-content\/gallery\/2022_12_14_rembrandt\/PLA_9874.jpg\"\n               data-thumbnail=\"http:\/\/www.spaziotorino.it\/scatto\/wp-content\/gallery\/2022_12_14_rembrandt\/thumbs\/thumbs_PLA_9874.jpg\"\n               data-image-id=\"28024\"\n               data-title=\"Rembrandt incontra Rembrandt - Dialoghi in Galleria\"\n               data-description=\"Rembrandt incontra Rembrandt - Dialoghi in Galleria\"\n               data-image-slug=\"pla_9874\"\n               class=\"ngg-fancybox\" rel=\"ccedcbd7c3e816b272764b56fe39d032\">\n                <img\n                    title=\"Rembrandt incontra Rembrandt - Dialoghi in Galleria\"\n                    alt=\"Rembrandt incontra Rembrandt - Dialoghi in Galleria\"\n                    src=\"http:\/\/www.spaziotorino.it\/scatto\/wp-content\/gallery\/2022_12_14_rembrandt\/cache\/PLA_9874.jpg-nggid0528024-ngg0dyn-60x60x100-00f0w010c011r110f110r010t010.jpg\"\n                    width=\"60\"\n                    height=\"60\"\n                    style=\"max-width:100%;\"\n                \/>\n            <\/a>\n        <\/div>\n\t\t\t\t\t\t\t<\/div> \n\t\t\t\n        \n\t\t\t\t<div id=\"ngg-image-2\" class=\"ngg-gallery-thumbnail-box\" >\n\t\t\t\t        <div class=\"ngg-gallery-thumbnail\">\n            <a href=\"http:\/\/www.spaziotorino.it\/scatto\/wp-content\/gallery\/2022_12_14_rembrandt\/PLA_9889.jpg\"\n               title=\"Rembrandt incontra Rembrandt - Dialoghi in Galleria\"\n               data-src=\"http:\/\/www.spaziotorino.it\/scatto\/wp-content\/gallery\/2022_12_14_rembrandt\/PLA_9889.jpg\"\n               data-thumbnail=\"http:\/\/www.spaziotorino.it\/scatto\/wp-content\/gallery\/2022_12_14_rembrandt\/thumbs\/thumbs_PLA_9889.jpg\"\n               data-image-id=\"28025\"\n               data-title=\"Rembrandt incontra Rembrandt - Dialoghi in Galleria\"\n               data-description=\"Rembrandt incontra Rembrandt - Dialoghi in Galleria\"\n               data-image-slug=\"pla_9889\"\n               class=\"ngg-fancybox\" rel=\"ccedcbd7c3e816b272764b56fe39d032\">\n                <img\n                    title=\"Rembrandt incontra Rembrandt - Dialoghi in Galleria\"\n                    alt=\"Rembrandt incontra Rembrandt - Dialoghi in Galleria\"\n                    src=\"http:\/\/www.spaziotorino.it\/scatto\/wp-content\/gallery\/2022_12_14_rembrandt\/cache\/PLA_9889.jpg-nggid0528025-ngg0dyn-60x60x100-00f0w010c011r110f110r010t010.jpg\"\n                    width=\"60\"\n                    height=\"60\"\n                    style=\"max-width:100%;\"\n                \/>\n            <\/a>\n        <\/div>\n\t\t\t\t\t\t\t<\/div> \n\t\t\t\n        \n\t\t\t\t<div id=\"ngg-image-3\" class=\"ngg-gallery-thumbnail-box\" >\n\t\t\t\t        <div class=\"ngg-gallery-thumbnail\">\n            <a href=\"http:\/\/www.spaziotorino.it\/scatto\/wp-content\/gallery\/2022_12_14_rembrandt\/PLA_9882.jpg\"\n               title=\"Rembrandt incontra Rembrandt - Dialoghi in Galleria\"\n               data-src=\"http:\/\/www.spaziotorino.it\/scatto\/wp-content\/gallery\/2022_12_14_rembrandt\/PLA_9882.jpg\"\n               data-thumbnail=\"http:\/\/www.spaziotorino.it\/scatto\/wp-content\/gallery\/2022_12_14_rembrandt\/thumbs\/thumbs_PLA_9882.jpg\"\n               data-image-id=\"28026\"\n               data-title=\"Rembrandt incontra Rembrandt - Dialoghi in Galleria\"\n               data-description=\"Rembrandt incontra Rembrandt - Dialoghi in Galleria\"\n               data-image-slug=\"pla_9882\"\n               class=\"ngg-fancybox\" rel=\"ccedcbd7c3e816b272764b56fe39d032\">\n                <img\n                    title=\"Rembrandt incontra Rembrandt - Dialoghi in Galleria\"\n                    alt=\"Rembrandt incontra Rembrandt - Dialoghi in Galleria\"\n                    src=\"http:\/\/www.spaziotorino.it\/scatto\/wp-content\/gallery\/2022_12_14_rembrandt\/cache\/PLA_9882.jpg-nggid0528026-ngg0dyn-60x60x100-00f0w010c011r110f110r010t010.jpg\"\n                    width=\"60\"\n                    height=\"60\"\n                    style=\"max-width:100%;\"\n                \/>\n            <\/a>\n        <\/div>\n\t\t\t\t\t\t\t<\/div> \n\t\t\t\n        \n\t\t\t\t<div id=\"ngg-image-4\" class=\"ngg-gallery-thumbnail-box\" >\n\t\t\t\t        <div class=\"ngg-gallery-thumbnail\">\n            <a href=\"http:\/\/www.spaziotorino.it\/scatto\/wp-content\/gallery\/2022_12_14_rembrandt\/PLA_9887.jpg\"\n               title=\"Rembrandt incontra Rembrandt - Dialoghi in Galleria\"\n               data-src=\"http:\/\/www.spaziotorino.it\/scatto\/wp-content\/gallery\/2022_12_14_rembrandt\/PLA_9887.jpg\"\n               data-thumbnail=\"http:\/\/www.spaziotorino.it\/scatto\/wp-content\/gallery\/2022_12_14_rembrandt\/thumbs\/thumbs_PLA_9887.jpg\"\n               data-image-id=\"28027\"\n               data-title=\"Rembrandt incontra Rembrandt - Dialoghi in Galleria\"\n               data-description=\"Rembrandt incontra Rembrandt - Dialoghi in Galleria\"\n               data-image-slug=\"pla_9887-1\"\n               class=\"ngg-fancybox\" rel=\"ccedcbd7c3e816b272764b56fe39d032\">\n                <img\n                    title=\"Rembrandt incontra Rembrandt - Dialoghi in Galleria\"\n                    alt=\"Rembrandt incontra Rembrandt - Dialoghi in Galleria\"\n                    src=\"http:\/\/www.spaziotorino.it\/scatto\/wp-content\/gallery\/2022_12_14_rembrandt\/cache\/PLA_9887.jpg-nggid0528027-ngg0dyn-60x60x100-00f0w010c011r110f110r010t010.jpg\"\n                    width=\"60\"\n                    height=\"60\"\n                    style=\"max-width:100%;\"\n                \/>\n            <\/a>\n        <\/div>\n\t\t\t\t\t\t\t<\/div> \n\t\t\t\n        \n\t\t\t\t<div id=\"ngg-image-5\" class=\"ngg-gallery-thumbnail-box\" >\n\t\t\t\t        <div class=\"ngg-gallery-thumbnail\">\n            <a href=\"http:\/\/www.spaziotorino.it\/scatto\/wp-content\/gallery\/2022_12_14_rembrandt\/PLA_9888.jpg\"\n               title=\"Rembrandt incontra Rembrandt - Dialoghi in Galleria\"\n               data-src=\"http:\/\/www.spaziotorino.it\/scatto\/wp-content\/gallery\/2022_12_14_rembrandt\/PLA_9888.jpg\"\n               data-thumbnail=\"http:\/\/www.spaziotorino.it\/scatto\/wp-content\/gallery\/2022_12_14_rembrandt\/thumbs\/thumbs_PLA_9888.jpg\"\n               data-image-id=\"28028\"\n               data-title=\"Rembrandt incontra Rembrandt - Dialoghi in Galleria\"\n               data-description=\"Rembrandt incontra Rembrandt - Dialoghi in Galleria\"\n               data-image-slug=\"pla_9888-1\"\n               class=\"ngg-fancybox\" rel=\"ccedcbd7c3e816b272764b56fe39d032\">\n                <img\n                    title=\"Rembrandt incontra Rembrandt - Dialoghi in Galleria\"\n                    alt=\"Rembrandt incontra Rembrandt - Dialoghi in Galleria\"\n                    src=\"http:\/\/www.spaziotorino.it\/scatto\/wp-content\/gallery\/2022_12_14_rembrandt\/cache\/PLA_9888.jpg-nggid0528028-ngg0dyn-60x60x100-00f0w010c011r110f110r010t010.jpg\"\n                    width=\"60\"\n                    height=\"60\"\n                    style=\"max-width:100%;\"\n                \/>\n            <\/a>\n        <\/div>\n\t\t\t\t\t\t\t<\/div> \n\t\t\t\n        \n\t\t\t\t<div id=\"ngg-image-6\" class=\"ngg-gallery-thumbnail-box\" >\n\t\t\t\t        <div class=\"ngg-gallery-thumbnail\">\n            <a href=\"http:\/\/www.spaziotorino.it\/scatto\/wp-content\/gallery\/2022_12_14_rembrandt\/PLA_9891.jpg\"\n               title=\"Rembrandt incontra Rembrandt - Dialoghi in Galleria\"\n               data-src=\"http:\/\/www.spaziotorino.it\/scatto\/wp-content\/gallery\/2022_12_14_rembrandt\/PLA_9891.jpg\"\n               data-thumbnail=\"http:\/\/www.spaziotorino.it\/scatto\/wp-content\/gallery\/2022_12_14_rembrandt\/thumbs\/thumbs_PLA_9891.jpg\"\n               data-image-id=\"28029\"\n               data-title=\"Rembrandt incontra Rembrandt - Dialoghi in Galleria\"\n               data-description=\"Rembrandt incontra Rembrandt - Dialoghi in Galleria\"\n               data-image-slug=\"pla_9891\"\n               class=\"ngg-fancybox\" rel=\"ccedcbd7c3e816b272764b56fe39d032\">\n                <img\n                    title=\"Rembrandt incontra Rembrandt - Dialoghi in Galleria\"\n                    alt=\"Rembrandt incontra Rembrandt - Dialoghi in Galleria\"\n                    src=\"http:\/\/www.spaziotorino.it\/scatto\/wp-content\/gallery\/2022_12_14_rembrandt\/cache\/PLA_9891.jpg-nggid0528029-ngg0dyn-60x60x100-00f0w010c011r110f110r010t010.jpg\"\n                    width=\"60\"\n                    height=\"60\"\n                    style=\"max-width:100%;\"\n                \/>\n            <\/a>\n        <\/div>\n\t\t\t\t\t\t\t<\/div> \n\t\t\t\n        \n\t\t\n\t\t<!-- Pagination -->\n\t<div class='ngg-clear'><\/div>\t<\/div>\n\n<p>La mostra pu\u00f2 contare sul prestito di un capolavoro di&nbsp;<strong>Rembrandt<\/strong>&nbsp;raffigurante La cena in Emmaus conservato presso il Mus\u00e9e Jacquemart-Andr\u00e9 di Parigi, grazie alla consueta policy di scambio dei Musei Reali con importanti istituzioni italiane ed europee. \u00c9 l&#8217;occasione per mettere a confronto il dipinto francese con il Ritratto di vecchio dormiente della&nbsp;<strong>Galleria Sabauda<\/strong>, uno dei rarissimi quadri del maestro olandese presenti nelle collezioni nazionali italiane.<\/p>\n<p>Maggiori informazioni su <a href=\"http:\/\/www.museireali.beniculturali.it\">www.museireali.beniculturali.it<\/a><\/p>\n","protected":false},"excerpt":{"rendered":"<p>La mostra pu\u00f2 contare sul prestito di un capolavoro di&nbsp;Rembrandt&nbsp;raffigurante La cena in Emmaus conservato presso il Mus\u00e9e Jacquemart-Andr\u00e9 di Parigi, grazie alla consueta policy di scambio dei Musei Reali con importanti istituzioni italiane ed europee. \u00c9 l&#8217;occasione per mettere a confronto il dipinto francese con il Ritratto di vecchio dormiente della&nbsp;Galleria Sabauda, uno dei [&hellip;]<\/p>\n","protected":false},"author":1,"featured_media":0,"comment_status":"closed","ping_status":"open","sticky":false,"template":"","format":"standard","meta":{"ngg_post_thumbnail":0},"categories":[54,1],"tags":[],"_links":{"self":[{"href":"http:\/\/www.spaziotorino.it\/scatto\/index.php?rest_route=\/wp\/v2\/posts\/43935"}],"collection":[{"href":"http:\/\/www.spaziotorino.it\/scatto\/index.php?rest_route=\/wp\/v2\/posts"}],"about":[{"href":"http:\/\/www.spaziotorino.it\/scatto\/index.php?rest_route=\/wp\/v2\/types\/post"}],"author":[{"embeddable":true,"href":"http:\/\/www.spaziotorino.it\/scatto\/index.php?rest_route=\/wp\/v2\/users\/1"}],"replies":[{"embeddable":true,"href":"http:\/\/www.spaziotorino.it\/scatto\/index.php?rest_route=%2Fwp%2Fv2%2Fcomments&post=43935"}],"version-history":[{"count":1,"href":"http:\/\/www.spaziotorino.it\/scatto\/index.php?rest_route=\/wp\/v2\/posts\/43935\/revisions"}],"predecessor-version":[{"id":43936,"href":"http:\/\/www.spaziotorino.it\/scatto\/index.php?rest_route=\/wp\/v2\/posts\/43935\/revisions\/43936"}],"wp:attachment":[{"href":"http:\/\/www.spaziotorino.it\/scatto\/index.php?rest_route=%2Fwp%2Fv2%2Fmedia&parent=43935"}],"wp:term":[{"taxonomy":"category","embeddable":true,"href":"http:\/\/www.spaziotorino.it\/scatto\/index.php?rest_route=%2Fwp%2Fv2%2Fcategories&post=43935"},{"taxonomy":"post_tag","embeddable":true,"href":"http:\/\/www.spaziotorino.it\/scatto\/index.php?rest_route=%2Fwp%2Fv2%2Ftags&post=43935"}],"curies":[{"name":"wp","href":"https:\/\/api.w.org\/{rel}","templated":true}]}}