{"id":43947,"date":"2022-12-15T14:56:21","date_gmt":"2022-12-15T13:56:21","guid":{"rendered":"http:\/\/www.spaziotorino.it\/scatto\/?p=43947"},"modified":"2022-12-16T11:58:56","modified_gmt":"2022-12-16T10:58:56","slug":"un-muro-in-fiore-a-torino-lartista-doa-oa-firma-il-nuovo-murale-in-via-fratelli-calandra","status":"publish","type":"post","link":"http:\/\/www.spaziotorino.it\/scatto\/?p=43947","title":{"rendered":"Un muro in fiore a Torino &#8211; L\u2019artista Doa Oa firma il nuovo murale in via Fratelli Calandra"},"content":{"rendered":"<p><a class=\"ngg-fancybox\" title=\"Un muro in fiore a Torino - L\u2019artista Doa Oa firma il nuovo murale in via Fratelli Calandra\" href=\"http:\/\/www.spaziotorino.it\/scatto\/wp-content\/gallery\/2022_12_15_doaoa\/PLA_0248.jpg\" rel=\"lightbox[set_1855]\"><br \/>\n<img decoding=\"async\" loading=\"lazy\" class=\"ngg-singlepic\" title=\"Un muro in fiore a Torino - L\u2019artista Doa Oa firma il nuovo murale in via Fratelli Calandra\" src=\"http:\/\/www.spaziotorino.it\/scatto\/wp-content\/gallery\/2022_12_15_doaoa\/PLA_0248.jpg\" alt=\"\" width=\"540\" height=\"360\"\/><\/a><\/p>\n<!-- index.php -->\n<div\n\tclass=\"ngg-galleryoverview ngg-ajax-pagination-none\"\n\tid=\"ngg-gallery-743bcc59f44335820e1dab0144cd8530-1\">\n\n    \t\t<!-- Thumbnails -->\n\t\t\t\t<div id=\"ngg-image-0\" class=\"ngg-gallery-thumbnail-box\" >\n\t\t\t\t        <div class=\"ngg-gallery-thumbnail\">\n            <a href=\"http:\/\/www.spaziotorino.it\/scatto\/wp-content\/gallery\/2022_12_15_doaoa\/PLA_0272.jpg\"\n               title=\"Inaugurazione murale \u2018Althaea Officinalis l.\u2019 realizzato dall&#039;artista Doa Oa\"\n               data-src=\"http:\/\/www.spaziotorino.it\/scatto\/wp-content\/gallery\/2022_12_15_doaoa\/PLA_0272.jpg\"\n               data-thumbnail=\"http:\/\/www.spaziotorino.it\/scatto\/wp-content\/gallery\/2022_12_15_doaoa\/thumbs\/thumbs_PLA_0272.jpg\"\n               data-image-id=\"28037\"\n               data-title=\"Inaugurazione murale \u2018Althaea Officinalis l.\u2019 realizzato dall&#039;artista Doa Oa\"\n               data-description=\"Inaugurazione murale \u2018Althaea Officinalis l.\u2019 realizzato dall&#039;artista Doa Oa\"\n               data-image-slug=\"pla_0272\"\n               class=\"ngg-fancybox\" rel=\"743bcc59f44335820e1dab0144cd8530\">\n                <img\n                    title=\"Inaugurazione murale \u2018Althaea Officinalis l.\u2019 realizzato dall&#039;artista Doa Oa\"\n                    alt=\"Inaugurazione murale \u2018Althaea Officinalis l.\u2019 realizzato dall&#039;artista Doa Oa\"\n                    src=\"http:\/\/www.spaziotorino.it\/scatto\/wp-content\/gallery\/2022_12_15_doaoa\/cache\/PLA_0272.jpg-nggid0528037-ngg0dyn-60x60x100-00f0w010c011r110f110r010t010.jpg\"\n                    width=\"60\"\n                    height=\"60\"\n                    style=\"max-width:100%;\"\n                \/>\n            <\/a>\n        <\/div>\n\t\t\t\t\t\t\t<\/div> \n\t\t\t\n        \n\t\t\t\t<div id=\"ngg-image-1\" class=\"ngg-gallery-thumbnail-box\" >\n\t\t\t\t        <div class=\"ngg-gallery-thumbnail\">\n            <a href=\"http:\/\/www.spaziotorino.it\/scatto\/wp-content\/gallery\/2022_12_15_doaoa\/PLA_0268.jpg\"\n               title=\"Gianmaria Restelli, Carlotta Salerno e Paola Cappitelli\"\n               data-src=\"http:\/\/www.spaziotorino.it\/scatto\/wp-content\/gallery\/2022_12_15_doaoa\/PLA_0268.jpg\"\n               data-thumbnail=\"http:\/\/www.spaziotorino.it\/scatto\/wp-content\/gallery\/2022_12_15_doaoa\/thumbs\/thumbs_PLA_0268.jpg\"\n               data-image-id=\"28032\"\n               data-title=\"Gianmaria Restelli, Carlotta Salerno e Paola Cappitelli\"\n               data-description=\"Gianmaria Restelli, Carlotta Salerno e Paola Cappitelli\"\n               data-image-slug=\"pla_0268\"\n               class=\"ngg-fancybox\" rel=\"743bcc59f44335820e1dab0144cd8530\">\n                <img\n                    title=\"Gianmaria Restelli, Carlotta Salerno e Paola Cappitelli\"\n                    alt=\"Gianmaria Restelli, Carlotta Salerno e Paola Cappitelli\"\n                    src=\"http:\/\/www.spaziotorino.it\/scatto\/wp-content\/gallery\/2022_12_15_doaoa\/cache\/PLA_0268.jpg-nggid0528032-ngg0dyn-60x60x100-00f0w010c011r110f110r010t010.jpg\"\n                    width=\"60\"\n                    height=\"60\"\n                    style=\"max-width:100%;\"\n                \/>\n            <\/a>\n        <\/div>\n\t\t\t\t\t\t\t<\/div> \n\t\t\t\n        \n\t\t\t\t<div id=\"ngg-image-2\" class=\"ngg-gallery-thumbnail-box\" >\n\t\t\t\t        <div class=\"ngg-gallery-thumbnail\">\n            <a href=\"http:\/\/www.spaziotorino.it\/scatto\/wp-content\/gallery\/2022_12_15_doaoa\/PLA_0259.jpg\"\n               title=\"Inaugurazione murale \u2018Althaea Officinalis l.\u2019 realizzato dall&#039;artista Doa Oa\"\n               data-src=\"http:\/\/www.spaziotorino.it\/scatto\/wp-content\/gallery\/2022_12_15_doaoa\/PLA_0259.jpg\"\n               data-thumbnail=\"http:\/\/www.spaziotorino.it\/scatto\/wp-content\/gallery\/2022_12_15_doaoa\/thumbs\/thumbs_PLA_0259.jpg\"\n               data-image-id=\"28031\"\n               data-title=\"Inaugurazione murale \u2018Althaea Officinalis l.\u2019 realizzato dall&#039;artista Doa Oa\"\n               data-description=\"Inaugurazione murale \u2018Althaea Officinalis l.\u2019 realizzato dall&#039;artista Doa Oa\"\n               data-image-slug=\"pla_0259\"\n               class=\"ngg-fancybox\" rel=\"743bcc59f44335820e1dab0144cd8530\">\n                <img\n                    title=\"Inaugurazione murale \u2018Althaea Officinalis l.\u2019 realizzato dall&#039;artista Doa Oa\"\n                    alt=\"Inaugurazione murale \u2018Althaea Officinalis l.\u2019 realizzato dall&#039;artista Doa Oa\"\n                    src=\"http:\/\/www.spaziotorino.it\/scatto\/wp-content\/gallery\/2022_12_15_doaoa\/cache\/PLA_0259.jpg-nggid0528031-ngg0dyn-60x60x100-00f0w010c011r110f110r010t010.jpg\"\n                    width=\"60\"\n                    height=\"60\"\n                    style=\"max-width:100%;\"\n                \/>\n            <\/a>\n        <\/div>\n\t\t\t\t\t\t\t<\/div> \n\t\t\t\n        \n\t\t\t\t<div id=\"ngg-image-3\" class=\"ngg-gallery-thumbnail-box\" >\n\t\t\t\t        <div class=\"ngg-gallery-thumbnail\">\n            <a href=\"http:\/\/www.spaziotorino.it\/scatto\/wp-content\/gallery\/2022_12_15_doaoa\/PLA_0281.jpg\"\n               title=\"Inaugurazione murale \u2018Althaea Officinalis l.\u2019 realizzato dall&#039;artista Doa Oa\"\n               data-src=\"http:\/\/www.spaziotorino.it\/scatto\/wp-content\/gallery\/2022_12_15_doaoa\/PLA_0281.jpg\"\n               data-thumbnail=\"http:\/\/www.spaziotorino.it\/scatto\/wp-content\/gallery\/2022_12_15_doaoa\/thumbs\/thumbs_PLA_0281.jpg\"\n               data-image-id=\"28038\"\n               data-title=\"Inaugurazione murale \u2018Althaea Officinalis l.\u2019 realizzato dall&#039;artista Doa Oa\"\n               data-description=\"Inaugurazione murale \u2018Althaea Officinalis l.\u2019 realizzato dall&#039;artista Doa Oa\"\n               data-image-slug=\"pla_0281\"\n               class=\"ngg-fancybox\" rel=\"743bcc59f44335820e1dab0144cd8530\">\n                <img\n                    title=\"Inaugurazione murale \u2018Althaea Officinalis l.\u2019 realizzato dall&#039;artista Doa Oa\"\n                    alt=\"Inaugurazione murale \u2018Althaea Officinalis l.\u2019 realizzato dall&#039;artista Doa Oa\"\n                    src=\"http:\/\/www.spaziotorino.it\/scatto\/wp-content\/gallery\/2022_12_15_doaoa\/cache\/PLA_0281.jpg-nggid0528038-ngg0dyn-60x60x100-00f0w010c011r110f110r010t010.jpg\"\n                    width=\"60\"\n                    height=\"60\"\n                    style=\"max-width:100%;\"\n                \/>\n            <\/a>\n        <\/div>\n\t\t\t\t\t\t\t<\/div> \n\t\t\t\n        \n\t\t\t\t<div id=\"ngg-image-4\" class=\"ngg-gallery-thumbnail-box\" >\n\t\t\t\t        <div class=\"ngg-gallery-thumbnail\">\n            <a href=\"http:\/\/www.spaziotorino.it\/scatto\/wp-content\/gallery\/2022_12_15_doaoa\/ALTHAEA_6.jpg\"\n               title=\"Doa Oa all&#039;opera\"\n               data-src=\"http:\/\/www.spaziotorino.it\/scatto\/wp-content\/gallery\/2022_12_15_doaoa\/ALTHAEA_6.jpg\"\n               data-thumbnail=\"http:\/\/www.spaziotorino.it\/scatto\/wp-content\/gallery\/2022_12_15_doaoa\/thumbs\/thumbs_ALTHAEA_6.jpg\"\n               data-image-id=\"28033\"\n               data-title=\"Doa Oa all&#039;opera\"\n               data-description=\"Doa Oa all&#039;opera\"\n               data-image-slug=\"althaea_6\"\n               class=\"ngg-fancybox\" rel=\"743bcc59f44335820e1dab0144cd8530\">\n                <img\n                    title=\"Doa Oa all&#039;opera\"\n                    alt=\"Doa Oa all&#039;opera\"\n                    src=\"http:\/\/www.spaziotorino.it\/scatto\/wp-content\/gallery\/2022_12_15_doaoa\/cache\/ALTHAEA_6.jpg-nggid0528033-ngg0dyn-60x60x100-00f0w010c011r110f110r010t010.jpg\"\n                    width=\"60\"\n                    height=\"60\"\n                    style=\"max-width:100%;\"\n                \/>\n            <\/a>\n        <\/div>\n\t\t\t\t\t\t\t<\/div> \n\t\t\t\n        \n\t\t\t\t<div id=\"ngg-image-5\" class=\"ngg-gallery-thumbnail-box\" >\n\t\t\t\t        <div class=\"ngg-gallery-thumbnail\">\n            <a href=\"http:\/\/www.spaziotorino.it\/scatto\/wp-content\/gallery\/2022_12_15_doaoa\/ALTHAEA_2.jpg\"\n               title=\"Doa Oa all&#039;opera\"\n               data-src=\"http:\/\/www.spaziotorino.it\/scatto\/wp-content\/gallery\/2022_12_15_doaoa\/ALTHAEA_2.jpg\"\n               data-thumbnail=\"http:\/\/www.spaziotorino.it\/scatto\/wp-content\/gallery\/2022_12_15_doaoa\/thumbs\/thumbs_ALTHAEA_2.jpg\"\n               data-image-id=\"28034\"\n               data-title=\"Doa Oa all&#039;opera\"\n               data-description=\"Doa Oa all&#039;opera\"\n               data-image-slug=\"althaea_2\"\n               class=\"ngg-fancybox\" rel=\"743bcc59f44335820e1dab0144cd8530\">\n                <img\n                    title=\"Doa Oa all&#039;opera\"\n                    alt=\"Doa Oa all&#039;opera\"\n                    src=\"http:\/\/www.spaziotorino.it\/scatto\/wp-content\/gallery\/2022_12_15_doaoa\/cache\/ALTHAEA_2.jpg-nggid0528034-ngg0dyn-60x60x100-00f0w010c011r110f110r010t010.jpg\"\n                    width=\"60\"\n                    height=\"60\"\n                    style=\"max-width:100%;\"\n                \/>\n            <\/a>\n        <\/div>\n\t\t\t\t\t\t\t<\/div> \n\t\t\t\n        \n\t\t\t\t<div id=\"ngg-image-6\" class=\"ngg-gallery-thumbnail-box\" >\n\t\t\t\t        <div class=\"ngg-gallery-thumbnail\">\n            <a href=\"http:\/\/www.spaziotorino.it\/scatto\/wp-content\/gallery\/2022_12_15_doaoa\/ALTHAEA_4.jpg\"\n               title=\"Un muro in fiore a Torino - L\u2019artista Doa Oa firma il nuovo murale in via Fratelli Calandra, 10\"\n               data-src=\"http:\/\/www.spaziotorino.it\/scatto\/wp-content\/gallery\/2022_12_15_doaoa\/ALTHAEA_4.jpg\"\n               data-thumbnail=\"http:\/\/www.spaziotorino.it\/scatto\/wp-content\/gallery\/2022_12_15_doaoa\/thumbs\/thumbs_ALTHAEA_4.jpg\"\n               data-image-id=\"28036\"\n               data-title=\"Un muro in fiore a Torino - L\u2019artista Doa Oa firma il nuovo murale in via Fratelli Calandra, 10\"\n               data-description=\"Un muro in fiore a Torino - L\u2019artista Doa Oa firma il nuovo murale in via Fratelli Calandra, 10\"\n               data-image-slug=\"althaea_4\"\n               class=\"ngg-fancybox\" rel=\"743bcc59f44335820e1dab0144cd8530\">\n                <img\n                    title=\"Un muro in fiore a Torino - L\u2019artista Doa Oa firma il nuovo murale in via Fratelli Calandra, 10\"\n                    alt=\"Un muro in fiore a Torino - L\u2019artista Doa Oa firma il nuovo murale in via Fratelli Calandra, 10\"\n                    src=\"http:\/\/www.spaziotorino.it\/scatto\/wp-content\/gallery\/2022_12_15_doaoa\/cache\/ALTHAEA_4.jpg-nggid0528036-ngg0dyn-60x60x100-00f0w010c011r110f110r010t010.jpg\"\n                    width=\"60\"\n                    height=\"60\"\n                    style=\"max-width:100%;\"\n                \/>\n            <\/a>\n        <\/div>\n\t\t\t\t\t\t\t<\/div> \n\t\t\t\n        \n\t\t\n\t\t<!-- Pagination -->\n\t<div class='ngg-clear'><\/div>\t<\/div>\n\n<p>Si \u00e8 tenuta questa mattina la presentazione alla stampa e inaugurazione del muro di via Fratelli Calandra, 10 alla presenza dell\u2019Assessorato alla Cultura e dell\u2019Assessorato alle Politiche Educative, Giovanili, Periferie e Rigenerazione Urbana della Citt\u00e0 di Torino, insieme a 24 ORE Cultura e a Gruppo Unipol.<\/p>\n<p>Da oltre due decenni la <strong><u>Citt\u00e0 di Torino<\/u><\/strong> lavora a <strong>percorsi di valorizzazione dei territori urbani<\/strong> <strong>attraverso<\/strong> l\u2019arte a cielo aperto e si \u00e8 distinta per i progetti di promozione e sviluppo dell\u2019Urban Art con <em>To Shape. Urban Art District<\/em> e con la creazione di <strong>un Distretto dell\u2019Urban Art torinese<\/strong> che nel tempo ha messo a sistema conoscenze, esperienze e linguaggi consolidati che rappresentano una cifra specifica della street culture torinese, cresciuta in un confronto serrato e fecondo con la scena internazionale.<\/p>\n<p>Sono pi\u00f9 di <strong>5.000<\/strong>, infatti, i <strong><u>metri quadri di superficie muraria dipinta<\/u><\/strong> di cui Torino dispone, che testimoniano lo sviluppo della <em>Street e Urban Art<\/em>, a partire dalla sua nascita <em>underground <\/em>fino all\u2019attuale esplosione come fenomeno artistico di massa.<\/p>\n<p>All\u2019interno dell\u2019attenzione al quadro artistico internazionale e al linguaggio \u2018ecumenico\u2019 rivolto a tutta la comunit\u00e0 locale, si inserisce la<strong> nuova <u>proposta del Comune di Torino<\/u><\/strong> di intervento di valorizzazione urbana nel territorio della Circoscrizione 1 con <strong>il nuovo murale<\/strong><strong> \u2018botanico\u2019 di via Fratelli Calandra n.10, <\/strong>strada che&nbsp;pu\u00f2 essere considerata di diritto una &#8220;porta&#8221;, <strong>un ingresso ideale<\/strong> che invita verso il centro della citt\u00e0. \u00c8 infatti il prolungamento di corso Massimo D&#8217;Azeglio; a 20 metri dalla via sorge <strong>il Parco del Valentino,<\/strong> il polmone verde della citt\u00e0 nonch\u00e9 la sede dell\u2019orto botanico.<\/p>\n<p><strong>La parete alta e stretta<\/strong> \u2013 fino a pochi giorni fa usurata da oltre cento anni di vita e da una guerra mondiale nel mezzo e che appartiene a una bella quanto caratteristica palazzina dei primi del Novecento \u2013 <strong>\u00e8 diventata una tela di 80 mq<\/strong>, commissionata all\u2019artista galiziana di fama internazionale <strong>DOA OA<\/strong> da <strong><u>24 ORE Cultura<\/u><\/strong>-Gruppo 24 ORE con la sponsorizzazione di <strong><u>Gruppo Unipol <\/u><\/strong>e con la collaborazione del <strong><u>Comune di Torino.<\/u><\/strong> La gestione del cantiere artistico \u00e8 affidata a <strong>Fondazione Contrada&nbsp;Torino onlus<\/strong>.<\/p>\n<p>Il murale \u2018floreale\u2019, dal titolo <em>Althaea officinalis L.,<\/em> \u00e8 stato presentato questa mattina alla stampa e inaugurato al pubblico. In via Fratelli Calandra 10 sono infatti intervenuti alle 12:30 <strong>Rosanna Purchia<\/strong>, Assessora alla Cultura della Citt\u00e0 di Torino e <strong>Carlotta Salerno<\/strong> Assessora alle Politiche Educative, Giovanili, Periferie e Rigenerazione Urbana della Citt\u00e0 di Torino, che insieme a <strong>Paola Cappitelli<\/strong> Responsabile sviluppo mostre e progetti internazionali di 24 ORE Cultura e a <strong>Gianmaria Restelli,<\/strong> Responsabile Comunicazione Esterna e Corporate Image di Gruppo Unipol, hanno raccontato l\u2019opera dell\u2019artista DOA OA e il progetto di rigenerazione urbana di questo tratto di strada, all\u2019interno della Circoscrizione 1.<\/p>\n<p><em>&#8220;Il murale a tema floreale dipinto sulle pareti di Via Fratelli Calandra rappresenta un forte richiamo alla natura e allo stesso tempo una boccata d&#8217;ossigeno tra i palazzi della nostra citt\u00e0. L&#8217;artista Doa Oa ha messo a disposizione il suo talento e la sua esperienza, lanciando a noi tutte e tutti una chiara richiesta di tutela del nostro ecosistema, di maggiore consapevolezza e di rispetto per l&#8217;ambiente \u2013 <\/em><strong>dichiarano le assessore alla Cultura Rosanna Purchia e alle Politiche Educative, Giovanili, Periferie e Rigenerazione Urbana <\/strong><strong>della Citt\u00e0 di Torino<\/strong><strong> Carlotta Salerno<\/strong> -. <em>Con &#8220;Althaea officinalis L.&#8221; si arricchisce la collezione di opere pittoriche realizzate sulle superfici murarie di Torino, ormai un punto di riferimento internazionale per l&#8217;arte urbana. Per questo motivo 24 ORE Cultura e Gruppo Unipol hanno scelto di commissionare e sponsorizzare quest&#8217;opera proprio sul territorio torinese. Ma non finir\u00e0 qui, perch\u00e9 questa iniziativa, destinata a ripetersi, si aggiunge ai molti altri progetti che vedono la preziosa collaborazione di 24 ORE Cultura. Dopo via Fratelli Calandra, il prossimo appuntamento \u00e8 il 23 dicembre in piazza San Carlo. Ringraziamo quindi gli sponsor per la generosit\u00e0 e la fiducia, insieme all&#8217;artista, agli uffici della Citt\u00e0 e a Fondazione Contrada per la direzione dei lavori.&#8221;<\/em><\/p>\n<p>Il murale di DOA OA \u00e8 infatti l\u2019ultimo tassello in ordine di tempo, il frutto di un <strong><u>virtuoso progetto di urban art che Gruppo Unipol e 24 ORE Cultura stanno portando avanti da tempo<\/u><\/strong>, nella convinzione comune che l\u2019arte debba \u2018uscire\u2019 fuori dai musei, \u2018estroflettersi\u2019 dalle sale chiuse alle strade vissute da tutti, contribuendo cos\u00ec a creare un prezioso legame di collaborazione tra le istituzioni e la comunit\u00e0. Un legame in cui anche l\u2019impresa privata pu\u00f2 trovare il proprio ruolo, sia in termini di mecenatismo sia con un contributo concreto alle scelte delle politiche culturali della citt\u00e0.&nbsp;<strong>&nbsp;<\/strong><\/p>\n<p><strong>DOA OA<\/strong> \u00e8 un\u2019artista multidisciplinare della Galizia che utilizza per i suoi dipinti i muri, su cui rappresenta spesso elementi decostruiti di specie vegetali, intesi come vere e proprie \u2018scene\u2019 di illustrazioni botaniche, sparse nello spazio del muro, spazzate dalla turbolenza di un vento immaginario.<\/p>\n<p>Il soggetto scelto da DOA OA per la citt\u00e0 di Torino ricade all&#8217;interno del suo progetto, chiamato &#8220;<strong><u>Reforesting<\/u><\/strong>&#8221; (Riforestazione).<\/p>\n<p><em>Reforesting<\/em> nasce nel 2014 con l&#8217;intento di far rivivere spazi dimenticati o muri abbandonati, immergendoli nell\u2019afflato poetico che spesso solo la natura \u2013 e l\u2019arte &#8211; riescono a consegnare a questi luoghi, attraverso l\u2019interpretazione pittorica di specie vegetali che solitamente crescono nel territorio oggetto del restauro creativo.<\/p>\n<p><strong>L\u2019obiettivo dell\u2019artista \u00e8 avvicinare da una parte lo spettatore alla conoscenza delle piante medicinali <\/strong>e degli usi officinali tramandati dalla tradizione millenaria della fitoterapia, <strong>dall\u2019altra ritrarre la bellezza del regno vegetale<\/strong>. L\u2019arte di Doa Oa vuole essere un prisma di ricerca artistica: attraverso la visione dei suoi quadri murari fiorisce nell\u2019osservatore anche la consapevolezza della necessit\u00e0 di conoscere il nostro ecosistema, per rispettarlo al meglio.<\/p>\n<p>Il <strong><u>Murale <em>Althaea officinalis L<\/em><\/u><em>.<\/em>,<\/strong> realizzato appositamente per la parete dell\u2019edificio dei primi anni del Novecento in via Fratelli Calandra, si ispira alla selvaggia bellezza dei fiori dell\u2019Althaea officinalis L., appartenente alla famiglia delle Malvacee (comunemente nota come Altea medicinale o Avisch), <strong>una pianta presente in Piemonte<\/strong>, nota per i suoi usi medicinali lenitivi ed emollienti, oltre che per i diversi usi delle sue radici nella preparazione di dolci. La Altea \u00e8 per\u00f2 anche una bellissima pianta ornamentale. Il suo nome deriva dal greco &#8220;<em>althain<\/em>&#8220;, che significa curare, guarire. Una composizione di fiori dai colori tenui, che, mescolata alla poetica della palazzina Anni Venti, richiama il concetto di guarigione e di cura, nostra personale ma anche del luogo, del territorio che abbiamo la fortuna di abitare.<\/p>\n<p><strong><u>Perch\u00e9 la scelta di questo tema<\/u><\/strong> per un muro di una via come quella di Fratelli Calandra? Il posizionamento del muro rappresenta \u2013 nella visione dell\u2019Amministrazione Comunale &#8211; un ingresso, una porta che per\u00f2 \u00e8 lontana da qualsiasi approccio monumentale tipico delle \u2018porte\u2019 che introducono a una metropoli. In particolare, vuole essere un ingresso \u2018gentile\u2019 al suo centro storico, al cuore di una citt\u00e0 che fa propri anche i toni anti-monumentali, che sa anche \u2018respirare\u2019 pi\u00f9 lentamente, ha caro il tema della botanica, della natura che cura, che si insinua nei distretti cementificati per donare ai polmoni un\u2019aria pi\u00f9 pulita, come fanno il Parco del Valentino e l\u2019orto botanico a pochi metri dalla via.<\/p>\n<p>L\u2019ARTISTA DOA OA.<\/p>\n<p>Doa Oa (Galizia, 1986), ha studiato Fotografia artistica (EASD Pablo Picasso) e Belle Arti (U. Vigo Pontevedra, Messico e Lisbona). Con una formazione multidisciplinare, la sua creazione artistica si muove tra pittura murale botanica, interventi e installazioni con tessuti e audiovisivi, grafica botanica e fotografia \u2018emozionale\u2019. Nel 2014 inizia un piano di interventi nello spazio pubblico attraverso la pittura murale a tema botanico, con cui partecipa a numerosi progetti di arte pubblica in Spagna, Portogallo, Italia, Francia, Kosovo, e altri Paesi.<\/p>\n<p><strong>&nbsp;<\/strong><\/p>\n","protected":false},"excerpt":{"rendered":"<p>Si \u00e8 tenuta questa mattina la presentazione alla stampa e inaugurazione del muro di via Fratelli Calandra, 10 alla presenza dell\u2019Assessorato alla Cultura e dell\u2019Assessorato alle Politiche Educative, Giovanili, Periferie e Rigenerazione Urbana della Citt\u00e0 di Torino, insieme a 24 ORE Cultura e a Gruppo Unipol. Da oltre due decenni la Citt\u00e0 di Torino lavora [&hellip;]<\/p>\n","protected":false},"author":1,"featured_media":0,"comment_status":"closed","ping_status":"open","sticky":false,"template":"","format":"standard","meta":{"ngg_post_thumbnail":0},"categories":[1,41],"tags":[],"_links":{"self":[{"href":"http:\/\/www.spaziotorino.it\/scatto\/index.php?rest_route=\/wp\/v2\/posts\/43947"}],"collection":[{"href":"http:\/\/www.spaziotorino.it\/scatto\/index.php?rest_route=\/wp\/v2\/posts"}],"about":[{"href":"http:\/\/www.spaziotorino.it\/scatto\/index.php?rest_route=\/wp\/v2\/types\/post"}],"author":[{"embeddable":true,"href":"http:\/\/www.spaziotorino.it\/scatto\/index.php?rest_route=\/wp\/v2\/users\/1"}],"replies":[{"embeddable":true,"href":"http:\/\/www.spaziotorino.it\/scatto\/index.php?rest_route=%2Fwp%2Fv2%2Fcomments&post=43947"}],"version-history":[{"count":1,"href":"http:\/\/www.spaziotorino.it\/scatto\/index.php?rest_route=\/wp\/v2\/posts\/43947\/revisions"}],"predecessor-version":[{"id":43948,"href":"http:\/\/www.spaziotorino.it\/scatto\/index.php?rest_route=\/wp\/v2\/posts\/43947\/revisions\/43948"}],"wp:attachment":[{"href":"http:\/\/www.spaziotorino.it\/scatto\/index.php?rest_route=%2Fwp%2Fv2%2Fmedia&parent=43947"}],"wp:term":[{"taxonomy":"category","embeddable":true,"href":"http:\/\/www.spaziotorino.it\/scatto\/index.php?rest_route=%2Fwp%2Fv2%2Fcategories&post=43947"},{"taxonomy":"post_tag","embeddable":true,"href":"http:\/\/www.spaziotorino.it\/scatto\/index.php?rest_route=%2Fwp%2Fv2%2Ftags&post=43947"}],"curies":[{"name":"wp","href":"https:\/\/api.w.org\/{rel}","templated":true}]}}