{"id":44143,"date":"2023-01-27T15:34:27","date_gmt":"2023-01-27T14:34:27","guid":{"rendered":"http:\/\/www.spaziotorino.it\/scatto\/?p=44143"},"modified":"2023-01-27T15:41:39","modified_gmt":"2023-01-27T14:41:39","slug":"giorno-della-memoria-ricordare-per-non-rischiare-loblio-della-verita","status":"publish","type":"post","link":"http:\/\/www.spaziotorino.it\/scatto\/?p=44143","title":{"rendered":"Giorno della Memoria, ricordare per non rischiare l\u2019oblio della verit\u00e0"},"content":{"rendered":"<p><a class=\"ngg-fancybox\" title=\"Giorno della Memoria, ricordare per non rischiare l\u2019oblio della verit\u00e0\" href=\"http:\/\/www.spaziotorino.it\/scatto\/wp-content\/gallery\/2023_01_27_memoria\/PLA_2940.jpg\" rel=\"lightbox[set_1866]\"><br \/>\n<img decoding=\"async\" loading=\"lazy\" class=\"ngg-singlepic\" title=\"Giorno della Memoria, ricordare per non rischiare l\u2019oblio della verit\u00e0\" src=\"http:\/\/www.spaziotorino.it\/scatto\/wp-content\/gallery\/2023_01_27_memoria\/PLA_2940.jpg\" alt=\"\" width=\"540\" height=\"360\"\/><\/a><\/p>\n<!-- index.php -->\n<div\n\tclass=\"ngg-galleryoverview ngg-ajax-pagination-none\"\n\tid=\"ngg-gallery-44a289ba8994309768b0287a5922ba13-1\">\n\n    \t\t<!-- Thumbnails -->\n\t\t\t\t<div id=\"ngg-image-0\" class=\"ngg-gallery-thumbnail-box\" >\n\t\t\t\t        <div class=\"ngg-gallery-thumbnail\">\n            <a href=\"http:\/\/www.spaziotorino.it\/scatto\/wp-content\/gallery\/2023_01_27_memoria\/PLA_2943.jpg\"\n               title=\"Giorno della Memoria: Commemorazione al Cimitero Monumentale\"\n               data-src=\"http:\/\/www.spaziotorino.it\/scatto\/wp-content\/gallery\/2023_01_27_memoria\/PLA_2943.jpg\"\n               data-thumbnail=\"http:\/\/www.spaziotorino.it\/scatto\/wp-content\/gallery\/2023_01_27_memoria\/thumbs\/thumbs_PLA_2943.jpg\"\n               data-image-id=\"28161\"\n               data-title=\"Giorno della Memoria: Commemorazione al Cimitero Monumentale\"\n               data-description=\"Giorno della Memoria: Commemorazione al Cimitero Monumentale\"\n               data-image-slug=\"pla_2943\"\n               class=\"ngg-fancybox\" rel=\"44a289ba8994309768b0287a5922ba13\">\n                <img\n                    title=\"Giorno della Memoria: Commemorazione al Cimitero Monumentale\"\n                    alt=\"Giorno della Memoria: Commemorazione al Cimitero Monumentale\"\n                    src=\"http:\/\/www.spaziotorino.it\/scatto\/wp-content\/gallery\/2023_01_27_memoria\/cache\/PLA_2943.jpg-nggid0528161-ngg0dyn-60x60x100-00f0w010c011r110f110r010t010.jpg\"\n                    width=\"60\"\n                    height=\"60\"\n                    style=\"max-width:100%;\"\n                \/>\n            <\/a>\n        <\/div>\n\t\t\t\t\t\t\t<\/div> \n\t\t\t\n        \n\t\t\t\t<div id=\"ngg-image-1\" class=\"ngg-gallery-thumbnail-box\" >\n\t\t\t\t        <div class=\"ngg-gallery-thumbnail\">\n            <a href=\"http:\/\/www.spaziotorino.it\/scatto\/wp-content\/gallery\/2023_01_27_memoria\/PLA_2959.jpg\"\n               title=\"Cippo della Deportazione e al Cippo ex Internati\"\n               data-src=\"http:\/\/www.spaziotorino.it\/scatto\/wp-content\/gallery\/2023_01_27_memoria\/PLA_2959.jpg\"\n               data-thumbnail=\"http:\/\/www.spaziotorino.it\/scatto\/wp-content\/gallery\/2023_01_27_memoria\/thumbs\/thumbs_PLA_2959.jpg\"\n               data-image-id=\"28165\"\n               data-title=\"Cippo della Deportazione e al Cippo ex Internati\"\n               data-description=\"Cippo della Deportazione e al Cippo ex Internati\"\n               data-image-slug=\"pla_2959-1\"\n               class=\"ngg-fancybox\" rel=\"44a289ba8994309768b0287a5922ba13\">\n                <img\n                    title=\"Cippo della Deportazione e al Cippo ex Internati\"\n                    alt=\"Cippo della Deportazione e al Cippo ex Internati\"\n                    src=\"http:\/\/www.spaziotorino.it\/scatto\/wp-content\/gallery\/2023_01_27_memoria\/cache\/PLA_2959.jpg-nggid0528165-ngg0dyn-60x60x100-00f0w010c011r110f110r010t010.jpg\"\n                    width=\"60\"\n                    height=\"60\"\n                    style=\"max-width:100%;\"\n                \/>\n            <\/a>\n        <\/div>\n\t\t\t\t\t\t\t<\/div> \n\t\t\t\n        \n\t\t\t\t<div id=\"ngg-image-2\" class=\"ngg-gallery-thumbnail-box\" >\n\t\t\t\t        <div class=\"ngg-gallery-thumbnail\">\n            <a href=\"http:\/\/www.spaziotorino.it\/scatto\/wp-content\/gallery\/2023_01_27_memoria\/PLA_2978.jpg\"\n               title=\"Giorno della Memoria: Ariel Finzi - Rabbino Capo di Torino\"\n               data-src=\"http:\/\/www.spaziotorino.it\/scatto\/wp-content\/gallery\/2023_01_27_memoria\/PLA_2978.jpg\"\n               data-thumbnail=\"http:\/\/www.spaziotorino.it\/scatto\/wp-content\/gallery\/2023_01_27_memoria\/thumbs\/thumbs_PLA_2978.jpg\"\n               data-image-id=\"28160\"\n               data-title=\"Giorno della Memoria: Ariel Finzi - Rabbino Capo di Torino\"\n               data-description=\"Giorno della Memoria: Ariel Finzi - Rabbino Capo di Torino\"\n               data-image-slug=\"pla_2978\"\n               class=\"ngg-fancybox\" rel=\"44a289ba8994309768b0287a5922ba13\">\n                <img\n                    title=\"Giorno della Memoria: Ariel Finzi - Rabbino Capo di Torino\"\n                    alt=\"Giorno della Memoria: Ariel Finzi - Rabbino Capo di Torino\"\n                    src=\"http:\/\/www.spaziotorino.it\/scatto\/wp-content\/gallery\/2023_01_27_memoria\/cache\/PLA_2978.jpg-nggid0528160-ngg0dyn-60x60x100-00f0w010c011r110f110r010t010.jpg\"\n                    width=\"60\"\n                    height=\"60\"\n                    style=\"max-width:100%;\"\n                \/>\n            <\/a>\n        <\/div>\n\t\t\t\t\t\t\t<\/div> \n\t\t\t\n        \n\t\t\t\t<div id=\"ngg-image-3\" class=\"ngg-gallery-thumbnail-box\" >\n\t\t\t\t        <div class=\"ngg-gallery-thumbnail\">\n            <a href=\"http:\/\/www.spaziotorino.it\/scatto\/wp-content\/gallery\/2023_01_27_memoria\/PLA_2974.jpg\"\n               title=\"Giorno della Memoria: Commemorazione al Cimitero Monumentale\"\n               data-src=\"http:\/\/www.spaziotorino.it\/scatto\/wp-content\/gallery\/2023_01_27_memoria\/PLA_2974.jpg\"\n               data-thumbnail=\"http:\/\/www.spaziotorino.it\/scatto\/wp-content\/gallery\/2023_01_27_memoria\/thumbs\/thumbs_PLA_2974.jpg\"\n               data-image-id=\"28163\"\n               data-title=\"Giorno della Memoria: Commemorazione al Cimitero Monumentale\"\n               data-description=\"Giorno della Memoria: Commemorazione al Cimitero Monumentale\"\n               data-image-slug=\"pla_2974-1\"\n               class=\"ngg-fancybox\" rel=\"44a289ba8994309768b0287a5922ba13\">\n                <img\n                    title=\"Giorno della Memoria: Commemorazione al Cimitero Monumentale\"\n                    alt=\"Giorno della Memoria: Commemorazione al Cimitero Monumentale\"\n                    src=\"http:\/\/www.spaziotorino.it\/scatto\/wp-content\/gallery\/2023_01_27_memoria\/cache\/PLA_2974.jpg-nggid0528163-ngg0dyn-60x60x100-00f0w010c011r110f110r010t010.jpg\"\n                    width=\"60\"\n                    height=\"60\"\n                    style=\"max-width:100%;\"\n                \/>\n            <\/a>\n        <\/div>\n\t\t\t\t\t\t\t<\/div> \n\t\t\t\n        \n\t\t\t\t<div id=\"ngg-image-4\" class=\"ngg-gallery-thumbnail-box\" >\n\t\t\t\t        <div class=\"ngg-gallery-thumbnail\">\n            <a href=\"http:\/\/www.spaziotorino.it\/scatto\/wp-content\/gallery\/2023_01_27_memoria\/PLA_2986.jpg\"\n               title=\"Giorno della Memoria: Preghiera alla Lapide degli Ebrei\"\n               data-src=\"http:\/\/www.spaziotorino.it\/scatto\/wp-content\/gallery\/2023_01_27_memoria\/PLA_2986.jpg\"\n               data-thumbnail=\"http:\/\/www.spaziotorino.it\/scatto\/wp-content\/gallery\/2023_01_27_memoria\/thumbs\/thumbs_PLA_2986.jpg\"\n               data-image-id=\"28164\"\n               data-title=\"Giorno della Memoria: Preghiera alla Lapide degli Ebrei\"\n               data-description=\"Giorno della Memoria: Preghiera alla Lapide degli Ebrei\"\n               data-image-slug=\"pla_2986\"\n               class=\"ngg-fancybox\" rel=\"44a289ba8994309768b0287a5922ba13\">\n                <img\n                    title=\"Giorno della Memoria: Preghiera alla Lapide degli Ebrei\"\n                    alt=\"Giorno della Memoria: Preghiera alla Lapide degli Ebrei\"\n                    src=\"http:\/\/www.spaziotorino.it\/scatto\/wp-content\/gallery\/2023_01_27_memoria\/cache\/PLA_2986.jpg-nggid0528164-ngg0dyn-60x60x100-00f0w010c011r110f110r010t010.jpg\"\n                    width=\"60\"\n                    height=\"60\"\n                    style=\"max-width:100%;\"\n                \/>\n            <\/a>\n        <\/div>\n\t\t\t\t\t\t\t<\/div> \n\t\t\t\n        \n\t\t\t\t<div id=\"ngg-image-5\" class=\"ngg-gallery-thumbnail-box\" >\n\t\t\t\t        <div class=\"ngg-gallery-thumbnail\">\n            <a href=\"http:\/\/www.spaziotorino.it\/scatto\/wp-content\/gallery\/2023_01_27_memoria\/PLA_3001.jpg\"\n               title=\"Giorno della Memoria: Commemorazione al Cimitero Monumentale\"\n               data-src=\"http:\/\/www.spaziotorino.it\/scatto\/wp-content\/gallery\/2023_01_27_memoria\/PLA_3001.jpg\"\n               data-thumbnail=\"http:\/\/www.spaziotorino.it\/scatto\/wp-content\/gallery\/2023_01_27_memoria\/thumbs\/thumbs_PLA_3001.jpg\"\n               data-image-id=\"28166\"\n               data-title=\"Giorno della Memoria: Commemorazione al Cimitero Monumentale\"\n               data-description=\"Giorno della Memoria: Commemorazione al Cimitero Monumentale\"\n               data-image-slug=\"pla_3001-1\"\n               class=\"ngg-fancybox\" rel=\"44a289ba8994309768b0287a5922ba13\">\n                <img\n                    title=\"Giorno della Memoria: Commemorazione al Cimitero Monumentale\"\n                    alt=\"Giorno della Memoria: Commemorazione al Cimitero Monumentale\"\n                    src=\"http:\/\/www.spaziotorino.it\/scatto\/wp-content\/gallery\/2023_01_27_memoria\/cache\/PLA_3001.jpg-nggid0528166-ngg0dyn-60x60x100-00f0w010c011r110f110r010t010.jpg\"\n                    width=\"60\"\n                    height=\"60\"\n                    style=\"max-width:100%;\"\n                \/>\n            <\/a>\n        <\/div>\n\t\t\t\t\t\t\t<\/div> \n\t\t\t\n        \n\t\t\t\t<div id=\"ngg-image-6\" class=\"ngg-gallery-thumbnail-box\" >\n\t\t\t\t        <div class=\"ngg-gallery-thumbnail\">\n            <a href=\"http:\/\/www.spaziotorino.it\/scatto\/wp-content\/gallery\/2023_01_27_memoria\/PLA_3030.jpg\"\n               title=\"Giorno della Memoria: Palazzo Civico\"\n               data-src=\"http:\/\/www.spaziotorino.it\/scatto\/wp-content\/gallery\/2023_01_27_memoria\/PLA_3030.jpg\"\n               data-thumbnail=\"http:\/\/www.spaziotorino.it\/scatto\/wp-content\/gallery\/2023_01_27_memoria\/thumbs\/thumbs_PLA_3030.jpg\"\n               data-image-id=\"28167\"\n               data-title=\"Giorno della Memoria: Palazzo Civico\"\n               data-description=\"Giorno della Memoria: Palazzo Civico\"\n               data-image-slug=\"pla_3030-3\"\n               class=\"ngg-fancybox\" rel=\"44a289ba8994309768b0287a5922ba13\">\n                <img\n                    title=\"Giorno della Memoria: Palazzo Civico\"\n                    alt=\"Giorno della Memoria: Palazzo Civico\"\n                    src=\"http:\/\/www.spaziotorino.it\/scatto\/wp-content\/gallery\/2023_01_27_memoria\/cache\/PLA_3030.jpg-nggid0528167-ngg0dyn-60x60x100-00f0w010c011r110f110r010t010.jpg\"\n                    width=\"60\"\n                    height=\"60\"\n                    style=\"max-width:100%;\"\n                \/>\n            <\/a>\n        <\/div>\n\t\t\t\t\t\t\t<\/div> \n\t\t\t\n        \n\t\t\t\t<div id=\"ngg-image-7\" class=\"ngg-gallery-thumbnail-box\" >\n\t\t\t\t        <div class=\"ngg-gallery-thumbnail\">\n            <a href=\"http:\/\/www.spaziotorino.it\/scatto\/wp-content\/gallery\/2023_01_27_memoria\/PLA_3075.jpg\"\n               title=\"Venerd\u00ec 27 gennaio 2023  - Giorno della Memoria\"\n               data-src=\"http:\/\/www.spaziotorino.it\/scatto\/wp-content\/gallery\/2023_01_27_memoria\/PLA_3075.jpg\"\n               data-thumbnail=\"http:\/\/www.spaziotorino.it\/scatto\/wp-content\/gallery\/2023_01_27_memoria\/thumbs\/thumbs_PLA_3075.jpg\"\n               data-image-id=\"28169\"\n               data-title=\"Venerd\u00ec 27 gennaio 2023  - Giorno della Memoria\"\n               data-description=\"Venerd\u00ec 27 gennaio 2023  - Giorno della Memoria\"\n               data-image-slug=\"pla_3075-1\"\n               class=\"ngg-fancybox\" rel=\"44a289ba8994309768b0287a5922ba13\">\n                <img\n                    title=\"Venerd\u00ec 27 gennaio 2023  - Giorno della Memoria\"\n                    alt=\"Venerd\u00ec 27 gennaio 2023  - Giorno della Memoria\"\n                    src=\"http:\/\/www.spaziotorino.it\/scatto\/wp-content\/gallery\/2023_01_27_memoria\/cache\/PLA_3075.jpg-nggid0528169-ngg0dyn-60x60x100-00f0w010c011r110f110r010t010.jpg\"\n                    width=\"60\"\n                    height=\"60\"\n                    style=\"max-width:100%;\"\n                \/>\n            <\/a>\n        <\/div>\n\t\t\t\t\t\t\t<\/div> \n\t\t\t\n        \n\t\t\t\t<div id=\"ngg-image-8\" class=\"ngg-gallery-thumbnail-box\" >\n\t\t\t\t        <div class=\"ngg-gallery-thumbnail\">\n            <a href=\"http:\/\/www.spaziotorino.it\/scatto\/wp-content\/gallery\/2023_01_27_memoria\/PLA_3052.jpg\"\n               title=\"Il coro dei Piccoli Cantori di Torino apre la cerimonia in Sala Rossa\"\n               data-src=\"http:\/\/www.spaziotorino.it\/scatto\/wp-content\/gallery\/2023_01_27_memoria\/PLA_3052.jpg\"\n               data-thumbnail=\"http:\/\/www.spaziotorino.it\/scatto\/wp-content\/gallery\/2023_01_27_memoria\/thumbs\/thumbs_PLA_3052.jpg\"\n               data-image-id=\"28168\"\n               data-title=\"Il coro dei Piccoli Cantori di Torino apre la cerimonia in Sala Rossa\"\n               data-description=\"Il coro dei Piccoli Cantori di Torino apre la cerimonia in Sala Rossa\"\n               data-image-slug=\"pla_3052\"\n               class=\"ngg-fancybox\" rel=\"44a289ba8994309768b0287a5922ba13\">\n                <img\n                    title=\"Il coro dei Piccoli Cantori di Torino apre la cerimonia in Sala Rossa\"\n                    alt=\"Il coro dei Piccoli Cantori di Torino apre la cerimonia in Sala Rossa\"\n                    src=\"http:\/\/www.spaziotorino.it\/scatto\/wp-content\/gallery\/2023_01_27_memoria\/cache\/PLA_3052.jpg-nggid0528168-ngg0dyn-60x60x100-00f0w010c011r110f110r010t010.jpg\"\n                    width=\"60\"\n                    height=\"60\"\n                    style=\"max-width:100%;\"\n                \/>\n            <\/a>\n        <\/div>\n\t\t\t\t\t\t\t<\/div> \n\t\t\t\n        \n\t\t\t\t<div id=\"ngg-image-9\" class=\"ngg-gallery-thumbnail-box\" >\n\t\t\t\t        <div class=\"ngg-gallery-thumbnail\">\n            <a href=\"http:\/\/www.spaziotorino.it\/scatto\/wp-content\/gallery\/2023_01_27_memoria\/PLA_3087.jpg\"\n               title=\"Il coro dei Piccoli Cantori di Torino apre la cerimonia in Sala Rossa\"\n               data-src=\"http:\/\/www.spaziotorino.it\/scatto\/wp-content\/gallery\/2023_01_27_memoria\/PLA_3087.jpg\"\n               data-thumbnail=\"http:\/\/www.spaziotorino.it\/scatto\/wp-content\/gallery\/2023_01_27_memoria\/thumbs\/thumbs_PLA_3087.jpg\"\n               data-image-id=\"28170\"\n               data-title=\"Il coro dei Piccoli Cantori di Torino apre la cerimonia in Sala Rossa\"\n               data-description=\"Il coro dei Piccoli Cantori di Torino apre la cerimonia in Sala Rossa\"\n               data-image-slug=\"pla_3087-1\"\n               class=\"ngg-fancybox\" rel=\"44a289ba8994309768b0287a5922ba13\">\n                <img\n                    title=\"Il coro dei Piccoli Cantori di Torino apre la cerimonia in Sala Rossa\"\n                    alt=\"Il coro dei Piccoli Cantori di Torino apre la cerimonia in Sala Rossa\"\n                    src=\"http:\/\/www.spaziotorino.it\/scatto\/wp-content\/gallery\/2023_01_27_memoria\/cache\/PLA_3087.jpg-nggid0528170-ngg0dyn-60x60x100-00f0w010c011r110f110r010t010.jpg\"\n                    width=\"60\"\n                    height=\"60\"\n                    style=\"max-width:100%;\"\n                \/>\n            <\/a>\n        <\/div>\n\t\t\t\t\t\t\t<\/div> \n\t\t\t\n        \n\t\t\t\t<div id=\"ngg-image-10\" class=\"ngg-gallery-thumbnail-box\" >\n\t\t\t\t        <div class=\"ngg-gallery-thumbnail\">\n            <a href=\"http:\/\/www.spaziotorino.it\/scatto\/wp-content\/gallery\/2023_01_27_memoria\/PLA_3100.jpg\"\n               title=\"Bruno Segre e Nino Boeti in Sala Rossa\"\n               data-src=\"http:\/\/www.spaziotorino.it\/scatto\/wp-content\/gallery\/2023_01_27_memoria\/PLA_3100.jpg\"\n               data-thumbnail=\"http:\/\/www.spaziotorino.it\/scatto\/wp-content\/gallery\/2023_01_27_memoria\/thumbs\/thumbs_PLA_3100.jpg\"\n               data-image-id=\"28171\"\n               data-title=\"Bruno Segre e Nino Boeti in Sala Rossa\"\n               data-description=\"Bruno Segre e Nino Boeti in Sala Rossa\"\n               data-image-slug=\"pla_3100\"\n               class=\"ngg-fancybox\" rel=\"44a289ba8994309768b0287a5922ba13\">\n                <img\n                    title=\"Bruno Segre e Nino Boeti in Sala Rossa\"\n                    alt=\"Bruno Segre e Nino Boeti in Sala Rossa\"\n                    src=\"http:\/\/www.spaziotorino.it\/scatto\/wp-content\/gallery\/2023_01_27_memoria\/cache\/PLA_3100.jpg-nggid0528171-ngg0dyn-60x60x100-00f0w010c011r110f110r010t010.jpg\"\n                    width=\"60\"\n                    height=\"60\"\n                    style=\"max-width:100%;\"\n                \/>\n            <\/a>\n        <\/div>\n\t\t\t\t\t\t\t<\/div> \n\t\t\t\n        \n\t\t\t\t<div id=\"ngg-image-11\" class=\"ngg-gallery-thumbnail-box\" >\n\t\t\t\t        <div class=\"ngg-gallery-thumbnail\">\n            <a href=\"http:\/\/www.spaziotorino.it\/scatto\/wp-content\/gallery\/2023_01_27_memoria\/PLA_3137.jpg\"\n               title=\"Sala Rossa - Cerimonia del Giorno della Memoria\"\n               data-src=\"http:\/\/www.spaziotorino.it\/scatto\/wp-content\/gallery\/2023_01_27_memoria\/PLA_3137.jpg\"\n               data-thumbnail=\"http:\/\/www.spaziotorino.it\/scatto\/wp-content\/gallery\/2023_01_27_memoria\/thumbs\/thumbs_PLA_3137.jpg\"\n               data-image-id=\"28172\"\n               data-title=\"Sala Rossa - Cerimonia del Giorno della Memoria\"\n               data-description=\"Sala Rossa - Cerimonia del Giorno della Memoria\"\n               data-image-slug=\"pla_3137-2\"\n               class=\"ngg-fancybox\" rel=\"44a289ba8994309768b0287a5922ba13\">\n                <img\n                    title=\"Sala Rossa - Cerimonia del Giorno della Memoria\"\n                    alt=\"Sala Rossa - Cerimonia del Giorno della Memoria\"\n                    src=\"http:\/\/www.spaziotorino.it\/scatto\/wp-content\/gallery\/2023_01_27_memoria\/cache\/PLA_3137.jpg-nggid0528172-ngg0dyn-60x60x100-00f0w010c011r110f110r010t010.jpg\"\n                    width=\"60\"\n                    height=\"60\"\n                    style=\"max-width:100%;\"\n                \/>\n            <\/a>\n        <\/div>\n\t\t\t\t\t\t\t<\/div> \n\t\t\t\n        \n\t\t\t\t<div id=\"ngg-image-12\" class=\"ngg-gallery-thumbnail-box\" >\n\t\t\t\t        <div class=\"ngg-gallery-thumbnail\">\n            <a href=\"http:\/\/www.spaziotorino.it\/scatto\/wp-content\/gallery\/2023_01_27_memoria\/PLA_3147.jpg\"\n               title=\"Sala Rossa - Cerimonia del Giorno della Memoria\"\n               data-src=\"http:\/\/www.spaziotorino.it\/scatto\/wp-content\/gallery\/2023_01_27_memoria\/PLA_3147.jpg\"\n               data-thumbnail=\"http:\/\/www.spaziotorino.it\/scatto\/wp-content\/gallery\/2023_01_27_memoria\/thumbs\/thumbs_PLA_3147.jpg\"\n               data-image-id=\"28173\"\n               data-title=\"Sala Rossa - Cerimonia del Giorno della Memoria\"\n               data-description=\"Sala Rossa - Cerimonia del Giorno della Memoria\"\n               data-image-slug=\"pla_3147-2\"\n               class=\"ngg-fancybox\" rel=\"44a289ba8994309768b0287a5922ba13\">\n                <img\n                    title=\"Sala Rossa - Cerimonia del Giorno della Memoria\"\n                    alt=\"Sala Rossa - Cerimonia del Giorno della Memoria\"\n                    src=\"http:\/\/www.spaziotorino.it\/scatto\/wp-content\/gallery\/2023_01_27_memoria\/cache\/PLA_3147.jpg-nggid0528173-ngg0dyn-60x60x100-00f0w010c011r110f110r010t010.jpg\"\n                    width=\"60\"\n                    height=\"60\"\n                    style=\"max-width:100%;\"\n                \/>\n            <\/a>\n        <\/div>\n\t\t\t\t\t\t\t<\/div> \n\t\t\t\n        \n\t\t\t\t<div id=\"ngg-image-13\" class=\"ngg-gallery-thumbnail-box\" >\n\t\t\t\t        <div class=\"ngg-gallery-thumbnail\">\n            <a href=\"http:\/\/www.spaziotorino.it\/scatto\/wp-content\/gallery\/2023_01_27_memoria\/PLA_3182.jpg\"\n               title=\"Daniele Valle - Vice Presidente del Consiglio Regionale e Presidente Comitato Resistenza e Costituzione\"\n               data-src=\"http:\/\/www.spaziotorino.it\/scatto\/wp-content\/gallery\/2023_01_27_memoria\/PLA_3182.jpg\"\n               data-thumbnail=\"http:\/\/www.spaziotorino.it\/scatto\/wp-content\/gallery\/2023_01_27_memoria\/thumbs\/thumbs_PLA_3182.jpg\"\n               data-image-id=\"28174\"\n               data-title=\"Daniele Valle - Vice Presidente del Consiglio Regionale e Presidente Comitato Resistenza e Costituzione\"\n               data-description=\"Daniele Valle - Vice Presidente del Consiglio Regionale e Presidente Comitato Resistenza e Costituzione\"\n               data-image-slug=\"pla_3182\"\n               class=\"ngg-fancybox\" rel=\"44a289ba8994309768b0287a5922ba13\">\n                <img\n                    title=\"Daniele Valle - Vice Presidente del Consiglio Regionale e Presidente Comitato Resistenza e Costituzione\"\n                    alt=\"Daniele Valle - Vice Presidente del Consiglio Regionale e Presidente Comitato Resistenza e Costituzione\"\n                    src=\"http:\/\/www.spaziotorino.it\/scatto\/wp-content\/gallery\/2023_01_27_memoria\/cache\/PLA_3182.jpg-nggid0528174-ngg0dyn-60x60x100-00f0w010c011r110f110r010t010.jpg\"\n                    width=\"60\"\n                    height=\"60\"\n                    style=\"max-width:100%;\"\n                \/>\n            <\/a>\n        <\/div>\n\t\t\t\t\t\t\t<\/div> \n\t\t\t\n        \n\t\t\t\t<div id=\"ngg-image-14\" class=\"ngg-gallery-thumbnail-box\" >\n\t\t\t\t        <div class=\"ngg-gallery-thumbnail\">\n            <a href=\"http:\/\/www.spaziotorino.it\/scatto\/wp-content\/gallery\/2023_01_27_memoria\/PLA_3204.jpg\"\n               title=\"Ariel Finzi - Rabbino Capo di Torinoo\"\n               data-src=\"http:\/\/www.spaziotorino.it\/scatto\/wp-content\/gallery\/2023_01_27_memoria\/PLA_3204.jpg\"\n               data-thumbnail=\"http:\/\/www.spaziotorino.it\/scatto\/wp-content\/gallery\/2023_01_27_memoria\/thumbs\/thumbs_PLA_3204.jpg\"\n               data-image-id=\"28175\"\n               data-title=\"Ariel Finzi - Rabbino Capo di Torino\"\n               data-description=\"Ariel Finzi - Rabbino Capo di Torinoo\"\n               data-image-slug=\"pla_3204\"\n               class=\"ngg-fancybox\" rel=\"44a289ba8994309768b0287a5922ba13\">\n                <img\n                    title=\"Ariel Finzi - Rabbino Capo di Torino\"\n                    alt=\"Ariel Finzi - Rabbino Capo di Torino\"\n                    src=\"http:\/\/www.spaziotorino.it\/scatto\/wp-content\/gallery\/2023_01_27_memoria\/cache\/PLA_3204.jpg-nggid0528175-ngg0dyn-60x60x100-00f0w010c011r110f110r010t010.jpg\"\n                    width=\"60\"\n                    height=\"60\"\n                    style=\"max-width:100%;\"\n                \/>\n            <\/a>\n        <\/div>\n\t\t\t\t\t\t\t<\/div> \n\t\t\t\n        \n\t\t\t\t<div id=\"ngg-image-15\" class=\"ngg-gallery-thumbnail-box\" >\n\t\t\t\t        <div class=\"ngg-gallery-thumbnail\">\n            <a href=\"http:\/\/www.spaziotorino.it\/scatto\/wp-content\/gallery\/2023_01_27_memoria\/PLA_3164.jpg\"\n               title=\"Maria Grazia Grippo - Presidente del Consiglio Comunale\"\n               data-src=\"http:\/\/www.spaziotorino.it\/scatto\/wp-content\/gallery\/2023_01_27_memoria\/PLA_3164.jpg\"\n               data-thumbnail=\"http:\/\/www.spaziotorino.it\/scatto\/wp-content\/gallery\/2023_01_27_memoria\/thumbs\/thumbs_PLA_3164.jpg\"\n               data-image-id=\"28176\"\n               data-title=\"Maria Grazia Grippo - Presidente del Consiglio Comunale\"\n               data-description=\"Maria Grazia Grippo - Presidente del Consiglio Comunale\"\n               data-image-slug=\"pla_3164\"\n               class=\"ngg-fancybox\" rel=\"44a289ba8994309768b0287a5922ba13\">\n                <img\n                    title=\"Maria Grazia Grippo - Presidente del Consiglio Comunale\"\n                    alt=\"Maria Grazia Grippo - Presidente del Consiglio Comunale\"\n                    src=\"http:\/\/www.spaziotorino.it\/scatto\/wp-content\/gallery\/2023_01_27_memoria\/cache\/PLA_3164.jpg-nggid0528176-ngg0dyn-60x60x100-00f0w010c011r110f110r010t010.jpg\"\n                    width=\"60\"\n                    height=\"60\"\n                    style=\"max-width:100%;\"\n                \/>\n            <\/a>\n        <\/div>\n\t\t\t\t\t\t\t<\/div> \n\t\t\t\n        \n\t\t\t\t<div id=\"ngg-image-16\" class=\"ngg-gallery-thumbnail-box\" >\n\t\t\t\t        <div class=\"ngg-gallery-thumbnail\">\n            <a href=\"http:\/\/www.spaziotorino.it\/scatto\/wp-content\/gallery\/2023_01_27_memoria\/PLA_3192.jpg\"\n               title=\"Dario Disegni - Presidente Comunit\u00e0 Ebraica di Torino\"\n               data-src=\"http:\/\/www.spaziotorino.it\/scatto\/wp-content\/gallery\/2023_01_27_memoria\/PLA_3192.jpg\"\n               data-thumbnail=\"http:\/\/www.spaziotorino.it\/scatto\/wp-content\/gallery\/2023_01_27_memoria\/thumbs\/thumbs_PLA_3192.jpg\"\n               data-image-id=\"28177\"\n               data-title=\"Dario Disegni - Presidente Comunit\u00e0 Ebraica di Torino\"\n               data-description=\"Dario Disegni - Presidente Comunit\u00e0 Ebraica di Torino\"\n               data-image-slug=\"pla_3192\"\n               class=\"ngg-fancybox\" rel=\"44a289ba8994309768b0287a5922ba13\">\n                <img\n                    title=\"Dario Disegni - Presidente Comunit\u00e0 Ebraica di Torino\"\n                    alt=\"Dario Disegni - Presidente Comunit\u00e0 Ebraica di Torino\"\n                    src=\"http:\/\/www.spaziotorino.it\/scatto\/wp-content\/gallery\/2023_01_27_memoria\/cache\/PLA_3192.jpg-nggid0528177-ngg0dyn-60x60x100-00f0w010c011r110f110r010t010.jpg\"\n                    width=\"60\"\n                    height=\"60\"\n                    style=\"max-width:100%;\"\n                \/>\n            <\/a>\n        <\/div>\n\t\t\t\t\t\t\t<\/div> \n\t\t\t\n        \n\t\t\t\t<div id=\"ngg-image-17\" class=\"ngg-gallery-thumbnail-box\" >\n\t\t\t\t        <div class=\"ngg-gallery-thumbnail\">\n            <a href=\"http:\/\/www.spaziotorino.it\/scatto\/wp-content\/gallery\/2023_01_27_memoria\/PLA_3213.jpg\"\n               title=\"Sala Rossa - Cerimonia del Giorno della Memoria\"\n               data-src=\"http:\/\/www.spaziotorino.it\/scatto\/wp-content\/gallery\/2023_01_27_memoria\/PLA_3213.jpg\"\n               data-thumbnail=\"http:\/\/www.spaziotorino.it\/scatto\/wp-content\/gallery\/2023_01_27_memoria\/thumbs\/thumbs_PLA_3213.jpg\"\n               data-image-id=\"28178\"\n               data-title=\"Sala Rossa - Cerimonia del Giorno della Memoria\"\n               data-description=\"Sala Rossa - Cerimonia del Giorno della Memoria\"\n               data-image-slug=\"pla_3213\"\n               class=\"ngg-fancybox\" rel=\"44a289ba8994309768b0287a5922ba13\">\n                <img\n                    title=\"Sala Rossa - Cerimonia del Giorno della Memoria\"\n                    alt=\"Sala Rossa - Cerimonia del Giorno della Memoria\"\n                    src=\"http:\/\/www.spaziotorino.it\/scatto\/wp-content\/gallery\/2023_01_27_memoria\/cache\/PLA_3213.jpg-nggid0528178-ngg0dyn-60x60x100-00f0w010c011r110f110r010t010.jpg\"\n                    width=\"60\"\n                    height=\"60\"\n                    style=\"max-width:100%;\"\n                \/>\n            <\/a>\n        <\/div>\n\t\t\t\t\t\t\t<\/div> \n\t\t\t\n        \n\t\t\t\t<div id=\"ngg-image-18\" class=\"ngg-gallery-thumbnail-box\" >\n\t\t\t\t        <div class=\"ngg-gallery-thumbnail\">\n            <a href=\"http:\/\/www.spaziotorino.it\/scatto\/wp-content\/gallery\/2023_01_27_memoria\/PLA_3221.jpg\"\n               title=\"Alberto Sinigaglia - Presidente del Polo del &#039;900\"\n               data-src=\"http:\/\/www.spaziotorino.it\/scatto\/wp-content\/gallery\/2023_01_27_memoria\/PLA_3221.jpg\"\n               data-thumbnail=\"http:\/\/www.spaziotorino.it\/scatto\/wp-content\/gallery\/2023_01_27_memoria\/thumbs\/thumbs_PLA_3221.jpg\"\n               data-image-id=\"28179\"\n               data-title=\"Alberto Sinigaglia - Presidente del Polo del &#039;900\"\n               data-description=\"Alberto Sinigaglia - Presidente del Polo del &#039;900\"\n               data-image-slug=\"pla_3221\"\n               class=\"ngg-fancybox\" rel=\"44a289ba8994309768b0287a5922ba13\">\n                <img\n                    title=\"Alberto Sinigaglia - Presidente del Polo del &#039;900\"\n                    alt=\"Alberto Sinigaglia - Presidente del Polo del &#039;900\"\n                    src=\"http:\/\/www.spaziotorino.it\/scatto\/wp-content\/gallery\/2023_01_27_memoria\/cache\/PLA_3221.jpg-nggid0528179-ngg0dyn-60x60x100-00f0w010c011r110f110r010t010.jpg\"\n                    width=\"60\"\n                    height=\"60\"\n                    style=\"max-width:100%;\"\n                \/>\n            <\/a>\n        <\/div>\n\t\t\t\t\t\t\t<\/div> \n\t\t\t\n        \n\t\t\t\t<div id=\"ngg-image-19\" class=\"ngg-gallery-thumbnail-box\" >\n\t\t\t\t        <div class=\"ngg-gallery-thumbnail\">\n            <a href=\"http:\/\/www.spaziotorino.it\/scatto\/wp-content\/gallery\/2023_01_27_memoria\/PLA_3257.jpg\"\n               title=\"Sala Rossa - Cerimonia del Giorno della Memoria\"\n               data-src=\"http:\/\/www.spaziotorino.it\/scatto\/wp-content\/gallery\/2023_01_27_memoria\/PLA_3257.jpg\"\n               data-thumbnail=\"http:\/\/www.spaziotorino.it\/scatto\/wp-content\/gallery\/2023_01_27_memoria\/thumbs\/thumbs_PLA_3257.jpg\"\n               data-image-id=\"28180\"\n               data-title=\"Sala Rossa - Cerimonia del Giorno della Memoria\"\n               data-description=\"Sala Rossa - Cerimonia del Giorno della Memoria\"\n               data-image-slug=\"pla_3257\"\n               class=\"ngg-fancybox\" rel=\"44a289ba8994309768b0287a5922ba13\">\n                <img\n                    title=\"Sala Rossa - Cerimonia del Giorno della Memoria\"\n                    alt=\"Sala Rossa - Cerimonia del Giorno della Memoria\"\n                    src=\"http:\/\/www.spaziotorino.it\/scatto\/wp-content\/gallery\/2023_01_27_memoria\/cache\/PLA_3257.jpg-nggid0528180-ngg0dyn-60x60x100-00f0w010c011r110f110r010t010.jpg\"\n                    width=\"60\"\n                    height=\"60\"\n                    style=\"max-width:100%;\"\n                \/>\n            <\/a>\n        <\/div>\n\t\t\t\t\t\t\t<\/div> \n\t\t\t\n        \n\t\t\t\t<div id=\"ngg-image-20\" class=\"ngg-gallery-thumbnail-box\" >\n\t\t\t\t        <div class=\"ngg-gallery-thumbnail\">\n            <a href=\"http:\/\/www.spaziotorino.it\/scatto\/wp-content\/gallery\/2023_01_27_memoria\/PLA_3233.jpg\"\n               title=\"Stefano Lo Russo - Sindaco di Torino\"\n               data-src=\"http:\/\/www.spaziotorino.it\/scatto\/wp-content\/gallery\/2023_01_27_memoria\/PLA_3233.jpg\"\n               data-thumbnail=\"http:\/\/www.spaziotorino.it\/scatto\/wp-content\/gallery\/2023_01_27_memoria\/thumbs\/thumbs_PLA_3233.jpg\"\n               data-image-id=\"28181\"\n               data-title=\"Stefano Lo Russo - Sindaco di Torino\"\n               data-description=\"Stefano Lo Russo - Sindaco di Torino\"\n               data-image-slug=\"pla_3233\"\n               class=\"ngg-fancybox\" rel=\"44a289ba8994309768b0287a5922ba13\">\n                <img\n                    title=\"Stefano Lo Russo - Sindaco di Torino\"\n                    alt=\"Stefano Lo Russo - Sindaco di Torino\"\n                    src=\"http:\/\/www.spaziotorino.it\/scatto\/wp-content\/gallery\/2023_01_27_memoria\/cache\/PLA_3233.jpg-nggid0528181-ngg0dyn-60x60x100-00f0w010c011r110f110r010t010.jpg\"\n                    width=\"60\"\n                    height=\"60\"\n                    style=\"max-width:100%;\"\n                \/>\n            <\/a>\n        <\/div>\n\t\t\t\t\t\t\t<\/div> \n\t\t\t\n        \n\t\t\n\t\t<!-- Pagination -->\n\t<div class='ngg-clear'><\/div>\t<\/div>\n\n<p><strong>Ricordare, questo lo scopo con il quale ogni anno viene celebrato il 27 gennaio, il Giorno della Memoria<\/strong>. E come ogni anno, a partire dal 2000, anno in cui \u00e8 stata ufficialmente istituita la Giornata, la Citt\u00e0 di Torino ha ricordato le vittime dello sterminio nazista con una cerimonia, che si \u00e8 svolta questa mattina al Cimitero Monumentale, e una celebrazione ufficiale da poco conclusa in Sala Rossa.<span id=\"more-108575\"><\/span><\/p>\n<p>Ad aprire la celebrazione <strong>Maria Grazia Grippo<\/strong>, Presidente del Consiglio comunale, che dopo una breve introduzione musicale a cura dei <strong>Piccoli Cantori dei Torino<\/strong>, ha&nbsp; sottolineato come la memoria sia fondamentale per contrastare e proteggerci dall\u2019oblio:\u201d occorre impegnarsi per tenerla viva, portare e diffondere le memorie stesse di chi l\u2019ha vissuta in prima persona e battere tutte le piste che possono favorirci in questo\u201d.<\/p>\n<p>A seguire l\u2019intervento di <strong>Daniele Valle<\/strong>, Consigliere della Regione Piemonte, che ha portato in sala il saluto del Consiglio e della Giunta regionale e ha poi citato la Senatrice Liliana Segre e le sue recenti dichiarazioni sul pericolo dell\u2019oblio, ovvero il rischio concreto che tra qualche anno possa scomparire il ricordo di tutto. Gi\u00e0 nel 2020 \u2013 ha sottolineato Valle \u2013 un sondaggio indicava nel 16% la percentuale di persone intervistate che riteneva la Shoah un\u2019invenzione, un dato che nel 2000 si attestava sul 2%.&nbsp;Anche per Valle la memoria e&nbsp; soprattutto la sua condivisione&nbsp; sono lo strumento principale per far s\u00ec che tali eventi non possano mai pi\u00f9 ripetersi.<\/p>\n<p>L\u2019importanza del ricordare e al tempo stesso il pericolo derivato dal dimenticare, ha fatto da filo conduttore all\u2019intervento di <strong>Dario Disegni<\/strong>, presidente della comunit\u00e0 ebraica di Torino. Il rischio dell\u2019oblio \u00e8 oggi, a 80 anni dagli eventi, sempre pi\u00f9 incalzante per tutta una serie di fattori, in primis la progressiva e lenta scomparsa dei sopravvissuti stessi. I giovani sono quindi la chiave di volta e a tutti noi, istituzioni, scuole e cittadinanza in generale, corre l\u2019obbligo di aiutarli a ricordare, studiando nuove modalit\u00e0 di condivisione e nuovi percorsi mentali per rendere il passato sempre presente nella memoria collettiva.<\/p>\n<p>Si sono poi susseguiti gli interventi di <strong>Ariel Finzi<\/strong>, Rabbino Capo di Torino, che ha messo sotto la luce come in tutto questo, ancora oggi, alla domanda \u201cPerch\u00e8\u201d nessuno ancora pu\u00f2 dare una risposta, e <strong>Alberto Sinigallia<\/strong>, Presidente del Polo del \u2018900, che ha invece sottolineato come il Giorno della Memoria riguarda tutti, ma tocca sicuramente Torino in modo particolare: \u201cTorino \u00e8 la Citt\u00e0 che ha visto nascere Primo Levi, alla citt\u00e0 di Torino \u00e8 stata conferita la medaglia d\u2019oro al valor militare, riconoscendone il sacrificio nella Resistenza e nella lotta di Liberazione dal nazifascismo, e sempre a Torino si possono incontrare passeggiando per la Citt\u00e0 numerose pietre d\u2019inciampo, proprio a ricordo delle vittime di tali eventi\u201d. Sinigallia ha poi concluso sottolineando che le colpe furono del nazismo, ma anche del fascismo, che ha appoggiato le nefandezze perpetrate contro l\u2019umanit\u00e0 a partire dalla firma del Manifesto della Razza.&nbsp;Firmato e avvallato da alcuni dei principali scienziati italiani del tempo, divenne la base ideologica e pseudo-scientifica della politica razzista dell\u2019Italia fascista, che di l\u00ec a poco avrebbe emanato le vergognose leggi razziali: \u201cEra il 1943, e veniva chiamata la \u201ccaccia all\u2019ebreo\u201d, per un bambino venivano pagate 1000 lire, per un adulto 5000\u2026 da 23 anni il Giorno della Memoria ci sprona a non dimenticare tutto questo\u201d.<\/p>\n<p>A conclusione della celebrazione l\u2019intervento del <strong>Sindaco Stefano Lo Russo<\/strong>, che ha sottolineato come il Giorno della Memoria sia una giornata fondamentale da celebrare anzitutto per un dovere di umanit\u00e0 e civilt\u00e0, ma anche e soprattutto per contrastare la completa distorsione della Storia a cui pu\u00f2 portare l\u2019oblio della memoria: \u201cLe parole, specie quelle di odio, non restano mai senza conseguenze. Il germe dell\u2019odio si diffonde, e abbiamo il dovere di contrastarlo. Non bisogna quindi dimenticare, e in questo sono di aiuto le numerose iniziative per contrastare l\u2019oblio della memoria ed educare verso tolleranza, giustizia e Pace, per far s\u00ec che i diritti dell\u2019uomo vincano su arbitrio e sopraffazione, poich\u00e8, citando Edmund Burke, chi non conosce la Storia \u00e8 destinato a ripeterla\u201d.<\/p>\n<p>Disponibile la<strong>&nbsp;registrazione della diretta della celebrazione da Palazzo Civico su:&nbsp;<a href=\"https:\/\/youtube.com\/live\/O3uayivNGFw\">https:\/\/youtube.com\/live\/O3uayivNGFw<\/a><\/strong><\/p>\n<p>[Fonte: <a href=\"http:\/\/www.torinoclick.it\/?p=108575\">TorinoClick<\/a>]<\/p>\n","protected":false},"excerpt":{"rendered":"<p>Ricordare, questo lo scopo con il quale ogni anno viene celebrato il 27 gennaio, il Giorno della Memoria. E come ogni anno, a partire dal 2000, anno in cui \u00e8 stata ufficialmente istituita la Giornata, la Citt\u00e0 di Torino ha ricordato le vittime dello sterminio nazista con una cerimonia, che si \u00e8 svolta questa mattina [&hellip;]<\/p>\n","protected":false},"author":1,"featured_media":0,"comment_status":"closed","ping_status":"open","sticky":false,"template":"","format":"standard","meta":{"ngg_post_thumbnail":0},"categories":[1,895],"tags":[],"_links":{"self":[{"href":"http:\/\/www.spaziotorino.it\/scatto\/index.php?rest_route=\/wp\/v2\/posts\/44143"}],"collection":[{"href":"http:\/\/www.spaziotorino.it\/scatto\/index.php?rest_route=\/wp\/v2\/posts"}],"about":[{"href":"http:\/\/www.spaziotorino.it\/scatto\/index.php?rest_route=\/wp\/v2\/types\/post"}],"author":[{"embeddable":true,"href":"http:\/\/www.spaziotorino.it\/scatto\/index.php?rest_route=\/wp\/v2\/users\/1"}],"replies":[{"embeddable":true,"href":"http:\/\/www.spaziotorino.it\/scatto\/index.php?rest_route=%2Fwp%2Fv2%2Fcomments&post=44143"}],"version-history":[{"count":2,"href":"http:\/\/www.spaziotorino.it\/scatto\/index.php?rest_route=\/wp\/v2\/posts\/44143\/revisions"}],"predecessor-version":[{"id":44146,"href":"http:\/\/www.spaziotorino.it\/scatto\/index.php?rest_route=\/wp\/v2\/posts\/44143\/revisions\/44146"}],"wp:attachment":[{"href":"http:\/\/www.spaziotorino.it\/scatto\/index.php?rest_route=%2Fwp%2Fv2%2Fmedia&parent=44143"}],"wp:term":[{"taxonomy":"category","embeddable":true,"href":"http:\/\/www.spaziotorino.it\/scatto\/index.php?rest_route=%2Fwp%2Fv2%2Fcategories&post=44143"},{"taxonomy":"post_tag","embeddable":true,"href":"http:\/\/www.spaziotorino.it\/scatto\/index.php?rest_route=%2Fwp%2Fv2%2Ftags&post=44143"}],"curies":[{"name":"wp","href":"https:\/\/api.w.org\/{rel}","templated":true}]}}