{"id":44335,"date":"2023-02-15T23:46:04","date_gmt":"2023-02-15T22:46:04","guid":{"rendered":"http:\/\/www.spaziotorino.it\/scatto\/?p=44335"},"modified":"2023-02-16T09:51:41","modified_gmt":"2023-02-16T08:51:41","slug":"al-via-la-final-eight-di-basket-brescia-e-pesaro-le-prime-semifinaliste-della-coppa-italia","status":"publish","type":"post","link":"http:\/\/www.spaziotorino.it\/scatto\/?p=44335","title":{"rendered":"Al via la Final Eight di Basket: Brescia e Pesaro le prime semifinaliste della Coppa Italia"},"content":{"rendered":"<p><a class=\"ngg-fancybox\" title=\"Al via la Final Eight di Basket: Brescia e Pesaro le prime semifinaliste della Coppa Italia\" href=\"http:\/\/www.spaziotorino.it\/scatto\/wp-content\/gallery\/2023_02_15_finaleight\/PLA_6427.jpg\" rel=\"lightbox[set_1877]\"><br \/>\n<img decoding=\"async\" loading=\"lazy\" class=\"ngg-singlepic\" title=\"Al via la Final Eight di Basket: Brescia e Pesaro le prime semifinaliste della Coppa Italia\" src=\"http:\/\/www.spaziotorino.it\/scatto\/wp-content\/gallery\/2023_02_15_finaleight\/PLA_6427.jpg\" alt=\"\" width=\"540\" height=\"360\"\/><\/a><\/p>\n<!-- index.php -->\n<div\n\tclass=\"ngg-galleryoverview ngg-ajax-pagination-none\"\n\tid=\"ngg-gallery-812e12922d837187e056c793172e1e7d-1\">\n\n    \t\t<!-- Thumbnails -->\n\t\t\t\t<div id=\"ngg-image-0\" class=\"ngg-gallery-thumbnail-box\" >\n\t\t\t\t        <div class=\"ngg-gallery-thumbnail\">\n            <a href=\"http:\/\/www.spaziotorino.it\/scatto\/wp-content\/gallery\/2023_02_15_finaleight\/PLA_5944.jpg\"\n               title=\"Al via le Final Eight di Basket\"\n               data-src=\"http:\/\/www.spaziotorino.it\/scatto\/wp-content\/gallery\/2023_02_15_finaleight\/PLA_5944.jpg\"\n               data-thumbnail=\"http:\/\/www.spaziotorino.it\/scatto\/wp-content\/gallery\/2023_02_15_finaleight\/thumbs\/thumbs_PLA_5944.jpg\"\n               data-image-id=\"28303\"\n               data-title=\"Al via le Final Eight di Basket\"\n               data-description=\"Al via le Final Eight di Basket\"\n               data-image-slug=\"pla_5944-1\"\n               class=\"ngg-fancybox\" rel=\"812e12922d837187e056c793172e1e7d\">\n                <img\n                    title=\"Al via le Final Eight di Basket\"\n                    alt=\"Al via le Final Eight di Basket\"\n                    src=\"http:\/\/www.spaziotorino.it\/scatto\/wp-content\/gallery\/2023_02_15_finaleight\/cache\/PLA_5944.jpg-nggid0528303-ngg0dyn-60x60x100-00f0w010c011r110f110r010t010.jpg\"\n                    width=\"60\"\n                    height=\"60\"\n                    style=\"max-width:100%;\"\n                \/>\n            <\/a>\n        <\/div>\n\t\t\t\t\t\t\t<\/div> \n\t\t\t\n        \n\t\t\t\t<div id=\"ngg-image-1\" class=\"ngg-gallery-thumbnail-box\" >\n\t\t\t\t        <div class=\"ngg-gallery-thumbnail\">\n            <a href=\"http:\/\/www.spaziotorino.it\/scatto\/wp-content\/gallery\/2023_02_15_finaleight\/PLA_5969.jpg\"\n               title=\"Il primo quarto di finale: Milano - Brescia\"\n               data-src=\"http:\/\/www.spaziotorino.it\/scatto\/wp-content\/gallery\/2023_02_15_finaleight\/PLA_5969.jpg\"\n               data-thumbnail=\"http:\/\/www.spaziotorino.it\/scatto\/wp-content\/gallery\/2023_02_15_finaleight\/thumbs\/thumbs_PLA_5969.jpg\"\n               data-image-id=\"28304\"\n               data-title=\"Il primo quarto di finale: Milano - Brescia\"\n               data-description=\"Il primo quarto di finale: Milano - Brescia\"\n               data-image-slug=\"pla_5969\"\n               class=\"ngg-fancybox\" rel=\"812e12922d837187e056c793172e1e7d\">\n                <img\n                    title=\"Il primo quarto di finale: Milano - Brescia\"\n                    alt=\"Il primo quarto di finale: Milano - Brescia\"\n                    src=\"http:\/\/www.spaziotorino.it\/scatto\/wp-content\/gallery\/2023_02_15_finaleight\/cache\/PLA_5969.jpg-nggid0528304-ngg0dyn-60x60x100-00f0w010c011r110f110r010t010.jpg\"\n                    width=\"60\"\n                    height=\"60\"\n                    style=\"max-width:100%;\"\n                \/>\n            <\/a>\n        <\/div>\n\t\t\t\t\t\t\t<\/div> \n\t\t\t\n        \n\t\t\t\t<div id=\"ngg-image-2\" class=\"ngg-gallery-thumbnail-box\" >\n\t\t\t\t        <div class=\"ngg-gallery-thumbnail\">\n            <a href=\"http:\/\/www.spaziotorino.it\/scatto\/wp-content\/gallery\/2023_02_15_finaleight\/PLA_6143.jpg\"\n               title=\"Il primo quarto di finale: Milano - Brescia\"\n               data-src=\"http:\/\/www.spaziotorino.it\/scatto\/wp-content\/gallery\/2023_02_15_finaleight\/PLA_6143.jpg\"\n               data-thumbnail=\"http:\/\/www.spaziotorino.it\/scatto\/wp-content\/gallery\/2023_02_15_finaleight\/thumbs\/thumbs_PLA_6143.jpg\"\n               data-image-id=\"28305\"\n               data-title=\"Il primo quarto di finale: Milano - Brescia\"\n               data-description=\"Il primo quarto di finale: Milano - Brescia\"\n               data-image-slug=\"pla_6143\"\n               class=\"ngg-fancybox\" rel=\"812e12922d837187e056c793172e1e7d\">\n                <img\n                    title=\"Il primo quarto di finale: Milano - Brescia\"\n                    alt=\"Il primo quarto di finale: Milano - Brescia\"\n                    src=\"http:\/\/www.spaziotorino.it\/scatto\/wp-content\/gallery\/2023_02_15_finaleight\/cache\/PLA_6143.jpg-nggid0528305-ngg0dyn-60x60x100-00f0w010c011r110f110r010t010.jpg\"\n                    width=\"60\"\n                    height=\"60\"\n                    style=\"max-width:100%;\"\n                \/>\n            <\/a>\n        <\/div>\n\t\t\t\t\t\t\t<\/div> \n\t\t\t\n        \n\t\t\t\t<div id=\"ngg-image-3\" class=\"ngg-gallery-thumbnail-box\" >\n\t\t\t\t        <div class=\"ngg-gallery-thumbnail\">\n            <a href=\"http:\/\/www.spaziotorino.it\/scatto\/wp-content\/gallery\/2023_02_15_finaleight\/PLA_6097.jpg\"\n               title=\"Il primo quarto di finale: Milano - Brescia\"\n               data-src=\"http:\/\/www.spaziotorino.it\/scatto\/wp-content\/gallery\/2023_02_15_finaleight\/PLA_6097.jpg\"\n               data-thumbnail=\"http:\/\/www.spaziotorino.it\/scatto\/wp-content\/gallery\/2023_02_15_finaleight\/thumbs\/thumbs_PLA_6097.jpg\"\n               data-image-id=\"28306\"\n               data-title=\"Il primo quarto di finale: Milano - Brescia\"\n               data-description=\"Il primo quarto di finale: Milano - Brescia\"\n               data-image-slug=\"pla_6097\"\n               class=\"ngg-fancybox\" rel=\"812e12922d837187e056c793172e1e7d\">\n                <img\n                    title=\"Il primo quarto di finale: Milano - Brescia\"\n                    alt=\"Il primo quarto di finale: Milano - Brescia\"\n                    src=\"http:\/\/www.spaziotorino.it\/scatto\/wp-content\/gallery\/2023_02_15_finaleight\/cache\/PLA_6097.jpg-nggid0528306-ngg0dyn-60x60x100-00f0w010c011r110f110r010t010.jpg\"\n                    width=\"60\"\n                    height=\"60\"\n                    style=\"max-width:100%;\"\n                \/>\n            <\/a>\n        <\/div>\n\t\t\t\t\t\t\t<\/div> \n\t\t\t\n        \n\t\t\t\t<div id=\"ngg-image-4\" class=\"ngg-gallery-thumbnail-box\" >\n\t\t\t\t        <div class=\"ngg-gallery-thumbnail\">\n            <a href=\"http:\/\/www.spaziotorino.it\/scatto\/wp-content\/gallery\/2023_02_15_finaleight\/PLA_6104.jpg\"\n               title=\"Il primo quarto di finale: Milano - Brescia\"\n               data-src=\"http:\/\/www.spaziotorino.it\/scatto\/wp-content\/gallery\/2023_02_15_finaleight\/PLA_6104.jpg\"\n               data-thumbnail=\"http:\/\/www.spaziotorino.it\/scatto\/wp-content\/gallery\/2023_02_15_finaleight\/thumbs\/thumbs_PLA_6104.jpg\"\n               data-image-id=\"28307\"\n               data-title=\"Il primo quarto di finale: Milano - Brescia\"\n               data-description=\"Il primo quarto di finale: Milano - Brescia\"\n               data-image-slug=\"pla_6104\"\n               class=\"ngg-fancybox\" rel=\"812e12922d837187e056c793172e1e7d\">\n                <img\n                    title=\"Il primo quarto di finale: Milano - Brescia\"\n                    alt=\"Il primo quarto di finale: Milano - Brescia\"\n                    src=\"http:\/\/www.spaziotorino.it\/scatto\/wp-content\/gallery\/2023_02_15_finaleight\/cache\/PLA_6104.jpg-nggid0528307-ngg0dyn-60x60x100-00f0w010c011r110f110r010t010.jpg\"\n                    width=\"60\"\n                    height=\"60\"\n                    style=\"max-width:100%;\"\n                \/>\n            <\/a>\n        <\/div>\n\t\t\t\t\t\t\t<\/div> \n\t\t\t\n        \n\t\t\t\t<div id=\"ngg-image-5\" class=\"ngg-gallery-thumbnail-box\" >\n\t\t\t\t        <div class=\"ngg-gallery-thumbnail\">\n            <a href=\"http:\/\/www.spaziotorino.it\/scatto\/wp-content\/gallery\/2023_02_15_finaleight\/PLA_6107.jpg\"\n               title=\"Il primo quarto di finale: Milano - Brescia\"\n               data-src=\"http:\/\/www.spaziotorino.it\/scatto\/wp-content\/gallery\/2023_02_15_finaleight\/PLA_6107.jpg\"\n               data-thumbnail=\"http:\/\/www.spaziotorino.it\/scatto\/wp-content\/gallery\/2023_02_15_finaleight\/thumbs\/thumbs_PLA_6107.jpg\"\n               data-image-id=\"28308\"\n               data-title=\"Il primo quarto di finale: Milano - Brescia\"\n               data-description=\"Il primo quarto di finale: Milano - Brescia\"\n               data-image-slug=\"pla_6107-1\"\n               class=\"ngg-fancybox\" rel=\"812e12922d837187e056c793172e1e7d\">\n                <img\n                    title=\"Il primo quarto di finale: Milano - Brescia\"\n                    alt=\"Il primo quarto di finale: Milano - Brescia\"\n                    src=\"http:\/\/www.spaziotorino.it\/scatto\/wp-content\/gallery\/2023_02_15_finaleight\/cache\/PLA_6107.jpg-nggid0528308-ngg0dyn-60x60x100-00f0w010c011r110f110r010t010.jpg\"\n                    width=\"60\"\n                    height=\"60\"\n                    style=\"max-width:100%;\"\n                \/>\n            <\/a>\n        <\/div>\n\t\t\t\t\t\t\t<\/div> \n\t\t\t\n        \n\t\t\t\t<div id=\"ngg-image-6\" class=\"ngg-gallery-thumbnail-box\" >\n\t\t\t\t        <div class=\"ngg-gallery-thumbnail\">\n            <a href=\"http:\/\/www.spaziotorino.it\/scatto\/wp-content\/gallery\/2023_02_15_finaleight\/PLA_6207.jpg\"\n               title=\"Il primo quarto di finale: Milano - Brescia\"\n               data-src=\"http:\/\/www.spaziotorino.it\/scatto\/wp-content\/gallery\/2023_02_15_finaleight\/PLA_6207.jpg\"\n               data-thumbnail=\"http:\/\/www.spaziotorino.it\/scatto\/wp-content\/gallery\/2023_02_15_finaleight\/thumbs\/thumbs_PLA_6207.jpg\"\n               data-image-id=\"28309\"\n               data-title=\"Il primo quarto di finale: Milano - Brescia\"\n               data-description=\"Il primo quarto di finale: Milano - Brescia\"\n               data-image-slug=\"pla_6207-1\"\n               class=\"ngg-fancybox\" rel=\"812e12922d837187e056c793172e1e7d\">\n                <img\n                    title=\"Il primo quarto di finale: Milano - Brescia\"\n                    alt=\"Il primo quarto di finale: Milano - Brescia\"\n                    src=\"http:\/\/www.spaziotorino.it\/scatto\/wp-content\/gallery\/2023_02_15_finaleight\/cache\/PLA_6207.jpg-nggid0528309-ngg0dyn-60x60x100-00f0w010c011r110f110r010t010.jpg\"\n                    width=\"60\"\n                    height=\"60\"\n                    style=\"max-width:100%;\"\n                \/>\n            <\/a>\n        <\/div>\n\t\t\t\t\t\t\t<\/div> \n\t\t\t\n        \n\t\t\t\t<div id=\"ngg-image-7\" class=\"ngg-gallery-thumbnail-box\" >\n\t\t\t\t        <div class=\"ngg-gallery-thumbnail\">\n            <a href=\"http:\/\/www.spaziotorino.it\/scatto\/wp-content\/gallery\/2023_02_15_finaleight\/PLA_6343.jpg\"\n               title=\"Il secondo quarto di finale: Varese - Pesaro\"\n               data-src=\"http:\/\/www.spaziotorino.it\/scatto\/wp-content\/gallery\/2023_02_15_finaleight\/PLA_6343.jpg\"\n               data-thumbnail=\"http:\/\/www.spaziotorino.it\/scatto\/wp-content\/gallery\/2023_02_15_finaleight\/thumbs\/thumbs_PLA_6343.jpg\"\n               data-image-id=\"28310\"\n               data-title=\"Il secondo quarto di finale: Varese - Pesaro\"\n               data-description=\"Il secondo quarto di finale: Varese - Pesaro\"\n               data-image-slug=\"pla_6343\"\n               class=\"ngg-fancybox\" rel=\"812e12922d837187e056c793172e1e7d\">\n                <img\n                    title=\"Il secondo quarto di finale: Varese - Pesaro\"\n                    alt=\"Il secondo quarto di finale: Varese - Pesaro\"\n                    src=\"http:\/\/www.spaziotorino.it\/scatto\/wp-content\/gallery\/2023_02_15_finaleight\/cache\/PLA_6343.jpg-nggid0528310-ngg0dyn-60x60x100-00f0w010c011r110f110r010t010.jpg\"\n                    width=\"60\"\n                    height=\"60\"\n                    style=\"max-width:100%;\"\n                \/>\n            <\/a>\n        <\/div>\n\t\t\t\t\t\t\t<\/div> \n\t\t\t\n        \n\t\t\t\t<div id=\"ngg-image-8\" class=\"ngg-gallery-thumbnail-box\" >\n\t\t\t\t        <div class=\"ngg-gallery-thumbnail\">\n            <a href=\"http:\/\/www.spaziotorino.it\/scatto\/wp-content\/gallery\/2023_02_15_finaleight\/PLA_6378.jpg\"\n               title=\"Final Eight\"\n               data-src=\"http:\/\/www.spaziotorino.it\/scatto\/wp-content\/gallery\/2023_02_15_finaleight\/PLA_6378.jpg\"\n               data-thumbnail=\"http:\/\/www.spaziotorino.it\/scatto\/wp-content\/gallery\/2023_02_15_finaleight\/thumbs\/thumbs_PLA_6378.jpg\"\n               data-image-id=\"28311\"\n               data-title=\"Final Eight\"\n               data-description=\"Final Eight\"\n               data-image-slug=\"pla_6378-2\"\n               class=\"ngg-fancybox\" rel=\"812e12922d837187e056c793172e1e7d\">\n                <img\n                    title=\"Final Eight\"\n                    alt=\"Final Eight\"\n                    src=\"http:\/\/www.spaziotorino.it\/scatto\/wp-content\/gallery\/2023_02_15_finaleight\/cache\/PLA_6378.jpg-nggid0528311-ngg0dyn-60x60x100-00f0w010c011r110f110r010t010.jpg\"\n                    width=\"60\"\n                    height=\"60\"\n                    style=\"max-width:100%;\"\n                \/>\n            <\/a>\n        <\/div>\n\t\t\t\t\t\t\t<\/div> \n\t\t\t\n        \n\t\t\t\t<div id=\"ngg-image-9\" class=\"ngg-gallery-thumbnail-box\" >\n\t\t\t\t        <div class=\"ngg-gallery-thumbnail\">\n            <a href=\"http:\/\/www.spaziotorino.it\/scatto\/wp-content\/gallery\/2023_02_15_finaleight\/PLA_6393.jpg\"\n               title=\"Il secondo quarto di finale: Varese - Pesaro\"\n               data-src=\"http:\/\/www.spaziotorino.it\/scatto\/wp-content\/gallery\/2023_02_15_finaleight\/PLA_6393.jpg\"\n               data-thumbnail=\"http:\/\/www.spaziotorino.it\/scatto\/wp-content\/gallery\/2023_02_15_finaleight\/thumbs\/thumbs_PLA_6393.jpg\"\n               data-image-id=\"28312\"\n               data-title=\"Il secondo quarto di finale: Varese - Pesaro\"\n               data-description=\"Il secondo quarto di finale: Varese - Pesaro\"\n               data-image-slug=\"pla_6393\"\n               class=\"ngg-fancybox\" rel=\"812e12922d837187e056c793172e1e7d\">\n                <img\n                    title=\"Il secondo quarto di finale: Varese - Pesaro\"\n                    alt=\"Il secondo quarto di finale: Varese - Pesaro\"\n                    src=\"http:\/\/www.spaziotorino.it\/scatto\/wp-content\/gallery\/2023_02_15_finaleight\/cache\/PLA_6393.jpg-nggid0528312-ngg0dyn-60x60x100-00f0w010c011r110f110r010t010.jpg\"\n                    width=\"60\"\n                    height=\"60\"\n                    style=\"max-width:100%;\"\n                \/>\n            <\/a>\n        <\/div>\n\t\t\t\t\t\t\t<\/div> \n\t\t\t\n        \n\t\t\t\t<div id=\"ngg-image-10\" class=\"ngg-gallery-thumbnail-box\" >\n\t\t\t\t        <div class=\"ngg-gallery-thumbnail\">\n            <a href=\"http:\/\/www.spaziotorino.it\/scatto\/wp-content\/gallery\/2023_02_15_finaleight\/PLA_6376.jpg\"\n               title=\"Il secondo quarto di finale: Varese - Pesaro\"\n               data-src=\"http:\/\/www.spaziotorino.it\/scatto\/wp-content\/gallery\/2023_02_15_finaleight\/PLA_6376.jpg\"\n               data-thumbnail=\"http:\/\/www.spaziotorino.it\/scatto\/wp-content\/gallery\/2023_02_15_finaleight\/thumbs\/thumbs_PLA_6376.jpg\"\n               data-image-id=\"28313\"\n               data-title=\"Il secondo quarto di finale: Varese - Pesaro\"\n               data-description=\"Il secondo quarto di finale: Varese - Pesaro\"\n               data-image-slug=\"pla_6376-2\"\n               class=\"ngg-fancybox\" rel=\"812e12922d837187e056c793172e1e7d\">\n                <img\n                    title=\"Il secondo quarto di finale: Varese - Pesaro\"\n                    alt=\"Il secondo quarto di finale: Varese - Pesaro\"\n                    src=\"http:\/\/www.spaziotorino.it\/scatto\/wp-content\/gallery\/2023_02_15_finaleight\/cache\/PLA_6376.jpg-nggid0528313-ngg0dyn-60x60x100-00f0w010c011r110f110r010t010.jpg\"\n                    width=\"60\"\n                    height=\"60\"\n                    style=\"max-width:100%;\"\n                \/>\n            <\/a>\n        <\/div>\n\t\t\t\t\t\t\t<\/div> \n\t\t\t\n        \n\t\t\t\t<div id=\"ngg-image-11\" class=\"ngg-gallery-thumbnail-box\" >\n\t\t\t\t        <div class=\"ngg-gallery-thumbnail\">\n            <a href=\"http:\/\/www.spaziotorino.it\/scatto\/wp-content\/gallery\/2023_02_15_finaleight\/PLA_6361.jpg\"\n               title=\"Il secondo quarto di finale: Varese - Pesaro\"\n               data-src=\"http:\/\/www.spaziotorino.it\/scatto\/wp-content\/gallery\/2023_02_15_finaleight\/PLA_6361.jpg\"\n               data-thumbnail=\"http:\/\/www.spaziotorino.it\/scatto\/wp-content\/gallery\/2023_02_15_finaleight\/thumbs\/thumbs_PLA_6361.jpg\"\n               data-image-id=\"28314\"\n               data-title=\"Il secondo quarto di finale: Varese - Pesaro\"\n               data-description=\"Il secondo quarto di finale: Varese - Pesaro\"\n               data-image-slug=\"pla_6361-1\"\n               class=\"ngg-fancybox\" rel=\"812e12922d837187e056c793172e1e7d\">\n                <img\n                    title=\"Il secondo quarto di finale: Varese - Pesaro\"\n                    alt=\"Il secondo quarto di finale: Varese - Pesaro\"\n                    src=\"http:\/\/www.spaziotorino.it\/scatto\/wp-content\/gallery\/2023_02_15_finaleight\/cache\/PLA_6361.jpg-nggid0528314-ngg0dyn-60x60x100-00f0w010c011r110f110r010t010.jpg\"\n                    width=\"60\"\n                    height=\"60\"\n                    style=\"max-width:100%;\"\n                \/>\n            <\/a>\n        <\/div>\n\t\t\t\t\t\t\t<\/div> \n\t\t\t\n        \n\t\t\t\t<div id=\"ngg-image-12\" class=\"ngg-gallery-thumbnail-box\" >\n\t\t\t\t        <div class=\"ngg-gallery-thumbnail\">\n            <a href=\"http:\/\/www.spaziotorino.it\/scatto\/wp-content\/gallery\/2023_02_15_finaleight\/PLA_6398.jpg\"\n               title=\"Il secondo quarto di finale: Varese - Pesaro\"\n               data-src=\"http:\/\/www.spaziotorino.it\/scatto\/wp-content\/gallery\/2023_02_15_finaleight\/PLA_6398.jpg\"\n               data-thumbnail=\"http:\/\/www.spaziotorino.it\/scatto\/wp-content\/gallery\/2023_02_15_finaleight\/thumbs\/thumbs_PLA_6398.jpg\"\n               data-image-id=\"28315\"\n               data-title=\"Il secondo quarto di finale: Varese - Pesaro\"\n               data-description=\"Il secondo quarto di finale: Varese - Pesaro\"\n               data-image-slug=\"pla_6398-1\"\n               class=\"ngg-fancybox\" rel=\"812e12922d837187e056c793172e1e7d\">\n                <img\n                    title=\"Il secondo quarto di finale: Varese - Pesaro\"\n                    alt=\"Il secondo quarto di finale: Varese - Pesaro\"\n                    src=\"http:\/\/www.spaziotorino.it\/scatto\/wp-content\/gallery\/2023_02_15_finaleight\/cache\/PLA_6398.jpg-nggid0528315-ngg0dyn-60x60x100-00f0w010c011r110f110r010t010.jpg\"\n                    width=\"60\"\n                    height=\"60\"\n                    style=\"max-width:100%;\"\n                \/>\n            <\/a>\n        <\/div>\n\t\t\t\t\t\t\t<\/div> \n\t\t\t\n        \n\t\t\t\t<div id=\"ngg-image-13\" class=\"ngg-gallery-thumbnail-box\" >\n\t\t\t\t        <div class=\"ngg-gallery-thumbnail\">\n            <a href=\"http:\/\/www.spaziotorino.it\/scatto\/wp-content\/gallery\/2023_02_15_finaleight\/PLA_6442.jpg\"\n               title=\"Il secondo quarto di finale: Varese - Pesaro\"\n               data-src=\"http:\/\/www.spaziotorino.it\/scatto\/wp-content\/gallery\/2023_02_15_finaleight\/PLA_6442.jpg\"\n               data-thumbnail=\"http:\/\/www.spaziotorino.it\/scatto\/wp-content\/gallery\/2023_02_15_finaleight\/thumbs\/thumbs_PLA_6442.jpg\"\n               data-image-id=\"28317\"\n               data-title=\"Il secondo quarto di finale: Varese - Pesaro\"\n               data-description=\"Il secondo quarto di finale: Varese - Pesaro\"\n               data-image-slug=\"pla_6442\"\n               class=\"ngg-fancybox\" rel=\"812e12922d837187e056c793172e1e7d\">\n                <img\n                    title=\"Il secondo quarto di finale: Varese - Pesaro\"\n                    alt=\"Il secondo quarto di finale: Varese - Pesaro\"\n                    src=\"http:\/\/www.spaziotorino.it\/scatto\/wp-content\/gallery\/2023_02_15_finaleight\/cache\/PLA_6442.jpg-nggid0528317-ngg0dyn-60x60x100-00f0w010c011r110f110r010t010.jpg\"\n                    width=\"60\"\n                    height=\"60\"\n                    style=\"max-width:100%;\"\n                \/>\n            <\/a>\n        <\/div>\n\t\t\t\t\t\t\t<\/div> \n\t\t\t\n        \n\t\t\t\t<div id=\"ngg-image-14\" class=\"ngg-gallery-thumbnail-box\" >\n\t\t\t\t        <div class=\"ngg-gallery-thumbnail\">\n            <a href=\"http:\/\/www.spaziotorino.it\/scatto\/wp-content\/gallery\/2023_02_15_finaleight\/PLA_6495.jpg\"\n               title=\"Il secondo quarto di finale: Varese - Pesaro\"\n               data-src=\"http:\/\/www.spaziotorino.it\/scatto\/wp-content\/gallery\/2023_02_15_finaleight\/PLA_6495.jpg\"\n               data-thumbnail=\"http:\/\/www.spaziotorino.it\/scatto\/wp-content\/gallery\/2023_02_15_finaleight\/thumbs\/thumbs_PLA_6495.jpg\"\n               data-image-id=\"28318\"\n               data-title=\"Il secondo quarto di finale: Varese - Pesaro\"\n               data-description=\"Il secondo quarto di finale: Varese - Pesaro\"\n               data-image-slug=\"pla_6495\"\n               class=\"ngg-fancybox\" rel=\"812e12922d837187e056c793172e1e7d\">\n                <img\n                    title=\"Il secondo quarto di finale: Varese - Pesaro\"\n                    alt=\"Il secondo quarto di finale: Varese - Pesaro\"\n                    src=\"http:\/\/www.spaziotorino.it\/scatto\/wp-content\/gallery\/2023_02_15_finaleight\/cache\/PLA_6495.jpg-nggid0528318-ngg0dyn-60x60x100-00f0w010c011r110f110r010t010.jpg\"\n                    width=\"60\"\n                    height=\"60\"\n                    style=\"max-width:100%;\"\n                \/>\n            <\/a>\n        <\/div>\n\t\t\t\t\t\t\t<\/div> \n\t\t\t\n        \n\t\t\t\t<div id=\"ngg-image-15\" class=\"ngg-gallery-thumbnail-box\" >\n\t\t\t\t        <div class=\"ngg-gallery-thumbnail\">\n            <a href=\"http:\/\/www.spaziotorino.it\/scatto\/wp-content\/gallery\/2023_02_15_finaleight\/PLA_6471.jpg\"\n               title=\"Il secondo quarto di finale: Varese - Pesaro\"\n               data-src=\"http:\/\/www.spaziotorino.it\/scatto\/wp-content\/gallery\/2023_02_15_finaleight\/PLA_6471.jpg\"\n               data-thumbnail=\"http:\/\/www.spaziotorino.it\/scatto\/wp-content\/gallery\/2023_02_15_finaleight\/thumbs\/thumbs_PLA_6471.jpg\"\n               data-image-id=\"28319\"\n               data-title=\"Il secondo quarto di finale: Varese - Pesaro\"\n               data-description=\"Il secondo quarto di finale: Varese - Pesaro\"\n               data-image-slug=\"pla_6471\"\n               class=\"ngg-fancybox\" rel=\"812e12922d837187e056c793172e1e7d\">\n                <img\n                    title=\"Il secondo quarto di finale: Varese - Pesaro\"\n                    alt=\"Il secondo quarto di finale: Varese - Pesaro\"\n                    src=\"http:\/\/www.spaziotorino.it\/scatto\/wp-content\/gallery\/2023_02_15_finaleight\/cache\/PLA_6471.jpg-nggid0528319-ngg0dyn-60x60x100-00f0w010c011r110f110r010t010.jpg\"\n                    width=\"60\"\n                    height=\"60\"\n                    style=\"max-width:100%;\"\n                \/>\n            <\/a>\n        <\/div>\n\t\t\t\t\t\t\t<\/div> \n\t\t\t\n        \n\t\t\t\t<div id=\"ngg-image-16\" class=\"ngg-gallery-thumbnail-box\" >\n\t\t\t\t        <div class=\"ngg-gallery-thumbnail\">\n            <a href=\"http:\/\/www.spaziotorino.it\/scatto\/wp-content\/gallery\/2023_02_15_finaleight\/PLA_6464.jpg\"\n               title=\"Il secondo quarto di finale: Varese - Pesaro\"\n               data-src=\"http:\/\/www.spaziotorino.it\/scatto\/wp-content\/gallery\/2023_02_15_finaleight\/PLA_6464.jpg\"\n               data-thumbnail=\"http:\/\/www.spaziotorino.it\/scatto\/wp-content\/gallery\/2023_02_15_finaleight\/thumbs\/thumbs_PLA_6464.jpg\"\n               data-image-id=\"28320\"\n               data-title=\"Il secondo quarto di finale: Varese - Pesaro\"\n               data-description=\"Il secondo quarto di finale: Varese - Pesaro\"\n               data-image-slug=\"pla_6464-1\"\n               class=\"ngg-fancybox\" rel=\"812e12922d837187e056c793172e1e7d\">\n                <img\n                    title=\"Il secondo quarto di finale: Varese - Pesaro\"\n                    alt=\"Il secondo quarto di finale: Varese - Pesaro\"\n                    src=\"http:\/\/www.spaziotorino.it\/scatto\/wp-content\/gallery\/2023_02_15_finaleight\/cache\/PLA_6464.jpg-nggid0528320-ngg0dyn-60x60x100-00f0w010c011r110f110r010t010.jpg\"\n                    width=\"60\"\n                    height=\"60\"\n                    style=\"max-width:100%;\"\n                \/>\n            <\/a>\n        <\/div>\n\t\t\t\t\t\t\t<\/div> \n\t\t\t\n        \n\t\t\t\t<div id=\"ngg-image-17\" class=\"ngg-gallery-thumbnail-box\" >\n\t\t\t\t        <div class=\"ngg-gallery-thumbnail\">\n            <a href=\"http:\/\/www.spaziotorino.it\/scatto\/wp-content\/gallery\/2023_02_15_finaleight\/PLA_6507.jpg\"\n               title=\"Samuel - Final Eight\"\n               data-src=\"http:\/\/www.spaziotorino.it\/scatto\/wp-content\/gallery\/2023_02_15_finaleight\/PLA_6507.jpg\"\n               data-thumbnail=\"http:\/\/www.spaziotorino.it\/scatto\/wp-content\/gallery\/2023_02_15_finaleight\/thumbs\/thumbs_PLA_6507.jpg\"\n               data-image-id=\"28321\"\n               data-title=\"Samuel - Final Eight\"\n               data-description=\"Samuel - Final Eight\"\n               data-image-slug=\"pla_6507-1\"\n               class=\"ngg-fancybox\" rel=\"812e12922d837187e056c793172e1e7d\">\n                <img\n                    title=\"Samuel - Final Eight\"\n                    alt=\"Samuel - Final Eight\"\n                    src=\"http:\/\/www.spaziotorino.it\/scatto\/wp-content\/gallery\/2023_02_15_finaleight\/cache\/PLA_6507.jpg-nggid0528321-ngg0dyn-60x60x100-00f0w010c011r110f110r010t010.jpg\"\n                    width=\"60\"\n                    height=\"60\"\n                    style=\"max-width:100%;\"\n                \/>\n            <\/a>\n        <\/div>\n\t\t\t\t\t\t\t<\/div> \n\t\t\t\n        \n\t\t\t\t<div id=\"ngg-image-18\" class=\"ngg-gallery-thumbnail-box\" >\n\t\t\t\t        <div class=\"ngg-gallery-thumbnail\">\n            <a href=\"http:\/\/www.spaziotorino.it\/scatto\/wp-content\/gallery\/2023_02_15_finaleight\/PLA_6512.jpg\"\n               title=\"Samuel - Final Eight\"\n               data-src=\"http:\/\/www.spaziotorino.it\/scatto\/wp-content\/gallery\/2023_02_15_finaleight\/PLA_6512.jpg\"\n               data-thumbnail=\"http:\/\/www.spaziotorino.it\/scatto\/wp-content\/gallery\/2023_02_15_finaleight\/thumbs\/thumbs_PLA_6512.jpg\"\n               data-image-id=\"28322\"\n               data-title=\"Samuel - Final Eight\"\n               data-description=\"Samuel - Final Eight\"\n               data-image-slug=\"pla_6512-1\"\n               class=\"ngg-fancybox\" rel=\"812e12922d837187e056c793172e1e7d\">\n                <img\n                    title=\"Samuel - Final Eight\"\n                    alt=\"Samuel - Final Eight\"\n                    src=\"http:\/\/www.spaziotorino.it\/scatto\/wp-content\/gallery\/2023_02_15_finaleight\/cache\/PLA_6512.jpg-nggid0528322-ngg0dyn-60x60x100-00f0w010c011r110f110r010t010.jpg\"\n                    width=\"60\"\n                    height=\"60\"\n                    style=\"max-width:100%;\"\n                \/>\n            <\/a>\n        <\/div>\n\t\t\t\t\t\t\t<\/div> \n\t\t\t\n        \n\t\t\t\t<div id=\"ngg-image-19\" class=\"ngg-gallery-thumbnail-box\" >\n\t\t\t\t        <div class=\"ngg-gallery-thumbnail\">\n            <a href=\"http:\/\/www.spaziotorino.it\/scatto\/wp-content\/gallery\/2023_02_15_finaleight\/PLA_6538.jpg\"\n               title=\"Samuel - Final Eight\"\n               data-src=\"http:\/\/www.spaziotorino.it\/scatto\/wp-content\/gallery\/2023_02_15_finaleight\/PLA_6538.jpg\"\n               data-thumbnail=\"http:\/\/www.spaziotorino.it\/scatto\/wp-content\/gallery\/2023_02_15_finaleight\/thumbs\/thumbs_PLA_6538.jpg\"\n               data-image-id=\"28323\"\n               data-title=\"Samuel - Final Eight\"\n               data-description=\"Samuel - Final Eight\"\n               data-image-slug=\"pla_6538\"\n               class=\"ngg-fancybox\" rel=\"812e12922d837187e056c793172e1e7d\">\n                <img\n                    title=\"Samuel - Final Eight\"\n                    alt=\"Samuel - Final Eight\"\n                    src=\"http:\/\/www.spaziotorino.it\/scatto\/wp-content\/gallery\/2023_02_15_finaleight\/cache\/PLA_6538.jpg-nggid0528323-ngg0dyn-60x60x100-00f0w010c011r110f110r010t010.jpg\"\n                    width=\"60\"\n                    height=\"60\"\n                    style=\"max-width:100%;\"\n                \/>\n            <\/a>\n        <\/div>\n\t\t\t\t\t\t\t<\/div> \n\t\t\t\n        \n\t\t\n\t\t<!-- Pagination -->\n\t<div class='ngg-clear'><\/div>\t<\/div>\n\n<p>Sono iniziati al Pala Alpitour i quarti di finale della Final Eight di Coppa Italia di pallacanestro. Nel primo incontro sono scese in campo le squadre di Milano e Brescia nel derby lombardo. Il primo quarto si \u00e8 concluso con i bresciani avanti di un punto. Nel secondo la formazione allenata da Alessandro Magro ha addirittura aumentato il vantaggio andando al riposo sul + 16. Al rientro dall\u2019intervallo Milano ha dato un chiaro segno di ripresa riducendo la distanza a \u2013 1. Nell\u2019ultimo quarto \u00e8 continuata la battaglia con le due compagini che si sono giocate la vittoria finale punto a punto. Ad imporsi \u00e8 stata Brescia di tre lunghezze che si \u00e8 guadagnata cos\u00ec la prima semifinale di sabato contro una tra Pesaro e Varese.<\/p>\n<p>Tabellino: EA7 Emporio Armani Milano \u2013 Germani Brescia (19\/20; 29\/45; 55\/56; 72\/75)<\/p>\n<p>Nel secondo match di giornata si sono affrontate Pesaro e Varese, due squadre che in campionato sono distanziate di soli due punti. Con un gran primo quarto i marchigiani sono saliti sul +17 che ha sottolineato la poca precisione sotto canestro dei lombardi. Varese in netta ripresa nel secondo quarto con un parziale di 15 a 27 ha riacceso la gara prima dell\u2019intervallo lungo. Varese alla fine del terzo quarto \u00e8 riuscita finalmente a mettere la testa avanti, rimontata immediatamente dalla tripla di Tambone. Quando mancavano 10 minuti alla fine Pesaro era avanti di 3 punti. Nell\u2019ultimo tempo ha prevalso la miglior percentuale al tiro di Pesaro che potuto cos\u00ec raggiungere Brescia in semifinale.<\/p>\n<p>Tabellino: Carpegna Prosciutto Pesaro \u2013 Openjobmetis Varese (29\/12; 44\/35; 67\/64; 84\/80)<\/p>\n<p>[Fonte: <a href=\"http:\/\/www.torinoclick.it\/?p=109087\">TorinoClick<\/a>]<\/p>\n","protected":false},"excerpt":{"rendered":"<p>Sono iniziati al Pala Alpitour i quarti di finale della Final Eight di Coppa Italia di pallacanestro. Nel primo incontro sono scese in campo le squadre di Milano e Brescia nel derby lombardo. Il primo quarto si \u00e8 concluso con i bresciani avanti di un punto. Nel secondo la formazione allenata da Alessandro Magro ha [&hellip;]<\/p>\n","protected":false},"author":1,"featured_media":0,"comment_status":"closed","ping_status":"open","sticky":false,"template":"","format":"standard","meta":{"ngg_post_thumbnail":0},"categories":[1,10],"tags":[],"_links":{"self":[{"href":"http:\/\/www.spaziotorino.it\/scatto\/index.php?rest_route=\/wp\/v2\/posts\/44335"}],"collection":[{"href":"http:\/\/www.spaziotorino.it\/scatto\/index.php?rest_route=\/wp\/v2\/posts"}],"about":[{"href":"http:\/\/www.spaziotorino.it\/scatto\/index.php?rest_route=\/wp\/v2\/types\/post"}],"author":[{"embeddable":true,"href":"http:\/\/www.spaziotorino.it\/scatto\/index.php?rest_route=\/wp\/v2\/users\/1"}],"replies":[{"embeddable":true,"href":"http:\/\/www.spaziotorino.it\/scatto\/index.php?rest_route=%2Fwp%2Fv2%2Fcomments&post=44335"}],"version-history":[{"count":3,"href":"http:\/\/www.spaziotorino.it\/scatto\/index.php?rest_route=\/wp\/v2\/posts\/44335\/revisions"}],"predecessor-version":[{"id":44338,"href":"http:\/\/www.spaziotorino.it\/scatto\/index.php?rest_route=\/wp\/v2\/posts\/44335\/revisions\/44338"}],"wp:attachment":[{"href":"http:\/\/www.spaziotorino.it\/scatto\/index.php?rest_route=%2Fwp%2Fv2%2Fmedia&parent=44335"}],"wp:term":[{"taxonomy":"category","embeddable":true,"href":"http:\/\/www.spaziotorino.it\/scatto\/index.php?rest_route=%2Fwp%2Fv2%2Fcategories&post=44335"},{"taxonomy":"post_tag","embeddable":true,"href":"http:\/\/www.spaziotorino.it\/scatto\/index.php?rest_route=%2Fwp%2Fv2%2Ftags&post=44335"}],"curies":[{"name":"wp","href":"https:\/\/api.w.org\/{rel}","templated":true}]}}