{"id":44589,"date":"2023-03-08T18:36:23","date_gmt":"2023-03-08T17:36:23","guid":{"rendered":"http:\/\/www.spaziotorino.it\/scatto\/?p=44589"},"modified":"2023-03-10T11:00:02","modified_gmt":"2023-03-10T10:00:02","slug":"al-pav-lultimo-saluto-a-piero-gilardi","status":"publish","type":"post","link":"http:\/\/www.spaziotorino.it\/scatto\/?p=44589","title":{"rendered":"Al PAV l&#8217;ultimo saluto a Piero Gilardi"},"content":{"rendered":"<p><a class=\"ngg-fancybox\" title=\"Al PAV l'ultimo saluto a Piero Gilardi\" href=\"http:\/\/www.spaziotorino.it\/scatto\/wp-content\/gallery\/2023_03_08_gilardi\/PLA_0990.jpg\" rel=\"lightbox[set_1893]\"><br \/>\n<img decoding=\"async\" loading=\"lazy\" class=\"ngg-singlepic\" title=\"Al PAV l'ultimo saluto a Piero Gilardi\" src=\"http:\/\/www.spaziotorino.it\/scatto\/wp-content\/gallery\/2023_03_08_gilardi\/PLA_0990.jpg\" alt=\"\" width=\"540\" height=\"360\"\/><\/a><\/p>\n<!-- index.php -->\n<div\n\tclass=\"ngg-galleryoverview ngg-ajax-pagination-none\"\n\tid=\"ngg-gallery-8055541f4e15736bacd94a5c5a4b3027-1\">\n\n    \t\t<!-- Thumbnails -->\n\t\t\t\t<div id=\"ngg-image-0\" class=\"ngg-gallery-thumbnail-box\" >\n\t\t\t\t        <div class=\"ngg-gallery-thumbnail\">\n            <a href=\"http:\/\/www.spaziotorino.it\/scatto\/wp-content\/gallery\/2023_03_08_gilardi\/PLA_0910.jpg\"\n               title=\"Mercoled\u00ec 8 marzo 2023 PAV- Parco d&#039;Arte Vivente: ultimo saluto a Piero Gilardi\"\n               data-src=\"http:\/\/www.spaziotorino.it\/scatto\/wp-content\/gallery\/2023_03_08_gilardi\/PLA_0910.jpg\"\n               data-thumbnail=\"http:\/\/www.spaziotorino.it\/scatto\/wp-content\/gallery\/2023_03_08_gilardi\/thumbs\/thumbs_PLA_0910.jpg\"\n               data-image-id=\"28505\"\n               data-title=\"Mercoled\u00ec 8 marzo 2023 PAV- Parco d&#039;Arte Vivente: ultimo saluto a Piero Gilardi\"\n               data-description=\"Mercoled\u00ec 8 marzo 2023 PAV- Parco d&#039;Arte Vivente: ultimo saluto a Piero Gilardi\"\n               data-image-slug=\"pla_0910-1\"\n               class=\"ngg-fancybox\" rel=\"8055541f4e15736bacd94a5c5a4b3027\">\n                <img\n                    title=\"Mercoled\u00ec 8 marzo 2023 PAV- Parco d&#039;Arte Vivente: ultimo saluto a Piero Gilardi\"\n                    alt=\"Mercoled\u00ec 8 marzo 2023 PAV- Parco d&#039;Arte Vivente: ultimo saluto a Piero Gilardi\"\n                    src=\"http:\/\/www.spaziotorino.it\/scatto\/wp-content\/gallery\/2023_03_08_gilardi\/cache\/PLA_0910.jpg-nggid0528505-ngg0dyn-60x60x100-00f0w010c011r110f110r010t010.jpg\"\n                    width=\"60\"\n                    height=\"60\"\n                    style=\"max-width:100%;\"\n                \/>\n            <\/a>\n        <\/div>\n\t\t\t\t\t\t\t<\/div> \n\t\t\t\n        \n\t\t\t\t<div id=\"ngg-image-1\" class=\"ngg-gallery-thumbnail-box\" >\n\t\t\t\t        <div class=\"ngg-gallery-thumbnail\">\n            <a href=\"http:\/\/www.spaziotorino.it\/scatto\/wp-content\/gallery\/2023_03_08_gilardi\/PLA_0914.jpg\"\n               title=\"Mercoled\u00ec 8 marzo 2023 PAV- Parco d&#039;Arte Vivente: ultimo saluto a Piero Gilardi\"\n               data-src=\"http:\/\/www.spaziotorino.it\/scatto\/wp-content\/gallery\/2023_03_08_gilardi\/PLA_0914.jpg\"\n               data-thumbnail=\"http:\/\/www.spaziotorino.it\/scatto\/wp-content\/gallery\/2023_03_08_gilardi\/thumbs\/thumbs_PLA_0914.jpg\"\n               data-image-id=\"28510\"\n               data-title=\"Mercoled\u00ec 8 marzo 2023 PAV- Parco d&#039;Arte Vivente: ultimo saluto a Piero Gilardi\"\n               data-description=\"Mercoled\u00ec 8 marzo 2023 PAV- Parco d&#039;Arte Vivente: ultimo saluto a Piero Gilardi\"\n               data-image-slug=\"pla_0914-2\"\n               class=\"ngg-fancybox\" rel=\"8055541f4e15736bacd94a5c5a4b3027\">\n                <img\n                    title=\"Mercoled\u00ec 8 marzo 2023 PAV- Parco d&#039;Arte Vivente: ultimo saluto a Piero Gilardi\"\n                    alt=\"Mercoled\u00ec 8 marzo 2023 PAV- Parco d&#039;Arte Vivente: ultimo saluto a Piero Gilardi\"\n                    src=\"http:\/\/www.spaziotorino.it\/scatto\/wp-content\/gallery\/2023_03_08_gilardi\/cache\/PLA_0914.jpg-nggid0528510-ngg0dyn-60x60x100-00f0w010c011r110f110r010t010.jpg\"\n                    width=\"60\"\n                    height=\"60\"\n                    style=\"max-width:100%;\"\n                \/>\n            <\/a>\n        <\/div>\n\t\t\t\t\t\t\t<\/div> \n\t\t\t\n        \n\t\t\t\t<div id=\"ngg-image-2\" class=\"ngg-gallery-thumbnail-box\" >\n\t\t\t\t        <div class=\"ngg-gallery-thumbnail\">\n            <a href=\"http:\/\/www.spaziotorino.it\/scatto\/wp-content\/gallery\/2023_03_08_gilardi\/PLA_0928.jpg\"\n               title=\"Mercoled\u00ec 8 marzo 2023 PAV- Parco d&#039;Arte Vivente: ultimo saluto a Piero Gilardi\"\n               data-src=\"http:\/\/www.spaziotorino.it\/scatto\/wp-content\/gallery\/2023_03_08_gilardi\/PLA_0928.jpg\"\n               data-thumbnail=\"http:\/\/www.spaziotorino.it\/scatto\/wp-content\/gallery\/2023_03_08_gilardi\/thumbs\/thumbs_PLA_0928.jpg\"\n               data-image-id=\"28514\"\n               data-title=\"Mercoled\u00ec 8 marzo 2023 PAV- Parco d&#039;Arte Vivente: ultimo saluto a Piero Gilardi\"\n               data-description=\"Mercoled\u00ec 8 marzo 2023 PAV- Parco d&#039;Arte Vivente: ultimo saluto a Piero Gilardi\"\n               data-image-slug=\"pla_0928-1\"\n               class=\"ngg-fancybox\" rel=\"8055541f4e15736bacd94a5c5a4b3027\">\n                <img\n                    title=\"Mercoled\u00ec 8 marzo 2023 PAV- Parco d&#039;Arte Vivente: ultimo saluto a Piero Gilardi\"\n                    alt=\"Mercoled\u00ec 8 marzo 2023 PAV- Parco d&#039;Arte Vivente: ultimo saluto a Piero Gilardi\"\n                    src=\"http:\/\/www.spaziotorino.it\/scatto\/wp-content\/gallery\/2023_03_08_gilardi\/cache\/PLA_0928.jpg-nggid0528514-ngg0dyn-60x60x100-00f0w010c011r110f110r010t010.jpg\"\n                    width=\"60\"\n                    height=\"60\"\n                    style=\"max-width:100%;\"\n                \/>\n            <\/a>\n        <\/div>\n\t\t\t\t\t\t\t<\/div> \n\t\t\t\n        \n\t\t\t\t<div id=\"ngg-image-3\" class=\"ngg-gallery-thumbnail-box\" >\n\t\t\t\t        <div class=\"ngg-gallery-thumbnail\">\n            <a href=\"http:\/\/www.spaziotorino.it\/scatto\/wp-content\/gallery\/2023_03_08_gilardi\/PLA_0955.jpg\"\n               title=\"Elia Gilardi, figlio di Piero\"\n               data-src=\"http:\/\/www.spaziotorino.it\/scatto\/wp-content\/gallery\/2023_03_08_gilardi\/PLA_0955.jpg\"\n               data-thumbnail=\"http:\/\/www.spaziotorino.it\/scatto\/wp-content\/gallery\/2023_03_08_gilardi\/thumbs\/thumbs_PLA_0955.jpg\"\n               data-image-id=\"28513\"\n               data-title=\"Elia Gilardi, figlio di Piero\"\n               data-description=\"Elia Gilardi, figlio di Piero\"\n               data-image-slug=\"pla_0955-1\"\n               class=\"ngg-fancybox\" rel=\"8055541f4e15736bacd94a5c5a4b3027\">\n                <img\n                    title=\"Elia Gilardi, figlio di Piero\"\n                    alt=\"Elia Gilardi, figlio di Piero\"\n                    src=\"http:\/\/www.spaziotorino.it\/scatto\/wp-content\/gallery\/2023_03_08_gilardi\/cache\/PLA_0955.jpg-nggid0528513-ngg0dyn-60x60x100-00f0w010c011r110f110r010t010.jpg\"\n                    width=\"60\"\n                    height=\"60\"\n                    style=\"max-width:100%;\"\n                \/>\n            <\/a>\n        <\/div>\n\t\t\t\t\t\t\t<\/div> \n\t\t\t\n        \n\t\t\t\t<div id=\"ngg-image-4\" class=\"ngg-gallery-thumbnail-box\" >\n\t\t\t\t        <div class=\"ngg-gallery-thumbnail\">\n            <a href=\"http:\/\/www.spaziotorino.it\/scatto\/wp-content\/gallery\/2023_03_08_gilardi\/PLA_0967.jpg\"\n               title=\"Il saluto di Pietro Perotti\"\n               data-src=\"http:\/\/www.spaziotorino.it\/scatto\/wp-content\/gallery\/2023_03_08_gilardi\/PLA_0967.jpg\"\n               data-thumbnail=\"http:\/\/www.spaziotorino.it\/scatto\/wp-content\/gallery\/2023_03_08_gilardi\/thumbs\/thumbs_PLA_0967.jpg\"\n               data-image-id=\"28511\"\n               data-title=\"Il saluto di Pietro Perotti\"\n               data-description=\"Il saluto di Pietro Perotti\"\n               data-image-slug=\"pla_0967\"\n               class=\"ngg-fancybox\" rel=\"8055541f4e15736bacd94a5c5a4b3027\">\n                <img\n                    title=\"Il saluto di Pietro Perotti\"\n                    alt=\"Il saluto di Pietro Perotti\"\n                    src=\"http:\/\/www.spaziotorino.it\/scatto\/wp-content\/gallery\/2023_03_08_gilardi\/cache\/PLA_0967.jpg-nggid0528511-ngg0dyn-60x60x100-00f0w010c011r110f110r010t010.jpg\"\n                    width=\"60\"\n                    height=\"60\"\n                    style=\"max-width:100%;\"\n                \/>\n            <\/a>\n        <\/div>\n\t\t\t\t\t\t\t<\/div> \n\t\t\t\n        \n\t\t\t\t<div id=\"ngg-image-5\" class=\"ngg-gallery-thumbnail-box\" >\n\t\t\t\t        <div class=\"ngg-gallery-thumbnail\">\n            <a href=\"http:\/\/www.spaziotorino.it\/scatto\/wp-content\/gallery\/2023_03_08_gilardi\/PLA_0945.jpg\"\n               title=\"Mercoled\u00ec 8 marzo 2023 PAV- Parco d&#039;Arte Vivente: ultimo saluto a Piero Gilardi\"\n               data-src=\"http:\/\/www.spaziotorino.it\/scatto\/wp-content\/gallery\/2023_03_08_gilardi\/PLA_0945.jpg\"\n               data-thumbnail=\"http:\/\/www.spaziotorino.it\/scatto\/wp-content\/gallery\/2023_03_08_gilardi\/thumbs\/thumbs_PLA_0945.jpg\"\n               data-image-id=\"28512\"\n               data-title=\"Mercoled\u00ec 8 marzo 2023 PAV- Parco d&#039;Arte Vivente: ultimo saluto a Piero Gilardi\"\n               data-description=\"Mercoled\u00ec 8 marzo 2023 PAV- Parco d&#039;Arte Vivente: ultimo saluto a Piero Gilardi\"\n               data-image-slug=\"pla_0945-2\"\n               class=\"ngg-fancybox\" rel=\"8055541f4e15736bacd94a5c5a4b3027\">\n                <img\n                    title=\"Mercoled\u00ec 8 marzo 2023 PAV- Parco d&#039;Arte Vivente: ultimo saluto a Piero Gilardi\"\n                    alt=\"Mercoled\u00ec 8 marzo 2023 PAV- Parco d&#039;Arte Vivente: ultimo saluto a Piero Gilardi\"\n                    src=\"http:\/\/www.spaziotorino.it\/scatto\/wp-content\/gallery\/2023_03_08_gilardi\/cache\/PLA_0945.jpg-nggid0528512-ngg0dyn-60x60x100-00f0w010c011r110f110r010t010.jpg\"\n                    width=\"60\"\n                    height=\"60\"\n                    style=\"max-width:100%;\"\n                \/>\n            <\/a>\n        <\/div>\n\t\t\t\t\t\t\t<\/div> \n\t\t\t\n        \n\t\t\t\t<div id=\"ngg-image-6\" class=\"ngg-gallery-thumbnail-box\" >\n\t\t\t\t        <div class=\"ngg-gallery-thumbnail\">\n            <a href=\"http:\/\/www.spaziotorino.it\/scatto\/wp-content\/gallery\/2023_03_08_gilardi\/PLA_0929.jpg\"\n               title=\"Mercoled\u00ec 8 marzo 2023 PAV- Parco d&#039;Arte Vivente: ultimo saluto a Piero Gilardi\"\n               data-src=\"http:\/\/www.spaziotorino.it\/scatto\/wp-content\/gallery\/2023_03_08_gilardi\/PLA_0929.jpg\"\n               data-thumbnail=\"http:\/\/www.spaziotorino.it\/scatto\/wp-content\/gallery\/2023_03_08_gilardi\/thumbs\/thumbs_PLA_0929.jpg\"\n               data-image-id=\"28515\"\n               data-title=\"Mercoled\u00ec 8 marzo 2023 PAV- Parco d&#039;Arte Vivente: ultimo saluto a Piero Gilardi\"\n               data-description=\"Mercoled\u00ec 8 marzo 2023 PAV- Parco d&#039;Arte Vivente: ultimo saluto a Piero Gilardi\"\n               data-image-slug=\"pla_0929-1\"\n               class=\"ngg-fancybox\" rel=\"8055541f4e15736bacd94a5c5a4b3027\">\n                <img\n                    title=\"Mercoled\u00ec 8 marzo 2023 PAV- Parco d&#039;Arte Vivente: ultimo saluto a Piero Gilardi\"\n                    alt=\"Mercoled\u00ec 8 marzo 2023 PAV- Parco d&#039;Arte Vivente: ultimo saluto a Piero Gilardi\"\n                    src=\"http:\/\/www.spaziotorino.it\/scatto\/wp-content\/gallery\/2023_03_08_gilardi\/cache\/PLA_0929.jpg-nggid0528515-ngg0dyn-60x60x100-00f0w010c011r110f110r010t010.jpg\"\n                    width=\"60\"\n                    height=\"60\"\n                    style=\"max-width:100%;\"\n                \/>\n            <\/a>\n        <\/div>\n\t\t\t\t\t\t\t<\/div> \n\t\t\t\n        \n\t\t\t\t<div id=\"ngg-image-7\" class=\"ngg-gallery-thumbnail-box\" >\n\t\t\t\t        <div class=\"ngg-gallery-thumbnail\">\n            <a href=\"http:\/\/www.spaziotorino.it\/scatto\/wp-content\/gallery\/2023_03_08_gilardi\/PLA_1001.jpg\"\n               title=\"Mercoled\u00ec 8 marzo 2023 PAV- Parco d&#039;Arte Vivente\"\n               data-src=\"http:\/\/www.spaziotorino.it\/scatto\/wp-content\/gallery\/2023_03_08_gilardi\/PLA_1001.jpg\"\n               data-thumbnail=\"http:\/\/www.spaziotorino.it\/scatto\/wp-content\/gallery\/2023_03_08_gilardi\/thumbs\/thumbs_PLA_1001.jpg\"\n               data-image-id=\"28517\"\n               data-title=\"Mercoled\u00ec 8 marzo 2023 PAV- Parco d&#039;Arte Vivente\"\n               data-description=\"Mercoled\u00ec 8 marzo 2023 PAV- Parco d&#039;Arte Vivente\"\n               data-image-slug=\"pla_1001\"\n               class=\"ngg-fancybox\" rel=\"8055541f4e15736bacd94a5c5a4b3027\">\n                <img\n                    title=\"Mercoled\u00ec 8 marzo 2023 PAV- Parco d&#039;Arte Vivente\"\n                    alt=\"Mercoled\u00ec 8 marzo 2023 PAV- Parco d&#039;Arte Vivente\"\n                    src=\"http:\/\/www.spaziotorino.it\/scatto\/wp-content\/gallery\/2023_03_08_gilardi\/cache\/PLA_1001.jpg-nggid0528517-ngg0dyn-60x60x100-00f0w010c011r110f110r010t010.jpg\"\n                    width=\"60\"\n                    height=\"60\"\n                    style=\"max-width:100%;\"\n                \/>\n            <\/a>\n        <\/div>\n\t\t\t\t\t\t\t<\/div> \n\t\t\t\n        \n\t\t\t\t<div id=\"ngg-image-8\" class=\"ngg-gallery-thumbnail-box\" >\n\t\t\t\t        <div class=\"ngg-gallery-thumbnail\">\n            <a href=\"http:\/\/www.spaziotorino.it\/scatto\/wp-content\/gallery\/2023_03_08_gilardi\/IMG_4122.jpg\"\n               title=\"Piero Gilardi ad un corteo del Primo Maggio\"\n               data-src=\"http:\/\/www.spaziotorino.it\/scatto\/wp-content\/gallery\/2023_03_08_gilardi\/IMG_4122.jpg\"\n               data-thumbnail=\"http:\/\/www.spaziotorino.it\/scatto\/wp-content\/gallery\/2023_03_08_gilardi\/thumbs\/thumbs_IMG_4122.jpg\"\n               data-image-id=\"28508\"\n               data-title=\"Piero Gilardi ad un corteo del Primo Maggio\"\n               data-description=\"Piero Gilardi ad un corteo del Primo Maggio\"\n               data-image-slug=\"img_4122\"\n               class=\"ngg-fancybox\" rel=\"8055541f4e15736bacd94a5c5a4b3027\">\n                <img\n                    title=\"Piero Gilardi ad un corteo del Primo Maggio\"\n                    alt=\"Piero Gilardi ad un corteo del Primo Maggio\"\n                    src=\"http:\/\/www.spaziotorino.it\/scatto\/wp-content\/gallery\/2023_03_08_gilardi\/cache\/IMG_4122.jpg-nggid0528508-ngg0dyn-60x60x100-00f0w010c011r110f110r010t010.jpg\"\n                    width=\"60\"\n                    height=\"60\"\n                    style=\"max-width:100%;\"\n                \/>\n            <\/a>\n        <\/div>\n\t\t\t\t\t\t\t<\/div> \n\t\t\t\n        \n\t\t\t\t<div id=\"ngg-image-9\" class=\"ngg-gallery-thumbnail-box\" >\n\t\t\t\t        <div class=\"ngg-gallery-thumbnail\">\n            <a href=\"http:\/\/www.spaziotorino.it\/scatto\/wp-content\/gallery\/2023_03_08_gilardi\/IMG_7758.jpg\"\n               title=\"Piero Gilardi\"\n               data-src=\"http:\/\/www.spaziotorino.it\/scatto\/wp-content\/gallery\/2023_03_08_gilardi\/IMG_7758.jpg\"\n               data-thumbnail=\"http:\/\/www.spaziotorino.it\/scatto\/wp-content\/gallery\/2023_03_08_gilardi\/thumbs\/thumbs_IMG_7758.jpg\"\n               data-image-id=\"28509\"\n               data-title=\"Piero Gilardi\"\n               data-description=\"Piero Gilardi\"\n               data-image-slug=\"img_7758\"\n               class=\"ngg-fancybox\" rel=\"8055541f4e15736bacd94a5c5a4b3027\">\n                <img\n                    title=\"Piero Gilardi\"\n                    alt=\"Piero Gilardi\"\n                    src=\"http:\/\/www.spaziotorino.it\/scatto\/wp-content\/gallery\/2023_03_08_gilardi\/cache\/IMG_7758.jpg-nggid0528509-ngg0dyn-60x60x100-00f0w010c011r110f110r010t010.jpg\"\n                    width=\"60\"\n                    height=\"60\"\n                    style=\"max-width:100%;\"\n                \/>\n            <\/a>\n        <\/div>\n\t\t\t\t\t\t\t<\/div> \n\t\t\t\n        \n\t\t\t\t<div id=\"ngg-image-10\" class=\"ngg-gallery-thumbnail-box\" >\n\t\t\t\t        <div class=\"ngg-gallery-thumbnail\">\n            <a href=\"http:\/\/www.spaziotorino.it\/scatto\/wp-content\/gallery\/2023_03_08_gilardi\/IMG_8088.jpg\"\n               title=\"GAM 2017: Mario Air\u00f2, Enrica Borghi, Marco Gastini, Piero Gilardi, Luigi Mainolfi e Luigi Stoisa\"\n               data-src=\"http:\/\/www.spaziotorino.it\/scatto\/wp-content\/gallery\/2023_03_08_gilardi\/IMG_8088.jpg\"\n               data-thumbnail=\"http:\/\/www.spaziotorino.it\/scatto\/wp-content\/gallery\/2023_03_08_gilardi\/thumbs\/thumbs_IMG_8088.jpg\"\n               data-image-id=\"28507\"\n               data-title=\"GAM 2017: Mario Air\u00f2, Enrica Borghi, Marco Gastini, Piero Gilardi, Luigi Mainolfi e Luigi Stoisa\"\n               data-description=\"GAM 2017: Mario Air\u00f2, Enrica Borghi, Marco Gastini, Piero Gilardi, Luigi Mainolfi e Luigi Stoisa\"\n               data-image-slug=\"img_8088-1\"\n               class=\"ngg-fancybox\" rel=\"8055541f4e15736bacd94a5c5a4b3027\">\n                <img\n                    title=\"GAM 2017: Mario Air\u00f2, Enrica Borghi, Marco Gastini, Piero Gilardi, Luigi Mainolfi e Luigi Stoisa\"\n                    alt=\"GAM 2017: Mario Air\u00f2, Enrica Borghi, Marco Gastini, Piero Gilardi, Luigi Mainolfi e Luigi Stoisa\"\n                    src=\"http:\/\/www.spaziotorino.it\/scatto\/wp-content\/gallery\/2023_03_08_gilardi\/cache\/IMG_8088.jpg-nggid0528507-ngg0dyn-60x60x100-00f0w010c011r110f110r010t010.jpg\"\n                    width=\"60\"\n                    height=\"60\"\n                    style=\"max-width:100%;\"\n                \/>\n            <\/a>\n        <\/div>\n\t\t\t\t\t\t\t<\/div> \n\t\t\t\n        \n\t\t\t\t<div id=\"ngg-image-11\" class=\"ngg-gallery-thumbnail-box\" >\n\t\t\t\t        <div class=\"ngg-gallery-thumbnail\">\n            <a href=\"http:\/\/www.spaziotorino.it\/scatto\/wp-content\/gallery\/2023_03_08_gilardi\/IMG_8624.jpg\"\n               title=\"Piero Gilardi nel 2011\"\n               data-src=\"http:\/\/www.spaziotorino.it\/scatto\/wp-content\/gallery\/2023_03_08_gilardi\/IMG_8624.jpg\"\n               data-thumbnail=\"http:\/\/www.spaziotorino.it\/scatto\/wp-content\/gallery\/2023_03_08_gilardi\/thumbs\/thumbs_IMG_8624.jpg\"\n               data-image-id=\"28506\"\n               data-title=\"Piero Gilardi nel 2011\"\n               data-description=\"Piero Gilardi nel 2011\"\n               data-image-slug=\"img_8624\"\n               class=\"ngg-fancybox\" rel=\"8055541f4e15736bacd94a5c5a4b3027\">\n                <img\n                    title=\"Piero Gilardi nel 2011\"\n                    alt=\"Piero Gilardi nel 2011\"\n                    src=\"http:\/\/www.spaziotorino.it\/scatto\/wp-content\/gallery\/2023_03_08_gilardi\/cache\/IMG_8624.jpg-nggid0528506-ngg0dyn-60x60x100-00f0w010c011r110f110r010t010.jpg\"\n                    width=\"60\"\n                    height=\"60\"\n                    style=\"max-width:100%;\"\n                \/>\n            <\/a>\n        <\/div>\n\t\t\t\t\t\t\t<\/div> \n\t\t\t\n        \n\t\t\t\t<div id=\"ngg-image-12\" class=\"ngg-gallery-thumbnail-box\" >\n\t\t\t\t        <div class=\"ngg-gallery-thumbnail\">\n            <a href=\"http:\/\/www.spaziotorino.it\/scatto\/wp-content\/gallery\/2023_03_08_gilardi\/IMG_8626.jpg\"\n               title=\"PAV 2011: Fiorenzo Alfieri, Enrico Carlo Bonanate, Luca Cassiani e Piero Gilardi\"\n               data-src=\"http:\/\/www.spaziotorino.it\/scatto\/wp-content\/gallery\/2023_03_08_gilardi\/IMG_8626.jpg\"\n               data-thumbnail=\"http:\/\/www.spaziotorino.it\/scatto\/wp-content\/gallery\/2023_03_08_gilardi\/thumbs\/thumbs_IMG_8626.jpg\"\n               data-image-id=\"28504\"\n               data-title=\"PAV 2011: Fiorenzo Alfieri, Enrico Carlo Bonanate, Luca Cassiani e Piero Gilardi\"\n               data-description=\"PAV 2011: Fiorenzo Alfieri, Enrico Carlo Bonanate, Luca Cassiani e Piero Gilardi\"\n               data-image-slug=\"img_8626\"\n               class=\"ngg-fancybox\" rel=\"8055541f4e15736bacd94a5c5a4b3027\">\n                <img\n                    title=\"PAV 2011: Fiorenzo Alfieri, Enrico Carlo Bonanate, Luca Cassiani e Piero Gilardi\"\n                    alt=\"PAV 2011: Fiorenzo Alfieri, Enrico Carlo Bonanate, Luca Cassiani e Piero Gilardi\"\n                    src=\"http:\/\/www.spaziotorino.it\/scatto\/wp-content\/gallery\/2023_03_08_gilardi\/cache\/IMG_8626.jpg-nggid0528504-ngg0dyn-60x60x100-00f0w010c011r110f110r010t010.jpg\"\n                    width=\"60\"\n                    height=\"60\"\n                    style=\"max-width:100%;\"\n                \/>\n            <\/a>\n        <\/div>\n\t\t\t\t\t\t\t<\/div> \n\t\t\t\n        \n\t\t\n\t\t<!-- Pagination -->\n\t<div class='ngg-clear'><\/div>\t<\/div>\n\n<p>Piero Gilardi \u00e8 scomparso domenica 5 marzo, all\u2019et\u00e0 di 80 anni.<br \/>\nArtista, animatore culturale, militante politico instancabille dalla sua prima mostra personale nel 1963 si \u00e8 imposto nel panorama internazionale, \u00e8 stato interprete originale dei  cambiamenti che hanno investito la societ\u00e0 a partire dagli anni Sessanta.<br \/>\nMercoled\u00ec 8 marzo al PAV si \u00e8 svolto l&#8217;ultimo saluto al maestro Gilardi, al Parco d&#8217;Arte Vivente luogo da lui creato nel 2006. Tanti i ricordi e saluti commossi durante la cerimonia tra cui le parole del figlio Elia e dell&#8217;amico e Pietro Perotti. La Vicesindaca Michela Favaro ha portato il saluto della Citt\u00e0 di Torino.<\/p>\n<p>Piero Gilardi e il PAV negli articoli del fotoblog:<br \/>\n6 luglio 2006 &#8211; <a href=\"http:\/\/www.comune.torino.it\/scatTO\/archivio\/2006\/luglio06\/20060706.shtml\">Inaugurazione dell&#8217;opera d&#8217;arte ambientale Tr\u00e8fle<\/a><br \/>\n31 ottobre 2008 &#8211; <a href=\"http:\/\/www.comune.torino.it\/scatTO\/archivio\/2008\/ottobre08\/20081031.shtml\">PAV &#8211; Parco Arte Vivente, Centro d&#8217;Arte Contemporanea Torino<\/a><br \/>\n28 aprile 2011 &#8211; <a href=\"http:\/\/www.spaziotorino.it\/scatto\/?p=1460\">Il corpo che guarda. Evgen Bavcar al PAV<\/a><br \/>\n9 giugno 2011 &#8211;  <a href=\"http:\/\/www.spaziotorino.it\/scatto\/?p=1654\">Living works, personale di Eduardo Kac al PAV<\/a><br \/>\n27 ottobre 2011 &#8211; <a href=\"http:\/\/www.spaziotorino.it\/scatto\/?p=2107\">Breathless, l\u2019arte ecologica di Andrea Polli<\/a><br \/>\n29 marzo 2012 &#8211; <a href=\"http:\/\/www.spaziotorino.it\/scatto\/?p=2616\">Al PAV le tante storie della mucca di mare <\/a><br \/>\n7 febbraio 2013 &#8211; <a href=\"http:\/\/www.spaziotorino.it\/scatto\/?p=3425\">Piero Gilardi. Recent works 2008-2013<\/a><br \/>\n27 ottobre 2017 &#8211; <a href=\"http:\/\/www.spaziotorino.it\/scatto\/?p=8347\">I 20 anni di Luci d\u2019Artista<\/a><br \/>\n14 giugno 2022 &#8211; <a href=\"http:\/\/www.spaziotorino.it\/scatto\/?p=42532\">Di rame, cera, ferro, glicini e ghiaccio al PAV Parco Arte Vivente<\/a><\/p>\n","protected":false},"excerpt":{"rendered":"<p>Piero Gilardi \u00e8 scomparso domenica 5 marzo, all\u2019et\u00e0 di 80 anni. Artista, animatore culturale, militante politico instancabille dalla sua prima mostra personale nel 1963 si \u00e8 imposto nel panorama internazionale, \u00e8 stato interprete originale dei cambiamenti che hanno investito la societ\u00e0 a partire dagli anni Sessanta. Mercoled\u00ec 8 marzo al PAV si \u00e8 svolto l&#8217;ultimo [&hellip;]<\/p>\n","protected":false},"author":1,"featured_media":0,"comment_status":"closed","ping_status":"open","sticky":false,"template":"","format":"standard","meta":{"ngg_post_thumbnail":0},"categories":[1,41,895],"tags":[],"_links":{"self":[{"href":"http:\/\/www.spaziotorino.it\/scatto\/index.php?rest_route=\/wp\/v2\/posts\/44589"}],"collection":[{"href":"http:\/\/www.spaziotorino.it\/scatto\/index.php?rest_route=\/wp\/v2\/posts"}],"about":[{"href":"http:\/\/www.spaziotorino.it\/scatto\/index.php?rest_route=\/wp\/v2\/types\/post"}],"author":[{"embeddable":true,"href":"http:\/\/www.spaziotorino.it\/scatto\/index.php?rest_route=\/wp\/v2\/users\/1"}],"replies":[{"embeddable":true,"href":"http:\/\/www.spaziotorino.it\/scatto\/index.php?rest_route=%2Fwp%2Fv2%2Fcomments&post=44589"}],"version-history":[{"count":2,"href":"http:\/\/www.spaziotorino.it\/scatto\/index.php?rest_route=\/wp\/v2\/posts\/44589\/revisions"}],"predecessor-version":[{"id":44592,"href":"http:\/\/www.spaziotorino.it\/scatto\/index.php?rest_route=\/wp\/v2\/posts\/44589\/revisions\/44592"}],"wp:attachment":[{"href":"http:\/\/www.spaziotorino.it\/scatto\/index.php?rest_route=%2Fwp%2Fv2%2Fmedia&parent=44589"}],"wp:term":[{"taxonomy":"category","embeddable":true,"href":"http:\/\/www.spaziotorino.it\/scatto\/index.php?rest_route=%2Fwp%2Fv2%2Fcategories&post=44589"},{"taxonomy":"post_tag","embeddable":true,"href":"http:\/\/www.spaziotorino.it\/scatto\/index.php?rest_route=%2Fwp%2Fv2%2Ftags&post=44589"}],"curies":[{"name":"wp","href":"https:\/\/api.w.org\/{rel}","templated":true}]}}