{"id":44885,"date":"2023-03-31T12:04:56","date_gmt":"2023-03-31T11:04:56","guid":{"rendered":"http:\/\/www.spaziotorino.it\/scatto\/?p=44885"},"modified":"2023-03-31T12:04:56","modified_gmt":"2023-03-31T11:04:56","slug":"alla-circoscrizione-7-le-bandiere-dei-diritti-delle-persone-transgender-e-lgbtqia","status":"publish","type":"post","link":"http:\/\/www.spaziotorino.it\/scatto\/?p=44885","title":{"rendered":"Alla Circoscrizione 7 le bandiere dei diritti delle persone transgender e lgbtqia+"},"content":{"rendered":"<p><a class=\"ngg-fancybox\" title=\"Alla Circoscrizione 7 le bandiere dei diritti delle persone transgender e lgbtqia+\" href=\"http:\/\/www.spaziotorino.it\/scatto\/wp-content\/gallery\/2023_03_30_circ7\/PLA_4235.jpg\" rel=\"lightbox[set_1911]\"><br \/>\n<img decoding=\"async\" loading=\"lazy\" class=\"ngg-singlepic\" title=\"Alla Circoscrizione 7 le bandiere dei diritti delle persone transgender e lgbtqia+\" src=\"http:\/\/www.spaziotorino.it\/scatto\/wp-content\/gallery\/2023_03_30_circ7\/PLA_4235.jpg\" alt=\"\" width=\"540\" height=\"360\"\/><\/a><\/p>\n<!-- index.php -->\n<div\n\tclass=\"ngg-galleryoverview ngg-ajax-pagination-none\"\n\tid=\"ngg-gallery-5f43f24989e8ad2829b156be58ed683a-1\">\n\n    \t\t<!-- Thumbnails -->\n\t\t\t\t<div id=\"ngg-image-0\" class=\"ngg-gallery-thumbnail-box\" >\n\t\t\t\t        <div class=\"ngg-gallery-thumbnail\">\n            <a href=\"http:\/\/www.spaziotorino.it\/scatto\/wp-content\/gallery\/2023_03_30_circ7\/PLA_4210.jpg\"\n               title=\"Circoscrizione 7, ingresso Centro Civico\"\n               data-src=\"http:\/\/www.spaziotorino.it\/scatto\/wp-content\/gallery\/2023_03_30_circ7\/PLA_4210.jpg\"\n               data-thumbnail=\"http:\/\/www.spaziotorino.it\/scatto\/wp-content\/gallery\/2023_03_30_circ7\/thumbs\/thumbs_PLA_4210.jpg\"\n               data-image-id=\"28721\"\n               data-title=\"Circoscrizione 7, ingresso Centro Civico\"\n               data-description=\"Circoscrizione 7, ingresso Centro Civico\"\n               data-image-slug=\"pla_4210\"\n               class=\"ngg-fancybox\" rel=\"5f43f24989e8ad2829b156be58ed683a\">\n                <img\n                    title=\"Circoscrizione 7, ingresso Centro Civico\"\n                    alt=\"Circoscrizione 7, ingresso Centro Civico\"\n                    src=\"http:\/\/www.spaziotorino.it\/scatto\/wp-content\/gallery\/2023_03_30_circ7\/cache\/PLA_4210.jpg-nggid0528721-ngg0dyn-60x60x100-00f0w010c011r110f110r010t010.jpg\"\n                    width=\"60\"\n                    height=\"60\"\n                    style=\"max-width:100%;\"\n                \/>\n            <\/a>\n        <\/div>\n\t\t\t\t\t\t\t<\/div> \n\t\t\t\n        \n\t\t\t\t<div id=\"ngg-image-1\" class=\"ngg-gallery-thumbnail-box\" >\n\t\t\t\t        <div class=\"ngg-gallery-thumbnail\">\n            <a href=\"http:\/\/www.spaziotorino.it\/scatto\/wp-content\/gallery\/2023_03_30_circ7\/PLA_4212.jpg\"\n               title=\"Inaugurazione della postazione con bandiere LGBTQ+ per la &#039;Giornata internazionale della visibilit\u00e0 delle persone Transgender\"\n               data-src=\"http:\/\/www.spaziotorino.it\/scatto\/wp-content\/gallery\/2023_03_30_circ7\/PLA_4212.jpg\"\n               data-thumbnail=\"http:\/\/www.spaziotorino.it\/scatto\/wp-content\/gallery\/2023_03_30_circ7\/thumbs\/thumbs_PLA_4212.jpg\"\n               data-image-id=\"28720\"\n               data-title=\"Inaugurazione della postazione con bandiere LGBTQ+ per la &#039;Giornata internazionale della visibilit\u00e0 delle persone Transgender\"\n               data-description=\"Inaugurazione della postazione con bandiere LGBTQ+ per la &#039;Giornata internazionale della visibilit\u00e0 delle persone Transgender\"\n               data-image-slug=\"pla_4212-1\"\n               class=\"ngg-fancybox\" rel=\"5f43f24989e8ad2829b156be58ed683a\">\n                <img\n                    title=\"Inaugurazione della postazione con bandiere LGBTQ+ per la &#039;Giornata internazionale della visibilit\u00e0 delle persone Transgender\"\n                    alt=\"Inaugurazione della postazione con bandiere LGBTQ+ per la &#039;Giornata internazionale della visibilit\u00e0 delle persone Transgender\"\n                    src=\"http:\/\/www.spaziotorino.it\/scatto\/wp-content\/gallery\/2023_03_30_circ7\/cache\/PLA_4212.jpg-nggid0528720-ngg0dyn-60x60x100-00f0w010c011r110f110r010t010.jpg\"\n                    width=\"60\"\n                    height=\"60\"\n                    style=\"max-width:100%;\"\n                \/>\n            <\/a>\n        <\/div>\n\t\t\t\t\t\t\t<\/div> \n\t\t\t\n        \n\t\t\t\t<div id=\"ngg-image-2\" class=\"ngg-gallery-thumbnail-box\" >\n\t\t\t\t        <div class=\"ngg-gallery-thumbnail\">\n            <a href=\"http:\/\/www.spaziotorino.it\/scatto\/wp-content\/gallery\/2023_03_30_circ7\/PLA_4215.jpg\"\n               title=\"Inaugurazione della postazione con bandiere LGBTQ+ per la &#039;Giornata internazionale della visibilit\u00e0 delle persone Transgender\"\n               data-src=\"http:\/\/www.spaziotorino.it\/scatto\/wp-content\/gallery\/2023_03_30_circ7\/PLA_4215.jpg\"\n               data-thumbnail=\"http:\/\/www.spaziotorino.it\/scatto\/wp-content\/gallery\/2023_03_30_circ7\/thumbs\/thumbs_PLA_4215.jpg\"\n               data-image-id=\"28719\"\n               data-title=\"Inaugurazione della postazione con bandiere LGBTQ+ per la &#039;Giornata internazionale della visibilit\u00e0 delle persone Transgender\"\n               data-description=\"Inaugurazione della postazione con bandiere LGBTQ+ per la &#039;Giornata internazionale della visibilit\u00e0 delle persone Transgender\"\n               data-image-slug=\"pla_4215-1\"\n               class=\"ngg-fancybox\" rel=\"5f43f24989e8ad2829b156be58ed683a\">\n                <img\n                    title=\"Inaugurazione della postazione con bandiere LGBTQ+ per la &#039;Giornata internazionale della visibilit\u00e0 delle persone Transgender\"\n                    alt=\"Inaugurazione della postazione con bandiere LGBTQ+ per la &#039;Giornata internazionale della visibilit\u00e0 delle persone Transgender\"\n                    src=\"http:\/\/www.spaziotorino.it\/scatto\/wp-content\/gallery\/2023_03_30_circ7\/cache\/PLA_4215.jpg-nggid0528719-ngg0dyn-60x60x100-00f0w010c011r110f110r010t010.jpg\"\n                    width=\"60\"\n                    height=\"60\"\n                    style=\"max-width:100%;\"\n                \/>\n            <\/a>\n        <\/div>\n\t\t\t\t\t\t\t<\/div> \n\t\t\t\n        \n\t\t\t\t<div id=\"ngg-image-3\" class=\"ngg-gallery-thumbnail-box\" >\n\t\t\t\t        <div class=\"ngg-gallery-thumbnail\">\n            <a href=\"http:\/\/www.spaziotorino.it\/scatto\/wp-content\/gallery\/2023_03_30_circ7\/PLA_4265.jpg\"\n               title=\"Inaugurazione della postazione con bandiere LGBTQ+ per la &#039;Giornata internazionale della visibilit\u00e0 delle persone Transgender\"\n               data-src=\"http:\/\/www.spaziotorino.it\/scatto\/wp-content\/gallery\/2023_03_30_circ7\/PLA_4265.jpg\"\n               data-thumbnail=\"http:\/\/www.spaziotorino.it\/scatto\/wp-content\/gallery\/2023_03_30_circ7\/thumbs\/thumbs_PLA_4265.jpg\"\n               data-image-id=\"28717\"\n               data-title=\"Inaugurazione della postazione con bandiere LGBTQ+ per la &#039;Giornata internazionale della visibilit\u00e0 delle persone Transgender\"\n               data-description=\"Inaugurazione della postazione con bandiere LGBTQ+ per la &#039;Giornata internazionale della visibilit\u00e0 delle persone Transgender\"\n               data-image-slug=\"pla_4265\"\n               class=\"ngg-fancybox\" rel=\"5f43f24989e8ad2829b156be58ed683a\">\n                <img\n                    title=\"Inaugurazione della postazione con bandiere LGBTQ+ per la &#039;Giornata internazionale della visibilit\u00e0 delle persone Transgender\"\n                    alt=\"Inaugurazione della postazione con bandiere LGBTQ+ per la &#039;Giornata internazionale della visibilit\u00e0 delle persone Transgender\"\n                    src=\"http:\/\/www.spaziotorino.it\/scatto\/wp-content\/gallery\/2023_03_30_circ7\/cache\/PLA_4265.jpg-nggid0528717-ngg0dyn-60x60x100-00f0w010c011r110f110r010t010.jpg\"\n                    width=\"60\"\n                    height=\"60\"\n                    style=\"max-width:100%;\"\n                \/>\n            <\/a>\n        <\/div>\n\t\t\t\t\t\t\t<\/div> \n\t\t\t\n        \n\t\t\t\t<div id=\"ngg-image-4\" class=\"ngg-gallery-thumbnail-box\" >\n\t\t\t\t        <div class=\"ngg-gallery-thumbnail\">\n            <a href=\"http:\/\/www.spaziotorino.it\/scatto\/wp-content\/gallery\/2023_03_30_circ7\/PLA_4247.jpg\"\n               title=\"Inaugurazione della postazione con bandiere LGBTQ+ per la &#039;Giornata internazionale della visibilit\u00e0 delle persone Transgender\"\n               data-src=\"http:\/\/www.spaziotorino.it\/scatto\/wp-content\/gallery\/2023_03_30_circ7\/PLA_4247.jpg\"\n               data-thumbnail=\"http:\/\/www.spaziotorino.it\/scatto\/wp-content\/gallery\/2023_03_30_circ7\/thumbs\/thumbs_PLA_4247.jpg\"\n               data-image-id=\"28722\"\n               data-title=\"Inaugurazione della postazione con bandiere LGBTQ+ per la &#039;Giornata internazionale della visibilit\u00e0 delle persone Transgender\"\n               data-description=\"Inaugurazione della postazione con bandiere LGBTQ+ per la &#039;Giornata internazionale della visibilit\u00e0 delle persone Transgender\"\n               data-image-slug=\"pla_4247-1\"\n               class=\"ngg-fancybox\" rel=\"5f43f24989e8ad2829b156be58ed683a\">\n                <img\n                    title=\"Inaugurazione della postazione con bandiere LGBTQ+ per la &#039;Giornata internazionale della visibilit\u00e0 delle persone Transgender\"\n                    alt=\"Inaugurazione della postazione con bandiere LGBTQ+ per la &#039;Giornata internazionale della visibilit\u00e0 delle persone Transgender\"\n                    src=\"http:\/\/www.spaziotorino.it\/scatto\/wp-content\/gallery\/2023_03_30_circ7\/cache\/PLA_4247.jpg-nggid0528722-ngg0dyn-60x60x100-00f0w010c011r110f110r010t010.jpg\"\n                    width=\"60\"\n                    height=\"60\"\n                    style=\"max-width:100%;\"\n                \/>\n            <\/a>\n        <\/div>\n\t\t\t\t\t\t\t<\/div> \n\t\t\t\n        \n\t\t\t\t<div id=\"ngg-image-5\" class=\"ngg-gallery-thumbnail-box\" >\n\t\t\t\t        <div class=\"ngg-gallery-thumbnail\">\n            <a href=\"http:\/\/www.spaziotorino.it\/scatto\/wp-content\/gallery\/2023_03_30_circ7\/PLA_4266.jpg\"\n               title=\"Inaugurazione della postazione con bandiere LGBTQ+ per la &#039;Giornata internazionale della visibilit\u00e0 delle persone Transgender\"\n               data-src=\"http:\/\/www.spaziotorino.it\/scatto\/wp-content\/gallery\/2023_03_30_circ7\/PLA_4266.jpg\"\n               data-thumbnail=\"http:\/\/www.spaziotorino.it\/scatto\/wp-content\/gallery\/2023_03_30_circ7\/thumbs\/thumbs_PLA_4266.jpg\"\n               data-image-id=\"28723\"\n               data-title=\"Inaugurazione della postazione con bandiere LGBTQ+ per la &#039;Giornata internazionale della visibilit\u00e0 delle persone Transgender\"\n               data-description=\"Inaugurazione della postazione con bandiere LGBTQ+ per la &#039;Giornata internazionale della visibilit\u00e0 delle persone Transgender\"\n               data-image-slug=\"pla_4266\"\n               class=\"ngg-fancybox\" rel=\"5f43f24989e8ad2829b156be58ed683a\">\n                <img\n                    title=\"Inaugurazione della postazione con bandiere LGBTQ+ per la &#039;Giornata internazionale della visibilit\u00e0 delle persone Transgender\"\n                    alt=\"Inaugurazione della postazione con bandiere LGBTQ+ per la &#039;Giornata internazionale della visibilit\u00e0 delle persone Transgender\"\n                    src=\"http:\/\/www.spaziotorino.it\/scatto\/wp-content\/gallery\/2023_03_30_circ7\/cache\/PLA_4266.jpg-nggid0528723-ngg0dyn-60x60x100-00f0w010c011r110f110r010t010.jpg\"\n                    width=\"60\"\n                    height=\"60\"\n                    style=\"max-width:100%;\"\n                \/>\n            <\/a>\n        <\/div>\n\t\t\t\t\t\t\t<\/div> \n\t\t\t\n        \n\t\t\n\t\t<!-- Pagination -->\n\t<div class='ngg-clear'><\/div>\t<\/div>\n\n<p>In occasione della Giornata della visibilit\u00e0 Transgender (31 marzo) gioved\u00ec 30 marzo 2023 presso la sede della Circoscrizione 7 in Corso Vercelli, 15 \u00e8 stato allestito lo Spazio L.G.B.T.Q.I.A.+ con le bandiere che rappresentano le persone&nbsp;transgender&nbsp;e lgbtqia e materiale informativo.<\/p>\n<p>Presenti all&#8217;inaugurazione l&#8217;Assessore alle Pari Opportunit\u00e0 Jacopo Rosatelli; il Presidente della Circoscrizione 7 Luca Deri; la consigliera Ilaria Illy Genovese, promotrice dell\u2019iniziativa; le associazioni Quore, TorinoPride; Spo.t ; Agedo e l&#8217;Uffico L.G.B.T del Comune di Torino.<\/p>\n<p>&nbsp;<\/p>\n","protected":false},"excerpt":{"rendered":"<p>In occasione della Giornata della visibilit\u00e0 Transgender (31 marzo) gioved\u00ec 30 marzo 2023 presso la sede della Circoscrizione 7 in Corso Vercelli, 15 \u00e8 stato allestito lo Spazio L.G.B.T.Q.I.A.+ con le bandiere che rappresentano le persone&nbsp;transgender&nbsp;e lgbtqia e materiale informativo. Presenti all&#8217;inaugurazione l&#8217;Assessore alle Pari Opportunit\u00e0 Jacopo Rosatelli; il Presidente della Circoscrizione 7 Luca Deri; [&hellip;]<\/p>\n","protected":false},"author":1,"featured_media":0,"comment_status":"closed","ping_status":"open","sticky":false,"template":"","format":"standard","meta":{"ngg_post_thumbnail":0},"categories":[1,41],"tags":[],"_links":{"self":[{"href":"http:\/\/www.spaziotorino.it\/scatto\/index.php?rest_route=\/wp\/v2\/posts\/44885"}],"collection":[{"href":"http:\/\/www.spaziotorino.it\/scatto\/index.php?rest_route=\/wp\/v2\/posts"}],"about":[{"href":"http:\/\/www.spaziotorino.it\/scatto\/index.php?rest_route=\/wp\/v2\/types\/post"}],"author":[{"embeddable":true,"href":"http:\/\/www.spaziotorino.it\/scatto\/index.php?rest_route=\/wp\/v2\/users\/1"}],"replies":[{"embeddable":true,"href":"http:\/\/www.spaziotorino.it\/scatto\/index.php?rest_route=%2Fwp%2Fv2%2Fcomments&post=44885"}],"version-history":[{"count":1,"href":"http:\/\/www.spaziotorino.it\/scatto\/index.php?rest_route=\/wp\/v2\/posts\/44885\/revisions"}],"predecessor-version":[{"id":44887,"href":"http:\/\/www.spaziotorino.it\/scatto\/index.php?rest_route=\/wp\/v2\/posts\/44885\/revisions\/44887"}],"wp:attachment":[{"href":"http:\/\/www.spaziotorino.it\/scatto\/index.php?rest_route=%2Fwp%2Fv2%2Fmedia&parent=44885"}],"wp:term":[{"taxonomy":"category","embeddable":true,"href":"http:\/\/www.spaziotorino.it\/scatto\/index.php?rest_route=%2Fwp%2Fv2%2Fcategories&post=44885"},{"taxonomy":"post_tag","embeddable":true,"href":"http:\/\/www.spaziotorino.it\/scatto\/index.php?rest_route=%2Fwp%2Fv2%2Ftags&post=44885"}],"curies":[{"name":"wp","href":"https:\/\/api.w.org\/{rel}","templated":true}]}}