{"id":44940,"date":"2023-03-31T18:46:42","date_gmt":"2023-03-31T17:46:42","guid":{"rendered":"http:\/\/www.spaziotorino.it\/scatto\/?p=44940"},"modified":"2023-04-04T15:48:09","modified_gmt":"2023-04-04T14:48:09","slug":"agricoltura-protagonista-a-torino-debutta-coltivato-un-festival-coi-piedi-per-terra","status":"publish","type":"post","link":"http:\/\/www.spaziotorino.it\/scatto\/?p=44940","title":{"rendered":"Agricoltura protagonista a Torino: debutta ColtivaTO, un festival coi piedi per terra"},"content":{"rendered":"<p><a class=\"ngg-fancybox\" title=\"Agricoltura protagonista a Torino: debutta ColtivaTO, un festival coi piedi per terra\" href=\"http:\/\/www.spaziotorino.it\/scatto\/wp-content\/gallery\/2023_03_31_coltivato\/PLA_4452.jpg\" rel=\"lightbox[set_1914]\"><br \/>\n<img decoding=\"async\" loading=\"lazy\" class=\"ngg-singlepic\" title=\"Agricoltura protagonista a Torino: debutta ColtivaTO, un festival coi piedi per terra\" src=\"http:\/\/www.spaziotorino.it\/scatto\/wp-content\/gallery\/2023_03_31_coltivato\/PLA_4452.jpg\" alt=\"\" width=\"540\" height=\"360\"\/><\/a><\/p>\n<!-- index.php -->\n<div\n\tclass=\"ngg-galleryoverview ngg-ajax-pagination-none\"\n\tid=\"ngg-gallery-a9646bb5447c8536e9eca0026ed1a0f8-1\">\n\n    \t\t<!-- Thumbnails -->\n\t\t\t\t<div id=\"ngg-image-0\" class=\"ngg-gallery-thumbnail-box\" >\n\t\t\t\t        <div class=\"ngg-gallery-thumbnail\">\n            <a href=\"http:\/\/www.spaziotorino.it\/scatto\/wp-content\/gallery\/2023_03_31_coltivato\/PLA_4325.jpg\"\n               title=\"Cavallerizza Reale -  Inaugurazione del prima edizione del &#039;Festival ColtivaTo. Con i piedi per terra&#039;, il Festival Internazionale dell&#039;Agricoltura\"\n               data-src=\"http:\/\/www.spaziotorino.it\/scatto\/wp-content\/gallery\/2023_03_31_coltivato\/PLA_4325.jpg\"\n               data-thumbnail=\"http:\/\/www.spaziotorino.it\/scatto\/wp-content\/gallery\/2023_03_31_coltivato\/thumbs\/thumbs_PLA_4325.jpg\"\n               data-image-id=\"28759\"\n               data-title=\"Cavallerizza Reale -  Inaugurazione del prima edizione del &#039;Festival ColtivaTo. Con i piedi per terra&#039;, il Festival Internazionale dell&#039;Agricoltura\"\n               data-description=\"Cavallerizza Reale -  Inaugurazione del prima edizione del &#039;Festival ColtivaTo. Con i piedi per terra&#039;, il Festival Internazionale dell&#039;Agricoltura\"\n               data-image-slug=\"pla_4325-1\"\n               class=\"ngg-fancybox\" rel=\"a9646bb5447c8536e9eca0026ed1a0f8\">\n                <img\n                    title=\"Cavallerizza Reale -  Inaugurazione del prima edizione del &#039;Festival ColtivaTo. Con i piedi per terra&#039;, il Festival Internazionale dell&#039;Agricoltura\"\n                    alt=\"Cavallerizza Reale -  Inaugurazione del prima edizione del &#039;Festival ColtivaTo. Con i piedi per terra&#039;, il Festival Internazionale dell&#039;Agricoltura\"\n                    src=\"http:\/\/www.spaziotorino.it\/scatto\/wp-content\/gallery\/2023_03_31_coltivato\/cache\/PLA_4325.jpg-nggid0528759-ngg0dyn-60x60x100-00f0w010c011r110f110r010t010.jpg\"\n                    width=\"60\"\n                    height=\"60\"\n                    style=\"max-width:100%;\"\n                \/>\n            <\/a>\n        <\/div>\n\t\t\t\t\t\t\t<\/div> \n\t\t\t\n        \n\t\t\t\t<div id=\"ngg-image-1\" class=\"ngg-gallery-thumbnail-box\" >\n\t\t\t\t        <div class=\"ngg-gallery-thumbnail\">\n            <a href=\"http:\/\/www.spaziotorino.it\/scatto\/wp-content\/gallery\/2023_03_31_coltivato\/PLA_4336.jpg\"\n               title=\"Antonio Pascale,  Maria Lodovica Gullino,  Ilaria Capua\"\n               data-src=\"http:\/\/www.spaziotorino.it\/scatto\/wp-content\/gallery\/2023_03_31_coltivato\/PLA_4336.jpg\"\n               data-thumbnail=\"http:\/\/www.spaziotorino.it\/scatto\/wp-content\/gallery\/2023_03_31_coltivato\/thumbs\/thumbs_PLA_4336.jpg\"\n               data-image-id=\"28755\"\n               data-title=\"Antonio Pascale,  Maria Lodovica Gullino,  Ilaria Capua\"\n               data-description=\"Antonio Pascale,  Maria Lodovica Gullino,  Ilaria Capua\"\n               data-image-slug=\"pla_4336\"\n               class=\"ngg-fancybox\" rel=\"a9646bb5447c8536e9eca0026ed1a0f8\">\n                <img\n                    title=\"Antonio Pascale,  Maria Lodovica Gullino,  Ilaria Capua\"\n                    alt=\"Antonio Pascale,  Maria Lodovica Gullino,  Ilaria Capua\"\n                    src=\"http:\/\/www.spaziotorino.it\/scatto\/wp-content\/gallery\/2023_03_31_coltivato\/cache\/PLA_4336.jpg-nggid0528755-ngg0dyn-60x60x100-00f0w010c011r110f110r010t010.jpg\"\n                    width=\"60\"\n                    height=\"60\"\n                    style=\"max-width:100%;\"\n                \/>\n            <\/a>\n        <\/div>\n\t\t\t\t\t\t\t<\/div> \n\t\t\t\n        \n\t\t\t\t<div id=\"ngg-image-2\" class=\"ngg-gallery-thumbnail-box\" >\n\t\t\t\t        <div class=\"ngg-gallery-thumbnail\">\n            <a href=\"http:\/\/www.spaziotorino.it\/scatto\/wp-content\/gallery\/2023_03_31_coltivato\/PLA_4400.jpg\"\n               title=\"Maria Lodovica Gullino con Paolo Chiavarino\"\n               data-src=\"http:\/\/www.spaziotorino.it\/scatto\/wp-content\/gallery\/2023_03_31_coltivato\/PLA_4400.jpg\"\n               data-thumbnail=\"http:\/\/www.spaziotorino.it\/scatto\/wp-content\/gallery\/2023_03_31_coltivato\/thumbs\/thumbs_PLA_4400.jpg\"\n               data-image-id=\"28758\"\n               data-title=\"Maria Lodovica Gullino con Paolo Chiavarino\"\n               data-description=\"Maria Lodovica Gullino con Paolo Chiavarino\"\n               data-image-slug=\"pla_4400-1\"\n               class=\"ngg-fancybox\" rel=\"a9646bb5447c8536e9eca0026ed1a0f8\">\n                <img\n                    title=\"Maria Lodovica Gullino con Paolo Chiavarino\"\n                    alt=\"Maria Lodovica Gullino con Paolo Chiavarino\"\n                    src=\"http:\/\/www.spaziotorino.it\/scatto\/wp-content\/gallery\/2023_03_31_coltivato\/cache\/PLA_4400.jpg-nggid0528758-ngg0dyn-60x60x100-00f0w010c011r110f110r010t010.jpg\"\n                    width=\"60\"\n                    height=\"60\"\n                    style=\"max-width:100%;\"\n                \/>\n            <\/a>\n        <\/div>\n\t\t\t\t\t\t\t<\/div> \n\t\t\t\n        \n\t\t\t\t<div id=\"ngg-image-3\" class=\"ngg-gallery-thumbnail-box\" >\n\t\t\t\t        <div class=\"ngg-gallery-thumbnail\">\n            <a href=\"http:\/\/www.spaziotorino.it\/scatto\/wp-content\/gallery\/2023_03_31_coltivato\/PLA_4415.jpg\"\n               title=\"Paolo Chiavarino e Antonio Pascale\"\n               data-src=\"http:\/\/www.spaziotorino.it\/scatto\/wp-content\/gallery\/2023_03_31_coltivato\/PLA_4415.jpg\"\n               data-thumbnail=\"http:\/\/www.spaziotorino.it\/scatto\/wp-content\/gallery\/2023_03_31_coltivato\/thumbs\/thumbs_PLA_4415.jpg\"\n               data-image-id=\"28760\"\n               data-title=\"Paolo Chiavarino e Antonio Pascale\"\n               data-description=\"Paolo Chiavarino e Antonio Pascale\"\n               data-image-slug=\"pla_4415-2\"\n               class=\"ngg-fancybox\" rel=\"a9646bb5447c8536e9eca0026ed1a0f8\">\n                <img\n                    title=\"Paolo Chiavarino e Antonio Pascale\"\n                    alt=\"Paolo Chiavarino e Antonio Pascale\"\n                    src=\"http:\/\/www.spaziotorino.it\/scatto\/wp-content\/gallery\/2023_03_31_coltivato\/cache\/PLA_4415.jpg-nggid0528760-ngg0dyn-60x60x100-00f0w010c011r110f110r010t010.jpg\"\n                    width=\"60\"\n                    height=\"60\"\n                    style=\"max-width:100%;\"\n                \/>\n            <\/a>\n        <\/div>\n\t\t\t\t\t\t\t<\/div> \n\t\t\t\n        \n\t\t\t\t<div id=\"ngg-image-4\" class=\"ngg-gallery-thumbnail-box\" >\n\t\t\t\t        <div class=\"ngg-gallery-thumbnail\">\n            <a href=\"http:\/\/www.spaziotorino.it\/scatto\/wp-content\/gallery\/2023_03_31_coltivato\/PLA_4397.jpg\"\n               title=\"Ilaria Capua e Paolo Chiavarino\"\n               data-src=\"http:\/\/www.spaziotorino.it\/scatto\/wp-content\/gallery\/2023_03_31_coltivato\/PLA_4397.jpg\"\n               data-thumbnail=\"http:\/\/www.spaziotorino.it\/scatto\/wp-content\/gallery\/2023_03_31_coltivato\/thumbs\/thumbs_PLA_4397.jpg\"\n               data-image-id=\"28754\"\n               data-title=\"Ilaria Capua e Paolo Chiavarino\"\n               data-description=\"Ilaria Capua e Paolo Chiavarino\"\n               data-image-slug=\"pla_4397-2\"\n               class=\"ngg-fancybox\" rel=\"a9646bb5447c8536e9eca0026ed1a0f8\">\n                <img\n                    title=\"Ilaria Capua e Paolo Chiavarino\"\n                    alt=\"Ilaria Capua e Paolo Chiavarino\"\n                    src=\"http:\/\/www.spaziotorino.it\/scatto\/wp-content\/gallery\/2023_03_31_coltivato\/cache\/PLA_4397.jpg-nggid0528754-ngg0dyn-60x60x100-00f0w010c011r110f110r010t010.jpg\"\n                    width=\"60\"\n                    height=\"60\"\n                    style=\"max-width:100%;\"\n                \/>\n            <\/a>\n        <\/div>\n\t\t\t\t\t\t\t<\/div> \n\t\t\t\n        \n\t\t\t\t<div id=\"ngg-image-5\" class=\"ngg-gallery-thumbnail-box\" >\n\t\t\t\t        <div class=\"ngg-gallery-thumbnail\">\n            <a href=\"http:\/\/www.spaziotorino.it\/scatto\/wp-content\/gallery\/2023_03_31_coltivato\/PLA_4391.jpg\"\n               title=\"Stefano Geuna, Maria Lodovica Gullino, Elsa Fornero\"\n               data-src=\"http:\/\/www.spaziotorino.it\/scatto\/wp-content\/gallery\/2023_03_31_coltivato\/PLA_4391.jpg\"\n               data-thumbnail=\"http:\/\/www.spaziotorino.it\/scatto\/wp-content\/gallery\/2023_03_31_coltivato\/thumbs\/thumbs_PLA_4391.jpg\"\n               data-image-id=\"28756\"\n               data-title=\"Stefano Geuna, Maria Lodovica Gullino, Elsa Fornero\"\n               data-description=\"Stefano Geuna, Maria Lodovica Gullino, Elsa Fornero\"\n               data-image-slug=\"pla_4391-1\"\n               class=\"ngg-fancybox\" rel=\"a9646bb5447c8536e9eca0026ed1a0f8\">\n                <img\n                    title=\"Stefano Geuna, Maria Lodovica Gullino, Elsa Fornero\"\n                    alt=\"Stefano Geuna, Maria Lodovica Gullino, Elsa Fornero\"\n                    src=\"http:\/\/www.spaziotorino.it\/scatto\/wp-content\/gallery\/2023_03_31_coltivato\/cache\/PLA_4391.jpg-nggid0528756-ngg0dyn-60x60x100-00f0w010c011r110f110r010t010.jpg\"\n                    width=\"60\"\n                    height=\"60\"\n                    style=\"max-width:100%;\"\n                \/>\n            <\/a>\n        <\/div>\n\t\t\t\t\t\t\t<\/div> \n\t\t\t\n        \n\t\t\t\t<div id=\"ngg-image-6\" class=\"ngg-gallery-thumbnail-box\" >\n\t\t\t\t        <div class=\"ngg-gallery-thumbnail\">\n            <a href=\"http:\/\/www.spaziotorino.it\/scatto\/wp-content\/gallery\/2023_03_31_coltivato\/PLA_4380.jpg\"\n               title=\"Inaugurazione del prima edizione del &#039;Festival ColtivaTo. Con i piedi per terra&#039;, il Festival Internazionale dell&#039;Agricoltura\"\n               data-src=\"http:\/\/www.spaziotorino.it\/scatto\/wp-content\/gallery\/2023_03_31_coltivato\/PLA_4380.jpg\"\n               data-thumbnail=\"http:\/\/www.spaziotorino.it\/scatto\/wp-content\/gallery\/2023_03_31_coltivato\/thumbs\/thumbs_PLA_4380.jpg\"\n               data-image-id=\"28757\"\n               data-title=\"Inaugurazione del prima edizione del &#039;Festival ColtivaTo. Con i piedi per terra&#039;, il Festival Internazionale dell&#039;Agricoltura\"\n               data-description=\"Inaugurazione del prima edizione del &#039;Festival ColtivaTo. Con i piedi per terra&#039;, il Festival Internazionale dell&#039;Agricoltura\"\n               data-image-slug=\"pla_4380\"\n               class=\"ngg-fancybox\" rel=\"a9646bb5447c8536e9eca0026ed1a0f8\">\n                <img\n                    title=\"Inaugurazione del prima edizione del &#039;Festival ColtivaTo. Con i piedi per terra&#039;, il Festival Internazionale dell&#039;Agricoltura\"\n                    alt=\"Inaugurazione del prima edizione del &#039;Festival ColtivaTo. Con i piedi per terra&#039;, il Festival Internazionale dell&#039;Agricoltura\"\n                    src=\"http:\/\/www.spaziotorino.it\/scatto\/wp-content\/gallery\/2023_03_31_coltivato\/cache\/PLA_4380.jpg-nggid0528757-ngg0dyn-60x60x100-00f0w010c011r110f110r010t010.jpg\"\n                    width=\"60\"\n                    height=\"60\"\n                    style=\"max-width:100%;\"\n                \/>\n            <\/a>\n        <\/div>\n\t\t\t\t\t\t\t<\/div> \n\t\t\t\n        \n\t\t\t\t<div id=\"ngg-image-7\" class=\"ngg-gallery-thumbnail-box\" >\n\t\t\t\t        <div class=\"ngg-gallery-thumbnail\">\n            <a href=\"http:\/\/www.spaziotorino.it\/scatto\/wp-content\/gallery\/2023_03_31_coltivato\/PLA_4419.jpg\"\n               title=\"Cavallerizza Reale -  Inaugurazione del prima edizione del &#039;Festival ColtivaTo. Con i piedi per terra&#039;, il Festival Internazionale dell&#039;Agricoltura\"\n               data-src=\"http:\/\/www.spaziotorino.it\/scatto\/wp-content\/gallery\/2023_03_31_coltivato\/PLA_4419.jpg\"\n               data-thumbnail=\"http:\/\/www.spaziotorino.it\/scatto\/wp-content\/gallery\/2023_03_31_coltivato\/thumbs\/thumbs_PLA_4419.jpg\"\n               data-image-id=\"28761\"\n               data-title=\"Cavallerizza Reale -  Inaugurazione del prima edizione del &#039;Festival ColtivaTo. Con i piedi per terra&#039;, il Festival Internazionale dell&#039;Agricoltura\"\n               data-description=\"Cavallerizza Reale -  Inaugurazione del prima edizione del &#039;Festival ColtivaTo. Con i piedi per terra&#039;, il Festival Internazionale dell&#039;Agricoltura\"\n               data-image-slug=\"pla_4419\"\n               class=\"ngg-fancybox\" rel=\"a9646bb5447c8536e9eca0026ed1a0f8\">\n                <img\n                    title=\"Cavallerizza Reale -  Inaugurazione del prima edizione del &#039;Festival ColtivaTo. Con i piedi per terra&#039;, il Festival Internazionale dell&#039;Agricoltura\"\n                    alt=\"Cavallerizza Reale -  Inaugurazione del prima edizione del &#039;Festival ColtivaTo. Con i piedi per terra&#039;, il Festival Internazionale dell&#039;Agricoltura\"\n                    src=\"http:\/\/www.spaziotorino.it\/scatto\/wp-content\/gallery\/2023_03_31_coltivato\/cache\/PLA_4419.jpg-nggid0528761-ngg0dyn-60x60x100-00f0w010c011r110f110r010t010.jpg\"\n                    width=\"60\"\n                    height=\"60\"\n                    style=\"max-width:100%;\"\n                \/>\n            <\/a>\n        <\/div>\n\t\t\t\t\t\t\t<\/div> \n\t\t\t\n        \n\t\t\t\t<div id=\"ngg-image-8\" class=\"ngg-gallery-thumbnail-box\" >\n\t\t\t\t        <div class=\"ngg-gallery-thumbnail\">\n            <a href=\"http:\/\/www.spaziotorino.it\/scatto\/wp-content\/gallery\/2023_03_31_coltivato\/PLA_4438.jpg\"\n               title=\"L&#039;assessore Chiavarino interviene all&#039;inaugurazione del prima edizione del &#039;Festival ColtivaTo. Con i piedi per terra&#039;, il Festival Internazionale dell&#039;Agricoltura\"\n               data-src=\"http:\/\/www.spaziotorino.it\/scatto\/wp-content\/gallery\/2023_03_31_coltivato\/PLA_4438.jpg\"\n               data-thumbnail=\"http:\/\/www.spaziotorino.it\/scatto\/wp-content\/gallery\/2023_03_31_coltivato\/thumbs\/thumbs_PLA_4438.jpg\"\n               data-image-id=\"28765\"\n               data-title=\"L&#039;assessore Chiavarino interviene all&#039;inaugurazione del prima edizione del &#039;Festival ColtivaTo. Con i piedi per terra&#039;, il Festival Internazionale dell&#039;Agricoltura\"\n               data-description=\"L&#039;assessore Chiavarino interviene all&#039;inaugurazione del prima edizione del &#039;Festival ColtivaTo. Con i piedi per terra&#039;, il Festival Internazionale dell&#039;Agricoltura\"\n               data-image-slug=\"pla_4438\"\n               class=\"ngg-fancybox\" rel=\"a9646bb5447c8536e9eca0026ed1a0f8\">\n                <img\n                    title=\"L&#039;assessore Chiavarino interviene all&#039;inaugurazione del prima edizione del &#039;Festival ColtivaTo. Con i piedi per terra&#039;, il Festival Internazionale dell&#039;Agricoltura\"\n                    alt=\"L&#039;assessore Chiavarino interviene all&#039;inaugurazione del prima edizione del &#039;Festival ColtivaTo. Con i piedi per terra&#039;, il Festival Internazionale dell&#039;Agricoltura\"\n                    src=\"http:\/\/www.spaziotorino.it\/scatto\/wp-content\/gallery\/2023_03_31_coltivato\/cache\/PLA_4438.jpg-nggid0528765-ngg0dyn-60x60x100-00f0w010c011r110f110r010t010.jpg\"\n                    width=\"60\"\n                    height=\"60\"\n                    style=\"max-width:100%;\"\n                \/>\n            <\/a>\n        <\/div>\n\t\t\t\t\t\t\t<\/div> \n\t\t\t\n        \n\t\t\t\t<div id=\"ngg-image-9\" class=\"ngg-gallery-thumbnail-box\" >\n\t\t\t\t        <div class=\"ngg-gallery-thumbnail\">\n            <a href=\"http:\/\/www.spaziotorino.it\/scatto\/wp-content\/gallery\/2023_03_31_coltivato\/PLA_4429.jpg\"\n               title=\"Cavallerizza Reale -  Inaugurazione del prima edizione del &#039;Festival ColtivaTo. Con i piedi per terra&#039;, il Festival Internazionale dell&#039;Agricoltura\"\n               data-src=\"http:\/\/www.spaziotorino.it\/scatto\/wp-content\/gallery\/2023_03_31_coltivato\/PLA_4429.jpg\"\n               data-thumbnail=\"http:\/\/www.spaziotorino.it\/scatto\/wp-content\/gallery\/2023_03_31_coltivato\/thumbs\/thumbs_PLA_4429.jpg\"\n               data-image-id=\"28764\"\n               data-title=\"Cavallerizza Reale -  Inaugurazione del prima edizione del &#039;Festival ColtivaTo. Con i piedi per terra&#039;, il Festival Internazionale dell&#039;Agricoltura\"\n               data-description=\"Cavallerizza Reale -  Inaugurazione del prima edizione del &#039;Festival ColtivaTo. Con i piedi per terra&#039;, il Festival Internazionale dell&#039;Agricoltura\"\n               data-image-slug=\"pla_4429\"\n               class=\"ngg-fancybox\" rel=\"a9646bb5447c8536e9eca0026ed1a0f8\">\n                <img\n                    title=\"Cavallerizza Reale -  Inaugurazione del prima edizione del &#039;Festival ColtivaTo. Con i piedi per terra&#039;, il Festival Internazionale dell&#039;Agricoltura\"\n                    alt=\"Cavallerizza Reale -  Inaugurazione del prima edizione del &#039;Festival ColtivaTo. Con i piedi per terra&#039;, il Festival Internazionale dell&#039;Agricoltura\"\n                    src=\"http:\/\/www.spaziotorino.it\/scatto\/wp-content\/gallery\/2023_03_31_coltivato\/cache\/PLA_4429.jpg-nggid0528764-ngg0dyn-60x60x100-00f0w010c011r110f110r010t010.jpg\"\n                    width=\"60\"\n                    height=\"60\"\n                    style=\"max-width:100%;\"\n                \/>\n            <\/a>\n        <\/div>\n\t\t\t\t\t\t\t<\/div> \n\t\t\t\n        \n\t\t\n\t\t<!-- Pagination -->\n\t<div class='ngg-clear'><\/div>\t<\/div>\n\n<p>Dal 31 marzo al 2 aprile a Torino si svolge la prima edizione di&nbsp;ColtivaTo, il&nbsp;Festival Internazionale dell\u2019Agricoltura: tre giorni di incontri, conferenze, dibattiti, tavole rotonde, visite guidate, interviste, workshop, spettacoli teatrali, concerti e una rassegna cinematografica, per raccontare l\u2019agricoltura&nbsp;in un grande evento scientifico-divulgativo con cadenza biennale.<span id=\"more-110315\"><\/span><\/p>\n<p>Il Festival, nato da un\u2019idea di&nbsp;Antonio Pascale, scrittore e ispettore presso il Ministero dell\u2019agricoltura, della sovranit\u00e0 alimentare e delle foreste, e di&nbsp;Maria Lodovica Gullino, fitopatologo e imprenditore, che ne sono rispettivamente direttore artistico e responsabile scientifico, si propone di parlare della \u201cvera\u201d agricoltura, spesso diversa da quella immaginata,&nbsp;bucolica, in modo rigoroso, basato su fatti e numeri, da un punto di vista di&nbsp;economia e lavoro, di&nbsp;innovazione, scienza&nbsp;e&nbsp;tecnologia, senza dimenticare il&nbsp;cambiamento climatico&nbsp;e la&nbsp;sostenibilit\u00e0, che all\u2019agricoltura sono strettamente (inter)connessi. Il tutto con&nbsp;spirito critico ma aperto, rivolgendosi a un&nbsp;pubblico eterogeneo&nbsp;e affiancando a&nbsp;eventi di carattere strettamente scientifico, come seminari, interviste e tavole rotonde,&nbsp;momenti puramente divulgativi, come concerti e spettacoli teatrali, visite guidate, incontri tra giovani e imprenditori. Perch\u00e9 raccontare l\u2019agricoltura significa&nbsp;coltivare&nbsp;conoscenza&nbsp;e da qui nasce anche il nome del Festival \u2013&nbsp;ColtivaTo.<\/p>\n<p>Il Festival&nbsp;ColtivaTo&nbsp;\u00e8 patrocinato dal&nbsp;Ministero dell\u2019agricoltura, della sovranit\u00e0 alimentare e delle foreste, da&nbsp;Regione Piemonte&nbsp;e dalla&nbsp;Citt\u00e0 di Torino. \u00c8 sostenuto da&nbsp;Bayer Italia, New Holland, Intesa Sanpaolo, Camera di commercio industria artigianato e agricoltura di Torino, SMAT, Agroinnova, Fondazione Agritech, Unioncamere Piemonte, Reale Mutua, Turismo Torino,&nbsp;in collaborazione con&nbsp;Universit\u00e0 degli Studi di Torino, Fondazione CRT, Biennale Democrazia,&nbsp;Biennale Tecnologia, weTree.<\/p>\n<p>Promotore e organizzatore di ColtivaTo \u00e8 l\u2019Associazione Comitato per l\u2019organizzazione del Festival Internazionale dell\u2019Agricoltura, fondata nel 2022 da&nbsp;Maria Lodovica Gullino, Mariagrazia Pellerino&nbsp;e&nbsp;Luca Remmert. Fanno parte del Comitato dei Garanti dell\u2019Associazione&nbsp;Stefano Geuna, Guido Saracco, Matteo Lorito, Sergio Fo\u00e0, e del Comitato scientifico&nbsp;Maria Caramelli, Luca Simone Cocolin, Danilo Ercolini, Debora Fino, Paolo Inglese, Antonio Pascale, Maria Lodovica Gullino.<\/p>\n<p>ColtivaTo&nbsp;sar\u00e0 un Festival diffuso in numerose sedi della&nbsp;citt\u00e0 di Torino, cornice ideale: Torino e il Piemonte sono infatti un importante punto di riferimento nel settore agroalimentare, sia nel comparto produttivo che in ambito scientifico. Il&nbsp;Circolo dei lettori, il Museo Egizio, il Museo Nazionale del Risorgimento Italiano, la Cavallerizza Reale e il Palazzo Civico&nbsp;ospiteranno le diverse sessioni del Festival, mentre il&nbsp;Cinema Massimo e il Conservatorio Statale di Musica \u201cGiuseppe Verdi\u201d&nbsp;saranno sede di spettacoli teatrali, concerti e proiezioni cinematografiche. L\u2019ingresso \u00e8 libero fino a esaurimento posti, salvo dove diversamente indicato.<\/p>\n<p>Maggiori informazioni e programma completo su:&nbsp;<a href=\"https:\/\/www.coltivato.com\/\" target=\"_blank\" rel=\"noopener\">https:\/\/www.coltivato.com\/<\/a><\/p>\n","protected":false},"excerpt":{"rendered":"<p>Dal 31 marzo al 2 aprile a Torino si svolge la prima edizione di&nbsp;ColtivaTo, il&nbsp;Festival Internazionale dell\u2019Agricoltura: tre giorni di incontri, conferenze, dibattiti, tavole rotonde, visite guidate, interviste, workshop, spettacoli teatrali, concerti e una rassegna cinematografica, per raccontare l\u2019agricoltura&nbsp;in un grande evento scientifico-divulgativo con cadenza biennale. Il Festival, nato da un\u2019idea di&nbsp;Antonio Pascale, scrittore e [&hellip;]<\/p>\n","protected":false},"author":1,"featured_media":0,"comment_status":"closed","ping_status":"open","sticky":false,"template":"","format":"standard","meta":{"ngg_post_thumbnail":0},"categories":[1,41],"tags":[],"_links":{"self":[{"href":"http:\/\/www.spaziotorino.it\/scatto\/index.php?rest_route=\/wp\/v2\/posts\/44940"}],"collection":[{"href":"http:\/\/www.spaziotorino.it\/scatto\/index.php?rest_route=\/wp\/v2\/posts"}],"about":[{"href":"http:\/\/www.spaziotorino.it\/scatto\/index.php?rest_route=\/wp\/v2\/types\/post"}],"author":[{"embeddable":true,"href":"http:\/\/www.spaziotorino.it\/scatto\/index.php?rest_route=\/wp\/v2\/users\/1"}],"replies":[{"embeddable":true,"href":"http:\/\/www.spaziotorino.it\/scatto\/index.php?rest_route=%2Fwp%2Fv2%2Fcomments&post=44940"}],"version-history":[{"count":1,"href":"http:\/\/www.spaziotorino.it\/scatto\/index.php?rest_route=\/wp\/v2\/posts\/44940\/revisions"}],"predecessor-version":[{"id":44942,"href":"http:\/\/www.spaziotorino.it\/scatto\/index.php?rest_route=\/wp\/v2\/posts\/44940\/revisions\/44942"}],"wp:attachment":[{"href":"http:\/\/www.spaziotorino.it\/scatto\/index.php?rest_route=%2Fwp%2Fv2%2Fmedia&parent=44940"}],"wp:term":[{"taxonomy":"category","embeddable":true,"href":"http:\/\/www.spaziotorino.it\/scatto\/index.php?rest_route=%2Fwp%2Fv2%2Fcategories&post=44940"},{"taxonomy":"post_tag","embeddable":true,"href":"http:\/\/www.spaziotorino.it\/scatto\/index.php?rest_route=%2Fwp%2Fv2%2Ftags&post=44940"}],"curies":[{"name":"wp","href":"https:\/\/api.w.org\/{rel}","templated":true}]}}