{"id":44971,"date":"2023-04-05T15:36:18","date_gmt":"2023-04-05T14:36:18","guid":{"rendered":"http:\/\/www.spaziotorino.it\/scatto\/?p=44971"},"modified":"2023-04-05T15:36:18","modified_gmt":"2023-04-05T14:36:18","slug":"commemorati-i-martiri-del-martinetto","status":"publish","type":"post","link":"http:\/\/www.spaziotorino.it\/scatto\/?p=44971","title":{"rendered":"Commemorati i Martiri del Martinetto"},"content":{"rendered":"<p><a class=\"ngg-fancybox\" title=\"Commemorati i Martiri del Martinetto\" href=\"http:\/\/www.spaziotorino.it\/scatto\/wp-content\/gallery\/2023_04_05_martinetto\/PLA_4957.jpg\" rel=\"lightbox[set_1916]\"><br \/>\n<img decoding=\"async\" loading=\"lazy\" class=\"ngg-singlepic\" title=\"Commemorati i Martiri del Martinetto\" src=\"http:\/\/www.spaziotorino.it\/scatto\/wp-content\/gallery\/2023_04_05_martinetto\/PLA_4957.jpg\" alt=\"\" width=\"540\" height=\"360\"\/><\/a><\/p>\n<!-- index.php -->\n<div\n\tclass=\"ngg-galleryoverview ngg-ajax-pagination-none\"\n\tid=\"ngg-gallery-961c206aa473985d3ded5ad78c963bbe-1\">\n\n    \t\t<!-- Thumbnails -->\n\t\t\t\t<div id=\"ngg-image-0\" class=\"ngg-gallery-thumbnail-box\" >\n\t\t\t\t        <div class=\"ngg-gallery-thumbnail\">\n            <a href=\"http:\/\/www.spaziotorino.it\/scatto\/wp-content\/gallery\/2023_04_05_martinetto\/PLA_4884.jpg\"\n               title=\"Sacrario del Martinetto\"\n               data-src=\"http:\/\/www.spaziotorino.it\/scatto\/wp-content\/gallery\/2023_04_05_martinetto\/PLA_4884.jpg\"\n               data-thumbnail=\"http:\/\/www.spaziotorino.it\/scatto\/wp-content\/gallery\/2023_04_05_martinetto\/thumbs\/thumbs_PLA_4884.jpg\"\n               data-image-id=\"28776\"\n               data-title=\"Sacrario del Martinetto\"\n               data-description=\"Sacrario del Martinetto\"\n               data-image-slug=\"pla_4884-1\"\n               class=\"ngg-fancybox\" rel=\"961c206aa473985d3ded5ad78c963bbe\">\n                <img\n                    title=\"Sacrario del Martinetto\"\n                    alt=\"Sacrario del Martinetto\"\n                    src=\"http:\/\/www.spaziotorino.it\/scatto\/wp-content\/gallery\/2023_04_05_martinetto\/cache\/PLA_4884.jpg-nggid0528776-ngg0dyn-60x60x100-00f0w010c011r110f110r010t010.jpg\"\n                    width=\"60\"\n                    height=\"60\"\n                    style=\"max-width:100%;\"\n                \/>\n            <\/a>\n        <\/div>\n\t\t\t\t\t\t\t<\/div> \n\t\t\t\n        \n\t\t\t\t<div id=\"ngg-image-1\" class=\"ngg-gallery-thumbnail-box\" >\n\t\t\t\t        <div class=\"ngg-gallery-thumbnail\">\n            <a href=\"http:\/\/www.spaziotorino.it\/scatto\/wp-content\/gallery\/2023_04_05_martinetto\/PLA_4906.jpg\"\n               title=\"Commemorazione i Martiri del Martinetto\"\n               data-src=\"http:\/\/www.spaziotorino.it\/scatto\/wp-content\/gallery\/2023_04_05_martinetto\/PLA_4906.jpg\"\n               data-thumbnail=\"http:\/\/www.spaziotorino.it\/scatto\/wp-content\/gallery\/2023_04_05_martinetto\/thumbs\/thumbs_PLA_4906.jpg\"\n               data-image-id=\"28774\"\n               data-title=\"Commemorazione i Martiri del Martinetto\"\n               data-description=\"Commemorazione i Martiri del Martinetto\"\n               data-image-slug=\"pla_4906-2\"\n               class=\"ngg-fancybox\" rel=\"961c206aa473985d3ded5ad78c963bbe\">\n                <img\n                    title=\"Commemorazione i Martiri del Martinetto\"\n                    alt=\"Commemorazione i Martiri del Martinetto\"\n                    src=\"http:\/\/www.spaziotorino.it\/scatto\/wp-content\/gallery\/2023_04_05_martinetto\/cache\/PLA_4906.jpg-nggid0528774-ngg0dyn-60x60x100-00f0w010c011r110f110r010t010.jpg\"\n                    width=\"60\"\n                    height=\"60\"\n                    style=\"max-width:100%;\"\n                \/>\n            <\/a>\n        <\/div>\n\t\t\t\t\t\t\t<\/div> \n\t\t\t\n        \n\t\t\t\t<div id=\"ngg-image-2\" class=\"ngg-gallery-thumbnail-box\" >\n\t\t\t\t        <div class=\"ngg-gallery-thumbnail\">\n            <a href=\"http:\/\/www.spaziotorino.it\/scatto\/wp-content\/gallery\/2023_04_05_martinetto\/PLA_4924.jpg\"\n               title=\"Commemorazione i Martiri del Martinetto\"\n               data-src=\"http:\/\/www.spaziotorino.it\/scatto\/wp-content\/gallery\/2023_04_05_martinetto\/PLA_4924.jpg\"\n               data-thumbnail=\"http:\/\/www.spaziotorino.it\/scatto\/wp-content\/gallery\/2023_04_05_martinetto\/thumbs\/thumbs_PLA_4924.jpg\"\n               data-image-id=\"28777\"\n               data-title=\"Commemorazione i Martiri del Martinetto\"\n               data-description=\"Commemorazione i Martiri del Martinetto\"\n               data-image-slug=\"pla_4924-1\"\n               class=\"ngg-fancybox\" rel=\"961c206aa473985d3ded5ad78c963bbe\">\n                <img\n                    title=\"Commemorazione i Martiri del Martinetto\"\n                    alt=\"Commemorazione i Martiri del Martinetto\"\n                    src=\"http:\/\/www.spaziotorino.it\/scatto\/wp-content\/gallery\/2023_04_05_martinetto\/cache\/PLA_4924.jpg-nggid0528777-ngg0dyn-60x60x100-00f0w010c011r110f110r010t010.jpg\"\n                    width=\"60\"\n                    height=\"60\"\n                    style=\"max-width:100%;\"\n                \/>\n            <\/a>\n        <\/div>\n\t\t\t\t\t\t\t<\/div> \n\t\t\t\n        \n\t\t\t\t<div id=\"ngg-image-3\" class=\"ngg-gallery-thumbnail-box\" >\n\t\t\t\t        <div class=\"ngg-gallery-thumbnail\">\n            <a href=\"http:\/\/www.spaziotorino.it\/scatto\/wp-content\/gallery\/2023_04_05_martinetto\/PLA_4927.jpg\"\n               title=\"Commemorazione i Martiri del Martinetto\"\n               data-src=\"http:\/\/www.spaziotorino.it\/scatto\/wp-content\/gallery\/2023_04_05_martinetto\/PLA_4927.jpg\"\n               data-thumbnail=\"http:\/\/www.spaziotorino.it\/scatto\/wp-content\/gallery\/2023_04_05_martinetto\/thumbs\/thumbs_PLA_4927.jpg\"\n               data-image-id=\"28778\"\n               data-title=\"Commemorazione i Martiri del Martinetto\"\n               data-description=\"Commemorazione i Martiri del Martinetto\"\n               data-image-slug=\"pla_4927-1\"\n               class=\"ngg-fancybox\" rel=\"961c206aa473985d3ded5ad78c963bbe\">\n                <img\n                    title=\"Commemorazione i Martiri del Martinetto\"\n                    alt=\"Commemorazione i Martiri del Martinetto\"\n                    src=\"http:\/\/www.spaziotorino.it\/scatto\/wp-content\/gallery\/2023_04_05_martinetto\/cache\/PLA_4927.jpg-nggid0528778-ngg0dyn-60x60x100-00f0w010c011r110f110r010t010.jpg\"\n                    width=\"60\"\n                    height=\"60\"\n                    style=\"max-width:100%;\"\n                \/>\n            <\/a>\n        <\/div>\n\t\t\t\t\t\t\t<\/div> \n\t\t\t\n        \n\t\t\t\t<div id=\"ngg-image-4\" class=\"ngg-gallery-thumbnail-box\" >\n\t\t\t\t        <div class=\"ngg-gallery-thumbnail\">\n            <a href=\"http:\/\/www.spaziotorino.it\/scatto\/wp-content\/gallery\/2023_04_05_martinetto\/PLA_4939.jpg\"\n               title=\"Commemorazione i Martiri del Martinetto\"\n               data-src=\"http:\/\/www.spaziotorino.it\/scatto\/wp-content\/gallery\/2023_04_05_martinetto\/PLA_4939.jpg\"\n               data-thumbnail=\"http:\/\/www.spaziotorino.it\/scatto\/wp-content\/gallery\/2023_04_05_martinetto\/thumbs\/thumbs_PLA_4939.jpg\"\n               data-image-id=\"28779\"\n               data-title=\"Commemorazione i Martiri del Martinetto\"\n               data-description=\"Commemorazione i Martiri del Martinetto\"\n               data-image-slug=\"pla_4939-2\"\n               class=\"ngg-fancybox\" rel=\"961c206aa473985d3ded5ad78c963bbe\">\n                <img\n                    title=\"Commemorazione i Martiri del Martinetto\"\n                    alt=\"Commemorazione i Martiri del Martinetto\"\n                    src=\"http:\/\/www.spaziotorino.it\/scatto\/wp-content\/gallery\/2023_04_05_martinetto\/cache\/PLA_4939.jpg-nggid0528779-ngg0dyn-60x60x100-00f0w010c011r110f110r010t010.jpg\"\n                    width=\"60\"\n                    height=\"60\"\n                    style=\"max-width:100%;\"\n                \/>\n            <\/a>\n        <\/div>\n\t\t\t\t\t\t\t<\/div> \n\t\t\t\n        \n\t\t\t\t<div id=\"ngg-image-5\" class=\"ngg-gallery-thumbnail-box\" >\n\t\t\t\t        <div class=\"ngg-gallery-thumbnail\">\n            <a href=\"http:\/\/www.spaziotorino.it\/scatto\/wp-content\/gallery\/2023_04_05_martinetto\/PLA_4949.jpg\"\n               title=\"Dario Disegni, Presidente della Comunit\u00e0 Ebraica di Torino\"\n               data-src=\"http:\/\/www.spaziotorino.it\/scatto\/wp-content\/gallery\/2023_04_05_martinetto\/PLA_4949.jpg\"\n               data-thumbnail=\"http:\/\/www.spaziotorino.it\/scatto\/wp-content\/gallery\/2023_04_05_martinetto\/thumbs\/thumbs_PLA_4949.jpg\"\n               data-image-id=\"28775\"\n               data-title=\"Dario Disegni, Presidente della Comunit\u00e0 Ebraica di Torino\"\n               data-description=\"Dario Disegni, Presidente della Comunit\u00e0 Ebraica di Torino\"\n               data-image-slug=\"pla_4949\"\n               class=\"ngg-fancybox\" rel=\"961c206aa473985d3ded5ad78c963bbe\">\n                <img\n                    title=\"Dario Disegni, Presidente della Comunit\u00e0 Ebraica di Torino\"\n                    alt=\"Dario Disegni, Presidente della Comunit\u00e0 Ebraica di Torino\"\n                    src=\"http:\/\/www.spaziotorino.it\/scatto\/wp-content\/gallery\/2023_04_05_martinetto\/cache\/PLA_4949.jpg-nggid0528775-ngg0dyn-60x60x100-00f0w010c011r110f110r010t010.jpg\"\n                    width=\"60\"\n                    height=\"60\"\n                    style=\"max-width:100%;\"\n                \/>\n            <\/a>\n        <\/div>\n\t\t\t\t\t\t\t<\/div> \n\t\t\t\n        \n\t\t\t\t<div id=\"ngg-image-6\" class=\"ngg-gallery-thumbnail-box\" >\n\t\t\t\t        <div class=\"ngg-gallery-thumbnail\">\n            <a href=\"http:\/\/www.spaziotorino.it\/scatto\/wp-content\/gallery\/2023_04_05_martinetto\/PLA_4962.jpg\"\n               title=\"Commemorazione i Martiri del Martinetto\"\n               data-src=\"http:\/\/www.spaziotorino.it\/scatto\/wp-content\/gallery\/2023_04_05_martinetto\/PLA_4962.jpg\"\n               data-thumbnail=\"http:\/\/www.spaziotorino.it\/scatto\/wp-content\/gallery\/2023_04_05_martinetto\/thumbs\/thumbs_PLA_4962.jpg\"\n               data-image-id=\"28782\"\n               data-title=\"Commemorazione i Martiri del Martinetto\"\n               data-description=\"Commemorazione i Martiri del Martinetto\"\n               data-image-slug=\"pla_4962-1\"\n               class=\"ngg-fancybox\" rel=\"961c206aa473985d3ded5ad78c963bbe\">\n                <img\n                    title=\"Commemorazione i Martiri del Martinetto\"\n                    alt=\"Commemorazione i Martiri del Martinetto\"\n                    src=\"http:\/\/www.spaziotorino.it\/scatto\/wp-content\/gallery\/2023_04_05_martinetto\/cache\/PLA_4962.jpg-nggid0528782-ngg0dyn-60x60x100-00f0w010c011r110f110r010t010.jpg\"\n                    width=\"60\"\n                    height=\"60\"\n                    style=\"max-width:100%;\"\n                \/>\n            <\/a>\n        <\/div>\n\t\t\t\t\t\t\t<\/div> \n\t\t\t\n        \n\t\t\t\t<div id=\"ngg-image-7\" class=\"ngg-gallery-thumbnail-box\" >\n\t\t\t\t        <div class=\"ngg-gallery-thumbnail\">\n            <a href=\"http:\/\/www.spaziotorino.it\/scatto\/wp-content\/gallery\/2023_04_05_martinetto\/PLA_4973.jpg\"\n               title=\"Commemorazione i Martiri del Martinetto\"\n               data-src=\"http:\/\/www.spaziotorino.it\/scatto\/wp-content\/gallery\/2023_04_05_martinetto\/PLA_4973.jpg\"\n               data-thumbnail=\"http:\/\/www.spaziotorino.it\/scatto\/wp-content\/gallery\/2023_04_05_martinetto\/thumbs\/thumbs_PLA_4973.jpg\"\n               data-image-id=\"28781\"\n               data-title=\"Commemorazione i Martiri del Martinetto\"\n               data-description=\"Commemorazione i Martiri del Martinetto\"\n               data-image-slug=\"pla_4973\"\n               class=\"ngg-fancybox\" rel=\"961c206aa473985d3ded5ad78c963bbe\">\n                <img\n                    title=\"Commemorazione i Martiri del Martinetto\"\n                    alt=\"Commemorazione i Martiri del Martinetto\"\n                    src=\"http:\/\/www.spaziotorino.it\/scatto\/wp-content\/gallery\/2023_04_05_martinetto\/cache\/PLA_4973.jpg-nggid0528781-ngg0dyn-60x60x100-00f0w010c011r110f110r010t010.jpg\"\n                    width=\"60\"\n                    height=\"60\"\n                    style=\"max-width:100%;\"\n                \/>\n            <\/a>\n        <\/div>\n\t\t\t\t\t\t\t<\/div> \n\t\t\t\n        \n\t\t\t\t<div id=\"ngg-image-8\" class=\"ngg-gallery-thumbnail-box\" >\n\t\t\t\t        <div class=\"ngg-gallery-thumbnail\">\n            <a href=\"http:\/\/www.spaziotorino.it\/scatto\/wp-content\/gallery\/2023_04_05_martinetto\/PLA_4981.jpg\"\n               title=\"Commemorazione i Martiri del Martinetto\"\n               data-src=\"http:\/\/www.spaziotorino.it\/scatto\/wp-content\/gallery\/2023_04_05_martinetto\/PLA_4981.jpg\"\n               data-thumbnail=\"http:\/\/www.spaziotorino.it\/scatto\/wp-content\/gallery\/2023_04_05_martinetto\/thumbs\/thumbs_PLA_4981.jpg\"\n               data-image-id=\"28785\"\n               data-title=\"Commemorazione i Martiri del Martinetto\"\n               data-description=\"Commemorazione i Martiri del Martinetto\"\n               data-image-slug=\"pla_4981-2\"\n               class=\"ngg-fancybox\" rel=\"961c206aa473985d3ded5ad78c963bbe\">\n                <img\n                    title=\"Commemorazione i Martiri del Martinetto\"\n                    alt=\"Commemorazione i Martiri del Martinetto\"\n                    src=\"http:\/\/www.spaziotorino.it\/scatto\/wp-content\/gallery\/2023_04_05_martinetto\/cache\/PLA_4981.jpg-nggid0528785-ngg0dyn-60x60x100-00f0w010c011r110f110r010t010.jpg\"\n                    width=\"60\"\n                    height=\"60\"\n                    style=\"max-width:100%;\"\n                \/>\n            <\/a>\n        <\/div>\n\t\t\t\t\t\t\t<\/div> \n\t\t\t\n        \n\t\t\t\t<div id=\"ngg-image-9\" class=\"ngg-gallery-thumbnail-box\" >\n\t\t\t\t        <div class=\"ngg-gallery-thumbnail\">\n            <a href=\"http:\/\/www.spaziotorino.it\/scatto\/wp-content\/gallery\/2023_04_05_martinetto\/PLA_4997.jpg\"\n               title=\"Commemorazione i Martiri del Martinetto\"\n               data-src=\"http:\/\/www.spaziotorino.it\/scatto\/wp-content\/gallery\/2023_04_05_martinetto\/PLA_4997.jpg\"\n               data-thumbnail=\"http:\/\/www.spaziotorino.it\/scatto\/wp-content\/gallery\/2023_04_05_martinetto\/thumbs\/thumbs_PLA_4997.jpg\"\n               data-image-id=\"28784\"\n               data-title=\"Commemorazione i Martiri del Martinetto\"\n               data-description=\"Commemorazione i Martiri del Martinetto\"\n               data-image-slug=\"pla_4997\"\n               class=\"ngg-fancybox\" rel=\"961c206aa473985d3ded5ad78c963bbe\">\n                <img\n                    title=\"Commemorazione i Martiri del Martinetto\"\n                    alt=\"Commemorazione i Martiri del Martinetto\"\n                    src=\"http:\/\/www.spaziotorino.it\/scatto\/wp-content\/gallery\/2023_04_05_martinetto\/cache\/PLA_4997.jpg-nggid0528784-ngg0dyn-60x60x100-00f0w010c011r110f110r010t010.jpg\"\n                    width=\"60\"\n                    height=\"60\"\n                    style=\"max-width:100%;\"\n                \/>\n            <\/a>\n        <\/div>\n\t\t\t\t\t\t\t<\/div> \n\t\t\t\n        \n\t\t\t\t<div id=\"ngg-image-10\" class=\"ngg-gallery-thumbnail-box\" >\n\t\t\t\t        <div class=\"ngg-gallery-thumbnail\">\n            <a href=\"http:\/\/www.spaziotorino.it\/scatto\/wp-content\/gallery\/2023_04_05_martinetto\/PLA_5006.jpg\"\n               title=\"Il Sindaco Stefano Lo Russo\"\n               data-src=\"http:\/\/www.spaziotorino.it\/scatto\/wp-content\/gallery\/2023_04_05_martinetto\/PLA_5006.jpg\"\n               data-thumbnail=\"http:\/\/www.spaziotorino.it\/scatto\/wp-content\/gallery\/2023_04_05_martinetto\/thumbs\/thumbs_PLA_5006.jpg\"\n               data-image-id=\"28783\"\n               data-title=\"Il Sindaco Stefano Lo Russo\"\n               data-description=\"Il Sindaco Stefano Lo Russo\"\n               data-image-slug=\"pla_5006\"\n               class=\"ngg-fancybox\" rel=\"961c206aa473985d3ded5ad78c963bbe\">\n                <img\n                    title=\"Il Sindaco Stefano Lo Russo\"\n                    alt=\"Il Sindaco Stefano Lo Russo\"\n                    src=\"http:\/\/www.spaziotorino.it\/scatto\/wp-content\/gallery\/2023_04_05_martinetto\/cache\/PLA_5006.jpg-nggid0528783-ngg0dyn-60x60x100-00f0w010c011r110f110r010t010.jpg\"\n                    width=\"60\"\n                    height=\"60\"\n                    style=\"max-width:100%;\"\n                \/>\n            <\/a>\n        <\/div>\n\t\t\t\t\t\t\t<\/div> \n\t\t\t\n        \n\t\t\t\t<div id=\"ngg-image-11\" class=\"ngg-gallery-thumbnail-box\" >\n\t\t\t\t        <div class=\"ngg-gallery-thumbnail\">\n            <a href=\"http:\/\/www.spaziotorino.it\/scatto\/wp-content\/gallery\/2023_04_05_martinetto\/PLA_5014.jpg\"\n               title=\"Il Sindaco Stefano Lo Russo\"\n               data-src=\"http:\/\/www.spaziotorino.it\/scatto\/wp-content\/gallery\/2023_04_05_martinetto\/PLA_5014.jpg\"\n               data-thumbnail=\"http:\/\/www.spaziotorino.it\/scatto\/wp-content\/gallery\/2023_04_05_martinetto\/thumbs\/thumbs_PLA_5014.jpg\"\n               data-image-id=\"28786\"\n               data-title=\"Il Sindaco Stefano Lo Russo\"\n               data-description=\"Il Sindaco Stefano Lo Russo\"\n               data-image-slug=\"pla_5014-1\"\n               class=\"ngg-fancybox\" rel=\"961c206aa473985d3ded5ad78c963bbe\">\n                <img\n                    title=\"Il Sindaco Stefano Lo Russo\"\n                    alt=\"Il Sindaco Stefano Lo Russo\"\n                    src=\"http:\/\/www.spaziotorino.it\/scatto\/wp-content\/gallery\/2023_04_05_martinetto\/cache\/PLA_5014.jpg-nggid0528786-ngg0dyn-60x60x100-00f0w010c011r110f110r010t010.jpg\"\n                    width=\"60\"\n                    height=\"60\"\n                    style=\"max-width:100%;\"\n                \/>\n            <\/a>\n        <\/div>\n\t\t\t\t\t\t\t<\/div> \n\t\t\t\n        \n\t\t\t\t<div id=\"ngg-image-12\" class=\"ngg-gallery-thumbnail-box\" >\n\t\t\t\t        <div class=\"ngg-gallery-thumbnail\">\n            <a href=\"http:\/\/www.spaziotorino.it\/scatto\/wp-content\/gallery\/2023_04_05_martinetto\/PLA_5016.jpg\"\n               title=\"Commemorazione i Martiri del Martinetto\"\n               data-src=\"http:\/\/www.spaziotorino.it\/scatto\/wp-content\/gallery\/2023_04_05_martinetto\/PLA_5016.jpg\"\n               data-thumbnail=\"http:\/\/www.spaziotorino.it\/scatto\/wp-content\/gallery\/2023_04_05_martinetto\/thumbs\/thumbs_PLA_5016.jpg\"\n               data-image-id=\"28787\"\n               data-title=\"Commemorazione i Martiri del Martinetto\"\n               data-description=\"Commemorazione i Martiri del Martinetto\"\n               data-image-slug=\"pla_5016-1\"\n               class=\"ngg-fancybox\" rel=\"961c206aa473985d3ded5ad78c963bbe\">\n                <img\n                    title=\"Commemorazione i Martiri del Martinetto\"\n                    alt=\"Commemorazione i Martiri del Martinetto\"\n                    src=\"http:\/\/www.spaziotorino.it\/scatto\/wp-content\/gallery\/2023_04_05_martinetto\/cache\/PLA_5016.jpg-nggid0528787-ngg0dyn-60x60x100-00f0w010c011r110f110r010t010.jpg\"\n                    width=\"60\"\n                    height=\"60\"\n                    style=\"max-width:100%;\"\n                \/>\n            <\/a>\n        <\/div>\n\t\t\t\t\t\t\t<\/div> \n\t\t\t\n        \n\t\t\t\t<div id=\"ngg-image-13\" class=\"ngg-gallery-thumbnail-box\" >\n\t\t\t\t        <div class=\"ngg-gallery-thumbnail\">\n            <a href=\"http:\/\/www.spaziotorino.it\/scatto\/wp-content\/gallery\/2023_04_05_martinetto\/PLA_5028.jpg\"\n               title=\"Commemorazione i Martiri del Martinetto\"\n               data-src=\"http:\/\/www.spaziotorino.it\/scatto\/wp-content\/gallery\/2023_04_05_martinetto\/PLA_5028.jpg\"\n               data-thumbnail=\"http:\/\/www.spaziotorino.it\/scatto\/wp-content\/gallery\/2023_04_05_martinetto\/thumbs\/thumbs_PLA_5028.jpg\"\n               data-image-id=\"28788\"\n               data-title=\"Commemorazione i Martiri del Martinetto\"\n               data-description=\"Commemorazione i Martiri del Martinetto\"\n               data-image-slug=\"pla_5028\"\n               class=\"ngg-fancybox\" rel=\"961c206aa473985d3ded5ad78c963bbe\">\n                <img\n                    title=\"Commemorazione i Martiri del Martinetto\"\n                    alt=\"Commemorazione i Martiri del Martinetto\"\n                    src=\"http:\/\/www.spaziotorino.it\/scatto\/wp-content\/gallery\/2023_04_05_martinetto\/cache\/PLA_5028.jpg-nggid0528788-ngg0dyn-60x60x100-00f0w010c011r110f110r010t010.jpg\"\n                    width=\"60\"\n                    height=\"60\"\n                    style=\"max-width:100%;\"\n                \/>\n            <\/a>\n        <\/div>\n\t\t\t\t\t\t\t<\/div> \n\t\t\t\n        \n\t\t\n\t\t<!-- Pagination -->\n\t<div class='ngg-clear'><\/div>\t<\/div>\n\n<p>Il generale Giuseppe Perotti e gli altri 7 componenti del CLN fucilati da un plotone di militi fascisti della Guardia Nazionale Repubblicana all\u2019alba del 5 aprile di 79 anni fa sono stati ricordati questa mattina al Sacrario del Martinetto:presenti le autorit\u00e0 civili, militari, delegazioni delle associazioni della Resistenza, il Gonfalone della Citt\u00e0 di Torino, decorato di medaglia d\u2019oro al valor militare e quelli di Regione Piemonte e Citt\u00e0 Metropolitana di Torino, decorati con medaglia d\u2019argento al valore civile.<\/p>\n<p>Franco Balbis, Quinto Bevilacqua, Giulio Biglieri, Paolo Braccini, Errico Giachino, Eusebio Giambone, Massimo Montano, Giuseppe Perotti e i tanti partigiani e resistenti piemontesi che nei venti mesi che trascorsero tra l\u2019armistizio dell\u20198 settembre 1943 e la Liberazione dell\u2019aprile 1945 furono uccisi in quello che allora era un poligono di tiro erano \u201c<em>uomini che desideravano rendere il loro Paese pi\u00f9 giusto, e lo fecero pagando il prezzo pi\u00f9 alto, quello della vita<\/em>&nbsp;\u2013 ha ricordato&nbsp;<strong>il sindaco Lo Russo<\/strong>&nbsp;nel suo intervento \u2013 .&nbsp;<em>Il loro sacrificio<\/em>&nbsp;\u2013 ha sottolineato \u2013&nbsp;<em>ci ha consegnato un\u2019eredit\u00e0 importante di valori come la libert\u00e0 e la democrazia che non vanno mai dati per scontati ed \u00e8 un grande monito pi\u00f9 che mai oggi, quando in tante parti d\u2019Europa riaffiorano germi di intolleranza, fenomeni di fastidio per l\u2019altro da noi, prepotenza e incapacit\u00e0 di cogliere il valore della diversit\u00e0. La libert\u00e0<\/em>&nbsp;\u2013 ha concluso il Sindaco \u2013&nbsp;<em>non \u00e8 un patrimonio acquisito per sempre e la sua difesa, che ha visto Torino assolutamente protagonista e per la quale vogliamo che la nostra Citt\u00e0 sia sempre in prima linea, deve essere un impegno quotidiano\u201d.<\/em><\/p>\n<p>[Fonte: <a href=\"http:\/\/www.torinoclick.it\/?p=110429\">TorinoClick<\/a>]<\/p>\n","protected":false},"excerpt":{"rendered":"<p>Il generale Giuseppe Perotti e gli altri 7 componenti del CLN fucilati da un plotone di militi fascisti della Guardia Nazionale Repubblicana all\u2019alba del 5 aprile di 79 anni fa sono stati ricordati questa mattina al Sacrario del Martinetto:presenti le autorit\u00e0 civili, militari, delegazioni delle associazioni della Resistenza, il Gonfalone della Citt\u00e0 di Torino, decorato [&hellip;]<\/p>\n","protected":false},"author":1,"featured_media":0,"comment_status":"closed","ping_status":"open","sticky":false,"template":"","format":"standard","meta":{"ngg_post_thumbnail":0},"categories":[1,895],"tags":[],"_links":{"self":[{"href":"http:\/\/www.spaziotorino.it\/scatto\/index.php?rest_route=\/wp\/v2\/posts\/44971"}],"collection":[{"href":"http:\/\/www.spaziotorino.it\/scatto\/index.php?rest_route=\/wp\/v2\/posts"}],"about":[{"href":"http:\/\/www.spaziotorino.it\/scatto\/index.php?rest_route=\/wp\/v2\/types\/post"}],"author":[{"embeddable":true,"href":"http:\/\/www.spaziotorino.it\/scatto\/index.php?rest_route=\/wp\/v2\/users\/1"}],"replies":[{"embeddable":true,"href":"http:\/\/www.spaziotorino.it\/scatto\/index.php?rest_route=%2Fwp%2Fv2%2Fcomments&post=44971"}],"version-history":[{"count":1,"href":"http:\/\/www.spaziotorino.it\/scatto\/index.php?rest_route=\/wp\/v2\/posts\/44971\/revisions"}],"predecessor-version":[{"id":44973,"href":"http:\/\/www.spaziotorino.it\/scatto\/index.php?rest_route=\/wp\/v2\/posts\/44971\/revisions\/44973"}],"wp:attachment":[{"href":"http:\/\/www.spaziotorino.it\/scatto\/index.php?rest_route=%2Fwp%2Fv2%2Fmedia&parent=44971"}],"wp:term":[{"taxonomy":"category","embeddable":true,"href":"http:\/\/www.spaziotorino.it\/scatto\/index.php?rest_route=%2Fwp%2Fv2%2Fcategories&post=44971"},{"taxonomy":"post_tag","embeddable":true,"href":"http:\/\/www.spaziotorino.it\/scatto\/index.php?rest_route=%2Fwp%2Fv2%2Ftags&post=44971"}],"curies":[{"name":"wp","href":"https:\/\/api.w.org\/{rel}","templated":true}]}}