{"id":44996,"date":"2023-04-05T15:06:56","date_gmt":"2023-04-05T14:06:56","guid":{"rendered":"http:\/\/www.spaziotorino.it\/scatto\/?p=44996"},"modified":"2023-04-06T09:10:46","modified_gmt":"2023-04-06T08:10:46","slug":"lovers-film-festival-la-citta-di-torino-per-i-diritti-lgbtqi","status":"publish","type":"post","link":"http:\/\/www.spaziotorino.it\/scatto\/?p=44996","title":{"rendered":"Lovers Film Festival: la Citt\u00e0 di Torino per i diritti LGBTQI+"},"content":{"rendered":"<p><a class=\"ngg-fancybox\" title=\"Lovers Film Festival: la Citt\u00e0 di Torino per i diritti LGBTQI+\" href=\"http:\/\/www.spaziotorino.it\/scatto\/wp-content\/gallery\/2023_04_05_lovers\/PLA_5121.jpg\" rel=\"lightbox[set_1918]\"><br \/>\n<img decoding=\"async\" loading=\"lazy\" class=\"ngg-singlepic\" title=\"Lovers Film Festival: la Citt\u00e0 di Torino per i diritti LGBTQI+\" src=\"http:\/\/www.spaziotorino.it\/scatto\/wp-content\/gallery\/2023_04_05_lovers\/PLA_5121.jpg\" alt=\"\" width=\"540\" height=\"360\"\/><\/a><\/p>\n<!-- index.php -->\n<div\n\tclass=\"ngg-galleryoverview ngg-ajax-pagination-none\"\n\tid=\"ngg-gallery-a54acf8d7ad8e0d8bf759fa91e96da49-1\">\n\n    \t\t<!-- Thumbnails -->\n\t\t\t\t<div id=\"ngg-image-0\" class=\"ngg-gallery-thumbnail-box\" >\n\t\t\t\t        <div class=\"ngg-gallery-thumbnail\">\n            <a href=\"http:\/\/www.spaziotorino.it\/scatto\/wp-content\/gallery\/2023_04_05_lovers\/PLA_5043.jpg\"\n               title=\"Vladimir Luxuria e Angelo Acerbi\"\n               data-src=\"http:\/\/www.spaziotorino.it\/scatto\/wp-content\/gallery\/2023_04_05_lovers\/PLA_5043.jpg\"\n               data-thumbnail=\"http:\/\/www.spaziotorino.it\/scatto\/wp-content\/gallery\/2023_04_05_lovers\/thumbs\/thumbs_PLA_5043.jpg\"\n               data-image-id=\"28797\"\n               data-title=\"Vladimir Luxuria e Angelo Acerbi\"\n               data-description=\"Vladimir Luxuria e Angelo Acerbi\"\n               data-image-slug=\"pla_5043\"\n               class=\"ngg-fancybox\" rel=\"a54acf8d7ad8e0d8bf759fa91e96da49\">\n                <img\n                    title=\"Vladimir Luxuria e Angelo Acerbi\"\n                    alt=\"Vladimir Luxuria e Angelo Acerbi\"\n                    src=\"http:\/\/www.spaziotorino.it\/scatto\/wp-content\/gallery\/2023_04_05_lovers\/cache\/PLA_5043.jpg-nggid0528797-ngg0dyn-60x60x100-00f0w010c011r110f110r010t010.jpg\"\n                    width=\"60\"\n                    height=\"60\"\n                    style=\"max-width:100%;\"\n                \/>\n            <\/a>\n        <\/div>\n\t\t\t\t\t\t\t<\/div> \n\t\t\t\n        \n\t\t\t\t<div id=\"ngg-image-1\" class=\"ngg-gallery-thumbnail-box\" >\n\t\t\t\t        <div class=\"ngg-gallery-thumbnail\">\n            <a href=\"http:\/\/www.spaziotorino.it\/scatto\/wp-content\/gallery\/2023_04_05_lovers\/PLA_5051.jpg\"\n               title=\"Museo del Cinema,  conferenza stampa 38\u00b0  Lovers Film Festival\"\n               data-src=\"http:\/\/www.spaziotorino.it\/scatto\/wp-content\/gallery\/2023_04_05_lovers\/PLA_5051.jpg\"\n               data-thumbnail=\"http:\/\/www.spaziotorino.it\/scatto\/wp-content\/gallery\/2023_04_05_lovers\/thumbs\/thumbs_PLA_5051.jpg\"\n               data-image-id=\"28799\"\n               data-title=\"Museo del Cinema,  conferenza stampa 38\u00b0  Lovers Film Festival\"\n               data-description=\"Museo del Cinema,  conferenza stampa 38\u00b0  Lovers Film Festival\"\n               data-image-slug=\"pla_5051\"\n               class=\"ngg-fancybox\" rel=\"a54acf8d7ad8e0d8bf759fa91e96da49\">\n                <img\n                    title=\"Museo del Cinema,  conferenza stampa 38\u00b0  Lovers Film Festival\"\n                    alt=\"Museo del Cinema,  conferenza stampa 38\u00b0  Lovers Film Festival\"\n                    src=\"http:\/\/www.spaziotorino.it\/scatto\/wp-content\/gallery\/2023_04_05_lovers\/cache\/PLA_5051.jpg-nggid0528799-ngg0dyn-60x60x100-00f0w010c011r110f110r010t010.jpg\"\n                    width=\"60\"\n                    height=\"60\"\n                    style=\"max-width:100%;\"\n                \/>\n            <\/a>\n        <\/div>\n\t\t\t\t\t\t\t<\/div> \n\t\t\t\n        \n\t\t\t\t<div id=\"ngg-image-2\" class=\"ngg-gallery-thumbnail-box\" >\n\t\t\t\t        <div class=\"ngg-gallery-thumbnail\">\n            <a href=\"http:\/\/www.spaziotorino.it\/scatto\/wp-content\/gallery\/2023_04_05_lovers\/PLA_5064.jpg\"\n               title=\"Museo del Cinema,  conferenza stampa 38\u00b0  Lovers Film Festival\"\n               data-src=\"http:\/\/www.spaziotorino.it\/scatto\/wp-content\/gallery\/2023_04_05_lovers\/PLA_5064.jpg\"\n               data-thumbnail=\"http:\/\/www.spaziotorino.it\/scatto\/wp-content\/gallery\/2023_04_05_lovers\/thumbs\/thumbs_PLA_5064.jpg\"\n               data-image-id=\"28798\"\n               data-title=\"Museo del Cinema,  conferenza stampa 38\u00b0  Lovers Film Festival\"\n               data-description=\"Museo del Cinema,  conferenza stampa 38\u00b0  Lovers Film Festival\"\n               data-image-slug=\"pla_5064\"\n               class=\"ngg-fancybox\" rel=\"a54acf8d7ad8e0d8bf759fa91e96da49\">\n                <img\n                    title=\"Museo del Cinema,  conferenza stampa 38\u00b0  Lovers Film Festival\"\n                    alt=\"Museo del Cinema,  conferenza stampa 38\u00b0  Lovers Film Festival\"\n                    src=\"http:\/\/www.spaziotorino.it\/scatto\/wp-content\/gallery\/2023_04_05_lovers\/cache\/PLA_5064.jpg-nggid0528798-ngg0dyn-60x60x100-00f0w010c011r110f110r010t010.jpg\"\n                    width=\"60\"\n                    height=\"60\"\n                    style=\"max-width:100%;\"\n                \/>\n            <\/a>\n        <\/div>\n\t\t\t\t\t\t\t<\/div> \n\t\t\t\n        \n\t\t\t\t<div id=\"ngg-image-3\" class=\"ngg-gallery-thumbnail-box\" >\n\t\t\t\t        <div class=\"ngg-gallery-thumbnail\">\n            <a href=\"http:\/\/www.spaziotorino.it\/scatto\/wp-content\/gallery\/2023_04_05_lovers\/PLA_5073.jpg\"\n               title=\"Vladimir Luxuria e l&#039;Assessore Jacopo Rosatelli\"\n               data-src=\"http:\/\/www.spaziotorino.it\/scatto\/wp-content\/gallery\/2023_04_05_lovers\/PLA_5073.jpg\"\n               data-thumbnail=\"http:\/\/www.spaziotorino.it\/scatto\/wp-content\/gallery\/2023_04_05_lovers\/thumbs\/thumbs_PLA_5073.jpg\"\n               data-image-id=\"28795\"\n               data-title=\"Vladimir Luxuria e l&#039;Assessore Jacopo Rosatelli\"\n               data-description=\"Vladimir Luxuria e l&#039;Assessore Jacopo Rosatelli\"\n               data-image-slug=\"pla_5073\"\n               class=\"ngg-fancybox\" rel=\"a54acf8d7ad8e0d8bf759fa91e96da49\">\n                <img\n                    title=\"Vladimir Luxuria e l&#039;Assessore Jacopo Rosatelli\"\n                    alt=\"Vladimir Luxuria e l&#039;Assessore Jacopo Rosatelli\"\n                    src=\"http:\/\/www.spaziotorino.it\/scatto\/wp-content\/gallery\/2023_04_05_lovers\/cache\/PLA_5073.jpg-nggid0528795-ngg0dyn-60x60x100-00f0w010c011r110f110r010t010.jpg\"\n                    width=\"60\"\n                    height=\"60\"\n                    style=\"max-width:100%;\"\n                \/>\n            <\/a>\n        <\/div>\n\t\t\t\t\t\t\t<\/div> \n\t\t\t\n        \n\t\t\t\t<div id=\"ngg-image-4\" class=\"ngg-gallery-thumbnail-box\" >\n\t\t\t\t        <div class=\"ngg-gallery-thumbnail\">\n            <a href=\"http:\/\/www.spaziotorino.it\/scatto\/wp-content\/gallery\/2023_04_05_lovers\/PLA_5080.jpg\"\n               title=\"Museo del Cinema,  conferenza stampa 38\u00b0  Lovers Film Festival\"\n               data-src=\"http:\/\/www.spaziotorino.it\/scatto\/wp-content\/gallery\/2023_04_05_lovers\/PLA_5080.jpg\"\n               data-thumbnail=\"http:\/\/www.spaziotorino.it\/scatto\/wp-content\/gallery\/2023_04_05_lovers\/thumbs\/thumbs_PLA_5080.jpg\"\n               data-image-id=\"28796\"\n               data-title=\"Museo del Cinema,  conferenza stampa 38\u00b0  Lovers Film Festival\"\n               data-description=\"Museo del Cinema,  conferenza stampa 38\u00b0  Lovers Film Festival\"\n               data-image-slug=\"pla_5080-1\"\n               class=\"ngg-fancybox\" rel=\"a54acf8d7ad8e0d8bf759fa91e96da49\">\n                <img\n                    title=\"Museo del Cinema,  conferenza stampa 38\u00b0  Lovers Film Festival\"\n                    alt=\"Museo del Cinema,  conferenza stampa 38\u00b0  Lovers Film Festival\"\n                    src=\"http:\/\/www.spaziotorino.it\/scatto\/wp-content\/gallery\/2023_04_05_lovers\/cache\/PLA_5080.jpg-nggid0528796-ngg0dyn-60x60x100-00f0w010c011r110f110r010t010.jpg\"\n                    width=\"60\"\n                    height=\"60\"\n                    style=\"max-width:100%;\"\n                \/>\n            <\/a>\n        <\/div>\n\t\t\t\t\t\t\t<\/div> \n\t\t\t\n        \n\t\t\t\t<div id=\"ngg-image-5\" class=\"ngg-gallery-thumbnail-box\" >\n\t\t\t\t        <div class=\"ngg-gallery-thumbnail\">\n            <a href=\"http:\/\/www.spaziotorino.it\/scatto\/wp-content\/gallery\/2023_04_05_lovers\/PLA_5095.jpg\"\n               title=\"Museo del Cinema,  conferenza stampa 38\u00b0  Lovers Film Festival\"\n               data-src=\"http:\/\/www.spaziotorino.it\/scatto\/wp-content\/gallery\/2023_04_05_lovers\/PLA_5095.jpg\"\n               data-thumbnail=\"http:\/\/www.spaziotorino.it\/scatto\/wp-content\/gallery\/2023_04_05_lovers\/thumbs\/thumbs_PLA_5095.jpg\"\n               data-image-id=\"28800\"\n               data-title=\"Museo del Cinema,  conferenza stampa 38\u00b0  Lovers Film Festival\"\n               data-description=\"Museo del Cinema,  conferenza stampa 38\u00b0  Lovers Film Festival\"\n               data-image-slug=\"pla_5095\"\n               class=\"ngg-fancybox\" rel=\"a54acf8d7ad8e0d8bf759fa91e96da49\">\n                <img\n                    title=\"Museo del Cinema,  conferenza stampa 38\u00b0  Lovers Film Festival\"\n                    alt=\"Museo del Cinema,  conferenza stampa 38\u00b0  Lovers Film Festival\"\n                    src=\"http:\/\/www.spaziotorino.it\/scatto\/wp-content\/gallery\/2023_04_05_lovers\/cache\/PLA_5095.jpg-nggid0528800-ngg0dyn-60x60x100-00f0w010c011r110f110r010t010.jpg\"\n                    width=\"60\"\n                    height=\"60\"\n                    style=\"max-width:100%;\"\n                \/>\n            <\/a>\n        <\/div>\n\t\t\t\t\t\t\t<\/div> \n\t\t\t\n        \n\t\t\t\t<div id=\"ngg-image-6\" class=\"ngg-gallery-thumbnail-box\" >\n\t\t\t\t        <div class=\"ngg-gallery-thumbnail\">\n            <a href=\"http:\/\/www.spaziotorino.it\/scatto\/wp-content\/gallery\/2023_04_05_lovers\/PLA_5104.jpg\"\n               title=\"Vladimir Luxuria, Direttrice di Lovers Film Festival\"\n               data-src=\"http:\/\/www.spaziotorino.it\/scatto\/wp-content\/gallery\/2023_04_05_lovers\/PLA_5104.jpg\"\n               data-thumbnail=\"http:\/\/www.spaziotorino.it\/scatto\/wp-content\/gallery\/2023_04_05_lovers\/thumbs\/thumbs_PLA_5104.jpg\"\n               data-image-id=\"28801\"\n               data-title=\"Vladimir Luxuria, Direttrice di Lovers Film Festival\"\n               data-description=\"Vladimir Luxuria, Direttrice di Lovers Film Festival\"\n               data-image-slug=\"pla_5104\"\n               class=\"ngg-fancybox\" rel=\"a54acf8d7ad8e0d8bf759fa91e96da49\">\n                <img\n                    title=\"Vladimir Luxuria, Direttrice di Lovers Film Festival\"\n                    alt=\"Vladimir Luxuria, Direttrice di Lovers Film Festival\"\n                    src=\"http:\/\/www.spaziotorino.it\/scatto\/wp-content\/gallery\/2023_04_05_lovers\/cache\/PLA_5104.jpg-nggid0528801-ngg0dyn-60x60x100-00f0w010c011r110f110r010t010.jpg\"\n                    width=\"60\"\n                    height=\"60\"\n                    style=\"max-width:100%;\"\n                \/>\n            <\/a>\n        <\/div>\n\t\t\t\t\t\t\t<\/div> \n\t\t\t\n        \n\t\t\t\t<div id=\"ngg-image-7\" class=\"ngg-gallery-thumbnail-box\" >\n\t\t\t\t        <div class=\"ngg-gallery-thumbnail\">\n            <a href=\"http:\/\/www.spaziotorino.it\/scatto\/wp-content\/gallery\/2023_04_05_lovers\/PLA_5139.jpg\"\n               title=\"Museo del Cinema,  conferenza stampa 38\u00b0  Lovers Film Festival\"\n               data-src=\"http:\/\/www.spaziotorino.it\/scatto\/wp-content\/gallery\/2023_04_05_lovers\/PLA_5139.jpg\"\n               data-thumbnail=\"http:\/\/www.spaziotorino.it\/scatto\/wp-content\/gallery\/2023_04_05_lovers\/thumbs\/thumbs_PLA_5139.jpg\"\n               data-image-id=\"28802\"\n               data-title=\"Museo del Cinema,  conferenza stampa 38\u00b0  Lovers Film Festival\"\n               data-description=\"Museo del Cinema,  conferenza stampa 38\u00b0  Lovers Film Festival\"\n               data-image-slug=\"pla_5139\"\n               class=\"ngg-fancybox\" rel=\"a54acf8d7ad8e0d8bf759fa91e96da49\">\n                <img\n                    title=\"Museo del Cinema,  conferenza stampa 38\u00b0  Lovers Film Festival\"\n                    alt=\"Museo del Cinema,  conferenza stampa 38\u00b0  Lovers Film Festival\"\n                    src=\"http:\/\/www.spaziotorino.it\/scatto\/wp-content\/gallery\/2023_04_05_lovers\/cache\/PLA_5139.jpg-nggid0528802-ngg0dyn-60x60x100-00f0w010c011r110f110r010t010.jpg\"\n                    width=\"60\"\n                    height=\"60\"\n                    style=\"max-width:100%;\"\n                \/>\n            <\/a>\n        <\/div>\n\t\t\t\t\t\t\t<\/div> \n\t\t\t\n        \n\t\t\t\t<div id=\"ngg-image-8\" class=\"ngg-gallery-thumbnail-box\" >\n\t\t\t\t        <div class=\"ngg-gallery-thumbnail\">\n            <a href=\"http:\/\/www.spaziotorino.it\/scatto\/wp-content\/gallery\/2023_04_05_lovers\/PLA_5136.jpg\"\n               title=\"Museo del Cinema,  conferenza stampa 38\u00b0  Lovers Film Festival\"\n               data-src=\"http:\/\/www.spaziotorino.it\/scatto\/wp-content\/gallery\/2023_04_05_lovers\/PLA_5136.jpg\"\n               data-thumbnail=\"http:\/\/www.spaziotorino.it\/scatto\/wp-content\/gallery\/2023_04_05_lovers\/thumbs\/thumbs_PLA_5136.jpg\"\n               data-image-id=\"28804\"\n               data-title=\"Museo del Cinema,  conferenza stampa 38\u00b0  Lovers Film Festival\"\n               data-description=\"Museo del Cinema,  conferenza stampa 38\u00b0  Lovers Film Festival\"\n               data-image-slug=\"pla_5136\"\n               class=\"ngg-fancybox\" rel=\"a54acf8d7ad8e0d8bf759fa91e96da49\">\n                <img\n                    title=\"Museo del Cinema,  conferenza stampa 38\u00b0  Lovers Film Festival\"\n                    alt=\"Museo del Cinema,  conferenza stampa 38\u00b0  Lovers Film Festival\"\n                    src=\"http:\/\/www.spaziotorino.it\/scatto\/wp-content\/gallery\/2023_04_05_lovers\/cache\/PLA_5136.jpg-nggid0528804-ngg0dyn-60x60x100-00f0w010c011r110f110r010t010.jpg\"\n                    width=\"60\"\n                    height=\"60\"\n                    style=\"max-width:100%;\"\n                \/>\n            <\/a>\n        <\/div>\n\t\t\t\t\t\t\t<\/div> \n\t\t\t\n        \n\t\t\n\t\t<!-- Pagination -->\n\t<div class='ngg-clear'><\/div>\t<\/div>\n\n<p>C\u2019\u00e8 un campione di resilienza a Torino ed \u00e8 il Lovers Film Festival. Nel 2020 la pandemia fece saltare il consueto appuntamento primaverile, ma a ottobre il Lovers si fece, in presenza, annunciato da una sorridente Vladimir Luxuria, al suo primo mandato da direttrice: bisognava festeggiare i 35 anni del festival. Negli anni successivi le difficolt\u00e0 sono aumentate, per i cittadini, per le istituzioni e anche per l\u2019organizzazione di eventi, ma il festival LGBTQI+ torinese ogni anno \u00e8 iniziato, puntuale e deciso a resistere, anche di fronte alle conseguenze di una guerra o a chi mette in discussione diritti conquistati a fatica.<span id=\"more-110475\"><\/span><\/p>\n<p>Quest\u2019anno l\u2019appuntamento \u00e8 al Cinema Massimo dal 18 al 23 aprile, con un\u2019edizione ricca di proiezioni e di ospiti che promette di emozionare, appassionare e divertire. Nei sei giorni di programmazione saranno proiettati pi\u00f9 di 50 film, tra cui 9 anteprime mondiali. A selezionare i vincitori delle tre categorie competitive \u2013 lungometraggi, cortometraggi e documentari \u2013 sar\u00e0 una giuria di studenti di cinema presieduta dai rappresentanti di tre festival internazionali a tematica LGBTQI+: il BFI Flare di Londra, l\u2019estone Festheart e il Molodist Film Festival di Kyiv, il pi\u00f9 importante festival cinematografico ucraino con una specifica selezione di film a tema LGBTQI+.<\/p>\n<p>Tra i tantissimi ospiti l\u2019attrice Ambra Angiolini, che inaugurer\u00e0 il festival il 18 aprile insieme alla direttrice Vladimir Luxuria, l\u2019attivista e presidente dell\u2019Associazione Famiglie Arcobaleno Alessia Crocini e il monaco buddista e attivista Kodo Nishimura. Ospite fissa la famosa drag queen Priscilla, conduttrice delle ultime due stagioni di Drag Race Italia. Attesi anche il cantante Rosa Chemical e, per la serata di chiusura, Paola e Chiara, reduci dal loro successo al Festival di Sanremo. Come ogni anno saranno presenti in sala molti registi e membri dei cast dei film in proiezione.<\/p>\n<p>Il Lovers Film Festival \u00e8 organizzato dal Museo Nazionale del Cinema con il contributo del Comune di Torino, della Regione Piemonte e del Ministero per la cultura. \u00c8 la pi\u00f9 antica rassegna di film sui temi LGBTQI+ in Italia e tra le pi\u00f9 antiche al mondo. Dalla sua nascita nel 1985 \u00e8 cresciuta diventando un\u2019istituzione di eccellenza per la sua attivit\u00e0 culturale e per il suo impegno per la difesa dei diritti delle persone LGBTQI+. Un impegno condiviso dalla Citt\u00e0 di Torino, che il prossimo 12 maggio ne far\u00e0 la \u201ccitt\u00e0 dei diritti\u201d, quando si riuniranno al Teatro Regio sindaci e amministratori locali per proteggere i diritti di tutte le famiglie contro le discriminazioni dovute all\u2019orientamento sessuale o all\u2019identit\u00e0 di genere.<\/p>\n<p>Tutte le informazioni sul sito di <a href=\"https:\/\/www.loversff.com\/it\/\">Lovers Film Festival<\/a><\/p>\n<p>[Fonte: <a href=\"http:\/\/www.torinoclick.it\/?p=110475\">TorinoClick<\/a>]<\/p>\n","protected":false},"excerpt":{"rendered":"<p>C\u2019\u00e8 un campione di resilienza a Torino ed \u00e8 il Lovers Film Festival. Nel 2020 la pandemia fece saltare il consueto appuntamento primaverile, ma a ottobre il Lovers si fece, in presenza, annunciato da una sorridente Vladimir Luxuria, al suo primo mandato da direttrice: bisognava festeggiare i 35 anni del festival. Negli anni successivi le [&hellip;]<\/p>\n","protected":false},"author":1,"featured_media":0,"comment_status":"closed","ping_status":"open","sticky":false,"template":"","format":"standard","meta":{"ngg_post_thumbnail":0},"categories":[54,1,154],"tags":[],"_links":{"self":[{"href":"http:\/\/www.spaziotorino.it\/scatto\/index.php?rest_route=\/wp\/v2\/posts\/44996"}],"collection":[{"href":"http:\/\/www.spaziotorino.it\/scatto\/index.php?rest_route=\/wp\/v2\/posts"}],"about":[{"href":"http:\/\/www.spaziotorino.it\/scatto\/index.php?rest_route=\/wp\/v2\/types\/post"}],"author":[{"embeddable":true,"href":"http:\/\/www.spaziotorino.it\/scatto\/index.php?rest_route=\/wp\/v2\/users\/1"}],"replies":[{"embeddable":true,"href":"http:\/\/www.spaziotorino.it\/scatto\/index.php?rest_route=%2Fwp%2Fv2%2Fcomments&post=44996"}],"version-history":[{"count":1,"href":"http:\/\/www.spaziotorino.it\/scatto\/index.php?rest_route=\/wp\/v2\/posts\/44996\/revisions"}],"predecessor-version":[{"id":45000,"href":"http:\/\/www.spaziotorino.it\/scatto\/index.php?rest_route=\/wp\/v2\/posts\/44996\/revisions\/45000"}],"wp:attachment":[{"href":"http:\/\/www.spaziotorino.it\/scatto\/index.php?rest_route=%2Fwp%2Fv2%2Fmedia&parent=44996"}],"wp:term":[{"taxonomy":"category","embeddable":true,"href":"http:\/\/www.spaziotorino.it\/scatto\/index.php?rest_route=%2Fwp%2Fv2%2Fcategories&post=44996"},{"taxonomy":"post_tag","embeddable":true,"href":"http:\/\/www.spaziotorino.it\/scatto\/index.php?rest_route=%2Fwp%2Fv2%2Ftags&post=44996"}],"curies":[{"name":"wp","href":"https:\/\/api.w.org\/{rel}","templated":true}]}}