{"id":45152,"date":"2023-04-18T22:13:22","date_gmt":"2023-04-18T21:13:22","guid":{"rendered":"http:\/\/www.spaziotorino.it\/scatto\/?p=45152"},"modified":"2023-04-19T13:17:14","modified_gmt":"2023-04-19T12:17:14","slug":"inaugurato-il-38-lovers-film-festival","status":"publish","type":"post","link":"http:\/\/www.spaziotorino.it\/scatto\/?p=45152","title":{"rendered":"Inaugurato il 38\u00b0 Lovers Film Festival"},"content":{"rendered":"<p><a class=\"ngg-fancybox\" title=\"Inaugurato il 38\u00b0 Lovers Film Festival\" href=\"http:\/\/www.spaziotorino.it\/scatto\/wp-content\/gallery\/2023_04_18_lovers\/PLA_7463.jpg\" rel=\"lightbox[set_1927]\"><br \/>\n<img decoding=\"async\" loading=\"lazy\" class=\"ngg-singlepic\" title=\"Inaugurato il 38\u00b0 Lovers Film Festival\" src=\"http:\/\/www.spaziotorino.it\/scatto\/wp-content\/gallery\/2023_04_18_lovers\/PLA_7463.jpg\" alt=\"\" width=\"540\" height=\"360\"\/><\/a><\/p>\n<!-- index.php -->\n<div\n\tclass=\"ngg-galleryoverview ngg-ajax-pagination-none\"\n\tid=\"ngg-gallery-4adfd3b233d864b69540a73362ebe62d-1\">\n\n    \t\t<!-- Thumbnails -->\n\t\t\t\t<div id=\"ngg-image-0\" class=\"ngg-gallery-thumbnail-box\" >\n\t\t\t\t        <div class=\"ngg-gallery-thumbnail\">\n            <a href=\"http:\/\/www.spaziotorino.it\/scatto\/wp-content\/gallery\/2023_04_18_lovers\/PLA_7320.jpg\"\n               title=\"Inaugurazione del 38\u00b0 Lovers Film Festival\"\n               data-src=\"http:\/\/www.spaziotorino.it\/scatto\/wp-content\/gallery\/2023_04_18_lovers\/PLA_7320.jpg\"\n               data-thumbnail=\"http:\/\/www.spaziotorino.it\/scatto\/wp-content\/gallery\/2023_04_18_lovers\/thumbs\/thumbs_PLA_7320.jpg\"\n               data-image-id=\"28901\"\n               data-title=\"Inaugurazione del 38\u00b0 Lovers Film Festival\"\n               data-description=\"Inaugurazione del 38\u00b0 Lovers Film Festival\"\n               data-image-slug=\"pla_7320\"\n               class=\"ngg-fancybox\" rel=\"4adfd3b233d864b69540a73362ebe62d\">\n                <img\n                    title=\"Inaugurazione del 38\u00b0 Lovers Film Festival\"\n                    alt=\"Inaugurazione del 38\u00b0 Lovers Film Festival\"\n                    src=\"http:\/\/www.spaziotorino.it\/scatto\/wp-content\/gallery\/2023_04_18_lovers\/cache\/PLA_7320.jpg-nggid0528901-ngg0dyn-60x60x100-00f0w010c011r110f110r010t010.jpg\"\n                    width=\"60\"\n                    height=\"60\"\n                    style=\"max-width:100%;\"\n                \/>\n            <\/a>\n        <\/div>\n\t\t\t\t\t\t\t<\/div> \n\t\t\t\n        \n\t\t\t\t<div id=\"ngg-image-1\" class=\"ngg-gallery-thumbnail-box\" >\n\t\t\t\t        <div class=\"ngg-gallery-thumbnail\">\n            <a href=\"http:\/\/www.spaziotorino.it\/scatto\/wp-content\/gallery\/2023_04_18_lovers\/PLA_7352.jpg\"\n               title=\"Enzo Ghigo, Vladimir Luxuria e Domenico De Gaetano\"\n               data-src=\"http:\/\/www.spaziotorino.it\/scatto\/wp-content\/gallery\/2023_04_18_lovers\/PLA_7352.jpg\"\n               data-thumbnail=\"http:\/\/www.spaziotorino.it\/scatto\/wp-content\/gallery\/2023_04_18_lovers\/thumbs\/thumbs_PLA_7352.jpg\"\n               data-image-id=\"28899\"\n               data-title=\"Enzo Ghigo, Vladimir Luxuria e Domenico De Gaetano\"\n               data-description=\"Enzo Ghigo, Vladimir Luxuria e Domenico De Gaetano\"\n               data-image-slug=\"pla_7352\"\n               class=\"ngg-fancybox\" rel=\"4adfd3b233d864b69540a73362ebe62d\">\n                <img\n                    title=\"Enzo Ghigo, Vladimir Luxuria e Domenico De Gaetano\"\n                    alt=\"Enzo Ghigo, Vladimir Luxuria e Domenico De Gaetano\"\n                    src=\"http:\/\/www.spaziotorino.it\/scatto\/wp-content\/gallery\/2023_04_18_lovers\/cache\/PLA_7352.jpg-nggid0528899-ngg0dyn-60x60x100-00f0w010c011r110f110r010t010.jpg\"\n                    width=\"60\"\n                    height=\"60\"\n                    style=\"max-width:100%;\"\n                \/>\n            <\/a>\n        <\/div>\n\t\t\t\t\t\t\t<\/div> \n\t\t\t\n        \n\t\t\t\t<div id=\"ngg-image-2\" class=\"ngg-gallery-thumbnail-box\" >\n\t\t\t\t        <div class=\"ngg-gallery-thumbnail\">\n            <a href=\"http:\/\/www.spaziotorino.it\/scatto\/wp-content\/gallery\/2023_04_18_lovers\/PLA_7370.jpg\"\n               title=\"Enzo Ghigo, Stefano Lo Russo, Vladimir Luxuria e Domenico De Gaetano\"\n               data-src=\"http:\/\/www.spaziotorino.it\/scatto\/wp-content\/gallery\/2023_04_18_lovers\/PLA_7370.jpg\"\n               data-thumbnail=\"http:\/\/www.spaziotorino.it\/scatto\/wp-content\/gallery\/2023_04_18_lovers\/thumbs\/thumbs_PLA_7370.jpg\"\n               data-image-id=\"28898\"\n               data-title=\"Enzo Ghigo, Stefano Lo Russo, Vladimir Luxuria e Domenico De Gaetano\"\n               data-description=\"Enzo Ghigo, Stefano Lo Russo, Vladimir Luxuria e Domenico De Gaetano\"\n               data-image-slug=\"pla_7370\"\n               class=\"ngg-fancybox\" rel=\"4adfd3b233d864b69540a73362ebe62d\">\n                <img\n                    title=\"Enzo Ghigo, Stefano Lo Russo, Vladimir Luxuria e Domenico De Gaetano\"\n                    alt=\"Enzo Ghigo, Stefano Lo Russo, Vladimir Luxuria e Domenico De Gaetano\"\n                    src=\"http:\/\/www.spaziotorino.it\/scatto\/wp-content\/gallery\/2023_04_18_lovers\/cache\/PLA_7370.jpg-nggid0528898-ngg0dyn-60x60x100-00f0w010c011r110f110r010t010.jpg\"\n                    width=\"60\"\n                    height=\"60\"\n                    style=\"max-width:100%;\"\n                \/>\n            <\/a>\n        <\/div>\n\t\t\t\t\t\t\t<\/div> \n\t\t\t\n        \n\t\t\t\t<div id=\"ngg-image-3\" class=\"ngg-gallery-thumbnail-box\" >\n\t\t\t\t        <div class=\"ngg-gallery-thumbnail\">\n            <a href=\"http:\/\/www.spaziotorino.it\/scatto\/wp-content\/gallery\/2023_04_18_lovers\/PLA_7405.jpg\"\n               title=\"Jacopo Rosatelli e Vladimir Luxuria\"\n               data-src=\"http:\/\/www.spaziotorino.it\/scatto\/wp-content\/gallery\/2023_04_18_lovers\/PLA_7405.jpg\"\n               data-thumbnail=\"http:\/\/www.spaziotorino.it\/scatto\/wp-content\/gallery\/2023_04_18_lovers\/thumbs\/thumbs_PLA_7405.jpg\"\n               data-image-id=\"28900\"\n               data-title=\"Jacopo Rosatelli e Vladimir Luxuria\"\n               data-description=\"Jacopo Rosatelli e Vladimir Luxuria\"\n               data-image-slug=\"pla_7405-1\"\n               class=\"ngg-fancybox\" rel=\"4adfd3b233d864b69540a73362ebe62d\">\n                <img\n                    title=\"Jacopo Rosatelli e Vladimir Luxuria\"\n                    alt=\"Jacopo Rosatelli e Vladimir Luxuria\"\n                    src=\"http:\/\/www.spaziotorino.it\/scatto\/wp-content\/gallery\/2023_04_18_lovers\/cache\/PLA_7405.jpg-nggid0528900-ngg0dyn-60x60x100-00f0w010c011r110f110r010t010.jpg\"\n                    width=\"60\"\n                    height=\"60\"\n                    style=\"max-width:100%;\"\n                \/>\n            <\/a>\n        <\/div>\n\t\t\t\t\t\t\t<\/div> \n\t\t\t\n        \n\t\t\t\t<div id=\"ngg-image-4\" class=\"ngg-gallery-thumbnail-box\" >\n\t\t\t\t        <div class=\"ngg-gallery-thumbnail\">\n            <a href=\"http:\/\/www.spaziotorino.it\/scatto\/wp-content\/gallery\/2023_04_18_lovers\/PLA_7442.jpg\"\n               title=\"Ambra Angiolini e Vladimir Luxuria\"\n               data-src=\"http:\/\/www.spaziotorino.it\/scatto\/wp-content\/gallery\/2023_04_18_lovers\/PLA_7442.jpg\"\n               data-thumbnail=\"http:\/\/www.spaziotorino.it\/scatto\/wp-content\/gallery\/2023_04_18_lovers\/thumbs\/thumbs_PLA_7442.jpg\"\n               data-image-id=\"28897\"\n               data-title=\"Ambra Angiolini e Vladimir Luxuria\"\n               data-description=\"Ambra Angiolini e Vladimir Luxuria\"\n               data-image-slug=\"pla_7442\"\n               class=\"ngg-fancybox\" rel=\"4adfd3b233d864b69540a73362ebe62d\">\n                <img\n                    title=\"Ambra Angiolini e Vladimir Luxuria\"\n                    alt=\"Ambra Angiolini e Vladimir Luxuria\"\n                    src=\"http:\/\/www.spaziotorino.it\/scatto\/wp-content\/gallery\/2023_04_18_lovers\/cache\/PLA_7442.jpg-nggid0528897-ngg0dyn-60x60x100-00f0w010c011r110f110r010t010.jpg\"\n                    width=\"60\"\n                    height=\"60\"\n                    style=\"max-width:100%;\"\n                \/>\n            <\/a>\n        <\/div>\n\t\t\t\t\t\t\t<\/div> \n\t\t\t\n        \n\t\t\t\t<div id=\"ngg-image-5\" class=\"ngg-gallery-thumbnail-box\" >\n\t\t\t\t        <div class=\"ngg-gallery-thumbnail\">\n            <a href=\"http:\/\/www.spaziotorino.it\/scatto\/wp-content\/gallery\/2023_04_18_lovers\/PLA_7505.jpg\"\n               title=\"Le autorit\u00e0 presenti all&#039;Inaugurazione del 38\u00b0 Lovers Film Festival: Grippo, Purchia, Rosatelli, Lo Russo e Poggio\"\n               data-src=\"http:\/\/www.spaziotorino.it\/scatto\/wp-content\/gallery\/2023_04_18_lovers\/PLA_7505.jpg\"\n               data-thumbnail=\"http:\/\/www.spaziotorino.it\/scatto\/wp-content\/gallery\/2023_04_18_lovers\/thumbs\/thumbs_PLA_7505.jpg\"\n               data-image-id=\"28908\"\n               data-title=\"Le autorit\u00e0 presenti all&#039;Inaugurazione del 38\u00b0 Lovers Film Festival: Grippo, Purchia, Rosatelli, Lo Russo e Poggio\"\n               data-description=\"Le autorit\u00e0 presenti all&#039;Inaugurazione del 38\u00b0 Lovers Film Festival: Grippo, Purchia, Rosatelli, Lo Russo e Poggio\"\n               data-image-slug=\"pla_7505-1\"\n               class=\"ngg-fancybox\" rel=\"4adfd3b233d864b69540a73362ebe62d\">\n                <img\n                    title=\"Le autorit\u00e0 presenti all&#039;Inaugurazione del 38\u00b0 Lovers Film Festival: Grippo, Purchia, Rosatelli, Lo Russo e Poggio\"\n                    alt=\"Le autorit\u00e0 presenti all&#039;Inaugurazione del 38\u00b0 Lovers Film Festival: Grippo, Purchia, Rosatelli, Lo Russo e Poggio\"\n                    src=\"http:\/\/www.spaziotorino.it\/scatto\/wp-content\/gallery\/2023_04_18_lovers\/cache\/PLA_7505.jpg-nggid0528908-ngg0dyn-60x60x100-00f0w010c011r110f110r010t010.jpg\"\n                    width=\"60\"\n                    height=\"60\"\n                    style=\"max-width:100%;\"\n                \/>\n            <\/a>\n        <\/div>\n\t\t\t\t\t\t\t<\/div> \n\t\t\t\n        \n\t\t\t\t<div id=\"ngg-image-6\" class=\"ngg-gallery-thumbnail-box\" >\n\t\t\t\t        <div class=\"ngg-gallery-thumbnail\">\n            <a href=\"http:\/\/www.spaziotorino.it\/scatto\/wp-content\/gallery\/2023_04_18_lovers\/PLA_7467.jpg\"\n               title=\"Ambra Angiolini e Vladimir Luxuria\"\n               data-src=\"http:\/\/www.spaziotorino.it\/scatto\/wp-content\/gallery\/2023_04_18_lovers\/PLA_7467.jpg\"\n               data-thumbnail=\"http:\/\/www.spaziotorino.it\/scatto\/wp-content\/gallery\/2023_04_18_lovers\/thumbs\/thumbs_PLA_7467.jpg\"\n               data-image-id=\"28904\"\n               data-title=\"Ambra Angiolini e Vladimir Luxuria\"\n               data-description=\"Ambra Angiolini e Vladimir Luxuria\"\n               data-image-slug=\"pla_7467\"\n               class=\"ngg-fancybox\" rel=\"4adfd3b233d864b69540a73362ebe62d\">\n                <img\n                    title=\"Ambra Angiolini e Vladimir Luxuria\"\n                    alt=\"Ambra Angiolini e Vladimir Luxuria\"\n                    src=\"http:\/\/www.spaziotorino.it\/scatto\/wp-content\/gallery\/2023_04_18_lovers\/cache\/PLA_7467.jpg-nggid0528904-ngg0dyn-60x60x100-00f0w010c011r110f110r010t010.jpg\"\n                    width=\"60\"\n                    height=\"60\"\n                    style=\"max-width:100%;\"\n                \/>\n            <\/a>\n        <\/div>\n\t\t\t\t\t\t\t<\/div> \n\t\t\t\n        \n\t\t\t\t<div id=\"ngg-image-7\" class=\"ngg-gallery-thumbnail-box\" >\n\t\t\t\t        <div class=\"ngg-gallery-thumbnail\">\n            <a href=\"http:\/\/www.spaziotorino.it\/scatto\/wp-content\/gallery\/2023_04_18_lovers\/PLA_7470.jpg\"\n               title=\"Ambra Angiolini\"\n               data-src=\"http:\/\/www.spaziotorino.it\/scatto\/wp-content\/gallery\/2023_04_18_lovers\/PLA_7470.jpg\"\n               data-thumbnail=\"http:\/\/www.spaziotorino.it\/scatto\/wp-content\/gallery\/2023_04_18_lovers\/thumbs\/thumbs_PLA_7470.jpg\"\n               data-image-id=\"28903\"\n               data-title=\"Ambra Angiolini\"\n               data-description=\"Ambra Angiolini\"\n               data-image-slug=\"pla_7470\"\n               class=\"ngg-fancybox\" rel=\"4adfd3b233d864b69540a73362ebe62d\">\n                <img\n                    title=\"Ambra Angiolini\"\n                    alt=\"Ambra Angiolini\"\n                    src=\"http:\/\/www.spaziotorino.it\/scatto\/wp-content\/gallery\/2023_04_18_lovers\/cache\/PLA_7470.jpg-nggid0528903-ngg0dyn-60x60x100-00f0w010c011r110f110r010t010.jpg\"\n                    width=\"60\"\n                    height=\"60\"\n                    style=\"max-width:100%;\"\n                \/>\n            <\/a>\n        <\/div>\n\t\t\t\t\t\t\t<\/div> \n\t\t\t\n        \n\t\t\t\t<div id=\"ngg-image-8\" class=\"ngg-gallery-thumbnail-box\" >\n\t\t\t\t        <div class=\"ngg-gallery-thumbnail\">\n            <a href=\"http:\/\/www.spaziotorino.it\/scatto\/wp-content\/gallery\/2023_04_18_lovers\/PLA_7500.jpg\"\n               title=\"Inaugurazione del 38\u00b0 Lovers Film Festival\"\n               data-src=\"http:\/\/www.spaziotorino.it\/scatto\/wp-content\/gallery\/2023_04_18_lovers\/PLA_7500.jpg\"\n               data-thumbnail=\"http:\/\/www.spaziotorino.it\/scatto\/wp-content\/gallery\/2023_04_18_lovers\/thumbs\/thumbs_PLA_7500.jpg\"\n               data-image-id=\"28907\"\n               data-title=\"Inaugurazione del 38\u00b0 Lovers Film Festival\"\n               data-description=\"Inaugurazione del 38\u00b0 Lovers Film Festival\"\n               data-image-slug=\"pla_7500\"\n               class=\"ngg-fancybox\" rel=\"4adfd3b233d864b69540a73362ebe62d\">\n                <img\n                    title=\"Inaugurazione del 38\u00b0 Lovers Film Festival\"\n                    alt=\"Inaugurazione del 38\u00b0 Lovers Film Festival\"\n                    src=\"http:\/\/www.spaziotorino.it\/scatto\/wp-content\/gallery\/2023_04_18_lovers\/cache\/PLA_7500.jpg-nggid0528907-ngg0dyn-60x60x100-00f0w010c011r110f110r010t010.jpg\"\n                    width=\"60\"\n                    height=\"60\"\n                    style=\"max-width:100%;\"\n                \/>\n            <\/a>\n        <\/div>\n\t\t\t\t\t\t\t<\/div> \n\t\t\t\n        \n\t\t\t\t<div id=\"ngg-image-9\" class=\"ngg-gallery-thumbnail-box\" >\n\t\t\t\t        <div class=\"ngg-gallery-thumbnail\">\n            <a href=\"http:\/\/www.spaziotorino.it\/scatto\/wp-content\/gallery\/2023_04_18_lovers\/PLA_7491.jpg\"\n               title=\"Ambra Angiolini e Vladimir Luxuria\"\n               data-src=\"http:\/\/www.spaziotorino.it\/scatto\/wp-content\/gallery\/2023_04_18_lovers\/PLA_7491.jpg\"\n               data-thumbnail=\"http:\/\/www.spaziotorino.it\/scatto\/wp-content\/gallery\/2023_04_18_lovers\/thumbs\/thumbs_PLA_7491.jpg\"\n               data-image-id=\"28905\"\n               data-title=\"Ambra Angiolini e Vladimir Luxuria\"\n               data-description=\"Ambra Angiolini e Vladimir Luxuria\"\n               data-image-slug=\"pla_7491\"\n               class=\"ngg-fancybox\" rel=\"4adfd3b233d864b69540a73362ebe62d\">\n                <img\n                    title=\"Ambra Angiolini e Vladimir Luxuria\"\n                    alt=\"Ambra Angiolini e Vladimir Luxuria\"\n                    src=\"http:\/\/www.spaziotorino.it\/scatto\/wp-content\/gallery\/2023_04_18_lovers\/cache\/PLA_7491.jpg-nggid0528905-ngg0dyn-60x60x100-00f0w010c011r110f110r010t010.jpg\"\n                    width=\"60\"\n                    height=\"60\"\n                    style=\"max-width:100%;\"\n                \/>\n            <\/a>\n        <\/div>\n\t\t\t\t\t\t\t<\/div> \n\t\t\t\n        \n\t\t\t\t<div id=\"ngg-image-10\" class=\"ngg-gallery-thumbnail-box\" >\n\t\t\t\t        <div class=\"ngg-gallery-thumbnail\">\n            <a href=\"http:\/\/www.spaziotorino.it\/scatto\/wp-content\/gallery\/2023_04_18_lovers\/PLA_7493.jpg\"\n               title=\"Ambra Angiolini\"\n               data-src=\"http:\/\/www.spaziotorino.it\/scatto\/wp-content\/gallery\/2023_04_18_lovers\/PLA_7493.jpg\"\n               data-thumbnail=\"http:\/\/www.spaziotorino.it\/scatto\/wp-content\/gallery\/2023_04_18_lovers\/thumbs\/thumbs_PLA_7493.jpg\"\n               data-image-id=\"28906\"\n               data-title=\"Ambra Angiolini\"\n               data-description=\"Ambra Angiolini\"\n               data-image-slug=\"pla_7493\"\n               class=\"ngg-fancybox\" rel=\"4adfd3b233d864b69540a73362ebe62d\">\n                <img\n                    title=\"Ambra Angiolini\"\n                    alt=\"Ambra Angiolini\"\n                    src=\"http:\/\/www.spaziotorino.it\/scatto\/wp-content\/gallery\/2023_04_18_lovers\/cache\/PLA_7493.jpg-nggid0528906-ngg0dyn-60x60x100-00f0w010c011r110f110r010t010.jpg\"\n                    width=\"60\"\n                    height=\"60\"\n                    style=\"max-width:100%;\"\n                \/>\n            <\/a>\n        <\/div>\n\t\t\t\t\t\t\t<\/div> \n\t\t\t\n        \n\t\t\t\t<div id=\"ngg-image-11\" class=\"ngg-gallery-thumbnail-box\" >\n\t\t\t\t        <div class=\"ngg-gallery-thumbnail\">\n            <a href=\"http:\/\/www.spaziotorino.it\/scatto\/wp-content\/gallery\/2023_04_18_lovers\/PLA_7536.jpg\"\n               title=\"Priscilla e Ambra Angiolini\"\n               data-src=\"http:\/\/www.spaziotorino.it\/scatto\/wp-content\/gallery\/2023_04_18_lovers\/PLA_7536.jpg\"\n               data-thumbnail=\"http:\/\/www.spaziotorino.it\/scatto\/wp-content\/gallery\/2023_04_18_lovers\/thumbs\/thumbs_PLA_7536.jpg\"\n               data-image-id=\"28909\"\n               data-title=\"Priscilla e Ambra Angiolini\"\n               data-description=\"Priscilla e Ambra Angiolini\"\n               data-image-slug=\"pla_7536\"\n               class=\"ngg-fancybox\" rel=\"4adfd3b233d864b69540a73362ebe62d\">\n                <img\n                    title=\"Priscilla e Ambra Angiolini\"\n                    alt=\"Priscilla e Ambra Angiolini\"\n                    src=\"http:\/\/www.spaziotorino.it\/scatto\/wp-content\/gallery\/2023_04_18_lovers\/cache\/PLA_7536.jpg-nggid0528909-ngg0dyn-60x60x100-00f0w010c011r110f110r010t010.jpg\"\n                    width=\"60\"\n                    height=\"60\"\n                    style=\"max-width:100%;\"\n                \/>\n            <\/a>\n        <\/div>\n\t\t\t\t\t\t\t<\/div> \n\t\t\t\n        \n\t\t\t\t<div id=\"ngg-image-12\" class=\"ngg-gallery-thumbnail-box\" >\n\t\t\t\t        <div class=\"ngg-gallery-thumbnail\">\n            <a href=\"http:\/\/www.spaziotorino.it\/scatto\/wp-content\/gallery\/2023_04_18_lovers\/PLA_7537.jpg\"\n               title=\"Priscilla, Ambra Angiolini e Vladimir Luxuria\"\n               data-src=\"http:\/\/www.spaziotorino.it\/scatto\/wp-content\/gallery\/2023_04_18_lovers\/PLA_7537.jpg\"\n               data-thumbnail=\"http:\/\/www.spaziotorino.it\/scatto\/wp-content\/gallery\/2023_04_18_lovers\/thumbs\/thumbs_PLA_7537.jpg\"\n               data-image-id=\"28910\"\n               data-title=\"Priscilla, Ambra Angiolini e Vladimir Luxuria\"\n               data-description=\"Priscilla, Ambra Angiolini e Vladimir Luxuria\"\n               data-image-slug=\"pla_7537-1\"\n               class=\"ngg-fancybox\" rel=\"4adfd3b233d864b69540a73362ebe62d\">\n                <img\n                    title=\"Priscilla, Ambra Angiolini e Vladimir Luxuria\"\n                    alt=\"Priscilla, Ambra Angiolini e Vladimir Luxuria\"\n                    src=\"http:\/\/www.spaziotorino.it\/scatto\/wp-content\/gallery\/2023_04_18_lovers\/cache\/PLA_7537.jpg-nggid0528910-ngg0dyn-60x60x100-00f0w010c011r110f110r010t010.jpg\"\n                    width=\"60\"\n                    height=\"60\"\n                    style=\"max-width:100%;\"\n                \/>\n            <\/a>\n        <\/div>\n\t\t\t\t\t\t\t<\/div> \n\t\t\t\n        \n\t\t\t\t<div id=\"ngg-image-13\" class=\"ngg-gallery-thumbnail-box\" >\n\t\t\t\t        <div class=\"ngg-gallery-thumbnail\">\n            <a href=\"http:\/\/www.spaziotorino.it\/scatto\/wp-content\/gallery\/2023_04_18_lovers\/PLA_7621.jpg\"\n               title=\"Priscilla\"\n               data-src=\"http:\/\/www.spaziotorino.it\/scatto\/wp-content\/gallery\/2023_04_18_lovers\/PLA_7621.jpg\"\n               data-thumbnail=\"http:\/\/www.spaziotorino.it\/scatto\/wp-content\/gallery\/2023_04_18_lovers\/thumbs\/thumbs_PLA_7621.jpg\"\n               data-image-id=\"28911\"\n               data-title=\"Priscilla\"\n               data-description=\"Priscilla\"\n               data-image-slug=\"pla_7621\"\n               class=\"ngg-fancybox\" rel=\"4adfd3b233d864b69540a73362ebe62d\">\n                <img\n                    title=\"Priscilla\"\n                    alt=\"Priscilla\"\n                    src=\"http:\/\/www.spaziotorino.it\/scatto\/wp-content\/gallery\/2023_04_18_lovers\/cache\/PLA_7621.jpg-nggid0528911-ngg0dyn-60x60x100-00f0w010c011r110f110r010t010.jpg\"\n                    width=\"60\"\n                    height=\"60\"\n                    style=\"max-width:100%;\"\n                \/>\n            <\/a>\n        <\/div>\n\t\t\t\t\t\t\t<\/div> \n\t\t\t\n        \n\t\t\t\t<div id=\"ngg-image-14\" class=\"ngg-gallery-thumbnail-box\" >\n\t\t\t\t        <div class=\"ngg-gallery-thumbnail\">\n            <a href=\"http:\/\/www.spaziotorino.it\/scatto\/wp-content\/gallery\/2023_04_18_lovers\/PLA_7682.jpg\"\n               title=\"Cinema Massimo\"\n               data-src=\"http:\/\/www.spaziotorino.it\/scatto\/wp-content\/gallery\/2023_04_18_lovers\/PLA_7682.jpg\"\n               data-thumbnail=\"http:\/\/www.spaziotorino.it\/scatto\/wp-content\/gallery\/2023_04_18_lovers\/thumbs\/thumbs_PLA_7682.jpg\"\n               data-image-id=\"28912\"\n               data-title=\"Cinema Massimo\"\n               data-description=\"Cinema Massimo\"\n               data-image-slug=\"pla_7682-1\"\n               class=\"ngg-fancybox\" rel=\"4adfd3b233d864b69540a73362ebe62d\">\n                <img\n                    title=\"Cinema Massimo\"\n                    alt=\"Cinema Massimo\"\n                    src=\"http:\/\/www.spaziotorino.it\/scatto\/wp-content\/gallery\/2023_04_18_lovers\/cache\/PLA_7682.jpg-nggid0528912-ngg0dyn-60x60x100-00f0w010c011r110f110r010t010.jpg\"\n                    width=\"60\"\n                    height=\"60\"\n                    style=\"max-width:100%;\"\n                \/>\n            <\/a>\n        <\/div>\n\t\t\t\t\t\t\t<\/div> \n\t\t\t\n        \n\t\t\t\t<div id=\"ngg-image-15\" class=\"ngg-gallery-thumbnail-box\" >\n\t\t\t\t        <div class=\"ngg-gallery-thumbnail\">\n            <a href=\"http:\/\/www.spaziotorino.it\/scatto\/wp-content\/gallery\/2023_04_18_lovers\/PLA_7689.jpg\"\n               title=\"Il Lovers Film Festival sulla Mole Antonelliana\"\n               data-src=\"http:\/\/www.spaziotorino.it\/scatto\/wp-content\/gallery\/2023_04_18_lovers\/PLA_7689.jpg\"\n               data-thumbnail=\"http:\/\/www.spaziotorino.it\/scatto\/wp-content\/gallery\/2023_04_18_lovers\/thumbs\/thumbs_PLA_7689.jpg\"\n               data-image-id=\"28913\"\n               data-title=\"Il Lovers Film Festival sulla Mole Antonelliana\"\n               data-description=\"Il Lovers Film Festival sulla Mole Antonelliana\"\n               data-image-slug=\"pla_7689\"\n               class=\"ngg-fancybox\" rel=\"4adfd3b233d864b69540a73362ebe62d\">\n                <img\n                    title=\"Il Lovers Film Festival sulla Mole Antonelliana\"\n                    alt=\"Il Lovers Film Festival sulla Mole Antonelliana\"\n                    src=\"http:\/\/www.spaziotorino.it\/scatto\/wp-content\/gallery\/2023_04_18_lovers\/cache\/PLA_7689.jpg-nggid0528913-ngg0dyn-60x60x100-00f0w010c011r110f110r010t010.jpg\"\n                    width=\"60\"\n                    height=\"60\"\n                    style=\"max-width:100%;\"\n                \/>\n            <\/a>\n        <\/div>\n\t\t\t\t\t\t\t<\/div> \n\t\t\t\n        \n\t\t\t\t<div id=\"ngg-image-16\" class=\"ngg-gallery-thumbnail-box\" >\n\t\t\t\t        <div class=\"ngg-gallery-thumbnail\">\n            <a href=\"http:\/\/www.spaziotorino.it\/scatto\/wp-content\/gallery\/2023_04_18_lovers\/PLA_7699.jpg\"\n               title=\"Il Lovers Film Festival sulla Mole Antonelliana\"\n               data-src=\"http:\/\/www.spaziotorino.it\/scatto\/wp-content\/gallery\/2023_04_18_lovers\/PLA_7699.jpg\"\n               data-thumbnail=\"http:\/\/www.spaziotorino.it\/scatto\/wp-content\/gallery\/2023_04_18_lovers\/thumbs\/thumbs_PLA_7699.jpg\"\n               data-image-id=\"28914\"\n               data-title=\"Il Lovers Film Festival sulla Mole Antonelliana\"\n               data-description=\"Il Lovers Film Festival sulla Mole Antonelliana\"\n               data-image-slug=\"pla_7699-1\"\n               class=\"ngg-fancybox\" rel=\"4adfd3b233d864b69540a73362ebe62d\">\n                <img\n                    title=\"Il Lovers Film Festival sulla Mole Antonelliana\"\n                    alt=\"Il Lovers Film Festival sulla Mole Antonelliana\"\n                    src=\"http:\/\/www.spaziotorino.it\/scatto\/wp-content\/gallery\/2023_04_18_lovers\/cache\/PLA_7699.jpg-nggid0528914-ngg0dyn-60x60x100-00f0w010c011r110f110r010t010.jpg\"\n                    width=\"60\"\n                    height=\"60\"\n                    style=\"max-width:100%;\"\n                \/>\n            <\/a>\n        <\/div>\n\t\t\t\t\t\t\t<\/div> \n\t\t\t\n        \n\t\t\t\t<div id=\"ngg-image-17\" class=\"ngg-gallery-thumbnail-box\" >\n\t\t\t\t        <div class=\"ngg-gallery-thumbnail\">\n            <a href=\"http:\/\/www.spaziotorino.it\/scatto\/wp-content\/gallery\/2023_04_18_lovers\/PLA_7713.jpg\"\n               title=\"Inaugurazione del 38\u00b0 Lovers Film Festival\"\n               data-src=\"http:\/\/www.spaziotorino.it\/scatto\/wp-content\/gallery\/2023_04_18_lovers\/PLA_7713.jpg\"\n               data-thumbnail=\"http:\/\/www.spaziotorino.it\/scatto\/wp-content\/gallery\/2023_04_18_lovers\/thumbs\/thumbs_PLA_7713.jpg\"\n               data-image-id=\"28915\"\n               data-title=\"Inaugurazione del 38\u00b0 Lovers Film Festival\"\n               data-description=\"Inaugurazione del 38\u00b0 Lovers Film Festival\"\n               data-image-slug=\"pla_7713\"\n               class=\"ngg-fancybox\" rel=\"4adfd3b233d864b69540a73362ebe62d\">\n                <img\n                    title=\"Inaugurazione del 38\u00b0 Lovers Film Festival\"\n                    alt=\"Inaugurazione del 38\u00b0 Lovers Film Festival\"\n                    src=\"http:\/\/www.spaziotorino.it\/scatto\/wp-content\/gallery\/2023_04_18_lovers\/cache\/PLA_7713.jpg-nggid0528915-ngg0dyn-60x60x100-00f0w010c011r110f110r010t010.jpg\"\n                    width=\"60\"\n                    height=\"60\"\n                    style=\"max-width:100%;\"\n                \/>\n            <\/a>\n        <\/div>\n\t\t\t\t\t\t\t<\/div> \n\t\t\t\n        \n\t\t\t\t<div id=\"ngg-image-18\" class=\"ngg-gallery-thumbnail-box\" >\n\t\t\t\t        <div class=\"ngg-gallery-thumbnail\">\n            <a href=\"http:\/\/www.spaziotorino.it\/scatto\/wp-content\/gallery\/2023_04_18_lovers\/PLA_7731.jpg\"\n               title=\"Alessia Crocini, attivista per i diritti LGBTQI+ e presidente dell\u2019Associazione Famiglie Arcobaleno\"\n               data-src=\"http:\/\/www.spaziotorino.it\/scatto\/wp-content\/gallery\/2023_04_18_lovers\/PLA_7731.jpg\"\n               data-thumbnail=\"http:\/\/www.spaziotorino.it\/scatto\/wp-content\/gallery\/2023_04_18_lovers\/thumbs\/thumbs_PLA_7731.jpg\"\n               data-image-id=\"28917\"\n               data-title=\"Alessia Crocini, attivista per i diritti LGBTQI+ e presidente dell\u2019Associazione Famiglie Arcobaleno\"\n               data-description=\"Alessia Crocini, attivista per i diritti LGBTQI+ e presidente dell\u2019Associazione Famiglie Arcobaleno\"\n               data-image-slug=\"pla_7731-3\"\n               class=\"ngg-fancybox\" rel=\"4adfd3b233d864b69540a73362ebe62d\">\n                <img\n                    title=\"Alessia Crocini, attivista per i diritti LGBTQI+ e presidente dell\u2019Associazione Famiglie Arcobaleno\"\n                    alt=\"Alessia Crocini, attivista per i diritti LGBTQI+ e presidente dell\u2019Associazione Famiglie Arcobaleno\"\n                    src=\"http:\/\/www.spaziotorino.it\/scatto\/wp-content\/gallery\/2023_04_18_lovers\/cache\/PLA_7731.jpg-nggid0528917-ngg0dyn-60x60x100-00f0w010c011r110f110r010t010.jpg\"\n                    width=\"60\"\n                    height=\"60\"\n                    style=\"max-width:100%;\"\n                \/>\n            <\/a>\n        <\/div>\n\t\t\t\t\t\t\t<\/div> \n\t\t\t\n        \n\t\t\t\t<div id=\"ngg-image-19\" class=\"ngg-gallery-thumbnail-box\" >\n\t\t\t\t        <div class=\"ngg-gallery-thumbnail\">\n            <a href=\"http:\/\/www.spaziotorino.it\/scatto\/wp-content\/gallery\/2023_04_18_lovers\/PLA_7743.jpg\"\n               title=\"Inaugurazione del 38\u00b0 Lovers Film Festival\"\n               data-src=\"http:\/\/www.spaziotorino.it\/scatto\/wp-content\/gallery\/2023_04_18_lovers\/PLA_7743.jpg\"\n               data-thumbnail=\"http:\/\/www.spaziotorino.it\/scatto\/wp-content\/gallery\/2023_04_18_lovers\/thumbs\/thumbs_PLA_7743.jpg\"\n               data-image-id=\"28916\"\n               data-title=\"Inaugurazione del 38\u00b0 Lovers Film Festival\"\n               data-description=\"Inaugurazione del 38\u00b0 Lovers Film Festival\"\n               data-image-slug=\"pla_7743-1\"\n               class=\"ngg-fancybox\" rel=\"4adfd3b233d864b69540a73362ebe62d\">\n                <img\n                    title=\"Inaugurazione del 38\u00b0 Lovers Film Festival\"\n                    alt=\"Inaugurazione del 38\u00b0 Lovers Film Festival\"\n                    src=\"http:\/\/www.spaziotorino.it\/scatto\/wp-content\/gallery\/2023_04_18_lovers\/cache\/PLA_7743.jpg-nggid0528916-ngg0dyn-60x60x100-00f0w010c011r110f110r010t010.jpg\"\n                    width=\"60\"\n                    height=\"60\"\n                    style=\"max-width:100%;\"\n                \/>\n            <\/a>\n        <\/div>\n\t\t\t\t\t\t\t<\/div> \n\t\t\t\n        \n\t\t\n\t\t<!-- Pagination -->\n\t<div class='ngg-clear'><\/div>\t<\/div>\n\n<p><strong>Marted\u00ec 18 aprile&nbsp;<\/strong>ha preso ufficialmente il via la trentottesima edizione del<strong>&nbsp;Lovers Film Festival<\/strong>, il pi\u00f9 antico festival sui temi LGBTQI+ , che&nbsp;<strong>si svolger\u00e0 dal 18 al 23 aprile 2023<\/strong>&nbsp;presso il Cinema Massimo, la multisala del&nbsp;<strong>Museo Nazionale del Cinema<\/strong>&nbsp;di Torino.<\/p>\n<p>A fare gli onori di casa, alla Mole Antonelliana, <strong>Enzo Ghigo<\/strong> e <strong>Domenico De Gaetano<\/strong>, rispettivamente presidente&nbsp;<em><strong>e<\/strong><\/em>&nbsp;direttore del Museo Nazionale del Cinema di Torino insieme a <strong>Vladimir Luxuria,<\/strong> direttrice di Lovers Film Festival, seguiti dai saluti istituzionali del Sindaco <strong>Stefano Lo Russo<\/strong> dell\u2019Assessore della Citt\u00e0 di Torino <strong>Jacopo Rosatelli<\/strong> e dell\u2019Assessora Poggio della Regione Piemonte.<\/p>\n<p>Ad inaugurare ufficialmente il festival l\u2019attrice cinematografica e teatrale, conduttrice televisiva e radiofonica, da sempre poliedrica, versatile ed innovativa&nbsp;<strong>Ambra Angiolini<\/strong>, madrina dell\u2019edizione 2023 e protagonista di un talk con&nbsp;<strong>Vladimir Luxuria.<\/strong><strong><br \/>\n<\/strong>La serata ha visto anche l\u2019incursione di&nbsp;<strong>Priscilla<\/strong>,&nbsp;la drag queen italiana pi\u00f9 famosa a livello mondiale, le cui performance accompagneranno tutte le giornate di Lovers.<\/p>\n<p>La serata inaugurale \u00e8 proseguita poi&nbsp;al Cinema Massimo -sala Cabiria con la presenza di<strong>&nbsp;Alessia Crocini<\/strong>, attivista per i diritti LGBTQI+, da un anno e mezzo&nbsp;<strong>presidente dell\u2019Associazione Famiglie Arcobaleno<\/strong>, il cui intervento preceder\u00e0 la proiezione del primo film del Festival:&nbsp;<em><strong>Chrissy Judy<\/strong><\/em>&nbsp; del regista Todd Flaherty.<\/p>\n<p>Tutte le informazioni sul sito di&nbsp;<a href=\"https:\/\/www.loversff.com\/it\/\">Lovers Film Festival<\/a><\/p>\n","protected":false},"excerpt":{"rendered":"<p>Marted\u00ec 18 aprile&nbsp;ha preso ufficialmente il via la trentottesima edizione del&nbsp;Lovers Film Festival, il pi\u00f9 antico festival sui temi LGBTQI+ , che&nbsp;si svolger\u00e0 dal 18 al 23 aprile 2023&nbsp;presso il Cinema Massimo, la multisala del&nbsp;Museo Nazionale del Cinema&nbsp;di Torino. A fare gli onori di casa, alla Mole Antonelliana, Enzo Ghigo e Domenico De Gaetano, rispettivamente [&hellip;]<\/p>\n","protected":false},"author":1,"featured_media":0,"comment_status":"closed","ping_status":"open","sticky":false,"template":"","format":"standard","meta":{"ngg_post_thumbnail":0},"categories":[54,1,154],"tags":[],"_links":{"self":[{"href":"http:\/\/www.spaziotorino.it\/scatto\/index.php?rest_route=\/wp\/v2\/posts\/45152"}],"collection":[{"href":"http:\/\/www.spaziotorino.it\/scatto\/index.php?rest_route=\/wp\/v2\/posts"}],"about":[{"href":"http:\/\/www.spaziotorino.it\/scatto\/index.php?rest_route=\/wp\/v2\/types\/post"}],"author":[{"embeddable":true,"href":"http:\/\/www.spaziotorino.it\/scatto\/index.php?rest_route=\/wp\/v2\/users\/1"}],"replies":[{"embeddable":true,"href":"http:\/\/www.spaziotorino.it\/scatto\/index.php?rest_route=%2Fwp%2Fv2%2Fcomments&post=45152"}],"version-history":[{"count":1,"href":"http:\/\/www.spaziotorino.it\/scatto\/index.php?rest_route=\/wp\/v2\/posts\/45152\/revisions"}],"predecessor-version":[{"id":45154,"href":"http:\/\/www.spaziotorino.it\/scatto\/index.php?rest_route=\/wp\/v2\/posts\/45152\/revisions\/45154"}],"wp:attachment":[{"href":"http:\/\/www.spaziotorino.it\/scatto\/index.php?rest_route=%2Fwp%2Fv2%2Fmedia&parent=45152"}],"wp:term":[{"taxonomy":"category","embeddable":true,"href":"http:\/\/www.spaziotorino.it\/scatto\/index.php?rest_route=%2Fwp%2Fv2%2Fcategories&post=45152"},{"taxonomy":"post_tag","embeddable":true,"href":"http:\/\/www.spaziotorino.it\/scatto\/index.php?rest_route=%2Fwp%2Fv2%2Ftags&post=45152"}],"curies":[{"name":"wp","href":"https:\/\/api.w.org\/{rel}","templated":true}]}}