{"id":45230,"date":"2023-04-21T13:41:50","date_gmt":"2023-04-21T12:41:50","guid":{"rendered":"http:\/\/www.spaziotorino.it\/scatto\/?p=45230"},"modified":"2023-04-21T13:41:50","modified_gmt":"2023-04-21T12:41:50","slug":"ventimila-persone-al-parco-dora-per-la-preghiera-di-fine-ramadan","status":"publish","type":"post","link":"http:\/\/www.spaziotorino.it\/scatto\/?p=45230","title":{"rendered":"Ventimila persone al Parco Dora per la preghiera di fine Ramadan"},"content":{"rendered":"<p><a class=\"ngg-fancybox\" title=\"Ventimila persone al Parco Dora per la preghiera di fine Ramadan\" href=\"http:\/\/www.spaziotorino.it\/scatto\/wp-content\/gallery\/2023_04_21_ramadan\/PLA_8468.jpg\" rel=\"lightbox[set_1932]\"><br \/>\n<img decoding=\"async\" loading=\"lazy\" class=\"ngg-singlepic\" title=\"Ventimila persone al Parco Dora per la preghiera di fine Ramadan\" src=\"http:\/\/www.spaziotorino.it\/scatto\/wp-content\/gallery\/2023_04_21_ramadan\/PLA_8468.jpg\" alt=\"\" width=\"540\" height=\"360\"\/><\/a><\/p>\n<!-- index.php -->\n<div\n\tclass=\"ngg-galleryoverview ngg-ajax-pagination-none\"\n\tid=\"ngg-gallery-7a89259f761a567bb68a50112a8425bc-1\">\n\n    \t\t<!-- Thumbnails -->\n\t\t\t\t<div id=\"ngg-image-0\" class=\"ngg-gallery-thumbnail-box\" >\n\t\t\t\t        <div class=\"ngg-gallery-thumbnail\">\n            <a href=\"http:\/\/www.spaziotorino.it\/scatto\/wp-content\/gallery\/2023_04_21_ramadan\/PLA_8331.jpg\"\n               title=\"Parco Dora: Preghiera di fine Ramadan\"\n               data-src=\"http:\/\/www.spaziotorino.it\/scatto\/wp-content\/gallery\/2023_04_21_ramadan\/PLA_8331.jpg\"\n               data-thumbnail=\"http:\/\/www.spaziotorino.it\/scatto\/wp-content\/gallery\/2023_04_21_ramadan\/thumbs\/thumbs_PLA_8331.jpg\"\n               data-image-id=\"28954\"\n               data-title=\"Parco Dora: Preghiera di fine Ramadan\"\n               data-description=\"Parco Dora: Preghiera di fine Ramadan\"\n               data-image-slug=\"pla_8331-1\"\n               class=\"ngg-fancybox\" rel=\"7a89259f761a567bb68a50112a8425bc\">\n                <img\n                    title=\"Parco Dora: Preghiera di fine Ramadan\"\n                    alt=\"Parco Dora: Preghiera di fine Ramadan\"\n                    src=\"http:\/\/www.spaziotorino.it\/scatto\/wp-content\/gallery\/2023_04_21_ramadan\/cache\/PLA_8331.jpg-nggid0528954-ngg0dyn-60x60x100-00f0w010c011r110f110r010t010.jpg\"\n                    width=\"60\"\n                    height=\"60\"\n                    style=\"max-width:100%;\"\n                \/>\n            <\/a>\n        <\/div>\n\t\t\t\t\t\t\t<\/div> \n\t\t\t\n        \n\t\t\t\t<div id=\"ngg-image-1\" class=\"ngg-gallery-thumbnail-box\" >\n\t\t\t\t        <div class=\"ngg-gallery-thumbnail\">\n            <a href=\"http:\/\/www.spaziotorino.it\/scatto\/wp-content\/gallery\/2023_04_21_ramadan\/PLA_8336.jpg\"\n               title=\"Parco Dora: Preghiera di fine Ramadan\"\n               data-src=\"http:\/\/www.spaziotorino.it\/scatto\/wp-content\/gallery\/2023_04_21_ramadan\/PLA_8336.jpg\"\n               data-thumbnail=\"http:\/\/www.spaziotorino.it\/scatto\/wp-content\/gallery\/2023_04_21_ramadan\/thumbs\/thumbs_PLA_8336.jpg\"\n               data-image-id=\"28956\"\n               data-title=\"Parco Dora: Preghiera di fine Ramadan\"\n               data-description=\"Parco Dora: Preghiera di fine Ramadan\"\n               data-image-slug=\"pla_8336\"\n               class=\"ngg-fancybox\" rel=\"7a89259f761a567bb68a50112a8425bc\">\n                <img\n                    title=\"Parco Dora: Preghiera di fine Ramadan\"\n                    alt=\"Parco Dora: Preghiera di fine Ramadan\"\n                    src=\"http:\/\/www.spaziotorino.it\/scatto\/wp-content\/gallery\/2023_04_21_ramadan\/cache\/PLA_8336.jpg-nggid0528956-ngg0dyn-60x60x100-00f0w010c011r110f110r010t010.jpg\"\n                    width=\"60\"\n                    height=\"60\"\n                    style=\"max-width:100%;\"\n                \/>\n            <\/a>\n        <\/div>\n\t\t\t\t\t\t\t<\/div> \n\t\t\t\n        \n\t\t\t\t<div id=\"ngg-image-2\" class=\"ngg-gallery-thumbnail-box\" >\n\t\t\t\t        <div class=\"ngg-gallery-thumbnail\">\n            <a href=\"http:\/\/www.spaziotorino.it\/scatto\/wp-content\/gallery\/2023_04_21_ramadan\/PLA_8326.jpg\"\n               title=\"Parco Dora: Preghiera di fine Ramadan\"\n               data-src=\"http:\/\/www.spaziotorino.it\/scatto\/wp-content\/gallery\/2023_04_21_ramadan\/PLA_8326.jpg\"\n               data-thumbnail=\"http:\/\/www.spaziotorino.it\/scatto\/wp-content\/gallery\/2023_04_21_ramadan\/thumbs\/thumbs_PLA_8326.jpg\"\n               data-image-id=\"28955\"\n               data-title=\"Parco Dora: Preghiera di fine Ramadan\"\n               data-description=\"Parco Dora: Preghiera di fine Ramadan\"\n               data-image-slug=\"pla_8326-2\"\n               class=\"ngg-fancybox\" rel=\"7a89259f761a567bb68a50112a8425bc\">\n                <img\n                    title=\"Parco Dora: Preghiera di fine Ramadan\"\n                    alt=\"Parco Dora: Preghiera di fine Ramadan\"\n                    src=\"http:\/\/www.spaziotorino.it\/scatto\/wp-content\/gallery\/2023_04_21_ramadan\/cache\/PLA_8326.jpg-nggid0528955-ngg0dyn-60x60x100-00f0w010c011r110f110r010t010.jpg\"\n                    width=\"60\"\n                    height=\"60\"\n                    style=\"max-width:100%;\"\n                \/>\n            <\/a>\n        <\/div>\n\t\t\t\t\t\t\t<\/div> \n\t\t\t\n        \n\t\t\t\t<div id=\"ngg-image-3\" class=\"ngg-gallery-thumbnail-box\" >\n\t\t\t\t        <div class=\"ngg-gallery-thumbnail\">\n            <a href=\"http:\/\/www.spaziotorino.it\/scatto\/wp-content\/gallery\/2023_04_21_ramadan\/PLA_8401.jpg\"\n               title=\"Parco Dora: Preghiera di fine Ramadan\"\n               data-src=\"http:\/\/www.spaziotorino.it\/scatto\/wp-content\/gallery\/2023_04_21_ramadan\/PLA_8401.jpg\"\n               data-thumbnail=\"http:\/\/www.spaziotorino.it\/scatto\/wp-content\/gallery\/2023_04_21_ramadan\/thumbs\/thumbs_PLA_8401.jpg\"\n               data-image-id=\"28951\"\n               data-title=\"Parco Dora: Preghiera di fine Ramadan\"\n               data-description=\"Parco Dora: Preghiera di fine Ramadan\"\n               data-image-slug=\"pla_8401-1\"\n               class=\"ngg-fancybox\" rel=\"7a89259f761a567bb68a50112a8425bc\">\n                <img\n                    title=\"Parco Dora: Preghiera di fine Ramadan\"\n                    alt=\"Parco Dora: Preghiera di fine Ramadan\"\n                    src=\"http:\/\/www.spaziotorino.it\/scatto\/wp-content\/gallery\/2023_04_21_ramadan\/cache\/PLA_8401.jpg-nggid0528951-ngg0dyn-60x60x100-00f0w010c011r110f110r010t010.jpg\"\n                    width=\"60\"\n                    height=\"60\"\n                    style=\"max-width:100%;\"\n                \/>\n            <\/a>\n        <\/div>\n\t\t\t\t\t\t\t<\/div> \n\t\t\t\n        \n\t\t\t\t<div id=\"ngg-image-4\" class=\"ngg-gallery-thumbnail-box\" >\n\t\t\t\t        <div class=\"ngg-gallery-thumbnail\">\n            <a href=\"http:\/\/www.spaziotorino.it\/scatto\/wp-content\/gallery\/2023_04_21_ramadan\/PLA_8330.jpg\"\n               title=\"Parco Dora: Preghiera di fine Ramadan\"\n               data-src=\"http:\/\/www.spaziotorino.it\/scatto\/wp-content\/gallery\/2023_04_21_ramadan\/PLA_8330.jpg\"\n               data-thumbnail=\"http:\/\/www.spaziotorino.it\/scatto\/wp-content\/gallery\/2023_04_21_ramadan\/thumbs\/thumbs_PLA_8330.jpg\"\n               data-image-id=\"28953\"\n               data-title=\"Parco Dora: Preghiera di fine Ramadan\"\n               data-description=\"Parco Dora: Preghiera di fine Ramadan\"\n               data-image-slug=\"pla_8330\"\n               class=\"ngg-fancybox\" rel=\"7a89259f761a567bb68a50112a8425bc\">\n                <img\n                    title=\"Parco Dora: Preghiera di fine Ramadan\"\n                    alt=\"Parco Dora: Preghiera di fine Ramadan\"\n                    src=\"http:\/\/www.spaziotorino.it\/scatto\/wp-content\/gallery\/2023_04_21_ramadan\/cache\/PLA_8330.jpg-nggid0528953-ngg0dyn-60x60x100-00f0w010c011r110f110r010t010.jpg\"\n                    width=\"60\"\n                    height=\"60\"\n                    style=\"max-width:100%;\"\n                \/>\n            <\/a>\n        <\/div>\n\t\t\t\t\t\t\t<\/div> \n\t\t\t\n        \n\t\t\t\t<div id=\"ngg-image-5\" class=\"ngg-gallery-thumbnail-box\" >\n\t\t\t\t        <div class=\"ngg-gallery-thumbnail\">\n            <a href=\"http:\/\/www.spaziotorino.it\/scatto\/wp-content\/gallery\/2023_04_21_ramadan\/PLA_8425.jpg\"\n               title=\"Parco Dora: Preghiera di fine Ramadan\"\n               data-src=\"http:\/\/www.spaziotorino.it\/scatto\/wp-content\/gallery\/2023_04_21_ramadan\/PLA_8425.jpg\"\n               data-thumbnail=\"http:\/\/www.spaziotorino.it\/scatto\/wp-content\/gallery\/2023_04_21_ramadan\/thumbs\/thumbs_PLA_8425.jpg\"\n               data-image-id=\"28957\"\n               data-title=\"Parco Dora: Preghiera di fine Ramadan\"\n               data-description=\"Parco Dora: Preghiera di fine Ramadan\"\n               data-image-slug=\"pla_8425\"\n               class=\"ngg-fancybox\" rel=\"7a89259f761a567bb68a50112a8425bc\">\n                <img\n                    title=\"Parco Dora: Preghiera di fine Ramadan\"\n                    alt=\"Parco Dora: Preghiera di fine Ramadan\"\n                    src=\"http:\/\/www.spaziotorino.it\/scatto\/wp-content\/gallery\/2023_04_21_ramadan\/cache\/PLA_8425.jpg-nggid0528957-ngg0dyn-60x60x100-00f0w010c011r110f110r010t010.jpg\"\n                    width=\"60\"\n                    height=\"60\"\n                    style=\"max-width:100%;\"\n                \/>\n            <\/a>\n        <\/div>\n\t\t\t\t\t\t\t<\/div> \n\t\t\t\n        \n\t\t\t\t<div id=\"ngg-image-6\" class=\"ngg-gallery-thumbnail-box\" >\n\t\t\t\t        <div class=\"ngg-gallery-thumbnail\">\n            <a href=\"http:\/\/www.spaziotorino.it\/scatto\/wp-content\/gallery\/2023_04_21_ramadan\/PLA_8435.jpg\"\n               title=\"Parco Dora: Preghiera di fine Ramadan\"\n               data-src=\"http:\/\/www.spaziotorino.it\/scatto\/wp-content\/gallery\/2023_04_21_ramadan\/PLA_8435.jpg\"\n               data-thumbnail=\"http:\/\/www.spaziotorino.it\/scatto\/wp-content\/gallery\/2023_04_21_ramadan\/thumbs\/thumbs_PLA_8435.jpg\"\n               data-image-id=\"28958\"\n               data-title=\"Parco Dora: Preghiera di fine Ramadan\"\n               data-description=\"Parco Dora: Preghiera di fine Ramadan\"\n               data-image-slug=\"pla_8435\"\n               class=\"ngg-fancybox\" rel=\"7a89259f761a567bb68a50112a8425bc\">\n                <img\n                    title=\"Parco Dora: Preghiera di fine Ramadan\"\n                    alt=\"Parco Dora: Preghiera di fine Ramadan\"\n                    src=\"http:\/\/www.spaziotorino.it\/scatto\/wp-content\/gallery\/2023_04_21_ramadan\/cache\/PLA_8435.jpg-nggid0528958-ngg0dyn-60x60x100-00f0w010c011r110f110r010t010.jpg\"\n                    width=\"60\"\n                    height=\"60\"\n                    style=\"max-width:100%;\"\n                \/>\n            <\/a>\n        <\/div>\n\t\t\t\t\t\t\t<\/div> \n\t\t\t\n        \n\t\t\t\t<div id=\"ngg-image-7\" class=\"ngg-gallery-thumbnail-box\" >\n\t\t\t\t        <div class=\"ngg-gallery-thumbnail\">\n            <a href=\"http:\/\/www.spaziotorino.it\/scatto\/wp-content\/gallery\/2023_04_21_ramadan\/PLA_8447.jpg\"\n               title=\"Parco Dora: Preghiera di fine Ramadan\"\n               data-src=\"http:\/\/www.spaziotorino.it\/scatto\/wp-content\/gallery\/2023_04_21_ramadan\/PLA_8447.jpg\"\n               data-thumbnail=\"http:\/\/www.spaziotorino.it\/scatto\/wp-content\/gallery\/2023_04_21_ramadan\/thumbs\/thumbs_PLA_8447.jpg\"\n               data-image-id=\"28959\"\n               data-title=\"Parco Dora: Preghiera di fine Ramadan\"\n               data-description=\"Parco Dora: Preghiera di fine Ramadan\"\n               data-image-slug=\"pla_8447\"\n               class=\"ngg-fancybox\" rel=\"7a89259f761a567bb68a50112a8425bc\">\n                <img\n                    title=\"Parco Dora: Preghiera di fine Ramadan\"\n                    alt=\"Parco Dora: Preghiera di fine Ramadan\"\n                    src=\"http:\/\/www.spaziotorino.it\/scatto\/wp-content\/gallery\/2023_04_21_ramadan\/cache\/PLA_8447.jpg-nggid0528959-ngg0dyn-60x60x100-00f0w010c011r110f110r010t010.jpg\"\n                    width=\"60\"\n                    height=\"60\"\n                    style=\"max-width:100%;\"\n                \/>\n            <\/a>\n        <\/div>\n\t\t\t\t\t\t\t<\/div> \n\t\t\t\n        \n\t\t\t\t<div id=\"ngg-image-8\" class=\"ngg-gallery-thumbnail-box\" >\n\t\t\t\t        <div class=\"ngg-gallery-thumbnail\">\n            <a href=\"http:\/\/www.spaziotorino.it\/scatto\/wp-content\/gallery\/2023_04_21_ramadan\/PLA_8457.jpg\"\n               title=\"Parco Dora: Preghiera di fine Ramadan\"\n               data-src=\"http:\/\/www.spaziotorino.it\/scatto\/wp-content\/gallery\/2023_04_21_ramadan\/PLA_8457.jpg\"\n               data-thumbnail=\"http:\/\/www.spaziotorino.it\/scatto\/wp-content\/gallery\/2023_04_21_ramadan\/thumbs\/thumbs_PLA_8457.jpg\"\n               data-image-id=\"28960\"\n               data-title=\"Parco Dora: Preghiera di fine Ramadan\"\n               data-description=\"Parco Dora: Preghiera di fine Ramadan\"\n               data-image-slug=\"pla_8457-1\"\n               class=\"ngg-fancybox\" rel=\"7a89259f761a567bb68a50112a8425bc\">\n                <img\n                    title=\"Parco Dora: Preghiera di fine Ramadan\"\n                    alt=\"Parco Dora: Preghiera di fine Ramadan\"\n                    src=\"http:\/\/www.spaziotorino.it\/scatto\/wp-content\/gallery\/2023_04_21_ramadan\/cache\/PLA_8457.jpg-nggid0528960-ngg0dyn-60x60x100-00f0w010c011r110f110r010t010.jpg\"\n                    width=\"60\"\n                    height=\"60\"\n                    style=\"max-width:100%;\"\n                \/>\n            <\/a>\n        <\/div>\n\t\t\t\t\t\t\t<\/div> \n\t\t\t\n        \n\t\t\t\t<div id=\"ngg-image-9\" class=\"ngg-gallery-thumbnail-box\" >\n\t\t\t\t        <div class=\"ngg-gallery-thumbnail\">\n            <a href=\"http:\/\/www.spaziotorino.it\/scatto\/wp-content\/gallery\/2023_04_21_ramadan\/PLA_8463.jpg\"\n               title=\"Parco Dora: Preghiera di fine Ramadan\"\n               data-src=\"http:\/\/www.spaziotorino.it\/scatto\/wp-content\/gallery\/2023_04_21_ramadan\/PLA_8463.jpg\"\n               data-thumbnail=\"http:\/\/www.spaziotorino.it\/scatto\/wp-content\/gallery\/2023_04_21_ramadan\/thumbs\/thumbs_PLA_8463.jpg\"\n               data-image-id=\"28962\"\n               data-title=\"Parco Dora: Preghiera di fine Ramadan\"\n               data-description=\"Parco Dora: Preghiera di fine Ramadan\"\n               data-image-slug=\"pla_8463-2\"\n               class=\"ngg-fancybox\" rel=\"7a89259f761a567bb68a50112a8425bc\">\n                <img\n                    title=\"Parco Dora: Preghiera di fine Ramadan\"\n                    alt=\"Parco Dora: Preghiera di fine Ramadan\"\n                    src=\"http:\/\/www.spaziotorino.it\/scatto\/wp-content\/gallery\/2023_04_21_ramadan\/cache\/PLA_8463.jpg-nggid0528962-ngg0dyn-60x60x100-00f0w010c011r110f110r010t010.jpg\"\n                    width=\"60\"\n                    height=\"60\"\n                    style=\"max-width:100%;\"\n                \/>\n            <\/a>\n        <\/div>\n\t\t\t\t\t\t\t<\/div> \n\t\t\t\n        \n\t\t\t\t<div id=\"ngg-image-10\" class=\"ngg-gallery-thumbnail-box\" >\n\t\t\t\t        <div class=\"ngg-gallery-thumbnail\">\n            <a href=\"http:\/\/www.spaziotorino.it\/scatto\/wp-content\/gallery\/2023_04_21_ramadan\/PLA_8489.jpg\"\n               title=\"Parco Dora: Preghiera di fine Ramadan\"\n               data-src=\"http:\/\/www.spaziotorino.it\/scatto\/wp-content\/gallery\/2023_04_21_ramadan\/PLA_8489.jpg\"\n               data-thumbnail=\"http:\/\/www.spaziotorino.it\/scatto\/wp-content\/gallery\/2023_04_21_ramadan\/thumbs\/thumbs_PLA_8489.jpg\"\n               data-image-id=\"28963\"\n               data-title=\"Parco Dora: Preghiera di fine Ramadan\"\n               data-description=\"Parco Dora: Preghiera di fine Ramadan\"\n               data-image-slug=\"pla_8489\"\n               class=\"ngg-fancybox\" rel=\"7a89259f761a567bb68a50112a8425bc\">\n                <img\n                    title=\"Parco Dora: Preghiera di fine Ramadan\"\n                    alt=\"Parco Dora: Preghiera di fine Ramadan\"\n                    src=\"http:\/\/www.spaziotorino.it\/scatto\/wp-content\/gallery\/2023_04_21_ramadan\/cache\/PLA_8489.jpg-nggid0528963-ngg0dyn-60x60x100-00f0w010c011r110f110r010t010.jpg\"\n                    width=\"60\"\n                    height=\"60\"\n                    style=\"max-width:100%;\"\n                \/>\n            <\/a>\n        <\/div>\n\t\t\t\t\t\t\t<\/div> \n\t\t\t\n        \n\t\t\t\t<div id=\"ngg-image-11\" class=\"ngg-gallery-thumbnail-box\" >\n\t\t\t\t        <div class=\"ngg-gallery-thumbnail\">\n            <a href=\"http:\/\/www.spaziotorino.it\/scatto\/wp-content\/gallery\/2023_04_21_ramadan\/PLA_8478.jpg\"\n               title=\"Parco Dora: Preghiera di fine Ramadan\"\n               data-src=\"http:\/\/www.spaziotorino.it\/scatto\/wp-content\/gallery\/2023_04_21_ramadan\/PLA_8478.jpg\"\n               data-thumbnail=\"http:\/\/www.spaziotorino.it\/scatto\/wp-content\/gallery\/2023_04_21_ramadan\/thumbs\/thumbs_PLA_8478.jpg\"\n               data-image-id=\"28964\"\n               data-title=\"Parco Dora: Preghiera di fine Ramadan\"\n               data-description=\"Parco Dora: Preghiera di fine Ramadan\"\n               data-image-slug=\"pla_8478\"\n               class=\"ngg-fancybox\" rel=\"7a89259f761a567bb68a50112a8425bc\">\n                <img\n                    title=\"Parco Dora: Preghiera di fine Ramadan\"\n                    alt=\"Parco Dora: Preghiera di fine Ramadan\"\n                    src=\"http:\/\/www.spaziotorino.it\/scatto\/wp-content\/gallery\/2023_04_21_ramadan\/cache\/PLA_8478.jpg-nggid0528964-ngg0dyn-60x60x100-00f0w010c011r110f110r010t010.jpg\"\n                    width=\"60\"\n                    height=\"60\"\n                    style=\"max-width:100%;\"\n                \/>\n            <\/a>\n        <\/div>\n\t\t\t\t\t\t\t<\/div> \n\t\t\t\n        \n\t\t\t\t<div id=\"ngg-image-12\" class=\"ngg-gallery-thumbnail-box\" >\n\t\t\t\t        <div class=\"ngg-gallery-thumbnail\">\n            <a href=\"http:\/\/www.spaziotorino.it\/scatto\/wp-content\/gallery\/2023_04_21_ramadan\/PLA_8500.jpg\"\n               title=\"Parco Dora: Preghiera di fine Ramadan\"\n               data-src=\"http:\/\/www.spaziotorino.it\/scatto\/wp-content\/gallery\/2023_04_21_ramadan\/PLA_8500.jpg\"\n               data-thumbnail=\"http:\/\/www.spaziotorino.it\/scatto\/wp-content\/gallery\/2023_04_21_ramadan\/thumbs\/thumbs_PLA_8500.jpg\"\n               data-image-id=\"28965\"\n               data-title=\"Parco Dora: Preghiera di fine Ramadan\"\n               data-description=\"Parco Dora: Preghiera di fine Ramadan\"\n               data-image-slug=\"pla_8500-1\"\n               class=\"ngg-fancybox\" rel=\"7a89259f761a567bb68a50112a8425bc\">\n                <img\n                    title=\"Parco Dora: Preghiera di fine Ramadan\"\n                    alt=\"Parco Dora: Preghiera di fine Ramadan\"\n                    src=\"http:\/\/www.spaziotorino.it\/scatto\/wp-content\/gallery\/2023_04_21_ramadan\/cache\/PLA_8500.jpg-nggid0528965-ngg0dyn-60x60x100-00f0w010c011r110f110r010t010.jpg\"\n                    width=\"60\"\n                    height=\"60\"\n                    style=\"max-width:100%;\"\n                \/>\n            <\/a>\n        <\/div>\n\t\t\t\t\t\t\t<\/div> \n\t\t\t\n        \n\t\t\t\t<div id=\"ngg-image-13\" class=\"ngg-gallery-thumbnail-box\" >\n\t\t\t\t        <div class=\"ngg-gallery-thumbnail\">\n            <a href=\"http:\/\/www.spaziotorino.it\/scatto\/wp-content\/gallery\/2023_04_21_ramadan\/PLA_8384.jpg\"\n               title=\"Parco Dora: Preghiera di fine Ramadan\"\n               data-src=\"http:\/\/www.spaziotorino.it\/scatto\/wp-content\/gallery\/2023_04_21_ramadan\/PLA_8384.jpg\"\n               data-thumbnail=\"http:\/\/www.spaziotorino.it\/scatto\/wp-content\/gallery\/2023_04_21_ramadan\/thumbs\/thumbs_PLA_8384.jpg\"\n               data-image-id=\"28952\"\n               data-title=\"Parco Dora: Preghiera di fine Ramadan\"\n               data-description=\"Parco Dora: Preghiera di fine Ramadan\"\n               data-image-slug=\"pla_8384\"\n               class=\"ngg-fancybox\" rel=\"7a89259f761a567bb68a50112a8425bc\">\n                <img\n                    title=\"Parco Dora: Preghiera di fine Ramadan\"\n                    alt=\"Parco Dora: Preghiera di fine Ramadan\"\n                    src=\"http:\/\/www.spaziotorino.it\/scatto\/wp-content\/gallery\/2023_04_21_ramadan\/cache\/PLA_8384.jpg-nggid0528952-ngg0dyn-60x60x100-00f0w010c011r110f110r010t010.jpg\"\n                    width=\"60\"\n                    height=\"60\"\n                    style=\"max-width:100%;\"\n                \/>\n            <\/a>\n        <\/div>\n\t\t\t\t\t\t\t<\/div> \n\t\t\t\n        \n\t\t\t\t<div id=\"ngg-image-14\" class=\"ngg-gallery-thumbnail-box\" >\n\t\t\t\t        <div class=\"ngg-gallery-thumbnail\">\n            <a href=\"http:\/\/www.spaziotorino.it\/scatto\/wp-content\/gallery\/2023_04_21_ramadan\/PLA_8516.jpg\"\n               title=\"Parco Dora: Preghiera di fine Ramadan\"\n               data-src=\"http:\/\/www.spaziotorino.it\/scatto\/wp-content\/gallery\/2023_04_21_ramadan\/PLA_8516.jpg\"\n               data-thumbnail=\"http:\/\/www.spaziotorino.it\/scatto\/wp-content\/gallery\/2023_04_21_ramadan\/thumbs\/thumbs_PLA_8516.jpg\"\n               data-image-id=\"28966\"\n               data-title=\"Parco Dora: Preghiera di fine Ramadan\"\n               data-description=\"Parco Dora: Preghiera di fine Ramadan\"\n               data-image-slug=\"pla_8516\"\n               class=\"ngg-fancybox\" rel=\"7a89259f761a567bb68a50112a8425bc\">\n                <img\n                    title=\"Parco Dora: Preghiera di fine Ramadan\"\n                    alt=\"Parco Dora: Preghiera di fine Ramadan\"\n                    src=\"http:\/\/www.spaziotorino.it\/scatto\/wp-content\/gallery\/2023_04_21_ramadan\/cache\/PLA_8516.jpg-nggid0528966-ngg0dyn-60x60x100-00f0w010c011r110f110r010t010.jpg\"\n                    width=\"60\"\n                    height=\"60\"\n                    style=\"max-width:100%;\"\n                \/>\n            <\/a>\n        <\/div>\n\t\t\t\t\t\t\t<\/div> \n\t\t\t\n        \n\t\t\t\t<div id=\"ngg-image-15\" class=\"ngg-gallery-thumbnail-box\" >\n\t\t\t\t        <div class=\"ngg-gallery-thumbnail\">\n            <a href=\"http:\/\/www.spaziotorino.it\/scatto\/wp-content\/gallery\/2023_04_21_ramadan\/PLA_8539.jpg\"\n               title=\"Parco Dora: Preghiera di fine Ramadan\"\n               data-src=\"http:\/\/www.spaziotorino.it\/scatto\/wp-content\/gallery\/2023_04_21_ramadan\/PLA_8539.jpg\"\n               data-thumbnail=\"http:\/\/www.spaziotorino.it\/scatto\/wp-content\/gallery\/2023_04_21_ramadan\/thumbs\/thumbs_PLA_8539.jpg\"\n               data-image-id=\"28967\"\n               data-title=\"Parco Dora: Preghiera di fine Ramadan\"\n               data-description=\"Parco Dora: Preghiera di fine Ramadan\"\n               data-image-slug=\"pla_8539\"\n               class=\"ngg-fancybox\" rel=\"7a89259f761a567bb68a50112a8425bc\">\n                <img\n                    title=\"Parco Dora: Preghiera di fine Ramadan\"\n                    alt=\"Parco Dora: Preghiera di fine Ramadan\"\n                    src=\"http:\/\/www.spaziotorino.it\/scatto\/wp-content\/gallery\/2023_04_21_ramadan\/cache\/PLA_8539.jpg-nggid0528967-ngg0dyn-60x60x100-00f0w010c011r110f110r010t010.jpg\"\n                    width=\"60\"\n                    height=\"60\"\n                    style=\"max-width:100%;\"\n                \/>\n            <\/a>\n        <\/div>\n\t\t\t\t\t\t\t<\/div> \n\t\t\t\n        \n\t\t\t\t<div id=\"ngg-image-16\" class=\"ngg-gallery-thumbnail-box\" >\n\t\t\t\t        <div class=\"ngg-gallery-thumbnail\">\n            <a href=\"http:\/\/www.spaziotorino.it\/scatto\/wp-content\/gallery\/2023_04_21_ramadan\/PLA_8526.jpg\"\n               title=\"Parco Dora: Preghiera di fine Ramadan\"\n               data-src=\"http:\/\/www.spaziotorino.it\/scatto\/wp-content\/gallery\/2023_04_21_ramadan\/PLA_8526.jpg\"\n               data-thumbnail=\"http:\/\/www.spaziotorino.it\/scatto\/wp-content\/gallery\/2023_04_21_ramadan\/thumbs\/thumbs_PLA_8526.jpg\"\n               data-image-id=\"28968\"\n               data-title=\"Parco Dora: Preghiera di fine Ramadan\"\n               data-description=\"Parco Dora: Preghiera di fine Ramadan\"\n               data-image-slug=\"pla_8526\"\n               class=\"ngg-fancybox\" rel=\"7a89259f761a567bb68a50112a8425bc\">\n                <img\n                    title=\"Parco Dora: Preghiera di fine Ramadan\"\n                    alt=\"Parco Dora: Preghiera di fine Ramadan\"\n                    src=\"http:\/\/www.spaziotorino.it\/scatto\/wp-content\/gallery\/2023_04_21_ramadan\/cache\/PLA_8526.jpg-nggid0528968-ngg0dyn-60x60x100-00f0w010c011r110f110r010t010.jpg\"\n                    width=\"60\"\n                    height=\"60\"\n                    style=\"max-width:100%;\"\n                \/>\n            <\/a>\n        <\/div>\n\t\t\t\t\t\t\t<\/div> \n\t\t\t\n        \n\t\t\t\t<div id=\"ngg-image-17\" class=\"ngg-gallery-thumbnail-box\" >\n\t\t\t\t        <div class=\"ngg-gallery-thumbnail\">\n            <a href=\"http:\/\/www.spaziotorino.it\/scatto\/wp-content\/gallery\/2023_04_21_ramadan\/PLA_8570.jpg\"\n               title=\"Parco Dora: Preghiera di fine Ramadan\"\n               data-src=\"http:\/\/www.spaziotorino.it\/scatto\/wp-content\/gallery\/2023_04_21_ramadan\/PLA_8570.jpg\"\n               data-thumbnail=\"http:\/\/www.spaziotorino.it\/scatto\/wp-content\/gallery\/2023_04_21_ramadan\/thumbs\/thumbs_PLA_8570.jpg\"\n               data-image-id=\"28969\"\n               data-title=\"Parco Dora: Preghiera di fine Ramadan\"\n               data-description=\"Parco Dora: Preghiera di fine Ramadan\"\n               data-image-slug=\"pla_8570\"\n               class=\"ngg-fancybox\" rel=\"7a89259f761a567bb68a50112a8425bc\">\n                <img\n                    title=\"Parco Dora: Preghiera di fine Ramadan\"\n                    alt=\"Parco Dora: Preghiera di fine Ramadan\"\n                    src=\"http:\/\/www.spaziotorino.it\/scatto\/wp-content\/gallery\/2023_04_21_ramadan\/cache\/PLA_8570.jpg-nggid0528969-ngg0dyn-60x60x100-00f0w010c011r110f110r010t010.jpg\"\n                    width=\"60\"\n                    height=\"60\"\n                    style=\"max-width:100%;\"\n                \/>\n            <\/a>\n        <\/div>\n\t\t\t\t\t\t\t<\/div> \n\t\t\t\n        \n\t\t\t\t<div id=\"ngg-image-18\" class=\"ngg-gallery-thumbnail-box\" >\n\t\t\t\t        <div class=\"ngg-gallery-thumbnail\">\n            <a href=\"http:\/\/www.spaziotorino.it\/scatto\/wp-content\/gallery\/2023_04_21_ramadan\/PLA_8592.jpg\"\n               title=\"l\u2019Assessora alle Politiche per la multiculturalit\u00e0 Giovanna Pentenero\"\n               data-src=\"http:\/\/www.spaziotorino.it\/scatto\/wp-content\/gallery\/2023_04_21_ramadan\/PLA_8592.jpg\"\n               data-thumbnail=\"http:\/\/www.spaziotorino.it\/scatto\/wp-content\/gallery\/2023_04_21_ramadan\/thumbs\/thumbs_PLA_8592.jpg\"\n               data-image-id=\"28970\"\n               data-title=\"l\u2019Assessora alle Politiche per la multiculturalit\u00e0 Giovanna Pentenero\"\n               data-description=\"l\u2019Assessora alle Politiche per la multiculturalit\u00e0 Giovanna Pentenero\"\n               data-image-slug=\"pla_8592-1\"\n               class=\"ngg-fancybox\" rel=\"7a89259f761a567bb68a50112a8425bc\">\n                <img\n                    title=\"l\u2019Assessora alle Politiche per la multiculturalit\u00e0 Giovanna Pentenero\"\n                    alt=\"l\u2019Assessora alle Politiche per la multiculturalit\u00e0 Giovanna Pentenero\"\n                    src=\"http:\/\/www.spaziotorino.it\/scatto\/wp-content\/gallery\/2023_04_21_ramadan\/cache\/PLA_8592.jpg-nggid0528970-ngg0dyn-60x60x100-00f0w010c011r110f110r010t010.jpg\"\n                    width=\"60\"\n                    height=\"60\"\n                    style=\"max-width:100%;\"\n                \/>\n            <\/a>\n        <\/div>\n\t\t\t\t\t\t\t<\/div> \n\t\t\t\n        \n\t\t\t\t<div id=\"ngg-image-19\" class=\"ngg-gallery-thumbnail-box\" >\n\t\t\t\t        <div class=\"ngg-gallery-thumbnail\">\n            <a href=\"http:\/\/www.spaziotorino.it\/scatto\/wp-content\/gallery\/2023_04_21_ramadan\/PLA_8612.jpg\"\n               title=\"Parco Dora: Preghiera di fine Ramadan\"\n               data-src=\"http:\/\/www.spaziotorino.it\/scatto\/wp-content\/gallery\/2023_04_21_ramadan\/PLA_8612.jpg\"\n               data-thumbnail=\"http:\/\/www.spaziotorino.it\/scatto\/wp-content\/gallery\/2023_04_21_ramadan\/thumbs\/thumbs_PLA_8612.jpg\"\n               data-image-id=\"28971\"\n               data-title=\"Parco Dora: Preghiera di fine Ramadan\"\n               data-description=\"Parco Dora: Preghiera di fine Ramadan\"\n               data-image-slug=\"pla_8612-2\"\n               class=\"ngg-fancybox\" rel=\"7a89259f761a567bb68a50112a8425bc\">\n                <img\n                    title=\"Parco Dora: Preghiera di fine Ramadan\"\n                    alt=\"Parco Dora: Preghiera di fine Ramadan\"\n                    src=\"http:\/\/www.spaziotorino.it\/scatto\/wp-content\/gallery\/2023_04_21_ramadan\/cache\/PLA_8612.jpg-nggid0528971-ngg0dyn-60x60x100-00f0w010c011r110f110r010t010.jpg\"\n                    width=\"60\"\n                    height=\"60\"\n                    style=\"max-width:100%;\"\n                \/>\n            <\/a>\n        <\/div>\n\t\t\t\t\t\t\t<\/div> \n\t\t\t\n        \n\t\t\t\t<div id=\"ngg-image-20\" class=\"ngg-gallery-thumbnail-box\" >\n\t\t\t\t        <div class=\"ngg-gallery-thumbnail\">\n            <a href=\"http:\/\/www.spaziotorino.it\/scatto\/wp-content\/gallery\/2023_04_21_ramadan\/PLA_8656.jpg\"\n               title=\"Il Patto di Condivisione con i rappresentanti delle 26 comunit\u00e0 islamiche firmato il 15 marzo scorso\"\n               data-src=\"http:\/\/www.spaziotorino.it\/scatto\/wp-content\/gallery\/2023_04_21_ramadan\/PLA_8656.jpg\"\n               data-thumbnail=\"http:\/\/www.spaziotorino.it\/scatto\/wp-content\/gallery\/2023_04_21_ramadan\/thumbs\/thumbs_PLA_8656.jpg\"\n               data-image-id=\"28972\"\n               data-title=\"Il Patto di Condivisione con i rappresentanti delle 26 comunit\u00e0 islamiche firmato il 15 marzo scorso\"\n               data-description=\"Il Patto di Condivisione con i rappresentanti delle 26 comunit\u00e0 islamiche firmato il 15 marzo scorso\"\n               data-image-slug=\"pla_8656-1\"\n               class=\"ngg-fancybox\" rel=\"7a89259f761a567bb68a50112a8425bc\">\n                <img\n                    title=\"Il Patto di Condivisione con i rappresentanti delle 26 comunit\u00e0 islamiche firmato il 15 marzo scorso\"\n                    alt=\"Il Patto di Condivisione con i rappresentanti delle 26 comunit\u00e0 islamiche firmato il 15 marzo scorso\"\n                    src=\"http:\/\/www.spaziotorino.it\/scatto\/wp-content\/gallery\/2023_04_21_ramadan\/cache\/PLA_8656.jpg-nggid0528972-ngg0dyn-60x60x100-00f0w010c011r110f110r010t010.jpg\"\n                    width=\"60\"\n                    height=\"60\"\n                    style=\"max-width:100%;\"\n                \/>\n            <\/a>\n        <\/div>\n\t\t\t\t\t\t\t<\/div> \n\t\t\t\n        \n\t\t\n\t\t<!-- Pagination -->\n\t<div class='ngg-clear'><\/div>\t<\/div>\n\n<p>Si chiude il mese sacro dell\u2019Islam. Questa mattina al Parco Dora il Sindaco Stefano Lo Russo e l\u2019Assessora alle Politiche per la multiculturalit\u00e0 Giovanna Pentenero hanno portato il saluto della Citt\u00e0 alla tradizionale preghiera che celebra la fine del Ramadan.<span id=\"more-110892\"><\/span><\/p>\n<p>Ventimila fedeli si sono riuniti sotto la grande tettoia del Parco Dora per il momento di raccoglimento, a cui tutta la comunit\u00e0 islamica \u00e8 chiamata a partecipare, che decreta la fine dei 28 giorni di digiuno e astinenza e d\u00e0 inizio alla Eid al-Fitr, tre giorni di festa e convivialit\u00e0.<\/p>\n<p>Poco pi\u00f9 di un mese fa il Sindaco Lo Russo ha incontrato i rappresentanti delle 26 comunit\u00e0 islamiche torinesi per il rinnovo del Patto di condivisione che gi\u00e0 da sette anni afferma i valori della convivenza, del rispetto reciproco, della comune conoscenza e del dialogo al fine di creare una cittadinanza condivisa e abbattere diffidenze e pregiudizi.<\/p>\n","protected":false},"excerpt":{"rendered":"<p>Si chiude il mese sacro dell\u2019Islam. Questa mattina al Parco Dora il Sindaco Stefano Lo Russo e l\u2019Assessora alle Politiche per la multiculturalit\u00e0 Giovanna Pentenero hanno portato il saluto della Citt\u00e0 alla tradizionale preghiera che celebra la fine del Ramadan. Ventimila fedeli si sono riuniti sotto la grande tettoia del Parco Dora per il momento [&hellip;]<\/p>\n","protected":false},"author":1,"featured_media":0,"comment_status":"closed","ping_status":"open","sticky":false,"template":"","format":"standard","meta":{"ngg_post_thumbnail":0},"categories":[133,1,41,895],"tags":[],"_links":{"self":[{"href":"http:\/\/www.spaziotorino.it\/scatto\/index.php?rest_route=\/wp\/v2\/posts\/45230"}],"collection":[{"href":"http:\/\/www.spaziotorino.it\/scatto\/index.php?rest_route=\/wp\/v2\/posts"}],"about":[{"href":"http:\/\/www.spaziotorino.it\/scatto\/index.php?rest_route=\/wp\/v2\/types\/post"}],"author":[{"embeddable":true,"href":"http:\/\/www.spaziotorino.it\/scatto\/index.php?rest_route=\/wp\/v2\/users\/1"}],"replies":[{"embeddable":true,"href":"http:\/\/www.spaziotorino.it\/scatto\/index.php?rest_route=%2Fwp%2Fv2%2Fcomments&post=45230"}],"version-history":[{"count":2,"href":"http:\/\/www.spaziotorino.it\/scatto\/index.php?rest_route=\/wp\/v2\/posts\/45230\/revisions"}],"predecessor-version":[{"id":45233,"href":"http:\/\/www.spaziotorino.it\/scatto\/index.php?rest_route=\/wp\/v2\/posts\/45230\/revisions\/45233"}],"wp:attachment":[{"href":"http:\/\/www.spaziotorino.it\/scatto\/index.php?rest_route=%2Fwp%2Fv2%2Fmedia&parent=45230"}],"wp:term":[{"taxonomy":"category","embeddable":true,"href":"http:\/\/www.spaziotorino.it\/scatto\/index.php?rest_route=%2Fwp%2Fv2%2Fcategories&post=45230"},{"taxonomy":"post_tag","embeddable":true,"href":"http:\/\/www.spaziotorino.it\/scatto\/index.php?rest_route=%2Fwp%2Fv2%2Ftags&post=45230"}],"curies":[{"name":"wp","href":"https:\/\/api.w.org\/{rel}","templated":true}]}}