{"id":45301,"date":"2023-04-24T22:36:17","date_gmt":"2023-04-24T21:36:17","guid":{"rendered":"http:\/\/www.spaziotorino.it\/scatto\/?p=45301"},"modified":"2023-04-25T16:38:14","modified_gmt":"2023-04-25T15:38:14","slug":"fiaccolata-della-liberazione","status":"publish","type":"post","link":"http:\/\/www.spaziotorino.it\/scatto\/?p=45301","title":{"rendered":"Fiaccolata della Liberazione"},"content":{"rendered":"<p><a class=\"ngg-fancybox\" title=\"Fiaccolata della Liberazione\" href=\"http:\/\/www.spaziotorino.it\/scatto\/wp-content\/gallery\/2023_04_24_fiaccolata\/PLA_0286.jpg\" rel=\"lightbox[set_1935]\"><br \/>\n<img decoding=\"async\" loading=\"lazy\" class=\"ngg-singlepic\" title=\"Fiaccolata della Liberazione\" src=\"http:\/\/www.spaziotorino.it\/scatto\/wp-content\/gallery\/2023_04_24_fiaccolata\/PLA_0286.jpg\" alt=\"\" width=\"540\" height=\"360\"\/><\/a><\/p>\n<!-- index.php -->\n<div\n\tclass=\"ngg-galleryoverview ngg-ajax-pagination-none\"\n\tid=\"ngg-gallery-98fa7b222606c8cbbaffc1bff50b65b3-1\">\n\n    \t\t<!-- Thumbnails -->\n\t\t\t\t<div id=\"ngg-image-0\" class=\"ngg-gallery-thumbnail-box\" >\n\t\t\t\t        <div class=\"ngg-gallery-thumbnail\">\n            <a href=\"http:\/\/www.spaziotorino.it\/scatto\/wp-content\/gallery\/2023_04_24_fiaccolata\/PLA_0010.jpg\"\n               title=\"Fiaccolata della Liberazione\"\n               data-src=\"http:\/\/www.spaziotorino.it\/scatto\/wp-content\/gallery\/2023_04_24_fiaccolata\/PLA_0010.jpg\"\n               data-thumbnail=\"http:\/\/www.spaziotorino.it\/scatto\/wp-content\/gallery\/2023_04_24_fiaccolata\/thumbs\/thumbs_PLA_0010.jpg\"\n               data-image-id=\"29013\"\n               data-title=\"Fiaccolata della Liberazione\"\n               data-description=\"Fiaccolata della Liberazione\"\n               data-image-slug=\"pla_0010-3\"\n               class=\"ngg-fancybox\" rel=\"98fa7b222606c8cbbaffc1bff50b65b3\">\n                <img\n                    title=\"Fiaccolata della Liberazione\"\n                    alt=\"Fiaccolata della Liberazione\"\n                    src=\"http:\/\/www.spaziotorino.it\/scatto\/wp-content\/gallery\/2023_04_24_fiaccolata\/cache\/PLA_0010.jpg-nggid0529013-ngg0dyn-60x60x100-00f0w010c011r110f110r010t010.jpg\"\n                    width=\"60\"\n                    height=\"60\"\n                    style=\"max-width:100%;\"\n                \/>\n            <\/a>\n        <\/div>\n\t\t\t\t\t\t\t<\/div> \n\t\t\t\n        \n\t\t\t\t<div id=\"ngg-image-1\" class=\"ngg-gallery-thumbnail-box\" >\n\t\t\t\t        <div class=\"ngg-gallery-thumbnail\">\n            <a href=\"http:\/\/www.spaziotorino.it\/scatto\/wp-content\/gallery\/2023_04_24_fiaccolata\/PLA_9993.jpg\"\n               title=\"Fiaccolata della Liberazione\"\n               data-src=\"http:\/\/www.spaziotorino.it\/scatto\/wp-content\/gallery\/2023_04_24_fiaccolata\/PLA_9993.jpg\"\n               data-thumbnail=\"http:\/\/www.spaziotorino.it\/scatto\/wp-content\/gallery\/2023_04_24_fiaccolata\/thumbs\/thumbs_PLA_9993.jpg\"\n               data-image-id=\"29027\"\n               data-title=\"Fiaccolata della Liberazione\"\n               data-description=\"Fiaccolata della Liberazione\"\n               data-image-slug=\"pla_9993-1\"\n               class=\"ngg-fancybox\" rel=\"98fa7b222606c8cbbaffc1bff50b65b3\">\n                <img\n                    title=\"Fiaccolata della Liberazione\"\n                    alt=\"Fiaccolata della Liberazione\"\n                    src=\"http:\/\/www.spaziotorino.it\/scatto\/wp-content\/gallery\/2023_04_24_fiaccolata\/cache\/PLA_9993.jpg-nggid0529027-ngg0dyn-60x60x100-00f0w010c011r110f110r010t010.jpg\"\n                    width=\"60\"\n                    height=\"60\"\n                    style=\"max-width:100%;\"\n                \/>\n            <\/a>\n        <\/div>\n\t\t\t\t\t\t\t<\/div> \n\t\t\t\n        \n\t\t\t\t<div id=\"ngg-image-2\" class=\"ngg-gallery-thumbnail-box\" >\n\t\t\t\t        <div class=\"ngg-gallery-thumbnail\">\n            <a href=\"http:\/\/www.spaziotorino.it\/scatto\/wp-content\/gallery\/2023_04_24_fiaccolata\/PLA_0067.jpg\"\n               title=\"Fiaccolata della Liberazione\"\n               data-src=\"http:\/\/www.spaziotorino.it\/scatto\/wp-content\/gallery\/2023_04_24_fiaccolata\/PLA_0067.jpg\"\n               data-thumbnail=\"http:\/\/www.spaziotorino.it\/scatto\/wp-content\/gallery\/2023_04_24_fiaccolata\/thumbs\/thumbs_PLA_0067.jpg\"\n               data-image-id=\"29011\"\n               data-title=\"Fiaccolata della Liberazione\"\n               data-description=\"Fiaccolata della Liberazione\"\n               data-image-slug=\"pla_0067\"\n               class=\"ngg-fancybox\" rel=\"98fa7b222606c8cbbaffc1bff50b65b3\">\n                <img\n                    title=\"Fiaccolata della Liberazione\"\n                    alt=\"Fiaccolata della Liberazione\"\n                    src=\"http:\/\/www.spaziotorino.it\/scatto\/wp-content\/gallery\/2023_04_24_fiaccolata\/cache\/PLA_0067.jpg-nggid0529011-ngg0dyn-60x60x100-00f0w010c011r110f110r010t010.jpg\"\n                    width=\"60\"\n                    height=\"60\"\n                    style=\"max-width:100%;\"\n                \/>\n            <\/a>\n        <\/div>\n\t\t\t\t\t\t\t<\/div> \n\t\t\t\n        \n\t\t\t\t<div id=\"ngg-image-3\" class=\"ngg-gallery-thumbnail-box\" >\n\t\t\t\t        <div class=\"ngg-gallery-thumbnail\">\n            <a href=\"http:\/\/www.spaziotorino.it\/scatto\/wp-content\/gallery\/2023_04_24_fiaccolata\/PLA_0037.jpg\"\n               title=\"Fiaccolata della Liberazione\"\n               data-src=\"http:\/\/www.spaziotorino.it\/scatto\/wp-content\/gallery\/2023_04_24_fiaccolata\/PLA_0037.jpg\"\n               data-thumbnail=\"http:\/\/www.spaziotorino.it\/scatto\/wp-content\/gallery\/2023_04_24_fiaccolata\/thumbs\/thumbs_PLA_0037.jpg\"\n               data-image-id=\"29010\"\n               data-title=\"Fiaccolata della Liberazione\"\n               data-description=\"Fiaccolata della Liberazione\"\n               data-image-slug=\"pla_0037-1\"\n               class=\"ngg-fancybox\" rel=\"98fa7b222606c8cbbaffc1bff50b65b3\">\n                <img\n                    title=\"Fiaccolata della Liberazione\"\n                    alt=\"Fiaccolata della Liberazione\"\n                    src=\"http:\/\/www.spaziotorino.it\/scatto\/wp-content\/gallery\/2023_04_24_fiaccolata\/cache\/PLA_0037.jpg-nggid0529010-ngg0dyn-60x60x100-00f0w010c011r110f110r010t010.jpg\"\n                    width=\"60\"\n                    height=\"60\"\n                    style=\"max-width:100%;\"\n                \/>\n            <\/a>\n        <\/div>\n\t\t\t\t\t\t\t<\/div> \n\t\t\t\n        \n\t\t\t\t<div id=\"ngg-image-4\" class=\"ngg-gallery-thumbnail-box\" >\n\t\t\t\t        <div class=\"ngg-gallery-thumbnail\">\n            <a href=\"http:\/\/www.spaziotorino.it\/scatto\/wp-content\/gallery\/2023_04_24_fiaccolata\/PLA_0039.jpg\"\n               title=\"Fiaccolata della Liberazione\"\n               data-src=\"http:\/\/www.spaziotorino.it\/scatto\/wp-content\/gallery\/2023_04_24_fiaccolata\/PLA_0039.jpg\"\n               data-thumbnail=\"http:\/\/www.spaziotorino.it\/scatto\/wp-content\/gallery\/2023_04_24_fiaccolata\/thumbs\/thumbs_PLA_0039.jpg\"\n               data-image-id=\"29014\"\n               data-title=\"Fiaccolata della Liberazione\"\n               data-description=\"Fiaccolata della Liberazione\"\n               data-image-slug=\"pla_0039\"\n               class=\"ngg-fancybox\" rel=\"98fa7b222606c8cbbaffc1bff50b65b3\">\n                <img\n                    title=\"Fiaccolata della Liberazione\"\n                    alt=\"Fiaccolata della Liberazione\"\n                    src=\"http:\/\/www.spaziotorino.it\/scatto\/wp-content\/gallery\/2023_04_24_fiaccolata\/cache\/PLA_0039.jpg-nggid0529014-ngg0dyn-60x60x100-00f0w010c011r110f110r010t010.jpg\"\n                    width=\"60\"\n                    height=\"60\"\n                    style=\"max-width:100%;\"\n                \/>\n            <\/a>\n        <\/div>\n\t\t\t\t\t\t\t<\/div> \n\t\t\t\n        \n\t\t\t\t<div id=\"ngg-image-5\" class=\"ngg-gallery-thumbnail-box\" >\n\t\t\t\t        <div class=\"ngg-gallery-thumbnail\">\n            <a href=\"http:\/\/www.spaziotorino.it\/scatto\/wp-content\/gallery\/2023_04_24_fiaccolata\/PLA_0057.jpg\"\n               title=\"Fiaccolata della Liberazione\"\n               data-src=\"http:\/\/www.spaziotorino.it\/scatto\/wp-content\/gallery\/2023_04_24_fiaccolata\/PLA_0057.jpg\"\n               data-thumbnail=\"http:\/\/www.spaziotorino.it\/scatto\/wp-content\/gallery\/2023_04_24_fiaccolata\/thumbs\/thumbs_PLA_0057.jpg\"\n               data-image-id=\"29012\"\n               data-title=\"Fiaccolata della Liberazione\"\n               data-description=\"Fiaccolata della Liberazione\"\n               data-image-slug=\"pla_0057-1\"\n               class=\"ngg-fancybox\" rel=\"98fa7b222606c8cbbaffc1bff50b65b3\">\n                <img\n                    title=\"Fiaccolata della Liberazione\"\n                    alt=\"Fiaccolata della Liberazione\"\n                    src=\"http:\/\/www.spaziotorino.it\/scatto\/wp-content\/gallery\/2023_04_24_fiaccolata\/cache\/PLA_0057.jpg-nggid0529012-ngg0dyn-60x60x100-00f0w010c011r110f110r010t010.jpg\"\n                    width=\"60\"\n                    height=\"60\"\n                    style=\"max-width:100%;\"\n                \/>\n            <\/a>\n        <\/div>\n\t\t\t\t\t\t\t<\/div> \n\t\t\t\n        \n\t\t\t\t<div id=\"ngg-image-6\" class=\"ngg-gallery-thumbnail-box\" >\n\t\t\t\t        <div class=\"ngg-gallery-thumbnail\">\n            <a href=\"http:\/\/www.spaziotorino.it\/scatto\/wp-content\/gallery\/2023_04_24_fiaccolata\/PLA_0112.jpg\"\n               title=\"Fiaccolata della Liberazione\"\n               data-src=\"http:\/\/www.spaziotorino.it\/scatto\/wp-content\/gallery\/2023_04_24_fiaccolata\/PLA_0112.jpg\"\n               data-thumbnail=\"http:\/\/www.spaziotorino.it\/scatto\/wp-content\/gallery\/2023_04_24_fiaccolata\/thumbs\/thumbs_PLA_0112.jpg\"\n               data-image-id=\"29016\"\n               data-title=\"Fiaccolata della Liberazione\"\n               data-description=\"Fiaccolata della Liberazione\"\n               data-image-slug=\"pla_0112\"\n               class=\"ngg-fancybox\" rel=\"98fa7b222606c8cbbaffc1bff50b65b3\">\n                <img\n                    title=\"Fiaccolata della Liberazione\"\n                    alt=\"Fiaccolata della Liberazione\"\n                    src=\"http:\/\/www.spaziotorino.it\/scatto\/wp-content\/gallery\/2023_04_24_fiaccolata\/cache\/PLA_0112.jpg-nggid0529016-ngg0dyn-60x60x100-00f0w010c011r110f110r010t010.jpg\"\n                    width=\"60\"\n                    height=\"60\"\n                    style=\"max-width:100%;\"\n                \/>\n            <\/a>\n        <\/div>\n\t\t\t\t\t\t\t<\/div> \n\t\t\t\n        \n\t\t\t\t<div id=\"ngg-image-7\" class=\"ngg-gallery-thumbnail-box\" >\n\t\t\t\t        <div class=\"ngg-gallery-thumbnail\">\n            <a href=\"http:\/\/www.spaziotorino.it\/scatto\/wp-content\/gallery\/2023_04_24_fiaccolata\/PLA_0109.jpg\"\n               title=\"Fiaccolata della Liberazione\"\n               data-src=\"http:\/\/www.spaziotorino.it\/scatto\/wp-content\/gallery\/2023_04_24_fiaccolata\/PLA_0109.jpg\"\n               data-thumbnail=\"http:\/\/www.spaziotorino.it\/scatto\/wp-content\/gallery\/2023_04_24_fiaccolata\/thumbs\/thumbs_PLA_0109.jpg\"\n               data-image-id=\"29015\"\n               data-title=\"Fiaccolata della Liberazione\"\n               data-description=\"Fiaccolata della Liberazione\"\n               data-image-slug=\"pla_0109\"\n               class=\"ngg-fancybox\" rel=\"98fa7b222606c8cbbaffc1bff50b65b3\">\n                <img\n                    title=\"Fiaccolata della Liberazione\"\n                    alt=\"Fiaccolata della Liberazione\"\n                    src=\"http:\/\/www.spaziotorino.it\/scatto\/wp-content\/gallery\/2023_04_24_fiaccolata\/cache\/PLA_0109.jpg-nggid0529015-ngg0dyn-60x60x100-00f0w010c011r110f110r010t010.jpg\"\n                    width=\"60\"\n                    height=\"60\"\n                    style=\"max-width:100%;\"\n                \/>\n            <\/a>\n        <\/div>\n\t\t\t\t\t\t\t<\/div> \n\t\t\t\n        \n\t\t\t\t<div id=\"ngg-image-8\" class=\"ngg-gallery-thumbnail-box\" >\n\t\t\t\t        <div class=\"ngg-gallery-thumbnail\">\n            <a href=\"http:\/\/www.spaziotorino.it\/scatto\/wp-content\/gallery\/2023_04_24_fiaccolata\/PLA_0142.jpg\"\n               title=\"Fiaccolata della Liberazione\"\n               data-src=\"http:\/\/www.spaziotorino.it\/scatto\/wp-content\/gallery\/2023_04_24_fiaccolata\/PLA_0142.jpg\"\n               data-thumbnail=\"http:\/\/www.spaziotorino.it\/scatto\/wp-content\/gallery\/2023_04_24_fiaccolata\/thumbs\/thumbs_PLA_0142.jpg\"\n               data-image-id=\"29018\"\n               data-title=\"Fiaccolata della Liberazione\"\n               data-description=\"Fiaccolata della Liberazione\"\n               data-image-slug=\"pla_0142\"\n               class=\"ngg-fancybox\" rel=\"98fa7b222606c8cbbaffc1bff50b65b3\">\n                <img\n                    title=\"Fiaccolata della Liberazione\"\n                    alt=\"Fiaccolata della Liberazione\"\n                    src=\"http:\/\/www.spaziotorino.it\/scatto\/wp-content\/gallery\/2023_04_24_fiaccolata\/cache\/PLA_0142.jpg-nggid0529018-ngg0dyn-60x60x100-00f0w010c011r110f110r010t010.jpg\"\n                    width=\"60\"\n                    height=\"60\"\n                    style=\"max-width:100%;\"\n                \/>\n            <\/a>\n        <\/div>\n\t\t\t\t\t\t\t<\/div> \n\t\t\t\n        \n\t\t\t\t<div id=\"ngg-image-9\" class=\"ngg-gallery-thumbnail-box\" >\n\t\t\t\t        <div class=\"ngg-gallery-thumbnail\">\n            <a href=\"http:\/\/www.spaziotorino.it\/scatto\/wp-content\/gallery\/2023_04_24_fiaccolata\/PLA_0081.jpg\"\n               title=\"Fiaccolata della Liberazione\"\n               data-src=\"http:\/\/www.spaziotorino.it\/scatto\/wp-content\/gallery\/2023_04_24_fiaccolata\/PLA_0081.jpg\"\n               data-thumbnail=\"http:\/\/www.spaziotorino.it\/scatto\/wp-content\/gallery\/2023_04_24_fiaccolata\/thumbs\/thumbs_PLA_0081.jpg\"\n               data-image-id=\"29009\"\n               data-title=\"Fiaccolata della Liberazione\"\n               data-description=\"Fiaccolata della Liberazione\"\n               data-image-slug=\"pla_0081-1\"\n               class=\"ngg-fancybox\" rel=\"98fa7b222606c8cbbaffc1bff50b65b3\">\n                <img\n                    title=\"Fiaccolata della Liberazione\"\n                    alt=\"Fiaccolata della Liberazione\"\n                    src=\"http:\/\/www.spaziotorino.it\/scatto\/wp-content\/gallery\/2023_04_24_fiaccolata\/cache\/PLA_0081.jpg-nggid0529009-ngg0dyn-60x60x100-00f0w010c011r110f110r010t010.jpg\"\n                    width=\"60\"\n                    height=\"60\"\n                    style=\"max-width:100%;\"\n                \/>\n            <\/a>\n        <\/div>\n\t\t\t\t\t\t\t<\/div> \n\t\t\t\n        \n\t\t\t\t<div id=\"ngg-image-10\" class=\"ngg-gallery-thumbnail-box\" >\n\t\t\t\t        <div class=\"ngg-gallery-thumbnail\">\n            <a href=\"http:\/\/www.spaziotorino.it\/scatto\/wp-content\/gallery\/2023_04_24_fiaccolata\/PLA_0128.jpg\"\n               title=\"Fiaccolata della Liberazione\"\n               data-src=\"http:\/\/www.spaziotorino.it\/scatto\/wp-content\/gallery\/2023_04_24_fiaccolata\/PLA_0128.jpg\"\n               data-thumbnail=\"http:\/\/www.spaziotorino.it\/scatto\/wp-content\/gallery\/2023_04_24_fiaccolata\/thumbs\/thumbs_PLA_0128.jpg\"\n               data-image-id=\"29019\"\n               data-title=\"Fiaccolata della Liberazione\"\n               data-description=\"Fiaccolata della Liberazione\"\n               data-image-slug=\"pla_0128-1\"\n               class=\"ngg-fancybox\" rel=\"98fa7b222606c8cbbaffc1bff50b65b3\">\n                <img\n                    title=\"Fiaccolata della Liberazione\"\n                    alt=\"Fiaccolata della Liberazione\"\n                    src=\"http:\/\/www.spaziotorino.it\/scatto\/wp-content\/gallery\/2023_04_24_fiaccolata\/cache\/PLA_0128.jpg-nggid0529019-ngg0dyn-60x60x100-00f0w010c011r110f110r010t010.jpg\"\n                    width=\"60\"\n                    height=\"60\"\n                    style=\"max-width:100%;\"\n                \/>\n            <\/a>\n        <\/div>\n\t\t\t\t\t\t\t<\/div> \n\t\t\t\n        \n\t\t\t\t<div id=\"ngg-image-11\" class=\"ngg-gallery-thumbnail-box\" >\n\t\t\t\t        <div class=\"ngg-gallery-thumbnail\">\n            <a href=\"http:\/\/www.spaziotorino.it\/scatto\/wp-content\/gallery\/2023_04_24_fiaccolata\/PLA_0168.jpg\"\n               title=\"Fiaccolata della Liberazione\"\n               data-src=\"http:\/\/www.spaziotorino.it\/scatto\/wp-content\/gallery\/2023_04_24_fiaccolata\/PLA_0168.jpg\"\n               data-thumbnail=\"http:\/\/www.spaziotorino.it\/scatto\/wp-content\/gallery\/2023_04_24_fiaccolata\/thumbs\/thumbs_PLA_0168.jpg\"\n               data-image-id=\"29017\"\n               data-title=\"Fiaccolata della Liberazione\"\n               data-description=\"Fiaccolata della Liberazione\"\n               data-image-slug=\"pla_0168-1\"\n               class=\"ngg-fancybox\" rel=\"98fa7b222606c8cbbaffc1bff50b65b3\">\n                <img\n                    title=\"Fiaccolata della Liberazione\"\n                    alt=\"Fiaccolata della Liberazione\"\n                    src=\"http:\/\/www.spaziotorino.it\/scatto\/wp-content\/gallery\/2023_04_24_fiaccolata\/cache\/PLA_0168.jpg-nggid0529017-ngg0dyn-60x60x100-00f0w010c011r110f110r010t010.jpg\"\n                    width=\"60\"\n                    height=\"60\"\n                    style=\"max-width:100%;\"\n                \/>\n            <\/a>\n        <\/div>\n\t\t\t\t\t\t\t<\/div> \n\t\t\t\n        \n\t\t\t\t<div id=\"ngg-image-12\" class=\"ngg-gallery-thumbnail-box\" >\n\t\t\t\t        <div class=\"ngg-gallery-thumbnail\">\n            <a href=\"http:\/\/www.spaziotorino.it\/scatto\/wp-content\/gallery\/2023_04_24_fiaccolata\/PLA_0170.jpg\"\n               title=\"Fiaccolata della Liberazione\"\n               data-src=\"http:\/\/www.spaziotorino.it\/scatto\/wp-content\/gallery\/2023_04_24_fiaccolata\/PLA_0170.jpg\"\n               data-thumbnail=\"http:\/\/www.spaziotorino.it\/scatto\/wp-content\/gallery\/2023_04_24_fiaccolata\/thumbs\/thumbs_PLA_0170.jpg\"\n               data-image-id=\"29020\"\n               data-title=\"Fiaccolata della Liberazione\"\n               data-description=\"Fiaccolata della Liberazione\"\n               data-image-slug=\"pla_0170-1\"\n               class=\"ngg-fancybox\" rel=\"98fa7b222606c8cbbaffc1bff50b65b3\">\n                <img\n                    title=\"Fiaccolata della Liberazione\"\n                    alt=\"Fiaccolata della Liberazione\"\n                    src=\"http:\/\/www.spaziotorino.it\/scatto\/wp-content\/gallery\/2023_04_24_fiaccolata\/cache\/PLA_0170.jpg-nggid0529020-ngg0dyn-60x60x100-00f0w010c011r110f110r010t010.jpg\"\n                    width=\"60\"\n                    height=\"60\"\n                    style=\"max-width:100%;\"\n                \/>\n            <\/a>\n        <\/div>\n\t\t\t\t\t\t\t<\/div> \n\t\t\t\n        \n\t\t\t\t<div id=\"ngg-image-13\" class=\"ngg-gallery-thumbnail-box\" >\n\t\t\t\t        <div class=\"ngg-gallery-thumbnail\">\n            <a href=\"http:\/\/www.spaziotorino.it\/scatto\/wp-content\/gallery\/2023_04_24_fiaccolata\/PLA_0250.jpg\"\n               title=\"Fiaccolata della Liberazione\"\n               data-src=\"http:\/\/www.spaziotorino.it\/scatto\/wp-content\/gallery\/2023_04_24_fiaccolata\/PLA_0250.jpg\"\n               data-thumbnail=\"http:\/\/www.spaziotorino.it\/scatto\/wp-content\/gallery\/2023_04_24_fiaccolata\/thumbs\/thumbs_PLA_0250.jpg\"\n               data-image-id=\"29021\"\n               data-title=\"Fiaccolata della Liberazione\"\n               data-description=\"Fiaccolata della Liberazione\"\n               data-image-slug=\"pla_0250\"\n               class=\"ngg-fancybox\" rel=\"98fa7b222606c8cbbaffc1bff50b65b3\">\n                <img\n                    title=\"Fiaccolata della Liberazione\"\n                    alt=\"Fiaccolata della Liberazione\"\n                    src=\"http:\/\/www.spaziotorino.it\/scatto\/wp-content\/gallery\/2023_04_24_fiaccolata\/cache\/PLA_0250.jpg-nggid0529021-ngg0dyn-60x60x100-00f0w010c011r110f110r010t010.jpg\"\n                    width=\"60\"\n                    height=\"60\"\n                    style=\"max-width:100%;\"\n                \/>\n            <\/a>\n        <\/div>\n\t\t\t\t\t\t\t<\/div> \n\t\t\t\n        \n\t\t\t\t<div id=\"ngg-image-14\" class=\"ngg-gallery-thumbnail-box\" >\n\t\t\t\t        <div class=\"ngg-gallery-thumbnail\">\n            <a href=\"http:\/\/www.spaziotorino.it\/scatto\/wp-content\/gallery\/2023_04_24_fiaccolata\/PLA_0253.jpg\"\n               title=\"Fiaccolata della Liberazione\"\n               data-src=\"http:\/\/www.spaziotorino.it\/scatto\/wp-content\/gallery\/2023_04_24_fiaccolata\/PLA_0253.jpg\"\n               data-thumbnail=\"http:\/\/www.spaziotorino.it\/scatto\/wp-content\/gallery\/2023_04_24_fiaccolata\/thumbs\/thumbs_PLA_0253.jpg\"\n               data-image-id=\"29022\"\n               data-title=\"Fiaccolata della Liberazione\"\n               data-description=\"Fiaccolata della Liberazione\"\n               data-image-slug=\"pla_0253\"\n               class=\"ngg-fancybox\" rel=\"98fa7b222606c8cbbaffc1bff50b65b3\">\n                <img\n                    title=\"Fiaccolata della Liberazione\"\n                    alt=\"Fiaccolata della Liberazione\"\n                    src=\"http:\/\/www.spaziotorino.it\/scatto\/wp-content\/gallery\/2023_04_24_fiaccolata\/cache\/PLA_0253.jpg-nggid0529022-ngg0dyn-60x60x100-00f0w010c011r110f110r010t010.jpg\"\n                    width=\"60\"\n                    height=\"60\"\n                    style=\"max-width:100%;\"\n                \/>\n            <\/a>\n        <\/div>\n\t\t\t\t\t\t\t<\/div> \n\t\t\t\n        \n\t\t\t\t<div id=\"ngg-image-15\" class=\"ngg-gallery-thumbnail-box\" >\n\t\t\t\t        <div class=\"ngg-gallery-thumbnail\">\n            <a href=\"http:\/\/www.spaziotorino.it\/scatto\/wp-content\/gallery\/2023_04_24_fiaccolata\/PLA_0263.jpg\"\n               title=\"Fiaccolata della Liberazione\"\n               data-src=\"http:\/\/www.spaziotorino.it\/scatto\/wp-content\/gallery\/2023_04_24_fiaccolata\/PLA_0263.jpg\"\n               data-thumbnail=\"http:\/\/www.spaziotorino.it\/scatto\/wp-content\/gallery\/2023_04_24_fiaccolata\/thumbs\/thumbs_PLA_0263.jpg\"\n               data-image-id=\"29023\"\n               data-title=\"Fiaccolata della Liberazione\"\n               data-description=\"Fiaccolata della Liberazione\"\n               data-image-slug=\"pla_0263-1\"\n               class=\"ngg-fancybox\" rel=\"98fa7b222606c8cbbaffc1bff50b65b3\">\n                <img\n                    title=\"Fiaccolata della Liberazione\"\n                    alt=\"Fiaccolata della Liberazione\"\n                    src=\"http:\/\/www.spaziotorino.it\/scatto\/wp-content\/gallery\/2023_04_24_fiaccolata\/cache\/PLA_0263.jpg-nggid0529023-ngg0dyn-60x60x100-00f0w010c011r110f110r010t010.jpg\"\n                    width=\"60\"\n                    height=\"60\"\n                    style=\"max-width:100%;\"\n                \/>\n            <\/a>\n        <\/div>\n\t\t\t\t\t\t\t<\/div> \n\t\t\t\n        \n\t\t\t\t<div id=\"ngg-image-16\" class=\"ngg-gallery-thumbnail-box\" >\n\t\t\t\t        <div class=\"ngg-gallery-thumbnail\">\n            <a href=\"http:\/\/www.spaziotorino.it\/scatto\/wp-content\/gallery\/2023_04_24_fiaccolata\/PLA_0272.jpg\"\n               title=\"Fiaccolata della Liberazione\"\n               data-src=\"http:\/\/www.spaziotorino.it\/scatto\/wp-content\/gallery\/2023_04_24_fiaccolata\/PLA_0272.jpg\"\n               data-thumbnail=\"http:\/\/www.spaziotorino.it\/scatto\/wp-content\/gallery\/2023_04_24_fiaccolata\/thumbs\/thumbs_PLA_0272.jpg\"\n               data-image-id=\"29024\"\n               data-title=\"Fiaccolata della Liberazione\"\n               data-description=\"Fiaccolata della Liberazione\"\n               data-image-slug=\"pla_0272-1\"\n               class=\"ngg-fancybox\" rel=\"98fa7b222606c8cbbaffc1bff50b65b3\">\n                <img\n                    title=\"Fiaccolata della Liberazione\"\n                    alt=\"Fiaccolata della Liberazione\"\n                    src=\"http:\/\/www.spaziotorino.it\/scatto\/wp-content\/gallery\/2023_04_24_fiaccolata\/cache\/PLA_0272.jpg-nggid0529024-ngg0dyn-60x60x100-00f0w010c011r110f110r010t010.jpg\"\n                    width=\"60\"\n                    height=\"60\"\n                    style=\"max-width:100%;\"\n                \/>\n            <\/a>\n        <\/div>\n\t\t\t\t\t\t\t<\/div> \n\t\t\t\n        \n\t\t\t\t<div id=\"ngg-image-17\" class=\"ngg-gallery-thumbnail-box\" >\n\t\t\t\t        <div class=\"ngg-gallery-thumbnail\">\n            <a href=\"http:\/\/www.spaziotorino.it\/scatto\/wp-content\/gallery\/2023_04_24_fiaccolata\/PLA_0306.jpg\"\n               title=\"Fiaccolata della Liberazione\"\n               data-src=\"http:\/\/www.spaziotorino.it\/scatto\/wp-content\/gallery\/2023_04_24_fiaccolata\/PLA_0306.jpg\"\n               data-thumbnail=\"http:\/\/www.spaziotorino.it\/scatto\/wp-content\/gallery\/2023_04_24_fiaccolata\/thumbs\/thumbs_PLA_0306.jpg\"\n               data-image-id=\"29026\"\n               data-title=\"Fiaccolata della Liberazione\"\n               data-description=\"Fiaccolata della Liberazione\"\n               data-image-slug=\"pla_0306\"\n               class=\"ngg-fancybox\" rel=\"98fa7b222606c8cbbaffc1bff50b65b3\">\n                <img\n                    title=\"Fiaccolata della Liberazione\"\n                    alt=\"Fiaccolata della Liberazione\"\n                    src=\"http:\/\/www.spaziotorino.it\/scatto\/wp-content\/gallery\/2023_04_24_fiaccolata\/cache\/PLA_0306.jpg-nggid0529026-ngg0dyn-60x60x100-00f0w010c011r110f110r010t010.jpg\"\n                    width=\"60\"\n                    height=\"60\"\n                    style=\"max-width:100%;\"\n                \/>\n            <\/a>\n        <\/div>\n\t\t\t\t\t\t\t<\/div> \n\t\t\t\n        \n\t\t\n\t\t<!-- Pagination -->\n\t<div class='ngg-clear'><\/div>\t<\/div>\n\n<p>Le celebrazioni per il 25 aprile si sono aperte questa sera con la tradizionale fiaccolata per la Liberazione, con partenza da piazza Arbarello, cui hanno preso parte circa duemila persone. In testa il Sindaco Stefano Lo Russo, insieme agli assessori, ai rappresentanti dell\u2019Anpi e alla presidente del Consiglio Comunale Maria Grazia Grippo. Presente anche l\u2019avvocato e rappresentante della Resistenza Bruno Segre.<\/p>\n<p><em>\u201cOggi pi\u00f9 che mai<\/em>&nbsp;\u2013 ha detto il Sindaco dal palco di piazza Castello-&nbsp;<em>dobbiamo ricordare a noi stesse e a noi stessi che la libert\u00e0 \u00e8 un dono, che abbiamo la possibilit\u00e0 e il privilegio di avere perch\u00e9 qualcuno, prima di noi, ha lottato per garantircelo.<\/em><span id=\"more-110984\"><\/span><em>\u201cDobbiamo fare in modo<\/em>&nbsp;\u2013 ha aggiunto \u2013&nbsp;<em>che la memoria di quelle ragazze e ragazzi che 78 anni fa hanno dato la vita per il nostro futuro non venga cancellata, che il loro esempio non venga dimenticato e che la loro eredit\u00e0 non vada in alcun modo dispersa\u201d<\/em>. Un pensiero va anche ai conflitti di oggi \u201c<em>La guerra<\/em>&nbsp;\u2013 ha concluso il primo cittadino \u2013&nbsp;<em>\u00e8 tornata a flagellare l\u2019Europa e noi dobbiamo raccogliere l\u2019esempio di coloro che decisero che valeva la pena lottare per ci\u00f2 che \u00e8 giusto. Uguaglianza, condivisione, diritti sono valori fondamentali che dobbiamo difendere\u201d.<\/em><\/p>\n","protected":false},"excerpt":{"rendered":"<p>Le celebrazioni per il 25 aprile si sono aperte questa sera con la tradizionale fiaccolata per la Liberazione, con partenza da piazza Arbarello, cui hanno preso parte circa duemila persone. In testa il Sindaco Stefano Lo Russo, insieme agli assessori, ai rappresentanti dell\u2019Anpi e alla presidente del Consiglio Comunale Maria Grazia Grippo. Presente anche l\u2019avvocato [&hellip;]<\/p>\n","protected":false},"author":1,"featured_media":0,"comment_status":"closed","ping_status":"open","sticky":false,"template":"","format":"standard","meta":{"ngg_post_thumbnail":0},"categories":[1,41,895],"tags":[],"_links":{"self":[{"href":"http:\/\/www.spaziotorino.it\/scatto\/index.php?rest_route=\/wp\/v2\/posts\/45301"}],"collection":[{"href":"http:\/\/www.spaziotorino.it\/scatto\/index.php?rest_route=\/wp\/v2\/posts"}],"about":[{"href":"http:\/\/www.spaziotorino.it\/scatto\/index.php?rest_route=\/wp\/v2\/types\/post"}],"author":[{"embeddable":true,"href":"http:\/\/www.spaziotorino.it\/scatto\/index.php?rest_route=\/wp\/v2\/users\/1"}],"replies":[{"embeddable":true,"href":"http:\/\/www.spaziotorino.it\/scatto\/index.php?rest_route=%2Fwp%2Fv2%2Fcomments&post=45301"}],"version-history":[{"count":1,"href":"http:\/\/www.spaziotorino.it\/scatto\/index.php?rest_route=\/wp\/v2\/posts\/45301\/revisions"}],"predecessor-version":[{"id":45303,"href":"http:\/\/www.spaziotorino.it\/scatto\/index.php?rest_route=\/wp\/v2\/posts\/45301\/revisions\/45303"}],"wp:attachment":[{"href":"http:\/\/www.spaziotorino.it\/scatto\/index.php?rest_route=%2Fwp%2Fv2%2Fmedia&parent=45301"}],"wp:term":[{"taxonomy":"category","embeddable":true,"href":"http:\/\/www.spaziotorino.it\/scatto\/index.php?rest_route=%2Fwp%2Fv2%2Fcategories&post=45301"},{"taxonomy":"post_tag","embeddable":true,"href":"http:\/\/www.spaziotorino.it\/scatto\/index.php?rest_route=%2Fwp%2Fv2%2Ftags&post=45301"}],"curies":[{"name":"wp","href":"https:\/\/api.w.org\/{rel}","templated":true}]}}