{"id":45345,"date":"2023-04-25T23:50:25","date_gmt":"2023-04-25T22:50:25","guid":{"rendered":"http:\/\/www.spaziotorino.it\/scatto\/?p=45345"},"modified":"2023-04-26T00:55:23","modified_gmt":"2023-04-25T23:55:23","slug":"25-aprile-la-staffetta-partigiana-sul-palco-insieme-a-capossela","status":"publish","type":"post","link":"http:\/\/www.spaziotorino.it\/scatto\/?p=45345","title":{"rendered":"25 aprile: la staffetta partigiana sul palco insieme a Capossela"},"content":{"rendered":"<p><a class=\"ngg-fancybox\" title=\"25 aprile: la staffetta partigiana sul palco insieme a Capossela\" href=\"http:\/\/www.spaziotorino.it\/scatto\/wp-content\/gallery\/2023_04_25_capossela\/PLA_1022.jpg\" rel=\"lightbox[set_1937]\"><br \/>\n<img decoding=\"async\" loading=\"lazy\" class=\"ngg-singlepic\" title=\"25 aprile: la staffetta partigiana sul palco insieme a Capossela\" src=\"http:\/\/www.spaziotorino.it\/scatto\/wp-content\/gallery\/2023_04_25_capossela\/PLA_1022.jpg\" alt=\"\" width=\"540\" height=\"360\"\/><\/a><\/p>\n<!-- index.php -->\n<div\n\tclass=\"ngg-galleryoverview ngg-ajax-pagination-none\"\n\tid=\"ngg-gallery-d45a09916b3ba0a634fd6b0a4df748d7-1\">\n\n    \t\t<!-- Thumbnails -->\n\t\t\t\t<div id=\"ngg-image-0\" class=\"ngg-gallery-thumbnail-box\" >\n\t\t\t\t        <div class=\"ngg-gallery-thumbnail\">\n            <a href=\"http:\/\/www.spaziotorino.it\/scatto\/wp-content\/gallery\/2023_04_25_capossela\/PLA_0732.jpg\"\n               title=\"25 aprile: la staffetta partigiana sul palco insieme a Capossela\"\n               data-src=\"http:\/\/www.spaziotorino.it\/scatto\/wp-content\/gallery\/2023_04_25_capossela\/PLA_0732.jpg\"\n               data-thumbnail=\"http:\/\/www.spaziotorino.it\/scatto\/wp-content\/gallery\/2023_04_25_capossela\/thumbs\/thumbs_PLA_0732.jpg\"\n               data-image-id=\"29047\"\n               data-title=\"25 aprile: la staffetta partigiana sul palco insieme a Capossela\"\n               data-description=\"25 aprile: la staffetta partigiana sul palco insieme a Capossela\"\n               data-image-slug=\"pla_0732-2\"\n               class=\"ngg-fancybox\" rel=\"d45a09916b3ba0a634fd6b0a4df748d7\">\n                <img\n                    title=\"25 aprile: la staffetta partigiana sul palco insieme a Capossela\"\n                    alt=\"25 aprile: la staffetta partigiana sul palco insieme a Capossela\"\n                    src=\"http:\/\/www.spaziotorino.it\/scatto\/wp-content\/gallery\/2023_04_25_capossela\/cache\/PLA_0732.jpg-nggid0529047-ngg0dyn-60x60x100-00f0w010c011r110f110r010t010.jpg\"\n                    width=\"60\"\n                    height=\"60\"\n                    style=\"max-width:100%;\"\n                \/>\n            <\/a>\n        <\/div>\n\t\t\t\t\t\t\t<\/div> \n\t\t\t\n        \n\t\t\t\t<div id=\"ngg-image-1\" class=\"ngg-gallery-thumbnail-box\" >\n\t\t\t\t        <div class=\"ngg-gallery-thumbnail\">\n            <a href=\"http:\/\/www.spaziotorino.it\/scatto\/wp-content\/gallery\/2023_04_25_capossela\/PLA_0725.jpg\"\n               title=\"Il Sindaco Stefano Lo Russo sul palco con Nicoletta Soave, staffetta partigiana\"\n               data-src=\"http:\/\/www.spaziotorino.it\/scatto\/wp-content\/gallery\/2023_04_25_capossela\/PLA_0725.jpg\"\n               data-thumbnail=\"http:\/\/www.spaziotorino.it\/scatto\/wp-content\/gallery\/2023_04_25_capossela\/thumbs\/thumbs_PLA_0725.jpg\"\n               data-image-id=\"29042\"\n               data-title=\"Il Sindaco Stefano Lo Russo sul palco con Nicoletta Soave, staffetta partigiana\"\n               data-description=\"Il Sindaco Stefano Lo Russo sul palco con Nicoletta Soave, staffetta partigiana\"\n               data-image-slug=\"pla_0725-1\"\n               class=\"ngg-fancybox\" rel=\"d45a09916b3ba0a634fd6b0a4df748d7\">\n                <img\n                    title=\"Il Sindaco Stefano Lo Russo sul palco con Nicoletta Soave, staffetta partigiana\"\n                    alt=\"Il Sindaco Stefano Lo Russo sul palco con Nicoletta Soave, staffetta partigiana\"\n                    src=\"http:\/\/www.spaziotorino.it\/scatto\/wp-content\/gallery\/2023_04_25_capossela\/cache\/PLA_0725.jpg-nggid0529042-ngg0dyn-60x60x100-00f0w010c011r110f110r010t010.jpg\"\n                    width=\"60\"\n                    height=\"60\"\n                    style=\"max-width:100%;\"\n                \/>\n            <\/a>\n        <\/div>\n\t\t\t\t\t\t\t<\/div> \n\t\t\t\n        \n\t\t\t\t<div id=\"ngg-image-2\" class=\"ngg-gallery-thumbnail-box\" >\n\t\t\t\t        <div class=\"ngg-gallery-thumbnail\">\n            <a href=\"http:\/\/www.spaziotorino.it\/scatto\/wp-content\/gallery\/2023_04_25_capossela\/PLA_0733.jpg\"\n               title=\"Mara Redeghieri, Vinicio Capossela, Daniele Valle\"\n               data-src=\"http:\/\/www.spaziotorino.it\/scatto\/wp-content\/gallery\/2023_04_25_capossela\/PLA_0733.jpg\"\n               data-thumbnail=\"http:\/\/www.spaziotorino.it\/scatto\/wp-content\/gallery\/2023_04_25_capossela\/thumbs\/thumbs_PLA_0733.jpg\"\n               data-image-id=\"29044\"\n               data-title=\"Mara Redeghieri, Vinicio Capossela, Daniele Valle\"\n               data-description=\"Mara Redeghieri, Vinicio Capossela, Daniele Valle\"\n               data-image-slug=\"pla_0733-2\"\n               class=\"ngg-fancybox\" rel=\"d45a09916b3ba0a634fd6b0a4df748d7\">\n                <img\n                    title=\"Mara Redeghieri, Vinicio Capossela, Daniele Valle\"\n                    alt=\"Mara Redeghieri, Vinicio Capossela, Daniele Valle\"\n                    src=\"http:\/\/www.spaziotorino.it\/scatto\/wp-content\/gallery\/2023_04_25_capossela\/cache\/PLA_0733.jpg-nggid0529044-ngg0dyn-60x60x100-00f0w010c011r110f110r010t010.jpg\"\n                    width=\"60\"\n                    height=\"60\"\n                    style=\"max-width:100%;\"\n                \/>\n            <\/a>\n        <\/div>\n\t\t\t\t\t\t\t<\/div> \n\t\t\t\n        \n\t\t\t\t<div id=\"ngg-image-3\" class=\"ngg-gallery-thumbnail-box\" >\n\t\t\t\t        <div class=\"ngg-gallery-thumbnail\">\n            <a href=\"http:\/\/www.spaziotorino.it\/scatto\/wp-content\/gallery\/2023_04_25_capossela\/PLA_0755.jpg\"\n               title=\"Concerto del 25 aprile di Vinicio Capossela \u201cVoi che passate il testimone\u201d\"\n               data-src=\"http:\/\/www.spaziotorino.it\/scatto\/wp-content\/gallery\/2023_04_25_capossela\/PLA_0755.jpg\"\n               data-thumbnail=\"http:\/\/www.spaziotorino.it\/scatto\/wp-content\/gallery\/2023_04_25_capossela\/thumbs\/thumbs_PLA_0755.jpg\"\n               data-image-id=\"29046\"\n               data-title=\"Concerto del 25 aprile di Vinicio Capossela \u201cVoi che passate il testimone&quot;\"\n               data-description=\"Concerto del 25 aprile di Vinicio Capossela \u201cVoi che passate il testimone\u201d\"\n               data-image-slug=\"pla_0755\"\n               class=\"ngg-fancybox\" rel=\"d45a09916b3ba0a634fd6b0a4df748d7\">\n                <img\n                    title=\"Concerto del 25 aprile di Vinicio Capossela \u201cVoi che passate il testimone&quot;\"\n                    alt=\"Concerto del 25 aprile di Vinicio Capossela \u201cVoi che passate il testimone&quot;\"\n                    src=\"http:\/\/www.spaziotorino.it\/scatto\/wp-content\/gallery\/2023_04_25_capossela\/cache\/PLA_0755.jpg-nggid0529046-ngg0dyn-60x60x100-00f0w010c011r110f110r010t010.jpg\"\n                    width=\"60\"\n                    height=\"60\"\n                    style=\"max-width:100%;\"\n                \/>\n            <\/a>\n        <\/div>\n\t\t\t\t\t\t\t<\/div> \n\t\t\t\n        \n\t\t\t\t<div id=\"ngg-image-4\" class=\"ngg-gallery-thumbnail-box\" >\n\t\t\t\t        <div class=\"ngg-gallery-thumbnail\">\n            <a href=\"http:\/\/www.spaziotorino.it\/scatto\/wp-content\/gallery\/2023_04_25_capossela\/PLA_0778.jpg\"\n               title=\"Concerto del 25 aprile di Vinicio Capossela \u201cVoi che passate il testimone&quot;\"\n               data-src=\"http:\/\/www.spaziotorino.it\/scatto\/wp-content\/gallery\/2023_04_25_capossela\/PLA_0778.jpg\"\n               data-thumbnail=\"http:\/\/www.spaziotorino.it\/scatto\/wp-content\/gallery\/2023_04_25_capossela\/thumbs\/thumbs_PLA_0778.jpg\"\n               data-image-id=\"29050\"\n               data-title=\"Concerto del 25 aprile di Vinicio Capossela \u201cVoi che passate il testimone&quot;\"\n               data-description=\"Concerto del 25 aprile di Vinicio Capossela \u201cVoi che passate il testimone&quot;\"\n               data-image-slug=\"pla_0778\"\n               class=\"ngg-fancybox\" rel=\"d45a09916b3ba0a634fd6b0a4df748d7\">\n                <img\n                    title=\"Concerto del 25 aprile di Vinicio Capossela \u201cVoi che passate il testimone&quot;\"\n                    alt=\"Concerto del 25 aprile di Vinicio Capossela \u201cVoi che passate il testimone&quot;\"\n                    src=\"http:\/\/www.spaziotorino.it\/scatto\/wp-content\/gallery\/2023_04_25_capossela\/cache\/PLA_0778.jpg-nggid0529050-ngg0dyn-60x60x100-00f0w010c011r110f110r010t010.jpg\"\n                    width=\"60\"\n                    height=\"60\"\n                    style=\"max-width:100%;\"\n                \/>\n            <\/a>\n        <\/div>\n\t\t\t\t\t\t\t<\/div> \n\t\t\t\n        \n\t\t\t\t<div id=\"ngg-image-5\" class=\"ngg-gallery-thumbnail-box\" >\n\t\t\t\t        <div class=\"ngg-gallery-thumbnail\">\n            <a href=\"http:\/\/www.spaziotorino.it\/scatto\/wp-content\/gallery\/2023_04_25_capossela\/PLA_0859.jpg\"\n               title=\"Concerto del 25 aprile di Vinicio Capossela \u201cVoi che passate il testimone&quot;\"\n               data-src=\"http:\/\/www.spaziotorino.it\/scatto\/wp-content\/gallery\/2023_04_25_capossela\/PLA_0859.jpg\"\n               data-thumbnail=\"http:\/\/www.spaziotorino.it\/scatto\/wp-content\/gallery\/2023_04_25_capossela\/thumbs\/thumbs_PLA_0859.jpg\"\n               data-image-id=\"29048\"\n               data-title=\"Concerto del 25 aprile di Vinicio Capossela \u201cVoi che passate il testimone&quot;\"\n               data-description=\"Concerto del 25 aprile di Vinicio Capossela \u201cVoi che passate il testimone&quot;\"\n               data-image-slug=\"pla_0859-2\"\n               class=\"ngg-fancybox\" rel=\"d45a09916b3ba0a634fd6b0a4df748d7\">\n                <img\n                    title=\"Concerto del 25 aprile di Vinicio Capossela \u201cVoi che passate il testimone&quot;\"\n                    alt=\"Concerto del 25 aprile di Vinicio Capossela \u201cVoi che passate il testimone&quot;\"\n                    src=\"http:\/\/www.spaziotorino.it\/scatto\/wp-content\/gallery\/2023_04_25_capossela\/cache\/PLA_0859.jpg-nggid0529048-ngg0dyn-60x60x100-00f0w010c011r110f110r010t010.jpg\"\n                    width=\"60\"\n                    height=\"60\"\n                    style=\"max-width:100%;\"\n                \/>\n            <\/a>\n        <\/div>\n\t\t\t\t\t\t\t<\/div> \n\t\t\t\n        \n\t\t\t\t<div id=\"ngg-image-6\" class=\"ngg-gallery-thumbnail-box\" >\n\t\t\t\t        <div class=\"ngg-gallery-thumbnail\">\n            <a href=\"http:\/\/www.spaziotorino.it\/scatto\/wp-content\/gallery\/2023_04_25_capossela\/PLA_0816.jpg\"\n               title=\"Concerto del 25 aprile di Vinicio Capossela \u201cVoi che passate il testimone&quot;\"\n               data-src=\"http:\/\/www.spaziotorino.it\/scatto\/wp-content\/gallery\/2023_04_25_capossela\/PLA_0816.jpg\"\n               data-thumbnail=\"http:\/\/www.spaziotorino.it\/scatto\/wp-content\/gallery\/2023_04_25_capossela\/thumbs\/thumbs_PLA_0816.jpg\"\n               data-image-id=\"29049\"\n               data-title=\"Concerto del 25 aprile di Vinicio Capossela \u201cVoi che passate il testimone&quot;\"\n               data-description=\"Concerto del 25 aprile di Vinicio Capossela \u201cVoi che passate il testimone&quot;\"\n               data-image-slug=\"pla_0816\"\n               class=\"ngg-fancybox\" rel=\"d45a09916b3ba0a634fd6b0a4df748d7\">\n                <img\n                    title=\"Concerto del 25 aprile di Vinicio Capossela \u201cVoi che passate il testimone&quot;\"\n                    alt=\"Concerto del 25 aprile di Vinicio Capossela \u201cVoi che passate il testimone&quot;\"\n                    src=\"http:\/\/www.spaziotorino.it\/scatto\/wp-content\/gallery\/2023_04_25_capossela\/cache\/PLA_0816.jpg-nggid0529049-ngg0dyn-60x60x100-00f0w010c011r110f110r010t010.jpg\"\n                    width=\"60\"\n                    height=\"60\"\n                    style=\"max-width:100%;\"\n                \/>\n            <\/a>\n        <\/div>\n\t\t\t\t\t\t\t<\/div> \n\t\t\t\n        \n\t\t\t\t<div id=\"ngg-image-7\" class=\"ngg-gallery-thumbnail-box\" >\n\t\t\t\t        <div class=\"ngg-gallery-thumbnail\">\n            <a href=\"http:\/\/www.spaziotorino.it\/scatto\/wp-content\/gallery\/2023_04_25_capossela\/PLA_0891.jpg\"\n               title=\"Concerto del 25 aprile di Vinicio Capossela \u201cVoi che passate il testimone&quot;\"\n               data-src=\"http:\/\/www.spaziotorino.it\/scatto\/wp-content\/gallery\/2023_04_25_capossela\/PLA_0891.jpg\"\n               data-thumbnail=\"http:\/\/www.spaziotorino.it\/scatto\/wp-content\/gallery\/2023_04_25_capossela\/thumbs\/thumbs_PLA_0891.jpg\"\n               data-image-id=\"29051\"\n               data-title=\"Concerto del 25 aprile di Vinicio Capossela \u201cVoi che passate il testimone&quot;\"\n               data-description=\"Concerto del 25 aprile di Vinicio Capossela \u201cVoi che passate il testimone&quot;\"\n               data-image-slug=\"pla_0891-1\"\n               class=\"ngg-fancybox\" rel=\"d45a09916b3ba0a634fd6b0a4df748d7\">\n                <img\n                    title=\"Concerto del 25 aprile di Vinicio Capossela \u201cVoi che passate il testimone&quot;\"\n                    alt=\"Concerto del 25 aprile di Vinicio Capossela \u201cVoi che passate il testimone&quot;\"\n                    src=\"http:\/\/www.spaziotorino.it\/scatto\/wp-content\/gallery\/2023_04_25_capossela\/cache\/PLA_0891.jpg-nggid0529051-ngg0dyn-60x60x100-00f0w010c011r110f110r010t010.jpg\"\n                    width=\"60\"\n                    height=\"60\"\n                    style=\"max-width:100%;\"\n                \/>\n            <\/a>\n        <\/div>\n\t\t\t\t\t\t\t<\/div> \n\t\t\t\n        \n\t\t\t\t<div id=\"ngg-image-8\" class=\"ngg-gallery-thumbnail-box\" >\n\t\t\t\t        <div class=\"ngg-gallery-thumbnail\">\n            <a href=\"http:\/\/www.spaziotorino.it\/scatto\/wp-content\/gallery\/2023_04_25_capossela\/PLA_0895.jpg\"\n               title=\"Concerto del 25 aprile di Vinicio Capossela \u201cVoi che passate il testimone&quot;\"\n               data-src=\"http:\/\/www.spaziotorino.it\/scatto\/wp-content\/gallery\/2023_04_25_capossela\/PLA_0895.jpg\"\n               data-thumbnail=\"http:\/\/www.spaziotorino.it\/scatto\/wp-content\/gallery\/2023_04_25_capossela\/thumbs\/thumbs_PLA_0895.jpg\"\n               data-image-id=\"29052\"\n               data-title=\"Concerto del 25 aprile di Vinicio Capossela \u201cVoi che passate il testimone&quot;\"\n               data-description=\"Concerto del 25 aprile di Vinicio Capossela \u201cVoi che passate il testimone&quot;\"\n               data-image-slug=\"pla_0895-2\"\n               class=\"ngg-fancybox\" rel=\"d45a09916b3ba0a634fd6b0a4df748d7\">\n                <img\n                    title=\"Concerto del 25 aprile di Vinicio Capossela \u201cVoi che passate il testimone&quot;\"\n                    alt=\"Concerto del 25 aprile di Vinicio Capossela \u201cVoi che passate il testimone&quot;\"\n                    src=\"http:\/\/www.spaziotorino.it\/scatto\/wp-content\/gallery\/2023_04_25_capossela\/cache\/PLA_0895.jpg-nggid0529052-ngg0dyn-60x60x100-00f0w010c011r110f110r010t010.jpg\"\n                    width=\"60\"\n                    height=\"60\"\n                    style=\"max-width:100%;\"\n                \/>\n            <\/a>\n        <\/div>\n\t\t\t\t\t\t\t<\/div> \n\t\t\t\n        \n\t\t\t\t<div id=\"ngg-image-9\" class=\"ngg-gallery-thumbnail-box\" >\n\t\t\t\t        <div class=\"ngg-gallery-thumbnail\">\n            <a href=\"http:\/\/www.spaziotorino.it\/scatto\/wp-content\/gallery\/2023_04_25_capossela\/PLA_0862.jpg\"\n               title=\"Concerto del 25 aprile di Vinicio Capossela \u201cVoi che passate il testimone&quot;\"\n               data-src=\"http:\/\/www.spaziotorino.it\/scatto\/wp-content\/gallery\/2023_04_25_capossela\/PLA_0862.jpg\"\n               data-thumbnail=\"http:\/\/www.spaziotorino.it\/scatto\/wp-content\/gallery\/2023_04_25_capossela\/thumbs\/thumbs_PLA_0862.jpg\"\n               data-image-id=\"29053\"\n               data-title=\"Concerto del 25 aprile di Vinicio Capossela \u201cVoi che passate il testimone&quot;\"\n               data-description=\"Concerto del 25 aprile di Vinicio Capossela \u201cVoi che passate il testimone&quot;\"\n               data-image-slug=\"pla_0862\"\n               class=\"ngg-fancybox\" rel=\"d45a09916b3ba0a634fd6b0a4df748d7\">\n                <img\n                    title=\"Concerto del 25 aprile di Vinicio Capossela \u201cVoi che passate il testimone&quot;\"\n                    alt=\"Concerto del 25 aprile di Vinicio Capossela \u201cVoi che passate il testimone&quot;\"\n                    src=\"http:\/\/www.spaziotorino.it\/scatto\/wp-content\/gallery\/2023_04_25_capossela\/cache\/PLA_0862.jpg-nggid0529053-ngg0dyn-60x60x100-00f0w010c011r110f110r010t010.jpg\"\n                    width=\"60\"\n                    height=\"60\"\n                    style=\"max-width:100%;\"\n                \/>\n            <\/a>\n        <\/div>\n\t\t\t\t\t\t\t<\/div> \n\t\t\t\n        \n\t\t\t\t<div id=\"ngg-image-10\" class=\"ngg-gallery-thumbnail-box\" >\n\t\t\t\t        <div class=\"ngg-gallery-thumbnail\">\n            <a href=\"http:\/\/www.spaziotorino.it\/scatto\/wp-content\/gallery\/2023_04_25_capossela\/PLA_0916.jpg\"\n               title=\"Concerto del 25 aprile di Vinicio Capossela \u201cVoi che passate il testimone&quot;\"\n               data-src=\"http:\/\/www.spaziotorino.it\/scatto\/wp-content\/gallery\/2023_04_25_capossela\/PLA_0916.jpg\"\n               data-thumbnail=\"http:\/\/www.spaziotorino.it\/scatto\/wp-content\/gallery\/2023_04_25_capossela\/thumbs\/thumbs_PLA_0916.jpg\"\n               data-image-id=\"29054\"\n               data-title=\"Concerto del 25 aprile di Vinicio Capossela \u201cVoi che passate il testimone&quot;\"\n               data-description=\"Concerto del 25 aprile di Vinicio Capossela \u201cVoi che passate il testimone&quot;\"\n               data-image-slug=\"pla_0916-1\"\n               class=\"ngg-fancybox\" rel=\"d45a09916b3ba0a634fd6b0a4df748d7\">\n                <img\n                    title=\"Concerto del 25 aprile di Vinicio Capossela \u201cVoi che passate il testimone&quot;\"\n                    alt=\"Concerto del 25 aprile di Vinicio Capossela \u201cVoi che passate il testimone&quot;\"\n                    src=\"http:\/\/www.spaziotorino.it\/scatto\/wp-content\/gallery\/2023_04_25_capossela\/cache\/PLA_0916.jpg-nggid0529054-ngg0dyn-60x60x100-00f0w010c011r110f110r010t010.jpg\"\n                    width=\"60\"\n                    height=\"60\"\n                    style=\"max-width:100%;\"\n                \/>\n            <\/a>\n        <\/div>\n\t\t\t\t\t\t\t<\/div> \n\t\t\t\n        \n\t\t\t\t<div id=\"ngg-image-11\" class=\"ngg-gallery-thumbnail-box\" >\n\t\t\t\t        <div class=\"ngg-gallery-thumbnail\">\n            <a href=\"http:\/\/www.spaziotorino.it\/scatto\/wp-content\/gallery\/2023_04_25_capossela\/PLA_0938.jpg\"\n               title=\"Concerto del 25 aprile di Vinicio Capossela \u201cVoi che passate il testimone&quot;\"\n               data-src=\"http:\/\/www.spaziotorino.it\/scatto\/wp-content\/gallery\/2023_04_25_capossela\/PLA_0938.jpg\"\n               data-thumbnail=\"http:\/\/www.spaziotorino.it\/scatto\/wp-content\/gallery\/2023_04_25_capossela\/thumbs\/thumbs_PLA_0938.jpg\"\n               data-image-id=\"29055\"\n               data-title=\"Concerto del 25 aprile di Vinicio Capossela \u201cVoi che passate il testimone&quot;\"\n               data-description=\"Concerto del 25 aprile di Vinicio Capossela \u201cVoi che passate il testimone&quot;\"\n               data-image-slug=\"pla_0938\"\n               class=\"ngg-fancybox\" rel=\"d45a09916b3ba0a634fd6b0a4df748d7\">\n                <img\n                    title=\"Concerto del 25 aprile di Vinicio Capossela \u201cVoi che passate il testimone&quot;\"\n                    alt=\"Concerto del 25 aprile di Vinicio Capossela \u201cVoi che passate il testimone&quot;\"\n                    src=\"http:\/\/www.spaziotorino.it\/scatto\/wp-content\/gallery\/2023_04_25_capossela\/cache\/PLA_0938.jpg-nggid0529055-ngg0dyn-60x60x100-00f0w010c011r110f110r010t010.jpg\"\n                    width=\"60\"\n                    height=\"60\"\n                    style=\"max-width:100%;\"\n                \/>\n            <\/a>\n        <\/div>\n\t\t\t\t\t\t\t<\/div> \n\t\t\t\n        \n\t\t\t\t<div id=\"ngg-image-12\" class=\"ngg-gallery-thumbnail-box\" >\n\t\t\t\t        <div class=\"ngg-gallery-thumbnail\">\n            <a href=\"http:\/\/www.spaziotorino.it\/scatto\/wp-content\/gallery\/2023_04_25_capossela\/PLA_0951.jpg\"\n               title=\"Concerto del 25 aprile di Vinicio Capossela \u201cVoi che passate il testimone&quot;\"\n               data-src=\"http:\/\/www.spaziotorino.it\/scatto\/wp-content\/gallery\/2023_04_25_capossela\/PLA_0951.jpg\"\n               data-thumbnail=\"http:\/\/www.spaziotorino.it\/scatto\/wp-content\/gallery\/2023_04_25_capossela\/thumbs\/thumbs_PLA_0951.jpg\"\n               data-image-id=\"29056\"\n               data-title=\"Concerto del 25 aprile di Vinicio Capossela \u201cVoi che passate il testimone&quot;\"\n               data-description=\"Concerto del 25 aprile di Vinicio Capossela \u201cVoi che passate il testimone&quot;\"\n               data-image-slug=\"pla_0951-1\"\n               class=\"ngg-fancybox\" rel=\"d45a09916b3ba0a634fd6b0a4df748d7\">\n                <img\n                    title=\"Concerto del 25 aprile di Vinicio Capossela \u201cVoi che passate il testimone&quot;\"\n                    alt=\"Concerto del 25 aprile di Vinicio Capossela \u201cVoi che passate il testimone&quot;\"\n                    src=\"http:\/\/www.spaziotorino.it\/scatto\/wp-content\/gallery\/2023_04_25_capossela\/cache\/PLA_0951.jpg-nggid0529056-ngg0dyn-60x60x100-00f0w010c011r110f110r010t010.jpg\"\n                    width=\"60\"\n                    height=\"60\"\n                    style=\"max-width:100%;\"\n                \/>\n            <\/a>\n        <\/div>\n\t\t\t\t\t\t\t<\/div> \n\t\t\t\n        \n\t\t\t\t<div id=\"ngg-image-13\" class=\"ngg-gallery-thumbnail-box\" >\n\t\t\t\t        <div class=\"ngg-gallery-thumbnail\">\n            <a href=\"http:\/\/www.spaziotorino.it\/scatto\/wp-content\/gallery\/2023_04_25_capossela\/PLA_0963.jpg\"\n               title=\"Concerto del 25 aprile di Vinicio Capossela \u201cVoi che passate il testimone&quot;\"\n               data-src=\"http:\/\/www.spaziotorino.it\/scatto\/wp-content\/gallery\/2023_04_25_capossela\/PLA_0963.jpg\"\n               data-thumbnail=\"http:\/\/www.spaziotorino.it\/scatto\/wp-content\/gallery\/2023_04_25_capossela\/thumbs\/thumbs_PLA_0963.jpg\"\n               data-image-id=\"29057\"\n               data-title=\"Concerto del 25 aprile di Vinicio Capossela \u201cVoi che passate il testimone&quot;\"\n               data-description=\"Concerto del 25 aprile di Vinicio Capossela \u201cVoi che passate il testimone&quot;\"\n               data-image-slug=\"pla_0963\"\n               class=\"ngg-fancybox\" rel=\"d45a09916b3ba0a634fd6b0a4df748d7\">\n                <img\n                    title=\"Concerto del 25 aprile di Vinicio Capossela \u201cVoi che passate il testimone&quot;\"\n                    alt=\"Concerto del 25 aprile di Vinicio Capossela \u201cVoi che passate il testimone&quot;\"\n                    src=\"http:\/\/www.spaziotorino.it\/scatto\/wp-content\/gallery\/2023_04_25_capossela\/cache\/PLA_0963.jpg-nggid0529057-ngg0dyn-60x60x100-00f0w010c011r110f110r010t010.jpg\"\n                    width=\"60\"\n                    height=\"60\"\n                    style=\"max-width:100%;\"\n                \/>\n            <\/a>\n        <\/div>\n\t\t\t\t\t\t\t<\/div> \n\t\t\t\n        \n\t\t\t\t<div id=\"ngg-image-14\" class=\"ngg-gallery-thumbnail-box\" >\n\t\t\t\t        <div class=\"ngg-gallery-thumbnail\">\n            <a href=\"http:\/\/www.spaziotorino.it\/scatto\/wp-content\/gallery\/2023_04_25_capossela\/PLA_0982.jpg\"\n               title=\"Concerto del 25 aprile di Vinicio Capossela \u201cVoi che passate il testimone&quot;\"\n               data-src=\"http:\/\/www.spaziotorino.it\/scatto\/wp-content\/gallery\/2023_04_25_capossela\/PLA_0982.jpg\"\n               data-thumbnail=\"http:\/\/www.spaziotorino.it\/scatto\/wp-content\/gallery\/2023_04_25_capossela\/thumbs\/thumbs_PLA_0982.jpg\"\n               data-image-id=\"29058\"\n               data-title=\"Concerto del 25 aprile di Vinicio Capossela \u201cVoi che passate il testimone&quot;\"\n               data-description=\"Concerto del 25 aprile di Vinicio Capossela \u201cVoi che passate il testimone&quot;\"\n               data-image-slug=\"pla_0982\"\n               class=\"ngg-fancybox\" rel=\"d45a09916b3ba0a634fd6b0a4df748d7\">\n                <img\n                    title=\"Concerto del 25 aprile di Vinicio Capossela \u201cVoi che passate il testimone&quot;\"\n                    alt=\"Concerto del 25 aprile di Vinicio Capossela \u201cVoi che passate il testimone&quot;\"\n                    src=\"http:\/\/www.spaziotorino.it\/scatto\/wp-content\/gallery\/2023_04_25_capossela\/cache\/PLA_0982.jpg-nggid0529058-ngg0dyn-60x60x100-00f0w010c011r110f110r010t010.jpg\"\n                    width=\"60\"\n                    height=\"60\"\n                    style=\"max-width:100%;\"\n                \/>\n            <\/a>\n        <\/div>\n\t\t\t\t\t\t\t<\/div> \n\t\t\t\n        \n\t\t\t\t<div id=\"ngg-image-15\" class=\"ngg-gallery-thumbnail-box\" >\n\t\t\t\t        <div class=\"ngg-gallery-thumbnail\">\n            <a href=\"http:\/\/www.spaziotorino.it\/scatto\/wp-content\/gallery\/2023_04_25_capossela\/PLA_0992.jpg\"\n               title=\"Concerto del 25 aprile di Vinicio Capossela \u201cVoi che passate il testimone&quot;\"\n               data-src=\"http:\/\/www.spaziotorino.it\/scatto\/wp-content\/gallery\/2023_04_25_capossela\/PLA_0992.jpg\"\n               data-thumbnail=\"http:\/\/www.spaziotorino.it\/scatto\/wp-content\/gallery\/2023_04_25_capossela\/thumbs\/thumbs_PLA_0992.jpg\"\n               data-image-id=\"29059\"\n               data-title=\"Concerto del 25 aprile di Vinicio Capossela \u201cVoi che passate il testimone&quot;\"\n               data-description=\"Concerto del 25 aprile di Vinicio Capossela \u201cVoi che passate il testimone&quot;\"\n               data-image-slug=\"pla_0992\"\n               class=\"ngg-fancybox\" rel=\"d45a09916b3ba0a634fd6b0a4df748d7\">\n                <img\n                    title=\"Concerto del 25 aprile di Vinicio Capossela \u201cVoi che passate il testimone&quot;\"\n                    alt=\"Concerto del 25 aprile di Vinicio Capossela \u201cVoi che passate il testimone&quot;\"\n                    src=\"http:\/\/www.spaziotorino.it\/scatto\/wp-content\/gallery\/2023_04_25_capossela\/cache\/PLA_0992.jpg-nggid0529059-ngg0dyn-60x60x100-00f0w010c011r110f110r010t010.jpg\"\n                    width=\"60\"\n                    height=\"60\"\n                    style=\"max-width:100%;\"\n                \/>\n            <\/a>\n        <\/div>\n\t\t\t\t\t\t\t<\/div> \n\t\t\t\n        \n\t\t\t\t<div id=\"ngg-image-16\" class=\"ngg-gallery-thumbnail-box\" >\n\t\t\t\t        <div class=\"ngg-gallery-thumbnail\">\n            <a href=\"http:\/\/www.spaziotorino.it\/scatto\/wp-content\/gallery\/2023_04_25_capossela\/PLA_1011.jpg\"\n               title=\"Concerto del 25 aprile di Vinicio Capossela \u201cVoi che passate il testimone&quot;\"\n               data-src=\"http:\/\/www.spaziotorino.it\/scatto\/wp-content\/gallery\/2023_04_25_capossela\/PLA_1011.jpg\"\n               data-thumbnail=\"http:\/\/www.spaziotorino.it\/scatto\/wp-content\/gallery\/2023_04_25_capossela\/thumbs\/thumbs_PLA_1011.jpg\"\n               data-image-id=\"29062\"\n               data-title=\"Concerto del 25 aprile di Vinicio Capossela \u201cVoi che passate il testimone&quot;\"\n               data-description=\"Concerto del 25 aprile di Vinicio Capossela \u201cVoi che passate il testimone&quot;\"\n               data-image-slug=\"pla_1011\"\n               class=\"ngg-fancybox\" rel=\"d45a09916b3ba0a634fd6b0a4df748d7\">\n                <img\n                    title=\"Concerto del 25 aprile di Vinicio Capossela \u201cVoi che passate il testimone&quot;\"\n                    alt=\"Concerto del 25 aprile di Vinicio Capossela \u201cVoi che passate il testimone&quot;\"\n                    src=\"http:\/\/www.spaziotorino.it\/scatto\/wp-content\/gallery\/2023_04_25_capossela\/cache\/PLA_1011.jpg-nggid0529062-ngg0dyn-60x60x100-00f0w010c011r110f110r010t010.jpg\"\n                    width=\"60\"\n                    height=\"60\"\n                    style=\"max-width:100%;\"\n                \/>\n            <\/a>\n        <\/div>\n\t\t\t\t\t\t\t<\/div> \n\t\t\t\n        \n\t\t\t\t<div id=\"ngg-image-17\" class=\"ngg-gallery-thumbnail-box\" >\n\t\t\t\t        <div class=\"ngg-gallery-thumbnail\">\n            <a href=\"http:\/\/www.spaziotorino.it\/scatto\/wp-content\/gallery\/2023_04_25_capossela\/PLA_1039.jpg\"\n               title=\"Concerto del 25 aprile di Vinicio Capossela \u201cVoi che passate il testimone&quot;\"\n               data-src=\"http:\/\/www.spaziotorino.it\/scatto\/wp-content\/gallery\/2023_04_25_capossela\/PLA_1039.jpg\"\n               data-thumbnail=\"http:\/\/www.spaziotorino.it\/scatto\/wp-content\/gallery\/2023_04_25_capossela\/thumbs\/thumbs_PLA_1039.jpg\"\n               data-image-id=\"29060\"\n               data-title=\"Concerto del 25 aprile di Vinicio Capossela \u201cVoi che passate il testimone&quot;\"\n               data-description=\"Concerto del 25 aprile di Vinicio Capossela \u201cVoi che passate il testimone&quot;\"\n               data-image-slug=\"pla_1039\"\n               class=\"ngg-fancybox\" rel=\"d45a09916b3ba0a634fd6b0a4df748d7\">\n                <img\n                    title=\"Concerto del 25 aprile di Vinicio Capossela \u201cVoi che passate il testimone&quot;\"\n                    alt=\"Concerto del 25 aprile di Vinicio Capossela \u201cVoi che passate il testimone&quot;\"\n                    src=\"http:\/\/www.spaziotorino.it\/scatto\/wp-content\/gallery\/2023_04_25_capossela\/cache\/PLA_1039.jpg-nggid0529060-ngg0dyn-60x60x100-00f0w010c011r110f110r010t010.jpg\"\n                    width=\"60\"\n                    height=\"60\"\n                    style=\"max-width:100%;\"\n                \/>\n            <\/a>\n        <\/div>\n\t\t\t\t\t\t\t<\/div> \n\t\t\t\n        \n\t\t\t\t<div id=\"ngg-image-18\" class=\"ngg-gallery-thumbnail-box\" >\n\t\t\t\t        <div class=\"ngg-gallery-thumbnail\">\n            <a href=\"http:\/\/www.spaziotorino.it\/scatto\/wp-content\/gallery\/2023_04_25_capossela\/PLA_1049.jpg\"\n               title=\"Concerto del 25 aprile di Vinicio Capossela \u201cVoi che passate il testimone&quot;\"\n               data-src=\"http:\/\/www.spaziotorino.it\/scatto\/wp-content\/gallery\/2023_04_25_capossela\/PLA_1049.jpg\"\n               data-thumbnail=\"http:\/\/www.spaziotorino.it\/scatto\/wp-content\/gallery\/2023_04_25_capossela\/thumbs\/thumbs_PLA_1049.jpg\"\n               data-image-id=\"29063\"\n               data-title=\"Concerto del 25 aprile di Vinicio Capossela \u201cVoi che passate il testimone&quot;\"\n               data-description=\"Concerto del 25 aprile di Vinicio Capossela \u201cVoi che passate il testimone&quot;\"\n               data-image-slug=\"pla_1049\"\n               class=\"ngg-fancybox\" rel=\"d45a09916b3ba0a634fd6b0a4df748d7\">\n                <img\n                    title=\"Concerto del 25 aprile di Vinicio Capossela \u201cVoi che passate il testimone&quot;\"\n                    alt=\"Concerto del 25 aprile di Vinicio Capossela \u201cVoi che passate il testimone&quot;\"\n                    src=\"http:\/\/www.spaziotorino.it\/scatto\/wp-content\/gallery\/2023_04_25_capossela\/cache\/PLA_1049.jpg-nggid0529063-ngg0dyn-60x60x100-00f0w010c011r110f110r010t010.jpg\"\n                    width=\"60\"\n                    height=\"60\"\n                    style=\"max-width:100%;\"\n                \/>\n            <\/a>\n        <\/div>\n\t\t\t\t\t\t\t<\/div> \n\t\t\t\n        \n\t\t\t\t<div id=\"ngg-image-19\" class=\"ngg-gallery-thumbnail-box\" >\n\t\t\t\t        <div class=\"ngg-gallery-thumbnail\">\n            <a href=\"http:\/\/www.spaziotorino.it\/scatto\/wp-content\/gallery\/2023_04_25_capossela\/PLA_0678.jpg\"\n               title=\"Stefano Lo Russo, Nicoletta Soave, Vinicio Capossela, Daniele Valle\"\n               data-src=\"http:\/\/www.spaziotorino.it\/scatto\/wp-content\/gallery\/2023_04_25_capossela\/PLA_0678.jpg\"\n               data-thumbnail=\"http:\/\/www.spaziotorino.it\/scatto\/wp-content\/gallery\/2023_04_25_capossela\/thumbs\/thumbs_PLA_0678.jpg\"\n               data-image-id=\"29045\"\n               data-title=\"Stefano Lo Russo, Nicoletta Soave, Vinicio Capossela, Daniele Valle\"\n               data-description=\"Stefano Lo Russo, Nicoletta Soave, Vinicio Capossela, Daniele Valle\"\n               data-image-slug=\"pla_0678-2\"\n               class=\"ngg-fancybox\" rel=\"d45a09916b3ba0a634fd6b0a4df748d7\">\n                <img\n                    title=\"Stefano Lo Russo, Nicoletta Soave, Vinicio Capossela, Daniele Valle\"\n                    alt=\"Stefano Lo Russo, Nicoletta Soave, Vinicio Capossela, Daniele Valle\"\n                    src=\"http:\/\/www.spaziotorino.it\/scatto\/wp-content\/gallery\/2023_04_25_capossela\/cache\/PLA_0678.jpg-nggid0529045-ngg0dyn-60x60x100-00f0w010c011r110f110r010t010.jpg\"\n                    width=\"60\"\n                    height=\"60\"\n                    style=\"max-width:100%;\"\n                \/>\n            <\/a>\n        <\/div>\n\t\t\t\t\t\t\t<\/div> \n\t\t\t\n        \n\t\t\n\t\t<!-- Pagination -->\n\t<div class='ngg-clear'><\/div>\t<\/div>\n\n<p><em>\u201cSu un muro di cemento lungo la pista ciclabile di Scandiano in provinica di Reggio Emilia nella biciclettata del 25 aprile scorso ho visto dipinti una trentina di nomi di donne. Nomi che oggi non si usano pi\u00f9, soppiantati da altri, pi\u00f9 alla moda. Nomi che difficilmente avevano un onomastico, figli piuttosto dell\u2019amore per la letteratura, l\u2019opera e il teatro, nomi che da soli ci parlano di un\u2019altra Italia, l\u2019Italia della resistenza e del dopoguerra. Sul muro era scritto: \u201comaggio alle staffette partigiane\u201d<\/em>, raccontava Vinicio Capossela in occasione della presentazione del concerto&nbsp; di oggi all\u2019Auditorium \u2018Giovanni Agnelli\u2019 del Lingotto.<\/p>\n<p>Con un lungo applauso del pubblico, in piedi, per Nicoletta Soave, staffetta partigiana, si \u00e8 aperto&nbsp;<em>\u2018Voi che passate il testimone\u2019,<\/em>&nbsp;la serata&nbsp; per il 25 Aprile promossa da Citt\u00e0 di Torino e realizzata da Fondazione per la Cultura Torino, in collaborazione con il Polo del \u2018900, con il sostegno del Comitato per l\u2019affermazione dei valori della Resistenza e dei principi della Costituzione Repubblicana del Consiglio Regionale del Piemonte.<\/p>\n<p>Sul palco dell\u2019Auditorium del Lingotto, prima di dare spazio alla musica, le parole del sindaco di Torino Stefano Lo Russo che, rivolto alla Soave, le ha detto \u201c<em>questo applauso \u00e8 per te e per le persone come te che ci hanno consentito oggi di essere qui in un Paese libero e democratico. Come ci ricordava oggi il presidente Mattarella<\/em>&nbsp;\u2013 ha aggiunto \u2013&nbsp;<em>\u00e8 sul 25 aprile che si fonda la nostra Costituzione profondamente antifascista, basata sui valori di libert\u00e0 che oggi pi\u00f9 che mai dobbiamo celebrare. E lo facciamo qui in una a citt\u00e0 profondamente antifascista e che vuole continuare a esserlo\u201d<\/em>&nbsp;Accanto a lui il vicepresidente del Consiglio regionale e presidente del Comitato Resistenza, Daniele Valle, che ha ricordato come la serata sia \u201c<em>dedicata a una giovanissima staffetta, Elisa Falerno, figlia di un partigiano, che ha cominciato a fare la staffetta a 14 anni e che fu colpite da un cecchino da una finestra del palazzo di fronte a dove oggi si trova il Consiglio regionale, il 27 aprile \u201945\u201d.<\/em><\/p>\n<p><em>\u201cIl ruolo avuto dalle donne nella resistenza \u00e8 fondamentale, e non abbastanza riconosciuto<\/em>&nbsp;\u2013 sottolineava Capossela \u2013&nbsp;<em>Tra le azioni che hanno svolto c\u2019\u00e8 stata soprattutto quella di fare guerra alla guerra. Di conservare e tenere vivo ci\u00f2 per cui la vita vale la pena di essere vissuta: il valore stesso della vita. Quel loro farsi madri, figlie, sorelle e compagne dell\u2019umanit\u00e0 ci sia d\u2019esempio e ci sorregga ora che sentiamo il mostro risorgere sotto i nostri piedi ed \u00e8 necessario passare il testimone. Noi tutti abbiamo ricevuto un testimone (e la parola martire in greco significava testimone), come in una lunga staffetta in cui si corre per l\u2019affermazione della cultura della vita su quella della morte. Una corsa che non \u00e8 il fine ma il mezzo, perch\u00e9 mai su questa terra la pace e la giustizia e l\u2019affrancamento dal bisogno saranno dati per acquisiti, ma sempre ci sar\u00e0 da tenerli in vita lottando, a partire dalla nostra coscienza\u201d.<\/em><\/p>\n<p>\u201c<em>Abbiamo scelto le staffette per questo concerto, seguendo la proposta di Capossela anche perch\u00e9 abbiamo pensato che fosse l\u2019occasione per richiamare l\u2019attenzione sul contributo straordinario che hanno dato le donne alla lotta di Resistenza\u201d<\/em>, ha ricordato oggi Valle.&nbsp;<em>\u201cNella parola staffetta<\/em>&nbsp;\u2013 ha aggiunto Capossela seduto al pianoforte \u2013&nbsp;<em>c\u2019\u00e8 il senso di passare il testimone. E noi oggi siamo qui a raccogliere quel testimone\u201d.<\/em><\/p>\n<p>[Fonte: <a href=\"http:\/\/www.torinoclick.it\/?p=111070\">TorinoClick<\/a>]<\/p>\n","protected":false},"excerpt":{"rendered":"<p>\u201cSu un muro di cemento lungo la pista ciclabile di Scandiano in provinica di Reggio Emilia nella biciclettata del 25 aprile scorso ho visto dipinti una trentina di nomi di donne. Nomi che oggi non si usano pi\u00f9, soppiantati da altri, pi\u00f9 alla moda. Nomi che difficilmente avevano un onomastico, figli piuttosto dell\u2019amore per la [&hellip;]<\/p>\n","protected":false},"author":1,"featured_media":0,"comment_status":"closed","ping_status":"open","sticky":false,"template":"","format":"standard","meta":{"ngg_post_thumbnail":0},"categories":[1,895,134],"tags":[],"_links":{"self":[{"href":"http:\/\/www.spaziotorino.it\/scatto\/index.php?rest_route=\/wp\/v2\/posts\/45345"}],"collection":[{"href":"http:\/\/www.spaziotorino.it\/scatto\/index.php?rest_route=\/wp\/v2\/posts"}],"about":[{"href":"http:\/\/www.spaziotorino.it\/scatto\/index.php?rest_route=\/wp\/v2\/types\/post"}],"author":[{"embeddable":true,"href":"http:\/\/www.spaziotorino.it\/scatto\/index.php?rest_route=\/wp\/v2\/users\/1"}],"replies":[{"embeddable":true,"href":"http:\/\/www.spaziotorino.it\/scatto\/index.php?rest_route=%2Fwp%2Fv2%2Fcomments&post=45345"}],"version-history":[{"count":1,"href":"http:\/\/www.spaziotorino.it\/scatto\/index.php?rest_route=\/wp\/v2\/posts\/45345\/revisions"}],"predecessor-version":[{"id":45347,"href":"http:\/\/www.spaziotorino.it\/scatto\/index.php?rest_route=\/wp\/v2\/posts\/45345\/revisions\/45347"}],"wp:attachment":[{"href":"http:\/\/www.spaziotorino.it\/scatto\/index.php?rest_route=%2Fwp%2Fv2%2Fmedia&parent=45345"}],"wp:term":[{"taxonomy":"category","embeddable":true,"href":"http:\/\/www.spaziotorino.it\/scatto\/index.php?rest_route=%2Fwp%2Fv2%2Fcategories&post=45345"},{"taxonomy":"post_tag","embeddable":true,"href":"http:\/\/www.spaziotorino.it\/scatto\/index.php?rest_route=%2Fwp%2Fv2%2Ftags&post=45345"}],"curies":[{"name":"wp","href":"https:\/\/api.w.org\/{rel}","templated":true}]}}