{"id":45367,"date":"2023-04-23T14:37:39","date_gmt":"2023-04-23T13:37:39","guid":{"rendered":"http:\/\/www.spaziotorino.it\/scatto\/?p=45367"},"modified":"2023-04-26T14:39:42","modified_gmt":"2023-04-26T13:39:42","slug":"a-torino-in-scena-la-jazz-jam-session-del-futuro","status":"publish","type":"post","link":"http:\/\/www.spaziotorino.it\/scatto\/?p=45367","title":{"rendered":"A Torino in scena la Jazz Jam session del futuro"},"content":{"rendered":"<p><a class=\"ngg-fancybox\" title=\"A Torino in scena la Jazz Jam session del futuro\" href=\"http:\/\/www.spaziotorino.it\/scatto\/wp-content\/gallery\/2023_04_23_jazz5g\/PLA_9866.jpg\" rel=\"lightbox[set_1938]\"><br \/>\n<img decoding=\"async\" loading=\"lazy\" class=\"ngg-singlepic\" title=\"A Torino in scena la Jazz Jam session del futuro\" src=\"http:\/\/www.spaziotorino.it\/scatto\/wp-content\/gallery\/2023_04_23_jazz5g\/PLA_9866.jpg\" alt=\"\" width=\"540\" height=\"360\"\/><\/a><\/p>\n<!-- index.php -->\n<div\n\tclass=\"ngg-galleryoverview ngg-ajax-pagination-none\"\n\tid=\"ngg-gallery-73118974fb29b3d30f2ff827abec5189-1\">\n\n    \t\t<!-- Thumbnails -->\n\t\t\t\t<div id=\"ngg-image-0\" class=\"ngg-gallery-thumbnail-box\" >\n\t\t\t\t        <div class=\"ngg-gallery-thumbnail\">\n            <a href=\"http:\/\/www.spaziotorino.it\/scatto\/wp-content\/gallery\/2023_04_23_jazz5g\/PLA_9755.jpg\"\n               title=\"OGR: Concerto della 5G Jazz Jam Session - Torino Jazz Festival\"\n               data-src=\"http:\/\/www.spaziotorino.it\/scatto\/wp-content\/gallery\/2023_04_23_jazz5g\/PLA_9755.jpg\"\n               data-thumbnail=\"http:\/\/www.spaziotorino.it\/scatto\/wp-content\/gallery\/2023_04_23_jazz5g\/thumbs\/thumbs_PLA_9755.jpg\"\n               data-image-id=\"29073\"\n               data-title=\"OGR: Concerto della 5G Jazz Jam Session - Torino Jazz Festival\"\n               data-description=\"OGR: Concerto della 5G Jazz Jam Session - Torino Jazz Festival\"\n               data-image-slug=\"pla_9755\"\n               class=\"ngg-fancybox\" rel=\"73118974fb29b3d30f2ff827abec5189\">\n                <img\n                    title=\"OGR: Concerto della 5G Jazz Jam Session - Torino Jazz Festival\"\n                    alt=\"OGR: Concerto della 5G Jazz Jam Session - Torino Jazz Festival\"\n                    src=\"http:\/\/www.spaziotorino.it\/scatto\/wp-content\/gallery\/2023_04_23_jazz5g\/cache\/PLA_9755.jpg-nggid0529073-ngg0dyn-60x60x100-00f0w010c011r110f110r010t010.jpg\"\n                    width=\"60\"\n                    height=\"60\"\n                    style=\"max-width:100%;\"\n                \/>\n            <\/a>\n        <\/div>\n\t\t\t\t\t\t\t<\/div> \n\t\t\t\n        \n\t\t\t\t<div id=\"ngg-image-1\" class=\"ngg-gallery-thumbnail-box\" >\n\t\t\t\t        <div class=\"ngg-gallery-thumbnail\">\n            <a href=\"http:\/\/www.spaziotorino.it\/scatto\/wp-content\/gallery\/2023_04_23_jazz5g\/PLA_9621.jpg\"\n               title=\"OGR: Concerto della 5G Jazz Jam Session - Torino Jazz Festival\"\n               data-src=\"http:\/\/www.spaziotorino.it\/scatto\/wp-content\/gallery\/2023_04_23_jazz5g\/PLA_9621.jpg\"\n               data-thumbnail=\"http:\/\/www.spaziotorino.it\/scatto\/wp-content\/gallery\/2023_04_23_jazz5g\/thumbs\/thumbs_PLA_9621.jpg\"\n               data-image-id=\"29064\"\n               data-title=\"OGR: Concerto della 5G Jazz Jam Session - Torino Jazz Festival\"\n               data-description=\"OGR: Concerto della 5G Jazz Jam Session - Torino Jazz Festival\"\n               data-image-slug=\"pla_9621-1\"\n               class=\"ngg-fancybox\" rel=\"73118974fb29b3d30f2ff827abec5189\">\n                <img\n                    title=\"OGR: Concerto della 5G Jazz Jam Session - Torino Jazz Festival\"\n                    alt=\"OGR: Concerto della 5G Jazz Jam Session - Torino Jazz Festival\"\n                    src=\"http:\/\/www.spaziotorino.it\/scatto\/wp-content\/gallery\/2023_04_23_jazz5g\/cache\/PLA_9621.jpg-nggid0529064-ngg0dyn-60x60x100-00f0w010c011r110f110r010t010.jpg\"\n                    width=\"60\"\n                    height=\"60\"\n                    style=\"max-width:100%;\"\n                \/>\n            <\/a>\n        <\/div>\n\t\t\t\t\t\t\t<\/div> \n\t\t\t\n        \n\t\t\t\t<div id=\"ngg-image-2\" class=\"ngg-gallery-thumbnail-box\" >\n\t\t\t\t        <div class=\"ngg-gallery-thumbnail\">\n            <a href=\"http:\/\/www.spaziotorino.it\/scatto\/wp-content\/gallery\/2023_04_23_jazz5g\/PLA_9658.jpg\"\n               title=\"OGR: Concerto della 5G Jazz Jam Session - Torino Jazz Festival\"\n               data-src=\"http:\/\/www.spaziotorino.it\/scatto\/wp-content\/gallery\/2023_04_23_jazz5g\/PLA_9658.jpg\"\n               data-thumbnail=\"http:\/\/www.spaziotorino.it\/scatto\/wp-content\/gallery\/2023_04_23_jazz5g\/thumbs\/thumbs_PLA_9658.jpg\"\n               data-image-id=\"29065\"\n               data-title=\"OGR: Concerto della 5G Jazz Jam Session - Torino Jazz Festival\"\n               data-description=\"OGR: Concerto della 5G Jazz Jam Session - Torino Jazz Festival\"\n               data-image-slug=\"pla_9658-1\"\n               class=\"ngg-fancybox\" rel=\"73118974fb29b3d30f2ff827abec5189\">\n                <img\n                    title=\"OGR: Concerto della 5G Jazz Jam Session - Torino Jazz Festival\"\n                    alt=\"OGR: Concerto della 5G Jazz Jam Session - Torino Jazz Festival\"\n                    src=\"http:\/\/www.spaziotorino.it\/scatto\/wp-content\/gallery\/2023_04_23_jazz5g\/cache\/PLA_9658.jpg-nggid0529065-ngg0dyn-60x60x100-00f0w010c011r110f110r010t010.jpg\"\n                    width=\"60\"\n                    height=\"60\"\n                    style=\"max-width:100%;\"\n                \/>\n            <\/a>\n        <\/div>\n\t\t\t\t\t\t\t<\/div> \n\t\t\t\n        \n\t\t\t\t<div id=\"ngg-image-3\" class=\"ngg-gallery-thumbnail-box\" >\n\t\t\t\t        <div class=\"ngg-gallery-thumbnail\">\n            <a href=\"http:\/\/www.spaziotorino.it\/scatto\/wp-content\/gallery\/2023_04_23_jazz5g\/PLA_9627.jpg\"\n               title=\"OGR: Concerto della 5G Jazz Jam Session - Torino Jazz Festival\"\n               data-src=\"http:\/\/www.spaziotorino.it\/scatto\/wp-content\/gallery\/2023_04_23_jazz5g\/PLA_9627.jpg\"\n               data-thumbnail=\"http:\/\/www.spaziotorino.it\/scatto\/wp-content\/gallery\/2023_04_23_jazz5g\/thumbs\/thumbs_PLA_9627.jpg\"\n               data-image-id=\"29069\"\n               data-title=\"OGR: Concerto della 5G Jazz Jam Session - Torino Jazz Festival\"\n               data-description=\"OGR: Concerto della 5G Jazz Jam Session - Torino Jazz Festival\"\n               data-image-slug=\"pla_9627\"\n               class=\"ngg-fancybox\" rel=\"73118974fb29b3d30f2ff827abec5189\">\n                <img\n                    title=\"OGR: Concerto della 5G Jazz Jam Session - Torino Jazz Festival\"\n                    alt=\"OGR: Concerto della 5G Jazz Jam Session - Torino Jazz Festival\"\n                    src=\"http:\/\/www.spaziotorino.it\/scatto\/wp-content\/gallery\/2023_04_23_jazz5g\/cache\/PLA_9627.jpg-nggid0529069-ngg0dyn-60x60x100-00f0w010c011r110f110r010t010.jpg\"\n                    width=\"60\"\n                    height=\"60\"\n                    style=\"max-width:100%;\"\n                \/>\n            <\/a>\n        <\/div>\n\t\t\t\t\t\t\t<\/div> \n\t\t\t\n        \n\t\t\t\t<div id=\"ngg-image-4\" class=\"ngg-gallery-thumbnail-box\" >\n\t\t\t\t        <div class=\"ngg-gallery-thumbnail\">\n            <a href=\"http:\/\/www.spaziotorino.it\/scatto\/wp-content\/gallery\/2023_04_23_jazz5g\/PLA_9684.jpg\"\n               title=\"OGR: Concerto della 5G Jazz Jam Session - Torino Jazz Festival\"\n               data-src=\"http:\/\/www.spaziotorino.it\/scatto\/wp-content\/gallery\/2023_04_23_jazz5g\/PLA_9684.jpg\"\n               data-thumbnail=\"http:\/\/www.spaziotorino.it\/scatto\/wp-content\/gallery\/2023_04_23_jazz5g\/thumbs\/thumbs_PLA_9684.jpg\"\n               data-image-id=\"29066\"\n               data-title=\"OGR: Concerto della 5G Jazz Jam Session - Torino Jazz Festival\"\n               data-description=\"OGR: Concerto della 5G Jazz Jam Session - Torino Jazz Festival\"\n               data-image-slug=\"pla_9684\"\n               class=\"ngg-fancybox\" rel=\"73118974fb29b3d30f2ff827abec5189\">\n                <img\n                    title=\"OGR: Concerto della 5G Jazz Jam Session - Torino Jazz Festival\"\n                    alt=\"OGR: Concerto della 5G Jazz Jam Session - Torino Jazz Festival\"\n                    src=\"http:\/\/www.spaziotorino.it\/scatto\/wp-content\/gallery\/2023_04_23_jazz5g\/cache\/PLA_9684.jpg-nggid0529066-ngg0dyn-60x60x100-00f0w010c011r110f110r010t010.jpg\"\n                    width=\"60\"\n                    height=\"60\"\n                    style=\"max-width:100%;\"\n                \/>\n            <\/a>\n        <\/div>\n\t\t\t\t\t\t\t<\/div> \n\t\t\t\n        \n\t\t\t\t<div id=\"ngg-image-5\" class=\"ngg-gallery-thumbnail-box\" >\n\t\t\t\t        <div class=\"ngg-gallery-thumbnail\">\n            <a href=\"http:\/\/www.spaziotorino.it\/scatto\/wp-content\/gallery\/2023_04_23_jazz5g\/PLA_9656.jpg\"\n               title=\"L&#039;Assessora Chiara Foglietta sul palco delle OGR\"\n               data-src=\"http:\/\/www.spaziotorino.it\/scatto\/wp-content\/gallery\/2023_04_23_jazz5g\/PLA_9656.jpg\"\n               data-thumbnail=\"http:\/\/www.spaziotorino.it\/scatto\/wp-content\/gallery\/2023_04_23_jazz5g\/thumbs\/thumbs_PLA_9656.jpg\"\n               data-image-id=\"29067\"\n               data-title=\"L&#039;Assessora Chiara Foglietta sul palco delle OGR\"\n               data-description=\"L&#039;Assessora Chiara Foglietta sul palco delle OGR\"\n               data-image-slug=\"pla_9656-1\"\n               class=\"ngg-fancybox\" rel=\"73118974fb29b3d30f2ff827abec5189\">\n                <img\n                    title=\"L&#039;Assessora Chiara Foglietta sul palco delle OGR\"\n                    alt=\"L&#039;Assessora Chiara Foglietta sul palco delle OGR\"\n                    src=\"http:\/\/www.spaziotorino.it\/scatto\/wp-content\/gallery\/2023_04_23_jazz5g\/cache\/PLA_9656.jpg-nggid0529067-ngg0dyn-60x60x100-00f0w010c011r110f110r010t010.jpg\"\n                    width=\"60\"\n                    height=\"60\"\n                    style=\"max-width:100%;\"\n                \/>\n            <\/a>\n        <\/div>\n\t\t\t\t\t\t\t<\/div> \n\t\t\t\n        \n\t\t\t\t<div id=\"ngg-image-6\" class=\"ngg-gallery-thumbnail-box\" >\n\t\t\t\t        <div class=\"ngg-gallery-thumbnail\">\n            <a href=\"http:\/\/www.spaziotorino.it\/scatto\/wp-content\/gallery\/2023_04_23_jazz5g\/PLA_9680.jpg\"\n               title=\"OGR: Concerto della 5G Jazz Jam Session - Torino Jazz Festival\"\n               data-src=\"http:\/\/www.spaziotorino.it\/scatto\/wp-content\/gallery\/2023_04_23_jazz5g\/PLA_9680.jpg\"\n               data-thumbnail=\"http:\/\/www.spaziotorino.it\/scatto\/wp-content\/gallery\/2023_04_23_jazz5g\/thumbs\/thumbs_PLA_9680.jpg\"\n               data-image-id=\"29068\"\n               data-title=\"OGR: Concerto della 5G Jazz Jam Session - Torino Jazz Festival\"\n               data-description=\"OGR: Concerto della 5G Jazz Jam Session - Torino Jazz Festival\"\n               data-image-slug=\"pla_9680-1\"\n               class=\"ngg-fancybox\" rel=\"73118974fb29b3d30f2ff827abec5189\">\n                <img\n                    title=\"OGR: Concerto della 5G Jazz Jam Session - Torino Jazz Festival\"\n                    alt=\"OGR: Concerto della 5G Jazz Jam Session - Torino Jazz Festival\"\n                    src=\"http:\/\/www.spaziotorino.it\/scatto\/wp-content\/gallery\/2023_04_23_jazz5g\/cache\/PLA_9680.jpg-nggid0529068-ngg0dyn-60x60x100-00f0w010c011r110f110r010t010.jpg\"\n                    width=\"60\"\n                    height=\"60\"\n                    style=\"max-width:100%;\"\n                \/>\n            <\/a>\n        <\/div>\n\t\t\t\t\t\t\t<\/div> \n\t\t\t\n        \n\t\t\t\t<div id=\"ngg-image-7\" class=\"ngg-gallery-thumbnail-box\" >\n\t\t\t\t        <div class=\"ngg-gallery-thumbnail\">\n            <a href=\"http:\/\/www.spaziotorino.it\/scatto\/wp-content\/gallery\/2023_04_23_jazz5g\/PLA_9694.jpg\"\n               title=\"OGR: Concerto della 5G Jazz Jam Session - Torino Jazz Festival\"\n               data-src=\"http:\/\/www.spaziotorino.it\/scatto\/wp-content\/gallery\/2023_04_23_jazz5g\/PLA_9694.jpg\"\n               data-thumbnail=\"http:\/\/www.spaziotorino.it\/scatto\/wp-content\/gallery\/2023_04_23_jazz5g\/thumbs\/thumbs_PLA_9694.jpg\"\n               data-image-id=\"29070\"\n               data-title=\"OGR: Concerto della 5G Jazz Jam Session - Torino Jazz Festival\"\n               data-description=\"OGR: Concerto della 5G Jazz Jam Session - Torino Jazz Festival\"\n               data-image-slug=\"pla_9694-1\"\n               class=\"ngg-fancybox\" rel=\"73118974fb29b3d30f2ff827abec5189\">\n                <img\n                    title=\"OGR: Concerto della 5G Jazz Jam Session - Torino Jazz Festival\"\n                    alt=\"OGR: Concerto della 5G Jazz Jam Session - Torino Jazz Festival\"\n                    src=\"http:\/\/www.spaziotorino.it\/scatto\/wp-content\/gallery\/2023_04_23_jazz5g\/cache\/PLA_9694.jpg-nggid0529070-ngg0dyn-60x60x100-00f0w010c011r110f110r010t010.jpg\"\n                    width=\"60\"\n                    height=\"60\"\n                    style=\"max-width:100%;\"\n                \/>\n            <\/a>\n        <\/div>\n\t\t\t\t\t\t\t<\/div> \n\t\t\t\n        \n\t\t\t\t<div id=\"ngg-image-8\" class=\"ngg-gallery-thumbnail-box\" >\n\t\t\t\t        <div class=\"ngg-gallery-thumbnail\">\n            <a href=\"http:\/\/www.spaziotorino.it\/scatto\/wp-content\/gallery\/2023_04_23_jazz5g\/PLA_9707.jpg\"\n               title=\"OGR: Concerto della 5G Jazz Jam Session - Torino Jazz Festival\"\n               data-src=\"http:\/\/www.spaziotorino.it\/scatto\/wp-content\/gallery\/2023_04_23_jazz5g\/PLA_9707.jpg\"\n               data-thumbnail=\"http:\/\/www.spaziotorino.it\/scatto\/wp-content\/gallery\/2023_04_23_jazz5g\/thumbs\/thumbs_PLA_9707.jpg\"\n               data-image-id=\"29071\"\n               data-title=\"OGR: Concerto della 5G Jazz Jam Session - Torino Jazz Festival\"\n               data-description=\"OGR: Concerto della 5G Jazz Jam Session - Torino Jazz Festival\"\n               data-image-slug=\"pla_9707-3\"\n               class=\"ngg-fancybox\" rel=\"73118974fb29b3d30f2ff827abec5189\">\n                <img\n                    title=\"OGR: Concerto della 5G Jazz Jam Session - Torino Jazz Festival\"\n                    alt=\"OGR: Concerto della 5G Jazz Jam Session - Torino Jazz Festival\"\n                    src=\"http:\/\/www.spaziotorino.it\/scatto\/wp-content\/gallery\/2023_04_23_jazz5g\/cache\/PLA_9707.jpg-nggid0529071-ngg0dyn-60x60x100-00f0w010c011r110f110r010t010.jpg\"\n                    width=\"60\"\n                    height=\"60\"\n                    style=\"max-width:100%;\"\n                \/>\n            <\/a>\n        <\/div>\n\t\t\t\t\t\t\t<\/div> \n\t\t\t\n        \n\t\t\t\t<div id=\"ngg-image-9\" class=\"ngg-gallery-thumbnail-box\" >\n\t\t\t\t        <div class=\"ngg-gallery-thumbnail\">\n            <a href=\"http:\/\/www.spaziotorino.it\/scatto\/wp-content\/gallery\/2023_04_23_jazz5g\/PLA_9748.jpg\"\n               title=\"OGR: Concerto della 5G Jazz Jam Session - Torino Jazz Festival\"\n               data-src=\"http:\/\/www.spaziotorino.it\/scatto\/wp-content\/gallery\/2023_04_23_jazz5g\/PLA_9748.jpg\"\n               data-thumbnail=\"http:\/\/www.spaziotorino.it\/scatto\/wp-content\/gallery\/2023_04_23_jazz5g\/thumbs\/thumbs_PLA_9748.jpg\"\n               data-image-id=\"29072\"\n               data-title=\"OGR: Concerto della 5G Jazz Jam Session - Torino Jazz Festival\"\n               data-description=\"OGR: Concerto della 5G Jazz Jam Session - Torino Jazz Festival\"\n               data-image-slug=\"pla_9748\"\n               class=\"ngg-fancybox\" rel=\"73118974fb29b3d30f2ff827abec5189\">\n                <img\n                    title=\"OGR: Concerto della 5G Jazz Jam Session - Torino Jazz Festival\"\n                    alt=\"OGR: Concerto della 5G Jazz Jam Session - Torino Jazz Festival\"\n                    src=\"http:\/\/www.spaziotorino.it\/scatto\/wp-content\/gallery\/2023_04_23_jazz5g\/cache\/PLA_9748.jpg-nggid0529072-ngg0dyn-60x60x100-00f0w010c011r110f110r010t010.jpg\"\n                    width=\"60\"\n                    height=\"60\"\n                    style=\"max-width:100%;\"\n                \/>\n            <\/a>\n        <\/div>\n\t\t\t\t\t\t\t<\/div> \n\t\t\t\n        \n\t\t\t\t<div id=\"ngg-image-10\" class=\"ngg-gallery-thumbnail-box\" >\n\t\t\t\t        <div class=\"ngg-gallery-thumbnail\">\n            <a href=\"http:\/\/www.spaziotorino.it\/scatto\/wp-content\/gallery\/2023_04_23_jazz5g\/PLA_9752.jpg\"\n               title=\"OGR: Concerto della 5G Jazz Jam Session - Torino Jazz Festival\"\n               data-src=\"http:\/\/www.spaziotorino.it\/scatto\/wp-content\/gallery\/2023_04_23_jazz5g\/PLA_9752.jpg\"\n               data-thumbnail=\"http:\/\/www.spaziotorino.it\/scatto\/wp-content\/gallery\/2023_04_23_jazz5g\/thumbs\/thumbs_PLA_9752.jpg\"\n               data-image-id=\"29074\"\n               data-title=\"OGR: Concerto della 5G Jazz Jam Session - Torino Jazz Festival\"\n               data-description=\"OGR: Concerto della 5G Jazz Jam Session - Torino Jazz Festival\"\n               data-image-slug=\"pla_9752-1\"\n               class=\"ngg-fancybox\" rel=\"73118974fb29b3d30f2ff827abec5189\">\n                <img\n                    title=\"OGR: Concerto della 5G Jazz Jam Session - Torino Jazz Festival\"\n                    alt=\"OGR: Concerto della 5G Jazz Jam Session - Torino Jazz Festival\"\n                    src=\"http:\/\/www.spaziotorino.it\/scatto\/wp-content\/gallery\/2023_04_23_jazz5g\/cache\/PLA_9752.jpg-nggid0529074-ngg0dyn-60x60x100-00f0w010c011r110f110r010t010.jpg\"\n                    width=\"60\"\n                    height=\"60\"\n                    style=\"max-width:100%;\"\n                \/>\n            <\/a>\n        <\/div>\n\t\t\t\t\t\t\t<\/div> \n\t\t\t\n        \n\t\t\t\t<div id=\"ngg-image-11\" class=\"ngg-gallery-thumbnail-box\" >\n\t\t\t\t        <div class=\"ngg-gallery-thumbnail\">\n            <a href=\"http:\/\/www.spaziotorino.it\/scatto\/wp-content\/gallery\/2023_04_23_jazz5g\/PLA_9773.jpg\"\n               title=\"OGR: Concerto della 5G Jazz Jam Session - Torino Jazz Festival\"\n               data-src=\"http:\/\/www.spaziotorino.it\/scatto\/wp-content\/gallery\/2023_04_23_jazz5g\/PLA_9773.jpg\"\n               data-thumbnail=\"http:\/\/www.spaziotorino.it\/scatto\/wp-content\/gallery\/2023_04_23_jazz5g\/thumbs\/thumbs_PLA_9773.jpg\"\n               data-image-id=\"29075\"\n               data-title=\"OGR: Concerto della 5G Jazz Jam Session - Torino Jazz Festival\"\n               data-description=\"OGR: Concerto della 5G Jazz Jam Session - Torino Jazz Festival\"\n               data-image-slug=\"pla_9773-1\"\n               class=\"ngg-fancybox\" rel=\"73118974fb29b3d30f2ff827abec5189\">\n                <img\n                    title=\"OGR: Concerto della 5G Jazz Jam Session - Torino Jazz Festival\"\n                    alt=\"OGR: Concerto della 5G Jazz Jam Session - Torino Jazz Festival\"\n                    src=\"http:\/\/www.spaziotorino.it\/scatto\/wp-content\/gallery\/2023_04_23_jazz5g\/cache\/PLA_9773.jpg-nggid0529075-ngg0dyn-60x60x100-00f0w010c011r110f110r010t010.jpg\"\n                    width=\"60\"\n                    height=\"60\"\n                    style=\"max-width:100%;\"\n                \/>\n            <\/a>\n        <\/div>\n\t\t\t\t\t\t\t<\/div> \n\t\t\t\n        \n\t\t\t\t<div id=\"ngg-image-12\" class=\"ngg-gallery-thumbnail-box\" >\n\t\t\t\t        <div class=\"ngg-gallery-thumbnail\">\n            <a href=\"http:\/\/www.spaziotorino.it\/scatto\/wp-content\/gallery\/2023_04_23_jazz5g\/PLA_9776.jpg\"\n               title=\"OGR: Concerto della 5G Jazz Jam Session - Torino Jazz Festival\"\n               data-src=\"http:\/\/www.spaziotorino.it\/scatto\/wp-content\/gallery\/2023_04_23_jazz5g\/PLA_9776.jpg\"\n               data-thumbnail=\"http:\/\/www.spaziotorino.it\/scatto\/wp-content\/gallery\/2023_04_23_jazz5g\/thumbs\/thumbs_PLA_9776.jpg\"\n               data-image-id=\"29076\"\n               data-title=\"OGR: Concerto della 5G Jazz Jam Session - Torino Jazz Festival\"\n               data-description=\"OGR: Concerto della 5G Jazz Jam Session - Torino Jazz Festival\"\n               data-image-slug=\"pla_9776\"\n               class=\"ngg-fancybox\" rel=\"73118974fb29b3d30f2ff827abec5189\">\n                <img\n                    title=\"OGR: Concerto della 5G Jazz Jam Session - Torino Jazz Festival\"\n                    alt=\"OGR: Concerto della 5G Jazz Jam Session - Torino Jazz Festival\"\n                    src=\"http:\/\/www.spaziotorino.it\/scatto\/wp-content\/gallery\/2023_04_23_jazz5g\/cache\/PLA_9776.jpg-nggid0529076-ngg0dyn-60x60x100-00f0w010c011r110f110r010t010.jpg\"\n                    width=\"60\"\n                    height=\"60\"\n                    style=\"max-width:100%;\"\n                \/>\n            <\/a>\n        <\/div>\n\t\t\t\t\t\t\t<\/div> \n\t\t\t\n        \n\t\t\t\t<div id=\"ngg-image-13\" class=\"ngg-gallery-thumbnail-box\" >\n\t\t\t\t        <div class=\"ngg-gallery-thumbnail\">\n            <a href=\"http:\/\/www.spaziotorino.it\/scatto\/wp-content\/gallery\/2023_04_23_jazz5g\/PLA_9794.jpg\"\n               title=\"OGR: Concerto della 5G Jazz Jam Session - Torino Jazz Festival\"\n               data-src=\"http:\/\/www.spaziotorino.it\/scatto\/wp-content\/gallery\/2023_04_23_jazz5g\/PLA_9794.jpg\"\n               data-thumbnail=\"http:\/\/www.spaziotorino.it\/scatto\/wp-content\/gallery\/2023_04_23_jazz5g\/thumbs\/thumbs_PLA_9794.jpg\"\n               data-image-id=\"29077\"\n               data-title=\"OGR: Concerto della 5G Jazz Jam Session - Torino Jazz Festival\"\n               data-description=\"OGR: Concerto della 5G Jazz Jam Session - Torino Jazz Festival\"\n               data-image-slug=\"pla_9794\"\n               class=\"ngg-fancybox\" rel=\"73118974fb29b3d30f2ff827abec5189\">\n                <img\n                    title=\"OGR: Concerto della 5G Jazz Jam Session - Torino Jazz Festival\"\n                    alt=\"OGR: Concerto della 5G Jazz Jam Session - Torino Jazz Festival\"\n                    src=\"http:\/\/www.spaziotorino.it\/scatto\/wp-content\/gallery\/2023_04_23_jazz5g\/cache\/PLA_9794.jpg-nggid0529077-ngg0dyn-60x60x100-00f0w010c011r110f110r010t010.jpg\"\n                    width=\"60\"\n                    height=\"60\"\n                    style=\"max-width:100%;\"\n                \/>\n            <\/a>\n        <\/div>\n\t\t\t\t\t\t\t<\/div> \n\t\t\t\n        \n\t\t\t\t<div id=\"ngg-image-14\" class=\"ngg-gallery-thumbnail-box\" >\n\t\t\t\t        <div class=\"ngg-gallery-thumbnail\">\n            <a href=\"http:\/\/www.spaziotorino.it\/scatto\/wp-content\/gallery\/2023_04_23_jazz5g\/PLA_9807.jpg\"\n               title=\"OGR: Concerto della 5G Jazz Jam Session - Torino Jazz Festival\"\n               data-src=\"http:\/\/www.spaziotorino.it\/scatto\/wp-content\/gallery\/2023_04_23_jazz5g\/PLA_9807.jpg\"\n               data-thumbnail=\"http:\/\/www.spaziotorino.it\/scatto\/wp-content\/gallery\/2023_04_23_jazz5g\/thumbs\/thumbs_PLA_9807.jpg\"\n               data-image-id=\"29078\"\n               data-title=\"OGR: Concerto della 5G Jazz Jam Session - Torino Jazz Festival\"\n               data-description=\"OGR: Concerto della 5G Jazz Jam Session - Torino Jazz Festival\"\n               data-image-slug=\"pla_9807\"\n               class=\"ngg-fancybox\" rel=\"73118974fb29b3d30f2ff827abec5189\">\n                <img\n                    title=\"OGR: Concerto della 5G Jazz Jam Session - Torino Jazz Festival\"\n                    alt=\"OGR: Concerto della 5G Jazz Jam Session - Torino Jazz Festival\"\n                    src=\"http:\/\/www.spaziotorino.it\/scatto\/wp-content\/gallery\/2023_04_23_jazz5g\/cache\/PLA_9807.jpg-nggid0529078-ngg0dyn-60x60x100-00f0w010c011r110f110r010t010.jpg\"\n                    width=\"60\"\n                    height=\"60\"\n                    style=\"max-width:100%;\"\n                \/>\n            <\/a>\n        <\/div>\n\t\t\t\t\t\t\t<\/div> \n\t\t\t\n        \n\t\t\t\t<div id=\"ngg-image-15\" class=\"ngg-gallery-thumbnail-box\" >\n\t\t\t\t        <div class=\"ngg-gallery-thumbnail\">\n            <a href=\"http:\/\/www.spaziotorino.it\/scatto\/wp-content\/gallery\/2023_04_23_jazz5g\/PLA_9855.jpg\"\n               title=\"OGR: Concerto della 5G Jazz Jam Session - Torino Jazz Festival\"\n               data-src=\"http:\/\/www.spaziotorino.it\/scatto\/wp-content\/gallery\/2023_04_23_jazz5g\/PLA_9855.jpg\"\n               data-thumbnail=\"http:\/\/www.spaziotorino.it\/scatto\/wp-content\/gallery\/2023_04_23_jazz5g\/thumbs\/thumbs_PLA_9855.jpg\"\n               data-image-id=\"29079\"\n               data-title=\"OGR: Concerto della 5G Jazz Jam Session - Torino Jazz Festival\"\n               data-description=\"OGR: Concerto della 5G Jazz Jam Session - Torino Jazz Festival\"\n               data-image-slug=\"pla_9855-1\"\n               class=\"ngg-fancybox\" rel=\"73118974fb29b3d30f2ff827abec5189\">\n                <img\n                    title=\"OGR: Concerto della 5G Jazz Jam Session - Torino Jazz Festival\"\n                    alt=\"OGR: Concerto della 5G Jazz Jam Session - Torino Jazz Festival\"\n                    src=\"http:\/\/www.spaziotorino.it\/scatto\/wp-content\/gallery\/2023_04_23_jazz5g\/cache\/PLA_9855.jpg-nggid0529079-ngg0dyn-60x60x100-00f0w010c011r110f110r010t010.jpg\"\n                    width=\"60\"\n                    height=\"60\"\n                    style=\"max-width:100%;\"\n                \/>\n            <\/a>\n        <\/div>\n\t\t\t\t\t\t\t<\/div> \n\t\t\t\n        \n\t\t\t\t<div id=\"ngg-image-16\" class=\"ngg-gallery-thumbnail-box\" >\n\t\t\t\t        <div class=\"ngg-gallery-thumbnail\">\n            <a href=\"http:\/\/www.spaziotorino.it\/scatto\/wp-content\/gallery\/2023_04_23_jazz5g\/PLA_9811.jpg\"\n               title=\"OGR: Concerto della 5G Jazz Jam Session - Torino Jazz Festival\"\n               data-src=\"http:\/\/www.spaziotorino.it\/scatto\/wp-content\/gallery\/2023_04_23_jazz5g\/PLA_9811.jpg\"\n               data-thumbnail=\"http:\/\/www.spaziotorino.it\/scatto\/wp-content\/gallery\/2023_04_23_jazz5g\/thumbs\/thumbs_PLA_9811.jpg\"\n               data-image-id=\"29080\"\n               data-title=\"OGR: Concerto della 5G Jazz Jam Session - Torino Jazz Festival\"\n               data-description=\"OGR: Concerto della 5G Jazz Jam Session - Torino Jazz Festival\"\n               data-image-slug=\"pla_9811\"\n               class=\"ngg-fancybox\" rel=\"73118974fb29b3d30f2ff827abec5189\">\n                <img\n                    title=\"OGR: Concerto della 5G Jazz Jam Session - Torino Jazz Festival\"\n                    alt=\"OGR: Concerto della 5G Jazz Jam Session - Torino Jazz Festival\"\n                    src=\"http:\/\/www.spaziotorino.it\/scatto\/wp-content\/gallery\/2023_04_23_jazz5g\/cache\/PLA_9811.jpg-nggid0529080-ngg0dyn-60x60x100-00f0w010c011r110f110r010t010.jpg\"\n                    width=\"60\"\n                    height=\"60\"\n                    style=\"max-width:100%;\"\n                \/>\n            <\/a>\n        <\/div>\n\t\t\t\t\t\t\t<\/div> \n\t\t\t\n        \n\t\t\n\t\t<!-- Pagination -->\n\t<div class='ngg-clear'><\/div>\t<\/div>\n\n<p>5G Audiovisual Broadcast Broadband Network \u00e8 il progettocon cui Rai Way, a luglio 2022, si \u00e8 aggiudicata il bando di gara del Ministero dello Sviluppo Economico (oggi MIMIT) \u201c5G AUDIOVISIVO 2022\u201d, potendo accedere ad un finanziamento di 1 milione&nbsp; &nbsp;di euro.<span id=\"more-110966\"><\/span>&nbsp;La complessit\u00e0 e l\u2019elevato grado di innovazione della sperimentazione sono conseguite anche grazie all\u2019apporto degli 11 partner dell\u2019aggregazione di cui Rai Way \u00e8 capofila. Compongono l\u2019aggregazione: Rai, con le sue Direzioni Centro Ricerche Innovazione Tecnologica e Sperimentazione e Centro di Produzione TV di Torino, Comune di Torino, Rohde&amp;Schwarz, OpNet, Politecnico di Milano, MainStreaming, Impersive, Kinecar, Retesette, La Sicilia Multimedia e il Teatro Massimo di Palermo. Il progetto, della durata di un anno, prevede la sperimentazione del 5G in modalit\u00e0 Broadcast con copertura delle aree delle citt\u00e0 di Palermo e Torino ed in modalit\u00e0 Broadband con la realizzazione di use case innovativi.<\/p>\n<p>Dopo la tappa palermitana dello scorso 17 marzo, la sperimentazione prende vita ora a Torino, con una live performance di musica, danza e pittura che si sviluppa nella cornice del Torino Jazz Festival sulle note della Gianpaolo Petrini Big Band \u00abdistribuita\u00bb in tre location all\u2019interno delle Officine Grandi Riparazioni: Fucine, Duomo e Binario 3. I musicisti collegati tra loro da una 5G Private Network multistage eseguono un\u2019improvvisazione Jazz grazie alle prestazioni garantite dalle tecnologie impiegate. Aggiungono una nuova dimensione artistica la performance di VR Art su una tela virtuale, combinando elementi che richiamano la musica, la citt\u00e0 di Torino e i suoi luoghi di produzione culturale, lo spettacolo di danza, ad opera della Fondazione Egri per la Danza, le sculture di Osvaldo Moi e la fruizione dell\u2019evento nel Metaverso. Contribuiscono alla realizzazione la Citt\u00e0 di Torino in collaborazione con la Fondazione per la Cultura, in dialogo con la direzione artistica del TJF, con il coordinamento di Rai Way, la regia della RAI Centro di Produzione TV di Torino e il contributo tecnico di RAI\/CRITS e degli altri partner.<\/p>\n<p>Sul fronte dell\u2019innovazione tecnologica, per la parte di distribuzione dei contenuti si sperimenta la possibile sinergia tra le due reti (5G Broadcast e CDN) attraverso un sistema di commutazione trasparente per l\u2019utente, di tipo \u201cseamless\u201d. Mentre relativamente alla produzione e contribuzione di contenuti live si ottimizzano la rete e le codifiche audio\/video per conseguire una bassissima latenza.<\/p>\n<p><strong>Mauro D\u2019Onofrio, Head of Innovation&amp;Research della Direzione Technology di Rai Way<\/strong>, responsabile del progetto, ha dichiarato:&nbsp;<em>\u201cDopo il successo dell\u2019evento Live Theater VR360 di Palermo, realizziamo oggi in OGR di Torino uno use case ancora pi\u00f9 articolato e in piena sintonia con tale magnifica location, ideale per creare sinergie tra mondo artistico e innovazione tecnologica. Sperimentiamo la cooperazione tra le tecnologie di trasmissione 5G Broadcast e quella 5G Broadband, che in prospettiva si presenta come soluzione efficace per il problema di congestione delle reti, in occasione di picchi di traffico durante eventi live con grandissima audience. Le tecnologie impiegate consentono inoltre la produzione e la contribuzione di contenuti audiovisivi live e scenari artistici fortemente innovativi grazie alle bassissime latenze, come l\u2019improvvisazione jazz di musicisti dislocati in location differenti, con l\u2019integrazione di VR Art e Danza e la contemporanea&nbsp;<\/em><em>fruizione nel Metaverso.\u201d<\/em><\/p>\n<p><strong>Chiara Foglietta, Assessora alla Transizione Ecologica e Digitale, Innovazione del Comune di Torino<\/strong>, ha commentato: \u201c<em>Oggi Rai Way e tutti i partner del progetto 5G Audiovisual Broadcast Broadband Network, fra cui la Citt\u00e0 di Torino in stretta continuit\u00e0 con le attivit\u00e0 della Casa delle Tecnologie Emergenti, CTE Next, hanno dimostrato come il 5G possa abilitare spettacoli artistici innovativi e di alto livello qualitativo. Ringrazio anche l\u2019Assessora alla Cultura e la Fondazione per la Cultura di Torino che hanno supportato l\u2019organizzazione di questo concerto sperimentale selezionando, ad esempio, un maestro internazionale come Gianpaolo Petrini e la sua band. Il punto fondamentale \u00e8 che la tecnologia pi\u00f9 innovativa e l\u2019arte possono davvero intrecciarsi, dialogare e fondersi per favorire lo sviluppo economico e culturale delle citt\u00e0 a favore di imprese e cittadini.\u201d<\/em><\/p>\n","protected":false},"excerpt":{"rendered":"<p>5G Audiovisual Broadcast Broadband Network \u00e8 il progettocon cui Rai Way, a luglio 2022, si \u00e8 aggiudicata il bando di gara del Ministero dello Sviluppo Economico (oggi MIMIT) \u201c5G AUDIOVISIVO 2022\u201d, potendo accedere ad un finanziamento di 1 milione&nbsp; &nbsp;di euro.&nbsp;La complessit\u00e0 e l\u2019elevato grado di innovazione della sperimentazione sono conseguite anche grazie all\u2019apporto degli [&hellip;]<\/p>\n","protected":false},"author":1,"featured_media":0,"comment_status":"closed","ping_status":"open","sticky":false,"template":"","format":"standard","meta":{"ngg_post_thumbnail":0},"categories":[133,1,134],"tags":[],"_links":{"self":[{"href":"http:\/\/www.spaziotorino.it\/scatto\/index.php?rest_route=\/wp\/v2\/posts\/45367"}],"collection":[{"href":"http:\/\/www.spaziotorino.it\/scatto\/index.php?rest_route=\/wp\/v2\/posts"}],"about":[{"href":"http:\/\/www.spaziotorino.it\/scatto\/index.php?rest_route=\/wp\/v2\/types\/post"}],"author":[{"embeddable":true,"href":"http:\/\/www.spaziotorino.it\/scatto\/index.php?rest_route=\/wp\/v2\/users\/1"}],"replies":[{"embeddable":true,"href":"http:\/\/www.spaziotorino.it\/scatto\/index.php?rest_route=%2Fwp%2Fv2%2Fcomments&post=45367"}],"version-history":[{"count":1,"href":"http:\/\/www.spaziotorino.it\/scatto\/index.php?rest_route=\/wp\/v2\/posts\/45367\/revisions"}],"predecessor-version":[{"id":45369,"href":"http:\/\/www.spaziotorino.it\/scatto\/index.php?rest_route=\/wp\/v2\/posts\/45367\/revisions\/45369"}],"wp:attachment":[{"href":"http:\/\/www.spaziotorino.it\/scatto\/index.php?rest_route=%2Fwp%2Fv2%2Fmedia&parent=45367"}],"wp:term":[{"taxonomy":"category","embeddable":true,"href":"http:\/\/www.spaziotorino.it\/scatto\/index.php?rest_route=%2Fwp%2Fv2%2Fcategories&post=45367"},{"taxonomy":"post_tag","embeddable":true,"href":"http:\/\/www.spaziotorino.it\/scatto\/index.php?rest_route=%2Fwp%2Fv2%2Ftags&post=45367"}],"curies":[{"name":"wp","href":"https:\/\/api.w.org\/{rel}","templated":true}]}}