{"id":45437,"date":"2023-05-10T15:14:36","date_gmt":"2023-05-10T14:14:36","guid":{"rendered":"http:\/\/www.spaziotorino.it\/scatto\/?p=45437"},"modified":"2023-05-10T15:14:36","modified_gmt":"2023-05-10T14:14:36","slug":"inaugurato-uno-studentato-nelle-palazzine-dellex-moi","status":"publish","type":"post","link":"http:\/\/www.spaziotorino.it\/scatto\/?p=45437","title":{"rendered":"Inaugurato uno studentato nelle palazzine dell\u2019ex Moi"},"content":{"rendered":"<p><a class=\"ngg-fancybox\" title=\"Inaugurato uno studentato nelle palazzine dell\u2019ex Moi\" href=\"http:\/\/www.spaziotorino.it\/scatto\/wp-content\/gallery\/2023_05_10_exmoi\/PLA_2210.jpg\" rel=\"lightbox[set_1943]\"><br \/>\n<img decoding=\"async\" loading=\"lazy\" class=\"ngg-singlepic\" title=\"Inaugurato uno studentato nelle palazzine dell\u2019ex Moi\" src=\"http:\/\/www.spaziotorino.it\/scatto\/wp-content\/gallery\/2023_05_10_exmoi\/PLA_2210.jpg\" alt=\"\" width=\"540\" height=\"360\"\/><\/a><\/p>\n<!-- index.php -->\n<div\n\tclass=\"ngg-galleryoverview ngg-ajax-pagination-none\"\n\tid=\"ngg-gallery-032ac309cef8e176454b4a11bf526303-1\">\n\n    \t\t<!-- Thumbnails -->\n\t\t\t\t<div id=\"ngg-image-0\" class=\"ngg-gallery-thumbnail-box\" >\n\t\t\t\t        <div class=\"ngg-gallery-thumbnail\">\n            <a href=\"http:\/\/www.spaziotorino.it\/scatto\/wp-content\/gallery\/2023_05_10_exmoi\/PLA_2219.jpg\"\n               title=\"Inaugurazione studentato nelle palazzine dell\u2019ex Moi\"\n               data-src=\"http:\/\/www.spaziotorino.it\/scatto\/wp-content\/gallery\/2023_05_10_exmoi\/PLA_2219.jpg\"\n               data-thumbnail=\"http:\/\/www.spaziotorino.it\/scatto\/wp-content\/gallery\/2023_05_10_exmoi\/thumbs\/thumbs_PLA_2219.jpg\"\n               data-image-id=\"29120\"\n               data-title=\"Inaugurazione studentato nelle palazzine dell\u2019ex Moi\"\n               data-description=\"Inaugurazione studentato nelle palazzine dell\u2019ex Moi\"\n               data-image-slug=\"pla_2219-3\"\n               class=\"ngg-fancybox\" rel=\"032ac309cef8e176454b4a11bf526303\">\n                <img\n                    title=\"Inaugurazione studentato nelle palazzine dell\u2019ex Moi\"\n                    alt=\"Inaugurazione studentato nelle palazzine dell\u2019ex Moi\"\n                    src=\"http:\/\/www.spaziotorino.it\/scatto\/wp-content\/gallery\/2023_05_10_exmoi\/cache\/PLA_2219.jpg-nggid0529120-ngg0dyn-60x60x100-00f0w010c011r110f110r010t010.jpg\"\n                    width=\"60\"\n                    height=\"60\"\n                    style=\"max-width:100%;\"\n                \/>\n            <\/a>\n        <\/div>\n\t\t\t\t\t\t\t<\/div> \n\t\t\t\n        \n\t\t\t\t<div id=\"ngg-image-1\" class=\"ngg-gallery-thumbnail-box\" >\n\t\t\t\t        <div class=\"ngg-gallery-thumbnail\">\n            <a href=\"http:\/\/www.spaziotorino.it\/scatto\/wp-content\/gallery\/2023_05_10_exmoi\/PLA_2223.jpg\"\n               title=\"Inaugurazione studentato nelle palazzine dell\u2019ex Moi\"\n               data-src=\"http:\/\/www.spaziotorino.it\/scatto\/wp-content\/gallery\/2023_05_10_exmoi\/PLA_2223.jpg\"\n               data-thumbnail=\"http:\/\/www.spaziotorino.it\/scatto\/wp-content\/gallery\/2023_05_10_exmoi\/thumbs\/thumbs_PLA_2223.jpg\"\n               data-image-id=\"29121\"\n               data-title=\"Inaugurazione studentato nelle palazzine dell\u2019ex Moi\"\n               data-description=\"Inaugurazione studentato nelle palazzine dell\u2019ex Moi\"\n               data-image-slug=\"pla_2223\"\n               class=\"ngg-fancybox\" rel=\"032ac309cef8e176454b4a11bf526303\">\n                <img\n                    title=\"Inaugurazione studentato nelle palazzine dell\u2019ex Moi\"\n                    alt=\"Inaugurazione studentato nelle palazzine dell\u2019ex Moi\"\n                    src=\"http:\/\/www.spaziotorino.it\/scatto\/wp-content\/gallery\/2023_05_10_exmoi\/cache\/PLA_2223.jpg-nggid0529121-ngg0dyn-60x60x100-00f0w010c011r110f110r010t010.jpg\"\n                    width=\"60\"\n                    height=\"60\"\n                    style=\"max-width:100%;\"\n                \/>\n            <\/a>\n        <\/div>\n\t\t\t\t\t\t\t<\/div> \n\t\t\t\n        \n\t\t\t\t<div id=\"ngg-image-2\" class=\"ngg-gallery-thumbnail-box\" >\n\t\t\t\t        <div class=\"ngg-gallery-thumbnail\">\n            <a href=\"http:\/\/www.spaziotorino.it\/scatto\/wp-content\/gallery\/2023_05_10_exmoi\/PLA_2227.jpg\"\n               title=\"Inaugurazione studentato nelle palazzine dell\u2019ex Moi\"\n               data-src=\"http:\/\/www.spaziotorino.it\/scatto\/wp-content\/gallery\/2023_05_10_exmoi\/PLA_2227.jpg\"\n               data-thumbnail=\"http:\/\/www.spaziotorino.it\/scatto\/wp-content\/gallery\/2023_05_10_exmoi\/thumbs\/thumbs_PLA_2227.jpg\"\n               data-image-id=\"29122\"\n               data-title=\"Inaugurazione studentato nelle palazzine dell\u2019ex Moi\"\n               data-description=\"Inaugurazione studentato nelle palazzine dell\u2019ex Moi\"\n               data-image-slug=\"pla_2227-1\"\n               class=\"ngg-fancybox\" rel=\"032ac309cef8e176454b4a11bf526303\">\n                <img\n                    title=\"Inaugurazione studentato nelle palazzine dell\u2019ex Moi\"\n                    alt=\"Inaugurazione studentato nelle palazzine dell\u2019ex Moi\"\n                    src=\"http:\/\/www.spaziotorino.it\/scatto\/wp-content\/gallery\/2023_05_10_exmoi\/cache\/PLA_2227.jpg-nggid0529122-ngg0dyn-60x60x100-00f0w010c011r110f110r010t010.jpg\"\n                    width=\"60\"\n                    height=\"60\"\n                    style=\"max-width:100%;\"\n                \/>\n            <\/a>\n        <\/div>\n\t\t\t\t\t\t\t<\/div> \n\t\t\t\n        \n\t\t\t\t<div id=\"ngg-image-3\" class=\"ngg-gallery-thumbnail-box\" >\n\t\t\t\t        <div class=\"ngg-gallery-thumbnail\">\n            <a href=\"http:\/\/www.spaziotorino.it\/scatto\/wp-content\/gallery\/2023_05_10_exmoi\/PLA_2236.jpg\"\n               title=\"Inaugurazione studentato nelle palazzine dell\u2019ex Moi\"\n               data-src=\"http:\/\/www.spaziotorino.it\/scatto\/wp-content\/gallery\/2023_05_10_exmoi\/PLA_2236.jpg\"\n               data-thumbnail=\"http:\/\/www.spaziotorino.it\/scatto\/wp-content\/gallery\/2023_05_10_exmoi\/thumbs\/thumbs_PLA_2236.jpg\"\n               data-image-id=\"29124\"\n               data-title=\"Inaugurazione studentato nelle palazzine dell\u2019ex Moi\"\n               data-description=\"Inaugurazione studentato nelle palazzine dell\u2019ex Moi\"\n               data-image-slug=\"pla_2236-1\"\n               class=\"ngg-fancybox\" rel=\"032ac309cef8e176454b4a11bf526303\">\n                <img\n                    title=\"Inaugurazione studentato nelle palazzine dell\u2019ex Moi\"\n                    alt=\"Inaugurazione studentato nelle palazzine dell\u2019ex Moi\"\n                    src=\"http:\/\/www.spaziotorino.it\/scatto\/wp-content\/gallery\/2023_05_10_exmoi\/cache\/PLA_2236.jpg-nggid0529124-ngg0dyn-60x60x100-00f0w010c011r110f110r010t010.jpg\"\n                    width=\"60\"\n                    height=\"60\"\n                    style=\"max-width:100%;\"\n                \/>\n            <\/a>\n        <\/div>\n\t\t\t\t\t\t\t<\/div> \n\t\t\t\n        \n\t\t\t\t<div id=\"ngg-image-4\" class=\"ngg-gallery-thumbnail-box\" >\n\t\t\t\t        <div class=\"ngg-gallery-thumbnail\">\n            <a href=\"http:\/\/www.spaziotorino.it\/scatto\/wp-content\/gallery\/2023_05_10_exmoi\/PLA_2239.jpg\"\n               title=\"Inaugurazione studentato nelle palazzine dell\u2019ex Moi\"\n               data-src=\"http:\/\/www.spaziotorino.it\/scatto\/wp-content\/gallery\/2023_05_10_exmoi\/PLA_2239.jpg\"\n               data-thumbnail=\"http:\/\/www.spaziotorino.it\/scatto\/wp-content\/gallery\/2023_05_10_exmoi\/thumbs\/thumbs_PLA_2239.jpg\"\n               data-image-id=\"29125\"\n               data-title=\"Inaugurazione studentato nelle palazzine dell\u2019ex Moi\"\n               data-description=\"Inaugurazione studentato nelle palazzine dell\u2019ex Moi\"\n               data-image-slug=\"pla_2239-2\"\n               class=\"ngg-fancybox\" rel=\"032ac309cef8e176454b4a11bf526303\">\n                <img\n                    title=\"Inaugurazione studentato nelle palazzine dell\u2019ex Moi\"\n                    alt=\"Inaugurazione studentato nelle palazzine dell\u2019ex Moi\"\n                    src=\"http:\/\/www.spaziotorino.it\/scatto\/wp-content\/gallery\/2023_05_10_exmoi\/cache\/PLA_2239.jpg-nggid0529125-ngg0dyn-60x60x100-00f0w010c011r110f110r010t010.jpg\"\n                    width=\"60\"\n                    height=\"60\"\n                    style=\"max-width:100%;\"\n                \/>\n            <\/a>\n        <\/div>\n\t\t\t\t\t\t\t<\/div> \n\t\t\t\n        \n\t\t\t\t<div id=\"ngg-image-5\" class=\"ngg-gallery-thumbnail-box\" >\n\t\t\t\t        <div class=\"ngg-gallery-thumbnail\">\n            <a href=\"http:\/\/www.spaziotorino.it\/scatto\/wp-content\/gallery\/2023_05_10_exmoi\/PLA_2242.jpg\"\n               title=\"Inaugurazione studentato nelle palazzine dell\u2019ex Moi\"\n               data-src=\"http:\/\/www.spaziotorino.it\/scatto\/wp-content\/gallery\/2023_05_10_exmoi\/PLA_2242.jpg\"\n               data-thumbnail=\"http:\/\/www.spaziotorino.it\/scatto\/wp-content\/gallery\/2023_05_10_exmoi\/thumbs\/thumbs_PLA_2242.jpg\"\n               data-image-id=\"29126\"\n               data-title=\"Inaugurazione studentato nelle palazzine dell\u2019ex Moi\"\n               data-description=\"Inaugurazione studentato nelle palazzine dell\u2019ex Moi\"\n               data-image-slug=\"pla_2242-3\"\n               class=\"ngg-fancybox\" rel=\"032ac309cef8e176454b4a11bf526303\">\n                <img\n                    title=\"Inaugurazione studentato nelle palazzine dell\u2019ex Moi\"\n                    alt=\"Inaugurazione studentato nelle palazzine dell\u2019ex Moi\"\n                    src=\"http:\/\/www.spaziotorino.it\/scatto\/wp-content\/gallery\/2023_05_10_exmoi\/cache\/PLA_2242.jpg-nggid0529126-ngg0dyn-60x60x100-00f0w010c011r110f110r010t010.jpg\"\n                    width=\"60\"\n                    height=\"60\"\n                    style=\"max-width:100%;\"\n                \/>\n            <\/a>\n        <\/div>\n\t\t\t\t\t\t\t<\/div> \n\t\t\t\n        \n\t\t\t\t<div id=\"ngg-image-6\" class=\"ngg-gallery-thumbnail-box\" >\n\t\t\t\t        <div class=\"ngg-gallery-thumbnail\">\n            <a href=\"http:\/\/www.spaziotorino.it\/scatto\/wp-content\/gallery\/2023_05_10_exmoi\/PLA_2245.jpg\"\n               title=\"Inaugurazione studentato nelle palazzine dell\u2019ex Moi\"\n               data-src=\"http:\/\/www.spaziotorino.it\/scatto\/wp-content\/gallery\/2023_05_10_exmoi\/PLA_2245.jpg\"\n               data-thumbnail=\"http:\/\/www.spaziotorino.it\/scatto\/wp-content\/gallery\/2023_05_10_exmoi\/thumbs\/thumbs_PLA_2245.jpg\"\n               data-image-id=\"29127\"\n               data-title=\"Inaugurazione studentato nelle palazzine dell\u2019ex Moi\"\n               data-description=\"Inaugurazione studentato nelle palazzine dell\u2019ex Moi\"\n               data-image-slug=\"pla_2245-2\"\n               class=\"ngg-fancybox\" rel=\"032ac309cef8e176454b4a11bf526303\">\n                <img\n                    title=\"Inaugurazione studentato nelle palazzine dell\u2019ex Moi\"\n                    alt=\"Inaugurazione studentato nelle palazzine dell\u2019ex Moi\"\n                    src=\"http:\/\/www.spaziotorino.it\/scatto\/wp-content\/gallery\/2023_05_10_exmoi\/cache\/PLA_2245.jpg-nggid0529127-ngg0dyn-60x60x100-00f0w010c011r110f110r010t010.jpg\"\n                    width=\"60\"\n                    height=\"60\"\n                    style=\"max-width:100%;\"\n                \/>\n            <\/a>\n        <\/div>\n\t\t\t\t\t\t\t<\/div> \n\t\t\t\n        \n\t\t\n\t\t<!-- Pagination -->\n\t<div class='ngg-clear'><\/div>\t<\/div>\n\n<p>Un complesso residenziale di social housing, dedicato principalmente alla residenzialit\u00e0 temporanea a tariffe convenzionate per studenti e giovani lavoratori e per studenti meritevoli provenienti dalle graduatorie del Diritto allo studio, \u00e8 stato inaugurato questa mattina all\u2019interno delle sette palazzine dell\u2019ex Villaggio Olimpico Moi di Torino.<span id=\"more-111369\"><\/span><\/p>\n<p>La riqualificazione urbana e sociale attuata con l\u2019intervento mette a disposizione dei futuri residenti una dotazione di circa 400 posti letto, attraverso un\u2018offerta abitativa moderna ed accessibile, ricca di servizi alla persona e in linea con una citt\u00e0 universitaria come Torino che continua a vivere una fase di grande progettualit\u00e0 ed espansione.<\/p>\n<p>L\u2019evento di oggi avviene a seguito della conclusione del \u201cProgetto Moi \u2013 Migranti un\u2019Opportunit\u00e0 di Inclusione\u201d, promosso da Comune di Torino, Regione Piemonte, Prefettura di Torino, Diocesi di Torino, Citt\u00e0 Metropolitana di Torino e Fondazione Compagnia di San Paolo, che ha offerto opportunit\u00e0 di autonomia abitativa e lavorativa a oltre 800 persone che precedentemente occupavano quegli spazi, consentendo l\u2019avvio del processo di riqualificazione.<\/p>\n<p>Al taglio del nastro erano presenti Alberto Cirio, Presidente della Regione Piemonte, Stefano Lo Russo, Sindaco di Torino, Paolo Mazzoleni, Assessore all\u2019urbanistica di Torino, Giancarlo Scotti, Amministratore delegato di CDP Real Asset Sgr e Direttore Immobiliare di CDP Spa, Francesco Profumo, Presidente della Fondazione&nbsp;Compagnia di San Paolo, Paolo Boleso, Head of Residential and Social Infrastructure di Investire SGR, e Maurizio Carvelli, Ceo e Founder di Camplus.<\/p>\n<p>Dichiara il <strong>Sindaco Stefano Lo Russo<\/strong>: \u201c<em>Un\u2019importante eredit\u00e0 delle olimpiadi del 2006 viene oggi restituita alla citt\u00e0 con una funzione importante che \u00e8 quella della residenza per studenti, un grandissimo segnale da parte di Torino e della sua competitivit\u00e0 in un momento in cui in tutta Italia \u00e8 esploso il problema del caro affitti. Il quartiere beneficer\u00e0 di una rivitalizzazione nell\u2019ottica di una strategia urbana pi\u00f9 ampia che, proprio oggi, ha visto anche l\u2019apertura della passerella che collega la stazione Lingotto con via Nizza e la metropolitana, un quartiere su cui contiamo, con l\u2019arrivo del parco della salute e il riutilizzo delle arcate del Moi con la rifunzionalizzazione del palazzo del lavoro, di veder ripartire trasformato in un\u2019ottica di sviluppo.<\/em>\u201d.<\/p>\n","protected":false},"excerpt":{"rendered":"<p>Un complesso residenziale di social housing, dedicato principalmente alla residenzialit\u00e0 temporanea a tariffe convenzionate per studenti e giovani lavoratori e per studenti meritevoli provenienti dalle graduatorie del Diritto allo studio, \u00e8 stato inaugurato questa mattina all\u2019interno delle sette palazzine dell\u2019ex Villaggio Olimpico Moi di Torino. La riqualificazione urbana e sociale attuata con l\u2019intervento mette a [&hellip;]<\/p>\n","protected":false},"author":1,"featured_media":0,"comment_status":"closed","ping_status":"open","sticky":false,"template":"","format":"standard","meta":{"ngg_post_thumbnail":0},"categories":[1,41],"tags":[],"_links":{"self":[{"href":"http:\/\/www.spaziotorino.it\/scatto\/index.php?rest_route=\/wp\/v2\/posts\/45437"}],"collection":[{"href":"http:\/\/www.spaziotorino.it\/scatto\/index.php?rest_route=\/wp\/v2\/posts"}],"about":[{"href":"http:\/\/www.spaziotorino.it\/scatto\/index.php?rest_route=\/wp\/v2\/types\/post"}],"author":[{"embeddable":true,"href":"http:\/\/www.spaziotorino.it\/scatto\/index.php?rest_route=\/wp\/v2\/users\/1"}],"replies":[{"embeddable":true,"href":"http:\/\/www.spaziotorino.it\/scatto\/index.php?rest_route=%2Fwp%2Fv2%2Fcomments&post=45437"}],"version-history":[{"count":1,"href":"http:\/\/www.spaziotorino.it\/scatto\/index.php?rest_route=\/wp\/v2\/posts\/45437\/revisions"}],"predecessor-version":[{"id":45439,"href":"http:\/\/www.spaziotorino.it\/scatto\/index.php?rest_route=\/wp\/v2\/posts\/45437\/revisions\/45439"}],"wp:attachment":[{"href":"http:\/\/www.spaziotorino.it\/scatto\/index.php?rest_route=%2Fwp%2Fv2%2Fmedia&parent=45437"}],"wp:term":[{"taxonomy":"category","embeddable":true,"href":"http:\/\/www.spaziotorino.it\/scatto\/index.php?rest_route=%2Fwp%2Fv2%2Fcategories&post=45437"},{"taxonomy":"post_tag","embeddable":true,"href":"http:\/\/www.spaziotorino.it\/scatto\/index.php?rest_route=%2Fwp%2Fv2%2Ftags&post=45437"}],"curies":[{"name":"wp","href":"https:\/\/api.w.org\/{rel}","templated":true}]}}