{"id":45472,"date":"2023-05-10T15:38:30","date_gmt":"2023-05-10T14:38:30","guid":{"rendered":"http:\/\/www.spaziotorino.it\/scatto\/?p=45472"},"modified":"2023-05-10T15:38:30","modified_gmt":"2023-05-10T14:38:30","slug":"presentato-il-cartellone-di-mito-settembremusica-2023-citta","status":"publish","type":"post","link":"http:\/\/www.spaziotorino.it\/scatto\/?p=45472","title":{"rendered":"Presentato il cartellone di MITO SettembreMusica 2023: Citt\u00e0"},"content":{"rendered":"<p><a class=\"ngg-fancybox\" title=\"Presentato il cartellone di MITO SettembreMusica 2023: Citt\u00e0\" href=\"http:\/\/www.spaziotorino.it\/scatto\/wp-content\/gallery\/2023_05_10_mito\/PLA_2452.jpg\" rel=\"lightbox[set_1945]\"><br \/>\n<img decoding=\"async\" loading=\"lazy\" class=\"ngg-singlepic\" title=\"Presentato il cartellone di MITO SettembreMusica 2023: Citt\u00e0\" src=\"http:\/\/www.spaziotorino.it\/scatto\/wp-content\/gallery\/2023_05_10_mito\/PLA_2452.jpg\" alt=\"\" width=\"540\" height=\"360\"\/><\/a><\/p>\n<!-- index.php -->\n<div\n\tclass=\"ngg-galleryoverview ngg-ajax-pagination-none\"\n\tid=\"ngg-gallery-f78bb75d5b3932e6e5fe4b3d3d2ea470-1\">\n\n    \t\t<!-- Thumbnails -->\n\t\t\t\t<div id=\"ngg-image-0\" class=\"ngg-gallery-thumbnail-box\" >\n\t\t\t\t        <div class=\"ngg-gallery-thumbnail\">\n            <a href=\"http:\/\/www.spaziotorino.it\/scatto\/wp-content\/gallery\/2023_05_10_mito\/PLA_2365.jpg\"\n               title=\"Guido Rossi, Valentina Campana e il Sindaco Stefano Lo Russo\"\n               data-src=\"http:\/\/www.spaziotorino.it\/scatto\/wp-content\/gallery\/2023_05_10_mito\/PLA_2365.jpg\"\n               data-thumbnail=\"http:\/\/www.spaziotorino.it\/scatto\/wp-content\/gallery\/2023_05_10_mito\/thumbs\/thumbs_PLA_2365.jpg\"\n               data-image-id=\"29146\"\n               data-title=\"Guido Rossi, Valentina Campana e il Sindaco Stefano Lo Russo\"\n               data-description=\"Guido Rossi, Valentina Campana e il Sindaco Stefano Lo Russo\"\n               data-image-slug=\"pla_2365\"\n               class=\"ngg-fancybox\" rel=\"f78bb75d5b3932e6e5fe4b3d3d2ea470\">\n                <img\n                    title=\"Guido Rossi, Valentina Campana e il Sindaco Stefano Lo Russo\"\n                    alt=\"Guido Rossi, Valentina Campana e il Sindaco Stefano Lo Russo\"\n                    src=\"http:\/\/www.spaziotorino.it\/scatto\/wp-content\/gallery\/2023_05_10_mito\/cache\/PLA_2365.jpg-nggid0529146-ngg0dyn-60x60x100-00f0w010c011r110f110r010t010.jpg\"\n                    width=\"60\"\n                    height=\"60\"\n                    style=\"max-width:100%;\"\n                \/>\n            <\/a>\n        <\/div>\n\t\t\t\t\t\t\t<\/div> \n\t\t\t\n        \n\t\t\t\t<div id=\"ngg-image-1\" class=\"ngg-gallery-thumbnail-box\" >\n\t\t\t\t        <div class=\"ngg-gallery-thumbnail\">\n            <a href=\"http:\/\/www.spaziotorino.it\/scatto\/wp-content\/gallery\/2023_05_10_mito\/PLA_2399.jpg\"\n               title=\"Conferenza stampa di MITO SettembreMusica\"\n               data-src=\"http:\/\/www.spaziotorino.it\/scatto\/wp-content\/gallery\/2023_05_10_mito\/PLA_2399.jpg\"\n               data-thumbnail=\"http:\/\/www.spaziotorino.it\/scatto\/wp-content\/gallery\/2023_05_10_mito\/thumbs\/thumbs_PLA_2399.jpg\"\n               data-image-id=\"29147\"\n               data-title=\"Conferenza stampa di MITO SettembreMusica\"\n               data-description=\"Conferenza stampa di MITO SettembreMusica\"\n               data-image-slug=\"pla_2399-2\"\n               class=\"ngg-fancybox\" rel=\"f78bb75d5b3932e6e5fe4b3d3d2ea470\">\n                <img\n                    title=\"Conferenza stampa di MITO SettembreMusica\"\n                    alt=\"Conferenza stampa di MITO SettembreMusica\"\n                    src=\"http:\/\/www.spaziotorino.it\/scatto\/wp-content\/gallery\/2023_05_10_mito\/cache\/PLA_2399.jpg-nggid0529147-ngg0dyn-60x60x100-00f0w010c011r110f110r010t010.jpg\"\n                    width=\"60\"\n                    height=\"60\"\n                    style=\"max-width:100%;\"\n                \/>\n            <\/a>\n        <\/div>\n\t\t\t\t\t\t\t<\/div> \n\t\t\t\n        \n\t\t\t\t<div id=\"ngg-image-2\" class=\"ngg-gallery-thumbnail-box\" >\n\t\t\t\t        <div class=\"ngg-gallery-thumbnail\">\n            <a href=\"http:\/\/www.spaziotorino.it\/scatto\/wp-content\/gallery\/2023_05_10_mito\/PLA_2403.jpg\"\n               title=\"Conferenza stampa di MITO SettembreMusica\"\n               data-src=\"http:\/\/www.spaziotorino.it\/scatto\/wp-content\/gallery\/2023_05_10_mito\/PLA_2403.jpg\"\n               data-thumbnail=\"http:\/\/www.spaziotorino.it\/scatto\/wp-content\/gallery\/2023_05_10_mito\/thumbs\/thumbs_PLA_2403.jpg\"\n               data-image-id=\"29144\"\n               data-title=\"Conferenza stampa di MITO SettembreMusica\"\n               data-description=\"Conferenza stampa di MITO SettembreMusica\"\n               data-image-slug=\"pla_2403-1\"\n               class=\"ngg-fancybox\" rel=\"f78bb75d5b3932e6e5fe4b3d3d2ea470\">\n                <img\n                    title=\"Conferenza stampa di MITO SettembreMusica\"\n                    alt=\"Conferenza stampa di MITO SettembreMusica\"\n                    src=\"http:\/\/www.spaziotorino.it\/scatto\/wp-content\/gallery\/2023_05_10_mito\/cache\/PLA_2403.jpg-nggid0529144-ngg0dyn-60x60x100-00f0w010c011r110f110r010t010.jpg\"\n                    width=\"60\"\n                    height=\"60\"\n                    style=\"max-width:100%;\"\n                \/>\n            <\/a>\n        <\/div>\n\t\t\t\t\t\t\t<\/div> \n\t\t\t\n        \n\t\t\t\t<div id=\"ngg-image-3\" class=\"ngg-gallery-thumbnail-box\" >\n\t\t\t\t        <div class=\"ngg-gallery-thumbnail\">\n            <a href=\"http:\/\/www.spaziotorino.it\/scatto\/wp-content\/gallery\/2023_05_10_mito\/PLA_2393.jpg\"\n               title=\"Il Direttore Artistico di MITO, Nicola Campogrande\"\n               data-src=\"http:\/\/www.spaziotorino.it\/scatto\/wp-content\/gallery\/2023_05_10_mito\/PLA_2393.jpg\"\n               data-thumbnail=\"http:\/\/www.spaziotorino.it\/scatto\/wp-content\/gallery\/2023_05_10_mito\/thumbs\/thumbs_PLA_2393.jpg\"\n               data-image-id=\"29145\"\n               data-title=\"Il Direttore Artistico di MITO, Nicola Campogrande\"\n               data-description=\"Il Direttore Artistico di MITO, Nicola Campogrande\"\n               data-image-slug=\"pla_2393-4\"\n               class=\"ngg-fancybox\" rel=\"f78bb75d5b3932e6e5fe4b3d3d2ea470\">\n                <img\n                    title=\"Il Direttore Artistico di MITO, Nicola Campogrande\"\n                    alt=\"Il Direttore Artistico di MITO, Nicola Campogrande\"\n                    src=\"http:\/\/www.spaziotorino.it\/scatto\/wp-content\/gallery\/2023_05_10_mito\/cache\/PLA_2393.jpg-nggid0529145-ngg0dyn-60x60x100-00f0w010c011r110f110r010t010.jpg\"\n                    width=\"60\"\n                    height=\"60\"\n                    style=\"max-width:100%;\"\n                \/>\n            <\/a>\n        <\/div>\n\t\t\t\t\t\t\t<\/div> \n\t\t\t\n        \n\t\t\t\t<div id=\"ngg-image-4\" class=\"ngg-gallery-thumbnail-box\" >\n\t\t\t\t        <div class=\"ngg-gallery-thumbnail\">\n            <a href=\"http:\/\/www.spaziotorino.it\/scatto\/wp-content\/gallery\/2023_05_10_mito\/PLA_2366.jpg\"\n               title=\"Conferenza stampa di MITO SettembreMusica\"\n               data-src=\"http:\/\/www.spaziotorino.it\/scatto\/wp-content\/gallery\/2023_05_10_mito\/PLA_2366.jpg\"\n               data-thumbnail=\"http:\/\/www.spaziotorino.it\/scatto\/wp-content\/gallery\/2023_05_10_mito\/thumbs\/thumbs_PLA_2366.jpg\"\n               data-image-id=\"29148\"\n               data-title=\"Conferenza stampa di MITO SettembreMusica\"\n               data-description=\"Conferenza stampa di MITO SettembreMusica\"\n               data-image-slug=\"pla_2366-2\"\n               class=\"ngg-fancybox\" rel=\"f78bb75d5b3932e6e5fe4b3d3d2ea470\">\n                <img\n                    title=\"Conferenza stampa di MITO SettembreMusica\"\n                    alt=\"Conferenza stampa di MITO SettembreMusica\"\n                    src=\"http:\/\/www.spaziotorino.it\/scatto\/wp-content\/gallery\/2023_05_10_mito\/cache\/PLA_2366.jpg-nggid0529148-ngg0dyn-60x60x100-00f0w010c011r110f110r010t010.jpg\"\n                    width=\"60\"\n                    height=\"60\"\n                    style=\"max-width:100%;\"\n                \/>\n            <\/a>\n        <\/div>\n\t\t\t\t\t\t\t<\/div> \n\t\t\t\n        \n\t\t\t\t<div id=\"ngg-image-5\" class=\"ngg-gallery-thumbnail-box\" >\n\t\t\t\t        <div class=\"ngg-gallery-thumbnail\">\n            <a href=\"http:\/\/www.spaziotorino.it\/scatto\/wp-content\/gallery\/2023_05_10_mito\/PLA_2383.jpg\"\n               title=\"Il Sindaco Stefano Lo Russo\"\n               data-src=\"http:\/\/www.spaziotorino.it\/scatto\/wp-content\/gallery\/2023_05_10_mito\/PLA_2383.jpg\"\n               data-thumbnail=\"http:\/\/www.spaziotorino.it\/scatto\/wp-content\/gallery\/2023_05_10_mito\/thumbs\/thumbs_PLA_2383.jpg\"\n               data-image-id=\"29149\"\n               data-title=\"Il Sindaco Stefano Lo Russo\"\n               data-description=\"Il Sindaco Stefano Lo Russo\"\n               data-image-slug=\"pla_2383-1\"\n               class=\"ngg-fancybox\" rel=\"f78bb75d5b3932e6e5fe4b3d3d2ea470\">\n                <img\n                    title=\"Il Sindaco Stefano Lo Russo\"\n                    alt=\"Il Sindaco Stefano Lo Russo\"\n                    src=\"http:\/\/www.spaziotorino.it\/scatto\/wp-content\/gallery\/2023_05_10_mito\/cache\/PLA_2383.jpg-nggid0529149-ngg0dyn-60x60x100-00f0w010c011r110f110r010t010.jpg\"\n                    width=\"60\"\n                    height=\"60\"\n                    style=\"max-width:100%;\"\n                \/>\n            <\/a>\n        <\/div>\n\t\t\t\t\t\t\t<\/div> \n\t\t\t\n        \n\t\t\t\t<div id=\"ngg-image-6\" class=\"ngg-gallery-thumbnail-box\" >\n\t\t\t\t        <div class=\"ngg-gallery-thumbnail\">\n            <a href=\"http:\/\/www.spaziotorino.it\/scatto\/wp-content\/gallery\/2023_05_10_mito\/PLA_2437.jpg\"\n               title=\"Stefano Lo Russo e Nicola Campogrande\"\n               data-src=\"http:\/\/www.spaziotorino.it\/scatto\/wp-content\/gallery\/2023_05_10_mito\/PLA_2437.jpg\"\n               data-thumbnail=\"http:\/\/www.spaziotorino.it\/scatto\/wp-content\/gallery\/2023_05_10_mito\/thumbs\/thumbs_PLA_2437.jpg\"\n               data-image-id=\"29151\"\n               data-title=\"Stefano Lo Russo e Nicola Campogrande\"\n               data-description=\"Stefano Lo Russo e Nicola Campogrande\"\n               data-image-slug=\"pla_2437-1\"\n               class=\"ngg-fancybox\" rel=\"f78bb75d5b3932e6e5fe4b3d3d2ea470\">\n                <img\n                    title=\"Stefano Lo Russo e Nicola Campogrande\"\n                    alt=\"Stefano Lo Russo e Nicola Campogrande\"\n                    src=\"http:\/\/www.spaziotorino.it\/scatto\/wp-content\/gallery\/2023_05_10_mito\/cache\/PLA_2437.jpg-nggid0529151-ngg0dyn-60x60x100-00f0w010c011r110f110r010t010.jpg\"\n                    width=\"60\"\n                    height=\"60\"\n                    style=\"max-width:100%;\"\n                \/>\n            <\/a>\n        <\/div>\n\t\t\t\t\t\t\t<\/div> \n\t\t\t\n        \n\t\t\t\t<div id=\"ngg-image-7\" class=\"ngg-gallery-thumbnail-box\" >\n\t\t\t\t        <div class=\"ngg-gallery-thumbnail\">\n            <a href=\"http:\/\/www.spaziotorino.it\/scatto\/wp-content\/gallery\/2023_05_10_mito\/PLA_2428.jpg\"\n               title=\"In collegamento da Milano Anna Gastel,  Presidente del Festival\"\n               data-src=\"http:\/\/www.spaziotorino.it\/scatto\/wp-content\/gallery\/2023_05_10_mito\/PLA_2428.jpg\"\n               data-thumbnail=\"http:\/\/www.spaziotorino.it\/scatto\/wp-content\/gallery\/2023_05_10_mito\/thumbs\/thumbs_PLA_2428.jpg\"\n               data-image-id=\"29150\"\n               data-title=\"In collegamento da Milano Anna Gastel,  Presidente del Festival\"\n               data-description=\"In collegamento da Milano Anna Gastel,  Presidente del Festival\"\n               data-image-slug=\"pla_2428-1\"\n               class=\"ngg-fancybox\" rel=\"f78bb75d5b3932e6e5fe4b3d3d2ea470\">\n                <img\n                    title=\"In collegamento da Milano Anna Gastel,  Presidente del Festival\"\n                    alt=\"In collegamento da Milano Anna Gastel,  Presidente del Festival\"\n                    src=\"http:\/\/www.spaziotorino.it\/scatto\/wp-content\/gallery\/2023_05_10_mito\/cache\/PLA_2428.jpg-nggid0529150-ngg0dyn-60x60x100-00f0w010c011r110f110r010t010.jpg\"\n                    width=\"60\"\n                    height=\"60\"\n                    style=\"max-width:100%;\"\n                \/>\n            <\/a>\n        <\/div>\n\t\t\t\t\t\t\t<\/div> \n\t\t\t\n        \n\t\t\t\t<div id=\"ngg-image-8\" class=\"ngg-gallery-thumbnail-box\" >\n\t\t\t\t        <div class=\"ngg-gallery-thumbnail\">\n            <a href=\"http:\/\/www.spaziotorino.it\/scatto\/wp-content\/gallery\/2023_05_10_mito\/PLA_2412.jpg\"\n               title=\"Rosanna Purchia e Stefano Lo Russo\"\n               data-src=\"http:\/\/www.spaziotorino.it\/scatto\/wp-content\/gallery\/2023_05_10_mito\/PLA_2412.jpg\"\n               data-thumbnail=\"http:\/\/www.spaziotorino.it\/scatto\/wp-content\/gallery\/2023_05_10_mito\/thumbs\/thumbs_PLA_2412.jpg\"\n               data-image-id=\"29153\"\n               data-title=\"Rosanna Purchia e Stefano Lo Russo\"\n               data-description=\"Rosanna Purchia e Stefano Lo Russo\"\n               data-image-slug=\"pla_2412-2\"\n               class=\"ngg-fancybox\" rel=\"f78bb75d5b3932e6e5fe4b3d3d2ea470\">\n                <img\n                    title=\"Rosanna Purchia e Stefano Lo Russo\"\n                    alt=\"Rosanna Purchia e Stefano Lo Russo\"\n                    src=\"http:\/\/www.spaziotorino.it\/scatto\/wp-content\/gallery\/2023_05_10_mito\/cache\/PLA_2412.jpg-nggid0529153-ngg0dyn-60x60x100-00f0w010c011r110f110r010t010.jpg\"\n                    width=\"60\"\n                    height=\"60\"\n                    style=\"max-width:100%;\"\n                \/>\n            <\/a>\n        <\/div>\n\t\t\t\t\t\t\t<\/div> \n\t\t\t\n        \n\t\t\t\t<div id=\"ngg-image-9\" class=\"ngg-gallery-thumbnail-box\" >\n\t\t\t\t        <div class=\"ngg-gallery-thumbnail\">\n            <a href=\"http:\/\/www.spaziotorino.it\/scatto\/wp-content\/gallery\/2023_05_10_mito\/PLA_2456.jpg\"\n               title=\"Rosanna Purchia, Nicola Campogrande e Stefano Lo Russo\"\n               data-src=\"http:\/\/www.spaziotorino.it\/scatto\/wp-content\/gallery\/2023_05_10_mito\/PLA_2456.jpg\"\n               data-thumbnail=\"http:\/\/www.spaziotorino.it\/scatto\/wp-content\/gallery\/2023_05_10_mito\/thumbs\/thumbs_PLA_2456.jpg\"\n               data-image-id=\"29152\"\n               data-title=\"Rosanna Purchia, Nicola Campogrande e Stefano Lo Russo\"\n               data-description=\"Rosanna Purchia, Nicola Campogrande e Stefano Lo Russo\"\n               data-image-slug=\"pla_2456-3\"\n               class=\"ngg-fancybox\" rel=\"f78bb75d5b3932e6e5fe4b3d3d2ea470\">\n                <img\n                    title=\"Rosanna Purchia, Nicola Campogrande e Stefano Lo Russo\"\n                    alt=\"Rosanna Purchia, Nicola Campogrande e Stefano Lo Russo\"\n                    src=\"http:\/\/www.spaziotorino.it\/scatto\/wp-content\/gallery\/2023_05_10_mito\/cache\/PLA_2456.jpg-nggid0529152-ngg0dyn-60x60x100-00f0w010c011r110f110r010t010.jpg\"\n                    width=\"60\"\n                    height=\"60\"\n                    style=\"max-width:100%;\"\n                \/>\n            <\/a>\n        <\/div>\n\t\t\t\t\t\t\t<\/div> \n\t\t\t\n        \n\t\t\n\t\t<!-- Pagination -->\n\t<div class='ngg-clear'><\/div>\t<\/div>\n\n<p>\u00c8&nbsp;\u201c<strong>Citt\u00e0\u201d<\/strong>&nbsp;il tema&nbsp;dell&#8217;edizione <strong>2023<\/strong> del&nbsp;<strong>Festival MITO SettembreMusica<\/strong>, in programma&nbsp;<strong>dal 7 al 22 settembre a Milano e a Torino<\/strong>: un viaggio musicale che si apre al mondo grazie alla grande musica e a interpreti d&#8217;eccellenza, coinvolgendo il pubblico in una fruizione sempre pi\u00f9 condivisa e con uno spirito di aggregazione ancora pi\u00f9 ampio.<\/p>\n<p>\u00abLa musica classica, per sua natura, appartiene al mondo&nbsp;\u2013&nbsp;spiega il&nbsp;<strong>direttore artistico Nicola Campogrande<\/strong>.&nbsp;Certo, i compositori la inventano in qualche luogo: il loro pianoforte, il loro tavolo da lavoro, sono a Vienna o a Parigi, a Napoli o a Mosca, a Praga o a New York. Ma poi gli interpreti viaggiano, fanno conoscere i brani, li diffondono e cos\u00ec, a un certo punto, capita che l\u2019origine di una partitura, la sua storia, la citt\u00e0 nella quale \u00e8 nata passino in secondo piano, sbiadiscano, si dimentichino.&nbsp;Qualche volta, per\u00f2, \u00e8 bello riallacciare la relazione che ha legato un brano al territorio nel quale ha preso vita, riscoprire le tradizioni, le abitudini, gli stili, le mode tra le quali sono state create una sinfonia o un quartetto, un concerto per violoncello o una sonata\u00bb.<\/p>\n<p>\u00abMITO SettembreMusica, Festival che da diciassette anni unisce Milano e Torino&nbsp;\u2013&nbsp;dicono&nbsp;i\u202f&nbsp;<strong>Sindaci&nbsp;<\/strong>delle due citt\u00e0&nbsp;<strong>Giuseppe Sala e Stefano Lo Russo<\/strong>&nbsp;&nbsp;\u2013&nbsp;quest&#8217;anno si muove raggiungendo idealmente molte altre citt\u00e0 del mondo con un programma creato con fantasia e spirito di sfida, capace di costruire percorsi, visioni, curve pericolose o gentili che portano a paesaggi la cui&nbsp;bellezza \u00e8&nbsp;da godere dal vivo, partecipi, coinvolti, emozionati, nel segno dell&#8217;eccellenza, della qualit\u00e0 e dell&#8217;immaginazione\u00bb.<\/p>\n<p>Si rafforza dunque la caratteristica di MITO di portare la grande musica ovunque\u202fe per tutti. Quest&#8217;anno infatti il Festival torna in piazza \u2013 luogo di incontro per eccellenza nelle citt\u00e0 \u2013 e dedica grande attenzione alle famiglie, privilegiando la programmazione dei fine settimana, per consentire una maggiore condivisione, sempre nel segno della qualit\u00e0. Come da tradizione, tutti i concerti sono costruiti ad hoc attorno al tema generale, grazie anche alla collaborazione con gli artisti ospiti del Festival, e vedono un&#8217;<strong>introduzione all\u2019ascolto<\/strong>, che in questa edizione sar\u00e0 affidata a&nbsp;Gaia Varon, Stefano Catucci, Corrado Greco e Alberto Brunero. Non mancano brani offerti in prima esecuzione italiana e trascrizioni inedite. Si andr\u00e0 cos\u00ec alla scoperta di quelle \u201ccitt\u00e0\u201d che hanno ispirato i compositori nelle loro creazioni in diversi momenti della storia della musica. Ma non solo: si esploreranno anche i luoghi vicini ai musicisti che interpretano quelle pagine.<\/p>\n<p>\u00abLo schema del Festival, che tanto successo ha avuto in queste passate edizioni, rimane lo stesso \u2013 sottolinea la&nbsp;<strong>Presidente Anna Gastel<\/strong>. Concerti a Milano e Torino con prime esecuzioni e brani pi\u00f9 conosciuti; artisti nazionali e internazionali; Festival nel Festival con i pianisti italiani che si esibiscono in teatri di quartiere; grandi orchestre che si faranno ascoltare in sedi prestigiose, dalla Scala al Lingotto o nei Conservatori musicali delle due citt\u00e0, sempre a prezzi popolari. Proprio per queste sue caratteristiche il pubblico \u00e8 stato e sar\u00e0 eterogeneo. Avvicineremo nuovi e appassionati spettatori sperando che ognuno possa \u201critagliarsi\u201d il proprio palinsesto tra tante originali proposte\u00bb.<\/p>\n<p>\u00abMITO SettembreMusica ha il pregio di diffondere la musica come patrimonio universale, rendendola accessibile a tutti, con una particolare attenzione alle famiglie. Coinvolge Milano e Torino, le citt\u00e0 dove Intesa Sanpaolo ha sede, dove il tradizionale impegno della Banca a sostegno dell\u2019arte e della cultura si esprime con particolare forza per innescare processi di crescita anche sul piano sociale, economico e occupazionale\u00bb, ha commentato <strong>Fabrizio Paschina, Executive Director Comunicazione e Immagine Intesa Sanpaolo<\/strong>, in occasione della conferenza stampa.<\/p>\n<p>Nel nuovo cartellone le due citt\u00e0 protagoniste di MITO si omaggiano vicendevolmente. Il Festival si apre infatti&nbsp;<strong>gioved\u00ec 7 settembre al Teatro alla Scala di Milano<\/strong>, con l\u2019<strong>Orchestra del Teatro Regio di Torino<\/strong>&nbsp;diretta dal travolgente&nbsp;<strong>Wayne Marshall&nbsp;<\/strong>(l\u2019inaugurazione, come da tradizione, \u00e8 doppia: si replica&nbsp;<strong>venerd\u00ec 8 all\u2019Auditorium Giovanni Agnelli &#8211; Lingotto di Torino<\/strong>). Eloquente il programma della serata con il musical di Bernstein&nbsp;<em>Wonderful Town<\/em>, presentato in forma di concerto, che narra di due sorelle originarie dell\u2019Ohio giunte a New York per cercare fortuna. Si chiude invece&nbsp;<strong>venerd\u00ec 22 settembre all\u2019Auditorium Giovanni Agnelli &#8211; Lingotto di Torino<\/strong>, con la&nbsp;<strong>Filarmonica della Scala&nbsp;<\/strong>guidata da&nbsp;<strong>Andr\u00e9s Orozco-Estrada<\/strong>&nbsp;e con il grande virtuoso del violoncello&nbsp;<strong>Mario Brunello<\/strong>. Qui ci si sposta nell\u2019Europa dell\u2019Est con \u201cPraga\u201d, titolo dell&#8217;appuntamento che accosta due pagine del compositore ceco Dvo\u0159\u00e1k: il <em>Concerto per violoncello e orchestra<\/em> e la <em>Settima Sinfonia<\/em>.<\/p>\n<p>Piazza San Carlo a Torino torna ad accogliere il grande pubblico di MITO il 9 settembre con l&#8217;<strong>Orchestra Sinfonica Nazionale della Rai<\/strong>&nbsp;diretta da&nbsp;<strong>Juraj Val\u010duha<\/strong>&nbsp;e con l&#8217;estroso pianista&nbsp;<strong>Stefano Bollani<\/strong>. New York \u00e8 il filo conduttore della serata che vedr\u00e0 la prima esecuzione italiana di&nbsp;<em>Red&nbsp;<\/em>da&nbsp;<em>Color Field<\/em>&nbsp;di Anna Clyne, che si \u00e8 ispirata alle opere del grande pittore newyorkese Mark Rothko, accanto all\u2019Ouverture da&nbsp;<em>Candide&nbsp;<\/em>di Bernstein, alla&nbsp;<em>Rhapsody in Blue<\/em>&nbsp;di Gershwin e alla Sinfonia&nbsp;<em>Dal Nuovo Mondo<\/em>&nbsp;di Dvo\u0159\u00e1k. Il giorno prima lo stesso concerto si potr\u00e0 ascoltare nella Sala Verdi del Conservatorio di Milano.<\/p>\n<p>\u00c8 di nuovo protagonista una tra le pi\u00f9 prestigiose orchestre britanniche, celebrata nel mondo: la&nbsp;<strong>Royal Philharmonic Orchestra<\/strong>&nbsp;con&nbsp;<strong>Vasily Petrenko<\/strong>&nbsp;sul podio e la violinista&nbsp;<strong>Julia Fischer&nbsp;<\/strong>come solista (il 14 Milano, il 15 a Torino). \u201cRussie\u201d \u00e8 il titolo del programma che vede un\u2019altra prima esecuzione in Italia:&nbsp;<em>Icarus<\/em>&nbsp;di Lera Auerbach, compositrice nata a 700 km da Votkinsk, paese natale di \u010cajkovskij, di cui si ascolta il celeberrimo <em>Concerto per violino e orchestra<\/em>. E la terza \u201ctappa\u201d russa \u00e8 quella con la musica di Musorgskij e il suo suggestivo&nbsp;<em>Quadri di un\u2019esposizione<\/em>. Si viaggia, poi, in Spagna \u201cTra Granada, Madrid e Aranjuez\u201d con l\u2019<strong>Orchestra Sinfonica di Milano<\/strong>&nbsp;e il direttore&nbsp;<strong>Josep Vicent<\/strong>&nbsp;(il 16 a Milano, il 17 a Torino). Solista \u00e8 il chitarrista&nbsp;<strong>Pablo S\u00e1inz Villegas<\/strong>, definito \u201cl\u2019anima della chitarra spagnola\u201d, che interpreta il&nbsp;<em>Concierto de Aranjuez<\/em>&nbsp;di Joaqu\u00edn Rodrigo. Ritmi e melodie spagnoleggianti sono garantiti grazie a&nbsp;pagine di Falla e al&nbsp;<em>Capriccio spagnolo<\/em>&nbsp;di&nbsp;Rimskij-Korsakov. L\u2019incanto di Parigi ci accompagner\u00e0 nell\u2019appuntamento intitolato \u201cDue capolavori sulla Senna\u201d, che vede ospiti due stelle francesi del pianoforte come le sorelle&nbsp;<strong>Katia e Marielle Lab\u00e8que<\/strong>, insieme all\u2019<strong>Orchestra Filarmonica di Torino<\/strong>&nbsp;guidata da&nbsp;<strong>Giampaolo Pretto<\/strong>. La Sinfonia detta&nbsp;<em>Parigi<\/em>&nbsp;e la&nbsp;<em>Gavotta e Andante<\/em>&nbsp;da&nbsp;<em>Les petits riens<\/em>&nbsp;di Mozart circondano il Concerto per due pianoforti del quarantasettenne Bryce Dessner, compositore americano trasferitosi nella capitale francese.&nbsp;Gi\u00e0 applauditi nelle scorse edizioni del Festival, tornano il 19 a Torino e il 20 per l\u2019ultimo concerto serale a Milano la&nbsp;<strong>Tallinn Chamber Orchestra<\/strong>&nbsp;e l\u2019<strong>Estonian Philharmonic Chamber Choir<\/strong>, con la direzione di&nbsp;<strong>Risto Joos<\/strong>, per il concerto dal titolo \u201cIn volo\u201d: saranno infatti impegnati nella prima esecuzione italiana di&nbsp;<em>The Sound of Wings<\/em>&nbsp;di T\u00f5nu K\u00f5rvits, che completa cos\u00ec il suo ciclo di lavori per coro e orchestra, presentati da MITO nel corso degli anni. Questa volta il compositore estone si \u00e8 ispirato&nbsp;alla celebre aviatrice americana Amelia&nbsp;Earhart, scomparsa mentre volava intorno al mondo.<\/p>\n<p>La fisarmonica \u00e8 l\u2019insolita protagonista di due concerti che vedono&nbsp;<strong>trascrizioni commissionate dal Festival MITO SettembreMusica<\/strong>&nbsp;<strong>eseguite in prima assoluta<\/strong>: il primo \u00e8 \u201cBuenos Aires\u201d (9 a Milano, 10 a Torino), con l\u2019<strong>Orchestra I Pomeriggi Musicali&nbsp;<\/strong>diretta da&nbsp;<strong>Alessandro Cadario<\/strong>&nbsp;e il grande virtuoso&nbsp;<strong>Richard Galliano<\/strong>&nbsp;come solista, e il secondo \u00e8 \u201cTra Stradella e Castelfidardo\u201d (18 a Milano e 21 a Torino) con il pluripremiato fisarmonicista trentunenne&nbsp;<strong>Samuele Telari<\/strong>.<\/p>\n<p>Da non perdere domenica 17 settembre alla mattina, nella Chiesa di Santa Maria Segreta in Piazza Nicol\u00f2 Tommaseo a Milano, l\u2019appuntamento con il grandioso stile secentesco che domina la laguna veneziana, tra pagine di Monteverdi, Croce e Gabrieli interpretate dal&nbsp;<strong>Consort Maghini&nbsp;<\/strong>diretto da&nbsp;<strong>Claudio Chiavazza<\/strong>.<\/p>\n<p>Interpreti di fama internazionale come&nbsp;<strong>Ivo Pogorelich&nbsp;<\/strong>e&nbsp;<strong>Alexandre Tharaud<\/strong>, che si possono ascoltare in due diversi recital, non sono i soli pianisti presenti a MITO 2023. Torna infatti, dopo il successo dello scorso anno, il&nbsp;\u201c<strong>Festival nel Festival<\/strong>\u201d&nbsp;che offre concerti monografici decentrati nelle due citt\u00e0, dedicati a grandi compositori e raccolti sotto la dicitura \u201cIl pianoforte di &#8230;\u201d, con protagonisti&nbsp;<strong>14 talenti italiani della tastiera<\/strong>: da Maria Perrotta a Roberto Plano, da Anna Kravtchenko ad Andrea Rebaudengo, da Roberto Cominati a Leonora Armellini, passando per il grande ritorno del duo Canino\/Ballista.<\/p>\n<p>L\u2019attenzione dedicata alle&nbsp;<strong>famiglie&nbsp;<\/strong>\u00e8 sottolineata anche nei programmi, offerti nei fine settimana, con la&nbsp;<strong>commissione a Martino Gozzi dei testi di un dittico<\/strong>&nbsp;\u2013&nbsp;formato da \u201cDorothy nella citt\u00e0 dei ragazzi\u201d e \u201cDorothy nella citt\u00e0 dei bambini\u201d \u2013 che far\u00e0 viaggiare bambini, ragazzi e adulti guidati da due attrici d\u2019eccezione:&nbsp;<strong>Licia Maglietta<\/strong>&nbsp;e&nbsp;<strong>Laura Curino<\/strong>, nuovamente ospiti del Festival. Giovani anche i musicisti coinvolti: l\u2019Orchestra dei Conservatori di Torino e Milano nel primo spettacolo e i Piccoli Cantori di Torino nel secondo.<\/p>\n<p>La diciassettesima edizione di MITO SettembreMusica \u00e8 l&#8217;ultima impaginata da Nicola Campogrande, che dopo otto anni di direzione artistica lascia il Festival. Sotto la sua direzione, dal 2016, sono nate le edizioni intitolate&nbsp;<em>Padri e figli, Natura, Danza, Geografie, Spiriti, Futuri, Luci,&nbsp;<\/em>e infine&nbsp;<em>Citt\u00e0<\/em>.&nbsp;<strong>I Sindaci di Milano e di Torino&nbsp;<\/strong>lo ringraziano e lo salutano: \u00abA Campogrande, senza retorica, con riconoscenza e affetto, va la nostra gratitudine, insieme a quella \u2013 ne siamo certi \u2013 delle migliaia di ascoltatori che hanno seguito i concerti\u00bb.<\/p>\n<p>I&nbsp;<strong>prezzi&nbsp;<\/strong>sono ancora una volta molto contenuti: i biglietti vanno&nbsp;<strong>dai 5 ai 30 euro<\/strong> (e a Torino, nell&#8217;ambito di Torino futura, per&nbsp;chi \u00e8 nato&nbsp;dal&nbsp;2009&nbsp;i biglietti costano 1&nbsp;euro). I concerti serali in citt\u00e0 quest&#8217;anno avranno luogo alle ore 20, mentre i serali decentrati resteranno programmati alle 21 e i pomeridiani alle 17.<\/p>\n<p>MITO\u202fSettembreMusica \u00e8 un progetto delle Citt\u00e0 di Milano e Torino, con il contributo del&nbsp;<strong>Ministero della Cultura<\/strong>, realizzato dalla&nbsp;<strong>Fondazione I Pomeriggi Musicali <\/strong>e dalla&nbsp;<strong>Fondazione per la Cultura Torino<\/strong>, con il sostegno \u2013 sin dalla prima edizione \u2013 del Partner&nbsp;<strong>Intesa Sanpaolo<\/strong>, e della&nbsp;<strong>Fondazione Compagnia di San Paolo<\/strong>,\u202fdegli sponsor&nbsp;<strong>Iren<\/strong>,&nbsp;<strong>Pirelli&nbsp;<\/strong>e\u202f<strong>Fondazione Fiera Milano<\/strong>&nbsp;e con il contributo di&nbsp;<strong>Fondazione CRT<\/strong>.&nbsp;<\/p>\n<p>Il sostegno di Intesa Sanpaolo alla diciassettesima edizione di MITO SettembreMusica si esprime anche attraverso alcuni appuntamenti: oltre alle due inaugurazioni di cui \u00e8 Presenting Partner,&nbsp; due concerti pianistici al grattacielo di Torino, \u201cIl pianoforte di Prokof\u2019ev\u201d il 13 settembre e \u201cIl pianoforte di Liszt\u201d il 22 settembre, e il concerto \u201cTra Stradella e Castelfidardo\u201d previsto a Milano il 18 settembre al Santuario di San Giuseppe.<\/p>\n<p>La Rai si conferma Media Partner del festival\u202fcon&nbsp;<strong>Rai Cultura<\/strong>&nbsp;e&nbsp;<strong>Rai5<\/strong>, che realizzano un documentario sul festival, e con&nbsp;<strong>Rai Radio3<\/strong>, che trasmette i concerti in diretta o in differita radiofonica.<\/p>\n","protected":false},"excerpt":{"rendered":"<p>\u00c8&nbsp;\u201cCitt\u00e0\u201d&nbsp;il tema&nbsp;dell&#8217;edizione 2023 del&nbsp;Festival MITO SettembreMusica, in programma&nbsp;dal 7 al 22 settembre a Milano e a Torino: un viaggio musicale che si apre al mondo grazie alla grande musica e a interpreti d&#8217;eccellenza, coinvolgendo il pubblico in una fruizione sempre pi\u00f9 condivisa e con uno spirito di aggregazione ancora pi\u00f9 ampio. \u00abLa musica classica, per [&hellip;]<\/p>\n","protected":false},"author":1,"featured_media":0,"comment_status":"closed","ping_status":"open","sticky":false,"template":"","format":"standard","meta":{"ngg_post_thumbnail":0},"categories":[1,134],"tags":[],"_links":{"self":[{"href":"http:\/\/www.spaziotorino.it\/scatto\/index.php?rest_route=\/wp\/v2\/posts\/45472"}],"collection":[{"href":"http:\/\/www.spaziotorino.it\/scatto\/index.php?rest_route=\/wp\/v2\/posts"}],"about":[{"href":"http:\/\/www.spaziotorino.it\/scatto\/index.php?rest_route=\/wp\/v2\/types\/post"}],"author":[{"embeddable":true,"href":"http:\/\/www.spaziotorino.it\/scatto\/index.php?rest_route=\/wp\/v2\/users\/1"}],"replies":[{"embeddable":true,"href":"http:\/\/www.spaziotorino.it\/scatto\/index.php?rest_route=%2Fwp%2Fv2%2Fcomments&post=45472"}],"version-history":[{"count":2,"href":"http:\/\/www.spaziotorino.it\/scatto\/index.php?rest_route=\/wp\/v2\/posts\/45472\/revisions"}],"predecessor-version":[{"id":45517,"href":"http:\/\/www.spaziotorino.it\/scatto\/index.php?rest_route=\/wp\/v2\/posts\/45472\/revisions\/45517"}],"wp:attachment":[{"href":"http:\/\/www.spaziotorino.it\/scatto\/index.php?rest_route=%2Fwp%2Fv2%2Fmedia&parent=45472"}],"wp:term":[{"taxonomy":"category","embeddable":true,"href":"http:\/\/www.spaziotorino.it\/scatto\/index.php?rest_route=%2Fwp%2Fv2%2Fcategories&post=45472"},{"taxonomy":"post_tag","embeddable":true,"href":"http:\/\/www.spaziotorino.it\/scatto\/index.php?rest_route=%2Fwp%2Fv2%2Ftags&post=45472"}],"curies":[{"name":"wp","href":"https:\/\/api.w.org\/{rel}","templated":true}]}}