{"id":45513,"date":"2023-05-12T22:35:02","date_gmt":"2023-05-12T21:35:02","guid":{"rendered":"http:\/\/www.spaziotorino.it\/scatto\/?p=45513"},"modified":"2023-05-16T13:24:04","modified_gmt":"2023-05-16T12:24:04","slug":"torino-capitale-delle-citta-per-i-diritti","status":"publish","type":"post","link":"http:\/\/www.spaziotorino.it\/scatto\/?p=45513","title":{"rendered":"Torino capitale delle citt\u00e0 per i diritti"},"content":{"rendered":"<p><a class=\"ngg-fancybox\" title=\"Torino capitale delle citt\u00e0 per i diritti\" href=\"http:\/\/www.spaziotorino.it\/scatto\/wp-content\/gallery\/2023_05_12_diritti\/PLA_3159.jpg\" rel=\"lightbox[set_1946]\"><br \/>\n<img decoding=\"async\" loading=\"lazy\" class=\"ngg-singlepic\" title=\"Torino capitale delle citt\u00e0 per i diritti\" src=\"http:\/\/www.spaziotorino.it\/scatto\/wp-content\/gallery\/2023_05_12_diritti\/PLA_3159.jpg\" alt=\"\" width=\"540\" height=\"360\"\/><\/a><\/p>\n<!-- index.php -->\n<div\n\tclass=\"ngg-galleryoverview ngg-ajax-pagination-none\"\n\tid=\"ngg-gallery-5ad8123e7e1fb0b5a4db2bc50e71c194-1\">\n\n    \t\t<!-- Thumbnails -->\n\t\t\t\t<div id=\"ngg-image-0\" class=\"ngg-gallery-thumbnail-box\" >\n\t\t\t\t        <div class=\"ngg-gallery-thumbnail\">\n            <a href=\"http:\/\/www.spaziotorino.it\/scatto\/wp-content\/gallery\/2023_05_12_diritti\/PLA_2469.jpg\"\n               title=\"Una rappresentanza dei Sindaci in piazza Carignano\"\n               data-src=\"http:\/\/www.spaziotorino.it\/scatto\/wp-content\/gallery\/2023_05_12_diritti\/PLA_2469.jpg\"\n               data-thumbnail=\"http:\/\/www.spaziotorino.it\/scatto\/wp-content\/gallery\/2023_05_12_diritti\/thumbs\/thumbs_PLA_2469.jpg\"\n               data-image-id=\"29156\"\n               data-title=\"Una rappresentanza dei Sindaci in piazza Carignano\"\n               data-description=\"Una rappresentanza dei Sindaci in piazza Carignano\"\n               data-image-slug=\"pla_2469-1\"\n               class=\"ngg-fancybox\" rel=\"5ad8123e7e1fb0b5a4db2bc50e71c194\">\n                <img\n                    title=\"Una rappresentanza dei Sindaci in piazza Carignano\"\n                    alt=\"Una rappresentanza dei Sindaci in piazza Carignano\"\n                    src=\"http:\/\/www.spaziotorino.it\/scatto\/wp-content\/gallery\/2023_05_12_diritti\/cache\/PLA_2469.jpg-nggid0529156-ngg0dyn-60x60x100-00f0w010c011r110f110r010t010.jpg\"\n                    width=\"60\"\n                    height=\"60\"\n                    style=\"max-width:100%;\"\n                \/>\n            <\/a>\n        <\/div>\n\t\t\t\t\t\t\t<\/div> \n\t\t\t\n        \n\t\t\t\t<div id=\"ngg-image-1\" class=\"ngg-gallery-thumbnail-box\" >\n\t\t\t\t        <div class=\"ngg-gallery-thumbnail\">\n            <a href=\"http:\/\/www.spaziotorino.it\/scatto\/wp-content\/gallery\/2023_05_12_diritti\/PLA_2524.jpg\"\n               title=\"Stefano Lo Russo (Torino) e Carlo Maria Salvemini (Lecce)\"\n               data-src=\"http:\/\/www.spaziotorino.it\/scatto\/wp-content\/gallery\/2023_05_12_diritti\/PLA_2524.jpg\"\n               data-thumbnail=\"http:\/\/www.spaziotorino.it\/scatto\/wp-content\/gallery\/2023_05_12_diritti\/thumbs\/thumbs_PLA_2524.jpg\"\n               data-image-id=\"29155\"\n               data-title=\"Stefano Lo Russo (Torino) e Carlo Maria Salvemini (Lecce)\"\n               data-description=\"Stefano Lo Russo (Torino) e Carlo Maria Salvemini (Lecce)\"\n               data-image-slug=\"pla_2524-1\"\n               class=\"ngg-fancybox\" rel=\"5ad8123e7e1fb0b5a4db2bc50e71c194\">\n                <img\n                    title=\"Stefano Lo Russo (Torino) e Carlo Maria Salvemini (Lecce)\"\n                    alt=\"Stefano Lo Russo (Torino) e Carlo Maria Salvemini (Lecce)\"\n                    src=\"http:\/\/www.spaziotorino.it\/scatto\/wp-content\/gallery\/2023_05_12_diritti\/cache\/PLA_2524.jpg-nggid0529155-ngg0dyn-60x60x100-00f0w010c011r110f110r010t010.jpg\"\n                    width=\"60\"\n                    height=\"60\"\n                    style=\"max-width:100%;\"\n                \/>\n            <\/a>\n        <\/div>\n\t\t\t\t\t\t\t<\/div> \n\t\t\t\n        \n\t\t\t\t<div id=\"ngg-image-2\" class=\"ngg-gallery-thumbnail-box\" >\n\t\t\t\t        <div class=\"ngg-gallery-thumbnail\">\n            <a href=\"http:\/\/www.spaziotorino.it\/scatto\/wp-content\/gallery\/2023_05_12_diritti\/PLA_2509.jpg\"\n               title=\"Alessandro Zan ricevuto dal Sindaco Lo Russo\"\n               data-src=\"http:\/\/www.spaziotorino.it\/scatto\/wp-content\/gallery\/2023_05_12_diritti\/PLA_2509.jpg\"\n               data-thumbnail=\"http:\/\/www.spaziotorino.it\/scatto\/wp-content\/gallery\/2023_05_12_diritti\/thumbs\/thumbs_PLA_2509.jpg\"\n               data-image-id=\"29157\"\n               data-title=\"Alessandro Zan ricevuto dal Sindaco Lo Russo\"\n               data-description=\"Alessandro Zan ricevuto dal Sindaco Lo Russo\"\n               data-image-slug=\"pla_2509-1\"\n               class=\"ngg-fancybox\" rel=\"5ad8123e7e1fb0b5a4db2bc50e71c194\">\n                <img\n                    title=\"Alessandro Zan ricevuto dal Sindaco Lo Russo\"\n                    alt=\"Alessandro Zan ricevuto dal Sindaco Lo Russo\"\n                    src=\"http:\/\/www.spaziotorino.it\/scatto\/wp-content\/gallery\/2023_05_12_diritti\/cache\/PLA_2509.jpg-nggid0529157-ngg0dyn-60x60x100-00f0w010c011r110f110r010t010.jpg\"\n                    width=\"60\"\n                    height=\"60\"\n                    style=\"max-width:100%;\"\n                \/>\n            <\/a>\n        <\/div>\n\t\t\t\t\t\t\t<\/div> \n\t\t\t\n        \n\t\t\t\t<div id=\"ngg-image-3\" class=\"ngg-gallery-thumbnail-box\" >\n\t\t\t\t        <div class=\"ngg-gallery-thumbnail\">\n            <a href=\"http:\/\/www.spaziotorino.it\/scatto\/wp-content\/gallery\/2023_05_12_diritti\/PLA_2475.jpg\"\n               title=\"Una rappresentanza dei Sindaci in piazza Carignano\"\n               data-src=\"http:\/\/www.spaziotorino.it\/scatto\/wp-content\/gallery\/2023_05_12_diritti\/PLA_2475.jpg\"\n               data-thumbnail=\"http:\/\/www.spaziotorino.it\/scatto\/wp-content\/gallery\/2023_05_12_diritti\/thumbs\/thumbs_PLA_2475.jpg\"\n               data-image-id=\"29158\"\n               data-title=\"Una rappresentanza dei Sindaci in piazza Carignano\"\n               data-description=\"Una rappresentanza dei Sindaci in piazza Carignano\"\n               data-image-slug=\"pla_2475-1\"\n               class=\"ngg-fancybox\" rel=\"5ad8123e7e1fb0b5a4db2bc50e71c194\">\n                <img\n                    title=\"Una rappresentanza dei Sindaci in piazza Carignano\"\n                    alt=\"Una rappresentanza dei Sindaci in piazza Carignano\"\n                    src=\"http:\/\/www.spaziotorino.it\/scatto\/wp-content\/gallery\/2023_05_12_diritti\/cache\/PLA_2475.jpg-nggid0529158-ngg0dyn-60x60x100-00f0w010c011r110f110r010t010.jpg\"\n                    width=\"60\"\n                    height=\"60\"\n                    style=\"max-width:100%;\"\n                \/>\n            <\/a>\n        <\/div>\n\t\t\t\t\t\t\t<\/div> \n\t\t\t\n        \n\t\t\t\t<div id=\"ngg-image-4\" class=\"ngg-gallery-thumbnail-box\" >\n\t\t\t\t        <div class=\"ngg-gallery-thumbnail\">\n            <a href=\"http:\/\/www.spaziotorino.it\/scatto\/wp-content\/gallery\/2023_05_12_diritti\/PLA_2505.jpg\"\n               title=\"Una rappresentanza dei Sindaci in piazza Carignano\"\n               data-src=\"http:\/\/www.spaziotorino.it\/scatto\/wp-content\/gallery\/2023_05_12_diritti\/PLA_2505.jpg\"\n               data-thumbnail=\"http:\/\/www.spaziotorino.it\/scatto\/wp-content\/gallery\/2023_05_12_diritti\/thumbs\/thumbs_PLA_2505.jpg\"\n               data-image-id=\"29159\"\n               data-title=\"Una rappresentanza dei Sindaci in piazza Carignano\"\n               data-description=\"Una rappresentanza dei Sindaci in piazza Carignano\"\n               data-image-slug=\"pla_2505\"\n               class=\"ngg-fancybox\" rel=\"5ad8123e7e1fb0b5a4db2bc50e71c194\">\n                <img\n                    title=\"Una rappresentanza dei Sindaci in piazza Carignano\"\n                    alt=\"Una rappresentanza dei Sindaci in piazza Carignano\"\n                    src=\"http:\/\/www.spaziotorino.it\/scatto\/wp-content\/gallery\/2023_05_12_diritti\/cache\/PLA_2505.jpg-nggid0529159-ngg0dyn-60x60x100-00f0w010c011r110f110r010t010.jpg\"\n                    width=\"60\"\n                    height=\"60\"\n                    style=\"max-width:100%;\"\n                \/>\n            <\/a>\n        <\/div>\n\t\t\t\t\t\t\t<\/div> \n\t\t\t\n        \n\t\t\t\t<div id=\"ngg-image-5\" class=\"ngg-gallery-thumbnail-box\" >\n\t\t\t\t        <div class=\"ngg-gallery-thumbnail\">\n            <a href=\"http:\/\/www.spaziotorino.it\/scatto\/wp-content\/gallery\/2023_05_12_diritti\/PLA_2482.jpg\"\n               title=\"Torino capitale delle citt\u00e0 per i diritti\"\n               data-src=\"http:\/\/www.spaziotorino.it\/scatto\/wp-content\/gallery\/2023_05_12_diritti\/PLA_2482.jpg\"\n               data-thumbnail=\"http:\/\/www.spaziotorino.it\/scatto\/wp-content\/gallery\/2023_05_12_diritti\/thumbs\/thumbs_PLA_2482.jpg\"\n               data-image-id=\"29160\"\n               data-title=\"Torino capitale delle citt\u00e0 per i diritti\"\n               data-description=\"Torino capitale delle citt\u00e0 per i diritti\"\n               data-image-slug=\"pla_2482-1\"\n               class=\"ngg-fancybox\" rel=\"5ad8123e7e1fb0b5a4db2bc50e71c194\">\n                <img\n                    title=\"Torino capitale delle citt\u00e0 per i diritti\"\n                    alt=\"Torino capitale delle citt\u00e0 per i diritti\"\n                    src=\"http:\/\/www.spaziotorino.it\/scatto\/wp-content\/gallery\/2023_05_12_diritti\/cache\/PLA_2482.jpg-nggid0529160-ngg0dyn-60x60x100-00f0w010c011r110f110r010t010.jpg\"\n                    width=\"60\"\n                    height=\"60\"\n                    style=\"max-width:100%;\"\n                \/>\n            <\/a>\n        <\/div>\n\t\t\t\t\t\t\t<\/div> \n\t\t\t\n        \n\t\t\t\t<div id=\"ngg-image-6\" class=\"ngg-gallery-thumbnail-box\" >\n\t\t\t\t        <div class=\"ngg-gallery-thumbnail\">\n            <a href=\"http:\/\/www.spaziotorino.it\/scatto\/wp-content\/gallery\/2023_05_12_diritti\/PLA_2548.jpg\"\n               title=\"Una rappresentanza dei Sindaci in piazza Carignano\"\n               data-src=\"http:\/\/www.spaziotorino.it\/scatto\/wp-content\/gallery\/2023_05_12_diritti\/PLA_2548.jpg\"\n               data-thumbnail=\"http:\/\/www.spaziotorino.it\/scatto\/wp-content\/gallery\/2023_05_12_diritti\/thumbs\/thumbs_PLA_2548.jpg\"\n               data-image-id=\"29161\"\n               data-title=\"Una rappresentanza dei Sindaci in piazza Carignano\"\n               data-description=\"Una rappresentanza dei Sindaci in piazza Carignano\"\n               data-image-slug=\"pla_2548-1\"\n               class=\"ngg-fancybox\" rel=\"5ad8123e7e1fb0b5a4db2bc50e71c194\">\n                <img\n                    title=\"Una rappresentanza dei Sindaci in piazza Carignano\"\n                    alt=\"Una rappresentanza dei Sindaci in piazza Carignano\"\n                    src=\"http:\/\/www.spaziotorino.it\/scatto\/wp-content\/gallery\/2023_05_12_diritti\/cache\/PLA_2548.jpg-nggid0529161-ngg0dyn-60x60x100-00f0w010c011r110f110r010t010.jpg\"\n                    width=\"60\"\n                    height=\"60\"\n                    style=\"max-width:100%;\"\n                \/>\n            <\/a>\n        <\/div>\n\t\t\t\t\t\t\t<\/div> \n\t\t\t\n        \n\t\t\t\t<div id=\"ngg-image-7\" class=\"ngg-gallery-thumbnail-box\" >\n\t\t\t\t        <div class=\"ngg-gallery-thumbnail\">\n            <a href=\"http:\/\/www.spaziotorino.it\/scatto\/wp-content\/gallery\/2023_05_12_diritti\/PLA_2559.jpg\"\n               title=\"Una rappresentanza dei Sindaci in piazza Carignano\"\n               data-src=\"http:\/\/www.spaziotorino.it\/scatto\/wp-content\/gallery\/2023_05_12_diritti\/PLA_2559.jpg\"\n               data-thumbnail=\"http:\/\/www.spaziotorino.it\/scatto\/wp-content\/gallery\/2023_05_12_diritti\/thumbs\/thumbs_PLA_2559.jpg\"\n               data-image-id=\"29162\"\n               data-title=\"Una rappresentanza dei Sindaci in piazza Carignano\"\n               data-description=\"Una rappresentanza dei Sindaci in piazza Carignano\"\n               data-image-slug=\"pla_2559\"\n               class=\"ngg-fancybox\" rel=\"5ad8123e7e1fb0b5a4db2bc50e71c194\">\n                <img\n                    title=\"Una rappresentanza dei Sindaci in piazza Carignano\"\n                    alt=\"Una rappresentanza dei Sindaci in piazza Carignano\"\n                    src=\"http:\/\/www.spaziotorino.it\/scatto\/wp-content\/gallery\/2023_05_12_diritti\/cache\/PLA_2559.jpg-nggid0529162-ngg0dyn-60x60x100-00f0w010c011r110f110r010t010.jpg\"\n                    width=\"60\"\n                    height=\"60\"\n                    style=\"max-width:100%;\"\n                \/>\n            <\/a>\n        <\/div>\n\t\t\t\t\t\t\t<\/div> \n\t\t\t\n        \n\t\t\t\t<div id=\"ngg-image-8\" class=\"ngg-gallery-thumbnail-box\" >\n\t\t\t\t        <div class=\"ngg-gallery-thumbnail\">\n            <a href=\"http:\/\/www.spaziotorino.it\/scatto\/wp-content\/gallery\/2023_05_12_diritti\/PLA_2561.jpg\"\n               title=\"Torino capitale delle citt\u00e0 per i diritti\"\n               data-src=\"http:\/\/www.spaziotorino.it\/scatto\/wp-content\/gallery\/2023_05_12_diritti\/PLA_2561.jpg\"\n               data-thumbnail=\"http:\/\/www.spaziotorino.it\/scatto\/wp-content\/gallery\/2023_05_12_diritti\/thumbs\/thumbs_PLA_2561.jpg\"\n               data-image-id=\"29163\"\n               data-title=\"Torino capitale delle citt\u00e0 per i diritti\"\n               data-description=\"Torino capitale delle citt\u00e0 per i diritti\"\n               data-image-slug=\"pla_2561-1\"\n               class=\"ngg-fancybox\" rel=\"5ad8123e7e1fb0b5a4db2bc50e71c194\">\n                <img\n                    title=\"Torino capitale delle citt\u00e0 per i diritti\"\n                    alt=\"Torino capitale delle citt\u00e0 per i diritti\"\n                    src=\"http:\/\/www.spaziotorino.it\/scatto\/wp-content\/gallery\/2023_05_12_diritti\/cache\/PLA_2561.jpg-nggid0529163-ngg0dyn-60x60x100-00f0w010c011r110f110r010t010.jpg\"\n                    width=\"60\"\n                    height=\"60\"\n                    style=\"max-width:100%;\"\n                \/>\n            <\/a>\n        <\/div>\n\t\t\t\t\t\t\t<\/div> \n\t\t\t\n        \n\t\t\t\t<div id=\"ngg-image-9\" class=\"ngg-gallery-thumbnail-box\" >\n\t\t\t\t        <div class=\"ngg-gallery-thumbnail\">\n            <a href=\"http:\/\/www.spaziotorino.it\/scatto\/wp-content\/gallery\/2023_05_12_diritti\/PLA_2590.jpg\"\n               title=\"Torino capitale delle citt\u00e0 per i diritti\"\n               data-src=\"http:\/\/www.spaziotorino.it\/scatto\/wp-content\/gallery\/2023_05_12_diritti\/PLA_2590.jpg\"\n               data-thumbnail=\"http:\/\/www.spaziotorino.it\/scatto\/wp-content\/gallery\/2023_05_12_diritti\/thumbs\/thumbs_PLA_2590.jpg\"\n               data-image-id=\"29164\"\n               data-title=\"Torino capitale delle citt\u00e0 per i diritti\"\n               data-description=\"Torino capitale delle citt\u00e0 per i diritti\"\n               data-image-slug=\"pla_2590\"\n               class=\"ngg-fancybox\" rel=\"5ad8123e7e1fb0b5a4db2bc50e71c194\">\n                <img\n                    title=\"Torino capitale delle citt\u00e0 per i diritti\"\n                    alt=\"Torino capitale delle citt\u00e0 per i diritti\"\n                    src=\"http:\/\/www.spaziotorino.it\/scatto\/wp-content\/gallery\/2023_05_12_diritti\/cache\/PLA_2590.jpg-nggid0529164-ngg0dyn-60x60x100-00f0w010c011r110f110r010t010.jpg\"\n                    width=\"60\"\n                    height=\"60\"\n                    style=\"max-width:100%;\"\n                \/>\n            <\/a>\n        <\/div>\n\t\t\t\t\t\t\t<\/div> \n\t\t\t\n        \n\t\t\t\t<div id=\"ngg-image-10\" class=\"ngg-gallery-thumbnail-box\" >\n\t\t\t\t        <div class=\"ngg-gallery-thumbnail\">\n            <a href=\"http:\/\/www.spaziotorino.it\/scatto\/wp-content\/gallery\/2023_05_12_diritti\/PLA_2627.jpg\"\n               title=\"Francesca Pascale, Paola Turci, Massimo Giannini e Carlo Maria Salvemini\"\n               data-src=\"http:\/\/www.spaziotorino.it\/scatto\/wp-content\/gallery\/2023_05_12_diritti\/PLA_2627.jpg\"\n               data-thumbnail=\"http:\/\/www.spaziotorino.it\/scatto\/wp-content\/gallery\/2023_05_12_diritti\/thumbs\/thumbs_PLA_2627.jpg\"\n               data-image-id=\"29165\"\n               data-title=\"Francesca Pascale, Paola Turci, Massimo Giannini e Carlo Maria Salvemini\"\n               data-description=\"Francesca Pascale, Paola Turci, Massimo Giannini e Carlo Maria Salvemini\"\n               data-image-slug=\"pla_2627\"\n               class=\"ngg-fancybox\" rel=\"5ad8123e7e1fb0b5a4db2bc50e71c194\">\n                <img\n                    title=\"Francesca Pascale, Paola Turci, Massimo Giannini e Carlo Maria Salvemini\"\n                    alt=\"Francesca Pascale, Paola Turci, Massimo Giannini e Carlo Maria Salvemini\"\n                    src=\"http:\/\/www.spaziotorino.it\/scatto\/wp-content\/gallery\/2023_05_12_diritti\/cache\/PLA_2627.jpg-nggid0529165-ngg0dyn-60x60x100-00f0w010c011r110f110r010t010.jpg\"\n                    width=\"60\"\n                    height=\"60\"\n                    style=\"max-width:100%;\"\n                \/>\n            <\/a>\n        <\/div>\n\t\t\t\t\t\t\t<\/div> \n\t\t\t\n        \n\t\t\t\t<div id=\"ngg-image-11\" class=\"ngg-gallery-thumbnail-box\" >\n\t\t\t\t        <div class=\"ngg-gallery-thumbnail\">\n            <a href=\"http:\/\/www.spaziotorino.it\/scatto\/wp-content\/gallery\/2023_05_12_diritti\/PLA_2572.jpg\"\n               title=\"Chiara Appendino e Elena Piastra (Settimo Torinese)\"\n               data-src=\"http:\/\/www.spaziotorino.it\/scatto\/wp-content\/gallery\/2023_05_12_diritti\/PLA_2572.jpg\"\n               data-thumbnail=\"http:\/\/www.spaziotorino.it\/scatto\/wp-content\/gallery\/2023_05_12_diritti\/thumbs\/thumbs_PLA_2572.jpg\"\n               data-image-id=\"29166\"\n               data-title=\"Chiara Appendino e Elena Piastra (Settimo Torinese)\"\n               data-description=\"Chiara Appendino e Elena Piastra (Settimo Torinese)\"\n               data-image-slug=\"pla_2572-1\"\n               class=\"ngg-fancybox\" rel=\"5ad8123e7e1fb0b5a4db2bc50e71c194\">\n                <img\n                    title=\"Chiara Appendino e Elena Piastra (Settimo Torinese)\"\n                    alt=\"Chiara Appendino e Elena Piastra (Settimo Torinese)\"\n                    src=\"http:\/\/www.spaziotorino.it\/scatto\/wp-content\/gallery\/2023_05_12_diritti\/cache\/PLA_2572.jpg-nggid0529166-ngg0dyn-60x60x100-00f0w010c011r110f110r010t010.jpg\"\n                    width=\"60\"\n                    height=\"60\"\n                    style=\"max-width:100%;\"\n                \/>\n            <\/a>\n        <\/div>\n\t\t\t\t\t\t\t<\/div> \n\t\t\t\n        \n\t\t\t\t<div id=\"ngg-image-12\" class=\"ngg-gallery-thumbnail-box\" >\n\t\t\t\t        <div class=\"ngg-gallery-thumbnail\">\n            <a href=\"http:\/\/www.spaziotorino.it\/scatto\/wp-content\/gallery\/2023_05_12_diritti\/PLA_2666.jpg\"\n               title=\"Teatro Carignano: Citt\u00e0 dei Diritti\"\n               data-src=\"http:\/\/www.spaziotorino.it\/scatto\/wp-content\/gallery\/2023_05_12_diritti\/PLA_2666.jpg\"\n               data-thumbnail=\"http:\/\/www.spaziotorino.it\/scatto\/wp-content\/gallery\/2023_05_12_diritti\/thumbs\/thumbs_PLA_2666.jpg\"\n               data-image-id=\"29167\"\n               data-title=\"Teatro Carignano: Citt\u00e0 dei Diritti\"\n               data-description=\"Teatro Carignano: Citt\u00e0 dei Diritti\"\n               data-image-slug=\"pla_2666-2\"\n               class=\"ngg-fancybox\" rel=\"5ad8123e7e1fb0b5a4db2bc50e71c194\">\n                <img\n                    title=\"Teatro Carignano: Citt\u00e0 dei Diritti\"\n                    alt=\"Teatro Carignano: Citt\u00e0 dei Diritti\"\n                    src=\"http:\/\/www.spaziotorino.it\/scatto\/wp-content\/gallery\/2023_05_12_diritti\/cache\/PLA_2666.jpg-nggid0529167-ngg0dyn-60x60x100-00f0w010c011r110f110r010t010.jpg\"\n                    width=\"60\"\n                    height=\"60\"\n                    style=\"max-width:100%;\"\n                \/>\n            <\/a>\n        <\/div>\n\t\t\t\t\t\t\t<\/div> \n\t\t\t\n        \n\t\t\t\t<div id=\"ngg-image-13\" class=\"ngg-gallery-thumbnail-box\" >\n\t\t\t\t        <div class=\"ngg-gallery-thumbnail\">\n            <a href=\"http:\/\/www.spaziotorino.it\/scatto\/wp-content\/gallery\/2023_05_12_diritti\/PLA_2680.jpg\"\n               title=\"La Giunta di Torino presente a teatro Carignano\"\n               data-src=\"http:\/\/www.spaziotorino.it\/scatto\/wp-content\/gallery\/2023_05_12_diritti\/PLA_2680.jpg\"\n               data-thumbnail=\"http:\/\/www.spaziotorino.it\/scatto\/wp-content\/gallery\/2023_05_12_diritti\/thumbs\/thumbs_PLA_2680.jpg\"\n               data-image-id=\"29168\"\n               data-title=\"La Giunta di Torino presente a teatro Carignano\"\n               data-description=\"La Giunta di Torino presente a teatro Carignano\"\n               data-image-slug=\"pla_2680\"\n               class=\"ngg-fancybox\" rel=\"5ad8123e7e1fb0b5a4db2bc50e71c194\">\n                <img\n                    title=\"La Giunta di Torino presente a teatro Carignano\"\n                    alt=\"La Giunta di Torino presente a teatro Carignano\"\n                    src=\"http:\/\/www.spaziotorino.it\/scatto\/wp-content\/gallery\/2023_05_12_diritti\/cache\/PLA_2680.jpg-nggid0529168-ngg0dyn-60x60x100-00f0w010c011r110f110r010t010.jpg\"\n                    width=\"60\"\n                    height=\"60\"\n                    style=\"max-width:100%;\"\n                \/>\n            <\/a>\n        <\/div>\n\t\t\t\t\t\t\t<\/div> \n\t\t\t\n        \n\t\t\t\t<div id=\"ngg-image-14\" class=\"ngg-gallery-thumbnail-box\" >\n\t\t\t\t        <div class=\"ngg-gallery-thumbnail\">\n            <a href=\"http:\/\/www.spaziotorino.it\/scatto\/wp-content\/gallery\/2023_05_12_diritti\/PLA_2703.jpg\"\n               title=\"Torino capitale delle citt\u00e0 per i diritti\"\n               data-src=\"http:\/\/www.spaziotorino.it\/scatto\/wp-content\/gallery\/2023_05_12_diritti\/PLA_2703.jpg\"\n               data-thumbnail=\"http:\/\/www.spaziotorino.it\/scatto\/wp-content\/gallery\/2023_05_12_diritti\/thumbs\/thumbs_PLA_2703.jpg\"\n               data-image-id=\"29169\"\n               data-title=\"Torino capitale delle citt\u00e0 per i diritti\"\n               data-description=\"Torino capitale delle citt\u00e0 per i diritti\"\n               data-image-slug=\"pla_2703\"\n               class=\"ngg-fancybox\" rel=\"5ad8123e7e1fb0b5a4db2bc50e71c194\">\n                <img\n                    title=\"Torino capitale delle citt\u00e0 per i diritti\"\n                    alt=\"Torino capitale delle citt\u00e0 per i diritti\"\n                    src=\"http:\/\/www.spaziotorino.it\/scatto\/wp-content\/gallery\/2023_05_12_diritti\/cache\/PLA_2703.jpg-nggid0529169-ngg0dyn-60x60x100-00f0w010c011r110f110r010t010.jpg\"\n                    width=\"60\"\n                    height=\"60\"\n                    style=\"max-width:100%;\"\n                \/>\n            <\/a>\n        <\/div>\n\t\t\t\t\t\t\t<\/div> \n\t\t\t\n        \n\t\t\t\t<div id=\"ngg-image-15\" class=\"ngg-gallery-thumbnail-box\" >\n\t\t\t\t        <div class=\"ngg-gallery-thumbnail\">\n            <a href=\"http:\/\/www.spaziotorino.it\/scatto\/wp-content\/gallery\/2023_05_12_diritti\/PLA_2725.jpg\"\n               title=\"Vladimir Luxuria\"\n               data-src=\"http:\/\/www.spaziotorino.it\/scatto\/wp-content\/gallery\/2023_05_12_diritti\/PLA_2725.jpg\"\n               data-thumbnail=\"http:\/\/www.spaziotorino.it\/scatto\/wp-content\/gallery\/2023_05_12_diritti\/thumbs\/thumbs_PLA_2725.jpg\"\n               data-image-id=\"29170\"\n               data-title=\"Vladimir Luxuria\"\n               data-description=\"Vladimir Luxuria\"\n               data-image-slug=\"pla_2725-1\"\n               class=\"ngg-fancybox\" rel=\"5ad8123e7e1fb0b5a4db2bc50e71c194\">\n                <img\n                    title=\"Vladimir Luxuria\"\n                    alt=\"Vladimir Luxuria\"\n                    src=\"http:\/\/www.spaziotorino.it\/scatto\/wp-content\/gallery\/2023_05_12_diritti\/cache\/PLA_2725.jpg-nggid0529170-ngg0dyn-60x60x100-00f0w010c011r110f110r010t010.jpg\"\n                    width=\"60\"\n                    height=\"60\"\n                    style=\"max-width:100%;\"\n                \/>\n            <\/a>\n        <\/div>\n\t\t\t\t\t\t\t<\/div> \n\t\t\t\n        \n\t\t\t\t<div id=\"ngg-image-16\" class=\"ngg-gallery-thumbnail-box\" >\n\t\t\t\t        <div class=\"ngg-gallery-thumbnail\">\n            <a href=\"http:\/\/www.spaziotorino.it\/scatto\/wp-content\/gallery\/2023_05_12_diritti\/PLA_2694.jpg\"\n               title=\"Massimo Giannini e Stefano Lo Russo\"\n               data-src=\"http:\/\/www.spaziotorino.it\/scatto\/wp-content\/gallery\/2023_05_12_diritti\/PLA_2694.jpg\"\n               data-thumbnail=\"http:\/\/www.spaziotorino.it\/scatto\/wp-content\/gallery\/2023_05_12_diritti\/thumbs\/thumbs_PLA_2694.jpg\"\n               data-image-id=\"29171\"\n               data-title=\"Massimo Giannini e Stefano Lo Russo\"\n               data-description=\"Massimo Giannini e Stefano Lo Russo\"\n               data-image-slug=\"pla_2694\"\n               class=\"ngg-fancybox\" rel=\"5ad8123e7e1fb0b5a4db2bc50e71c194\">\n                <img\n                    title=\"Massimo Giannini e Stefano Lo Russo\"\n                    alt=\"Massimo Giannini e Stefano Lo Russo\"\n                    src=\"http:\/\/www.spaziotorino.it\/scatto\/wp-content\/gallery\/2023_05_12_diritti\/cache\/PLA_2694.jpg-nggid0529171-ngg0dyn-60x60x100-00f0w010c011r110f110r010t010.jpg\"\n                    width=\"60\"\n                    height=\"60\"\n                    style=\"max-width:100%;\"\n                \/>\n            <\/a>\n        <\/div>\n\t\t\t\t\t\t\t<\/div> \n\t\t\t\n        \n\t\t\t\t<div id=\"ngg-image-17\" class=\"ngg-gallery-thumbnail-box\" >\n\t\t\t\t        <div class=\"ngg-gallery-thumbnail\">\n            <a href=\"http:\/\/www.spaziotorino.it\/scatto\/wp-content\/gallery\/2023_05_12_diritti\/PLA_2716.jpg\"\n               title=\"Torino capitale delle citt\u00e0 per i diritti\"\n               data-src=\"http:\/\/www.spaziotorino.it\/scatto\/wp-content\/gallery\/2023_05_12_diritti\/PLA_2716.jpg\"\n               data-thumbnail=\"http:\/\/www.spaziotorino.it\/scatto\/wp-content\/gallery\/2023_05_12_diritti\/thumbs\/thumbs_PLA_2716.jpg\"\n               data-image-id=\"29172\"\n               data-title=\"Torino capitale delle citt\u00e0 per i diritti\"\n               data-description=\"Torino capitale delle citt\u00e0 per i diritti\"\n               data-image-slug=\"pla_2716\"\n               class=\"ngg-fancybox\" rel=\"5ad8123e7e1fb0b5a4db2bc50e71c194\">\n                <img\n                    title=\"Torino capitale delle citt\u00e0 per i diritti\"\n                    alt=\"Torino capitale delle citt\u00e0 per i diritti\"\n                    src=\"http:\/\/www.spaziotorino.it\/scatto\/wp-content\/gallery\/2023_05_12_diritti\/cache\/PLA_2716.jpg-nggid0529172-ngg0dyn-60x60x100-00f0w010c011r110f110r010t010.jpg\"\n                    width=\"60\"\n                    height=\"60\"\n                    style=\"max-width:100%;\"\n                \/>\n            <\/a>\n        <\/div>\n\t\t\t\t\t\t\t<\/div> \n\t\t\t\n        \n\t\t\t\t<div id=\"ngg-image-18\" class=\"ngg-gallery-thumbnail-box\" >\n\t\t\t\t        <div class=\"ngg-gallery-thumbnail\">\n            <a href=\"http:\/\/www.spaziotorino.it\/scatto\/wp-content\/gallery\/2023_05_12_diritti\/PLA_2730.jpg\"\n               title=\"Torino capitale delle citt\u00e0 per i diritti\"\n               data-src=\"http:\/\/www.spaziotorino.it\/scatto\/wp-content\/gallery\/2023_05_12_diritti\/PLA_2730.jpg\"\n               data-thumbnail=\"http:\/\/www.spaziotorino.it\/scatto\/wp-content\/gallery\/2023_05_12_diritti\/thumbs\/thumbs_PLA_2730.jpg\"\n               data-image-id=\"29173\"\n               data-title=\"Torino capitale delle citt\u00e0 per i diritti\"\n               data-description=\"Torino capitale delle citt\u00e0 per i diritti\"\n               data-image-slug=\"pla_2730\"\n               class=\"ngg-fancybox\" rel=\"5ad8123e7e1fb0b5a4db2bc50e71c194\">\n                <img\n                    title=\"Torino capitale delle citt\u00e0 per i diritti\"\n                    alt=\"Torino capitale delle citt\u00e0 per i diritti\"\n                    src=\"http:\/\/www.spaziotorino.it\/scatto\/wp-content\/gallery\/2023_05_12_diritti\/cache\/PLA_2730.jpg-nggid0529173-ngg0dyn-60x60x100-00f0w010c011r110f110r010t010.jpg\"\n                    width=\"60\"\n                    height=\"60\"\n                    style=\"max-width:100%;\"\n                \/>\n            <\/a>\n        <\/div>\n\t\t\t\t\t\t\t<\/div> \n\t\t\t\n        \n\t\t\t\t<div id=\"ngg-image-19\" class=\"ngg-gallery-thumbnail-box\" >\n\t\t\t\t        <div class=\"ngg-gallery-thumbnail\">\n            <a href=\"http:\/\/www.spaziotorino.it\/scatto\/wp-content\/gallery\/2023_05_12_diritti\/PLA_2802.jpg\"\n               title=\"Gustavo Zagrebelsky\"\n               data-src=\"http:\/\/www.spaziotorino.it\/scatto\/wp-content\/gallery\/2023_05_12_diritti\/PLA_2802.jpg\"\n               data-thumbnail=\"http:\/\/www.spaziotorino.it\/scatto\/wp-content\/gallery\/2023_05_12_diritti\/thumbs\/thumbs_PLA_2802.jpg\"\n               data-image-id=\"29174\"\n               data-title=\"Gustavo Zagrebelsky\"\n               data-description=\"Gustavo Zagrebelsky\"\n               data-image-slug=\"pla_2802-1\"\n               class=\"ngg-fancybox\" rel=\"5ad8123e7e1fb0b5a4db2bc50e71c194\">\n                <img\n                    title=\"Gustavo Zagrebelsky\"\n                    alt=\"Gustavo Zagrebelsky\"\n                    src=\"http:\/\/www.spaziotorino.it\/scatto\/wp-content\/gallery\/2023_05_12_diritti\/cache\/PLA_2802.jpg-nggid0529174-ngg0dyn-60x60x100-00f0w010c011r110f110r010t010.jpg\"\n                    width=\"60\"\n                    height=\"60\"\n                    style=\"max-width:100%;\"\n                \/>\n            <\/a>\n        <\/div>\n\t\t\t\t\t\t\t<\/div> \n\t\t\t\n        \n\t\t\t\t<div id=\"ngg-image-20\" class=\"ngg-gallery-thumbnail-box\" >\n\t\t\t\t        <div class=\"ngg-gallery-thumbnail\">\n            <a href=\"http:\/\/www.spaziotorino.it\/scatto\/wp-content\/gallery\/2023_05_12_diritti\/PLA_2765.jpg\"\n               title=\"Torino capitale delle citt\u00e0 per i diritti\"\n               data-src=\"http:\/\/www.spaziotorino.it\/scatto\/wp-content\/gallery\/2023_05_12_diritti\/PLA_2765.jpg\"\n               data-thumbnail=\"http:\/\/www.spaziotorino.it\/scatto\/wp-content\/gallery\/2023_05_12_diritti\/thumbs\/thumbs_PLA_2765.jpg\"\n               data-image-id=\"29175\"\n               data-title=\"Torino capitale delle citt\u00e0 per i diritti\"\n               data-description=\"Torino capitale delle citt\u00e0 per i diritti\"\n               data-image-slug=\"pla_2765\"\n               class=\"ngg-fancybox\" rel=\"5ad8123e7e1fb0b5a4db2bc50e71c194\">\n                <img\n                    title=\"Torino capitale delle citt\u00e0 per i diritti\"\n                    alt=\"Torino capitale delle citt\u00e0 per i diritti\"\n                    src=\"http:\/\/www.spaziotorino.it\/scatto\/wp-content\/gallery\/2023_05_12_diritti\/cache\/PLA_2765.jpg-nggid0529175-ngg0dyn-60x60x100-00f0w010c011r110f110r010t010.jpg\"\n                    width=\"60\"\n                    height=\"60\"\n                    style=\"max-width:100%;\"\n                \/>\n            <\/a>\n        <\/div>\n\t\t\t\t\t\t\t<\/div> \n\t\t\t\n        \n\t\t\t\t<div id=\"ngg-image-21\" class=\"ngg-gallery-thumbnail-box\" >\n\t\t\t\t        <div class=\"ngg-gallery-thumbnail\">\n            <a href=\"http:\/\/www.spaziotorino.it\/scatto\/wp-content\/gallery\/2023_05_12_diritti\/PLA_2733.jpg\"\n               title=\"Torino capitale delle citt\u00e0 per i diritti\"\n               data-src=\"http:\/\/www.spaziotorino.it\/scatto\/wp-content\/gallery\/2023_05_12_diritti\/PLA_2733.jpg\"\n               data-thumbnail=\"http:\/\/www.spaziotorino.it\/scatto\/wp-content\/gallery\/2023_05_12_diritti\/thumbs\/thumbs_PLA_2733.jpg\"\n               data-image-id=\"29176\"\n               data-title=\"Torino capitale delle citt\u00e0 per i diritti\"\n               data-description=\"Torino capitale delle citt\u00e0 per i diritti\"\n               data-image-slug=\"pla_2733-1\"\n               class=\"ngg-fancybox\" rel=\"5ad8123e7e1fb0b5a4db2bc50e71c194\">\n                <img\n                    title=\"Torino capitale delle citt\u00e0 per i diritti\"\n                    alt=\"Torino capitale delle citt\u00e0 per i diritti\"\n                    src=\"http:\/\/www.spaziotorino.it\/scatto\/wp-content\/gallery\/2023_05_12_diritti\/cache\/PLA_2733.jpg-nggid0529176-ngg0dyn-60x60x100-00f0w010c011r110f110r010t010.jpg\"\n                    width=\"60\"\n                    height=\"60\"\n                    style=\"max-width:100%;\"\n                \/>\n            <\/a>\n        <\/div>\n\t\t\t\t\t\t\t<\/div> \n\t\t\t\n        \n\t\t\t\t<div id=\"ngg-image-22\" class=\"ngg-gallery-thumbnail-box\" >\n\t\t\t\t        <div class=\"ngg-gallery-thumbnail\">\n            <a href=\"http:\/\/www.spaziotorino.it\/scatto\/wp-content\/gallery\/2023_05_12_diritti\/PLA_2757.jpg\"\n               title=\"Luciana Littizzetto e Annalisa Cuzzocrea\"\n               data-src=\"http:\/\/www.spaziotorino.it\/scatto\/wp-content\/gallery\/2023_05_12_diritti\/PLA_2757.jpg\"\n               data-thumbnail=\"http:\/\/www.spaziotorino.it\/scatto\/wp-content\/gallery\/2023_05_12_diritti\/thumbs\/thumbs_PLA_2757.jpg\"\n               data-image-id=\"29177\"\n               data-title=\"Luciana Littizzetto e Annalisa Cuzzocrea\"\n               data-description=\"Luciana Littizzetto e Annalisa Cuzzocrea\"\n               data-image-slug=\"pla_2757-1\"\n               class=\"ngg-fancybox\" rel=\"5ad8123e7e1fb0b5a4db2bc50e71c194\">\n                <img\n                    title=\"Luciana Littizzetto e Annalisa Cuzzocrea\"\n                    alt=\"Luciana Littizzetto e Annalisa Cuzzocrea\"\n                    src=\"http:\/\/www.spaziotorino.it\/scatto\/wp-content\/gallery\/2023_05_12_diritti\/cache\/PLA_2757.jpg-nggid0529177-ngg0dyn-60x60x100-00f0w010c011r110f110r010t010.jpg\"\n                    width=\"60\"\n                    height=\"60\"\n                    style=\"max-width:100%;\"\n                \/>\n            <\/a>\n        <\/div>\n\t\t\t\t\t\t\t<\/div> \n\t\t\t\n        \n\t\t\t\t<div id=\"ngg-image-23\" class=\"ngg-gallery-thumbnail-box\" >\n\t\t\t\t        <div class=\"ngg-gallery-thumbnail\">\n            <a href=\"http:\/\/www.spaziotorino.it\/scatto\/wp-content\/gallery\/2023_05_12_diritti\/PLA_2744.jpg\"\n               title=\"Torino capitale delle citt\u00e0 per i diritti\"\n               data-src=\"http:\/\/www.spaziotorino.it\/scatto\/wp-content\/gallery\/2023_05_12_diritti\/PLA_2744.jpg\"\n               data-thumbnail=\"http:\/\/www.spaziotorino.it\/scatto\/wp-content\/gallery\/2023_05_12_diritti\/thumbs\/thumbs_PLA_2744.jpg\"\n               data-image-id=\"29178\"\n               data-title=\"Torino capitale delle citt\u00e0 per i diritti\"\n               data-description=\"Torino capitale delle citt\u00e0 per i diritti\"\n               data-image-slug=\"pla_2744-1\"\n               class=\"ngg-fancybox\" rel=\"5ad8123e7e1fb0b5a4db2bc50e71c194\">\n                <img\n                    title=\"Torino capitale delle citt\u00e0 per i diritti\"\n                    alt=\"Torino capitale delle citt\u00e0 per i diritti\"\n                    src=\"http:\/\/www.spaziotorino.it\/scatto\/wp-content\/gallery\/2023_05_12_diritti\/cache\/PLA_2744.jpg-nggid0529178-ngg0dyn-60x60x100-00f0w010c011r110f110r010t010.jpg\"\n                    width=\"60\"\n                    height=\"60\"\n                    style=\"max-width:100%;\"\n                \/>\n            <\/a>\n        <\/div>\n\t\t\t\t\t\t\t<\/div> \n\t\t\t\n        \n\t\t\t\t<div id=\"ngg-image-24\" class=\"ngg-gallery-thumbnail-box\" >\n\t\t\t\t        <div class=\"ngg-gallery-thumbnail\">\n            <a href=\"http:\/\/www.spaziotorino.it\/scatto\/wp-content\/gallery\/2023_05_12_diritti\/PLA_2832.jpg\"\n               title=\"Teatro Carignano: Citt\u00e0 dei Diritti\"\n               data-src=\"http:\/\/www.spaziotorino.it\/scatto\/wp-content\/gallery\/2023_05_12_diritti\/PLA_2832.jpg\"\n               data-thumbnail=\"http:\/\/www.spaziotorino.it\/scatto\/wp-content\/gallery\/2023_05_12_diritti\/thumbs\/thumbs_PLA_2832.jpg\"\n               data-image-id=\"29179\"\n               data-title=\"Teatro Carignano: Citt\u00e0 dei Diritti\"\n               data-description=\"Teatro Carignano: Citt\u00e0 dei Diritti\"\n               data-image-slug=\"pla_2832\"\n               class=\"ngg-fancybox\" rel=\"5ad8123e7e1fb0b5a4db2bc50e71c194\">\n                <img\n                    title=\"Teatro Carignano: Citt\u00e0 dei Diritti\"\n                    alt=\"Teatro Carignano: Citt\u00e0 dei Diritti\"\n                    src=\"http:\/\/www.spaziotorino.it\/scatto\/wp-content\/gallery\/2023_05_12_diritti\/cache\/PLA_2832.jpg-nggid0529179-ngg0dyn-60x60x100-00f0w010c011r110f110r010t010.jpg\"\n                    width=\"60\"\n                    height=\"60\"\n                    style=\"max-width:100%;\"\n                \/>\n            <\/a>\n        <\/div>\n\t\t\t\t\t\t\t<\/div> \n\t\t\t\n        \n\t\t\t\t<div id=\"ngg-image-25\" class=\"ngg-gallery-thumbnail-box\" >\n\t\t\t\t        <div class=\"ngg-gallery-thumbnail\">\n            <a href=\"http:\/\/www.spaziotorino.it\/scatto\/wp-content\/gallery\/2023_05_12_diritti\/PLA_2855.jpg\"\n               title=\"Torino capitale delle citt\u00e0 per i diritti\"\n               data-src=\"http:\/\/www.spaziotorino.it\/scatto\/wp-content\/gallery\/2023_05_12_diritti\/PLA_2855.jpg\"\n               data-thumbnail=\"http:\/\/www.spaziotorino.it\/scatto\/wp-content\/gallery\/2023_05_12_diritti\/thumbs\/thumbs_PLA_2855.jpg\"\n               data-image-id=\"29180\"\n               data-title=\"Torino capitale delle citt\u00e0 per i diritti\"\n               data-description=\"Torino capitale delle citt\u00e0 per i diritti\"\n               data-image-slug=\"pla_2855-1\"\n               class=\"ngg-fancybox\" rel=\"5ad8123e7e1fb0b5a4db2bc50e71c194\">\n                <img\n                    title=\"Torino capitale delle citt\u00e0 per i diritti\"\n                    alt=\"Torino capitale delle citt\u00e0 per i diritti\"\n                    src=\"http:\/\/www.spaziotorino.it\/scatto\/wp-content\/gallery\/2023_05_12_diritti\/cache\/PLA_2855.jpg-nggid0529180-ngg0dyn-60x60x100-00f0w010c011r110f110r010t010.jpg\"\n                    width=\"60\"\n                    height=\"60\"\n                    style=\"max-width:100%;\"\n                \/>\n            <\/a>\n        <\/div>\n\t\t\t\t\t\t\t<\/div> \n\t\t\t\n        \n\t\t\t\t<div id=\"ngg-image-26\" class=\"ngg-gallery-thumbnail-box\" >\n\t\t\t\t        <div class=\"ngg-gallery-thumbnail\">\n            <a href=\"http:\/\/www.spaziotorino.it\/scatto\/wp-content\/gallery\/2023_05_12_diritti\/PLA_2865.jpg\"\n               title=\"Massimo Giannini e Stefano Lo Russo\"\n               data-src=\"http:\/\/www.spaziotorino.it\/scatto\/wp-content\/gallery\/2023_05_12_diritti\/PLA_2865.jpg\"\n               data-thumbnail=\"http:\/\/www.spaziotorino.it\/scatto\/wp-content\/gallery\/2023_05_12_diritti\/thumbs\/thumbs_PLA_2865.jpg\"\n               data-image-id=\"29181\"\n               data-title=\"Massimo Giannini e Stefano Lo Russo\"\n               data-description=\"Massimo Giannini e Stefano Lo Russo\"\n               data-image-slug=\"pla_2865\"\n               class=\"ngg-fancybox\" rel=\"5ad8123e7e1fb0b5a4db2bc50e71c194\">\n                <img\n                    title=\"Massimo Giannini e Stefano Lo Russo\"\n                    alt=\"Massimo Giannini e Stefano Lo Russo\"\n                    src=\"http:\/\/www.spaziotorino.it\/scatto\/wp-content\/gallery\/2023_05_12_diritti\/cache\/PLA_2865.jpg-nggid0529181-ngg0dyn-60x60x100-00f0w010c011r110f110r010t010.jpg\"\n                    width=\"60\"\n                    height=\"60\"\n                    style=\"max-width:100%;\"\n                \/>\n            <\/a>\n        <\/div>\n\t\t\t\t\t\t\t<\/div> \n\t\t\t\n        \n\t\t\t\t<div id=\"ngg-image-27\" class=\"ngg-gallery-thumbnail-box\" >\n\t\t\t\t        <div class=\"ngg-gallery-thumbnail\">\n            <a href=\"http:\/\/www.spaziotorino.it\/scatto\/wp-content\/gallery\/2023_05_12_diritti\/PLA_2885.jpg\"\n               title=\"Roberto Gualtieri, Sindaco di Roma\"\n               data-src=\"http:\/\/www.spaziotorino.it\/scatto\/wp-content\/gallery\/2023_05_12_diritti\/PLA_2885.jpg\"\n               data-thumbnail=\"http:\/\/www.spaziotorino.it\/scatto\/wp-content\/gallery\/2023_05_12_diritti\/thumbs\/thumbs_PLA_2885.jpg\"\n               data-image-id=\"29182\"\n               data-title=\"Roberto Gualtieri, Sindaco di Roma\"\n               data-description=\"Roberto Gualtieri, Sindaco di Roma\"\n               data-image-slug=\"pla_2885-2\"\n               class=\"ngg-fancybox\" rel=\"5ad8123e7e1fb0b5a4db2bc50e71c194\">\n                <img\n                    title=\"Roberto Gualtieri, Sindaco di Roma\"\n                    alt=\"Roberto Gualtieri, Sindaco di Roma\"\n                    src=\"http:\/\/www.spaziotorino.it\/scatto\/wp-content\/gallery\/2023_05_12_diritti\/cache\/PLA_2885.jpg-nggid0529182-ngg0dyn-60x60x100-00f0w010c011r110f110r010t010.jpg\"\n                    width=\"60\"\n                    height=\"60\"\n                    style=\"max-width:100%;\"\n                \/>\n            <\/a>\n        <\/div>\n\t\t\t\t\t\t\t<\/div> \n\t\t\t\n        \n\t\t\t\t<div id=\"ngg-image-28\" class=\"ngg-gallery-thumbnail-box\" >\n\t\t\t\t        <div class=\"ngg-gallery-thumbnail\">\n            <a href=\"http:\/\/www.spaziotorino.it\/scatto\/wp-content\/gallery\/2023_05_12_diritti\/PLA_2898.jpg\"\n               title=\"Massimo Giannini e Stefano Lo Russo\"\n               data-src=\"http:\/\/www.spaziotorino.it\/scatto\/wp-content\/gallery\/2023_05_12_diritti\/PLA_2898.jpg\"\n               data-thumbnail=\"http:\/\/www.spaziotorino.it\/scatto\/wp-content\/gallery\/2023_05_12_diritti\/thumbs\/thumbs_PLA_2898.jpg\"\n               data-image-id=\"29183\"\n               data-title=\"Massimo Giannini e Stefano Lo Russo\"\n               data-description=\"Massimo Giannini e Stefano Lo Russo\"\n               data-image-slug=\"pla_2898\"\n               class=\"ngg-fancybox\" rel=\"5ad8123e7e1fb0b5a4db2bc50e71c194\">\n                <img\n                    title=\"Massimo Giannini e Stefano Lo Russo\"\n                    alt=\"Massimo Giannini e Stefano Lo Russo\"\n                    src=\"http:\/\/www.spaziotorino.it\/scatto\/wp-content\/gallery\/2023_05_12_diritti\/cache\/PLA_2898.jpg-nggid0529183-ngg0dyn-60x60x100-00f0w010c011r110f110r010t010.jpg\"\n                    width=\"60\"\n                    height=\"60\"\n                    style=\"max-width:100%;\"\n                \/>\n            <\/a>\n        <\/div>\n\t\t\t\t\t\t\t<\/div> \n\t\t\t\n        \n\t\t\t\t<div id=\"ngg-image-29\" class=\"ngg-gallery-thumbnail-box\" >\n\t\t\t\t        <div class=\"ngg-gallery-thumbnail\">\n            <a href=\"http:\/\/www.spaziotorino.it\/scatto\/wp-content\/gallery\/2023_05_12_diritti\/PLA_2871.jpg\"\n               title=\"Il Sindaco di Torino, Stefano Lo Russo\"\n               data-src=\"http:\/\/www.spaziotorino.it\/scatto\/wp-content\/gallery\/2023_05_12_diritti\/PLA_2871.jpg\"\n               data-thumbnail=\"http:\/\/www.spaziotorino.it\/scatto\/wp-content\/gallery\/2023_05_12_diritti\/thumbs\/thumbs_PLA_2871.jpg\"\n               data-image-id=\"29184\"\n               data-title=\"Il Sindaco di Torino, Stefano Lo Russo\"\n               data-description=\"Il Sindaco di Torino, Stefano Lo Russo\"\n               data-image-slug=\"pla_2871\"\n               class=\"ngg-fancybox\" rel=\"5ad8123e7e1fb0b5a4db2bc50e71c194\">\n                <img\n                    title=\"Il Sindaco di Torino, Stefano Lo Russo\"\n                    alt=\"Il Sindaco di Torino, Stefano Lo Russo\"\n                    src=\"http:\/\/www.spaziotorino.it\/scatto\/wp-content\/gallery\/2023_05_12_diritti\/cache\/PLA_2871.jpg-nggid0529184-ngg0dyn-60x60x100-00f0w010c011r110f110r010t010.jpg\"\n                    width=\"60\"\n                    height=\"60\"\n                    style=\"max-width:100%;\"\n                \/>\n            <\/a>\n        <\/div>\n\t\t\t\t\t\t\t<\/div> \n\t\t\t\n        \n\t\t\t\t<div id=\"ngg-image-30\" class=\"ngg-gallery-thumbnail-box\" >\n\t\t\t\t        <div class=\"ngg-gallery-thumbnail\">\n            <a href=\"http:\/\/www.spaziotorino.it\/scatto\/wp-content\/gallery\/2023_05_12_diritti\/PLA_2900.jpg\"\n               title=\"Stefano Lo Russo, Massimo Giannini e Roberto Gualtieri\"\n               data-src=\"http:\/\/www.spaziotorino.it\/scatto\/wp-content\/gallery\/2023_05_12_diritti\/PLA_2900.jpg\"\n               data-thumbnail=\"http:\/\/www.spaziotorino.it\/scatto\/wp-content\/gallery\/2023_05_12_diritti\/thumbs\/thumbs_PLA_2900.jpg\"\n               data-image-id=\"29185\"\n               data-title=\"Stefano Lo Russo, Massimo Giannini e Roberto Gualtieri\"\n               data-description=\"Stefano Lo Russo, Massimo Giannini e Roberto Gualtieri\"\n               data-image-slug=\"pla_2900-1\"\n               class=\"ngg-fancybox\" rel=\"5ad8123e7e1fb0b5a4db2bc50e71c194\">\n                <img\n                    title=\"Stefano Lo Russo, Massimo Giannini e Roberto Gualtieri\"\n                    alt=\"Stefano Lo Russo, Massimo Giannini e Roberto Gualtieri\"\n                    src=\"http:\/\/www.spaziotorino.it\/scatto\/wp-content\/gallery\/2023_05_12_diritti\/cache\/PLA_2900.jpg-nggid0529185-ngg0dyn-60x60x100-00f0w010c011r110f110r010t010.jpg\"\n                    width=\"60\"\n                    height=\"60\"\n                    style=\"max-width:100%;\"\n                \/>\n            <\/a>\n        <\/div>\n\t\t\t\t\t\t\t<\/div> \n\t\t\t\n        \n\t\t\t\t<div id=\"ngg-image-31\" class=\"ngg-gallery-thumbnail-box\" >\n\t\t\t\t        <div class=\"ngg-gallery-thumbnail\">\n            <a href=\"http:\/\/www.spaziotorino.it\/scatto\/wp-content\/gallery\/2023_05_12_diritti\/PLA_2956.jpg\"\n               title=\"Marco Giusta\"\n               data-src=\"http:\/\/www.spaziotorino.it\/scatto\/wp-content\/gallery\/2023_05_12_diritti\/PLA_2956.jpg\"\n               data-thumbnail=\"http:\/\/www.spaziotorino.it\/scatto\/wp-content\/gallery\/2023_05_12_diritti\/thumbs\/thumbs_PLA_2956.jpg\"\n               data-image-id=\"29188\"\n               data-title=\"Marco Giusta\"\n               data-description=\"Marco Giusta\"\n               data-image-slug=\"pla_2956\"\n               class=\"ngg-fancybox\" rel=\"5ad8123e7e1fb0b5a4db2bc50e71c194\">\n                <img\n                    title=\"Marco Giusta\"\n                    alt=\"Marco Giusta\"\n                    src=\"http:\/\/www.spaziotorino.it\/scatto\/wp-content\/gallery\/2023_05_12_diritti\/cache\/PLA_2956.jpg-nggid0529188-ngg0dyn-60x60x100-00f0w010c011r110f110r010t010.jpg\"\n                    width=\"60\"\n                    height=\"60\"\n                    style=\"max-width:100%;\"\n                \/>\n            <\/a>\n        <\/div>\n\t\t\t\t\t\t\t<\/div> \n\t\t\t\n        \n\t\t\t\t<div id=\"ngg-image-32\" class=\"ngg-gallery-thumbnail-box\" >\n\t\t\t\t        <div class=\"ngg-gallery-thumbnail\">\n            <a href=\"http:\/\/www.spaziotorino.it\/scatto\/wp-content\/gallery\/2023_05_12_diritti\/PLA_2927.jpg\"\n               title=\"Torino capitale delle citt\u00e0 per i diritti\"\n               data-src=\"http:\/\/www.spaziotorino.it\/scatto\/wp-content\/gallery\/2023_05_12_diritti\/PLA_2927.jpg\"\n               data-thumbnail=\"http:\/\/www.spaziotorino.it\/scatto\/wp-content\/gallery\/2023_05_12_diritti\/thumbs\/thumbs_PLA_2927.jpg\"\n               data-image-id=\"29186\"\n               data-title=\"Torino capitale delle citt\u00e0 per i diritti\"\n               data-description=\"Torino capitale delle citt\u00e0 per i diritti\"\n               data-image-slug=\"pla_2927-1\"\n               class=\"ngg-fancybox\" rel=\"5ad8123e7e1fb0b5a4db2bc50e71c194\">\n                <img\n                    title=\"Torino capitale delle citt\u00e0 per i diritti\"\n                    alt=\"Torino capitale delle citt\u00e0 per i diritti\"\n                    src=\"http:\/\/www.spaziotorino.it\/scatto\/wp-content\/gallery\/2023_05_12_diritti\/cache\/PLA_2927.jpg-nggid0529186-ngg0dyn-60x60x100-00f0w010c011r110f110r010t010.jpg\"\n                    width=\"60\"\n                    height=\"60\"\n                    style=\"max-width:100%;\"\n                \/>\n            <\/a>\n        <\/div>\n\t\t\t\t\t\t\t<\/div> \n\t\t\t\n        \n\t\t\t\t<div id=\"ngg-image-33\" class=\"ngg-gallery-thumbnail-box\" >\n\t\t\t\t        <div class=\"ngg-gallery-thumbnail\">\n            <a href=\"http:\/\/www.spaziotorino.it\/scatto\/wp-content\/gallery\/2023_05_12_diritti\/PLA_2991.jpg\"\n               title=\"Paola Turci\"\n               data-src=\"http:\/\/www.spaziotorino.it\/scatto\/wp-content\/gallery\/2023_05_12_diritti\/PLA_2991.jpg\"\n               data-thumbnail=\"http:\/\/www.spaziotorino.it\/scatto\/wp-content\/gallery\/2023_05_12_diritti\/thumbs\/thumbs_PLA_2991.jpg\"\n               data-image-id=\"29187\"\n               data-title=\"Paola Turci\"\n               data-description=\"Paola Turci\"\n               data-image-slug=\"pla_2991-3\"\n               class=\"ngg-fancybox\" rel=\"5ad8123e7e1fb0b5a4db2bc50e71c194\">\n                <img\n                    title=\"Paola Turci\"\n                    alt=\"Paola Turci\"\n                    src=\"http:\/\/www.spaziotorino.it\/scatto\/wp-content\/gallery\/2023_05_12_diritti\/cache\/PLA_2991.jpg-nggid0529187-ngg0dyn-60x60x100-00f0w010c011r110f110r010t010.jpg\"\n                    width=\"60\"\n                    height=\"60\"\n                    style=\"max-width:100%;\"\n                \/>\n            <\/a>\n        <\/div>\n\t\t\t\t\t\t\t<\/div> \n\t\t\t\n        \n\t\t\t\t<div id=\"ngg-image-34\" class=\"ngg-gallery-thumbnail-box\" >\n\t\t\t\t        <div class=\"ngg-gallery-thumbnail\">\n            <a href=\"http:\/\/www.spaziotorino.it\/scatto\/wp-content\/gallery\/2023_05_12_diritti\/PLA_2998.jpg\"\n               title=\"Paola Turci\"\n               data-src=\"http:\/\/www.spaziotorino.it\/scatto\/wp-content\/gallery\/2023_05_12_diritti\/PLA_2998.jpg\"\n               data-thumbnail=\"http:\/\/www.spaziotorino.it\/scatto\/wp-content\/gallery\/2023_05_12_diritti\/thumbs\/thumbs_PLA_2998.jpg\"\n               data-image-id=\"29189\"\n               data-title=\"Paola Turci\"\n               data-description=\"Paola Turci\"\n               data-image-slug=\"pla_2998-2\"\n               class=\"ngg-fancybox\" rel=\"5ad8123e7e1fb0b5a4db2bc50e71c194\">\n                <img\n                    title=\"Paola Turci\"\n                    alt=\"Paola Turci\"\n                    src=\"http:\/\/www.spaziotorino.it\/scatto\/wp-content\/gallery\/2023_05_12_diritti\/cache\/PLA_2998.jpg-nggid0529189-ngg0dyn-60x60x100-00f0w010c011r110f110r010t010.jpg\"\n                    width=\"60\"\n                    height=\"60\"\n                    style=\"max-width:100%;\"\n                \/>\n            <\/a>\n        <\/div>\n\t\t\t\t\t\t\t<\/div> \n\t\t\t\n        \n\t\t\t\t<div id=\"ngg-image-35\" class=\"ngg-gallery-thumbnail-box\" >\n\t\t\t\t        <div class=\"ngg-gallery-thumbnail\">\n            <a href=\"http:\/\/www.spaziotorino.it\/scatto\/wp-content\/gallery\/2023_05_12_diritti\/PLA_3038.jpg\"\n               title=\"Roberto Gualtieri, Massimo Giannini , Annalisa Cuzzocrea e Stefano Lo Russo\"\n               data-src=\"http:\/\/www.spaziotorino.it\/scatto\/wp-content\/gallery\/2023_05_12_diritti\/PLA_3038.jpg\"\n               data-thumbnail=\"http:\/\/www.spaziotorino.it\/scatto\/wp-content\/gallery\/2023_05_12_diritti\/thumbs\/thumbs_PLA_3038.jpg\"\n               data-image-id=\"29190\"\n               data-title=\"Roberto Gualtieri, Massimo Giannini , Annalisa Cuzzocrea e Stefano Lo Russo\"\n               data-description=\"Roberto Gualtieri, Massimo Giannini , Annalisa Cuzzocrea e Stefano Lo Russo\"\n               data-image-slug=\"pla_3038-2\"\n               class=\"ngg-fancybox\" rel=\"5ad8123e7e1fb0b5a4db2bc50e71c194\">\n                <img\n                    title=\"Roberto Gualtieri, Massimo Giannini , Annalisa Cuzzocrea e Stefano Lo Russo\"\n                    alt=\"Roberto Gualtieri, Massimo Giannini , Annalisa Cuzzocrea e Stefano Lo Russo\"\n                    src=\"http:\/\/www.spaziotorino.it\/scatto\/wp-content\/gallery\/2023_05_12_diritti\/cache\/PLA_3038.jpg-nggid0529190-ngg0dyn-60x60x100-00f0w010c011r110f110r010t010.jpg\"\n                    width=\"60\"\n                    height=\"60\"\n                    style=\"max-width:100%;\"\n                \/>\n            <\/a>\n        <\/div>\n\t\t\t\t\t\t\t<\/div> \n\t\t\t\n        \n\t\t\t\t<div id=\"ngg-image-36\" class=\"ngg-gallery-thumbnail-box\" >\n\t\t\t\t        <div class=\"ngg-gallery-thumbnail\">\n            <a href=\"http:\/\/www.spaziotorino.it\/scatto\/wp-content\/gallery\/2023_05_12_diritti\/PLA_3043.jpg\"\n               title=\"Roberto Gualtieri e Stefano Lo Russo\"\n               data-src=\"http:\/\/www.spaziotorino.it\/scatto\/wp-content\/gallery\/2023_05_12_diritti\/PLA_3043.jpg\"\n               data-thumbnail=\"http:\/\/www.spaziotorino.it\/scatto\/wp-content\/gallery\/2023_05_12_diritti\/thumbs\/thumbs_PLA_3043.jpg\"\n               data-image-id=\"29191\"\n               data-title=\"Roberto Gualtieri e Stefano Lo Russo\"\n               data-description=\"Roberto Gualtieri e Stefano Lo Russo\"\n               data-image-slug=\"pla_3043-5\"\n               class=\"ngg-fancybox\" rel=\"5ad8123e7e1fb0b5a4db2bc50e71c194\">\n                <img\n                    title=\"Roberto Gualtieri e Stefano Lo Russo\"\n                    alt=\"Roberto Gualtieri e Stefano Lo Russo\"\n                    src=\"http:\/\/www.spaziotorino.it\/scatto\/wp-content\/gallery\/2023_05_12_diritti\/cache\/PLA_3043.jpg-nggid0529191-ngg0dyn-60x60x100-00f0w010c011r110f110r010t010.jpg\"\n                    width=\"60\"\n                    height=\"60\"\n                    style=\"max-width:100%;\"\n                \/>\n            <\/a>\n        <\/div>\n\t\t\t\t\t\t\t<\/div> \n\t\t\t\n        \n\t\t\t\t<div id=\"ngg-image-37\" class=\"ngg-gallery-thumbnail-box\" >\n\t\t\t\t        <div class=\"ngg-gallery-thumbnail\">\n            <a href=\"http:\/\/www.spaziotorino.it\/scatto\/wp-content\/gallery\/2023_05_12_diritti\/PLA_3139.jpg\"\n               title=\"La Citt\u00e0 dei Diritti sulla Mole Antonelliana\"\n               data-src=\"http:\/\/www.spaziotorino.it\/scatto\/wp-content\/gallery\/2023_05_12_diritti\/PLA_3139.jpg\"\n               data-thumbnail=\"http:\/\/www.spaziotorino.it\/scatto\/wp-content\/gallery\/2023_05_12_diritti\/thumbs\/thumbs_PLA_3139.jpg\"\n               data-image-id=\"29208\"\n               data-title=\"La Citt\u00e0 dei Diritti sulla Mole Antonelliana\"\n               data-description=\"La Citt\u00e0 dei Diritti sulla Mole Antonelliana\"\n               data-image-slug=\"pla_3139\"\n               class=\"ngg-fancybox\" rel=\"5ad8123e7e1fb0b5a4db2bc50e71c194\">\n                <img\n                    title=\"La Citt\u00e0 dei Diritti sulla Mole Antonelliana\"\n                    alt=\"La Citt\u00e0 dei Diritti sulla Mole Antonelliana\"\n                    src=\"http:\/\/www.spaziotorino.it\/scatto\/wp-content\/gallery\/2023_05_12_diritti\/cache\/PLA_3139.jpg-nggid0529208-ngg0dyn-60x60x100-00f0w010c011r110f110r010t010.jpg\"\n                    width=\"60\"\n                    height=\"60\"\n                    style=\"max-width:100%;\"\n                \/>\n            <\/a>\n        <\/div>\n\t\t\t\t\t\t\t<\/div> \n\t\t\t\n        \n\t\t\t\t<div id=\"ngg-image-38\" class=\"ngg-gallery-thumbnail-box\" >\n\t\t\t\t        <div class=\"ngg-gallery-thumbnail\">\n            <a href=\"http:\/\/www.spaziotorino.it\/scatto\/wp-content\/gallery\/2023_05_12_diritti\/PLA_3127.jpg\"\n               title=\"La Citt\u00e0 dei Diritti sulla Mole Antonelliana\"\n               data-src=\"http:\/\/www.spaziotorino.it\/scatto\/wp-content\/gallery\/2023_05_12_diritti\/PLA_3127.jpg\"\n               data-thumbnail=\"http:\/\/www.spaziotorino.it\/scatto\/wp-content\/gallery\/2023_05_12_diritti\/thumbs\/thumbs_PLA_3127.jpg\"\n               data-image-id=\"29206\"\n               data-title=\"La Citt\u00e0 dei Diritti sulla Mole Antonelliana\"\n               data-description=\"La Citt\u00e0 dei Diritti sulla Mole Antonelliana\"\n               data-image-slug=\"pla_3127-1\"\n               class=\"ngg-fancybox\" rel=\"5ad8123e7e1fb0b5a4db2bc50e71c194\">\n                <img\n                    title=\"La Citt\u00e0 dei Diritti sulla Mole Antonelliana\"\n                    alt=\"La Citt\u00e0 dei Diritti sulla Mole Antonelliana\"\n                    src=\"http:\/\/www.spaziotorino.it\/scatto\/wp-content\/gallery\/2023_05_12_diritti\/cache\/PLA_3127.jpg-nggid0529206-ngg0dyn-60x60x100-00f0w010c011r110f110r010t010.jpg\"\n                    width=\"60\"\n                    height=\"60\"\n                    style=\"max-width:100%;\"\n                \/>\n            <\/a>\n        <\/div>\n\t\t\t\t\t\t\t<\/div> \n\t\t\t\n        \n\t\t\n\t\t<!-- Pagination -->\n\t<div class='ngg-clear'><\/div>\t<\/div>\n\n<p>Pi\u00f9 di 500 partecipanti di cui oltre 300 tra Sindaci e amministratori locali da 122 citt\u00e0 d\u2019Italia hanno risposto all\u2019appello della Citt\u00e0 di Torino e si sono riuniti questa mattina al Teatro Carignano per chiedere maggiori diritti per le famiglie omogenitoriali.<\/p>\n<p>A far partire la mobilitazione lo stop, arrivato per Torino nel giugno scorso e per Milano nel marzo di quest\u2019anno, a iscrizioni e trascrizioni anagrafiche delle figlie e dei figli delle coppie dello stesso sesso. Un divieto che ha spinto sette Sindaci di altrettante citt\u00e0 italiane (Torino, Milano, Bologna, Firenze, Roma, Napoli e Bari) a scrivere al Governo chiedendo di intervenire per modificare l\u2019assetto normativo del Paese annullando la disparit\u00e0 di trattamento in tema di diritti civili e adeguandosi agli altri paesi dell\u2019Unione Europea.<\/p>\n<p>\u201cL\u2019esperienza quotidiana delle amministrazioni locali- spiega il Sindaco Stefano Lo Russo \u2013 dimostra che esistono domande di tutela cui oggi non si riesce a dare risposta a causa dell\u2019arretratezza del quadro legislativo. Battaglie come questa, pi\u00f9 di altre, hanno un impatto diretto nella vita delle persone e per tale ragione Sindaci e amministratori rappresentano l\u2019esigenza di adeguare la legge nell\u2019esclusivo interesse dei minori e delle loro famiglie\u201d.<\/p>\n<p>\u201cAl Parlamento \u2013 aggiunge l\u2019assessore ai diritti Jacopo Rosatelli- chiediamo fondamentalmente due cose: una norma o la modifica di quelle esistenti per il riconoscimento anagrafico dei figli e delle figlie delle coppie omogenitoriali e l\u2019introduzione del matrimonio egualitario con il conseguente accesso alle adozioni, cos\u00ec come previsto per le coppie eterosessuali. I principi costituzionali di uguaglianza e di tutela della dignit\u00e0 della persona devono guidare verso questi passi che appaiono ormai non pi\u00f9 rinviabili alla luce dell\u2019evoluzione della nostra societ\u00e0 e del contesto europeo\u201d.<\/p>\n<p>Sul palco il primo cittadino di Torino Stefano Lo Russo e il Sindaco di Roma Roberto Gualtieri che, insieme ai colleghi Matteo Lepore (Bologna), Antonio De Caro (Bari), Gaetano Manfredi (Napoli), Beppe Sala (Milano) e Dario Nardella (Firenze), erano stati firmatari di un appello al Governo per il riconoscimento dei diritti dei figli delle famiglie omogenitoriali.<\/p>\n<p>A rappresentare le associazioni del mondo Lgbtq+ gli interventi di Alessia Crocini, presidente di Famiglie Arcobaleno, Anna Polieri, presidente rete Genitori Rainbow, Vincenzo Miri, presidente rete Lenford avvocatura per i diritti Lgbt+, Gabriele Piazzoni, segretario generale di Arcigay e Marco Alessandro Giusta, coordinatore del Torino Pride.<\/p>\n<p>Numerose anche le testimonianze a sostegno della causa da parte di personaggi noti: Vladimir Luxuria, attivista e direttrice artistica del Festival Lovers, Francesca Vecchioni, scrittrice e presidente Fondazione Diversity, Luciana Littizzetto, Paola Turci, Luca Argentero, Ambra Angiolini, Domenico Calopresti, Nicola Lagioia, Davide Ferrario, Marco Ponti, Mario Tozzi, Sara Malnerich.<\/p>\n<p>In serata la Mole Antonelliana si \u00e8 illuminata con il simbolo di questa giornata<\/p>\n<p>[Fonte: <a href=\"http:\/\/www.torinoclick.it\/?p=111433\">TorinoClick<\/a>]<\/p>\n","protected":false},"excerpt":{"rendered":"<p>Pi\u00f9 di 500 partecipanti di cui oltre 300 tra Sindaci e amministratori locali da 122 citt\u00e0 d\u2019Italia hanno risposto all\u2019appello della Citt\u00e0 di Torino e si sono riuniti questa mattina al Teatro Carignano per chiedere maggiori diritti per le famiglie omogenitoriali. A far partire la mobilitazione lo stop, arrivato per Torino nel giugno scorso e [&hellip;]<\/p>\n","protected":false},"author":1,"featured_media":0,"comment_status":"closed","ping_status":"open","sticky":false,"template":"","format":"standard","meta":{"ngg_post_thumbnail":0},"categories":[133,1],"tags":[],"_links":{"self":[{"href":"http:\/\/www.spaziotorino.it\/scatto\/index.php?rest_route=\/wp\/v2\/posts\/45513"}],"collection":[{"href":"http:\/\/www.spaziotorino.it\/scatto\/index.php?rest_route=\/wp\/v2\/posts"}],"about":[{"href":"http:\/\/www.spaziotorino.it\/scatto\/index.php?rest_route=\/wp\/v2\/types\/post"}],"author":[{"embeddable":true,"href":"http:\/\/www.spaziotorino.it\/scatto\/index.php?rest_route=\/wp\/v2\/users\/1"}],"replies":[{"embeddable":true,"href":"http:\/\/www.spaziotorino.it\/scatto\/index.php?rest_route=%2Fwp%2Fv2%2Fcomments&post=45513"}],"version-history":[{"count":4,"href":"http:\/\/www.spaziotorino.it\/scatto\/index.php?rest_route=\/wp\/v2\/posts\/45513\/revisions"}],"predecessor-version":[{"id":45543,"href":"http:\/\/www.spaziotorino.it\/scatto\/index.php?rest_route=\/wp\/v2\/posts\/45513\/revisions\/45543"}],"wp:attachment":[{"href":"http:\/\/www.spaziotorino.it\/scatto\/index.php?rest_route=%2Fwp%2Fv2%2Fmedia&parent=45513"}],"wp:term":[{"taxonomy":"category","embeddable":true,"href":"http:\/\/www.spaziotorino.it\/scatto\/index.php?rest_route=%2Fwp%2Fv2%2Fcategories&post=45513"},{"taxonomy":"post_tag","embeddable":true,"href":"http:\/\/www.spaziotorino.it\/scatto\/index.php?rest_route=%2Fwp%2Fv2%2Ftags&post=45513"}],"curies":[{"name":"wp","href":"https:\/\/api.w.org\/{rel}","templated":true}]}}