{"id":45535,"date":"2023-05-16T13:00:03","date_gmt":"2023-05-16T12:00:03","guid":{"rendered":"http:\/\/www.spaziotorino.it\/scatto\/?p=45535"},"modified":"2023-05-16T13:00:03","modified_gmt":"2023-05-16T12:00:03","slug":"lelogio-dellimperfezione-di-sergio-perrero-in-mostra-allo-spazio-musa","status":"publish","type":"post","link":"http:\/\/www.spaziotorino.it\/scatto\/?p=45535","title":{"rendered":"L&#8217;Elogio dell\u2019imperfezione&#8217; di Sergio Perrero in mostra allo Spazio Musa"},"content":{"rendered":"<p><a class=\"ngg-fancybox\" title=\"L'Elogio dell\u2019imperfezione' di Sergio Perrero in mostra allo Spazio Musa\" href=\"http:\/\/www.spaziotorino.it\/scatto\/wp-content\/gallery\/2023_05_16_perrero\/PLA_3209.jpg\" rel=\"lightbox[set_1947]\"><br \/>\n<img decoding=\"async\" loading=\"lazy\" class=\"ngg-singlepic\" title=\"L'Elogio dell\u2019imperfezione' di Sergio Perrero in mostra allo Spazio Musa\" src=\"http:\/\/www.spaziotorino.it\/scatto\/wp-content\/gallery\/2023_05_16_perrero\/PLA_3209.jpg\" alt=\"\" width=\"540\" height=\"360\"\/><\/a><\/p>\n<!-- index.php -->\n<div\n\tclass=\"ngg-galleryoverview ngg-ajax-pagination-none\"\n\tid=\"ngg-gallery-506e03ffe1143748745ce39e49894677-1\">\n\n    \t\t<!-- Thumbnails -->\n\t\t\t\t<div id=\"ngg-image-0\" class=\"ngg-gallery-thumbnail-box\" >\n\t\t\t\t        <div class=\"ngg-gallery-thumbnail\">\n            <a href=\"http:\/\/www.spaziotorino.it\/scatto\/wp-content\/gallery\/2023_05_16_perrero\/PLA_3257.jpg\"\n               title=\"Sergio Perrero - Elogio Dell&#039;imperfezione\"\n               data-src=\"http:\/\/www.spaziotorino.it\/scatto\/wp-content\/gallery\/2023_05_16_perrero\/PLA_3257.jpg\"\n               data-thumbnail=\"http:\/\/www.spaziotorino.it\/scatto\/wp-content\/gallery\/2023_05_16_perrero\/thumbs\/thumbs_PLA_3257.jpg\"\n               data-image-id=\"29205\"\n               data-title=\"Sergio Perrero - Elogio Dell&#039;imperfezione\"\n               data-description=\"Sergio Perrero - Elogio Dell&#039;imperfezione\"\n               data-image-slug=\"pla_3257-1\"\n               class=\"ngg-fancybox\" rel=\"506e03ffe1143748745ce39e49894677\">\n                <img\n                    title=\"Sergio Perrero - Elogio Dell&#039;imperfezione\"\n                    alt=\"Sergio Perrero - Elogio Dell&#039;imperfezione\"\n                    src=\"http:\/\/www.spaziotorino.it\/scatto\/wp-content\/gallery\/2023_05_16_perrero\/cache\/PLA_3257.jpg-nggid0529205-ngg0dyn-60x60x100-00f0w010c011r110f110r010t010.jpg\"\n                    width=\"60\"\n                    height=\"60\"\n                    style=\"max-width:100%;\"\n                \/>\n            <\/a>\n        <\/div>\n\t\t\t\t\t\t\t<\/div> \n\t\t\t\n        \n\t\t\t\t<div id=\"ngg-image-1\" class=\"ngg-gallery-thumbnail-box\" >\n\t\t\t\t        <div class=\"ngg-gallery-thumbnail\">\n            <a href=\"http:\/\/www.spaziotorino.it\/scatto\/wp-content\/gallery\/2023_05_16_perrero\/PLA_3236.jpg\"\n               title=\"Sergio Perrero - Elogio Dell&#039;imperfezione\"\n               data-src=\"http:\/\/www.spaziotorino.it\/scatto\/wp-content\/gallery\/2023_05_16_perrero\/PLA_3236.jpg\"\n               data-thumbnail=\"http:\/\/www.spaziotorino.it\/scatto\/wp-content\/gallery\/2023_05_16_perrero\/thumbs\/thumbs_PLA_3236.jpg\"\n               data-image-id=\"29200\"\n               data-title=\"Sergio Perrero - Elogio Dell&#039;imperfezione\"\n               data-description=\"Sergio Perrero - Elogio Dell&#039;imperfezione\"\n               data-image-slug=\"pla_3236-1\"\n               class=\"ngg-fancybox\" rel=\"506e03ffe1143748745ce39e49894677\">\n                <img\n                    title=\"Sergio Perrero - Elogio Dell&#039;imperfezione\"\n                    alt=\"Sergio Perrero - Elogio Dell&#039;imperfezione\"\n                    src=\"http:\/\/www.spaziotorino.it\/scatto\/wp-content\/gallery\/2023_05_16_perrero\/cache\/PLA_3236.jpg-nggid0529200-ngg0dyn-60x60x100-00f0w010c011r110f110r010t010.jpg\"\n                    width=\"60\"\n                    height=\"60\"\n                    style=\"max-width:100%;\"\n                \/>\n            <\/a>\n        <\/div>\n\t\t\t\t\t\t\t<\/div> \n\t\t\t\n        \n\t\t\t\t<div id=\"ngg-image-2\" class=\"ngg-gallery-thumbnail-box\" >\n\t\t\t\t        <div class=\"ngg-gallery-thumbnail\">\n            <a href=\"http:\/\/www.spaziotorino.it\/scatto\/wp-content\/gallery\/2023_05_16_perrero\/PLA_3242.jpg\"\n               title=\"Sergio Perrero - Elogio Dell&#039;imperfezione\"\n               data-src=\"http:\/\/www.spaziotorino.it\/scatto\/wp-content\/gallery\/2023_05_16_perrero\/PLA_3242.jpg\"\n               data-thumbnail=\"http:\/\/www.spaziotorino.it\/scatto\/wp-content\/gallery\/2023_05_16_perrero\/thumbs\/thumbs_PLA_3242.jpg\"\n               data-image-id=\"29204\"\n               data-title=\"Sergio Perrero - Elogio Dell&#039;imperfezione\"\n               data-description=\"Sergio Perrero - Elogio Dell&#039;imperfezione\"\n               data-image-slug=\"pla_3242\"\n               class=\"ngg-fancybox\" rel=\"506e03ffe1143748745ce39e49894677\">\n                <img\n                    title=\"Sergio Perrero - Elogio Dell&#039;imperfezione\"\n                    alt=\"Sergio Perrero - Elogio Dell&#039;imperfezione\"\n                    src=\"http:\/\/www.spaziotorino.it\/scatto\/wp-content\/gallery\/2023_05_16_perrero\/cache\/PLA_3242.jpg-nggid0529204-ngg0dyn-60x60x100-00f0w010c011r110f110r010t010.jpg\"\n                    width=\"60\"\n                    height=\"60\"\n                    style=\"max-width:100%;\"\n                \/>\n            <\/a>\n        <\/div>\n\t\t\t\t\t\t\t<\/div> \n\t\t\t\n        \n\t\t\t\t<div id=\"ngg-image-3\" class=\"ngg-gallery-thumbnail-box\" >\n\t\t\t\t        <div class=\"ngg-gallery-thumbnail\">\n            <a href=\"http:\/\/www.spaziotorino.it\/scatto\/wp-content\/gallery\/2023_05_16_perrero\/PLA_3234.jpg\"\n               title=\"Sergio Perrero - Elogio Dell&#039;imperfezione\"\n               data-src=\"http:\/\/www.spaziotorino.it\/scatto\/wp-content\/gallery\/2023_05_16_perrero\/PLA_3234.jpg\"\n               data-thumbnail=\"http:\/\/www.spaziotorino.it\/scatto\/wp-content\/gallery\/2023_05_16_perrero\/thumbs\/thumbs_PLA_3234.jpg\"\n               data-image-id=\"29202\"\n               data-title=\"Sergio Perrero - Elogio Dell&#039;imperfezione\"\n               data-description=\"Sergio Perrero - Elogio Dell&#039;imperfezione\"\n               data-image-slug=\"pla_3234-1\"\n               class=\"ngg-fancybox\" rel=\"506e03ffe1143748745ce39e49894677\">\n                <img\n                    title=\"Sergio Perrero - Elogio Dell&#039;imperfezione\"\n                    alt=\"Sergio Perrero - Elogio Dell&#039;imperfezione\"\n                    src=\"http:\/\/www.spaziotorino.it\/scatto\/wp-content\/gallery\/2023_05_16_perrero\/cache\/PLA_3234.jpg-nggid0529202-ngg0dyn-60x60x100-00f0w010c011r110f110r010t010.jpg\"\n                    width=\"60\"\n                    height=\"60\"\n                    style=\"max-width:100%;\"\n                \/>\n            <\/a>\n        <\/div>\n\t\t\t\t\t\t\t<\/div> \n\t\t\t\n        \n\t\t\t\t<div id=\"ngg-image-4\" class=\"ngg-gallery-thumbnail-box\" >\n\t\t\t\t        <div class=\"ngg-gallery-thumbnail\">\n            <a href=\"http:\/\/www.spaziotorino.it\/scatto\/wp-content\/gallery\/2023_05_16_perrero\/PLA_3235.jpg\"\n               title=\"Sergio Perrero - Elogio Dell&#039;imperfezione\"\n               data-src=\"http:\/\/www.spaziotorino.it\/scatto\/wp-content\/gallery\/2023_05_16_perrero\/PLA_3235.jpg\"\n               data-thumbnail=\"http:\/\/www.spaziotorino.it\/scatto\/wp-content\/gallery\/2023_05_16_perrero\/thumbs\/thumbs_PLA_3235.jpg\"\n               data-image-id=\"29201\"\n               data-title=\"Sergio Perrero - Elogio Dell&#039;imperfezione\"\n               data-description=\"Sergio Perrero - Elogio Dell&#039;imperfezione\"\n               data-image-slug=\"pla_3235\"\n               class=\"ngg-fancybox\" rel=\"506e03ffe1143748745ce39e49894677\">\n                <img\n                    title=\"Sergio Perrero - Elogio Dell&#039;imperfezione\"\n                    alt=\"Sergio Perrero - Elogio Dell&#039;imperfezione\"\n                    src=\"http:\/\/www.spaziotorino.it\/scatto\/wp-content\/gallery\/2023_05_16_perrero\/cache\/PLA_3235.jpg-nggid0529201-ngg0dyn-60x60x100-00f0w010c011r110f110r010t010.jpg\"\n                    width=\"60\"\n                    height=\"60\"\n                    style=\"max-width:100%;\"\n                \/>\n            <\/a>\n        <\/div>\n\t\t\t\t\t\t\t<\/div> \n\t\t\t\n        \n\t\t\t\t<div id=\"ngg-image-5\" class=\"ngg-gallery-thumbnail-box\" >\n\t\t\t\t        <div class=\"ngg-gallery-thumbnail\">\n            <a href=\"http:\/\/www.spaziotorino.it\/scatto\/wp-content\/gallery\/2023_05_16_perrero\/PLA_3229.jpg\"\n               title=\"Sergio Perrero - Elogio Dell&#039;imperfezione\"\n               data-src=\"http:\/\/www.spaziotorino.it\/scatto\/wp-content\/gallery\/2023_05_16_perrero\/PLA_3229.jpg\"\n               data-thumbnail=\"http:\/\/www.spaziotorino.it\/scatto\/wp-content\/gallery\/2023_05_16_perrero\/thumbs\/thumbs_PLA_3229.jpg\"\n               data-image-id=\"29199\"\n               data-title=\"Sergio Perrero - Elogio Dell&#039;imperfezione\"\n               data-description=\"Sergio Perrero - Elogio Dell&#039;imperfezione\"\n               data-image-slug=\"pla_3229\"\n               class=\"ngg-fancybox\" rel=\"506e03ffe1143748745ce39e49894677\">\n                <img\n                    title=\"Sergio Perrero - Elogio Dell&#039;imperfezione\"\n                    alt=\"Sergio Perrero - Elogio Dell&#039;imperfezione\"\n                    src=\"http:\/\/www.spaziotorino.it\/scatto\/wp-content\/gallery\/2023_05_16_perrero\/cache\/PLA_3229.jpg-nggid0529199-ngg0dyn-60x60x100-00f0w010c011r110f110r010t010.jpg\"\n                    width=\"60\"\n                    height=\"60\"\n                    style=\"max-width:100%;\"\n                \/>\n            <\/a>\n        <\/div>\n\t\t\t\t\t\t\t<\/div> \n\t\t\t\n        \n\t\t\t\t<div id=\"ngg-image-6\" class=\"ngg-gallery-thumbnail-box\" >\n\t\t\t\t        <div class=\"ngg-gallery-thumbnail\">\n            <a href=\"http:\/\/www.spaziotorino.it\/scatto\/wp-content\/gallery\/2023_05_16_perrero\/PLA_3212.jpg\"\n               title=\"Sergio Perrero - Elogio Dell&#039;imperfezione\"\n               data-src=\"http:\/\/www.spaziotorino.it\/scatto\/wp-content\/gallery\/2023_05_16_perrero\/PLA_3212.jpg\"\n               data-thumbnail=\"http:\/\/www.spaziotorino.it\/scatto\/wp-content\/gallery\/2023_05_16_perrero\/thumbs\/thumbs_PLA_3212.jpg\"\n               data-image-id=\"29193\"\n               data-title=\"Sergio Perrero - Elogio Dell&#039;imperfezione\"\n               data-description=\"Sergio Perrero - Elogio Dell&#039;imperfezione\"\n               data-image-slug=\"pla_3212\"\n               class=\"ngg-fancybox\" rel=\"506e03ffe1143748745ce39e49894677\">\n                <img\n                    title=\"Sergio Perrero - Elogio Dell&#039;imperfezione\"\n                    alt=\"Sergio Perrero - Elogio Dell&#039;imperfezione\"\n                    src=\"http:\/\/www.spaziotorino.it\/scatto\/wp-content\/gallery\/2023_05_16_perrero\/cache\/PLA_3212.jpg-nggid0529193-ngg0dyn-60x60x100-00f0w010c011r110f110r010t010.jpg\"\n                    width=\"60\"\n                    height=\"60\"\n                    style=\"max-width:100%;\"\n                \/>\n            <\/a>\n        <\/div>\n\t\t\t\t\t\t\t<\/div> \n\t\t\t\n        \n\t\t\t\t<div id=\"ngg-image-7\" class=\"ngg-gallery-thumbnail-box\" >\n\t\t\t\t        <div class=\"ngg-gallery-thumbnail\">\n            <a href=\"http:\/\/www.spaziotorino.it\/scatto\/wp-content\/gallery\/2023_05_16_perrero\/PLA_3219.jpg\"\n               title=\"Sergio Perrero - Elogio Dell&#039;imperfezione\"\n               data-src=\"http:\/\/www.spaziotorino.it\/scatto\/wp-content\/gallery\/2023_05_16_perrero\/PLA_3219.jpg\"\n               data-thumbnail=\"http:\/\/www.spaziotorino.it\/scatto\/wp-content\/gallery\/2023_05_16_perrero\/thumbs\/thumbs_PLA_3219.jpg\"\n               data-image-id=\"29198\"\n               data-title=\"Sergio Perrero - Elogio Dell&#039;imperfezione\"\n               data-description=\"Sergio Perrero - Elogio Dell&#039;imperfezione\"\n               data-image-slug=\"pla_3219\"\n               class=\"ngg-fancybox\" rel=\"506e03ffe1143748745ce39e49894677\">\n                <img\n                    title=\"Sergio Perrero - Elogio Dell&#039;imperfezione\"\n                    alt=\"Sergio Perrero - Elogio Dell&#039;imperfezione\"\n                    src=\"http:\/\/www.spaziotorino.it\/scatto\/wp-content\/gallery\/2023_05_16_perrero\/cache\/PLA_3219.jpg-nggid0529198-ngg0dyn-60x60x100-00f0w010c011r110f110r010t010.jpg\"\n                    width=\"60\"\n                    height=\"60\"\n                    style=\"max-width:100%;\"\n                \/>\n            <\/a>\n        <\/div>\n\t\t\t\t\t\t\t<\/div> \n\t\t\t\n        \n\t\t\t\t<div id=\"ngg-image-8\" class=\"ngg-gallery-thumbnail-box\" >\n\t\t\t\t        <div class=\"ngg-gallery-thumbnail\">\n            <a href=\"http:\/\/www.spaziotorino.it\/scatto\/wp-content\/gallery\/2023_05_16_perrero\/PLA_3206.jpg\"\n               title=\"Sergio Perrero - Elogio Dell&#039;imperfezione\"\n               data-src=\"http:\/\/www.spaziotorino.it\/scatto\/wp-content\/gallery\/2023_05_16_perrero\/PLA_3206.jpg\"\n               data-thumbnail=\"http:\/\/www.spaziotorino.it\/scatto\/wp-content\/gallery\/2023_05_16_perrero\/thumbs\/thumbs_PLA_3206.jpg\"\n               data-image-id=\"29192\"\n               data-title=\"Sergio Perrero - Elogio Dell&#039;imperfezione\"\n               data-description=\"Sergio Perrero - Elogio Dell&#039;imperfezione\"\n               data-image-slug=\"pla_3206\"\n               class=\"ngg-fancybox\" rel=\"506e03ffe1143748745ce39e49894677\">\n                <img\n                    title=\"Sergio Perrero - Elogio Dell&#039;imperfezione\"\n                    alt=\"Sergio Perrero - Elogio Dell&#039;imperfezione\"\n                    src=\"http:\/\/www.spaziotorino.it\/scatto\/wp-content\/gallery\/2023_05_16_perrero\/cache\/PLA_3206.jpg-nggid0529192-ngg0dyn-60x60x100-00f0w010c011r110f110r010t010.jpg\"\n                    width=\"60\"\n                    height=\"60\"\n                    style=\"max-width:100%;\"\n                \/>\n            <\/a>\n        <\/div>\n\t\t\t\t\t\t\t<\/div> \n\t\t\t\n        \n\t\t\t\t<div id=\"ngg-image-9\" class=\"ngg-gallery-thumbnail-box\" >\n\t\t\t\t        <div class=\"ngg-gallery-thumbnail\">\n            <a href=\"http:\/\/www.spaziotorino.it\/scatto\/wp-content\/gallery\/2023_05_16_perrero\/PLA_3213.jpg\"\n               title=\"Sergio Perrero - Elogio Dell&#039;imperfezione\"\n               data-src=\"http:\/\/www.spaziotorino.it\/scatto\/wp-content\/gallery\/2023_05_16_perrero\/PLA_3213.jpg\"\n               data-thumbnail=\"http:\/\/www.spaziotorino.it\/scatto\/wp-content\/gallery\/2023_05_16_perrero\/thumbs\/thumbs_PLA_3213.jpg\"\n               data-image-id=\"29194\"\n               data-title=\"Sergio Perrero - Elogio Dell&#039;imperfezione\"\n               data-description=\"Sergio Perrero - Elogio Dell&#039;imperfezione\"\n               data-image-slug=\"pla_3213-1\"\n               class=\"ngg-fancybox\" rel=\"506e03ffe1143748745ce39e49894677\">\n                <img\n                    title=\"Sergio Perrero - Elogio Dell&#039;imperfezione\"\n                    alt=\"Sergio Perrero - Elogio Dell&#039;imperfezione\"\n                    src=\"http:\/\/www.spaziotorino.it\/scatto\/wp-content\/gallery\/2023_05_16_perrero\/cache\/PLA_3213.jpg-nggid0529194-ngg0dyn-60x60x100-00f0w010c011r110f110r010t010.jpg\"\n                    width=\"60\"\n                    height=\"60\"\n                    style=\"max-width:100%;\"\n                \/>\n            <\/a>\n        <\/div>\n\t\t\t\t\t\t\t<\/div> \n\t\t\t\n        \n\t\t\t\t<div id=\"ngg-image-10\" class=\"ngg-gallery-thumbnail-box\" >\n\t\t\t\t        <div class=\"ngg-gallery-thumbnail\">\n            <a href=\"http:\/\/www.spaziotorino.it\/scatto\/wp-content\/gallery\/2023_05_16_perrero\/PLA_3207.jpg\"\n               title=\"Sergio Perrero - Elogio Dell&#039;imperfezione\"\n               data-src=\"http:\/\/www.spaziotorino.it\/scatto\/wp-content\/gallery\/2023_05_16_perrero\/PLA_3207.jpg\"\n               data-thumbnail=\"http:\/\/www.spaziotorino.it\/scatto\/wp-content\/gallery\/2023_05_16_perrero\/thumbs\/thumbs_PLA_3207.jpg\"\n               data-image-id=\"29196\"\n               data-title=\"Sergio Perrero - Elogio Dell&#039;imperfezione\"\n               data-description=\"Sergio Perrero - Elogio Dell&#039;imperfezione\"\n               data-image-slug=\"pla_3207\"\n               class=\"ngg-fancybox\" rel=\"506e03ffe1143748745ce39e49894677\">\n                <img\n                    title=\"Sergio Perrero - Elogio Dell&#039;imperfezione\"\n                    alt=\"Sergio Perrero - Elogio Dell&#039;imperfezione\"\n                    src=\"http:\/\/www.spaziotorino.it\/scatto\/wp-content\/gallery\/2023_05_16_perrero\/cache\/PLA_3207.jpg-nggid0529196-ngg0dyn-60x60x100-00f0w010c011r110f110r010t010.jpg\"\n                    width=\"60\"\n                    height=\"60\"\n                    style=\"max-width:100%;\"\n                \/>\n            <\/a>\n        <\/div>\n\t\t\t\t\t\t\t<\/div> \n\t\t\t\n        \n\t\t\t\t<div id=\"ngg-image-11\" class=\"ngg-gallery-thumbnail-box\" >\n\t\t\t\t        <div class=\"ngg-gallery-thumbnail\">\n            <a href=\"http:\/\/www.spaziotorino.it\/scatto\/wp-content\/gallery\/2023_05_16_perrero\/PLA_3199.jpg\"\n               title=\"Sergio Perrero - Elogio Dell&#039;imperfezione\"\n               data-src=\"http:\/\/www.spaziotorino.it\/scatto\/wp-content\/gallery\/2023_05_16_perrero\/PLA_3199.jpg\"\n               data-thumbnail=\"http:\/\/www.spaziotorino.it\/scatto\/wp-content\/gallery\/2023_05_16_perrero\/thumbs\/thumbs_PLA_3199.jpg\"\n               data-image-id=\"29197\"\n               data-title=\"Sergio Perrero - Elogio Dell&#039;imperfezione\"\n               data-description=\"Sergio Perrero - Elogio Dell&#039;imperfezione\"\n               data-image-slug=\"pla_3199\"\n               class=\"ngg-fancybox\" rel=\"506e03ffe1143748745ce39e49894677\">\n                <img\n                    title=\"Sergio Perrero - Elogio Dell&#039;imperfezione\"\n                    alt=\"Sergio Perrero - Elogio Dell&#039;imperfezione\"\n                    src=\"http:\/\/www.spaziotorino.it\/scatto\/wp-content\/gallery\/2023_05_16_perrero\/cache\/PLA_3199.jpg-nggid0529197-ngg0dyn-60x60x100-00f0w010c011r110f110r010t010.jpg\"\n                    width=\"60\"\n                    height=\"60\"\n                    style=\"max-width:100%;\"\n                \/>\n            <\/a>\n        <\/div>\n\t\t\t\t\t\t\t<\/div> \n\t\t\t\n        \n\t\t\t\t<div id=\"ngg-image-12\" class=\"ngg-gallery-thumbnail-box\" >\n\t\t\t\t        <div class=\"ngg-gallery-thumbnail\">\n            <a href=\"http:\/\/www.spaziotorino.it\/scatto\/wp-content\/gallery\/2023_05_16_perrero\/PLA_3237.jpg\"\n               title=\"Sergio Perrero - Elogio Dell&#039;imperfezione\"\n               data-src=\"http:\/\/www.spaziotorino.it\/scatto\/wp-content\/gallery\/2023_05_16_perrero\/PLA_3237.jpg\"\n               data-thumbnail=\"http:\/\/www.spaziotorino.it\/scatto\/wp-content\/gallery\/2023_05_16_perrero\/thumbs\/thumbs_PLA_3237.jpg\"\n               data-image-id=\"29203\"\n               data-title=\"Sergio Perrero - Elogio Dell&#039;imperfezione\"\n               data-description=\"Sergio Perrero - Elogio Dell&#039;imperfezione\"\n               data-image-slug=\"pla_3237-1\"\n               class=\"ngg-fancybox\" rel=\"506e03ffe1143748745ce39e49894677\">\n                <img\n                    title=\"Sergio Perrero - Elogio Dell&#039;imperfezione\"\n                    alt=\"Sergio Perrero - Elogio Dell&#039;imperfezione\"\n                    src=\"http:\/\/www.spaziotorino.it\/scatto\/wp-content\/gallery\/2023_05_16_perrero\/cache\/PLA_3237.jpg-nggid0529203-ngg0dyn-60x60x100-00f0w010c011r110f110r010t010.jpg\"\n                    width=\"60\"\n                    height=\"60\"\n                    style=\"max-width:100%;\"\n                \/>\n            <\/a>\n        <\/div>\n\t\t\t\t\t\t\t<\/div> \n\t\t\t\n        \n\t\t\n\t\t<!-- Pagination -->\n\t<div class='ngg-clear'><\/div>\t<\/div>\n\n<p>Presentata allo <strong>Spazio Musa di Torino<\/strong> la mostra <strong>&#8216;Elogio dell\u2019imperfezione&#8217; di Sergio Perrero<\/strong> \u2013 a cura di Afrodite Oikonomidou: la prima mostra antologica dedicata all\u2019artista torinese con oltre 80 opere significative della sua eclettica produzione.<\/p>\n<p><strong>Sergio Perrero<\/strong> \u00e8 stato un <strong>creativo a tutto tondo<\/strong> che ha spaziato dall&#8217;<strong>arte <\/strong>alla<strong>&nbsp;moda<\/strong>, dall\u2019<strong>arredamento<\/strong> alla progettazione di <strong>allestimenti<\/strong>, utilizzando l\u2019abilit\u00e0 tecnica nella creazione di <strong>manufatti tessili<\/strong> per ottenere prodotti difficilmente catalogabili in un solo genere.<\/p>\n<p>La mostra <strong><em>Sergio Perrero \u2013 Elogio dell\u2019imperfezione<\/em><\/strong> \u00e8 la prima antologica dedicata a questo eclettico artista torinese e alla sua geniale e poliedrica creativit\u00e0. Un omaggio reso ancora pi\u00f9 importante e impellente dopo la sua prematura scomparsa nel 2020.<\/p>\n<p>Dal <strong>16 maggio al 25 giugno 2023<\/strong> l\u2019evento espositivo allestito a <strong>Torino<\/strong> presso lo <strong>Spazio Musa<\/strong>, intende ripercorrere e presentare al pubblico la sua ricca e multiforme produzione artistica attraverso pi\u00f9 di <strong>ottanta opere<\/strong> d\u2019arte tra <strong>quadri<\/strong>, <strong>oggetti di design<\/strong> e <strong>arredamento<\/strong>, <strong>capi di abbigliamento<\/strong>.<\/p>\n<p>La ricerca sui materiali applicata a fibre naturali e preziose, l\u2019utilizzo della <strong>tintura<\/strong> e della <strong>tecnica<\/strong> <strong>serigrafica<\/strong> per ottenere stampe assolutamente originali, il <strong>riuso creativo<\/strong> dei pi\u00f9 disparati oggetti gli ha consentito di ottenere non solo opere, ma <strong>oggetti funzionali<\/strong> da poter inserire in contesti d\u2019uso ibridi.<\/p>\n<p>Le opere presentate nella mostra <strong><em>Sergio Perrero \u2013 Elogio dell\u2019imperfezione<\/em><\/strong> provengono da una azione di conservazione e valorizzazione dei manufatti realizzati con diverse tecniche che ha la finalit\u00e0 di rendere visibili <strong>creazioni mai presentate al pubblico<\/strong>. Facendo emergere dal suo archivio le sperimentazioni realizzate per la produzione di tessuti destinati alle collezioni di moda, i pezzi unici da lui creati dal riuso di oggetti di design e contaminati con interventi cromatici, invenzioni nate dalla fascinazione per un oggetto, un colore, una trasparenza si propone in mostra una originale scelta tra le sue produzioni.<\/p>\n<p>L\u2019antologica di Sergio Perrero si inquadra nel progetto <strong><em>Perrero Experience<\/em><\/strong><em>, <\/em>nato dalla collaborazione con Gino Piardi e Pietro Tassi con l\u2019obiettivo di rielaborare oggetti d\u2019arredamento iconici, attraverso processi di&nbsp;restauro contaminati da guizzi creativi, per realizzare allestimenti e proposte d\u2019arredo: <em>\u201cPerrero Experience \u00e8 un progetto che ci siamo impegnati a proseguire per dare un segno di continuit\u00e0 alla ricerca svolta da Sergio Perrero. Ora sta portando avanti una missione di catalogazione dell\u2019immenso e inconsapevole archivio di Sergio, ma anche di conservazione della memoria. L\u2019organizzazione di questa prima antologica \u00e8 il primo atto di \u201crestituzione\u201d al mondo della sua opera artistica attraverso la quale vogliamo far vivere il suo genio e la sua visione attraverso la diffusione delle sue creazioni\u201d <\/em>commenta <strong>Gino Piardi<\/strong>.<\/p>\n<p><strong>Afrodite Oikonomidou, curatrice della mostra<\/strong>, ci introduce cos\u00ec nell\u2019immaginario pittorico dell\u2019artista:<\/p>\n<p><em>\u201cIn un dinamico rapporto tra pittura e stampa, le \u201cTele\u201d di Perrero sono tracce visibili di un dialogo tra astrazione e fisicit\u00e0. Narrazioni di mondi incantati con i quali l\u2019autore interpreta esperienze, passioni, dubbi, convinzioni. Metafore di una vita, personali tavole proiettive per le quali non ci vuole nessuna chiave di lettura, tranne quella della sensibilit\u00e0 alla bellezza.\u201d<\/em><\/p>\n<p>Maggiori informazioni sul sito di <a href=\"https:\/\/www.sergioperrero.com\/mostra_elogio_imperfezione\/\"><strong>Sergio Perrero<\/strong><\/a><\/p>\n","protected":false},"excerpt":{"rendered":"<p>Presentata allo Spazio Musa di Torino la mostra &#8216;Elogio dell\u2019imperfezione&#8217; di Sergio Perrero \u2013 a cura di Afrodite Oikonomidou: la prima mostra antologica dedicata all\u2019artista torinese con oltre 80 opere significative della sua eclettica produzione. Sergio Perrero \u00e8 stato un creativo a tutto tondo che ha spaziato dall&#8217;arte alla&nbsp;moda, dall\u2019arredamento alla progettazione di allestimenti, utilizzando [&hellip;]<\/p>\n","protected":false},"author":1,"featured_media":0,"comment_status":"closed","ping_status":"open","sticky":false,"template":"","format":"standard","meta":{"ngg_post_thumbnail":0},"categories":[54,1],"tags":[],"_links":{"self":[{"href":"http:\/\/www.spaziotorino.it\/scatto\/index.php?rest_route=\/wp\/v2\/posts\/45535"}],"collection":[{"href":"http:\/\/www.spaziotorino.it\/scatto\/index.php?rest_route=\/wp\/v2\/posts"}],"about":[{"href":"http:\/\/www.spaziotorino.it\/scatto\/index.php?rest_route=\/wp\/v2\/types\/post"}],"author":[{"embeddable":true,"href":"http:\/\/www.spaziotorino.it\/scatto\/index.php?rest_route=\/wp\/v2\/users\/1"}],"replies":[{"embeddable":true,"href":"http:\/\/www.spaziotorino.it\/scatto\/index.php?rest_route=%2Fwp%2Fv2%2Fcomments&post=45535"}],"version-history":[{"count":2,"href":"http:\/\/www.spaziotorino.it\/scatto\/index.php?rest_route=\/wp\/v2\/posts\/45535\/revisions"}],"predecessor-version":[{"id":45538,"href":"http:\/\/www.spaziotorino.it\/scatto\/index.php?rest_route=\/wp\/v2\/posts\/45535\/revisions\/45538"}],"wp:attachment":[{"href":"http:\/\/www.spaziotorino.it\/scatto\/index.php?rest_route=%2Fwp%2Fv2%2Fmedia&parent=45535"}],"wp:term":[{"taxonomy":"category","embeddable":true,"href":"http:\/\/www.spaziotorino.it\/scatto\/index.php?rest_route=%2Fwp%2Fv2%2Fcategories&post=45535"},{"taxonomy":"post_tag","embeddable":true,"href":"http:\/\/www.spaziotorino.it\/scatto\/index.php?rest_route=%2Fwp%2Fv2%2Ftags&post=45535"}],"curies":[{"name":"wp","href":"https:\/\/api.w.org\/{rel}","templated":true}]}}