{"id":45599,"date":"2023-05-18T23:55:24","date_gmt":"2023-05-18T22:55:24","guid":{"rendered":"http:\/\/www.spaziotorino.it\/scatto\/?p=45599"},"modified":"2023-05-23T13:52:22","modified_gmt":"2023-05-23T12:52:22","slug":"al-via-la-xxxv-edizione-del-salone-internazionale-del-libro-di-torino","status":"publish","type":"post","link":"http:\/\/www.spaziotorino.it\/scatto\/?p=45599","title":{"rendered":"Al via la XXXV edizione del Salone Internazionale del libro di Torino"},"content":{"rendered":"<p><a class=\"ngg-fancybox\" title=\"Al via la XXXV edizione del Salone Internazionale del libro di Torino\" href=\"http:\/\/www.spaziotorino.it\/scatto\/wp-content\/gallery\/2023_05_18_salto\/PLA_4233.jpg\" rel=\"lightbox[set_1949]\"><br \/>\n<img decoding=\"async\" loading=\"lazy\" class=\"ngg-singlepic\" title=\"Al via la XXXV edizione del Salone Internazionale del libro di Torino\" src=\"http:\/\/www.spaziotorino.it\/scatto\/wp-content\/gallery\/2023_05_18_salto\/PLA_4233.jpg\" alt=\"\" width=\"540\" height=\"360\"\/><\/a><\/p>\n<!-- index.php -->\n<div\n\tclass=\"ngg-galleryoverview ngg-ajax-pagination-none\"\n\tid=\"ngg-gallery-c7a6374d05f5cb1f1a1f6ee7fc45f2b6-1\">\n\n    \t\t<!-- Thumbnails -->\n\t\t\t\t<div id=\"ngg-image-0\" class=\"ngg-gallery-thumbnail-box\" >\n\t\t\t\t        <div class=\"ngg-gallery-thumbnail\">\n            <a href=\"http:\/\/www.spaziotorino.it\/scatto\/wp-content\/gallery\/2023_05_18_salto\/PLA_3602.jpg\"\n               title=\"XXXV edizione del Salone Internazionale del libro di Torino\"\n               data-src=\"http:\/\/www.spaziotorino.it\/scatto\/wp-content\/gallery\/2023_05_18_salto\/PLA_3602.jpg\"\n               data-thumbnail=\"http:\/\/www.spaziotorino.it\/scatto\/wp-content\/gallery\/2023_05_18_salto\/thumbs\/thumbs_PLA_3602.jpg\"\n               data-image-id=\"29219\"\n               data-title=\"XXXV edizione del Salone Internazionale del libro di Torino\"\n               data-description=\"XXXV edizione del Salone Internazionale del libro di Torino\"\n               data-image-slug=\"pla_3602\"\n               class=\"ngg-fancybox\" rel=\"c7a6374d05f5cb1f1a1f6ee7fc45f2b6\">\n                <img\n                    title=\"XXXV edizione del Salone Internazionale del libro di Torino\"\n                    alt=\"XXXV edizione del Salone Internazionale del libro di Torino\"\n                    src=\"http:\/\/www.spaziotorino.it\/scatto\/wp-content\/gallery\/2023_05_18_salto\/cache\/PLA_3602.jpg-nggid0529219-ngg0dyn-60x60x100-00f0w010c011r110f110r010t010.jpg\"\n                    width=\"60\"\n                    height=\"60\"\n                    style=\"max-width:100%;\"\n                \/>\n            <\/a>\n        <\/div>\n\t\t\t\t\t\t\t<\/div> \n\t\t\t\n        \n\t\t\t\t<div id=\"ngg-image-1\" class=\"ngg-gallery-thumbnail-box\" >\n\t\t\t\t        <div class=\"ngg-gallery-thumbnail\">\n            <a href=\"http:\/\/www.spaziotorino.it\/scatto\/wp-content\/gallery\/2023_05_18_salto\/PLA_3625.jpg\"\n               title=\"XXXV edizione del Salone Internazionale del libro di Torino\"\n               data-src=\"http:\/\/www.spaziotorino.it\/scatto\/wp-content\/gallery\/2023_05_18_salto\/PLA_3625.jpg\"\n               data-thumbnail=\"http:\/\/www.spaziotorino.it\/scatto\/wp-content\/gallery\/2023_05_18_salto\/thumbs\/thumbs_PLA_3625.jpg\"\n               data-image-id=\"29221\"\n               data-title=\"XXXV edizione del Salone Internazionale del libro di Torino\"\n               data-description=\"XXXV edizione del Salone Internazionale del libro di Torino\"\n               data-image-slug=\"pla_3625\"\n               class=\"ngg-fancybox\" rel=\"c7a6374d05f5cb1f1a1f6ee7fc45f2b6\">\n                <img\n                    title=\"XXXV edizione del Salone Internazionale del libro di Torino\"\n                    alt=\"XXXV edizione del Salone Internazionale del libro di Torino\"\n                    src=\"http:\/\/www.spaziotorino.it\/scatto\/wp-content\/gallery\/2023_05_18_salto\/cache\/PLA_3625.jpg-nggid0529221-ngg0dyn-60x60x100-00f0w010c011r110f110r010t010.jpg\"\n                    width=\"60\"\n                    height=\"60\"\n                    style=\"max-width:100%;\"\n                \/>\n            <\/a>\n        <\/div>\n\t\t\t\t\t\t\t<\/div> \n\t\t\t\n        \n\t\t\t\t<div id=\"ngg-image-2\" class=\"ngg-gallery-thumbnail-box\" >\n\t\t\t\t        <div class=\"ngg-gallery-thumbnail\">\n            <a href=\"http:\/\/www.spaziotorino.it\/scatto\/wp-content\/gallery\/2023_05_18_salto\/PLA_3654.jpg\"\n               title=\"XXXV edizione del Salone Internazionale del libro di Torino\"\n               data-src=\"http:\/\/www.spaziotorino.it\/scatto\/wp-content\/gallery\/2023_05_18_salto\/PLA_3654.jpg\"\n               data-thumbnail=\"http:\/\/www.spaziotorino.it\/scatto\/wp-content\/gallery\/2023_05_18_salto\/thumbs\/thumbs_PLA_3654.jpg\"\n               data-image-id=\"29220\"\n               data-title=\"XXXV edizione del Salone Internazionale del libro di Torino\"\n               data-description=\"XXXV edizione del Salone Internazionale del libro di Torino\"\n               data-image-slug=\"pla_3654\"\n               class=\"ngg-fancybox\" rel=\"c7a6374d05f5cb1f1a1f6ee7fc45f2b6\">\n                <img\n                    title=\"XXXV edizione del Salone Internazionale del libro di Torino\"\n                    alt=\"XXXV edizione del Salone Internazionale del libro di Torino\"\n                    src=\"http:\/\/www.spaziotorino.it\/scatto\/wp-content\/gallery\/2023_05_18_salto\/cache\/PLA_3654.jpg-nggid0529220-ngg0dyn-60x60x100-00f0w010c011r110f110r010t010.jpg\"\n                    width=\"60\"\n                    height=\"60\"\n                    style=\"max-width:100%;\"\n                \/>\n            <\/a>\n        <\/div>\n\t\t\t\t\t\t\t<\/div> \n\t\t\t\n        \n\t\t\t\t<div id=\"ngg-image-3\" class=\"ngg-gallery-thumbnail-box\" >\n\t\t\t\t        <div class=\"ngg-gallery-thumbnail\">\n            <a href=\"http:\/\/www.spaziotorino.it\/scatto\/wp-content\/gallery\/2023_05_18_salto\/PLA_3631.jpg\"\n               title=\"Gigi Marzullo\"\n               data-src=\"http:\/\/www.spaziotorino.it\/scatto\/wp-content\/gallery\/2023_05_18_salto\/PLA_3631.jpg\"\n               data-thumbnail=\"http:\/\/www.spaziotorino.it\/scatto\/wp-content\/gallery\/2023_05_18_salto\/thumbs\/thumbs_PLA_3631.jpg\"\n               data-image-id=\"29217\"\n               data-title=\"Gigi Marzullo\"\n               data-description=\"Gigi Marzullo\"\n               data-image-slug=\"pla_3631-1\"\n               class=\"ngg-fancybox\" rel=\"c7a6374d05f5cb1f1a1f6ee7fc45f2b6\">\n                <img\n                    title=\"Gigi Marzullo\"\n                    alt=\"Gigi Marzullo\"\n                    src=\"http:\/\/www.spaziotorino.it\/scatto\/wp-content\/gallery\/2023_05_18_salto\/cache\/PLA_3631.jpg-nggid0529217-ngg0dyn-60x60x100-00f0w010c011r110f110r010t010.jpg\"\n                    width=\"60\"\n                    height=\"60\"\n                    style=\"max-width:100%;\"\n                \/>\n            <\/a>\n        <\/div>\n\t\t\t\t\t\t\t<\/div> \n\t\t\t\n        \n\t\t\t\t<div id=\"ngg-image-4\" class=\"ngg-gallery-thumbnail-box\" >\n\t\t\t\t        <div class=\"ngg-gallery-thumbnail\">\n            <a href=\"http:\/\/www.spaziotorino.it\/scatto\/wp-content\/gallery\/2023_05_18_salto\/PLA_3670.jpg\"\n               title=\"La Ministra della Cultura albanese Elva Margariti e il ministro della Cultura Gennaro Sangiuliano\"\n               data-src=\"http:\/\/www.spaziotorino.it\/scatto\/wp-content\/gallery\/2023_05_18_salto\/PLA_3670.jpg\"\n               data-thumbnail=\"http:\/\/www.spaziotorino.it\/scatto\/wp-content\/gallery\/2023_05_18_salto\/thumbs\/thumbs_PLA_3670.jpg\"\n               data-image-id=\"29218\"\n               data-title=\"La Ministra della Cultura albanese Elva Margariti e il ministro della Cultura Gennaro Sangiuliano\"\n               data-description=\"La Ministra della Cultura albanese Elva Margariti e il ministro della Cultura Gennaro Sangiuliano\"\n               data-image-slug=\"pla_3670\"\n               class=\"ngg-fancybox\" rel=\"c7a6374d05f5cb1f1a1f6ee7fc45f2b6\">\n                <img\n                    title=\"La Ministra della Cultura albanese Elva Margariti e il ministro della Cultura Gennaro Sangiuliano\"\n                    alt=\"La Ministra della Cultura albanese Elva Margariti e il ministro della Cultura Gennaro Sangiuliano\"\n                    src=\"http:\/\/www.spaziotorino.it\/scatto\/wp-content\/gallery\/2023_05_18_salto\/cache\/PLA_3670.jpg-nggid0529218-ngg0dyn-60x60x100-00f0w010c011r110f110r010t010.jpg\"\n                    width=\"60\"\n                    height=\"60\"\n                    style=\"max-width:100%;\"\n                \/>\n            <\/a>\n        <\/div>\n\t\t\t\t\t\t\t<\/div> \n\t\t\t\n        \n\t\t\t\t<div id=\"ngg-image-5\" class=\"ngg-gallery-thumbnail-box\" >\n\t\t\t\t        <div class=\"ngg-gallery-thumbnail\">\n            <a href=\"http:\/\/www.spaziotorino.it\/scatto\/wp-content\/gallery\/2023_05_18_salto\/PLA_3735.jpg\"\n               title=\"L&#039;arrivo del presidente del Senato Ignazio La Russa\"\n               data-src=\"http:\/\/www.spaziotorino.it\/scatto\/wp-content\/gallery\/2023_05_18_salto\/PLA_3735.jpg\"\n               data-thumbnail=\"http:\/\/www.spaziotorino.it\/scatto\/wp-content\/gallery\/2023_05_18_salto\/thumbs\/thumbs_PLA_3735.jpg\"\n               data-image-id=\"29222\"\n               data-title=\"L&#039;arrivo del presidente del Senato Ignazio La Russa\"\n               data-description=\"L&#039;arrivo del presidente del Senato Ignazio La Russa\"\n               data-image-slug=\"pla_3735-2\"\n               class=\"ngg-fancybox\" rel=\"c7a6374d05f5cb1f1a1f6ee7fc45f2b6\">\n                <img\n                    title=\"L&#039;arrivo del presidente del Senato Ignazio La Russa\"\n                    alt=\"L&#039;arrivo del presidente del Senato Ignazio La Russa\"\n                    src=\"http:\/\/www.spaziotorino.it\/scatto\/wp-content\/gallery\/2023_05_18_salto\/cache\/PLA_3735.jpg-nggid0529222-ngg0dyn-60x60x100-00f0w010c011r110f110r010t010.jpg\"\n                    width=\"60\"\n                    height=\"60\"\n                    style=\"max-width:100%;\"\n                \/>\n            <\/a>\n        <\/div>\n\t\t\t\t\t\t\t<\/div> \n\t\t\t\n        \n\t\t\t\t<div id=\"ngg-image-6\" class=\"ngg-gallery-thumbnail-box\" >\n\t\t\t\t        <div class=\"ngg-gallery-thumbnail\">\n            <a href=\"http:\/\/www.spaziotorino.it\/scatto\/wp-content\/gallery\/2023_05_18_salto\/PLA_3761.jpg\"\n               title=\"&#039;Applausi&#039;\"\n               data-src=\"http:\/\/www.spaziotorino.it\/scatto\/wp-content\/gallery\/2023_05_18_salto\/PLA_3761.jpg\"\n               data-thumbnail=\"http:\/\/www.spaziotorino.it\/scatto\/wp-content\/gallery\/2023_05_18_salto\/thumbs\/thumbs_PLA_3761.jpg\"\n               data-image-id=\"29225\"\n               data-title=\"&#039;Applausi&#039;\"\n               data-description=\"&#039;Applausi&#039;\"\n               data-image-slug=\"pla_3761-1\"\n               class=\"ngg-fancybox\" rel=\"c7a6374d05f5cb1f1a1f6ee7fc45f2b6\">\n                <img\n                    title=\"&#039;Applausi&#039;\"\n                    alt=\"&#039;Applausi&#039;\"\n                    src=\"http:\/\/www.spaziotorino.it\/scatto\/wp-content\/gallery\/2023_05_18_salto\/cache\/PLA_3761.jpg-nggid0529225-ngg0dyn-60x60x100-00f0w010c011r110f110r010t010.jpg\"\n                    width=\"60\"\n                    height=\"60\"\n                    style=\"max-width:100%;\"\n                \/>\n            <\/a>\n        <\/div>\n\t\t\t\t\t\t\t<\/div> \n\t\t\t\n        \n\t\t\t\t<div id=\"ngg-image-7\" class=\"ngg-gallery-thumbnail-box\" >\n\t\t\t\t        <div class=\"ngg-gallery-thumbnail\">\n            <a href=\"http:\/\/www.spaziotorino.it\/scatto\/wp-content\/gallery\/2023_05_18_salto\/PLA_3782.jpg\"\n               title=\"Nicola Lagioia - Inaugurazione XXXV edizione del Salone Internazionale del libro di Torino\"\n               data-src=\"http:\/\/www.spaziotorino.it\/scatto\/wp-content\/gallery\/2023_05_18_salto\/PLA_3782.jpg\"\n               data-thumbnail=\"http:\/\/www.spaziotorino.it\/scatto\/wp-content\/gallery\/2023_05_18_salto\/thumbs\/thumbs_PLA_3782.jpg\"\n               data-image-id=\"29226\"\n               data-title=\"Nicola Lagioia - Inaugurazione XXXV edizione del Salone Internazionale del libro di Torino\"\n               data-description=\"Nicola Lagioia - Inaugurazione XXXV edizione del Salone Internazionale del libro di Torino\"\n               data-image-slug=\"pla_3782-1\"\n               class=\"ngg-fancybox\" rel=\"c7a6374d05f5cb1f1a1f6ee7fc45f2b6\">\n                <img\n                    title=\"Nicola Lagioia - Inaugurazione XXXV edizione del Salone Internazionale del libro di Torino\"\n                    alt=\"Nicola Lagioia - Inaugurazione XXXV edizione del Salone Internazionale del libro di Torino\"\n                    src=\"http:\/\/www.spaziotorino.it\/scatto\/wp-content\/gallery\/2023_05_18_salto\/cache\/PLA_3782.jpg-nggid0529226-ngg0dyn-60x60x100-00f0w010c011r110f110r010t010.jpg\"\n                    width=\"60\"\n                    height=\"60\"\n                    style=\"max-width:100%;\"\n                \/>\n            <\/a>\n        <\/div>\n\t\t\t\t\t\t\t<\/div> \n\t\t\t\n        \n\t\t\t\t<div id=\"ngg-image-8\" class=\"ngg-gallery-thumbnail-box\" >\n\t\t\t\t        <div class=\"ngg-gallery-thumbnail\">\n            <a href=\"http:\/\/www.spaziotorino.it\/scatto\/wp-content\/gallery\/2023_05_18_salto\/PLA_3792.jpg\"\n               title=\"Inaugurazione XXXV edizione del Salone Internazionale del libro di Torino\"\n               data-src=\"http:\/\/www.spaziotorino.it\/scatto\/wp-content\/gallery\/2023_05_18_salto\/PLA_3792.jpg\"\n               data-thumbnail=\"http:\/\/www.spaziotorino.it\/scatto\/wp-content\/gallery\/2023_05_18_salto\/thumbs\/thumbs_PLA_3792.jpg\"\n               data-image-id=\"29224\"\n               data-title=\"Inaugurazione XXXV edizione del Salone Internazionale del libro di Torino\"\n               data-description=\"Inaugurazione XXXV edizione del Salone Internazionale del libro di Torino\"\n               data-image-slug=\"pla_3792\"\n               class=\"ngg-fancybox\" rel=\"c7a6374d05f5cb1f1a1f6ee7fc45f2b6\">\n                <img\n                    title=\"Inaugurazione XXXV edizione del Salone Internazionale del libro di Torino\"\n                    alt=\"Inaugurazione XXXV edizione del Salone Internazionale del libro di Torino\"\n                    src=\"http:\/\/www.spaziotorino.it\/scatto\/wp-content\/gallery\/2023_05_18_salto\/cache\/PLA_3792.jpg-nggid0529224-ngg0dyn-60x60x100-00f0w010c011r110f110r010t010.jpg\"\n                    width=\"60\"\n                    height=\"60\"\n                    style=\"max-width:100%;\"\n                \/>\n            <\/a>\n        <\/div>\n\t\t\t\t\t\t\t<\/div> \n\t\t\t\n        \n\t\t\t\t<div id=\"ngg-image-9\" class=\"ngg-gallery-thumbnail-box\" >\n\t\t\t\t        <div class=\"ngg-gallery-thumbnail\">\n            <a href=\"http:\/\/www.spaziotorino.it\/scatto\/wp-content\/gallery\/2023_05_18_salto\/PLA_3819.jpg\"\n               title=\"Il Sindaco Lo Russo all&#039;inaugurazione XXXV edizione del Salone Internazionale del libro di Torino\"\n               data-src=\"http:\/\/www.spaziotorino.it\/scatto\/wp-content\/gallery\/2023_05_18_salto\/PLA_3819.jpg\"\n               data-thumbnail=\"http:\/\/www.spaziotorino.it\/scatto\/wp-content\/gallery\/2023_05_18_salto\/thumbs\/thumbs_PLA_3819.jpg\"\n               data-image-id=\"29227\"\n               data-title=\"Il Sindaco Lo Russo all&#039;inaugurazione XXXV edizione del Salone Internazionale del libro di Torino\"\n               data-description=\"Il Sindaco Lo Russo all&#039;inaugurazione XXXV edizione del Salone Internazionale del libro di Torino\"\n               data-image-slug=\"pla_3819\"\n               class=\"ngg-fancybox\" rel=\"c7a6374d05f5cb1f1a1f6ee7fc45f2b6\">\n                <img\n                    title=\"Il Sindaco Lo Russo all&#039;inaugurazione XXXV edizione del Salone Internazionale del libro di Torino\"\n                    alt=\"Il Sindaco Lo Russo all&#039;inaugurazione XXXV edizione del Salone Internazionale del libro di Torino\"\n                    src=\"http:\/\/www.spaziotorino.it\/scatto\/wp-content\/gallery\/2023_05_18_salto\/cache\/PLA_3819.jpg-nggid0529227-ngg0dyn-60x60x100-00f0w010c011r110f110r010t010.jpg\"\n                    width=\"60\"\n                    height=\"60\"\n                    style=\"max-width:100%;\"\n                \/>\n            <\/a>\n        <\/div>\n\t\t\t\t\t\t\t<\/div> \n\t\t\t\n        \n\t\t\t\t<div id=\"ngg-image-10\" class=\"ngg-gallery-thumbnail-box\" >\n\t\t\t\t        <div class=\"ngg-gallery-thumbnail\">\n            <a href=\"http:\/\/www.spaziotorino.it\/scatto\/wp-content\/gallery\/2023_05_18_salto\/PLA_3826.jpg\"\n               title=\"Il ministro della Cultura Gennaro Sangiuliano\"\n               data-src=\"http:\/\/www.spaziotorino.it\/scatto\/wp-content\/gallery\/2023_05_18_salto\/PLA_3826.jpg\"\n               data-thumbnail=\"http:\/\/www.spaziotorino.it\/scatto\/wp-content\/gallery\/2023_05_18_salto\/thumbs\/thumbs_PLA_3826.jpg\"\n               data-image-id=\"29223\"\n               data-title=\"Il ministro della Cultura Gennaro Sangiuliano\"\n               data-description=\"Il ministro della Cultura Gennaro Sangiuliano\"\n               data-image-slug=\"pla_3826-2\"\n               class=\"ngg-fancybox\" rel=\"c7a6374d05f5cb1f1a1f6ee7fc45f2b6\">\n                <img\n                    title=\"Il ministro della Cultura Gennaro Sangiuliano\"\n                    alt=\"Il ministro della Cultura Gennaro Sangiuliano\"\n                    src=\"http:\/\/www.spaziotorino.it\/scatto\/wp-content\/gallery\/2023_05_18_salto\/cache\/PLA_3826.jpg-nggid0529223-ngg0dyn-60x60x100-00f0w010c011r110f110r010t010.jpg\"\n                    width=\"60\"\n                    height=\"60\"\n                    style=\"max-width:100%;\"\n                \/>\n            <\/a>\n        <\/div>\n\t\t\t\t\t\t\t<\/div> \n\t\t\t\n        \n\t\t\t\t<div id=\"ngg-image-11\" class=\"ngg-gallery-thumbnail-box\" >\n\t\t\t\t        <div class=\"ngg-gallery-thumbnail\">\n            <a href=\"http:\/\/www.spaziotorino.it\/scatto\/wp-content\/gallery\/2023_05_18_salto\/PLA_3865.jpg\"\n               title=\"Ignazio La Russa - Inaugurazione XXXV edizione del Salone Internazionale del libro di Torino\"\n               data-src=\"http:\/\/www.spaziotorino.it\/scatto\/wp-content\/gallery\/2023_05_18_salto\/PLA_3865.jpg\"\n               data-thumbnail=\"http:\/\/www.spaziotorino.it\/scatto\/wp-content\/gallery\/2023_05_18_salto\/thumbs\/thumbs_PLA_3865.jpg\"\n               data-image-id=\"29228\"\n               data-title=\"Ignazio La Russa - Inaugurazione XXXV edizione del Salone Internazionale del libro di Torino\"\n               data-description=\"Ignazio La Russa - Inaugurazione XXXV edizione del Salone Internazionale del libro di Torino\"\n               data-image-slug=\"pla_3865-2\"\n               class=\"ngg-fancybox\" rel=\"c7a6374d05f5cb1f1a1f6ee7fc45f2b6\">\n                <img\n                    title=\"Ignazio La Russa - Inaugurazione XXXV edizione del Salone Internazionale del libro di Torino\"\n                    alt=\"Ignazio La Russa - Inaugurazione XXXV edizione del Salone Internazionale del libro di Torino\"\n                    src=\"http:\/\/www.spaziotorino.it\/scatto\/wp-content\/gallery\/2023_05_18_salto\/cache\/PLA_3865.jpg-nggid0529228-ngg0dyn-60x60x100-00f0w010c011r110f110r010t010.jpg\"\n                    width=\"60\"\n                    height=\"60\"\n                    style=\"max-width:100%;\"\n                \/>\n            <\/a>\n        <\/div>\n\t\t\t\t\t\t\t<\/div> \n\t\t\t\n        \n\t\t\t\t<div id=\"ngg-image-12\" class=\"ngg-gallery-thumbnail-box\" >\n\t\t\t\t        <div class=\"ngg-gallery-thumbnail\">\n            <a href=\"http:\/\/www.spaziotorino.it\/scatto\/wp-content\/gallery\/2023_05_18_salto\/wap_srg_1.jpg\"\n               title=\"Il taglio del nastro della XXXV edizione del Salone Internazionale del libro di Torino\"\n               data-src=\"http:\/\/www.spaziotorino.it\/scatto\/wp-content\/gallery\/2023_05_18_salto\/wap_srg_1.jpg\"\n               data-thumbnail=\"http:\/\/www.spaziotorino.it\/scatto\/wp-content\/gallery\/2023_05_18_salto\/thumbs\/thumbs_wap_srg_1.jpg\"\n               data-image-id=\"29258\"\n               data-title=\"Il taglio del nastro della XXXV edizione del Salone Internazionale del libro di Torino\"\n               data-description=\"Il taglio del nastro della XXXV edizione del Salone Internazionale del libro di Torino\"\n               data-image-slug=\"wap_srg_1\"\n               class=\"ngg-fancybox\" rel=\"c7a6374d05f5cb1f1a1f6ee7fc45f2b6\">\n                <img\n                    title=\"Il taglio del nastro della XXXV edizione del Salone Internazionale del libro di Torino\"\n                    alt=\"Il taglio del nastro della XXXV edizione del Salone Internazionale del libro di Torino\"\n                    src=\"http:\/\/www.spaziotorino.it\/scatto\/wp-content\/gallery\/2023_05_18_salto\/cache\/wap_srg_1.jpg-nggid0529258-ngg0dyn-60x60x100-00f0w010c011r110f110r010t010.jpg\"\n                    width=\"60\"\n                    height=\"60\"\n                    style=\"max-width:100%;\"\n                \/>\n            <\/a>\n        <\/div>\n\t\t\t\t\t\t\t<\/div> \n\t\t\t\n        \n\t\t\t\t<div id=\"ngg-image-13\" class=\"ngg-gallery-thumbnail-box\" >\n\t\t\t\t        <div class=\"ngg-gallery-thumbnail\">\n            <a href=\"http:\/\/www.spaziotorino.it\/scatto\/wp-content\/gallery\/2023_05_18_salto\/PLA_3878.jpg\"\n               title=\"XXXV edizione del Salone Internazionale del libro di Torino\"\n               data-src=\"http:\/\/www.spaziotorino.it\/scatto\/wp-content\/gallery\/2023_05_18_salto\/PLA_3878.jpg\"\n               data-thumbnail=\"http:\/\/www.spaziotorino.it\/scatto\/wp-content\/gallery\/2023_05_18_salto\/thumbs\/thumbs_PLA_3878.jpg\"\n               data-image-id=\"29230\"\n               data-title=\"XXXV edizione del Salone Internazionale del libro di Torino\"\n               data-description=\"XXXV edizione del Salone Internazionale del libro di Torino\"\n               data-image-slug=\"pla_3878-2\"\n               class=\"ngg-fancybox\" rel=\"c7a6374d05f5cb1f1a1f6ee7fc45f2b6\">\n                <img\n                    title=\"XXXV edizione del Salone Internazionale del libro di Torino\"\n                    alt=\"XXXV edizione del Salone Internazionale del libro di Torino\"\n                    src=\"http:\/\/www.spaziotorino.it\/scatto\/wp-content\/gallery\/2023_05_18_salto\/cache\/PLA_3878.jpg-nggid0529230-ngg0dyn-60x60x100-00f0w010c011r110f110r010t010.jpg\"\n                    width=\"60\"\n                    height=\"60\"\n                    style=\"max-width:100%;\"\n                \/>\n            <\/a>\n        <\/div>\n\t\t\t\t\t\t\t<\/div> \n\t\t\t\n        \n\t\t\t\t<div id=\"ngg-image-14\" class=\"ngg-gallery-thumbnail-box\" >\n\t\t\t\t        <div class=\"ngg-gallery-thumbnail\">\n            <a href=\"http:\/\/www.spaziotorino.it\/scatto\/wp-content\/gallery\/2023_05_18_salto\/PLA_3880.jpg\"\n               title=\"XXXV edizione del Salone Internazionale del libro di Torino\"\n               data-src=\"http:\/\/www.spaziotorino.it\/scatto\/wp-content\/gallery\/2023_05_18_salto\/PLA_3880.jpg\"\n               data-thumbnail=\"http:\/\/www.spaziotorino.it\/scatto\/wp-content\/gallery\/2023_05_18_salto\/thumbs\/thumbs_PLA_3880.jpg\"\n               data-image-id=\"29234\"\n               data-title=\"XXXV edizione del Salone Internazionale del libro di Torino\"\n               data-description=\"XXXV edizione del Salone Internazionale del libro di Torino\"\n               data-image-slug=\"pla_3880\"\n               class=\"ngg-fancybox\" rel=\"c7a6374d05f5cb1f1a1f6ee7fc45f2b6\">\n                <img\n                    title=\"XXXV edizione del Salone Internazionale del libro di Torino\"\n                    alt=\"XXXV edizione del Salone Internazionale del libro di Torino\"\n                    src=\"http:\/\/www.spaziotorino.it\/scatto\/wp-content\/gallery\/2023_05_18_salto\/cache\/PLA_3880.jpg-nggid0529234-ngg0dyn-60x60x100-00f0w010c011r110f110r010t010.jpg\"\n                    width=\"60\"\n                    height=\"60\"\n                    style=\"max-width:100%;\"\n                \/>\n            <\/a>\n        <\/div>\n\t\t\t\t\t\t\t<\/div> \n\t\t\t\n        \n\t\t\t\t<div id=\"ngg-image-15\" class=\"ngg-gallery-thumbnail-box\" >\n\t\t\t\t        <div class=\"ngg-gallery-thumbnail\">\n            <a href=\"http:\/\/www.spaziotorino.it\/scatto\/wp-content\/gallery\/2023_05_18_salto\/PLA_3876.jpg\"\n               title=\"XXXV edizione del Salone Internazionale del libro di Torino\"\n               data-src=\"http:\/\/www.spaziotorino.it\/scatto\/wp-content\/gallery\/2023_05_18_salto\/PLA_3876.jpg\"\n               data-thumbnail=\"http:\/\/www.spaziotorino.it\/scatto\/wp-content\/gallery\/2023_05_18_salto\/thumbs\/thumbs_PLA_3876.jpg\"\n               data-image-id=\"29233\"\n               data-title=\"XXXV edizione del Salone Internazionale del libro di Torino\"\n               data-description=\"XXXV edizione del Salone Internazionale del libro di Torino\"\n               data-image-slug=\"pla_3876-1\"\n               class=\"ngg-fancybox\" rel=\"c7a6374d05f5cb1f1a1f6ee7fc45f2b6\">\n                <img\n                    title=\"XXXV edizione del Salone Internazionale del libro di Torino\"\n                    alt=\"XXXV edizione del Salone Internazionale del libro di Torino\"\n                    src=\"http:\/\/www.spaziotorino.it\/scatto\/wp-content\/gallery\/2023_05_18_salto\/cache\/PLA_3876.jpg-nggid0529233-ngg0dyn-60x60x100-00f0w010c011r110f110r010t010.jpg\"\n                    width=\"60\"\n                    height=\"60\"\n                    style=\"max-width:100%;\"\n                \/>\n            <\/a>\n        <\/div>\n\t\t\t\t\t\t\t<\/div> \n\t\t\t\n        \n\t\t\t\t<div id=\"ngg-image-16\" class=\"ngg-gallery-thumbnail-box\" >\n\t\t\t\t        <div class=\"ngg-gallery-thumbnail\">\n            <a href=\"http:\/\/www.spaziotorino.it\/scatto\/wp-content\/gallery\/2023_05_18_salto\/PLA_3919.jpg\"\n               title=\"Gherardo Colombo\"\n               data-src=\"http:\/\/www.spaziotorino.it\/scatto\/wp-content\/gallery\/2023_05_18_salto\/PLA_3919.jpg\"\n               data-thumbnail=\"http:\/\/www.spaziotorino.it\/scatto\/wp-content\/gallery\/2023_05_18_salto\/thumbs\/thumbs_PLA_3919.jpg\"\n               data-image-id=\"29229\"\n               data-title=\"Gherardo Colombo\"\n               data-description=\"Gherardo Colombo\"\n               data-image-slug=\"pla_3919\"\n               class=\"ngg-fancybox\" rel=\"c7a6374d05f5cb1f1a1f6ee7fc45f2b6\">\n                <img\n                    title=\"Gherardo Colombo\"\n                    alt=\"Gherardo Colombo\"\n                    src=\"http:\/\/www.spaziotorino.it\/scatto\/wp-content\/gallery\/2023_05_18_salto\/cache\/PLA_3919.jpg-nggid0529229-ngg0dyn-60x60x100-00f0w010c011r110f110r010t010.jpg\"\n                    width=\"60\"\n                    height=\"60\"\n                    style=\"max-width:100%;\"\n                \/>\n            <\/a>\n        <\/div>\n\t\t\t\t\t\t\t<\/div> \n\t\t\t\n        \n\t\t\t\t<div id=\"ngg-image-17\" class=\"ngg-gallery-thumbnail-box\" >\n\t\t\t\t        <div class=\"ngg-gallery-thumbnail\">\n            <a href=\"http:\/\/www.spaziotorino.it\/scatto\/wp-content\/gallery\/2023_05_18_salto\/PLA_3894.jpg\"\n               title=\"XXXV edizione del Salone Internazionale del libro di Torino\"\n               data-src=\"http:\/\/www.spaziotorino.it\/scatto\/wp-content\/gallery\/2023_05_18_salto\/PLA_3894.jpg\"\n               data-thumbnail=\"http:\/\/www.spaziotorino.it\/scatto\/wp-content\/gallery\/2023_05_18_salto\/thumbs\/thumbs_PLA_3894.jpg\"\n               data-image-id=\"29231\"\n               data-title=\"XXXV edizione del Salone Internazionale del libro di Torino\"\n               data-description=\"XXXV edizione del Salone Internazionale del libro di Torino\"\n               data-image-slug=\"pla_3894\"\n               class=\"ngg-fancybox\" rel=\"c7a6374d05f5cb1f1a1f6ee7fc45f2b6\">\n                <img\n                    title=\"XXXV edizione del Salone Internazionale del libro di Torino\"\n                    alt=\"XXXV edizione del Salone Internazionale del libro di Torino\"\n                    src=\"http:\/\/www.spaziotorino.it\/scatto\/wp-content\/gallery\/2023_05_18_salto\/cache\/PLA_3894.jpg-nggid0529231-ngg0dyn-60x60x100-00f0w010c011r110f110r010t010.jpg\"\n                    width=\"60\"\n                    height=\"60\"\n                    style=\"max-width:100%;\"\n                \/>\n            <\/a>\n        <\/div>\n\t\t\t\t\t\t\t<\/div> \n\t\t\t\n        \n\t\t\t\t<div id=\"ngg-image-18\" class=\"ngg-gallery-thumbnail-box\" >\n\t\t\t\t        <div class=\"ngg-gallery-thumbnail\">\n            <a href=\"http:\/\/www.spaziotorino.it\/scatto\/wp-content\/gallery\/2023_05_18_salto\/PLA_3957.jpg\"\n               title=\"Lo stand dell&#039;Albania, paese ospite della XXXV edizione del Salone Internazionale del libro di Torino\"\n               data-src=\"http:\/\/www.spaziotorino.it\/scatto\/wp-content\/gallery\/2023_05_18_salto\/PLA_3957.jpg\"\n               data-thumbnail=\"http:\/\/www.spaziotorino.it\/scatto\/wp-content\/gallery\/2023_05_18_salto\/thumbs\/thumbs_PLA_3957.jpg\"\n               data-image-id=\"29232\"\n               data-title=\"Lo stand dell&#039;Albania, paese ospite della XXXV edizione del Salone Internazionale del libro di Torino\"\n               data-description=\"Lo stand dell&#039;Albania, paese ospite della XXXV edizione del Salone Internazionale del libro di Torino\"\n               data-image-slug=\"pla_3957-1\"\n               class=\"ngg-fancybox\" rel=\"c7a6374d05f5cb1f1a1f6ee7fc45f2b6\">\n                <img\n                    title=\"Lo stand dell&#039;Albania, paese ospite della XXXV edizione del Salone Internazionale del libro di Torino\"\n                    alt=\"Lo stand dell&#039;Albania, paese ospite della XXXV edizione del Salone Internazionale del libro di Torino\"\n                    src=\"http:\/\/www.spaziotorino.it\/scatto\/wp-content\/gallery\/2023_05_18_salto\/cache\/PLA_3957.jpg-nggid0529232-ngg0dyn-60x60x100-00f0w010c011r110f110r010t010.jpg\"\n                    width=\"60\"\n                    height=\"60\"\n                    style=\"max-width:100%;\"\n                \/>\n            <\/a>\n        <\/div>\n\t\t\t\t\t\t\t<\/div> \n\t\t\t\n        \n\t\t\t\t<div id=\"ngg-image-19\" class=\"ngg-gallery-thumbnail-box\" >\n\t\t\t\t        <div class=\"ngg-gallery-thumbnail\">\n            <a href=\"http:\/\/www.spaziotorino.it\/scatto\/wp-content\/gallery\/2023_05_18_salto\/PLA_3969.jpg\"\n               title=\"XXXV edizione del Salone Internazionale del libro di Torino\"\n               data-src=\"http:\/\/www.spaziotorino.it\/scatto\/wp-content\/gallery\/2023_05_18_salto\/PLA_3969.jpg\"\n               data-thumbnail=\"http:\/\/www.spaziotorino.it\/scatto\/wp-content\/gallery\/2023_05_18_salto\/thumbs\/thumbs_PLA_3969.jpg\"\n               data-image-id=\"29235\"\n               data-title=\"XXXV edizione del Salone Internazionale del libro di Torino\"\n               data-description=\"XXXV edizione del Salone Internazionale del libro di Torino\"\n               data-image-slug=\"pla_3969\"\n               class=\"ngg-fancybox\" rel=\"c7a6374d05f5cb1f1a1f6ee7fc45f2b6\">\n                <img\n                    title=\"XXXV edizione del Salone Internazionale del libro di Torino\"\n                    alt=\"XXXV edizione del Salone Internazionale del libro di Torino\"\n                    src=\"http:\/\/www.spaziotorino.it\/scatto\/wp-content\/gallery\/2023_05_18_salto\/cache\/PLA_3969.jpg-nggid0529235-ngg0dyn-60x60x100-00f0w010c011r110f110r010t010.jpg\"\n                    width=\"60\"\n                    height=\"60\"\n                    style=\"max-width:100%;\"\n                \/>\n            <\/a>\n        <\/div>\n\t\t\t\t\t\t\t<\/div> \n\t\t\t\n        \n\t\t\t\t<div id=\"ngg-image-20\" class=\"ngg-gallery-thumbnail-box\" >\n\t\t\t\t        <div class=\"ngg-gallery-thumbnail\">\n            <a href=\"http:\/\/www.spaziotorino.it\/scatto\/wp-content\/gallery\/2023_05_18_salto\/PLA_3977.jpg\"\n               title=\"XXXV edizione del Salone Internazionale del libro di Torino\"\n               data-src=\"http:\/\/www.spaziotorino.it\/scatto\/wp-content\/gallery\/2023_05_18_salto\/PLA_3977.jpg\"\n               data-thumbnail=\"http:\/\/www.spaziotorino.it\/scatto\/wp-content\/gallery\/2023_05_18_salto\/thumbs\/thumbs_PLA_3977.jpg\"\n               data-image-id=\"29236\"\n               data-title=\"XXXV edizione del Salone Internazionale del libro di Torino\"\n               data-description=\"XXXV edizione del Salone Internazionale del libro di Torino\"\n               data-image-slug=\"pla_3977\"\n               class=\"ngg-fancybox\" rel=\"c7a6374d05f5cb1f1a1f6ee7fc45f2b6\">\n                <img\n                    title=\"XXXV edizione del Salone Internazionale del libro di Torino\"\n                    alt=\"XXXV edizione del Salone Internazionale del libro di Torino\"\n                    src=\"http:\/\/www.spaziotorino.it\/scatto\/wp-content\/gallery\/2023_05_18_salto\/cache\/PLA_3977.jpg-nggid0529236-ngg0dyn-60x60x100-00f0w010c011r110f110r010t010.jpg\"\n                    width=\"60\"\n                    height=\"60\"\n                    style=\"max-width:100%;\"\n                \/>\n            <\/a>\n        <\/div>\n\t\t\t\t\t\t\t<\/div> \n\t\t\t\n        \n\t\t\t\t<div id=\"ngg-image-21\" class=\"ngg-gallery-thumbnail-box\" >\n\t\t\t\t        <div class=\"ngg-gallery-thumbnail\">\n            <a href=\"http:\/\/www.spaziotorino.it\/scatto\/wp-content\/gallery\/2023_05_18_salto\/PLA_3990.jpg\"\n               title=\"Massimo Cacciari fra gli stand della XXXV edizione del Salone Internazionale del libro di Torino\"\n               data-src=\"http:\/\/www.spaziotorino.it\/scatto\/wp-content\/gallery\/2023_05_18_salto\/PLA_3990.jpg\"\n               data-thumbnail=\"http:\/\/www.spaziotorino.it\/scatto\/wp-content\/gallery\/2023_05_18_salto\/thumbs\/thumbs_PLA_3990.jpg\"\n               data-image-id=\"29237\"\n               data-title=\"Massimo Cacciari fra gli stand della XXXV edizione del Salone Internazionale del libro di Torino\"\n               data-description=\"Massimo Cacciari fra gli stand della XXXV edizione del Salone Internazionale del libro di Torino\"\n               data-image-slug=\"pla_3990-2\"\n               class=\"ngg-fancybox\" rel=\"c7a6374d05f5cb1f1a1f6ee7fc45f2b6\">\n                <img\n                    title=\"Massimo Cacciari fra gli stand della XXXV edizione del Salone Internazionale del libro di Torino\"\n                    alt=\"Massimo Cacciari fra gli stand della XXXV edizione del Salone Internazionale del libro di Torino\"\n                    src=\"http:\/\/www.spaziotorino.it\/scatto\/wp-content\/gallery\/2023_05_18_salto\/cache\/PLA_3990.jpg-nggid0529237-ngg0dyn-60x60x100-00f0w010c011r110f110r010t010.jpg\"\n                    width=\"60\"\n                    height=\"60\"\n                    style=\"max-width:100%;\"\n                \/>\n            <\/a>\n        <\/div>\n\t\t\t\t\t\t\t<\/div> \n\t\t\t\n        \n\t\t\t\t<div id=\"ngg-image-22\" class=\"ngg-gallery-thumbnail-box\" >\n\t\t\t\t        <div class=\"ngg-gallery-thumbnail\">\n            <a href=\"http:\/\/www.spaziotorino.it\/scatto\/wp-content\/gallery\/2023_05_18_salto\/PLA_4012.jpg\"\n               title=\"Il bosco degli scrittori\"\n               data-src=\"http:\/\/www.spaziotorino.it\/scatto\/wp-content\/gallery\/2023_05_18_salto\/PLA_4012.jpg\"\n               data-thumbnail=\"http:\/\/www.spaziotorino.it\/scatto\/wp-content\/gallery\/2023_05_18_salto\/thumbs\/thumbs_PLA_4012.jpg\"\n               data-image-id=\"29238\"\n               data-title=\"Il bosco degli scrittori\"\n               data-description=\"Il bosco degli scrittori\"\n               data-image-slug=\"pla_4012\"\n               class=\"ngg-fancybox\" rel=\"c7a6374d05f5cb1f1a1f6ee7fc45f2b6\">\n                <img\n                    title=\"Il bosco degli scrittori\"\n                    alt=\"Il bosco degli scrittori\"\n                    src=\"http:\/\/www.spaziotorino.it\/scatto\/wp-content\/gallery\/2023_05_18_salto\/cache\/PLA_4012.jpg-nggid0529238-ngg0dyn-60x60x100-00f0w010c011r110f110r010t010.jpg\"\n                    width=\"60\"\n                    height=\"60\"\n                    style=\"max-width:100%;\"\n                \/>\n            <\/a>\n        <\/div>\n\t\t\t\t\t\t\t<\/div> \n\t\t\t\n        \n\t\t\t\t<div id=\"ngg-image-23\" class=\"ngg-gallery-thumbnail-box\" >\n\t\t\t\t        <div class=\"ngg-gallery-thumbnail\">\n            <a href=\"http:\/\/www.spaziotorino.it\/scatto\/wp-content\/gallery\/2023_05_18_salto\/PLA_3975.jpg\"\n               title=\"XXXV edizione del Salone Internazionale del libro di Torino\"\n               data-src=\"http:\/\/www.spaziotorino.it\/scatto\/wp-content\/gallery\/2023_05_18_salto\/PLA_3975.jpg\"\n               data-thumbnail=\"http:\/\/www.spaziotorino.it\/scatto\/wp-content\/gallery\/2023_05_18_salto\/thumbs\/thumbs_PLA_3975.jpg\"\n               data-image-id=\"29239\"\n               data-title=\"XXXV edizione del Salone Internazionale del libro di Torino\"\n               data-description=\"XXXV edizione del Salone Internazionale del libro di Torino\"\n               data-image-slug=\"pla_3975\"\n               class=\"ngg-fancybox\" rel=\"c7a6374d05f5cb1f1a1f6ee7fc45f2b6\">\n                <img\n                    title=\"XXXV edizione del Salone Internazionale del libro di Torino\"\n                    alt=\"XXXV edizione del Salone Internazionale del libro di Torino\"\n                    src=\"http:\/\/www.spaziotorino.it\/scatto\/wp-content\/gallery\/2023_05_18_salto\/cache\/PLA_3975.jpg-nggid0529239-ngg0dyn-60x60x100-00f0w010c011r110f110r010t010.jpg\"\n                    width=\"60\"\n                    height=\"60\"\n                    style=\"max-width:100%;\"\n                \/>\n            <\/a>\n        <\/div>\n\t\t\t\t\t\t\t<\/div> \n\t\t\t\n        \n\t\t\t\t<div id=\"ngg-image-24\" class=\"ngg-gallery-thumbnail-box\" >\n\t\t\t\t        <div class=\"ngg-gallery-thumbnail\">\n            <a href=\"http:\/\/www.spaziotorino.it\/scatto\/wp-content\/gallery\/2023_05_18_salto\/PLA_4017.jpg\"\n               title=\"XXXV edizione del Salone Internazionale del libro di Torino\"\n               data-src=\"http:\/\/www.spaziotorino.it\/scatto\/wp-content\/gallery\/2023_05_18_salto\/PLA_4017.jpg\"\n               data-thumbnail=\"http:\/\/www.spaziotorino.it\/scatto\/wp-content\/gallery\/2023_05_18_salto\/thumbs\/thumbs_PLA_4017.jpg\"\n               data-image-id=\"29240\"\n               data-title=\"XXXV edizione del Salone Internazionale del libro di Torino\"\n               data-description=\"XXXV edizione del Salone Internazionale del libro di Torino\"\n               data-image-slug=\"pla_4017-1\"\n               class=\"ngg-fancybox\" rel=\"c7a6374d05f5cb1f1a1f6ee7fc45f2b6\">\n                <img\n                    title=\"XXXV edizione del Salone Internazionale del libro di Torino\"\n                    alt=\"XXXV edizione del Salone Internazionale del libro di Torino\"\n                    src=\"http:\/\/www.spaziotorino.it\/scatto\/wp-content\/gallery\/2023_05_18_salto\/cache\/PLA_4017.jpg-nggid0529240-ngg0dyn-60x60x100-00f0w010c011r110f110r010t010.jpg\"\n                    width=\"60\"\n                    height=\"60\"\n                    style=\"max-width:100%;\"\n                \/>\n            <\/a>\n        <\/div>\n\t\t\t\t\t\t\t<\/div> \n\t\t\t\n        \n\t\t\t\t<div id=\"ngg-image-25\" class=\"ngg-gallery-thumbnail-box\" >\n\t\t\t\t        <div class=\"ngg-gallery-thumbnail\">\n            <a href=\"http:\/\/www.spaziotorino.it\/scatto\/wp-content\/gallery\/2023_05_18_salto\/PLA_4046.jpg\"\n               title=\"Tatiana Bucci - XXXV edizione del Salone Internazionale del libro di Torino\"\n               data-src=\"http:\/\/www.spaziotorino.it\/scatto\/wp-content\/gallery\/2023_05_18_salto\/PLA_4046.jpg\"\n               data-thumbnail=\"http:\/\/www.spaziotorino.it\/scatto\/wp-content\/gallery\/2023_05_18_salto\/thumbs\/thumbs_PLA_4046.jpg\"\n               data-image-id=\"29241\"\n               data-title=\"Tatiana Bucci - XXXV edizione del Salone Internazionale del libro di Torino\"\n               data-description=\"Tatiana Bucci - XXXV edizione del Salone Internazionale del libro di Torino\"\n               data-image-slug=\"pla_4046\"\n               class=\"ngg-fancybox\" rel=\"c7a6374d05f5cb1f1a1f6ee7fc45f2b6\">\n                <img\n                    title=\"Tatiana Bucci - XXXV edizione del Salone Internazionale del libro di Torino\"\n                    alt=\"Tatiana Bucci - XXXV edizione del Salone Internazionale del libro di Torino\"\n                    src=\"http:\/\/www.spaziotorino.it\/scatto\/wp-content\/gallery\/2023_05_18_salto\/cache\/PLA_4046.jpg-nggid0529241-ngg0dyn-60x60x100-00f0w010c011r110f110r010t010.jpg\"\n                    width=\"60\"\n                    height=\"60\"\n                    style=\"max-width:100%;\"\n                \/>\n            <\/a>\n        <\/div>\n\t\t\t\t\t\t\t<\/div> \n\t\t\t\n        \n\t\t\t\t<div id=\"ngg-image-26\" class=\"ngg-gallery-thumbnail-box\" >\n\t\t\t\t        <div class=\"ngg-gallery-thumbnail\">\n            <a href=\"http:\/\/www.spaziotorino.it\/scatto\/wp-content\/gallery\/2023_05_18_salto\/PLA_4093.jpg\"\n               title=\"Pif - XXXV edizione del Salone Internazionale del libro di Torino\"\n               data-src=\"http:\/\/www.spaziotorino.it\/scatto\/wp-content\/gallery\/2023_05_18_salto\/PLA_4093.jpg\"\n               data-thumbnail=\"http:\/\/www.spaziotorino.it\/scatto\/wp-content\/gallery\/2023_05_18_salto\/thumbs\/thumbs_PLA_4093.jpg\"\n               data-image-id=\"29242\"\n               data-title=\"Pif - XXXV edizione del Salone Internazionale del libro di Torino\"\n               data-description=\"Pif - XXXV edizione del Salone Internazionale del libro di Torino\"\n               data-image-slug=\"pla_4093\"\n               class=\"ngg-fancybox\" rel=\"c7a6374d05f5cb1f1a1f6ee7fc45f2b6\">\n                <img\n                    title=\"Pif - XXXV edizione del Salone Internazionale del libro di Torino\"\n                    alt=\"Pif - XXXV edizione del Salone Internazionale del libro di Torino\"\n                    src=\"http:\/\/www.spaziotorino.it\/scatto\/wp-content\/gallery\/2023_05_18_salto\/cache\/PLA_4093.jpg-nggid0529242-ngg0dyn-60x60x100-00f0w010c011r110f110r010t010.jpg\"\n                    width=\"60\"\n                    height=\"60\"\n                    style=\"max-width:100%;\"\n                \/>\n            <\/a>\n        <\/div>\n\t\t\t\t\t\t\t<\/div> \n\t\t\t\n        \n\t\t\t\t<div id=\"ngg-image-27\" class=\"ngg-gallery-thumbnail-box\" >\n\t\t\t\t        <div class=\"ngg-gallery-thumbnail\">\n            <a href=\"http:\/\/www.spaziotorino.it\/scatto\/wp-content\/gallery\/2023_05_18_salto\/PLA_4116.jpg\"\n               title=\"Pif, Tatiana Bucci\"\n               data-src=\"http:\/\/www.spaziotorino.it\/scatto\/wp-content\/gallery\/2023_05_18_salto\/PLA_4116.jpg\"\n               data-thumbnail=\"http:\/\/www.spaziotorino.it\/scatto\/wp-content\/gallery\/2023_05_18_salto\/thumbs\/thumbs_PLA_4116.jpg\"\n               data-image-id=\"29245\"\n               data-title=\"Pif, Tatiana Bucci\"\n               data-description=\"Pif, Tatiana Bucci\"\n               data-image-slug=\"pla_4116-3\"\n               class=\"ngg-fancybox\" rel=\"c7a6374d05f5cb1f1a1f6ee7fc45f2b6\">\n                <img\n                    title=\"Pif, Tatiana Bucci\"\n                    alt=\"Pif, Tatiana Bucci\"\n                    src=\"http:\/\/www.spaziotorino.it\/scatto\/wp-content\/gallery\/2023_05_18_salto\/cache\/PLA_4116.jpg-nggid0529245-ngg0dyn-60x60x100-00f0w010c011r110f110r010t010.jpg\"\n                    width=\"60\"\n                    height=\"60\"\n                    style=\"max-width:100%;\"\n                \/>\n            <\/a>\n        <\/div>\n\t\t\t\t\t\t\t<\/div> \n\t\t\t\n        \n\t\t\t\t<div id=\"ngg-image-28\" class=\"ngg-gallery-thumbnail-box\" >\n\t\t\t\t        <div class=\"ngg-gallery-thumbnail\">\n            <a href=\"http:\/\/www.spaziotorino.it\/scatto\/wp-content\/gallery\/2023_05_18_salto\/PLA_4102.jpg\"\n               title=\"XXXV edizione del Salone Internazionale del libro di Torino\"\n               data-src=\"http:\/\/www.spaziotorino.it\/scatto\/wp-content\/gallery\/2023_05_18_salto\/PLA_4102.jpg\"\n               data-thumbnail=\"http:\/\/www.spaziotorino.it\/scatto\/wp-content\/gallery\/2023_05_18_salto\/thumbs\/thumbs_PLA_4102.jpg\"\n               data-image-id=\"29243\"\n               data-title=\"XXXV edizione del Salone Internazionale del libro di Torino\"\n               data-description=\"XXXV edizione del Salone Internazionale del libro di Torino\"\n               data-image-slug=\"pla_4102-1\"\n               class=\"ngg-fancybox\" rel=\"c7a6374d05f5cb1f1a1f6ee7fc45f2b6\">\n                <img\n                    title=\"XXXV edizione del Salone Internazionale del libro di Torino\"\n                    alt=\"XXXV edizione del Salone Internazionale del libro di Torino\"\n                    src=\"http:\/\/www.spaziotorino.it\/scatto\/wp-content\/gallery\/2023_05_18_salto\/cache\/PLA_4102.jpg-nggid0529243-ngg0dyn-60x60x100-00f0w010c011r110f110r010t010.jpg\"\n                    width=\"60\"\n                    height=\"60\"\n                    style=\"max-width:100%;\"\n                \/>\n            <\/a>\n        <\/div>\n\t\t\t\t\t\t\t<\/div> \n\t\t\t\n        \n\t\t\t\t<div id=\"ngg-image-29\" class=\"ngg-gallery-thumbnail-box\" >\n\t\t\t\t        <div class=\"ngg-gallery-thumbnail\">\n            <a href=\"http:\/\/www.spaziotorino.it\/scatto\/wp-content\/gallery\/2023_05_18_salto\/PLA_4197.jpg\"\n               title=\"Max Angioni allo stand de La Stampa\"\n               data-src=\"http:\/\/www.spaziotorino.it\/scatto\/wp-content\/gallery\/2023_05_18_salto\/PLA_4197.jpg\"\n               data-thumbnail=\"http:\/\/www.spaziotorino.it\/scatto\/wp-content\/gallery\/2023_05_18_salto\/thumbs\/thumbs_PLA_4197.jpg\"\n               data-image-id=\"29247\"\n               data-title=\"Max Angioni allo stand de La Stampa\"\n               data-description=\"Max Angioni allo stand de La Stampa\"\n               data-image-slug=\"pla_4197\"\n               class=\"ngg-fancybox\" rel=\"c7a6374d05f5cb1f1a1f6ee7fc45f2b6\">\n                <img\n                    title=\"Max Angioni allo stand de La Stampa\"\n                    alt=\"Max Angioni allo stand de La Stampa\"\n                    src=\"http:\/\/www.spaziotorino.it\/scatto\/wp-content\/gallery\/2023_05_18_salto\/cache\/PLA_4197.jpg-nggid0529247-ngg0dyn-60x60x100-00f0w010c011r110f110r010t010.jpg\"\n                    width=\"60\"\n                    height=\"60\"\n                    style=\"max-width:100%;\"\n                \/>\n            <\/a>\n        <\/div>\n\t\t\t\t\t\t\t<\/div> \n\t\t\t\n        \n\t\t\t\t<div id=\"ngg-image-30\" class=\"ngg-gallery-thumbnail-box\" >\n\t\t\t\t        <div class=\"ngg-gallery-thumbnail\">\n            <a href=\"http:\/\/www.spaziotorino.it\/scatto\/wp-content\/gallery\/2023_05_18_salto\/PLA_4157.jpg\"\n               title=\"Ermal Meta\"\n               data-src=\"http:\/\/www.spaziotorino.it\/scatto\/wp-content\/gallery\/2023_05_18_salto\/PLA_4157.jpg\"\n               data-thumbnail=\"http:\/\/www.spaziotorino.it\/scatto\/wp-content\/gallery\/2023_05_18_salto\/thumbs\/thumbs_PLA_4157.jpg\"\n               data-image-id=\"29244\"\n               data-title=\"Ermal Meta\"\n               data-description=\"Ermal Meta\"\n               data-image-slug=\"pla_4157\"\n               class=\"ngg-fancybox\" rel=\"c7a6374d05f5cb1f1a1f6ee7fc45f2b6\">\n                <img\n                    title=\"Ermal Meta\"\n                    alt=\"Ermal Meta\"\n                    src=\"http:\/\/www.spaziotorino.it\/scatto\/wp-content\/gallery\/2023_05_18_salto\/cache\/PLA_4157.jpg-nggid0529244-ngg0dyn-60x60x100-00f0w010c011r110f110r010t010.jpg\"\n                    width=\"60\"\n                    height=\"60\"\n                    style=\"max-width:100%;\"\n                \/>\n            <\/a>\n        <\/div>\n\t\t\t\t\t\t\t<\/div> \n\t\t\t\n        \n\t\t\t\t<div id=\"ngg-image-31\" class=\"ngg-gallery-thumbnail-box\" >\n\t\t\t\t        <div class=\"ngg-gallery-thumbnail\">\n            <a href=\"http:\/\/www.spaziotorino.it\/scatto\/wp-content\/gallery\/2023_05_18_salto\/PLA_4160.jpg\"\n               title=\"Ermal Meta\"\n               data-src=\"http:\/\/www.spaziotorino.it\/scatto\/wp-content\/gallery\/2023_05_18_salto\/PLA_4160.jpg\"\n               data-thumbnail=\"http:\/\/www.spaziotorino.it\/scatto\/wp-content\/gallery\/2023_05_18_salto\/thumbs\/thumbs_PLA_4160.jpg\"\n               data-image-id=\"29248\"\n               data-title=\"Ermal Meta\"\n               data-description=\"Ermal Meta\"\n               data-image-slug=\"pla_4160-2\"\n               class=\"ngg-fancybox\" rel=\"c7a6374d05f5cb1f1a1f6ee7fc45f2b6\">\n                <img\n                    title=\"Ermal Meta\"\n                    alt=\"Ermal Meta\"\n                    src=\"http:\/\/www.spaziotorino.it\/scatto\/wp-content\/gallery\/2023_05_18_salto\/cache\/PLA_4160.jpg-nggid0529248-ngg0dyn-60x60x100-00f0w010c011r110f110r010t010.jpg\"\n                    width=\"60\"\n                    height=\"60\"\n                    style=\"max-width:100%;\"\n                \/>\n            <\/a>\n        <\/div>\n\t\t\t\t\t\t\t<\/div> \n\t\t\t\n        \n\t\t\t\t<div id=\"ngg-image-32\" class=\"ngg-gallery-thumbnail-box\" >\n\t\t\t\t        <div class=\"ngg-gallery-thumbnail\">\n            <a href=\"http:\/\/www.spaziotorino.it\/scatto\/wp-content\/gallery\/2023_05_18_salto\/PLA_4108.jpg\"\n               title=\"XXXV edizione del Salone Internazionale del libro di Torino\"\n               data-src=\"http:\/\/www.spaziotorino.it\/scatto\/wp-content\/gallery\/2023_05_18_salto\/PLA_4108.jpg\"\n               data-thumbnail=\"http:\/\/www.spaziotorino.it\/scatto\/wp-content\/gallery\/2023_05_18_salto\/thumbs\/thumbs_PLA_4108.jpg\"\n               data-image-id=\"29246\"\n               data-title=\"XXXV edizione del Salone Internazionale del libro di Torino\"\n               data-description=\"XXXV edizione del Salone Internazionale del libro di Torino\"\n               data-image-slug=\"pla_4108\"\n               class=\"ngg-fancybox\" rel=\"c7a6374d05f5cb1f1a1f6ee7fc45f2b6\">\n                <img\n                    title=\"XXXV edizione del Salone Internazionale del libro di Torino\"\n                    alt=\"XXXV edizione del Salone Internazionale del libro di Torino\"\n                    src=\"http:\/\/www.spaziotorino.it\/scatto\/wp-content\/gallery\/2023_05_18_salto\/cache\/PLA_4108.jpg-nggid0529246-ngg0dyn-60x60x100-00f0w010c011r110f110r010t010.jpg\"\n                    width=\"60\"\n                    height=\"60\"\n                    style=\"max-width:100%;\"\n                \/>\n            <\/a>\n        <\/div>\n\t\t\t\t\t\t\t<\/div> \n\t\t\t\n        \n\t\t\t\t<div id=\"ngg-image-33\" class=\"ngg-gallery-thumbnail-box\" >\n\t\t\t\t        <div class=\"ngg-gallery-thumbnail\">\n            <a href=\"http:\/\/www.spaziotorino.it\/scatto\/wp-content\/gallery\/2023_05_18_salto\/PLA_4233.jpg\"\n               title=\"Nicola Lagioia - XXXV edizione del Salone Internazionale del libro di Torino\"\n               data-src=\"http:\/\/www.spaziotorino.it\/scatto\/wp-content\/gallery\/2023_05_18_salto\/PLA_4233.jpg\"\n               data-thumbnail=\"http:\/\/www.spaziotorino.it\/scatto\/wp-content\/gallery\/2023_05_18_salto\/thumbs\/thumbs_PLA_4233.jpg\"\n               data-image-id=\"29249\"\n               data-title=\"Nicola Lagioia - XXXV edizione del Salone Internazionale del libro di Torino\"\n               data-description=\"Nicola Lagioia - XXXV edizione del Salone Internazionale del libro di Torino\"\n               data-image-slug=\"pla_4233-2\"\n               class=\"ngg-fancybox\" rel=\"c7a6374d05f5cb1f1a1f6ee7fc45f2b6\">\n                <img\n                    title=\"Nicola Lagioia - XXXV edizione del Salone Internazionale del libro di Torino\"\n                    alt=\"Nicola Lagioia - XXXV edizione del Salone Internazionale del libro di Torino\"\n                    src=\"http:\/\/www.spaziotorino.it\/scatto\/wp-content\/gallery\/2023_05_18_salto\/cache\/PLA_4233.jpg-nggid0529249-ngg0dyn-60x60x100-00f0w010c011r110f110r010t010.jpg\"\n                    width=\"60\"\n                    height=\"60\"\n                    style=\"max-width:100%;\"\n                \/>\n            <\/a>\n        <\/div>\n\t\t\t\t\t\t\t<\/div> \n\t\t\t\n        \n\t\t\t\t<div id=\"ngg-image-34\" class=\"ngg-gallery-thumbnail-box\" >\n\t\t\t\t        <div class=\"ngg-gallery-thumbnail\">\n            <a href=\"http:\/\/www.spaziotorino.it\/scatto\/wp-content\/gallery\/2023_05_18_salto\/PLA_4275.jpg\"\n               title=\"XXXV edizione del Salone Internazionale del libro di Torino\"\n               data-src=\"http:\/\/www.spaziotorino.it\/scatto\/wp-content\/gallery\/2023_05_18_salto\/PLA_4275.jpg\"\n               data-thumbnail=\"http:\/\/www.spaziotorino.it\/scatto\/wp-content\/gallery\/2023_05_18_salto\/thumbs\/thumbs_PLA_4275.jpg\"\n               data-image-id=\"29250\"\n               data-title=\"XXXV edizione del Salone Internazionale del libro di Torino\"\n               data-description=\"XXXV edizione del Salone Internazionale del libro di Torino\"\n               data-image-slug=\"pla_4275-1\"\n               class=\"ngg-fancybox\" rel=\"c7a6374d05f5cb1f1a1f6ee7fc45f2b6\">\n                <img\n                    title=\"XXXV edizione del Salone Internazionale del libro di Torino\"\n                    alt=\"XXXV edizione del Salone Internazionale del libro di Torino\"\n                    src=\"http:\/\/www.spaziotorino.it\/scatto\/wp-content\/gallery\/2023_05_18_salto\/cache\/PLA_4275.jpg-nggid0529250-ngg0dyn-60x60x100-00f0w010c011r110f110r010t010.jpg\"\n                    width=\"60\"\n                    height=\"60\"\n                    style=\"max-width:100%;\"\n                \/>\n            <\/a>\n        <\/div>\n\t\t\t\t\t\t\t<\/div> \n\t\t\t\n        \n\t\t\t\t<div id=\"ngg-image-35\" class=\"ngg-gallery-thumbnail-box\" >\n\t\t\t\t        <div class=\"ngg-gallery-thumbnail\">\n            <a href=\"http:\/\/www.spaziotorino.it\/scatto\/wp-content\/gallery\/2023_05_18_salto\/PLA_4226.jpg\"\n               title=\"Un incontro allo stand della Citt\u00e0 di Torino con l&#039;Assessore Rosatelli\"\n               data-src=\"http:\/\/www.spaziotorino.it\/scatto\/wp-content\/gallery\/2023_05_18_salto\/PLA_4226.jpg\"\n               data-thumbnail=\"http:\/\/www.spaziotorino.it\/scatto\/wp-content\/gallery\/2023_05_18_salto\/thumbs\/thumbs_PLA_4226.jpg\"\n               data-image-id=\"29251\"\n               data-title=\"Un incontro allo stand della Citt\u00e0 di Torino con l&#039;Assessore Rosatelli\"\n               data-description=\"Un incontro allo stand della Citt\u00e0 di Torino con l&#039;Assessore Rosatelli\"\n               data-image-slug=\"pla_4226\"\n               class=\"ngg-fancybox\" rel=\"c7a6374d05f5cb1f1a1f6ee7fc45f2b6\">\n                <img\n                    title=\"Un incontro allo stand della Citt\u00e0 di Torino con l&#039;Assessore Rosatelli\"\n                    alt=\"Un incontro allo stand della Citt\u00e0 di Torino con l&#039;Assessore Rosatelli\"\n                    src=\"http:\/\/www.spaziotorino.it\/scatto\/wp-content\/gallery\/2023_05_18_salto\/cache\/PLA_4226.jpg-nggid0529251-ngg0dyn-60x60x100-00f0w010c011r110f110r010t010.jpg\"\n                    width=\"60\"\n                    height=\"60\"\n                    style=\"max-width:100%;\"\n                \/>\n            <\/a>\n        <\/div>\n\t\t\t\t\t\t\t<\/div> \n\t\t\t\n        \n\t\t\t\t<div id=\"ngg-image-36\" class=\"ngg-gallery-thumbnail-box\" >\n\t\t\t\t        <div class=\"ngg-gallery-thumbnail\">\n            <a href=\"http:\/\/www.spaziotorino.it\/scatto\/wp-content\/gallery\/2023_05_18_salto\/PLA_4295.jpg\"\n               title=\"Luciana Littizzetto con la Gialappa&#039;s Band\"\n               data-src=\"http:\/\/www.spaziotorino.it\/scatto\/wp-content\/gallery\/2023_05_18_salto\/PLA_4295.jpg\"\n               data-thumbnail=\"http:\/\/www.spaziotorino.it\/scatto\/wp-content\/gallery\/2023_05_18_salto\/thumbs\/thumbs_PLA_4295.jpg\"\n               data-image-id=\"29252\"\n               data-title=\"Luciana Littizzetto con la Gialappa&#039;s Band\"\n               data-description=\"Luciana Littizzetto con la Gialappa&#039;s Band\"\n               data-image-slug=\"pla_4295\"\n               class=\"ngg-fancybox\" rel=\"c7a6374d05f5cb1f1a1f6ee7fc45f2b6\">\n                <img\n                    title=\"Luciana Littizzetto con la Gialappa&#039;s Band\"\n                    alt=\"Luciana Littizzetto con la Gialappa&#039;s Band\"\n                    src=\"http:\/\/www.spaziotorino.it\/scatto\/wp-content\/gallery\/2023_05_18_salto\/cache\/PLA_4295.jpg-nggid0529252-ngg0dyn-60x60x100-00f0w010c011r110f110r010t010.jpg\"\n                    width=\"60\"\n                    height=\"60\"\n                    style=\"max-width:100%;\"\n                \/>\n            <\/a>\n        <\/div>\n\t\t\t\t\t\t\t<\/div> \n\t\t\t\n        \n\t\t\t\t<div id=\"ngg-image-37\" class=\"ngg-gallery-thumbnail-box\" >\n\t\t\t\t        <div class=\"ngg-gallery-thumbnail\">\n            <a href=\"http:\/\/www.spaziotorino.it\/scatto\/wp-content\/gallery\/2023_05_18_salto\/PLA_4339.jpg\"\n               title=\"Luciana Littizzetto\"\n               data-src=\"http:\/\/www.spaziotorino.it\/scatto\/wp-content\/gallery\/2023_05_18_salto\/PLA_4339.jpg\"\n               data-thumbnail=\"http:\/\/www.spaziotorino.it\/scatto\/wp-content\/gallery\/2023_05_18_salto\/thumbs\/thumbs_PLA_4339.jpg\"\n               data-image-id=\"29253\"\n               data-title=\"Luciana Littizzetto\"\n               data-description=\"Luciana Littizzetto\"\n               data-image-slug=\"pla_4339\"\n               class=\"ngg-fancybox\" rel=\"c7a6374d05f5cb1f1a1f6ee7fc45f2b6\">\n                <img\n                    title=\"Luciana Littizzetto\"\n                    alt=\"Luciana Littizzetto\"\n                    src=\"http:\/\/www.spaziotorino.it\/scatto\/wp-content\/gallery\/2023_05_18_salto\/cache\/PLA_4339.jpg-nggid0529253-ngg0dyn-60x60x100-00f0w010c011r110f110r010t010.jpg\"\n                    width=\"60\"\n                    height=\"60\"\n                    style=\"max-width:100%;\"\n                \/>\n            <\/a>\n        <\/div>\n\t\t\t\t\t\t\t<\/div> \n\t\t\t\n        \n\t\t\t\t<div id=\"ngg-image-38\" class=\"ngg-gallery-thumbnail-box\" >\n\t\t\t\t        <div class=\"ngg-gallery-thumbnail\">\n            <a href=\"http:\/\/www.spaziotorino.it\/scatto\/wp-content\/gallery\/2023_05_18_salto\/PLA_4342.jpg\"\n               title=\"XXXV edizione del Salone Internazionale del libro di Torino\"\n               data-src=\"http:\/\/www.spaziotorino.it\/scatto\/wp-content\/gallery\/2023_05_18_salto\/PLA_4342.jpg\"\n               data-thumbnail=\"http:\/\/www.spaziotorino.it\/scatto\/wp-content\/gallery\/2023_05_18_salto\/thumbs\/thumbs_PLA_4342.jpg\"\n               data-image-id=\"29255\"\n               data-title=\"XXXV edizione del Salone Internazionale del libro di Torino\"\n               data-description=\"XXXV edizione del Salone Internazionale del libro di Torino\"\n               data-image-slug=\"pla_4342\"\n               class=\"ngg-fancybox\" rel=\"c7a6374d05f5cb1f1a1f6ee7fc45f2b6\">\n                <img\n                    title=\"XXXV edizione del Salone Internazionale del libro di Torino\"\n                    alt=\"XXXV edizione del Salone Internazionale del libro di Torino\"\n                    src=\"http:\/\/www.spaziotorino.it\/scatto\/wp-content\/gallery\/2023_05_18_salto\/cache\/PLA_4342.jpg-nggid0529255-ngg0dyn-60x60x100-00f0w010c011r110f110r010t010.jpg\"\n                    width=\"60\"\n                    height=\"60\"\n                    style=\"max-width:100%;\"\n                \/>\n            <\/a>\n        <\/div>\n\t\t\t\t\t\t\t<\/div> \n\t\t\t\n        \n\t\t\t\t<div id=\"ngg-image-39\" class=\"ngg-gallery-thumbnail-box\" >\n\t\t\t\t        <div class=\"ngg-gallery-thumbnail\">\n            <a href=\"http:\/\/www.spaziotorino.it\/scatto\/wp-content\/gallery\/2023_05_18_salto\/PLA_4353.jpg\"\n               title=\"Il ministro della Difesa Guido Crosetto fra gli stand del Salone\"\n               data-src=\"http:\/\/www.spaziotorino.it\/scatto\/wp-content\/gallery\/2023_05_18_salto\/PLA_4353.jpg\"\n               data-thumbnail=\"http:\/\/www.spaziotorino.it\/scatto\/wp-content\/gallery\/2023_05_18_salto\/thumbs\/thumbs_PLA_4353.jpg\"\n               data-image-id=\"29254\"\n               data-title=\"Il ministro della Difesa Guido Crosetto fra gli stand del Salone\"\n               data-description=\"Il ministro della Difesa Guido Crosetto fra gli stand del Salone\"\n               data-image-slug=\"pla_4353-2\"\n               class=\"ngg-fancybox\" rel=\"c7a6374d05f5cb1f1a1f6ee7fc45f2b6\">\n                <img\n                    title=\"Il ministro della Difesa Guido Crosetto fra gli stand del Salone\"\n                    alt=\"Il ministro della Difesa Guido Crosetto fra gli stand del Salone\"\n                    src=\"http:\/\/www.spaziotorino.it\/scatto\/wp-content\/gallery\/2023_05_18_salto\/cache\/PLA_4353.jpg-nggid0529254-ngg0dyn-60x60x100-00f0w010c011r110f110r010t010.jpg\"\n                    width=\"60\"\n                    height=\"60\"\n                    style=\"max-width:100%;\"\n                \/>\n            <\/a>\n        <\/div>\n\t\t\t\t\t\t\t<\/div> \n\t\t\t\n        \n\t\t\t\t<div id=\"ngg-image-40\" class=\"ngg-gallery-thumbnail-box\" >\n\t\t\t\t        <div class=\"ngg-gallery-thumbnail\">\n            <a href=\"http:\/\/www.spaziotorino.it\/scatto\/wp-content\/gallery\/2023_05_18_salto\/PLA_4419.jpg\"\n               title=\"Daniele Bossari\"\n               data-src=\"http:\/\/www.spaziotorino.it\/scatto\/wp-content\/gallery\/2023_05_18_salto\/PLA_4419.jpg\"\n               data-thumbnail=\"http:\/\/www.spaziotorino.it\/scatto\/wp-content\/gallery\/2023_05_18_salto\/thumbs\/thumbs_PLA_4419.jpg\"\n               data-image-id=\"29257\"\n               data-title=\"Daniele Bossari\"\n               data-description=\"Daniele Bossari\"\n               data-image-slug=\"pla_4419-1\"\n               class=\"ngg-fancybox\" rel=\"c7a6374d05f5cb1f1a1f6ee7fc45f2b6\">\n                <img\n                    title=\"Daniele Bossari\"\n                    alt=\"Daniele Bossari\"\n                    src=\"http:\/\/www.spaziotorino.it\/scatto\/wp-content\/gallery\/2023_05_18_salto\/cache\/PLA_4419.jpg-nggid0529257-ngg0dyn-60x60x100-00f0w010c011r110f110r010t010.jpg\"\n                    width=\"60\"\n                    height=\"60\"\n                    style=\"max-width:100%;\"\n                \/>\n            <\/a>\n        <\/div>\n\t\t\t\t\t\t\t<\/div> \n\t\t\t\n        \n\t\t\t\t<div id=\"ngg-image-41\" class=\"ngg-gallery-thumbnail-box\" >\n\t\t\t\t        <div class=\"ngg-gallery-thumbnail\">\n            <a href=\"http:\/\/www.spaziotorino.it\/scatto\/wp-content\/gallery\/2023_05_18_salto\/PLA_4451.jpg\"\n               title=\"Alessandro Baricco con Marco Missiroli\"\n               data-src=\"http:\/\/www.spaziotorino.it\/scatto\/wp-content\/gallery\/2023_05_18_salto\/PLA_4451.jpg\"\n               data-thumbnail=\"http:\/\/www.spaziotorino.it\/scatto\/wp-content\/gallery\/2023_05_18_salto\/thumbs\/thumbs_PLA_4451.jpg\"\n               data-image-id=\"29256\"\n               data-title=\"Alessandro Baricco con Marco Missiroli\"\n               data-description=\"Alessandro Baricco con Marco Missiroli\"\n               data-image-slug=\"pla_4451\"\n               class=\"ngg-fancybox\" rel=\"c7a6374d05f5cb1f1a1f6ee7fc45f2b6\">\n                <img\n                    title=\"Alessandro Baricco con Marco Missiroli\"\n                    alt=\"Alessandro Baricco con Marco Missiroli\"\n                    src=\"http:\/\/www.spaziotorino.it\/scatto\/wp-content\/gallery\/2023_05_18_salto\/cache\/PLA_4451.jpg-nggid0529256-ngg0dyn-60x60x100-00f0w010c011r110f110r010t010.jpg\"\n                    width=\"60\"\n                    height=\"60\"\n                    style=\"max-width:100%;\"\n                \/>\n            <\/a>\n        <\/div>\n\t\t\t\t\t\t\t<\/div> \n\t\t\t\n        \n\t\t\n\t\t<!-- Pagination -->\n\t<div class='ngg-clear'><\/div>\t<\/div>\n\n<p>15mila metri quadrati di esposizione, 573 stand, 48 sale di incontri. Con questi numeri, riassunti dal&nbsp;<strong>presidente dell\u2019associazione Torino Citt\u00e0 del libro Silvio Viale<\/strong>, si \u00e8 aperta l\u2019edizione 2023 del Salone del Libro.<\/p>\n<p>Un lungo e caloroso applauso ha salutato l\u2019arrivo sul palco del&nbsp;<strong>direttore Nicola Lagioia<\/strong>, che dopo sette anni ne lascer\u00e0 la guida: \u201c<em>questi anni- ha detto- sono stati una grande esperienza umana. Lascio un\u2019istituzione molto pi\u00f9 forte di come l\u2019avevo trovata: la cosa importante \u00e8 che il Salone abbia dato ogni anno risultato migliore di quello precedente. Il nostro \u00e8 un paese ricchissimo di cultura dove gli indici di lettura hanno ampi margini di miglioramento\u201d.<\/em><\/p>\n<p><em>\u201cQuesto Salone \u00e8 l\u2019ennesima prova che la cultura, come la intendiamo noi, \u00e8 un bene comune<\/em>&nbsp;\u2013 ha sottolineato<strong>&nbsp;il Sindaco Stefano Lo Russo \u2013<\/strong>&nbsp;<em>al di l\u00e0 di qualsiasi colore politico. Sono contento di poter dire che il Salone di Torino ha attraversato amministrazioni locali e governi di diversi colori, crescendo anche di anno in anno\u201d.<\/em>&nbsp;Il primo cittadino ha ricordato Rolando Picchioni, a lungo presidente della kermesse, recentemente scomparso, rimarcandone lo stretto legame con la Citt\u00e0:&nbsp;<em>\u201cnon dimentichiamo<\/em>&nbsp;\u2013&nbsp;<em>ha aggiunto- come il Salone sia anche un grande volano economico per una citt\u00e0 che lo ospita con orgoglio da trentacinque anni\u201d<\/em>. Anche&nbsp;<strong>il presidente della Regione Piemonte Alberto Cirio<\/strong>&nbsp;ha ricordato come il Salone&nbsp;<em>\u201cha sempre avuto un supporto istituzionale ed economico. Noi in Piemonte -ha spiegato- vogliamo attrarre gli studenti di tutto il mondo\u201d.<\/em><\/p>\n<p><em>\u201cIl valore delle idee non ha steccati\u201d<\/em>&nbsp;ha rimarcato&nbsp;<strong>il Ministro per Cultura Gennaro Sangiuliano<\/strong><em>&nbsp;\u201cai giovani dico di visitare musei, ascoltare buona musica e leggere tanti libri. La cultura \u00e8 nutrimento per l\u2019anima\u201d.&nbsp;<\/em><strong>Il presidente del Senato, Ignazio La Russa<\/strong>, ha osservato come il logo della kermesse veda il dorso di tanti libri, che simbolicamente sono di tutti i colori&nbsp;<em>\u201cperch\u00e9 deve e pu\u00f2 ospitare ogni tipo di contaminazione, di diversit\u00e0. Solo dall\u2019assenza di steccati nasce una maggiore credibilit\u00e0 della cultura. E la cultura \u00e8 la vera arma per far tornare una pace giusta in Ucraina e in Europa\u201d.<\/em><\/p>\n<p>Paese ospite di quest\u2019anno \u00e8 l\u2019Albania.&nbsp;<em>\u201cNel mio paese<\/em>&nbsp;\u2013 ha commentato l<strong>a Ministra della Cultura albanese Elva Margariti<\/strong>&nbsp;\u2013&nbsp;<em>all\u2019ospite era riservato il posto pi\u00f9 vicino al focolare e oggi mi sento cos\u00ec, al caldo dell ospitalit\u00e0 del Salone del Libro\u201d.<\/em><\/p>\n","protected":false},"excerpt":{"rendered":"<p>15mila metri quadrati di esposizione, 573 stand, 48 sale di incontri. Con questi numeri, riassunti dal&nbsp;presidente dell\u2019associazione Torino Citt\u00e0 del libro Silvio Viale, si \u00e8 aperta l\u2019edizione 2023 del Salone del Libro. Un lungo e caloroso applauso ha salutato l\u2019arrivo sul palco del&nbsp;direttore Nicola Lagioia, che dopo sette anni ne lascer\u00e0 la guida: \u201cquesti anni- [&hellip;]<\/p>\n","protected":false},"author":1,"featured_media":0,"comment_status":"closed","ping_status":"open","sticky":false,"template":"","format":"standard","meta":{"ngg_post_thumbnail":0},"categories":[133,1],"tags":[],"_links":{"self":[{"href":"http:\/\/www.spaziotorino.it\/scatto\/index.php?rest_route=\/wp\/v2\/posts\/45599"}],"collection":[{"href":"http:\/\/www.spaziotorino.it\/scatto\/index.php?rest_route=\/wp\/v2\/posts"}],"about":[{"href":"http:\/\/www.spaziotorino.it\/scatto\/index.php?rest_route=\/wp\/v2\/types\/post"}],"author":[{"embeddable":true,"href":"http:\/\/www.spaziotorino.it\/scatto\/index.php?rest_route=\/wp\/v2\/users\/1"}],"replies":[{"embeddable":true,"href":"http:\/\/www.spaziotorino.it\/scatto\/index.php?rest_route=%2Fwp%2Fv2%2Fcomments&post=45599"}],"version-history":[{"count":2,"href":"http:\/\/www.spaziotorino.it\/scatto\/index.php?rest_route=\/wp\/v2\/posts\/45599\/revisions"}],"predecessor-version":[{"id":45651,"href":"http:\/\/www.spaziotorino.it\/scatto\/index.php?rest_route=\/wp\/v2\/posts\/45599\/revisions\/45651"}],"wp:attachment":[{"href":"http:\/\/www.spaziotorino.it\/scatto\/index.php?rest_route=%2Fwp%2Fv2%2Fmedia&parent=45599"}],"wp:term":[{"taxonomy":"category","embeddable":true,"href":"http:\/\/www.spaziotorino.it\/scatto\/index.php?rest_route=%2Fwp%2Fv2%2Fcategories&post=45599"},{"taxonomy":"post_tag","embeddable":true,"href":"http:\/\/www.spaziotorino.it\/scatto\/index.php?rest_route=%2Fwp%2Fv2%2Ftags&post=45599"}],"curies":[{"name":"wp","href":"https:\/\/api.w.org\/{rel}","templated":true}]}}