{"id":45712,"date":"2023-05-24T16:22:42","date_gmt":"2023-05-24T15:22:42","guid":{"rendered":"http:\/\/www.spaziotorino.it\/scatto\/?p=45712"},"modified":"2023-05-24T16:22:42","modified_gmt":"2023-05-24T15:22:42","slug":"nel-weekend-torna-un-grado-e-mezzo-festival-su-clima-e-ambiente","status":"publish","type":"post","link":"http:\/\/www.spaziotorino.it\/scatto\/?p=45712","title":{"rendered":"Nel weekend torna Un Grado e Mezzo, festival su clima e ambiente"},"content":{"rendered":"<p><a class=\"ngg-fancybox\" title=\"Nel weekend torna Un Grado e Mezzo, festival su clima e ambiente\" href=\"http:\/\/www.spaziotorino.it\/scatto\/wp-content\/gallery\/2023_05_24_clima\/PLA_7574.jpg\" rel=\"lightbox[set_1952]\"><br \/>\n<img decoding=\"async\" loading=\"lazy\" class=\"ngg-singlepic\" title=\"Nel weekend torna Un Grado e Mezzo, festival su clima e ambiente\" src=\"http:\/\/www.spaziotorino.it\/scatto\/wp-content\/gallery\/2023_05_24_clima\/PLA_7574.jpg\" alt=\"\" width=\"540\" height=\"360\"\/><\/a><\/p>\n<!-- index.php -->\n<div\n\tclass=\"ngg-galleryoverview ngg-ajax-pagination-none\"\n\tid=\"ngg-gallery-e6653e26c919caea2ac513941d250a7f-1\">\n\n    \t\t<!-- Thumbnails -->\n\t\t\t\t<div id=\"ngg-image-0\" class=\"ngg-gallery-thumbnail-box\" >\n\t\t\t\t        <div class=\"ngg-gallery-thumbnail\">\n            <a href=\"http:\/\/www.spaziotorino.it\/scatto\/wp-content\/gallery\/2023_05_24_clima\/PLA_7526.jpg\"\n               title=\"Nel weekend torna Un Grado e Mezzo, festival su clima e ambiente\"\n               data-src=\"http:\/\/www.spaziotorino.it\/scatto\/wp-content\/gallery\/2023_05_24_clima\/PLA_7526.jpg\"\n               data-thumbnail=\"http:\/\/www.spaziotorino.it\/scatto\/wp-content\/gallery\/2023_05_24_clima\/thumbs\/thumbs_PLA_7526.jpg\"\n               data-image-id=\"29351\"\n               data-title=\"Nel weekend torna Un Grado e Mezzo, festival su clima e ambiente\"\n               data-description=\"Nel weekend torna Un Grado e Mezzo, festival su clima e ambiente\"\n               data-image-slug=\"pla_7526\"\n               class=\"ngg-fancybox\" rel=\"e6653e26c919caea2ac513941d250a7f\">\n                <img\n                    title=\"Nel weekend torna Un Grado e Mezzo, festival su clima e ambiente\"\n                    alt=\"Nel weekend torna Un Grado e Mezzo, festival su clima e ambiente\"\n                    src=\"http:\/\/www.spaziotorino.it\/scatto\/wp-content\/gallery\/2023_05_24_clima\/cache\/PLA_7526.jpg-nggid0529351-ngg0dyn-60x60x100-00f0w010c011r110f110r010t010.jpg\"\n                    width=\"60\"\n                    height=\"60\"\n                    style=\"max-width:100%;\"\n                \/>\n            <\/a>\n        <\/div>\n\t\t\t\t\t\t\t<\/div> \n\t\t\t\n        \n\t\t\t\t<div id=\"ngg-image-1\" class=\"ngg-gallery-thumbnail-box\" >\n\t\t\t\t        <div class=\"ngg-gallery-thumbnail\">\n            <a href=\"http:\/\/www.spaziotorino.it\/scatto\/wp-content\/gallery\/2023_05_24_clima\/PLA_7529.jpg\"\n               title=\"Nel weekend torna Un Grado e Mezzo, festival su clima e ambiente\"\n               data-src=\"http:\/\/www.spaziotorino.it\/scatto\/wp-content\/gallery\/2023_05_24_clima\/PLA_7529.jpg\"\n               data-thumbnail=\"http:\/\/www.spaziotorino.it\/scatto\/wp-content\/gallery\/2023_05_24_clima\/thumbs\/thumbs_PLA_7529.jpg\"\n               data-image-id=\"29352\"\n               data-title=\"Nel weekend torna Un Grado e Mezzo, festival su clima e ambiente\"\n               data-description=\"Nel weekend torna Un Grado e Mezzo, festival su clima e ambiente\"\n               data-image-slug=\"pla_7529\"\n               class=\"ngg-fancybox\" rel=\"e6653e26c919caea2ac513941d250a7f\">\n                <img\n                    title=\"Nel weekend torna Un Grado e Mezzo, festival su clima e ambiente\"\n                    alt=\"Nel weekend torna Un Grado e Mezzo, festival su clima e ambiente\"\n                    src=\"http:\/\/www.spaziotorino.it\/scatto\/wp-content\/gallery\/2023_05_24_clima\/cache\/PLA_7529.jpg-nggid0529352-ngg0dyn-60x60x100-00f0w010c011r110f110r010t010.jpg\"\n                    width=\"60\"\n                    height=\"60\"\n                    style=\"max-width:100%;\"\n                \/>\n            <\/a>\n        <\/div>\n\t\t\t\t\t\t\t<\/div> \n\t\t\t\n        \n\t\t\t\t<div id=\"ngg-image-2\" class=\"ngg-gallery-thumbnail-box\" >\n\t\t\t\t        <div class=\"ngg-gallery-thumbnail\">\n            <a href=\"http:\/\/www.spaziotorino.it\/scatto\/wp-content\/gallery\/2023_05_24_clima\/PLA_7521.jpg\"\n               title=\"Elisa Palazzi e Michele Freppaz, curatori del Festival\"\n               data-src=\"http:\/\/www.spaziotorino.it\/scatto\/wp-content\/gallery\/2023_05_24_clima\/PLA_7521.jpg\"\n               data-thumbnail=\"http:\/\/www.spaziotorino.it\/scatto\/wp-content\/gallery\/2023_05_24_clima\/thumbs\/thumbs_PLA_7521.jpg\"\n               data-image-id=\"29353\"\n               data-title=\"Elisa Palazzi e Michele Freppaz, curatori del Festival\"\n               data-description=\"Elisa Palazzi e Michele Freppaz, curatori del Festival\"\n               data-image-slug=\"pla_7521-1\"\n               class=\"ngg-fancybox\" rel=\"e6653e26c919caea2ac513941d250a7f\">\n                <img\n                    title=\"Elisa Palazzi e Michele Freppaz, curatori del Festival\"\n                    alt=\"Elisa Palazzi e Michele Freppaz, curatori del Festival\"\n                    src=\"http:\/\/www.spaziotorino.it\/scatto\/wp-content\/gallery\/2023_05_24_clima\/cache\/PLA_7521.jpg-nggid0529353-ngg0dyn-60x60x100-00f0w010c011r110f110r010t010.jpg\"\n                    width=\"60\"\n                    height=\"60\"\n                    style=\"max-width:100%;\"\n                \/>\n            <\/a>\n        <\/div>\n\t\t\t\t\t\t\t<\/div> \n\t\t\t\n        \n\t\t\t\t<div id=\"ngg-image-3\" class=\"ngg-gallery-thumbnail-box\" >\n\t\t\t\t        <div class=\"ngg-gallery-thumbnail\">\n            <a href=\"http:\/\/www.spaziotorino.it\/scatto\/wp-content\/gallery\/2023_05_24_clima\/PLA_7458.jpg\"\n               title=\"Nel weekend torna Un Grado e Mezzo, festival su clima e ambiente\"\n               data-src=\"http:\/\/www.spaziotorino.it\/scatto\/wp-content\/gallery\/2023_05_24_clima\/PLA_7458.jpg\"\n               data-thumbnail=\"http:\/\/www.spaziotorino.it\/scatto\/wp-content\/gallery\/2023_05_24_clima\/thumbs\/thumbs_PLA_7458.jpg\"\n               data-image-id=\"29354\"\n               data-title=\"Nel weekend torna Un Grado e Mezzo, festival su clima e ambiente\"\n               data-description=\"Nel weekend torna Un Grado e Mezzo, festival su clima e ambiente\"\n               data-image-slug=\"pla_7458\"\n               class=\"ngg-fancybox\" rel=\"e6653e26c919caea2ac513941d250a7f\">\n                <img\n                    title=\"Nel weekend torna Un Grado e Mezzo, festival su clima e ambiente\"\n                    alt=\"Nel weekend torna Un Grado e Mezzo, festival su clima e ambiente\"\n                    src=\"http:\/\/www.spaziotorino.it\/scatto\/wp-content\/gallery\/2023_05_24_clima\/cache\/PLA_7458.jpg-nggid0529354-ngg0dyn-60x60x100-00f0w010c011r110f110r010t010.jpg\"\n                    width=\"60\"\n                    height=\"60\"\n                    style=\"max-width:100%;\"\n                \/>\n            <\/a>\n        <\/div>\n\t\t\t\t\t\t\t<\/div> \n\t\t\t\n        \n\t\t\n\t\t<!-- Pagination -->\n\t<div class='ngg-clear'><\/div>\t<\/div>\n\n<p><strong>Venerd\u00ec 26, sabato 27 e domenica 28 maggio 2023&nbsp;<\/strong>Torino ospita&nbsp;<strong>la prima edizione&nbsp;<\/strong>di&nbsp;<strong><em>Un Grado e Mezzo. Festival su clima e ambiente<\/em><\/strong>, ideato e organizzato da CentroScienza Onlus in collaborazione con il Dipartimento di Scienze Agrarie, Forestali e Alimentari e il Dipartimento di Fisica dell\u2019Universit\u00e0 di Torino.<\/p>\n<p>Dopo il successo di una prima edizione zero sperimentale proposta nel 2022, per tre giorni il Festival porta in citt\u00e0 eccellenze della ricerca scientifica italiana, scrittori, giornalisti, divulgatori scientifici e attivisti del movimento del Fridays For Future per parlare di&nbsp;<strong>cambiamento climatico e ambientale sotto diversi punti di vista&nbsp;<\/strong>mescolando<strong>&nbsp;registri differenti&nbsp;<\/strong>per raggiungere e sensibilizzare un pubblico sempre pi\u00f9 vasto.<span id=\"more-111801\"><\/span><\/p>\n<p><strong>6 sedi torinesi<\/strong>&nbsp;\u2013 il Museo A come Ambiente MAcA, il Mausoleo della Bela Rosin, gli Orti Generali, la Casa nel Parco, Cascina Roccafranca e lo Spazio WOW \u2013 ospiteranno per&nbsp;<strong>un intero weekend<\/strong>&nbsp;gli appuntamenti del festival<strong>. Tanti gli eventi prefestival, dal 17 al 25 maggio.<\/strong><\/p>\n<p>Il valore di 1,5\u00b0C \u00e8 il limite di innalzamento della temperatura media globale che non dovrebbe essere superato a fine secolo, rispetto ai valori preindustriali, per garantirci un futuro meno incerto, pi\u00f9 sano e pi\u00f9 equo. La salute del nostro Pianeta \u00e8 strettamente interconnessa al benessere degli animali e di noi esseri umani in una prospettiva&nbsp;<em>One Health<\/em>&nbsp;di salute globale. Da qui l\u2019esigenza del Festival di parlare di cambiamento climatico, degli aspetti legati alle trasformazioni cui stiamo gi\u00e0 assistendo negli ambienti fisici e negli ecosistemi, dell\u2019impatto che queste determinano sulla nostra societ\u00e0, sul modo in cui viviamo e vivremo, sulla nostra salute e sulle nostre attivit\u00e0. Si parler\u00e0 di acqua, aria, suolo, foreste, biodiversit\u00e0, cos\u00ec come di eventi climatici e meteorologici estremi. Gli ambienti di riferimento spazieranno dal mare e dalle pianure con le grandi metropoli alle montagne e ai ghiacciai, veri e propri laboratori per studiare l\u2019impatto dei cambiamenti climatici sul nostro Pianeta. Tutto questo mettendo da parte catastrofismo e allarmismi, ma utilizzando un approccio pragmatico e proattivo per parlare in concreto delle azioni necessarie finalizzate a mitigare gli impatti negativi del riscaldamento globale. Soluzioni buone e pratiche e spirito di iniziativa sono il fine dell\u2019offerta di laboratori, conferenze, workshop, passeggiate naturalistiche e tavole rotonde, proposti durante il Festival, il quale ha l\u2019ambizioso obiettivo di informare e rendere consapevoli cittadini e cittadine che con le loro azioni quotidiane possono contribuire a un futuro diverso. L\u2019ampio spettro di linguaggi, di discipline e di approcci \u00e8 fondamentale per trattare il tema nelle sue diverse sfaccettature e, inoltre, per riuscire a raggiungere e sensibilizzare un pubblico sempre pi\u00f9 ampio che comprenda adulti, bambini e bambine, famiglie e ragazzi e ragazze. La variet\u00e0 dell\u2019offerta non \u00e8 solo in termini di et\u00e0, ma anche di conoscenza delle tematiche affrontate: dai concetti di base agli approfondimenti per muoverci nel grado e mezzo del clima che cambia. Tutti gli eventi sono proposti al pubblico a titolo gratuito, alcuni con prenotazione obbligatoria.<\/p>\n<p>\u201cIl 26, 27, 28 maggio torna il festival Un grado e mezzo \u2013&nbsp;<strong>dichiarano Elisa Palazzi e Michele Freppaz, curatori del Festival<\/strong>.&nbsp; Il titolo ci ricorda l\u2019importanza di avere come obiettivo quello di non superare a fine secolo un aumento della temperatura di 1,5 gradi centigradi rispetto al preindustriale, a vantaggio di chi popola la terra che avr\u00e0 cos\u00ec a che fare con un clima meno incerto e sfide di adattamento meno difficili da affrontare. Quest\u2019anno abbiamo deciso di trattare i temi scientifici \u2013 stiamo affrontando i segni dell\u2019aumento di temperatura anche negli episodi e nelle manifestazioni di clima estremo e non mancheremo di menzionare questi segni del clima che cambia \u2013 ma quest\u2019anno vorremmo focalizzarci in particolare sulle soluzioni, sulle azioni da intraprendere a livello locale e globale, ma anche sul contributo che i singoli individui possono dare alla comunit\u00e0 intera. Avremo quindi anche esempi di azioni dal basso che possono essere intraprese per dare un contributo significativo alle sfide poste dalla crisi climatica\u201d.<\/p>\n<p>\u201cTorino \u00e8 fortemente impegnata per la riduzione delle emissioni climalteranti e si \u00e8 data un obiettivo ambizioso candidandosi alla call europea \u201c100 Climate-Neutral Cities by 2030 \u2013 by and for Cizitens\u201d per il raggiungimento della neutralit\u00e0 climatica entro il 2030, rendendo la Citt\u00e0 un modello per altre municipalit\u00e0 europee che dovranno raggiungere questo risultato entro il 2050 \u2013&nbsp;<strong>spiegano gli<\/strong>&nbsp;<strong>assessori Foglietta e Tresso<\/strong>. Manifestazioni come il festival \u2018Un grado e mezzo\u2019 consentono di mantenere alta l\u2019attenzione su un tema che, per quanto gli effetti del riscaldamento globale siano gi\u00e0 oggi visibili e concreti, non \u00e8 ancora sufficientemente percepito per creare un effettivo cambiamento tra i cittadini come tra i decisori politici\u201d<\/p>\n<p><strong>Luca Rolandi, presidente della Circoscrizione 2<\/strong>&nbsp;aggiunge: \u201c\u00c8 motivo di orgoglio ospitare la manifestazione anche sul territorio della Circoscrizione 2 perch\u00e9 il tema \u00e8 di quelli ineludibili e sui quali tutti saremo giudicati dalle future generazioni. Ambiente e Uomo o convivono o periscono\u201d.<\/p>\n<p>Maggiori informazioni nelle pagine del <a href=\"https:\/\/www.centroscienza.it\/settimanedellascienza\/un-grado-e-mezzo\">Centro Scienza<\/a><\/p>\n<p>[Fonte: <a href=\"http:\/\/www.torinoclick.it\/?p=111801\">TorinoClick<\/a>]<\/p>\n","protected":false},"excerpt":{"rendered":"<p>Venerd\u00ec 26, sabato 27 e domenica 28 maggio 2023&nbsp;Torino ospita&nbsp;la prima edizione&nbsp;di&nbsp;Un Grado e Mezzo. Festival su clima e ambiente, ideato e organizzato da CentroScienza Onlus in collaborazione con il Dipartimento di Scienze Agrarie, Forestali e Alimentari e il Dipartimento di Fisica dell\u2019Universit\u00e0 di Torino. Dopo il successo di una prima edizione zero sperimentale proposta [&hellip;]<\/p>\n","protected":false},"author":1,"featured_media":0,"comment_status":"closed","ping_status":"open","sticky":false,"template":"","format":"standard","meta":{"ngg_post_thumbnail":0},"categories":[1,41],"tags":[],"_links":{"self":[{"href":"http:\/\/www.spaziotorino.it\/scatto\/index.php?rest_route=\/wp\/v2\/posts\/45712"}],"collection":[{"href":"http:\/\/www.spaziotorino.it\/scatto\/index.php?rest_route=\/wp\/v2\/posts"}],"about":[{"href":"http:\/\/www.spaziotorino.it\/scatto\/index.php?rest_route=\/wp\/v2\/types\/post"}],"author":[{"embeddable":true,"href":"http:\/\/www.spaziotorino.it\/scatto\/index.php?rest_route=\/wp\/v2\/users\/1"}],"replies":[{"embeddable":true,"href":"http:\/\/www.spaziotorino.it\/scatto\/index.php?rest_route=%2Fwp%2Fv2%2Fcomments&post=45712"}],"version-history":[{"count":2,"href":"http:\/\/www.spaziotorino.it\/scatto\/index.php?rest_route=\/wp\/v2\/posts\/45712\/revisions"}],"predecessor-version":[{"id":45715,"href":"http:\/\/www.spaziotorino.it\/scatto\/index.php?rest_route=\/wp\/v2\/posts\/45712\/revisions\/45715"}],"wp:attachment":[{"href":"http:\/\/www.spaziotorino.it\/scatto\/index.php?rest_route=%2Fwp%2Fv2%2Fmedia&parent=45712"}],"wp:term":[{"taxonomy":"category","embeddable":true,"href":"http:\/\/www.spaziotorino.it\/scatto\/index.php?rest_route=%2Fwp%2Fv2%2Fcategories&post=45712"},{"taxonomy":"post_tag","embeddable":true,"href":"http:\/\/www.spaziotorino.it\/scatto\/index.php?rest_route=%2Fwp%2Fv2%2Ftags&post=45712"}],"curies":[{"name":"wp","href":"https:\/\/api.w.org\/{rel}","templated":true}]}}