{"id":45740,"date":"2023-05-26T16:22:39","date_gmt":"2023-05-26T15:22:39","guid":{"rendered":"http:\/\/www.spaziotorino.it\/scatto\/?p=45740"},"modified":"2023-05-26T16:22:39","modified_gmt":"2023-05-26T15:22:39","slug":"a-borgata-lesna-il-giardino-delle-bambine-e-dei-bambini-di-tutto-il-mondo","status":"publish","type":"post","link":"http:\/\/www.spaziotorino.it\/scatto\/?p=45740","title":{"rendered":"A Borgata Lesna il &#8216;Giardino delle bambine e dei bambini di tutto il Mondo&#8217;"},"content":{"rendered":"<p><a class=\"ngg-fancybox\" title=\"A Borgata Lesna il 'Giardino delle bambine e dei bambini di tutto il Mondo'\" href=\"http:\/\/www.spaziotorino.it\/scatto\/wp-content\/gallery\/2023_05_26_challant\/IMG_20230526_110322.jpg\" rel=\"lightbox[set_1954]\"><br \/>\n<img decoding=\"async\" loading=\"lazy\" class=\"ngg-singlepic\" title=\"A Borgata Lesna il 'Giardino delle bambine e dei bambini di tutto il Mondo'\" src=\"http:\/\/www.spaziotorino.it\/scatto\/wp-content\/gallery\/2023_05_26_challant\/IMG_20230526_110322.jpg\" alt=\"\" width=\"540\" height=\"360\"\/><\/a><\/p>\n<!-- index.php -->\n<div\n\tclass=\"ngg-galleryoverview ngg-ajax-pagination-none\"\n\tid=\"ngg-gallery-d4cb9c916ad4d243d94f0ecbf3090a3d-1\">\n\n    \t\t<!-- Thumbnails -->\n\t\t\t\t<div id=\"ngg-image-0\" class=\"ngg-gallery-thumbnail-box\" >\n\t\t\t\t        <div class=\"ngg-gallery-thumbnail\">\n            <a href=\"http:\/\/www.spaziotorino.it\/scatto\/wp-content\/gallery\/2023_05_26_challant\/PLA_8018.jpg\"\n               title=\"Giardino delle bambine e dei bambini di tutto il Mondo\"\n               data-src=\"http:\/\/www.spaziotorino.it\/scatto\/wp-content\/gallery\/2023_05_26_challant\/PLA_8018.jpg\"\n               data-thumbnail=\"http:\/\/www.spaziotorino.it\/scatto\/wp-content\/gallery\/2023_05_26_challant\/thumbs\/thumbs_PLA_8018.jpg\"\n               data-image-id=\"29361\"\n               data-title=\"Giardino delle bambine e dei bambini di tutto il Mondo\"\n               data-description=\"Giardino delle bambine e dei bambini di tutto il Mondo\"\n               data-image-slug=\"pla_8018-2\"\n               class=\"ngg-fancybox\" rel=\"d4cb9c916ad4d243d94f0ecbf3090a3d\">\n                <img\n                    title=\"Giardino delle bambine e dei bambini di tutto il Mondo\"\n                    alt=\"Giardino delle bambine e dei bambini di tutto il Mondo\"\n                    src=\"http:\/\/www.spaziotorino.it\/scatto\/wp-content\/gallery\/2023_05_26_challant\/cache\/PLA_8018.jpg-nggid0529361-ngg0dyn-60x60x100-00f0w010c011r110f110r010t010.jpg\"\n                    width=\"60\"\n                    height=\"60\"\n                    style=\"max-width:100%;\"\n                \/>\n            <\/a>\n        <\/div>\n\t\t\t\t\t\t\t<\/div> \n\t\t\t\n        \n\t\t\t\t<div id=\"ngg-image-1\" class=\"ngg-gallery-thumbnail-box\" >\n\t\t\t\t        <div class=\"ngg-gallery-thumbnail\">\n            <a href=\"http:\/\/www.spaziotorino.it\/scatto\/wp-content\/gallery\/2023_05_26_challant\/PLA_8041.jpg\"\n               title=\"Le autorit\u00e0 presenti alla cerimonia di Intitolazione\"\n               data-src=\"http:\/\/www.spaziotorino.it\/scatto\/wp-content\/gallery\/2023_05_26_challant\/PLA_8041.jpg\"\n               data-thumbnail=\"http:\/\/www.spaziotorino.it\/scatto\/wp-content\/gallery\/2023_05_26_challant\/thumbs\/thumbs_PLA_8041.jpg\"\n               data-image-id=\"29363\"\n               data-title=\"Le autorit\u00e0 presenti alla cerimonia di Intitolazione\"\n               data-description=\"Le autorit\u00e0 presenti alla cerimonia di Intitolazione\"\n               data-image-slug=\"pla_8041\"\n               class=\"ngg-fancybox\" rel=\"d4cb9c916ad4d243d94f0ecbf3090a3d\">\n                <img\n                    title=\"Le autorit\u00e0 presenti alla cerimonia di Intitolazione\"\n                    alt=\"Le autorit\u00e0 presenti alla cerimonia di Intitolazione\"\n                    src=\"http:\/\/www.spaziotorino.it\/scatto\/wp-content\/gallery\/2023_05_26_challant\/cache\/PLA_8041.jpg-nggid0529363-ngg0dyn-60x60x100-00f0w010c011r110f110r010t010.jpg\"\n                    width=\"60\"\n                    height=\"60\"\n                    style=\"max-width:100%;\"\n                \/>\n            <\/a>\n        <\/div>\n\t\t\t\t\t\t\t<\/div> \n\t\t\t\n        \n\t\t\t\t<div id=\"ngg-image-2\" class=\"ngg-gallery-thumbnail-box\" >\n\t\t\t\t        <div class=\"ngg-gallery-thumbnail\">\n            <a href=\"http:\/\/www.spaziotorino.it\/scatto\/wp-content\/gallery\/2023_05_26_challant\/PLA_8009.jpg\"\n               title=\"Giardino delle bambine e dei bambini di tutto il Mondo\"\n               data-src=\"http:\/\/www.spaziotorino.it\/scatto\/wp-content\/gallery\/2023_05_26_challant\/PLA_8009.jpg\"\n               data-thumbnail=\"http:\/\/www.spaziotorino.it\/scatto\/wp-content\/gallery\/2023_05_26_challant\/thumbs\/thumbs_PLA_8009.jpg\"\n               data-image-id=\"29359\"\n               data-title=\"Giardino delle bambine e dei bambini di tutto il Mondo\"\n               data-description=\"Giardino delle bambine e dei bambini di tutto il Mondo\"\n               data-image-slug=\"pla_8009\"\n               class=\"ngg-fancybox\" rel=\"d4cb9c916ad4d243d94f0ecbf3090a3d\">\n                <img\n                    title=\"Giardino delle bambine e dei bambini di tutto il Mondo\"\n                    alt=\"Giardino delle bambine e dei bambini di tutto il Mondo\"\n                    src=\"http:\/\/www.spaziotorino.it\/scatto\/wp-content\/gallery\/2023_05_26_challant\/cache\/PLA_8009.jpg-nggid0529359-ngg0dyn-60x60x100-00f0w010c011r110f110r010t010.jpg\"\n                    width=\"60\"\n                    height=\"60\"\n                    style=\"max-width:100%;\"\n                \/>\n            <\/a>\n        <\/div>\n\t\t\t\t\t\t\t<\/div> \n\t\t\t\n        \n\t\t\t\t<div id=\"ngg-image-3\" class=\"ngg-gallery-thumbnail-box\" >\n\t\t\t\t        <div class=\"ngg-gallery-thumbnail\">\n            <a href=\"http:\/\/www.spaziotorino.it\/scatto\/wp-content\/gallery\/2023_05_26_challant\/PLA_8051.jpg\"\n               title=\"La vicepresidente del Consiglio comunale Ludovica Cioria\"\n               data-src=\"http:\/\/www.spaziotorino.it\/scatto\/wp-content\/gallery\/2023_05_26_challant\/PLA_8051.jpg\"\n               data-thumbnail=\"http:\/\/www.spaziotorino.it\/scatto\/wp-content\/gallery\/2023_05_26_challant\/thumbs\/thumbs_PLA_8051.jpg\"\n               data-image-id=\"29365\"\n               data-title=\"La vicepresidente del Consiglio comunale Ludovica Cioria\"\n               data-description=\"La vicepresidente del Consiglio comunale Ludovica Cioria\"\n               data-image-slug=\"pla_8051\"\n               class=\"ngg-fancybox\" rel=\"d4cb9c916ad4d243d94f0ecbf3090a3d\">\n                <img\n                    title=\"La vicepresidente del Consiglio comunale Ludovica Cioria\"\n                    alt=\"La vicepresidente del Consiglio comunale Ludovica Cioria\"\n                    src=\"http:\/\/www.spaziotorino.it\/scatto\/wp-content\/gallery\/2023_05_26_challant\/cache\/PLA_8051.jpg-nggid0529365-ngg0dyn-60x60x100-00f0w010c011r110f110r010t010.jpg\"\n                    width=\"60\"\n                    height=\"60\"\n                    style=\"max-width:100%;\"\n                \/>\n            <\/a>\n        <\/div>\n\t\t\t\t\t\t\t<\/div> \n\t\t\t\n        \n\t\t\t\t<div id=\"ngg-image-4\" class=\"ngg-gallery-thumbnail-box\" >\n\t\t\t\t        <div class=\"ngg-gallery-thumbnail\">\n            <a href=\"http:\/\/www.spaziotorino.it\/scatto\/wp-content\/gallery\/2023_05_26_challant\/PLA_8015.jpg\"\n               title=\"Giardino delle bambine e dei bambini di tutto il Mondo\"\n               data-src=\"http:\/\/www.spaziotorino.it\/scatto\/wp-content\/gallery\/2023_05_26_challant\/PLA_8015.jpg\"\n               data-thumbnail=\"http:\/\/www.spaziotorino.it\/scatto\/wp-content\/gallery\/2023_05_26_challant\/thumbs\/thumbs_PLA_8015.jpg\"\n               data-image-id=\"29360\"\n               data-title=\"Giardino delle bambine e dei bambini di tutto il Mondo\"\n               data-description=\"Giardino delle bambine e dei bambini di tutto il Mondo\"\n               data-image-slug=\"pla_8015\"\n               class=\"ngg-fancybox\" rel=\"d4cb9c916ad4d243d94f0ecbf3090a3d\">\n                <img\n                    title=\"Giardino delle bambine e dei bambini di tutto il Mondo\"\n                    alt=\"Giardino delle bambine e dei bambini di tutto il Mondo\"\n                    src=\"http:\/\/www.spaziotorino.it\/scatto\/wp-content\/gallery\/2023_05_26_challant\/cache\/PLA_8015.jpg-nggid0529360-ngg0dyn-60x60x100-00f0w010c011r110f110r010t010.jpg\"\n                    width=\"60\"\n                    height=\"60\"\n                    style=\"max-width:100%;\"\n                \/>\n            <\/a>\n        <\/div>\n\t\t\t\t\t\t\t<\/div> \n\t\t\t\n        \n\t\t\t\t<div id=\"ngg-image-5\" class=\"ngg-gallery-thumbnail-box\" >\n\t\t\t\t        <div class=\"ngg-gallery-thumbnail\">\n            <a href=\"http:\/\/www.spaziotorino.it\/scatto\/wp-content\/gallery\/2023_05_26_challant\/PLA_8057.jpg\"\n               title=\"Un momento della cerimonia di Intitolazione\"\n               data-src=\"http:\/\/www.spaziotorino.it\/scatto\/wp-content\/gallery\/2023_05_26_challant\/PLA_8057.jpg\"\n               data-thumbnail=\"http:\/\/www.spaziotorino.it\/scatto\/wp-content\/gallery\/2023_05_26_challant\/thumbs\/thumbs_PLA_8057.jpg\"\n               data-image-id=\"29369\"\n               data-title=\"Un momento della cerimonia di Intitolazione\"\n               data-description=\"Un momento della cerimonia di Intitolazione\"\n               data-image-slug=\"pla_8057\"\n               class=\"ngg-fancybox\" rel=\"d4cb9c916ad4d243d94f0ecbf3090a3d\">\n                <img\n                    title=\"Un momento della cerimonia di Intitolazione\"\n                    alt=\"Un momento della cerimonia di Intitolazione\"\n                    src=\"http:\/\/www.spaziotorino.it\/scatto\/wp-content\/gallery\/2023_05_26_challant\/cache\/PLA_8057.jpg-nggid0529369-ngg0dyn-60x60x100-00f0w010c011r110f110r010t010.jpg\"\n                    width=\"60\"\n                    height=\"60\"\n                    style=\"max-width:100%;\"\n                \/>\n            <\/a>\n        <\/div>\n\t\t\t\t\t\t\t<\/div> \n\t\t\t\n        \n\t\t\t\t<div id=\"ngg-image-6\" class=\"ngg-gallery-thumbnail-box\" >\n\t\t\t\t        <div class=\"ngg-gallery-thumbnail\">\n            <a href=\"http:\/\/www.spaziotorino.it\/scatto\/wp-content\/gallery\/2023_05_26_challant\/PLA_8007.jpg\"\n               title=\"Giardino delle bambine e dei bambini di tutto il Mondo\"\n               data-src=\"http:\/\/www.spaziotorino.it\/scatto\/wp-content\/gallery\/2023_05_26_challant\/PLA_8007.jpg\"\n               data-thumbnail=\"http:\/\/www.spaziotorino.it\/scatto\/wp-content\/gallery\/2023_05_26_challant\/thumbs\/thumbs_PLA_8007.jpg\"\n               data-image-id=\"29362\"\n               data-title=\"Giardino delle bambine e dei bambini di tutto il Mondo\"\n               data-description=\"Giardino delle bambine e dei bambini di tutto il Mondo\"\n               data-image-slug=\"pla_8007-1\"\n               class=\"ngg-fancybox\" rel=\"d4cb9c916ad4d243d94f0ecbf3090a3d\">\n                <img\n                    title=\"Giardino delle bambine e dei bambini di tutto il Mondo\"\n                    alt=\"Giardino delle bambine e dei bambini di tutto il Mondo\"\n                    src=\"http:\/\/www.spaziotorino.it\/scatto\/wp-content\/gallery\/2023_05_26_challant\/cache\/PLA_8007.jpg-nggid0529362-ngg0dyn-60x60x100-00f0w010c011r110f110r010t010.jpg\"\n                    width=\"60\"\n                    height=\"60\"\n                    style=\"max-width:100%;\"\n                \/>\n            <\/a>\n        <\/div>\n\t\t\t\t\t\t\t<\/div> \n\t\t\t\n        \n\t\t\t\t<div id=\"ngg-image-7\" class=\"ngg-gallery-thumbnail-box\" >\n\t\t\t\t        <div class=\"ngg-gallery-thumbnail\">\n            <a href=\"http:\/\/www.spaziotorino.it\/scatto\/wp-content\/gallery\/2023_05_26_challant\/PLA_8076.jpg\"\n               title=\"Francesca Troise, presidente della Circoscrizione 3\"\n               data-src=\"http:\/\/www.spaziotorino.it\/scatto\/wp-content\/gallery\/2023_05_26_challant\/PLA_8076.jpg\"\n               data-thumbnail=\"http:\/\/www.spaziotorino.it\/scatto\/wp-content\/gallery\/2023_05_26_challant\/thumbs\/thumbs_PLA_8076.jpg\"\n               data-image-id=\"29366\"\n               data-title=\"Francesca Troise, presidente della Circoscrizione 3\"\n               data-description=\"Francesca Troise, presidente della Circoscrizione 3\"\n               data-image-slug=\"pla_8076\"\n               class=\"ngg-fancybox\" rel=\"d4cb9c916ad4d243d94f0ecbf3090a3d\">\n                <img\n                    title=\"Francesca Troise, presidente della Circoscrizione 3\"\n                    alt=\"Francesca Troise, presidente della Circoscrizione 3\"\n                    src=\"http:\/\/www.spaziotorino.it\/scatto\/wp-content\/gallery\/2023_05_26_challant\/cache\/PLA_8076.jpg-nggid0529366-ngg0dyn-60x60x100-00f0w010c011r110f110r010t010.jpg\"\n                    width=\"60\"\n                    height=\"60\"\n                    style=\"max-width:100%;\"\n                \/>\n            <\/a>\n        <\/div>\n\t\t\t\t\t\t\t<\/div> \n\t\t\t\n        \n\t\t\t\t<div id=\"ngg-image-8\" class=\"ngg-gallery-thumbnail-box\" >\n\t\t\t\t        <div class=\"ngg-gallery-thumbnail\">\n            <a href=\"http:\/\/www.spaziotorino.it\/scatto\/wp-content\/gallery\/2023_05_26_challant\/PLA_8060.jpg\"\n               title=\"Giardino delle bambine e dei bambini di tutto il Mondo\"\n               data-src=\"http:\/\/www.spaziotorino.it\/scatto\/wp-content\/gallery\/2023_05_26_challant\/PLA_8060.jpg\"\n               data-thumbnail=\"http:\/\/www.spaziotorino.it\/scatto\/wp-content\/gallery\/2023_05_26_challant\/thumbs\/thumbs_PLA_8060.jpg\"\n               data-image-id=\"29367\"\n               data-title=\"Giardino delle bambine e dei bambini di tutto il Mondo\"\n               data-description=\"Giardino delle bambine e dei bambini di tutto il Mondo\"\n               data-image-slug=\"pla_8060-2\"\n               class=\"ngg-fancybox\" rel=\"d4cb9c916ad4d243d94f0ecbf3090a3d\">\n                <img\n                    title=\"Giardino delle bambine e dei bambini di tutto il Mondo\"\n                    alt=\"Giardino delle bambine e dei bambini di tutto il Mondo\"\n                    src=\"http:\/\/www.spaziotorino.it\/scatto\/wp-content\/gallery\/2023_05_26_challant\/cache\/PLA_8060.jpg-nggid0529367-ngg0dyn-60x60x100-00f0w010c011r110f110r010t010.jpg\"\n                    width=\"60\"\n                    height=\"60\"\n                    style=\"max-width:100%;\"\n                \/>\n            <\/a>\n        <\/div>\n\t\t\t\t\t\t\t<\/div> \n\t\t\t\n        \n\t\t\t\t<div id=\"ngg-image-9\" class=\"ngg-gallery-thumbnail-box\" >\n\t\t\t\t        <div class=\"ngg-gallery-thumbnail\">\n            <a href=\"http:\/\/www.spaziotorino.it\/scatto\/wp-content\/gallery\/2023_05_26_challant\/PLA_8096.jpg\"\n               title=\"Un momento della cerimonia di Intitolazione\"\n               data-src=\"http:\/\/www.spaziotorino.it\/scatto\/wp-content\/gallery\/2023_05_26_challant\/PLA_8096.jpg\"\n               data-thumbnail=\"http:\/\/www.spaziotorino.it\/scatto\/wp-content\/gallery\/2023_05_26_challant\/thumbs\/thumbs_PLA_8096.jpg\"\n               data-image-id=\"29370\"\n               data-title=\"Un momento della cerimonia di Intitolazione\"\n               data-description=\"Un momento della cerimonia di Intitolazione\"\n               data-image-slug=\"pla_8096-1\"\n               class=\"ngg-fancybox\" rel=\"d4cb9c916ad4d243d94f0ecbf3090a3d\">\n                <img\n                    title=\"Un momento della cerimonia di Intitolazione\"\n                    alt=\"Un momento della cerimonia di Intitolazione\"\n                    src=\"http:\/\/www.spaziotorino.it\/scatto\/wp-content\/gallery\/2023_05_26_challant\/cache\/PLA_8096.jpg-nggid0529370-ngg0dyn-60x60x100-00f0w010c011r110f110r010t010.jpg\"\n                    width=\"60\"\n                    height=\"60\"\n                    style=\"max-width:100%;\"\n                \/>\n            <\/a>\n        <\/div>\n\t\t\t\t\t\t\t<\/div> \n\t\t\t\n        \n\t\t\t\t<div id=\"ngg-image-10\" class=\"ngg-gallery-thumbnail-box\" >\n\t\t\t\t        <div class=\"ngg-gallery-thumbnail\">\n            <a href=\"http:\/\/www.spaziotorino.it\/scatto\/wp-content\/gallery\/2023_05_26_challant\/PLA_8106.jpg\"\n               title=\"Ludovica Cioria, vicepresidente del Consiglio comunale\"\n               data-src=\"http:\/\/www.spaziotorino.it\/scatto\/wp-content\/gallery\/2023_05_26_challant\/PLA_8106.jpg\"\n               data-thumbnail=\"http:\/\/www.spaziotorino.it\/scatto\/wp-content\/gallery\/2023_05_26_challant\/thumbs\/thumbs_PLA_8106.jpg\"\n               data-image-id=\"29371\"\n               data-title=\"Ludovica Cioria, vicepresidente del Consiglio comunale\"\n               data-description=\"Ludovica Cioria, vicepresidente del Consiglio comunale\"\n               data-image-slug=\"pla_8106\"\n               class=\"ngg-fancybox\" rel=\"d4cb9c916ad4d243d94f0ecbf3090a3d\">\n                <img\n                    title=\"Ludovica Cioria, vicepresidente del Consiglio comunale\"\n                    alt=\"Ludovica Cioria, vicepresidente del Consiglio comunale\"\n                    src=\"http:\/\/www.spaziotorino.it\/scatto\/wp-content\/gallery\/2023_05_26_challant\/cache\/PLA_8106.jpg-nggid0529371-ngg0dyn-60x60x100-00f0w010c011r110f110r010t010.jpg\"\n                    width=\"60\"\n                    height=\"60\"\n                    style=\"max-width:100%;\"\n                \/>\n            <\/a>\n        <\/div>\n\t\t\t\t\t\t\t<\/div> \n\t\t\t\n        \n\t\t\t\t<div id=\"ngg-image-11\" class=\"ngg-gallery-thumbnail-box\" >\n\t\t\t\t        <div class=\"ngg-gallery-thumbnail\">\n            <a href=\"http:\/\/www.spaziotorino.it\/scatto\/wp-content\/gallery\/2023_05_26_challant\/PLA_8117.jpg\"\n               title=\"Un momento della cerimonia di Intitolazione\"\n               data-src=\"http:\/\/www.spaziotorino.it\/scatto\/wp-content\/gallery\/2023_05_26_challant\/PLA_8117.jpg\"\n               data-thumbnail=\"http:\/\/www.spaziotorino.it\/scatto\/wp-content\/gallery\/2023_05_26_challant\/thumbs\/thumbs_PLA_8117.jpg\"\n               data-image-id=\"29372\"\n               data-title=\"Un momento della cerimonia di Intitolazione\"\n               data-description=\"Un momento della cerimonia di Intitolazione\"\n               data-image-slug=\"pla_8117\"\n               class=\"ngg-fancybox\" rel=\"d4cb9c916ad4d243d94f0ecbf3090a3d\">\n                <img\n                    title=\"Un momento della cerimonia di Intitolazione\"\n                    alt=\"Un momento della cerimonia di Intitolazione\"\n                    src=\"http:\/\/www.spaziotorino.it\/scatto\/wp-content\/gallery\/2023_05_26_challant\/cache\/PLA_8117.jpg-nggid0529372-ngg0dyn-60x60x100-00f0w010c011r110f110r010t010.jpg\"\n                    width=\"60\"\n                    height=\"60\"\n                    style=\"max-width:100%;\"\n                \/>\n            <\/a>\n        <\/div>\n\t\t\t\t\t\t\t<\/div> \n\t\t\t\n        \n\t\t\t\t<div id=\"ngg-image-12\" class=\"ngg-gallery-thumbnail-box\" >\n\t\t\t\t        <div class=\"ngg-gallery-thumbnail\">\n            <a href=\"http:\/\/www.spaziotorino.it\/scatto\/wp-content\/gallery\/2023_05_26_challant\/IMG_20230526_111029.jpg\"\n               title=\"L\u2019UNICEF al Giardino delle bambine e dei bambini di tutto il Mondo\"\n               data-src=\"http:\/\/www.spaziotorino.it\/scatto\/wp-content\/gallery\/2023_05_26_challant\/IMG_20230526_111029.jpg\"\n               data-thumbnail=\"http:\/\/www.spaziotorino.it\/scatto\/wp-content\/gallery\/2023_05_26_challant\/thumbs\/thumbs_IMG_20230526_111029.jpg\"\n               data-image-id=\"29373\"\n               data-title=\"L\u2019UNICEF al Giardino delle bambine e dei bambini di tutto il Mondo\"\n               data-description=\"L\u2019UNICEF al Giardino delle bambine e dei bambini di tutto il Mondo\"\n               data-image-slug=\"img_20230526_111029\"\n               class=\"ngg-fancybox\" rel=\"d4cb9c916ad4d243d94f0ecbf3090a3d\">\n                <img\n                    title=\"L\u2019UNICEF al Giardino delle bambine e dei bambini di tutto il Mondo\"\n                    alt=\"L\u2019UNICEF al Giardino delle bambine e dei bambini di tutto il Mondo\"\n                    src=\"http:\/\/www.spaziotorino.it\/scatto\/wp-content\/gallery\/2023_05_26_challant\/cache\/IMG_20230526_111029.jpg-nggid0529373-ngg0dyn-60x60x100-00f0w010c011r110f110r010t010.jpg\"\n                    width=\"60\"\n                    height=\"60\"\n                    style=\"max-width:100%;\"\n                \/>\n            <\/a>\n        <\/div>\n\t\t\t\t\t\t\t<\/div> \n\t\t\t\n        \n\t\t\n\t\t<!-- Pagination -->\n\t<div class='ngg-clear'><\/div>\t<\/div>\n\n<p>Il presidente del comitato provinciale di Torino dell\u2019<span class=\"xt0psk2\">UNICEF<\/span>, Antonio Sgroi ha un sogno nel cassetto: \u201cEntrando nella citt\u00e0 di Torino&nbsp;\u2013 dice \u2013 si vedono cartelli che recitano \u201cCitt\u00e0 dell\u2019Automobile\u201d, sarebbe bello \u2013 propone \u2013 che in un futuro nemmeno troppo lontano, si potessero incontrare nuovi cartelli indicatori che presentano la nostra, come una \u201cCitt\u00e0 Amica dei Bambini e delle Bambine\u201d.<br \/>\nL\u2019intervento di Sgroi arriva al termine della cerimonia di questa mattina per l\u2019intitolazione del giardino di via Challant compreso fra i numeri 10 e 16, diventato \u201cDelle bambine e dei bambini di tutto il mondo\u201d e si \u00e8 concluso con la richiesta di garantire il diritto dei bambini alla citt\u00e0, inserendo parametri di accessibilit\u00e0, giocabilit\u00e0 e salubrit\u00e0 tra gli indicatori di qualit\u00e0 urbana.<br \/>\nIl giardino di nuova intitolazione, si trova in Borgata Lesna, porzione di territorio del quartiere Pozzo Strada al confine con Grugliasco.<br \/>\nAlla cerimonia, oltre a Sgroi, erano presenti: la vicepresidente del Consiglio comunale&nbsp;<span class=\"xt0psk2\">Ludovica Cioria<\/span>, la presidente della Circoscrizione 3 @Francesca Troise, la dirigente scolastica dell\u2019IC \u201cAldo Palazzeschi\u201d Nancy Grande. Nel suo intervento di saluto e rivolgendosi ai bambini presenti, tre classi della scuola elementare Ottino, Ludovica Cioria li ha esortati a non dimenticare che tutti i bambini hanno il diritto di imparare, giocare, divertirsi, stare con le persone a cui vogliono bene. Imparare a guardare il mondo con gli occhi dei pi\u00f9 piccoli, ha sottolineato ancora la vicepresidente del Consiglio comunale, permetterebbe di accorgersi che per essere migliori serve uno sforzo in pi\u00f9 per avere pazienza, uno sforzo in pi\u00f9 per sognare, uno sforzo in pi\u00f9 per perdonare.<br \/>\nUn\u2019intitolazione, quella odierna, che, per Francesca Troise rappresenta uno stimolo nel continuare a promuovere politiche destinate ad accrescere le opportunit\u00e0 ai residenti pi\u00f9 piccoli della Circoscrizione 3. Ai pi\u00f9 piccoli, ha chiosato Troise, dobbiamo ascolto, dobbiamo l\u2019educazione che ne faccia cittadine e cittadini liberi e consapevoli, dobbiamo la cura della comunit\u00e0. Perch\u00e9 loro sono il futuro nostro e del mondo.<br \/>\nIl giardino deve la sua denominazione alla Convenzione ONU sui diritti dell\u2019infanzia e dell\u2019adolescenza approvata dall\u2019Assemblea generale delle Nazioni Unite il 20 novembre 1989 e ratificata dall\u2019Italia il 27 maggio 1991 con la Legge numero 176. Convenzione nata con l\u2019obiettivo di tutelare e promuovere i diritti delle persone di minore et\u00e0. Attraverso il riconoscimento di uno spazio dedicato ai pi\u00f9 piccoli, la Citt\u00e0 di Torino intende adesso rimarcare le importanti conquiste acquisite e stimolare maggiore attenzione dell\u2019opinione pubblica e delle istituzioni su queste tematiche.<\/p>\n<p>[Fonte: <strong>CittAgor\u00e0<\/strong><a href=\"http:\/\/www.comune.torino.it\/cittagora\/in-evidenza\/a-borgata-lesna-un-giardino-per-i-bambini-di-tutto-il-mondo.html\"><\/a>]<\/p>\n","protected":false},"excerpt":{"rendered":"<p>Il presidente del comitato provinciale di Torino dell\u2019UNICEF, Antonio Sgroi ha un sogno nel cassetto: \u201cEntrando nella citt\u00e0 di Torino&nbsp;\u2013 dice \u2013 si vedono cartelli che recitano \u201cCitt\u00e0 dell\u2019Automobile\u201d, sarebbe bello \u2013 propone \u2013 che in un futuro nemmeno troppo lontano, si potessero incontrare nuovi cartelli indicatori che presentano la nostra, come una \u201cCitt\u00e0 Amica [&hellip;]<\/p>\n","protected":false},"author":1,"featured_media":0,"comment_status":"closed","ping_status":"open","sticky":false,"template":"","format":"standard","meta":{"ngg_post_thumbnail":0},"categories":[1,41],"tags":[],"_links":{"self":[{"href":"http:\/\/www.spaziotorino.it\/scatto\/index.php?rest_route=\/wp\/v2\/posts\/45740"}],"collection":[{"href":"http:\/\/www.spaziotorino.it\/scatto\/index.php?rest_route=\/wp\/v2\/posts"}],"about":[{"href":"http:\/\/www.spaziotorino.it\/scatto\/index.php?rest_route=\/wp\/v2\/types\/post"}],"author":[{"embeddable":true,"href":"http:\/\/www.spaziotorino.it\/scatto\/index.php?rest_route=\/wp\/v2\/users\/1"}],"replies":[{"embeddable":true,"href":"http:\/\/www.spaziotorino.it\/scatto\/index.php?rest_route=%2Fwp%2Fv2%2Fcomments&post=45740"}],"version-history":[{"count":3,"href":"http:\/\/www.spaziotorino.it\/scatto\/index.php?rest_route=\/wp\/v2\/posts\/45740\/revisions"}],"predecessor-version":[{"id":45744,"href":"http:\/\/www.spaziotorino.it\/scatto\/index.php?rest_route=\/wp\/v2\/posts\/45740\/revisions\/45744"}],"wp:attachment":[{"href":"http:\/\/www.spaziotorino.it\/scatto\/index.php?rest_route=%2Fwp%2Fv2%2Fmedia&parent=45740"}],"wp:term":[{"taxonomy":"category","embeddable":true,"href":"http:\/\/www.spaziotorino.it\/scatto\/index.php?rest_route=%2Fwp%2Fv2%2Fcategories&post=45740"},{"taxonomy":"post_tag","embeddable":true,"href":"http:\/\/www.spaziotorino.it\/scatto\/index.php?rest_route=%2Fwp%2Fv2%2Ftags&post=45740"}],"curies":[{"name":"wp","href":"https:\/\/api.w.org\/{rel}","templated":true}]}}