{"id":45745,"date":"2023-05-26T16:32:20","date_gmt":"2023-05-26T15:32:20","guid":{"rendered":"http:\/\/www.spaziotorino.it\/scatto\/?p=45745"},"modified":"2023-05-26T16:32:20","modified_gmt":"2023-05-26T15:32:20","slug":"cascina-falchera-accoglie-la-citta","status":"publish","type":"post","link":"http:\/\/www.spaziotorino.it\/scatto\/?p=45745","title":{"rendered":"Cascina Falchera accoglie la Citt\u00e0"},"content":{"rendered":"<p><a class=\"ngg-fancybox\" title=\"Cascina Falchera accoglie la Citt\u00e0\" href=\"http:\/\/www.spaziotorino.it\/scatto\/wp-content\/gallery\/2023_05_26_cfalchera\/PLA_8127.jpg\" rel=\"lightbox[set_1955]\"><br \/>\n<img decoding=\"async\" loading=\"lazy\" class=\"ngg-singlepic\" title=\"Cascina Falchera accoglie la Citt\u00e0\" src=\"http:\/\/www.spaziotorino.it\/scatto\/wp-content\/gallery\/2023_05_26_cfalchera\/PLA_8127.jpg\" alt=\"\" width=\"540\" height=\"360\"\/><\/a><\/p>\n<!-- index.php -->\n<div\n\tclass=\"ngg-galleryoverview ngg-ajax-pagination-none\"\n\tid=\"ngg-gallery-0540e1c5b8361d4868b31af5309f71d7-1\">\n\n    \t\t<!-- Thumbnails -->\n\t\t\t\t<div id=\"ngg-image-0\" class=\"ngg-gallery-thumbnail-box\" >\n\t\t\t\t        <div class=\"ngg-gallery-thumbnail\">\n            <a href=\"http:\/\/www.spaziotorino.it\/scatto\/wp-content\/gallery\/2023_05_26_cfalchera\/wap_gia_1.jpg\"\n               title=\"Il taglio del nastro\"\n               data-src=\"http:\/\/www.spaziotorino.it\/scatto\/wp-content\/gallery\/2023_05_26_cfalchera\/wap_gia_1.jpg\"\n               data-thumbnail=\"http:\/\/www.spaziotorino.it\/scatto\/wp-content\/gallery\/2023_05_26_cfalchera\/thumbs\/thumbs_wap_gia_1.jpg\"\n               data-image-id=\"29391\"\n               data-title=\"Il taglio del nastro\"\n               data-description=\"Il taglio del nastro\"\n               data-image-slug=\"wap_gia_1\"\n               class=\"ngg-fancybox\" rel=\"0540e1c5b8361d4868b31af5309f71d7\">\n                <img\n                    title=\"Il taglio del nastro\"\n                    alt=\"Il taglio del nastro\"\n                    src=\"http:\/\/www.spaziotorino.it\/scatto\/wp-content\/gallery\/2023_05_26_cfalchera\/cache\/wap_gia_1.jpg-nggid0529391-ngg0dyn-60x60x100-00f0w010c011r110f110r010t010.jpg\"\n                    width=\"60\"\n                    height=\"60\"\n                    style=\"max-width:100%;\"\n                \/>\n            <\/a>\n        <\/div>\n\t\t\t\t\t\t\t<\/div> \n\t\t\t\n        \n\t\t\t\t<div id=\"ngg-image-1\" class=\"ngg-gallery-thumbnail-box\" >\n\t\t\t\t        <div class=\"ngg-gallery-thumbnail\">\n            <a href=\"http:\/\/www.spaziotorino.it\/scatto\/wp-content\/gallery\/2023_05_26_cfalchera\/PLA_8264.jpg\"\n               title=\"Cascina Falchera\"\n               data-src=\"http:\/\/www.spaziotorino.it\/scatto\/wp-content\/gallery\/2023_05_26_cfalchera\/PLA_8264.jpg\"\n               data-thumbnail=\"http:\/\/www.spaziotorino.it\/scatto\/wp-content\/gallery\/2023_05_26_cfalchera\/thumbs\/thumbs_PLA_8264.jpg\"\n               data-image-id=\"29390\"\n               data-title=\"Cascina Falchera\"\n               data-description=\"Cascina Falchera\"\n               data-image-slug=\"pla_8264-1\"\n               class=\"ngg-fancybox\" rel=\"0540e1c5b8361d4868b31af5309f71d7\">\n                <img\n                    title=\"Cascina Falchera\"\n                    alt=\"Cascina Falchera\"\n                    src=\"http:\/\/www.spaziotorino.it\/scatto\/wp-content\/gallery\/2023_05_26_cfalchera\/cache\/PLA_8264.jpg-nggid0529390-ngg0dyn-60x60x100-00f0w010c011r110f110r010t010.jpg\"\n                    width=\"60\"\n                    height=\"60\"\n                    style=\"max-width:100%;\"\n                \/>\n            <\/a>\n        <\/div>\n\t\t\t\t\t\t\t<\/div> \n\t\t\t\n        \n\t\t\t\t<div id=\"ngg-image-2\" class=\"ngg-gallery-thumbnail-box\" >\n\t\t\t\t        <div class=\"ngg-gallery-thumbnail\">\n            <a href=\"http:\/\/www.spaziotorino.it\/scatto\/wp-content\/gallery\/2023_05_26_cfalchera\/PLA_8262.jpg\"\n               title=\"Cascina Falchera\"\n               data-src=\"http:\/\/www.spaziotorino.it\/scatto\/wp-content\/gallery\/2023_05_26_cfalchera\/PLA_8262.jpg\"\n               data-thumbnail=\"http:\/\/www.spaziotorino.it\/scatto\/wp-content\/gallery\/2023_05_26_cfalchera\/thumbs\/thumbs_PLA_8262.jpg\"\n               data-image-id=\"29389\"\n               data-title=\"Cascina Falchera\"\n               data-description=\"Cascina Falchera\"\n               data-image-slug=\"pla_8262\"\n               class=\"ngg-fancybox\" rel=\"0540e1c5b8361d4868b31af5309f71d7\">\n                <img\n                    title=\"Cascina Falchera\"\n                    alt=\"Cascina Falchera\"\n                    src=\"http:\/\/www.spaziotorino.it\/scatto\/wp-content\/gallery\/2023_05_26_cfalchera\/cache\/PLA_8262.jpg-nggid0529389-ngg0dyn-60x60x100-00f0w010c011r110f110r010t010.jpg\"\n                    width=\"60\"\n                    height=\"60\"\n                    style=\"max-width:100%;\"\n                \/>\n            <\/a>\n        <\/div>\n\t\t\t\t\t\t\t<\/div> \n\t\t\t\n        \n\t\t\t\t<div id=\"ngg-image-3\" class=\"ngg-gallery-thumbnail-box\" >\n\t\t\t\t        <div class=\"ngg-gallery-thumbnail\">\n            <a href=\"http:\/\/www.spaziotorino.it\/scatto\/wp-content\/gallery\/2023_05_26_cfalchera\/PLA_8143.jpg\"\n               title=\"Cascina Falchera\"\n               data-src=\"http:\/\/www.spaziotorino.it\/scatto\/wp-content\/gallery\/2023_05_26_cfalchera\/PLA_8143.jpg\"\n               data-thumbnail=\"http:\/\/www.spaziotorino.it\/scatto\/wp-content\/gallery\/2023_05_26_cfalchera\/thumbs\/thumbs_PLA_8143.jpg\"\n               data-image-id=\"29378\"\n               data-title=\"Cascina Falchera\"\n               data-description=\"Cascina Falchera\"\n               data-image-slug=\"pla_8143-3\"\n               class=\"ngg-fancybox\" rel=\"0540e1c5b8361d4868b31af5309f71d7\">\n                <img\n                    title=\"Cascina Falchera\"\n                    alt=\"Cascina Falchera\"\n                    src=\"http:\/\/www.spaziotorino.it\/scatto\/wp-content\/gallery\/2023_05_26_cfalchera\/cache\/PLA_8143.jpg-nggid0529378-ngg0dyn-60x60x100-00f0w010c011r110f110r010t010.jpg\"\n                    width=\"60\"\n                    height=\"60\"\n                    style=\"max-width:100%;\"\n                \/>\n            <\/a>\n        <\/div>\n\t\t\t\t\t\t\t<\/div> \n\t\t\t\n        \n\t\t\t\t<div id=\"ngg-image-4\" class=\"ngg-gallery-thumbnail-box\" >\n\t\t\t\t        <div class=\"ngg-gallery-thumbnail\">\n            <a href=\"http:\/\/www.spaziotorino.it\/scatto\/wp-content\/gallery\/2023_05_26_cfalchera\/PLA_8131.jpg\"\n               title=\"Cascina Falchera\"\n               data-src=\"http:\/\/www.spaziotorino.it\/scatto\/wp-content\/gallery\/2023_05_26_cfalchera\/PLA_8131.jpg\"\n               data-thumbnail=\"http:\/\/www.spaziotorino.it\/scatto\/wp-content\/gallery\/2023_05_26_cfalchera\/thumbs\/thumbs_PLA_8131.jpg\"\n               data-image-id=\"29376\"\n               data-title=\"Cascina Falchera\"\n               data-description=\"Cascina Falchera\"\n               data-image-slug=\"pla_8131-1\"\n               class=\"ngg-fancybox\" rel=\"0540e1c5b8361d4868b31af5309f71d7\">\n                <img\n                    title=\"Cascina Falchera\"\n                    alt=\"Cascina Falchera\"\n                    src=\"http:\/\/www.spaziotorino.it\/scatto\/wp-content\/gallery\/2023_05_26_cfalchera\/cache\/PLA_8131.jpg-nggid0529376-ngg0dyn-60x60x100-00f0w010c011r110f110r010t010.jpg\"\n                    width=\"60\"\n                    height=\"60\"\n                    style=\"max-width:100%;\"\n                \/>\n            <\/a>\n        <\/div>\n\t\t\t\t\t\t\t<\/div> \n\t\t\t\n        \n\t\t\t\t<div id=\"ngg-image-5\" class=\"ngg-gallery-thumbnail-box\" >\n\t\t\t\t        <div class=\"ngg-gallery-thumbnail\">\n            <a href=\"http:\/\/www.spaziotorino.it\/scatto\/wp-content\/gallery\/2023_05_26_cfalchera\/PLA_8139.jpg\"\n               title=\"Un momento della cerimonia di inaugurazione di Cascina Falchera\"\n               data-src=\"http:\/\/www.spaziotorino.it\/scatto\/wp-content\/gallery\/2023_05_26_cfalchera\/PLA_8139.jpg\"\n               data-thumbnail=\"http:\/\/www.spaziotorino.it\/scatto\/wp-content\/gallery\/2023_05_26_cfalchera\/thumbs\/thumbs_PLA_8139.jpg\"\n               data-image-id=\"29375\"\n               data-title=\"Un momento della cerimonia di inaugurazione di Cascina Falchera\"\n               data-description=\"Un momento della cerimonia di inaugurazione di Cascina Falchera\"\n               data-image-slug=\"pla_8139\"\n               class=\"ngg-fancybox\" rel=\"0540e1c5b8361d4868b31af5309f71d7\">\n                <img\n                    title=\"Un momento della cerimonia di inaugurazione di Cascina Falchera\"\n                    alt=\"Un momento della cerimonia di inaugurazione di Cascina Falchera\"\n                    src=\"http:\/\/www.spaziotorino.it\/scatto\/wp-content\/gallery\/2023_05_26_cfalchera\/cache\/PLA_8139.jpg-nggid0529375-ngg0dyn-60x60x100-00f0w010c011r110f110r010t010.jpg\"\n                    width=\"60\"\n                    height=\"60\"\n                    style=\"max-width:100%;\"\n                \/>\n            <\/a>\n        <\/div>\n\t\t\t\t\t\t\t<\/div> \n\t\t\t\n        \n\t\t\t\t<div id=\"ngg-image-6\" class=\"ngg-gallery-thumbnail-box\" >\n\t\t\t\t        <div class=\"ngg-gallery-thumbnail\">\n            <a href=\"http:\/\/www.spaziotorino.it\/scatto\/wp-content\/gallery\/2023_05_26_cfalchera\/PLA_8174.jpg\"\n               title=\"Cascina Falchera\"\n               data-src=\"http:\/\/www.spaziotorino.it\/scatto\/wp-content\/gallery\/2023_05_26_cfalchera\/PLA_8174.jpg\"\n               data-thumbnail=\"http:\/\/www.spaziotorino.it\/scatto\/wp-content\/gallery\/2023_05_26_cfalchera\/thumbs\/thumbs_PLA_8174.jpg\"\n               data-image-id=\"29380\"\n               data-title=\"Cascina Falchera\"\n               data-description=\"Cascina Falchera\"\n               data-image-slug=\"pla_8174\"\n               class=\"ngg-fancybox\" rel=\"0540e1c5b8361d4868b31af5309f71d7\">\n                <img\n                    title=\"Cascina Falchera\"\n                    alt=\"Cascina Falchera\"\n                    src=\"http:\/\/www.spaziotorino.it\/scatto\/wp-content\/gallery\/2023_05_26_cfalchera\/cache\/PLA_8174.jpg-nggid0529380-ngg0dyn-60x60x100-00f0w010c011r110f110r010t010.jpg\"\n                    width=\"60\"\n                    height=\"60\"\n                    style=\"max-width:100%;\"\n                \/>\n            <\/a>\n        <\/div>\n\t\t\t\t\t\t\t<\/div> \n\t\t\t\n        \n\t\t\t\t<div id=\"ngg-image-7\" class=\"ngg-gallery-thumbnail-box\" >\n\t\t\t\t        <div class=\"ngg-gallery-thumbnail\">\n            <a href=\"http:\/\/www.spaziotorino.it\/scatto\/wp-content\/gallery\/2023_05_26_cfalchera\/PLA_8170.jpg\"\n               title=\"Un momento dell&#039;inaugurazione di Cascina Falchera\"\n               data-src=\"http:\/\/www.spaziotorino.it\/scatto\/wp-content\/gallery\/2023_05_26_cfalchera\/PLA_8170.jpg\"\n               data-thumbnail=\"http:\/\/www.spaziotorino.it\/scatto\/wp-content\/gallery\/2023_05_26_cfalchera\/thumbs\/thumbs_PLA_8170.jpg\"\n               data-image-id=\"29379\"\n               data-title=\"Un momento dell&#039;inaugurazione di Cascina Falchera\"\n               data-description=\"Un momento dell&#039;inaugurazione di Cascina Falchera\"\n               data-image-slug=\"pla_8170-1\"\n               class=\"ngg-fancybox\" rel=\"0540e1c5b8361d4868b31af5309f71d7\">\n                <img\n                    title=\"Un momento dell&#039;inaugurazione di Cascina Falchera\"\n                    alt=\"Un momento dell&#039;inaugurazione di Cascina Falchera\"\n                    src=\"http:\/\/www.spaziotorino.it\/scatto\/wp-content\/gallery\/2023_05_26_cfalchera\/cache\/PLA_8170.jpg-nggid0529379-ngg0dyn-60x60x100-00f0w010c011r110f110r010t010.jpg\"\n                    width=\"60\"\n                    height=\"60\"\n                    style=\"max-width:100%;\"\n                \/>\n            <\/a>\n        <\/div>\n\t\t\t\t\t\t\t<\/div> \n\t\t\t\n        \n\t\t\t\t<div id=\"ngg-image-8\" class=\"ngg-gallery-thumbnail-box\" >\n\t\t\t\t        <div class=\"ngg-gallery-thumbnail\">\n            <a href=\"http:\/\/www.spaziotorino.it\/scatto\/wp-content\/gallery\/2023_05_26_cfalchera\/PLA_8162.jpg\"\n               title=\"Cascina Falchera\"\n               data-src=\"http:\/\/www.spaziotorino.it\/scatto\/wp-content\/gallery\/2023_05_26_cfalchera\/PLA_8162.jpg\"\n               data-thumbnail=\"http:\/\/www.spaziotorino.it\/scatto\/wp-content\/gallery\/2023_05_26_cfalchera\/thumbs\/thumbs_PLA_8162.jpg\"\n               data-image-id=\"29374\"\n               data-title=\"Cascina Falchera\"\n               data-description=\"Cascina Falchera\"\n               data-image-slug=\"pla_8162\"\n               class=\"ngg-fancybox\" rel=\"0540e1c5b8361d4868b31af5309f71d7\">\n                <img\n                    title=\"Cascina Falchera\"\n                    alt=\"Cascina Falchera\"\n                    src=\"http:\/\/www.spaziotorino.it\/scatto\/wp-content\/gallery\/2023_05_26_cfalchera\/cache\/PLA_8162.jpg-nggid0529374-ngg0dyn-60x60x100-00f0w010c011r110f110r010t010.jpg\"\n                    width=\"60\"\n                    height=\"60\"\n                    style=\"max-width:100%;\"\n                \/>\n            <\/a>\n        <\/div>\n\t\t\t\t\t\t\t<\/div> \n\t\t\t\n        \n\t\t\t\t<div id=\"ngg-image-9\" class=\"ngg-gallery-thumbnail-box\" >\n\t\t\t\t        <div class=\"ngg-gallery-thumbnail\">\n            <a href=\"http:\/\/www.spaziotorino.it\/scatto\/wp-content\/gallery\/2023_05_26_cfalchera\/PLA_8173.jpg\"\n               title=\"Un momento dell&#039;inaugurazione di Cascina Falchera\"\n               data-src=\"http:\/\/www.spaziotorino.it\/scatto\/wp-content\/gallery\/2023_05_26_cfalchera\/PLA_8173.jpg\"\n               data-thumbnail=\"http:\/\/www.spaziotorino.it\/scatto\/wp-content\/gallery\/2023_05_26_cfalchera\/thumbs\/thumbs_PLA_8173.jpg\"\n               data-image-id=\"29381\"\n               data-title=\"Un momento dell&#039;inaugurazione di Cascina Falchera\"\n               data-description=\"Un momento dell&#039;inaugurazione di Cascina Falchera\"\n               data-image-slug=\"pla_8173-1\"\n               class=\"ngg-fancybox\" rel=\"0540e1c5b8361d4868b31af5309f71d7\">\n                <img\n                    title=\"Un momento dell&#039;inaugurazione di Cascina Falchera\"\n                    alt=\"Un momento dell&#039;inaugurazione di Cascina Falchera\"\n                    src=\"http:\/\/www.spaziotorino.it\/scatto\/wp-content\/gallery\/2023_05_26_cfalchera\/cache\/PLA_8173.jpg-nggid0529381-ngg0dyn-60x60x100-00f0w010c011r110f110r010t010.jpg\"\n                    width=\"60\"\n                    height=\"60\"\n                    style=\"max-width:100%;\"\n                \/>\n            <\/a>\n        <\/div>\n\t\t\t\t\t\t\t<\/div> \n\t\t\t\n        \n\t\t\t\t<div id=\"ngg-image-10\" class=\"ngg-gallery-thumbnail-box\" >\n\t\t\t\t        <div class=\"ngg-gallery-thumbnail\">\n            <a href=\"http:\/\/www.spaziotorino.it\/scatto\/wp-content\/gallery\/2023_05_26_cfalchera\/PLA_8204.jpg\"\n               title=\"Un momento dell&#039;inaugurazione di Cascina Falchera\"\n               data-src=\"http:\/\/www.spaziotorino.it\/scatto\/wp-content\/gallery\/2023_05_26_cfalchera\/PLA_8204.jpg\"\n               data-thumbnail=\"http:\/\/www.spaziotorino.it\/scatto\/wp-content\/gallery\/2023_05_26_cfalchera\/thumbs\/thumbs_PLA_8204.jpg\"\n               data-image-id=\"29382\"\n               data-title=\"Un momento dell&#039;inaugurazione di Cascina Falchera\"\n               data-description=\"Un momento dell&#039;inaugurazione di Cascina Falchera\"\n               data-image-slug=\"pla_8204-1\"\n               class=\"ngg-fancybox\" rel=\"0540e1c5b8361d4868b31af5309f71d7\">\n                <img\n                    title=\"Un momento dell&#039;inaugurazione di Cascina Falchera\"\n                    alt=\"Un momento dell&#039;inaugurazione di Cascina Falchera\"\n                    src=\"http:\/\/www.spaziotorino.it\/scatto\/wp-content\/gallery\/2023_05_26_cfalchera\/cache\/PLA_8204.jpg-nggid0529382-ngg0dyn-60x60x100-00f0w010c011r110f110r010t010.jpg\"\n                    width=\"60\"\n                    height=\"60\"\n                    style=\"max-width:100%;\"\n                \/>\n            <\/a>\n        <\/div>\n\t\t\t\t\t\t\t<\/div> \n\t\t\t\n        \n\t\t\t\t<div id=\"ngg-image-11\" class=\"ngg-gallery-thumbnail-box\" >\n\t\t\t\t        <div class=\"ngg-gallery-thumbnail\">\n            <a href=\"http:\/\/www.spaziotorino.it\/scatto\/wp-content\/gallery\/2023_05_26_cfalchera\/PLA_8208.jpg\"\n               title=\"Un momento dell&#039;inaugurazione di Cascina Falchera\"\n               data-src=\"http:\/\/www.spaziotorino.it\/scatto\/wp-content\/gallery\/2023_05_26_cfalchera\/PLA_8208.jpg\"\n               data-thumbnail=\"http:\/\/www.spaziotorino.it\/scatto\/wp-content\/gallery\/2023_05_26_cfalchera\/thumbs\/thumbs_PLA_8208.jpg\"\n               data-image-id=\"29383\"\n               data-title=\"Un momento dell&#039;inaugurazione di Cascina Falchera\"\n               data-description=\"Un momento dell&#039;inaugurazione di Cascina Falchera\"\n               data-image-slug=\"pla_8208\"\n               class=\"ngg-fancybox\" rel=\"0540e1c5b8361d4868b31af5309f71d7\">\n                <img\n                    title=\"Un momento dell&#039;inaugurazione di Cascina Falchera\"\n                    alt=\"Un momento dell&#039;inaugurazione di Cascina Falchera\"\n                    src=\"http:\/\/www.spaziotorino.it\/scatto\/wp-content\/gallery\/2023_05_26_cfalchera\/cache\/PLA_8208.jpg-nggid0529383-ngg0dyn-60x60x100-00f0w010c011r110f110r010t010.jpg\"\n                    width=\"60\"\n                    height=\"60\"\n                    style=\"max-width:100%;\"\n                \/>\n            <\/a>\n        <\/div>\n\t\t\t\t\t\t\t<\/div> \n\t\t\t\n        \n\t\t\t\t<div id=\"ngg-image-12\" class=\"ngg-gallery-thumbnail-box\" >\n\t\t\t\t        <div class=\"ngg-gallery-thumbnail\">\n            <a href=\"http:\/\/www.spaziotorino.it\/scatto\/wp-content\/gallery\/2023_05_26_cfalchera\/PLA_8225.jpg\"\n               title=\"Cascina Falchera\"\n               data-src=\"http:\/\/www.spaziotorino.it\/scatto\/wp-content\/gallery\/2023_05_26_cfalchera\/PLA_8225.jpg\"\n               data-thumbnail=\"http:\/\/www.spaziotorino.it\/scatto\/wp-content\/gallery\/2023_05_26_cfalchera\/thumbs\/thumbs_PLA_8225.jpg\"\n               data-image-id=\"29384\"\n               data-title=\"Cascina Falchera\"\n               data-description=\"Cascina Falchera\"\n               data-image-slug=\"pla_8225-1\"\n               class=\"ngg-fancybox\" rel=\"0540e1c5b8361d4868b31af5309f71d7\">\n                <img\n                    title=\"Cascina Falchera\"\n                    alt=\"Cascina Falchera\"\n                    src=\"http:\/\/www.spaziotorino.it\/scatto\/wp-content\/gallery\/2023_05_26_cfalchera\/cache\/PLA_8225.jpg-nggid0529384-ngg0dyn-60x60x100-00f0w010c011r110f110r010t010.jpg\"\n                    width=\"60\"\n                    height=\"60\"\n                    style=\"max-width:100%;\"\n                \/>\n            <\/a>\n        <\/div>\n\t\t\t\t\t\t\t<\/div> \n\t\t\t\n        \n\t\t\t\t<div id=\"ngg-image-13\" class=\"ngg-gallery-thumbnail-box\" >\n\t\t\t\t        <div class=\"ngg-gallery-thumbnail\">\n            <a href=\"http:\/\/www.spaziotorino.it\/scatto\/wp-content\/gallery\/2023_05_26_cfalchera\/PLA_8226.jpg\"\n               title=\"Cascina Falchera\"\n               data-src=\"http:\/\/www.spaziotorino.it\/scatto\/wp-content\/gallery\/2023_05_26_cfalchera\/PLA_8226.jpg\"\n               data-thumbnail=\"http:\/\/www.spaziotorino.it\/scatto\/wp-content\/gallery\/2023_05_26_cfalchera\/thumbs\/thumbs_PLA_8226.jpg\"\n               data-image-id=\"29385\"\n               data-title=\"Cascina Falchera\"\n               data-description=\"Cascina Falchera\"\n               data-image-slug=\"pla_8226\"\n               class=\"ngg-fancybox\" rel=\"0540e1c5b8361d4868b31af5309f71d7\">\n                <img\n                    title=\"Cascina Falchera\"\n                    alt=\"Cascina Falchera\"\n                    src=\"http:\/\/www.spaziotorino.it\/scatto\/wp-content\/gallery\/2023_05_26_cfalchera\/cache\/PLA_8226.jpg-nggid0529385-ngg0dyn-60x60x100-00f0w010c011r110f110r010t010.jpg\"\n                    width=\"60\"\n                    height=\"60\"\n                    style=\"max-width:100%;\"\n                \/>\n            <\/a>\n        <\/div>\n\t\t\t\t\t\t\t<\/div> \n\t\t\t\n        \n\t\t\t\t<div id=\"ngg-image-14\" class=\"ngg-gallery-thumbnail-box\" >\n\t\t\t\t        <div class=\"ngg-gallery-thumbnail\">\n            <a href=\"http:\/\/www.spaziotorino.it\/scatto\/wp-content\/gallery\/2023_05_26_cfalchera\/PLA_8236.jpg\"\n               title=\"Cascina Falchera\"\n               data-src=\"http:\/\/www.spaziotorino.it\/scatto\/wp-content\/gallery\/2023_05_26_cfalchera\/PLA_8236.jpg\"\n               data-thumbnail=\"http:\/\/www.spaziotorino.it\/scatto\/wp-content\/gallery\/2023_05_26_cfalchera\/thumbs\/thumbs_PLA_8236.jpg\"\n               data-image-id=\"29386\"\n               data-title=\"Cascina Falchera\"\n               data-description=\"Cascina Falchera\"\n               data-image-slug=\"pla_8236-2\"\n               class=\"ngg-fancybox\" rel=\"0540e1c5b8361d4868b31af5309f71d7\">\n                <img\n                    title=\"Cascina Falchera\"\n                    alt=\"Cascina Falchera\"\n                    src=\"http:\/\/www.spaziotorino.it\/scatto\/wp-content\/gallery\/2023_05_26_cfalchera\/cache\/PLA_8236.jpg-nggid0529386-ngg0dyn-60x60x100-00f0w010c011r110f110r010t010.jpg\"\n                    width=\"60\"\n                    height=\"60\"\n                    style=\"max-width:100%;\"\n                \/>\n            <\/a>\n        <\/div>\n\t\t\t\t\t\t\t<\/div> \n\t\t\t\n        \n\t\t\t\t<div id=\"ngg-image-15\" class=\"ngg-gallery-thumbnail-box\" >\n\t\t\t\t        <div class=\"ngg-gallery-thumbnail\">\n            <a href=\"http:\/\/www.spaziotorino.it\/scatto\/wp-content\/gallery\/2023_05_26_cfalchera\/PLA_8227.jpg\"\n               title=\"Cascina Falchera\"\n               data-src=\"http:\/\/www.spaziotorino.it\/scatto\/wp-content\/gallery\/2023_05_26_cfalchera\/PLA_8227.jpg\"\n               data-thumbnail=\"http:\/\/www.spaziotorino.it\/scatto\/wp-content\/gallery\/2023_05_26_cfalchera\/thumbs\/thumbs_PLA_8227.jpg\"\n               data-image-id=\"29387\"\n               data-title=\"Cascina Falchera\"\n               data-description=\"Cascina Falchera\"\n               data-image-slug=\"pla_8227\"\n               class=\"ngg-fancybox\" rel=\"0540e1c5b8361d4868b31af5309f71d7\">\n                <img\n                    title=\"Cascina Falchera\"\n                    alt=\"Cascina Falchera\"\n                    src=\"http:\/\/www.spaziotorino.it\/scatto\/wp-content\/gallery\/2023_05_26_cfalchera\/cache\/PLA_8227.jpg-nggid0529387-ngg0dyn-60x60x100-00f0w010c011r110f110r010t010.jpg\"\n                    width=\"60\"\n                    height=\"60\"\n                    style=\"max-width:100%;\"\n                \/>\n            <\/a>\n        <\/div>\n\t\t\t\t\t\t\t<\/div> \n\t\t\t\n        \n\t\t\t\t<div id=\"ngg-image-16\" class=\"ngg-gallery-thumbnail-box\" >\n\t\t\t\t        <div class=\"ngg-gallery-thumbnail\">\n            <a href=\"http:\/\/www.spaziotorino.it\/scatto\/wp-content\/gallery\/2023_05_26_cfalchera\/PLA_8239.jpg\"\n               title=\"Cascina Falchera\"\n               data-src=\"http:\/\/www.spaziotorino.it\/scatto\/wp-content\/gallery\/2023_05_26_cfalchera\/PLA_8239.jpg\"\n               data-thumbnail=\"http:\/\/www.spaziotorino.it\/scatto\/wp-content\/gallery\/2023_05_26_cfalchera\/thumbs\/thumbs_PLA_8239.jpg\"\n               data-image-id=\"29388\"\n               data-title=\"Cascina Falchera\"\n               data-description=\"Cascina Falchera\"\n               data-image-slug=\"pla_8239-1\"\n               class=\"ngg-fancybox\" rel=\"0540e1c5b8361d4868b31af5309f71d7\">\n                <img\n                    title=\"Cascina Falchera\"\n                    alt=\"Cascina Falchera\"\n                    src=\"http:\/\/www.spaziotorino.it\/scatto\/wp-content\/gallery\/2023_05_26_cfalchera\/cache\/PLA_8239.jpg-nggid0529388-ngg0dyn-60x60x100-00f0w010c011r110f110r010t010.jpg\"\n                    width=\"60\"\n                    height=\"60\"\n                    style=\"max-width:100%;\"\n                \/>\n            <\/a>\n        <\/div>\n\t\t\t\t\t\t\t<\/div> \n\t\t\t\n        \n\t\t\n\t\t<!-- Pagination -->\n\t<div class='ngg-clear'><\/div>\t<\/div>\n\n<p>Cascina Falchera riapre le porte alla comunit\u00e0 con nuove vocazioni e molteplici attivit\u00e0. Oltre a rimanere punto di riferimento per il sistema delle scuole torinesi, ospiter\u00e0 attivit\u00e0 di ricerca, sperimentazione, innovazione sociale e ambientale, start up di idee, laboratori per il tempo libero delle famiglie e la terza et\u00e0, orticoltura di prossimit\u00e0.<\/p>\n<p>Affidata in concessione dalla Citt\u00e0 di Torino al Consorzio Kair\u00f2s per 19 anni, Cascina Falchera sar\u00e0 gestita in collaborazione con il Comune, ITER \u2013 Istituzione Torinese per un\u2019Educazione Responsabile \u2013 e aperta alle municipalit\u00e0 Settimo, Mappano, Caselle, Borgaro, Leini\u0300.<\/p>\n<p>\u201cSiamo contenti di essere qui oggi \u2013 ha detto il Sindaco Stefano Lo Russo \u2013 perch\u00e9 un bene comune della Citt\u00e0 viene restituito alle torinesi e ai torinesi e si prepara ad assumere molteplici importanti vocazioni. Cascina Falchera sar\u00e0 un luogo a disposizione della comunit\u00e0 dove troveranno spazio attivit\u00e0 didattiche e di formazione professionale, progetti di inclusione sociale e sostenibilit\u00e0 ambientale. Ma sar\u00e0 anche un luogo di accoglienza, grazie al progetto Casa Ucraina, con cui troveranno ospitalit\u00e0 e aiuto donne, bambini e persone fragili in fuga dal conflitto. Un bene pubblico riapre le porte alla cittadinanza, davvero un ottimo segnale per il futuro della nostra comunit\u00e0\u201d.<\/p>\n<p>\u201cCascina Falchera sar\u00e0 un luogo aperto al territorio, alle scuole e alle famiglie, in cui sperimentare una nuova visione della pratica educativa volta a orientare il pensiero ecologico delle bambine e dei bambini per riavvicinarli all\u2019ambiente naturale e favorire uno scambio di saperi per un apprendimento permanente.&nbsp;Sar\u00e0 anche&nbsp;uno spazio gioco innovativo in cui bimbe e bimbi potranno realizzare nuove esperienze attraverso la scoperta e l\u2019esplorazione&nbsp;\u2013 ha sottolineato l\u2019assessora all\u2019Istruzione Carlotta Salerno -.&nbsp;Ma Cascina Falchera \u00e8 altro ancora, un polo formativo, sede di tirocinio universitario e curricolare, che si aggiunge alle molteplici opportunit\u00e0 proposte dalla Citt\u00e0\u201d.<\/p>\n<p dir=\"auto\"><i>Qui trover\u00e0 spazio anche&nbsp;<\/i>il progetto \u2018Casa Ucraina\u2019 realizzato da Liberitutti che&nbsp;mira al rafforzamento delle reti sociali in contesti di emergenza umanitaria e abitativa. Sar\u00e0 una residenza temporanea con fino a 24 posti destinata all\u2019accoglienza di minori e soggetti fragili in fuga da conflitto.<\/p>\n<p>Informazioni e programma degli eventi delle giornate inaugurali sono disponibili sul sito &nbsp;<a href=\"http:\/\/www.comune.torino.it\/iter\/attivita\/cascina-falchera-accoglie-la-citta\/%20\/h\" target=\"_blank\" rel=\"noopener\" data-saferedirecturl=\"https:\/\/www.google.com\/url?q=http:\/\/www.comune.torino.it\/iter\/attivita\/cascina-falchera-accoglie-la-citta\/%2520\/h&amp;source=gmail&amp;ust=1685187804393000&amp;usg=AOvVaw3WFf-3OwTILnYEO2lDV24X\">http:\/\/www.comune.torino.it\/<wbr>iter\/attivita\/cascina-<\/wbr><wbr>falchera-accoglie-la-citta\/<\/wbr><\/a><\/p>\n","protected":false},"excerpt":{"rendered":"<p>Cascina Falchera riapre le porte alla comunit\u00e0 con nuove vocazioni e molteplici attivit\u00e0. Oltre a rimanere punto di riferimento per il sistema delle scuole torinesi, ospiter\u00e0 attivit\u00e0 di ricerca, sperimentazione, innovazione sociale e ambientale, start up di idee, laboratori per il tempo libero delle famiglie e la terza et\u00e0, orticoltura di prossimit\u00e0. Affidata in concessione [&hellip;]<\/p>\n","protected":false},"author":1,"featured_media":0,"comment_status":"closed","ping_status":"open","sticky":false,"template":"","format":"standard","meta":{"ngg_post_thumbnail":0},"categories":[1,41],"tags":[],"_links":{"self":[{"href":"http:\/\/www.spaziotorino.it\/scatto\/index.php?rest_route=\/wp\/v2\/posts\/45745"}],"collection":[{"href":"http:\/\/www.spaziotorino.it\/scatto\/index.php?rest_route=\/wp\/v2\/posts"}],"about":[{"href":"http:\/\/www.spaziotorino.it\/scatto\/index.php?rest_route=\/wp\/v2\/types\/post"}],"author":[{"embeddable":true,"href":"http:\/\/www.spaziotorino.it\/scatto\/index.php?rest_route=\/wp\/v2\/users\/1"}],"replies":[{"embeddable":true,"href":"http:\/\/www.spaziotorino.it\/scatto\/index.php?rest_route=%2Fwp%2Fv2%2Fcomments&post=45745"}],"version-history":[{"count":1,"href":"http:\/\/www.spaziotorino.it\/scatto\/index.php?rest_route=\/wp\/v2\/posts\/45745\/revisions"}],"predecessor-version":[{"id":45766,"href":"http:\/\/www.spaziotorino.it\/scatto\/index.php?rest_route=\/wp\/v2\/posts\/45745\/revisions\/45766"}],"wp:attachment":[{"href":"http:\/\/www.spaziotorino.it\/scatto\/index.php?rest_route=%2Fwp%2Fv2%2Fmedia&parent=45745"}],"wp:term":[{"taxonomy":"category","embeddable":true,"href":"http:\/\/www.spaziotorino.it\/scatto\/index.php?rest_route=%2Fwp%2Fv2%2Fcategories&post=45745"},{"taxonomy":"post_tag","embeddable":true,"href":"http:\/\/www.spaziotorino.it\/scatto\/index.php?rest_route=%2Fwp%2Fv2%2Ftags&post=45745"}],"curies":[{"name":"wp","href":"https:\/\/api.w.org\/{rel}","templated":true}]}}