{"id":45783,"date":"2023-05-31T14:07:10","date_gmt":"2023-05-31T13:07:10","guid":{"rendered":"http:\/\/www.spaziotorino.it\/scatto\/?p=45783"},"modified":"2023-05-31T14:07:10","modified_gmt":"2023-05-31T13:07:10","slug":"il-sigillo-civico-alla-memoria-del-generale-cravarezza","status":"publish","type":"post","link":"http:\/\/www.spaziotorino.it\/scatto\/?p=45783","title":{"rendered":"Il sigillo civico alla memoria del generale Cravarezza"},"content":{"rendered":"<p><a class=\"ngg-fancybox\" title=\"Il sigillo civico alla memoria del generale Cravarezza\" href=\"http:\/\/www.spaziotorino.it\/scatto\/wp-content\/gallery\/2023_05_31_cravarezza\/PLA_8501.jpg\" rel=\"lightbox[set_1956]\"><br \/>\n<img decoding=\"async\" loading=\"lazy\" class=\"ngg-singlepic\" title=\"Il sigillo civico alla memoria del generale Cravarezza\" src=\"http:\/\/www.spaziotorino.it\/scatto\/wp-content\/gallery\/2023_05_31_cravarezza\/PLA_8501.jpg\" alt=\"\" width=\"540\" height=\"360\"\/><\/a><\/p>\n<!-- index.php -->\n<div\n\tclass=\"ngg-galleryoverview ngg-ajax-pagination-none\"\n\tid=\"ngg-gallery-9fbdd7fd56210a8a324304cdfbc67391-1\">\n\n    \t\t<!-- Thumbnails -->\n\t\t\t\t<div id=\"ngg-image-0\" class=\"ngg-gallery-thumbnail-box\" >\n\t\t\t\t        <div class=\"ngg-gallery-thumbnail\">\n            <a href=\"http:\/\/www.spaziotorino.it\/scatto\/wp-content\/gallery\/2023_05_31_cravarezza\/PLA_8395.jpg\"\n               title=\"L&#039;Inno Nazionale apre la cerimonia\"\n               data-src=\"http:\/\/www.spaziotorino.it\/scatto\/wp-content\/gallery\/2023_05_31_cravarezza\/PLA_8395.jpg\"\n               data-thumbnail=\"http:\/\/www.spaziotorino.it\/scatto\/wp-content\/gallery\/2023_05_31_cravarezza\/thumbs\/thumbs_PLA_8395.jpg\"\n               data-image-id=\"29395\"\n               data-title=\"L&#039;Inno Nazionale apre la cerimonia\"\n               data-description=\"L&#039;Inno Nazionale apre la cerimonia\"\n               data-image-slug=\"pla_8395\"\n               class=\"ngg-fancybox\" rel=\"9fbdd7fd56210a8a324304cdfbc67391\">\n                <img\n                    title=\"L&#039;Inno Nazionale apre la cerimonia\"\n                    alt=\"L&#039;Inno Nazionale apre la cerimonia\"\n                    src=\"http:\/\/www.spaziotorino.it\/scatto\/wp-content\/gallery\/2023_05_31_cravarezza\/cache\/PLA_8395.jpg-nggid0529395-ngg0dyn-60x60x100-00f0w010c011r110f110r010t010.jpg\"\n                    width=\"60\"\n                    height=\"60\"\n                    style=\"max-width:100%;\"\n                \/>\n            <\/a>\n        <\/div>\n\t\t\t\t\t\t\t<\/div> \n\t\t\t\n        \n\t\t\t\t<div id=\"ngg-image-1\" class=\"ngg-gallery-thumbnail-box\" >\n\t\t\t\t        <div class=\"ngg-gallery-thumbnail\">\n            <a href=\"http:\/\/www.spaziotorino.it\/scatto\/wp-content\/gallery\/2023_05_31_cravarezza\/PLA_8405.jpg\"\n               title=\"L&#039;Inno Nazionale apre la cerimonia\"\n               data-src=\"http:\/\/www.spaziotorino.it\/scatto\/wp-content\/gallery\/2023_05_31_cravarezza\/PLA_8405.jpg\"\n               data-thumbnail=\"http:\/\/www.spaziotorino.it\/scatto\/wp-content\/gallery\/2023_05_31_cravarezza\/thumbs\/thumbs_PLA_8405.jpg\"\n               data-image-id=\"29396\"\n               data-title=\"L&#039;Inno Nazionale apre la cerimonia\"\n               data-description=\"L&#039;Inno Nazionale apre la cerimonia\"\n               data-image-slug=\"pla_8405-1\"\n               class=\"ngg-fancybox\" rel=\"9fbdd7fd56210a8a324304cdfbc67391\">\n                <img\n                    title=\"L&#039;Inno Nazionale apre la cerimonia\"\n                    alt=\"L&#039;Inno Nazionale apre la cerimonia\"\n                    src=\"http:\/\/www.spaziotorino.it\/scatto\/wp-content\/gallery\/2023_05_31_cravarezza\/cache\/PLA_8405.jpg-nggid0529396-ngg0dyn-60x60x100-00f0w010c011r110f110r010t010.jpg\"\n                    width=\"60\"\n                    height=\"60\"\n                    style=\"max-width:100%;\"\n                \/>\n            <\/a>\n        <\/div>\n\t\t\t\t\t\t\t<\/div> \n\t\t\t\n        \n\t\t\t\t<div id=\"ngg-image-2\" class=\"ngg-gallery-thumbnail-box\" >\n\t\t\t\t        <div class=\"ngg-gallery-thumbnail\">\n            <a href=\"http:\/\/www.spaziotorino.it\/scatto\/wp-content\/gallery\/2023_05_31_cravarezza\/PLA_8425.jpg\"\n               title=\"Maria Grazia Grippo, Presidente del Consiglio Comunale\"\n               data-src=\"http:\/\/www.spaziotorino.it\/scatto\/wp-content\/gallery\/2023_05_31_cravarezza\/PLA_8425.jpg\"\n               data-thumbnail=\"http:\/\/www.spaziotorino.it\/scatto\/wp-content\/gallery\/2023_05_31_cravarezza\/thumbs\/thumbs_PLA_8425.jpg\"\n               data-image-id=\"29394\"\n               data-title=\"Maria Grazia Grippo, Presidente del Consiglio Comunale\"\n               data-description=\"Maria Grazia Grippo, Presidente del Consiglio Comunale\"\n               data-image-slug=\"pla_8425-1\"\n               class=\"ngg-fancybox\" rel=\"9fbdd7fd56210a8a324304cdfbc67391\">\n                <img\n                    title=\"Maria Grazia Grippo, Presidente del Consiglio Comunale\"\n                    alt=\"Maria Grazia Grippo, Presidente del Consiglio Comunale\"\n                    src=\"http:\/\/www.spaziotorino.it\/scatto\/wp-content\/gallery\/2023_05_31_cravarezza\/cache\/PLA_8425.jpg-nggid0529394-ngg0dyn-60x60x100-00f0w010c011r110f110r010t010.jpg\"\n                    width=\"60\"\n                    height=\"60\"\n                    style=\"max-width:100%;\"\n                \/>\n            <\/a>\n        <\/div>\n\t\t\t\t\t\t\t<\/div> \n\t\t\t\n        \n\t\t\t\t<div id=\"ngg-image-3\" class=\"ngg-gallery-thumbnail-box\" >\n\t\t\t\t        <div class=\"ngg-gallery-thumbnail\">\n            <a href=\"http:\/\/www.spaziotorino.it\/scatto\/wp-content\/gallery\/2023_05_31_cravarezza\/PLA_8410.jpg\"\n               title=\"Un momento della cerimonia in Sala Rossa\"\n               data-src=\"http:\/\/www.spaziotorino.it\/scatto\/wp-content\/gallery\/2023_05_31_cravarezza\/PLA_8410.jpg\"\n               data-thumbnail=\"http:\/\/www.spaziotorino.it\/scatto\/wp-content\/gallery\/2023_05_31_cravarezza\/thumbs\/thumbs_PLA_8410.jpg\"\n               data-image-id=\"29397\"\n               data-title=\"Un momento della cerimonia in Sala Rossa\"\n               data-description=\"Un momento della cerimonia in Sala Rossa\"\n               data-image-slug=\"pla_8410-1\"\n               class=\"ngg-fancybox\" rel=\"9fbdd7fd56210a8a324304cdfbc67391\">\n                <img\n                    title=\"Un momento della cerimonia in Sala Rossa\"\n                    alt=\"Un momento della cerimonia in Sala Rossa\"\n                    src=\"http:\/\/www.spaziotorino.it\/scatto\/wp-content\/gallery\/2023_05_31_cravarezza\/cache\/PLA_8410.jpg-nggid0529397-ngg0dyn-60x60x100-00f0w010c011r110f110r010t010.jpg\"\n                    width=\"60\"\n                    height=\"60\"\n                    style=\"max-width:100%;\"\n                \/>\n            <\/a>\n        <\/div>\n\t\t\t\t\t\t\t<\/div> \n\t\t\t\n        \n\t\t\t\t<div id=\"ngg-image-4\" class=\"ngg-gallery-thumbnail-box\" >\n\t\t\t\t        <div class=\"ngg-gallery-thumbnail\">\n            <a href=\"http:\/\/www.spaziotorino.it\/scatto\/wp-content\/gallery\/2023_05_31_cravarezza\/PLA_8442.jpg\"\n               title=\"L&#039;intervento di Nino Boeti, Presidente provinciale ANPI\"\n               data-src=\"http:\/\/www.spaziotorino.it\/scatto\/wp-content\/gallery\/2023_05_31_cravarezza\/PLA_8442.jpg\"\n               data-thumbnail=\"http:\/\/www.spaziotorino.it\/scatto\/wp-content\/gallery\/2023_05_31_cravarezza\/thumbs\/thumbs_PLA_8442.jpg\"\n               data-image-id=\"29398\"\n               data-title=\"L&#039;intervento di Nino Boeti, Presidente provinciale ANPI\"\n               data-description=\"L&#039;intervento di Nino Boeti, Presidente provinciale ANPI\"\n               data-image-slug=\"pla_8442-1\"\n               class=\"ngg-fancybox\" rel=\"9fbdd7fd56210a8a324304cdfbc67391\">\n                <img\n                    title=\"L&#039;intervento di Nino Boeti, Presidente provinciale ANPI\"\n                    alt=\"L&#039;intervento di Nino Boeti, Presidente provinciale ANPI\"\n                    src=\"http:\/\/www.spaziotorino.it\/scatto\/wp-content\/gallery\/2023_05_31_cravarezza\/cache\/PLA_8442.jpg-nggid0529398-ngg0dyn-60x60x100-00f0w010c011r110f110r010t010.jpg\"\n                    width=\"60\"\n                    height=\"60\"\n                    style=\"max-width:100%;\"\n                \/>\n            <\/a>\n        <\/div>\n\t\t\t\t\t\t\t<\/div> \n\t\t\t\n        \n\t\t\t\t<div id=\"ngg-image-5\" class=\"ngg-gallery-thumbnail-box\" >\n\t\t\t\t        <div class=\"ngg-gallery-thumbnail\">\n            <a href=\"http:\/\/www.spaziotorino.it\/scatto\/wp-content\/gallery\/2023_05_31_cravarezza\/PLA_8458.jpg\"\n               title=\"Il sigillo civico alla memoria del generale Cravarezza\"\n               data-src=\"http:\/\/www.spaziotorino.it\/scatto\/wp-content\/gallery\/2023_05_31_cravarezza\/PLA_8458.jpg\"\n               data-thumbnail=\"http:\/\/www.spaziotorino.it\/scatto\/wp-content\/gallery\/2023_05_31_cravarezza\/thumbs\/thumbs_PLA_8458.jpg\"\n               data-image-id=\"29399\"\n               data-title=\"Il sigillo civico alla memoria del generale Cravarezza\"\n               data-description=\"Il sigillo civico alla memoria del generale Cravarezza\"\n               data-image-slug=\"pla_8458\"\n               class=\"ngg-fancybox\" rel=\"9fbdd7fd56210a8a324304cdfbc67391\">\n                <img\n                    title=\"Il sigillo civico alla memoria del generale Cravarezza\"\n                    alt=\"Il sigillo civico alla memoria del generale Cravarezza\"\n                    src=\"http:\/\/www.spaziotorino.it\/scatto\/wp-content\/gallery\/2023_05_31_cravarezza\/cache\/PLA_8458.jpg-nggid0529399-ngg0dyn-60x60x100-00f0w010c011r110f110r010t010.jpg\"\n                    width=\"60\"\n                    height=\"60\"\n                    style=\"max-width:100%;\"\n                \/>\n            <\/a>\n        <\/div>\n\t\t\t\t\t\t\t<\/div> \n\t\t\t\n        \n\t\t\t\t<div id=\"ngg-image-6\" class=\"ngg-gallery-thumbnail-box\" >\n\t\t\t\t        <div class=\"ngg-gallery-thumbnail\">\n            <a href=\"http:\/\/www.spaziotorino.it\/scatto\/wp-content\/gallery\/2023_05_31_cravarezza\/PLA_8481.jpg\"\n               title=\"Il sigillo civico alla memoria del generale Cravarezza\"\n               data-src=\"http:\/\/www.spaziotorino.it\/scatto\/wp-content\/gallery\/2023_05_31_cravarezza\/PLA_8481.jpg\"\n               data-thumbnail=\"http:\/\/www.spaziotorino.it\/scatto\/wp-content\/gallery\/2023_05_31_cravarezza\/thumbs\/thumbs_PLA_8481.jpg\"\n               data-image-id=\"29400\"\n               data-title=\"Il sigillo civico alla memoria del generale Cravarezza\"\n               data-description=\"Il sigillo civico alla memoria del generale Cravarezza\"\n               data-image-slug=\"pla_8481\"\n               class=\"ngg-fancybox\" rel=\"9fbdd7fd56210a8a324304cdfbc67391\">\n                <img\n                    title=\"Il sigillo civico alla memoria del generale Cravarezza\"\n                    alt=\"Il sigillo civico alla memoria del generale Cravarezza\"\n                    src=\"http:\/\/www.spaziotorino.it\/scatto\/wp-content\/gallery\/2023_05_31_cravarezza\/cache\/PLA_8481.jpg-nggid0529400-ngg0dyn-60x60x100-00f0w010c011r110f110r010t010.jpg\"\n                    width=\"60\"\n                    height=\"60\"\n                    style=\"max-width:100%;\"\n                \/>\n            <\/a>\n        <\/div>\n\t\t\t\t\t\t\t<\/div> \n\t\t\t\n        \n\t\t\t\t<div id=\"ngg-image-7\" class=\"ngg-gallery-thumbnail-box\" >\n\t\t\t\t        <div class=\"ngg-gallery-thumbnail\">\n            <a href=\"http:\/\/www.spaziotorino.it\/scatto\/wp-content\/gallery\/2023_05_31_cravarezza\/PLA_8490.jpg\"\n               title=\"L&#039;intervento del Sindaco Lo Russo\"\n               data-src=\"http:\/\/www.spaziotorino.it\/scatto\/wp-content\/gallery\/2023_05_31_cravarezza\/PLA_8490.jpg\"\n               data-thumbnail=\"http:\/\/www.spaziotorino.it\/scatto\/wp-content\/gallery\/2023_05_31_cravarezza\/thumbs\/thumbs_PLA_8490.jpg\"\n               data-image-id=\"29401\"\n               data-title=\"L&#039;intervento del Sindaco Lo Russo\"\n               data-description=\"L&#039;intervento del Sindaco Lo Russo\"\n               data-image-slug=\"pla_8490-1\"\n               class=\"ngg-fancybox\" rel=\"9fbdd7fd56210a8a324304cdfbc67391\">\n                <img\n                    title=\"L&#039;intervento del Sindaco Lo Russo\"\n                    alt=\"L&#039;intervento del Sindaco Lo Russo\"\n                    src=\"http:\/\/www.spaziotorino.it\/scatto\/wp-content\/gallery\/2023_05_31_cravarezza\/cache\/PLA_8490.jpg-nggid0529401-ngg0dyn-60x60x100-00f0w010c011r110f110r010t010.jpg\"\n                    width=\"60\"\n                    height=\"60\"\n                    style=\"max-width:100%;\"\n                \/>\n            <\/a>\n        <\/div>\n\t\t\t\t\t\t\t<\/div> \n\t\t\t\n        \n\t\t\t\t<div id=\"ngg-image-8\" class=\"ngg-gallery-thumbnail-box\" >\n\t\t\t\t        <div class=\"ngg-gallery-thumbnail\">\n            <a href=\"http:\/\/www.spaziotorino.it\/scatto\/wp-content\/gallery\/2023_05_31_cravarezza\/PLA_8492.jpg\"\n               title=\"Il sigillo civico alla memoria del generale Cravarezza\"\n               data-src=\"http:\/\/www.spaziotorino.it\/scatto\/wp-content\/gallery\/2023_05_31_cravarezza\/PLA_8492.jpg\"\n               data-thumbnail=\"http:\/\/www.spaziotorino.it\/scatto\/wp-content\/gallery\/2023_05_31_cravarezza\/thumbs\/thumbs_PLA_8492.jpg\"\n               data-image-id=\"29402\"\n               data-title=\"Il sigillo civico alla memoria del generale Cravarezza\"\n               data-description=\"Il sigillo civico alla memoria del generale Cravarezza\"\n               data-image-slug=\"pla_8492\"\n               class=\"ngg-fancybox\" rel=\"9fbdd7fd56210a8a324304cdfbc67391\">\n                <img\n                    title=\"Il sigillo civico alla memoria del generale Cravarezza\"\n                    alt=\"Il sigillo civico alla memoria del generale Cravarezza\"\n                    src=\"http:\/\/www.spaziotorino.it\/scatto\/wp-content\/gallery\/2023_05_31_cravarezza\/cache\/PLA_8492.jpg-nggid0529402-ngg0dyn-60x60x100-00f0w010c011r110f110r010t010.jpg\"\n                    width=\"60\"\n                    height=\"60\"\n                    style=\"max-width:100%;\"\n                \/>\n            <\/a>\n        <\/div>\n\t\t\t\t\t\t\t<\/div> \n\t\t\t\n        \n\t\t\t\t<div id=\"ngg-image-9\" class=\"ngg-gallery-thumbnail-box\" >\n\t\t\t\t        <div class=\"ngg-gallery-thumbnail\">\n            <a href=\"http:\/\/www.spaziotorino.it\/scatto\/wp-content\/gallery\/2023_05_31_cravarezza\/PLA_8355.jpg\"\n               title=\"Il sigillo civico alla memoria del generale Cravarezza\"\n               data-src=\"http:\/\/www.spaziotorino.it\/scatto\/wp-content\/gallery\/2023_05_31_cravarezza\/PLA_8355.jpg\"\n               data-thumbnail=\"http:\/\/www.spaziotorino.it\/scatto\/wp-content\/gallery\/2023_05_31_cravarezza\/thumbs\/thumbs_PLA_8355.jpg\"\n               data-image-id=\"29392\"\n               data-title=\"Il sigillo civico alla memoria del generale Cravarezza\"\n               data-description=\"Il sigillo civico alla memoria del generale Cravarezza\"\n               data-image-slug=\"pla_8355\"\n               class=\"ngg-fancybox\" rel=\"9fbdd7fd56210a8a324304cdfbc67391\">\n                <img\n                    title=\"Il sigillo civico alla memoria del generale Cravarezza\"\n                    alt=\"Il sigillo civico alla memoria del generale Cravarezza\"\n                    src=\"http:\/\/www.spaziotorino.it\/scatto\/wp-content\/gallery\/2023_05_31_cravarezza\/cache\/PLA_8355.jpg-nggid0529392-ngg0dyn-60x60x100-00f0w010c011r110f110r010t010.jpg\"\n                    width=\"60\"\n                    height=\"60\"\n                    style=\"max-width:100%;\"\n                \/>\n            <\/a>\n        <\/div>\n\t\t\t\t\t\t\t<\/div> \n\t\t\t\n        \n\t\t\t\t<div id=\"ngg-image-10\" class=\"ngg-gallery-thumbnail-box\" >\n\t\t\t\t        <div class=\"ngg-gallery-thumbnail\">\n            <a href=\"http:\/\/www.spaziotorino.it\/scatto\/wp-content\/gallery\/2023_05_31_cravarezza\/PLA_8546.jpg\"\n               title=\"Tomaso Cravarezza\"\n               data-src=\"http:\/\/www.spaziotorino.it\/scatto\/wp-content\/gallery\/2023_05_31_cravarezza\/PLA_8546.jpg\"\n               data-thumbnail=\"http:\/\/www.spaziotorino.it\/scatto\/wp-content\/gallery\/2023_05_31_cravarezza\/thumbs\/thumbs_PLA_8546.jpg\"\n               data-image-id=\"29404\"\n               data-title=\"Tomaso Cravarezza\"\n               data-description=\"Tomaso Cravarezza\"\n               data-image-slug=\"pla_8546\"\n               class=\"ngg-fancybox\" rel=\"9fbdd7fd56210a8a324304cdfbc67391\">\n                <img\n                    title=\"Tomaso Cravarezza\"\n                    alt=\"Tomaso Cravarezza\"\n                    src=\"http:\/\/www.spaziotorino.it\/scatto\/wp-content\/gallery\/2023_05_31_cravarezza\/cache\/PLA_8546.jpg-nggid0529404-ngg0dyn-60x60x100-00f0w010c011r110f110r010t010.jpg\"\n                    width=\"60\"\n                    height=\"60\"\n                    style=\"max-width:100%;\"\n                \/>\n            <\/a>\n        <\/div>\n\t\t\t\t\t\t\t<\/div> \n\t\t\t\n        \n\t\t\t\t<div id=\"ngg-image-11\" class=\"ngg-gallery-thumbnail-box\" >\n\t\t\t\t        <div class=\"ngg-gallery-thumbnail\">\n            <a href=\"http:\/\/www.spaziotorino.it\/scatto\/wp-content\/gallery\/2023_05_31_cravarezza\/PLA_8532.jpg\"\n               title=\"Tomaso Cravarezza e la signora Dome con il Sigillo Civico\"\n               data-src=\"http:\/\/www.spaziotorino.it\/scatto\/wp-content\/gallery\/2023_05_31_cravarezza\/PLA_8532.jpg\"\n               data-thumbnail=\"http:\/\/www.spaziotorino.it\/scatto\/wp-content\/gallery\/2023_05_31_cravarezza\/thumbs\/thumbs_PLA_8532.jpg\"\n               data-image-id=\"29405\"\n               data-title=\"Tomaso Cravarezza e la signora Dome con il Sigillo Civico\"\n               data-description=\"Tomaso Cravarezza e la signora Dome con il Sigillo Civico\"\n               data-image-slug=\"pla_8532\"\n               class=\"ngg-fancybox\" rel=\"9fbdd7fd56210a8a324304cdfbc67391\">\n                <img\n                    title=\"Tomaso Cravarezza e la signora Dome con il Sigillo Civico\"\n                    alt=\"Tomaso Cravarezza e la signora Dome con il Sigillo Civico\"\n                    src=\"http:\/\/www.spaziotorino.it\/scatto\/wp-content\/gallery\/2023_05_31_cravarezza\/cache\/PLA_8532.jpg-nggid0529405-ngg0dyn-60x60x100-00f0w010c011r110f110r010t010.jpg\"\n                    width=\"60\"\n                    height=\"60\"\n                    style=\"max-width:100%;\"\n                \/>\n            <\/a>\n        <\/div>\n\t\t\t\t\t\t\t<\/div> \n\t\t\t\n        \n\t\t\t\t<div id=\"ngg-image-12\" class=\"ngg-gallery-thumbnail-box\" >\n\t\t\t\t        <div class=\"ngg-gallery-thumbnail\">\n            <a href=\"http:\/\/www.spaziotorino.it\/scatto\/wp-content\/gallery\/2023_05_31_cravarezza\/PLA_8554.jpg\"\n               title=\"Il sigillo civico alla memoria del generale Cravarezza\"\n               data-src=\"http:\/\/www.spaziotorino.it\/scatto\/wp-content\/gallery\/2023_05_31_cravarezza\/PLA_8554.jpg\"\n               data-thumbnail=\"http:\/\/www.spaziotorino.it\/scatto\/wp-content\/gallery\/2023_05_31_cravarezza\/thumbs\/thumbs_PLA_8554.jpg\"\n               data-image-id=\"29406\"\n               data-title=\"Il sigillo civico alla memoria del generale Cravarezza\"\n               data-description=\"Il sigillo civico alla memoria del generale Cravarezza\"\n               data-image-slug=\"pla_8554\"\n               class=\"ngg-fancybox\" rel=\"9fbdd7fd56210a8a324304cdfbc67391\">\n                <img\n                    title=\"Il sigillo civico alla memoria del generale Cravarezza\"\n                    alt=\"Il sigillo civico alla memoria del generale Cravarezza\"\n                    src=\"http:\/\/www.spaziotorino.it\/scatto\/wp-content\/gallery\/2023_05_31_cravarezza\/cache\/PLA_8554.jpg-nggid0529406-ngg0dyn-60x60x100-00f0w010c011r110f110r010t010.jpg\"\n                    width=\"60\"\n                    height=\"60\"\n                    style=\"max-width:100%;\"\n                \/>\n            <\/a>\n        <\/div>\n\t\t\t\t\t\t\t<\/div> \n\t\t\t\n        \n\t\t\n\t\t<!-- Pagination -->\n\t<div class='ngg-clear'><\/div>\t<\/div>\n\n<p>Consegnato, questa mattina, con una cerimonia a Palazzo Civico, il Sigillo Civico per Franco Cravarezza.<br \/>\nA ritirare il massimo riconoscimento che la Citt\u00e0 conferisce ai cittadini per il contributo che hanno saputo fornire in diversi campi della vita della citt\u00e0, il figlio Tomaso.<br \/>\nIl Generale di Corpo d\u2019Armata, infatti, mor\u00ec lo scorso mese di novembre, quattro mesi dopo la decisione del Consiglio Comunale di concedere l\u2019onorificenza.<br \/>\nIn apertura di cerimonia, la presidente della Sala Rossa, Maria Grazia Grippo, ha sottolineato come un giorno che avrebbe dovuto rappresentare un momento di festa e di restituzione da parte della Citt\u00e0 verso Franco Cravarezza, si sia trasformato in un omaggio alla memoria.<br \/>\n\u201cC\u2019\u00e8 da un lato l\u2019orgoglio sincero che riempie il cuore, dall\u2019altro una malinconia profonda che il cuore lo appesantisce\u201d, ha affermato, ricordando l\u2019infaticabile generale nel mettersi al servizio della comunit\u00e0, prima con la carriera militare negli alpini, poi con una missione culturale e civica alla guida del museo \u201cPietro Micca\u201d.<br \/>\nHa sottolineato come il generale Cravarezza sapesse intraprendere gesta grandi con lo stesso stile impeccabile con il quale praticava i piccoli gesti, coniugando la storia con la S maiuscola con il quotidiano, lo stesso senso del dovere, la stessa affabilit\u00e0, il sorriso, la dedizione che riservava ai giorni memorabili come ai quelli trascurabili.<br \/>\nCon questo spirito, ha evidenziato Grippo, dopo la carriera militare, assunse la guida del Museo continuando a promuovere la conoscenza della storia e delle tradizioni del mondo militare, un museo che considerava patrimonio straordinario di idealit\u00e0 e di identit\u00e0, utile a formare l\u2019idea di sentirsi parte di una collettivit\u00e0.<br \/>\nIl presidente dell\u2019Anpi, Nino Boeti, ha ripercorso alcuni momenti della vita professionale del generale Cravarezza, definendolo un uomo straordinario che ha servito con dignit\u00e0 ed onore il nostro Paese e la nostra Citt\u00e0. Ne ha sottolineato in particolare le qualit\u00e0 umane con le quali si rapportava con i suoi soldati che considerava parte della sua famiglia.<\/p>\n<p>E\u2019 stato un Sigillo civico conferito all\u2019unanimit\u00e0 di tutte le forze politiche, ha evidenziato il sindaco Stefano Lo Russo. Cravarezza \u00e8 stato capace di trasmettere, con la sua essenza e con la sua persona, i suoi valori, la sua dimensione umana, il suo rigore, la sua attenzione alla nostra citt\u00e0. \u201cA noi, ha concluso, compete far s\u00ec che tutto quello in cui lui ha creduto e messo a disposizione dell\u2019intera citt\u00e0 non venga disperso\u201d.<br \/>\nDopo la consegna del Sigillo civico e la firma sul Libro d\u2019Onore, Tomaso Cravarezza, figlio del generale, ringraziando la Citt\u00e0 per il riconoscimento, ha evidenziato come suo padre si sarebbe sentito in imbarazzo in questa cerimonia, non avendo mai agito per accrescimento del prestigio personale anteponendo sempre i valori cristiani ed etici, con l\u2019animo del buon padre di famiglia, di dedizione al lavoro, alle istituzioni, all\u2019approfondimento e alla divulgazione della cultura, soprattutto nei confronti dei giovani.<\/p>\n","protected":false},"excerpt":{"rendered":"<p>Consegnato, questa mattina, con una cerimonia a Palazzo Civico, il Sigillo Civico per Franco Cravarezza. A ritirare il massimo riconoscimento che la Citt\u00e0 conferisce ai cittadini per il contributo che hanno saputo fornire in diversi campi della vita della citt\u00e0, il figlio Tomaso. Il Generale di Corpo d\u2019Armata, infatti, mor\u00ec lo scorso mese di novembre, [&hellip;]<\/p>\n","protected":false},"author":1,"featured_media":0,"comment_status":"closed","ping_status":"open","sticky":false,"template":"","format":"standard","meta":{"ngg_post_thumbnail":0},"categories":[1,895],"tags":[],"_links":{"self":[{"href":"http:\/\/www.spaziotorino.it\/scatto\/index.php?rest_route=\/wp\/v2\/posts\/45783"}],"collection":[{"href":"http:\/\/www.spaziotorino.it\/scatto\/index.php?rest_route=\/wp\/v2\/posts"}],"about":[{"href":"http:\/\/www.spaziotorino.it\/scatto\/index.php?rest_route=\/wp\/v2\/types\/post"}],"author":[{"embeddable":true,"href":"http:\/\/www.spaziotorino.it\/scatto\/index.php?rest_route=\/wp\/v2\/users\/1"}],"replies":[{"embeddable":true,"href":"http:\/\/www.spaziotorino.it\/scatto\/index.php?rest_route=%2Fwp%2Fv2%2Fcomments&post=45783"}],"version-history":[{"count":1,"href":"http:\/\/www.spaziotorino.it\/scatto\/index.php?rest_route=\/wp\/v2\/posts\/45783\/revisions"}],"predecessor-version":[{"id":45785,"href":"http:\/\/www.spaziotorino.it\/scatto\/index.php?rest_route=\/wp\/v2\/posts\/45783\/revisions\/45785"}],"wp:attachment":[{"href":"http:\/\/www.spaziotorino.it\/scatto\/index.php?rest_route=%2Fwp%2Fv2%2Fmedia&parent=45783"}],"wp:term":[{"taxonomy":"category","embeddable":true,"href":"http:\/\/www.spaziotorino.it\/scatto\/index.php?rest_route=%2Fwp%2Fv2%2Fcategories&post=45783"},{"taxonomy":"post_tag","embeddable":true,"href":"http:\/\/www.spaziotorino.it\/scatto\/index.php?rest_route=%2Fwp%2Fv2%2Ftags&post=45783"}],"curies":[{"name":"wp","href":"https:\/\/api.w.org\/{rel}","templated":true}]}}