{"id":45907,"date":"2023-06-07T15:13:44","date_gmt":"2023-06-07T14:13:44","guid":{"rendered":"http:\/\/www.spaziotorino.it\/scatto\/?p=45907"},"modified":"2023-06-07T15:13:44","modified_gmt":"2023-06-07T14:13:44","slug":"todays-dal-25-al-27-agosto-la-musica-torna-protagonista-a-torino","status":"publish","type":"post","link":"http:\/\/www.spaziotorino.it\/scatto\/?p=45907","title":{"rendered":"TOdays: dal 25 al 27 agosto la musica torna protagonista a Torino"},"content":{"rendered":"<p><a class=\"ngg-fancybox\" title=\"TOdays: dal 25 al 27 agosto la musica torna protagonista a Torino\" href=\"http:\/\/www.spaziotorino.it\/scatto\/wp-content\/gallery\/2023_06_06_todays\/PLA_9964.jpg\" rel=\"lightbox[set_1961]\"><br \/>\n<img decoding=\"async\" loading=\"lazy\" class=\"ngg-singlepic\" title=\"TOdays: dal 25 al 27 agosto la musica torna protagonista a Torino\" src=\"http:\/\/www.spaziotorino.it\/scatto\/wp-content\/gallery\/2023_06_06_todays\/PLA_9964.jpg\" alt=\"\" width=\"540\" height=\"360\"\/><\/a><\/p>\n<!-- index.php -->\n<div\n\tclass=\"ngg-galleryoverview ngg-ajax-pagination-none\"\n\tid=\"ngg-gallery-2ed0b60d94d5950965e3dcfe30fe060e-1\">\n\n    \t\t<!-- Thumbnails -->\n\t\t\t\t<div id=\"ngg-image-0\" class=\"ngg-gallery-thumbnail-box\" >\n\t\t\t\t        <div class=\"ngg-gallery-thumbnail\">\n            <a href=\"http:\/\/www.spaziotorino.it\/scatto\/wp-content\/gallery\/2023_06_06_todays\/PLA_9995.jpg\"\n               title=\"Gianluca Gozzi, Rosanna Purchia e Alessandro Isaia\"\n               data-src=\"http:\/\/www.spaziotorino.it\/scatto\/wp-content\/gallery\/2023_06_06_todays\/PLA_9995.jpg\"\n               data-thumbnail=\"http:\/\/www.spaziotorino.it\/scatto\/wp-content\/gallery\/2023_06_06_todays\/thumbs\/thumbs_PLA_9995.jpg\"\n               data-image-id=\"29507\"\n               data-title=\"Gianluca Gozzi, Rosanna Purchia e Alessandro Isaia\"\n               data-description=\"Gianluca Gozzi, Rosanna Purchia e Alessandro Isaia\"\n               data-image-slug=\"pla_9995\"\n               class=\"ngg-fancybox\" rel=\"2ed0b60d94d5950965e3dcfe30fe060e\">\n                <img\n                    title=\"Gianluca Gozzi, Rosanna Purchia e Alessandro Isaia\"\n                    alt=\"Gianluca Gozzi, Rosanna Purchia e Alessandro Isaia\"\n                    src=\"http:\/\/www.spaziotorino.it\/scatto\/wp-content\/gallery\/2023_06_06_todays\/cache\/PLA_9995.jpg-nggid0529507-ngg0dyn-60x60x100-00f0w010c011r110f110r010t010.jpg\"\n                    width=\"60\"\n                    height=\"60\"\n                    style=\"max-width:100%;\"\n                \/>\n            <\/a>\n        <\/div>\n\t\t\t\t\t\t\t<\/div> \n\t\t\t\n        \n\t\t\t\t<div id=\"ngg-image-1\" class=\"ngg-gallery-thumbnail-box\" >\n\t\t\t\t        <div class=\"ngg-gallery-thumbnail\">\n            <a href=\"http:\/\/www.spaziotorino.it\/scatto\/wp-content\/gallery\/2023_06_06_todays\/PLA_9985.jpg\"\n               title=\"Conferenza di stampa di TOdays festival\"\n               data-src=\"http:\/\/www.spaziotorino.it\/scatto\/wp-content\/gallery\/2023_06_06_todays\/PLA_9985.jpg\"\n               data-thumbnail=\"http:\/\/www.spaziotorino.it\/scatto\/wp-content\/gallery\/2023_06_06_todays\/thumbs\/thumbs_PLA_9985.jpg\"\n               data-image-id=\"29505\"\n               data-title=\"Conferenza di stampa di TOdays festival\"\n               data-description=\"Conferenza di stampa di TOdays festival\"\n               data-image-slug=\"pla_9985\"\n               class=\"ngg-fancybox\" rel=\"2ed0b60d94d5950965e3dcfe30fe060e\">\n                <img\n                    title=\"Conferenza di stampa di TOdays festival\"\n                    alt=\"Conferenza di stampa di TOdays festival\"\n                    src=\"http:\/\/www.spaziotorino.it\/scatto\/wp-content\/gallery\/2023_06_06_todays\/cache\/PLA_9985.jpg-nggid0529505-ngg0dyn-60x60x100-00f0w010c011r110f110r010t010.jpg\"\n                    width=\"60\"\n                    height=\"60\"\n                    style=\"max-width:100%;\"\n                \/>\n            <\/a>\n        <\/div>\n\t\t\t\t\t\t\t<\/div> \n\t\t\t\n        \n\t\t\t\t<div id=\"ngg-image-2\" class=\"ngg-gallery-thumbnail-box\" >\n\t\t\t\t        <div class=\"ngg-gallery-thumbnail\">\n            <a href=\"http:\/\/www.spaziotorino.it\/scatto\/wp-content\/gallery\/2023_06_06_todays\/PLA_0017.jpg\"\n               title=\"Gianluca Gozzi - Direttore Artistico  TOdays festival\"\n               data-src=\"http:\/\/www.spaziotorino.it\/scatto\/wp-content\/gallery\/2023_06_06_todays\/PLA_0017.jpg\"\n               data-thumbnail=\"http:\/\/www.spaziotorino.it\/scatto\/wp-content\/gallery\/2023_06_06_todays\/thumbs\/thumbs_PLA_0017.jpg\"\n               data-image-id=\"29501\"\n               data-title=\"Gianluca Gozzi - Direttore Artistico  TOdays festival\"\n               data-description=\"Gianluca Gozzi - Direttore Artistico  TOdays festival\"\n               data-image-slug=\"pla_0017-1\"\n               class=\"ngg-fancybox\" rel=\"2ed0b60d94d5950965e3dcfe30fe060e\">\n                <img\n                    title=\"Gianluca Gozzi - Direttore Artistico  TOdays festival\"\n                    alt=\"Gianluca Gozzi - Direttore Artistico  TOdays festival\"\n                    src=\"http:\/\/www.spaziotorino.it\/scatto\/wp-content\/gallery\/2023_06_06_todays\/cache\/PLA_0017.jpg-nggid0529501-ngg0dyn-60x60x100-00f0w010c011r110f110r010t010.jpg\"\n                    width=\"60\"\n                    height=\"60\"\n                    style=\"max-width:100%;\"\n                \/>\n            <\/a>\n        <\/div>\n\t\t\t\t\t\t\t<\/div> \n\t\t\t\n        \n\t\t\t\t<div id=\"ngg-image-3\" class=\"ngg-gallery-thumbnail-box\" >\n\t\t\t\t        <div class=\"ngg-gallery-thumbnail\">\n            <a href=\"http:\/\/www.spaziotorino.it\/scatto\/wp-content\/gallery\/2023_06_06_todays\/PLA_0007.jpg\"\n               title=\"Federico Sacchi alla conferenza di stampa di TOdays festival\"\n               data-src=\"http:\/\/www.spaziotorino.it\/scatto\/wp-content\/gallery\/2023_06_06_todays\/PLA_0007.jpg\"\n               data-thumbnail=\"http:\/\/www.spaziotorino.it\/scatto\/wp-content\/gallery\/2023_06_06_todays\/thumbs\/thumbs_PLA_0007.jpg\"\n               data-image-id=\"29503\"\n               data-title=\"Federico Sacchi alla conferenza di stampa di TOdays festival\"\n               data-description=\"Federico Sacchi alla conferenza di stampa di TOdays festival\"\n               data-image-slug=\"pla_0007\"\n               class=\"ngg-fancybox\" rel=\"2ed0b60d94d5950965e3dcfe30fe060e\">\n                <img\n                    title=\"Federico Sacchi alla conferenza di stampa di TOdays festival\"\n                    alt=\"Federico Sacchi alla conferenza di stampa di TOdays festival\"\n                    src=\"http:\/\/www.spaziotorino.it\/scatto\/wp-content\/gallery\/2023_06_06_todays\/cache\/PLA_0007.jpg-nggid0529503-ngg0dyn-60x60x100-00f0w010c011r110f110r010t010.jpg\"\n                    width=\"60\"\n                    height=\"60\"\n                    style=\"max-width:100%;\"\n                \/>\n            <\/a>\n        <\/div>\n\t\t\t\t\t\t\t<\/div> \n\t\t\t\n        \n\t\t\t\t<div id=\"ngg-image-4\" class=\"ngg-gallery-thumbnail-box\" >\n\t\t\t\t        <div class=\"ngg-gallery-thumbnail\">\n            <a href=\"http:\/\/www.spaziotorino.it\/scatto\/wp-content\/gallery\/2023_06_06_todays\/PLA_0063.jpg\"\n               title=\"TOdays festival\"\n               data-src=\"http:\/\/www.spaziotorino.it\/scatto\/wp-content\/gallery\/2023_06_06_todays\/PLA_0063.jpg\"\n               data-thumbnail=\"http:\/\/www.spaziotorino.it\/scatto\/wp-content\/gallery\/2023_06_06_todays\/thumbs\/thumbs_PLA_0063.jpg\"\n               data-image-id=\"29504\"\n               data-title=\"TOdays festival\"\n               data-description=\"TOdays festival\"\n               data-image-slug=\"pla_0063\"\n               class=\"ngg-fancybox\" rel=\"2ed0b60d94d5950965e3dcfe30fe060e\">\n                <img\n                    title=\"TOdays festival\"\n                    alt=\"TOdays festival\"\n                    src=\"http:\/\/www.spaziotorino.it\/scatto\/wp-content\/gallery\/2023_06_06_todays\/cache\/PLA_0063.jpg-nggid0529504-ngg0dyn-60x60x100-00f0w010c011r110f110r010t010.jpg\"\n                    width=\"60\"\n                    height=\"60\"\n                    style=\"max-width:100%;\"\n                \/>\n            <\/a>\n        <\/div>\n\t\t\t\t\t\t\t<\/div> \n\t\t\t\n        \n\t\t\n\t\t<!-- Pagination -->\n\t<div class='ngg-clear'><\/div>\t<\/div>\n\n<p>La nona edizione di TOdays \u00e8 in programma dal 25 al 27 agosto.&nbsp;Il Festival, che ospita 121 artisti nazionali e internazionali, 12 band, provenienti da 29 diversi Paesi nel mondo tra i quali Stati Uniti, Canada, Sud Africa, Australia, Inghilterra, Irlanda, Scozia, Francia, Belgio, Germania e Francia, delle quali 8 in esclusiva nazionale e 9 per la prima volta a Torino, porta in citt\u00e0, dal primo pomeriggio a notte inoltrata, oltre 30 ore di musica, arte, incontri, produzioni esclusive, anteprime, performance, eventi formativi e d\u2019incontro con il meglio della scena musicale contemporanea.<span id=\"more-112080\"><\/span><\/p>\n<p>Capisaldi del festival, anche quest\u2019anno sono la ricerca imparziale degli opposti e la creazione di nuovi equilibri; l\u2019anticipazione di idee e trend e la commistione di generi diversi; l\u2019incrocio di attitudini, emozioni, suoni che intrecciano presente, passato e futuro della musica; la compresenza sul palco di grandissimi nomi affermati della scena internazionale e nuove eccellenze emergenti; la tensione a rendere centrali musiche e luoghi di confine.<\/p>\n<p>TOdays, inoltre, \u00e8 la prima rassegna musicale italiana a offrire pari rappresentativit\u00e0 ad artiste donne e ad artisti uomini allestendo un cartellone equilibrato che supera ogni disparit\u00e0 di genere.<\/p>\n<p>Attraverso la musica, linguaggio universale pi\u00f9 immediato e vicino alle nuove generazioni, il Festival \u00e8 capace di coinvolgere giovani e giovanissimi che ogni anno, a fine agosto, raggiungono Torino da tutta Europa.<\/p>\n<p>TOdays, in virt\u00f9 delle scelte artistiche e musicali, rappresenta quindi un\u2019occasione unica nel panorama nazionale per presentare a questo pubblico il meglio delle creazioni contemporanee e dei nuovi suoni, permettendo di ampliare il bagaglio conoscitivo, sviluppare la creativit\u00e0 e allo stesso tempo abbattere barriere, pregiudizi e differenze sociali e culturali. E si inserisce perfettamente in TORINO FUTURA, il percorso intrapreso dalla Citt\u00e0 e coordinato dagli assessorati alla Cultura e alle Politiche Educative e Giovanili, che intende coinvolgere attivamente i ragazzi nella formazione e nella vita culturale della citt\u00e0 creando esperienze di coinvolgimento, formazione e crescita, oltre a moltiplicare le occasioni di dialogo e di protagonismo dei futuri cittadini.<\/p>\n<p>\u201cTOdays conferma la nostra citt\u00e0 quale tappa privilegiata per il meglio della scena musicale contemporanea \u2013 dichiara il Sindaco, Stefano Lo Russo -. Il festival porta Torino, e in particolare l\u2019area nord dove organizzano gran parte degli eventi, alla ribalta di giovani, creativi e opinion maker internazionali. Il programma, anno dopo anno, si dimostra capace di sostenere e valorizzare lo straordinario patrimonio di energie e competenze presenti nel nostro territorio. La Citt\u00e0 sosterr\u00e0 questo importante progetto per farlo crescere e continuare ad attrarre le migliori esperienze musicali internazionali\u201d.<\/p>\n<p>Maggiori informazioni e programma sono disponibili su:&nbsp;<a href=\"http:\/\/www.todaysfestival.com\/\" target=\"_blank\" rel=\"noopener\">www.todaysfestival.com<\/a><\/p>\n","protected":false},"excerpt":{"rendered":"<p>La nona edizione di TOdays \u00e8 in programma dal 25 al 27 agosto.&nbsp;Il Festival, che ospita 121 artisti nazionali e internazionali, 12 band, provenienti da 29 diversi Paesi nel mondo tra i quali Stati Uniti, Canada, Sud Africa, Australia, Inghilterra, Irlanda, Scozia, Francia, Belgio, Germania e Francia, delle quali 8 in esclusiva nazionale e 9 [&hellip;]<\/p>\n","protected":false},"author":1,"featured_media":0,"comment_status":"closed","ping_status":"open","sticky":false,"template":"","format":"standard","meta":{"ngg_post_thumbnail":0},"categories":[1,41,134],"tags":[],"_links":{"self":[{"href":"http:\/\/www.spaziotorino.it\/scatto\/index.php?rest_route=\/wp\/v2\/posts\/45907"}],"collection":[{"href":"http:\/\/www.spaziotorino.it\/scatto\/index.php?rest_route=\/wp\/v2\/posts"}],"about":[{"href":"http:\/\/www.spaziotorino.it\/scatto\/index.php?rest_route=\/wp\/v2\/types\/post"}],"author":[{"embeddable":true,"href":"http:\/\/www.spaziotorino.it\/scatto\/index.php?rest_route=\/wp\/v2\/users\/1"}],"replies":[{"embeddable":true,"href":"http:\/\/www.spaziotorino.it\/scatto\/index.php?rest_route=%2Fwp%2Fv2%2Fcomments&post=45907"}],"version-history":[{"count":1,"href":"http:\/\/www.spaziotorino.it\/scatto\/index.php?rest_route=\/wp\/v2\/posts\/45907\/revisions"}],"predecessor-version":[{"id":45909,"href":"http:\/\/www.spaziotorino.it\/scatto\/index.php?rest_route=\/wp\/v2\/posts\/45907\/revisions\/45909"}],"wp:attachment":[{"href":"http:\/\/www.spaziotorino.it\/scatto\/index.php?rest_route=%2Fwp%2Fv2%2Fmedia&parent=45907"}],"wp:term":[{"taxonomy":"category","embeddable":true,"href":"http:\/\/www.spaziotorino.it\/scatto\/index.php?rest_route=%2Fwp%2Fv2%2Fcategories&post=45907"},{"taxonomy":"post_tag","embeddable":true,"href":"http:\/\/www.spaziotorino.it\/scatto\/index.php?rest_route=%2Fwp%2Fv2%2Ftags&post=45907"}],"curies":[{"name":"wp","href":"https:\/\/api.w.org\/{rel}","templated":true}]}}