{"id":45957,"date":"2023-06-13T16:39:53","date_gmt":"2023-06-13T15:39:53","guid":{"rendered":"http:\/\/www.spaziotorino.it\/scatto\/?p=45957"},"modified":"2023-06-13T16:39:53","modified_gmt":"2023-06-13T15:39:53","slug":"la-campagna-torino-mercati-e-la-nuova-app-presentate-oggi-a-porta-palazzo","status":"publish","type":"post","link":"http:\/\/www.spaziotorino.it\/scatto\/?p=45957","title":{"rendered":"La campagna \u2018Torino Mercati\u2019 e la nuova App presentate oggi a Porta Palazzo"},"content":{"rendered":"<p><a class=\"ngg-fancybox\" title=\"La campagna \u2018Torino Mercati\u2019 e la nuova App presentate oggi a Porta Palazzo\" href=\"http:\/\/www.spaziotorino.it\/scatto\/wp-content\/gallery\/2023_06_13_mercati\/PLA_0696.jpg\" rel=\"lightbox[set_1963]\"><br \/>\n<img decoding=\"async\" loading=\"lazy\" class=\"ngg-singlepic\" title=\"La campagna \u2018Torino Mercati\u2019 e la nuova App presentate oggi a Porta Palazzo\" src=\"http:\/\/www.spaziotorino.it\/scatto\/wp-content\/gallery\/2023_06_13_mercati\/PLA_0696.jpg\" alt=\"\" width=\"540\" height=\"360\"\/><\/a><\/p>\n<!-- index.php -->\n<div\n\tclass=\"ngg-galleryoverview ngg-ajax-pagination-none\"\n\tid=\"ngg-gallery-18b406d7fb0bc693c6ff648009e58a84-1\">\n\n    \t\t<!-- Thumbnails -->\n\t\t\t\t<div id=\"ngg-image-0\" class=\"ngg-gallery-thumbnail-box\" >\n\t\t\t\t        <div class=\"ngg-gallery-thumbnail\">\n            <a href=\"http:\/\/www.spaziotorino.it\/scatto\/wp-content\/gallery\/2023_06_13_mercati\/PLA_0409.jpg\"\n               title=\"Festa dei mercati cittadini\"\n               data-src=\"http:\/\/www.spaziotorino.it\/scatto\/wp-content\/gallery\/2023_06_13_mercati\/PLA_0409.jpg\"\n               data-thumbnail=\"http:\/\/www.spaziotorino.it\/scatto\/wp-content\/gallery\/2023_06_13_mercati\/thumbs\/thumbs_PLA_0409.jpg\"\n               data-image-id=\"29545\"\n               data-title=\"Festa dei mercati cittadini\"\n               data-description=\"Festa dei mercati cittadini\"\n               data-image-slug=\"pla_0409-1\"\n               class=\"ngg-fancybox\" rel=\"18b406d7fb0bc693c6ff648009e58a84\">\n                <img\n                    title=\"Festa dei mercati cittadini\"\n                    alt=\"Festa dei mercati cittadini\"\n                    src=\"http:\/\/www.spaziotorino.it\/scatto\/wp-content\/gallery\/2023_06_13_mercati\/cache\/PLA_0409.jpg-nggid0529545-ngg0dyn-60x60x100-00f0w010c011r110f110r010t010.jpg\"\n                    width=\"60\"\n                    height=\"60\"\n                    style=\"max-width:100%;\"\n                \/>\n            <\/a>\n        <\/div>\n\t\t\t\t\t\t\t<\/div> \n\t\t\t\n        \n\t\t\t\t<div id=\"ngg-image-1\" class=\"ngg-gallery-thumbnail-box\" >\n\t\t\t\t        <div class=\"ngg-gallery-thumbnail\">\n            <a href=\"http:\/\/www.spaziotorino.it\/scatto\/wp-content\/gallery\/2023_06_13_mercati\/PLA_0316.jpg\"\n               title=\"APP TorinoMercati\"\n               data-src=\"http:\/\/www.spaziotorino.it\/scatto\/wp-content\/gallery\/2023_06_13_mercati\/PLA_0316.jpg\"\n               data-thumbnail=\"http:\/\/www.spaziotorino.it\/scatto\/wp-content\/gallery\/2023_06_13_mercati\/thumbs\/thumbs_PLA_0316.jpg\"\n               data-image-id=\"29547\"\n               data-title=\"APP TorinoMercati\"\n               data-description=\"APP TorinoMercati\"\n               data-image-slug=\"pla_0316\"\n               class=\"ngg-fancybox\" rel=\"18b406d7fb0bc693c6ff648009e58a84\">\n                <img\n                    title=\"APP TorinoMercati\"\n                    alt=\"APP TorinoMercati\"\n                    src=\"http:\/\/www.spaziotorino.it\/scatto\/wp-content\/gallery\/2023_06_13_mercati\/cache\/PLA_0316.jpg-nggid0529547-ngg0dyn-60x60x100-00f0w010c011r110f110r010t010.jpg\"\n                    width=\"60\"\n                    height=\"60\"\n                    style=\"max-width:100%;\"\n                \/>\n            <\/a>\n        <\/div>\n\t\t\t\t\t\t\t<\/div> \n\t\t\t\n        \n\t\t\t\t<div id=\"ngg-image-2\" class=\"ngg-gallery-thumbnail-box\" >\n\t\t\t\t        <div class=\"ngg-gallery-thumbnail\">\n            <a href=\"http:\/\/www.spaziotorino.it\/scatto\/wp-content\/gallery\/2023_06_13_mercati\/PLA_0460.jpg\"\n               title=\"Festa dei mercati cittadini\"\n               data-src=\"http:\/\/www.spaziotorino.it\/scatto\/wp-content\/gallery\/2023_06_13_mercati\/PLA_0460.jpg\"\n               data-thumbnail=\"http:\/\/www.spaziotorino.it\/scatto\/wp-content\/gallery\/2023_06_13_mercati\/thumbs\/thumbs_PLA_0460.jpg\"\n               data-image-id=\"29546\"\n               data-title=\"Festa dei mercati cittadini\"\n               data-description=\"Festa dei mercati cittadini\"\n               data-image-slug=\"pla_0460\"\n               class=\"ngg-fancybox\" rel=\"18b406d7fb0bc693c6ff648009e58a84\">\n                <img\n                    title=\"Festa dei mercati cittadini\"\n                    alt=\"Festa dei mercati cittadini\"\n                    src=\"http:\/\/www.spaziotorino.it\/scatto\/wp-content\/gallery\/2023_06_13_mercati\/cache\/PLA_0460.jpg-nggid0529546-ngg0dyn-60x60x100-00f0w010c011r110f110r010t010.jpg\"\n                    width=\"60\"\n                    height=\"60\"\n                    style=\"max-width:100%;\"\n                \/>\n            <\/a>\n        <\/div>\n\t\t\t\t\t\t\t<\/div> \n\t\t\t\n        \n\t\t\t\t<div id=\"ngg-image-3\" class=\"ngg-gallery-thumbnail-box\" >\n\t\t\t\t        <div class=\"ngg-gallery-thumbnail\">\n            <a href=\"http:\/\/www.spaziotorino.it\/scatto\/wp-content\/gallery\/2023_06_13_mercati\/PLA_0368.jpg\"\n               title=\"Festa dei mercati cittadini\"\n               data-src=\"http:\/\/www.spaziotorino.it\/scatto\/wp-content\/gallery\/2023_06_13_mercati\/PLA_0368.jpg\"\n               data-thumbnail=\"http:\/\/www.spaziotorino.it\/scatto\/wp-content\/gallery\/2023_06_13_mercati\/thumbs\/thumbs_PLA_0368.jpg\"\n               data-image-id=\"29520\"\n               data-title=\"Festa dei mercati cittadini\"\n               data-description=\"Festa dei mercati cittadini\"\n               data-image-slug=\"pla_0368-1\"\n               class=\"ngg-fancybox\" rel=\"18b406d7fb0bc693c6ff648009e58a84\">\n                <img\n                    title=\"Festa dei mercati cittadini\"\n                    alt=\"Festa dei mercati cittadini\"\n                    src=\"http:\/\/www.spaziotorino.it\/scatto\/wp-content\/gallery\/2023_06_13_mercati\/cache\/PLA_0368.jpg-nggid0529520-ngg0dyn-60x60x100-00f0w010c011r110f110r010t010.jpg\"\n                    width=\"60\"\n                    height=\"60\"\n                    style=\"max-width:100%;\"\n                \/>\n            <\/a>\n        <\/div>\n\t\t\t\t\t\t\t<\/div> \n\t\t\t\n        \n\t\t\t\t<div id=\"ngg-image-4\" class=\"ngg-gallery-thumbnail-box\" >\n\t\t\t\t        <div class=\"ngg-gallery-thumbnail\">\n            <a href=\"http:\/\/www.spaziotorino.it\/scatto\/wp-content\/gallery\/2023_06_13_mercati\/PLA_0377.jpg\"\n               title=\"Festa dei mercati cittadini\"\n               data-src=\"http:\/\/www.spaziotorino.it\/scatto\/wp-content\/gallery\/2023_06_13_mercati\/PLA_0377.jpg\"\n               data-thumbnail=\"http:\/\/www.spaziotorino.it\/scatto\/wp-content\/gallery\/2023_06_13_mercati\/thumbs\/thumbs_PLA_0377.jpg\"\n               data-image-id=\"29516\"\n               data-title=\"Festa dei mercati cittadini\"\n               data-description=\"Festa dei mercati cittadini\"\n               data-image-slug=\"pla_0377\"\n               class=\"ngg-fancybox\" rel=\"18b406d7fb0bc693c6ff648009e58a84\">\n                <img\n                    title=\"Festa dei mercati cittadini\"\n                    alt=\"Festa dei mercati cittadini\"\n                    src=\"http:\/\/www.spaziotorino.it\/scatto\/wp-content\/gallery\/2023_06_13_mercati\/cache\/PLA_0377.jpg-nggid0529516-ngg0dyn-60x60x100-00f0w010c011r110f110r010t010.jpg\"\n                    width=\"60\"\n                    height=\"60\"\n                    style=\"max-width:100%;\"\n                \/>\n            <\/a>\n        <\/div>\n\t\t\t\t\t\t\t<\/div> \n\t\t\t\n        \n\t\t\t\t<div id=\"ngg-image-5\" class=\"ngg-gallery-thumbnail-box\" >\n\t\t\t\t        <div class=\"ngg-gallery-thumbnail\">\n            <a href=\"http:\/\/www.spaziotorino.it\/scatto\/wp-content\/gallery\/2023_06_13_mercati\/PLA_0401.jpg\"\n               title=\"Torino Mercati\"\n               data-src=\"http:\/\/www.spaziotorino.it\/scatto\/wp-content\/gallery\/2023_06_13_mercati\/PLA_0401.jpg\"\n               data-thumbnail=\"http:\/\/www.spaziotorino.it\/scatto\/wp-content\/gallery\/2023_06_13_mercati\/thumbs\/thumbs_PLA_0401.jpg\"\n               data-image-id=\"29522\"\n               data-title=\"Torino Mercati\"\n               data-description=\"Torino Mercati\"\n               data-image-slug=\"pla_0401-1\"\n               class=\"ngg-fancybox\" rel=\"18b406d7fb0bc693c6ff648009e58a84\">\n                <img\n                    title=\"Torino Mercati\"\n                    alt=\"Torino Mercati\"\n                    src=\"http:\/\/www.spaziotorino.it\/scatto\/wp-content\/gallery\/2023_06_13_mercati\/cache\/PLA_0401.jpg-nggid0529522-ngg0dyn-60x60x100-00f0w010c011r110f110r010t010.jpg\"\n                    width=\"60\"\n                    height=\"60\"\n                    style=\"max-width:100%;\"\n                \/>\n            <\/a>\n        <\/div>\n\t\t\t\t\t\t\t<\/div> \n\t\t\t\n        \n\t\t\t\t<div id=\"ngg-image-6\" class=\"ngg-gallery-thumbnail-box\" >\n\t\t\t\t        <div class=\"ngg-gallery-thumbnail\">\n            <a href=\"http:\/\/www.spaziotorino.it\/scatto\/wp-content\/gallery\/2023_06_13_mercati\/PLA_0447.jpg\"\n               title=\"Festa dei mercati cittadini\"\n               data-src=\"http:\/\/www.spaziotorino.it\/scatto\/wp-content\/gallery\/2023_06_13_mercati\/PLA_0447.jpg\"\n               data-thumbnail=\"http:\/\/www.spaziotorino.it\/scatto\/wp-content\/gallery\/2023_06_13_mercati\/thumbs\/thumbs_PLA_0447.jpg\"\n               data-image-id=\"29544\"\n               data-title=\"Festa dei mercati cittadini\"\n               data-description=\"Festa dei mercati cittadini\"\n               data-image-slug=\"pla_0447-1\"\n               class=\"ngg-fancybox\" rel=\"18b406d7fb0bc693c6ff648009e58a84\">\n                <img\n                    title=\"Festa dei mercati cittadini\"\n                    alt=\"Festa dei mercati cittadini\"\n                    src=\"http:\/\/www.spaziotorino.it\/scatto\/wp-content\/gallery\/2023_06_13_mercati\/cache\/PLA_0447.jpg-nggid0529544-ngg0dyn-60x60x100-00f0w010c011r110f110r010t010.jpg\"\n                    width=\"60\"\n                    height=\"60\"\n                    style=\"max-width:100%;\"\n                \/>\n            <\/a>\n        <\/div>\n\t\t\t\t\t\t\t<\/div> \n\t\t\t\n        \n\t\t\t\t<div id=\"ngg-image-7\" class=\"ngg-gallery-thumbnail-box\" >\n\t\t\t\t        <div class=\"ngg-gallery-thumbnail\">\n            <a href=\"http:\/\/www.spaziotorino.it\/scatto\/wp-content\/gallery\/2023_06_13_mercati\/PLA_0395.jpg\"\n               title=\"Festa dei mercati cittadini\"\n               data-src=\"http:\/\/www.spaziotorino.it\/scatto\/wp-content\/gallery\/2023_06_13_mercati\/PLA_0395.jpg\"\n               data-thumbnail=\"http:\/\/www.spaziotorino.it\/scatto\/wp-content\/gallery\/2023_06_13_mercati\/thumbs\/thumbs_PLA_0395.jpg\"\n               data-image-id=\"29519\"\n               data-title=\"Festa dei mercati cittadini\"\n               data-description=\"Festa dei mercati cittadini\"\n               data-image-slug=\"pla_0395-1\"\n               class=\"ngg-fancybox\" rel=\"18b406d7fb0bc693c6ff648009e58a84\">\n                <img\n                    title=\"Festa dei mercati cittadini\"\n                    alt=\"Festa dei mercati cittadini\"\n                    src=\"http:\/\/www.spaziotorino.it\/scatto\/wp-content\/gallery\/2023_06_13_mercati\/cache\/PLA_0395.jpg-nggid0529519-ngg0dyn-60x60x100-00f0w010c011r110f110r010t010.jpg\"\n                    width=\"60\"\n                    height=\"60\"\n                    style=\"max-width:100%;\"\n                \/>\n            <\/a>\n        <\/div>\n\t\t\t\t\t\t\t<\/div> \n\t\t\t\n        \n\t\t\t\t<div id=\"ngg-image-8\" class=\"ngg-gallery-thumbnail-box\" >\n\t\t\t\t        <div class=\"ngg-gallery-thumbnail\">\n            <a href=\"http:\/\/www.spaziotorino.it\/scatto\/wp-content\/gallery\/2023_06_13_mercati\/PLA_0576.jpg\"\n               title=\"Torino Mercati\"\n               data-src=\"http:\/\/www.spaziotorino.it\/scatto\/wp-content\/gallery\/2023_06_13_mercati\/PLA_0576.jpg\"\n               data-thumbnail=\"http:\/\/www.spaziotorino.it\/scatto\/wp-content\/gallery\/2023_06_13_mercati\/thumbs\/thumbs_PLA_0576.jpg\"\n               data-image-id=\"29531\"\n               data-title=\"Torino Mercati\"\n               data-description=\"Torino Mercati\"\n               data-image-slug=\"pla_0576-1\"\n               class=\"ngg-fancybox\" rel=\"18b406d7fb0bc693c6ff648009e58a84\">\n                <img\n                    title=\"Torino Mercati\"\n                    alt=\"Torino Mercati\"\n                    src=\"http:\/\/www.spaziotorino.it\/scatto\/wp-content\/gallery\/2023_06_13_mercati\/cache\/PLA_0576.jpg-nggid0529531-ngg0dyn-60x60x100-00f0w010c011r110f110r010t010.jpg\"\n                    width=\"60\"\n                    height=\"60\"\n                    style=\"max-width:100%;\"\n                \/>\n            <\/a>\n        <\/div>\n\t\t\t\t\t\t\t<\/div> \n\t\t\t\n        \n\t\t\t\t<div id=\"ngg-image-9\" class=\"ngg-gallery-thumbnail-box\" >\n\t\t\t\t        <div class=\"ngg-gallery-thumbnail\">\n            <a href=\"http:\/\/www.spaziotorino.it\/scatto\/wp-content\/gallery\/2023_06_13_mercati\/PLA_0412.jpg\"\n               title=\"Festa dei mercati cittadini\"\n               data-src=\"http:\/\/www.spaziotorino.it\/scatto\/wp-content\/gallery\/2023_06_13_mercati\/PLA_0412.jpg\"\n               data-thumbnail=\"http:\/\/www.spaziotorino.it\/scatto\/wp-content\/gallery\/2023_06_13_mercati\/thumbs\/thumbs_PLA_0412.jpg\"\n               data-image-id=\"29523\"\n               data-title=\"Festa dei mercati cittadini\"\n               data-description=\"Festa dei mercati cittadini\"\n               data-image-slug=\"pla_0412\"\n               class=\"ngg-fancybox\" rel=\"18b406d7fb0bc693c6ff648009e58a84\">\n                <img\n                    title=\"Festa dei mercati cittadini\"\n                    alt=\"Festa dei mercati cittadini\"\n                    src=\"http:\/\/www.spaziotorino.it\/scatto\/wp-content\/gallery\/2023_06_13_mercati\/cache\/PLA_0412.jpg-nggid0529523-ngg0dyn-60x60x100-00f0w010c011r110f110r010t010.jpg\"\n                    width=\"60\"\n                    height=\"60\"\n                    style=\"max-width:100%;\"\n                \/>\n            <\/a>\n        <\/div>\n\t\t\t\t\t\t\t<\/div> \n\t\t\t\n        \n\t\t\t\t<div id=\"ngg-image-10\" class=\"ngg-gallery-thumbnail-box\" >\n\t\t\t\t        <div class=\"ngg-gallery-thumbnail\">\n            <a href=\"http:\/\/www.spaziotorino.it\/scatto\/wp-content\/gallery\/2023_06_13_mercati\/PLA_0496.jpg\"\n               title=\"Festa dei mercati cittadini\"\n               data-src=\"http:\/\/www.spaziotorino.it\/scatto\/wp-content\/gallery\/2023_06_13_mercati\/PLA_0496.jpg\"\n               data-thumbnail=\"http:\/\/www.spaziotorino.it\/scatto\/wp-content\/gallery\/2023_06_13_mercati\/thumbs\/thumbs_PLA_0496.jpg\"\n               data-image-id=\"29542\"\n               data-title=\"Festa dei mercati cittadini\"\n               data-description=\"Festa dei mercati cittadini\"\n               data-image-slug=\"pla_0496-1\"\n               class=\"ngg-fancybox\" rel=\"18b406d7fb0bc693c6ff648009e58a84\">\n                <img\n                    title=\"Festa dei mercati cittadini\"\n                    alt=\"Festa dei mercati cittadini\"\n                    src=\"http:\/\/www.spaziotorino.it\/scatto\/wp-content\/gallery\/2023_06_13_mercati\/cache\/PLA_0496.jpg-nggid0529542-ngg0dyn-60x60x100-00f0w010c011r110f110r010t010.jpg\"\n                    width=\"60\"\n                    height=\"60\"\n                    style=\"max-width:100%;\"\n                \/>\n            <\/a>\n        <\/div>\n\t\t\t\t\t\t\t<\/div> \n\t\t\t\n        \n\t\t\t\t<div id=\"ngg-image-11\" class=\"ngg-gallery-thumbnail-box\" >\n\t\t\t\t        <div class=\"ngg-gallery-thumbnail\">\n            <a href=\"http:\/\/www.spaziotorino.it\/scatto\/wp-content\/gallery\/2023_06_13_mercati\/PLA_0582.jpg\"\n               title=\"Torino Mercati\"\n               data-src=\"http:\/\/www.spaziotorino.it\/scatto\/wp-content\/gallery\/2023_06_13_mercati\/PLA_0582.jpg\"\n               data-thumbnail=\"http:\/\/www.spaziotorino.it\/scatto\/wp-content\/gallery\/2023_06_13_mercati\/thumbs\/thumbs_PLA_0582.jpg\"\n               data-image-id=\"29532\"\n               data-title=\"Torino Mercati\"\n               data-description=\"Torino Mercati\"\n               data-image-slug=\"pla_0582\"\n               class=\"ngg-fancybox\" rel=\"18b406d7fb0bc693c6ff648009e58a84\">\n                <img\n                    title=\"Torino Mercati\"\n                    alt=\"Torino Mercati\"\n                    src=\"http:\/\/www.spaziotorino.it\/scatto\/wp-content\/gallery\/2023_06_13_mercati\/cache\/PLA_0582.jpg-nggid0529532-ngg0dyn-60x60x100-00f0w010c011r110f110r010t010.jpg\"\n                    width=\"60\"\n                    height=\"60\"\n                    style=\"max-width:100%;\"\n                \/>\n            <\/a>\n        <\/div>\n\t\t\t\t\t\t\t<\/div> \n\t\t\t\n        \n\t\t\t\t<div id=\"ngg-image-12\" class=\"ngg-gallery-thumbnail-box\" >\n\t\t\t\t        <div class=\"ngg-gallery-thumbnail\">\n            <a href=\"http:\/\/www.spaziotorino.it\/scatto\/wp-content\/gallery\/2023_06_13_mercati\/PLA_0396.jpg\"\n               title=\"Torino Mercati\"\n               data-src=\"http:\/\/www.spaziotorino.it\/scatto\/wp-content\/gallery\/2023_06_13_mercati\/PLA_0396.jpg\"\n               data-thumbnail=\"http:\/\/www.spaziotorino.it\/scatto\/wp-content\/gallery\/2023_06_13_mercati\/thumbs\/thumbs_PLA_0396.jpg\"\n               data-image-id=\"29517\"\n               data-title=\"Torino Mercati\"\n               data-description=\"Torino Mercati\"\n               data-image-slug=\"pla_0396-1\"\n               class=\"ngg-fancybox\" rel=\"18b406d7fb0bc693c6ff648009e58a84\">\n                <img\n                    title=\"Torino Mercati\"\n                    alt=\"Torino Mercati\"\n                    src=\"http:\/\/www.spaziotorino.it\/scatto\/wp-content\/gallery\/2023_06_13_mercati\/cache\/PLA_0396.jpg-nggid0529517-ngg0dyn-60x60x100-00f0w010c011r110f110r010t010.jpg\"\n                    width=\"60\"\n                    height=\"60\"\n                    style=\"max-width:100%;\"\n                \/>\n            <\/a>\n        <\/div>\n\t\t\t\t\t\t\t<\/div> \n\t\t\t\n        \n\t\t\t\t<div id=\"ngg-image-13\" class=\"ngg-gallery-thumbnail-box\" >\n\t\t\t\t        <div class=\"ngg-gallery-thumbnail\">\n            <a href=\"http:\/\/www.spaziotorino.it\/scatto\/wp-content\/gallery\/2023_06_13_mercati\/PLA_0385.jpg\"\n               title=\"Festa dei mercati cittadini\"\n               data-src=\"http:\/\/www.spaziotorino.it\/scatto\/wp-content\/gallery\/2023_06_13_mercati\/PLA_0385.jpg\"\n               data-thumbnail=\"http:\/\/www.spaziotorino.it\/scatto\/wp-content\/gallery\/2023_06_13_mercati\/thumbs\/thumbs_PLA_0385.jpg\"\n               data-image-id=\"29521\"\n               data-title=\"Festa dei mercati cittadini\"\n               data-description=\"Festa dei mercati cittadini\"\n               data-image-slug=\"pla_0385-2\"\n               class=\"ngg-fancybox\" rel=\"18b406d7fb0bc693c6ff648009e58a84\">\n                <img\n                    title=\"Festa dei mercati cittadini\"\n                    alt=\"Festa dei mercati cittadini\"\n                    src=\"http:\/\/www.spaziotorino.it\/scatto\/wp-content\/gallery\/2023_06_13_mercati\/cache\/PLA_0385.jpg-nggid0529521-ngg0dyn-60x60x100-00f0w010c011r110f110r010t010.jpg\"\n                    width=\"60\"\n                    height=\"60\"\n                    style=\"max-width:100%;\"\n                \/>\n            <\/a>\n        <\/div>\n\t\t\t\t\t\t\t<\/div> \n\t\t\t\n        \n\t\t\t\t<div id=\"ngg-image-14\" class=\"ngg-gallery-thumbnail-box\" >\n\t\t\t\t        <div class=\"ngg-gallery-thumbnail\">\n            <a href=\"http:\/\/www.spaziotorino.it\/scatto\/wp-content\/gallery\/2023_06_13_mercati\/PLA_0468.jpg\"\n               title=\"Torino Mercati\"\n               data-src=\"http:\/\/www.spaziotorino.it\/scatto\/wp-content\/gallery\/2023_06_13_mercati\/PLA_0468.jpg\"\n               data-thumbnail=\"http:\/\/www.spaziotorino.it\/scatto\/wp-content\/gallery\/2023_06_13_mercati\/thumbs\/thumbs_PLA_0468.jpg\"\n               data-image-id=\"29525\"\n               data-title=\"Torino Mercati\"\n               data-description=\"Torino Mercati\"\n               data-image-slug=\"pla_0468-1\"\n               class=\"ngg-fancybox\" rel=\"18b406d7fb0bc693c6ff648009e58a84\">\n                <img\n                    title=\"Torino Mercati\"\n                    alt=\"Torino Mercati\"\n                    src=\"http:\/\/www.spaziotorino.it\/scatto\/wp-content\/gallery\/2023_06_13_mercati\/cache\/PLA_0468.jpg-nggid0529525-ngg0dyn-60x60x100-00f0w010c011r110f110r010t010.jpg\"\n                    width=\"60\"\n                    height=\"60\"\n                    style=\"max-width:100%;\"\n                \/>\n            <\/a>\n        <\/div>\n\t\t\t\t\t\t\t<\/div> \n\t\t\t\n        \n\t\t\t\t<div id=\"ngg-image-15\" class=\"ngg-gallery-thumbnail-box\" >\n\t\t\t\t        <div class=\"ngg-gallery-thumbnail\">\n            <a href=\"http:\/\/www.spaziotorino.it\/scatto\/wp-content\/gallery\/2023_06_13_mercati\/PLA_0568.jpg\"\n               title=\"Festa dei mercati cittadini\"\n               data-src=\"http:\/\/www.spaziotorino.it\/scatto\/wp-content\/gallery\/2023_06_13_mercati\/PLA_0568.jpg\"\n               data-thumbnail=\"http:\/\/www.spaziotorino.it\/scatto\/wp-content\/gallery\/2023_06_13_mercati\/thumbs\/thumbs_PLA_0568.jpg\"\n               data-image-id=\"29541\"\n               data-title=\"Festa dei mercati cittadini\"\n               data-description=\"Festa dei mercati cittadini\"\n               data-image-slug=\"pla_0568-1\"\n               class=\"ngg-fancybox\" rel=\"18b406d7fb0bc693c6ff648009e58a84\">\n                <img\n                    title=\"Festa dei mercati cittadini\"\n                    alt=\"Festa dei mercati cittadini\"\n                    src=\"http:\/\/www.spaziotorino.it\/scatto\/wp-content\/gallery\/2023_06_13_mercati\/cache\/PLA_0568.jpg-nggid0529541-ngg0dyn-60x60x100-00f0w010c011r110f110r010t010.jpg\"\n                    width=\"60\"\n                    height=\"60\"\n                    style=\"max-width:100%;\"\n                \/>\n            <\/a>\n        <\/div>\n\t\t\t\t\t\t\t<\/div> \n\t\t\t\n        \n\t\t\t\t<div id=\"ngg-image-16\" class=\"ngg-gallery-thumbnail-box\" >\n\t\t\t\t        <div class=\"ngg-gallery-thumbnail\">\n            <a href=\"http:\/\/www.spaziotorino.it\/scatto\/wp-content\/gallery\/2023_06_13_mercati\/PLA_0421.jpg\"\n               title=\"Torino Mercati\"\n               data-src=\"http:\/\/www.spaziotorino.it\/scatto\/wp-content\/gallery\/2023_06_13_mercati\/PLA_0421.jpg\"\n               data-thumbnail=\"http:\/\/www.spaziotorino.it\/scatto\/wp-content\/gallery\/2023_06_13_mercati\/thumbs\/thumbs_PLA_0421.jpg\"\n               data-image-id=\"29524\"\n               data-title=\"Torino Mercati\"\n               data-description=\"Torino Mercati\"\n               data-image-slug=\"pla_0421\"\n               class=\"ngg-fancybox\" rel=\"18b406d7fb0bc693c6ff648009e58a84\">\n                <img\n                    title=\"Torino Mercati\"\n                    alt=\"Torino Mercati\"\n                    src=\"http:\/\/www.spaziotorino.it\/scatto\/wp-content\/gallery\/2023_06_13_mercati\/cache\/PLA_0421.jpg-nggid0529524-ngg0dyn-60x60x100-00f0w010c011r110f110r010t010.jpg\"\n                    width=\"60\"\n                    height=\"60\"\n                    style=\"max-width:100%;\"\n                \/>\n            <\/a>\n        <\/div>\n\t\t\t\t\t\t\t<\/div> \n\t\t\t\n        \n\t\t\t\t<div id=\"ngg-image-17\" class=\"ngg-gallery-thumbnail-box\" >\n\t\t\t\t        <div class=\"ngg-gallery-thumbnail\">\n            <a href=\"http:\/\/www.spaziotorino.it\/scatto\/wp-content\/gallery\/2023_06_13_mercati\/PLA_0590.jpg\"\n               title=\"Festa dei mercati cittadini\"\n               data-src=\"http:\/\/www.spaziotorino.it\/scatto\/wp-content\/gallery\/2023_06_13_mercati\/PLA_0590.jpg\"\n               data-thumbnail=\"http:\/\/www.spaziotorino.it\/scatto\/wp-content\/gallery\/2023_06_13_mercati\/thumbs\/thumbs_PLA_0590.jpg\"\n               data-image-id=\"29543\"\n               data-title=\"Festa dei mercati cittadini\"\n               data-description=\"Festa dei mercati cittadini\"\n               data-image-slug=\"pla_0590\"\n               class=\"ngg-fancybox\" rel=\"18b406d7fb0bc693c6ff648009e58a84\">\n                <img\n                    title=\"Festa dei mercati cittadini\"\n                    alt=\"Festa dei mercati cittadini\"\n                    src=\"http:\/\/www.spaziotorino.it\/scatto\/wp-content\/gallery\/2023_06_13_mercati\/cache\/PLA_0590.jpg-nggid0529543-ngg0dyn-60x60x100-00f0w010c011r110f110r010t010.jpg\"\n                    width=\"60\"\n                    height=\"60\"\n                    style=\"max-width:100%;\"\n                \/>\n            <\/a>\n        <\/div>\n\t\t\t\t\t\t\t<\/div> \n\t\t\t\n        \n\t\t\t\t<div id=\"ngg-image-18\" class=\"ngg-gallery-thumbnail-box\" >\n\t\t\t\t        <div class=\"ngg-gallery-thumbnail\">\n            <a href=\"http:\/\/www.spaziotorino.it\/scatto\/wp-content\/gallery\/2023_06_13_mercati\/PLA_0417.jpg\"\n               title=\"Torino Mercati\"\n               data-src=\"http:\/\/www.spaziotorino.it\/scatto\/wp-content\/gallery\/2023_06_13_mercati\/PLA_0417.jpg\"\n               data-thumbnail=\"http:\/\/www.spaziotorino.it\/scatto\/wp-content\/gallery\/2023_06_13_mercati\/thumbs\/thumbs_PLA_0417.jpg\"\n               data-image-id=\"29527\"\n               data-title=\"Torino Mercati\"\n               data-description=\"Torino Mercati\"\n               data-image-slug=\"pla_0417\"\n               class=\"ngg-fancybox\" rel=\"18b406d7fb0bc693c6ff648009e58a84\">\n                <img\n                    title=\"Torino Mercati\"\n                    alt=\"Torino Mercati\"\n                    src=\"http:\/\/www.spaziotorino.it\/scatto\/wp-content\/gallery\/2023_06_13_mercati\/cache\/PLA_0417.jpg-nggid0529527-ngg0dyn-60x60x100-00f0w010c011r110f110r010t010.jpg\"\n                    width=\"60\"\n                    height=\"60\"\n                    style=\"max-width:100%;\"\n                \/>\n            <\/a>\n        <\/div>\n\t\t\t\t\t\t\t<\/div> \n\t\t\t\n        \n\t\t\t\t<div id=\"ngg-image-19\" class=\"ngg-gallery-thumbnail-box\" >\n\t\t\t\t        <div class=\"ngg-gallery-thumbnail\">\n            <a href=\"http:\/\/www.spaziotorino.it\/scatto\/wp-content\/gallery\/2023_06_13_mercati\/PLA_0517.jpg\"\n               title=\"Festa dei mercati cittadini\"\n               data-src=\"http:\/\/www.spaziotorino.it\/scatto\/wp-content\/gallery\/2023_06_13_mercati\/PLA_0517.jpg\"\n               data-thumbnail=\"http:\/\/www.spaziotorino.it\/scatto\/wp-content\/gallery\/2023_06_13_mercati\/thumbs\/thumbs_PLA_0517.jpg\"\n               data-image-id=\"29528\"\n               data-title=\"Festa dei mercati cittadini\"\n               data-description=\"Festa dei mercati cittadini\"\n               data-image-slug=\"pla_0517\"\n               class=\"ngg-fancybox\" rel=\"18b406d7fb0bc693c6ff648009e58a84\">\n                <img\n                    title=\"Festa dei mercati cittadini\"\n                    alt=\"Festa dei mercati cittadini\"\n                    src=\"http:\/\/www.spaziotorino.it\/scatto\/wp-content\/gallery\/2023_06_13_mercati\/cache\/PLA_0517.jpg-nggid0529528-ngg0dyn-60x60x100-00f0w010c011r110f110r010t010.jpg\"\n                    width=\"60\"\n                    height=\"60\"\n                    style=\"max-width:100%;\"\n                \/>\n            <\/a>\n        <\/div>\n\t\t\t\t\t\t\t<\/div> \n\t\t\t\n        \n\t\t\t\t<div id=\"ngg-image-20\" class=\"ngg-gallery-thumbnail-box\" >\n\t\t\t\t        <div class=\"ngg-gallery-thumbnail\">\n            <a href=\"http:\/\/www.spaziotorino.it\/scatto\/wp-content\/gallery\/2023_06_13_mercati\/PLA_0524.jpg\"\n               title=\"Le Sentinelle Antispreco alla Festa dei mercati cittadini\"\n               data-src=\"http:\/\/www.spaziotorino.it\/scatto\/wp-content\/gallery\/2023_06_13_mercati\/PLA_0524.jpg\"\n               data-thumbnail=\"http:\/\/www.spaziotorino.it\/scatto\/wp-content\/gallery\/2023_06_13_mercati\/thumbs\/thumbs_PLA_0524.jpg\"\n               data-image-id=\"29529\"\n               data-title=\"Le Sentinelle Antispreco alla Festa dei mercati cittadini\"\n               data-description=\"Le Sentinelle Antispreco alla Festa dei mercati cittadini\"\n               data-image-slug=\"pla_0524-1\"\n               class=\"ngg-fancybox\" rel=\"18b406d7fb0bc693c6ff648009e58a84\">\n                <img\n                    title=\"Le Sentinelle Antispreco alla Festa dei mercati cittadini\"\n                    alt=\"Le Sentinelle Antispreco alla Festa dei mercati cittadini\"\n                    src=\"http:\/\/www.spaziotorino.it\/scatto\/wp-content\/gallery\/2023_06_13_mercati\/cache\/PLA_0524.jpg-nggid0529529-ngg0dyn-60x60x100-00f0w010c011r110f110r010t010.jpg\"\n                    width=\"60\"\n                    height=\"60\"\n                    style=\"max-width:100%;\"\n                \/>\n            <\/a>\n        <\/div>\n\t\t\t\t\t\t\t<\/div> \n\t\t\t\n        \n\t\t\t\t<div id=\"ngg-image-21\" class=\"ngg-gallery-thumbnail-box\" >\n\t\t\t\t        <div class=\"ngg-gallery-thumbnail\">\n            <a href=\"http:\/\/www.spaziotorino.it\/scatto\/wp-content\/gallery\/2023_06_13_mercati\/PLA_0449.jpg\"\n               title=\"Torino Mercati\"\n               data-src=\"http:\/\/www.spaziotorino.it\/scatto\/wp-content\/gallery\/2023_06_13_mercati\/PLA_0449.jpg\"\n               data-thumbnail=\"http:\/\/www.spaziotorino.it\/scatto\/wp-content\/gallery\/2023_06_13_mercati\/thumbs\/thumbs_PLA_0449.jpg\"\n               data-image-id=\"29526\"\n               data-title=\"Torino Mercati\"\n               data-description=\"Torino Mercati\"\n               data-image-slug=\"pla_0449-1\"\n               class=\"ngg-fancybox\" rel=\"18b406d7fb0bc693c6ff648009e58a84\">\n                <img\n                    title=\"Torino Mercati\"\n                    alt=\"Torino Mercati\"\n                    src=\"http:\/\/www.spaziotorino.it\/scatto\/wp-content\/gallery\/2023_06_13_mercati\/cache\/PLA_0449.jpg-nggid0529526-ngg0dyn-60x60x100-00f0w010c011r110f110r010t010.jpg\"\n                    width=\"60\"\n                    height=\"60\"\n                    style=\"max-width:100%;\"\n                \/>\n            <\/a>\n        <\/div>\n\t\t\t\t\t\t\t<\/div> \n\t\t\t\n        \n\t\t\t\t<div id=\"ngg-image-22\" class=\"ngg-gallery-thumbnail-box\" >\n\t\t\t\t        <div class=\"ngg-gallery-thumbnail\">\n            <a href=\"http:\/\/www.spaziotorino.it\/scatto\/wp-content\/gallery\/2023_06_13_mercati\/PLA_0536.jpg\"\n               title=\"Festa dei mercati cittadini\"\n               data-src=\"http:\/\/www.spaziotorino.it\/scatto\/wp-content\/gallery\/2023_06_13_mercati\/PLA_0536.jpg\"\n               data-thumbnail=\"http:\/\/www.spaziotorino.it\/scatto\/wp-content\/gallery\/2023_06_13_mercati\/thumbs\/thumbs_PLA_0536.jpg\"\n               data-image-id=\"29530\"\n               data-title=\"Festa dei mercati cittadini\"\n               data-description=\"Festa dei mercati cittadini\"\n               data-image-slug=\"pla_0536\"\n               class=\"ngg-fancybox\" rel=\"18b406d7fb0bc693c6ff648009e58a84\">\n                <img\n                    title=\"Festa dei mercati cittadini\"\n                    alt=\"Festa dei mercati cittadini\"\n                    src=\"http:\/\/www.spaziotorino.it\/scatto\/wp-content\/gallery\/2023_06_13_mercati\/cache\/PLA_0536.jpg-nggid0529530-ngg0dyn-60x60x100-00f0w010c011r110f110r010t010.jpg\"\n                    width=\"60\"\n                    height=\"60\"\n                    style=\"max-width:100%;\"\n                \/>\n            <\/a>\n        <\/div>\n\t\t\t\t\t\t\t<\/div> \n\t\t\t\n        \n\t\t\t\t<div id=\"ngg-image-23\" class=\"ngg-gallery-thumbnail-box\" >\n\t\t\t\t        <div class=\"ngg-gallery-thumbnail\">\n            <a href=\"http:\/\/www.spaziotorino.it\/scatto\/wp-content\/gallery\/2023_06_13_mercati\/PLA_0564.jpg\"\n               title=\"Torino Mercati\"\n               data-src=\"http:\/\/www.spaziotorino.it\/scatto\/wp-content\/gallery\/2023_06_13_mercati\/PLA_0564.jpg\"\n               data-thumbnail=\"http:\/\/www.spaziotorino.it\/scatto\/wp-content\/gallery\/2023_06_13_mercati\/thumbs\/thumbs_PLA_0564.jpg\"\n               data-image-id=\"29533\"\n               data-title=\"Torino Mercati\"\n               data-description=\"Torino Mercati\"\n               data-image-slug=\"pla_0564\"\n               class=\"ngg-fancybox\" rel=\"18b406d7fb0bc693c6ff648009e58a84\">\n                <img\n                    title=\"Torino Mercati\"\n                    alt=\"Torino Mercati\"\n                    src=\"http:\/\/www.spaziotorino.it\/scatto\/wp-content\/gallery\/2023_06_13_mercati\/cache\/PLA_0564.jpg-nggid0529533-ngg0dyn-60x60x100-00f0w010c011r110f110r010t010.jpg\"\n                    width=\"60\"\n                    height=\"60\"\n                    style=\"max-width:100%;\"\n                \/>\n            <\/a>\n        <\/div>\n\t\t\t\t\t\t\t<\/div> \n\t\t\t\n        \n\t\t\t\t<div id=\"ngg-image-24\" class=\"ngg-gallery-thumbnail-box\" >\n\t\t\t\t        <div class=\"ngg-gallery-thumbnail\">\n            <a href=\"http:\/\/www.spaziotorino.it\/scatto\/wp-content\/gallery\/2023_06_13_mercati\/PLA_0598.jpg\"\n               title=\"Festa dei mercati cittadini\"\n               data-src=\"http:\/\/www.spaziotorino.it\/scatto\/wp-content\/gallery\/2023_06_13_mercati\/PLA_0598.jpg\"\n               data-thumbnail=\"http:\/\/www.spaziotorino.it\/scatto\/wp-content\/gallery\/2023_06_13_mercati\/thumbs\/thumbs_PLA_0598.jpg\"\n               data-image-id=\"29534\"\n               data-title=\"Festa dei mercati cittadini\"\n               data-description=\"Festa dei mercati cittadini\"\n               data-image-slug=\"pla_0598\"\n               class=\"ngg-fancybox\" rel=\"18b406d7fb0bc693c6ff648009e58a84\">\n                <img\n                    title=\"Festa dei mercati cittadini\"\n                    alt=\"Festa dei mercati cittadini\"\n                    src=\"http:\/\/www.spaziotorino.it\/scatto\/wp-content\/gallery\/2023_06_13_mercati\/cache\/PLA_0598.jpg-nggid0529534-ngg0dyn-60x60x100-00f0w010c011r110f110r010t010.jpg\"\n                    width=\"60\"\n                    height=\"60\"\n                    style=\"max-width:100%;\"\n                \/>\n            <\/a>\n        <\/div>\n\t\t\t\t\t\t\t<\/div> \n\t\t\t\n        \n\t\t\t\t<div id=\"ngg-image-25\" class=\"ngg-gallery-thumbnail-box\" >\n\t\t\t\t        <div class=\"ngg-gallery-thumbnail\">\n            <a href=\"http:\/\/www.spaziotorino.it\/scatto\/wp-content\/gallery\/2023_06_13_mercati\/PLA_0612.jpg\"\n               title=\"Festa dei mercati cittadini\"\n               data-src=\"http:\/\/www.spaziotorino.it\/scatto\/wp-content\/gallery\/2023_06_13_mercati\/PLA_0612.jpg\"\n               data-thumbnail=\"http:\/\/www.spaziotorino.it\/scatto\/wp-content\/gallery\/2023_06_13_mercati\/thumbs\/thumbs_PLA_0612.jpg\"\n               data-image-id=\"29535\"\n               data-title=\"Festa dei mercati cittadini\"\n               data-description=\"Festa dei mercati cittadini\"\n               data-image-slug=\"pla_0612\"\n               class=\"ngg-fancybox\" rel=\"18b406d7fb0bc693c6ff648009e58a84\">\n                <img\n                    title=\"Festa dei mercati cittadini\"\n                    alt=\"Festa dei mercati cittadini\"\n                    src=\"http:\/\/www.spaziotorino.it\/scatto\/wp-content\/gallery\/2023_06_13_mercati\/cache\/PLA_0612.jpg-nggid0529535-ngg0dyn-60x60x100-00f0w010c011r110f110r010t010.jpg\"\n                    width=\"60\"\n                    height=\"60\"\n                    style=\"max-width:100%;\"\n                \/>\n            <\/a>\n        <\/div>\n\t\t\t\t\t\t\t<\/div> \n\t\t\t\n        \n\t\t\t\t<div id=\"ngg-image-26\" class=\"ngg-gallery-thumbnail-box\" >\n\t\t\t\t        <div class=\"ngg-gallery-thumbnail\">\n            <a href=\"http:\/\/www.spaziotorino.it\/scatto\/wp-content\/gallery\/2023_06_13_mercati\/PLA_0625.jpg\"\n               title=\"Festa dei mercati cittadini\"\n               data-src=\"http:\/\/www.spaziotorino.it\/scatto\/wp-content\/gallery\/2023_06_13_mercati\/PLA_0625.jpg\"\n               data-thumbnail=\"http:\/\/www.spaziotorino.it\/scatto\/wp-content\/gallery\/2023_06_13_mercati\/thumbs\/thumbs_PLA_0625.jpg\"\n               data-image-id=\"29536\"\n               data-title=\"Festa dei mercati cittadini\"\n               data-description=\"Festa dei mercati cittadini\"\n               data-image-slug=\"pla_0625\"\n               class=\"ngg-fancybox\" rel=\"18b406d7fb0bc693c6ff648009e58a84\">\n                <img\n                    title=\"Festa dei mercati cittadini\"\n                    alt=\"Festa dei mercati cittadini\"\n                    src=\"http:\/\/www.spaziotorino.it\/scatto\/wp-content\/gallery\/2023_06_13_mercati\/cache\/PLA_0625.jpg-nggid0529536-ngg0dyn-60x60x100-00f0w010c011r110f110r010t010.jpg\"\n                    width=\"60\"\n                    height=\"60\"\n                    style=\"max-width:100%;\"\n                \/>\n            <\/a>\n        <\/div>\n\t\t\t\t\t\t\t<\/div> \n\t\t\t\n        \n\t\t\t\t<div id=\"ngg-image-27\" class=\"ngg-gallery-thumbnail-box\" >\n\t\t\t\t        <div class=\"ngg-gallery-thumbnail\">\n            <a href=\"http:\/\/www.spaziotorino.it\/scatto\/wp-content\/gallery\/2023_06_13_mercati\/PLA_0697.jpg\"\n               title=\"Mercato Centrale\"\n               data-src=\"http:\/\/www.spaziotorino.it\/scatto\/wp-content\/gallery\/2023_06_13_mercati\/PLA_0697.jpg\"\n               data-thumbnail=\"http:\/\/www.spaziotorino.it\/scatto\/wp-content\/gallery\/2023_06_13_mercati\/thumbs\/thumbs_PLA_0697.jpg\"\n               data-image-id=\"29537\"\n               data-title=\"Mercato Centrale\"\n               data-description=\"Mercato Centrale\"\n               data-image-slug=\"pla_0697-3\"\n               class=\"ngg-fancybox\" rel=\"18b406d7fb0bc693c6ff648009e58a84\">\n                <img\n                    title=\"Mercato Centrale\"\n                    alt=\"Mercato Centrale\"\n                    src=\"http:\/\/www.spaziotorino.it\/scatto\/wp-content\/gallery\/2023_06_13_mercati\/cache\/PLA_0697.jpg-nggid0529537-ngg0dyn-60x60x100-00f0w010c011r110f110r010t010.jpg\"\n                    width=\"60\"\n                    height=\"60\"\n                    style=\"max-width:100%;\"\n                \/>\n            <\/a>\n        <\/div>\n\t\t\t\t\t\t\t<\/div> \n\t\t\t\n        \n\t\t\t\t<div id=\"ngg-image-28\" class=\"ngg-gallery-thumbnail-box\" >\n\t\t\t\t        <div class=\"ngg-gallery-thumbnail\">\n            <a href=\"http:\/\/www.spaziotorino.it\/scatto\/wp-content\/gallery\/2023_06_13_mercati\/PLA_0752.jpg\"\n               title=\"L&#039;Assessore Chiavarino presenta la nuova APP TorinoMercati\"\n               data-src=\"http:\/\/www.spaziotorino.it\/scatto\/wp-content\/gallery\/2023_06_13_mercati\/PLA_0752.jpg\"\n               data-thumbnail=\"http:\/\/www.spaziotorino.it\/scatto\/wp-content\/gallery\/2023_06_13_mercati\/thumbs\/thumbs_PLA_0752.jpg\"\n               data-image-id=\"29538\"\n               data-title=\"L&#039;Assessore Chiavarino presenta la nuova APP TorinoMercati\"\n               data-description=\"L&#039;Assessore Chiavarino presenta la nuova APP TorinoMercati\"\n               data-image-slug=\"pla_0752\"\n               class=\"ngg-fancybox\" rel=\"18b406d7fb0bc693c6ff648009e58a84\">\n                <img\n                    title=\"L&#039;Assessore Chiavarino presenta la nuova APP TorinoMercati\"\n                    alt=\"L&#039;Assessore Chiavarino presenta la nuova APP TorinoMercati\"\n                    src=\"http:\/\/www.spaziotorino.it\/scatto\/wp-content\/gallery\/2023_06_13_mercati\/cache\/PLA_0752.jpg-nggid0529538-ngg0dyn-60x60x100-00f0w010c011r110f110r010t010.jpg\"\n                    width=\"60\"\n                    height=\"60\"\n                    style=\"max-width:100%;\"\n                \/>\n            <\/a>\n        <\/div>\n\t\t\t\t\t\t\t<\/div> \n\t\t\t\n        \n\t\t\t\t<div id=\"ngg-image-29\" class=\"ngg-gallery-thumbnail-box\" >\n\t\t\t\t        <div class=\"ngg-gallery-thumbnail\">\n            <a href=\"http:\/\/www.spaziotorino.it\/scatto\/wp-content\/gallery\/2023_06_13_mercati\/PLA_0735.jpg\"\n               title=\"L&#039;Assessore Chiavarino presenta la nuova APP TorinoMercati\"\n               data-src=\"http:\/\/www.spaziotorino.it\/scatto\/wp-content\/gallery\/2023_06_13_mercati\/PLA_0735.jpg\"\n               data-thumbnail=\"http:\/\/www.spaziotorino.it\/scatto\/wp-content\/gallery\/2023_06_13_mercati\/thumbs\/thumbs_PLA_0735.jpg\"\n               data-image-id=\"29539\"\n               data-title=\"L&#039;Assessore Chiavarino presenta la nuova APP TorinoMercati\"\n               data-description=\"L&#039;Assessore Chiavarino presenta la nuova APP TorinoMercati\"\n               data-image-slug=\"pla_0735-1\"\n               class=\"ngg-fancybox\" rel=\"18b406d7fb0bc693c6ff648009e58a84\">\n                <img\n                    title=\"L&#039;Assessore Chiavarino presenta la nuova APP TorinoMercati\"\n                    alt=\"L&#039;Assessore Chiavarino presenta la nuova APP TorinoMercati\"\n                    src=\"http:\/\/www.spaziotorino.it\/scatto\/wp-content\/gallery\/2023_06_13_mercati\/cache\/PLA_0735.jpg-nggid0529539-ngg0dyn-60x60x100-00f0w010c011r110f110r010t010.jpg\"\n                    width=\"60\"\n                    height=\"60\"\n                    style=\"max-width:100%;\"\n                \/>\n            <\/a>\n        <\/div>\n\t\t\t\t\t\t\t<\/div> \n\t\t\t\n        \n\t\t\n\t\t<!-- Pagination -->\n\t<div class='ngg-clear'><\/div>\t<\/div>\n\n<p>Il maltempo ha reso impossibile molti degli eventi che erano in programma oggi per la festa dei mercati cittadini.<\/p>\n<p>Gli artisti che avrebbero dovuto esibirsi tra i banchi in varie parti della citt\u00e0 si sono dati appuntamento a Porta Palazzo davanti al IV alimentare per il loro spettacolo. All\u2019interno del mercato centrale \u00e8 invece stata presentata la <strong>nuova APP TorinoMercati<\/strong>, pensata per accedere dal proprio smartphone a molte informazioni utili, sia per i torinesi, sia per i sempre pi\u00f9 numerosi visitatori e turisti stranieri della citt\u00e0.<\/p>\n<p>L\u2019iniziativa rientra nella nuova campagna di valorizzazione e promozione dei mercati cittadini <strong>\u2018Torino Mercati\u2019<\/strong> promossa dalla Citt\u00e0 nell\u2019ambito dell\u2019iniziativa <strong>\u2018Love Your Local Market\u2019<\/strong> ideata dall\u2019Associazione Nazionale dell\u2019Autorit\u00e0 di Mercato Britannica, a cui il Comune di Torino ha aderito.<\/p>\n<p>\u2018Torino Mercati\u2019 si concretizza in un\u2019identit\u00e0 visiva coordinata che rappresenta un\u2019ipotetica visione dall\u2019alto delle bancarelle e si compone di una strategia di comunicazione attraverso molteplici strumenti sia fisici, sia digitali, con affissioni, eventi e <strong>l\u2019App TorinoMercati<\/strong>.<\/p>\n<p>L\u2019applicazione, dedicata a tutte le realt\u00e0 mercatali torinesi, \u00e8 caratterizzata da una navigazione intuitiva e permette di conoscere quali sono i mercati pi\u00f9 vicini, gli orari di apertura, cosa offrono, qual \u00e8 il percorso migliore per raggiungerli oltre ad accompagnare le persone nella scoperta di ogni singolo mercato, del suo quartiere e della sua storia.<\/p>\n<p>La campagna di comunicazione e il nuovo servizio digitale tramite app si inseriscono nell\u2019impegno per la valorizzazione dei mercati cittadini che l\u2019Amministrazione comunale sta portando avanti. Grazie ai fondi europei del Pnrr, infatti, si effettueranno numerosi interventi di restyling dei mercati cittadini. Per Porta Palazzo sono previsti lavori da due milioni e mezzo di euro che prevedranno, ad esempio, il rifacimento delle tettoie e la riqualificazione di tutta la pavimentazione. Un milione e mezzo di euro sar\u00e0 invece investito sul mercato di corso Racconigi, uno dei pi\u00f9 lunghi d\u2019Europa che vede oltre 350 banchi, dove sono in programma nuovi impianti elettrici, idrici e fognari per i banchi di vendita e una nuova pavimentazione del mercato e di tutte le aiuole del corso. Riqualificazioni, sempre con fondi europei, interesseranno anche i mercati di corso Sebastopoli, via Don Grioli, via Baltimora, via Nitti, via Madama Cristina, via Cesare Pavese, via Guala, via Porpora e corso Brunelleschi per migliorare accessibilit\u00e0, sicurezza e fruibilit\u00e0.<\/p>\n<p>\u201c<em>I mercati sono una grande ricchezza di Torino<\/em> \u2013 spiega <strong>l\u2019assessore al Commercio, Paolo Chiavarino<\/strong> \u2013 <em>non solo per il commercio, ma come luogo d\u2019incontro e socialit\u00e0, di crescita lavorativa, di sviluppo interculturale. Raccontano la storia di una citt\u00e0 che, da sempre, ha saputo accogliere e integrare le popolazioni in cerca di lavoro, prima dall\u2019Italia e ora dal mondo, accogliendole con rispetto e maturit\u00e0 sociale. Questa iniziativa e, insieme, il grande lavoro di miglioramento della qualit\u00e0 degli spazi dei mercati in corso sono le azioni con cui ci proponiamo di valorizzare questa importante rete commerciale<\/em>\u201d.<\/p>\n","protected":false},"excerpt":{"rendered":"<p>Il maltempo ha reso impossibile molti degli eventi che erano in programma oggi per la festa dei mercati cittadini. Gli artisti che avrebbero dovuto esibirsi tra i banchi in varie parti della citt\u00e0 si sono dati appuntamento a Porta Palazzo davanti al IV alimentare per il loro spettacolo. All\u2019interno del mercato centrale \u00e8 invece stata [&hellip;]<\/p>\n","protected":false},"author":1,"featured_media":0,"comment_status":"closed","ping_status":"open","sticky":false,"template":"","format":"standard","meta":{"ngg_post_thumbnail":0},"categories":[1,41],"tags":[],"_links":{"self":[{"href":"http:\/\/www.spaziotorino.it\/scatto\/index.php?rest_route=\/wp\/v2\/posts\/45957"}],"collection":[{"href":"http:\/\/www.spaziotorino.it\/scatto\/index.php?rest_route=\/wp\/v2\/posts"}],"about":[{"href":"http:\/\/www.spaziotorino.it\/scatto\/index.php?rest_route=\/wp\/v2\/types\/post"}],"author":[{"embeddable":true,"href":"http:\/\/www.spaziotorino.it\/scatto\/index.php?rest_route=\/wp\/v2\/users\/1"}],"replies":[{"embeddable":true,"href":"http:\/\/www.spaziotorino.it\/scatto\/index.php?rest_route=%2Fwp%2Fv2%2Fcomments&post=45957"}],"version-history":[{"count":1,"href":"http:\/\/www.spaziotorino.it\/scatto\/index.php?rest_route=\/wp\/v2\/posts\/45957\/revisions"}],"predecessor-version":[{"id":45959,"href":"http:\/\/www.spaziotorino.it\/scatto\/index.php?rest_route=\/wp\/v2\/posts\/45957\/revisions\/45959"}],"wp:attachment":[{"href":"http:\/\/www.spaziotorino.it\/scatto\/index.php?rest_route=%2Fwp%2Fv2%2Fmedia&parent=45957"}],"wp:term":[{"taxonomy":"category","embeddable":true,"href":"http:\/\/www.spaziotorino.it\/scatto\/index.php?rest_route=%2Fwp%2Fv2%2Fcategories&post=45957"},{"taxonomy":"post_tag","embeddable":true,"href":"http:\/\/www.spaziotorino.it\/scatto\/index.php?rest_route=%2Fwp%2Fv2%2Ftags&post=45957"}],"curies":[{"name":"wp","href":"https:\/\/api.w.org\/{rel}","templated":true}]}}