{"id":45978,"date":"2023-06-15T19:29:26","date_gmt":"2023-06-15T18:29:26","guid":{"rendered":"http:\/\/www.spaziotorino.it\/scatto\/?p=45978"},"modified":"2023-06-16T09:34:12","modified_gmt":"2023-06-16T08:34:12","slug":"al-mao-metalli-sovrani-la-festa-la-caccia-e-il-firmamento-nellislam-medievale","status":"publish","type":"post","link":"http:\/\/www.spaziotorino.it\/scatto\/?p=45978","title":{"rendered":"Al MAO &#8216;Metalli sovrani &#8211; La festa, la caccia e il firmamento nell\u2019Islam medievale&#8217;"},"content":{"rendered":"<p><a class=\"ngg-fancybox\" title=\"Al MAO 'Metalli sovrani - La festa, la caccia e il firmamento nell\u2019Islam medievale'\" href=\"http:\/\/www.spaziotorino.it\/scatto\/wp-content\/gallery\/2023_06_15_mao\/PLA_1046.jpg\" rel=\"lightbox[set_1964]\"><br \/>\n<img decoding=\"async\" loading=\"lazy\" class=\"ngg-singlepic\" title=\"Al MAO 'Metalli sovrani - La festa, la caccia e il firmamento nell\u2019Islam medievale'\" src=\"http:\/\/www.spaziotorino.it\/scatto\/wp-content\/gallery\/2023_06_15_mao\/PLA_1046.jpg\" alt=\"\" width=\"540\" height=\"360\"\/><\/a><\/p>\n<!-- index.php -->\n<div\n\tclass=\"ngg-galleryoverview ngg-ajax-pagination-none\"\n\tid=\"ngg-gallery-154262d9260edd127d40d13a026afb14-1\">\n\n    \t\t<!-- Thumbnails -->\n\t\t\t\t<div id=\"ngg-image-0\" class=\"ngg-gallery-thumbnail-box\" >\n\t\t\t\t        <div class=\"ngg-gallery-thumbnail\">\n            <a href=\"http:\/\/www.spaziotorino.it\/scatto\/wp-content\/gallery\/2023_06_15_mao\/PLA_0942.jpg\"\n               title=\"Veronica Prestini, curatrice della mostra; Davide Quadrio, direttore del MAO e Ahmed Abdullahi, Consigliere Comunale\"\n               data-src=\"http:\/\/www.spaziotorino.it\/scatto\/wp-content\/gallery\/2023_06_15_mao\/PLA_0942.jpg\"\n               data-thumbnail=\"http:\/\/www.spaziotorino.it\/scatto\/wp-content\/gallery\/2023_06_15_mao\/thumbs\/thumbs_PLA_0942.jpg\"\n               data-image-id=\"29548\"\n               data-title=\"Veronica Prestini, curatrice della mostra; Davide Quadrio, direttore del MAO e Ahmed Abdullahi, Consigliere Comunale\"\n               data-description=\"Veronica Prestini, curatrice della mostra; Davide Quadrio, direttore del MAO e Ahmed Abdullahi, Consigliere Comunale\"\n               data-image-slug=\"pla_0942-1\"\n               class=\"ngg-fancybox\" rel=\"154262d9260edd127d40d13a026afb14\">\n                <img\n                    title=\"Veronica Prestini, curatrice della mostra; Davide Quadrio, direttore del MAO e Ahmed Abdullahi, Consigliere Comunale\"\n                    alt=\"Veronica Prestini, curatrice della mostra; Davide Quadrio, direttore del MAO e Ahmed Abdullahi, Consigliere Comunale\"\n                    src=\"http:\/\/www.spaziotorino.it\/scatto\/wp-content\/gallery\/2023_06_15_mao\/cache\/PLA_0942.jpg-nggid0529548-ngg0dyn-60x60x100-00f0w010c011r110f110r010t010.jpg\"\n                    width=\"60\"\n                    height=\"60\"\n                    style=\"max-width:100%;\"\n                \/>\n            <\/a>\n        <\/div>\n\t\t\t\t\t\t\t<\/div> \n\t\t\t\n        \n\t\t\t\t<div id=\"ngg-image-1\" class=\"ngg-gallery-thumbnail-box\" >\n\t\t\t\t        <div class=\"ngg-gallery-thumbnail\">\n            <a href=\"http:\/\/www.spaziotorino.it\/scatto\/wp-content\/gallery\/2023_06_15_mao\/PLA_0944.jpg\"\n               title=\"MAO - Inaugurazione della  mostra: Metalli sovrani. La festa, la caccia e il firmamento nell\u2019Islam medievale\"\n               data-src=\"http:\/\/www.spaziotorino.it\/scatto\/wp-content\/gallery\/2023_06_15_mao\/PLA_0944.jpg\"\n               data-thumbnail=\"http:\/\/www.spaziotorino.it\/scatto\/wp-content\/gallery\/2023_06_15_mao\/thumbs\/thumbs_PLA_0944.jpg\"\n               data-image-id=\"29551\"\n               data-title=\"MAO - Inaugurazione della  mostra: Metalli sovrani. La festa, la caccia e il firmamento nell\u2019Islam medievale\"\n               data-description=\"MAO - Inaugurazione della  mostra: Metalli sovrani. La festa, la caccia e il firmamento nell\u2019Islam medievale\"\n               data-image-slug=\"pla_0944-1\"\n               class=\"ngg-fancybox\" rel=\"154262d9260edd127d40d13a026afb14\">\n                <img\n                    title=\"MAO - Inaugurazione della  mostra: Metalli sovrani. La festa, la caccia e il firmamento nell\u2019Islam medievale\"\n                    alt=\"MAO - Inaugurazione della  mostra: Metalli sovrani. La festa, la caccia e il firmamento nell\u2019Islam medievale\"\n                    src=\"http:\/\/www.spaziotorino.it\/scatto\/wp-content\/gallery\/2023_06_15_mao\/cache\/PLA_0944.jpg-nggid0529551-ngg0dyn-60x60x100-00f0w010c011r110f110r010t010.jpg\"\n                    width=\"60\"\n                    height=\"60\"\n                    style=\"max-width:100%;\"\n                \/>\n            <\/a>\n        <\/div>\n\t\t\t\t\t\t\t<\/div> \n\t\t\t\n        \n\t\t\t\t<div id=\"ngg-image-2\" class=\"ngg-gallery-thumbnail-box\" >\n\t\t\t\t        <div class=\"ngg-gallery-thumbnail\">\n            <a href=\"http:\/\/www.spaziotorino.it\/scatto\/wp-content\/gallery\/2023_06_15_mao\/PLA_0948.jpg\"\n               title=\"Veronica Prestini e Davide Quadrio\"\n               data-src=\"http:\/\/www.spaziotorino.it\/scatto\/wp-content\/gallery\/2023_06_15_mao\/PLA_0948.jpg\"\n               data-thumbnail=\"http:\/\/www.spaziotorino.it\/scatto\/wp-content\/gallery\/2023_06_15_mao\/thumbs\/thumbs_PLA_0948.jpg\"\n               data-image-id=\"29549\"\n               data-title=\"Veronica Prestini e Davide Quadrio\"\n               data-description=\"Veronica Prestini e Davide Quadrio\"\n               data-image-slug=\"pla_0948-2\"\n               class=\"ngg-fancybox\" rel=\"154262d9260edd127d40d13a026afb14\">\n                <img\n                    title=\"Veronica Prestini e Davide Quadrio\"\n                    alt=\"Veronica Prestini e Davide Quadrio\"\n                    src=\"http:\/\/www.spaziotorino.it\/scatto\/wp-content\/gallery\/2023_06_15_mao\/cache\/PLA_0948.jpg-nggid0529549-ngg0dyn-60x60x100-00f0w010c011r110f110r010t010.jpg\"\n                    width=\"60\"\n                    height=\"60\"\n                    style=\"max-width:100%;\"\n                \/>\n            <\/a>\n        <\/div>\n\t\t\t\t\t\t\t<\/div> \n\t\t\t\n        \n\t\t\t\t<div id=\"ngg-image-3\" class=\"ngg-gallery-thumbnail-box\" >\n\t\t\t\t        <div class=\"ngg-gallery-thumbnail\">\n            <a href=\"http:\/\/www.spaziotorino.it\/scatto\/wp-content\/gallery\/2023_06_15_mao\/PLA_0954.jpg\"\n               title=\"15 giugno 2023MAOInaugurazione mostra: Metalli sovrani. La festa, la caccia e il firmamento nell\u2019Islam medievale\"\n               data-src=\"http:\/\/www.spaziotorino.it\/scatto\/wp-content\/gallery\/2023_06_15_mao\/PLA_0954.jpg\"\n               data-thumbnail=\"http:\/\/www.spaziotorino.it\/scatto\/wp-content\/gallery\/2023_06_15_mao\/thumbs\/thumbs_PLA_0954.jpg\"\n               data-image-id=\"29550\"\n               data-title=\"15 giugno 2023MAOInaugurazione mostra: Metalli sovrani. La festa, la caccia e il firmamento nell\u2019Islam medievale\"\n               data-description=\"15 giugno 2023MAOInaugurazione mostra: Metalli sovrani. La festa, la caccia e il firmamento nell\u2019Islam medievale\"\n               data-image-slug=\"pla_0954-1\"\n               class=\"ngg-fancybox\" rel=\"154262d9260edd127d40d13a026afb14\">\n                <img\n                    title=\"15 giugno 2023MAOInaugurazione mostra: Metalli sovrani. La festa, la caccia e il firmamento nell\u2019Islam medievale\"\n                    alt=\"15 giugno 2023MAOInaugurazione mostra: Metalli sovrani. La festa, la caccia e il firmamento nell\u2019Islam medievale\"\n                    src=\"http:\/\/www.spaziotorino.it\/scatto\/wp-content\/gallery\/2023_06_15_mao\/cache\/PLA_0954.jpg-nggid0529550-ngg0dyn-60x60x100-00f0w010c011r110f110r010t010.jpg\"\n                    width=\"60\"\n                    height=\"60\"\n                    style=\"max-width:100%;\"\n                \/>\n            <\/a>\n        <\/div>\n\t\t\t\t\t\t\t<\/div> \n\t\t\t\n        \n\t\t\t\t<div id=\"ngg-image-4\" class=\"ngg-gallery-thumbnail-box\" >\n\t\t\t\t        <div class=\"ngg-gallery-thumbnail\">\n            <a href=\"http:\/\/www.spaziotorino.it\/scatto\/wp-content\/gallery\/2023_06_15_mao\/PLA_0957.jpg\"\n               title=\"Metalli sovrani. La festa, la caccia e il firmamento nell\u2019Islam medievale\"\n               data-src=\"http:\/\/www.spaziotorino.it\/scatto\/wp-content\/gallery\/2023_06_15_mao\/PLA_0957.jpg\"\n               data-thumbnail=\"http:\/\/www.spaziotorino.it\/scatto\/wp-content\/gallery\/2023_06_15_mao\/thumbs\/thumbs_PLA_0957.jpg\"\n               data-image-id=\"29552\"\n               data-title=\"Metalli sovrani. La festa, la caccia e il firmamento nell\u2019Islam medievale\"\n               data-description=\"Metalli sovrani. La festa, la caccia e il firmamento nell\u2019Islam medievale\"\n               data-image-slug=\"pla_0957-1\"\n               class=\"ngg-fancybox\" rel=\"154262d9260edd127d40d13a026afb14\">\n                <img\n                    title=\"Metalli sovrani. La festa, la caccia e il firmamento nell\u2019Islam medievale\"\n                    alt=\"Metalli sovrani. La festa, la caccia e il firmamento nell\u2019Islam medievale\"\n                    src=\"http:\/\/www.spaziotorino.it\/scatto\/wp-content\/gallery\/2023_06_15_mao\/cache\/PLA_0957.jpg-nggid0529552-ngg0dyn-60x60x100-00f0w010c011r110f110r010t010.jpg\"\n                    width=\"60\"\n                    height=\"60\"\n                    style=\"max-width:100%;\"\n                \/>\n            <\/a>\n        <\/div>\n\t\t\t\t\t\t\t<\/div> \n\t\t\t\n        \n\t\t\t\t<div id=\"ngg-image-5\" class=\"ngg-gallery-thumbnail-box\" >\n\t\t\t\t        <div class=\"ngg-gallery-thumbnail\">\n            <a href=\"http:\/\/www.spaziotorino.it\/scatto\/wp-content\/gallery\/2023_06_15_mao\/PLA_0951.jpg\"\n               title=\"Metalli sovrani. La festa, la caccia e il firmamento nell\u2019Islam medievale\"\n               data-src=\"http:\/\/www.spaziotorino.it\/scatto\/wp-content\/gallery\/2023_06_15_mao\/PLA_0951.jpg\"\n               data-thumbnail=\"http:\/\/www.spaziotorino.it\/scatto\/wp-content\/gallery\/2023_06_15_mao\/thumbs\/thumbs_PLA_0951.jpg\"\n               data-image-id=\"29553\"\n               data-title=\"Metalli sovrani. La festa, la caccia e il firmamento nell\u2019Islam medievale\"\n               data-description=\"Metalli sovrani. La festa, la caccia e il firmamento nell\u2019Islam medievale\"\n               data-image-slug=\"pla_0951-2\"\n               class=\"ngg-fancybox\" rel=\"154262d9260edd127d40d13a026afb14\">\n                <img\n                    title=\"Metalli sovrani. La festa, la caccia e il firmamento nell\u2019Islam medievale\"\n                    alt=\"Metalli sovrani. La festa, la caccia e il firmamento nell\u2019Islam medievale\"\n                    src=\"http:\/\/www.spaziotorino.it\/scatto\/wp-content\/gallery\/2023_06_15_mao\/cache\/PLA_0951.jpg-nggid0529553-ngg0dyn-60x60x100-00f0w010c011r110f110r010t010.jpg\"\n                    width=\"60\"\n                    height=\"60\"\n                    style=\"max-width:100%;\"\n                \/>\n            <\/a>\n        <\/div>\n\t\t\t\t\t\t\t<\/div> \n\t\t\t\n        \n\t\t\t\t<div id=\"ngg-image-6\" class=\"ngg-gallery-thumbnail-box\" >\n\t\t\t\t        <div class=\"ngg-gallery-thumbnail\">\n            <a href=\"http:\/\/www.spaziotorino.it\/scatto\/wp-content\/gallery\/2023_06_15_mao\/PLA_0959.jpg\"\n               title=\"Metalli sovrani. La festa, la caccia e il firmamento nell\u2019Islam medievale\"\n               data-src=\"http:\/\/www.spaziotorino.it\/scatto\/wp-content\/gallery\/2023_06_15_mao\/PLA_0959.jpg\"\n               data-thumbnail=\"http:\/\/www.spaziotorino.it\/scatto\/wp-content\/gallery\/2023_06_15_mao\/thumbs\/thumbs_PLA_0959.jpg\"\n               data-image-id=\"29554\"\n               data-title=\"Metalli sovrani. La festa, la caccia e il firmamento nell\u2019Islam medievale\"\n               data-description=\"Metalli sovrani. La festa, la caccia e il firmamento nell\u2019Islam medievale\"\n               data-image-slug=\"pla_0959\"\n               class=\"ngg-fancybox\" rel=\"154262d9260edd127d40d13a026afb14\">\n                <img\n                    title=\"Metalli sovrani. La festa, la caccia e il firmamento nell\u2019Islam medievale\"\n                    alt=\"Metalli sovrani. La festa, la caccia e il firmamento nell\u2019Islam medievale\"\n                    src=\"http:\/\/www.spaziotorino.it\/scatto\/wp-content\/gallery\/2023_06_15_mao\/cache\/PLA_0959.jpg-nggid0529554-ngg0dyn-60x60x100-00f0w010c011r110f110r010t010.jpg\"\n                    width=\"60\"\n                    height=\"60\"\n                    style=\"max-width:100%;\"\n                \/>\n            <\/a>\n        <\/div>\n\t\t\t\t\t\t\t<\/div> \n\t\t\t\n        \n\t\t\t\t<div id=\"ngg-image-7\" class=\"ngg-gallery-thumbnail-box\" >\n\t\t\t\t        <div class=\"ngg-gallery-thumbnail\">\n            <a href=\"http:\/\/www.spaziotorino.it\/scatto\/wp-content\/gallery\/2023_06_15_mao\/PLA_0964.jpg\"\n               title=\"Metalli sovrani. La festa, la caccia e il firmamento nell\u2019Islam medievale\"\n               data-src=\"http:\/\/www.spaziotorino.it\/scatto\/wp-content\/gallery\/2023_06_15_mao\/PLA_0964.jpg\"\n               data-thumbnail=\"http:\/\/www.spaziotorino.it\/scatto\/wp-content\/gallery\/2023_06_15_mao\/thumbs\/thumbs_PLA_0964.jpg\"\n               data-image-id=\"29555\"\n               data-title=\"Metalli sovrani. La festa, la caccia e il firmamento nell\u2019Islam medievale\"\n               data-description=\"Metalli sovrani. La festa, la caccia e il firmamento nell\u2019Islam medievale\"\n               data-image-slug=\"pla_0964\"\n               class=\"ngg-fancybox\" rel=\"154262d9260edd127d40d13a026afb14\">\n                <img\n                    title=\"Metalli sovrani. La festa, la caccia e il firmamento nell\u2019Islam medievale\"\n                    alt=\"Metalli sovrani. La festa, la caccia e il firmamento nell\u2019Islam medievale\"\n                    src=\"http:\/\/www.spaziotorino.it\/scatto\/wp-content\/gallery\/2023_06_15_mao\/cache\/PLA_0964.jpg-nggid0529555-ngg0dyn-60x60x100-00f0w010c011r110f110r010t010.jpg\"\n                    width=\"60\"\n                    height=\"60\"\n                    style=\"max-width:100%;\"\n                \/>\n            <\/a>\n        <\/div>\n\t\t\t\t\t\t\t<\/div> \n\t\t\t\n        \n\t\t\t\t<div id=\"ngg-image-8\" class=\"ngg-gallery-thumbnail-box\" >\n\t\t\t\t        <div class=\"ngg-gallery-thumbnail\">\n            <a href=\"http:\/\/www.spaziotorino.it\/scatto\/wp-content\/gallery\/2023_06_15_mao\/PLA_0976.jpg\"\n               title=\"Metalli sovrani. La festa, la caccia e il firmamento nell\u2019Islam medievale\"\n               data-src=\"http:\/\/www.spaziotorino.it\/scatto\/wp-content\/gallery\/2023_06_15_mao\/PLA_0976.jpg\"\n               data-thumbnail=\"http:\/\/www.spaziotorino.it\/scatto\/wp-content\/gallery\/2023_06_15_mao\/thumbs\/thumbs_PLA_0976.jpg\"\n               data-image-id=\"29556\"\n               data-title=\"Metalli sovrani. La festa, la caccia e il firmamento nell\u2019Islam medievale\"\n               data-description=\"Metalli sovrani. La festa, la caccia e il firmamento nell\u2019Islam medievale\"\n               data-image-slug=\"pla_0976\"\n               class=\"ngg-fancybox\" rel=\"154262d9260edd127d40d13a026afb14\">\n                <img\n                    title=\"Metalli sovrani. La festa, la caccia e il firmamento nell\u2019Islam medievale\"\n                    alt=\"Metalli sovrani. La festa, la caccia e il firmamento nell\u2019Islam medievale\"\n                    src=\"http:\/\/www.spaziotorino.it\/scatto\/wp-content\/gallery\/2023_06_15_mao\/cache\/PLA_0976.jpg-nggid0529556-ngg0dyn-60x60x100-00f0w010c011r110f110r010t010.jpg\"\n                    width=\"60\"\n                    height=\"60\"\n                    style=\"max-width:100%;\"\n                \/>\n            <\/a>\n        <\/div>\n\t\t\t\t\t\t\t<\/div> \n\t\t\t\n        \n\t\t\t\t<div id=\"ngg-image-9\" class=\"ngg-gallery-thumbnail-box\" >\n\t\t\t\t        <div class=\"ngg-gallery-thumbnail\">\n            <a href=\"http:\/\/www.spaziotorino.it\/scatto\/wp-content\/gallery\/2023_06_15_mao\/PLA_0990.jpg\"\n               title=\"Metalli sovrani. La festa, la caccia e il firmamento nell\u2019Islam medievale\"\n               data-src=\"http:\/\/www.spaziotorino.it\/scatto\/wp-content\/gallery\/2023_06_15_mao\/PLA_0990.jpg\"\n               data-thumbnail=\"http:\/\/www.spaziotorino.it\/scatto\/wp-content\/gallery\/2023_06_15_mao\/thumbs\/thumbs_PLA_0990.jpg\"\n               data-image-id=\"29557\"\n               data-title=\"Metalli sovrani. La festa, la caccia e il firmamento nell\u2019Islam medievale\"\n               data-description=\"Metalli sovrani. La festa, la caccia e il firmamento nell\u2019Islam medievale\"\n               data-image-slug=\"pla_0990-1\"\n               class=\"ngg-fancybox\" rel=\"154262d9260edd127d40d13a026afb14\">\n                <img\n                    title=\"Metalli sovrani. La festa, la caccia e il firmamento nell\u2019Islam medievale\"\n                    alt=\"Metalli sovrani. La festa, la caccia e il firmamento nell\u2019Islam medievale\"\n                    src=\"http:\/\/www.spaziotorino.it\/scatto\/wp-content\/gallery\/2023_06_15_mao\/cache\/PLA_0990.jpg-nggid0529557-ngg0dyn-60x60x100-00f0w010c011r110f110r010t010.jpg\"\n                    width=\"60\"\n                    height=\"60\"\n                    style=\"max-width:100%;\"\n                \/>\n            <\/a>\n        <\/div>\n\t\t\t\t\t\t\t<\/div> \n\t\t\t\n        \n\t\t\t\t<div id=\"ngg-image-10\" class=\"ngg-gallery-thumbnail-box\" >\n\t\t\t\t        <div class=\"ngg-gallery-thumbnail\">\n            <a href=\"http:\/\/www.spaziotorino.it\/scatto\/wp-content\/gallery\/2023_06_15_mao\/PLA_1024.jpg\"\n               title=\"Metalli sovrani. La festa, la caccia e il firmamento nell\u2019Islam medievale\"\n               data-src=\"http:\/\/www.spaziotorino.it\/scatto\/wp-content\/gallery\/2023_06_15_mao\/PLA_1024.jpg\"\n               data-thumbnail=\"http:\/\/www.spaziotorino.it\/scatto\/wp-content\/gallery\/2023_06_15_mao\/thumbs\/thumbs_PLA_1024.jpg\"\n               data-image-id=\"29558\"\n               data-title=\"Metalli sovrani. La festa, la caccia e il firmamento nell\u2019Islam medievale\"\n               data-description=\"Metalli sovrani. La festa, la caccia e il firmamento nell\u2019Islam medievale\"\n               data-image-slug=\"pla_1024-1\"\n               class=\"ngg-fancybox\" rel=\"154262d9260edd127d40d13a026afb14\">\n                <img\n                    title=\"Metalli sovrani. La festa, la caccia e il firmamento nell\u2019Islam medievale\"\n                    alt=\"Metalli sovrani. La festa, la caccia e il firmamento nell\u2019Islam medievale\"\n                    src=\"http:\/\/www.spaziotorino.it\/scatto\/wp-content\/gallery\/2023_06_15_mao\/cache\/PLA_1024.jpg-nggid0529558-ngg0dyn-60x60x100-00f0w010c011r110f110r010t010.jpg\"\n                    width=\"60\"\n                    height=\"60\"\n                    style=\"max-width:100%;\"\n                \/>\n            <\/a>\n        <\/div>\n\t\t\t\t\t\t\t<\/div> \n\t\t\t\n        \n\t\t\t\t<div id=\"ngg-image-11\" class=\"ngg-gallery-thumbnail-box\" >\n\t\t\t\t        <div class=\"ngg-gallery-thumbnail\">\n            <a href=\"http:\/\/www.spaziotorino.it\/scatto\/wp-content\/gallery\/2023_06_15_mao\/PLA_0999.jpg\"\n               title=\"Metalli sovrani. La festa, la caccia e il firmamento nell\u2019Islam medievale\"\n               data-src=\"http:\/\/www.spaziotorino.it\/scatto\/wp-content\/gallery\/2023_06_15_mao\/PLA_0999.jpg\"\n               data-thumbnail=\"http:\/\/www.spaziotorino.it\/scatto\/wp-content\/gallery\/2023_06_15_mao\/thumbs\/thumbs_PLA_0999.jpg\"\n               data-image-id=\"29559\"\n               data-title=\"Metalli sovrani. La festa, la caccia e il firmamento nell\u2019Islam medievale\"\n               data-description=\"Metalli sovrani. La festa, la caccia e il firmamento nell\u2019Islam medievale\"\n               data-image-slug=\"pla_0999-1\"\n               class=\"ngg-fancybox\" rel=\"154262d9260edd127d40d13a026afb14\">\n                <img\n                    title=\"Metalli sovrani. La festa, la caccia e il firmamento nell\u2019Islam medievale\"\n                    alt=\"Metalli sovrani. La festa, la caccia e il firmamento nell\u2019Islam medievale\"\n                    src=\"http:\/\/www.spaziotorino.it\/scatto\/wp-content\/gallery\/2023_06_15_mao\/cache\/PLA_0999.jpg-nggid0529559-ngg0dyn-60x60x100-00f0w010c011r110f110r010t010.jpg\"\n                    width=\"60\"\n                    height=\"60\"\n                    style=\"max-width:100%;\"\n                \/>\n            <\/a>\n        <\/div>\n\t\t\t\t\t\t\t<\/div> \n\t\t\t\n        \n\t\t\t\t<div id=\"ngg-image-12\" class=\"ngg-gallery-thumbnail-box\" >\n\t\t\t\t        <div class=\"ngg-gallery-thumbnail\">\n            <a href=\"http:\/\/www.spaziotorino.it\/scatto\/wp-content\/gallery\/2023_06_15_mao\/PLA_1034.jpg\"\n               title=\"Metalli sovrani. La festa, la caccia e il firmamento nell\u2019Islam medievale\"\n               data-src=\"http:\/\/www.spaziotorino.it\/scatto\/wp-content\/gallery\/2023_06_15_mao\/PLA_1034.jpg\"\n               data-thumbnail=\"http:\/\/www.spaziotorino.it\/scatto\/wp-content\/gallery\/2023_06_15_mao\/thumbs\/thumbs_PLA_1034.jpg\"\n               data-image-id=\"29560\"\n               data-title=\"Metalli sovrani. La festa, la caccia e il firmamento nell\u2019Islam medievale\"\n               data-description=\"Metalli sovrani. La festa, la caccia e il firmamento nell\u2019Islam medievale\"\n               data-image-slug=\"pla_1034\"\n               class=\"ngg-fancybox\" rel=\"154262d9260edd127d40d13a026afb14\">\n                <img\n                    title=\"Metalli sovrani. La festa, la caccia e il firmamento nell\u2019Islam medievale\"\n                    alt=\"Metalli sovrani. La festa, la caccia e il firmamento nell\u2019Islam medievale\"\n                    src=\"http:\/\/www.spaziotorino.it\/scatto\/wp-content\/gallery\/2023_06_15_mao\/cache\/PLA_1034.jpg-nggid0529560-ngg0dyn-60x60x100-00f0w010c011r110f110r010t010.jpg\"\n                    width=\"60\"\n                    height=\"60\"\n                    style=\"max-width:100%;\"\n                \/>\n            <\/a>\n        <\/div>\n\t\t\t\t\t\t\t<\/div> \n\t\t\t\n        \n\t\t\t\t<div id=\"ngg-image-13\" class=\"ngg-gallery-thumbnail-box\" >\n\t\t\t\t        <div class=\"ngg-gallery-thumbnail\">\n            <a href=\"http:\/\/www.spaziotorino.it\/scatto\/wp-content\/gallery\/2023_06_15_mao\/PLA_1042.jpg\"\n               title=\"Metalli sovrani. La festa, la caccia e il firmamento nell\u2019Islam medievale\"\n               data-src=\"http:\/\/www.spaziotorino.it\/scatto\/wp-content\/gallery\/2023_06_15_mao\/PLA_1042.jpg\"\n               data-thumbnail=\"http:\/\/www.spaziotorino.it\/scatto\/wp-content\/gallery\/2023_06_15_mao\/thumbs\/thumbs_PLA_1042.jpg\"\n               data-image-id=\"29561\"\n               data-title=\"Metalli sovrani. La festa, la caccia e il firmamento nell\u2019Islam medievale\"\n               data-description=\"Metalli sovrani. La festa, la caccia e il firmamento nell\u2019Islam medievale\"\n               data-image-slug=\"pla_1042-1\"\n               class=\"ngg-fancybox\" rel=\"154262d9260edd127d40d13a026afb14\">\n                <img\n                    title=\"Metalli sovrani. La festa, la caccia e il firmamento nell\u2019Islam medievale\"\n                    alt=\"Metalli sovrani. La festa, la caccia e il firmamento nell\u2019Islam medievale\"\n                    src=\"http:\/\/www.spaziotorino.it\/scatto\/wp-content\/gallery\/2023_06_15_mao\/cache\/PLA_1042.jpg-nggid0529561-ngg0dyn-60x60x100-00f0w010c011r110f110r010t010.jpg\"\n                    width=\"60\"\n                    height=\"60\"\n                    style=\"max-width:100%;\"\n                \/>\n            <\/a>\n        <\/div>\n\t\t\t\t\t\t\t<\/div> \n\t\t\t\n        \n\t\t\t\t<div id=\"ngg-image-14\" class=\"ngg-gallery-thumbnail-box\" >\n\t\t\t\t        <div class=\"ngg-gallery-thumbnail\">\n            <a href=\"http:\/\/www.spaziotorino.it\/scatto\/wp-content\/gallery\/2023_06_15_mao\/PLA_1045.jpg\"\n               title=\"Metalli sovrani. La festa, la caccia e il firmamento nell\u2019Islam medievale\"\n               data-src=\"http:\/\/www.spaziotorino.it\/scatto\/wp-content\/gallery\/2023_06_15_mao\/PLA_1045.jpg\"\n               data-thumbnail=\"http:\/\/www.spaziotorino.it\/scatto\/wp-content\/gallery\/2023_06_15_mao\/thumbs\/thumbs_PLA_1045.jpg\"\n               data-image-id=\"29562\"\n               data-title=\"Metalli sovrani. La festa, la caccia e il firmamento nell\u2019Islam medievale\"\n               data-description=\"Metalli sovrani. La festa, la caccia e il firmamento nell\u2019Islam medievale\"\n               data-image-slug=\"pla_1045\"\n               class=\"ngg-fancybox\" rel=\"154262d9260edd127d40d13a026afb14\">\n                <img\n                    title=\"Metalli sovrani. La festa, la caccia e il firmamento nell\u2019Islam medievale\"\n                    alt=\"Metalli sovrani. La festa, la caccia e il firmamento nell\u2019Islam medievale\"\n                    src=\"http:\/\/www.spaziotorino.it\/scatto\/wp-content\/gallery\/2023_06_15_mao\/cache\/PLA_1045.jpg-nggid0529562-ngg0dyn-60x60x100-00f0w010c011r110f110r010t010.jpg\"\n                    width=\"60\"\n                    height=\"60\"\n                    style=\"max-width:100%;\"\n                \/>\n            <\/a>\n        <\/div>\n\t\t\t\t\t\t\t<\/div> \n\t\t\t\n        \n\t\t\t\t<div id=\"ngg-image-15\" class=\"ngg-gallery-thumbnail-box\" >\n\t\t\t\t        <div class=\"ngg-gallery-thumbnail\">\n            <a href=\"http:\/\/www.spaziotorino.it\/scatto\/wp-content\/gallery\/2023_06_15_mao\/PLA_1048.jpg\"\n               title=\"Metalli sovrani. La festa, la caccia e il firmamento nell\u2019Islam medievale\"\n               data-src=\"http:\/\/www.spaziotorino.it\/scatto\/wp-content\/gallery\/2023_06_15_mao\/PLA_1048.jpg\"\n               data-thumbnail=\"http:\/\/www.spaziotorino.it\/scatto\/wp-content\/gallery\/2023_06_15_mao\/thumbs\/thumbs_PLA_1048.jpg\"\n               data-image-id=\"29564\"\n               data-title=\"Metalli sovrani. La festa, la caccia e il firmamento nell\u2019Islam medievale\"\n               data-description=\"Metalli sovrani. La festa, la caccia e il firmamento nell\u2019Islam medievale\"\n               data-image-slug=\"pla_1048\"\n               class=\"ngg-fancybox\" rel=\"154262d9260edd127d40d13a026afb14\">\n                <img\n                    title=\"Metalli sovrani. La festa, la caccia e il firmamento nell\u2019Islam medievale\"\n                    alt=\"Metalli sovrani. La festa, la caccia e il firmamento nell\u2019Islam medievale\"\n                    src=\"http:\/\/www.spaziotorino.it\/scatto\/wp-content\/gallery\/2023_06_15_mao\/cache\/PLA_1048.jpg-nggid0529564-ngg0dyn-60x60x100-00f0w010c011r110f110r010t010.jpg\"\n                    width=\"60\"\n                    height=\"60\"\n                    style=\"max-width:100%;\"\n                \/>\n            <\/a>\n        <\/div>\n\t\t\t\t\t\t\t<\/div> \n\t\t\t\n        \n\t\t\n\t\t<!-- Pagination -->\n\t<div class='ngg-clear'><\/div>\t<\/div>\n\n<p>La seconda tappa del viaggio di avvicinamento alla grande mostra dell\u2019autunno dedicata all\u2019<strong>arte dei paesi tra estremo Oriente e centro Asia fino alle sponde del Mediterraneo <\/strong>\u00e8 un progetto espositivo dedicato ai pi\u00f9 raffinati oggetti di arte islamica in metallo dal titolo <strong><em>Metalli sovrani. La festa, la caccia e il firmamento nell\u2019Islam medievale<\/em><\/strong> e rappresenta la prima collaborazione fra il <strong>Museo d\u2019Arte Orientale<\/strong> e <strong>The<\/strong> <strong>Aron Collection<\/strong>.<\/p>\n<p>La mostra, che succede a <em>Lustro e lusso dalla Spagna islamica<\/em> all\u2019interno della galleria islamica del MAO, presenta una mirata <strong>selezione delle principali tipologie di oggetti della metallistica islamica<\/strong> (bruciaprofumi, portapenne, candelieri, vassoi, bacili, coppe, bottiglie porta profumo) che, insieme alla miniatura, pu\u00f2 essere considerata <strong>tra le pi\u00f9 alte espressioni della creativit\u00e0 artistica islamica<\/strong>.<\/p>\n<p>Una creativit\u00e0 che dalla Persia si diffondeva nel mondo come un linguaggio, raggiungendo a Oriente l\u2019India e la Cina e arrivando in Occidente alle pendici dell\u2019Atlante. Frutto di ammirazione e di imitazione raggiunse anche l\u2019Europa, dimostrando quanto le frontiere politiche e religiose non corrispondessero affatto a quelle della percezione estetica.<\/p>\n<p>Quali erano i <strong>soggetti<\/strong> preferiti dagli artigiani per decorare questi preziosi oggetti in metallo?<\/p>\n<p>Senza dubbio quello della <strong>caccia<\/strong>, e in particolare l\u2019iconografia del re a cavallo affiancato da alcuni animali (spesso un falcone o un ghepardo) e da una schiava, che poteva essere un\u2019artista scienziata e musicante.<\/p>\n<p>L\u2019<strong>astronomia<\/strong>, che insieme all\u2019<strong>astrologia<\/strong>, rivestiva un ruolo centrale nella vita dei sovrani e ne influenzava le scelte politiche, militari e persino amorose, era un tema figurativo molto comune con pianeti, costellazioni e segni zodiacali, ma anche immagini legate alla predizione del futuro; infine le <strong>scene di festa e banchetto<\/strong>, legate anche al genere letterario conosciuto come <em>Bazm-o-Razm<\/em>, ovvero \u201cbanchetto e battaglia\u201d ad indicare come i fasti della pace si contrapponessero in maniera ciclica all\u2019ardore dei combattimenti.<\/p>\n<p>In particolare l\u2019astrologia, con le scene di vita di corte, e gli sfarzi della regalit\u00e0 riescono a sfuggire nel Medioevo all\u2019iconoclastia islamica, diventando le raffigurazioni predilette anche per gli oggetti destinati alla fiorente borghesia medievale islamica che, a partire dal X secolo, popola le citt\u00e0 del Califfato.<\/p>\n<p>A questo repertorio straordinario e metafisico si associa infine il rigore delle <strong>arti calligrafiche<\/strong>, utilizzato in prevalenza negli oggetti destinati all\u2019illuminazione, quali candelieri e lampade, fondamentali non solo nella vita quotidiana e secolare, ma anche nella pi\u00f9 sfarzosa dimensione spirituale e sacra.<\/p>\n<p>Fra gli oggetti pi\u00f9 raffinati in esposizione troviamo un <strong>portapenne incrostato in argento<\/strong> (Mosul, Iraq, fine XIII secolo), che reca una raffigurazione del sole circondato dai pianeti, motivo iconografico tipico degli oggetti destinati a governanti e ad altri membri dell\u2019\u00e9lite nonch\u00e9 emblema dell&#8217;iconografia astrologica nell&#8217;Islam medievale, e un <strong>grande bacile in ottone inciso e ageminato in argento<\/strong> (Fars, Iran meridionale, XIV secolo) dalla decorazione altamente simbolica: le scene di caccia col ghepardo, col falcone e con l\u2019arco che ricorrono su tutta la superficie dell\u2019oggetto erano espressione di una prerogativa reale e, rimandando alle eccezionali qualit\u00e0 di combattente del sovrano, ne legittimavano il potere.<\/p>\n<p>Come gi\u00e0 accaduto per altri progetti espositivi del MAO, anche <em>Metalli sovrani<\/em> intende costruire un <strong>dialogo tra opere antiche e contemporanee<\/strong>, offrendosi come dispositivo di studio e di approfondimento di culture e materiali. Questa volta, all\u2019interno del percorso espositivo, il MAO ha il piacere di presentare l\u2019opera <strong><em>Monochrome bleu<\/em><\/strong> (1959) di <strong>Yves Klein<\/strong> (1928-1962).<\/p>\n<p>La sperimentazione artistica di Yves Klein, che ha trasformato il colore in arte esaltando la luminosit\u00e0 e l\u2019intensit\u00e0 del blu oltremare, rappresenta in qualche modo il compiersi di una ricerca che ha origini antichissime. Il blu oltremare pu\u00f2 senza dubbio essere considerato come il pi\u00f9 importante dei colori naturali gi\u00e0 conosciuto e usato in pittura nell\u2019antichit\u00e0. La ricerca stilistica del colore ha coinvolto in maniera assoluta anche i miniaturisti islamici dediti all\u2019illustrazione dei manoscritti. Il blu oltremare, il cosiddetto blu di Persia, domina infatti nelle pregiatissime miniature ed \u00e8 spesso sapientemente accompagnato dall\u2019uso della foglia oro.<\/p>\n<p>In quest\u2019ottica l\u2019opera <em>Monochrome Bleu<\/em> permetter\u00e0 di apprezzare l\u2019evoluzione della sapienza tecnica, artigianale e artistica, in continua tensione espressiva, divenuta un modello filosofico nell\u2019interpretazione di Klein, e poter godere a pieno della profondit\u00e0 dirompente del suo colore.<\/p>\n<p>L\u2019esposizione <strong><em>Metalli sovrani<\/em><\/strong> sar\u00e0 l\u2019occasione per mostrare al pubblico numerosi oggetti attualmente custoditi nei depositi del MAO, che verranno accostati e messi in dialogo con le opere provenienti dalla Aron Collection e da altre importanti collezioni private.<\/p>\n<p>L\u2019ingresso in mostra \u00e8 incluso nel biglietto delle collezioni permanenti.<\/p>\n<p>Grazie alla convenzione con l\u2019Istituto dei Sordi di Torino, i contenuti della mostra sono disponibili in LIS Lingua dei Segni italiana e in versione audio.<\/p>\n<p>Maggiori informazioni nelle pagine del <a href=\"https:\/\/www.maotorino.it\/it\/evento\/metalli-sovrani-la-festa-la-caccia-e-il-firmamento-nellislam-medievale\/\">15<\/a><\/p>\n","protected":false},"excerpt":{"rendered":"<p>La seconda tappa del viaggio di avvicinamento alla grande mostra dell\u2019autunno dedicata all\u2019arte dei paesi tra estremo Oriente e centro Asia fino alle sponde del Mediterraneo \u00e8 un progetto espositivo dedicato ai pi\u00f9 raffinati oggetti di arte islamica in metallo dal titolo Metalli sovrani. La festa, la caccia e il firmamento nell\u2019Islam medievale e rappresenta [&hellip;]<\/p>\n","protected":false},"author":1,"featured_media":0,"comment_status":"closed","ping_status":"open","sticky":false,"template":"","format":"standard","meta":{"ngg_post_thumbnail":0},"categories":[54,1],"tags":[],"_links":{"self":[{"href":"http:\/\/www.spaziotorino.it\/scatto\/index.php?rest_route=\/wp\/v2\/posts\/45978"}],"collection":[{"href":"http:\/\/www.spaziotorino.it\/scatto\/index.php?rest_route=\/wp\/v2\/posts"}],"about":[{"href":"http:\/\/www.spaziotorino.it\/scatto\/index.php?rest_route=\/wp\/v2\/types\/post"}],"author":[{"embeddable":true,"href":"http:\/\/www.spaziotorino.it\/scatto\/index.php?rest_route=\/wp\/v2\/users\/1"}],"replies":[{"embeddable":true,"href":"http:\/\/www.spaziotorino.it\/scatto\/index.php?rest_route=%2Fwp%2Fv2%2Fcomments&post=45978"}],"version-history":[{"count":1,"href":"http:\/\/www.spaziotorino.it\/scatto\/index.php?rest_route=\/wp\/v2\/posts\/45978\/revisions"}],"predecessor-version":[{"id":45981,"href":"http:\/\/www.spaziotorino.it\/scatto\/index.php?rest_route=\/wp\/v2\/posts\/45978\/revisions\/45981"}],"wp:attachment":[{"href":"http:\/\/www.spaziotorino.it\/scatto\/index.php?rest_route=%2Fwp%2Fv2%2Fmedia&parent=45978"}],"wp:term":[{"taxonomy":"category","embeddable":true,"href":"http:\/\/www.spaziotorino.it\/scatto\/index.php?rest_route=%2Fwp%2Fv2%2Fcategories&post=45978"},{"taxonomy":"post_tag","embeddable":true,"href":"http:\/\/www.spaziotorino.it\/scatto\/index.php?rest_route=%2Fwp%2Fv2%2Ftags&post=45978"}],"curies":[{"name":"wp","href":"https:\/\/api.w.org\/{rel}","templated":true}]}}