{"id":46061,"date":"2023-06-20T15:15:25","date_gmt":"2023-06-20T14:15:25","guid":{"rendered":"http:\/\/www.spaziotorino.it\/scatto\/?p=46061"},"modified":"2023-06-21T08:17:12","modified_gmt":"2023-06-21T07:17:12","slug":"eurovolley-tour-2023-la-coppa-dei-campionati-europei-arriva-a-torino","status":"publish","type":"post","link":"http:\/\/www.spaziotorino.it\/scatto\/?p=46061","title":{"rendered":"Eurovolley Tour 2023, la Coppa dei Campionati Europei arriva a Torino"},"content":{"rendered":"<p><a class=\"ngg-fancybox\" title=\"Eurovolley Tour 2023, la Coppa dei Campionati Europei arriva a Torino\" href=\"http:\/\/www.spaziotorino.it\/scatto\/wp-content\/gallery\/2023_06_20_cev\/PLA_2087.jpg\" rel=\"lightbox[set_1968]\"><br \/>\n<img decoding=\"async\" loading=\"lazy\" class=\"ngg-singlepic\" title=\"Eurovolley Tour 2023, la Coppa dei Campionati Europei arriva a Torino\" src=\"http:\/\/www.spaziotorino.it\/scatto\/wp-content\/gallery\/2023_06_20_cev\/PLA_2087.jpg\" alt=\"\" width=\"540\" height=\"360\"\/><\/a><\/p>\n<!-- index.php -->\n<div\n\tclass=\"ngg-galleryoverview ngg-ajax-pagination-none\"\n\tid=\"ngg-gallery-7abe181b4ad6ca89a7620ce02bfb9b74-1\">\n\n    \t\t<!-- Thumbnails -->\n\t\t\t\t<div id=\"ngg-image-0\" class=\"ngg-gallery-thumbnail-box\" >\n\t\t\t\t        <div class=\"ngg-gallery-thumbnail\">\n            <a href=\"http:\/\/www.spaziotorino.it\/scatto\/wp-content\/gallery\/2023_06_20_cev\/PLA_2037.jpg\"\n               title=\"Paola Cardullo e Francesca Piccinini con la Coppa CEV\"\n               data-src=\"http:\/\/www.spaziotorino.it\/scatto\/wp-content\/gallery\/2023_06_20_cev\/PLA_2037.jpg\"\n               data-thumbnail=\"http:\/\/www.spaziotorino.it\/scatto\/wp-content\/gallery\/2023_06_20_cev\/thumbs\/thumbs_PLA_2037.jpg\"\n               data-image-id=\"29618\"\n               data-title=\"Paola Cardullo e Francesca Piccinini con la Coppa CEV\"\n               data-description=\"Paola Cardullo e Francesca Piccinini con la Coppa CEV\"\n               data-image-slug=\"pla_2037-1\"\n               class=\"ngg-fancybox\" rel=\"7abe181b4ad6ca89a7620ce02bfb9b74\">\n                <img\n                    title=\"Paola Cardullo e Francesca Piccinini con la Coppa CEV\"\n                    alt=\"Paola Cardullo e Francesca Piccinini con la Coppa CEV\"\n                    src=\"http:\/\/www.spaziotorino.it\/scatto\/wp-content\/gallery\/2023_06_20_cev\/cache\/PLA_2037.jpg-nggid0529618-ngg0dyn-60x60x100-00f0w010c011r110f110r010t010.jpg\"\n                    width=\"60\"\n                    height=\"60\"\n                    style=\"max-width:100%;\"\n                \/>\n            <\/a>\n        <\/div>\n\t\t\t\t\t\t\t<\/div> \n\t\t\t\n        \n\t\t\t\t<div id=\"ngg-image-1\" class=\"ngg-gallery-thumbnail-box\" >\n\t\t\t\t        <div class=\"ngg-gallery-thumbnail\">\n            <a href=\"http:\/\/www.spaziotorino.it\/scatto\/wp-content\/gallery\/2023_06_20_cev\/PLA_2020.jpg\"\n               title=\"La Coppa CEV in Sala delle Colonne\"\n               data-src=\"http:\/\/www.spaziotorino.it\/scatto\/wp-content\/gallery\/2023_06_20_cev\/PLA_2020.jpg\"\n               data-thumbnail=\"http:\/\/www.spaziotorino.it\/scatto\/wp-content\/gallery\/2023_06_20_cev\/thumbs\/thumbs_PLA_2020.jpg\"\n               data-image-id=\"29620\"\n               data-title=\"La Coppa CEV in Sala delle Colonne\"\n               data-description=\"La Coppa CEV in Sala delle Colonne\"\n               data-image-slug=\"pla_2020\"\n               class=\"ngg-fancybox\" rel=\"7abe181b4ad6ca89a7620ce02bfb9b74\">\n                <img\n                    title=\"La Coppa CEV in Sala delle Colonne\"\n                    alt=\"La Coppa CEV in Sala delle Colonne\"\n                    src=\"http:\/\/www.spaziotorino.it\/scatto\/wp-content\/gallery\/2023_06_20_cev\/cache\/PLA_2020.jpg-nggid0529620-ngg0dyn-60x60x100-00f0w010c011r110f110r010t010.jpg\"\n                    width=\"60\"\n                    height=\"60\"\n                    style=\"max-width:100%;\"\n                \/>\n            <\/a>\n        <\/div>\n\t\t\t\t\t\t\t<\/div> \n\t\t\t\n        \n\t\t\t\t<div id=\"ngg-image-2\" class=\"ngg-gallery-thumbnail-box\" >\n\t\t\t\t        <div class=\"ngg-gallery-thumbnail\">\n            <a href=\"http:\/\/www.spaziotorino.it\/scatto\/wp-content\/gallery\/2023_06_20_cev\/PLA_2053.jpg\"\n               title=\"Paola Cardullo e Francesca Piccinini con la Coppa CEV\"\n               data-src=\"http:\/\/www.spaziotorino.it\/scatto\/wp-content\/gallery\/2023_06_20_cev\/PLA_2053.jpg\"\n               data-thumbnail=\"http:\/\/www.spaziotorino.it\/scatto\/wp-content\/gallery\/2023_06_20_cev\/thumbs\/thumbs_PLA_2053.jpg\"\n               data-image-id=\"29621\"\n               data-title=\"Paola Cardullo e Francesca Piccinini con la Coppa CEV\"\n               data-description=\"Paola Cardullo e Francesca Piccinini con la Coppa CEV\"\n               data-image-slug=\"pla_2053\"\n               class=\"ngg-fancybox\" rel=\"7abe181b4ad6ca89a7620ce02bfb9b74\">\n                <img\n                    title=\"Paola Cardullo e Francesca Piccinini con la Coppa CEV\"\n                    alt=\"Paola Cardullo e Francesca Piccinini con la Coppa CEV\"\n                    src=\"http:\/\/www.spaziotorino.it\/scatto\/wp-content\/gallery\/2023_06_20_cev\/cache\/PLA_2053.jpg-nggid0529621-ngg0dyn-60x60x100-00f0w010c011r110f110r010t010.jpg\"\n                    width=\"60\"\n                    height=\"60\"\n                    style=\"max-width:100%;\"\n                \/>\n            <\/a>\n        <\/div>\n\t\t\t\t\t\t\t<\/div> \n\t\t\t\n        \n\t\t\t\t<div id=\"ngg-image-3\" class=\"ngg-gallery-thumbnail-box\" >\n\t\t\t\t        <div class=\"ngg-gallery-thumbnail\">\n            <a href=\"http:\/\/www.spaziotorino.it\/scatto\/wp-content\/gallery\/2023_06_20_cev\/PLA_2108.jpg\"\n               title=\"Conferenza stampa per i Campionati Europei di Volley Femminile\"\n               data-src=\"http:\/\/www.spaziotorino.it\/scatto\/wp-content\/gallery\/2023_06_20_cev\/PLA_2108.jpg\"\n               data-thumbnail=\"http:\/\/www.spaziotorino.it\/scatto\/wp-content\/gallery\/2023_06_20_cev\/thumbs\/thumbs_PLA_2108.jpg\"\n               data-image-id=\"29622\"\n               data-title=\"Conferenza stampa per i Campionati Europei di Volley Femminile\"\n               data-description=\"Conferenza stampa per i Campionati Europei di Volley Femminile\"\n               data-image-slug=\"pla_2108\"\n               class=\"ngg-fancybox\" rel=\"7abe181b4ad6ca89a7620ce02bfb9b74\">\n                <img\n                    title=\"Conferenza stampa per i Campionati Europei di Volley Femminile\"\n                    alt=\"Conferenza stampa per i Campionati Europei di Volley Femminile\"\n                    src=\"http:\/\/www.spaziotorino.it\/scatto\/wp-content\/gallery\/2023_06_20_cev\/cache\/PLA_2108.jpg-nggid0529622-ngg0dyn-60x60x100-00f0w010c011r110f110r010t010.jpg\"\n                    width=\"60\"\n                    height=\"60\"\n                    style=\"max-width:100%;\"\n                \/>\n            <\/a>\n        <\/div>\n\t\t\t\t\t\t\t<\/div> \n\t\t\t\n        \n\t\t\t\t<div id=\"ngg-image-4\" class=\"ngg-gallery-thumbnail-box\" >\n\t\t\t\t        <div class=\"ngg-gallery-thumbnail\">\n            <a href=\"http:\/\/www.spaziotorino.it\/scatto\/wp-content\/gallery\/2023_06_20_cev\/PLA_2097.jpg\"\n               title=\"Conferenza stampa per i Campionati Europei di Volley Femminile\"\n               data-src=\"http:\/\/www.spaziotorino.it\/scatto\/wp-content\/gallery\/2023_06_20_cev\/PLA_2097.jpg\"\n               data-thumbnail=\"http:\/\/www.spaziotorino.it\/scatto\/wp-content\/gallery\/2023_06_20_cev\/thumbs\/thumbs_PLA_2097.jpg\"\n               data-image-id=\"29623\"\n               data-title=\"Conferenza stampa per i Campionati Europei di Volley Femminile\"\n               data-description=\"Conferenza stampa per i Campionati Europei di Volley Femminile\"\n               data-image-slug=\"pla_2097-2\"\n               class=\"ngg-fancybox\" rel=\"7abe181b4ad6ca89a7620ce02bfb9b74\">\n                <img\n                    title=\"Conferenza stampa per i Campionati Europei di Volley Femminile\"\n                    alt=\"Conferenza stampa per i Campionati Europei di Volley Femminile\"\n                    src=\"http:\/\/www.spaziotorino.it\/scatto\/wp-content\/gallery\/2023_06_20_cev\/cache\/PLA_2097.jpg-nggid0529623-ngg0dyn-60x60x100-00f0w010c011r110f110r010t010.jpg\"\n                    width=\"60\"\n                    height=\"60\"\n                    style=\"max-width:100%;\"\n                \/>\n            <\/a>\n        <\/div>\n\t\t\t\t\t\t\t<\/div> \n\t\t\t\n        \n\t\t\t\t<div id=\"ngg-image-5\" class=\"ngg-gallery-thumbnail-box\" >\n\t\t\t\t        <div class=\"ngg-gallery-thumbnail\">\n            <a href=\"http:\/\/www.spaziotorino.it\/scatto\/wp-content\/gallery\/2023_06_20_cev\/PLA_2129.jpg\"\n               title=\"Paola Cardullo\"\n               data-src=\"http:\/\/www.spaziotorino.it\/scatto\/wp-content\/gallery\/2023_06_20_cev\/PLA_2129.jpg\"\n               data-thumbnail=\"http:\/\/www.spaziotorino.it\/scatto\/wp-content\/gallery\/2023_06_20_cev\/thumbs\/thumbs_PLA_2129.jpg\"\n               data-image-id=\"29624\"\n               data-title=\"Paola Cardullo\"\n               data-description=\"Paola Cardullo\"\n               data-image-slug=\"pla_2129-1\"\n               class=\"ngg-fancybox\" rel=\"7abe181b4ad6ca89a7620ce02bfb9b74\">\n                <img\n                    title=\"Paola Cardullo\"\n                    alt=\"Paola Cardullo\"\n                    src=\"http:\/\/www.spaziotorino.it\/scatto\/wp-content\/gallery\/2023_06_20_cev\/cache\/PLA_2129.jpg-nggid0529624-ngg0dyn-60x60x100-00f0w010c011r110f110r010t010.jpg\"\n                    width=\"60\"\n                    height=\"60\"\n                    style=\"max-width:100%;\"\n                \/>\n            <\/a>\n        <\/div>\n\t\t\t\t\t\t\t<\/div> \n\t\t\t\n        \n\t\t\t\t<div id=\"ngg-image-6\" class=\"ngg-gallery-thumbnail-box\" >\n\t\t\t\t        <div class=\"ngg-gallery-thumbnail\">\n            <a href=\"http:\/\/www.spaziotorino.it\/scatto\/wp-content\/gallery\/2023_06_20_cev\/PLA_2155.jpg\"\n               title=\"Paolo Marangon, Paola Cardullo, Mimmo Carretta, Francesca Piccinini\"\n               data-src=\"http:\/\/www.spaziotorino.it\/scatto\/wp-content\/gallery\/2023_06_20_cev\/PLA_2155.jpg\"\n               data-thumbnail=\"http:\/\/www.spaziotorino.it\/scatto\/wp-content\/gallery\/2023_06_20_cev\/thumbs\/thumbs_PLA_2155.jpg\"\n               data-image-id=\"29625\"\n               data-title=\"Paolo Marangon, Paola Cardullo, Mimmo Carretta, Francesca Piccinini\"\n               data-description=\"Paolo Marangon, Paola Cardullo, Mimmo Carretta, Francesca Piccinini\"\n               data-image-slug=\"pla_2155-1\"\n               class=\"ngg-fancybox\" rel=\"7abe181b4ad6ca89a7620ce02bfb9b74\">\n                <img\n                    title=\"Paolo Marangon, Paola Cardullo, Mimmo Carretta, Francesca Piccinini\"\n                    alt=\"Paolo Marangon, Paola Cardullo, Mimmo Carretta, Francesca Piccinini\"\n                    src=\"http:\/\/www.spaziotorino.it\/scatto\/wp-content\/gallery\/2023_06_20_cev\/cache\/PLA_2155.jpg-nggid0529625-ngg0dyn-60x60x100-00f0w010c011r110f110r010t010.jpg\"\n                    width=\"60\"\n                    height=\"60\"\n                    style=\"max-width:100%;\"\n                \/>\n            <\/a>\n        <\/div>\n\t\t\t\t\t\t\t<\/div> \n\t\t\t\n        \n\t\t\t\t<div id=\"ngg-image-7\" class=\"ngg-gallery-thumbnail-box\" >\n\t\t\t\t        <div class=\"ngg-gallery-thumbnail\">\n            <a href=\"http:\/\/www.spaziotorino.it\/scatto\/wp-content\/gallery\/2023_06_20_cev\/PLA_2122.jpg\"\n               title=\"Francesca Piccinini\"\n               data-src=\"http:\/\/www.spaziotorino.it\/scatto\/wp-content\/gallery\/2023_06_20_cev\/PLA_2122.jpg\"\n               data-thumbnail=\"http:\/\/www.spaziotorino.it\/scatto\/wp-content\/gallery\/2023_06_20_cev\/thumbs\/thumbs_PLA_2122.jpg\"\n               data-image-id=\"29626\"\n               data-title=\"Francesca Piccinini\"\n               data-description=\"Francesca Piccinini\"\n               data-image-slug=\"pla_2122\"\n               class=\"ngg-fancybox\" rel=\"7abe181b4ad6ca89a7620ce02bfb9b74\">\n                <img\n                    title=\"Francesca Piccinini\"\n                    alt=\"Francesca Piccinini\"\n                    src=\"http:\/\/www.spaziotorino.it\/scatto\/wp-content\/gallery\/2023_06_20_cev\/cache\/PLA_2122.jpg-nggid0529626-ngg0dyn-60x60x100-00f0w010c011r110f110r010t010.jpg\"\n                    width=\"60\"\n                    height=\"60\"\n                    style=\"max-width:100%;\"\n                \/>\n            <\/a>\n        <\/div>\n\t\t\t\t\t\t\t<\/div> \n\t\t\t\n        \n\t\t\t\t<div id=\"ngg-image-8\" class=\"ngg-gallery-thumbnail-box\" >\n\t\t\t\t        <div class=\"ngg-gallery-thumbnail\">\n            <a href=\"http:\/\/www.spaziotorino.it\/scatto\/wp-content\/gallery\/2023_06_20_cev\/PLA_2190.jpg\"\n               title=\"Paola Cardullo e Francesca Piccinini con la Coppa CEV al Museo Egizio\"\n               data-src=\"http:\/\/www.spaziotorino.it\/scatto\/wp-content\/gallery\/2023_06_20_cev\/PLA_2190.jpg\"\n               data-thumbnail=\"http:\/\/www.spaziotorino.it\/scatto\/wp-content\/gallery\/2023_06_20_cev\/thumbs\/thumbs_PLA_2190.jpg\"\n               data-image-id=\"29627\"\n               data-title=\"Paola Cardullo e Francesca Piccinini con la Coppa CEV al Museo Egizio\"\n               data-description=\"Paola Cardullo e Francesca Piccinini con la Coppa CEV al Museo Egizio\"\n               data-image-slug=\"pla_2190\"\n               class=\"ngg-fancybox\" rel=\"7abe181b4ad6ca89a7620ce02bfb9b74\">\n                <img\n                    title=\"Paola Cardullo e Francesca Piccinini con la Coppa CEV al Museo Egizio\"\n                    alt=\"Paola Cardullo e Francesca Piccinini con la Coppa CEV al Museo Egizio\"\n                    src=\"http:\/\/www.spaziotorino.it\/scatto\/wp-content\/gallery\/2023_06_20_cev\/cache\/PLA_2190.jpg-nggid0529627-ngg0dyn-60x60x100-00f0w010c011r110f110r010t010.jpg\"\n                    width=\"60\"\n                    height=\"60\"\n                    style=\"max-width:100%;\"\n                \/>\n            <\/a>\n        <\/div>\n\t\t\t\t\t\t\t<\/div> \n\t\t\t\n        \n\t\t\n\t\t<!-- Pagination -->\n\t<div class='ngg-clear'><\/div>\t<\/div>\n\n<p>Nella Sala Colonne di Palazzo civico \u00e8 stata svelata la Coppa dei Campionati Europei Femminili 2023, vinta dalla nostra Nazionale Italiana nel 2021, alla presenza dell\u2019Assessore allo Sport Domenico Carretta, del Presidente FIPAV Regione Piemonte Paolo Marangon e alle Ambassador della tappa piemontese Francesca Piccinini e Paola Cardullo.<\/p>\n<p>Torino chiude la prima parte di EuroVolley Tour, una serie di eventi che ha toccato tutte le nove citt\u00e0 che questa estate ospiteranno i Campionati Europei Femminili e Maschili di pallavolo.<\/p>\n<p><em>\u201cSiamo felici di poter ospitare gli Europei femminili di pallavolo. E\u2019 un ruolo da protagonista quello che Torino ha deciso di assumere ospitando eventi e manifestazioni di assoluto interesse e prestigio con grandi campionesse e campioni, mettendo a disposizione i propri impianti e promuovendo, soprattutto tra i giovani, la pratica sportiva \u2013&nbsp;<\/em>afferma Domenico Carretta, Assessore allo Sport della Citt\u00e0 di Torino, che poi aggiunge<em>&nbsp;-Dopo la Finals Eight della Coppa Italia di pallacanestro, torneremo ad ospitare le ATP Finals di tennis, poi i Giochi Mondiali Invernali Special Olympics e le Universiadi invernali del 2025. Torino ama tutto lo sport ma quello con il grande volley \u00e8 un rapporto privilegiato, soltanto il mese scorso al Pala Alpitour si sono disputate le CEV Super Finals di Champions League e ora avremo la Nazionale femminile. Il Pala Gianni Asti rappresenta un punto di ritrovo dello sport per la nostra citt\u00e0 e l\u00ec ci ritroveremo in agosto per celebrare l\u2019Europeo e le azzurre. Sar\u00e0 anche l\u2019occasione di far conoscere la nostra citt\u00e0, oltre che sui campi da gioco, anche attraverso la sua storia, l\u2019arte, la cultura e la gastronomia, uno sguardo a 360 gradi che i grandi eventi come questo ci permettono di offrire a chi arriva a Torino\u201d.<\/em><\/p>\n<p>L\u2019EuroVolley Tour viaggia con un van personalizzato che all\u2019occasione diventa un palco dove il pubblico presente pu\u00f2 salire a scattarsi una foto con il Trofeo. Un progetto che vuole promuovere la pallavolo, le protagoniste e i protagonisti di questa disciplina che tante soddisfazioni e medaglie sa regalarci ogni anno. Uno sport che trasmette emozioni e valori e che, come dimostra questo tour, sa raccogliere attorno a s\u00e9 una sana passione popolare.<\/p>\n<p>&nbsp;Da Parigi, dove \u00e8 impegnato in una missione istituzionale sono arrivate le parole dell\u2019assessore regionale allo sport Fabrizio Ricca&nbsp;<em>\u201cSiamo fieri che la pallavolo internazionale ritorni in Piemonte dopo il grande successo delle CEV Champions League e che lo faccia portando a giocare le migliori Nazionali Europee sul nostro territorio.&nbsp;<\/em><em>Questo grandissimo evento internazionale permetter\u00e0 a tanti atleti, ma soprattutto ai numerosissimi sostenitori di questo sport di apprezzare la nostra regione e per le sue bellezze ma soprattutto per le ormai consolidate negli anni capacit\u00e0 di organizzare eventi di questo tipo. I dati da noi raccolti sui grandi eventi sportivi hanno dimostrato che gli stessi sono un traino per l\u2019economia del territorio ed \u00e8 importante darne continuit\u00e0 nel tempo, per far s\u00ec che il Piemonte sia sempre di pi\u00f9 la casa del grande sport.\u201d<\/em><\/p>\n<p>Torino ospiter\u00e0 al Pala Gianni Asti le partite decisive della prima fase a gironi dell\u2019Europeo Femminile. Si giocher\u00e0 dal 21 al 23 agosto, con le Azzurre impegnate marted\u00ec 22 contro la Bosnia ed il giorno successivo con la Croazia.<\/p>\n<p>Le attivit\u00e0 a Torino sono organizzate in collaborazione con il Comitato Regionale FIPAV Piemonte. Stasera a partire dalle ore 20, la Coppa sar\u00e0 esposta al Gal\u00e0 del Volley che si svolger\u00e0 al Centro Congressi Santo Volto a Torino. Domani, 21 giugno il van porter\u00e0 il trofeo tra i ragazzi dei centri estivi di Torino: al mattino sar\u00e0 presente all\u2019Estate Ragazzi del Volley Parella Torino e nel pomeriggio a quella organizzata da 2D Lingotto e Sporting Torino.<\/p>\n<p>Anche a Torino, come nelle altre otto citt\u00e0 sedi degli Europei, EuroVolley Tour torner\u00e0 con un workshop dedicato all\u2019impatto socio-economico dei grandi eventi sportivi. Interverranno le istituzioni locali, sportive e non, le aziende partner della Federazione Italiana Pallavolo assieme ad esponenti del mondo universitario.<\/p>\n<p>Dalle testimonial ed ex azzurre, prime a vincere un mondiale con la nazionale nel 2002, arriva l\u2019invito a sostenere numerosi le beniamine azzurre riempiendo gli spalti del Pala Gianni Asti in occasione delle due partite che vedranno protagoniste il team allenato da Davide Mazzanti: \u201cGiocare con il sostegno del pubblico fa veramente la differenza: \u00e8 come poter disporre di una giocatrice in pi\u00f9\u201d hanno affermato le due giocatrici coinvolte nei ricordi della loro brillante carriera da alcuni video proiettati in sala nel corso della conferenza. \u201c<i>Vedere il video della nostra vittoria del 2002 \u00e8 sempre emozionante per noi, che abbiamo vestito la Maglia Azzurra per tanti anni, tanto da farla diventare una seconda pelle.&nbsp;<\/i><i>Torino vedr\u00e0 ragazze che si impegnano tanto per raggiungere traguardi ed \u00e8 importante essere in tanti a sostenerle\u201d.<\/i><\/p>\n<p>[Fonte: <a href=\"http:\/\/www.torinoclick.it\/?p=112550\">TorinoClick<\/a>]<\/p>\n<p>&nbsp;<\/p>\n","protected":false},"excerpt":{"rendered":"<p>Nella Sala Colonne di Palazzo civico \u00e8 stata svelata la Coppa dei Campionati Europei Femminili 2023, vinta dalla nostra Nazionale Italiana nel 2021, alla presenza dell\u2019Assessore allo Sport Domenico Carretta, del Presidente FIPAV Regione Piemonte Paolo Marangon e alle Ambassador della tappa piemontese Francesca Piccinini e Paola Cardullo. Torino chiude la prima parte di EuroVolley [&hellip;]<\/p>\n","protected":false},"author":1,"featured_media":0,"comment_status":"closed","ping_status":"open","sticky":false,"template":"","format":"standard","meta":{"ngg_post_thumbnail":0},"categories":[1,10],"tags":[],"_links":{"self":[{"href":"http:\/\/www.spaziotorino.it\/scatto\/index.php?rest_route=\/wp\/v2\/posts\/46061"}],"collection":[{"href":"http:\/\/www.spaziotorino.it\/scatto\/index.php?rest_route=\/wp\/v2\/posts"}],"about":[{"href":"http:\/\/www.spaziotorino.it\/scatto\/index.php?rest_route=\/wp\/v2\/types\/post"}],"author":[{"embeddable":true,"href":"http:\/\/www.spaziotorino.it\/scatto\/index.php?rest_route=\/wp\/v2\/users\/1"}],"replies":[{"embeddable":true,"href":"http:\/\/www.spaziotorino.it\/scatto\/index.php?rest_route=%2Fwp%2Fv2%2Fcomments&post=46061"}],"version-history":[{"count":1,"href":"http:\/\/www.spaziotorino.it\/scatto\/index.php?rest_route=\/wp\/v2\/posts\/46061\/revisions"}],"predecessor-version":[{"id":46063,"href":"http:\/\/www.spaziotorino.it\/scatto\/index.php?rest_route=\/wp\/v2\/posts\/46061\/revisions\/46063"}],"wp:attachment":[{"href":"http:\/\/www.spaziotorino.it\/scatto\/index.php?rest_route=%2Fwp%2Fv2%2Fmedia&parent=46061"}],"wp:term":[{"taxonomy":"category","embeddable":true,"href":"http:\/\/www.spaziotorino.it\/scatto\/index.php?rest_route=%2Fwp%2Fv2%2Fcategories&post=46061"},{"taxonomy":"post_tag","embeddable":true,"href":"http:\/\/www.spaziotorino.it\/scatto\/index.php?rest_route=%2Fwp%2Fv2%2Ftags&post=46061"}],"curies":[{"name":"wp","href":"https:\/\/api.w.org\/{rel}","templated":true}]}}