{"id":46238,"date":"2023-06-24T15:37:56","date_gmt":"2023-06-24T14:37:56","guid":{"rendered":"http:\/\/www.spaziotorino.it\/scatto\/?p=46238"},"modified":"2023-06-25T00:53:47","modified_gmt":"2023-06-24T23:53:47","slug":"arturo-brachetti-ambasciatore-di-torino-nel-mondo","status":"publish","type":"post","link":"http:\/\/www.spaziotorino.it\/scatto\/?p=46238","title":{"rendered":"Arturo Brachetti ambasciatore di Torino nel mondo"},"content":{"rendered":"<p><a class=\"ngg-fancybox\" title=\"Arturo Brachetti ambasciatore di Torino nel mondo\" href=\"http:\/\/www.spaziotorino.it\/scatto\/wp-content\/gallery\/2023_06_24_brachetti\/PLA_3967.jpg\" rel=\"lightbox[set_1976]\"><br \/>\n<img decoding=\"async\" loading=\"lazy\" class=\"ngg-singlepic\" title=\"Arturo Brachetti ambasciatore di Torino nel mondo\" src=\"http:\/\/www.spaziotorino.it\/scatto\/wp-content\/gallery\/2023_06_24_brachetti\/PLA_3967.jpg\" alt=\"\" width=\"540\" height=\"360\"\/><\/a><\/p>\n<!-- index.php -->\n<div\n\tclass=\"ngg-galleryoverview ngg-ajax-pagination-none\"\n\tid=\"ngg-gallery-1fa5e66f790a876a2b8aa907813cd1bc-1\">\n\n    \t\t<!-- Thumbnails -->\n\t\t\t\t<div id=\"ngg-image-0\" class=\"ngg-gallery-thumbnail-box\" >\n\t\t\t\t        <div class=\"ngg-gallery-thumbnail\">\n            <a href=\"http:\/\/www.spaziotorino.it\/scatto\/wp-content\/gallery\/2023_06_24_brachetti\/PLA_3846.jpg\"\n               title=\"Arturo Brachetti ambasciatore di Torino nel mondo\"\n               data-src=\"http:\/\/www.spaziotorino.it\/scatto\/wp-content\/gallery\/2023_06_24_brachetti\/PLA_3846.jpg\"\n               data-thumbnail=\"http:\/\/www.spaziotorino.it\/scatto\/wp-content\/gallery\/2023_06_24_brachetti\/thumbs\/thumbs_PLA_3846.jpg\"\n               data-image-id=\"29752\"\n               data-title=\"Arturo Brachetti ambasciatore di Torino nel mondo\"\n               data-description=\"Arturo Brachetti ambasciatore di Torino nel mondo\"\n               data-image-slug=\"pla_3846\"\n               class=\"ngg-fancybox\" rel=\"1fa5e66f790a876a2b8aa907813cd1bc\">\n                <img\n                    title=\"Arturo Brachetti ambasciatore di Torino nel mondo\"\n                    alt=\"Arturo Brachetti ambasciatore di Torino nel mondo\"\n                    src=\"http:\/\/www.spaziotorino.it\/scatto\/wp-content\/gallery\/2023_06_24_brachetti\/cache\/PLA_3846.jpg-nggid0529752-ngg0dyn-60x60x100-00f0w010c011r110f110r010t010.jpg\"\n                    width=\"60\"\n                    height=\"60\"\n                    style=\"max-width:100%;\"\n                \/>\n            <\/a>\n        <\/div>\n\t\t\t\t\t\t\t<\/div> \n\t\t\t\n        \n\t\t\t\t<div id=\"ngg-image-1\" class=\"ngg-gallery-thumbnail-box\" >\n\t\t\t\t        <div class=\"ngg-gallery-thumbnail\">\n            <a href=\"http:\/\/www.spaziotorino.it\/scatto\/wp-content\/gallery\/2023_06_24_brachetti\/PLA_3890.jpg\"\n               title=\"Arturo Brachetti\"\n               data-src=\"http:\/\/www.spaziotorino.it\/scatto\/wp-content\/gallery\/2023_06_24_brachetti\/PLA_3890.jpg\"\n               data-thumbnail=\"http:\/\/www.spaziotorino.it\/scatto\/wp-content\/gallery\/2023_06_24_brachetti\/thumbs\/thumbs_PLA_3890.jpg\"\n               data-image-id=\"29754\"\n               data-title=\"Arturo Brachetti\"\n               data-description=\"Arturo Brachetti\"\n               data-image-slug=\"pla_3890-1\"\n               class=\"ngg-fancybox\" rel=\"1fa5e66f790a876a2b8aa907813cd1bc\">\n                <img\n                    title=\"Arturo Brachetti\"\n                    alt=\"Arturo Brachetti\"\n                    src=\"http:\/\/www.spaziotorino.it\/scatto\/wp-content\/gallery\/2023_06_24_brachetti\/cache\/PLA_3890.jpg-nggid0529754-ngg0dyn-60x60x100-00f0w010c011r110f110r010t010.jpg\"\n                    width=\"60\"\n                    height=\"60\"\n                    style=\"max-width:100%;\"\n                \/>\n            <\/a>\n        <\/div>\n\t\t\t\t\t\t\t<\/div> \n\t\t\t\n        \n\t\t\t\t<div id=\"ngg-image-2\" class=\"ngg-gallery-thumbnail-box\" >\n\t\t\t\t        <div class=\"ngg-gallery-thumbnail\">\n            <a href=\"http:\/\/www.spaziotorino.it\/scatto\/wp-content\/gallery\/2023_06_24_brachetti\/PLA_3896.jpg\"\n               title=\"Arturo Brachetti ambasciatore di Torino nel mondo\"\n               data-src=\"http:\/\/www.spaziotorino.it\/scatto\/wp-content\/gallery\/2023_06_24_brachetti\/PLA_3896.jpg\"\n               data-thumbnail=\"http:\/\/www.spaziotorino.it\/scatto\/wp-content\/gallery\/2023_06_24_brachetti\/thumbs\/thumbs_PLA_3896.jpg\"\n               data-image-id=\"29756\"\n               data-title=\"Arturo Brachetti ambasciatore di Torino nel mondo\"\n               data-description=\"Arturo Brachetti ambasciatore di Torino nel mondo\"\n               data-image-slug=\"pla_3896\"\n               class=\"ngg-fancybox\" rel=\"1fa5e66f790a876a2b8aa907813cd1bc\">\n                <img\n                    title=\"Arturo Brachetti ambasciatore di Torino nel mondo\"\n                    alt=\"Arturo Brachetti ambasciatore di Torino nel mondo\"\n                    src=\"http:\/\/www.spaziotorino.it\/scatto\/wp-content\/gallery\/2023_06_24_brachetti\/cache\/PLA_3896.jpg-nggid0529756-ngg0dyn-60x60x100-00f0w010c011r110f110r010t010.jpg\"\n                    width=\"60\"\n                    height=\"60\"\n                    style=\"max-width:100%;\"\n                \/>\n            <\/a>\n        <\/div>\n\t\t\t\t\t\t\t<\/div> \n\t\t\t\n        \n\t\t\t\t<div id=\"ngg-image-3\" class=\"ngg-gallery-thumbnail-box\" >\n\t\t\t\t        <div class=\"ngg-gallery-thumbnail\">\n            <a href=\"http:\/\/www.spaziotorino.it\/scatto\/wp-content\/gallery\/2023_06_24_brachetti\/PLA_3926.jpg\"\n               title=\"Arturo Brachetti ambasciatore di Torino nel mondo con il Sindaco Stefano Lo Russo e il Vicepresidente Vicario del Consiglio Comunale  Domenico Garcea\"\n               data-src=\"http:\/\/www.spaziotorino.it\/scatto\/wp-content\/gallery\/2023_06_24_brachetti\/PLA_3926.jpg\"\n               data-thumbnail=\"http:\/\/www.spaziotorino.it\/scatto\/wp-content\/gallery\/2023_06_24_brachetti\/thumbs\/thumbs_PLA_3926.jpg\"\n               data-image-id=\"29751\"\n               data-title=\"Arturo Brachetti ambasciatore di Torino nel mondo con il Sindaco Stefano Lo Russo e il Vicepresidente Vicario del Consiglio Comunale  Domenico Garcea\"\n               data-description=\"Arturo Brachetti ambasciatore di Torino nel mondo con il Sindaco Stefano Lo Russo e il Vicepresidente Vicario del Consiglio Comunale  Domenico Garcea\"\n               data-image-slug=\"pla_3926-1\"\n               class=\"ngg-fancybox\" rel=\"1fa5e66f790a876a2b8aa907813cd1bc\">\n                <img\n                    title=\"Arturo Brachetti ambasciatore di Torino nel mondo con il Sindaco Stefano Lo Russo e il Vicepresidente Vicario del Consiglio Comunale  Domenico Garcea\"\n                    alt=\"Arturo Brachetti ambasciatore di Torino nel mondo con il Sindaco Stefano Lo Russo e il Vicepresidente Vicario del Consiglio Comunale  Domenico Garcea\"\n                    src=\"http:\/\/www.spaziotorino.it\/scatto\/wp-content\/gallery\/2023_06_24_brachetti\/cache\/PLA_3926.jpg-nggid0529751-ngg0dyn-60x60x100-00f0w010c011r110f110r010t010.jpg\"\n                    width=\"60\"\n                    height=\"60\"\n                    style=\"max-width:100%;\"\n                \/>\n            <\/a>\n        <\/div>\n\t\t\t\t\t\t\t<\/div> \n\t\t\t\n        \n\t\t\t\t<div id=\"ngg-image-4\" class=\"ngg-gallery-thumbnail-box\" >\n\t\t\t\t        <div class=\"ngg-gallery-thumbnail\">\n            <a href=\"http:\/\/www.spaziotorino.it\/scatto\/wp-content\/gallery\/2023_06_24_brachetti\/PLA_3927.jpg\"\n               title=\"Arturo Brachetti ambasciatore di Torino nel mondo con il Sindaco Stefano Lo Russo e il Vicepresidente Vicario del Consiglio Comunale  Domenico Garcea\"\n               data-src=\"http:\/\/www.spaziotorino.it\/scatto\/wp-content\/gallery\/2023_06_24_brachetti\/PLA_3927.jpg\"\n               data-thumbnail=\"http:\/\/www.spaziotorino.it\/scatto\/wp-content\/gallery\/2023_06_24_brachetti\/thumbs\/thumbs_PLA_3927.jpg\"\n               data-image-id=\"29753\"\n               data-title=\"Arturo Brachetti ambasciatore di Torino nel mondo con il Sindaco Stefano Lo Russo e il Vicepresidente Vicario del Consiglio Comunale  Domenico Garcea\"\n               data-description=\"Arturo Brachetti ambasciatore di Torino nel mondo con il Sindaco Stefano Lo Russo e il Vicepresidente Vicario del Consiglio Comunale  Domenico Garcea\"\n               data-image-slug=\"pla_3927-1\"\n               class=\"ngg-fancybox\" rel=\"1fa5e66f790a876a2b8aa907813cd1bc\">\n                <img\n                    title=\"Arturo Brachetti ambasciatore di Torino nel mondo con il Sindaco Stefano Lo Russo e il Vicepresidente Vicario del Consiglio Comunale  Domenico Garcea\"\n                    alt=\"Arturo Brachetti ambasciatore di Torino nel mondo con il Sindaco Stefano Lo Russo e il Vicepresidente Vicario del Consiglio Comunale  Domenico Garcea\"\n                    src=\"http:\/\/www.spaziotorino.it\/scatto\/wp-content\/gallery\/2023_06_24_brachetti\/cache\/PLA_3927.jpg-nggid0529753-ngg0dyn-60x60x100-00f0w010c011r110f110r010t010.jpg\"\n                    width=\"60\"\n                    height=\"60\"\n                    style=\"max-width:100%;\"\n                \/>\n            <\/a>\n        <\/div>\n\t\t\t\t\t\t\t<\/div> \n\t\t\t\n        \n\t\t\t\t<div id=\"ngg-image-5\" class=\"ngg-gallery-thumbnail-box\" >\n\t\t\t\t        <div class=\"ngg-gallery-thumbnail\">\n            <a href=\"http:\/\/www.spaziotorino.it\/scatto\/wp-content\/gallery\/2023_06_24_brachetti\/PLA_3921.jpg\"\n               title=\"Arturo Brachetti ambasciatore di Torino nel mondo\"\n               data-src=\"http:\/\/www.spaziotorino.it\/scatto\/wp-content\/gallery\/2023_06_24_brachetti\/PLA_3921.jpg\"\n               data-thumbnail=\"http:\/\/www.spaziotorino.it\/scatto\/wp-content\/gallery\/2023_06_24_brachetti\/thumbs\/thumbs_PLA_3921.jpg\"\n               data-image-id=\"29755\"\n               data-title=\"Arturo Brachetti ambasciatore di Torino nel mondo\"\n               data-description=\"Arturo Brachetti ambasciatore di Torino nel mondo\"\n               data-image-slug=\"pla_3921\"\n               class=\"ngg-fancybox\" rel=\"1fa5e66f790a876a2b8aa907813cd1bc\">\n                <img\n                    title=\"Arturo Brachetti ambasciatore di Torino nel mondo\"\n                    alt=\"Arturo Brachetti ambasciatore di Torino nel mondo\"\n                    src=\"http:\/\/www.spaziotorino.it\/scatto\/wp-content\/gallery\/2023_06_24_brachetti\/cache\/PLA_3921.jpg-nggid0529755-ngg0dyn-60x60x100-00f0w010c011r110f110r010t010.jpg\"\n                    width=\"60\"\n                    height=\"60\"\n                    style=\"max-width:100%;\"\n                \/>\n            <\/a>\n        <\/div>\n\t\t\t\t\t\t\t<\/div> \n\t\t\t\n        \n\t\t\t\t<div id=\"ngg-image-6\" class=\"ngg-gallery-thumbnail-box\" >\n\t\t\t\t        <div class=\"ngg-gallery-thumbnail\">\n            <a href=\"http:\/\/www.spaziotorino.it\/scatto\/wp-content\/gallery\/2023_06_24_brachetti\/PLA_3931.jpg\"\n               title=\"Arturo Brachetti ambasciatore di Torino nel mondo\"\n               data-src=\"http:\/\/www.spaziotorino.it\/scatto\/wp-content\/gallery\/2023_06_24_brachetti\/PLA_3931.jpg\"\n               data-thumbnail=\"http:\/\/www.spaziotorino.it\/scatto\/wp-content\/gallery\/2023_06_24_brachetti\/thumbs\/thumbs_PLA_3931.jpg\"\n               data-image-id=\"29757\"\n               data-title=\"Arturo Brachetti ambasciatore di Torino nel mondo\"\n               data-description=\"Arturo Brachetti ambasciatore di Torino nel mondo\"\n               data-image-slug=\"pla_3931\"\n               class=\"ngg-fancybox\" rel=\"1fa5e66f790a876a2b8aa907813cd1bc\">\n                <img\n                    title=\"Arturo Brachetti ambasciatore di Torino nel mondo\"\n                    alt=\"Arturo Brachetti ambasciatore di Torino nel mondo\"\n                    src=\"http:\/\/www.spaziotorino.it\/scatto\/wp-content\/gallery\/2023_06_24_brachetti\/cache\/PLA_3931.jpg-nggid0529757-ngg0dyn-60x60x100-00f0w010c011r110f110r010t010.jpg\"\n                    width=\"60\"\n                    height=\"60\"\n                    style=\"max-width:100%;\"\n                \/>\n            <\/a>\n        <\/div>\n\t\t\t\t\t\t\t<\/div> \n\t\t\t\n        \n\t\t\t\t<div id=\"ngg-image-7\" class=\"ngg-gallery-thumbnail-box\" >\n\t\t\t\t        <div class=\"ngg-gallery-thumbnail\">\n            <a href=\"http:\/\/www.spaziotorino.it\/scatto\/wp-content\/gallery\/2023_06_24_brachetti\/PLA_3955.jpg\"\n               title=\"Arturo Brachetti ambasciatore di Torino nel mondo\"\n               data-src=\"http:\/\/www.spaziotorino.it\/scatto\/wp-content\/gallery\/2023_06_24_brachetti\/PLA_3955.jpg\"\n               data-thumbnail=\"http:\/\/www.spaziotorino.it\/scatto\/wp-content\/gallery\/2023_06_24_brachetti\/thumbs\/thumbs_PLA_3955.jpg\"\n               data-image-id=\"29758\"\n               data-title=\"Arturo Brachetti ambasciatore di Torino nel mondo\"\n               data-description=\"Arturo Brachetti ambasciatore di Torino nel mondo\"\n               data-image-slug=\"pla_3955\"\n               class=\"ngg-fancybox\" rel=\"1fa5e66f790a876a2b8aa907813cd1bc\">\n                <img\n                    title=\"Arturo Brachetti ambasciatore di Torino nel mondo\"\n                    alt=\"Arturo Brachetti ambasciatore di Torino nel mondo\"\n                    src=\"http:\/\/www.spaziotorino.it\/scatto\/wp-content\/gallery\/2023_06_24_brachetti\/cache\/PLA_3955.jpg-nggid0529758-ngg0dyn-60x60x100-00f0w010c011r110f110r010t010.jpg\"\n                    width=\"60\"\n                    height=\"60\"\n                    style=\"max-width:100%;\"\n                \/>\n            <\/a>\n        <\/div>\n\t\t\t\t\t\t\t<\/div> \n\t\t\t\n        \n\t\t\t\t<div id=\"ngg-image-8\" class=\"ngg-gallery-thumbnail-box\" >\n\t\t\t\t        <div class=\"ngg-gallery-thumbnail\">\n            <a href=\"http:\/\/www.spaziotorino.it\/scatto\/wp-content\/gallery\/2023_06_24_brachetti\/PLA_3978.jpg\"\n               title=\"Cerimonia ufficiale per il conferimento del titolo di Ambasciatore nel mondo delle eccellenze del territorio torinese\"\n               data-src=\"http:\/\/www.spaziotorino.it\/scatto\/wp-content\/gallery\/2023_06_24_brachetti\/PLA_3978.jpg\"\n               data-thumbnail=\"http:\/\/www.spaziotorino.it\/scatto\/wp-content\/gallery\/2023_06_24_brachetti\/thumbs\/thumbs_PLA_3978.jpg\"\n               data-image-id=\"29759\"\n               data-title=\"Cerimonia ufficiale per il conferimento del titolo di Ambasciatore nel mondo delle eccellenze del territorio torinese\"\n               data-description=\"Cerimonia ufficiale per il conferimento del titolo di Ambasciatore nel mondo delle eccellenze del territorio torinese\"\n               data-image-slug=\"pla_3978\"\n               class=\"ngg-fancybox\" rel=\"1fa5e66f790a876a2b8aa907813cd1bc\">\n                <img\n                    title=\"Cerimonia ufficiale per il conferimento del titolo di Ambasciatore nel mondo delle eccellenze del territorio torinese\"\n                    alt=\"Cerimonia ufficiale per il conferimento del titolo di Ambasciatore nel mondo delle eccellenze del territorio torinese\"\n                    src=\"http:\/\/www.spaziotorino.it\/scatto\/wp-content\/gallery\/2023_06_24_brachetti\/cache\/PLA_3978.jpg-nggid0529759-ngg0dyn-60x60x100-00f0w010c011r110f110r010t010.jpg\"\n                    width=\"60\"\n                    height=\"60\"\n                    style=\"max-width:100%;\"\n                \/>\n            <\/a>\n        <\/div>\n\t\t\t\t\t\t\t<\/div> \n\t\t\t\n        \n\t\t\t\t<div id=\"ngg-image-9\" class=\"ngg-gallery-thumbnail-box\" >\n\t\t\t\t        <div class=\"ngg-gallery-thumbnail\">\n            <a href=\"http:\/\/www.spaziotorino.it\/scatto\/wp-content\/gallery\/2023_06_24_brachetti\/PLA_3944.jpg\"\n               title=\"Cerimonia ufficiale per il conferimento del titolo di Ambasciatore nel mondo delle eccellenze del territorio torinese\"\n               data-src=\"http:\/\/www.spaziotorino.it\/scatto\/wp-content\/gallery\/2023_06_24_brachetti\/PLA_3944.jpg\"\n               data-thumbnail=\"http:\/\/www.spaziotorino.it\/scatto\/wp-content\/gallery\/2023_06_24_brachetti\/thumbs\/thumbs_PLA_3944.jpg\"\n               data-image-id=\"29760\"\n               data-title=\"Cerimonia ufficiale per il conferimento del titolo di Ambasciatore nel mondo delle eccellenze del territorio torinese\"\n               data-description=\"Cerimonia ufficiale per il conferimento del titolo di Ambasciatore nel mondo delle eccellenze del territorio torinese\"\n               data-image-slug=\"pla_3944\"\n               class=\"ngg-fancybox\" rel=\"1fa5e66f790a876a2b8aa907813cd1bc\">\n                <img\n                    title=\"Cerimonia ufficiale per il conferimento del titolo di Ambasciatore nel mondo delle eccellenze del territorio torinese\"\n                    alt=\"Cerimonia ufficiale per il conferimento del titolo di Ambasciatore nel mondo delle eccellenze del territorio torinese\"\n                    src=\"http:\/\/www.spaziotorino.it\/scatto\/wp-content\/gallery\/2023_06_24_brachetti\/cache\/PLA_3944.jpg-nggid0529760-ngg0dyn-60x60x100-00f0w010c011r110f110r010t010.jpg\"\n                    width=\"60\"\n                    height=\"60\"\n                    style=\"max-width:100%;\"\n                \/>\n            <\/a>\n        <\/div>\n\t\t\t\t\t\t\t<\/div> \n\t\t\t\n        \n\t\t\t\t<div id=\"ngg-image-10\" class=\"ngg-gallery-thumbnail-box\" >\n\t\t\t\t        <div class=\"ngg-gallery-thumbnail\">\n            <a href=\"http:\/\/www.spaziotorino.it\/scatto\/wp-content\/gallery\/2023_06_24_brachetti\/PLA_4013.jpg\"\n               title=\"Arturo Brachetti ambasciatore di Torino nel mondo\"\n               data-src=\"http:\/\/www.spaziotorino.it\/scatto\/wp-content\/gallery\/2023_06_24_brachetti\/PLA_4013.jpg\"\n               data-thumbnail=\"http:\/\/www.spaziotorino.it\/scatto\/wp-content\/gallery\/2023_06_24_brachetti\/thumbs\/thumbs_PLA_4013.jpg\"\n               data-image-id=\"29761\"\n               data-title=\"Arturo Brachetti ambasciatore di Torino nel mondo\"\n               data-description=\"Arturo Brachetti ambasciatore di Torino nel mondo\"\n               data-image-slug=\"pla_4013\"\n               class=\"ngg-fancybox\" rel=\"1fa5e66f790a876a2b8aa907813cd1bc\">\n                <img\n                    title=\"Arturo Brachetti ambasciatore di Torino nel mondo\"\n                    alt=\"Arturo Brachetti ambasciatore di Torino nel mondo\"\n                    src=\"http:\/\/www.spaziotorino.it\/scatto\/wp-content\/gallery\/2023_06_24_brachetti\/cache\/PLA_4013.jpg-nggid0529761-ngg0dyn-60x60x100-00f0w010c011r110f110r010t010.jpg\"\n                    width=\"60\"\n                    height=\"60\"\n                    style=\"max-width:100%;\"\n                \/>\n            <\/a>\n        <\/div>\n\t\t\t\t\t\t\t<\/div> \n\t\t\t\n        \n\t\t\t\t<div id=\"ngg-image-11\" class=\"ngg-gallery-thumbnail-box\" >\n\t\t\t\t        <div class=\"ngg-gallery-thumbnail\">\n            <a href=\"http:\/\/www.spaziotorino.it\/scatto\/wp-content\/gallery\/2023_06_24_brachetti\/PLA_4042.jpg\"\n               title=\"Il Sindaco Stefano Lo Russo e Arturo Brachetti\"\n               data-src=\"http:\/\/www.spaziotorino.it\/scatto\/wp-content\/gallery\/2023_06_24_brachetti\/PLA_4042.jpg\"\n               data-thumbnail=\"http:\/\/www.spaziotorino.it\/scatto\/wp-content\/gallery\/2023_06_24_brachetti\/thumbs\/thumbs_PLA_4042.jpg\"\n               data-image-id=\"29763\"\n               data-title=\"Il Sindaco Stefano Lo Russo e Arturo Brachetti\"\n               data-description=\"Il Sindaco Stefano Lo Russo e Arturo Brachetti\"\n               data-image-slug=\"pla_4042-1\"\n               class=\"ngg-fancybox\" rel=\"1fa5e66f790a876a2b8aa907813cd1bc\">\n                <img\n                    title=\"Il Sindaco Stefano Lo Russo e Arturo Brachetti\"\n                    alt=\"Il Sindaco Stefano Lo Russo e Arturo Brachetti\"\n                    src=\"http:\/\/www.spaziotorino.it\/scatto\/wp-content\/gallery\/2023_06_24_brachetti\/cache\/PLA_4042.jpg-nggid0529763-ngg0dyn-60x60x100-00f0w010c011r110f110r010t010.jpg\"\n                    width=\"60\"\n                    height=\"60\"\n                    style=\"max-width:100%;\"\n                \/>\n            <\/a>\n        <\/div>\n\t\t\t\t\t\t\t<\/div> \n\t\t\t\n        \n\t\t\n\t\t<!-- Pagination -->\n\t<div class='ngg-clear'><\/div>\t<\/div>\n\n<p>\u00c8 Arturo Brachetti il nuovo ambasciatore nel mondo delle eccellenze del territorio torinese. A conferirgli il titolo, nel corso di una cerimonia che si \u00e8 svolta questa mattina, nel giorno del Santo Patrono della citt\u00e0, nella Sala del Consiglio Comunale di Palazzo Civico, sono stati il Sindaco Stefano Lo Russo e il Vicepresidente Vicario del Consiglio Comunale Domenico Garcea.<span id=\"more-112667\"><\/span><\/p>\n<p>\u201cAttore, illusionista, regista e trasformista, ad oggi ritenuto il pi\u00f9 importante interprete del trasformismo teatrale a livello mondiale, Arturo Brachetti \u2013 riporta la motivazione del riconoscimento \u2013 ha collaborato con le pi\u00f9 importanti realt\u00e0 d\u2019Europa, introducendo innovazioni tecnologiche, ricevendo riconoscimenti internazionali e raggiungendo altissimi traguardi artistici\u201d.<\/p>\n<p>Nato a Torino, citt\u00e0 magica per eccellenza, nel 1957 l\u2019artista ha cominciato la sua carriera a Parigi poco pi\u00f9 che ventenne. Da qui in poi la sua carriera \u00e8 stata inarrestabile, in un crescendo continuo che lo ha affermato come uno degli artisti italiani di livello internazionale, ma con il cuore sempre a Torino, dove vive tra uno spettacolo e l\u2019altro. Trai i numerosi riconoscimenti artistici ricevuti nella sua carriera figurano il premio Moli\u00e8re e il Laurence Olivier Award. Nel 2011 diviene Chevalier des Arts et des Lettres su iniziative del Ministero della cultura francese mentre nel 2014 viene insignito del titolo di Commendatore dal Presidente della Repubblica Giorgio Napolitano.<\/p>\n<p>Nel ricevere la pergamena e il distintivo di ambasciatore nel mondo delle eccellenze del territorio torinese,&nbsp;<strong>Arturo Brachetti<\/strong>&nbsp;ha sottolineato: \u201cTorino \u00e8 la mia citt\u00e0 non solo perch\u00e9 ci sono nato ma perch\u00e9 ho sempre creduto in lei, anche quando era triste e grigia e io, invece, la sognavo a colori. Negli anni ho imparato a scoprirla nelle sue pieghe e contraddizioni pi\u00f9 profonde. Ho ricevuto con immenso piacere la comunicazione del mio conferimento come ambasciatore delle eccellenze di Torino e ringrazio il Sindaco Stefano Lo Russo e attraverso lui tutti i e le torinesi. Nonostante i miei viaggi, io sono molto legato alla mia citt\u00e0 di cui mi appassionano la storia, la cultura ma soprattutto l\u2019energia e la sua capacit\u00e0 di trasformarsi, da sempre. Se guardate la sua storia pi\u00f9 recente, ogni cento anni (ma a volte anche meno)&nbsp; questa citt\u00e0 ha cambiato pelle, ha saputo immaginarsi nuova e adattarsi ai cambiamenti. E questo sapete cosa vuol dire? Che il futuro \u00e8 tutto da scrivere, insieme a tutti i torinesi per nascita o per scelta, che vogliono guardare avanti.\u201d<\/p>\n<p>\u201cSiamo davvero contenti di affidare questo ruolo importante ad Arturo Brachetti \u2013 ha detto il&nbsp;<strong>Sindaco Stefano Lo Russo<\/strong>\u2013 che porta il nome di Torino sui palcoscenici di tutto il mondo e che, pur viaggiando moltissimo, conserva uno stretto legame con la citt\u00e0, dove non \u00e8 insolito incontrarlo a passeggiare o in un caff\u00e8. Torino, proprio come fa Arturo nei suoi spettacoli, si sta trasformando velocemente. Come ambasciatore gli chiedo di aiutarla a credere di pi\u00f9 in s\u00e9 stessa e a raccontarsi meglio nel mondo\u201d.<\/p>\n<p>La Citt\u00e0 ha istituito il titolo di ambasciatore nel mondo delle eccellenze del territorio torinese nel 2020 per destinarlo a cittadini, torinesi e non, che si siano distinti per il loro contributo allo sviluppo e all\u2019immagine del territorio torinese. Gli ambasciatori vengono inseriti in un apposito albo e hanno il compito di rappresentare e di promuovere le eccellenze del territorio e del patrimonio artistico, architettonico e culturale che Torino pu\u00f2 offrire a turisti, istituzioni e imprese di tutto il mondo.24<\/p>\n","protected":false},"excerpt":{"rendered":"<p>\u00c8 Arturo Brachetti il nuovo ambasciatore nel mondo delle eccellenze del territorio torinese. A conferirgli il titolo, nel corso di una cerimonia che si \u00e8 svolta questa mattina, nel giorno del Santo Patrono della citt\u00e0, nella Sala del Consiglio Comunale di Palazzo Civico, sono stati il Sindaco Stefano Lo Russo e il Vicepresidente Vicario del [&hellip;]<\/p>\n","protected":false},"author":1,"featured_media":0,"comment_status":"closed","ping_status":"open","sticky":false,"template":"","format":"standard","meta":{"ngg_post_thumbnail":0},"categories":[133,1,895],"tags":[],"_links":{"self":[{"href":"http:\/\/www.spaziotorino.it\/scatto\/index.php?rest_route=\/wp\/v2\/posts\/46238"}],"collection":[{"href":"http:\/\/www.spaziotorino.it\/scatto\/index.php?rest_route=\/wp\/v2\/posts"}],"about":[{"href":"http:\/\/www.spaziotorino.it\/scatto\/index.php?rest_route=\/wp\/v2\/types\/post"}],"author":[{"embeddable":true,"href":"http:\/\/www.spaziotorino.it\/scatto\/index.php?rest_route=\/wp\/v2\/users\/1"}],"replies":[{"embeddable":true,"href":"http:\/\/www.spaziotorino.it\/scatto\/index.php?rest_route=%2Fwp%2Fv2%2Fcomments&post=46238"}],"version-history":[{"count":2,"href":"http:\/\/www.spaziotorino.it\/scatto\/index.php?rest_route=\/wp\/v2\/posts\/46238\/revisions"}],"predecessor-version":[{"id":46241,"href":"http:\/\/www.spaziotorino.it\/scatto\/index.php?rest_route=\/wp\/v2\/posts\/46238\/revisions\/46241"}],"wp:attachment":[{"href":"http:\/\/www.spaziotorino.it\/scatto\/index.php?rest_route=%2Fwp%2Fv2%2Fmedia&parent=46238"}],"wp:term":[{"taxonomy":"category","embeddable":true,"href":"http:\/\/www.spaziotorino.it\/scatto\/index.php?rest_route=%2Fwp%2Fv2%2Fcategories&post=46238"},{"taxonomy":"post_tag","embeddable":true,"href":"http:\/\/www.spaziotorino.it\/scatto\/index.php?rest_route=%2Fwp%2Fv2%2Ftags&post=46238"}],"curies":[{"name":"wp","href":"https:\/\/api.w.org\/{rel}","templated":true}]}}