{"id":46274,"date":"2023-06-26T15:08:36","date_gmt":"2023-06-26T14:08:36","guid":{"rendered":"http:\/\/www.spaziotorino.it\/scatto\/?p=46274"},"modified":"2023-06-26T15:08:36","modified_gmt":"2023-06-26T14:08:36","slug":"la-citta-ricorda-bruno-caccia","status":"publish","type":"post","link":"http:\/\/www.spaziotorino.it\/scatto\/?p=46274","title":{"rendered":"La Citt\u00e0 ricorda Bruno Caccia"},"content":{"rendered":"<p><a class=\"ngg-fancybox\" title=\"La Citt\u00e0 ricorda Bruno Caccia\" href=\"http:\/\/www.spaziotorino.it\/scatto\/wp-content\/gallery\/2023_06_26_caccia\/PLA_4213.jpg\" rel=\"lightbox[set_1978]\"><br \/>\n<img decoding=\"async\" loading=\"lazy\" class=\"ngg-singlepic\" title=\"La Citt\u00e0 ricorda Bruno Caccia\" src=\"http:\/\/www.spaziotorino.it\/scatto\/wp-content\/gallery\/2023_06_26_caccia\/PLA_4213.jpg\" alt=\"\" width=\"540\" height=\"360\"\/><\/a><\/p>\n<!-- index.php -->\n<div\n\tclass=\"ngg-galleryoverview ngg-ajax-pagination-none\"\n\tid=\"ngg-gallery-685b9970f52995fce0cc500607bc4283-1\">\n\n    \t\t<!-- Thumbnails -->\n\t\t\t\t<div id=\"ngg-image-0\" class=\"ngg-gallery-thumbnail-box\" >\n\t\t\t\t        <div class=\"ngg-gallery-thumbnail\">\n            <a href=\"http:\/\/www.spaziotorino.it\/scatto\/wp-content\/gallery\/2023_06_26_caccia\/PLA_4261.jpg\"\n               title=\"La Citt\u00e0 ricorda Bruno Caccia\"\n               data-src=\"http:\/\/www.spaziotorino.it\/scatto\/wp-content\/gallery\/2023_06_26_caccia\/PLA_4261.jpg\"\n               data-thumbnail=\"http:\/\/www.spaziotorino.it\/scatto\/wp-content\/gallery\/2023_06_26_caccia\/thumbs\/thumbs_PLA_4261.jpg\"\n               data-image-id=\"29779\"\n               data-title=\"La Citt\u00e0 ricorda Bruno Caccia\"\n               data-description=\"La Citt\u00e0 ricorda Bruno Caccia\"\n               data-image-slug=\"pla_4261\"\n               class=\"ngg-fancybox\" rel=\"685b9970f52995fce0cc500607bc4283\">\n                <img\n                    title=\"La Citt\u00e0 ricorda Bruno Caccia\"\n                    alt=\"La Citt\u00e0 ricorda Bruno Caccia\"\n                    src=\"http:\/\/www.spaziotorino.it\/scatto\/wp-content\/gallery\/2023_06_26_caccia\/cache\/PLA_4261.jpg-nggid0529779-ngg0dyn-60x60x100-00f0w010c011r110f110r010t010.jpg\"\n                    width=\"60\"\n                    height=\"60\"\n                    style=\"max-width:100%;\"\n                \/>\n            <\/a>\n        <\/div>\n\t\t\t\t\t\t\t<\/div> \n\t\t\t\n        \n\t\t\t\t<div id=\"ngg-image-1\" class=\"ngg-gallery-thumbnail-box\" >\n\t\t\t\t        <div class=\"ngg-gallery-thumbnail\">\n            <a href=\"http:\/\/www.spaziotorino.it\/scatto\/wp-content\/gallery\/2023_06_26_caccia\/PLA_4275.jpg\"\n               title=\"Maria Grazia Grippo, Presidente del Consiglio Comunale\"\n               data-src=\"http:\/\/www.spaziotorino.it\/scatto\/wp-content\/gallery\/2023_06_26_caccia\/PLA_4275.jpg\"\n               data-thumbnail=\"http:\/\/www.spaziotorino.it\/scatto\/wp-content\/gallery\/2023_06_26_caccia\/thumbs\/thumbs_PLA_4275.jpg\"\n               data-image-id=\"29780\"\n               data-title=\"Maria Grazia Grippo, Presidente del Consiglio Comunale\"\n               data-description=\"Maria Grazia Grippo, Presidente del Consiglio Comunale\"\n               data-image-slug=\"pla_4275-2\"\n               class=\"ngg-fancybox\" rel=\"685b9970f52995fce0cc500607bc4283\">\n                <img\n                    title=\"Maria Grazia Grippo, Presidente del Consiglio Comunale\"\n                    alt=\"Maria Grazia Grippo, Presidente del Consiglio Comunale\"\n                    src=\"http:\/\/www.spaziotorino.it\/scatto\/wp-content\/gallery\/2023_06_26_caccia\/cache\/PLA_4275.jpg-nggid0529780-ngg0dyn-60x60x100-00f0w010c011r110f110r010t010.jpg\"\n                    width=\"60\"\n                    height=\"60\"\n                    style=\"max-width:100%;\"\n                \/>\n            <\/a>\n        <\/div>\n\t\t\t\t\t\t\t<\/div> \n\t\t\t\n        \n\t\t\t\t<div id=\"ngg-image-2\" class=\"ngg-gallery-thumbnail-box\" >\n\t\t\t\t        <div class=\"ngg-gallery-thumbnail\">\n            <a href=\"http:\/\/www.spaziotorino.it\/scatto\/wp-content\/gallery\/2023_06_26_caccia\/PLA_4291.jpg\"\n               title=\"Guido Caccia, figlio di Bruno\"\n               data-src=\"http:\/\/www.spaziotorino.it\/scatto\/wp-content\/gallery\/2023_06_26_caccia\/PLA_4291.jpg\"\n               data-thumbnail=\"http:\/\/www.spaziotorino.it\/scatto\/wp-content\/gallery\/2023_06_26_caccia\/thumbs\/thumbs_PLA_4291.jpg\"\n               data-image-id=\"29782\"\n               data-title=\"Guido Caccia, figlio di Bruno\"\n               data-description=\"Guido Caccia, figlio di Bruno\"\n               data-image-slug=\"pla_4291-1\"\n               class=\"ngg-fancybox\" rel=\"685b9970f52995fce0cc500607bc4283\">\n                <img\n                    title=\"Guido Caccia, figlio di Bruno\"\n                    alt=\"Guido Caccia, figlio di Bruno\"\n                    src=\"http:\/\/www.spaziotorino.it\/scatto\/wp-content\/gallery\/2023_06_26_caccia\/cache\/PLA_4291.jpg-nggid0529782-ngg0dyn-60x60x100-00f0w010c011r110f110r010t010.jpg\"\n                    width=\"60\"\n                    height=\"60\"\n                    style=\"max-width:100%;\"\n                \/>\n            <\/a>\n        <\/div>\n\t\t\t\t\t\t\t<\/div> \n\t\t\t\n        \n\t\t\t\t<div id=\"ngg-image-3\" class=\"ngg-gallery-thumbnail-box\" >\n\t\t\t\t        <div class=\"ngg-gallery-thumbnail\">\n            <a href=\"http:\/\/www.spaziotorino.it\/scatto\/wp-content\/gallery\/2023_06_26_caccia\/PLA_4309.jpg\"\n               title=\"Cerimonia 40\u00b0 Anniversario dalla morte di Bruno Caccia\"\n               data-src=\"http:\/\/www.spaziotorino.it\/scatto\/wp-content\/gallery\/2023_06_26_caccia\/PLA_4309.jpg\"\n               data-thumbnail=\"http:\/\/www.spaziotorino.it\/scatto\/wp-content\/gallery\/2023_06_26_caccia\/thumbs\/thumbs_PLA_4309.jpg\"\n               data-image-id=\"29783\"\n               data-title=\"Cerimonia 40\u00b0 Anniversario dalla morte di Bruno Caccia\"\n               data-description=\"Cerimonia 40\u00b0 Anniversario dalla morte di Bruno Caccia\"\n               data-image-slug=\"pla_4309\"\n               class=\"ngg-fancybox\" rel=\"685b9970f52995fce0cc500607bc4283\">\n                <img\n                    title=\"Cerimonia 40\u00b0 Anniversario dalla morte di Bruno Caccia\"\n                    alt=\"Cerimonia 40\u00b0 Anniversario dalla morte di Bruno Caccia\"\n                    src=\"http:\/\/www.spaziotorino.it\/scatto\/wp-content\/gallery\/2023_06_26_caccia\/cache\/PLA_4309.jpg-nggid0529783-ngg0dyn-60x60x100-00f0w010c011r110f110r010t010.jpg\"\n                    width=\"60\"\n                    height=\"60\"\n                    style=\"max-width:100%;\"\n                \/>\n            <\/a>\n        <\/div>\n\t\t\t\t\t\t\t<\/div> \n\t\t\t\n        \n\t\t\t\t<div id=\"ngg-image-4\" class=\"ngg-gallery-thumbnail-box\" >\n\t\t\t\t        <div class=\"ngg-gallery-thumbnail\">\n            <a href=\"http:\/\/www.spaziotorino.it\/scatto\/wp-content\/gallery\/2023_06_26_caccia\/PLA_4300.jpg\"\n               title=\"Gian Carlo Caselli\"\n               data-src=\"http:\/\/www.spaziotorino.it\/scatto\/wp-content\/gallery\/2023_06_26_caccia\/PLA_4300.jpg\"\n               data-thumbnail=\"http:\/\/www.spaziotorino.it\/scatto\/wp-content\/gallery\/2023_06_26_caccia\/thumbs\/thumbs_PLA_4300.jpg\"\n               data-image-id=\"29784\"\n               data-title=\"Gian Carlo Caselli\"\n               data-description=\"Gian Carlo Caselli\"\n               data-image-slug=\"pla_4300\"\n               class=\"ngg-fancybox\" rel=\"685b9970f52995fce0cc500607bc4283\">\n                <img\n                    title=\"Gian Carlo Caselli\"\n                    alt=\"Gian Carlo Caselli\"\n                    src=\"http:\/\/www.spaziotorino.it\/scatto\/wp-content\/gallery\/2023_06_26_caccia\/cache\/PLA_4300.jpg-nggid0529784-ngg0dyn-60x60x100-00f0w010c011r110f110r010t010.jpg\"\n                    width=\"60\"\n                    height=\"60\"\n                    style=\"max-width:100%;\"\n                \/>\n            <\/a>\n        <\/div>\n\t\t\t\t\t\t\t<\/div> \n\t\t\t\n        \n\t\t\t\t<div id=\"ngg-image-5\" class=\"ngg-gallery-thumbnail-box\" >\n\t\t\t\t        <div class=\"ngg-gallery-thumbnail\">\n            <a href=\"http:\/\/www.spaziotorino.it\/scatto\/wp-content\/gallery\/2023_06_26_caccia\/PLA_4324.jpg\"\n               title=\"Don Luigi Ciotti\"\n               data-src=\"http:\/\/www.spaziotorino.it\/scatto\/wp-content\/gallery\/2023_06_26_caccia\/PLA_4324.jpg\"\n               data-thumbnail=\"http:\/\/www.spaziotorino.it\/scatto\/wp-content\/gallery\/2023_06_26_caccia\/thumbs\/thumbs_PLA_4324.jpg\"\n               data-image-id=\"29785\"\n               data-title=\"Don Luigi Ciotti\"\n               data-description=\"Don Luigi Ciotti\"\n               data-image-slug=\"pla_4324\"\n               class=\"ngg-fancybox\" rel=\"685b9970f52995fce0cc500607bc4283\">\n                <img\n                    title=\"Don Luigi Ciotti\"\n                    alt=\"Don Luigi Ciotti\"\n                    src=\"http:\/\/www.spaziotorino.it\/scatto\/wp-content\/gallery\/2023_06_26_caccia\/cache\/PLA_4324.jpg-nggid0529785-ngg0dyn-60x60x100-00f0w010c011r110f110r010t010.jpg\"\n                    width=\"60\"\n                    height=\"60\"\n                    style=\"max-width:100%;\"\n                \/>\n            <\/a>\n        <\/div>\n\t\t\t\t\t\t\t<\/div> \n\t\t\t\n        \n\t\t\t\t<div id=\"ngg-image-6\" class=\"ngg-gallery-thumbnail-box\" >\n\t\t\t\t        <div class=\"ngg-gallery-thumbnail\">\n            <a href=\"http:\/\/www.spaziotorino.it\/scatto\/wp-content\/gallery\/2023_06_26_caccia\/PLA_4348.jpg\"\n               title=\"Cerimonia 40\u00b0 Anniversario dalla morte di Bruno Caccia\"\n               data-src=\"http:\/\/www.spaziotorino.it\/scatto\/wp-content\/gallery\/2023_06_26_caccia\/PLA_4348.jpg\"\n               data-thumbnail=\"http:\/\/www.spaziotorino.it\/scatto\/wp-content\/gallery\/2023_06_26_caccia\/thumbs\/thumbs_PLA_4348.jpg\"\n               data-image-id=\"29786\"\n               data-title=\"Cerimonia 40\u00b0 Anniversario dalla morte di Bruno Caccia\"\n               data-description=\"Cerimonia 40\u00b0 Anniversario dalla morte di Bruno Caccia\"\n               data-image-slug=\"pla_4348-1\"\n               class=\"ngg-fancybox\" rel=\"685b9970f52995fce0cc500607bc4283\">\n                <img\n                    title=\"Cerimonia 40\u00b0 Anniversario dalla morte di Bruno Caccia\"\n                    alt=\"Cerimonia 40\u00b0 Anniversario dalla morte di Bruno Caccia\"\n                    src=\"http:\/\/www.spaziotorino.it\/scatto\/wp-content\/gallery\/2023_06_26_caccia\/cache\/PLA_4348.jpg-nggid0529786-ngg0dyn-60x60x100-00f0w010c011r110f110r010t010.jpg\"\n                    width=\"60\"\n                    height=\"60\"\n                    style=\"max-width:100%;\"\n                \/>\n            <\/a>\n        <\/div>\n\t\t\t\t\t\t\t<\/div> \n\t\t\t\n        \n\t\t\t\t<div id=\"ngg-image-7\" class=\"ngg-gallery-thumbnail-box\" >\n\t\t\t\t        <div class=\"ngg-gallery-thumbnail\">\n            <a href=\"http:\/\/www.spaziotorino.it\/scatto\/wp-content\/gallery\/2023_06_26_caccia\/PLA_4330.jpg\"\n               title=\"Cerimonia 40\u00b0 Anniversario dalla morte di Bruno Caccia\"\n               data-src=\"http:\/\/www.spaziotorino.it\/scatto\/wp-content\/gallery\/2023_06_26_caccia\/PLA_4330.jpg\"\n               data-thumbnail=\"http:\/\/www.spaziotorino.it\/scatto\/wp-content\/gallery\/2023_06_26_caccia\/thumbs\/thumbs_PLA_4330.jpg\"\n               data-image-id=\"29787\"\n               data-title=\"Cerimonia 40\u00b0 Anniversario dalla morte di Bruno Caccia\"\n               data-description=\"Cerimonia 40\u00b0 Anniversario dalla morte di Bruno Caccia\"\n               data-image-slug=\"pla_4330\"\n               class=\"ngg-fancybox\" rel=\"685b9970f52995fce0cc500607bc4283\">\n                <img\n                    title=\"Cerimonia 40\u00b0 Anniversario dalla morte di Bruno Caccia\"\n                    alt=\"Cerimonia 40\u00b0 Anniversario dalla morte di Bruno Caccia\"\n                    src=\"http:\/\/www.spaziotorino.it\/scatto\/wp-content\/gallery\/2023_06_26_caccia\/cache\/PLA_4330.jpg-nggid0529787-ngg0dyn-60x60x100-00f0w010c011r110f110r010t010.jpg\"\n                    width=\"60\"\n                    height=\"60\"\n                    style=\"max-width:100%;\"\n                \/>\n            <\/a>\n        <\/div>\n\t\t\t\t\t\t\t<\/div> \n\t\t\t\n        \n\t\t\t\t<div id=\"ngg-image-8\" class=\"ngg-gallery-thumbnail-box\" >\n\t\t\t\t        <div class=\"ngg-gallery-thumbnail\">\n            <a href=\"http:\/\/www.spaziotorino.it\/scatto\/wp-content\/gallery\/2023_06_26_caccia\/PLA_4372.jpg\"\n               title=\"Michela Favaro,  Vicesindaca della Citt\u00e0 di Torino\"\n               data-src=\"http:\/\/www.spaziotorino.it\/scatto\/wp-content\/gallery\/2023_06_26_caccia\/PLA_4372.jpg\"\n               data-thumbnail=\"http:\/\/www.spaziotorino.it\/scatto\/wp-content\/gallery\/2023_06_26_caccia\/thumbs\/thumbs_PLA_4372.jpg\"\n               data-image-id=\"29788\"\n               data-title=\"Michela Favaro,  Vicesindaca della Citt\u00e0 di Torino\"\n               data-description=\"Michela Favaro,  Vicesindaca della Citt\u00e0 di Torino\"\n               data-image-slug=\"pla_4372-1\"\n               class=\"ngg-fancybox\" rel=\"685b9970f52995fce0cc500607bc4283\">\n                <img\n                    title=\"Michela Favaro,  Vicesindaca della Citt\u00e0 di Torino\"\n                    alt=\"Michela Favaro,  Vicesindaca della Citt\u00e0 di Torino\"\n                    src=\"http:\/\/www.spaziotorino.it\/scatto\/wp-content\/gallery\/2023_06_26_caccia\/cache\/PLA_4372.jpg-nggid0529788-ngg0dyn-60x60x100-00f0w010c011r110f110r010t010.jpg\"\n                    width=\"60\"\n                    height=\"60\"\n                    style=\"max-width:100%;\"\n                \/>\n            <\/a>\n        <\/div>\n\t\t\t\t\t\t\t<\/div> \n\t\t\t\n        \n\t\t\t\t<div id=\"ngg-image-9\" class=\"ngg-gallery-thumbnail-box\" >\n\t\t\t\t        <div class=\"ngg-gallery-thumbnail\">\n            <a href=\"http:\/\/www.spaziotorino.it\/scatto\/wp-content\/gallery\/2023_06_26_caccia\/PLA_4375.jpg\"\n               title=\"Cerimonia 40\u00b0 Anniversario dalla morte di Bruno Caccia\"\n               data-src=\"http:\/\/www.spaziotorino.it\/scatto\/wp-content\/gallery\/2023_06_26_caccia\/PLA_4375.jpg\"\n               data-thumbnail=\"http:\/\/www.spaziotorino.it\/scatto\/wp-content\/gallery\/2023_06_26_caccia\/thumbs\/thumbs_PLA_4375.jpg\"\n               data-image-id=\"29789\"\n               data-title=\"Cerimonia 40\u00b0 Anniversario dalla morte di Bruno Caccia\"\n               data-description=\"Cerimonia 40\u00b0 Anniversario dalla morte di Bruno Caccia\"\n               data-image-slug=\"pla_4375\"\n               class=\"ngg-fancybox\" rel=\"685b9970f52995fce0cc500607bc4283\">\n                <img\n                    title=\"Cerimonia 40\u00b0 Anniversario dalla morte di Bruno Caccia\"\n                    alt=\"Cerimonia 40\u00b0 Anniversario dalla morte di Bruno Caccia\"\n                    src=\"http:\/\/www.spaziotorino.it\/scatto\/wp-content\/gallery\/2023_06_26_caccia\/cache\/PLA_4375.jpg-nggid0529789-ngg0dyn-60x60x100-00f0w010c011r110f110r010t010.jpg\"\n                    width=\"60\"\n                    height=\"60\"\n                    style=\"max-width:100%;\"\n                \/>\n            <\/a>\n        <\/div>\n\t\t\t\t\t\t\t<\/div> \n\t\t\t\n        \n\t\t\n\t\t<!-- Pagination -->\n\t<div class='ngg-clear'><\/div>\t<\/div>\n\n<p>Sono passati quarant\u2019anni da quel 26 giugno del 1983 quando il procuratore torinese Bruno Caccia rimase ucciso in un attentato per mano della criminalit\u00e0 organizzata. Dopo avergli intitolato una scuola nei mesi scorsi, la Citt\u00e0 di Torino lo ha ricordato oggi con una commemorazione istituzionale cui hanno partecipato la vicesindaca Michela Favaro, l\u2019assessore Francesco Tresso, la presidente del Consiglio Comunale Maria Grazia Grippo, Guido Caccia, Don Luigi Ciotti e Gian Carlo Caselli.<br \/>\nCogliendo l\u2019occasione di un anniversario importante e dell\u2019esempio altissimo rappresentato da Bruno Caccia, l\u2019amministrazione comunale ha inoltre promosso un bando per sostenere iniziative di educazione alla legalit\u00e0 e alla cittadinanza responsabile. Tra queste le attivit\u00e0 partite in mattinata in alcuni centri estivi cittadini e rivolte a oltre 3mila bambini e ragazzi, come quelle all\u2019oratorio Monterosa che hanno visto la partecipazione della Vicesindaca Michela Favaro. Un modo per ricordare il Procuratore e attualizzarne l\u2019eredit\u00e0 morale e l\u2019esempio.<\/p>\n<p>\u201cFare memoria di un grande personaggio non pu\u00f2 essere solo ricordare il passato ma far vivere la sua eredit\u00e0 nel presente affinch\u00e9 possa incidere sul futuro \u2013 ha spiegato la Vicesindaca- .Per questo, per far conoscere Bruno Caccia e rendere i cittadini pi\u00f9 giovani protagonisti dell\u2019impegno nella lotta alle mafie e nella tutela della legalit\u00e0 abbiamo organizzato con l\u2019aiuto di Libera una \u201cCaccia al tesoro\u201d. Hanno aderito 35 Centri Estivi tra scuole, oratori e parrocchie coinvolgendo oltre 3000 bambini e bambine. Abbiamo scelto di giocare insieme perch\u00e9 nel gioco, per divertirsi, servono le regole e per lasciare un messaggio chiaro a tutti e tutte: non ci piace sempre dover rispettare le regole ma, pensiamoci, senza regole non si potrebbe fare niente, non si potrebbe giocare, fare sport, suonare, scrivere, muoversi. Grazie alla famiglia Caccia, agli assessori, ai consiglieri, alle consigliere della Citt\u00e0 e delle Circoscrizioni, ai rappresentanti della Polizia di Stato, agli avvocati della Fondazione Fulvio Croce e ai volontari di Libera per aver partecipato all\u2019iniziativa recandosi oggi nei Centri Estivi\u201d.<\/p>\n<p>Il programma delle iniziative promosse dall\u2019amministrazione comunale si concluder\u00e0 il 6 e 7 ottobre con le Giornate della Legalit\u00e0, promosse per aumentare la consapevolezza dei cittadini sulle attivit\u00e0 di contrasto alla criminalit\u00e0; due giornate che vedranno l\u2019apertura di luoghi simbolo di questo impegno come la Prefettura, il Tribunale e gli immobili confiscati alla criminalit\u00e0 organizzata, oltre a conferenze, spettacoli, visite guidate, mostre e attivit\u00e0 aperte a tutti. In questa occasione avverr\u00e0 anche la consegna del premio \u201cBruno Caccia\u201d, destinato a giovani che si siano distinti per il loro impegno nella promozione della legalit\u00e0 sul territorio, con la presentazione delle attivit\u00e0 realizzate nell\u2019ambito della prima edizione dell\u2019omonimo bando.<\/p>\n","protected":false},"excerpt":{"rendered":"<p>Sono passati quarant\u2019anni da quel 26 giugno del 1983 quando il procuratore torinese Bruno Caccia rimase ucciso in un attentato per mano della criminalit\u00e0 organizzata. Dopo avergli intitolato una scuola nei mesi scorsi, la Citt\u00e0 di Torino lo ha ricordato oggi con una commemorazione istituzionale cui hanno partecipato la vicesindaca Michela Favaro, l\u2019assessore Francesco Tresso, [&hellip;]<\/p>\n","protected":false},"author":1,"featured_media":0,"comment_status":"closed","ping_status":"open","sticky":false,"template":"","format":"standard","meta":{"ngg_post_thumbnail":0},"categories":[1,41,895],"tags":[],"_links":{"self":[{"href":"http:\/\/www.spaziotorino.it\/scatto\/index.php?rest_route=\/wp\/v2\/posts\/46274"}],"collection":[{"href":"http:\/\/www.spaziotorino.it\/scatto\/index.php?rest_route=\/wp\/v2\/posts"}],"about":[{"href":"http:\/\/www.spaziotorino.it\/scatto\/index.php?rest_route=\/wp\/v2\/types\/post"}],"author":[{"embeddable":true,"href":"http:\/\/www.spaziotorino.it\/scatto\/index.php?rest_route=\/wp\/v2\/users\/1"}],"replies":[{"embeddable":true,"href":"http:\/\/www.spaziotorino.it\/scatto\/index.php?rest_route=%2Fwp%2Fv2%2Fcomments&post=46274"}],"version-history":[{"count":1,"href":"http:\/\/www.spaziotorino.it\/scatto\/index.php?rest_route=\/wp\/v2\/posts\/46274\/revisions"}],"predecessor-version":[{"id":46276,"href":"http:\/\/www.spaziotorino.it\/scatto\/index.php?rest_route=\/wp\/v2\/posts\/46274\/revisions\/46276"}],"wp:attachment":[{"href":"http:\/\/www.spaziotorino.it\/scatto\/index.php?rest_route=%2Fwp%2Fv2%2Fmedia&parent=46274"}],"wp:term":[{"taxonomy":"category","embeddable":true,"href":"http:\/\/www.spaziotorino.it\/scatto\/index.php?rest_route=%2Fwp%2Fv2%2Fcategories&post=46274"},{"taxonomy":"post_tag","embeddable":true,"href":"http:\/\/www.spaziotorino.it\/scatto\/index.php?rest_route=%2Fwp%2Fv2%2Ftags&post=46274"}],"curies":[{"name":"wp","href":"https:\/\/api.w.org\/{rel}","templated":true}]}}