{"id":46284,"date":"2023-06-29T14:37:03","date_gmt":"2023-06-29T13:37:03","guid":{"rendered":"http:\/\/www.spaziotorino.it\/scatto\/?p=46284"},"modified":"2023-06-30T11:37:51","modified_gmt":"2023-06-30T10:37:51","slug":"a-torino-il-festival-internazionale-di-fotografia","status":"publish","type":"post","link":"http:\/\/www.spaziotorino.it\/scatto\/?p=46284","title":{"rendered":"A Torino il Festival Internazionale di Fotografia"},"content":{"rendered":"<p><a class=\"ngg-fancybox\" title=\"A Torino il Festival Internazionale di Fotografia\" href=\"http:\/\/www.spaziotorino.it\/scatto\/wp-content\/gallery\/2023_06_29_fotografia\/PLA_4521.jpg\" rel=\"lightbox[set_1979]\"><br \/>\n<img decoding=\"async\" loading=\"lazy\" class=\"ngg-singlepic\" title=\"A Torino il Festival Internazionale di Fotografia\" src=\"http:\/\/www.spaziotorino.it\/scatto\/wp-content\/gallery\/2023_06_29_fotografia\/PLA_4521.jpg\" alt=\"\" width=\"540\" height=\"360\"\/><\/a><\/p>\n<!-- index.php -->\n<div\n\tclass=\"ngg-galleryoverview ngg-ajax-pagination-none\"\n\tid=\"ngg-gallery-c4f3f422b51182a13ec707e02e2dc345-1\">\n\n    \t\t<!-- Thumbnails -->\n\t\t\t\t<div id=\"ngg-image-0\" class=\"ngg-gallery-thumbnail-box\" >\n\t\t\t\t        <div class=\"ngg-gallery-thumbnail\">\n            <a href=\"http:\/\/www.spaziotorino.it\/scatto\/wp-content\/gallery\/2023_06_29_fotografia\/PLA_4506.jpg\"\n               title=\"I direttori artistici del Festival, Menno Liauw e Salvatore Vitale con Alessandro Isaia, Segretario Generale della Fondazione per la Cultura\"\n               data-src=\"http:\/\/www.spaziotorino.it\/scatto\/wp-content\/gallery\/2023_06_29_fotografia\/PLA_4506.jpg\"\n               data-thumbnail=\"http:\/\/www.spaziotorino.it\/scatto\/wp-content\/gallery\/2023_06_29_fotografia\/thumbs\/thumbs_PLA_4506.jpg\"\n               data-image-id=\"29793\"\n               data-title=\"I direttori artistici del Festival, Menno Liauw e Salvatore Vitale con Alessandro Isaia, Segretario Generale della Fondazione per la Cultura\"\n               data-description=\"I direttori artistici del Festival, Menno Liauw e Salvatore Vitale con Alessandro Isaia, Segretario Generale della Fondazione per la Cultura\"\n               data-image-slug=\"pla_4506-1\"\n               class=\"ngg-fancybox\" rel=\"c4f3f422b51182a13ec707e02e2dc345\">\n                <img\n                    title=\"I direttori artistici del Festival, Menno Liauw e Salvatore Vitale con Alessandro Isaia, Segretario Generale della Fondazione per la Cultura\"\n                    alt=\"I direttori artistici del Festival, Menno Liauw e Salvatore Vitale con Alessandro Isaia, Segretario Generale della Fondazione per la Cultura\"\n                    src=\"http:\/\/www.spaziotorino.it\/scatto\/wp-content\/gallery\/2023_06_29_fotografia\/cache\/PLA_4506.jpg-nggid0529793-ngg0dyn-60x60x100-00f0w010c011r110f110r010t010.jpg\"\n                    width=\"60\"\n                    height=\"60\"\n                    style=\"max-width:100%;\"\n                \/>\n            <\/a>\n        <\/div>\n\t\t\t\t\t\t\t<\/div> \n\t\t\t\n        \n\t\t\t\t<div id=\"ngg-image-1\" class=\"ngg-gallery-thumbnail-box\" >\n\t\t\t\t        <div class=\"ngg-gallery-thumbnail\">\n            <a href=\"http:\/\/www.spaziotorino.it\/scatto\/wp-content\/gallery\/2023_06_29_fotografia\/PLA_4526.jpg\"\n               title=\"Alla GAM la conferenza stampa di presentazione del Festival della Fotografia\"\n               data-src=\"http:\/\/www.spaziotorino.it\/scatto\/wp-content\/gallery\/2023_06_29_fotografia\/PLA_4526.jpg\"\n               data-thumbnail=\"http:\/\/www.spaziotorino.it\/scatto\/wp-content\/gallery\/2023_06_29_fotografia\/thumbs\/thumbs_PLA_4526.jpg\"\n               data-image-id=\"29792\"\n               data-title=\"Alla GAM la conferenza stampa di presentazione del Festival della Fotografia\"\n               data-description=\"Alla GAM la conferenza stampa di presentazione del Festival della Fotografia\"\n               data-image-slug=\"pla_4526-1\"\n               class=\"ngg-fancybox\" rel=\"c4f3f422b51182a13ec707e02e2dc345\">\n                <img\n                    title=\"Alla GAM la conferenza stampa di presentazione del Festival della Fotografia\"\n                    alt=\"Alla GAM la conferenza stampa di presentazione del Festival della Fotografia\"\n                    src=\"http:\/\/www.spaziotorino.it\/scatto\/wp-content\/gallery\/2023_06_29_fotografia\/cache\/PLA_4526.jpg-nggid0529792-ngg0dyn-60x60x100-00f0w010c011r110f110r010t010.jpg\"\n                    width=\"60\"\n                    height=\"60\"\n                    style=\"max-width:100%;\"\n                \/>\n            <\/a>\n        <\/div>\n\t\t\t\t\t\t\t<\/div> \n\t\t\t\n        \n\t\t\t\t<div id=\"ngg-image-2\" class=\"ngg-gallery-thumbnail-box\" >\n\t\t\t\t        <div class=\"ngg-gallery-thumbnail\">\n            <a href=\"http:\/\/www.spaziotorino.it\/scatto\/wp-content\/gallery\/2023_06_29_fotografia\/PLA_4524.jpg\"\n               title=\"Alla GAM la conferenza stampa di presentazione del Festival della Fotografia\"\n               data-src=\"http:\/\/www.spaziotorino.it\/scatto\/wp-content\/gallery\/2023_06_29_fotografia\/PLA_4524.jpg\"\n               data-thumbnail=\"http:\/\/www.spaziotorino.it\/scatto\/wp-content\/gallery\/2023_06_29_fotografia\/thumbs\/thumbs_PLA_4524.jpg\"\n               data-image-id=\"29791\"\n               data-title=\"Alla GAM la conferenza stampa di presentazione del Festival della Fotografia\"\n               data-description=\"Alla GAM la conferenza stampa di presentazione del Festival della Fotografia\"\n               data-image-slug=\"pla_4524\"\n               class=\"ngg-fancybox\" rel=\"c4f3f422b51182a13ec707e02e2dc345\">\n                <img\n                    title=\"Alla GAM la conferenza stampa di presentazione del Festival della Fotografia\"\n                    alt=\"Alla GAM la conferenza stampa di presentazione del Festival della Fotografia\"\n                    src=\"http:\/\/www.spaziotorino.it\/scatto\/wp-content\/gallery\/2023_06_29_fotografia\/cache\/PLA_4524.jpg-nggid0529791-ngg0dyn-60x60x100-00f0w010c011r110f110r010t010.jpg\"\n                    width=\"60\"\n                    height=\"60\"\n                    style=\"max-width:100%;\"\n                \/>\n            <\/a>\n        <\/div>\n\t\t\t\t\t\t\t<\/div> \n\t\t\t\n        \n\t\t\t\t<div id=\"ngg-image-3\" class=\"ngg-gallery-thumbnail-box\" >\n\t\t\t\t        <div class=\"ngg-gallery-thumbnail\">\n            <a href=\"http:\/\/www.spaziotorino.it\/scatto\/wp-content\/gallery\/2023_06_29_fotografia\/PLA_4536.jpg\"\n               title=\"L&#039;intervento dell&#039;Assessora alla Cultura Rosanna Purchia\"\n               data-src=\"http:\/\/www.spaziotorino.it\/scatto\/wp-content\/gallery\/2023_06_29_fotografia\/PLA_4536.jpg\"\n               data-thumbnail=\"http:\/\/www.spaziotorino.it\/scatto\/wp-content\/gallery\/2023_06_29_fotografia\/thumbs\/thumbs_PLA_4536.jpg\"\n               data-image-id=\"29794\"\n               data-title=\"L&#039;intervento dell&#039;Assessora alla Cultura Rosanna Purchia\"\n               data-description=\"L&#039;intervento dell&#039;Assessora alla Cultura Rosanna Purchia\"\n               data-image-slug=\"pla_4536-1\"\n               class=\"ngg-fancybox\" rel=\"c4f3f422b51182a13ec707e02e2dc345\">\n                <img\n                    title=\"L&#039;intervento dell&#039;Assessora alla Cultura Rosanna Purchia\"\n                    alt=\"L&#039;intervento dell&#039;Assessora alla Cultura Rosanna Purchia\"\n                    src=\"http:\/\/www.spaziotorino.it\/scatto\/wp-content\/gallery\/2023_06_29_fotografia\/cache\/PLA_4536.jpg-nggid0529794-ngg0dyn-60x60x100-00f0w010c011r110f110r010t010.jpg\"\n                    width=\"60\"\n                    height=\"60\"\n                    style=\"max-width:100%;\"\n                \/>\n            <\/a>\n        <\/div>\n\t\t\t\t\t\t\t<\/div> \n\t\t\t\n        \n\t\t\n\t\t<!-- Pagination -->\n\t<div class='ngg-clear'><\/div>\t<\/div>\n\n<p>Dal 2 maggio al 2 giugno 2024 Torino ospiter\u00e0 il Festival Internazionale&nbsp;dedicato alla&nbsp;Fotografia.<\/p>\n<p>Si chiamer\u00e0&nbsp;\u201cExposed. Torino foto festival\u201d&nbsp;ed \u00e8 stato presentato questa mattina in conferenza stampa alla GAM,&nbsp;alla presenza delle assessore alla Cultura di Regione Piemonte e Citt\u00e0&nbsp;di Torino Vittoria Poggio e Rosanna Purchia dal Segretario Generale della Fondazione per la Cultura Torino Alessandro Isaia e dei direttori artistici del Festival, Menno Liauw e Salvatore Vitale.<span id=\"more-112787\"><\/span><\/p>\n<p>Promossa da Citt\u00e0 di Torino, Regione Piemonte, Camera di Commercio, Intesa Sanpaolo, Fondazione Compagnia di San Paolo e Fondazione CRT e organizzata da Fondazione per la Cultura Torino la kermesse intende portare in citt\u00e0 un nuovo grande evento, articolato e diffuso tra le diverse location che ospiteranno mostre, eventi, attivit\u00e0 didattiche, incontri e una fiera specializzata.<\/p>\n<p>Ogni anno l\u2019edizione del Festival sar\u00e0 declinata su un tema differente e specifico. Quello scelto per la prima \u00e8&nbsp;<b>\u201cNew Landscapes \u2013 Nuovi Paesaggi<\/b>\u201d e richiama uno dei temi centrali<b>&nbsp;<\/b>nella tradizione fotografica italiana introducendo al tempo stesso una riflessione sull\u2019evoluzione odierna del medium fotografico e sui cambiamenti che il mondo dell\u2019immagine sta affrontando, anche alla luce delle nuove tecnologie.<\/p>\n<p>Il Festival , ha scritto il&nbsp;<b>Sindaco Stefano Lo Russo<\/b>&nbsp;in un saluto inviato agli organizzatori<i>&nbsp;\u201c far\u00e0 di Torino la capitale internazionale della fotografia\u201d. \u201cLa nostra citt\u00e0 \u2013aggiunge il primo cittadino \u2013 gi\u00e0 oggi pu\u00f2 contare su rassegne fotografiche di grande livello grazie al lavoro di realt\u00e0 di primo piano come CAMERA, Gallerie d\u2019Italia, i Musei civici, le Ogr, la Fondazione Sandretto Re Rebaudengo ed \u00e8 da questo punto di vista il luogo ideale ad ospitarlo. Torino \u00e8 stata per circa un secolo il centro pi\u00f9 importante per le vicende della fotografia italiana. Nel 1839 fu realizzata la prima ripresa dagherrotipica torinese, la terza italiana dopo le prove di Firenze e Pisa e la sola a essersi conservata sino ad ora: una veduta della Gran Madre, conservata alla Galleria Civica d\u2019Arte Moderna e Contemporanea. Oggi riprendiamo quella storia per far tornare protagonista nella nostra citt\u00e0 l\u2019arte fotografica di tutto il mondo e aprirci ancora una volta a livello internazionale con un grande evento<\/i>\u201d.<\/p>\n<p><b>\u201cExposed. Torino foto festival\u201d&nbsp;<\/b>prevede, tra le tante iniziative messe a sistema in un unico cartellone, la realizzazione di 15 mostre temporanee, collaborazioni con realt\u00e0 indipendenti, incontri pubblici, attivit\u00e0 didattiche, eventi interattivi, simposi per i professionisti della fotografia contemporanea, oltre all\u2019istituzione di una grande committenza artistica che verr\u00e0 assegnata su open call internazionale e i cui dettagli saranno noti entro met\u00e0 settembre.<\/p>\n","protected":false},"excerpt":{"rendered":"<p>Dal 2 maggio al 2 giugno 2024 Torino ospiter\u00e0 il Festival Internazionale&nbsp;dedicato alla&nbsp;Fotografia. Si chiamer\u00e0&nbsp;\u201cExposed. Torino foto festival\u201d&nbsp;ed \u00e8 stato presentato questa mattina in conferenza stampa alla GAM,&nbsp;alla presenza delle assessore alla Cultura di Regione Piemonte e Citt\u00e0&nbsp;di Torino Vittoria Poggio e Rosanna Purchia dal Segretario Generale della Fondazione per la Cultura Torino Alessandro Isaia [&hellip;]<\/p>\n","protected":false},"author":1,"featured_media":0,"comment_status":"closed","ping_status":"open","sticky":false,"template":"","format":"standard","meta":{"ngg_post_thumbnail":0},"categories":[54,1],"tags":[],"_links":{"self":[{"href":"http:\/\/www.spaziotorino.it\/scatto\/index.php?rest_route=\/wp\/v2\/posts\/46284"}],"collection":[{"href":"http:\/\/www.spaziotorino.it\/scatto\/index.php?rest_route=\/wp\/v2\/posts"}],"about":[{"href":"http:\/\/www.spaziotorino.it\/scatto\/index.php?rest_route=\/wp\/v2\/types\/post"}],"author":[{"embeddable":true,"href":"http:\/\/www.spaziotorino.it\/scatto\/index.php?rest_route=\/wp\/v2\/users\/1"}],"replies":[{"embeddable":true,"href":"http:\/\/www.spaziotorino.it\/scatto\/index.php?rest_route=%2Fwp%2Fv2%2Fcomments&post=46284"}],"version-history":[{"count":3,"href":"http:\/\/www.spaziotorino.it\/scatto\/index.php?rest_route=\/wp\/v2\/posts\/46284\/revisions"}],"predecessor-version":[{"id":46288,"href":"http:\/\/www.spaziotorino.it\/scatto\/index.php?rest_route=\/wp\/v2\/posts\/46284\/revisions\/46288"}],"wp:attachment":[{"href":"http:\/\/www.spaziotorino.it\/scatto\/index.php?rest_route=%2Fwp%2Fv2%2Fmedia&parent=46284"}],"wp:term":[{"taxonomy":"category","embeddable":true,"href":"http:\/\/www.spaziotorino.it\/scatto\/index.php?rest_route=%2Fwp%2Fv2%2Fcategories&post=46284"},{"taxonomy":"post_tag","embeddable":true,"href":"http:\/\/www.spaziotorino.it\/scatto\/index.php?rest_route=%2Fwp%2Fv2%2Ftags&post=46284"}],"curies":[{"name":"wp","href":"https:\/\/api.w.org\/{rel}","templated":true}]}}