{"id":46294,"date":"2023-06-29T19:39:59","date_gmt":"2023-06-29T18:39:59","guid":{"rendered":"http:\/\/www.spaziotorino.it\/scatto\/?p=46294"},"modified":"2023-06-30T11:41:48","modified_gmt":"2023-06-30T10:41:48","slug":"mover-la-movida-un-report-getta-le-basi-per-il-governo-della-notte","status":"publish","type":"post","link":"http:\/\/www.spaziotorino.it\/scatto\/?p=46294","title":{"rendered":"\u201cMover la Movida\u201d, un report getta le basi per il governo della notte"},"content":{"rendered":"<p><a class=\"ngg-fancybox\" title=\"\u201cMover la Movida\u201d, un report getta le basi per il governo della notte\" href=\"http:\/\/www.spaziotorino.it\/scatto\/wp-content\/gallery\/2023_06_29_movida\/PLA_4583.jpg\" rel=\"lightbox[set_1980]\"><br \/>\n<img decoding=\"async\" loading=\"lazy\" class=\"ngg-singlepic\" title=\"\u201cMover la Movida\u201d, un report getta le basi per il governo della notte\" src=\"http:\/\/www.spaziotorino.it\/scatto\/wp-content\/gallery\/2023_06_29_movida\/PLA_4583.jpg\" alt=\"\" width=\"540\" height=\"360\"\/><\/a><\/p>\n<!-- index.php -->\n<div\n\tclass=\"ngg-galleryoverview ngg-ajax-pagination-none\"\n\tid=\"ngg-gallery-8873521393b71f09e40b4c8b7b2803ea-1\">\n\n    \t\t<!-- Thumbnails -->\n\t\t\t\t<div id=\"ngg-image-0\" class=\"ngg-gallery-thumbnail-box\" >\n\t\t\t\t        <div class=\"ngg-gallery-thumbnail\">\n            <a href=\"http:\/\/www.spaziotorino.it\/scatto\/wp-content\/gallery\/2023_06_29_movida\/PLA_4665.jpg\"\n               title=\"\u201cMover la Movida\u201d, un report getta le basi per il governo della notte\"\n               data-src=\"http:\/\/www.spaziotorino.it\/scatto\/wp-content\/gallery\/2023_06_29_movida\/PLA_4665.jpg\"\n               data-thumbnail=\"http:\/\/www.spaziotorino.it\/scatto\/wp-content\/gallery\/2023_06_29_movida\/thumbs\/thumbs_PLA_4665.jpg\"\n               data-image-id=\"29795\"\n               data-title=\"\u201cMover la Movida\u201d, un report getta le basi per il governo della notte\"\n               data-description=\"\u201cMover la Movida\u201d, un report getta le basi per il governo della notte\"\n               data-image-slug=\"pla_4665\"\n               class=\"ngg-fancybox\" rel=\"8873521393b71f09e40b4c8b7b2803ea\">\n                <img\n                    title=\"\u201cMover la Movida\u201d, un report getta le basi per il governo della notte\"\n                    alt=\"\u201cMover la Movida\u201d, un report getta le basi per il governo della notte\"\n                    src=\"http:\/\/www.spaziotorino.it\/scatto\/wp-content\/gallery\/2023_06_29_movida\/cache\/PLA_4665.jpg-nggid0529795-ngg0dyn-60x60x100-00f0w010c011r110f110r010t010.jpg\"\n                    width=\"60\"\n                    height=\"60\"\n                    style=\"max-width:100%;\"\n                \/>\n            <\/a>\n        <\/div>\n\t\t\t\t\t\t\t<\/div> \n\t\t\t\n        \n\t\t\t\t<div id=\"ngg-image-1\" class=\"ngg-gallery-thumbnail-box\" >\n\t\t\t\t        <div class=\"ngg-gallery-thumbnail\">\n            <a href=\"http:\/\/www.spaziotorino.it\/scatto\/wp-content\/gallery\/2023_06_29_movida\/PLA_4618.jpg\"\n               title=\"Presentazione dei risultati del progetto &quot;Mover la Movida&quot;\"\n               data-src=\"http:\/\/www.spaziotorino.it\/scatto\/wp-content\/gallery\/2023_06_29_movida\/PLA_4618.jpg\"\n               data-thumbnail=\"http:\/\/www.spaziotorino.it\/scatto\/wp-content\/gallery\/2023_06_29_movida\/thumbs\/thumbs_PLA_4618.jpg\"\n               data-image-id=\"29796\"\n               data-title=\"Presentazione dei risultati del progetto &quot;Mover la Movida&quot;\"\n               data-description=\"Presentazione dei risultati del progetto &quot;Mover la Movida&quot;\"\n               data-image-slug=\"pla_4618-2\"\n               class=\"ngg-fancybox\" rel=\"8873521393b71f09e40b4c8b7b2803ea\">\n                <img\n                    title=\"Presentazione dei risultati del progetto &quot;Mover la Movida&quot;\"\n                    alt=\"Presentazione dei risultati del progetto &quot;Mover la Movida&quot;\"\n                    src=\"http:\/\/www.spaziotorino.it\/scatto\/wp-content\/gallery\/2023_06_29_movida\/cache\/PLA_4618.jpg-nggid0529796-ngg0dyn-60x60x100-00f0w010c011r110f110r010t010.jpg\"\n                    width=\"60\"\n                    height=\"60\"\n                    style=\"max-width:100%;\"\n                \/>\n            <\/a>\n        <\/div>\n\t\t\t\t\t\t\t<\/div> \n\t\t\t\n        \n\t\t\t\t<div id=\"ngg-image-2\" class=\"ngg-gallery-thumbnail-box\" >\n\t\t\t\t        <div class=\"ngg-gallery-thumbnail\">\n            <a href=\"http:\/\/www.spaziotorino.it\/scatto\/wp-content\/gallery\/2023_06_29_movida\/PLA_4651.jpg\"\n               title=\"Presentazione dei risultati del progetto &quot;Mover la Movida&quot;\"\n               data-src=\"http:\/\/www.spaziotorino.it\/scatto\/wp-content\/gallery\/2023_06_29_movida\/PLA_4651.jpg\"\n               data-thumbnail=\"http:\/\/www.spaziotorino.it\/scatto\/wp-content\/gallery\/2023_06_29_movida\/thumbs\/thumbs_PLA_4651.jpg\"\n               data-image-id=\"29798\"\n               data-title=\"Presentazione dei risultati del progetto &quot;Mover la Movida&quot;\"\n               data-description=\"Presentazione dei risultati del progetto &quot;Mover la Movida&quot;\"\n               data-image-slug=\"pla_4651-1\"\n               class=\"ngg-fancybox\" rel=\"8873521393b71f09e40b4c8b7b2803ea\">\n                <img\n                    title=\"Presentazione dei risultati del progetto &quot;Mover la Movida&quot;\"\n                    alt=\"Presentazione dei risultati del progetto &quot;Mover la Movida&quot;\"\n                    src=\"http:\/\/www.spaziotorino.it\/scatto\/wp-content\/gallery\/2023_06_29_movida\/cache\/PLA_4651.jpg-nggid0529798-ngg0dyn-60x60x100-00f0w010c011r110f110r010t010.jpg\"\n                    width=\"60\"\n                    height=\"60\"\n                    style=\"max-width:100%;\"\n                \/>\n            <\/a>\n        <\/div>\n\t\t\t\t\t\t\t<\/div> \n\t\t\t\n        \n\t\t\n\t\t<!-- Pagination -->\n\t<div class='ngg-clear'><\/div>\t<\/div>\n\n<p>C\u2019\u00e8 un\u2019analisi scientifica del fenomeno movida dietro i recenti provvedimenti che l\u2019amministrazione comunale ha intrapreso per il governo della vita notturna torinese.<\/p>\n<p>Il progetto si chiama&nbsp;<strong>\u201cMover la Movida\u201d<\/strong>&nbsp;ed \u00e8 stato affidato al gruppo di Lavoro del Centro interdipartimentale Future Urban Legacy Lab (FULL) del Politecnico di Torino, per conto della Divisione Decentramento, Servizi Culturali e amministrativi, giovani e pari opportunit\u00e0 della Citt\u00e0 grazie a un finanziamento di Compagnia di San Paolo, tramite il bando Next Generation WE 2021.<span id=\"more-112807\"><\/span><\/p>\n<p>Il report conclusivo, dal titolo \u201cVivere, convivere, far vivere la notte a Torino\u201d \u00e8 stato presentato oggi pomeriggio negli spazi di Off Topic in via Pallavicino alla presenza del Sindaco Stefano Lo Russo e degli assessori alla Rigenerazione Urbana e ai Giovani Carlotta Salerno, alla Sicurezza Gianna Pentenero, all\u2019Ambiente Chiara Foglietta e al Commercio Paolo Chiavarino dai ricercatori Loris Servillo e Erica Mangione.<\/p>\n<p>\u201cL\u2019avvio del progetto\u2013 spiega&nbsp;<strong>il Sindaco Stefano Lo Russo<\/strong>&nbsp;\u2013 \u00e8 stato il primo tassello di un lavoro pi\u00f9 ampio e trasversale che ha coinvolto in questi mesi gli assessorati alla Sicurezza, all\u2019Ambiente, al Commercio, alle Politiche Educative e gli stessi esercenti, che hanno a cuore il fatto che la vita notturna di Torino sia vivace, bella da vivere per i giovani ma contemporaneamente rispettosa delle norme che, anche nell\u2019ottica di tutela della salute pubblica e dei residenti, dobbiamo poter garantire\u201d.<\/p>\n<p>\u201c\u00c8 la prima volta \u2013 aggiunge&nbsp;<strong>l\u2019Assessora Carlotta Salerno<\/strong>&nbsp;\u2013 che il fenomeno della cosiddetta movida viene affrontato con un approccio scientifico e accademico. Questo permette all\u2019amministrazione di entrare nel merito del tema conoscendone tutti gli aspetti, sia per assumere le scelte necessarie per il governo della notte che per costruire una proposta alternativa e positiva, che non mira a punire e ridurre le opportunit\u00e0 di divertimento ma anzi ad ampliarle, evitando cos\u00ec l\u2019eccessiva concentrazione del fenomeno in un solo luogo della citt\u00e0\u201d.<\/p>\n<p>\u201cMover la Movida\u201d si \u00e8 articolato come percorso partecipativo in sessioni di laboratorio e ha riunito protagonisti della vita notturna di diverse generazioni tra i 25 e i 65 anni in una serie di interviste. Obiettivo analizzare gli scenari della notte torinese per costruire una nuovo modello operativo. Le attivit\u00e0 di ricerca si sono svolte da ottobre 2022 a marzo 2023.<\/p>\n<p>Nel concreto, il progetto ha lavorato ad una indagine qualitativa e quantitativa per individuare i protagonisti e gli scenari della vita notturna, la dimensione sociale e geografica delle aggregazioni notturne nella citt\u00e0, criticit\u00e0 e conflitti legati alla notte. All\u2019attivit\u00e0 di analisi si \u00e8 affiancato l\u2019avvio di un processo di co-progettazione con gli attori del territorio per trovare soluzioni comuni e costruire insieme una nuova strategia di governo della notte.<\/p>\n<p>Anzitutto, \u201cnon chiamatela movida\u201d: per gli intervistati la rappresentazione della notte associata solo a comportamenti eccessivi da parte dei giovani e all\u2019abuso di alcol e sostanze \u00e8 stigmatizzante perch\u00e9 la vita notturna \u00e8 anche offerta, e desiderio, di produzione culturale.<\/p>\n<p>Dal report emergono poi le zone di maggior concentrazione della vita notturna ovvero il centro, nelle zone di piazza Carlo Felice, piazza Vittorio, via Po e il Quadrilatero, piazza Santa Giulia in Vanchiglia, San Salvario, in particolare l\u2019area intorno a largo Saluzzo e nel primo tratto di via Madama Cristina. Concentrazioni medie invece si osservano tra Cenisia e San Paolo, nei dintorni di piazza Sabotino, e poi lungo Via Nizza a sud e Corso Giulio Cesare a nord, e in maniera un po\u2019 pi\u00f9 allargata, lungo Corso Francia a Ovest. Le mappe per fasce orarie mostrano invece come, nelle ore pi\u00f9 tarde, si assista ad una progressiva contrazione e concentrazione delle aree con attivit\u00e0 commerciali aperte. Chiudono i bar nelle aree periferiche, mentre restano aperti in alcune delle zone di maggiore concentrazione. La mappa dei bar che chiudono tra mezzanotte e le 6 di mattina mostra aree completamente vuote, tra cui spicca la zona a ridosso del centro, che include il quartiere Crocetta. Al contrario le aree con elevate concentrazioni sono piazza Vittorio e largo Saluzzo, seguite da via Po, Quadrilatero e piazza Santa Giulia.&nbsp; Statistiche in continua evoluzione: i trend della notte, in termini di tipo e modalit\u00e0 dell\u2019aggregazione e della fruizione, ma anche per fasce orarie, luoghi considerati di tendenza, seguono le mode del momento e non sono facilmente prevedibili, nemmeno da parte degli operatori. Per questo \u2013 \u00e8 emerso- \u00e8 importante attivare un sistema di monitoraggio e di aggiornamento dati integrato, anche con l\u2019aiuto degli operatori, che consenta di percepire le dinamiche in corso. E diventa strategico facilitare azioni di trasformazione di aree di citt\u00e0 che hanno bisogno di processi rigenerativi e che possano ospitare il divertimento notturno. Tra queste gli intervistati indicano la zona di viale Ottavio Mai, parco Dora, Colletta, le zone di corso Novara e della Pellerina.<\/p>\n<p>Anche la musica dal vivo \u00e8 un elemento chiave delle attivit\u00e0 culturali notturne. Dal rapporto si evince anche come la musica live si concentri pi\u00f9 in alcuni quartieri della citt\u00e0. Pi\u00f9 di un terzo delle esibizioni sono in locali del centro, seguono San Salvario e Barriera di Milano, mostrando anche in questo caso come ci siano geografie specifiche e isole della notte. Questi tre quartieri contano quasi la met\u00e0 dei locali torinesi e oltre il 60% delle esibizioni. In alcuni quartieri (Madonna del Pilone, Le Vallette, Mirafiori Nord e San Paolo) sia i locali che, di conseguenza, le esibizioni sono molto rare.<\/p>\n<p>La dialettica fra naturale spontaneit\u00e0 delle aggregazioni notturne e controllo da parte delle forze dell\u2019ordine pubblico, ma anche da parte dell\u2019amministrazione e degli stessi organizzatori di eventi \u00e8 citata in molte delle interviste. Emerge secondo i ricercatori la difficolt\u00e0 a trovare un equilibrio fra la volont\u00e0 di assecondare libert\u00e0 e spontaneit\u00e0 delle attivit\u00e0 notturne e la necessit\u00e0 di organizzazione e supporto per garantire ordine e sicurezza. In tema di sicurezza, per gli intervistati, oltre che ragionare sulla possibilit\u00e0 di incrementare il controllo del territorio, incentivare la sicurezza significa migliorare l\u2019illuminazione pubblica, garantire maggiori passaggi del trasporto pubblico nelle ore notturne e, soprattutto, lavorare sulla responsabilizzazione dei frequentatori della notte sia in termini collettivi che individuali.<\/p>\n<p>Il gruppo di lavoro ha concluso tracciando il ritratto ideale della notte torinese attraverso una serie di aggettivi. Diffusa, dove gli eventi e le occasioni<br \/>\ndi ritrovarsi sono tanti e diffusi in tutti i quartieri, raggiungibili e collegati fra loro; pubblica e popolata, in spazi come biblioteche, parchi, strade, piazze e lungo i fiumi; innovativa, come luogo della creativit\u00e0 culturale ed artistica; libera e inclusiva; di continuit\u00e0 con il giorno, fatta di spazi polifunzionali, che rimangono aperti anche di notte; europea ed internazionale.<\/p>\n","protected":false},"excerpt":{"rendered":"<p>C\u2019\u00e8 un\u2019analisi scientifica del fenomeno movida dietro i recenti provvedimenti che l\u2019amministrazione comunale ha intrapreso per il governo della vita notturna torinese. Il progetto si chiama&nbsp;\u201cMover la Movida\u201d&nbsp;ed \u00e8 stato affidato al gruppo di Lavoro del Centro interdipartimentale Future Urban Legacy Lab (FULL) del Politecnico di Torino, per conto della Divisione Decentramento, Servizi Culturali e [&hellip;]<\/p>\n","protected":false},"author":1,"featured_media":0,"comment_status":"closed","ping_status":"open","sticky":false,"template":"","format":"standard","meta":{"ngg_post_thumbnail":0},"categories":[1,41],"tags":[],"_links":{"self":[{"href":"http:\/\/www.spaziotorino.it\/scatto\/index.php?rest_route=\/wp\/v2\/posts\/46294"}],"collection":[{"href":"http:\/\/www.spaziotorino.it\/scatto\/index.php?rest_route=\/wp\/v2\/posts"}],"about":[{"href":"http:\/\/www.spaziotorino.it\/scatto\/index.php?rest_route=\/wp\/v2\/types\/post"}],"author":[{"embeddable":true,"href":"http:\/\/www.spaziotorino.it\/scatto\/index.php?rest_route=\/wp\/v2\/users\/1"}],"replies":[{"embeddable":true,"href":"http:\/\/www.spaziotorino.it\/scatto\/index.php?rest_route=%2Fwp%2Fv2%2Fcomments&post=46294"}],"version-history":[{"count":1,"href":"http:\/\/www.spaziotorino.it\/scatto\/index.php?rest_route=\/wp\/v2\/posts\/46294\/revisions"}],"predecessor-version":[{"id":46296,"href":"http:\/\/www.spaziotorino.it\/scatto\/index.php?rest_route=\/wp\/v2\/posts\/46294\/revisions\/46296"}],"wp:attachment":[{"href":"http:\/\/www.spaziotorino.it\/scatto\/index.php?rest_route=%2Fwp%2Fv2%2Fmedia&parent=46294"}],"wp:term":[{"taxonomy":"category","embeddable":true,"href":"http:\/\/www.spaziotorino.it\/scatto\/index.php?rest_route=%2Fwp%2Fv2%2Fcategories&post=46294"},{"taxonomy":"post_tag","embeddable":true,"href":"http:\/\/www.spaziotorino.it\/scatto\/index.php?rest_route=%2Fwp%2Fv2%2Ftags&post=46294"}],"curies":[{"name":"wp","href":"https:\/\/api.w.org\/{rel}","templated":true}]}}