{"id":46343,"date":"2023-07-04T15:29:16","date_gmt":"2023-07-04T14:29:16","guid":{"rendered":"http:\/\/www.spaziotorino.it\/scatto\/?p=46343"},"modified":"2023-07-05T10:53:16","modified_gmt":"2023-07-05T09:53:16","slug":"ai-giardini-reali-la-rosa-di-damasco-dalla-siria-a-torino","status":"publish","type":"post","link":"http:\/\/www.spaziotorino.it\/scatto\/?p=46343","title":{"rendered":"Ai Giardini Reali \u2018La Rosa di Damasco. Dalla Siria a Torino\u2019"},"content":{"rendered":"<p><a class=\"ngg-fancybox\" title=\"Ai Giardini Reali \u2018La Rosa di Damasco. Dalla Siria a Torino\u2019\" href=\"http:\/\/www.spaziotorino.it\/scatto\/wp-content\/gallery\/2023_07_04_rosa\/PLA_5267.jpg\" rel=\"lightbox[set_1982]\"><br \/>\n<img decoding=\"async\" loading=\"lazy\" class=\"ngg-singlepic\" title=\"Ai Giardini Reali \u2018La Rosa di Damasco. Dalla Siria a Torino\u2019\" src=\"http:\/\/www.spaziotorino.it\/scatto\/wp-content\/gallery\/2023_07_04_rosa\/PLA_5267.jpg\" alt=\"\" width=\"540\" height=\"360\"\/><\/a><\/p>\n<!-- index.php -->\n<div\n\tclass=\"ngg-galleryoverview ngg-ajax-pagination-none\"\n\tid=\"ngg-gallery-c4b34e37b5765fb6b69227cd0c6fed0d-1\">\n\n    \t\t<!-- Thumbnails -->\n\t\t\t\t<div id=\"ngg-image-0\" class=\"ngg-gallery-thumbnail-box\" >\n\t\t\t\t        <div class=\"ngg-gallery-thumbnail\">\n            <a href=\"http:\/\/www.spaziotorino.it\/scatto\/wp-content\/gallery\/2023_07_04_rosa\/PLA_5233.jpg\"\n               title=\"La mostra fotografica &#039;La Rosa di Damasco. Dalla Siria a Torino&#039;\"\n               data-src=\"http:\/\/www.spaziotorino.it\/scatto\/wp-content\/gallery\/2023_07_04_rosa\/PLA_5233.jpg\"\n               data-thumbnail=\"http:\/\/www.spaziotorino.it\/scatto\/wp-content\/gallery\/2023_07_04_rosa\/thumbs\/thumbs_PLA_5233.jpg\"\n               data-image-id=\"29829\"\n               data-title=\"La mostra fotografica &#039;La Rosa di Damasco. Dalla Siria a Torino&#039;\"\n               data-description=\"La mostra fotografica &#039;La Rosa di Damasco. Dalla Siria a Torino&#039;\"\n               data-image-slug=\"pla_5233\"\n               class=\"ngg-fancybox\" rel=\"c4b34e37b5765fb6b69227cd0c6fed0d\">\n                <img\n                    title=\"La mostra fotografica &#039;La Rosa di Damasco. Dalla Siria a Torino&#039;\"\n                    alt=\"La mostra fotografica &#039;La Rosa di Damasco. Dalla Siria a Torino&#039;\"\n                    src=\"http:\/\/www.spaziotorino.it\/scatto\/wp-content\/gallery\/2023_07_04_rosa\/cache\/PLA_5233.jpg-nggid0529829-ngg0dyn-60x60x100-00f0w010c011r110f110r010t010.jpg\"\n                    width=\"60\"\n                    height=\"60\"\n                    style=\"max-width:100%;\"\n                \/>\n            <\/a>\n        <\/div>\n\t\t\t\t\t\t\t<\/div> \n\t\t\t\n        \n\t\t\t\t<div id=\"ngg-image-1\" class=\"ngg-gallery-thumbnail-box\" >\n\t\t\t\t        <div class=\"ngg-gallery-thumbnail\">\n            <a href=\"http:\/\/www.spaziotorino.it\/scatto\/wp-content\/gallery\/2023_07_04_rosa\/PLA_5268.jpg\"\n               title=\"Un momento della conferenza stampa La Rosa di Damasco a Torino\"\n               data-src=\"http:\/\/www.spaziotorino.it\/scatto\/wp-content\/gallery\/2023_07_04_rosa\/PLA_5268.jpg\"\n               data-thumbnail=\"http:\/\/www.spaziotorino.it\/scatto\/wp-content\/gallery\/2023_07_04_rosa\/thumbs\/thumbs_PLA_5268.jpg\"\n               data-image-id=\"29833\"\n               data-title=\"Un momento della conferenza stampa La Rosa di Damasco a Torino\"\n               data-description=\"Un momento della conferenza stampa La Rosa di Damasco a Torino\"\n               data-image-slug=\"pla_5268-2\"\n               class=\"ngg-fancybox\" rel=\"c4b34e37b5765fb6b69227cd0c6fed0d\">\n                <img\n                    title=\"Un momento della conferenza stampa La Rosa di Damasco a Torino\"\n                    alt=\"Un momento della conferenza stampa La Rosa di Damasco a Torino\"\n                    src=\"http:\/\/www.spaziotorino.it\/scatto\/wp-content\/gallery\/2023_07_04_rosa\/cache\/PLA_5268.jpg-nggid0529833-ngg0dyn-60x60x100-00f0w010c011r110f110r010t010.jpg\"\n                    width=\"60\"\n                    height=\"60\"\n                    style=\"max-width:100%;\"\n                \/>\n            <\/a>\n        <\/div>\n\t\t\t\t\t\t\t<\/div> \n\t\t\t\n        \n\t\t\t\t<div id=\"ngg-image-2\" class=\"ngg-gallery-thumbnail-box\" >\n\t\t\t\t        <div class=\"ngg-gallery-thumbnail\">\n            <a href=\"http:\/\/www.spaziotorino.it\/scatto\/wp-content\/gallery\/2023_07_04_rosa\/PLA_5231.jpg\"\n               title=\"La mostra fotografica &#039;La Rosa di Damasco. Dalla Siria a Torino&#039;\"\n               data-src=\"http:\/\/www.spaziotorino.it\/scatto\/wp-content\/gallery\/2023_07_04_rosa\/PLA_5231.jpg\"\n               data-thumbnail=\"http:\/\/www.spaziotorino.it\/scatto\/wp-content\/gallery\/2023_07_04_rosa\/thumbs\/thumbs_PLA_5231.jpg\"\n               data-image-id=\"29826\"\n               data-title=\"La mostra fotografica &#039;La Rosa di Damasco. Dalla Siria a Torino&#039;\"\n               data-description=\"La mostra fotografica &#039;La Rosa di Damasco. Dalla Siria a Torino&#039;\"\n               data-image-slug=\"pla_5231-1\"\n               class=\"ngg-fancybox\" rel=\"c4b34e37b5765fb6b69227cd0c6fed0d\">\n                <img\n                    title=\"La mostra fotografica &#039;La Rosa di Damasco. Dalla Siria a Torino&#039;\"\n                    alt=\"La mostra fotografica &#039;La Rosa di Damasco. Dalla Siria a Torino&#039;\"\n                    src=\"http:\/\/www.spaziotorino.it\/scatto\/wp-content\/gallery\/2023_07_04_rosa\/cache\/PLA_5231.jpg-nggid0529826-ngg0dyn-60x60x100-00f0w010c011r110f110r010t010.jpg\"\n                    width=\"60\"\n                    height=\"60\"\n                    style=\"max-width:100%;\"\n                \/>\n            <\/a>\n        <\/div>\n\t\t\t\t\t\t\t<\/div> \n\t\t\t\n        \n\t\t\t\t<div id=\"ngg-image-3\" class=\"ngg-gallery-thumbnail-box\" >\n\t\t\t\t        <div class=\"ngg-gallery-thumbnail\">\n            <a href=\"http:\/\/www.spaziotorino.it\/scatto\/wp-content\/gallery\/2023_07_04_rosa\/PLA_5238.jpg\"\n               title=\"La mostra fotografica &#039;La Rosa di Damasco. Dalla Siria a Torino&#039;\"\n               data-src=\"http:\/\/www.spaziotorino.it\/scatto\/wp-content\/gallery\/2023_07_04_rosa\/PLA_5238.jpg\"\n               data-thumbnail=\"http:\/\/www.spaziotorino.it\/scatto\/wp-content\/gallery\/2023_07_04_rosa\/thumbs\/thumbs_PLA_5238.jpg\"\n               data-image-id=\"29827\"\n               data-title=\"La mostra fotografica &#039;La Rosa di Damasco. Dalla Siria a Torino&#039;\"\n               data-description=\"La mostra fotografica &#039;La Rosa di Damasco. Dalla Siria a Torino&#039;\"\n               data-image-slug=\"pla_5238\"\n               class=\"ngg-fancybox\" rel=\"c4b34e37b5765fb6b69227cd0c6fed0d\">\n                <img\n                    title=\"La mostra fotografica &#039;La Rosa di Damasco. Dalla Siria a Torino&#039;\"\n                    alt=\"La mostra fotografica &#039;La Rosa di Damasco. Dalla Siria a Torino&#039;\"\n                    src=\"http:\/\/www.spaziotorino.it\/scatto\/wp-content\/gallery\/2023_07_04_rosa\/cache\/PLA_5238.jpg-nggid0529827-ngg0dyn-60x60x100-00f0w010c011r110f110r010t010.jpg\"\n                    width=\"60\"\n                    height=\"60\"\n                    style=\"max-width:100%;\"\n                \/>\n            <\/a>\n        <\/div>\n\t\t\t\t\t\t\t<\/div> \n\t\t\t\n        \n\t\t\t\t<div id=\"ngg-image-4\" class=\"ngg-gallery-thumbnail-box\" >\n\t\t\t\t        <div class=\"ngg-gallery-thumbnail\">\n            <a href=\"http:\/\/www.spaziotorino.it\/scatto\/wp-content\/gallery\/2023_07_04_rosa\/PLA_5243.jpg\"\n               title=\"La mostra fotografica &#039;La Rosa di Damasco. Dalla Siria a Torino&#039;\"\n               data-src=\"http:\/\/www.spaziotorino.it\/scatto\/wp-content\/gallery\/2023_07_04_rosa\/PLA_5243.jpg\"\n               data-thumbnail=\"http:\/\/www.spaziotorino.it\/scatto\/wp-content\/gallery\/2023_07_04_rosa\/thumbs\/thumbs_PLA_5243.jpg\"\n               data-image-id=\"29828\"\n               data-title=\"La mostra fotografica &#039;La Rosa di Damasco. Dalla Siria a Torino&#039;\"\n               data-description=\"La mostra fotografica &#039;La Rosa di Damasco. Dalla Siria a Torino&#039;\"\n               data-image-slug=\"pla_5243-1\"\n               class=\"ngg-fancybox\" rel=\"c4b34e37b5765fb6b69227cd0c6fed0d\">\n                <img\n                    title=\"La mostra fotografica &#039;La Rosa di Damasco. Dalla Siria a Torino&#039;\"\n                    alt=\"La mostra fotografica &#039;La Rosa di Damasco. Dalla Siria a Torino&#039;\"\n                    src=\"http:\/\/www.spaziotorino.it\/scatto\/wp-content\/gallery\/2023_07_04_rosa\/cache\/PLA_5243.jpg-nggid0529828-ngg0dyn-60x60x100-00f0w010c011r110f110r010t010.jpg\"\n                    width=\"60\"\n                    height=\"60\"\n                    style=\"max-width:100%;\"\n                \/>\n            <\/a>\n        <\/div>\n\t\t\t\t\t\t\t<\/div> \n\t\t\t\n        \n\t\t\t\t<div id=\"ngg-image-5\" class=\"ngg-gallery-thumbnail-box\" >\n\t\t\t\t        <div class=\"ngg-gallery-thumbnail\">\n            <a href=\"http:\/\/www.spaziotorino.it\/scatto\/wp-content\/gallery\/2023_07_04_rosa\/PLA_5266.jpg\"\n               title=\"La mostra fotografica &#039;La Rosa di Damasco. Dalla Siria a Torino&#039;\"\n               data-src=\"http:\/\/www.spaziotorino.it\/scatto\/wp-content\/gallery\/2023_07_04_rosa\/PLA_5266.jpg\"\n               data-thumbnail=\"http:\/\/www.spaziotorino.it\/scatto\/wp-content\/gallery\/2023_07_04_rosa\/thumbs\/thumbs_PLA_5266.jpg\"\n               data-image-id=\"29830\"\n               data-title=\"La mostra fotografica &#039;La Rosa di Damasco. Dalla Siria a Torino&#039;\"\n               data-description=\"La mostra fotografica &#039;La Rosa di Damasco. Dalla Siria a Torino&#039;\"\n               data-image-slug=\"pla_5266-1\"\n               class=\"ngg-fancybox\" rel=\"c4b34e37b5765fb6b69227cd0c6fed0d\">\n                <img\n                    title=\"La mostra fotografica &#039;La Rosa di Damasco. Dalla Siria a Torino&#039;\"\n                    alt=\"La mostra fotografica &#039;La Rosa di Damasco. Dalla Siria a Torino&#039;\"\n                    src=\"http:\/\/www.spaziotorino.it\/scatto\/wp-content\/gallery\/2023_07_04_rosa\/cache\/PLA_5266.jpg-nggid0529830-ngg0dyn-60x60x100-00f0w010c011r110f110r010t010.jpg\"\n                    width=\"60\"\n                    height=\"60\"\n                    style=\"max-width:100%;\"\n                \/>\n            <\/a>\n        <\/div>\n\t\t\t\t\t\t\t<\/div> \n\t\t\t\n        \n\t\t\t\t<div id=\"ngg-image-6\" class=\"ngg-gallery-thumbnail-box\" >\n\t\t\t\t        <div class=\"ngg-gallery-thumbnail\">\n            <a href=\"http:\/\/www.spaziotorino.it\/scatto\/wp-content\/gallery\/2023_07_04_rosa\/PLA_5247.jpg\"\n               title=\"L&#039;installazione artistica &#039;Floral Tapestry of Craftsmanship&#039;\"\n               data-src=\"http:\/\/www.spaziotorino.it\/scatto\/wp-content\/gallery\/2023_07_04_rosa\/PLA_5247.jpg\"\n               data-thumbnail=\"http:\/\/www.spaziotorino.it\/scatto\/wp-content\/gallery\/2023_07_04_rosa\/thumbs\/thumbs_PLA_5247.jpg\"\n               data-image-id=\"29831\"\n               data-title=\"L&#039;installazione artistica &#039;Floral Tapestry of Craftsmanship&#039;\"\n               data-description=\"L&#039;installazione artistica &#039;Floral Tapestry of Craftsmanship&#039;\"\n               data-image-slug=\"pla_5247-1\"\n               class=\"ngg-fancybox\" rel=\"c4b34e37b5765fb6b69227cd0c6fed0d\">\n                <img\n                    title=\"L&#039;installazione artistica &#039;Floral Tapestry of Craftsmanship&#039;\"\n                    alt=\"L&#039;installazione artistica &#039;Floral Tapestry of Craftsmanship&#039;\"\n                    src=\"http:\/\/www.spaziotorino.it\/scatto\/wp-content\/gallery\/2023_07_04_rosa\/cache\/PLA_5247.jpg-nggid0529831-ngg0dyn-60x60x100-00f0w010c011r110f110r010t010.jpg\"\n                    width=\"60\"\n                    height=\"60\"\n                    style=\"max-width:100%;\"\n                \/>\n            <\/a>\n        <\/div>\n\t\t\t\t\t\t\t<\/div> \n\t\t\t\n        \n\t\t\t\t<div id=\"ngg-image-7\" class=\"ngg-gallery-thumbnail-box\" >\n\t\t\t\t        <div class=\"ngg-gallery-thumbnail\">\n            <a href=\"http:\/\/www.spaziotorino.it\/scatto\/wp-content\/gallery\/2023_07_04_rosa\/PLA_5271.jpg\"\n               title=\"La mostra fotografica &#039;La Rosa di Damasco. Dalla Siria a Torino&#039;\"\n               data-src=\"http:\/\/www.spaziotorino.it\/scatto\/wp-content\/gallery\/2023_07_04_rosa\/PLA_5271.jpg\"\n               data-thumbnail=\"http:\/\/www.spaziotorino.it\/scatto\/wp-content\/gallery\/2023_07_04_rosa\/thumbs\/thumbs_PLA_5271.jpg\"\n               data-image-id=\"29834\"\n               data-title=\"La mostra fotografica &#039;La Rosa di Damasco. Dalla Siria a Torino&#039;\"\n               data-description=\"La mostra fotografica &#039;La Rosa di Damasco. Dalla Siria a Torino&#039;\"\n               data-image-slug=\"pla_5271\"\n               class=\"ngg-fancybox\" rel=\"c4b34e37b5765fb6b69227cd0c6fed0d\">\n                <img\n                    title=\"La mostra fotografica &#039;La Rosa di Damasco. Dalla Siria a Torino&#039;\"\n                    alt=\"La mostra fotografica &#039;La Rosa di Damasco. Dalla Siria a Torino&#039;\"\n                    src=\"http:\/\/www.spaziotorino.it\/scatto\/wp-content\/gallery\/2023_07_04_rosa\/cache\/PLA_5271.jpg-nggid0529834-ngg0dyn-60x60x100-00f0w010c011r110f110r010t010.jpg\"\n                    width=\"60\"\n                    height=\"60\"\n                    style=\"max-width:100%;\"\n                \/>\n            <\/a>\n        <\/div>\n\t\t\t\t\t\t\t<\/div> \n\t\t\t\n        \n\t\t\t\t<div id=\"ngg-image-8\" class=\"ngg-gallery-thumbnail-box\" >\n\t\t\t\t        <div class=\"ngg-gallery-thumbnail\">\n            <a href=\"http:\/\/www.spaziotorino.it\/scatto\/wp-content\/gallery\/2023_07_04_rosa\/PLA_5283.jpg\"\n               title=\"Da sinistra: Alessio Re, Fondazione Santagata; Rosanna Purchia, Assessora alla Cultura della Citt\u00e0 di Torino; Fares Kallas, Syria Trust for Development; Enrica Pagella, Direttrice Musei Reali; Reme Sakr, Syria Trust for Development\"\n               data-src=\"http:\/\/www.spaziotorino.it\/scatto\/wp-content\/gallery\/2023_07_04_rosa\/PLA_5283.jpg\"\n               data-thumbnail=\"http:\/\/www.spaziotorino.it\/scatto\/wp-content\/gallery\/2023_07_04_rosa\/thumbs\/thumbs_PLA_5283.jpg\"\n               data-image-id=\"29835\"\n               data-title=\"Da sinistra: Alessio Re, Fondazione Santagata; Rosanna Purchia, Assessora alla Cultura della Citt\u00e0 di Torino; Fares Kallas, Syria Trust for Development; Enrica Pagella, Direttrice Musei Reali; Reme Sakr, Syria Trust for Development\"\n               data-description=\"Da sinistra: Alessio Re, Fondazione Santagata; Rosanna Purchia, Assessora alla Cultura della Citt\u00e0 di Torino; Fares Kallas, Syria Trust for Development; Enrica Pagella, Direttrice Musei Reali; Reme Sakr, Syria Trust for Development\"\n               data-image-slug=\"pla_5283\"\n               class=\"ngg-fancybox\" rel=\"c4b34e37b5765fb6b69227cd0c6fed0d\">\n                <img\n                    title=\"Da sinistra: Alessio Re, Fondazione Santagata; Rosanna Purchia, Assessora alla Cultura della Citt\u00e0 di Torino; Fares Kallas, Syria Trust for Development; Enrica Pagella, Direttrice Musei Reali; Reme Sakr, Syria Trust for Development\"\n                    alt=\"Da sinistra: Alessio Re, Fondazione Santagata; Rosanna Purchia, Assessora alla Cultura della Citt\u00e0 di Torino; Fares Kallas, Syria Trust for Development; Enrica Pagella, Direttrice Musei Reali; Reme Sakr, Syria Trust for Development\"\n                    src=\"http:\/\/www.spaziotorino.it\/scatto\/wp-content\/gallery\/2023_07_04_rosa\/cache\/PLA_5283.jpg-nggid0529835-ngg0dyn-60x60x100-00f0w010c011r110f110r010t010.jpg\"\n                    width=\"60\"\n                    height=\"60\"\n                    style=\"max-width:100%;\"\n                \/>\n            <\/a>\n        <\/div>\n\t\t\t\t\t\t\t<\/div> \n\t\t\t\n        \n\t\t\t\t<div id=\"ngg-image-9\" class=\"ngg-gallery-thumbnail-box\" >\n\t\t\t\t        <div class=\"ngg-gallery-thumbnail\">\n            <a href=\"http:\/\/www.spaziotorino.it\/scatto\/wp-content\/gallery\/2023_07_04_rosa\/PLA_5289.jpg\"\n               title=\"L&#039;installazione artistica &#039;Floral Tapestry of Craftsmanship&#039;\"\n               data-src=\"http:\/\/www.spaziotorino.it\/scatto\/wp-content\/gallery\/2023_07_04_rosa\/PLA_5289.jpg\"\n               data-thumbnail=\"http:\/\/www.spaziotorino.it\/scatto\/wp-content\/gallery\/2023_07_04_rosa\/thumbs\/thumbs_PLA_5289.jpg\"\n               data-image-id=\"29836\"\n               data-title=\"L&#039;installazione artistica &#039;Floral Tapestry of Craftsmanship&#039;\"\n               data-description=\"L&#039;installazione artistica &#039;Floral Tapestry of Craftsmanship&#039;\"\n               data-image-slug=\"pla_5289\"\n               class=\"ngg-fancybox\" rel=\"c4b34e37b5765fb6b69227cd0c6fed0d\">\n                <img\n                    title=\"L&#039;installazione artistica &#039;Floral Tapestry of Craftsmanship&#039;\"\n                    alt=\"L&#039;installazione artistica &#039;Floral Tapestry of Craftsmanship&#039;\"\n                    src=\"http:\/\/www.spaziotorino.it\/scatto\/wp-content\/gallery\/2023_07_04_rosa\/cache\/PLA_5289.jpg-nggid0529836-ngg0dyn-60x60x100-00f0w010c011r110f110r010t010.jpg\"\n                    width=\"60\"\n                    height=\"60\"\n                    style=\"max-width:100%;\"\n                \/>\n            <\/a>\n        <\/div>\n\t\t\t\t\t\t\t<\/div> \n\t\t\t\n        \n\t\t\n\t\t<!-- Pagination -->\n\t<div class='ngg-clear'><\/div>\t<\/div>\n\n<p><strong>Dal 4 al 1\u00b0 <span id=\"OBJ_PREFIX_DWT543_com_zimbra_date\" class=\"Object\" role=\"link\">ottobre <\/span>2023, i Giardini dei Musei Reali accolgono <em>La Rosa di Damasco. Dalla Siria a Torino<\/em><\/strong><em>, <\/em>un progetto culturale ideato e condotto dai Musei Reali con il <strong>Syria Trust for Development <\/strong>e la <strong>Fondazione Santagata per l\u2019Economia della Cultura<\/strong>, teso a promuovere il ruolo e l\u2019importanza del secolare patrimonio culturale siriano nel bacino del Mediterraneo attraverso la <strong>Rosa di Damasco<\/strong>, uno dei prodotti pi\u00f9 noti e iconici di quella regione.<\/p>\n<p>Delicata, ma non fragile, apprezzata in tutto il mondo per il profumo, le propriet\u00e0 officinali e l\u2019utilizzo come spezia, la Rosa damascena \u00e8 stata evocata in fonti letterarie, come nella raccolta <em>Le mille e una notte<\/em>, e lodata da poeti come Shakespeare e Nizar Qabbani. Per secoli i contadini siriani hanno tramandato di generazione in generazione le conoscenze e le abilit\u00e0 di coltivazione e lavorazione del fiore. In tempi moderni, la coltivazione della Rosa si \u00e8 sviluppata nella piccola citt\u00e0 di Al-Mrah, sulla catena montuosa del Qalamoun orientale, in un&#8217;area che si estende nella campagna a nord di Damasco. Alla fine del 2019, <strong>l&#8217;UNESCO ha iscritto nella Lista del Patrimonio Immateriale dell&#8217;Umanit\u00e0 le pratiche e i mestieri legati alla Rosa di Damasco nel villaggio di Al-Mrah<\/strong>.<\/p>\n<p>Con l\u2019inaugurazione della <strong>mostra fotografica<\/strong> <strong><em>La Rosa di Damasco. Dalla Siria a Torino <\/em><\/strong>e dell\u2019<strong>installazione artistica <em>Floral Tapestry of Craftsmanship<\/em><\/strong>, presenti nel Boschetto dei Giardini Reali fino al 1\u00b0 <span id=\"OBJ_PREFIX_DWT544_com_zimbra_date\" class=\"Object\" role=\"link\">ottobre <\/span>2023, prende avvio il<strong> programma che, dal 4 al 7 luglio, offre l\u2019opportunit\u00e0 di approfondire l\u2019arte, la storia, la letteratura e l&#8217;archeologia siriane<\/strong> attraverso cinema, incontri, dibattiti e omaggi musicali, alla scoperta del percorso della Rosa dal Medio Oriente al cuore dell&#8217;Europa e i molteplici intrecci con la cultura siriana.<\/p>\n<p><strong>La Rosa di Damasco. Dalla Siria a Torino<\/strong><\/p>\n<p><strong>La mostra fotografica<\/strong><strong>&nbsp;<\/strong><\/p>\n<p>Scientificamente nota come <em>Rosa <\/em><em>\u2715<\/em><em> damascena<\/em>, \u00e8 un fiore dalla bellezza accattivante e dal profondo significato storico. Il suo fascino e il suo simbolismo hanno superato il tempo, rendendola oggetto di ammirazione e ispirazione. Le fotografie esposte, concesse dal <strong>Syria Trust for Development<\/strong>, propongono un viaggio per esplorarne il significato culturale e gli aspetti pi\u00f9 affascinanti, dalle caratteristiche botaniche agli usi nella cosmesi e nelle preparazioni alimentari.<\/p>\n<p>Dalla scorsa primavera, nel Boschetto dei Giardini Reali, l\u2019aiuola del Bastion Verde accoglie centinaia di esemplari di Rosa damascena provenienti dalla Siria, un giardino che accompagna il pubblico verso la mostra fotografica e l\u2019installazione artistica <em>Floral Tapestry of Craftsmanship.<\/em><em>&nbsp;<\/em><\/p>\n<p><strong>L\u2019installazione artistica <em>Floral Tapestry of Craftsmanship <\/em><\/strong><\/p>\n<p><strong>&nbsp;<\/strong>L\u2019opera rende omaggio alle attivit\u00e0 artigianali che hanno prosperato in Siria per secoli e celebra la maestria e la bellezza delle pratiche artistiche. L&#8217;installazione, esposta di fronte al Bastion Verde, rappresenta una grande Rosa di Damasco, realizzata con attenzione meticolosa ai dettagli. Ogni petalo \u00e8 composto da vari materiali come il vetro, la ceramica, la madreperla e con lavorazioni tradizionali come il rame inciso, la paglia intrecciata e il tessuto broccato. Nella cultura siriana, la Rosa damascena rappresenta la bellezza e l&#8217;interconnessione di forme d&#8217;arte diverse: ingigantendone le dimensioni e diventando scultura, l&#8217;installazione invita il pubblico ad apprezzare i dettagli intricati e le caratteristiche uniche di ogni petalo, che rappresentano l&#8217;individualit\u00e0 e la creativit\u00e0 siriane. Per enfatizzare ulteriormente l&#8217;attenzione sulla bellezza dei particolari, gli autori dell\u2019opera hanno scelto di rimanere anonimi, celebrando cos\u00ec le abilit\u00e0 collettive.<\/p>\n<p><strong>Maggior informazioni e Programma sul sito dei <a href=\"https:\/\/museireali.beniculturali.it\/events\/la-rosa-di-damasco-a-torino-the-damascene-rose-in-turin\/\">Musei Reali<\/a><\/strong><\/p>\n<p>&nbsp;<\/p>\n","protected":false},"excerpt":{"rendered":"<p>Dal 4 al 1\u00b0 ottobre 2023, i Giardini dei Musei Reali accolgono La Rosa di Damasco. Dalla Siria a Torino, un progetto culturale ideato e condotto dai Musei Reali con il Syria Trust for Development e la Fondazione Santagata per l\u2019Economia della Cultura, teso a promuovere il ruolo e l\u2019importanza del secolare patrimonio culturale siriano [&hellip;]<\/p>\n","protected":false},"author":1,"featured_media":0,"comment_status":"closed","ping_status":"open","sticky":false,"template":"","format":"standard","meta":{"ngg_post_thumbnail":0},"categories":[1,41],"tags":[],"_links":{"self":[{"href":"http:\/\/www.spaziotorino.it\/scatto\/index.php?rest_route=\/wp\/v2\/posts\/46343"}],"collection":[{"href":"http:\/\/www.spaziotorino.it\/scatto\/index.php?rest_route=\/wp\/v2\/posts"}],"about":[{"href":"http:\/\/www.spaziotorino.it\/scatto\/index.php?rest_route=\/wp\/v2\/types\/post"}],"author":[{"embeddable":true,"href":"http:\/\/www.spaziotorino.it\/scatto\/index.php?rest_route=\/wp\/v2\/users\/1"}],"replies":[{"embeddable":true,"href":"http:\/\/www.spaziotorino.it\/scatto\/index.php?rest_route=%2Fwp%2Fv2%2Fcomments&post=46343"}],"version-history":[{"count":2,"href":"http:\/\/www.spaziotorino.it\/scatto\/index.php?rest_route=\/wp\/v2\/posts\/46343\/revisions"}],"predecessor-version":[{"id":46350,"href":"http:\/\/www.spaziotorino.it\/scatto\/index.php?rest_route=\/wp\/v2\/posts\/46343\/revisions\/46350"}],"wp:attachment":[{"href":"http:\/\/www.spaziotorino.it\/scatto\/index.php?rest_route=%2Fwp%2Fv2%2Fmedia&parent=46343"}],"wp:term":[{"taxonomy":"category","embeddable":true,"href":"http:\/\/www.spaziotorino.it\/scatto\/index.php?rest_route=%2Fwp%2Fv2%2Fcategories&post=46343"},{"taxonomy":"post_tag","embeddable":true,"href":"http:\/\/www.spaziotorino.it\/scatto\/index.php?rest_route=%2Fwp%2Fv2%2Ftags&post=46343"}],"curies":[{"name":"wp","href":"https:\/\/api.w.org\/{rel}","templated":true}]}}