{"id":46412,"date":"2023-07-07T14:16:45","date_gmt":"2023-07-07T13:16:45","guid":{"rendered":"http:\/\/www.spaziotorino.it\/scatto\/?p=46412"},"modified":"2023-07-07T14:16:45","modified_gmt":"2023-07-07T13:16:45","slug":"mimmo-jodice-senza-tempo-a-gallerie-ditalia","status":"publish","type":"post","link":"http:\/\/www.spaziotorino.it\/scatto\/?p=46412","title":{"rendered":"Mimmo Jodice Senza tempo a Gallerie d&#8217;Italia"},"content":{"rendered":"<p><a class=\"ngg-fancybox\" title=\"Mimmo Jodice Senza tempo a Gallerie d'Italia\" href=\"http:\/\/www.spaziotorino.it\/scatto\/wp-content\/gallery\/2023_07_07_jodice\/PLA_5710.jpg\" rel=\"lightbox[set_1987]\"><br \/>\n<img decoding=\"async\" loading=\"lazy\" class=\"ngg-singlepic\" title=\"Mimmo Jodice Senza tempo a Gallerie d'Italia\" src=\"http:\/\/www.spaziotorino.it\/scatto\/wp-content\/gallery\/2023_07_07_jodice\/PLA_5710.jpg\" alt=\"\" width=\"540\" height=\"360\"\/><\/a><\/p>\n<!-- index.php -->\n<div\n\tclass=\"ngg-galleryoverview ngg-ajax-pagination-none\"\n\tid=\"ngg-gallery-bffd7adc9813408765b2a8af23578c12-1\">\n\n    \t\t<!-- Thumbnails -->\n\t\t\t\t<div id=\"ngg-image-0\" class=\"ngg-gallery-thumbnail-box\" >\n\t\t\t\t        <div class=\"ngg-gallery-thumbnail\">\n            <a href=\"http:\/\/www.spaziotorino.it\/scatto\/wp-content\/gallery\/2023_07_07_jodice\/PLA_5703.jpg\"\n               title=\"Mimmo Jodice Senza tempo\"\n               data-src=\"http:\/\/www.spaziotorino.it\/scatto\/wp-content\/gallery\/2023_07_07_jodice\/PLA_5703.jpg\"\n               data-thumbnail=\"http:\/\/www.spaziotorino.it\/scatto\/wp-content\/gallery\/2023_07_07_jodice\/thumbs\/thumbs_PLA_5703.jpg\"\n               data-image-id=\"29873\"\n               data-title=\"Mimmo Jodice Senza tempo\"\n               data-description=\"Mimmo Jodice Senza tempo\"\n               data-image-slug=\"pla_5703-2\"\n               class=\"ngg-fancybox\" rel=\"bffd7adc9813408765b2a8af23578c12\">\n                <img\n                    title=\"Mimmo Jodice Senza tempo\"\n                    alt=\"Mimmo Jodice Senza tempo\"\n                    src=\"http:\/\/www.spaziotorino.it\/scatto\/wp-content\/gallery\/2023_07_07_jodice\/cache\/PLA_5703.jpg-nggid0529873-ngg0dyn-60x60x100-00f0w010c011r110f110r010t010.jpg\"\n                    width=\"60\"\n                    height=\"60\"\n                    style=\"max-width:100%;\"\n                \/>\n            <\/a>\n        <\/div>\n\t\t\t\t\t\t\t<\/div> \n\t\t\t\n        \n\t\t\t\t<div id=\"ngg-image-1\" class=\"ngg-gallery-thumbnail-box\" >\n\t\t\t\t        <div class=\"ngg-gallery-thumbnail\">\n            <a href=\"http:\/\/www.spaziotorino.it\/scatto\/wp-content\/gallery\/2023_07_07_jodice\/PLA_5692.jpg\"\n               title=\"Mimmo Jodice Senza tempo\"\n               data-src=\"http:\/\/www.spaziotorino.it\/scatto\/wp-content\/gallery\/2023_07_07_jodice\/PLA_5692.jpg\"\n               data-thumbnail=\"http:\/\/www.spaziotorino.it\/scatto\/wp-content\/gallery\/2023_07_07_jodice\/thumbs\/thumbs_PLA_5692.jpg\"\n               data-image-id=\"29872\"\n               data-title=\"Mimmo Jodice Senza tempo\"\n               data-description=\"Mimmo Jodice Senza tempo\"\n               data-image-slug=\"pla_5692\"\n               class=\"ngg-fancybox\" rel=\"bffd7adc9813408765b2a8af23578c12\">\n                <img\n                    title=\"Mimmo Jodice Senza tempo\"\n                    alt=\"Mimmo Jodice Senza tempo\"\n                    src=\"http:\/\/www.spaziotorino.it\/scatto\/wp-content\/gallery\/2023_07_07_jodice\/cache\/PLA_5692.jpg-nggid0529872-ngg0dyn-60x60x100-00f0w010c011r110f110r010t010.jpg\"\n                    width=\"60\"\n                    height=\"60\"\n                    style=\"max-width:100%;\"\n                \/>\n            <\/a>\n        <\/div>\n\t\t\t\t\t\t\t<\/div> \n\t\t\t\n        \n\t\t\t\t<div id=\"ngg-image-2\" class=\"ngg-gallery-thumbnail-box\" >\n\t\t\t\t        <div class=\"ngg-gallery-thumbnail\">\n            <a href=\"http:\/\/www.spaziotorino.it\/scatto\/wp-content\/gallery\/2023_07_07_jodice\/PLA_5700.jpg\"\n               title=\"Mimmo Jodice Senza tempo\"\n               data-src=\"http:\/\/www.spaziotorino.it\/scatto\/wp-content\/gallery\/2023_07_07_jodice\/PLA_5700.jpg\"\n               data-thumbnail=\"http:\/\/www.spaziotorino.it\/scatto\/wp-content\/gallery\/2023_07_07_jodice\/thumbs\/thumbs_PLA_5700.jpg\"\n               data-image-id=\"29871\"\n               data-title=\"Mimmo Jodice Senza tempo\"\n               data-description=\"Mimmo Jodice Senza tempo\"\n               data-image-slug=\"pla_5700-1\"\n               class=\"ngg-fancybox\" rel=\"bffd7adc9813408765b2a8af23578c12\">\n                <img\n                    title=\"Mimmo Jodice Senza tempo\"\n                    alt=\"Mimmo Jodice Senza tempo\"\n                    src=\"http:\/\/www.spaziotorino.it\/scatto\/wp-content\/gallery\/2023_07_07_jodice\/cache\/PLA_5700.jpg-nggid0529871-ngg0dyn-60x60x100-00f0w010c011r110f110r010t010.jpg\"\n                    width=\"60\"\n                    height=\"60\"\n                    style=\"max-width:100%;\"\n                \/>\n            <\/a>\n        <\/div>\n\t\t\t\t\t\t\t<\/div> \n\t\t\t\n        \n\t\t\t\t<div id=\"ngg-image-3\" class=\"ngg-gallery-thumbnail-box\" >\n\t\t\t\t        <div class=\"ngg-gallery-thumbnail\">\n            <a href=\"http:\/\/www.spaziotorino.it\/scatto\/wp-content\/gallery\/2023_07_07_jodice\/PLA_5696.jpg\"\n               title=\"Mimmo Jodice Senza tempo\"\n               data-src=\"http:\/\/www.spaziotorino.it\/scatto\/wp-content\/gallery\/2023_07_07_jodice\/PLA_5696.jpg\"\n               data-thumbnail=\"http:\/\/www.spaziotorino.it\/scatto\/wp-content\/gallery\/2023_07_07_jodice\/thumbs\/thumbs_PLA_5696.jpg\"\n               data-image-id=\"29874\"\n               data-title=\"Mimmo Jodice Senza tempoo\"\n               data-description=\"Mimmo Jodice Senza tempo\"\n               data-image-slug=\"pla_5696-1\"\n               class=\"ngg-fancybox\" rel=\"bffd7adc9813408765b2a8af23578c12\">\n                <img\n                    title=\"Mimmo Jodice Senza tempoo\"\n                    alt=\"Mimmo Jodice Senza tempoo\"\n                    src=\"http:\/\/www.spaziotorino.it\/scatto\/wp-content\/gallery\/2023_07_07_jodice\/cache\/PLA_5696.jpg-nggid0529874-ngg0dyn-60x60x100-00f0w010c011r110f110r010t010.jpg\"\n                    width=\"60\"\n                    height=\"60\"\n                    style=\"max-width:100%;\"\n                \/>\n            <\/a>\n        <\/div>\n\t\t\t\t\t\t\t<\/div> \n\t\t\t\n        \n\t\t\t\t<div id=\"ngg-image-4\" class=\"ngg-gallery-thumbnail-box\" >\n\t\t\t\t        <div class=\"ngg-gallery-thumbnail\">\n            <a href=\"http:\/\/www.spaziotorino.it\/scatto\/wp-content\/gallery\/2023_07_07_jodice\/PLA_5695.jpg\"\n               title=\"Mimmo Jodice Senza tempo\"\n               data-src=\"http:\/\/www.spaziotorino.it\/scatto\/wp-content\/gallery\/2023_07_07_jodice\/PLA_5695.jpg\"\n               data-thumbnail=\"http:\/\/www.spaziotorino.it\/scatto\/wp-content\/gallery\/2023_07_07_jodice\/thumbs\/thumbs_PLA_5695.jpg\"\n               data-image-id=\"29875\"\n               data-title=\"Mimmo Jodice Senza tempo\"\n               data-description=\"Mimmo Jodice Senza tempo\"\n               data-image-slug=\"pla_5695-1\"\n               class=\"ngg-fancybox\" rel=\"bffd7adc9813408765b2a8af23578c12\">\n                <img\n                    title=\"Mimmo Jodice Senza tempo\"\n                    alt=\"Mimmo Jodice Senza tempo\"\n                    src=\"http:\/\/www.spaziotorino.it\/scatto\/wp-content\/gallery\/2023_07_07_jodice\/cache\/PLA_5695.jpg-nggid0529875-ngg0dyn-60x60x100-00f0w010c011r110f110r010t010.jpg\"\n                    width=\"60\"\n                    height=\"60\"\n                    style=\"max-width:100%;\"\n                \/>\n            <\/a>\n        <\/div>\n\t\t\t\t\t\t\t<\/div> \n\t\t\t\n        \n\t\t\t\t<div id=\"ngg-image-5\" class=\"ngg-gallery-thumbnail-box\" >\n\t\t\t\t        <div class=\"ngg-gallery-thumbnail\">\n            <a href=\"http:\/\/www.spaziotorino.it\/scatto\/wp-content\/gallery\/2023_07_07_jodice\/PLA_5712.jpg\"\n               title=\"Mimmo Jodice Senza tempo\"\n               data-src=\"http:\/\/www.spaziotorino.it\/scatto\/wp-content\/gallery\/2023_07_07_jodice\/PLA_5712.jpg\"\n               data-thumbnail=\"http:\/\/www.spaziotorino.it\/scatto\/wp-content\/gallery\/2023_07_07_jodice\/thumbs\/thumbs_PLA_5712.jpg\"\n               data-image-id=\"29876\"\n               data-title=\"Mimmo Jodice Senza tempo\"\n               data-description=\"Mimmo Jodice Senza tempo\"\n               data-image-slug=\"pla_5712-1\"\n               class=\"ngg-fancybox\" rel=\"bffd7adc9813408765b2a8af23578c12\">\n                <img\n                    title=\"Mimmo Jodice Senza tempo\"\n                    alt=\"Mimmo Jodice Senza tempo\"\n                    src=\"http:\/\/www.spaziotorino.it\/scatto\/wp-content\/gallery\/2023_07_07_jodice\/cache\/PLA_5712.jpg-nggid0529876-ngg0dyn-60x60x100-00f0w010c011r110f110r010t010.jpg\"\n                    width=\"60\"\n                    height=\"60\"\n                    style=\"max-width:100%;\"\n                \/>\n            <\/a>\n        <\/div>\n\t\t\t\t\t\t\t<\/div> \n\t\t\t\n        \n\t\t\t\t<div id=\"ngg-image-6\" class=\"ngg-gallery-thumbnail-box\" >\n\t\t\t\t        <div class=\"ngg-gallery-thumbnail\">\n            <a href=\"http:\/\/www.spaziotorino.it\/scatto\/wp-content\/gallery\/2023_07_07_jodice\/PLA_5716.jpg\"\n               title=\"Mimmo Jodice Senza tempo\"\n               data-src=\"http:\/\/www.spaziotorino.it\/scatto\/wp-content\/gallery\/2023_07_07_jodice\/PLA_5716.jpg\"\n               data-thumbnail=\"http:\/\/www.spaziotorino.it\/scatto\/wp-content\/gallery\/2023_07_07_jodice\/thumbs\/thumbs_PLA_5716.jpg\"\n               data-image-id=\"29878\"\n               data-title=\"Mimmo Jodice Senza tempo\"\n               data-description=\"Mimmo Jodice Senza tempo\"\n               data-image-slug=\"pla_5716\"\n               class=\"ngg-fancybox\" rel=\"bffd7adc9813408765b2a8af23578c12\">\n                <img\n                    title=\"Mimmo Jodice Senza tempo\"\n                    alt=\"Mimmo Jodice Senza tempo\"\n                    src=\"http:\/\/www.spaziotorino.it\/scatto\/wp-content\/gallery\/2023_07_07_jodice\/cache\/PLA_5716.jpg-nggid0529878-ngg0dyn-60x60x100-00f0w010c011r110f110r010t010.jpg\"\n                    width=\"60\"\n                    height=\"60\"\n                    style=\"max-width:100%;\"\n                \/>\n            <\/a>\n        <\/div>\n\t\t\t\t\t\t\t<\/div> \n\t\t\t\n        \n\t\t\t\t<div id=\"ngg-image-7\" class=\"ngg-gallery-thumbnail-box\" >\n\t\t\t\t        <div class=\"ngg-gallery-thumbnail\">\n            <a href=\"http:\/\/www.spaziotorino.it\/scatto\/wp-content\/gallery\/2023_07_07_jodice\/PLA_5705.jpg\"\n               title=\"Mimmo Jodice Senza tempo\"\n               data-src=\"http:\/\/www.spaziotorino.it\/scatto\/wp-content\/gallery\/2023_07_07_jodice\/PLA_5705.jpg\"\n               data-thumbnail=\"http:\/\/www.spaziotorino.it\/scatto\/wp-content\/gallery\/2023_07_07_jodice\/thumbs\/thumbs_PLA_5705.jpg\"\n               data-image-id=\"29870\"\n               data-title=\"Mimmo Jodice Senza tempo\"\n               data-description=\"Mimmo Jodice Senza tempo\"\n               data-image-slug=\"pla_5705\"\n               class=\"ngg-fancybox\" rel=\"bffd7adc9813408765b2a8af23578c12\">\n                <img\n                    title=\"Mimmo Jodice Senza tempo\"\n                    alt=\"Mimmo Jodice Senza tempo\"\n                    src=\"http:\/\/www.spaziotorino.it\/scatto\/wp-content\/gallery\/2023_07_07_jodice\/cache\/PLA_5705.jpg-nggid0529870-ngg0dyn-60x60x100-00f0w010c011r110f110r010t010.jpg\"\n                    width=\"60\"\n                    height=\"60\"\n                    style=\"max-width:100%;\"\n                \/>\n            <\/a>\n        <\/div>\n\t\t\t\t\t\t\t<\/div> \n\t\t\t\n        \n\t\t\t\t<div id=\"ngg-image-8\" class=\"ngg-gallery-thumbnail-box\" >\n\t\t\t\t        <div class=\"ngg-gallery-thumbnail\">\n            <a href=\"http:\/\/www.spaziotorino.it\/scatto\/wp-content\/gallery\/2023_07_07_jodice\/PLA_5718.jpg\"\n               title=\"Mimmo Jodice Senza tempo\"\n               data-src=\"http:\/\/www.spaziotorino.it\/scatto\/wp-content\/gallery\/2023_07_07_jodice\/PLA_5718.jpg\"\n               data-thumbnail=\"http:\/\/www.spaziotorino.it\/scatto\/wp-content\/gallery\/2023_07_07_jodice\/thumbs\/thumbs_PLA_5718.jpg\"\n               data-image-id=\"29879\"\n               data-title=\"Mimmo Jodice Senza tempo\"\n               data-description=\"Mimmo Jodice Senza tempo\"\n               data-image-slug=\"pla_5718-1\"\n               class=\"ngg-fancybox\" rel=\"bffd7adc9813408765b2a8af23578c12\">\n                <img\n                    title=\"Mimmo Jodice Senza tempo\"\n                    alt=\"Mimmo Jodice Senza tempo\"\n                    src=\"http:\/\/www.spaziotorino.it\/scatto\/wp-content\/gallery\/2023_07_07_jodice\/cache\/PLA_5718.jpg-nggid0529879-ngg0dyn-60x60x100-00f0w010c011r110f110r010t010.jpg\"\n                    width=\"60\"\n                    height=\"60\"\n                    style=\"max-width:100%;\"\n                \/>\n            <\/a>\n        <\/div>\n\t\t\t\t\t\t\t<\/div> \n\t\t\t\n        \n\t\t\t\t<div id=\"ngg-image-9\" class=\"ngg-gallery-thumbnail-box\" >\n\t\t\t\t        <div class=\"ngg-gallery-thumbnail\">\n            <a href=\"http:\/\/www.spaziotorino.it\/scatto\/wp-content\/gallery\/2023_07_07_jodice\/PLA_5723.jpg\"\n               title=\"Mimmo Jodice Senza tempo\"\n               data-src=\"http:\/\/www.spaziotorino.it\/scatto\/wp-content\/gallery\/2023_07_07_jodice\/PLA_5723.jpg\"\n               data-thumbnail=\"http:\/\/www.spaziotorino.it\/scatto\/wp-content\/gallery\/2023_07_07_jodice\/thumbs\/thumbs_PLA_5723.jpg\"\n               data-image-id=\"29880\"\n               data-title=\"Mimmo Jodice Senza tempo\"\n               data-description=\"Mimmo Jodice Senza tempo\"\n               data-image-slug=\"pla_5723-1\"\n               class=\"ngg-fancybox\" rel=\"bffd7adc9813408765b2a8af23578c12\">\n                <img\n                    title=\"Mimmo Jodice Senza tempo\"\n                    alt=\"Mimmo Jodice Senza tempo\"\n                    src=\"http:\/\/www.spaziotorino.it\/scatto\/wp-content\/gallery\/2023_07_07_jodice\/cache\/PLA_5723.jpg-nggid0529880-ngg0dyn-60x60x100-00f0w010c011r110f110r010t010.jpg\"\n                    width=\"60\"\n                    height=\"60\"\n                    style=\"max-width:100%;\"\n                \/>\n            <\/a>\n        <\/div>\n\t\t\t\t\t\t\t<\/div> \n\t\t\t\n        \n\t\t\t\t<div id=\"ngg-image-10\" class=\"ngg-gallery-thumbnail-box\" >\n\t\t\t\t        <div class=\"ngg-gallery-thumbnail\">\n            <a href=\"http:\/\/www.spaziotorino.it\/scatto\/wp-content\/gallery\/2023_07_07_jodice\/PLA_5728.jpg\"\n               title=\"Mimmo Jodice Senza tempo\"\n               data-src=\"http:\/\/www.spaziotorino.it\/scatto\/wp-content\/gallery\/2023_07_07_jodice\/PLA_5728.jpg\"\n               data-thumbnail=\"http:\/\/www.spaziotorino.it\/scatto\/wp-content\/gallery\/2023_07_07_jodice\/thumbs\/thumbs_PLA_5728.jpg\"\n               data-image-id=\"29881\"\n               data-title=\"Mimmo Jodice Senza tempo\"\n               data-description=\"Mimmo Jodice Senza tempo\"\n               data-image-slug=\"pla_5728-1\"\n               class=\"ngg-fancybox\" rel=\"bffd7adc9813408765b2a8af23578c12\">\n                <img\n                    title=\"Mimmo Jodice Senza tempo\"\n                    alt=\"Mimmo Jodice Senza tempo\"\n                    src=\"http:\/\/www.spaziotorino.it\/scatto\/wp-content\/gallery\/2023_07_07_jodice\/cache\/PLA_5728.jpg-nggid0529881-ngg0dyn-60x60x100-00f0w010c011r110f110r010t010.jpg\"\n                    width=\"60\"\n                    height=\"60\"\n                    style=\"max-width:100%;\"\n                \/>\n            <\/a>\n        <\/div>\n\t\t\t\t\t\t\t<\/div> \n\t\t\t\n        \n\t\t\t\t<div id=\"ngg-image-11\" class=\"ngg-gallery-thumbnail-box\" >\n\t\t\t\t        <div class=\"ngg-gallery-thumbnail\">\n            <a href=\"http:\/\/www.spaziotorino.it\/scatto\/wp-content\/gallery\/2023_07_07_jodice\/PLA_5732.jpg\"\n               title=\"Mimmo Jodice Senza tempo\"\n               data-src=\"http:\/\/www.spaziotorino.it\/scatto\/wp-content\/gallery\/2023_07_07_jodice\/PLA_5732.jpg\"\n               data-thumbnail=\"http:\/\/www.spaziotorino.it\/scatto\/wp-content\/gallery\/2023_07_07_jodice\/thumbs\/thumbs_PLA_5732.jpg\"\n               data-image-id=\"29882\"\n               data-title=\"Mimmo Jodice Senza tempo\"\n               data-description=\"Mimmo Jodice Senza tempo\"\n               data-image-slug=\"pla_5732\"\n               class=\"ngg-fancybox\" rel=\"bffd7adc9813408765b2a8af23578c12\">\n                <img\n                    title=\"Mimmo Jodice Senza tempo\"\n                    alt=\"Mimmo Jodice Senza tempo\"\n                    src=\"http:\/\/www.spaziotorino.it\/scatto\/wp-content\/gallery\/2023_07_07_jodice\/cache\/PLA_5732.jpg-nggid0529882-ngg0dyn-60x60x100-00f0w010c011r110f110r010t010.jpg\"\n                    width=\"60\"\n                    height=\"60\"\n                    style=\"max-width:100%;\"\n                \/>\n            <\/a>\n        <\/div>\n\t\t\t\t\t\t\t<\/div> \n\t\t\t\n        \n\t\t\t\t<div id=\"ngg-image-12\" class=\"ngg-gallery-thumbnail-box\" >\n\t\t\t\t        <div class=\"ngg-gallery-thumbnail\">\n            <a href=\"http:\/\/www.spaziotorino.it\/scatto\/wp-content\/gallery\/2023_07_07_jodice\/PLA_5733.jpg\"\n               title=\"Mimmo Jodice Senza tempo\"\n               data-src=\"http:\/\/www.spaziotorino.it\/scatto\/wp-content\/gallery\/2023_07_07_jodice\/PLA_5733.jpg\"\n               data-thumbnail=\"http:\/\/www.spaziotorino.it\/scatto\/wp-content\/gallery\/2023_07_07_jodice\/thumbs\/thumbs_PLA_5733.jpg\"\n               data-image-id=\"29883\"\n               data-title=\"Mimmo Jodice Senza tempo\"\n               data-description=\"Mimmo Jodice Senza tempo\"\n               data-image-slug=\"pla_5733\"\n               class=\"ngg-fancybox\" rel=\"bffd7adc9813408765b2a8af23578c12\">\n                <img\n                    title=\"Mimmo Jodice Senza tempo\"\n                    alt=\"Mimmo Jodice Senza tempo\"\n                    src=\"http:\/\/www.spaziotorino.it\/scatto\/wp-content\/gallery\/2023_07_07_jodice\/cache\/PLA_5733.jpg-nggid0529883-ngg0dyn-60x60x100-00f0w010c011r110f110r010t010.jpg\"\n                    width=\"60\"\n                    height=\"60\"\n                    style=\"max-width:100%;\"\n                \/>\n            <\/a>\n        <\/div>\n\t\t\t\t\t\t\t<\/div> \n\t\t\t\n        \n\t\t\n\t\t<!-- Pagination -->\n\t<div class='ngg-clear'><\/div>\t<\/div>\n\n<p>La mostra di&nbsp;<strong>Mimmo Jodice Senza tempo<\/strong>&nbsp;a cura di Roberto Koch \u00e8 il secondo capitolo del progetto &#8220;La Grande Fotografia Italiana&#8221;, avviato nel 2022 con la mostra di Lisetta Carmi. Questo progetto nasce con l&#8217;intento di realizzare un omaggio ai grandi maestri della fotografia del nostro paese. I progetti espositivi prevedono il coinvolgimento anche di un altro artista accanto all&#8217;autore scelto: in questo caso Mario Martone, celebre regista e autore, ha diretto e realizzato un filmato documentario sulla vita di Mimmo Jodice, suo amico e concittadino, che viene mostrato nelle sale espositive per la prima volta. Nato a Napoli nel 1934, Jodice si avvicina alla fotografia attratto dalla sua capacit\u00e0 di creare visioni. \u00c8 un processo raffinato e intimo, che si nutre delle sue memorie personali, di un&#8217;esistenza vissuta in una citt\u00e0 come Napoli, sfolgorante e segreta, fatta di luoghi e memorie da svelare e comprendere. In sintesi, alla capacit\u00e0 unica di Mimmo Jodice di mostrarci la realt\u00e0 vista attraverso il&nbsp;<strong>filtro di un tempo diverso e sospeso<\/strong>, \u00e8 dedicata la mostra.<\/p>\n<p>Maggiori informazioni sul sito di <a href=\"http:\/\/gallerieditalia.com\/it\/torino\/mostre-e-iniziative\/mostre\/2023\/06\/29\/mimmo-jodice-senza-tempo\/\">Gallerie d&#8217;Italia<\/a><\/p>\n","protected":false},"excerpt":{"rendered":"<p>La mostra di&nbsp;Mimmo Jodice Senza tempo&nbsp;a cura di Roberto Koch \u00e8 il secondo capitolo del progetto &#8220;La Grande Fotografia Italiana&#8221;, avviato nel 2022 con la mostra di Lisetta Carmi. Questo progetto nasce con l&#8217;intento di realizzare un omaggio ai grandi maestri della fotografia del nostro paese. I progetti espositivi prevedono il coinvolgimento anche di un [&hellip;]<\/p>\n","protected":false},"author":1,"featured_media":0,"comment_status":"closed","ping_status":"open","sticky":false,"template":"","format":"standard","meta":{"ngg_post_thumbnail":0},"categories":[54,1],"tags":[],"_links":{"self":[{"href":"http:\/\/www.spaziotorino.it\/scatto\/index.php?rest_route=\/wp\/v2\/posts\/46412"}],"collection":[{"href":"http:\/\/www.spaziotorino.it\/scatto\/index.php?rest_route=\/wp\/v2\/posts"}],"about":[{"href":"http:\/\/www.spaziotorino.it\/scatto\/index.php?rest_route=\/wp\/v2\/types\/post"}],"author":[{"embeddable":true,"href":"http:\/\/www.spaziotorino.it\/scatto\/index.php?rest_route=\/wp\/v2\/users\/1"}],"replies":[{"embeddable":true,"href":"http:\/\/www.spaziotorino.it\/scatto\/index.php?rest_route=%2Fwp%2Fv2%2Fcomments&post=46412"}],"version-history":[{"count":1,"href":"http:\/\/www.spaziotorino.it\/scatto\/index.php?rest_route=\/wp\/v2\/posts\/46412\/revisions"}],"predecessor-version":[{"id":46414,"href":"http:\/\/www.spaziotorino.it\/scatto\/index.php?rest_route=\/wp\/v2\/posts\/46412\/revisions\/46414"}],"wp:attachment":[{"href":"http:\/\/www.spaziotorino.it\/scatto\/index.php?rest_route=%2Fwp%2Fv2%2Fmedia&parent=46412"}],"wp:term":[{"taxonomy":"category","embeddable":true,"href":"http:\/\/www.spaziotorino.it\/scatto\/index.php?rest_route=%2Fwp%2Fv2%2Fcategories&post=46412"},{"taxonomy":"post_tag","embeddable":true,"href":"http:\/\/www.spaziotorino.it\/scatto\/index.php?rest_route=%2Fwp%2Fv2%2Ftags&post=46412"}],"curies":[{"name":"wp","href":"https:\/\/api.w.org\/{rel}","templated":true}]}}