{"id":46425,"date":"2023-07-10T13:11:36","date_gmt":"2023-07-10T12:11:36","guid":{"rendered":"http:\/\/www.spaziotorino.it\/scatto\/?p=46425"},"modified":"2023-07-10T13:11:36","modified_gmt":"2023-07-10T12:11:36","slug":"giardini-reali-inferiori-inaugurata-la-nuova-area-giochi-inclusiva-e-sostenibile","status":"publish","type":"post","link":"http:\/\/www.spaziotorino.it\/scatto\/?p=46425","title":{"rendered":"Giardini Reali inferiori: inaugurata la nuova area giochi inclusiva e sostenibile"},"content":{"rendered":"<p><a class=\"ngg-fancybox\" title=\"Giardini Reali inferiori: inaugurata la nuova area giochi inclusiva e sostenibile\" href=\"http:\/\/www.spaziotorino.it\/scatto\/wp-content\/gallery\/2023_07_10_giochireali\/PLA_5764.jpg\" rel=\"lightbox[set_1988]\"><br \/>\n<img decoding=\"async\" loading=\"lazy\" class=\"ngg-singlepic\" title=\"Giardini Reali inferiori: inaugurata la nuova area giochi inclusiva e sostenibile\" src=\"http:\/\/www.spaziotorino.it\/scatto\/wp-content\/gallery\/2023_07_10_giochireali\/PLA_5764.jpg\" alt=\"\" width=\"540\" height=\"360\"\/><\/a><\/p>\n<!-- index.php -->\n<div\n\tclass=\"ngg-galleryoverview ngg-ajax-pagination-none\"\n\tid=\"ngg-gallery-534f67a7961176efbe8105a4cbf54263-1\">\n\n    \t\t<!-- Thumbnails -->\n\t\t\t\t<div id=\"ngg-image-0\" class=\"ngg-gallery-thumbnail-box\" >\n\t\t\t\t        <div class=\"ngg-gallery-thumbnail\">\n            <a href=\"http:\/\/www.spaziotorino.it\/scatto\/wp-content\/gallery\/2023_07_10_giochireali\/PLA_5785.jpg\"\n               title=\"Giardini Reali inferiori: inaugurata la nuova area giochi inclusiva e sostenibile\"\n               data-src=\"http:\/\/www.spaziotorino.it\/scatto\/wp-content\/gallery\/2023_07_10_giochireali\/PLA_5785.jpg\"\n               data-thumbnail=\"http:\/\/www.spaziotorino.it\/scatto\/wp-content\/gallery\/2023_07_10_giochireali\/thumbs\/thumbs_PLA_5785.jpg\"\n               data-image-id=\"29885\"\n               data-title=\"Giardini Reali inferiori: inaugurata la nuova area giochi inclusiva e sostenibile\"\n               data-description=\"Giardini Reali inferiori: inaugurata la nuova area giochi inclusiva e sostenibile\"\n               data-image-slug=\"pla_5785-2\"\n               class=\"ngg-fancybox\" rel=\"534f67a7961176efbe8105a4cbf54263\">\n                <img\n                    title=\"Giardini Reali inferiori: inaugurata la nuova area giochi inclusiva e sostenibile\"\n                    alt=\"Giardini Reali inferiori: inaugurata la nuova area giochi inclusiva e sostenibile\"\n                    src=\"http:\/\/www.spaziotorino.it\/scatto\/wp-content\/gallery\/2023_07_10_giochireali\/cache\/PLA_5785.jpg-nggid0529885-ngg0dyn-60x60x100-00f0w010c011r110f110r010t010.jpg\"\n                    width=\"60\"\n                    height=\"60\"\n                    style=\"max-width:100%;\"\n                \/>\n            <\/a>\n        <\/div>\n\t\t\t\t\t\t\t<\/div> \n\t\t\t\n        \n\t\t\t\t<div id=\"ngg-image-1\" class=\"ngg-gallery-thumbnail-box\" >\n\t\t\t\t        <div class=\"ngg-gallery-thumbnail\">\n            <a href=\"http:\/\/www.spaziotorino.it\/scatto\/wp-content\/gallery\/2023_07_10_giochireali\/PLA_5793.jpg\"\n               title=\"Giardini Reali inferiori: inaugurata la nuova area giochi inclusiva e sostenibile\"\n               data-src=\"http:\/\/www.spaziotorino.it\/scatto\/wp-content\/gallery\/2023_07_10_giochireali\/PLA_5793.jpg\"\n               data-thumbnail=\"http:\/\/www.spaziotorino.it\/scatto\/wp-content\/gallery\/2023_07_10_giochireali\/thumbs\/thumbs_PLA_5793.jpg\"\n               data-image-id=\"29886\"\n               data-title=\"Giardini Reali inferiori: inaugurata la nuova area giochi inclusiva e sostenibile\"\n               data-description=\"Giardini Reali inferiori: inaugurata la nuova area giochi inclusiva e sostenibile\"\n               data-image-slug=\"pla_5793\"\n               class=\"ngg-fancybox\" rel=\"534f67a7961176efbe8105a4cbf54263\">\n                <img\n                    title=\"Giardini Reali inferiori: inaugurata la nuova area giochi inclusiva e sostenibile\"\n                    alt=\"Giardini Reali inferiori: inaugurata la nuova area giochi inclusiva e sostenibile\"\n                    src=\"http:\/\/www.spaziotorino.it\/scatto\/wp-content\/gallery\/2023_07_10_giochireali\/cache\/PLA_5793.jpg-nggid0529886-ngg0dyn-60x60x100-00f0w010c011r110f110r010t010.jpg\"\n                    width=\"60\"\n                    height=\"60\"\n                    style=\"max-width:100%;\"\n                \/>\n            <\/a>\n        <\/div>\n\t\t\t\t\t\t\t<\/div> \n\t\t\t\n        \n\t\t\t\t<div id=\"ngg-image-2\" class=\"ngg-gallery-thumbnail-box\" >\n\t\t\t\t        <div class=\"ngg-gallery-thumbnail\">\n            <a href=\"http:\/\/www.spaziotorino.it\/scatto\/wp-content\/gallery\/2023_07_10_giochireali\/PLA_5741.jpg\"\n               title=\"Giardini Reali inferiori: inaugurata la nuova area giochi inclusiva e sostenibile\"\n               data-src=\"http:\/\/www.spaziotorino.it\/scatto\/wp-content\/gallery\/2023_07_10_giochireali\/PLA_5741.jpg\"\n               data-thumbnail=\"http:\/\/www.spaziotorino.it\/scatto\/wp-content\/gallery\/2023_07_10_giochireali\/thumbs\/thumbs_PLA_5741.jpg\"\n               data-image-id=\"29887\"\n               data-title=\"Giardini Reali inferiori: inaugurata la nuova area giochi inclusiva e sostenibile\"\n               data-description=\"Giardini Reali inferiori: inaugurata la nuova area giochi inclusiva e sostenibile\"\n               data-image-slug=\"pla_5741\"\n               class=\"ngg-fancybox\" rel=\"534f67a7961176efbe8105a4cbf54263\">\n                <img\n                    title=\"Giardini Reali inferiori: inaugurata la nuova area giochi inclusiva e sostenibile\"\n                    alt=\"Giardini Reali inferiori: inaugurata la nuova area giochi inclusiva e sostenibile\"\n                    src=\"http:\/\/www.spaziotorino.it\/scatto\/wp-content\/gallery\/2023_07_10_giochireali\/cache\/PLA_5741.jpg-nggid0529887-ngg0dyn-60x60x100-00f0w010c011r110f110r010t010.jpg\"\n                    width=\"60\"\n                    height=\"60\"\n                    style=\"max-width:100%;\"\n                \/>\n            <\/a>\n        <\/div>\n\t\t\t\t\t\t\t<\/div> \n\t\t\t\n        \n\t\t\t\t<div id=\"ngg-image-3\" class=\"ngg-gallery-thumbnail-box\" >\n\t\t\t\t        <div class=\"ngg-gallery-thumbnail\">\n            <a href=\"http:\/\/www.spaziotorino.it\/scatto\/wp-content\/gallery\/2023_07_10_giochireali\/PLA_5808.jpg\"\n               title=\"Giardini Reali inferiori: inaugurata la nuova area giochi inclusiva e sostenibile\"\n               data-src=\"http:\/\/www.spaziotorino.it\/scatto\/wp-content\/gallery\/2023_07_10_giochireali\/PLA_5808.jpg\"\n               data-thumbnail=\"http:\/\/www.spaziotorino.it\/scatto\/wp-content\/gallery\/2023_07_10_giochireali\/thumbs\/thumbs_PLA_5808.jpg\"\n               data-image-id=\"29888\"\n               data-title=\"Giardini Reali inferiori: inaugurata la nuova area giochi inclusiva e sostenibile\"\n               data-description=\"Giardini Reali inferiori: inaugurata la nuova area giochi inclusiva e sostenibile\"\n               data-image-slug=\"pla_5808\"\n               class=\"ngg-fancybox\" rel=\"534f67a7961176efbe8105a4cbf54263\">\n                <img\n                    title=\"Giardini Reali inferiori: inaugurata la nuova area giochi inclusiva e sostenibile\"\n                    alt=\"Giardini Reali inferiori: inaugurata la nuova area giochi inclusiva e sostenibile\"\n                    src=\"http:\/\/www.spaziotorino.it\/scatto\/wp-content\/gallery\/2023_07_10_giochireali\/cache\/PLA_5808.jpg-nggid0529888-ngg0dyn-60x60x100-00f0w010c011r110f110r010t010.jpg\"\n                    width=\"60\"\n                    height=\"60\"\n                    style=\"max-width:100%;\"\n                \/>\n            <\/a>\n        <\/div>\n\t\t\t\t\t\t\t<\/div> \n\t\t\t\n        \n\t\t\t\t<div id=\"ngg-image-4\" class=\"ngg-gallery-thumbnail-box\" >\n\t\t\t\t        <div class=\"ngg-gallery-thumbnail\">\n            <a href=\"http:\/\/www.spaziotorino.it\/scatto\/wp-content\/gallery\/2023_07_10_giochireali\/PLA_5735.jpg\"\n               title=\"Giardini Reali inferiori: inaugurata la nuova area giochi inclusiva e sostenibile\"\n               data-src=\"http:\/\/www.spaziotorino.it\/scatto\/wp-content\/gallery\/2023_07_10_giochireali\/PLA_5735.jpg\"\n               data-thumbnail=\"http:\/\/www.spaziotorino.it\/scatto\/wp-content\/gallery\/2023_07_10_giochireali\/thumbs\/thumbs_PLA_5735.jpg\"\n               data-image-id=\"29889\"\n               data-title=\"Giardini Reali inferiori: inaugurata la nuova area giochi inclusiva e sostenibile\"\n               data-description=\"Giardini Reali inferiori: inaugurata la nuova area giochi inclusiva e sostenibile\"\n               data-image-slug=\"pla_5735-3\"\n               class=\"ngg-fancybox\" rel=\"534f67a7961176efbe8105a4cbf54263\">\n                <img\n                    title=\"Giardini Reali inferiori: inaugurata la nuova area giochi inclusiva e sostenibile\"\n                    alt=\"Giardini Reali inferiori: inaugurata la nuova area giochi inclusiva e sostenibile\"\n                    src=\"http:\/\/www.spaziotorino.it\/scatto\/wp-content\/gallery\/2023_07_10_giochireali\/cache\/PLA_5735.jpg-nggid0529889-ngg0dyn-60x60x100-00f0w010c011r110f110r010t010.jpg\"\n                    width=\"60\"\n                    height=\"60\"\n                    style=\"max-width:100%;\"\n                \/>\n            <\/a>\n        <\/div>\n\t\t\t\t\t\t\t<\/div> \n\t\t\t\n        \n\t\t\n\t\t<!-- Pagination -->\n\t<div class='ngg-clear'><\/div>\t<\/div>\n\n<p>Uno spazio pi\u00f9 fruibile, con nuove attrezzature ludiche sensoriali, inclusive, e con un\u2019attenzione alla sostenibilit\u00e0 ambientale a alla vocazione storica del luogo: sono queste le caratteristiche della nuova area giochi dei Giardini Reali Inferiori, inaugurata questa mattina alla presenza del sindaco Stefano Lo Russo e dall\u2019assessore Francesco Tresso.<span id=\"more-112973\"><\/span><\/p>\n<p>I lavori sono stati finanziati con fondi REACT-EU nell\u2019ambito di una delle misure del PON Metro, per complessivi 6,5 milioni di euro. Questa \u00e8 solo la prima inaugurazione: entro il 2023, infatti, la citt\u00e0 avr\u00e0 ulteriori otto aree verdi completamente riqualificate (una per circoscrizione) con modalit\u00e0 innovative e con soluzioni ambientali che tengono conto delle linee guida indicate nel Piano Strategico dell\u2019Infrastruttura Verde e nel Piano di Resilienza Climatica, con cui l\u2019amministrazione ha elaborato le proprie strategie per contrastare le vulnerabilit\u00e0 climatiche.<\/p>\n<p>L\u2019area giochi dei Giardini Reali Inferiori \u00e8 collocata nel tratto sottostante il giardino del Duca e il Bastion Verde dei Giardini Reali. Si tratta di uno spazio di aggregazione molto frequentato, a ridosso del centro storico, che viene restituito ai torinesi in una veste profondamente rinnovata.<\/p>\n<p><i>\u201cSiamo contenti di inaugurare questa area giochi in uno dei punti pi\u00f9 belli e suggestivi della citt\u00e0<\/i>&nbsp;\u2013 ha detto, dopo il taglio del nastro, il&nbsp;<b>Sindaco Stefano Lo Russo<\/b>-.&nbsp;<i>Ovviamente nei nostri programmi sono molte le aree in via di riqualificazione e stiamo completando, man mano, i lavori per poter restituire parti di citt\u00e0 rinnovate e migliorate ai cittadini, in particolar modo, come in questo caso, a quelli pi\u00f9 piccoli\u201d<\/i>.<\/p>\n<p><i>\u201cL\u2019area giochi dei Giardini Reali Inferiori, dalla grande valenza storica e paesaggistica, viene restituita ai suoi piccoli frequentatori in una veste completamente rinnovata<\/i>&nbsp;\u2013 ha aggiunto&nbsp;<b>l\u2019assessore Francesco Tresso<\/b>&nbsp;-.&nbsp;<i>Il progetto, nel suo complesso, \u00e8 ambizioso e riguarda la riqualificazione con metodi innovativi di un\u2019area verde per ciascuna circoscrizione, con giochi inclusivi, con caratteristiche didattiche e educative, e con soluzioni improntate alla mitigazione climatica\u201d.<\/i><\/p>\n<p>I lavori di riqualificazione hanno riguardato la sostituzione delle attrezzature obsolete con 16 nuove attrezzi ludici sensoriali \u2013 con giochi di abilit\u00e0, sonori e di illusione ottica \u2013 destinati in prevalenza alle fasce d\u2019et\u00e0 prescolare e scolare e adatti a supportare l\u2019attivit\u00e0 didattico-scientifica all\u2019aperto dei vicini istituti scolastici.<\/p>\n<p>Grande attenzione \u00e8 stata posta al dialogo con la memoria storica, che viene ripresa a partire dall\u2019ambientazione tematica dei giochi che richiamano il passato del luogo, che prima di diventare parco pubblico \u00e8 stato terreno di battaglia, campo per il gioco del pallone al bracciale, luogo di giostra medievale e, infine, Giardino Zoologico Reale.<\/p>\n<p>La configurazione movimentata del terreno, ai lati del giardino, \u00e8 stata valorizzata con l\u2019inserimento di scivoli da pendio, che costituiranno una sicura fonte di attrazione per i bambini. Per garantire la loro sicurezza, nell\u2019area giochi \u00e8 stata posata una nuova pavimentazione antitrauma.<\/p>\n<p>In ottica di resilienza ambientale, nelle aree libere si \u00e8 posato un nuovo fondo permeabile in stabilizzato, per migliorare il filtraggio delle acque meteoriche e per ridurre, di conseguenza, il carico della rete di smaltimento.<\/p>\n<p>La siepe in Ligustrum che delimita il giardino \u00e8 stata ampliata, ed \u00e8 stato inoltre rinnovato il cancello che chiude l\u2019area giochi. Sono stati infine riposizionati nuovi elementi di arredo urbano e installati due nuovi pannelli informativi.<\/p>\n<p>Entro settembre verranno inaugurate ulteriori aree giochi completamente rinnovate grazie ai fondi React: il giardino Peppino Impastato (circoscrizione 6), il giardino Don Gnocchi (circoscrizione 5), il giardino Nuova Delhi (circoscrizione 2), l\u2019area giochi nel parco della Pellerina (circoscrizione 4).<\/p>\n","protected":false},"excerpt":{"rendered":"<p>Uno spazio pi\u00f9 fruibile, con nuove attrezzature ludiche sensoriali, inclusive, e con un\u2019attenzione alla sostenibilit\u00e0 ambientale a alla vocazione storica del luogo: sono queste le caratteristiche della nuova area giochi dei Giardini Reali Inferiori, inaugurata questa mattina alla presenza del sindaco Stefano Lo Russo e dall\u2019assessore Francesco Tresso. I lavori sono stati finanziati con fondi [&hellip;]<\/p>\n","protected":false},"author":1,"featured_media":0,"comment_status":"closed","ping_status":"open","sticky":false,"template":"","format":"standard","meta":{"ngg_post_thumbnail":0},"categories":[1,41],"tags":[],"_links":{"self":[{"href":"http:\/\/www.spaziotorino.it\/scatto\/index.php?rest_route=\/wp\/v2\/posts\/46425"}],"collection":[{"href":"http:\/\/www.spaziotorino.it\/scatto\/index.php?rest_route=\/wp\/v2\/posts"}],"about":[{"href":"http:\/\/www.spaziotorino.it\/scatto\/index.php?rest_route=\/wp\/v2\/types\/post"}],"author":[{"embeddable":true,"href":"http:\/\/www.spaziotorino.it\/scatto\/index.php?rest_route=\/wp\/v2\/users\/1"}],"replies":[{"embeddable":true,"href":"http:\/\/www.spaziotorino.it\/scatto\/index.php?rest_route=%2Fwp%2Fv2%2Fcomments&post=46425"}],"version-history":[{"count":1,"href":"http:\/\/www.spaziotorino.it\/scatto\/index.php?rest_route=\/wp\/v2\/posts\/46425\/revisions"}],"predecessor-version":[{"id":46427,"href":"http:\/\/www.spaziotorino.it\/scatto\/index.php?rest_route=\/wp\/v2\/posts\/46425\/revisions\/46427"}],"wp:attachment":[{"href":"http:\/\/www.spaziotorino.it\/scatto\/index.php?rest_route=%2Fwp%2Fv2%2Fmedia&parent=46425"}],"wp:term":[{"taxonomy":"category","embeddable":true,"href":"http:\/\/www.spaziotorino.it\/scatto\/index.php?rest_route=%2Fwp%2Fv2%2Fcategories&post=46425"},{"taxonomy":"post_tag","embeddable":true,"href":"http:\/\/www.spaziotorino.it\/scatto\/index.php?rest_route=%2Fwp%2Fv2%2Ftags&post=46425"}],"curies":[{"name":"wp","href":"https:\/\/api.w.org\/{rel}","templated":true}]}}