{"id":46444,"date":"2023-07-11T13:39:17","date_gmt":"2023-07-11T12:39:17","guid":{"rendered":"http:\/\/www.spaziotorino.it\/scatto\/?p=46444"},"modified":"2023-07-11T13:39:17","modified_gmt":"2023-07-11T12:39:17","slug":"riapre-la-piscina-pellerina","status":"publish","type":"post","link":"http:\/\/www.spaziotorino.it\/scatto\/?p=46444","title":{"rendered":"Riapre la piscina Pellerina"},"content":{"rendered":"<p><a class=\"ngg-fancybox\" title=\"Riapre la piscina Pellerina\" href=\"http:\/\/www.spaziotorino.it\/scatto\/wp-content\/gallery\/2023_07_11_pellerina\/PLA_6018.jpg\" rel=\"lightbox[set_1989]\"><br \/>\n<img decoding=\"async\" loading=\"lazy\" class=\"ngg-singlepic\" title=\"Riapre la piscina Pellerina\" src=\"http:\/\/www.spaziotorino.it\/scatto\/wp-content\/gallery\/2023_07_11_pellerina\/PLA_6018.jpg\" alt=\"\" width=\"540\" height=\"360\"\/><\/a><\/p>\n<!-- index.php -->\n<div\n\tclass=\"ngg-galleryoverview ngg-ajax-pagination-none\"\n\tid=\"ngg-gallery-986930563d1bed6da57c3b165996fe36-1\">\n\n    \t\t<!-- Thumbnails -->\n\t\t\t\t<div id=\"ngg-image-0\" class=\"ngg-gallery-thumbnail-box\" >\n\t\t\t\t        <div class=\"ngg-gallery-thumbnail\">\n            <a href=\"http:\/\/www.spaziotorino.it\/scatto\/wp-content\/gallery\/2023_07_11_pellerina\/PLA_5821.jpg\"\n               title=\"Riapre la piscina Pellerina\"\n               data-src=\"http:\/\/www.spaziotorino.it\/scatto\/wp-content\/gallery\/2023_07_11_pellerina\/PLA_5821.jpg\"\n               data-thumbnail=\"http:\/\/www.spaziotorino.it\/scatto\/wp-content\/gallery\/2023_07_11_pellerina\/thumbs\/thumbs_PLA_5821.jpg\"\n               data-image-id=\"29892\"\n               data-title=\"Riapre la piscina Pellerina\"\n               data-description=\"Riapre la piscina Pellerina\"\n               data-image-slug=\"pla_5821-1\"\n               class=\"ngg-fancybox\" rel=\"986930563d1bed6da57c3b165996fe36\">\n                <img\n                    title=\"Riapre la piscina Pellerina\"\n                    alt=\"Riapre la piscina Pellerina\"\n                    src=\"http:\/\/www.spaziotorino.it\/scatto\/wp-content\/gallery\/2023_07_11_pellerina\/cache\/PLA_5821.jpg-nggid0529892-ngg0dyn-60x60x100-00f0w010c011r110f110r010t010.jpg\"\n                    width=\"60\"\n                    height=\"60\"\n                    style=\"max-width:100%;\"\n                \/>\n            <\/a>\n        <\/div>\n\t\t\t\t\t\t\t<\/div> \n\t\t\t\n        \n\t\t\t\t<div id=\"ngg-image-1\" class=\"ngg-gallery-thumbnail-box\" >\n\t\t\t\t        <div class=\"ngg-gallery-thumbnail\">\n            <a href=\"http:\/\/www.spaziotorino.it\/scatto\/wp-content\/gallery\/2023_07_11_pellerina\/PLA_5878.jpg\"\n               title=\"Riapre la piscina Pellerina\"\n               data-src=\"http:\/\/www.spaziotorino.it\/scatto\/wp-content\/gallery\/2023_07_11_pellerina\/PLA_5878.jpg\"\n               data-thumbnail=\"http:\/\/www.spaziotorino.it\/scatto\/wp-content\/gallery\/2023_07_11_pellerina\/thumbs\/thumbs_PLA_5878.jpg\"\n               data-image-id=\"29891\"\n               data-title=\"Riapre la piscina Pellerina\"\n               data-description=\"Riapre la piscina Pellerina\"\n               data-image-slug=\"pla_5878\"\n               class=\"ngg-fancybox\" rel=\"986930563d1bed6da57c3b165996fe36\">\n                <img\n                    title=\"Riapre la piscina Pellerina\"\n                    alt=\"Riapre la piscina Pellerina\"\n                    src=\"http:\/\/www.spaziotorino.it\/scatto\/wp-content\/gallery\/2023_07_11_pellerina\/cache\/PLA_5878.jpg-nggid0529891-ngg0dyn-60x60x100-00f0w010c011r110f110r010t010.jpg\"\n                    width=\"60\"\n                    height=\"60\"\n                    style=\"max-width:100%;\"\n                \/>\n            <\/a>\n        <\/div>\n\t\t\t\t\t\t\t<\/div> \n\t\t\t\n        \n\t\t\t\t<div id=\"ngg-image-2\" class=\"ngg-gallery-thumbnail-box\" >\n\t\t\t\t        <div class=\"ngg-gallery-thumbnail\">\n            <a href=\"http:\/\/www.spaziotorino.it\/scatto\/wp-content\/gallery\/2023_07_11_pellerina\/PLA_5898.jpg\"\n               title=\"Riapre la piscina Pellerina\"\n               data-src=\"http:\/\/www.spaziotorino.it\/scatto\/wp-content\/gallery\/2023_07_11_pellerina\/PLA_5898.jpg\"\n               data-thumbnail=\"http:\/\/www.spaziotorino.it\/scatto\/wp-content\/gallery\/2023_07_11_pellerina\/thumbs\/thumbs_PLA_5898.jpg\"\n               data-image-id=\"29890\"\n               data-title=\"Riapre la piscina Pellerina\"\n               data-description=\"Riapre la piscina Pellerina\"\n               data-image-slug=\"pla_5898-1\"\n               class=\"ngg-fancybox\" rel=\"986930563d1bed6da57c3b165996fe36\">\n                <img\n                    title=\"Riapre la piscina Pellerina\"\n                    alt=\"Riapre la piscina Pellerina\"\n                    src=\"http:\/\/www.spaziotorino.it\/scatto\/wp-content\/gallery\/2023_07_11_pellerina\/cache\/PLA_5898.jpg-nggid0529890-ngg0dyn-60x60x100-00f0w010c011r110f110r010t010.jpg\"\n                    width=\"60\"\n                    height=\"60\"\n                    style=\"max-width:100%;\"\n                \/>\n            <\/a>\n        <\/div>\n\t\t\t\t\t\t\t<\/div> \n\t\t\t\n        \n\t\t\t\t<div id=\"ngg-image-3\" class=\"ngg-gallery-thumbnail-box\" >\n\t\t\t\t        <div class=\"ngg-gallery-thumbnail\">\n            <a href=\"http:\/\/www.spaziotorino.it\/scatto\/wp-content\/gallery\/2023_07_11_pellerina\/PLA_5837.jpg\"\n               title=\"Riapre la piscina Pellerina\"\n               data-src=\"http:\/\/www.spaziotorino.it\/scatto\/wp-content\/gallery\/2023_07_11_pellerina\/PLA_5837.jpg\"\n               data-thumbnail=\"http:\/\/www.spaziotorino.it\/scatto\/wp-content\/gallery\/2023_07_11_pellerina\/thumbs\/thumbs_PLA_5837.jpg\"\n               data-image-id=\"29895\"\n               data-title=\"Riapre la piscina Pellerina\"\n               data-description=\"Riapre la piscina Pellerina\"\n               data-image-slug=\"pla_5837-1\"\n               class=\"ngg-fancybox\" rel=\"986930563d1bed6da57c3b165996fe36\">\n                <img\n                    title=\"Riapre la piscina Pellerina\"\n                    alt=\"Riapre la piscina Pellerina\"\n                    src=\"http:\/\/www.spaziotorino.it\/scatto\/wp-content\/gallery\/2023_07_11_pellerina\/cache\/PLA_5837.jpg-nggid0529895-ngg0dyn-60x60x100-00f0w010c011r110f110r010t010.jpg\"\n                    width=\"60\"\n                    height=\"60\"\n                    style=\"max-width:100%;\"\n                \/>\n            <\/a>\n        <\/div>\n\t\t\t\t\t\t\t<\/div> \n\t\t\t\n        \n\t\t\t\t<div id=\"ngg-image-4\" class=\"ngg-gallery-thumbnail-box\" >\n\t\t\t\t        <div class=\"ngg-gallery-thumbnail\">\n            <a href=\"http:\/\/www.spaziotorino.it\/scatto\/wp-content\/gallery\/2023_07_11_pellerina\/PLA_5838.jpg\"\n               title=\"Riapre la piscina Pellerina\"\n               data-src=\"http:\/\/www.spaziotorino.it\/scatto\/wp-content\/gallery\/2023_07_11_pellerina\/PLA_5838.jpg\"\n               data-thumbnail=\"http:\/\/www.spaziotorino.it\/scatto\/wp-content\/gallery\/2023_07_11_pellerina\/thumbs\/thumbs_PLA_5838.jpg\"\n               data-image-id=\"29894\"\n               data-title=\"Riapre la piscina Pellerina\"\n               data-description=\"Riapre la piscina Pellerina\"\n               data-image-slug=\"pla_5838-1\"\n               class=\"ngg-fancybox\" rel=\"986930563d1bed6da57c3b165996fe36\">\n                <img\n                    title=\"Riapre la piscina Pellerina\"\n                    alt=\"Riapre la piscina Pellerina\"\n                    src=\"http:\/\/www.spaziotorino.it\/scatto\/wp-content\/gallery\/2023_07_11_pellerina\/cache\/PLA_5838.jpg-nggid0529894-ngg0dyn-60x60x100-00f0w010c011r110f110r010t010.jpg\"\n                    width=\"60\"\n                    height=\"60\"\n                    style=\"max-width:100%;\"\n                \/>\n            <\/a>\n        <\/div>\n\t\t\t\t\t\t\t<\/div> \n\t\t\t\n        \n\t\t\t\t<div id=\"ngg-image-5\" class=\"ngg-gallery-thumbnail-box\" >\n\t\t\t\t        <div class=\"ngg-gallery-thumbnail\">\n            <a href=\"http:\/\/www.spaziotorino.it\/scatto\/wp-content\/gallery\/2023_07_11_pellerina\/PLA_5908.jpg\"\n               title=\"Riapre la piscina Pellerina\"\n               data-src=\"http:\/\/www.spaziotorino.it\/scatto\/wp-content\/gallery\/2023_07_11_pellerina\/PLA_5908.jpg\"\n               data-thumbnail=\"http:\/\/www.spaziotorino.it\/scatto\/wp-content\/gallery\/2023_07_11_pellerina\/thumbs\/thumbs_PLA_5908.jpg\"\n               data-image-id=\"29893\"\n               data-title=\"Riapre la piscina Pellerina\"\n               data-description=\"Riapre la piscina Pellerina\"\n               data-image-slug=\"pla_5908\"\n               class=\"ngg-fancybox\" rel=\"986930563d1bed6da57c3b165996fe36\">\n                <img\n                    title=\"Riapre la piscina Pellerina\"\n                    alt=\"Riapre la piscina Pellerina\"\n                    src=\"http:\/\/www.spaziotorino.it\/scatto\/wp-content\/gallery\/2023_07_11_pellerina\/cache\/PLA_5908.jpg-nggid0529893-ngg0dyn-60x60x100-00f0w010c011r110f110r010t010.jpg\"\n                    width=\"60\"\n                    height=\"60\"\n                    style=\"max-width:100%;\"\n                \/>\n            <\/a>\n        <\/div>\n\t\t\t\t\t\t\t<\/div> \n\t\t\t\n        \n\t\t\t\t<div id=\"ngg-image-6\" class=\"ngg-gallery-thumbnail-box\" >\n\t\t\t\t        <div class=\"ngg-gallery-thumbnail\">\n            <a href=\"http:\/\/www.spaziotorino.it\/scatto\/wp-content\/gallery\/2023_07_11_pellerina\/PLA_5909.jpg\"\n               title=\"Riapre la piscina Pellerina\"\n               data-src=\"http:\/\/www.spaziotorino.it\/scatto\/wp-content\/gallery\/2023_07_11_pellerina\/PLA_5909.jpg\"\n               data-thumbnail=\"http:\/\/www.spaziotorino.it\/scatto\/wp-content\/gallery\/2023_07_11_pellerina\/thumbs\/thumbs_PLA_5909.jpg\"\n               data-image-id=\"29896\"\n               data-title=\"Riapre la piscina Pellerina\"\n               data-description=\"Riapre la piscina Pellerina\"\n               data-image-slug=\"pla_5909\"\n               class=\"ngg-fancybox\" rel=\"986930563d1bed6da57c3b165996fe36\">\n                <img\n                    title=\"Riapre la piscina Pellerina\"\n                    alt=\"Riapre la piscina Pellerina\"\n                    src=\"http:\/\/www.spaziotorino.it\/scatto\/wp-content\/gallery\/2023_07_11_pellerina\/cache\/PLA_5909.jpg-nggid0529896-ngg0dyn-60x60x100-00f0w010c011r110f110r010t010.jpg\"\n                    width=\"60\"\n                    height=\"60\"\n                    style=\"max-width:100%;\"\n                \/>\n            <\/a>\n        <\/div>\n\t\t\t\t\t\t\t<\/div> \n\t\t\t\n        \n\t\t\t\t<div id=\"ngg-image-7\" class=\"ngg-gallery-thumbnail-box\" >\n\t\t\t\t        <div class=\"ngg-gallery-thumbnail\">\n            <a href=\"http:\/\/www.spaziotorino.it\/scatto\/wp-content\/gallery\/2023_07_11_pellerina\/PLA_5914.jpg\"\n               title=\"Riapre la piscina Pellerina\"\n               data-src=\"http:\/\/www.spaziotorino.it\/scatto\/wp-content\/gallery\/2023_07_11_pellerina\/PLA_5914.jpg\"\n               data-thumbnail=\"http:\/\/www.spaziotorino.it\/scatto\/wp-content\/gallery\/2023_07_11_pellerina\/thumbs\/thumbs_PLA_5914.jpg\"\n               data-image-id=\"29897\"\n               data-title=\"Riapre la piscina Pellerina\"\n               data-description=\"Riapre la piscina Pellerina\"\n               data-image-slug=\"pla_5914\"\n               class=\"ngg-fancybox\" rel=\"986930563d1bed6da57c3b165996fe36\">\n                <img\n                    title=\"Riapre la piscina Pellerina\"\n                    alt=\"Riapre la piscina Pellerina\"\n                    src=\"http:\/\/www.spaziotorino.it\/scatto\/wp-content\/gallery\/2023_07_11_pellerina\/cache\/PLA_5914.jpg-nggid0529897-ngg0dyn-60x60x100-00f0w010c011r110f110r010t010.jpg\"\n                    width=\"60\"\n                    height=\"60\"\n                    style=\"max-width:100%;\"\n                \/>\n            <\/a>\n        <\/div>\n\t\t\t\t\t\t\t<\/div> \n\t\t\t\n        \n\t\t\t\t<div id=\"ngg-image-8\" class=\"ngg-gallery-thumbnail-box\" >\n\t\t\t\t        <div class=\"ngg-gallery-thumbnail\">\n            <a href=\"http:\/\/www.spaziotorino.it\/scatto\/wp-content\/gallery\/2023_07_11_pellerina\/PLA_5922.jpg\"\n               title=\"Riapre la piscina Pellerina\"\n               data-src=\"http:\/\/www.spaziotorino.it\/scatto\/wp-content\/gallery\/2023_07_11_pellerina\/PLA_5922.jpg\"\n               data-thumbnail=\"http:\/\/www.spaziotorino.it\/scatto\/wp-content\/gallery\/2023_07_11_pellerina\/thumbs\/thumbs_PLA_5922.jpg\"\n               data-image-id=\"29898\"\n               data-title=\"Riapre la piscina Pellerina\"\n               data-description=\"Riapre la piscina Pellerina\"\n               data-image-slug=\"pla_5922\"\n               class=\"ngg-fancybox\" rel=\"986930563d1bed6da57c3b165996fe36\">\n                <img\n                    title=\"Riapre la piscina Pellerina\"\n                    alt=\"Riapre la piscina Pellerina\"\n                    src=\"http:\/\/www.spaziotorino.it\/scatto\/wp-content\/gallery\/2023_07_11_pellerina\/cache\/PLA_5922.jpg-nggid0529898-ngg0dyn-60x60x100-00f0w010c011r110f110r010t010.jpg\"\n                    width=\"60\"\n                    height=\"60\"\n                    style=\"max-width:100%;\"\n                \/>\n            <\/a>\n        <\/div>\n\t\t\t\t\t\t\t<\/div> \n\t\t\t\n        \n\t\t\t\t<div id=\"ngg-image-9\" class=\"ngg-gallery-thumbnail-box\" >\n\t\t\t\t        <div class=\"ngg-gallery-thumbnail\">\n            <a href=\"http:\/\/www.spaziotorino.it\/scatto\/wp-content\/gallery\/2023_07_11_pellerina\/PLA_5929.jpg\"\n               title=\"Riapre la piscina Pellerina\"\n               data-src=\"http:\/\/www.spaziotorino.it\/scatto\/wp-content\/gallery\/2023_07_11_pellerina\/PLA_5929.jpg\"\n               data-thumbnail=\"http:\/\/www.spaziotorino.it\/scatto\/wp-content\/gallery\/2023_07_11_pellerina\/thumbs\/thumbs_PLA_5929.jpg\"\n               data-image-id=\"29899\"\n               data-title=\"Riapre la piscina Pellerina\"\n               data-description=\"Riapre la piscina Pellerina\"\n               data-image-slug=\"pla_5929-1\"\n               class=\"ngg-fancybox\" rel=\"986930563d1bed6da57c3b165996fe36\">\n                <img\n                    title=\"Riapre la piscina Pellerina\"\n                    alt=\"Riapre la piscina Pellerina\"\n                    src=\"http:\/\/www.spaziotorino.it\/scatto\/wp-content\/gallery\/2023_07_11_pellerina\/cache\/PLA_5929.jpg-nggid0529899-ngg0dyn-60x60x100-00f0w010c011r110f110r010t010.jpg\"\n                    width=\"60\"\n                    height=\"60\"\n                    style=\"max-width:100%;\"\n                \/>\n            <\/a>\n        <\/div>\n\t\t\t\t\t\t\t<\/div> \n\t\t\t\n        \n\t\t\t\t<div id=\"ngg-image-10\" class=\"ngg-gallery-thumbnail-box\" >\n\t\t\t\t        <div class=\"ngg-gallery-thumbnail\">\n            <a href=\"http:\/\/www.spaziotorino.it\/scatto\/wp-content\/gallery\/2023_07_11_pellerina\/PLA_5952.jpg\"\n               title=\"Riapre la piscina Pellerina\"\n               data-src=\"http:\/\/www.spaziotorino.it\/scatto\/wp-content\/gallery\/2023_07_11_pellerina\/PLA_5952.jpg\"\n               data-thumbnail=\"http:\/\/www.spaziotorino.it\/scatto\/wp-content\/gallery\/2023_07_11_pellerina\/thumbs\/thumbs_PLA_5952.jpg\"\n               data-image-id=\"29900\"\n               data-title=\"Riapre la piscina Pellerina\"\n               data-description=\"Riapre la piscina Pellerina\"\n               data-image-slug=\"pla_5952\"\n               class=\"ngg-fancybox\" rel=\"986930563d1bed6da57c3b165996fe36\">\n                <img\n                    title=\"Riapre la piscina Pellerina\"\n                    alt=\"Riapre la piscina Pellerina\"\n                    src=\"http:\/\/www.spaziotorino.it\/scatto\/wp-content\/gallery\/2023_07_11_pellerina\/cache\/PLA_5952.jpg-nggid0529900-ngg0dyn-60x60x100-00f0w010c011r110f110r010t010.jpg\"\n                    width=\"60\"\n                    height=\"60\"\n                    style=\"max-width:100%;\"\n                \/>\n            <\/a>\n        <\/div>\n\t\t\t\t\t\t\t<\/div> \n\t\t\t\n        \n\t\t\t\t<div id=\"ngg-image-11\" class=\"ngg-gallery-thumbnail-box\" >\n\t\t\t\t        <div class=\"ngg-gallery-thumbnail\">\n            <a href=\"http:\/\/www.spaziotorino.it\/scatto\/wp-content\/gallery\/2023_07_11_pellerina\/PLA_5965.jpg\"\n               title=\"Riapre la piscina Pellerina\"\n               data-src=\"http:\/\/www.spaziotorino.it\/scatto\/wp-content\/gallery\/2023_07_11_pellerina\/PLA_5965.jpg\"\n               data-thumbnail=\"http:\/\/www.spaziotorino.it\/scatto\/wp-content\/gallery\/2023_07_11_pellerina\/thumbs\/thumbs_PLA_5965.jpg\"\n               data-image-id=\"29901\"\n               data-title=\"Riapre la piscina Pellerina\"\n               data-description=\"Riapre la piscina Pellerina\"\n               data-image-slug=\"pla_5965\"\n               class=\"ngg-fancybox\" rel=\"986930563d1bed6da57c3b165996fe36\">\n                <img\n                    title=\"Riapre la piscina Pellerina\"\n                    alt=\"Riapre la piscina Pellerina\"\n                    src=\"http:\/\/www.spaziotorino.it\/scatto\/wp-content\/gallery\/2023_07_11_pellerina\/cache\/PLA_5965.jpg-nggid0529901-ngg0dyn-60x60x100-00f0w010c011r110f110r010t010.jpg\"\n                    width=\"60\"\n                    height=\"60\"\n                    style=\"max-width:100%;\"\n                \/>\n            <\/a>\n        <\/div>\n\t\t\t\t\t\t\t<\/div> \n\t\t\t\n        \n\t\t\t\t<div id=\"ngg-image-12\" class=\"ngg-gallery-thumbnail-box\" >\n\t\t\t\t        <div class=\"ngg-gallery-thumbnail\">\n            <a href=\"http:\/\/www.spaziotorino.it\/scatto\/wp-content\/gallery\/2023_07_11_pellerina\/PLA_5977.jpg\"\n               title=\"Riapre la piscina Pellerina\"\n               data-src=\"http:\/\/www.spaziotorino.it\/scatto\/wp-content\/gallery\/2023_07_11_pellerina\/PLA_5977.jpg\"\n               data-thumbnail=\"http:\/\/www.spaziotorino.it\/scatto\/wp-content\/gallery\/2023_07_11_pellerina\/thumbs\/thumbs_PLA_5977.jpg\"\n               data-image-id=\"29902\"\n               data-title=\"Riapre la piscina Pellerina\"\n               data-description=\"Riapre la piscina Pellerina\"\n               data-image-slug=\"pla_5977-1\"\n               class=\"ngg-fancybox\" rel=\"986930563d1bed6da57c3b165996fe36\">\n                <img\n                    title=\"Riapre la piscina Pellerina\"\n                    alt=\"Riapre la piscina Pellerina\"\n                    src=\"http:\/\/www.spaziotorino.it\/scatto\/wp-content\/gallery\/2023_07_11_pellerina\/cache\/PLA_5977.jpg-nggid0529902-ngg0dyn-60x60x100-00f0w010c011r110f110r010t010.jpg\"\n                    width=\"60\"\n                    height=\"60\"\n                    style=\"max-width:100%;\"\n                \/>\n            <\/a>\n        <\/div>\n\t\t\t\t\t\t\t<\/div> \n\t\t\t\n        \n\t\t\t\t<div id=\"ngg-image-13\" class=\"ngg-gallery-thumbnail-box\" >\n\t\t\t\t        <div class=\"ngg-gallery-thumbnail\">\n            <a href=\"http:\/\/www.spaziotorino.it\/scatto\/wp-content\/gallery\/2023_07_11_pellerina\/PLA_5998.jpg\"\n               title=\"Riapre la piscina Pellerina\"\n               data-src=\"http:\/\/www.spaziotorino.it\/scatto\/wp-content\/gallery\/2023_07_11_pellerina\/PLA_5998.jpg\"\n               data-thumbnail=\"http:\/\/www.spaziotorino.it\/scatto\/wp-content\/gallery\/2023_07_11_pellerina\/thumbs\/thumbs_PLA_5998.jpg\"\n               data-image-id=\"29903\"\n               data-title=\"Riapre la piscina Pellerina\"\n               data-description=\"Riapre la piscina Pellerina\"\n               data-image-slug=\"pla_5998-1\"\n               class=\"ngg-fancybox\" rel=\"986930563d1bed6da57c3b165996fe36\">\n                <img\n                    title=\"Riapre la piscina Pellerina\"\n                    alt=\"Riapre la piscina Pellerina\"\n                    src=\"http:\/\/www.spaziotorino.it\/scatto\/wp-content\/gallery\/2023_07_11_pellerina\/cache\/PLA_5998.jpg-nggid0529903-ngg0dyn-60x60x100-00f0w010c011r110f110r010t010.jpg\"\n                    width=\"60\"\n                    height=\"60\"\n                    style=\"max-width:100%;\"\n                \/>\n            <\/a>\n        <\/div>\n\t\t\t\t\t\t\t<\/div> \n\t\t\t\n        \n\t\t\n\t\t<!-- Pagination -->\n\t<div class='ngg-clear'><\/div>\t<\/div>\n\n<p>Riapre al pubblico, dopo un periodo di lavori di ristrutturazione, la piscina estiva Pellerina, che si trova all\u2019interno del parco omonimo, in corso Appio Claudio 110.<\/p>\n<p>Il taglio del nastro \u00e8 avvenuto questa mattina alla presenza del sindaco Stefano Lo Russo, dell\u2019assessore allo Sport Domenico Carretta e del presidente della Circoscrizione 4 Alberto Re.<\/p>\n<p><em>\u201cUn luogo restituito alla citt\u00e0\u201d per il <strong>Sindaco Stefano Lo Russo<\/strong>. \u201cLa piscina Pellerina \u2013ha detto &#8211; era chiusa da anni e siamo molto orgogliosi che possa riaprire, cos\u00ec come \u00e8 stato in altri quartieri, ad esempio, per la biblioteca Carluccio o l\u2019anagrafe di Falchera, tornati a disposizione delle torinesi e dei torinesi. Oggi \u00e8 davvero una bellissima giornata per il patrimonio sportivo e ricreativo della citt\u00e0\u201d.<\/em><\/p>\n<p>L\u2019impianto \u00e8 stato assegnato in concessione dalla Circoscrizione alla <strong>Societ\u00e0 Sportiva Dilettantistica Pellerina<\/strong> che ne ha curato i lavori, realizzando tutte le opere necessarie alla sua rimessa in funzione e che lo gestir\u00e0 per i prossimi 25 anni.<\/p>\n<p>L\u2019intervento, per un ammontare complessivo di circa un milione e mezzo di euro, ha permesso di sistemare nuovamente le vasche dedicate ai bambini e agli adulti, ampliare la zona solarium e realizzare due campi da beach volley. Oltre alle due corsie da 50 metri dove praticare il nuoto, all\u2019interno della vasca pi\u00f9 grande \u00e8 stata ricavata una porzione profonda circa 1 metro e 20, in cui potranno aver luogo attivit\u00e0 di fitness in acqua. Fanno parte del nuovo impianto anche un\u2019ampia zona ludica, una zona relax con idromassaggio e giochi d\u2019acqua, 3 scivoli per adulti, 3 scivoli per bambini e un\u2019ampia vasca di acquaticit\u00e0 per i pi\u00f9 piccoli, tutti circondati da ampi spazi verdi.<\/p>\n<p>Il progetto ha previsto anche il rifacimento degli spogliatoi e della zona ristoro e arriveranno a breve rastrelliere per ospitare bici e monopattini.<\/p>\n<p><em>\u201cLo sport si sta riprendendo gli spazi che un periodo difficile, come quello della pandemia, ci aveva sottratto \u2013 aggiunge <strong>l\u2019assessore allo Sport, Domenico Carretta<\/strong>-. Grazie ai gestori per questo intervento cui si aggiungeranno, nei prossimi mesi, tanti altri lavori su impianti sportivi finanziati grazie al Pnrr. Penso alle piscine Gaidano, Trecate, Lombardia, Colletta, Cecchi e alla Franzoj che riapre anche oggi. Altri interventi sono previsti per la riqualificazione dello stadio Primo Nebiolo e dell\u2019impianto dedicato al baseball di via Passo Buole. A questi si aggiunge infine la realizzazione dell\u2019innovativo Parco dello sport e dell\u2019educazione ambientale al Meisino che sar\u00e0 terminato entro il 2025. Le grandi ristrutturazioni che interessano gli impianti sportivi e le tariffe che restano inalterate testimoniano l\u2019impegno dell\u2019amministrazione comunale ad investire sullo sport, come veicolo di integrazione, socialit\u00e0, promozione della salute\u201d.<\/em><\/p>\n<p>L&#8217;impianto sar\u00e0 aperto 7 giorni su 7 con orario: 10.30 \u2013 19.30 dal luned\u00ec al venerd\u00ec (marted\u00ec e gioved\u00ec fino alle 21.00 solo per il nuoto libero); 10.00 \u2013 19.00 sabato, domenica e festivi<\/p>\n<p>Maggiori informazioni sul sito della <a href=\"https:\/\/pellerina.it\/\">piscina Pellerina<\/a><\/p>\n","protected":false},"excerpt":{"rendered":"<p>Riapre al pubblico, dopo un periodo di lavori di ristrutturazione, la piscina estiva Pellerina, che si trova all\u2019interno del parco omonimo, in corso Appio Claudio 110. Il taglio del nastro \u00e8 avvenuto questa mattina alla presenza del sindaco Stefano Lo Russo, dell\u2019assessore allo Sport Domenico Carretta e del presidente della Circoscrizione 4 Alberto Re. \u201cUn [&hellip;]<\/p>\n","protected":false},"author":1,"featured_media":0,"comment_status":"closed","ping_status":"open","sticky":false,"template":"","format":"standard","meta":{"ngg_post_thumbnail":0},"categories":[1,41,10],"tags":[],"_links":{"self":[{"href":"http:\/\/www.spaziotorino.it\/scatto\/index.php?rest_route=\/wp\/v2\/posts\/46444"}],"collection":[{"href":"http:\/\/www.spaziotorino.it\/scatto\/index.php?rest_route=\/wp\/v2\/posts"}],"about":[{"href":"http:\/\/www.spaziotorino.it\/scatto\/index.php?rest_route=\/wp\/v2\/types\/post"}],"author":[{"embeddable":true,"href":"http:\/\/www.spaziotorino.it\/scatto\/index.php?rest_route=\/wp\/v2\/users\/1"}],"replies":[{"embeddable":true,"href":"http:\/\/www.spaziotorino.it\/scatto\/index.php?rest_route=%2Fwp%2Fv2%2Fcomments&post=46444"}],"version-history":[{"count":1,"href":"http:\/\/www.spaziotorino.it\/scatto\/index.php?rest_route=\/wp\/v2\/posts\/46444\/revisions"}],"predecessor-version":[{"id":46447,"href":"http:\/\/www.spaziotorino.it\/scatto\/index.php?rest_route=\/wp\/v2\/posts\/46444\/revisions\/46447"}],"wp:attachment":[{"href":"http:\/\/www.spaziotorino.it\/scatto\/index.php?rest_route=%2Fwp%2Fv2%2Fmedia&parent=46444"}],"wp:term":[{"taxonomy":"category","embeddable":true,"href":"http:\/\/www.spaziotorino.it\/scatto\/index.php?rest_route=%2Fwp%2Fv2%2Fcategories&post=46444"},{"taxonomy":"post_tag","embeddable":true,"href":"http:\/\/www.spaziotorino.it\/scatto\/index.php?rest_route=%2Fwp%2Fv2%2Ftags&post=46444"}],"curies":[{"name":"wp","href":"https:\/\/api.w.org\/{rel}","templated":true}]}}