{"id":46585,"date":"2023-07-19T19:46:56","date_gmt":"2023-07-19T18:46:56","guid":{"rendered":"http:\/\/www.spaziotorino.it\/scatto\/?p=46585"},"modified":"2023-07-20T10:47:22","modified_gmt":"2023-07-20T09:47:22","slug":"millemiglia-delle-idee-il-mauto-festeggia-90-anni-e-nomina-la-nuova-direttrice","status":"publish","type":"post","link":"http:\/\/www.spaziotorino.it\/scatto\/?p=46585","title":{"rendered":"Millemiglia delle idee: il Mauto festeggia 90 anni e nomina la nuova direttrice"},"content":{"rendered":"<p><a class=\"ngg-fancybox\" title=\"Millemiglia delle idee: il Mauto festeggia 90 anni\" href=\"http:\/\/www.spaziotorino.it\/scatto\/wp-content\/gallery\/2023_07_19_mautosfi\/PLA_7775.jpg\" rel=\"lightbox[set_1996]\"><br \/>\n<img decoding=\"async\" loading=\"lazy\" class=\"ngg-singlepic\" title=\"Millemiglia delle idee: il Mauto festeggia 90 anni\" src=\"http:\/\/www.spaziotorino.it\/scatto\/wp-content\/gallery\/2023_07_19_mautosfi\/PLA_7775.jpg\" alt=\"\" width=\"540\" height=\"360\"\/><\/a><\/p>\n<!-- index.php -->\n<div\n\tclass=\"ngg-galleryoverview ngg-ajax-pagination-none\"\n\tid=\"ngg-gallery-daf3e5f7b67d779a73140e0ad1e4536d-1\">\n\n    \t\t<!-- Thumbnails -->\n\t\t\t\t<div id=\"ngg-image-0\" class=\"ngg-gallery-thumbnail-box\" >\n\t\t\t\t        <div class=\"ngg-gallery-thumbnail\">\n            <a href=\"http:\/\/www.spaziotorino.it\/scatto\/wp-content\/gallery\/2023_07_19_mautosfi\/PLA_7597.jpg\"\n               title=\"Mauto - Museo Nazionale dell&#039;Automobile\"\n               data-src=\"http:\/\/www.spaziotorino.it\/scatto\/wp-content\/gallery\/2023_07_19_mautosfi\/PLA_7597.jpg\"\n               data-thumbnail=\"http:\/\/www.spaziotorino.it\/scatto\/wp-content\/gallery\/2023_07_19_mautosfi\/thumbs\/thumbs_PLA_7597.jpg\"\n               data-image-id=\"29983\"\n               data-title=\"Mauto - Museo Nazionale dell&#039;Automobile\"\n               data-description=\"Mauto - Museo Nazionale dell&#039;Automobile\"\n               data-image-slug=\"pla_7597\"\n               class=\"ngg-fancybox\" rel=\"daf3e5f7b67d779a73140e0ad1e4536d\">\n                <img\n                    title=\"Mauto - Museo Nazionale dell&#039;Automobile\"\n                    alt=\"Mauto - Museo Nazionale dell&#039;Automobile\"\n                    src=\"http:\/\/www.spaziotorino.it\/scatto\/wp-content\/gallery\/2023_07_19_mautosfi\/cache\/PLA_7597.jpg-nggid0529983-ngg0dyn-60x60x100-00f0w010c011r110f110r010t010.jpg\"\n                    width=\"60\"\n                    height=\"60\"\n                    style=\"max-width:100%;\"\n                \/>\n            <\/a>\n        <\/div>\n\t\t\t\t\t\t\t<\/div> \n\t\t\t\n        \n\t\t\t\t<div id=\"ngg-image-1\" class=\"ngg-gallery-thumbnail-box\" >\n\t\t\t\t        <div class=\"ngg-gallery-thumbnail\">\n            <a href=\"http:\/\/www.spaziotorino.it\/scatto\/wp-content\/gallery\/2023_07_19_mautosfi\/PLA_7607.jpg\"\n               title=\"Auditorium MAUTO: saluti istituzionali\"\n               data-src=\"http:\/\/www.spaziotorino.it\/scatto\/wp-content\/gallery\/2023_07_19_mautosfi\/PLA_7607.jpg\"\n               data-thumbnail=\"http:\/\/www.spaziotorino.it\/scatto\/wp-content\/gallery\/2023_07_19_mautosfi\/thumbs\/thumbs_PLA_7607.jpg\"\n               data-image-id=\"29985\"\n               data-title=\"Auditorium MAUTO: saluti istituzionali\"\n               data-description=\"Auditorium MAUTO: saluti istituzionali\"\n               data-image-slug=\"pla_7607\"\n               class=\"ngg-fancybox\" rel=\"daf3e5f7b67d779a73140e0ad1e4536d\">\n                <img\n                    title=\"Auditorium MAUTO: saluti istituzionali\"\n                    alt=\"Auditorium MAUTO: saluti istituzionali\"\n                    src=\"http:\/\/www.spaziotorino.it\/scatto\/wp-content\/gallery\/2023_07_19_mautosfi\/cache\/PLA_7607.jpg-nggid0529985-ngg0dyn-60x60x100-00f0w010c011r110f110r010t010.jpg\"\n                    width=\"60\"\n                    height=\"60\"\n                    style=\"max-width:100%;\"\n                \/>\n            <\/a>\n        <\/div>\n\t\t\t\t\t\t\t<\/div> \n\t\t\t\n        \n\t\t\t\t<div id=\"ngg-image-2\" class=\"ngg-gallery-thumbnail-box\" >\n\t\t\t\t        <div class=\"ngg-gallery-thumbnail\">\n            <a href=\"http:\/\/www.spaziotorino.it\/scatto\/wp-content\/gallery\/2023_07_19_mautosfi\/PLA_7716.jpg\"\n               title=\"Mauto - Museo Nazionale dell&#039;Automobile\"\n               data-src=\"http:\/\/www.spaziotorino.it\/scatto\/wp-content\/gallery\/2023_07_19_mautosfi\/PLA_7716.jpg\"\n               data-thumbnail=\"http:\/\/www.spaziotorino.it\/scatto\/wp-content\/gallery\/2023_07_19_mautosfi\/thumbs\/thumbs_PLA_7716.jpg\"\n               data-image-id=\"29989\"\n               data-title=\"Mauto - Museo Nazionale dell&#039;Automobile\"\n               data-description=\"Mauto - Museo Nazionale dell&#039;Automobile\"\n               data-image-slug=\"pla_7716\"\n               class=\"ngg-fancybox\" rel=\"daf3e5f7b67d779a73140e0ad1e4536d\">\n                <img\n                    title=\"Mauto - Museo Nazionale dell&#039;Automobile\"\n                    alt=\"Mauto - Museo Nazionale dell&#039;Automobile\"\n                    src=\"http:\/\/www.spaziotorino.it\/scatto\/wp-content\/gallery\/2023_07_19_mautosfi\/cache\/PLA_7716.jpg-nggid0529989-ngg0dyn-60x60x100-00f0w010c011r110f110r010t010.jpg\"\n                    width=\"60\"\n                    height=\"60\"\n                    style=\"max-width:100%;\"\n                \/>\n            <\/a>\n        <\/div>\n\t\t\t\t\t\t\t<\/div> \n\t\t\t\n        \n\t\t\t\t<div id=\"ngg-image-3\" class=\"ngg-gallery-thumbnail-box\" >\n\t\t\t\t        <div class=\"ngg-gallery-thumbnail\">\n            <a href=\"http:\/\/www.spaziotorino.it\/scatto\/wp-content\/gallery\/2023_07_19_mautosfi\/PLA_7729.jpg\"\n               title=\"Mauto - Museo Nazionale dell&#039;Automobile\"\n               data-src=\"http:\/\/www.spaziotorino.it\/scatto\/wp-content\/gallery\/2023_07_19_mautosfi\/PLA_7729.jpg\"\n               data-thumbnail=\"http:\/\/www.spaziotorino.it\/scatto\/wp-content\/gallery\/2023_07_19_mautosfi\/thumbs\/thumbs_PLA_7729.jpg\"\n               data-image-id=\"29987\"\n               data-title=\"Mauto - Museo Nazionale dell&#039;Automobile\"\n               data-description=\"Mauto - Museo Nazionale dell&#039;Automobile\"\n               data-image-slug=\"pla_7729-1\"\n               class=\"ngg-fancybox\" rel=\"daf3e5f7b67d779a73140e0ad1e4536d\">\n                <img\n                    title=\"Mauto - Museo Nazionale dell&#039;Automobile\"\n                    alt=\"Mauto - Museo Nazionale dell&#039;Automobile\"\n                    src=\"http:\/\/www.spaziotorino.it\/scatto\/wp-content\/gallery\/2023_07_19_mautosfi\/cache\/PLA_7729.jpg-nggid0529987-ngg0dyn-60x60x100-00f0w010c011r110f110r010t010.jpg\"\n                    width=\"60\"\n                    height=\"60\"\n                    style=\"max-width:100%;\"\n                \/>\n            <\/a>\n        <\/div>\n\t\t\t\t\t\t\t<\/div> \n\t\t\t\n        \n\t\t\t\t<div id=\"ngg-image-4\" class=\"ngg-gallery-thumbnail-box\" >\n\t\t\t\t        <div class=\"ngg-gallery-thumbnail\">\n            <a href=\"http:\/\/www.spaziotorino.it\/scatto\/wp-content\/gallery\/2023_07_19_mautosfi\/PLA_7727.jpg\"\n               title=\"Mauto - Museo Nazionale dell&#039;Automobile\"\n               data-src=\"http:\/\/www.spaziotorino.it\/scatto\/wp-content\/gallery\/2023_07_19_mautosfi\/PLA_7727.jpg\"\n               data-thumbnail=\"http:\/\/www.spaziotorino.it\/scatto\/wp-content\/gallery\/2023_07_19_mautosfi\/thumbs\/thumbs_PLA_7727.jpg\"\n               data-image-id=\"29991\"\n               data-title=\"Mauto - Museo Nazionale dell&#039;Automobile\"\n               data-description=\"Mauto - Museo Nazionale dell&#039;Automobile\"\n               data-image-slug=\"pla_7727\"\n               class=\"ngg-fancybox\" rel=\"daf3e5f7b67d779a73140e0ad1e4536d\">\n                <img\n                    title=\"Mauto - Museo Nazionale dell&#039;Automobile\"\n                    alt=\"Mauto - Museo Nazionale dell&#039;Automobile\"\n                    src=\"http:\/\/www.spaziotorino.it\/scatto\/wp-content\/gallery\/2023_07_19_mautosfi\/cache\/PLA_7727.jpg-nggid0529991-ngg0dyn-60x60x100-00f0w010c011r110f110r010t010.jpg\"\n                    width=\"60\"\n                    height=\"60\"\n                    style=\"max-width:100%;\"\n                \/>\n            <\/a>\n        <\/div>\n\t\t\t\t\t\t\t<\/div> \n\t\t\t\n        \n\t\t\t\t<div id=\"ngg-image-5\" class=\"ngg-gallery-thumbnail-box\" >\n\t\t\t\t        <div class=\"ngg-gallery-thumbnail\">\n            <a href=\"http:\/\/www.spaziotorino.it\/scatto\/wp-content\/gallery\/2023_07_19_mautosfi\/PLA_7639.jpg\"\n               title=\"Auditorium MAUTO: saluti istituzionali\"\n               data-src=\"http:\/\/www.spaziotorino.it\/scatto\/wp-content\/gallery\/2023_07_19_mautosfi\/PLA_7639.jpg\"\n               data-thumbnail=\"http:\/\/www.spaziotorino.it\/scatto\/wp-content\/gallery\/2023_07_19_mautosfi\/thumbs\/thumbs_PLA_7639.jpg\"\n               data-image-id=\"29981\"\n               data-title=\"Auditorium MAUTO: saluti istituzionali\"\n               data-description=\"Auditorium MAUTO: saluti istituzionali\"\n               data-image-slug=\"pla_7639\"\n               class=\"ngg-fancybox\" rel=\"daf3e5f7b67d779a73140e0ad1e4536d\">\n                <img\n                    title=\"Auditorium MAUTO: saluti istituzionali\"\n                    alt=\"Auditorium MAUTO: saluti istituzionali\"\n                    src=\"http:\/\/www.spaziotorino.it\/scatto\/wp-content\/gallery\/2023_07_19_mautosfi\/cache\/PLA_7639.jpg-nggid0529981-ngg0dyn-60x60x100-00f0w010c011r110f110r010t010.jpg\"\n                    width=\"60\"\n                    height=\"60\"\n                    style=\"max-width:100%;\"\n                \/>\n            <\/a>\n        <\/div>\n\t\t\t\t\t\t\t<\/div> \n\t\t\t\n        \n\t\t\t\t<div id=\"ngg-image-6\" class=\"ngg-gallery-thumbnail-box\" >\n\t\t\t\t        <div class=\"ngg-gallery-thumbnail\">\n            <a href=\"http:\/\/www.spaziotorino.it\/scatto\/wp-content\/gallery\/2023_07_19_mautosfi\/PLA_7699.jpg\"\n               title=\"Benedetto Camerana, Presidente del Mauto\"\n               data-src=\"http:\/\/www.spaziotorino.it\/scatto\/wp-content\/gallery\/2023_07_19_mautosfi\/PLA_7699.jpg\"\n               data-thumbnail=\"http:\/\/www.spaziotorino.it\/scatto\/wp-content\/gallery\/2023_07_19_mautosfi\/thumbs\/thumbs_PLA_7699.jpg\"\n               data-image-id=\"29988\"\n               data-title=\"Benedetto Camerana, Presidente del Mauto\"\n               data-description=\"Benedetto Camerana, Presidente del Mauto\"\n               data-image-slug=\"pla_7699-2\"\n               class=\"ngg-fancybox\" rel=\"daf3e5f7b67d779a73140e0ad1e4536d\">\n                <img\n                    title=\"Benedetto Camerana, Presidente del Mauto\"\n                    alt=\"Benedetto Camerana, Presidente del Mauto\"\n                    src=\"http:\/\/www.spaziotorino.it\/scatto\/wp-content\/gallery\/2023_07_19_mautosfi\/cache\/PLA_7699.jpg-nggid0529988-ngg0dyn-60x60x100-00f0w010c011r110f110r010t010.jpg\"\n                    width=\"60\"\n                    height=\"60\"\n                    style=\"max-width:100%;\"\n                \/>\n            <\/a>\n        <\/div>\n\t\t\t\t\t\t\t<\/div> \n\t\t\t\n        \n\t\t\t\t<div id=\"ngg-image-7\" class=\"ngg-gallery-thumbnail-box\" >\n\t\t\t\t        <div class=\"ngg-gallery-thumbnail\">\n            <a href=\"http:\/\/www.spaziotorino.it\/scatto\/wp-content\/gallery\/2023_07_19_mautosfi\/PLA_7684.jpg\"\n               title=\"Auditorium MAUTO: l&#039;intervento della Vicesindaca di Torino Michela Favaro\"\n               data-src=\"http:\/\/www.spaziotorino.it\/scatto\/wp-content\/gallery\/2023_07_19_mautosfi\/PLA_7684.jpg\"\n               data-thumbnail=\"http:\/\/www.spaziotorino.it\/scatto\/wp-content\/gallery\/2023_07_19_mautosfi\/thumbs\/thumbs_PLA_7684.jpg\"\n               data-image-id=\"29980\"\n               data-title=\"Auditorium MAUTO: l&#039;intervento della Vicesindaca di Torino Michela Favaro\"\n               data-description=\"Auditorium MAUTO: l&#039;intervento della Vicesindaca di Torino Michela Favaro\"\n               data-image-slug=\"pla_7684\"\n               class=\"ngg-fancybox\" rel=\"daf3e5f7b67d779a73140e0ad1e4536d\">\n                <img\n                    title=\"Auditorium MAUTO: l&#039;intervento della Vicesindaca di Torino Michela Favaro\"\n                    alt=\"Auditorium MAUTO: l&#039;intervento della Vicesindaca di Torino Michela Favaro\"\n                    src=\"http:\/\/www.spaziotorino.it\/scatto\/wp-content\/gallery\/2023_07_19_mautosfi\/cache\/PLA_7684.jpg-nggid0529980-ngg0dyn-60x60x100-00f0w010c011r110f110r010t010.jpg\"\n                    width=\"60\"\n                    height=\"60\"\n                    style=\"max-width:100%;\"\n                \/>\n            <\/a>\n        <\/div>\n\t\t\t\t\t\t\t<\/div> \n\t\t\t\n        \n\t\t\t\t<div id=\"ngg-image-8\" class=\"ngg-gallery-thumbnail-box\" >\n\t\t\t\t        <div class=\"ngg-gallery-thumbnail\">\n            <a href=\"http:\/\/www.spaziotorino.it\/scatto\/wp-content\/gallery\/2023_07_19_mautosfi\/PLA_7673.jpg\"\n               title=\"Auditorium MAUTO: Alberto Cirio consegna la targa celebrativa del 90\u00b0 anno a Benedetto Camerana\"\n               data-src=\"http:\/\/www.spaziotorino.it\/scatto\/wp-content\/gallery\/2023_07_19_mautosfi\/PLA_7673.jpg\"\n               data-thumbnail=\"http:\/\/www.spaziotorino.it\/scatto\/wp-content\/gallery\/2023_07_19_mautosfi\/thumbs\/thumbs_PLA_7673.jpg\"\n               data-image-id=\"29982\"\n               data-title=\"Auditorium MAUTO: Alberto Cirio consegna la targa celebrativa del 90\u00b0 anno a Benedetto Camerana\"\n               data-description=\"Auditorium MAUTO: Alberto Cirio consegna la targa celebrativa del 90\u00b0 anno a Benedetto Camerana\"\n               data-image-slug=\"pla_7673\"\n               class=\"ngg-fancybox\" rel=\"daf3e5f7b67d779a73140e0ad1e4536d\">\n                <img\n                    title=\"Auditorium MAUTO: Alberto Cirio consegna la targa celebrativa del 90\u00b0 anno a Benedetto Camerana\"\n                    alt=\"Auditorium MAUTO: Alberto Cirio consegna la targa celebrativa del 90\u00b0 anno a Benedetto Camerana\"\n                    src=\"http:\/\/www.spaziotorino.it\/scatto\/wp-content\/gallery\/2023_07_19_mautosfi\/cache\/PLA_7673.jpg-nggid0529982-ngg0dyn-60x60x100-00f0w010c011r110f110r010t010.jpg\"\n                    width=\"60\"\n                    height=\"60\"\n                    style=\"max-width:100%;\"\n                \/>\n            <\/a>\n        <\/div>\n\t\t\t\t\t\t\t<\/div> \n\t\t\t\n        \n\t\t\t\t<div id=\"ngg-image-9\" class=\"ngg-gallery-thumbnail-box\" >\n\t\t\t\t        <div class=\"ngg-gallery-thumbnail\">\n            <a href=\"http:\/\/www.spaziotorino.it\/scatto\/wp-content\/gallery\/2023_07_19_mautosfi\/PLA_7626.jpg\"\n               title=\"Benedetto Camerana e Francois Confino\"\n               data-src=\"http:\/\/www.spaziotorino.it\/scatto\/wp-content\/gallery\/2023_07_19_mautosfi\/PLA_7626.jpg\"\n               data-thumbnail=\"http:\/\/www.spaziotorino.it\/scatto\/wp-content\/gallery\/2023_07_19_mautosfi\/thumbs\/thumbs_PLA_7626.jpg\"\n               data-image-id=\"29984\"\n               data-title=\"Benedetto Camerana e Francois Confino\"\n               data-description=\"Benedetto Camerana e Francois Confino\"\n               data-image-slug=\"pla_7626-1\"\n               class=\"ngg-fancybox\" rel=\"daf3e5f7b67d779a73140e0ad1e4536d\">\n                <img\n                    title=\"Benedetto Camerana e Francois Confino\"\n                    alt=\"Benedetto Camerana e Francois Confino\"\n                    src=\"http:\/\/www.spaziotorino.it\/scatto\/wp-content\/gallery\/2023_07_19_mautosfi\/cache\/PLA_7626.jpg-nggid0529984-ngg0dyn-60x60x100-00f0w010c011r110f110r010t010.jpg\"\n                    width=\"60\"\n                    height=\"60\"\n                    style=\"max-width:100%;\"\n                \/>\n            <\/a>\n        <\/div>\n\t\t\t\t\t\t\t<\/div> \n\t\t\t\n        \n\t\t\t\t<div id=\"ngg-image-10\" class=\"ngg-gallery-thumbnail-box\" >\n\t\t\t\t        <div class=\"ngg-gallery-thumbnail\">\n            <a href=\"http:\/\/www.spaziotorino.it\/scatto\/wp-content\/gallery\/2023_07_19_mautosfi\/PLA_7709.jpg\"\n               title=\"L&#039;architetto Cino Zucchi\"\n               data-src=\"http:\/\/www.spaziotorino.it\/scatto\/wp-content\/gallery\/2023_07_19_mautosfi\/PLA_7709.jpg\"\n               data-thumbnail=\"http:\/\/www.spaziotorino.it\/scatto\/wp-content\/gallery\/2023_07_19_mautosfi\/thumbs\/thumbs_PLA_7709.jpg\"\n               data-image-id=\"29986\"\n               data-title=\"L&#039;architetto Cino Zucchi\"\n               data-description=\"L&#039;architetto Cino Zucchi\"\n               data-image-slug=\"pla_7709-1\"\n               class=\"ngg-fancybox\" rel=\"daf3e5f7b67d779a73140e0ad1e4536d\">\n                <img\n                    title=\"L&#039;architetto Cino Zucchi\"\n                    alt=\"L&#039;architetto Cino Zucchi\"\n                    src=\"http:\/\/www.spaziotorino.it\/scatto\/wp-content\/gallery\/2023_07_19_mautosfi\/cache\/PLA_7709.jpg-nggid0529986-ngg0dyn-60x60x100-00f0w010c011r110f110r010t010.jpg\"\n                    width=\"60\"\n                    height=\"60\"\n                    style=\"max-width:100%;\"\n                \/>\n            <\/a>\n        <\/div>\n\t\t\t\t\t\t\t<\/div> \n\t\t\t\n        \n\t\t\t\t<div id=\"ngg-image-11\" class=\"ngg-gallery-thumbnail-box\" >\n\t\t\t\t        <div class=\"ngg-gallery-thumbnail\">\n            <a href=\"http:\/\/www.spaziotorino.it\/scatto\/wp-content\/gallery\/2023_07_19_mautosfi\/PLA_7750.jpg\"\n               title=\"Dario Gallina, Alberto Cirio,  Lorenza Bravetta, Benedetto Camerana e Michela Favaro\"\n               data-src=\"http:\/\/www.spaziotorino.it\/scatto\/wp-content\/gallery\/2023_07_19_mautosfi\/PLA_7750.jpg\"\n               data-thumbnail=\"http:\/\/www.spaziotorino.it\/scatto\/wp-content\/gallery\/2023_07_19_mautosfi\/thumbs\/thumbs_PLA_7750.jpg\"\n               data-image-id=\"29990\"\n               data-title=\"Dario Gallina, Alberto Cirio,  Lorenza Bravetta, Benedetto Camerana e Michela Favaro\"\n               data-description=\"Dario Gallina, Alberto Cirio,  Lorenza Bravetta, Benedetto Camerana e Michela Favaro\"\n               data-image-slug=\"pla_7750-2\"\n               class=\"ngg-fancybox\" rel=\"daf3e5f7b67d779a73140e0ad1e4536d\">\n                <img\n                    title=\"Dario Gallina, Alberto Cirio,  Lorenza Bravetta, Benedetto Camerana e Michela Favaro\"\n                    alt=\"Dario Gallina, Alberto Cirio,  Lorenza Bravetta, Benedetto Camerana e Michela Favaro\"\n                    src=\"http:\/\/www.spaziotorino.it\/scatto\/wp-content\/gallery\/2023_07_19_mautosfi\/cache\/PLA_7750.jpg-nggid0529990-ngg0dyn-60x60x100-00f0w010c011r110f110r010t010.jpg\"\n                    width=\"60\"\n                    height=\"60\"\n                    style=\"max-width:100%;\"\n                \/>\n            <\/a>\n        <\/div>\n\t\t\t\t\t\t\t<\/div> \n\t\t\t\n        \n\t\t\t\t<div id=\"ngg-image-12\" class=\"ngg-gallery-thumbnail-box\" >\n\t\t\t\t        <div class=\"ngg-gallery-thumbnail\">\n            <a href=\"http:\/\/www.spaziotorino.it\/scatto\/wp-content\/gallery\/2023_07_19_mautosfi\/PLA_7766.jpg\"\n               title=\"Lorenza Bravetta, nuova direttrice del Mauto\"\n               data-src=\"http:\/\/www.spaziotorino.it\/scatto\/wp-content\/gallery\/2023_07_19_mautosfi\/PLA_7766.jpg\"\n               data-thumbnail=\"http:\/\/www.spaziotorino.it\/scatto\/wp-content\/gallery\/2023_07_19_mautosfi\/thumbs\/thumbs_PLA_7766.jpg\"\n               data-image-id=\"29994\"\n               data-title=\"Lorenza Bravetta, nuova direttrice del Mauto\"\n               data-description=\"Lorenza Bravetta, nuova direttrice del Mauto\"\n               data-image-slug=\"pla_7766\"\n               class=\"ngg-fancybox\" rel=\"daf3e5f7b67d779a73140e0ad1e4536d\">\n                <img\n                    title=\"Lorenza Bravetta, nuova direttrice del Mauto\"\n                    alt=\"Lorenza Bravetta, nuova direttrice del Mauto\"\n                    src=\"http:\/\/www.spaziotorino.it\/scatto\/wp-content\/gallery\/2023_07_19_mautosfi\/cache\/PLA_7766.jpg-nggid0529994-ngg0dyn-60x60x100-00f0w010c011r110f110r010t010.jpg\"\n                    width=\"60\"\n                    height=\"60\"\n                    style=\"max-width:100%;\"\n                \/>\n            <\/a>\n        <\/div>\n\t\t\t\t\t\t\t<\/div> \n\t\t\t\n        \n\t\t\t\t<div id=\"ngg-image-13\" class=\"ngg-gallery-thumbnail-box\" >\n\t\t\t\t        <div class=\"ngg-gallery-thumbnail\">\n            <a href=\"http:\/\/www.spaziotorino.it\/scatto\/wp-content\/gallery\/2023_07_19_mautosfi\/PLA_7771.jpg\"\n               title=\"Piazza San Carlo, ritrovo di vetture storiche\"\n               data-src=\"http:\/\/www.spaziotorino.it\/scatto\/wp-content\/gallery\/2023_07_19_mautosfi\/PLA_7771.jpg\"\n               data-thumbnail=\"http:\/\/www.spaziotorino.it\/scatto\/wp-content\/gallery\/2023_07_19_mautosfi\/thumbs\/thumbs_PLA_7771.jpg\"\n               data-image-id=\"29993\"\n               data-title=\"Piazza San Carlo, ritrovo di vetture storiche\"\n               data-description=\"Piazza San Carlo, ritrovo di vetture storiche\"\n               data-image-slug=\"pla_7771\"\n               class=\"ngg-fancybox\" rel=\"daf3e5f7b67d779a73140e0ad1e4536d\">\n                <img\n                    title=\"Piazza San Carlo, ritrovo di vetture storiche\"\n                    alt=\"Piazza San Carlo, ritrovo di vetture storiche\"\n                    src=\"http:\/\/www.spaziotorino.it\/scatto\/wp-content\/gallery\/2023_07_19_mautosfi\/cache\/PLA_7771.jpg-nggid0529993-ngg0dyn-60x60x100-00f0w010c011r110f110r010t010.jpg\"\n                    width=\"60\"\n                    height=\"60\"\n                    style=\"max-width:100%;\"\n                \/>\n            <\/a>\n        <\/div>\n\t\t\t\t\t\t\t<\/div> \n\t\t\t\n        \n\t\t\t\t<div id=\"ngg-image-14\" class=\"ngg-gallery-thumbnail-box\" >\n\t\t\t\t        <div class=\"ngg-gallery-thumbnail\">\n            <a href=\"http:\/\/www.spaziotorino.it\/scatto\/wp-content\/gallery\/2023_07_19_mautosfi\/PLA_7781.jpg\"\n               title=\"Piazza San Carlo, ritrovo di vetture storiche\"\n               data-src=\"http:\/\/www.spaziotorino.it\/scatto\/wp-content\/gallery\/2023_07_19_mautosfi\/PLA_7781.jpg\"\n               data-thumbnail=\"http:\/\/www.spaziotorino.it\/scatto\/wp-content\/gallery\/2023_07_19_mautosfi\/thumbs\/thumbs_PLA_7781.jpg\"\n               data-image-id=\"29995\"\n               data-title=\"Piazza San Carlo, ritrovo di vetture storiche\"\n               data-description=\"Piazza San Carlo, ritrovo di vetture storiche\"\n               data-image-slug=\"pla_7781\"\n               class=\"ngg-fancybox\" rel=\"daf3e5f7b67d779a73140e0ad1e4536d\">\n                <img\n                    title=\"Piazza San Carlo, ritrovo di vetture storiche\"\n                    alt=\"Piazza San Carlo, ritrovo di vetture storiche\"\n                    src=\"http:\/\/www.spaziotorino.it\/scatto\/wp-content\/gallery\/2023_07_19_mautosfi\/cache\/PLA_7781.jpg-nggid0529995-ngg0dyn-60x60x100-00f0w010c011r110f110r010t010.jpg\"\n                    width=\"60\"\n                    height=\"60\"\n                    style=\"max-width:100%;\"\n                \/>\n            <\/a>\n        <\/div>\n\t\t\t\t\t\t\t<\/div> \n\t\t\t\n        \n\t\t\t\t<div id=\"ngg-image-15\" class=\"ngg-gallery-thumbnail-box\" >\n\t\t\t\t        <div class=\"ngg-gallery-thumbnail\">\n            <a href=\"http:\/\/www.spaziotorino.it\/scatto\/wp-content\/gallery\/2023_07_19_mautosfi\/PLA_7784.jpg\"\n               title=\"Piazza San Carlo, ritrovo di vetture storiche\"\n               data-src=\"http:\/\/www.spaziotorino.it\/scatto\/wp-content\/gallery\/2023_07_19_mautosfi\/PLA_7784.jpg\"\n               data-thumbnail=\"http:\/\/www.spaziotorino.it\/scatto\/wp-content\/gallery\/2023_07_19_mautosfi\/thumbs\/thumbs_PLA_7784.jpg\"\n               data-image-id=\"29996\"\n               data-title=\"Piazza San Carlo, ritrovo di vetture storiche\"\n               data-description=\"Piazza San Carlo, ritrovo di vetture storiche\"\n               data-image-slug=\"pla_7784\"\n               class=\"ngg-fancybox\" rel=\"daf3e5f7b67d779a73140e0ad1e4536d\">\n                <img\n                    title=\"Piazza San Carlo, ritrovo di vetture storiche\"\n                    alt=\"Piazza San Carlo, ritrovo di vetture storiche\"\n                    src=\"http:\/\/www.spaziotorino.it\/scatto\/wp-content\/gallery\/2023_07_19_mautosfi\/cache\/PLA_7784.jpg-nggid0529996-ngg0dyn-60x60x100-00f0w010c011r110f110r010t010.jpg\"\n                    width=\"60\"\n                    height=\"60\"\n                    style=\"max-width:100%;\"\n                \/>\n            <\/a>\n        <\/div>\n\t\t\t\t\t\t\t<\/div> \n\t\t\t\n        \n\t\t\t\t<div id=\"ngg-image-16\" class=\"ngg-gallery-thumbnail-box\" >\n\t\t\t\t        <div class=\"ngg-gallery-thumbnail\">\n            <a href=\"http:\/\/www.spaziotorino.it\/scatto\/wp-content\/gallery\/2023_07_19_mautosfi\/PLA_7787.jpg\"\n               title=\"Piazza San Carlo, ritrovo di vetture storiche\"\n               data-src=\"http:\/\/www.spaziotorino.it\/scatto\/wp-content\/gallery\/2023_07_19_mautosfi\/PLA_7787.jpg\"\n               data-thumbnail=\"http:\/\/www.spaziotorino.it\/scatto\/wp-content\/gallery\/2023_07_19_mautosfi\/thumbs\/thumbs_PLA_7787.jpg\"\n               data-image-id=\"29997\"\n               data-title=\"Piazza San Carlo, ritrovo di vetture storiche\"\n               data-description=\"Piazza San Carlo, ritrovo di vetture storiche\"\n               data-image-slug=\"pla_7787\"\n               class=\"ngg-fancybox\" rel=\"daf3e5f7b67d779a73140e0ad1e4536d\">\n                <img\n                    title=\"Piazza San Carlo, ritrovo di vetture storiche\"\n                    alt=\"Piazza San Carlo, ritrovo di vetture storiche\"\n                    src=\"http:\/\/www.spaziotorino.it\/scatto\/wp-content\/gallery\/2023_07_19_mautosfi\/cache\/PLA_7787.jpg-nggid0529997-ngg0dyn-60x60x100-00f0w010c011r110f110r010t010.jpg\"\n                    width=\"60\"\n                    height=\"60\"\n                    style=\"max-width:100%;\"\n                \/>\n            <\/a>\n        <\/div>\n\t\t\t\t\t\t\t<\/div> \n\t\t\t\n        \n\t\t\t\t<div id=\"ngg-image-17\" class=\"ngg-gallery-thumbnail-box\" >\n\t\t\t\t        <div class=\"ngg-gallery-thumbnail\">\n            <a href=\"http:\/\/www.spaziotorino.it\/scatto\/wp-content\/gallery\/2023_07_19_mautosfi\/PLA_7789.jpg\"\n               title=\"Piazza San Carlo, ritrovo di vetture storiche\"\n               data-src=\"http:\/\/www.spaziotorino.it\/scatto\/wp-content\/gallery\/2023_07_19_mautosfi\/PLA_7789.jpg\"\n               data-thumbnail=\"http:\/\/www.spaziotorino.it\/scatto\/wp-content\/gallery\/2023_07_19_mautosfi\/thumbs\/thumbs_PLA_7789.jpg\"\n               data-image-id=\"29998\"\n               data-title=\"Piazza San Carlo, ritrovo di vetture storiche\"\n               data-description=\"Piazza San Carlo, ritrovo di vetture storiche\"\n               data-image-slug=\"pla_7789-1\"\n               class=\"ngg-fancybox\" rel=\"daf3e5f7b67d779a73140e0ad1e4536d\">\n                <img\n                    title=\"Piazza San Carlo, ritrovo di vetture storiche\"\n                    alt=\"Piazza San Carlo, ritrovo di vetture storiche\"\n                    src=\"http:\/\/www.spaziotorino.it\/scatto\/wp-content\/gallery\/2023_07_19_mautosfi\/cache\/PLA_7789.jpg-nggid0529998-ngg0dyn-60x60x100-00f0w010c011r110f110r010t010.jpg\"\n                    width=\"60\"\n                    height=\"60\"\n                    style=\"max-width:100%;\"\n                \/>\n            <\/a>\n        <\/div>\n\t\t\t\t\t\t\t<\/div> \n\t\t\t\n        \n\t\t\t\t<div id=\"ngg-image-18\" class=\"ngg-gallery-thumbnail-box\" >\n\t\t\t\t        <div class=\"ngg-gallery-thumbnail\">\n            <a href=\"http:\/\/www.spaziotorino.it\/scatto\/wp-content\/gallery\/2023_07_19_mautosfi\/PLA_7792.jpg\"\n               title=\"Piazza San Carlo, ritrovo di vetture storiche\"\n               data-src=\"http:\/\/www.spaziotorino.it\/scatto\/wp-content\/gallery\/2023_07_19_mautosfi\/PLA_7792.jpg\"\n               data-thumbnail=\"http:\/\/www.spaziotorino.it\/scatto\/wp-content\/gallery\/2023_07_19_mautosfi\/thumbs\/thumbs_PLA_7792.jpg\"\n               data-image-id=\"29999\"\n               data-title=\"Piazza San Carlo, ritrovo di vetture storiche\"\n               data-description=\"Piazza San Carlo, ritrovo di vetture storiche\"\n               data-image-slug=\"pla_7792\"\n               class=\"ngg-fancybox\" rel=\"daf3e5f7b67d779a73140e0ad1e4536d\">\n                <img\n                    title=\"Piazza San Carlo, ritrovo di vetture storiche\"\n                    alt=\"Piazza San Carlo, ritrovo di vetture storiche\"\n                    src=\"http:\/\/www.spaziotorino.it\/scatto\/wp-content\/gallery\/2023_07_19_mautosfi\/cache\/PLA_7792.jpg-nggid0529999-ngg0dyn-60x60x100-00f0w010c011r110f110r010t010.jpg\"\n                    width=\"60\"\n                    height=\"60\"\n                    style=\"max-width:100%;\"\n                \/>\n            <\/a>\n        <\/div>\n\t\t\t\t\t\t\t<\/div> \n\t\t\t\n        \n\t\t\t\t<div id=\"ngg-image-19\" class=\"ngg-gallery-thumbnail-box\" >\n\t\t\t\t        <div class=\"ngg-gallery-thumbnail\">\n            <a href=\"http:\/\/www.spaziotorino.it\/scatto\/wp-content\/gallery\/2023_07_19_mautosfi\/PLA_7794.jpg\"\n               title=\"Piazza San Carlo, ritrovo di vetture storiche\"\n               data-src=\"http:\/\/www.spaziotorino.it\/scatto\/wp-content\/gallery\/2023_07_19_mautosfi\/PLA_7794.jpg\"\n               data-thumbnail=\"http:\/\/www.spaziotorino.it\/scatto\/wp-content\/gallery\/2023_07_19_mautosfi\/thumbs\/thumbs_PLA_7794.jpg\"\n               data-image-id=\"30000\"\n               data-title=\"Piazza San Carlo, ritrovo di vetture storiche\"\n               data-description=\"Piazza San Carlo, ritrovo di vetture storiche\"\n               data-image-slug=\"pla_7794\"\n               class=\"ngg-fancybox\" rel=\"daf3e5f7b67d779a73140e0ad1e4536d\">\n                <img\n                    title=\"Piazza San Carlo, ritrovo di vetture storiche\"\n                    alt=\"Piazza San Carlo, ritrovo di vetture storiche\"\n                    src=\"http:\/\/www.spaziotorino.it\/scatto\/wp-content\/gallery\/2023_07_19_mautosfi\/cache\/PLA_7794.jpg-nggid0530000-ngg0dyn-60x60x100-00f0w010c011r110f110r010t010.jpg\"\n                    width=\"60\"\n                    height=\"60\"\n                    style=\"max-width:100%;\"\n                \/>\n            <\/a>\n        <\/div>\n\t\t\t\t\t\t\t<\/div> \n\t\t\t\n        \n\t\t\t\t<div id=\"ngg-image-20\" class=\"ngg-gallery-thumbnail-box\" >\n\t\t\t\t        <div class=\"ngg-gallery-thumbnail\">\n            <a href=\"http:\/\/www.spaziotorino.it\/scatto\/wp-content\/gallery\/2023_07_19_mautosfi\/PLA_7816.jpg\"\n               title=\"Piazza San Carlo, ritrovo di vetture storiche\"\n               data-src=\"http:\/\/www.spaziotorino.it\/scatto\/wp-content\/gallery\/2023_07_19_mautosfi\/PLA_7816.jpg\"\n               data-thumbnail=\"http:\/\/www.spaziotorino.it\/scatto\/wp-content\/gallery\/2023_07_19_mautosfi\/thumbs\/thumbs_PLA_7816.jpg\"\n               data-image-id=\"30001\"\n               data-title=\"Piazza San Carlo, ritrovo di vetture storiche\"\n               data-description=\"Piazza San Carlo, ritrovo di vetture storiche\"\n               data-image-slug=\"pla_7816\"\n               class=\"ngg-fancybox\" rel=\"daf3e5f7b67d779a73140e0ad1e4536d\">\n                <img\n                    title=\"Piazza San Carlo, ritrovo di vetture storiche\"\n                    alt=\"Piazza San Carlo, ritrovo di vetture storiche\"\n                    src=\"http:\/\/www.spaziotorino.it\/scatto\/wp-content\/gallery\/2023_07_19_mautosfi\/cache\/PLA_7816.jpg-nggid0530001-ngg0dyn-60x60x100-00f0w010c011r110f110r010t010.jpg\"\n                    width=\"60\"\n                    height=\"60\"\n                    style=\"max-width:100%;\"\n                \/>\n            <\/a>\n        <\/div>\n\t\t\t\t\t\t\t<\/div> \n\t\t\t\n        \n\t\t\t\t<div id=\"ngg-image-21\" class=\"ngg-gallery-thumbnail-box\" >\n\t\t\t\t        <div class=\"ngg-gallery-thumbnail\">\n            <a href=\"http:\/\/www.spaziotorino.it\/scatto\/wp-content\/gallery\/2023_07_19_mautosfi\/PLA_7799.jpg\"\n               title=\"Piazza San Carlo, ritrovo di vetture storiche\"\n               data-src=\"http:\/\/www.spaziotorino.it\/scatto\/wp-content\/gallery\/2023_07_19_mautosfi\/PLA_7799.jpg\"\n               data-thumbnail=\"http:\/\/www.spaziotorino.it\/scatto\/wp-content\/gallery\/2023_07_19_mautosfi\/thumbs\/thumbs_PLA_7799.jpg\"\n               data-image-id=\"30002\"\n               data-title=\"Piazza San Carlo, ritrovo di vetture storiche\"\n               data-description=\"Piazza San Carlo, ritrovo di vetture storiche\"\n               data-image-slug=\"pla_7799-2\"\n               class=\"ngg-fancybox\" rel=\"daf3e5f7b67d779a73140e0ad1e4536d\">\n                <img\n                    title=\"Piazza San Carlo, ritrovo di vetture storiche\"\n                    alt=\"Piazza San Carlo, ritrovo di vetture storiche\"\n                    src=\"http:\/\/www.spaziotorino.it\/scatto\/wp-content\/gallery\/2023_07_19_mautosfi\/cache\/PLA_7799.jpg-nggid0530002-ngg0dyn-60x60x100-00f0w010c011r110f110r010t010.jpg\"\n                    width=\"60\"\n                    height=\"60\"\n                    style=\"max-width:100%;\"\n                \/>\n            <\/a>\n        <\/div>\n\t\t\t\t\t\t\t<\/div> \n\t\t\t\n        \n\t\t\t\t<div id=\"ngg-image-22\" class=\"ngg-gallery-thumbnail-box\" >\n\t\t\t\t        <div class=\"ngg-gallery-thumbnail\">\n            <a href=\"http:\/\/www.spaziotorino.it\/scatto\/wp-content\/gallery\/2023_07_19_mautosfi\/PLA_7828.jpg\"\n               title=\"La parata di vetture d\u2019epoca in viale dei Partigiani\"\n               data-src=\"http:\/\/www.spaziotorino.it\/scatto\/wp-content\/gallery\/2023_07_19_mautosfi\/PLA_7828.jpg\"\n               data-thumbnail=\"http:\/\/www.spaziotorino.it\/scatto\/wp-content\/gallery\/2023_07_19_mautosfi\/thumbs\/thumbs_PLA_7828.jpg\"\n               data-image-id=\"30003\"\n               data-title=\"La parata di vetture d\u2019epoca in viale dei Partigiani\"\n               data-description=\"La parata di vetture d\u2019epoca in viale dei Partigiani\"\n               data-image-slug=\"pla_7828-2\"\n               class=\"ngg-fancybox\" rel=\"daf3e5f7b67d779a73140e0ad1e4536d\">\n                <img\n                    title=\"La parata di vetture d\u2019epoca in viale dei Partigiani\"\n                    alt=\"La parata di vetture d\u2019epoca in viale dei Partigiani\"\n                    src=\"http:\/\/www.spaziotorino.it\/scatto\/wp-content\/gallery\/2023_07_19_mautosfi\/cache\/PLA_7828.jpg-nggid0530003-ngg0dyn-60x60x100-00f0w010c011r110f110r010t010.jpg\"\n                    width=\"60\"\n                    height=\"60\"\n                    style=\"max-width:100%;\"\n                \/>\n            <\/a>\n        <\/div>\n\t\t\t\t\t\t\t<\/div> \n\t\t\t\n        \n\t\t\t\t<div id=\"ngg-image-23\" class=\"ngg-gallery-thumbnail-box\" >\n\t\t\t\t        <div class=\"ngg-gallery-thumbnail\">\n            <a href=\"http:\/\/www.spaziotorino.it\/scatto\/wp-content\/gallery\/2023_07_19_mautosfi\/PLA_7841.jpg\"\n               title=\"La parata di vetture d\u2019epoca in viale dei Partigiani\"\n               data-src=\"http:\/\/www.spaziotorino.it\/scatto\/wp-content\/gallery\/2023_07_19_mautosfi\/PLA_7841.jpg\"\n               data-thumbnail=\"http:\/\/www.spaziotorino.it\/scatto\/wp-content\/gallery\/2023_07_19_mautosfi\/thumbs\/thumbs_PLA_7841.jpg\"\n               data-image-id=\"30004\"\n               data-title=\"La parata di vetture d\u2019epoca in viale dei Partigiani\"\n               data-description=\"La parata di vetture d\u2019epoca in viale dei Partigiani\"\n               data-image-slug=\"pla_7841-1\"\n               class=\"ngg-fancybox\" rel=\"daf3e5f7b67d779a73140e0ad1e4536d\">\n                <img\n                    title=\"La parata di vetture d\u2019epoca in viale dei Partigiani\"\n                    alt=\"La parata di vetture d\u2019epoca in viale dei Partigiani\"\n                    src=\"http:\/\/www.spaziotorino.it\/scatto\/wp-content\/gallery\/2023_07_19_mautosfi\/cache\/PLA_7841.jpg-nggid0530004-ngg0dyn-60x60x100-00f0w010c011r110f110r010t010.jpg\"\n                    width=\"60\"\n                    height=\"60\"\n                    style=\"max-width:100%;\"\n                \/>\n            <\/a>\n        <\/div>\n\t\t\t\t\t\t\t<\/div> \n\t\t\t\n        \n\t\t\t\t<div id=\"ngg-image-24\" class=\"ngg-gallery-thumbnail-box\" >\n\t\t\t\t        <div class=\"ngg-gallery-thumbnail\">\n            <a href=\"http:\/\/www.spaziotorino.it\/scatto\/wp-content\/gallery\/2023_07_19_mautosfi\/PLA_7847.jpg\"\n               title=\"La parata di vetture d\u2019epoca in viale dei Partigiani\"\n               data-src=\"http:\/\/www.spaziotorino.it\/scatto\/wp-content\/gallery\/2023_07_19_mautosfi\/PLA_7847.jpg\"\n               data-thumbnail=\"http:\/\/www.spaziotorino.it\/scatto\/wp-content\/gallery\/2023_07_19_mautosfi\/thumbs\/thumbs_PLA_7847.jpg\"\n               data-image-id=\"30005\"\n               data-title=\"La parata di vetture d\u2019epoca in viale dei Partigiani\"\n               data-description=\"La parata di vetture d\u2019epoca in viale dei Partigiani\"\n               data-image-slug=\"pla_7847\"\n               class=\"ngg-fancybox\" rel=\"daf3e5f7b67d779a73140e0ad1e4536d\">\n                <img\n                    title=\"La parata di vetture d\u2019epoca in viale dei Partigiani\"\n                    alt=\"La parata di vetture d\u2019epoca in viale dei Partigiani\"\n                    src=\"http:\/\/www.spaziotorino.it\/scatto\/wp-content\/gallery\/2023_07_19_mautosfi\/cache\/PLA_7847.jpg-nggid0530005-ngg0dyn-60x60x100-00f0w010c011r110f110r010t010.jpg\"\n                    width=\"60\"\n                    height=\"60\"\n                    style=\"max-width:100%;\"\n                \/>\n            <\/a>\n        <\/div>\n\t\t\t\t\t\t\t<\/div> \n\t\t\t\n        \n\t\t\t\t<div id=\"ngg-image-25\" class=\"ngg-gallery-thumbnail-box\" >\n\t\t\t\t        <div class=\"ngg-gallery-thumbnail\">\n            <a href=\"http:\/\/www.spaziotorino.it\/scatto\/wp-content\/gallery\/2023_07_19_mautosfi\/PLA_7850.jpg\"\n               title=\"La parata di vetture d\u2019epoca in viale dei Partigiani\"\n               data-src=\"http:\/\/www.spaziotorino.it\/scatto\/wp-content\/gallery\/2023_07_19_mautosfi\/PLA_7850.jpg\"\n               data-thumbnail=\"http:\/\/www.spaziotorino.it\/scatto\/wp-content\/gallery\/2023_07_19_mautosfi\/thumbs\/thumbs_PLA_7850.jpg\"\n               data-image-id=\"30006\"\n               data-title=\"La parata di vetture d\u2019epoca in viale dei Partigiani\"\n               data-description=\"La parata di vetture d\u2019epoca in viale dei Partigiani\"\n               data-image-slug=\"pla_7850\"\n               class=\"ngg-fancybox\" rel=\"daf3e5f7b67d779a73140e0ad1e4536d\">\n                <img\n                    title=\"La parata di vetture d\u2019epoca in viale dei Partigiani\"\n                    alt=\"La parata di vetture d\u2019epoca in viale dei Partigiani\"\n                    src=\"http:\/\/www.spaziotorino.it\/scatto\/wp-content\/gallery\/2023_07_19_mautosfi\/cache\/PLA_7850.jpg-nggid0530006-ngg0dyn-60x60x100-00f0w010c011r110f110r010t010.jpg\"\n                    width=\"60\"\n                    height=\"60\"\n                    style=\"max-width:100%;\"\n                \/>\n            <\/a>\n        <\/div>\n\t\t\t\t\t\t\t<\/div> \n\t\t\t\n        \n\t\t\t\t<div id=\"ngg-image-26\" class=\"ngg-gallery-thumbnail-box\" >\n\t\t\t\t        <div class=\"ngg-gallery-thumbnail\">\n            <a href=\"http:\/\/www.spaziotorino.it\/scatto\/wp-content\/gallery\/2023_07_19_mautosfi\/PLA_7849.jpg\"\n               title=\"La parata di vetture d\u2019epoca in viale dei Partigiani\"\n               data-src=\"http:\/\/www.spaziotorino.it\/scatto\/wp-content\/gallery\/2023_07_19_mautosfi\/PLA_7849.jpg\"\n               data-thumbnail=\"http:\/\/www.spaziotorino.it\/scatto\/wp-content\/gallery\/2023_07_19_mautosfi\/thumbs\/thumbs_PLA_7849.jpg\"\n               data-image-id=\"30007\"\n               data-title=\"La parata di vetture d\u2019epoca in viale dei Partigiani\"\n               data-description=\"La parata di vetture d\u2019epoca in viale dei Partigiani\"\n               data-image-slug=\"pla_7849-1\"\n               class=\"ngg-fancybox\" rel=\"daf3e5f7b67d779a73140e0ad1e4536d\">\n                <img\n                    title=\"La parata di vetture d\u2019epoca in viale dei Partigiani\"\n                    alt=\"La parata di vetture d\u2019epoca in viale dei Partigiani\"\n                    src=\"http:\/\/www.spaziotorino.it\/scatto\/wp-content\/gallery\/2023_07_19_mautosfi\/cache\/PLA_7849.jpg-nggid0530007-ngg0dyn-60x60x100-00f0w010c011r110f110r010t010.jpg\"\n                    width=\"60\"\n                    height=\"60\"\n                    style=\"max-width:100%;\"\n                \/>\n            <\/a>\n        <\/div>\n\t\t\t\t\t\t\t<\/div> \n\t\t\t\n        \n\t\t\t\t<div id=\"ngg-image-27\" class=\"ngg-gallery-thumbnail-box\" >\n\t\t\t\t        <div class=\"ngg-gallery-thumbnail\">\n            <a href=\"http:\/\/www.spaziotorino.it\/scatto\/wp-content\/gallery\/2023_07_19_mautosfi\/PLA_7856.jpg\"\n               title=\"La parata di vetture d\u2019epoca in viale dei Partigiani\"\n               data-src=\"http:\/\/www.spaziotorino.it\/scatto\/wp-content\/gallery\/2023_07_19_mautosfi\/PLA_7856.jpg\"\n               data-thumbnail=\"http:\/\/www.spaziotorino.it\/scatto\/wp-content\/gallery\/2023_07_19_mautosfi\/thumbs\/thumbs_PLA_7856.jpg\"\n               data-image-id=\"30008\"\n               data-title=\"La parata di vetture d\u2019epoca in viale dei Partigiani\"\n               data-description=\"La parata di vetture d\u2019epoca in viale dei Partigiani\"\n               data-image-slug=\"pla_7856\"\n               class=\"ngg-fancybox\" rel=\"daf3e5f7b67d779a73140e0ad1e4536d\">\n                <img\n                    title=\"La parata di vetture d\u2019epoca in viale dei Partigiani\"\n                    alt=\"La parata di vetture d\u2019epoca in viale dei Partigiani\"\n                    src=\"http:\/\/www.spaziotorino.it\/scatto\/wp-content\/gallery\/2023_07_19_mautosfi\/cache\/PLA_7856.jpg-nggid0530008-ngg0dyn-60x60x100-00f0w010c011r110f110r010t010.jpg\"\n                    width=\"60\"\n                    height=\"60\"\n                    style=\"max-width:100%;\"\n                \/>\n            <\/a>\n        <\/div>\n\t\t\t\t\t\t\t<\/div> \n\t\t\t\n        \n\t\t\t\t<div id=\"ngg-image-28\" class=\"ngg-gallery-thumbnail-box\" >\n\t\t\t\t        <div class=\"ngg-gallery-thumbnail\">\n            <a href=\"http:\/\/www.spaziotorino.it\/scatto\/wp-content\/gallery\/2023_07_19_mautosfi\/PLA_7860.jpg\"\n               title=\"La parata di vetture d\u2019epoca in viale dei Partigiani\"\n               data-src=\"http:\/\/www.spaziotorino.it\/scatto\/wp-content\/gallery\/2023_07_19_mautosfi\/PLA_7860.jpg\"\n               data-thumbnail=\"http:\/\/www.spaziotorino.it\/scatto\/wp-content\/gallery\/2023_07_19_mautosfi\/thumbs\/thumbs_PLA_7860.jpg\"\n               data-image-id=\"30009\"\n               data-title=\"La parata di vetture d\u2019epoca in viale dei Partigiani\"\n               data-description=\"La parata di vetture d\u2019epoca in viale dei Partigiani\"\n               data-image-slug=\"pla_7860\"\n               class=\"ngg-fancybox\" rel=\"daf3e5f7b67d779a73140e0ad1e4536d\">\n                <img\n                    title=\"La parata di vetture d\u2019epoca in viale dei Partigiani\"\n                    alt=\"La parata di vetture d\u2019epoca in viale dei Partigiani\"\n                    src=\"http:\/\/www.spaziotorino.it\/scatto\/wp-content\/gallery\/2023_07_19_mautosfi\/cache\/PLA_7860.jpg-nggid0530009-ngg0dyn-60x60x100-00f0w010c011r110f110r010t010.jpg\"\n                    width=\"60\"\n                    height=\"60\"\n                    style=\"max-width:100%;\"\n                \/>\n            <\/a>\n        <\/div>\n\t\t\t\t\t\t\t<\/div> \n\t\t\t\n        \n\t\t\t\t<div id=\"ngg-image-29\" class=\"ngg-gallery-thumbnail-box\" >\n\t\t\t\t        <div class=\"ngg-gallery-thumbnail\">\n            <a href=\"http:\/\/www.spaziotorino.it\/scatto\/wp-content\/gallery\/2023_07_19_mautosfi\/PLA_7863.jpg\"\n               title=\"La parata di vetture d\u2019epoca in viale dei Partigiani\"\n               data-src=\"http:\/\/www.spaziotorino.it\/scatto\/wp-content\/gallery\/2023_07_19_mautosfi\/PLA_7863.jpg\"\n               data-thumbnail=\"http:\/\/www.spaziotorino.it\/scatto\/wp-content\/gallery\/2023_07_19_mautosfi\/thumbs\/thumbs_PLA_7863.jpg\"\n               data-image-id=\"30010\"\n               data-title=\"La parata di vetture d\u2019epoca in viale dei Partigiani\"\n               data-description=\"La parata di vetture d\u2019epoca in viale dei Partigiani\"\n               data-image-slug=\"pla_7863\"\n               class=\"ngg-fancybox\" rel=\"daf3e5f7b67d779a73140e0ad1e4536d\">\n                <img\n                    title=\"La parata di vetture d\u2019epoca in viale dei Partigiani\"\n                    alt=\"La parata di vetture d\u2019epoca in viale dei Partigiani\"\n                    src=\"http:\/\/www.spaziotorino.it\/scatto\/wp-content\/gallery\/2023_07_19_mautosfi\/cache\/PLA_7863.jpg-nggid0530010-ngg0dyn-60x60x100-00f0w010c011r110f110r010t010.jpg\"\n                    width=\"60\"\n                    height=\"60\"\n                    style=\"max-width:100%;\"\n                \/>\n            <\/a>\n        <\/div>\n\t\t\t\t\t\t\t<\/div> \n\t\t\t\n        \n\t\t\t\t<div id=\"ngg-image-30\" class=\"ngg-gallery-thumbnail-box\" >\n\t\t\t\t        <div class=\"ngg-gallery-thumbnail\">\n            <a href=\"http:\/\/www.spaziotorino.it\/scatto\/wp-content\/gallery\/2023_07_19_mautosfi\/PLA_7872.jpg\"\n               title=\"La parata di vetture d\u2019epoca in viale dei Partigiani\"\n               data-src=\"http:\/\/www.spaziotorino.it\/scatto\/wp-content\/gallery\/2023_07_19_mautosfi\/PLA_7872.jpg\"\n               data-thumbnail=\"http:\/\/www.spaziotorino.it\/scatto\/wp-content\/gallery\/2023_07_19_mautosfi\/thumbs\/thumbs_PLA_7872.jpg\"\n               data-image-id=\"30011\"\n               data-title=\"La parata di vetture d\u2019epoca in viale dei Partigiani\"\n               data-description=\"La parata di vetture d\u2019epoca in viale dei Partigiani\"\n               data-image-slug=\"pla_7872\"\n               class=\"ngg-fancybox\" rel=\"daf3e5f7b67d779a73140e0ad1e4536d\">\n                <img\n                    title=\"La parata di vetture d\u2019epoca in viale dei Partigiani\"\n                    alt=\"La parata di vetture d\u2019epoca in viale dei Partigiani\"\n                    src=\"http:\/\/www.spaziotorino.it\/scatto\/wp-content\/gallery\/2023_07_19_mautosfi\/cache\/PLA_7872.jpg-nggid0530011-ngg0dyn-60x60x100-00f0w010c011r110f110r010t010.jpg\"\n                    width=\"60\"\n                    height=\"60\"\n                    style=\"max-width:100%;\"\n                \/>\n            <\/a>\n        <\/div>\n\t\t\t\t\t\t\t<\/div> \n\t\t\t\n        \n\t\t\t\t<div id=\"ngg-image-31\" class=\"ngg-gallery-thumbnail-box\" >\n\t\t\t\t        <div class=\"ngg-gallery-thumbnail\">\n            <a href=\"http:\/\/www.spaziotorino.it\/scatto\/wp-content\/gallery\/2023_07_19_mautosfi\/PLA_7875.jpg\"\n               title=\"La parata di vetture d\u2019epoca in viale dei Partigiani\"\n               data-src=\"http:\/\/www.spaziotorino.it\/scatto\/wp-content\/gallery\/2023_07_19_mautosfi\/PLA_7875.jpg\"\n               data-thumbnail=\"http:\/\/www.spaziotorino.it\/scatto\/wp-content\/gallery\/2023_07_19_mautosfi\/thumbs\/thumbs_PLA_7875.jpg\"\n               data-image-id=\"30012\"\n               data-title=\"La parata di vetture d\u2019epoca in viale dei Partigiani\"\n               data-description=\"La parata di vetture d\u2019epoca in viale dei Partigiani\"\n               data-image-slug=\"pla_7875-1\"\n               class=\"ngg-fancybox\" rel=\"daf3e5f7b67d779a73140e0ad1e4536d\">\n                <img\n                    title=\"La parata di vetture d\u2019epoca in viale dei Partigiani\"\n                    alt=\"La parata di vetture d\u2019epoca in viale dei Partigiani\"\n                    src=\"http:\/\/www.spaziotorino.it\/scatto\/wp-content\/gallery\/2023_07_19_mautosfi\/cache\/PLA_7875.jpg-nggid0530012-ngg0dyn-60x60x100-00f0w010c011r110f110r010t010.jpg\"\n                    width=\"60\"\n                    height=\"60\"\n                    style=\"max-width:100%;\"\n                \/>\n            <\/a>\n        <\/div>\n\t\t\t\t\t\t\t<\/div> \n\t\t\t\n        \n\t\t\n\t\t<!-- Pagination -->\n\t<div class='ngg-clear'><\/div>\t<\/div>\n\n<p>Il Museo nazionale dell\u2019automobile di Torino festeggia oggi i suoi 90 anni con una \u201cMillemiglia delle idee\u201d \u2013 una serie di incontri e talk sulla storia e sul futuro dell\u2019automobile -, una parata di auto storiche e un concerto dei giovani del Regio Ensemble. Per l\u2019occasione Il Presidente Benedetto Camerana ha invitato i rappresentanti delle istituzioni e delle realt\u00e0 culturali coinvolte nei festeggiamenti e ha annunciato la nuova direttrice Lorenza Bravetta.<span id=\"more-113312\"><\/span><\/p>\n<p>Per la Citt\u00e0 di Torino ha partecipato la Vicesindaca Michela Favaro. \u201cLa storia del Museo dell\u2019automobile si intreccia profondamente con quella di Torino e contribuisce a renderla la capitale mondiale dell\u2019auto\u201d ha dichiarato. \u201cAnche Torino sta correndo la sua millemiglia \u2013 ha aggiunto \u2013 Nei prossimi anni la vedremo cambiare e diventare pi\u00f9 bella, pi\u00f9 efficiente e pi\u00f9 attrattiva sia per il turismo sia per le aziende, grazie a un investimento sul territorio di 4 miliardi di euro\u201d.<\/p>\n<p>Ai saluti istituzionali era presente anche il presidente della Regione Piemonte Alberto Cirio, che ha ricordato il ruolo di capofila del Piemonte nell\u2019accordo tra governo, Stellantis e regioni che ospitano l\u2019industria dell\u2019automobile e ha auspicato il ritorno di Torino a centro di progettazione e di produzione delle auto. \u00c8 stata poi la volta del Presidente del MAUTO Benedetto Camerana, che ha ripercorso la storia del museo dalla prima esposizione di vetture storiche del 19 luglio 1933 a oggi, passando per l\u2019importante ristrutturazione della sede su progetto di Cino Zucchi, e ha annunciato la nomina di Lorenza Bravetta a nuova direttrice del museo, dopo la prematura scomparsa di Mariella Mengozzi lo scorso maggio.<\/p>\n<p>Ex direttrice di Camera e di Magnum Photos per l\u2019Europa continentale, la neo direttrice era gi\u00e0 in forze al Museo dell\u2019auto come responsabile delle iniziative culturali. \u201cLa nomina di Lorenza Bravetta \u2013 dichiara Camerana \u2013 rappresenta appieno l\u2019intenzione del MAUTO di allargare i propri orizzonti, aprendosi al confronto con il mondo del cinema e dell\u2019arte, anche per attrarre nuovo pubblico e nuovi sponsor.\u201d<\/p>\n","protected":false},"excerpt":{"rendered":"<p>Il Museo nazionale dell\u2019automobile di Torino festeggia oggi i suoi 90 anni con una \u201cMillemiglia delle idee\u201d \u2013 una serie di incontri e talk sulla storia e sul futuro dell\u2019automobile -, una parata di auto storiche e un concerto dei giovani del Regio Ensemble. Per l\u2019occasione Il Presidente Benedetto Camerana ha invitato i rappresentanti delle [&hellip;]<\/p>\n","protected":false},"author":1,"featured_media":0,"comment_status":"closed","ping_status":"open","sticky":false,"template":"","format":"standard","meta":{"ngg_post_thumbnail":0},"categories":[133,1],"tags":[],"_links":{"self":[{"href":"http:\/\/www.spaziotorino.it\/scatto\/index.php?rest_route=\/wp\/v2\/posts\/46585"}],"collection":[{"href":"http:\/\/www.spaziotorino.it\/scatto\/index.php?rest_route=\/wp\/v2\/posts"}],"about":[{"href":"http:\/\/www.spaziotorino.it\/scatto\/index.php?rest_route=\/wp\/v2\/types\/post"}],"author":[{"embeddable":true,"href":"http:\/\/www.spaziotorino.it\/scatto\/index.php?rest_route=\/wp\/v2\/users\/1"}],"replies":[{"embeddable":true,"href":"http:\/\/www.spaziotorino.it\/scatto\/index.php?rest_route=%2Fwp%2Fv2%2Fcomments&post=46585"}],"version-history":[{"count":1,"href":"http:\/\/www.spaziotorino.it\/scatto\/index.php?rest_route=\/wp\/v2\/posts\/46585\/revisions"}],"predecessor-version":[{"id":46587,"href":"http:\/\/www.spaziotorino.it\/scatto\/index.php?rest_route=\/wp\/v2\/posts\/46585\/revisions\/46587"}],"wp:attachment":[{"href":"http:\/\/www.spaziotorino.it\/scatto\/index.php?rest_route=%2Fwp%2Fv2%2Fmedia&parent=46585"}],"wp:term":[{"taxonomy":"category","embeddable":true,"href":"http:\/\/www.spaziotorino.it\/scatto\/index.php?rest_route=%2Fwp%2Fv2%2Fcategories&post=46585"},{"taxonomy":"post_tag","embeddable":true,"href":"http:\/\/www.spaziotorino.it\/scatto\/index.php?rest_route=%2Fwp%2Fv2%2Ftags&post=46585"}],"curies":[{"name":"wp","href":"https:\/\/api.w.org\/{rel}","templated":true}]}}