{"id":46599,"date":"2023-08-21T15:30:27","date_gmt":"2023-08-21T14:30:27","guid":{"rendered":"http:\/\/www.spaziotorino.it\/scatto\/?p=46599"},"modified":"2023-08-23T12:39:36","modified_gmt":"2023-08-23T11:39:36","slug":"al-pala-gianni-asti-le-stelle-della-pallavolo-gli-europei-fanno-tappa-a-torino","status":"publish","type":"post","link":"http:\/\/www.spaziotorino.it\/scatto\/?p=46599","title":{"rendered":"Al Pala Gianni Asti le stelle della pallavolo. Gli Europei fanno tappa a Torino"},"content":{"rendered":"<p><a class=\"ngg-fancybox\" title=\"Al Pala Gianni Asti le stelle della pallavolo. Gli Europei fanno tappa a Torino\" href=\"http:\/\/www.spaziotorino.it\/scatto\/wp-content\/gallery\/2023_08_21_cev\/PLA_8176.jpg\" rel=\"lightbox[set_1997]\"><br \/>\n<img decoding=\"async\" loading=\"lazy\" class=\"ngg-singlepic\" title=\"Al Pala Gianni Asti le stelle della pallavolo. Gli Europei fanno tappa a Torino\" src=\"http:\/\/www.spaziotorino.it\/scatto\/wp-content\/gallery\/2023_08_21_cev\/PLA_8176.jpg\" alt=\"\" width=\"540\" height=\"360\"\/><\/a><\/p>\n<!-- index.php -->\n<div\n\tclass=\"ngg-galleryoverview ngg-ajax-pagination-none\"\n\tid=\"ngg-gallery-eb5eddb71c447c0758d3778aa7cbec4f-1\">\n\n    \t\t<!-- Thumbnails -->\n\t\t\t\t<div id=\"ngg-image-0\" class=\"ngg-gallery-thumbnail-box\" >\n\t\t\t\t        <div class=\"ngg-gallery-thumbnail\">\n            <a href=\"http:\/\/www.spaziotorino.it\/scatto\/wp-content\/gallery\/2023_08_21_cev\/PLA_8181.jpg\"\n               title=\"La Mole Antonelliana con il logo campionati europei femminili di pallavolo CEV Eurovolley\"\n               data-src=\"http:\/\/www.spaziotorino.it\/scatto\/wp-content\/gallery\/2023_08_21_cev\/PLA_8181.jpg\"\n               data-thumbnail=\"http:\/\/www.spaziotorino.it\/scatto\/wp-content\/gallery\/2023_08_21_cev\/thumbs\/thumbs_PLA_8181.jpg\"\n               data-image-id=\"30019\"\n               data-title=\"La Mole Antonelliana con il logo campionati europei femminili di pallavolo CEV Eurovolley\"\n               data-description=\"La Mole Antonelliana con il logo campionati europei femminili di pallavolo CEV Eurovolley\"\n               data-image-slug=\"pla_8181-3\"\n               class=\"ngg-fancybox\" rel=\"eb5eddb71c447c0758d3778aa7cbec4f\">\n                <img\n                    title=\"La Mole Antonelliana con il logo campionati europei femminili di pallavolo CEV Eurovolley\"\n                    alt=\"La Mole Antonelliana con il logo campionati europei femminili di pallavolo CEV Eurovolley\"\n                    src=\"http:\/\/www.spaziotorino.it\/scatto\/wp-content\/gallery\/2023_08_21_cev\/cache\/PLA_8181.jpg-nggid0530019-ngg0dyn-60x60x100-00f0w010c011r110f110r010t010.jpg\"\n                    width=\"60\"\n                    height=\"60\"\n                    style=\"max-width:100%;\"\n                \/>\n            <\/a>\n        <\/div>\n\t\t\t\t\t\t\t<\/div> \n\t\t\t\n        \n\t\t\t\t<div id=\"ngg-image-1\" class=\"ngg-gallery-thumbnail-box\" >\n\t\t\t\t        <div class=\"ngg-gallery-thumbnail\">\n            <a href=\"http:\/\/www.spaziotorino.it\/scatto\/wp-content\/gallery\/2023_08_21_cev\/PLA_8039.jpg\"\n               title=\"Al Pala Gianni Asti le stelle della pallavolo. Gli Europei fanno tappa a Torino\"\n               data-src=\"http:\/\/www.spaziotorino.it\/scatto\/wp-content\/gallery\/2023_08_21_cev\/PLA_8039.jpg\"\n               data-thumbnail=\"http:\/\/www.spaziotorino.it\/scatto\/wp-content\/gallery\/2023_08_21_cev\/thumbs\/thumbs_PLA_8039.jpg\"\n               data-image-id=\"30015\"\n               data-title=\"Al Pala Gianni Asti le stelle della pallavolo. Gli Europei fanno tappa a Torino\"\n               data-description=\"Al Pala Gianni Asti le stelle della pallavolo. Gli Europei fanno tappa a Torino\"\n               data-image-slug=\"pla_8039-1\"\n               class=\"ngg-fancybox\" rel=\"eb5eddb71c447c0758d3778aa7cbec4f\">\n                <img\n                    title=\"Al Pala Gianni Asti le stelle della pallavolo. Gli Europei fanno tappa a Torino\"\n                    alt=\"Al Pala Gianni Asti le stelle della pallavolo. Gli Europei fanno tappa a Torino\"\n                    src=\"http:\/\/www.spaziotorino.it\/scatto\/wp-content\/gallery\/2023_08_21_cev\/cache\/PLA_8039.jpg-nggid0530015-ngg0dyn-60x60x100-00f0w010c011r110f110r010t010.jpg\"\n                    width=\"60\"\n                    height=\"60\"\n                    style=\"max-width:100%;\"\n                \/>\n            <\/a>\n        <\/div>\n\t\t\t\t\t\t\t<\/div> \n\t\t\t\n        \n\t\t\t\t<div id=\"ngg-image-2\" class=\"ngg-gallery-thumbnail-box\" >\n\t\t\t\t        <div class=\"ngg-gallery-thumbnail\">\n            <a href=\"http:\/\/www.spaziotorino.it\/scatto\/wp-content\/gallery\/2023_08_21_cev\/PLA_8046.jpg\"\n               title=\"Al Pala Gianni Asti le stelle della pallavolo. Gli Europei fanno tappa a Torino\"\n               data-src=\"http:\/\/www.spaziotorino.it\/scatto\/wp-content\/gallery\/2023_08_21_cev\/PLA_8046.jpg\"\n               data-thumbnail=\"http:\/\/www.spaziotorino.it\/scatto\/wp-content\/gallery\/2023_08_21_cev\/thumbs\/thumbs_PLA_8046.jpg\"\n               data-image-id=\"30018\"\n               data-title=\"Al Pala Gianni Asti le stelle della pallavolo. Gli Europei fanno tappa a Torino\"\n               data-description=\"Al Pala Gianni Asti le stelle della pallavolo. Gli Europei fanno tappa a Torino\"\n               data-image-slug=\"pla_8046\"\n               class=\"ngg-fancybox\" rel=\"eb5eddb71c447c0758d3778aa7cbec4f\">\n                <img\n                    title=\"Al Pala Gianni Asti le stelle della pallavolo. Gli Europei fanno tappa a Torino\"\n                    alt=\"Al Pala Gianni Asti le stelle della pallavolo. Gli Europei fanno tappa a Torino\"\n                    src=\"http:\/\/www.spaziotorino.it\/scatto\/wp-content\/gallery\/2023_08_21_cev\/cache\/PLA_8046.jpg-nggid0530018-ngg0dyn-60x60x100-00f0w010c011r110f110r010t010.jpg\"\n                    width=\"60\"\n                    height=\"60\"\n                    style=\"max-width:100%;\"\n                \/>\n            <\/a>\n        <\/div>\n\t\t\t\t\t\t\t<\/div> \n\t\t\t\n        \n\t\t\t\t<div id=\"ngg-image-3\" class=\"ngg-gallery-thumbnail-box\" >\n\t\t\t\t        <div class=\"ngg-gallery-thumbnail\">\n            <a href=\"http:\/\/www.spaziotorino.it\/scatto\/wp-content\/gallery\/2023_08_21_cev\/PLA_8054.jpg\"\n               title=\"Al Pala Gianni Asti le stelle della pallavolo. Gli Europei fanno tappa a Torino\"\n               data-src=\"http:\/\/www.spaziotorino.it\/scatto\/wp-content\/gallery\/2023_08_21_cev\/PLA_8054.jpg\"\n               data-thumbnail=\"http:\/\/www.spaziotorino.it\/scatto\/wp-content\/gallery\/2023_08_21_cev\/thumbs\/thumbs_PLA_8054.jpg\"\n               data-image-id=\"30016\"\n               data-title=\"Al Pala Gianni Asti le stelle della pallavolo. Gli Europei fanno tappa a Torino\"\n               data-description=\"Al Pala Gianni Asti le stelle della pallavolo. Gli Europei fanno tappa a Torino\"\n               data-image-slug=\"pla_8054\"\n               class=\"ngg-fancybox\" rel=\"eb5eddb71c447c0758d3778aa7cbec4f\">\n                <img\n                    title=\"Al Pala Gianni Asti le stelle della pallavolo. Gli Europei fanno tappa a Torino\"\n                    alt=\"Al Pala Gianni Asti le stelle della pallavolo. Gli Europei fanno tappa a Torino\"\n                    src=\"http:\/\/www.spaziotorino.it\/scatto\/wp-content\/gallery\/2023_08_21_cev\/cache\/PLA_8054.jpg-nggid0530016-ngg0dyn-60x60x100-00f0w010c011r110f110r010t010.jpg\"\n                    width=\"60\"\n                    height=\"60\"\n                    style=\"max-width:100%;\"\n                \/>\n            <\/a>\n        <\/div>\n\t\t\t\t\t\t\t<\/div> \n\t\t\t\n        \n\t\t\t\t<div id=\"ngg-image-4\" class=\"ngg-gallery-thumbnail-box\" >\n\t\t\t\t        <div class=\"ngg-gallery-thumbnail\">\n            <a href=\"http:\/\/www.spaziotorino.it\/scatto\/wp-content\/gallery\/2023_08_21_cev\/PLA_8068.jpg\"\n               title=\"Myriam Fatime Sylla e il coach Davide Mazzanti\"\n               data-src=\"http:\/\/www.spaziotorino.it\/scatto\/wp-content\/gallery\/2023_08_21_cev\/PLA_8068.jpg\"\n               data-thumbnail=\"http:\/\/www.spaziotorino.it\/scatto\/wp-content\/gallery\/2023_08_21_cev\/thumbs\/thumbs_PLA_8068.jpg\"\n               data-image-id=\"30017\"\n               data-title=\"Myriam Fatime Sylla e il coach Davide Mazzanti\"\n               data-description=\"Myriam Fatime Sylla e il coach Davide Mazzanti\"\n               data-image-slug=\"pla_8068-1\"\n               class=\"ngg-fancybox\" rel=\"eb5eddb71c447c0758d3778aa7cbec4f\">\n                <img\n                    title=\"Myriam Fatime Sylla e il coach Davide Mazzanti\"\n                    alt=\"Myriam Fatime Sylla e il coach Davide Mazzanti\"\n                    src=\"http:\/\/www.spaziotorino.it\/scatto\/wp-content\/gallery\/2023_08_21_cev\/cache\/PLA_8068.jpg-nggid0530017-ngg0dyn-60x60x100-00f0w010c011r110f110r010t010.jpg\"\n                    width=\"60\"\n                    height=\"60\"\n                    style=\"max-width:100%;\"\n                \/>\n            <\/a>\n        <\/div>\n\t\t\t\t\t\t\t<\/div> \n\t\t\t\n        \n\t\t\t\t<div id=\"ngg-image-5\" class=\"ngg-gallery-thumbnail-box\" >\n\t\t\t\t        <div class=\"ngg-gallery-thumbnail\">\n            <a href=\"http:\/\/www.spaziotorino.it\/scatto\/wp-content\/gallery\/2023_08_21_cev\/PLA_8079.jpg\"\n               title=\"Myriam Fatime Sylla, capitana della Nazionale Italiana di Volley\"\n               data-src=\"http:\/\/www.spaziotorino.it\/scatto\/wp-content\/gallery\/2023_08_21_cev\/PLA_8079.jpg\"\n               data-thumbnail=\"http:\/\/www.spaziotorino.it\/scatto\/wp-content\/gallery\/2023_08_21_cev\/thumbs\/thumbs_PLA_8079.jpg\"\n               data-image-id=\"30013\"\n               data-title=\"Myriam Fatime Sylla, capitana della Nazionale Italiana di Volley\"\n               data-description=\"Myriam Fatime Sylla, capitana della Nazionale Italiana di Volley\"\n               data-image-slug=\"pla_8079-1\"\n               class=\"ngg-fancybox\" rel=\"eb5eddb71c447c0758d3778aa7cbec4f\">\n                <img\n                    title=\"Myriam Fatime Sylla, capitana della Nazionale Italiana di Volley\"\n                    alt=\"Myriam Fatime Sylla, capitana della Nazionale Italiana di Volley\"\n                    src=\"http:\/\/www.spaziotorino.it\/scatto\/wp-content\/gallery\/2023_08_21_cev\/cache\/PLA_8079.jpg-nggid0530013-ngg0dyn-60x60x100-00f0w010c011r110f110r010t010.jpg\"\n                    width=\"60\"\n                    height=\"60\"\n                    style=\"max-width:100%;\"\n                \/>\n            <\/a>\n        <\/div>\n\t\t\t\t\t\t\t<\/div> \n\t\t\t\n        \n\t\t\t\t<div id=\"ngg-image-6\" class=\"ngg-gallery-thumbnail-box\" >\n\t\t\t\t        <div class=\"ngg-gallery-thumbnail\">\n            <a href=\"http:\/\/www.spaziotorino.it\/scatto\/wp-content\/gallery\/2023_08_21_cev\/PLA_8091.jpg\"\n               title=\"Myriam Fatime Sylla, capitana della Nazionale Italiana di Volley\"\n               data-src=\"http:\/\/www.spaziotorino.it\/scatto\/wp-content\/gallery\/2023_08_21_cev\/PLA_8091.jpg\"\n               data-thumbnail=\"http:\/\/www.spaziotorino.it\/scatto\/wp-content\/gallery\/2023_08_21_cev\/thumbs\/thumbs_PLA_8091.jpg\"\n               data-image-id=\"30014\"\n               data-title=\"Myriam Fatime Sylla, capitana della Nazionale Italiana di Volley\"\n               data-description=\"Myriam Fatime Sylla, capitana della Nazionale Italiana di Volley\"\n               data-image-slug=\"pla_8091-2\"\n               class=\"ngg-fancybox\" rel=\"eb5eddb71c447c0758d3778aa7cbec4f\">\n                <img\n                    title=\"Myriam Fatime Sylla, capitana della Nazionale Italiana di Volley\"\n                    alt=\"Myriam Fatime Sylla, capitana della Nazionale Italiana di Volley\"\n                    src=\"http:\/\/www.spaziotorino.it\/scatto\/wp-content\/gallery\/2023_08_21_cev\/cache\/PLA_8091.jpg-nggid0530014-ngg0dyn-60x60x100-00f0w010c011r110f110r010t010.jpg\"\n                    width=\"60\"\n                    height=\"60\"\n                    style=\"max-width:100%;\"\n                \/>\n            <\/a>\n        <\/div>\n\t\t\t\t\t\t\t<\/div> \n\t\t\t\n        \n\t\t\n\t\t<!-- Pagination -->\n\t<div class='ngg-clear'><\/div>\t<\/div>\n\n<p>Per tre giorni Torino sar\u00e0 la capitale del volley.&nbsp; Sar\u00e0 l\u2019occasione per vedere all\u2019opera e da vicino le azzurre: la torinese Lubian e poi Egonu, Antropova e tutte le grandi protagoniste della pallavolo italiana .<\/p>\n<p>Da oggi e fino a mercoled\u00ec al Pala Gianni Asti saranno di scena con la Nazionale italiana le rappresentative di Bosnia ed Erzegovina , Bulgaria, Croazia, Romania e Svizzera.<\/p>\n<p>Oggi la conferenza stampa con gli allenatori e delle capitane delle sei squadre; questa sera il via alle gare con la partita tra Bosnia ed Erzegovina e Romania, alle 18, seguita alle 21.15 dal match tra Croazia e Svizzera.<\/p>\n<p>L\u2019attesa \u00e8 per\u00f2 tutta per domani e mercoled\u00ec quando protagoniste al pala Gianni Asti saranno Sylla e compagne . Entrambe le gare delle azzurre sono in programma alle 21.15.<\/p>\n<p>Per acquistare gli ultimi&nbsp;<a href=\"https:\/\/www.ticketone.it\/artist\/cev-eurovolley-women\/\" target=\"_blank\" rel=\"noopener\">tagliandi disponibili<\/a>&nbsp;per assistere alle gare: https:\/\/www.ticketone.it\/artist\/cev-eurovolley-women\/<\/p>\n","protected":false},"excerpt":{"rendered":"<p>Per tre giorni Torino sar\u00e0 la capitale del volley.&nbsp; Sar\u00e0 l\u2019occasione per vedere all\u2019opera e da vicino le azzurre: la torinese Lubian e poi Egonu, Antropova e tutte le grandi protagoniste della pallavolo italiana . Da oggi e fino a mercoled\u00ec al Pala Gianni Asti saranno di scena con la Nazionale italiana le rappresentative di [&hellip;]<\/p>\n","protected":false},"author":1,"featured_media":0,"comment_status":"closed","ping_status":"open","sticky":false,"template":"","format":"standard","meta":{"ngg_post_thumbnail":0},"categories":[1,10],"tags":[],"_links":{"self":[{"href":"http:\/\/www.spaziotorino.it\/scatto\/index.php?rest_route=\/wp\/v2\/posts\/46599"}],"collection":[{"href":"http:\/\/www.spaziotorino.it\/scatto\/index.php?rest_route=\/wp\/v2\/posts"}],"about":[{"href":"http:\/\/www.spaziotorino.it\/scatto\/index.php?rest_route=\/wp\/v2\/types\/post"}],"author":[{"embeddable":true,"href":"http:\/\/www.spaziotorino.it\/scatto\/index.php?rest_route=\/wp\/v2\/users\/1"}],"replies":[{"embeddable":true,"href":"http:\/\/www.spaziotorino.it\/scatto\/index.php?rest_route=%2Fwp%2Fv2%2Fcomments&post=46599"}],"version-history":[{"count":2,"href":"http:\/\/www.spaziotorino.it\/scatto\/index.php?rest_route=\/wp\/v2\/posts\/46599\/revisions"}],"predecessor-version":[{"id":46604,"href":"http:\/\/www.spaziotorino.it\/scatto\/index.php?rest_route=\/wp\/v2\/posts\/46599\/revisions\/46604"}],"wp:attachment":[{"href":"http:\/\/www.spaziotorino.it\/scatto\/index.php?rest_route=%2Fwp%2Fv2%2Fmedia&parent=46599"}],"wp:term":[{"taxonomy":"category","embeddable":true,"href":"http:\/\/www.spaziotorino.it\/scatto\/index.php?rest_route=%2Fwp%2Fv2%2Fcategories&post=46599"},{"taxonomy":"post_tag","embeddable":true,"href":"http:\/\/www.spaziotorino.it\/scatto\/index.php?rest_route=%2Fwp%2Fv2%2Ftags&post=46599"}],"curies":[{"name":"wp","href":"https:\/\/api.w.org\/{rel}","templated":true}]}}