{"id":46700,"date":"2023-08-27T23:16:12","date_gmt":"2023-08-27T22:16:12","guid":{"rendered":"http:\/\/www.spaziotorino.it\/scatto\/?p=46700"},"modified":"2023-08-28T13:57:09","modified_gmt":"2023-08-28T12:57:09","slug":"todays-festival-arrivederci-al-2024","status":"publish","type":"post","link":"http:\/\/www.spaziotorino.it\/scatto\/?p=46700","title":{"rendered":"TOdays Festival, arrivederci al 2024"},"content":{"rendered":"<p><a class=\"ngg-fancybox\" title=\"TOdays Festival, arrivederci al 2024\" href=\"http:\/\/www.spaziotorino.it\/scatto\/wp-content\/gallery\/2023_08_27_todays\/PLA_0061.jpg\" rel=\"lightbox[set_2000]\"><br \/>\n<img decoding=\"async\" loading=\"lazy\" class=\"ngg-singlepic\" title=\"TOdays Festival, arrivederci al 2024\" src=\"http:\/\/www.spaziotorino.it\/scatto\/wp-content\/gallery\/2023_08_27_todays\/PLA_0061.jpg\" alt=\"\" width=\"540\" height=\"360\"\/><\/a><\/p>\n<!-- index.php -->\n<div\n\tclass=\"ngg-galleryoverview ngg-ajax-pagination-none\"\n\tid=\"ngg-gallery-e537d38ec6ec44afa6aac10618c0c6a0-1\">\n\n    \t\t<!-- Thumbnails -->\n\t\t\t\t<div id=\"ngg-image-0\" class=\"ngg-gallery-thumbnail-box\" >\n\t\t\t\t        <div class=\"ngg-gallery-thumbnail\">\n            <a href=\"http:\/\/www.spaziotorino.it\/scatto\/wp-content\/gallery\/2023_08_27_todays\/PLA_9642.jpg\"\n               title=\"Enrico Gabrielli, Le Canzoncine\"\n               data-src=\"http:\/\/www.spaziotorino.it\/scatto\/wp-content\/gallery\/2023_08_27_todays\/PLA_9642.jpg\"\n               data-thumbnail=\"http:\/\/www.spaziotorino.it\/scatto\/wp-content\/gallery\/2023_08_27_todays\/thumbs\/thumbs_PLA_9642.jpg\"\n               data-image-id=\"30087\"\n               data-title=\"Enrico Gabrielli, Le Canzoncine\"\n               data-description=\"Enrico Gabrielli, Le Canzoncine\"\n               data-image-slug=\"pla_9642-1\"\n               class=\"ngg-fancybox\" rel=\"e537d38ec6ec44afa6aac10618c0c6a0\">\n                <img\n                    title=\"Enrico Gabrielli, Le Canzoncine\"\n                    alt=\"Enrico Gabrielli, Le Canzoncine\"\n                    src=\"http:\/\/www.spaziotorino.it\/scatto\/wp-content\/gallery\/2023_08_27_todays\/cache\/PLA_9642.jpg-nggid0530087-ngg0dyn-60x60x100-00f0w010c011r110f110r010t010.jpg\"\n                    width=\"60\"\n                    height=\"60\"\n                    style=\"max-width:100%;\"\n                \/>\n            <\/a>\n        <\/div>\n\t\t\t\t\t\t\t<\/div> \n\t\t\t\n        \n\t\t\t\t<div id=\"ngg-image-1\" class=\"ngg-gallery-thumbnail-box\" >\n\t\t\t\t        <div class=\"ngg-gallery-thumbnail\">\n            <a href=\"http:\/\/www.spaziotorino.it\/scatto\/wp-content\/gallery\/2023_08_27_todays\/PLA_9645.jpg\"\n               title=\"Enrico Gabrielli, Roberto Dell\u2019Era -  Le Canzoncine\"\n               data-src=\"http:\/\/www.spaziotorino.it\/scatto\/wp-content\/gallery\/2023_08_27_todays\/PLA_9645.jpg\"\n               data-thumbnail=\"http:\/\/www.spaziotorino.it\/scatto\/wp-content\/gallery\/2023_08_27_todays\/thumbs\/thumbs_PLA_9645.jpg\"\n               data-image-id=\"30088\"\n               data-title=\"Enrico Gabrielli, Roberto Dell\u2019Era -  Le Canzoncine\"\n               data-description=\"Enrico Gabrielli, Roberto Dell\u2019Era -  Le Canzoncine\"\n               data-image-slug=\"pla_9645\"\n               class=\"ngg-fancybox\" rel=\"e537d38ec6ec44afa6aac10618c0c6a0\">\n                <img\n                    title=\"Enrico Gabrielli, Roberto Dell\u2019Era -  Le Canzoncine\"\n                    alt=\"Enrico Gabrielli, Roberto Dell\u2019Era -  Le Canzoncine\"\n                    src=\"http:\/\/www.spaziotorino.it\/scatto\/wp-content\/gallery\/2023_08_27_todays\/cache\/PLA_9645.jpg-nggid0530088-ngg0dyn-60x60x100-00f0w010c011r110f110r010t010.jpg\"\n                    width=\"60\"\n                    height=\"60\"\n                    style=\"max-width:100%;\"\n                \/>\n            <\/a>\n        <\/div>\n\t\t\t\t\t\t\t<\/div> \n\t\t\t\n        \n\t\t\t\t<div id=\"ngg-image-2\" class=\"ngg-gallery-thumbnail-box\" >\n\t\t\t\t        <div class=\"ngg-gallery-thumbnail\">\n            <a href=\"http:\/\/www.spaziotorino.it\/scatto\/wp-content\/gallery\/2023_08_27_todays\/PLA_9648.jpg\"\n               title=\"Enrico Gabrielli\"\n               data-src=\"http:\/\/www.spaziotorino.it\/scatto\/wp-content\/gallery\/2023_08_27_todays\/PLA_9648.jpg\"\n               data-thumbnail=\"http:\/\/www.spaziotorino.it\/scatto\/wp-content\/gallery\/2023_08_27_todays\/thumbs\/thumbs_PLA_9648.jpg\"\n               data-image-id=\"30089\"\n               data-title=\"Enrico Gabrielli\"\n               data-description=\"Enrico Gabrielli\"\n               data-image-slug=\"pla_9648-2\"\n               class=\"ngg-fancybox\" rel=\"e537d38ec6ec44afa6aac10618c0c6a0\">\n                <img\n                    title=\"Enrico Gabrielli\"\n                    alt=\"Enrico Gabrielli\"\n                    src=\"http:\/\/www.spaziotorino.it\/scatto\/wp-content\/gallery\/2023_08_27_todays\/cache\/PLA_9648.jpg-nggid0530089-ngg0dyn-60x60x100-00f0w010c011r110f110r010t010.jpg\"\n                    width=\"60\"\n                    height=\"60\"\n                    style=\"max-width:100%;\"\n                \/>\n            <\/a>\n        <\/div>\n\t\t\t\t\t\t\t<\/div> \n\t\t\t\n        \n\t\t\t\t<div id=\"ngg-image-3\" class=\"ngg-gallery-thumbnail-box\" >\n\t\t\t\t        <div class=\"ngg-gallery-thumbnail\">\n            <a href=\"http:\/\/www.spaziotorino.it\/scatto\/wp-content\/gallery\/2023_08_27_todays\/PLA_9666.jpg\"\n               title=\"Enrico Gabrielli\"\n               data-src=\"http:\/\/www.spaziotorino.it\/scatto\/wp-content\/gallery\/2023_08_27_todays\/PLA_9666.jpg\"\n               data-thumbnail=\"http:\/\/www.spaziotorino.it\/scatto\/wp-content\/gallery\/2023_08_27_todays\/thumbs\/thumbs_PLA_9666.jpg\"\n               data-image-id=\"30090\"\n               data-title=\"Enrico Gabrielli\"\n               data-description=\"Enrico Gabrielli\"\n               data-image-slug=\"pla_9666-2\"\n               class=\"ngg-fancybox\" rel=\"e537d38ec6ec44afa6aac10618c0c6a0\">\n                <img\n                    title=\"Enrico Gabrielli\"\n                    alt=\"Enrico Gabrielli\"\n                    src=\"http:\/\/www.spaziotorino.it\/scatto\/wp-content\/gallery\/2023_08_27_todays\/cache\/PLA_9666.jpg-nggid0530090-ngg0dyn-60x60x100-00f0w010c011r110f110r010t010.jpg\"\n                    width=\"60\"\n                    height=\"60\"\n                    style=\"max-width:100%;\"\n                \/>\n            <\/a>\n        <\/div>\n\t\t\t\t\t\t\t<\/div> \n\t\t\t\n        \n\t\t\t\t<div id=\"ngg-image-4\" class=\"ngg-gallery-thumbnail-box\" >\n\t\t\t\t        <div class=\"ngg-gallery-thumbnail\">\n            <a href=\"http:\/\/www.spaziotorino.it\/scatto\/wp-content\/gallery\/2023_08_27_todays\/PLA_9679.jpg\"\n               title=\"Roberto Dell\u2019Era\"\n               data-src=\"http:\/\/www.spaziotorino.it\/scatto\/wp-content\/gallery\/2023_08_27_todays\/PLA_9679.jpg\"\n               data-thumbnail=\"http:\/\/www.spaziotorino.it\/scatto\/wp-content\/gallery\/2023_08_27_todays\/thumbs\/thumbs_PLA_9679.jpg\"\n               data-image-id=\"30091\"\n               data-title=\"Roberto Dell\u2019Era\"\n               data-description=\"Roberto Dell\u2019Era\"\n               data-image-slug=\"pla_9679\"\n               class=\"ngg-fancybox\" rel=\"e537d38ec6ec44afa6aac10618c0c6a0\">\n                <img\n                    title=\"Roberto Dell\u2019Era\"\n                    alt=\"Roberto Dell\u2019Era\"\n                    src=\"http:\/\/www.spaziotorino.it\/scatto\/wp-content\/gallery\/2023_08_27_todays\/cache\/PLA_9679.jpg-nggid0530091-ngg0dyn-60x60x100-00f0w010c011r110f110r010t010.jpg\"\n                    width=\"60\"\n                    height=\"60\"\n                    style=\"max-width:100%;\"\n                \/>\n            <\/a>\n        <\/div>\n\t\t\t\t\t\t\t<\/div> \n\t\t\t\n        \n\t\t\t\t<div id=\"ngg-image-5\" class=\"ngg-gallery-thumbnail-box\" >\n\t\t\t\t        <div class=\"ngg-gallery-thumbnail\">\n            <a href=\"http:\/\/www.spaziotorino.it\/scatto\/wp-content\/gallery\/2023_08_27_todays\/PLA_9694.jpg\"\n               title=\"Giovanni Truppi\"\n               data-src=\"http:\/\/www.spaziotorino.it\/scatto\/wp-content\/gallery\/2023_08_27_todays\/PLA_9694.jpg\"\n               data-thumbnail=\"http:\/\/www.spaziotorino.it\/scatto\/wp-content\/gallery\/2023_08_27_todays\/thumbs\/thumbs_PLA_9694.jpg\"\n               data-image-id=\"30092\"\n               data-title=\"Giovanni Truppi\"\n               data-description=\"Giovanni Truppi\"\n               data-image-slug=\"pla_9694-2\"\n               class=\"ngg-fancybox\" rel=\"e537d38ec6ec44afa6aac10618c0c6a0\">\n                <img\n                    title=\"Giovanni Truppi\"\n                    alt=\"Giovanni Truppi\"\n                    src=\"http:\/\/www.spaziotorino.it\/scatto\/wp-content\/gallery\/2023_08_27_todays\/cache\/PLA_9694.jpg-nggid0530092-ngg0dyn-60x60x100-00f0w010c011r110f110r010t010.jpg\"\n                    width=\"60\"\n                    height=\"60\"\n                    style=\"max-width:100%;\"\n                \/>\n            <\/a>\n        <\/div>\n\t\t\t\t\t\t\t<\/div> \n\t\t\t\n        \n\t\t\t\t<div id=\"ngg-image-6\" class=\"ngg-gallery-thumbnail-box\" >\n\t\t\t\t        <div class=\"ngg-gallery-thumbnail\">\n            <a href=\"http:\/\/www.spaziotorino.it\/scatto\/wp-content\/gallery\/2023_08_27_todays\/PLA_9681.jpg\"\n               title=\"Cecchi Point - Enrico Gabrielli, Le Canzoncine\"\n               data-src=\"http:\/\/www.spaziotorino.it\/scatto\/wp-content\/gallery\/2023_08_27_todays\/PLA_9681.jpg\"\n               data-thumbnail=\"http:\/\/www.spaziotorino.it\/scatto\/wp-content\/gallery\/2023_08_27_todays\/thumbs\/thumbs_PLA_9681.jpg\"\n               data-image-id=\"30093\"\n               data-title=\"Cecchi Point - Enrico Gabrielli, Le Canzoncine\"\n               data-description=\"Cecchi Point - Enrico Gabrielli, Le Canzoncine\"\n               data-image-slug=\"pla_9681\"\n               class=\"ngg-fancybox\" rel=\"e537d38ec6ec44afa6aac10618c0c6a0\">\n                <img\n                    title=\"Cecchi Point - Enrico Gabrielli, Le Canzoncine\"\n                    alt=\"Cecchi Point - Enrico Gabrielli, Le Canzoncine\"\n                    src=\"http:\/\/www.spaziotorino.it\/scatto\/wp-content\/gallery\/2023_08_27_todays\/cache\/PLA_9681.jpg-nggid0530093-ngg0dyn-60x60x100-00f0w010c011r110f110r010t010.jpg\"\n                    width=\"60\"\n                    height=\"60\"\n                    style=\"max-width:100%;\"\n                \/>\n            <\/a>\n        <\/div>\n\t\t\t\t\t\t\t<\/div> \n\t\t\t\n        \n\t\t\t\t<div id=\"ngg-image-7\" class=\"ngg-gallery-thumbnail-box\" >\n\t\t\t\t        <div class=\"ngg-gallery-thumbnail\">\n            <a href=\"http:\/\/www.spaziotorino.it\/scatto\/wp-content\/gallery\/2023_08_27_todays\/PLA_9744.jpg\"\n               title=\"Porridge Radio\"\n               data-src=\"http:\/\/www.spaziotorino.it\/scatto\/wp-content\/gallery\/2023_08_27_todays\/PLA_9744.jpg\"\n               data-thumbnail=\"http:\/\/www.spaziotorino.it\/scatto\/wp-content\/gallery\/2023_08_27_todays\/thumbs\/thumbs_PLA_9744.jpg\"\n               data-image-id=\"30094\"\n               data-title=\"Porridge Radio\"\n               data-description=\"Porridge Radio\"\n               data-image-slug=\"pla_9744\"\n               class=\"ngg-fancybox\" rel=\"e537d38ec6ec44afa6aac10618c0c6a0\">\n                <img\n                    title=\"Porridge Radio\"\n                    alt=\"Porridge Radio\"\n                    src=\"http:\/\/www.spaziotorino.it\/scatto\/wp-content\/gallery\/2023_08_27_todays\/cache\/PLA_9744.jpg-nggid0530094-ngg0dyn-60x60x100-00f0w010c011r110f110r010t010.jpg\"\n                    width=\"60\"\n                    height=\"60\"\n                    style=\"max-width:100%;\"\n                \/>\n            <\/a>\n        <\/div>\n\t\t\t\t\t\t\t<\/div> \n\t\t\t\n        \n\t\t\t\t<div id=\"ngg-image-8\" class=\"ngg-gallery-thumbnail-box\" >\n\t\t\t\t        <div class=\"ngg-gallery-thumbnail\">\n            <a href=\"http:\/\/www.spaziotorino.it\/scatto\/wp-content\/gallery\/2023_08_27_todays\/PLA_9769.jpg\"\n               title=\"Porridge Radio\"\n               data-src=\"http:\/\/www.spaziotorino.it\/scatto\/wp-content\/gallery\/2023_08_27_todays\/PLA_9769.jpg\"\n               data-thumbnail=\"http:\/\/www.spaziotorino.it\/scatto\/wp-content\/gallery\/2023_08_27_todays\/thumbs\/thumbs_PLA_9769.jpg\"\n               data-image-id=\"30095\"\n               data-title=\"Porridge Radio\"\n               data-description=\"Porridge Radio\"\n               data-image-slug=\"pla_9769-3\"\n               class=\"ngg-fancybox\" rel=\"e537d38ec6ec44afa6aac10618c0c6a0\">\n                <img\n                    title=\"Porridge Radio\"\n                    alt=\"Porridge Radio\"\n                    src=\"http:\/\/www.spaziotorino.it\/scatto\/wp-content\/gallery\/2023_08_27_todays\/cache\/PLA_9769.jpg-nggid0530095-ngg0dyn-60x60x100-00f0w010c011r110f110r010t010.jpg\"\n                    width=\"60\"\n                    height=\"60\"\n                    style=\"max-width:100%;\"\n                \/>\n            <\/a>\n        <\/div>\n\t\t\t\t\t\t\t<\/div> \n\t\t\t\n        \n\t\t\t\t<div id=\"ngg-image-9\" class=\"ngg-gallery-thumbnail-box\" >\n\t\t\t\t        <div class=\"ngg-gallery-thumbnail\">\n            <a href=\"http:\/\/www.spaziotorino.it\/scatto\/wp-content\/gallery\/2023_08_27_todays\/PLA_9780.jpg\"\n               title=\"Porridge Radio\"\n               data-src=\"http:\/\/www.spaziotorino.it\/scatto\/wp-content\/gallery\/2023_08_27_todays\/PLA_9780.jpg\"\n               data-thumbnail=\"http:\/\/www.spaziotorino.it\/scatto\/wp-content\/gallery\/2023_08_27_todays\/thumbs\/thumbs_PLA_9780.jpg\"\n               data-image-id=\"30096\"\n               data-title=\"Porridge Radio\"\n               data-description=\"Porridge Radio\"\n               data-image-slug=\"pla_9780\"\n               class=\"ngg-fancybox\" rel=\"e537d38ec6ec44afa6aac10618c0c6a0\">\n                <img\n                    title=\"Porridge Radio\"\n                    alt=\"Porridge Radio\"\n                    src=\"http:\/\/www.spaziotorino.it\/scatto\/wp-content\/gallery\/2023_08_27_todays\/cache\/PLA_9780.jpg-nggid0530096-ngg0dyn-60x60x100-00f0w010c011r110f110r010t010.jpg\"\n                    width=\"60\"\n                    height=\"60\"\n                    style=\"max-width:100%;\"\n                \/>\n            <\/a>\n        <\/div>\n\t\t\t\t\t\t\t<\/div> \n\t\t\t\n        \n\t\t\t\t<div id=\"ngg-image-10\" class=\"ngg-gallery-thumbnail-box\" >\n\t\t\t\t        <div class=\"ngg-gallery-thumbnail\">\n            <a href=\"http:\/\/www.spaziotorino.it\/scatto\/wp-content\/gallery\/2023_08_27_todays\/PLA_9880.jpg\"\n               title=\"Porridge Radio\"\n               data-src=\"http:\/\/www.spaziotorino.it\/scatto\/wp-content\/gallery\/2023_08_27_todays\/PLA_9880.jpg\"\n               data-thumbnail=\"http:\/\/www.spaziotorino.it\/scatto\/wp-content\/gallery\/2023_08_27_todays\/thumbs\/thumbs_PLA_9880.jpg\"\n               data-image-id=\"30097\"\n               data-title=\"Porridge Radio\"\n               data-description=\"Porridge Radio\"\n               data-image-slug=\"pla_9880\"\n               class=\"ngg-fancybox\" rel=\"e537d38ec6ec44afa6aac10618c0c6a0\">\n                <img\n                    title=\"Porridge Radio\"\n                    alt=\"Porridge Radio\"\n                    src=\"http:\/\/www.spaziotorino.it\/scatto\/wp-content\/gallery\/2023_08_27_todays\/cache\/PLA_9880.jpg-nggid0530097-ngg0dyn-60x60x100-00f0w010c011r110f110r010t010.jpg\"\n                    width=\"60\"\n                    height=\"60\"\n                    style=\"max-width:100%;\"\n                \/>\n            <\/a>\n        <\/div>\n\t\t\t\t\t\t\t<\/div> \n\t\t\t\n        \n\t\t\t\t<div id=\"ngg-image-11\" class=\"ngg-gallery-thumbnail-box\" >\n\t\t\t\t        <div class=\"ngg-gallery-thumbnail\">\n            <a href=\"http:\/\/www.spaziotorino.it\/scatto\/wp-content\/gallery\/2023_08_27_todays\/PLA_9853.jpg\"\n               title=\"Porridge Radio\"\n               data-src=\"http:\/\/www.spaziotorino.it\/scatto\/wp-content\/gallery\/2023_08_27_todays\/PLA_9853.jpg\"\n               data-thumbnail=\"http:\/\/www.spaziotorino.it\/scatto\/wp-content\/gallery\/2023_08_27_todays\/thumbs\/thumbs_PLA_9853.jpg\"\n               data-image-id=\"30098\"\n               data-title=\"Porridge Radio\"\n               data-description=\"Porridge Radio\"\n               data-image-slug=\"pla_9853\"\n               class=\"ngg-fancybox\" rel=\"e537d38ec6ec44afa6aac10618c0c6a0\">\n                <img\n                    title=\"Porridge Radio\"\n                    alt=\"Porridge Radio\"\n                    src=\"http:\/\/www.spaziotorino.it\/scatto\/wp-content\/gallery\/2023_08_27_todays\/cache\/PLA_9853.jpg-nggid0530098-ngg0dyn-60x60x100-00f0w010c011r110f110r010t010.jpg\"\n                    width=\"60\"\n                    height=\"60\"\n                    style=\"max-width:100%;\"\n                \/>\n            <\/a>\n        <\/div>\n\t\t\t\t\t\t\t<\/div> \n\t\t\t\n        \n\t\t\t\t<div id=\"ngg-image-12\" class=\"ngg-gallery-thumbnail-box\" >\n\t\t\t\t        <div class=\"ngg-gallery-thumbnail\">\n            <a href=\"http:\/\/www.spaziotorino.it\/scatto\/wp-content\/gallery\/2023_08_27_todays\/PLA_9888.jpg\"\n               title=\"Porridge Radio\"\n               data-src=\"http:\/\/www.spaziotorino.it\/scatto\/wp-content\/gallery\/2023_08_27_todays\/PLA_9888.jpg\"\n               data-thumbnail=\"http:\/\/www.spaziotorino.it\/scatto\/wp-content\/gallery\/2023_08_27_todays\/thumbs\/thumbs_PLA_9888.jpg\"\n               data-image-id=\"30099\"\n               data-title=\"Porridge Radio\"\n               data-description=\"Porridge Radio\"\n               data-image-slug=\"pla_9888-2\"\n               class=\"ngg-fancybox\" rel=\"e537d38ec6ec44afa6aac10618c0c6a0\">\n                <img\n                    title=\"Porridge Radio\"\n                    alt=\"Porridge Radio\"\n                    src=\"http:\/\/www.spaziotorino.it\/scatto\/wp-content\/gallery\/2023_08_27_todays\/cache\/PLA_9888.jpg-nggid0530099-ngg0dyn-60x60x100-00f0w010c011r110f110r010t010.jpg\"\n                    width=\"60\"\n                    height=\"60\"\n                    style=\"max-width:100%;\"\n                \/>\n            <\/a>\n        <\/div>\n\t\t\t\t\t\t\t<\/div> \n\t\t\t\n        \n\t\t\t\t<div id=\"ngg-image-13\" class=\"ngg-gallery-thumbnail-box\" >\n\t\t\t\t        <div class=\"ngg-gallery-thumbnail\">\n            <a href=\"http:\/\/www.spaziotorino.it\/scatto\/wp-content\/gallery\/2023_08_27_todays\/PLA_9906.jpg\"\n               title=\"Porridge Radio\"\n               data-src=\"http:\/\/www.spaziotorino.it\/scatto\/wp-content\/gallery\/2023_08_27_todays\/PLA_9906.jpg\"\n               data-thumbnail=\"http:\/\/www.spaziotorino.it\/scatto\/wp-content\/gallery\/2023_08_27_todays\/thumbs\/thumbs_PLA_9906.jpg\"\n               data-image-id=\"30100\"\n               data-title=\"Porridge Radio\"\n               data-description=\"Porridge Radio\"\n               data-image-slug=\"pla_9906\"\n               class=\"ngg-fancybox\" rel=\"e537d38ec6ec44afa6aac10618c0c6a0\">\n                <img\n                    title=\"Porridge Radio\"\n                    alt=\"Porridge Radio\"\n                    src=\"http:\/\/www.spaziotorino.it\/scatto\/wp-content\/gallery\/2023_08_27_todays\/cache\/PLA_9906.jpg-nggid0530100-ngg0dyn-60x60x100-00f0w010c011r110f110r010t010.jpg\"\n                    width=\"60\"\n                    height=\"60\"\n                    style=\"max-width:100%;\"\n                \/>\n            <\/a>\n        <\/div>\n\t\t\t\t\t\t\t<\/div> \n\t\t\t\n        \n\t\t\t\t<div id=\"ngg-image-14\" class=\"ngg-gallery-thumbnail-box\" >\n\t\t\t\t        <div class=\"ngg-gallery-thumbnail\">\n            <a href=\"http:\/\/www.spaziotorino.it\/scatto\/wp-content\/gallery\/2023_08_27_todays\/PLA_9914.jpg\"\n               title=\"Porridge Radio\"\n               data-src=\"http:\/\/www.spaziotorino.it\/scatto\/wp-content\/gallery\/2023_08_27_todays\/PLA_9914.jpg\"\n               data-thumbnail=\"http:\/\/www.spaziotorino.it\/scatto\/wp-content\/gallery\/2023_08_27_todays\/thumbs\/thumbs_PLA_9914.jpg\"\n               data-image-id=\"30101\"\n               data-title=\"Porridge Radio\"\n               data-description=\"Porridge Radio\"\n               data-image-slug=\"pla_9914\"\n               class=\"ngg-fancybox\" rel=\"e537d38ec6ec44afa6aac10618c0c6a0\">\n                <img\n                    title=\"Porridge Radio\"\n                    alt=\"Porridge Radio\"\n                    src=\"http:\/\/www.spaziotorino.it\/scatto\/wp-content\/gallery\/2023_08_27_todays\/cache\/PLA_9914.jpg-nggid0530101-ngg0dyn-60x60x100-00f0w010c011r110f110r010t010.jpg\"\n                    width=\"60\"\n                    height=\"60\"\n                    style=\"max-width:100%;\"\n                \/>\n            <\/a>\n        <\/div>\n\t\t\t\t\t\t\t<\/div> \n\t\t\t\n        \n\t\t\t\t<div id=\"ngg-image-15\" class=\"ngg-gallery-thumbnail-box\" >\n\t\t\t\t        <div class=\"ngg-gallery-thumbnail\">\n            <a href=\"http:\/\/www.spaziotorino.it\/scatto\/wp-content\/gallery\/2023_08_27_todays\/PLA_9949.jpg\"\n               title=\"Ibibio Sound Machine\"\n               data-src=\"http:\/\/www.spaziotorino.it\/scatto\/wp-content\/gallery\/2023_08_27_todays\/PLA_9949.jpg\"\n               data-thumbnail=\"http:\/\/www.spaziotorino.it\/scatto\/wp-content\/gallery\/2023_08_27_todays\/thumbs\/thumbs_PLA_9949.jpg\"\n               data-image-id=\"30102\"\n               data-title=\"Ibibio Sound Machine\"\n               data-description=\"Ibibio Sound Machine\"\n               data-image-slug=\"pla_9949\"\n               class=\"ngg-fancybox\" rel=\"e537d38ec6ec44afa6aac10618c0c6a0\">\n                <img\n                    title=\"Ibibio Sound Machine\"\n                    alt=\"Ibibio Sound Machine\"\n                    src=\"http:\/\/www.spaziotorino.it\/scatto\/wp-content\/gallery\/2023_08_27_todays\/cache\/PLA_9949.jpg-nggid0530102-ngg0dyn-60x60x100-00f0w010c011r110f110r010t010.jpg\"\n                    width=\"60\"\n                    height=\"60\"\n                    style=\"max-width:100%;\"\n                \/>\n            <\/a>\n        <\/div>\n\t\t\t\t\t\t\t<\/div> \n\t\t\t\n        \n\t\t\t\t<div id=\"ngg-image-16\" class=\"ngg-gallery-thumbnail-box\" >\n\t\t\t\t        <div class=\"ngg-gallery-thumbnail\">\n            <a href=\"http:\/\/www.spaziotorino.it\/scatto\/wp-content\/gallery\/2023_08_27_todays\/PLA_0052.jpg\"\n               title=\"Ibibio Sound Machine\"\n               data-src=\"http:\/\/www.spaziotorino.it\/scatto\/wp-content\/gallery\/2023_08_27_todays\/PLA_0052.jpg\"\n               data-thumbnail=\"http:\/\/www.spaziotorino.it\/scatto\/wp-content\/gallery\/2023_08_27_todays\/thumbs\/thumbs_PLA_0052.jpg\"\n               data-image-id=\"30072\"\n               data-title=\"Ibibio Sound Machine\"\n               data-description=\"Ibibio Sound Machine\"\n               data-image-slug=\"pla_0052\"\n               class=\"ngg-fancybox\" rel=\"e537d38ec6ec44afa6aac10618c0c6a0\">\n                <img\n                    title=\"Ibibio Sound Machine\"\n                    alt=\"Ibibio Sound Machine\"\n                    src=\"http:\/\/www.spaziotorino.it\/scatto\/wp-content\/gallery\/2023_08_27_todays\/cache\/PLA_0052.jpg-nggid0530072-ngg0dyn-60x60x100-00f0w010c011r110f110r010t010.jpg\"\n                    width=\"60\"\n                    height=\"60\"\n                    style=\"max-width:100%;\"\n                \/>\n            <\/a>\n        <\/div>\n\t\t\t\t\t\t\t<\/div> \n\t\t\t\n        \n\t\t\t\t<div id=\"ngg-image-17\" class=\"ngg-gallery-thumbnail-box\" >\n\t\t\t\t        <div class=\"ngg-gallery-thumbnail\">\n            <a href=\"http:\/\/www.spaziotorino.it\/scatto\/wp-content\/gallery\/2023_08_27_todays\/PLA_9977.jpg\"\n               title=\"Ibibio Sound Machine\"\n               data-src=\"http:\/\/www.spaziotorino.it\/scatto\/wp-content\/gallery\/2023_08_27_todays\/PLA_9977.jpg\"\n               data-thumbnail=\"http:\/\/www.spaziotorino.it\/scatto\/wp-content\/gallery\/2023_08_27_todays\/thumbs\/thumbs_PLA_9977.jpg\"\n               data-image-id=\"30103\"\n               data-title=\"Ibibio Sound Machine\"\n               data-description=\"Ibibio Sound Machine\"\n               data-image-slug=\"pla_9977\"\n               class=\"ngg-fancybox\" rel=\"e537d38ec6ec44afa6aac10618c0c6a0\">\n                <img\n                    title=\"Ibibio Sound Machine\"\n                    alt=\"Ibibio Sound Machine\"\n                    src=\"http:\/\/www.spaziotorino.it\/scatto\/wp-content\/gallery\/2023_08_27_todays\/cache\/PLA_9977.jpg-nggid0530103-ngg0dyn-60x60x100-00f0w010c011r110f110r010t010.jpg\"\n                    width=\"60\"\n                    height=\"60\"\n                    style=\"max-width:100%;\"\n                \/>\n            <\/a>\n        <\/div>\n\t\t\t\t\t\t\t<\/div> \n\t\t\t\n        \n\t\t\t\t<div id=\"ngg-image-18\" class=\"ngg-gallery-thumbnail-box\" >\n\t\t\t\t        <div class=\"ngg-gallery-thumbnail\">\n            <a href=\"http:\/\/www.spaziotorino.it\/scatto\/wp-content\/gallery\/2023_08_27_todays\/PLA_0048.jpg\"\n               title=\"Ibibio Sound Machine\"\n               data-src=\"http:\/\/www.spaziotorino.it\/scatto\/wp-content\/gallery\/2023_08_27_todays\/PLA_0048.jpg\"\n               data-thumbnail=\"http:\/\/www.spaziotorino.it\/scatto\/wp-content\/gallery\/2023_08_27_todays\/thumbs\/thumbs_PLA_0048.jpg\"\n               data-image-id=\"30073\"\n               data-title=\"Ibibio Sound Machine\"\n               data-description=\"Ibibio Sound Machine\"\n               data-image-slug=\"pla_0048\"\n               class=\"ngg-fancybox\" rel=\"e537d38ec6ec44afa6aac10618c0c6a0\">\n                <img\n                    title=\"Ibibio Sound Machine\"\n                    alt=\"Ibibio Sound Machine\"\n                    src=\"http:\/\/www.spaziotorino.it\/scatto\/wp-content\/gallery\/2023_08_27_todays\/cache\/PLA_0048.jpg-nggid0530073-ngg0dyn-60x60x100-00f0w010c011r110f110r010t010.jpg\"\n                    width=\"60\"\n                    height=\"60\"\n                    style=\"max-width:100%;\"\n                \/>\n            <\/a>\n        <\/div>\n\t\t\t\t\t\t\t<\/div> \n\t\t\t\n        \n\t\t\t\t<div id=\"ngg-image-19\" class=\"ngg-gallery-thumbnail-box\" >\n\t\t\t\t        <div class=\"ngg-gallery-thumbnail\">\n            <a href=\"http:\/\/www.spaziotorino.it\/scatto\/wp-content\/gallery\/2023_08_27_todays\/PLA_0030.jpg\"\n               title=\"Ibibio Sound Machine\"\n               data-src=\"http:\/\/www.spaziotorino.it\/scatto\/wp-content\/gallery\/2023_08_27_todays\/PLA_0030.jpg\"\n               data-thumbnail=\"http:\/\/www.spaziotorino.it\/scatto\/wp-content\/gallery\/2023_08_27_todays\/thumbs\/thumbs_PLA_0030.jpg\"\n               data-image-id=\"30075\"\n               data-title=\"Ibibio Sound Machine\"\n               data-description=\"Ibibio Sound Machine\"\n               data-image-slug=\"pla_0030-1\"\n               class=\"ngg-fancybox\" rel=\"e537d38ec6ec44afa6aac10618c0c6a0\">\n                <img\n                    title=\"Ibibio Sound Machine\"\n                    alt=\"Ibibio Sound Machine\"\n                    src=\"http:\/\/www.spaziotorino.it\/scatto\/wp-content\/gallery\/2023_08_27_todays\/cache\/PLA_0030.jpg-nggid0530075-ngg0dyn-60x60x100-00f0w010c011r110f110r010t010.jpg\"\n                    width=\"60\"\n                    height=\"60\"\n                    style=\"max-width:100%;\"\n                \/>\n            <\/a>\n        <\/div>\n\t\t\t\t\t\t\t<\/div> \n\t\t\t\n        \n\t\t\t\t<div id=\"ngg-image-20\" class=\"ngg-gallery-thumbnail-box\" >\n\t\t\t\t        <div class=\"ngg-gallery-thumbnail\">\n            <a href=\"http:\/\/www.spaziotorino.it\/scatto\/wp-content\/gallery\/2023_08_27_todays\/PLA_0020.jpg\"\n               title=\"Ibibio Sound Machine\"\n               data-src=\"http:\/\/www.spaziotorino.it\/scatto\/wp-content\/gallery\/2023_08_27_todays\/PLA_0020.jpg\"\n               data-thumbnail=\"http:\/\/www.spaziotorino.it\/scatto\/wp-content\/gallery\/2023_08_27_todays\/thumbs\/thumbs_PLA_0020.jpg\"\n               data-image-id=\"30076\"\n               data-title=\"Ibibio Sound Machine\"\n               data-description=\"Ibibio Sound Machine\"\n               data-image-slug=\"pla_0020-1\"\n               class=\"ngg-fancybox\" rel=\"e537d38ec6ec44afa6aac10618c0c6a0\">\n                <img\n                    title=\"Ibibio Sound Machine\"\n                    alt=\"Ibibio Sound Machine\"\n                    src=\"http:\/\/www.spaziotorino.it\/scatto\/wp-content\/gallery\/2023_08_27_todays\/cache\/PLA_0020.jpg-nggid0530076-ngg0dyn-60x60x100-00f0w010c011r110f110r010t010.jpg\"\n                    width=\"60\"\n                    height=\"60\"\n                    style=\"max-width:100%;\"\n                \/>\n            <\/a>\n        <\/div>\n\t\t\t\t\t\t\t<\/div> \n\t\t\t\n        \n\t\t\t\t<div id=\"ngg-image-21\" class=\"ngg-gallery-thumbnail-box\" >\n\t\t\t\t        <div class=\"ngg-gallery-thumbnail\">\n            <a href=\"http:\/\/www.spaziotorino.it\/scatto\/wp-content\/gallery\/2023_08_27_todays\/PLA_0114.jpg\"\n               title=\"Ibibio Sound Machine\"\n               data-src=\"http:\/\/www.spaziotorino.it\/scatto\/wp-content\/gallery\/2023_08_27_todays\/PLA_0114.jpg\"\n               data-thumbnail=\"http:\/\/www.spaziotorino.it\/scatto\/wp-content\/gallery\/2023_08_27_todays\/thumbs\/thumbs_PLA_0114.jpg\"\n               data-image-id=\"30077\"\n               data-title=\"Ibibio Sound Machine\"\n               data-description=\"Ibibio Sound Machine\"\n               data-image-slug=\"pla_0114\"\n               class=\"ngg-fancybox\" rel=\"e537d38ec6ec44afa6aac10618c0c6a0\">\n                <img\n                    title=\"Ibibio Sound Machine\"\n                    alt=\"Ibibio Sound Machine\"\n                    src=\"http:\/\/www.spaziotorino.it\/scatto\/wp-content\/gallery\/2023_08_27_todays\/cache\/PLA_0114.jpg-nggid0530077-ngg0dyn-60x60x100-00f0w010c011r110f110r010t010.jpg\"\n                    width=\"60\"\n                    height=\"60\"\n                    style=\"max-width:100%;\"\n                \/>\n            <\/a>\n        <\/div>\n\t\t\t\t\t\t\t<\/div> \n\t\t\t\n        \n\t\t\t\t<div id=\"ngg-image-22\" class=\"ngg-gallery-thumbnail-box\" >\n\t\t\t\t        <div class=\"ngg-gallery-thumbnail\">\n            <a href=\"http:\/\/www.spaziotorino.it\/scatto\/wp-content\/gallery\/2023_08_27_todays\/PLA_0138.jpg\"\n               title=\"Todays\"\n               data-src=\"http:\/\/www.spaziotorino.it\/scatto\/wp-content\/gallery\/2023_08_27_todays\/PLA_0138.jpg\"\n               data-thumbnail=\"http:\/\/www.spaziotorino.it\/scatto\/wp-content\/gallery\/2023_08_27_todays\/thumbs\/thumbs_PLA_0138.jpg\"\n               data-image-id=\"30078\"\n               data-title=\"Todays\"\n               data-description=\"Todays\"\n               data-image-slug=\"pla_0138-1\"\n               class=\"ngg-fancybox\" rel=\"e537d38ec6ec44afa6aac10618c0c6a0\">\n                <img\n                    title=\"Todays\"\n                    alt=\"Todays\"\n                    src=\"http:\/\/www.spaziotorino.it\/scatto\/wp-content\/gallery\/2023_08_27_todays\/cache\/PLA_0138.jpg-nggid0530078-ngg0dyn-60x60x100-00f0w010c011r110f110r010t010.jpg\"\n                    width=\"60\"\n                    height=\"60\"\n                    style=\"max-width:100%;\"\n                \/>\n            <\/a>\n        <\/div>\n\t\t\t\t\t\t\t<\/div> \n\t\t\t\n        \n\t\t\t\t<div id=\"ngg-image-23\" class=\"ngg-gallery-thumbnail-box\" >\n\t\t\t\t        <div class=\"ngg-gallery-thumbnail\">\n            <a href=\"http:\/\/www.spaziotorino.it\/scatto\/wp-content\/gallery\/2023_08_27_todays\/PLA_0119.jpg\"\n               title=\"Ibibio Sound Machine\"\n               data-src=\"http:\/\/www.spaziotorino.it\/scatto\/wp-content\/gallery\/2023_08_27_todays\/PLA_0119.jpg\"\n               data-thumbnail=\"http:\/\/www.spaziotorino.it\/scatto\/wp-content\/gallery\/2023_08_27_todays\/thumbs\/thumbs_PLA_0119.jpg\"\n               data-image-id=\"30079\"\n               data-title=\"Ibibio Sound Machine\"\n               data-description=\"Ibibio Sound Machine\"\n               data-image-slug=\"pla_0119-2\"\n               class=\"ngg-fancybox\" rel=\"e537d38ec6ec44afa6aac10618c0c6a0\">\n                <img\n                    title=\"Ibibio Sound Machine\"\n                    alt=\"Ibibio Sound Machine\"\n                    src=\"http:\/\/www.spaziotorino.it\/scatto\/wp-content\/gallery\/2023_08_27_todays\/cache\/PLA_0119.jpg-nggid0530079-ngg0dyn-60x60x100-00f0w010c011r110f110r010t010.jpg\"\n                    width=\"60\"\n                    height=\"60\"\n                    style=\"max-width:100%;\"\n                \/>\n            <\/a>\n        <\/div>\n\t\t\t\t\t\t\t<\/div> \n\t\t\t\n        \n\t\t\t\t<div id=\"ngg-image-24\" class=\"ngg-gallery-thumbnail-box\" >\n\t\t\t\t        <div class=\"ngg-gallery-thumbnail\">\n            <a href=\"http:\/\/www.spaziotorino.it\/scatto\/wp-content\/gallery\/2023_08_27_todays\/PLA_0298.jpg\"\n               title=\"L&#039;Imperatrice\"\n               data-src=\"http:\/\/www.spaziotorino.it\/scatto\/wp-content\/gallery\/2023_08_27_todays\/PLA_0298.jpg\"\n               data-thumbnail=\"http:\/\/www.spaziotorino.it\/scatto\/wp-content\/gallery\/2023_08_27_todays\/thumbs\/thumbs_PLA_0298.jpg\"\n               data-image-id=\"30080\"\n               data-title=\"L&#039;Imperatrice\"\n               data-description=\"L&#039;Imperatrice\"\n               data-image-slug=\"pla_0298-2\"\n               class=\"ngg-fancybox\" rel=\"e537d38ec6ec44afa6aac10618c0c6a0\">\n                <img\n                    title=\"L&#039;Imperatrice\"\n                    alt=\"L&#039;Imperatrice\"\n                    src=\"http:\/\/www.spaziotorino.it\/scatto\/wp-content\/gallery\/2023_08_27_todays\/cache\/PLA_0298.jpg-nggid0530080-ngg0dyn-60x60x100-00f0w010c011r110f110r010t010.jpg\"\n                    width=\"60\"\n                    height=\"60\"\n                    style=\"max-width:100%;\"\n                \/>\n            <\/a>\n        <\/div>\n\t\t\t\t\t\t\t<\/div> \n\t\t\t\n        \n\t\t\t\t<div id=\"ngg-image-25\" class=\"ngg-gallery-thumbnail-box\" >\n\t\t\t\t        <div class=\"ngg-gallery-thumbnail\">\n            <a href=\"http:\/\/www.spaziotorino.it\/scatto\/wp-content\/gallery\/2023_08_27_todays\/PLA_0287.jpg\"\n               title=\"L&#039;Imperatrice\"\n               data-src=\"http:\/\/www.spaziotorino.it\/scatto\/wp-content\/gallery\/2023_08_27_todays\/PLA_0287.jpg\"\n               data-thumbnail=\"http:\/\/www.spaziotorino.it\/scatto\/wp-content\/gallery\/2023_08_27_todays\/thumbs\/thumbs_PLA_0287.jpg\"\n               data-image-id=\"30081\"\n               data-title=\"L&#039;Imperatrice\"\n               data-description=\"L&#039;Imperatrice\"\n               data-image-slug=\"pla_0287-2\"\n               class=\"ngg-fancybox\" rel=\"e537d38ec6ec44afa6aac10618c0c6a0\">\n                <img\n                    title=\"L&#039;Imperatrice\"\n                    alt=\"L&#039;Imperatrice\"\n                    src=\"http:\/\/www.spaziotorino.it\/scatto\/wp-content\/gallery\/2023_08_27_todays\/cache\/PLA_0287.jpg-nggid0530081-ngg0dyn-60x60x100-00f0w010c011r110f110r010t010.jpg\"\n                    width=\"60\"\n                    height=\"60\"\n                    style=\"max-width:100%;\"\n                \/>\n            <\/a>\n        <\/div>\n\t\t\t\t\t\t\t<\/div> \n\t\t\t\n        \n\t\t\t\t<div id=\"ngg-image-26\" class=\"ngg-gallery-thumbnail-box\" >\n\t\t\t\t        <div class=\"ngg-gallery-thumbnail\">\n            <a href=\"http:\/\/www.spaziotorino.it\/scatto\/wp-content\/gallery\/2023_08_27_todays\/PLA_0264.jpg\"\n               title=\"L&#039;Imperatrice\"\n               data-src=\"http:\/\/www.spaziotorino.it\/scatto\/wp-content\/gallery\/2023_08_27_todays\/PLA_0264.jpg\"\n               data-thumbnail=\"http:\/\/www.spaziotorino.it\/scatto\/wp-content\/gallery\/2023_08_27_todays\/thumbs\/thumbs_PLA_0264.jpg\"\n               data-image-id=\"30082\"\n               data-title=\"L&#039;Imperatrice\"\n               data-description=\"L&#039;Imperatrice\"\n               data-image-slug=\"pla_0264\"\n               class=\"ngg-fancybox\" rel=\"e537d38ec6ec44afa6aac10618c0c6a0\">\n                <img\n                    title=\"L&#039;Imperatrice\"\n                    alt=\"L&#039;Imperatrice\"\n                    src=\"http:\/\/www.spaziotorino.it\/scatto\/wp-content\/gallery\/2023_08_27_todays\/cache\/PLA_0264.jpg-nggid0530082-ngg0dyn-60x60x100-00f0w010c011r110f110r010t010.jpg\"\n                    width=\"60\"\n                    height=\"60\"\n                    style=\"max-width:100%;\"\n                \/>\n            <\/a>\n        <\/div>\n\t\t\t\t\t\t\t<\/div> \n\t\t\t\n        \n\t\t\t\t<div id=\"ngg-image-27\" class=\"ngg-gallery-thumbnail-box\" >\n\t\t\t\t        <div class=\"ngg-gallery-thumbnail\">\n            <a href=\"http:\/\/www.spaziotorino.it\/scatto\/wp-content\/gallery\/2023_08_27_todays\/PLA_0208.jpg\"\n               title=\"Ibibio Sound Machine\"\n               data-src=\"http:\/\/www.spaziotorino.it\/scatto\/wp-content\/gallery\/2023_08_27_todays\/PLA_0208.jpg\"\n               data-thumbnail=\"http:\/\/www.spaziotorino.it\/scatto\/wp-content\/gallery\/2023_08_27_todays\/thumbs\/thumbs_PLA_0208.jpg\"\n               data-image-id=\"30083\"\n               data-title=\"Ibibio Sound Machine\"\n               data-description=\"Ibibio Sound Machine\"\n               data-image-slug=\"pla_0208-1\"\n               class=\"ngg-fancybox\" rel=\"e537d38ec6ec44afa6aac10618c0c6a0\">\n                <img\n                    title=\"Ibibio Sound Machine\"\n                    alt=\"Ibibio Sound Machine\"\n                    src=\"http:\/\/www.spaziotorino.it\/scatto\/wp-content\/gallery\/2023_08_27_todays\/cache\/PLA_0208.jpg-nggid0530083-ngg0dyn-60x60x100-00f0w010c011r110f110r010t010.jpg\"\n                    width=\"60\"\n                    height=\"60\"\n                    style=\"max-width:100%;\"\n                \/>\n            <\/a>\n        <\/div>\n\t\t\t\t\t\t\t<\/div> \n\t\t\t\n        \n\t\t\t\t<div id=\"ngg-image-28\" class=\"ngg-gallery-thumbnail-box\" >\n\t\t\t\t        <div class=\"ngg-gallery-thumbnail\">\n            <a href=\"http:\/\/www.spaziotorino.it\/scatto\/wp-content\/gallery\/2023_08_27_todays\/PLA_0341.jpg\"\n               title=\"L&#039;Imperatrice\"\n               data-src=\"http:\/\/www.spaziotorino.it\/scatto\/wp-content\/gallery\/2023_08_27_todays\/PLA_0341.jpg\"\n               data-thumbnail=\"http:\/\/www.spaziotorino.it\/scatto\/wp-content\/gallery\/2023_08_27_todays\/thumbs\/thumbs_PLA_0341.jpg\"\n               data-image-id=\"30084\"\n               data-title=\"L&#039;Imperatrice\"\n               data-description=\"L&#039;Imperatrice\"\n               data-image-slug=\"pla_0341\"\n               class=\"ngg-fancybox\" rel=\"e537d38ec6ec44afa6aac10618c0c6a0\">\n                <img\n                    title=\"L&#039;Imperatrice\"\n                    alt=\"L&#039;Imperatrice\"\n                    src=\"http:\/\/www.spaziotorino.it\/scatto\/wp-content\/gallery\/2023_08_27_todays\/cache\/PLA_0341.jpg-nggid0530084-ngg0dyn-60x60x100-00f0w010c011r110f110r010t010.jpg\"\n                    width=\"60\"\n                    height=\"60\"\n                    style=\"max-width:100%;\"\n                \/>\n            <\/a>\n        <\/div>\n\t\t\t\t\t\t\t<\/div> \n\t\t\t\n        \n\t\t\t\t<div id=\"ngg-image-29\" class=\"ngg-gallery-thumbnail-box\" >\n\t\t\t\t        <div class=\"ngg-gallery-thumbnail\">\n            <a href=\"http:\/\/www.spaziotorino.it\/scatto\/wp-content\/gallery\/2023_08_27_todays\/PLA_0332.jpg\"\n               title=\"L&#039;Imperatrice\"\n               data-src=\"http:\/\/www.spaziotorino.it\/scatto\/wp-content\/gallery\/2023_08_27_todays\/PLA_0332.jpg\"\n               data-thumbnail=\"http:\/\/www.spaziotorino.it\/scatto\/wp-content\/gallery\/2023_08_27_todays\/thumbs\/thumbs_PLA_0332.jpg\"\n               data-image-id=\"30085\"\n               data-title=\"L&#039;Imperatrice\"\n               data-description=\"L&#039;Imperatrice\"\n               data-image-slug=\"pla_0332-1\"\n               class=\"ngg-fancybox\" rel=\"e537d38ec6ec44afa6aac10618c0c6a0\">\n                <img\n                    title=\"L&#039;Imperatrice\"\n                    alt=\"L&#039;Imperatrice\"\n                    src=\"http:\/\/www.spaziotorino.it\/scatto\/wp-content\/gallery\/2023_08_27_todays\/cache\/PLA_0332.jpg-nggid0530085-ngg0dyn-60x60x100-00f0w010c011r110f110r010t010.jpg\"\n                    width=\"60\"\n                    height=\"60\"\n                    style=\"max-width:100%;\"\n                \/>\n            <\/a>\n        <\/div>\n\t\t\t\t\t\t\t<\/div> \n\t\t\t\n        \n\t\t\t\t<div id=\"ngg-image-30\" class=\"ngg-gallery-thumbnail-box\" >\n\t\t\t\t        <div class=\"ngg-gallery-thumbnail\">\n            <a href=\"http:\/\/www.spaziotorino.it\/scatto\/wp-content\/gallery\/2023_08_27_todays\/PLA_0345.jpg\"\n               title=\"L&#039;Imperatrice\"\n               data-src=\"http:\/\/www.spaziotorino.it\/scatto\/wp-content\/gallery\/2023_08_27_todays\/PLA_0345.jpg\"\n               data-thumbnail=\"http:\/\/www.spaziotorino.it\/scatto\/wp-content\/gallery\/2023_08_27_todays\/thumbs\/thumbs_PLA_0345.jpg\"\n               data-image-id=\"30086\"\n               data-title=\"L&#039;Imperatrice\"\n               data-description=\"L&#039;Imperatrice\"\n               data-image-slug=\"pla_0345-1\"\n               class=\"ngg-fancybox\" rel=\"e537d38ec6ec44afa6aac10618c0c6a0\">\n                <img\n                    title=\"L&#039;Imperatrice\"\n                    alt=\"L&#039;Imperatrice\"\n                    src=\"http:\/\/www.spaziotorino.it\/scatto\/wp-content\/gallery\/2023_08_27_todays\/cache\/PLA_0345.jpg-nggid0530086-ngg0dyn-60x60x100-00f0w010c011r110f110r010t010.jpg\"\n                    width=\"60\"\n                    height=\"60\"\n                    style=\"max-width:100%;\"\n                \/>\n            <\/a>\n        <\/div>\n\t\t\t\t\t\t\t<\/div> \n\t\t\t\n        \n\t\t\n\t\t<!-- Pagination -->\n\t<div class='ngg-clear'><\/div>\t<\/div>\n\n<p>Domenica 27 agosto si \u00e8 conclusa la nona edizione di Todays Festival.<\/p>\n<p>In apertura di giornata, al Cecchi Point, un evento speciale dedicato a tutti gli ascoltatori bambini che sono in realt\u00e0 grandi dentro e a tutti gli ascoltatori grandi che dentro, in realt\u00e0, sono piccoli.<br \/>\nEnrico Gabrielli, musicista che nella sua ormai pi\u00f9 che ventennale carriera, ha presentato in esclusiva a TODAYS &nbsp;<strong>\u201cLe Canzonine\u201d<\/strong> musica per giovanissimi meno giovani come si faceva una volta, ai tempi di Sergio Endrigo, Gianni Rodari, Virgilio Savona, Vinicius De Moraes o Anne Sylvestre\u2026<br \/>\nUn concerto di canzoni scritte da un pap\u00e0 per i propri bambini che ha coinvolto un manipolo di altri pap\u00e0 cantanti noti come&nbsp;<strong>Cosmo, Andrea Laszlo De Simone, Dario Brunori, Francesco Bianconi dei Baustelle, Colapesce e Dimartino, I Cani, Roberto Dell\u2019Era degli Afterhours, Giovanni Truppi, Alessandro Fiori<\/strong>, alcuni dei quali sono stati presenti al concerto sul palco insieme a Enrico Gabrielli.<\/p>\n<p>Sul palco principale del festival, allo Spazio 211, hanno aperto la serata conclusiva i <strong>Porridge Radio<\/strong>, gruppo tra i piu\u0300 vitali nella musica alternativa, passati in meno di un anno dall\u2019essere i beniamini dell\u2019underground DIY a diventare una delle band piu\u0300 elettrizzanti del Regno Unito. Lo spirito pungente, l\u2019intensita\u0300 lacerante e la potente miscela di art-rock, indie-pop e post- punk suonano come null\u2019altro in circolazione. Sono, infatti, nella lista dei candidati per l\u2019ambito Mercury Music Prize.<\/p>\n<p>A seguire, sotto un cielo plumbeo, gli&nbsp;<strong>Ibibio Sound Machine<\/strong>. Frutto di una sinergia tra afrobeat, elettronica, synth-pop, techno, folk nigeriano, funk, rock e un briciolo di sana follia, il collettivo e\u0300 uno dei piu\u0300 potenti ensemble dell\u2019anno. Il loro concerto e\u0300 un viaggio spazio-tempo nelle radici della cultura africana, dove il brio degli antichi tamburi, si combina con una moderna macchina poliritmica. Per la prima ed unica volta in Italia, a TOdays.<\/p>\n<p>La pioggia scende sempre pi\u00f9 fitta quando salgono sul palco i sei musicisti francesi&nbsp;<strong>L\u2019Imperatrice<\/strong>&nbsp;che arrivano a Torino dopo aver suonato sui palchi piu\u0300 prestigiosi del mondo: electro, funk, cosmic, disco anni 70 e 80 oltre al city pop giapponese, nella loro musica troviamo i suoni dei Daft Punk e degli Air.<\/p>\n<p>Le ultime note del festival sono affidate a&nbsp;<strong>Christine and the Queens<\/strong>, la nuova voce del pop rock europeo e fra i leader culturali del futuro e artista incoronata dalla stampa mondiale come \u201cinterprete di un generazione che non accetta imposizioni sulla propria identita\u0300 e guarda alla musica come una disciplina artistica totale\u201d.&nbsp;<\/p>\n<p>&nbsp;<\/p>\n","protected":false},"excerpt":{"rendered":"<p>Domenica 27 agosto si \u00e8 conclusa la nona edizione di Todays Festival. In apertura di giornata, al Cecchi Point, un evento speciale dedicato a tutti gli ascoltatori bambini che sono in realt\u00e0 grandi dentro e a tutti gli ascoltatori grandi che dentro, in realt\u00e0, sono piccoli. Enrico Gabrielli, musicista che nella sua ormai pi\u00f9 che [&hellip;]<\/p>\n","protected":false},"author":1,"featured_media":0,"comment_status":"closed","ping_status":"open","sticky":false,"template":"","format":"standard","meta":{"ngg_post_thumbnail":0},"categories":[1,134],"tags":[],"_links":{"self":[{"href":"http:\/\/www.spaziotorino.it\/scatto\/index.php?rest_route=\/wp\/v2\/posts\/46700"}],"collection":[{"href":"http:\/\/www.spaziotorino.it\/scatto\/index.php?rest_route=\/wp\/v2\/posts"}],"about":[{"href":"http:\/\/www.spaziotorino.it\/scatto\/index.php?rest_route=\/wp\/v2\/types\/post"}],"author":[{"embeddable":true,"href":"http:\/\/www.spaziotorino.it\/scatto\/index.php?rest_route=\/wp\/v2\/users\/1"}],"replies":[{"embeddable":true,"href":"http:\/\/www.spaziotorino.it\/scatto\/index.php?rest_route=%2Fwp%2Fv2%2Fcomments&post=46700"}],"version-history":[{"count":2,"href":"http:\/\/www.spaziotorino.it\/scatto\/index.php?rest_route=\/wp\/v2\/posts\/46700\/revisions"}],"predecessor-version":[{"id":46703,"href":"http:\/\/www.spaziotorino.it\/scatto\/index.php?rest_route=\/wp\/v2\/posts\/46700\/revisions\/46703"}],"wp:attachment":[{"href":"http:\/\/www.spaziotorino.it\/scatto\/index.php?rest_route=%2Fwp%2Fv2%2Fmedia&parent=46700"}],"wp:term":[{"taxonomy":"category","embeddable":true,"href":"http:\/\/www.spaziotorino.it\/scatto\/index.php?rest_route=%2Fwp%2Fv2%2Fcategories&post=46700"},{"taxonomy":"post_tag","embeddable":true,"href":"http:\/\/www.spaziotorino.it\/scatto\/index.php?rest_route=%2Fwp%2Fv2%2Ftags&post=46700"}],"curies":[{"name":"wp","href":"https:\/\/api.w.org\/{rel}","templated":true}]}}