{"id":46713,"date":"2023-08-29T15:23:38","date_gmt":"2023-08-29T14:23:38","guid":{"rendered":"http:\/\/www.spaziotorino.it\/scatto\/?p=46713"},"modified":"2023-08-29T15:23:38","modified_gmt":"2023-08-29T14:23:38","slug":"patto-per-la-sicurezza-urbana-siglata-lintesa-tra-prefettura-regione-piemonte-e-citta-di-torino","status":"publish","type":"post","link":"http:\/\/www.spaziotorino.it\/scatto\/?p=46713","title":{"rendered":"Patto per la Sicurezza urbana: siglata l\u2019intesa tra Prefettura, Regione Piemonte e Citt\u00e0 di Torino"},"content":{"rendered":"<p><a class=\"ngg-fancybox\" title=\"Patto per la Sicurezza urbana: siglata l\u2019intesa tra Prefettura, Regione Piemonte e Citt\u00e0 di Torino\" href=\"http:\/\/www.spaziotorino.it\/scatto\/wp-content\/gallery\/2023_08_29_sicurezza\/PLA_0413.jpg\" rel=\"lightbox[set_2001]\"><br \/>\n<img decoding=\"async\" loading=\"lazy\" class=\"ngg-singlepic\" title=\"Patto per la Sicurezza urbana: siglata l\u2019intesa tra Prefettura, Regione Piemonte e Citt\u00e0 di Torino\" src=\"http:\/\/www.spaziotorino.it\/scatto\/wp-content\/gallery\/2023_08_29_sicurezza\/PLA_0413.jpg\" alt=\"\" width=\"540\" height=\"360\"\/><\/a><\/p>\n<!-- index.php -->\n<div\n\tclass=\"ngg-galleryoverview ngg-ajax-pagination-none\"\n\tid=\"ngg-gallery-7334d52bbc439a365abb6a0f3d40c749-1\">\n\n    \t\t<!-- Thumbnails -->\n\t\t\t\t<div id=\"ngg-image-0\" class=\"ngg-gallery-thumbnail-box\" >\n\t\t\t\t        <div class=\"ngg-gallery-thumbnail\">\n            <a href=\"http:\/\/www.spaziotorino.it\/scatto\/wp-content\/gallery\/2023_08_29_sicurezza\/PLA_0429.jpg\"\n               title=\"Patto per la Sicurezza urbana: siglata l\u2019intesa tra Prefettura, Regione Piemonte e Citt\u00e0 di Torino\"\n               data-src=\"http:\/\/www.spaziotorino.it\/scatto\/wp-content\/gallery\/2023_08_29_sicurezza\/PLA_0429.jpg\"\n               data-thumbnail=\"http:\/\/www.spaziotorino.it\/scatto\/wp-content\/gallery\/2023_08_29_sicurezza\/thumbs\/thumbs_PLA_0429.jpg\"\n               data-image-id=\"30110\"\n               data-title=\"Patto per la Sicurezza urbana: siglata l\u2019intesa tra Prefettura, Regione Piemonte e Citt\u00e0 di Torino\"\n               data-description=\"Patto per la Sicurezza urbana: siglata l\u2019intesa tra Prefettura, Regione Piemonte e Citt\u00e0 di Torino\"\n               data-image-slug=\"pla_0429\"\n               class=\"ngg-fancybox\" rel=\"7334d52bbc439a365abb6a0f3d40c749\">\n                <img\n                    title=\"Patto per la Sicurezza urbana: siglata l\u2019intesa tra Prefettura, Regione Piemonte e Citt\u00e0 di Torino\"\n                    alt=\"Patto per la Sicurezza urbana: siglata l\u2019intesa tra Prefettura, Regione Piemonte e Citt\u00e0 di Torino\"\n                    src=\"http:\/\/www.spaziotorino.it\/scatto\/wp-content\/gallery\/2023_08_29_sicurezza\/cache\/PLA_0429.jpg-nggid0530110-ngg0dyn-60x60x100-00f0w010c011r110f110r010t010.jpg\"\n                    width=\"60\"\n                    height=\"60\"\n                    style=\"max-width:100%;\"\n                \/>\n            <\/a>\n        <\/div>\n\t\t\t\t\t\t\t<\/div> \n\t\t\t\n        \n\t\t\t\t<div id=\"ngg-image-1\" class=\"ngg-gallery-thumbnail-box\" >\n\t\t\t\t        <div class=\"ngg-gallery-thumbnail\">\n            <a href=\"http:\/\/www.spaziotorino.it\/scatto\/wp-content\/gallery\/2023_08_29_sicurezza\/PLA_0358.jpg\"\n               title=\"L&#039;ingresso della Prefettura di Torino\"\n               data-src=\"http:\/\/www.spaziotorino.it\/scatto\/wp-content\/gallery\/2023_08_29_sicurezza\/PLA_0358.jpg\"\n               data-thumbnail=\"http:\/\/www.spaziotorino.it\/scatto\/wp-content\/gallery\/2023_08_29_sicurezza\/thumbs\/thumbs_PLA_0358.jpg\"\n               data-image-id=\"30104\"\n               data-title=\"L&#039;ingresso della Prefettura di Torino\"\n               data-description=\"L&#039;ingresso della Prefettura di Torino\"\n               data-image-slug=\"pla_0358-3\"\n               class=\"ngg-fancybox\" rel=\"7334d52bbc439a365abb6a0f3d40c749\">\n                <img\n                    title=\"L&#039;ingresso della Prefettura di Torino\"\n                    alt=\"L&#039;ingresso della Prefettura di Torino\"\n                    src=\"http:\/\/www.spaziotorino.it\/scatto\/wp-content\/gallery\/2023_08_29_sicurezza\/cache\/PLA_0358.jpg-nggid0530104-ngg0dyn-60x60x100-00f0w010c011r110f110r010t010.jpg\"\n                    width=\"60\"\n                    height=\"60\"\n                    style=\"max-width:100%;\"\n                \/>\n            <\/a>\n        <\/div>\n\t\t\t\t\t\t\t<\/div> \n\t\t\t\n        \n\t\t\t\t<div id=\"ngg-image-2\" class=\"ngg-gallery-thumbnail-box\" >\n\t\t\t\t        <div class=\"ngg-gallery-thumbnail\">\n            <a href=\"http:\/\/www.spaziotorino.it\/scatto\/wp-content\/gallery\/2023_08_29_sicurezza\/PLA_0394.jpg\"\n               title=\"Patto per la Sicurezza urbana: siglata l\u2019intesa tra Prefettura, Regione Piemonte e Citt\u00e0 di Torino\"\n               data-src=\"http:\/\/www.spaziotorino.it\/scatto\/wp-content\/gallery\/2023_08_29_sicurezza\/PLA_0394.jpg\"\n               data-thumbnail=\"http:\/\/www.spaziotorino.it\/scatto\/wp-content\/gallery\/2023_08_29_sicurezza\/thumbs\/thumbs_PLA_0394.jpg\"\n               data-image-id=\"30105\"\n               data-title=\"Patto per la Sicurezza urbana: siglata l\u2019intesa tra Prefettura, Regione Piemonte e Citt\u00e0 di Torino\"\n               data-description=\"Patto per la Sicurezza urbana: siglata l\u2019intesa tra Prefettura, Regione Piemonte e Citt\u00e0 di Torino\"\n               data-image-slug=\"pla_0394-1\"\n               class=\"ngg-fancybox\" rel=\"7334d52bbc439a365abb6a0f3d40c749\">\n                <img\n                    title=\"Patto per la Sicurezza urbana: siglata l\u2019intesa tra Prefettura, Regione Piemonte e Citt\u00e0 di Torino\"\n                    alt=\"Patto per la Sicurezza urbana: siglata l\u2019intesa tra Prefettura, Regione Piemonte e Citt\u00e0 di Torino\"\n                    src=\"http:\/\/www.spaziotorino.it\/scatto\/wp-content\/gallery\/2023_08_29_sicurezza\/cache\/PLA_0394.jpg-nggid0530105-ngg0dyn-60x60x100-00f0w010c011r110f110r010t010.jpg\"\n                    width=\"60\"\n                    height=\"60\"\n                    style=\"max-width:100%;\"\n                \/>\n            <\/a>\n        <\/div>\n\t\t\t\t\t\t\t<\/div> \n\t\t\t\n        \n\t\t\t\t<div id=\"ngg-image-3\" class=\"ngg-gallery-thumbnail-box\" >\n\t\t\t\t        <div class=\"ngg-gallery-thumbnail\">\n            <a href=\"http:\/\/www.spaziotorino.it\/scatto\/wp-content\/gallery\/2023_08_29_sicurezza\/PLA_0403.jpg\"\n               title=\"Patto per la Sicurezza urbana: siglata l\u2019intesa tra Prefettura, Regione Piemonte e Citt\u00e0 di Torino\"\n               data-src=\"http:\/\/www.spaziotorino.it\/scatto\/wp-content\/gallery\/2023_08_29_sicurezza\/PLA_0403.jpg\"\n               data-thumbnail=\"http:\/\/www.spaziotorino.it\/scatto\/wp-content\/gallery\/2023_08_29_sicurezza\/thumbs\/thumbs_PLA_0403.jpg\"\n               data-image-id=\"30106\"\n               data-title=\"Patto per la Sicurezza urbana: siglata l\u2019intesa tra Prefettura, Regione Piemonte e Citt\u00e0 di Torino\"\n               data-description=\"Patto per la Sicurezza urbana: siglata l\u2019intesa tra Prefettura, Regione Piemonte e Citt\u00e0 di Torino\"\n               data-image-slug=\"pla_0403-1\"\n               class=\"ngg-fancybox\" rel=\"7334d52bbc439a365abb6a0f3d40c749\">\n                <img\n                    title=\"Patto per la Sicurezza urbana: siglata l\u2019intesa tra Prefettura, Regione Piemonte e Citt\u00e0 di Torino\"\n                    alt=\"Patto per la Sicurezza urbana: siglata l\u2019intesa tra Prefettura, Regione Piemonte e Citt\u00e0 di Torino\"\n                    src=\"http:\/\/www.spaziotorino.it\/scatto\/wp-content\/gallery\/2023_08_29_sicurezza\/cache\/PLA_0403.jpg-nggid0530106-ngg0dyn-60x60x100-00f0w010c011r110f110r010t010.jpg\"\n                    width=\"60\"\n                    height=\"60\"\n                    style=\"max-width:100%;\"\n                \/>\n            <\/a>\n        <\/div>\n\t\t\t\t\t\t\t<\/div> \n\t\t\t\n        \n\t\t\t\t<div id=\"ngg-image-4\" class=\"ngg-gallery-thumbnail-box\" >\n\t\t\t\t        <div class=\"ngg-gallery-thumbnail\">\n            <a href=\"http:\/\/www.spaziotorino.it\/scatto\/wp-content\/gallery\/2023_08_29_sicurezza\/PLA_0380.jpg\"\n               title=\"Fabrizio Ricca, Raffaele Ruberto e Stefano Lo Russo\"\n               data-src=\"http:\/\/www.spaziotorino.it\/scatto\/wp-content\/gallery\/2023_08_29_sicurezza\/PLA_0380.jpg\"\n               data-thumbnail=\"http:\/\/www.spaziotorino.it\/scatto\/wp-content\/gallery\/2023_08_29_sicurezza\/thumbs\/thumbs_PLA_0380.jpg\"\n               data-image-id=\"30107\"\n               data-title=\"Patto per la Sicurezza urbana: siglata l\u2019intesa tra Prefettura, Regione Piemonte e Citt\u00e0 di Torino\"\n               data-description=\"Fabrizio Ricca, Raffaele Ruberto e Stefano Lo Russo\"\n               data-image-slug=\"pla_0380-1\"\n               class=\"ngg-fancybox\" rel=\"7334d52bbc439a365abb6a0f3d40c749\">\n                <img\n                    title=\"Patto per la Sicurezza urbana: siglata l\u2019intesa tra Prefettura, Regione Piemonte e Citt\u00e0 di Torino\"\n                    alt=\"Patto per la Sicurezza urbana: siglata l\u2019intesa tra Prefettura, Regione Piemonte e Citt\u00e0 di Torino\"\n                    src=\"http:\/\/www.spaziotorino.it\/scatto\/wp-content\/gallery\/2023_08_29_sicurezza\/cache\/PLA_0380.jpg-nggid0530107-ngg0dyn-60x60x100-00f0w010c011r110f110r010t010.jpg\"\n                    width=\"60\"\n                    height=\"60\"\n                    style=\"max-width:100%;\"\n                \/>\n            <\/a>\n        <\/div>\n\t\t\t\t\t\t\t<\/div> \n\t\t\t\n        \n\t\t\t\t<div id=\"ngg-image-5\" class=\"ngg-gallery-thumbnail-box\" >\n\t\t\t\t        <div class=\"ngg-gallery-thumbnail\">\n            <a href=\"http:\/\/www.spaziotorino.it\/scatto\/wp-content\/gallery\/2023_08_29_sicurezza\/PLA_0372.jpg\"\n               title=\"Il Sindaco Stefano Lo Russo\"\n               data-src=\"http:\/\/www.spaziotorino.it\/scatto\/wp-content\/gallery\/2023_08_29_sicurezza\/PLA_0372.jpg\"\n               data-thumbnail=\"http:\/\/www.spaziotorino.it\/scatto\/wp-content\/gallery\/2023_08_29_sicurezza\/thumbs\/thumbs_PLA_0372.jpg\"\n               data-image-id=\"30109\"\n               data-title=\"Il Sindaco Stefano Lo Russo\"\n               data-description=\"Il Sindaco Stefano Lo Russo\"\n               data-image-slug=\"pla_0372-2\"\n               class=\"ngg-fancybox\" rel=\"7334d52bbc439a365abb6a0f3d40c749\">\n                <img\n                    title=\"Il Sindaco Stefano Lo Russo\"\n                    alt=\"Il Sindaco Stefano Lo Russo\"\n                    src=\"http:\/\/www.spaziotorino.it\/scatto\/wp-content\/gallery\/2023_08_29_sicurezza\/cache\/PLA_0372.jpg-nggid0530109-ngg0dyn-60x60x100-00f0w010c011r110f110r010t010.jpg\"\n                    width=\"60\"\n                    height=\"60\"\n                    style=\"max-width:100%;\"\n                \/>\n            <\/a>\n        <\/div>\n\t\t\t\t\t\t\t<\/div> \n\t\t\t\n        \n\t\t\n\t\t<!-- Pagination -->\n\t<div class='ngg-clear'><\/div>\t<\/div>\n\n<p>Migliorare ulteriormente la vivibilit\u00e0, il sistema complessivo della sicurezza urbana e la percezione di sicurezza nella cittadinanza per lo sviluppo di forme sempre pi\u00f9 rafforzate di coesione sociale.<\/p>\n<p>E\u2019 questo in sintesi l\u2019obiettivo del Patto per la sicurezza urbana sottoscritto questa mattina tra Prefettura, Regione Piemonte e Citt\u00e0 di Torino, nella convinzione che la sicurezza e la qualit\u00e0 della vita urbana siano diritti prioritari che richiedono, a fronte di problematiche complesse, l\u2019azione congiunta e sinergica di pi\u00f9 livelli di governo.<span id=\"more-114023\"><\/span><\/p>\n<p>Questi i cardini dell\u2019intesa: rafforzamento dei sistemi di controllo del territorio; impiego di nuove tecnologie per il controllo del territorio; implementazione dei sistemi di videosorveglianza; prevenzione e contrasto delle pi\u00f9 diffuse forme di criminalit\u00e0 predatoria; prevenzione e contrasto del fenomeno dello spaccio di sostanze stupefacenti; contrasto delle criticit\u00e0 urbane e dei fenomeni di illegalit\u00e0 diffusa; rafforzamento dei meccanismi di interscambio informativo fra le Forze di Polizia statali e le Polizie Locali.<\/p>\n<p>Al fine di contribuire al perseguimento delle finalit\u00e0 la Regione Piemonte si impegna ad effettuare a favore del Ministero dell\u2019Interno un finanziamento pari ad 1 milione di euro finalizzato a supportare l\u2019attivit\u00e0 quotidiana delle Forze di Polizia territoriali. In particolare verr\u00e0 predisposto un sistema di videosorveglianza all\u2019avanguardia di lettura e rilevazione targhe che, interfacciandosi con i server del Ministero, migliorer\u00e0 notevolmente la capacit\u00e0 di controllo del territorio delle Forze dell\u2019Ordine e verranno inoltre garantiti ulteriori e supplementari servizi interforze ad alto impatto di controllo del territorio e di prevenzione e contrasto delle principali fattispecie criminose.<\/p>\n<p>Una Cabina di Regia costituita presso la Prefettura, oltre ad individuare le specifiche iniziative da realizzare curer\u00e0 il monitoraggio circa l\u2019effettiva attuazione del Protocollo. L\u2019Intesa ha efficacia biennale tacitamente rinnovabile e comunque fino alla completa realizzazione delle iniziative individuate dalla Cabina di Regia e riconducibili al predetto finanziamento.<\/p>\n<p>All\u2019atto della sottoscrizione del Patto,&nbsp;<strong>il Prefetto di Torino, Raffaele Ruberto<\/strong>, ha espresso la propria soddisfazione per il raggiungimento di questo importante risultato, che conferma ancora una volta la piena sinergia esistente fra tutte le Istituzioni del territorio torinese. \u201c<em>Desidero ringraziare la Regione Piemonte e la Citt\u00e0 di Torino per la disponibilit\u00e0 e lo spirito di sincera collaborazione manifestati\u201d<\/em>, ha soggiunto il Prefetto.<em>&nbsp;\u201cL\u2019obiettivo di quest\u2019Intesa \u00e8 quello di innalzare ulteriormente il livello di sicurezza, anche percepita, nell\u2019area metropolitana di Torino e fornire pronta risposta alle legittime aspettative della cittadinanza\u201d.<\/em><\/p>\n<p><em>\u201cAlla criminalit\u00e0 diffusa e all\u2019insicurezza che troppi cittadini vivono nei loro quartieri si risponde con un maggior presidio del territorio. Per questo la Regione ha deciso di stanziare un milione di euro per far arrivare contingenti interforze nelle strade di Torino<\/em>&nbsp;\u2013 affermano<strong>&nbsp;il presidente della Regione Alberto Cirio e l\u2019assessore regionale alla Sicurezza Fabrizio Ricca<\/strong>&nbsp;\u2013<em>&nbsp;e dar forza a un patto che, tra nuove pattuglie e nuovi sistemi di video vigilanza, possa assicurare ai torinesi maggiore serenit\u00e0, strade e quartieri pi\u00f9 sicuri\u201d.<\/em><\/p>\n<p><em>\u201cQuello della sicurezza sociale e del controllo della legalit\u00e0<\/em>&nbsp;\u2013 ha evidenziato&nbsp;<strong>il Sindaco di Torino Stefano Lo Russo<\/strong>&nbsp;\u2013&nbsp;<em>\u00e8 un tema che come Citt\u00e0 ci vede fortemente impegnati e sul quale cerchiamo di mettere in atto tutte le azioni che sono nelle nostre possibilit\u00e0 e prerogative. La firma di questo protocollo metter\u00e0 maggiori strumenti a disposizione della polizia locale e di tutte le forze dell\u2019ordine, contribuendo a garantire maggiore sicurezza per chi vive e lavora a Torino\u201d.<\/em><\/p>\n","protected":false},"excerpt":{"rendered":"<p>Migliorare ulteriormente la vivibilit\u00e0, il sistema complessivo della sicurezza urbana e la percezione di sicurezza nella cittadinanza per lo sviluppo di forme sempre pi\u00f9 rafforzate di coesione sociale. E\u2019 questo in sintesi l\u2019obiettivo del Patto per la sicurezza urbana sottoscritto questa mattina tra Prefettura, Regione Piemonte e Citt\u00e0 di Torino, nella convinzione che la sicurezza [&hellip;]<\/p>\n","protected":false},"author":1,"featured_media":0,"comment_status":"closed","ping_status":"open","sticky":false,"template":"","format":"standard","meta":{"ngg_post_thumbnail":0},"categories":[1,895],"tags":[],"_links":{"self":[{"href":"http:\/\/www.spaziotorino.it\/scatto\/index.php?rest_route=\/wp\/v2\/posts\/46713"}],"collection":[{"href":"http:\/\/www.spaziotorino.it\/scatto\/index.php?rest_route=\/wp\/v2\/posts"}],"about":[{"href":"http:\/\/www.spaziotorino.it\/scatto\/index.php?rest_route=\/wp\/v2\/types\/post"}],"author":[{"embeddable":true,"href":"http:\/\/www.spaziotorino.it\/scatto\/index.php?rest_route=\/wp\/v2\/users\/1"}],"replies":[{"embeddable":true,"href":"http:\/\/www.spaziotorino.it\/scatto\/index.php?rest_route=%2Fwp%2Fv2%2Fcomments&post=46713"}],"version-history":[{"count":1,"href":"http:\/\/www.spaziotorino.it\/scatto\/index.php?rest_route=\/wp\/v2\/posts\/46713\/revisions"}],"predecessor-version":[{"id":46715,"href":"http:\/\/www.spaziotorino.it\/scatto\/index.php?rest_route=\/wp\/v2\/posts\/46713\/revisions\/46715"}],"wp:attachment":[{"href":"http:\/\/www.spaziotorino.it\/scatto\/index.php?rest_route=%2Fwp%2Fv2%2Fmedia&parent=46713"}],"wp:term":[{"taxonomy":"category","embeddable":true,"href":"http:\/\/www.spaziotorino.it\/scatto\/index.php?rest_route=%2Fwp%2Fv2%2Fcategories&post=46713"},{"taxonomy":"post_tag","embeddable":true,"href":"http:\/\/www.spaziotorino.it\/scatto\/index.php?rest_route=%2Fwp%2Fv2%2Ftags&post=46713"}],"curies":[{"name":"wp","href":"https:\/\/api.w.org\/{rel}","templated":true}]}}