{"id":4694,"date":"2015-05-25T14:55:35","date_gmt":"2015-05-25T13:55:35","guid":{"rendered":"http:\/\/www.spaziotorino.it\/scatto\/?p=4694"},"modified":"2015-05-25T14:55:35","modified_gmt":"2015-05-25T13:55:35","slug":"to-hand-bike-una-bici-davvero-per-tutti","status":"publish","type":"post","link":"http:\/\/www.spaziotorino.it\/scatto\/?p=4694","title":{"rendered":"TO Hand Bike, una bici davvero per tutti"},"content":{"rendered":"<p><a title=\"TO Hand Bike, una bici davvero per tutti\" rel=\"lightbox[set_947]\" href=\"http:\/\/www.spaziotorino.it\/scatto\/wp-content\/gallery\/2015_05_25_handbike\/img_1177.jpg\"><br \/>\n<img decoding=\"async\" loading=\"lazy\" class=\"ngg-singlepic\" title=\"TO Hand Bike, una bici davvero per tutti\" src=\"http:\/\/www.spaziotorino.it\/scatto\/wp-content\/gallery\/2015_05_25_handbike\/img_1177.jpg\" alt=\"\" width=\"540\" height=\"360\" \/><\/a><\/p>\n<!-- index.php -->\n<div\n\tclass=\"ngg-galleryoverview ngg-ajax-pagination-none\"\n\tid=\"ngg-gallery-f44c56b18a3b2918abc4e2c7de7dffba-1\">\n\n    \t\t<!-- Thumbnails -->\n\t\t\t\t<div id=\"ngg-image-0\" class=\"ngg-gallery-thumbnail-box\" >\n\t\t\t\t        <div class=\"ngg-gallery-thumbnail\">\n            <a href=\"http:\/\/www.spaziotorino.it\/scatto\/wp-content\/gallery\/2015_05_25_handbike\/img_1164.jpg\"\n               title=\"Angelo Catanzaro e Enzo Lavolta\"\n               data-src=\"http:\/\/www.spaziotorino.it\/scatto\/wp-content\/gallery\/2015_05_25_handbike\/img_1164.jpg\"\n               data-thumbnail=\"http:\/\/www.spaziotorino.it\/scatto\/wp-content\/gallery\/2015_05_25_handbike\/thumbs\/thumbs_img_1164.jpg\"\n               data-image-id=\"15270\"\n               data-title=\"Angelo Catanzaro e Enzo Lavolta\"\n               data-description=\"Angelo Catanzaro e Enzo Lavolta\"\n               data-image-slug=\"angelo-catanzaro-e-enzo-lavolta\"\n               class=\"ngg-fancybox\" rel=\"f44c56b18a3b2918abc4e2c7de7dffba\">\n                <img\n                    title=\"Angelo Catanzaro e Enzo Lavolta\"\n                    alt=\"Angelo Catanzaro e Enzo Lavolta\"\n                    src=\"http:\/\/www.spaziotorino.it\/scatto\/wp-content\/gallery\/2015_05_25_handbike\/cache\/img_1164.jpg-nggid0515270-ngg0dyn-60x60x100-00f0w010c011r110f110r010t010.jpg\"\n                    width=\"60\"\n                    height=\"60\"\n                    style=\"max-width:100%;\"\n                \/>\n            <\/a>\n        <\/div>\n\t\t\t\t\t\t\t<\/div> \n\t\t\t\n        \n\t\t\t\t<div id=\"ngg-image-1\" class=\"ngg-gallery-thumbnail-box\" >\n\t\t\t\t        <div class=\"ngg-gallery-thumbnail\">\n            <a href=\"http:\/\/www.spaziotorino.it\/scatto\/wp-content\/gallery\/2015_05_25_handbike\/img_1183.jpg\"\n               title=\"To Hand Bike\"\n               data-src=\"http:\/\/www.spaziotorino.it\/scatto\/wp-content\/gallery\/2015_05_25_handbike\/img_1183.jpg\"\n               data-thumbnail=\"http:\/\/www.spaziotorino.it\/scatto\/wp-content\/gallery\/2015_05_25_handbike\/thumbs\/thumbs_img_1183.jpg\"\n               data-image-id=\"15272\"\n               data-title=\"To Hand Bike\"\n               data-description=\"To Hand Bike\"\n               data-image-slug=\"to-hand-bike-3\"\n               class=\"ngg-fancybox\" rel=\"f44c56b18a3b2918abc4e2c7de7dffba\">\n                <img\n                    title=\"To Hand Bike\"\n                    alt=\"To Hand Bike\"\n                    src=\"http:\/\/www.spaziotorino.it\/scatto\/wp-content\/gallery\/2015_05_25_handbike\/cache\/img_1183.jpg-nggid0515272-ngg0dyn-60x60x100-00f0w010c011r110f110r010t010.jpg\"\n                    width=\"60\"\n                    height=\"60\"\n                    style=\"max-width:100%;\"\n                \/>\n            <\/a>\n        <\/div>\n\t\t\t\t\t\t\t<\/div> \n\t\t\t\n        \n\t\t\t\t<div id=\"ngg-image-2\" class=\"ngg-gallery-thumbnail-box\" >\n\t\t\t\t        <div class=\"ngg-gallery-thumbnail\">\n            <a href=\"http:\/\/www.spaziotorino.it\/scatto\/wp-content\/gallery\/2015_05_25_handbike\/img_1186.jpg\"\n               title=\"To Hand Bike\"\n               data-src=\"http:\/\/www.spaziotorino.it\/scatto\/wp-content\/gallery\/2015_05_25_handbike\/img_1186.jpg\"\n               data-thumbnail=\"http:\/\/www.spaziotorino.it\/scatto\/wp-content\/gallery\/2015_05_25_handbike\/thumbs\/thumbs_img_1186.jpg\"\n               data-image-id=\"15273\"\n               data-title=\"To Hand Bike\"\n               data-description=\"To Hand Bike\"\n               data-image-slug=\"to-hand-bike-4\"\n               class=\"ngg-fancybox\" rel=\"f44c56b18a3b2918abc4e2c7de7dffba\">\n                <img\n                    title=\"To Hand Bike\"\n                    alt=\"To Hand Bike\"\n                    src=\"http:\/\/www.spaziotorino.it\/scatto\/wp-content\/gallery\/2015_05_25_handbike\/cache\/img_1186.jpg-nggid0515273-ngg0dyn-60x60x100-00f0w010c011r110f110r010t010.jpg\"\n                    width=\"60\"\n                    height=\"60\"\n                    style=\"max-width:100%;\"\n                \/>\n            <\/a>\n        <\/div>\n\t\t\t\t\t\t\t<\/div> \n\t\t\t\n        \n\t\t\t\t<div id=\"ngg-image-3\" class=\"ngg-gallery-thumbnail-box\" >\n\t\t\t\t        <div class=\"ngg-gallery-thumbnail\">\n            <a href=\"http:\/\/www.spaziotorino.it\/scatto\/wp-content\/gallery\/2015_05_25_handbike\/img_1189.jpg\"\n               title=\"To Hand Bike\"\n               data-src=\"http:\/\/www.spaziotorino.it\/scatto\/wp-content\/gallery\/2015_05_25_handbike\/img_1189.jpg\"\n               data-thumbnail=\"http:\/\/www.spaziotorino.it\/scatto\/wp-content\/gallery\/2015_05_25_handbike\/thumbs\/thumbs_img_1189.jpg\"\n               data-image-id=\"15274\"\n               data-title=\"To Hand Bike\"\n               data-description=\"To Hand Bike\"\n               data-image-slug=\"to-hand-bike\"\n               class=\"ngg-fancybox\" rel=\"f44c56b18a3b2918abc4e2c7de7dffba\">\n                <img\n                    title=\"To Hand Bike\"\n                    alt=\"To Hand Bike\"\n                    src=\"http:\/\/www.spaziotorino.it\/scatto\/wp-content\/gallery\/2015_05_25_handbike\/cache\/img_1189.jpg-nggid0515274-ngg0dyn-60x60x100-00f0w010c011r110f110r010t010.jpg\"\n                    width=\"60\"\n                    height=\"60\"\n                    style=\"max-width:100%;\"\n                \/>\n            <\/a>\n        <\/div>\n\t\t\t\t\t\t\t<\/div> \n\t\t\t\n        \n\t\t\t\t<div id=\"ngg-image-4\" class=\"ngg-gallery-thumbnail-box\" >\n\t\t\t\t        <div class=\"ngg-gallery-thumbnail\">\n            <a href=\"http:\/\/www.spaziotorino.it\/scatto\/wp-content\/gallery\/2015_05_25_handbike\/img_1177.jpg\"\n               title=\"Enzo Lavolta prova la Hand Bike\"\n               data-src=\"http:\/\/www.spaziotorino.it\/scatto\/wp-content\/gallery\/2015_05_25_handbike\/img_1177.jpg\"\n               data-thumbnail=\"http:\/\/www.spaziotorino.it\/scatto\/wp-content\/gallery\/2015_05_25_handbike\/thumbs\/thumbs_img_1177.jpg\"\n               data-image-id=\"15271\"\n               data-title=\"Enzo Lavolta prova la Hand Bike\"\n               data-description=\"Enzo Lavolta prova la Hand Bike\"\n               data-image-slug=\"enzo-lavolta-prova-la-hand-bike\"\n               class=\"ngg-fancybox\" rel=\"f44c56b18a3b2918abc4e2c7de7dffba\">\n                <img\n                    title=\"Enzo Lavolta prova la Hand Bike\"\n                    alt=\"Enzo Lavolta prova la Hand Bike\"\n                    src=\"http:\/\/www.spaziotorino.it\/scatto\/wp-content\/gallery\/2015_05_25_handbike\/cache\/img_1177.jpg-nggid0515271-ngg0dyn-60x60x100-00f0w010c011r110f110r010t010.jpg\"\n                    width=\"60\"\n                    height=\"60\"\n                    style=\"max-width:100%;\"\n                \/>\n            <\/a>\n        <\/div>\n\t\t\t\t\t\t\t<\/div> \n\t\t\t\n        \n\t\t\t\t<div id=\"ngg-image-5\" class=\"ngg-gallery-thumbnail-box\" >\n\t\t\t\t        <div class=\"ngg-gallery-thumbnail\">\n            <a href=\"http:\/\/www.spaziotorino.it\/scatto\/wp-content\/gallery\/2015_05_25_handbike\/img_1192.jpg\"\n               title=\"To Hand Bike\"\n               data-src=\"http:\/\/www.spaziotorino.it\/scatto\/wp-content\/gallery\/2015_05_25_handbike\/img_1192.jpg\"\n               data-thumbnail=\"http:\/\/www.spaziotorino.it\/scatto\/wp-content\/gallery\/2015_05_25_handbike\/thumbs\/thumbs_img_1192.jpg\"\n               data-image-id=\"15275\"\n               data-title=\"To Hand Bike\"\n               data-description=\"To Hand Bike\"\n               data-image-slug=\"to-hand-bike-1\"\n               class=\"ngg-fancybox\" rel=\"f44c56b18a3b2918abc4e2c7de7dffba\">\n                <img\n                    title=\"To Hand Bike\"\n                    alt=\"To Hand Bike\"\n                    src=\"http:\/\/www.spaziotorino.it\/scatto\/wp-content\/gallery\/2015_05_25_handbike\/cache\/img_1192.jpg-nggid0515275-ngg0dyn-60x60x100-00f0w010c011r110f110r010t010.jpg\"\n                    width=\"60\"\n                    height=\"60\"\n                    style=\"max-width:100%;\"\n                \/>\n            <\/a>\n        <\/div>\n\t\t\t\t\t\t\t<\/div> \n\t\t\t\n        \n\t\t\t\t<div id=\"ngg-image-6\" class=\"ngg-gallery-thumbnail-box\" >\n\t\t\t\t        <div class=\"ngg-gallery-thumbnail\">\n            <a href=\"http:\/\/www.spaziotorino.it\/scatto\/wp-content\/gallery\/2015_05_25_handbike\/img_1199.jpg\"\n               title=\"To Hand Bike\"\n               data-src=\"http:\/\/www.spaziotorino.it\/scatto\/wp-content\/gallery\/2015_05_25_handbike\/img_1199.jpg\"\n               data-thumbnail=\"http:\/\/www.spaziotorino.it\/scatto\/wp-content\/gallery\/2015_05_25_handbike\/thumbs\/thumbs_img_1199.jpg\"\n               data-image-id=\"15276\"\n               data-title=\"To Hand Bike\"\n               data-description=\"To Hand Bike\"\n               data-image-slug=\"to-hand-bike-2\"\n               class=\"ngg-fancybox\" rel=\"f44c56b18a3b2918abc4e2c7de7dffba\">\n                <img\n                    title=\"To Hand Bike\"\n                    alt=\"To Hand Bike\"\n                    src=\"http:\/\/www.spaziotorino.it\/scatto\/wp-content\/gallery\/2015_05_25_handbike\/cache\/img_1199.jpg-nggid0515276-ngg0dyn-60x60x100-00f0w010c011r110f110r010t010.jpg\"\n                    width=\"60\"\n                    height=\"60\"\n                    style=\"max-width:100%;\"\n                \/>\n            <\/a>\n        <\/div>\n\t\t\t\t\t\t\t<\/div> \n\t\t\t\n        \n\t\t\n\t\t<!-- Pagination -->\n\t<div class='ngg-clear'><\/div>\t<\/div>\n\n<p>Partir\u00e0 l\u20198 giugno il periodo di sperimentazione del To Hand Bike, il progetto che render\u00e0 possibile utilizzare lo sharing torinese, oltre alle classiche bici gialle, anche alle persone con ridotte capacit\u00e0 motorie.<\/p>\n<p>Si tratta di un\u2019iniziativa assolutamente unica a livello internazionale, se non addirittura mondiale, che \u00e8 stata realizzata su proposta dell\u2019Associazione AISP con la collaborazione di TO Bike Sharing. Il periodo di sperimentazione durer\u00e0 6 mesi durante i quali i ciclisti potranno prelevare la hand bike prenotando sul sito <a href=\"http:\/\/www.tobike.it\/\">www.tobike.it<\/a> dopo ogni utilizzo il biker \u00e8 invitato a compilare un questionario legato alle specificit\u00e0 della hand bike e del servizio segnalando problematiche ed esprimendo un proprio giudizio. Dopo tutti questi feedback, nella primavera 2016 partir\u00e0 il servizio e cos\u00ec Torino offrir\u00e0 la possibilit\u00e0 di utilizzare questo nuovo modo di condivisione della bici anche alle presone con ridotte capacit\u00e0 motorie. Oltre alla handbike, che si basa sulla spinta delle braccia e potr\u00e0 essere utilizzata da tutti e non solo da chi ha problemi di mobilit\u00e0, ci saranno anche degli unicicli da applicare direttamente alla propria carrozzina.<\/p>\n<p>&#8220;Abbiamo voluto provare ad osare &#8211; ha sottolineato l&#8217;assessore comunale all&#8217;Ambiente, Enzo Lavolta &#8211; e mi piace non solo l&#8217;idea che Torino sia la prima citt\u00e0 a sperimentare l&#8217;handbike sharing ma anche che la bicicletta si confermi sempre pi\u00f9, nella nostra citt\u00e0, uno strumento di libert\u00e0&#8221;.<\/p>\n<p>Alla presentazione del Progetto, questa mattina a Palazzo civico, erano presenti tra gli altri l\u2019assessore all\u2019ambiente Enzo Lavolta, il Presidente di AIPS, Angelo Catanzaro, il VicePresidente Silvio Magliano e i rappresentanti della Compagnia di San Paolo e della Reale Mutua Assicurazioni.<\/p>\n","protected":false},"excerpt":{"rendered":"<p>Partir\u00e0 l\u20198 giugno il periodo di sperimentazione del To Hand Bike, il progetto che render\u00e0 possibile utilizzare lo sharing torinese, oltre alle classiche bici gialle, anche alle persone con ridotte capacit\u00e0 motorie. Si tratta di un\u2019iniziativa assolutamente unica a livello internazionale, se non addirittura mondiale, che \u00e8 stata realizzata su proposta dell\u2019Associazione AISP con la [&hellip;]<\/p>\n","protected":false},"author":1,"featured_media":0,"comment_status":"closed","ping_status":"open","sticky":false,"template":"","format":"standard","meta":{"ngg_post_thumbnail":0},"categories":[1,41],"tags":[2691,2690],"_links":{"self":[{"href":"http:\/\/www.spaziotorino.it\/scatto\/index.php?rest_route=\/wp\/v2\/posts\/4694"}],"collection":[{"href":"http:\/\/www.spaziotorino.it\/scatto\/index.php?rest_route=\/wp\/v2\/posts"}],"about":[{"href":"http:\/\/www.spaziotorino.it\/scatto\/index.php?rest_route=\/wp\/v2\/types\/post"}],"author":[{"embeddable":true,"href":"http:\/\/www.spaziotorino.it\/scatto\/index.php?rest_route=\/wp\/v2\/users\/1"}],"replies":[{"embeddable":true,"href":"http:\/\/www.spaziotorino.it\/scatto\/index.php?rest_route=%2Fwp%2Fv2%2Fcomments&post=4694"}],"version-history":[{"count":2,"href":"http:\/\/www.spaziotorino.it\/scatto\/index.php?rest_route=\/wp\/v2\/posts\/4694\/revisions"}],"predecessor-version":[{"id":4696,"href":"http:\/\/www.spaziotorino.it\/scatto\/index.php?rest_route=\/wp\/v2\/posts\/4694\/revisions\/4696"}],"wp:attachment":[{"href":"http:\/\/www.spaziotorino.it\/scatto\/index.php?rest_route=%2Fwp%2Fv2%2Fmedia&parent=4694"}],"wp:term":[{"taxonomy":"category","embeddable":true,"href":"http:\/\/www.spaziotorino.it\/scatto\/index.php?rest_route=%2Fwp%2Fv2%2Fcategories&post=4694"},{"taxonomy":"post_tag","embeddable":true,"href":"http:\/\/www.spaziotorino.it\/scatto\/index.php?rest_route=%2Fwp%2Fv2%2Ftags&post=4694"}],"curies":[{"name":"wp","href":"https:\/\/api.w.org\/{rel}","templated":true}]}}