{"id":47506,"date":"2023-10-25T14:30:56","date_gmt":"2023-10-25T13:30:56","guid":{"rendered":"http:\/\/www.spaziotorino.it\/scatto\/?p=47506"},"modified":"2023-10-25T14:30:56","modified_gmt":"2023-10-25T13:30:56","slug":"cani-in-famiglia-e-in-citta-al-via-gli-incontri-formativi-per-proprietari-e-amanti-degli-amici-a-quattro-zampe","status":"publish","type":"post","link":"http:\/\/www.spaziotorino.it\/scatto\/?p=47506","title":{"rendered":"Cani in famiglia e in citt\u00e0! Al via gli incontri formativi per proprietari e amanti degli amici a quattro zampe"},"content":{"rendered":"<p><a class=\"ngg-fancybox\" title=\"Cani in famiglia e in citt\u00e0! Al via gli incontri formativi per proprietari e amanti degli amici a quattro zampe\" href=\"http:\/\/www.spaziotorino.it\/scatto\/wp-content\/gallery\/2023_10_25_canile\/PLA_7654.jpg\" rel=\"lightbox[set_2050]\"><br \/>\n<img decoding=\"async\" loading=\"lazy\" class=\"ngg-singlepic\" title=\"Cani in famiglia e in citt\u00e0! Al via gli incontri formativi per proprietari e amanti degli amici a quattro zampe\" src=\"http:\/\/www.spaziotorino.it\/scatto\/wp-content\/gallery\/2023_10_25_canile\/PLA_7654.jpg\" alt=\"\" width=\"540\" height=\"360\"\/><\/a><\/p>\n<!-- index.php -->\n<div\n\tclass=\"ngg-galleryoverview ngg-ajax-pagination-none\"\n\tid=\"ngg-gallery-698c4faeec04cc262cdb85e1aab8a8ed-1\">\n\n    \t\t<!-- Thumbnails -->\n\t\t\t\t<div id=\"ngg-image-0\" class=\"ngg-gallery-thumbnail-box\" >\n\t\t\t\t        <div class=\"ngg-gallery-thumbnail\">\n            <a href=\"http:\/\/www.spaziotorino.it\/scatto\/wp-content\/gallery\/2023_10_25_canile\/PLA_7507.jpg\"\n               title=\"Il Canile Rifugio Citt\u00e0 di Torino in strada Cuorgn\u00e8 139\"\n               data-src=\"http:\/\/www.spaziotorino.it\/scatto\/wp-content\/gallery\/2023_10_25_canile\/PLA_7507.jpg\"\n               data-thumbnail=\"http:\/\/www.spaziotorino.it\/scatto\/wp-content\/gallery\/2023_10_25_canile\/thumbs\/thumbs_PLA_7507.jpg\"\n               data-image-id=\"30670\"\n               data-title=\"Il Canile Rifugio Citt\u00e0 di Torino in strada Cuorgn\u00e8 139\"\n               data-description=\"Il Canile Rifugio Citt\u00e0 di Torino in strada Cuorgn\u00e8 139\"\n               data-image-slug=\"pla_7507-2\"\n               class=\"ngg-fancybox\" rel=\"698c4faeec04cc262cdb85e1aab8a8ed\">\n                <img\n                    title=\"Il Canile Rifugio Citt\u00e0 di Torino in strada Cuorgn\u00e8 139\"\n                    alt=\"Il Canile Rifugio Citt\u00e0 di Torino in strada Cuorgn\u00e8 139\"\n                    src=\"http:\/\/www.spaziotorino.it\/scatto\/wp-content\/gallery\/2023_10_25_canile\/cache\/PLA_7507.jpg-nggid0530670-ngg0dyn-60x60x100-00f0w010c011r110f110r010t010.jpg\"\n                    width=\"60\"\n                    height=\"60\"\n                    style=\"max-width:100%;\"\n                \/>\n            <\/a>\n        <\/div>\n\t\t\t\t\t\t\t<\/div> \n\t\t\t\n        \n\t\t\t\t<div id=\"ngg-image-1\" class=\"ngg-gallery-thumbnail-box\" >\n\t\t\t\t        <div class=\"ngg-gallery-thumbnail\">\n            <a href=\"http:\/\/www.spaziotorino.it\/scatto\/wp-content\/gallery\/2023_10_25_canile\/PLA_7516.jpg\"\n               title=\"Il Canile Rifugio Citt\u00e0 di Torino in strada Cuorgn\u00e8 139\"\n               data-src=\"http:\/\/www.spaziotorino.it\/scatto\/wp-content\/gallery\/2023_10_25_canile\/PLA_7516.jpg\"\n               data-thumbnail=\"http:\/\/www.spaziotorino.it\/scatto\/wp-content\/gallery\/2023_10_25_canile\/thumbs\/thumbs_PLA_7516.jpg\"\n               data-image-id=\"30675\"\n               data-title=\"Il Canile Rifugio Citt\u00e0 di Torino in strada Cuorgn\u00e8 139\"\n               data-description=\"Il Canile Rifugio Citt\u00e0 di Torino in strada Cuorgn\u00e8 139\"\n               data-image-slug=\"pla_7516\"\n               class=\"ngg-fancybox\" rel=\"698c4faeec04cc262cdb85e1aab8a8ed\">\n                <img\n                    title=\"Il Canile Rifugio Citt\u00e0 di Torino in strada Cuorgn\u00e8 139\"\n                    alt=\"Il Canile Rifugio Citt\u00e0 di Torino in strada Cuorgn\u00e8 139\"\n                    src=\"http:\/\/www.spaziotorino.it\/scatto\/wp-content\/gallery\/2023_10_25_canile\/cache\/PLA_7516.jpg-nggid0530675-ngg0dyn-60x60x100-00f0w010c011r110f110r010t010.jpg\"\n                    width=\"60\"\n                    height=\"60\"\n                    style=\"max-width:100%;\"\n                \/>\n            <\/a>\n        <\/div>\n\t\t\t\t\t\t\t<\/div> \n\t\t\t\n        \n\t\t\t\t<div id=\"ngg-image-2\" class=\"ngg-gallery-thumbnail-box\" >\n\t\t\t\t        <div class=\"ngg-gallery-thumbnail\">\n            <a href=\"http:\/\/www.spaziotorino.it\/scatto\/wp-content\/gallery\/2023_10_25_canile\/PLA_7548.jpg\"\n               title=\"Un momento della conferenza stampa\"\n               data-src=\"http:\/\/www.spaziotorino.it\/scatto\/wp-content\/gallery\/2023_10_25_canile\/PLA_7548.jpg\"\n               data-thumbnail=\"http:\/\/www.spaziotorino.it\/scatto\/wp-content\/gallery\/2023_10_25_canile\/thumbs\/thumbs_PLA_7548.jpg\"\n               data-image-id=\"30673\"\n               data-title=\"Un momento della conferenza stampa\"\n               data-description=\"Un momento della conferenza stampa\"\n               data-image-slug=\"pla_7548\"\n               class=\"ngg-fancybox\" rel=\"698c4faeec04cc262cdb85e1aab8a8ed\">\n                <img\n                    title=\"Un momento della conferenza stampa\"\n                    alt=\"Un momento della conferenza stampa\"\n                    src=\"http:\/\/www.spaziotorino.it\/scatto\/wp-content\/gallery\/2023_10_25_canile\/cache\/PLA_7548.jpg-nggid0530673-ngg0dyn-60x60x100-00f0w010c011r110f110r010t010.jpg\"\n                    width=\"60\"\n                    height=\"60\"\n                    style=\"max-width:100%;\"\n                \/>\n            <\/a>\n        <\/div>\n\t\t\t\t\t\t\t<\/div> \n\t\t\t\n        \n\t\t\t\t<div id=\"ngg-image-3\" class=\"ngg-gallery-thumbnail-box\" >\n\t\t\t\t        <div class=\"ngg-gallery-thumbnail\">\n            <a href=\"http:\/\/www.spaziotorino.it\/scatto\/wp-content\/gallery\/2023_10_25_canile\/PLA_7554.jpg\"\n               title=\"Un momento della conferenza stampa\"\n               data-src=\"http:\/\/www.spaziotorino.it\/scatto\/wp-content\/gallery\/2023_10_25_canile\/PLA_7554.jpg\"\n               data-thumbnail=\"http:\/\/www.spaziotorino.it\/scatto\/wp-content\/gallery\/2023_10_25_canile\/thumbs\/thumbs_PLA_7554.jpg\"\n               data-image-id=\"30674\"\n               data-title=\"Un momento della conferenza stampa\"\n               data-description=\"Un momento della conferenza stampa\"\n               data-image-slug=\"pla_7554\"\n               class=\"ngg-fancybox\" rel=\"698c4faeec04cc262cdb85e1aab8a8ed\">\n                <img\n                    title=\"Un momento della conferenza stampa\"\n                    alt=\"Un momento della conferenza stampa\"\n                    src=\"http:\/\/www.spaziotorino.it\/scatto\/wp-content\/gallery\/2023_10_25_canile\/cache\/PLA_7554.jpg-nggid0530674-ngg0dyn-60x60x100-00f0w010c011r110f110r010t010.jpg\"\n                    width=\"60\"\n                    height=\"60\"\n                    style=\"max-width:100%;\"\n                \/>\n            <\/a>\n        <\/div>\n\t\t\t\t\t\t\t<\/div> \n\t\t\t\n        \n\t\t\t\t<div id=\"ngg-image-4\" class=\"ngg-gallery-thumbnail-box\" >\n\t\t\t\t        <div class=\"ngg-gallery-thumbnail\">\n            <a href=\"http:\/\/www.spaziotorino.it\/scatto\/wp-content\/gallery\/2023_10_25_canile\/PLA_7583.jpg\"\n               title=\"Alvin, uno degli ospiti del Canile Rifugio Citt\u00e0 di Torino, dimostra le sue abilit\u00e0\"\n               data-src=\"http:\/\/www.spaziotorino.it\/scatto\/wp-content\/gallery\/2023_10_25_canile\/PLA_7583.jpg\"\n               data-thumbnail=\"http:\/\/www.spaziotorino.it\/scatto\/wp-content\/gallery\/2023_10_25_canile\/thumbs\/thumbs_PLA_7583.jpg\"\n               data-image-id=\"30676\"\n               data-title=\"Alvin, uno degli ospiti del Canile Rifugio Citt\u00e0 di Torino, dimostra le sue abilit\u00e0\"\n               data-description=\"Alvin, uno degli ospiti del Canile Rifugio Citt\u00e0 di Torino, dimostra le sue abilit\u00e0\"\n               data-image-slug=\"pla_7583-2\"\n               class=\"ngg-fancybox\" rel=\"698c4faeec04cc262cdb85e1aab8a8ed\">\n                <img\n                    title=\"Alvin, uno degli ospiti del Canile Rifugio Citt\u00e0 di Torino, dimostra le sue abilit\u00e0\"\n                    alt=\"Alvin, uno degli ospiti del Canile Rifugio Citt\u00e0 di Torino, dimostra le sue abilit\u00e0\"\n                    src=\"http:\/\/www.spaziotorino.it\/scatto\/wp-content\/gallery\/2023_10_25_canile\/cache\/PLA_7583.jpg-nggid0530676-ngg0dyn-60x60x100-00f0w010c011r110f110r010t010.jpg\"\n                    width=\"60\"\n                    height=\"60\"\n                    style=\"max-width:100%;\"\n                \/>\n            <\/a>\n        <\/div>\n\t\t\t\t\t\t\t<\/div> \n\t\t\t\n        \n\t\t\t\t<div id=\"ngg-image-5\" class=\"ngg-gallery-thumbnail-box\" >\n\t\t\t\t        <div class=\"ngg-gallery-thumbnail\">\n            <a href=\"http:\/\/www.spaziotorino.it\/scatto\/wp-content\/gallery\/2023_10_25_canile\/PLA_7599.jpg\"\n               title=\"La dimostrazione dell&#039;Unit\u00e0 Cinofila della Polizia Locale\"\n               data-src=\"http:\/\/www.spaziotorino.it\/scatto\/wp-content\/gallery\/2023_10_25_canile\/PLA_7599.jpg\"\n               data-thumbnail=\"http:\/\/www.spaziotorino.it\/scatto\/wp-content\/gallery\/2023_10_25_canile\/thumbs\/thumbs_PLA_7599.jpg\"\n               data-image-id=\"30678\"\n               data-title=\"La dimostrazione dell&#039;Unit\u00e0 Cinofila della Polizia Locale\"\n               data-description=\"La dimostrazione dell&#039;Unit\u00e0 Cinofila della Polizia Locale\"\n               data-image-slug=\"pla_7599\"\n               class=\"ngg-fancybox\" rel=\"698c4faeec04cc262cdb85e1aab8a8ed\">\n                <img\n                    title=\"La dimostrazione dell&#039;Unit\u00e0 Cinofila della Polizia Locale\"\n                    alt=\"La dimostrazione dell&#039;Unit\u00e0 Cinofila della Polizia Locale\"\n                    src=\"http:\/\/www.spaziotorino.it\/scatto\/wp-content\/gallery\/2023_10_25_canile\/cache\/PLA_7599.jpg-nggid0530678-ngg0dyn-60x60x100-00f0w010c011r110f110r010t010.jpg\"\n                    width=\"60\"\n                    height=\"60\"\n                    style=\"max-width:100%;\"\n                \/>\n            <\/a>\n        <\/div>\n\t\t\t\t\t\t\t<\/div> \n\t\t\t\n        \n\t\t\t\t<div id=\"ngg-image-6\" class=\"ngg-gallery-thumbnail-box\" >\n\t\t\t\t        <div class=\"ngg-gallery-thumbnail\">\n            <a href=\"http:\/\/www.spaziotorino.it\/scatto\/wp-content\/gallery\/2023_10_25_canile\/PLA_7608.jpg\"\n               title=\"La dimostrazione dell&#039;Unit\u00e0 Cinofila della Polizia Locale\"\n               data-src=\"http:\/\/www.spaziotorino.it\/scatto\/wp-content\/gallery\/2023_10_25_canile\/PLA_7608.jpg\"\n               data-thumbnail=\"http:\/\/www.spaziotorino.it\/scatto\/wp-content\/gallery\/2023_10_25_canile\/thumbs\/thumbs_PLA_7608.jpg\"\n               data-image-id=\"30677\"\n               data-title=\"La dimostrazione dell&#039;Unit\u00e0 Cinofila della Polizia Locale\"\n               data-description=\"La dimostrazione dell&#039;Unit\u00e0 Cinofila della Polizia Locale\"\n               data-image-slug=\"pla_7608-2\"\n               class=\"ngg-fancybox\" rel=\"698c4faeec04cc262cdb85e1aab8a8ed\">\n                <img\n                    title=\"La dimostrazione dell&#039;Unit\u00e0 Cinofila della Polizia Locale\"\n                    alt=\"La dimostrazione dell&#039;Unit\u00e0 Cinofila della Polizia Locale\"\n                    src=\"http:\/\/www.spaziotorino.it\/scatto\/wp-content\/gallery\/2023_10_25_canile\/cache\/PLA_7608.jpg-nggid0530677-ngg0dyn-60x60x100-00f0w010c011r110f110r010t010.jpg\"\n                    width=\"60\"\n                    height=\"60\"\n                    style=\"max-width:100%;\"\n                \/>\n            <\/a>\n        <\/div>\n\t\t\t\t\t\t\t<\/div> \n\t\t\t\n        \n\t\t\t\t<div id=\"ngg-image-7\" class=\"ngg-gallery-thumbnail-box\" >\n\t\t\t\t        <div class=\"ngg-gallery-thumbnail\">\n            <a href=\"http:\/\/www.spaziotorino.it\/scatto\/wp-content\/gallery\/2023_10_25_canile\/PLA_7536.jpg\"\n               title=\"Il gattile  in strada Cuorgn\u00e8 139\"\n               data-src=\"http:\/\/www.spaziotorino.it\/scatto\/wp-content\/gallery\/2023_10_25_canile\/PLA_7536.jpg\"\n               data-thumbnail=\"http:\/\/www.spaziotorino.it\/scatto\/wp-content\/gallery\/2023_10_25_canile\/thumbs\/thumbs_PLA_7536.jpg\"\n               data-image-id=\"30672\"\n               data-title=\"Il gattile  in strada Cuorgn\u00e8 139\"\n               data-description=\"Il gattile  in strada Cuorgn\u00e8 139\"\n               data-image-slug=\"pla_7536-1\"\n               class=\"ngg-fancybox\" rel=\"698c4faeec04cc262cdb85e1aab8a8ed\">\n                <img\n                    title=\"Il gattile  in strada Cuorgn\u00e8 139\"\n                    alt=\"Il gattile  in strada Cuorgn\u00e8 139\"\n                    src=\"http:\/\/www.spaziotorino.it\/scatto\/wp-content\/gallery\/2023_10_25_canile\/cache\/PLA_7536.jpg-nggid0530672-ngg0dyn-60x60x100-00f0w010c011r110f110r010t010.jpg\"\n                    width=\"60\"\n                    height=\"60\"\n                    style=\"max-width:100%;\"\n                \/>\n            <\/a>\n        <\/div>\n\t\t\t\t\t\t\t<\/div> \n\t\t\t\n        \n\t\t\t\t<div id=\"ngg-image-8\" class=\"ngg-gallery-thumbnail-box\" >\n\t\t\t\t        <div class=\"ngg-gallery-thumbnail\">\n            <a href=\"http:\/\/www.spaziotorino.it\/scatto\/wp-content\/gallery\/2023_10_25_canile\/PLA_7522.jpg\"\n               title=\"Geronimo -Canile Rifugio Citt\u00e0 di Torino\"\n               data-src=\"http:\/\/www.spaziotorino.it\/scatto\/wp-content\/gallery\/2023_10_25_canile\/PLA_7522.jpg\"\n               data-thumbnail=\"http:\/\/www.spaziotorino.it\/scatto\/wp-content\/gallery\/2023_10_25_canile\/thumbs\/thumbs_PLA_7522.jpg\"\n               data-image-id=\"30671\"\n               data-title=\"Geronimo -Canile Rifugio Citt\u00e0 di Torino\"\n               data-description=\"Geronimo -Canile Rifugio Citt\u00e0 di Torino\"\n               data-image-slug=\"pla_7522\"\n               class=\"ngg-fancybox\" rel=\"698c4faeec04cc262cdb85e1aab8a8ed\">\n                <img\n                    title=\"Geronimo -Canile Rifugio Citt\u00e0 di Torino\"\n                    alt=\"Geronimo -Canile Rifugio Citt\u00e0 di Torino\"\n                    src=\"http:\/\/www.spaziotorino.it\/scatto\/wp-content\/gallery\/2023_10_25_canile\/cache\/PLA_7522.jpg-nggid0530671-ngg0dyn-60x60x100-00f0w010c011r110f110r010t010.jpg\"\n                    width=\"60\"\n                    height=\"60\"\n                    style=\"max-width:100%;\"\n                \/>\n            <\/a>\n        <\/div>\n\t\t\t\t\t\t\t<\/div> \n\t\t\t\n        \n\t\t\t\t<div id=\"ngg-image-9\" class=\"ngg-gallery-thumbnail-box\" >\n\t\t\t\t        <div class=\"ngg-gallery-thumbnail\">\n            <a href=\"http:\/\/www.spaziotorino.it\/scatto\/wp-content\/gallery\/2023_10_25_canile\/PLA_7642.jpg\"\n               title=\"Passeggio al Canile Rifugio Citt\u00e0 di Torino\"\n               data-src=\"http:\/\/www.spaziotorino.it\/scatto\/wp-content\/gallery\/2023_10_25_canile\/PLA_7642.jpg\"\n               data-thumbnail=\"http:\/\/www.spaziotorino.it\/scatto\/wp-content\/gallery\/2023_10_25_canile\/thumbs\/thumbs_PLA_7642.jpg\"\n               data-image-id=\"30680\"\n               data-title=\"Passeggio al Canile Rifugio Citt\u00e0 di Torino\"\n               data-description=\"Passeggio al Canile Rifugio Citt\u00e0 di Torino\"\n               data-image-slug=\"pla_7642\"\n               class=\"ngg-fancybox\" rel=\"698c4faeec04cc262cdb85e1aab8a8ed\">\n                <img\n                    title=\"Passeggio al Canile Rifugio Citt\u00e0 di Torino\"\n                    alt=\"Passeggio al Canile Rifugio Citt\u00e0 di Torino\"\n                    src=\"http:\/\/www.spaziotorino.it\/scatto\/wp-content\/gallery\/2023_10_25_canile\/cache\/PLA_7642.jpg-nggid0530680-ngg0dyn-60x60x100-00f0w010c011r110f110r010t010.jpg\"\n                    width=\"60\"\n                    height=\"60\"\n                    style=\"max-width:100%;\"\n                \/>\n            <\/a>\n        <\/div>\n\t\t\t\t\t\t\t<\/div> \n\t\t\t\n        \n\t\t\t\t<div id=\"ngg-image-10\" class=\"ngg-gallery-thumbnail-box\" >\n\t\t\t\t        <div class=\"ngg-gallery-thumbnail\">\n            <a href=\"http:\/\/www.spaziotorino.it\/scatto\/wp-content\/gallery\/2023_10_25_canile\/PLA_7668.jpg\"\n               title=\"Canile Rifugio Citt\u00e0 di Torino\"\n               data-src=\"http:\/\/www.spaziotorino.it\/scatto\/wp-content\/gallery\/2023_10_25_canile\/PLA_7668.jpg\"\n               data-thumbnail=\"http:\/\/www.spaziotorino.it\/scatto\/wp-content\/gallery\/2023_10_25_canile\/thumbs\/thumbs_PLA_7668.jpg\"\n               data-image-id=\"30682\"\n               data-title=\"Canile Rifugio Citt\u00e0 di Torino\"\n               data-description=\"Canile Rifugio Citt\u00e0 di Torino\"\n               data-image-slug=\"pla_7668\"\n               class=\"ngg-fancybox\" rel=\"698c4faeec04cc262cdb85e1aab8a8ed\">\n                <img\n                    title=\"Canile Rifugio Citt\u00e0 di Torino\"\n                    alt=\"Canile Rifugio Citt\u00e0 di Torino\"\n                    src=\"http:\/\/www.spaziotorino.it\/scatto\/wp-content\/gallery\/2023_10_25_canile\/cache\/PLA_7668.jpg-nggid0530682-ngg0dyn-60x60x100-00f0w010c011r110f110r010t010.jpg\"\n                    width=\"60\"\n                    height=\"60\"\n                    style=\"max-width:100%;\"\n                \/>\n            <\/a>\n        <\/div>\n\t\t\t\t\t\t\t<\/div> \n\t\t\t\n        \n\t\t\t\t<div id=\"ngg-image-11\" class=\"ngg-gallery-thumbnail-box\" >\n\t\t\t\t        <div class=\"ngg-gallery-thumbnail\">\n            <a href=\"http:\/\/www.spaziotorino.it\/scatto\/wp-content\/gallery\/2023_10_25_canile\/PLA_7665.jpg\"\n               title=\"Passeggio al Canile Rifugio Citt\u00e0 di Torino\"\n               data-src=\"http:\/\/www.spaziotorino.it\/scatto\/wp-content\/gallery\/2023_10_25_canile\/PLA_7665.jpg\"\n               data-thumbnail=\"http:\/\/www.spaziotorino.it\/scatto\/wp-content\/gallery\/2023_10_25_canile\/thumbs\/thumbs_PLA_7665.jpg\"\n               data-image-id=\"30683\"\n               data-title=\"Passeggio al Canile Rifugio Citt\u00e0 di Torino\"\n               data-description=\"Passeggio al Canile Rifugio Citt\u00e0 di Torino\"\n               data-image-slug=\"pla_7665-1\"\n               class=\"ngg-fancybox\" rel=\"698c4faeec04cc262cdb85e1aab8a8ed\">\n                <img\n                    title=\"Passeggio al Canile Rifugio Citt\u00e0 di Torino\"\n                    alt=\"Passeggio al Canile Rifugio Citt\u00e0 di Torino\"\n                    src=\"http:\/\/www.spaziotorino.it\/scatto\/wp-content\/gallery\/2023_10_25_canile\/cache\/PLA_7665.jpg-nggid0530683-ngg0dyn-60x60x100-00f0w010c011r110f110r010t010.jpg\"\n                    width=\"60\"\n                    height=\"60\"\n                    style=\"max-width:100%;\"\n                \/>\n            <\/a>\n        <\/div>\n\t\t\t\t\t\t\t<\/div> \n\t\t\t\n        \n\t\t\n\t\t<!-- Pagination -->\n\t<div class='ngg-clear'><\/div>\t<\/div>\n\n<p>Sono poco meno di 75mila i cani nella citt\u00e0 di Torino registrati all\u2019anagrafe canina regionale. Ai loro proprietari &#8211; ma anche a tutti coloro che intendono diventarlo e ai cittadini amanti degli amici a quattro zampe &#8211; si rivolgono gli incontri formativi organizzati dall\u2019ufficio tutela animali della Citt\u00e0 di Torino, con l\u2019obiettivo di fornire alcuni consigli per una gestione responsabile del proprio cane, nel rispetto della normativa e della sua salute.<\/p>\n<p>Il primo appuntamento \u00e8 previsto per mercoled\u00ec 15 novembre, dalle ore 18 alle 19.30, presso il Canile Rifugio Citt\u00e0 di Torino in strada Cuorgn\u00e8 139. Nei mesi successivi seguiranno ulteriori date, in tutte le circoscrizioni, che saranno comunicate sul sito <a href=\"http:\/\/www.comune.torino.it\/tutelaanimali\">www.comune.torino.it\/tutelaanimali<\/a>. La partecipazione \u00e8 gratuita previa prenotazione alla mail <a href=\"mailto:ufficiotutelaanimali@comune.torino.it\">ufficiotutelaanimali@comune.torino.it<\/a>.<\/p>\n<p>Gli incontri forniranno un quadro completo su tutto quello che c\u2019\u00e8 da sapere per favorire il benessere animale e per facilitare una corretta convivenza del cane nell\u2019ambiente cittadino. Per i partecipanti sar\u00e0 quindi un\u2019utile occasione per ricevere informazioni qualificate, complete e corrette da parte degli esperti che interverranno sulle diverse tematiche, affinch\u00e9 possa realizzarsi un rapporto sereno e soddisfacente con i propri cani.&nbsp;<\/p>\n<p>Durante gli incontri verranno toccati diversi argomenti, partendo dalle questioni legate agli obblighi di legge, dalla registrazione dell\u2019animale all\u2019anagrafe canina, al microchip, fino ai documenti necessari per il passaggio di propriet\u00e0. Spazio anche alle tematiche relative al benessere e alla salute dell\u2019animale, con argomenti come le zoonosi &#8211; ovvero le infezioni o malattie che possono essere trasmesse direttamente o indirettamente tra animale e uomo &#8211; e la sterilizzazione. Verranno approfonditi gli aspetti legati alla gestione quotidiana del cane, ai suoi bisogni e alle sue risorse, con un affondo sulle potenziali problematiche da prevenire e correggere. Focus infine anche sugli aspetti legati alla cura dell\u2019ambiente cittadino, ovvero al rispetto delle regole di convivenza e di pubblica sicurezza.<\/p>\n<p><strong>L&#8217;assessore con delega alla Tutela animali e alla Cura della citt\u00e0, Francesco Tresso, spiega<\/strong>: <em>\u201cE&#8217; importante, quando si decide di avere un cane, sapere che deve essere una scelta consapevole e soprattutto responsabile, proprio perch\u00e9 un corretto rapporto uomo-animale favorisca una convivenza pacifica nel pieno rispetto dell&#8217;ambiente che ci circonda. Questi incontri offriranno ai proprietari alcune linee guida capaci di migliorare l&#8217;intesa nell&#8217;accudimento dei propri cani, una lezione di educazione reciproca che va a beneficio di tutta la cittadinanza\u201d.<\/em><\/p>\n","protected":false},"excerpt":{"rendered":"<p>Sono poco meno di 75mila i cani nella citt\u00e0 di Torino registrati all\u2019anagrafe canina regionale. Ai loro proprietari &#8211; ma anche a tutti coloro che intendono diventarlo e ai cittadini amanti degli amici a quattro zampe &#8211; si rivolgono gli incontri formativi organizzati dall\u2019ufficio tutela animali della Citt\u00e0 di Torino, con l\u2019obiettivo di fornire alcuni [&hellip;]<\/p>\n","protected":false},"author":1,"featured_media":0,"comment_status":"closed","ping_status":"open","sticky":false,"template":"","format":"standard","meta":{"ngg_post_thumbnail":0},"categories":[1,41],"tags":[],"_links":{"self":[{"href":"http:\/\/www.spaziotorino.it\/scatto\/index.php?rest_route=\/wp\/v2\/posts\/47506"}],"collection":[{"href":"http:\/\/www.spaziotorino.it\/scatto\/index.php?rest_route=\/wp\/v2\/posts"}],"about":[{"href":"http:\/\/www.spaziotorino.it\/scatto\/index.php?rest_route=\/wp\/v2\/types\/post"}],"author":[{"embeddable":true,"href":"http:\/\/www.spaziotorino.it\/scatto\/index.php?rest_route=\/wp\/v2\/users\/1"}],"replies":[{"embeddable":true,"href":"http:\/\/www.spaziotorino.it\/scatto\/index.php?rest_route=%2Fwp%2Fv2%2Fcomments&post=47506"}],"version-history":[{"count":1,"href":"http:\/\/www.spaziotorino.it\/scatto\/index.php?rest_route=\/wp\/v2\/posts\/47506\/revisions"}],"predecessor-version":[{"id":47508,"href":"http:\/\/www.spaziotorino.it\/scatto\/index.php?rest_route=\/wp\/v2\/posts\/47506\/revisions\/47508"}],"wp:attachment":[{"href":"http:\/\/www.spaziotorino.it\/scatto\/index.php?rest_route=%2Fwp%2Fv2%2Fmedia&parent=47506"}],"wp:term":[{"taxonomy":"category","embeddable":true,"href":"http:\/\/www.spaziotorino.it\/scatto\/index.php?rest_route=%2Fwp%2Fv2%2Fcategories&post=47506"},{"taxonomy":"post_tag","embeddable":true,"href":"http:\/\/www.spaziotorino.it\/scatto\/index.php?rest_route=%2Fwp%2Fv2%2Ftags&post=47506"}],"curies":[{"name":"wp","href":"https:\/\/api.w.org\/{rel}","templated":true}]}}