{"id":47522,"date":"2023-10-25T15:05:59","date_gmt":"2023-10-25T14:05:59","guid":{"rendered":"http:\/\/www.spaziotorino.it\/scatto\/?p=47522"},"modified":"2023-10-26T15:10:29","modified_gmt":"2023-10-26T14:10:29","slug":"torino-capitale-del-liberty-in-mostra-a-palazzo-madama","status":"publish","type":"post","link":"http:\/\/www.spaziotorino.it\/scatto\/?p=47522","title":{"rendered":"Torino Capitale del Liberty in mostra a Palazzo Madama"},"content":{"rendered":"<p><a class=\"ngg-fancybox\" title=\"Torino Capitale del Liberty in mostra a Palazzo Madama\" href=\"http:\/\/www.spaziotorino.it\/scatto\/wp-content\/gallery\/2023_10_25_liberty\/PLA_8023.jpg\" rel=\"lightbox[set_2051]\"><br \/>\n<img decoding=\"async\" loading=\"lazy\" class=\"ngg-singlepic\" title=\"Torino Capitale del Liberty in mostra a Palazzo Madama\" src=\"http:\/\/www.spaziotorino.it\/scatto\/wp-content\/gallery\/2023_10_25_liberty\/PLA_8023.jpg\" alt=\"\" width=\"540\" height=\"360\"\/><\/a><\/p>\n<!-- index.php -->\n<div\n\tclass=\"ngg-galleryoverview ngg-ajax-pagination-none\"\n\tid=\"ngg-gallery-c70c8177f337c93fb094d9072739cdf4-1\">\n\n    \t\t<!-- Thumbnails -->\n\t\t\t\t<div id=\"ngg-image-0\" class=\"ngg-gallery-thumbnail-box\" >\n\t\t\t\t        <div class=\"ngg-gallery-thumbnail\">\n            <a href=\"http:\/\/www.spaziotorino.it\/scatto\/wp-content\/gallery\/2023_10_25_liberty\/PLA_8014.jpg\"\n               title=\"Palazzo Madama \u2013 Liberty. Torino Capitale\"\n               data-src=\"http:\/\/www.spaziotorino.it\/scatto\/wp-content\/gallery\/2023_10_25_liberty\/PLA_8014.jpg\"\n               data-thumbnail=\"http:\/\/www.spaziotorino.it\/scatto\/wp-content\/gallery\/2023_10_25_liberty\/thumbs\/thumbs_PLA_8014.jpg\"\n               data-image-id=\"30685\"\n               data-title=\"Palazzo Madama \u2013 Liberty. Torino Capitale\"\n               data-description=\"Palazzo Madama \u2013 Liberty. Torino Capitale\"\n               data-image-slug=\"pla_8014\"\n               class=\"ngg-fancybox\" rel=\"c70c8177f337c93fb094d9072739cdf4\">\n                <img\n                    title=\"Palazzo Madama \u2013 Liberty. Torino Capitale\"\n                    alt=\"Palazzo Madama \u2013 Liberty. Torino Capitale\"\n                    src=\"http:\/\/www.spaziotorino.it\/scatto\/wp-content\/gallery\/2023_10_25_liberty\/cache\/PLA_8014.jpg-nggid0530685-ngg0dyn-60x60x100-00f0w010c011r110f110r010t010.jpg\"\n                    width=\"60\"\n                    height=\"60\"\n                    style=\"max-width:100%;\"\n                \/>\n            <\/a>\n        <\/div>\n\t\t\t\t\t\t\t<\/div> \n\t\t\t\n        \n\t\t\t\t<div id=\"ngg-image-1\" class=\"ngg-gallery-thumbnail-box\" >\n\t\t\t\t        <div class=\"ngg-gallery-thumbnail\">\n            <a href=\"http:\/\/www.spaziotorino.it\/scatto\/wp-content\/gallery\/2023_10_25_liberty\/PLA_8010.jpg\"\n               title=\"Palazzo Madama \u2013 Liberty. Torino Capitale\"\n               data-src=\"http:\/\/www.spaziotorino.it\/scatto\/wp-content\/gallery\/2023_10_25_liberty\/PLA_8010.jpg\"\n               data-thumbnail=\"http:\/\/www.spaziotorino.it\/scatto\/wp-content\/gallery\/2023_10_25_liberty\/thumbs\/thumbs_PLA_8010.jpg\"\n               data-image-id=\"30684\"\n               data-title=\"Palazzo Madama \u2013 Liberty. Torino Capitale\"\n               data-description=\"Palazzo Madama \u2013 Liberty. Torino Capitale\"\n               data-image-slug=\"pla_8010\"\n               class=\"ngg-fancybox\" rel=\"c70c8177f337c93fb094d9072739cdf4\">\n                <img\n                    title=\"Palazzo Madama \u2013 Liberty. Torino Capitale\"\n                    alt=\"Palazzo Madama \u2013 Liberty. Torino Capitale\"\n                    src=\"http:\/\/www.spaziotorino.it\/scatto\/wp-content\/gallery\/2023_10_25_liberty\/cache\/PLA_8010.jpg-nggid0530684-ngg0dyn-60x60x100-00f0w010c011r110f110r010t010.jpg\"\n                    width=\"60\"\n                    height=\"60\"\n                    style=\"max-width:100%;\"\n                \/>\n            <\/a>\n        <\/div>\n\t\t\t\t\t\t\t<\/div> \n\t\t\t\n        \n\t\t\t\t<div id=\"ngg-image-2\" class=\"ngg-gallery-thumbnail-box\" >\n\t\t\t\t        <div class=\"ngg-gallery-thumbnail\">\n            <a href=\"http:\/\/www.spaziotorino.it\/scatto\/wp-content\/gallery\/2023_10_25_liberty\/PLA_8018.jpg\"\n               title=\"Palazzo Madama \u2013 Liberty. Torino Capitale\"\n               data-src=\"http:\/\/www.spaziotorino.it\/scatto\/wp-content\/gallery\/2023_10_25_liberty\/PLA_8018.jpg\"\n               data-thumbnail=\"http:\/\/www.spaziotorino.it\/scatto\/wp-content\/gallery\/2023_10_25_liberty\/thumbs\/thumbs_PLA_8018.jpg\"\n               data-image-id=\"30686\"\n               data-title=\"Palazzo Madama \u2013 Liberty. Torino Capitale\"\n               data-description=\"Palazzo Madama \u2013 Liberty. Torino Capitale\"\n               data-image-slug=\"pla_8018-3\"\n               class=\"ngg-fancybox\" rel=\"c70c8177f337c93fb094d9072739cdf4\">\n                <img\n                    title=\"Palazzo Madama \u2013 Liberty. Torino Capitale\"\n                    alt=\"Palazzo Madama \u2013 Liberty. Torino Capitale\"\n                    src=\"http:\/\/www.spaziotorino.it\/scatto\/wp-content\/gallery\/2023_10_25_liberty\/cache\/PLA_8018.jpg-nggid0530686-ngg0dyn-60x60x100-00f0w010c011r110f110r010t010.jpg\"\n                    width=\"60\"\n                    height=\"60\"\n                    style=\"max-width:100%;\"\n                \/>\n            <\/a>\n        <\/div>\n\t\t\t\t\t\t\t<\/div> \n\t\t\t\n        \n\t\t\t\t<div id=\"ngg-image-3\" class=\"ngg-gallery-thumbnail-box\" >\n\t\t\t\t        <div class=\"ngg-gallery-thumbnail\">\n            <a href=\"http:\/\/www.spaziotorino.it\/scatto\/wp-content\/gallery\/2023_10_25_liberty\/PLA_8052.jpg\"\n               title=\"Palazzo Madama \u2013 Liberty. Torino Capitale\"\n               data-src=\"http:\/\/www.spaziotorino.it\/scatto\/wp-content\/gallery\/2023_10_25_liberty\/PLA_8052.jpg\"\n               data-thumbnail=\"http:\/\/www.spaziotorino.it\/scatto\/wp-content\/gallery\/2023_10_25_liberty\/thumbs\/thumbs_PLA_8052.jpg\"\n               data-image-id=\"30693\"\n               data-title=\"Palazzo Madama \u2013 Liberty. Torino Capitale\"\n               data-description=\"Palazzo Madama \u2013 Liberty. Torino Capitale\"\n               data-image-slug=\"pla_8052-1\"\n               class=\"ngg-fancybox\" rel=\"c70c8177f337c93fb094d9072739cdf4\">\n                <img\n                    title=\"Palazzo Madama \u2013 Liberty. Torino Capitale\"\n                    alt=\"Palazzo Madama \u2013 Liberty. Torino Capitale\"\n                    src=\"http:\/\/www.spaziotorino.it\/scatto\/wp-content\/gallery\/2023_10_25_liberty\/cache\/PLA_8052.jpg-nggid0530693-ngg0dyn-60x60x100-00f0w010c011r110f110r010t010.jpg\"\n                    width=\"60\"\n                    height=\"60\"\n                    style=\"max-width:100%;\"\n                \/>\n            <\/a>\n        <\/div>\n\t\t\t\t\t\t\t<\/div> \n\t\t\t\n        \n\t\t\t\t<div id=\"ngg-image-4\" class=\"ngg-gallery-thumbnail-box\" >\n\t\t\t\t        <div class=\"ngg-gallery-thumbnail\">\n            <a href=\"http:\/\/www.spaziotorino.it\/scatto\/wp-content\/gallery\/2023_10_25_liberty\/PLA_8025.jpg\"\n               title=\"Palazzo Madama \u2013 Liberty. Torino Capitale\"\n               data-src=\"http:\/\/www.spaziotorino.it\/scatto\/wp-content\/gallery\/2023_10_25_liberty\/PLA_8025.jpg\"\n               data-thumbnail=\"http:\/\/www.spaziotorino.it\/scatto\/wp-content\/gallery\/2023_10_25_liberty\/thumbs\/thumbs_PLA_8025.jpg\"\n               data-image-id=\"30688\"\n               data-title=\"Palazzo Madama \u2013 Liberty. Torino Capitale\"\n               data-description=\"Palazzo Madama \u2013 Liberty. Torino Capitale\"\n               data-image-slug=\"pla_8025\"\n               class=\"ngg-fancybox\" rel=\"c70c8177f337c93fb094d9072739cdf4\">\n                <img\n                    title=\"Palazzo Madama \u2013 Liberty. Torino Capitale\"\n                    alt=\"Palazzo Madama \u2013 Liberty. Torino Capitale\"\n                    src=\"http:\/\/www.spaziotorino.it\/scatto\/wp-content\/gallery\/2023_10_25_liberty\/cache\/PLA_8025.jpg-nggid0530688-ngg0dyn-60x60x100-00f0w010c011r110f110r010t010.jpg\"\n                    width=\"60\"\n                    height=\"60\"\n                    style=\"max-width:100%;\"\n                \/>\n            <\/a>\n        <\/div>\n\t\t\t\t\t\t\t<\/div> \n\t\t\t\n        \n\t\t\t\t<div id=\"ngg-image-5\" class=\"ngg-gallery-thumbnail-box\" >\n\t\t\t\t        <div class=\"ngg-gallery-thumbnail\">\n            <a href=\"http:\/\/www.spaziotorino.it\/scatto\/wp-content\/gallery\/2023_10_25_liberty\/PLA_8028.jpg\"\n               title=\"Palazzo Madama \u2013 Liberty. Torino Capitale\"\n               data-src=\"http:\/\/www.spaziotorino.it\/scatto\/wp-content\/gallery\/2023_10_25_liberty\/PLA_8028.jpg\"\n               data-thumbnail=\"http:\/\/www.spaziotorino.it\/scatto\/wp-content\/gallery\/2023_10_25_liberty\/thumbs\/thumbs_PLA_8028.jpg\"\n               data-image-id=\"30687\"\n               data-title=\"Palazzo Madama \u2013 Liberty. Torino Capitale\"\n               data-description=\"Palazzo Madama \u2013 Liberty. Torino Capitale\"\n               data-image-slug=\"pla_8028-1\"\n               class=\"ngg-fancybox\" rel=\"c70c8177f337c93fb094d9072739cdf4\">\n                <img\n                    title=\"Palazzo Madama \u2013 Liberty. Torino Capitale\"\n                    alt=\"Palazzo Madama \u2013 Liberty. Torino Capitale\"\n                    src=\"http:\/\/www.spaziotorino.it\/scatto\/wp-content\/gallery\/2023_10_25_liberty\/cache\/PLA_8028.jpg-nggid0530687-ngg0dyn-60x60x100-00f0w010c011r110f110r010t010.jpg\"\n                    width=\"60\"\n                    height=\"60\"\n                    style=\"max-width:100%;\"\n                \/>\n            <\/a>\n        <\/div>\n\t\t\t\t\t\t\t<\/div> \n\t\t\t\n        \n\t\t\t\t<div id=\"ngg-image-6\" class=\"ngg-gallery-thumbnail-box\" >\n\t\t\t\t        <div class=\"ngg-gallery-thumbnail\">\n            <a href=\"http:\/\/www.spaziotorino.it\/scatto\/wp-content\/gallery\/2023_10_25_liberty\/PLA_8050.jpg\"\n               title=\"Palazzo Madama \u2013 Liberty. Torino Capitale\"\n               data-src=\"http:\/\/www.spaziotorino.it\/scatto\/wp-content\/gallery\/2023_10_25_liberty\/PLA_8050.jpg\"\n               data-thumbnail=\"http:\/\/www.spaziotorino.it\/scatto\/wp-content\/gallery\/2023_10_25_liberty\/thumbs\/thumbs_PLA_8050.jpg\"\n               data-image-id=\"30694\"\n               data-title=\"Palazzo Madama \u2013 Liberty. Torino Capitale\"\n               data-description=\"Palazzo Madama \u2013 Liberty. Torino Capitale\"\n               data-image-slug=\"pla_8050-1\"\n               class=\"ngg-fancybox\" rel=\"c70c8177f337c93fb094d9072739cdf4\">\n                <img\n                    title=\"Palazzo Madama \u2013 Liberty. Torino Capitale\"\n                    alt=\"Palazzo Madama \u2013 Liberty. Torino Capitale\"\n                    src=\"http:\/\/www.spaziotorino.it\/scatto\/wp-content\/gallery\/2023_10_25_liberty\/cache\/PLA_8050.jpg-nggid0530694-ngg0dyn-60x60x100-00f0w010c011r110f110r010t010.jpg\"\n                    width=\"60\"\n                    height=\"60\"\n                    style=\"max-width:100%;\"\n                \/>\n            <\/a>\n        <\/div>\n\t\t\t\t\t\t\t<\/div> \n\t\t\t\n        \n\t\t\t\t<div id=\"ngg-image-7\" class=\"ngg-gallery-thumbnail-box\" >\n\t\t\t\t        <div class=\"ngg-gallery-thumbnail\">\n            <a href=\"http:\/\/www.spaziotorino.it\/scatto\/wp-content\/gallery\/2023_10_25_liberty\/PLA_8032.jpg\"\n               title=\"Palazzo Madama \u2013 Liberty. Torino Capitale\"\n               data-src=\"http:\/\/www.spaziotorino.it\/scatto\/wp-content\/gallery\/2023_10_25_liberty\/PLA_8032.jpg\"\n               data-thumbnail=\"http:\/\/www.spaziotorino.it\/scatto\/wp-content\/gallery\/2023_10_25_liberty\/thumbs\/thumbs_PLA_8032.jpg\"\n               data-image-id=\"30690\"\n               data-title=\"Palazzo Madama \u2013 Liberty. Torino Capitale\"\n               data-description=\"Palazzo Madama \u2013 Liberty. Torino Capitale\"\n               data-image-slug=\"pla_8032-1\"\n               class=\"ngg-fancybox\" rel=\"c70c8177f337c93fb094d9072739cdf4\">\n                <img\n                    title=\"Palazzo Madama \u2013 Liberty. Torino Capitale\"\n                    alt=\"Palazzo Madama \u2013 Liberty. Torino Capitale\"\n                    src=\"http:\/\/www.spaziotorino.it\/scatto\/wp-content\/gallery\/2023_10_25_liberty\/cache\/PLA_8032.jpg-nggid0530690-ngg0dyn-60x60x100-00f0w010c011r110f110r010t010.jpg\"\n                    width=\"60\"\n                    height=\"60\"\n                    style=\"max-width:100%;\"\n                \/>\n            <\/a>\n        <\/div>\n\t\t\t\t\t\t\t<\/div> \n\t\t\t\n        \n\t\t\t\t<div id=\"ngg-image-8\" class=\"ngg-gallery-thumbnail-box\" >\n\t\t\t\t        <div class=\"ngg-gallery-thumbnail\">\n            <a href=\"http:\/\/www.spaziotorino.it\/scatto\/wp-content\/gallery\/2023_10_25_liberty\/PLA_8035.jpg\"\n               title=\"Palazzo Madama \u2013 Liberty. Torino Capitale\"\n               data-src=\"http:\/\/www.spaziotorino.it\/scatto\/wp-content\/gallery\/2023_10_25_liberty\/PLA_8035.jpg\"\n               data-thumbnail=\"http:\/\/www.spaziotorino.it\/scatto\/wp-content\/gallery\/2023_10_25_liberty\/thumbs\/thumbs_PLA_8035.jpg\"\n               data-image-id=\"30691\"\n               data-title=\"Palazzo Madama \u2013 Liberty. Torino Capitale\"\n               data-description=\"Palazzo Madama \u2013 Liberty. Torino Capitale\"\n               data-image-slug=\"pla_8035\"\n               class=\"ngg-fancybox\" rel=\"c70c8177f337c93fb094d9072739cdf4\">\n                <img\n                    title=\"Palazzo Madama \u2013 Liberty. Torino Capitale\"\n                    alt=\"Palazzo Madama \u2013 Liberty. Torino Capitale\"\n                    src=\"http:\/\/www.spaziotorino.it\/scatto\/wp-content\/gallery\/2023_10_25_liberty\/cache\/PLA_8035.jpg-nggid0530691-ngg0dyn-60x60x100-00f0w010c011r110f110r010t010.jpg\"\n                    width=\"60\"\n                    height=\"60\"\n                    style=\"max-width:100%;\"\n                \/>\n            <\/a>\n        <\/div>\n\t\t\t\t\t\t\t<\/div> \n\t\t\t\n        \n\t\t\t\t<div id=\"ngg-image-9\" class=\"ngg-gallery-thumbnail-box\" >\n\t\t\t\t        <div class=\"ngg-gallery-thumbnail\">\n            <a href=\"http:\/\/www.spaziotorino.it\/scatto\/wp-content\/gallery\/2023_10_25_liberty\/PLA_8036.jpg\"\n               title=\"Palazzo Madama \u2013 Liberty. Torino Capitale\"\n               data-src=\"http:\/\/www.spaziotorino.it\/scatto\/wp-content\/gallery\/2023_10_25_liberty\/PLA_8036.jpg\"\n               data-thumbnail=\"http:\/\/www.spaziotorino.it\/scatto\/wp-content\/gallery\/2023_10_25_liberty\/thumbs\/thumbs_PLA_8036.jpg\"\n               data-image-id=\"30692\"\n               data-title=\"Palazzo Madama \u2013 Liberty. Torino Capitale\"\n               data-description=\"Palazzo Madama \u2013 Liberty. Torino Capitale\"\n               data-image-slug=\"pla_8036\"\n               class=\"ngg-fancybox\" rel=\"c70c8177f337c93fb094d9072739cdf4\">\n                <img\n                    title=\"Palazzo Madama \u2013 Liberty. Torino Capitale\"\n                    alt=\"Palazzo Madama \u2013 Liberty. Torino Capitale\"\n                    src=\"http:\/\/www.spaziotorino.it\/scatto\/wp-content\/gallery\/2023_10_25_liberty\/cache\/PLA_8036.jpg-nggid0530692-ngg0dyn-60x60x100-00f0w010c011r110f110r010t010.jpg\"\n                    width=\"60\"\n                    height=\"60\"\n                    style=\"max-width:100%;\"\n                \/>\n            <\/a>\n        <\/div>\n\t\t\t\t\t\t\t<\/div> \n\t\t\t\n        \n\t\t\n\t\t<!-- Pagination -->\n\t<div class='ngg-clear'><\/div>\t<\/div>\n\n<p><strong>Palazzo Madama &#8211; Museo Civico d&#8217;Arte Antica<\/strong>&nbsp;di Torino presenta&nbsp;<strong>da gioved\u00ec 26 ottobre 2023 a luned\u00ec 10 giugno 2024<\/strong>&nbsp;la mostra&nbsp;<em><strong>Liberty. Torino Capitale<\/strong><\/em>, a cura di Palazzo Madama e della SIAT &#8211; Societ\u00e0 degli Ingegneri e degli Architetti in Torino con la collaborazione di MondoMostre. L&#8217;esposizione racconta con un centinaio di opere il fondamentale ruolo di Torino per l&#8217;affermarsi del Liberty, un&#8217;arte che nella capitale sabauda diviene il fulcro di una storia che travolge ogni aspetto della vita e della societ\u00e0, definendo un&#8217;esperienza architettonica e artistica che dalle suggestioni torinesi si diffonder\u00e0 in tutto il mondo. Si tratta di un&#8217;operazione focale per l&#8217;ingresso di Torino nel RANN di Bruxelles e la sua candidatura a Citt\u00e0 Patrimonio Mondiale UNESCO per il Liberty.<\/p>\n<p>Maggiori informazioni sul sito di <a href=\"http:\/\/www.palazzomadamatorino.it\">Palazzo Madama<\/a><\/p>\n","protected":false},"excerpt":{"rendered":"<p>Palazzo Madama &#8211; Museo Civico d&#8217;Arte Antica&nbsp;di Torino presenta&nbsp;da gioved\u00ec 26 ottobre 2023 a luned\u00ec 10 giugno 2024&nbsp;la mostra&nbsp;Liberty. Torino Capitale, a cura di Palazzo Madama e della SIAT &#8211; Societ\u00e0 degli Ingegneri e degli Architetti in Torino con la collaborazione di MondoMostre. L&#8217;esposizione racconta con un centinaio di opere il fondamentale ruolo di Torino [&hellip;]<\/p>\n","protected":false},"author":1,"featured_media":0,"comment_status":"closed","ping_status":"open","sticky":false,"template":"","format":"standard","meta":{"ngg_post_thumbnail":0},"categories":[54,1],"tags":[],"_links":{"self":[{"href":"http:\/\/www.spaziotorino.it\/scatto\/index.php?rest_route=\/wp\/v2\/posts\/47522"}],"collection":[{"href":"http:\/\/www.spaziotorino.it\/scatto\/index.php?rest_route=\/wp\/v2\/posts"}],"about":[{"href":"http:\/\/www.spaziotorino.it\/scatto\/index.php?rest_route=\/wp\/v2\/types\/post"}],"author":[{"embeddable":true,"href":"http:\/\/www.spaziotorino.it\/scatto\/index.php?rest_route=\/wp\/v2\/users\/1"}],"replies":[{"embeddable":true,"href":"http:\/\/www.spaziotorino.it\/scatto\/index.php?rest_route=%2Fwp%2Fv2%2Fcomments&post=47522"}],"version-history":[{"count":1,"href":"http:\/\/www.spaziotorino.it\/scatto\/index.php?rest_route=\/wp\/v2\/posts\/47522\/revisions"}],"predecessor-version":[{"id":47524,"href":"http:\/\/www.spaziotorino.it\/scatto\/index.php?rest_route=\/wp\/v2\/posts\/47522\/revisions\/47524"}],"wp:attachment":[{"href":"http:\/\/www.spaziotorino.it\/scatto\/index.php?rest_route=%2Fwp%2Fv2%2Fmedia&parent=47522"}],"wp:term":[{"taxonomy":"category","embeddable":true,"href":"http:\/\/www.spaziotorino.it\/scatto\/index.php?rest_route=%2Fwp%2Fv2%2Fcategories&post=47522"},{"taxonomy":"post_tag","embeddable":true,"href":"http:\/\/www.spaziotorino.it\/scatto\/index.php?rest_route=%2Fwp%2Fv2%2Ftags&post=47522"}],"curies":[{"name":"wp","href":"https:\/\/api.w.org\/{rel}","templated":true}]}}