{"id":47537,"date":"2023-10-26T15:29:41","date_gmt":"2023-10-26T14:29:41","guid":{"rendered":"http:\/\/www.spaziotorino.it\/scatto\/?p=47537"},"modified":"2023-10-26T15:29:41","modified_gmt":"2023-10-26T14:29:41","slug":"prosegue-il-percorso-di-cooperazione-tra-torino-e-ho-chi-minh-city","status":"publish","type":"post","link":"http:\/\/www.spaziotorino.it\/scatto\/?p=47537","title":{"rendered":"Prosegue il percorso di cooperazione tra Torino e Ho Chi Minh City"},"content":{"rendered":"<p><a class=\"ngg-fancybox\" title=\"Prosegue il percorso di cooperazione tra Torino e Ho Chi Minh City\" href=\"http:\/\/www.spaziotorino.it\/scatto\/wp-content\/gallery\/2023_10_26_vietnam\/PLA_7681.jpg\" rel=\"lightbox[set_2052]\"><br \/>\n<img decoding=\"async\" loading=\"lazy\" class=\"ngg-singlepic\" title=\"Prosegue il percorso di cooperazione tra Torino e Ho Chi Minh City\" src=\"http:\/\/www.spaziotorino.it\/scatto\/wp-content\/gallery\/2023_10_26_vietnam\/PLA_7681.jpg\" alt=\"\" width=\"540\" height=\"360\"\/><\/a><\/p>\n<!-- index.php -->\n<div\n\tclass=\"ngg-galleryoverview ngg-ajax-pagination-none\"\n\tid=\"ngg-gallery-d6a60953945d78eb1d96c89e8992547b-1\">\n\n    \t\t<!-- Thumbnails -->\n\t\t\t\t<div id=\"ngg-image-0\" class=\"ngg-gallery-thumbnail-box\" >\n\t\t\t\t        <div class=\"ngg-gallery-thumbnail\">\n            <a href=\"http:\/\/www.spaziotorino.it\/scatto\/wp-content\/gallery\/2023_10_26_vietnam\/PLA_7689.jpg\"\n               title=\"Prosegue il percorso di cooperazione tra Torino e Ho Chi Minh City\"\n               data-src=\"http:\/\/www.spaziotorino.it\/scatto\/wp-content\/gallery\/2023_10_26_vietnam\/PLA_7689.jpg\"\n               data-thumbnail=\"http:\/\/www.spaziotorino.it\/scatto\/wp-content\/gallery\/2023_10_26_vietnam\/thumbs\/thumbs_PLA_7689.jpg\"\n               data-image-id=\"30700\"\n               data-title=\"Prosegue il percorso di cooperazione tra Torino e Ho Chi Minh City\"\n               data-description=\"Prosegue il percorso di cooperazione tra Torino e Ho Chi Minh City\"\n               data-image-slug=\"pla_7689-1\"\n               class=\"ngg-fancybox\" rel=\"d6a60953945d78eb1d96c89e8992547b\">\n                <img\n                    title=\"Prosegue il percorso di cooperazione tra Torino e Ho Chi Minh City\"\n                    alt=\"Prosegue il percorso di cooperazione tra Torino e Ho Chi Minh City\"\n                    src=\"http:\/\/www.spaziotorino.it\/scatto\/wp-content\/gallery\/2023_10_26_vietnam\/cache\/PLA_7689.jpg-nggid0530700-ngg0dyn-60x60x100-00f0w010c011r110f110r010t010.jpg\"\n                    width=\"60\"\n                    height=\"60\"\n                    style=\"max-width:100%;\"\n                \/>\n            <\/a>\n        <\/div>\n\t\t\t\t\t\t\t<\/div> \n\t\t\t\n        \n\t\t\t\t<div id=\"ngg-image-1\" class=\"ngg-gallery-thumbnail-box\" >\n\t\t\t\t        <div class=\"ngg-gallery-thumbnail\">\n            <a href=\"http:\/\/www.spaziotorino.it\/scatto\/wp-content\/gallery\/2023_10_26_vietnam\/PLA_7708.jpg\"\n               title=\"Prosegue il percorso di cooperazione tra Torino e Ho Chi Minh City an.\"\n               data-src=\"http:\/\/www.spaziotorino.it\/scatto\/wp-content\/gallery\/2023_10_26_vietnam\/PLA_7708.jpg\"\n               data-thumbnail=\"http:\/\/www.spaziotorino.it\/scatto\/wp-content\/gallery\/2023_10_26_vietnam\/thumbs\/thumbs_PLA_7708.jpg\"\n               data-image-id=\"30695\"\n               data-title=\"Prosegue il percorso di cooperazione tra Torino e Ho Chi Minh City\"\n               data-description=\"Prosegue il percorso di cooperazione tra Torino e Ho Chi Minh City an.\"\n               data-image-slug=\"pla_7708\"\n               class=\"ngg-fancybox\" rel=\"d6a60953945d78eb1d96c89e8992547b\">\n                <img\n                    title=\"Prosegue il percorso di cooperazione tra Torino e Ho Chi Minh City\"\n                    alt=\"Prosegue il percorso di cooperazione tra Torino e Ho Chi Minh City\"\n                    src=\"http:\/\/www.spaziotorino.it\/scatto\/wp-content\/gallery\/2023_10_26_vietnam\/cache\/PLA_7708.jpg-nggid0530695-ngg0dyn-60x60x100-00f0w010c011r110f110r010t010.jpg\"\n                    width=\"60\"\n                    height=\"60\"\n                    style=\"max-width:100%;\"\n                \/>\n            <\/a>\n        <\/div>\n\t\t\t\t\t\t\t<\/div> \n\t\t\t\n        \n\t\t\t\t<div id=\"ngg-image-2\" class=\"ngg-gallery-thumbnail-box\" >\n\t\t\t\t        <div class=\"ngg-gallery-thumbnail\">\n            <a href=\"http:\/\/www.spaziotorino.it\/scatto\/wp-content\/gallery\/2023_10_26_vietnam\/PLA_7698.jpg\"\n               title=\"Prosegue il percorso di cooperazione tra Torino e Ho Chi Minh City\"\n               data-src=\"http:\/\/www.spaziotorino.it\/scatto\/wp-content\/gallery\/2023_10_26_vietnam\/PLA_7698.jpg\"\n               data-thumbnail=\"http:\/\/www.spaziotorino.it\/scatto\/wp-content\/gallery\/2023_10_26_vietnam\/thumbs\/thumbs_PLA_7698.jpg\"\n               data-image-id=\"30699\"\n               data-title=\"Prosegue il percorso di cooperazione tra Torino e Ho Chi Minh City\"\n               data-description=\"Prosegue il percorso di cooperazione tra Torino e Ho Chi Minh City\"\n               data-image-slug=\"pla_7698-1\"\n               class=\"ngg-fancybox\" rel=\"d6a60953945d78eb1d96c89e8992547b\">\n                <img\n                    title=\"Prosegue il percorso di cooperazione tra Torino e Ho Chi Minh City\"\n                    alt=\"Prosegue il percorso di cooperazione tra Torino e Ho Chi Minh City\"\n                    src=\"http:\/\/www.spaziotorino.it\/scatto\/wp-content\/gallery\/2023_10_26_vietnam\/cache\/PLA_7698.jpg-nggid0530699-ngg0dyn-60x60x100-00f0w010c011r110f110r010t010.jpg\"\n                    width=\"60\"\n                    height=\"60\"\n                    style=\"max-width:100%;\"\n                \/>\n            <\/a>\n        <\/div>\n\t\t\t\t\t\t\t<\/div> \n\t\t\t\n        \n\t\t\t\t<div id=\"ngg-image-3\" class=\"ngg-gallery-thumbnail-box\" >\n\t\t\t\t        <div class=\"ngg-gallery-thumbnail\">\n            <a href=\"http:\/\/www.spaziotorino.it\/scatto\/wp-content\/gallery\/2023_10_26_vietnam\/PLA_7751.jpg\"\n               title=\"Prosegue il percorso di cooperazione tra Torino e Ho Chi Minh City\"\n               data-src=\"http:\/\/www.spaziotorino.it\/scatto\/wp-content\/gallery\/2023_10_26_vietnam\/PLA_7751.jpg\"\n               data-thumbnail=\"http:\/\/www.spaziotorino.it\/scatto\/wp-content\/gallery\/2023_10_26_vietnam\/thumbs\/thumbs_PLA_7751.jpg\"\n               data-image-id=\"30696\"\n               data-title=\"Prosegue il percorso di cooperazione tra Torino e Ho Chi Minh City\"\n               data-description=\"Prosegue il percorso di cooperazione tra Torino e Ho Chi Minh City\"\n               data-image-slug=\"pla_7751\"\n               class=\"ngg-fancybox\" rel=\"d6a60953945d78eb1d96c89e8992547b\">\n                <img\n                    title=\"Prosegue il percorso di cooperazione tra Torino e Ho Chi Minh City\"\n                    alt=\"Prosegue il percorso di cooperazione tra Torino e Ho Chi Minh City\"\n                    src=\"http:\/\/www.spaziotorino.it\/scatto\/wp-content\/gallery\/2023_10_26_vietnam\/cache\/PLA_7751.jpg-nggid0530696-ngg0dyn-60x60x100-00f0w010c011r110f110r010t010.jpg\"\n                    width=\"60\"\n                    height=\"60\"\n                    style=\"max-width:100%;\"\n                \/>\n            <\/a>\n        <\/div>\n\t\t\t\t\t\t\t<\/div> \n\t\t\t\n        \n\t\t\t\t<div id=\"ngg-image-4\" class=\"ngg-gallery-thumbnail-box\" >\n\t\t\t\t        <div class=\"ngg-gallery-thumbnail\">\n            <a href=\"http:\/\/www.spaziotorino.it\/scatto\/wp-content\/gallery\/2023_10_26_vietnam\/PLA_7754.jpg\"\n               title=\"Prosegue il percorso di cooperazione tra Torino e Ho Chi Minh City\"\n               data-src=\"http:\/\/www.spaziotorino.it\/scatto\/wp-content\/gallery\/2023_10_26_vietnam\/PLA_7754.jpg\"\n               data-thumbnail=\"http:\/\/www.spaziotorino.it\/scatto\/wp-content\/gallery\/2023_10_26_vietnam\/thumbs\/thumbs_PLA_7754.jpg\"\n               data-image-id=\"30698\"\n               data-title=\"Prosegue il percorso di cooperazione tra Torino e Ho Chi Minh City\"\n               data-description=\"Prosegue il percorso di cooperazione tra Torino e Ho Chi Minh City\"\n               data-image-slug=\"pla_7754-2\"\n               class=\"ngg-fancybox\" rel=\"d6a60953945d78eb1d96c89e8992547b\">\n                <img\n                    title=\"Prosegue il percorso di cooperazione tra Torino e Ho Chi Minh City\"\n                    alt=\"Prosegue il percorso di cooperazione tra Torino e Ho Chi Minh City\"\n                    src=\"http:\/\/www.spaziotorino.it\/scatto\/wp-content\/gallery\/2023_10_26_vietnam\/cache\/PLA_7754.jpg-nggid0530698-ngg0dyn-60x60x100-00f0w010c011r110f110r010t010.jpg\"\n                    width=\"60\"\n                    height=\"60\"\n                    style=\"max-width:100%;\"\n                \/>\n            <\/a>\n        <\/div>\n\t\t\t\t\t\t\t<\/div> \n\t\t\t\n        \n\t\t\t\t<div id=\"ngg-image-5\" class=\"ngg-gallery-thumbnail-box\" >\n\t\t\t\t        <div class=\"ngg-gallery-thumbnail\">\n            <a href=\"http:\/\/www.spaziotorino.it\/scatto\/wp-content\/gallery\/2023_10_26_vietnam\/PLA_7768.jpg\"\n               title=\"Prosegue il percorso di cooperazione tra Torino e Ho Chi Minh City\"\n               data-src=\"http:\/\/www.spaziotorino.it\/scatto\/wp-content\/gallery\/2023_10_26_vietnam\/PLA_7768.jpg\"\n               data-thumbnail=\"http:\/\/www.spaziotorino.it\/scatto\/wp-content\/gallery\/2023_10_26_vietnam\/thumbs\/thumbs_PLA_7768.jpg\"\n               data-image-id=\"30701\"\n               data-title=\"Prosegue il percorso di cooperazione tra Torino e Ho Chi Minh City\"\n               data-description=\"Prosegue il percorso di cooperazione tra Torino e Ho Chi Minh City\"\n               data-image-slug=\"pla_7768\"\n               class=\"ngg-fancybox\" rel=\"d6a60953945d78eb1d96c89e8992547b\">\n                <img\n                    title=\"Prosegue il percorso di cooperazione tra Torino e Ho Chi Minh City\"\n                    alt=\"Prosegue il percorso di cooperazione tra Torino e Ho Chi Minh City\"\n                    src=\"http:\/\/www.spaziotorino.it\/scatto\/wp-content\/gallery\/2023_10_26_vietnam\/cache\/PLA_7768.jpg-nggid0530701-ngg0dyn-60x60x100-00f0w010c011r110f110r010t010.jpg\"\n                    width=\"60\"\n                    height=\"60\"\n                    style=\"max-width:100%;\"\n                \/>\n            <\/a>\n        <\/div>\n\t\t\t\t\t\t\t<\/div> \n\t\t\t\n        \n\t\t\t\t<div id=\"ngg-image-6\" class=\"ngg-gallery-thumbnail-box\" >\n\t\t\t\t        <div class=\"ngg-gallery-thumbnail\">\n            <a href=\"http:\/\/www.spaziotorino.it\/scatto\/wp-content\/gallery\/2023_10_26_vietnam\/PLA_7799.jpg\"\n               title=\"Prosegue il percorso di cooperazione tra Torino e Ho Chi Minh City\"\n               data-src=\"http:\/\/www.spaziotorino.it\/scatto\/wp-content\/gallery\/2023_10_26_vietnam\/PLA_7799.jpg\"\n               data-thumbnail=\"http:\/\/www.spaziotorino.it\/scatto\/wp-content\/gallery\/2023_10_26_vietnam\/thumbs\/thumbs_PLA_7799.jpg\"\n               data-image-id=\"30702\"\n               data-title=\"Prosegue il percorso di cooperazione tra Torino e Ho Chi Minh City\"\n               data-description=\"Prosegue il percorso di cooperazione tra Torino e Ho Chi Minh City\"\n               data-image-slug=\"pla_7799-3\"\n               class=\"ngg-fancybox\" rel=\"d6a60953945d78eb1d96c89e8992547b\">\n                <img\n                    title=\"Prosegue il percorso di cooperazione tra Torino e Ho Chi Minh City\"\n                    alt=\"Prosegue il percorso di cooperazione tra Torino e Ho Chi Minh City\"\n                    src=\"http:\/\/www.spaziotorino.it\/scatto\/wp-content\/gallery\/2023_10_26_vietnam\/cache\/PLA_7799.jpg-nggid0530702-ngg0dyn-60x60x100-00f0w010c011r110f110r010t010.jpg\"\n                    width=\"60\"\n                    height=\"60\"\n                    style=\"max-width:100%;\"\n                \/>\n            <\/a>\n        <\/div>\n\t\t\t\t\t\t\t<\/div> \n\t\t\t\n        \n\t\t\t\t<div id=\"ngg-image-7\" class=\"ngg-gallery-thumbnail-box\" >\n\t\t\t\t        <div class=\"ngg-gallery-thumbnail\">\n            <a href=\"http:\/\/www.spaziotorino.it\/scatto\/wp-content\/gallery\/2023_10_26_vietnam\/PLA_7781.jpg\"\n               title=\"Prosegue il percorso di cooperazione tra Torino e Ho Chi Minh City\"\n               data-src=\"http:\/\/www.spaziotorino.it\/scatto\/wp-content\/gallery\/2023_10_26_vietnam\/PLA_7781.jpg\"\n               data-thumbnail=\"http:\/\/www.spaziotorino.it\/scatto\/wp-content\/gallery\/2023_10_26_vietnam\/thumbs\/thumbs_PLA_7781.jpg\"\n               data-image-id=\"30703\"\n               data-title=\"Prosegue il percorso di cooperazione tra Torino e Ho Chi Minh City\"\n               data-description=\"Prosegue il percorso di cooperazione tra Torino e Ho Chi Minh City\"\n               data-image-slug=\"pla_7781-1\"\n               class=\"ngg-fancybox\" rel=\"d6a60953945d78eb1d96c89e8992547b\">\n                <img\n                    title=\"Prosegue il percorso di cooperazione tra Torino e Ho Chi Minh City\"\n                    alt=\"Prosegue il percorso di cooperazione tra Torino e Ho Chi Minh City\"\n                    src=\"http:\/\/www.spaziotorino.it\/scatto\/wp-content\/gallery\/2023_10_26_vietnam\/cache\/PLA_7781.jpg-nggid0530703-ngg0dyn-60x60x100-00f0w010c011r110f110r010t010.jpg\"\n                    width=\"60\"\n                    height=\"60\"\n                    style=\"max-width:100%;\"\n                \/>\n            <\/a>\n        <\/div>\n\t\t\t\t\t\t\t<\/div> \n\t\t\t\n        \n\t\t\t\t<div id=\"ngg-image-8\" class=\"ngg-gallery-thumbnail-box\" >\n\t\t\t\t        <div class=\"ngg-gallery-thumbnail\">\n            <a href=\"http:\/\/www.spaziotorino.it\/scatto\/wp-content\/gallery\/2023_10_26_vietnam\/PLA_7829.jpg\"\n               title=\"Prosegue il percorso di cooperazione tra Torino e Ho Chi Minh City\"\n               data-src=\"http:\/\/www.spaziotorino.it\/scatto\/wp-content\/gallery\/2023_10_26_vietnam\/PLA_7829.jpg\"\n               data-thumbnail=\"http:\/\/www.spaziotorino.it\/scatto\/wp-content\/gallery\/2023_10_26_vietnam\/thumbs\/thumbs_PLA_7829.jpg\"\n               data-image-id=\"30704\"\n               data-title=\"Prosegue il percorso di cooperazione tra Torino e Ho Chi Minh City\"\n               data-description=\"Prosegue il percorso di cooperazione tra Torino e Ho Chi Minh City\"\n               data-image-slug=\"pla_7829\"\n               class=\"ngg-fancybox\" rel=\"d6a60953945d78eb1d96c89e8992547b\">\n                <img\n                    title=\"Prosegue il percorso di cooperazione tra Torino e Ho Chi Minh City\"\n                    alt=\"Prosegue il percorso di cooperazione tra Torino e Ho Chi Minh City\"\n                    src=\"http:\/\/www.spaziotorino.it\/scatto\/wp-content\/gallery\/2023_10_26_vietnam\/cache\/PLA_7829.jpg-nggid0530704-ngg0dyn-60x60x100-00f0w010c011r110f110r010t010.jpg\"\n                    width=\"60\"\n                    height=\"60\"\n                    style=\"max-width:100%;\"\n                \/>\n            <\/a>\n        <\/div>\n\t\t\t\t\t\t\t<\/div> \n\t\t\t\n        \n\t\t\t\t<div id=\"ngg-image-9\" class=\"ngg-gallery-thumbnail-box\" >\n\t\t\t\t        <div class=\"ngg-gallery-thumbnail\">\n            <a href=\"http:\/\/www.spaziotorino.it\/scatto\/wp-content\/gallery\/2023_10_26_vietnam\/PLA_7812.jpg\"\n               title=\"Prosegue il percorso di cooperazione tra Torino e Ho Chi Minh City\"\n               data-src=\"http:\/\/www.spaziotorino.it\/scatto\/wp-content\/gallery\/2023_10_26_vietnam\/PLA_7812.jpg\"\n               data-thumbnail=\"http:\/\/www.spaziotorino.it\/scatto\/wp-content\/gallery\/2023_10_26_vietnam\/thumbs\/thumbs_PLA_7812.jpg\"\n               data-image-id=\"30705\"\n               data-title=\"Prosegue il percorso di cooperazione tra Torino e Ho Chi Minh City\"\n               data-description=\"Prosegue il percorso di cooperazione tra Torino e Ho Chi Minh City\"\n               data-image-slug=\"pla_7812\"\n               class=\"ngg-fancybox\" rel=\"d6a60953945d78eb1d96c89e8992547b\">\n                <img\n                    title=\"Prosegue il percorso di cooperazione tra Torino e Ho Chi Minh City\"\n                    alt=\"Prosegue il percorso di cooperazione tra Torino e Ho Chi Minh City\"\n                    src=\"http:\/\/www.spaziotorino.it\/scatto\/wp-content\/gallery\/2023_10_26_vietnam\/cache\/PLA_7812.jpg-nggid0530705-ngg0dyn-60x60x100-00f0w010c011r110f110r010t010.jpg\"\n                    width=\"60\"\n                    height=\"60\"\n                    style=\"max-width:100%;\"\n                \/>\n            <\/a>\n        <\/div>\n\t\t\t\t\t\t\t<\/div> \n\t\t\t\n        \n\t\t\n\t\t<!-- Pagination -->\n\t<div class='ngg-clear'><\/div>\t<\/div>\n\n<p>Questa mattina le sale auliche di Palazzo Civico hanno ospitato una delegazione vietnamita proveniente da Ho Chi Minh City.&nbsp;Ad accogliere e portare il saluto della Citt\u00e0 di Torino la vicesindaca Michela Favaro.&nbsp;<span id=\"more-115877\"><\/span><br \/>\nIl percorso di scambio e cooperazione internazionale tra le due citt\u00e0 \u00e8 stato avviato ufficialmente nel 2015, con la firma di un Patto di collaborazione tra le parti, accordo che, per la citt\u00e0 vietnamita in particolare, ha rappresentato il primo atto ufficiale di collaborazione con una citt\u00e0 italiana. Un documento che a sua volta \u00e8 stato non a caso siglato in concomitanza con il primo anniversario dall\u2019apertura del Consolato Generale d\u2019Italia nella citt\u00e0 vietnamita. A questo, negli anni successivi, sono seguiti diversi incontri che hanno di volta in volta toccato tematiche specifiche nel confronto tra le due amministrazioni: economia, istruzione, cultura, turismo, e-government, pianificazione urbana e ambiente. Nell\u2019ultimo, del luglio 2022, \u00e8 stato approfondito il tema del mantenimento dell\u2019ordine pubblico durante gli eventi, in particolare quelli politici e sportivi, fare da leit motiv nello scambio di competenze ed esperienze tra le due citt\u00e0 e i rispettivi corpi di polizia locale.<\/p>\n<p>L\u2019incontro di oggi, che ha visto la citt\u00e0 vietnamita rappresentata dal vicepresidente del Comitato Popolare Vo Van Hoan, oltre che da diversi funzionari dei settori&nbsp; finanza, commercio e giustizia, \u00e8 stata cos\u00ec occasione per fare il punto su una cooperazione che, bench\u00e8 relativamente recente, \u00e8 stata finora utile e molto apprezzata da entrambe le realt\u00e0 urbane, ma anche e soprattutto per gettare le basi di quella che sar\u00e0 quella futura, con la promessa per entrambe di cercare nuove occasioni e modalit\u00e0 che portino un continuo crescendo dell\u2019amicizia e della collaborazione tra la Citt\u00e0 di Torino e Ho Chi Minh City.<\/p>\n","protected":false},"excerpt":{"rendered":"<p>Questa mattina le sale auliche di Palazzo Civico hanno ospitato una delegazione vietnamita proveniente da Ho Chi Minh City.&nbsp;Ad accogliere e portare il saluto della Citt\u00e0 di Torino la vicesindaca Michela Favaro.&nbsp; Il percorso di scambio e cooperazione internazionale tra le due citt\u00e0 \u00e8 stato avviato ufficialmente nel 2015, con la firma di un Patto [&hellip;]<\/p>\n","protected":false},"author":1,"featured_media":0,"comment_status":"closed","ping_status":"open","sticky":false,"template":"","format":"standard","meta":{"ngg_post_thumbnail":0},"categories":[1,895],"tags":[],"_links":{"self":[{"href":"http:\/\/www.spaziotorino.it\/scatto\/index.php?rest_route=\/wp\/v2\/posts\/47537"}],"collection":[{"href":"http:\/\/www.spaziotorino.it\/scatto\/index.php?rest_route=\/wp\/v2\/posts"}],"about":[{"href":"http:\/\/www.spaziotorino.it\/scatto\/index.php?rest_route=\/wp\/v2\/types\/post"}],"author":[{"embeddable":true,"href":"http:\/\/www.spaziotorino.it\/scatto\/index.php?rest_route=\/wp\/v2\/users\/1"}],"replies":[{"embeddable":true,"href":"http:\/\/www.spaziotorino.it\/scatto\/index.php?rest_route=%2Fwp%2Fv2%2Fcomments&post=47537"}],"version-history":[{"count":1,"href":"http:\/\/www.spaziotorino.it\/scatto\/index.php?rest_route=\/wp\/v2\/posts\/47537\/revisions"}],"predecessor-version":[{"id":47539,"href":"http:\/\/www.spaziotorino.it\/scatto\/index.php?rest_route=\/wp\/v2\/posts\/47537\/revisions\/47539"}],"wp:attachment":[{"href":"http:\/\/www.spaziotorino.it\/scatto\/index.php?rest_route=%2Fwp%2Fv2%2Fmedia&parent=47537"}],"wp:term":[{"taxonomy":"category","embeddable":true,"href":"http:\/\/www.spaziotorino.it\/scatto\/index.php?rest_route=%2Fwp%2Fv2%2Fcategories&post=47537"},{"taxonomy":"post_tag","embeddable":true,"href":"http:\/\/www.spaziotorino.it\/scatto\/index.php?rest_route=%2Fwp%2Fv2%2Ftags&post=47537"}],"curies":[{"name":"wp","href":"https:\/\/api.w.org\/{rel}","templated":true}]}}