{"id":47553,"date":"2023-10-26T15:57:55","date_gmt":"2023-10-26T14:57:55","guid":{"rendered":"http:\/\/www.spaziotorino.it\/scatto\/?p=47553"},"modified":"2023-10-26T15:57:55","modified_gmt":"2023-10-26T14:57:55","slug":"1824-2024-il-museo-egizio-verso-il-bicentenario-il-nuovo-progetto-per-il-rinnovo-del-museo","status":"publish","type":"post","link":"http:\/\/www.spaziotorino.it\/scatto\/?p=47553","title":{"rendered":"1824-2024 &#8211; Il Museo Egizio verso il bicentenario, il nuovo Progetto per il rinnovo del Museo"},"content":{"rendered":"<p><a class=\"ngg-fancybox\" title=\"1824-2024 - Il Museo Egizio verso il bicentenario, il nuovo Progetto per il rinnovo del Museo\" href=\"http:\/\/www.spaziotorino.it\/scatto\/wp-content\/gallery\/2023_10_26_egizio\/PLA_7967.jpg\" rel=\"lightbox[set_2053]\"><br \/>\n<img decoding=\"async\" loading=\"lazy\" class=\"ngg-singlepic\" title=\"1824-2024 - Il Museo Egizio verso il bicentenario, il nuovo Progetto per il rinnovo del Museo\" src=\"http:\/\/www.spaziotorino.it\/scatto\/wp-content\/gallery\/2023_10_26_egizio\/PLA_7967.jpg\" alt=\"\" width=\"540\" height=\"360\"\/><\/a><\/p>\n<!-- index.php -->\n<div\n\tclass=\"ngg-galleryoverview ngg-ajax-pagination-none\"\n\tid=\"ngg-gallery-ca7c750c4597942fd324edfed40eed6a-1\">\n\n    \t\t<!-- Thumbnails -->\n\t\t\t\t<div id=\"ngg-image-0\" class=\"ngg-gallery-thumbnail-box\" >\n\t\t\t\t        <div class=\"ngg-gallery-thumbnail\">\n            <a href=\"http:\/\/www.spaziotorino.it\/scatto\/wp-content\/gallery\/2023_10_26_egizio\/PLA_7865.jpg\"\n               title=\"1824-2024 - Il Museo Egizio verso il bicentenario\"\n               data-src=\"http:\/\/www.spaziotorino.it\/scatto\/wp-content\/gallery\/2023_10_26_egizio\/PLA_7865.jpg\"\n               data-thumbnail=\"http:\/\/www.spaziotorino.it\/scatto\/wp-content\/gallery\/2023_10_26_egizio\/thumbs\/thumbs_PLA_7865.jpg\"\n               data-image-id=\"30708\"\n               data-title=\"1824-2024 - Il Museo Egizio verso il bicentenario\"\n               data-description=\"1824-2024 - Il Museo Egizio verso il bicentenario\"\n               data-image-slug=\"pla_7865-1\"\n               class=\"ngg-fancybox\" rel=\"ca7c750c4597942fd324edfed40eed6a\">\n                <img\n                    title=\"1824-2024 - Il Museo Egizio verso il bicentenario\"\n                    alt=\"1824-2024 - Il Museo Egizio verso il bicentenario\"\n                    src=\"http:\/\/www.spaziotorino.it\/scatto\/wp-content\/gallery\/2023_10_26_egizio\/cache\/PLA_7865.jpg-nggid0530708-ngg0dyn-60x60x100-00f0w010c011r110f110r010t010.jpg\"\n                    width=\"60\"\n                    height=\"60\"\n                    style=\"max-width:100%;\"\n                \/>\n            <\/a>\n        <\/div>\n\t\t\t\t\t\t\t<\/div> \n\t\t\t\n        \n\t\t\t\t<div id=\"ngg-image-1\" class=\"ngg-gallery-thumbnail-box\" >\n\t\t\t\t        <div class=\"ngg-gallery-thumbnail\">\n            <a href=\"http:\/\/www.spaziotorino.it\/scatto\/wp-content\/gallery\/2023_10_26_egizio\/PLA_7840.jpg\"\n               title=\"David Gianotten,  Evelina Christillin,  Christian Greco e Massimo Mori\"\n               data-src=\"http:\/\/www.spaziotorino.it\/scatto\/wp-content\/gallery\/2023_10_26_egizio\/PLA_7840.jpg\"\n               data-thumbnail=\"http:\/\/www.spaziotorino.it\/scatto\/wp-content\/gallery\/2023_10_26_egizio\/thumbs\/thumbs_PLA_7840.jpg\"\n               data-image-id=\"30706\"\n               data-title=\"David Gianotten,  Evelina Christillin,  Christian Greco e Massimo Mori\"\n               data-description=\"David Gianotten,  Evelina Christillin,  Christian Greco e Massimo Mori\"\n               data-image-slug=\"pla_7840\"\n               class=\"ngg-fancybox\" rel=\"ca7c750c4597942fd324edfed40eed6a\">\n                <img\n                    title=\"David Gianotten,  Evelina Christillin,  Christian Greco e Massimo Mori\"\n                    alt=\"David Gianotten,  Evelina Christillin,  Christian Greco e Massimo Mori\"\n                    src=\"http:\/\/www.spaziotorino.it\/scatto\/wp-content\/gallery\/2023_10_26_egizio\/cache\/PLA_7840.jpg-nggid0530706-ngg0dyn-60x60x100-00f0w010c011r110f110r010t010.jpg\"\n                    width=\"60\"\n                    height=\"60\"\n                    style=\"max-width:100%;\"\n                \/>\n            <\/a>\n        <\/div>\n\t\t\t\t\t\t\t<\/div> \n\t\t\t\n        \n\t\t\t\t<div id=\"ngg-image-2\" class=\"ngg-gallery-thumbnail-box\" >\n\t\t\t\t        <div class=\"ngg-gallery-thumbnail\">\n            <a href=\"http:\/\/www.spaziotorino.it\/scatto\/wp-content\/gallery\/2023_10_26_egizio\/PLA_7849.jpg\"\n               title=\"1824-2024 - Il Museo Egizio verso il bicentenario\"\n               data-src=\"http:\/\/www.spaziotorino.it\/scatto\/wp-content\/gallery\/2023_10_26_egizio\/PLA_7849.jpg\"\n               data-thumbnail=\"http:\/\/www.spaziotorino.it\/scatto\/wp-content\/gallery\/2023_10_26_egizio\/thumbs\/thumbs_PLA_7849.jpg\"\n               data-image-id=\"30707\"\n               data-title=\"1824-2024 - Il Museo Egizio verso il bicentenario\"\n               data-description=\"1824-2024 - Il Museo Egizio verso il bicentenario\"\n               data-image-slug=\"pla_7849-2\"\n               class=\"ngg-fancybox\" rel=\"ca7c750c4597942fd324edfed40eed6a\">\n                <img\n                    title=\"1824-2024 - Il Museo Egizio verso il bicentenario\"\n                    alt=\"1824-2024 - Il Museo Egizio verso il bicentenario\"\n                    src=\"http:\/\/www.spaziotorino.it\/scatto\/wp-content\/gallery\/2023_10_26_egizio\/cache\/PLA_7849.jpg-nggid0530707-ngg0dyn-60x60x100-00f0w010c011r110f110r010t010.jpg\"\n                    width=\"60\"\n                    height=\"60\"\n                    style=\"max-width:100%;\"\n                \/>\n            <\/a>\n        <\/div>\n\t\t\t\t\t\t\t<\/div> \n\t\t\t\n        \n\t\t\t\t<div id=\"ngg-image-3\" class=\"ngg-gallery-thumbnail-box\" >\n\t\t\t\t        <div class=\"ngg-gallery-thumbnail\">\n            <a href=\"http:\/\/www.spaziotorino.it\/scatto\/wp-content\/gallery\/2023_10_26_egizio\/PLA_7914.jpg\"\n               title=\"David Gianotten e Evelina Christillin\"\n               data-src=\"http:\/\/www.spaziotorino.it\/scatto\/wp-content\/gallery\/2023_10_26_egizio\/PLA_7914.jpg\"\n               data-thumbnail=\"http:\/\/www.spaziotorino.it\/scatto\/wp-content\/gallery\/2023_10_26_egizio\/thumbs\/thumbs_PLA_7914.jpg\"\n               data-image-id=\"30709\"\n               data-title=\"David Gianotten e Evelina Christillin\"\n               data-description=\"David Gianotten e Evelina Christillin\"\n               data-image-slug=\"pla_7914-1\"\n               class=\"ngg-fancybox\" rel=\"ca7c750c4597942fd324edfed40eed6a\">\n                <img\n                    title=\"David Gianotten e Evelina Christillin\"\n                    alt=\"David Gianotten e Evelina Christillin\"\n                    src=\"http:\/\/www.spaziotorino.it\/scatto\/wp-content\/gallery\/2023_10_26_egizio\/cache\/PLA_7914.jpg-nggid0530709-ngg0dyn-60x60x100-00f0w010c011r110f110r010t010.jpg\"\n                    width=\"60\"\n                    height=\"60\"\n                    style=\"max-width:100%;\"\n                \/>\n            <\/a>\n        <\/div>\n\t\t\t\t\t\t\t<\/div> \n\t\t\t\n        \n\t\t\t\t<div id=\"ngg-image-4\" class=\"ngg-gallery-thumbnail-box\" >\n\t\t\t\t        <div class=\"ngg-gallery-thumbnail\">\n            <a href=\"http:\/\/www.spaziotorino.it\/scatto\/wp-content\/gallery\/2023_10_26_egizio\/PLA_7896.jpg\"\n               title=\"Christian Greco\"\n               data-src=\"http:\/\/www.spaziotorino.it\/scatto\/wp-content\/gallery\/2023_10_26_egizio\/PLA_7896.jpg\"\n               data-thumbnail=\"http:\/\/www.spaziotorino.it\/scatto\/wp-content\/gallery\/2023_10_26_egizio\/thumbs\/thumbs_PLA_7896.jpg\"\n               data-image-id=\"30710\"\n               data-title=\"Christian Greco\"\n               data-description=\"Christian Greco\"\n               data-image-slug=\"pla_7896-1\"\n               class=\"ngg-fancybox\" rel=\"ca7c750c4597942fd324edfed40eed6a\">\n                <img\n                    title=\"Christian Greco\"\n                    alt=\"Christian Greco\"\n                    src=\"http:\/\/www.spaziotorino.it\/scatto\/wp-content\/gallery\/2023_10_26_egizio\/cache\/PLA_7896.jpg-nggid0530710-ngg0dyn-60x60x100-00f0w010c011r110f110r010t010.jpg\"\n                    width=\"60\"\n                    height=\"60\"\n                    style=\"max-width:100%;\"\n                \/>\n            <\/a>\n        <\/div>\n\t\t\t\t\t\t\t<\/div> \n\t\t\t\n        \n\t\t\t\t<div id=\"ngg-image-5\" class=\"ngg-gallery-thumbnail-box\" >\n\t\t\t\t        <div class=\"ngg-gallery-thumbnail\">\n            <a href=\"http:\/\/www.spaziotorino.it\/scatto\/wp-content\/gallery\/2023_10_26_egizio\/PLA_7941.jpg\"\n               title=\"1824-2024 - Il Museo Egizio verso il bicentenario\"\n               data-src=\"http:\/\/www.spaziotorino.it\/scatto\/wp-content\/gallery\/2023_10_26_egizio\/PLA_7941.jpg\"\n               data-thumbnail=\"http:\/\/www.spaziotorino.it\/scatto\/wp-content\/gallery\/2023_10_26_egizio\/thumbs\/thumbs_PLA_7941.jpg\"\n               data-image-id=\"30711\"\n               data-title=\"1824-2024 - Il Museo Egizio verso il bicentenario\"\n               data-description=\"1824-2024 - Il Museo Egizio verso il bicentenario\"\n               data-image-slug=\"pla_7941-1\"\n               class=\"ngg-fancybox\" rel=\"ca7c750c4597942fd324edfed40eed6a\">\n                <img\n                    title=\"1824-2024 - Il Museo Egizio verso il bicentenario\"\n                    alt=\"1824-2024 - Il Museo Egizio verso il bicentenario\"\n                    src=\"http:\/\/www.spaziotorino.it\/scatto\/wp-content\/gallery\/2023_10_26_egizio\/cache\/PLA_7941.jpg-nggid0530711-ngg0dyn-60x60x100-00f0w010c011r110f110r010t010.jpg\"\n                    width=\"60\"\n                    height=\"60\"\n                    style=\"max-width:100%;\"\n                \/>\n            <\/a>\n        <\/div>\n\t\t\t\t\t\t\t<\/div> \n\t\t\t\n        \n\t\t\t\t<div id=\"ngg-image-6\" class=\"ngg-gallery-thumbnail-box\" >\n\t\t\t\t        <div class=\"ngg-gallery-thumbnail\">\n            <a href=\"http:\/\/www.spaziotorino.it\/scatto\/wp-content\/gallery\/2023_10_26_egizio\/PLA_7954.jpg\"\n               title=\"1824-2024 - Il Museo Egizio verso il bicentenario\"\n               data-src=\"http:\/\/www.spaziotorino.it\/scatto\/wp-content\/gallery\/2023_10_26_egizio\/PLA_7954.jpg\"\n               data-thumbnail=\"http:\/\/www.spaziotorino.it\/scatto\/wp-content\/gallery\/2023_10_26_egizio\/thumbs\/thumbs_PLA_7954.jpg\"\n               data-image-id=\"30712\"\n               data-title=\"1824-2024 - Il Museo Egizio verso il bicentenario\"\n               data-description=\"1824-2024 - Il Museo Egizio verso il bicentenario\"\n               data-image-slug=\"pla_7954-1\"\n               class=\"ngg-fancybox\" rel=\"ca7c750c4597942fd324edfed40eed6a\">\n                <img\n                    title=\"1824-2024 - Il Museo Egizio verso il bicentenario\"\n                    alt=\"1824-2024 - Il Museo Egizio verso il bicentenario\"\n                    src=\"http:\/\/www.spaziotorino.it\/scatto\/wp-content\/gallery\/2023_10_26_egizio\/cache\/PLA_7954.jpg-nggid0530712-ngg0dyn-60x60x100-00f0w010c011r110f110r010t010.jpg\"\n                    width=\"60\"\n                    height=\"60\"\n                    style=\"max-width:100%;\"\n                \/>\n            <\/a>\n        <\/div>\n\t\t\t\t\t\t\t<\/div> \n\t\t\t\n        \n\t\t\t\t<div id=\"ngg-image-7\" class=\"ngg-gallery-thumbnail-box\" >\n\t\t\t\t        <div class=\"ngg-gallery-thumbnail\">\n            <a href=\"http:\/\/www.spaziotorino.it\/scatto\/wp-content\/gallery\/2023_10_26_egizio\/PLA_7984.jpg\"\n               title=\"1824-2024 - Il Museo Egizio verso il bicentenario\"\n               data-src=\"http:\/\/www.spaziotorino.it\/scatto\/wp-content\/gallery\/2023_10_26_egizio\/PLA_7984.jpg\"\n               data-thumbnail=\"http:\/\/www.spaziotorino.it\/scatto\/wp-content\/gallery\/2023_10_26_egizio\/thumbs\/thumbs_PLA_7984.jpg\"\n               data-image-id=\"30716\"\n               data-title=\"1824-2024 - Il Museo Egizio verso il bicentenario\"\n               data-description=\"1824-2024 - Il Museo Egizio verso il bicentenario\"\n               data-image-slug=\"pla_7984-4\"\n               class=\"ngg-fancybox\" rel=\"ca7c750c4597942fd324edfed40eed6a\">\n                <img\n                    title=\"1824-2024 - Il Museo Egizio verso il bicentenario\"\n                    alt=\"1824-2024 - Il Museo Egizio verso il bicentenario\"\n                    src=\"http:\/\/www.spaziotorino.it\/scatto\/wp-content\/gallery\/2023_10_26_egizio\/cache\/PLA_7984.jpg-nggid0530716-ngg0dyn-60x60x100-00f0w010c011r110f110r010t010.jpg\"\n                    width=\"60\"\n                    height=\"60\"\n                    style=\"max-width:100%;\"\n                \/>\n            <\/a>\n        <\/div>\n\t\t\t\t\t\t\t<\/div> \n\t\t\t\n        \n\t\t\t\t<div id=\"ngg-image-8\" class=\"ngg-gallery-thumbnail-box\" >\n\t\t\t\t        <div class=\"ngg-gallery-thumbnail\">\n            <a href=\"http:\/\/www.spaziotorino.it\/scatto\/wp-content\/gallery\/2023_10_26_egizio\/PLA_7999.jpg\"\n               title=\"David Gianotten\"\n               data-src=\"http:\/\/www.spaziotorino.it\/scatto\/wp-content\/gallery\/2023_10_26_egizio\/PLA_7999.jpg\"\n               data-thumbnail=\"http:\/\/www.spaziotorino.it\/scatto\/wp-content\/gallery\/2023_10_26_egizio\/thumbs\/thumbs_PLA_7999.jpg\"\n               data-image-id=\"30715\"\n               data-title=\"David Gianotten\"\n               data-description=\"David Gianotten\"\n               data-image-slug=\"pla_7999\"\n               class=\"ngg-fancybox\" rel=\"ca7c750c4597942fd324edfed40eed6a\">\n                <img\n                    title=\"David Gianotten\"\n                    alt=\"David Gianotten\"\n                    src=\"http:\/\/www.spaziotorino.it\/scatto\/wp-content\/gallery\/2023_10_26_egizio\/cache\/PLA_7999.jpg-nggid0530715-ngg0dyn-60x60x100-00f0w010c011r110f110r010t010.jpg\"\n                    width=\"60\"\n                    height=\"60\"\n                    style=\"max-width:100%;\"\n                \/>\n            <\/a>\n        <\/div>\n\t\t\t\t\t\t\t<\/div> \n\t\t\t\n        \n\t\t\t\t<div id=\"ngg-image-9\" class=\"ngg-gallery-thumbnail-box\" >\n\t\t\t\t        <div class=\"ngg-gallery-thumbnail\">\n            <a href=\"http:\/\/www.spaziotorino.it\/scatto\/wp-content\/gallery\/2023_10_26_egizio\/PLA_8004.jpg\"\n               title=\"Christian Greco\"\n               data-src=\"http:\/\/www.spaziotorino.it\/scatto\/wp-content\/gallery\/2023_10_26_egizio\/PLA_8004.jpg\"\n               data-thumbnail=\"http:\/\/www.spaziotorino.it\/scatto\/wp-content\/gallery\/2023_10_26_egizio\/thumbs\/thumbs_PLA_8004.jpg\"\n               data-image-id=\"30714\"\n               data-title=\"Christian Greco\"\n               data-description=\"Christian Greco\"\n               data-image-slug=\"pla_8004\"\n               class=\"ngg-fancybox\" rel=\"ca7c750c4597942fd324edfed40eed6a\">\n                <img\n                    title=\"Christian Greco\"\n                    alt=\"Christian Greco\"\n                    src=\"http:\/\/www.spaziotorino.it\/scatto\/wp-content\/gallery\/2023_10_26_egizio\/cache\/PLA_8004.jpg-nggid0530714-ngg0dyn-60x60x100-00f0w010c011r110f110r010t010.jpg\"\n                    width=\"60\"\n                    height=\"60\"\n                    style=\"max-width:100%;\"\n                \/>\n            <\/a>\n        <\/div>\n\t\t\t\t\t\t\t<\/div> \n\t\t\t\n        \n\t\t\t\t<div id=\"ngg-image-10\" class=\"ngg-gallery-thumbnail-box\" >\n\t\t\t\t        <div class=\"ngg-gallery-thumbnail\">\n            <a href=\"http:\/\/www.spaziotorino.it\/scatto\/wp-content\/gallery\/2023_10_26_egizio\/PLA_8003.jpg\"\n               title=\"Christian Greco\"\n               data-src=\"http:\/\/www.spaziotorino.it\/scatto\/wp-content\/gallery\/2023_10_26_egizio\/PLA_8003.jpg\"\n               data-thumbnail=\"http:\/\/www.spaziotorino.it\/scatto\/wp-content\/gallery\/2023_10_26_egizio\/thumbs\/thumbs_PLA_8003.jpg\"\n               data-image-id=\"30717\"\n               data-title=\"Christian Greco\"\n               data-description=\"Christian Greco\"\n               data-image-slug=\"pla_8003\"\n               class=\"ngg-fancybox\" rel=\"ca7c750c4597942fd324edfed40eed6a\">\n                <img\n                    title=\"Christian Greco\"\n                    alt=\"Christian Greco\"\n                    src=\"http:\/\/www.spaziotorino.it\/scatto\/wp-content\/gallery\/2023_10_26_egizio\/cache\/PLA_8003.jpg-nggid0530717-ngg0dyn-60x60x100-00f0w010c011r110f110r010t010.jpg\"\n                    width=\"60\"\n                    height=\"60\"\n                    style=\"max-width:100%;\"\n                \/>\n            <\/a>\n        <\/div>\n\t\t\t\t\t\t\t<\/div> \n\t\t\t\n        \n\t\t\n\t\t<!-- Pagination -->\n\t<div class='ngg-clear'><\/div>\t<\/div>\n\n<p>Il 2024, anno delle celebrazioni del bicentenario del Museo Egizio, segna l\u2019inizio di &nbsp;una nuova stagione &nbsp;di &nbsp;trasformazione del &nbsp;Museo non solo da un punto &nbsp;di vista architettonico, ma anche sotto il profilo dell\u2019allestimento e della ricerca archeologica.<\/p>\n<p>Il progetto architettonico &nbsp;del &nbsp;nuovo&nbsp; &nbsp;Museo entra &nbsp;ora &nbsp;nella &nbsp;fase esecutiva ed \u00e8 firmato da <strong>David Gianotten<\/strong> e <strong>Andreas Karavanas<\/strong>, dello &nbsp;studio &nbsp;<strong>Oma<\/strong> &nbsp;(Office &nbsp;for &nbsp;Metropolitan&nbsp; Architecture) &nbsp;di Rotterdam.<\/p>\n<p>Dopo &nbsp;la vittoria, lo scorso gennaio, da parte di Oma del concorso internazionale di idee, bandito dalla Fondazione Compagnia di San Paolo &nbsp;nel &nbsp;2022, si &nbsp;\u00e8 aperta una fase &nbsp;di &nbsp;gestazione &nbsp;del &nbsp;progetto definitivo, &nbsp;frutto &nbsp;di &nbsp;mesi &nbsp;di &nbsp;confronto &nbsp;tra gli architetti &nbsp;e i &nbsp;vertici &nbsp;e i curatori del Museo, l\u2019Accademia delle Scienze, proprietaria del palazzo barocco del Collegio dei Nobili, sede del Museo, e la Soprintendenza Archeologia, Belle Arti e Paesaggio per la Citt\u00e0 Metropolitana di Torino.<\/p>\n<p>Dopo&nbsp; &nbsp;il &nbsp;via &nbsp;libera &nbsp;da parte della &nbsp;Conferenza &nbsp;dei &nbsp;Servizi &nbsp;e del Comitato scientifico dell\u2019Egizio, in cui siedono sei rappresentanti dei pi\u00f9&nbsp; &nbsp;importanti&nbsp; &nbsp;musei&nbsp; &nbsp;internazionali,&nbsp; &nbsp;il&nbsp; &nbsp;Comune &nbsp;di&nbsp; &nbsp;Torino&nbsp; &nbsp;ha approvato le deroghe al regolamento edilizio della Citt\u00e0.<\/p>\n<p>Passaggi &nbsp;formali &nbsp;che ora consentiranno &nbsp;al &nbsp;museo di&nbsp; mettere a bando i lavori, che inizieranno nel prossimo anno. Si dar\u00e0 cos\u00ec concretezza ad un progetto ambizioso di rifunzionalizzazione della corte e di &nbsp;restituzione &nbsp;alla &nbsp;citt\u00e0 &nbsp;di &nbsp;un &nbsp;nuovo&nbsp; &nbsp;spazio &nbsp;pubblico, &nbsp;di allestimento di un giardino egizio nella corte coperta, di una nuova sala &nbsp;immersiva &nbsp;all\u2019interno&nbsp; del &nbsp;Museo, del &nbsp;restauro e del riallestimento del Tempio di Ellesija e della Galleria dei Re, progetti per cui si prevedono 23 milioni di investimenti.<br \/>\nTra i &nbsp;primi a credere in questa nuova stagione dell\u2019Egizio, sostenendolo&nbsp; &nbsp;anche &nbsp;dal&nbsp; &nbsp;punto&nbsp;&nbsp; &nbsp;di&nbsp; &nbsp;vista&nbsp; &nbsp;finanziario&nbsp; &nbsp;\u00e8 &nbsp;stato &nbsp;il <strong>Ministero della Cultura<\/strong>. C\u2019\u00e8 stato poi l\u2019appoggio incondizionato di <strong>Accademia delle Scienze<\/strong>, che crede in questo ampliamento. <strong>Fondazione &nbsp;Compagnia &nbsp;di &nbsp;San &nbsp;Paolo<\/strong> &nbsp;ha &nbsp;dato avvio &nbsp;ad &nbsp;un progetto innovativo di mecenatismo con&nbsp; il Concorso internazionale di idee per il nuovo &nbsp;Egizio e anche<strong> Fondazione Crt<\/strong> &nbsp;ha deliberato un sostegno economico all\u2019Egizio, cos\u00ec come la <strong>Regione Piemonte<\/strong> e il <strong>Comune di Torino<\/strong>. Hanno poi generosamente offerto un sostegno economico per i diversi progetti che riguardano il bicentenario&nbsp;&nbsp; &nbsp;Alpitour,&nbsp; &nbsp;Camera&nbsp; &nbsp;di&nbsp;&nbsp; &nbsp;Commercio&nbsp; &nbsp;di&nbsp;&nbsp; &nbsp;Torino, Consulta di Torino, Ferrovie dello Stato, Intesa Sanpaolo, Lavazza, Reale Mutua.<\/p>\n<p>\u201cCelebrare &nbsp;i&nbsp; &nbsp;200&nbsp; &nbsp;anni &nbsp;del &nbsp;Museo, &nbsp;non&nbsp; &nbsp;\u00e8 solo &nbsp;un &nbsp;esercizio &nbsp;di memoria, &nbsp;ma significa &nbsp;anche &nbsp;programmare il &nbsp;futuro. &nbsp;Il &nbsp;progetto architettonico di Oma nasce sulla scorta di nuova visione di Museo, pi\u00f9 articolato e multiforme: ente di ricerca, luogo inclusivo, spazio in cui, come recita l\u2019articolo 3.2 della Costituzione italiana, si lavora per &nbsp;abbattere &nbsp;gli&nbsp; &nbsp;ostacoli&nbsp; &nbsp;che &nbsp;impediscono&nbsp; &nbsp;il&nbsp; &nbsp;pieno&nbsp; &nbsp;sviluppo armonico della persona. L\u2019idea di coprire la corte nasce quindi dalla volont\u00e0 di creare una nuova agor\u00e0, che sia restituita alla collettivit\u00e0 e, al contempo, rendere fruibile gratuitamente il Tempio di Ellesija donato dall\u2019Egitto &nbsp;all\u2019Italia.&nbsp;&nbsp; &nbsp;Dopo&nbsp; &nbsp;la &nbsp;trasformazione &nbsp;del &nbsp;2015&nbsp; &nbsp;il Museo si &nbsp;\u00e8 aperto al &nbsp;mondo, ha cambiato &nbsp;costantemente la &nbsp;sua offerta espositiva, ha studiato nuove strade e ricette per raccontare non solo la cultura materiale, ma anche la storia nascosta dei reperti e della civilt\u00e0 dell\u2019antico Egitto. Per il bicentenario abbiamo deciso di &nbsp;riflettere &nbsp;sul &nbsp;ruolo dell\u2019Egizio: &nbsp;\u00e8 un &nbsp;luogo &nbsp;di &nbsp;conservazione &nbsp;o di distruzione? &nbsp;Cosa gli &nbsp;manca a 200 &nbsp;anni &nbsp;dalla &nbsp;fondazione? &nbsp;\u00c8 &nbsp;a partire &nbsp;da questi &nbsp;interrogativi &nbsp;che vedr\u00e0 la &nbsp;luce &nbsp;il &nbsp;nuovo &nbsp;Museo\u201d, hanno spiegato, la presidente del Museo Egizio, <strong>Evelina Christillin<\/strong> e il direttore, <strong>Christian Greco<\/strong>.<\/p>\n<p>&#8220;Il team OMA \u00e8 orgoglioso di essere stato nominato progettista architettonico per la trasformazione del Museo Egizio. La vasta collezione, la ricca storia che incarna e la visione del bicentenario ci ispirano a rafforzare il significato culturale del Museo Egizio attraverso l&#8217;architettura. Il Museo Egizio trasformato sar\u00e0 ancora pi\u00f9 connesso &nbsp;con&nbsp; &nbsp;la &nbsp;citt\u00e0 &nbsp;e pubblicamente &nbsp;accessibile, &nbsp;integrando l&#8217;ambizione del Museo di promuovere l&#8217;impegno pubblico. Ci complimentiamo con &nbsp;il Direttore e il suo team per la loro visione di un &nbsp;museo aperto e contemporaneo\u201d, &nbsp;ha dichiarato&nbsp; <strong>David Gianotten<\/strong>, Managing Partner di Oma.<\/p>\n<p>Il centro di gravit\u00e0 del Museo Egizio pi\u00f9 antico al mondo si sposta, dunque, nella corte del palazzo barocco del Collegio dei Nobili, che si &nbsp;trasformer\u00e0 &nbsp;in &nbsp;una nuova agor\u00e0, su due livelli, &nbsp;piano &nbsp;terreno e piano &nbsp;ipogeo, &nbsp;coperta &nbsp;da &nbsp;una &nbsp;struttura trasparente &nbsp;in &nbsp;vetro &nbsp;e acciaio. Si tratta di uno&nbsp; spazio aperto gratuitamente, di fatto di un ampliamento del Museo e di Accademia delle Scienze, che avranno a disposizione circa 975 &nbsp;metri quadrati in pi\u00f9. Un luogo in cui convivranno un giardino egizio, un bookshop nel porticato, che sar\u00e0 nuovamente&nbsp;&nbsp; &nbsp;aperto&nbsp;&nbsp; &nbsp;verso&nbsp;&nbsp; &nbsp;la&nbsp;&nbsp;&nbsp; &nbsp;corte,&nbsp;&nbsp; &nbsp;una&nbsp;&nbsp; &nbsp;caffetteria,&nbsp;&nbsp;&nbsp; &nbsp;la biglietteria e l\u2019info point del Museo e dell\u2019Accademia delle Scienze.<\/p>\n<p>Tre gli ingressi all\u2019Egizio in futuro: non &nbsp;solo da via Accademia delle Scienze, ma anche da via Duse e da Via Maria Vittoria. Mentre la corte coperta diventer\u00e0 il centro nevralgico da cui il visitatore potr\u00e0 partire liberamente alla scoperta dei 12mila reperti antichi in esposizione, senza seguire un percorso preordinato.<br \/>\nDalla corte si potr\u00e0 accedere direttamente al <strong>Tempio di Ellesija<\/strong>, il pi\u00f9 &nbsp;antico &nbsp;tempio &nbsp;rupestre della &nbsp;Nubia, &nbsp;che approd\u00f2 a Torino &nbsp;nel 1966. A seguito della costruzione &nbsp;della &nbsp;diga &nbsp;di Assuan, &nbsp;il &nbsp;Museo Egizio &nbsp;fu chiamato &nbsp;a contribuire &nbsp;alla &nbsp;campagna per il salvataggio dei tempi della Nubia, che rischiavano di essere sommersi dalle acque del lago Nasser. Il governo egiziano decise di donare all\u2019Italia il &nbsp;tempio, &nbsp;in &nbsp;segno di &nbsp;gratitudine &nbsp;per la &nbsp;partecipazione &nbsp;del &nbsp;nostro Paese all\u2019operazione di salvataggio: il reperto, dopo &nbsp;una complessa operazione di trasporto e ricostruzione all\u2019interno del Museo Egizio, fu &nbsp;presentato a Torino &nbsp;alla &nbsp;presenza &nbsp;delle &nbsp;autorit\u00e0 &nbsp;italiane &nbsp;ed egiziane nell\u2019autunno del 1970. A distanza di oltre mezzo secolo il Museo Egizio, nell\u2019ambito del rinnovamento per il bicentenario, sceglie&nbsp; &nbsp;di&nbsp; &nbsp;offrire&nbsp; &nbsp;alla&nbsp; &nbsp;collettivit\u00e0&nbsp; &nbsp;la&nbsp; &nbsp;visita&nbsp; &nbsp;gratuita&nbsp; &nbsp;del&nbsp; &nbsp;tempio.<\/p>\n<p>Sempre dalla corte si accede al &nbsp;piano &nbsp;ipogeo, &nbsp;dove grazie &nbsp;ad un progetto all\u2019avanguardia con &nbsp;l\u2019<strong>Istituto Italiano di Tecnologia<\/strong> di Genova nascer\u00e0 <strong>una nuova sala immersiva<\/strong>. Il visitatore dal centro di Torino verr\u00e0 trasportato virtualmente in Egitto, all\u2019interno del paesaggio, &nbsp;una quarta dimensione &nbsp;in &nbsp;cui &nbsp;appassionati &nbsp;e studiosi potranno ricontestualizzare la collezione del Museo e immergersi in atmosfere&nbsp; lontane,&nbsp; nel tempo e geograficamente.<br \/>\nE poi &nbsp;ancora, tra i progetti &nbsp;che prenderanno il &nbsp;via &nbsp;nel &nbsp;2024 &nbsp;c\u2019\u00e8 &nbsp;il rinnovamento della <strong>Galleria dei Re<\/strong>: lo statuario sar\u00e0 oggetto di un riallestimento &nbsp;filologico &nbsp;che lo &nbsp;vedr\u00e0 immerso &nbsp;nella &nbsp;luce &nbsp;naturale; attraverso le finestre che verranno riaperte si potranno intravedere gli elementi dello statuario.<\/p>\n<p>Alla &nbsp;base di &nbsp;questa evoluzione &nbsp;verso un &nbsp;Egizio &nbsp;pi\u00f9 &nbsp;trasparente e permeabile &nbsp;alla &nbsp;comunit\u00e0 &nbsp;scientifica &nbsp;e alla &nbsp;collettivit\u00e0, &nbsp;c\u2019\u00e8 &nbsp;l\u2019idea &nbsp;di un museo come laboratorio della contemporaneit\u00e0, in cui la storia, l\u2019archeologia e la ricerca, siano s\u00ec uno &nbsp;strumento per preservare il passato e la memoria, ma anche una sorta di lente di ingrandimento sull\u2019oggi e su un patrimonio condiviso&nbsp; che ci permette di sentirci parte di un\u2019unica collettivit\u00e0.<\/p>\n<p>Numerosi i progetti che gi\u00e0 da quest\u2019anno hanno accompagnato la riflessione sul futuro dell\u2019Egizio e dei musei in generale e che traghetteranno il &nbsp;museo verso le &nbsp;celebrazioni. &nbsp;In questo solco &nbsp;si inserisce il ciclo di incontri dal titolo \u201c<strong>What\u2019s a Museum?<\/strong>\u201d, ideato e condotto dal direttore dell\u2019Egizio, Christian Greco, una sorta di laboratorio, di brainstorming internazionale, per immaginare l\u2019evoluzione dei musei, &nbsp;sulla &nbsp;scorta delle &nbsp;best practice &nbsp;mondiali. A Torino &nbsp;sono approdati &nbsp;e approderanno i direttori &nbsp;delle &nbsp;maggiori istituzioni museali mondiali. Il prossimo appuntamento, l\u2019ultimo del 2023, il <strong>9 novembre<\/strong>, vedr\u00e0 protagonista il direttore del <strong>Museo del Prado<\/strong> di <strong>Madrid<\/strong>, <strong>Miguel Falomir Faus<\/strong>, museo che proprio recentemente \u00e8 stato oggetto di un profondo cambiamento. Mentre il &nbsp;primo &nbsp;appuntamento del &nbsp;2024&nbsp; &nbsp;sar\u00e0 &nbsp;il &nbsp;<strong>17 &nbsp;gennaio<\/strong>: \u00e8 atteso a Torino <strong>Taco Dibbits<\/strong> del <strong>Rijksmuseum di Amsterdam<\/strong>.<\/p>\n<p>Ma prima &nbsp;del &nbsp;2024, dal <strong>28 &nbsp;novembre al 1\u00b0 dicembre 2023<\/strong> &nbsp;sono attesi a Torino fisici, antropologi, filosofi, sociolinguisti, archeologi, paleopatologi, esperti del patrimonio, curatori, museologi e neuroscienziati, provenienti da tutto il mondo per un confronto internazionale dal titolo \u201c<strong>Im\/materialities, Museums between real and digital<\/strong>\u201d. Esperti &nbsp;provenienti &nbsp;dal &nbsp;Massachussets &nbsp;Institute &nbsp;of Technology, &nbsp;all\u2019Universit\u00e0 &nbsp;di &nbsp;Oxford, &nbsp;dal &nbsp;Cern e da diversi &nbsp;atenei italiani faranno il punto &nbsp;sulle tecnologie digitali al servizio dei musei e della ricerca archeologica.<\/p>\n<p>Il bicentenario dell\u2019Egizio avvolger\u00e0 l\u2019intera citt\u00e0 con iniziative anche al &nbsp;di &nbsp;fuori &nbsp;del &nbsp;Museo. Il <strong>Comune di &nbsp;Torino<\/strong> aprir\u00e0 &nbsp;il <strong>2024<\/strong> &nbsp;proprio all\u2019insegna del bicentenario del Museo, con &nbsp;il <strong>Concerto di Capodanno<\/strong> che vedr\u00e0 protagonista l\u2019Egizio.<br \/>\nIn &nbsp;piazza &nbsp;Castello&nbsp; il &nbsp;<strong>1\u00b0 &nbsp;gennaio &nbsp;2024&nbsp; &nbsp;sar\u00e0 l\u2019Orchestra Filarmonica di Torino<\/strong>, con un grande concerto e installazioni video ad inaugurare simbolicamente le celebrazioni del bicentenario del Museo Egizio. L\u2019Orchestra Filarmonica di Torino, diretta da Giampaolo&nbsp; &nbsp;Pretto, &nbsp;eseguir\u00e0&nbsp; &nbsp;composizioni&nbsp; &nbsp;di&nbsp; &nbsp;Mozart e &nbsp;Verdi. L\u2019evento sar\u00e0 trasmesso in diretta televisiva su <strong>Sky &nbsp;Classica HD<\/strong>, diretto da Paolo Marenghi, e sar\u00e0 presentato da Paolo Gavazzeni, direttore artistico del canale, insieme alla conduttrice Alba Parietti.<\/p>\n<p>Tra le &nbsp;novit\u00e0 &nbsp;imminenti &nbsp;c\u2019\u00e8 &nbsp;poi &nbsp;la &nbsp;riapertura &nbsp;al &nbsp;pubblico &nbsp;del &nbsp;terzo piano&nbsp; &nbsp;del&nbsp; &nbsp;Museo, &nbsp;che&nbsp; &nbsp;non&nbsp;&nbsp; &nbsp;sar\u00e0&nbsp; &nbsp;pi\u00f9&nbsp; &nbsp;dedicato&nbsp; &nbsp;alle&nbsp; &nbsp;mostre temporanee, ma ospiter\u00e0 in maniera permanente la <strong>Galleria della Scrittura<\/strong>, 600 &nbsp;metri quadrati dedicati alle lingue e alle scritture dell\u2019antico Egitto, geroglifici, ma non solo.<\/p>\n<p>Dalla storia del Palazzo del Collegio dei Nobili che a partire dal 1824 ha avuto diversi interventi fino alle campagne di scavo in Egitto nel Novecento e poi &nbsp;nel &nbsp;XXI secolo, &nbsp;dalle &nbsp;scoperte dei &nbsp;reperti &nbsp;al &nbsp;loro studio &nbsp;fino &nbsp;alla &nbsp;digitalizzazione: &nbsp;la &nbsp;storia &nbsp;a cavallo &nbsp;di &nbsp;due secoli del&nbsp; &nbsp;Museo Egizio, che ha chiuso solo due volte nella sua vita nel corso della seconda guerra mondiale e della pandemia,&nbsp; &nbsp;si muove di &nbsp;pari &nbsp;passo con &nbsp;quella &nbsp;del &nbsp;Paese. &nbsp;E &nbsp;le &nbsp;diverse &nbsp;evoluzioni &nbsp;del Museo, fino a diventare crocevia internazionale di ricerche e studi in&nbsp; &nbsp;campo &nbsp;egittologico,&nbsp; &nbsp;sono &nbsp;al&nbsp; &nbsp;centro &nbsp;di&nbsp; &nbsp;una &nbsp;pubblicazione scientifica,&nbsp;&nbsp;&nbsp;&nbsp;&nbsp; &nbsp;un&nbsp;&nbsp;&nbsp;&nbsp;&nbsp; &nbsp;lavoro&nbsp;&nbsp;&nbsp;&nbsp;&nbsp; &nbsp;corale&nbsp;&nbsp;&nbsp;&nbsp;&nbsp; &nbsp;con&nbsp;&nbsp;&nbsp;&nbsp;&nbsp; &nbsp;cui&nbsp;&nbsp;&nbsp;&nbsp;&nbsp; &nbsp;si&nbsp;&nbsp;&nbsp;&nbsp;&nbsp; &nbsp;stanno misurando curatori ed esperti internazionali&nbsp;&nbsp;&nbsp;&nbsp;&nbsp;&nbsp; &nbsp;e&nbsp;&nbsp;&nbsp;&nbsp; &nbsp;che&nbsp;&nbsp;&nbsp; &nbsp;uscir\u00e0 nell\u2019autunno del 2024, dedicato alla memoria &nbsp;Carla Barbati, gi\u00e0 presidente &nbsp;del &nbsp;Consiglio &nbsp;Universitario &nbsp;nazionale &nbsp;e Consigliere &nbsp;di Stato.<\/p>\n<p>In vista del bicentenario poi il Museo Egizio d\u00e0 il via ad un secondo cantiere \u201cimmateriale\u201d: grazie all&#8217;assegnazione dei contributi del bando <strong>PNRR<\/strong> &nbsp;\u201cRimozione delle barriere fisiche e cognitive in musei, biblioteche e archivi\u201d finanziato dall&#8217;Unione europea &nbsp;&#8211; <strong>NextGenerationEU<\/strong>, a confermare &nbsp;la &nbsp;volont\u00e0 &nbsp;di &nbsp;grande apertura dell&#8217;istituzione, l\u2019Egizio ha lavorato con &nbsp;stakeholder e associazioni per poter consentire pari accesso alle informazioni da parte di sordi, ciechi e persone con &nbsp;difficolt\u00e0 cognitive. La collaborazione ha dato luogo ad un sistema multimodale in ottica Accessibility for All; saranno a disposizione visite con &nbsp;esperienza tattile su pannelli ed elementi&nbsp; della &nbsp;collezione, &nbsp;guide &nbsp;in &nbsp;LIS, &nbsp;supporti&nbsp; di accompagnamento in CAA.<br \/>\nInoltre, grazie al finanziamento previsto dal bando Esponente di <strong>Fondazione CRT<\/strong>, &nbsp;si &nbsp;\u00e8 intervenuti &nbsp;in &nbsp;via &nbsp;sperimentale &nbsp;anche sul contenuto delle didascalie della sala di <strong>Deir el -Medina<\/strong>, una delle pi\u00f9 &nbsp;importanti &nbsp;del &nbsp;Museo, con &nbsp;un\u2019opera &nbsp;di &nbsp;interpretazione &nbsp;che ha coinvolto i curatori e i membri dell\u2019Ufficio Interpretazione, Accessibilit\u00e0 e Condivisione.<\/p>\n<p>Per l\u2019occasione del bicentenario il Museo Egizio ha voluto rinnovare la propria immagine e progettare un\u2019identit\u00e0 visiva dedicata, che \u00e8 stata &nbsp;creata &nbsp;in&nbsp; &nbsp;collaborazione&nbsp; &nbsp;con&nbsp; &nbsp;Studio&nbsp; &nbsp;FM.&nbsp; &nbsp;La &nbsp;creativit\u00e0 conferisce &nbsp;un &nbsp;grande peso al &nbsp;pittogramma &nbsp;del &nbsp;logo, &nbsp;che diventa motivo decorativo alludendo al percorso fatto in questi 200 anni.<br \/>\nIl &nbsp;claim &nbsp;\u201c<strong>200 &nbsp;anni di &nbsp;Museo &nbsp;Egizio. La memoria &nbsp;\u00e8 il &nbsp;nostro futuro<\/strong>\u201d,&nbsp; &nbsp;accompagnato da &nbsp;un&nbsp; &nbsp;logo&nbsp; &nbsp;con&nbsp; &nbsp;lettering&nbsp; &nbsp;molto&nbsp; &nbsp;pulito, diviene da oggi il segno distintivo del Bicentenario e delle sue celebrazioni.<\/p>\n<p>&nbsp;<\/p>\n","protected":false},"excerpt":{"rendered":"<p>Il 2024, anno delle celebrazioni del bicentenario del Museo Egizio, segna l\u2019inizio di &nbsp;una nuova stagione &nbsp;di &nbsp;trasformazione del &nbsp;Museo non solo da un punto &nbsp;di vista architettonico, ma anche sotto il profilo dell\u2019allestimento e della ricerca archeologica. Il progetto architettonico &nbsp;del &nbsp;nuovo&nbsp; &nbsp;Museo entra &nbsp;ora &nbsp;nella &nbsp;fase esecutiva ed \u00e8 firmato da David Gianotten [&hellip;]<\/p>\n","protected":false},"author":1,"featured_media":0,"comment_status":"closed","ping_status":"open","sticky":false,"template":"","format":"standard","meta":{"ngg_post_thumbnail":0},"categories":[54,1,41],"tags":[],"_links":{"self":[{"href":"http:\/\/www.spaziotorino.it\/scatto\/index.php?rest_route=\/wp\/v2\/posts\/47553"}],"collection":[{"href":"http:\/\/www.spaziotorino.it\/scatto\/index.php?rest_route=\/wp\/v2\/posts"}],"about":[{"href":"http:\/\/www.spaziotorino.it\/scatto\/index.php?rest_route=\/wp\/v2\/types\/post"}],"author":[{"embeddable":true,"href":"http:\/\/www.spaziotorino.it\/scatto\/index.php?rest_route=\/wp\/v2\/users\/1"}],"replies":[{"embeddable":true,"href":"http:\/\/www.spaziotorino.it\/scatto\/index.php?rest_route=%2Fwp%2Fv2%2Fcomments&post=47553"}],"version-history":[{"count":1,"href":"http:\/\/www.spaziotorino.it\/scatto\/index.php?rest_route=\/wp\/v2\/posts\/47553\/revisions"}],"predecessor-version":[{"id":47555,"href":"http:\/\/www.spaziotorino.it\/scatto\/index.php?rest_route=\/wp\/v2\/posts\/47553\/revisions\/47555"}],"wp:attachment":[{"href":"http:\/\/www.spaziotorino.it\/scatto\/index.php?rest_route=%2Fwp%2Fv2%2Fmedia&parent=47553"}],"wp:term":[{"taxonomy":"category","embeddable":true,"href":"http:\/\/www.spaziotorino.it\/scatto\/index.php?rest_route=%2Fwp%2Fv2%2Fcategories&post=47553"},{"taxonomy":"post_tag","embeddable":true,"href":"http:\/\/www.spaziotorino.it\/scatto\/index.php?rest_route=%2Fwp%2Fv2%2Ftags&post=47553"}],"curies":[{"name":"wp","href":"https:\/\/api.w.org\/{rel}","templated":true}]}}