{"id":47578,"date":"2023-10-26T21:52:39","date_gmt":"2023-10-26T20:52:39","guid":{"rendered":"http:\/\/www.spaziotorino.it\/scatto\/?p=47578"},"modified":"2023-10-27T14:54:06","modified_gmt":"2023-10-27T13:54:06","slug":"la-biblioteca-geisser-riapre-al-pubblico-tra-arte-contemporanea-e-fotografia","status":"publish","type":"post","link":"http:\/\/www.spaziotorino.it\/scatto\/?p=47578","title":{"rendered":"La biblioteca Geisser riapre al pubblico tra arte contemporanea e fotografia"},"content":{"rendered":"<p><a class=\"ngg-fancybox\" title=\"La biblioteca Geisser riapre al pubblico tra arte contemporanea e fotografia\" href=\"http:\/\/www.spaziotorino.it\/scatto\/wp-content\/gallery\/2023_10_26_geisser\/PLA_8064.jpg\" rel=\"lightbox[set_2054]\"><br \/>\n<img decoding=\"async\" loading=\"lazy\" class=\"ngg-singlepic\" title=\"La biblioteca Geisser riapre al pubblico tra arte contemporanea e fotografia\" src=\"http:\/\/www.spaziotorino.it\/scatto\/wp-content\/gallery\/2023_10_26_geisser\/PLA_8064.jpg\" alt=\"\" width=\"540\" height=\"360\"\/><\/a><\/p>\n<!-- index.php -->\n<div\n\tclass=\"ngg-galleryoverview ngg-ajax-pagination-none\"\n\tid=\"ngg-gallery-e67e4956640f1ba35a0c35f7a7563d4a-1\">\n\n    \t\t<!-- Thumbnails -->\n\t\t\t\t<div id=\"ngg-image-0\" class=\"ngg-gallery-thumbnail-box\" >\n\t\t\t\t        <div class=\"ngg-gallery-thumbnail\">\n            <a href=\"http:\/\/www.spaziotorino.it\/scatto\/wp-content\/gallery\/2023_10_26_geisser\/PLA_8056.jpg\"\n               title=\"Blioteca Civica Geisser\"\n               data-src=\"http:\/\/www.spaziotorino.it\/scatto\/wp-content\/gallery\/2023_10_26_geisser\/PLA_8056.jpg\"\n               data-thumbnail=\"http:\/\/www.spaziotorino.it\/scatto\/wp-content\/gallery\/2023_10_26_geisser\/thumbs\/thumbs_PLA_8056.jpg\"\n               data-image-id=\"30720\"\n               data-title=\"Blioteca Civica Geisser\"\n               data-description=\"Blioteca Civica Geisser\"\n               data-image-slug=\"pla_8056\"\n               class=\"ngg-fancybox\" rel=\"e67e4956640f1ba35a0c35f7a7563d4a\">\n                <img\n                    title=\"Blioteca Civica Geisser\"\n                    alt=\"Blioteca Civica Geisser\"\n                    src=\"http:\/\/www.spaziotorino.it\/scatto\/wp-content\/gallery\/2023_10_26_geisser\/cache\/PLA_8056.jpg-nggid0530720-ngg0dyn-60x60x100-00f0w010c011r110f110r010t010.jpg\"\n                    width=\"60\"\n                    height=\"60\"\n                    style=\"max-width:100%;\"\n                \/>\n            <\/a>\n        <\/div>\n\t\t\t\t\t\t\t<\/div> \n\t\t\t\n        \n\t\t\t\t<div id=\"ngg-image-1\" class=\"ngg-gallery-thumbnail-box\" >\n\t\t\t\t        <div class=\"ngg-gallery-thumbnail\">\n            <a href=\"http:\/\/www.spaziotorino.it\/scatto\/wp-content\/gallery\/2023_10_26_geisser\/PLA_8058.jpg\"\n               title=\"Blioteca Civica Geisser\"\n               data-src=\"http:\/\/www.spaziotorino.it\/scatto\/wp-content\/gallery\/2023_10_26_geisser\/PLA_8058.jpg\"\n               data-thumbnail=\"http:\/\/www.spaziotorino.it\/scatto\/wp-content\/gallery\/2023_10_26_geisser\/thumbs\/thumbs_PLA_8058.jpg\"\n               data-image-id=\"30718\"\n               data-title=\"Blioteca Civica Geisser\"\n               data-description=\"Blioteca Civica Geisser\"\n               data-image-slug=\"pla_8058-1\"\n               class=\"ngg-fancybox\" rel=\"e67e4956640f1ba35a0c35f7a7563d4a\">\n                <img\n                    title=\"Blioteca Civica Geisser\"\n                    alt=\"Blioteca Civica Geisser\"\n                    src=\"http:\/\/www.spaziotorino.it\/scatto\/wp-content\/gallery\/2023_10_26_geisser\/cache\/PLA_8058.jpg-nggid0530718-ngg0dyn-60x60x100-00f0w010c011r110f110r010t010.jpg\"\n                    width=\"60\"\n                    height=\"60\"\n                    style=\"max-width:100%;\"\n                \/>\n            <\/a>\n        <\/div>\n\t\t\t\t\t\t\t<\/div> \n\t\t\t\n        \n\t\t\t\t<div id=\"ngg-image-2\" class=\"ngg-gallery-thumbnail-box\" >\n\t\t\t\t        <div class=\"ngg-gallery-thumbnail\">\n            <a href=\"http:\/\/www.spaziotorino.it\/scatto\/wp-content\/gallery\/2023_10_26_geisser\/PLA_8061.jpg\"\n               title=\"Blioteca Civica Geisser\"\n               data-src=\"http:\/\/www.spaziotorino.it\/scatto\/wp-content\/gallery\/2023_10_26_geisser\/PLA_8061.jpg\"\n               data-thumbnail=\"http:\/\/www.spaziotorino.it\/scatto\/wp-content\/gallery\/2023_10_26_geisser\/thumbs\/thumbs_PLA_8061.jpg\"\n               data-image-id=\"30719\"\n               data-title=\"Blioteca Civica Geisser\"\n               data-description=\"Blioteca Civica Geisser\"\n               data-image-slug=\"pla_8061\"\n               class=\"ngg-fancybox\" rel=\"e67e4956640f1ba35a0c35f7a7563d4a\">\n                <img\n                    title=\"Blioteca Civica Geisser\"\n                    alt=\"Blioteca Civica Geisser\"\n                    src=\"http:\/\/www.spaziotorino.it\/scatto\/wp-content\/gallery\/2023_10_26_geisser\/cache\/PLA_8061.jpg-nggid0530719-ngg0dyn-60x60x100-00f0w010c011r110f110r010t010.jpg\"\n                    width=\"60\"\n                    height=\"60\"\n                    style=\"max-width:100%;\"\n                \/>\n            <\/a>\n        <\/div>\n\t\t\t\t\t\t\t<\/div> \n\t\t\t\n        \n\t\t\t\t<div id=\"ngg-image-3\" class=\"ngg-gallery-thumbnail-box\" >\n\t\t\t\t        <div class=\"ngg-gallery-thumbnail\">\n            <a href=\"http:\/\/www.spaziotorino.it\/scatto\/wp-content\/gallery\/2023_10_26_geisser\/PLA_8071.jpg\"\n               title=\"L\u2019Amore non fa rumore - Luca Pannoli\"\n               data-src=\"http:\/\/www.spaziotorino.it\/scatto\/wp-content\/gallery\/2023_10_26_geisser\/PLA_8071.jpg\"\n               data-thumbnail=\"http:\/\/www.spaziotorino.it\/scatto\/wp-content\/gallery\/2023_10_26_geisser\/thumbs\/thumbs_PLA_8071.jpg\"\n               data-image-id=\"30723\"\n               data-title=\"L\u2019Amore non fa rumore - Luca Pannoli\"\n               data-description=\"L\u2019Amore non fa rumore - Luca Pannoli\"\n               data-image-slug=\"pla_8071-1\"\n               class=\"ngg-fancybox\" rel=\"e67e4956640f1ba35a0c35f7a7563d4a\">\n                <img\n                    title=\"L\u2019Amore non fa rumore - Luca Pannoli\"\n                    alt=\"L\u2019Amore non fa rumore - Luca Pannoli\"\n                    src=\"http:\/\/www.spaziotorino.it\/scatto\/wp-content\/gallery\/2023_10_26_geisser\/cache\/PLA_8071.jpg-nggid0530723-ngg0dyn-60x60x100-00f0w010c011r110f110r010t010.jpg\"\n                    width=\"60\"\n                    height=\"60\"\n                    style=\"max-width:100%;\"\n                \/>\n            <\/a>\n        <\/div>\n\t\t\t\t\t\t\t<\/div> \n\t\t\t\n        \n\t\t\t\t<div id=\"ngg-image-4\" class=\"ngg-gallery-thumbnail-box\" >\n\t\t\t\t        <div class=\"ngg-gallery-thumbnail\">\n            <a href=\"http:\/\/www.spaziotorino.it\/scatto\/wp-content\/gallery\/2023_10_26_geisser\/PLA_8076.jpg\"\n               title=\"La biblioteca Geisser riapre al pubblico tra arte contemporanea e fotografia\"\n               data-src=\"http:\/\/www.spaziotorino.it\/scatto\/wp-content\/gallery\/2023_10_26_geisser\/PLA_8076.jpg\"\n               data-thumbnail=\"http:\/\/www.spaziotorino.it\/scatto\/wp-content\/gallery\/2023_10_26_geisser\/thumbs\/thumbs_PLA_8076.jpg\"\n               data-image-id=\"30721\"\n               data-title=\"La biblioteca Geisser riapre al pubblico tra arte contemporanea e fotografia\"\n               data-description=\"La biblioteca Geisser riapre al pubblico tra arte contemporanea e fotografia\"\n               data-image-slug=\"pla_8076-1\"\n               class=\"ngg-fancybox\" rel=\"e67e4956640f1ba35a0c35f7a7563d4a\">\n                <img\n                    title=\"La biblioteca Geisser riapre al pubblico tra arte contemporanea e fotografia\"\n                    alt=\"La biblioteca Geisser riapre al pubblico tra arte contemporanea e fotografia\"\n                    src=\"http:\/\/www.spaziotorino.it\/scatto\/wp-content\/gallery\/2023_10_26_geisser\/cache\/PLA_8076.jpg-nggid0530721-ngg0dyn-60x60x100-00f0w010c011r110f110r010t010.jpg\"\n                    width=\"60\"\n                    height=\"60\"\n                    style=\"max-width:100%;\"\n                \/>\n            <\/a>\n        <\/div>\n\t\t\t\t\t\t\t<\/div> \n\t\t\t\n        \n\t\t\t\t<div id=\"ngg-image-5\" class=\"ngg-gallery-thumbnail-box\" >\n\t\t\t\t        <div class=\"ngg-gallery-thumbnail\">\n            <a href=\"http:\/\/www.spaziotorino.it\/scatto\/wp-content\/gallery\/2023_10_26_geisser\/PLA_8194.jpg\"\n               title=\"Blioteca Civica Geisser\"\n               data-src=\"http:\/\/www.spaziotorino.it\/scatto\/wp-content\/gallery\/2023_10_26_geisser\/PLA_8194.jpg\"\n               data-thumbnail=\"http:\/\/www.spaziotorino.it\/scatto\/wp-content\/gallery\/2023_10_26_geisser\/thumbs\/thumbs_PLA_8194.jpg\"\n               data-image-id=\"30738\"\n               data-title=\"Blioteca Civica Geisser\"\n               data-description=\"Blioteca Civica Geisser\"\n               data-image-slug=\"pla_8194\"\n               class=\"ngg-fancybox\" rel=\"e67e4956640f1ba35a0c35f7a7563d4a\">\n                <img\n                    title=\"Blioteca Civica Geisser\"\n                    alt=\"Blioteca Civica Geisser\"\n                    src=\"http:\/\/www.spaziotorino.it\/scatto\/wp-content\/gallery\/2023_10_26_geisser\/cache\/PLA_8194.jpg-nggid0530738-ngg0dyn-60x60x100-00f0w010c011r110f110r010t010.jpg\"\n                    width=\"60\"\n                    height=\"60\"\n                    style=\"max-width:100%;\"\n                \/>\n            <\/a>\n        <\/div>\n\t\t\t\t\t\t\t<\/div> \n\t\t\t\n        \n\t\t\t\t<div id=\"ngg-image-6\" class=\"ngg-gallery-thumbnail-box\" >\n\t\t\t\t        <div class=\"ngg-gallery-thumbnail\">\n            <a href=\"http:\/\/www.spaziotorino.it\/scatto\/wp-content\/gallery\/2023_10_26_geisser\/PLA_8080.jpg\"\n               title=\"La biblioteca Geisser riapre al pubblico tra arte contemporanea e fotografia\"\n               data-src=\"http:\/\/www.spaziotorino.it\/scatto\/wp-content\/gallery\/2023_10_26_geisser\/PLA_8080.jpg\"\n               data-thumbnail=\"http:\/\/www.spaziotorino.it\/scatto\/wp-content\/gallery\/2023_10_26_geisser\/thumbs\/thumbs_PLA_8080.jpg\"\n               data-image-id=\"30722\"\n               data-title=\"La biblioteca Geisser riapre al pubblico tra arte contemporanea e fotografia\"\n               data-description=\"La biblioteca Geisser riapre al pubblico tra arte contemporanea e fotografia\"\n               data-image-slug=\"pla_8080-1\"\n               class=\"ngg-fancybox\" rel=\"e67e4956640f1ba35a0c35f7a7563d4a\">\n                <img\n                    title=\"La biblioteca Geisser riapre al pubblico tra arte contemporanea e fotografia\"\n                    alt=\"La biblioteca Geisser riapre al pubblico tra arte contemporanea e fotografia\"\n                    src=\"http:\/\/www.spaziotorino.it\/scatto\/wp-content\/gallery\/2023_10_26_geisser\/cache\/PLA_8080.jpg-nggid0530722-ngg0dyn-60x60x100-00f0w010c011r110f110r010t010.jpg\"\n                    width=\"60\"\n                    height=\"60\"\n                    style=\"max-width:100%;\"\n                \/>\n            <\/a>\n        <\/div>\n\t\t\t\t\t\t\t<\/div> \n\t\t\t\n        \n\t\t\t\t<div id=\"ngg-image-7\" class=\"ngg-gallery-thumbnail-box\" >\n\t\t\t\t        <div class=\"ngg-gallery-thumbnail\">\n            <a href=\"http:\/\/www.spaziotorino.it\/scatto\/wp-content\/gallery\/2023_10_26_geisser\/PLA_8081.jpg\"\n               title=\"La biblioteca Geisser riapre al pubblico tra arte contemporanea e fotografia\"\n               data-src=\"http:\/\/www.spaziotorino.it\/scatto\/wp-content\/gallery\/2023_10_26_geisser\/PLA_8081.jpg\"\n               data-thumbnail=\"http:\/\/www.spaziotorino.it\/scatto\/wp-content\/gallery\/2023_10_26_geisser\/thumbs\/thumbs_PLA_8081.jpg\"\n               data-image-id=\"30725\"\n               data-title=\"La biblioteca Geisser riapre al pubblico tra arte contemporanea e fotografia\"\n               data-description=\"La biblioteca Geisser riapre al pubblico tra arte contemporanea e fotografia\"\n               data-image-slug=\"pla_8081\"\n               class=\"ngg-fancybox\" rel=\"e67e4956640f1ba35a0c35f7a7563d4a\">\n                <img\n                    title=\"La biblioteca Geisser riapre al pubblico tra arte contemporanea e fotografia\"\n                    alt=\"La biblioteca Geisser riapre al pubblico tra arte contemporanea e fotografia\"\n                    src=\"http:\/\/www.spaziotorino.it\/scatto\/wp-content\/gallery\/2023_10_26_geisser\/cache\/PLA_8081.jpg-nggid0530725-ngg0dyn-60x60x100-00f0w010c011r110f110r010t010.jpg\"\n                    width=\"60\"\n                    height=\"60\"\n                    style=\"max-width:100%;\"\n                \/>\n            <\/a>\n        <\/div>\n\t\t\t\t\t\t\t<\/div> \n\t\t\t\n        \n\t\t\t\t<div id=\"ngg-image-8\" class=\"ngg-gallery-thumbnail-box\" >\n\t\t\t\t        <div class=\"ngg-gallery-thumbnail\">\n            <a href=\"http:\/\/www.spaziotorino.it\/scatto\/wp-content\/gallery\/2023_10_26_geisser\/PLA_8106.jpg\"\n               title=\"La biblioteca Geisser riapre al pubblico tra arte contemporanea e fotografia\"\n               data-src=\"http:\/\/www.spaziotorino.it\/scatto\/wp-content\/gallery\/2023_10_26_geisser\/PLA_8106.jpg\"\n               data-thumbnail=\"http:\/\/www.spaziotorino.it\/scatto\/wp-content\/gallery\/2023_10_26_geisser\/thumbs\/thumbs_PLA_8106.jpg\"\n               data-image-id=\"30726\"\n               data-title=\"La biblioteca Geisser riapre al pubblico tra arte contemporanea e fotografia\"\n               data-description=\"La biblioteca Geisser riapre al pubblico tra arte contemporanea e fotografia\"\n               data-image-slug=\"pla_8106-1\"\n               class=\"ngg-fancybox\" rel=\"e67e4956640f1ba35a0c35f7a7563d4a\">\n                <img\n                    title=\"La biblioteca Geisser riapre al pubblico tra arte contemporanea e fotografia\"\n                    alt=\"La biblioteca Geisser riapre al pubblico tra arte contemporanea e fotografia\"\n                    src=\"http:\/\/www.spaziotorino.it\/scatto\/wp-content\/gallery\/2023_10_26_geisser\/cache\/PLA_8106.jpg-nggid0530726-ngg0dyn-60x60x100-00f0w010c011r110f110r010t010.jpg\"\n                    width=\"60\"\n                    height=\"60\"\n                    style=\"max-width:100%;\"\n                \/>\n            <\/a>\n        <\/div>\n\t\t\t\t\t\t\t<\/div> \n\t\t\t\n        \n\t\t\t\t<div id=\"ngg-image-9\" class=\"ngg-gallery-thumbnail-box\" >\n\t\t\t\t        <div class=\"ngg-gallery-thumbnail\">\n            <a href=\"http:\/\/www.spaziotorino.it\/scatto\/wp-content\/gallery\/2023_10_26_geisser\/PLA_8125.jpg\"\n               title=\"La biblioteca Geisser riapre al pubblico tra arte contemporanea e fotografia\"\n               data-src=\"http:\/\/www.spaziotorino.it\/scatto\/wp-content\/gallery\/2023_10_26_geisser\/PLA_8125.jpg\"\n               data-thumbnail=\"http:\/\/www.spaziotorino.it\/scatto\/wp-content\/gallery\/2023_10_26_geisser\/thumbs\/thumbs_PLA_8125.jpg\"\n               data-image-id=\"30727\"\n               data-title=\"La biblioteca Geisser riapre al pubblico tra arte contemporanea e fotografia\"\n               data-description=\"La biblioteca Geisser riapre al pubblico tra arte contemporanea e fotografia\"\n               data-image-slug=\"pla_8125\"\n               class=\"ngg-fancybox\" rel=\"e67e4956640f1ba35a0c35f7a7563d4a\">\n                <img\n                    title=\"La biblioteca Geisser riapre al pubblico tra arte contemporanea e fotografia\"\n                    alt=\"La biblioteca Geisser riapre al pubblico tra arte contemporanea e fotografia\"\n                    src=\"http:\/\/www.spaziotorino.it\/scatto\/wp-content\/gallery\/2023_10_26_geisser\/cache\/PLA_8125.jpg-nggid0530727-ngg0dyn-60x60x100-00f0w010c011r110f110r010t010.jpg\"\n                    width=\"60\"\n                    height=\"60\"\n                    style=\"max-width:100%;\"\n                \/>\n            <\/a>\n        <\/div>\n\t\t\t\t\t\t\t<\/div> \n\t\t\t\n        \n\t\t\t\t<div id=\"ngg-image-10\" class=\"ngg-gallery-thumbnail-box\" >\n\t\t\t\t        <div class=\"ngg-gallery-thumbnail\">\n            <a href=\"http:\/\/www.spaziotorino.it\/scatto\/wp-content\/gallery\/2023_10_26_geisser\/PLA_8138.jpg\"\n               title=\"Blioteca Civica Geisser\"\n               data-src=\"http:\/\/www.spaziotorino.it\/scatto\/wp-content\/gallery\/2023_10_26_geisser\/PLA_8138.jpg\"\n               data-thumbnail=\"http:\/\/www.spaziotorino.it\/scatto\/wp-content\/gallery\/2023_10_26_geisser\/thumbs\/thumbs_PLA_8138.jpg\"\n               data-image-id=\"30728\"\n               data-title=\"Blioteca Civica Geisser\"\n               data-description=\"Blioteca Civica Geisser\"\n               data-image-slug=\"pla_8138-1\"\n               class=\"ngg-fancybox\" rel=\"e67e4956640f1ba35a0c35f7a7563d4a\">\n                <img\n                    title=\"Blioteca Civica Geisser\"\n                    alt=\"Blioteca Civica Geisser\"\n                    src=\"http:\/\/www.spaziotorino.it\/scatto\/wp-content\/gallery\/2023_10_26_geisser\/cache\/PLA_8138.jpg-nggid0530728-ngg0dyn-60x60x100-00f0w010c011r110f110r010t010.jpg\"\n                    width=\"60\"\n                    height=\"60\"\n                    style=\"max-width:100%;\"\n                \/>\n            <\/a>\n        <\/div>\n\t\t\t\t\t\t\t<\/div> \n\t\t\t\n        \n\t\t\t\t<div id=\"ngg-image-11\" class=\"ngg-gallery-thumbnail-box\" >\n\t\t\t\t        <div class=\"ngg-gallery-thumbnail\">\n            <a href=\"http:\/\/www.spaziotorino.it\/scatto\/wp-content\/gallery\/2023_10_26_geisser\/PLA_8118.jpg\"\n               title=\"La biblioteca Geisser riapre al pubblico tra arte contemporanea e fotografia\"\n               data-src=\"http:\/\/www.spaziotorino.it\/scatto\/wp-content\/gallery\/2023_10_26_geisser\/PLA_8118.jpg\"\n               data-thumbnail=\"http:\/\/www.spaziotorino.it\/scatto\/wp-content\/gallery\/2023_10_26_geisser\/thumbs\/thumbs_PLA_8118.jpg\"\n               data-image-id=\"30729\"\n               data-title=\"La biblioteca Geisser riapre al pubblico tra arte contemporanea e fotografia\"\n               data-description=\"La biblioteca Geisser riapre al pubblico tra arte contemporanea e fotografia\"\n               data-image-slug=\"pla_8118\"\n               class=\"ngg-fancybox\" rel=\"e67e4956640f1ba35a0c35f7a7563d4a\">\n                <img\n                    title=\"La biblioteca Geisser riapre al pubblico tra arte contemporanea e fotografia\"\n                    alt=\"La biblioteca Geisser riapre al pubblico tra arte contemporanea e fotografia\"\n                    src=\"http:\/\/www.spaziotorino.it\/scatto\/wp-content\/gallery\/2023_10_26_geisser\/cache\/PLA_8118.jpg-nggid0530729-ngg0dyn-60x60x100-00f0w010c011r110f110r010t010.jpg\"\n                    width=\"60\"\n                    height=\"60\"\n                    style=\"max-width:100%;\"\n                \/>\n            <\/a>\n        <\/div>\n\t\t\t\t\t\t\t<\/div> \n\t\t\t\n        \n\t\t\t\t<div id=\"ngg-image-12\" class=\"ngg-gallery-thumbnail-box\" >\n\t\t\t\t        <div class=\"ngg-gallery-thumbnail\">\n            <a href=\"http:\/\/www.spaziotorino.it\/scatto\/wp-content\/gallery\/2023_10_26_geisser\/PLA_8127.jpg\"\n               title=\"La biblioteca Geisser riapre al pubblico tra arte contemporanea e fotografia\"\n               data-src=\"http:\/\/www.spaziotorino.it\/scatto\/wp-content\/gallery\/2023_10_26_geisser\/PLA_8127.jpg\"\n               data-thumbnail=\"http:\/\/www.spaziotorino.it\/scatto\/wp-content\/gallery\/2023_10_26_geisser\/thumbs\/thumbs_PLA_8127.jpg\"\n               data-image-id=\"30730\"\n               data-title=\"La biblioteca Geisser riapre al pubblico tra arte contemporanea e fotografia\"\n               data-description=\"La biblioteca Geisser riapre al pubblico tra arte contemporanea e fotografia\"\n               data-image-slug=\"pla_8127-2\"\n               class=\"ngg-fancybox\" rel=\"e67e4956640f1ba35a0c35f7a7563d4a\">\n                <img\n                    title=\"La biblioteca Geisser riapre al pubblico tra arte contemporanea e fotografia\"\n                    alt=\"La biblioteca Geisser riapre al pubblico tra arte contemporanea e fotografia\"\n                    src=\"http:\/\/www.spaziotorino.it\/scatto\/wp-content\/gallery\/2023_10_26_geisser\/cache\/PLA_8127.jpg-nggid0530730-ngg0dyn-60x60x100-00f0w010c011r110f110r010t010.jpg\"\n                    width=\"60\"\n                    height=\"60\"\n                    style=\"max-width:100%;\"\n                \/>\n            <\/a>\n        <\/div>\n\t\t\t\t\t\t\t<\/div> \n\t\t\t\n        \n\t\t\t\t<div id=\"ngg-image-13\" class=\"ngg-gallery-thumbnail-box\" >\n\t\t\t\t        <div class=\"ngg-gallery-thumbnail\">\n            <a href=\"http:\/\/www.spaziotorino.it\/scatto\/wp-content\/gallery\/2023_10_26_geisser\/PLA_8193.jpg\"\n               title=\"La biblioteca Geisser riapre al pubblico tra arte contemporanea e fotografia\"\n               data-src=\"http:\/\/www.spaziotorino.it\/scatto\/wp-content\/gallery\/2023_10_26_geisser\/PLA_8193.jpg\"\n               data-thumbnail=\"http:\/\/www.spaziotorino.it\/scatto\/wp-content\/gallery\/2023_10_26_geisser\/thumbs\/thumbs_PLA_8193.jpg\"\n               data-image-id=\"30737\"\n               data-title=\"La biblioteca Geisser riapre al pubblico tra arte contemporanea e fotografia\"\n               data-description=\"La biblioteca Geisser riapre al pubblico tra arte contemporanea e fotografia\"\n               data-image-slug=\"pla_8193\"\n               class=\"ngg-fancybox\" rel=\"e67e4956640f1ba35a0c35f7a7563d4a\">\n                <img\n                    title=\"La biblioteca Geisser riapre al pubblico tra arte contemporanea e fotografia\"\n                    alt=\"La biblioteca Geisser riapre al pubblico tra arte contemporanea e fotografia\"\n                    src=\"http:\/\/www.spaziotorino.it\/scatto\/wp-content\/gallery\/2023_10_26_geisser\/cache\/PLA_8193.jpg-nggid0530737-ngg0dyn-60x60x100-00f0w010c011r110f110r010t010.jpg\"\n                    width=\"60\"\n                    height=\"60\"\n                    style=\"max-width:100%;\"\n                \/>\n            <\/a>\n        <\/div>\n\t\t\t\t\t\t\t<\/div> \n\t\t\t\n        \n\t\t\t\t<div id=\"ngg-image-14\" class=\"ngg-gallery-thumbnail-box\" >\n\t\t\t\t        <div class=\"ngg-gallery-thumbnail\">\n            <a href=\"http:\/\/www.spaziotorino.it\/scatto\/wp-content\/gallery\/2023_10_26_geisser\/PLA_8159.jpg\"\n               title=\"La biblioteca Geisser riapre al pubblico tra arte contemporanea e fotografia\"\n               data-src=\"http:\/\/www.spaziotorino.it\/scatto\/wp-content\/gallery\/2023_10_26_geisser\/PLA_8159.jpg\"\n               data-thumbnail=\"http:\/\/www.spaziotorino.it\/scatto\/wp-content\/gallery\/2023_10_26_geisser\/thumbs\/thumbs_PLA_8159.jpg\"\n               data-image-id=\"30734\"\n               data-title=\"La biblioteca Geisser riapre al pubblico tra arte contemporanea e fotografia\"\n               data-description=\"La biblioteca Geisser riapre al pubblico tra arte contemporanea e fotografia\"\n               data-image-slug=\"pla_8159\"\n               class=\"ngg-fancybox\" rel=\"e67e4956640f1ba35a0c35f7a7563d4a\">\n                <img\n                    title=\"La biblioteca Geisser riapre al pubblico tra arte contemporanea e fotografia\"\n                    alt=\"La biblioteca Geisser riapre al pubblico tra arte contemporanea e fotografia\"\n                    src=\"http:\/\/www.spaziotorino.it\/scatto\/wp-content\/gallery\/2023_10_26_geisser\/cache\/PLA_8159.jpg-nggid0530734-ngg0dyn-60x60x100-00f0w010c011r110f110r010t010.jpg\"\n                    width=\"60\"\n                    height=\"60\"\n                    style=\"max-width:100%;\"\n                \/>\n            <\/a>\n        <\/div>\n\t\t\t\t\t\t\t<\/div> \n\t\t\t\n        \n\t\t\t\t<div id=\"ngg-image-15\" class=\"ngg-gallery-thumbnail-box\" >\n\t\t\t\t        <div class=\"ngg-gallery-thumbnail\">\n            <a href=\"http:\/\/www.spaziotorino.it\/scatto\/wp-content\/gallery\/2023_10_26_geisser\/PLA_8156.jpg\"\n               title=\"L\u2019Amore non fa rumore - Luca Pannoli\"\n               data-src=\"http:\/\/www.spaziotorino.it\/scatto\/wp-content\/gallery\/2023_10_26_geisser\/PLA_8156.jpg\"\n               data-thumbnail=\"http:\/\/www.spaziotorino.it\/scatto\/wp-content\/gallery\/2023_10_26_geisser\/thumbs\/thumbs_PLA_8156.jpg\"\n               data-image-id=\"30732\"\n               data-title=\"L\u2019Amore non fa rumore - Luca Pannoli\"\n               data-description=\"L\u2019Amore non fa rumore - Luca Pannoli\"\n               data-image-slug=\"pla_8156\"\n               class=\"ngg-fancybox\" rel=\"e67e4956640f1ba35a0c35f7a7563d4a\">\n                <img\n                    title=\"L\u2019Amore non fa rumore - Luca Pannoli\"\n                    alt=\"L\u2019Amore non fa rumore - Luca Pannoli\"\n                    src=\"http:\/\/www.spaziotorino.it\/scatto\/wp-content\/gallery\/2023_10_26_geisser\/cache\/PLA_8156.jpg-nggid0530732-ngg0dyn-60x60x100-00f0w010c011r110f110r010t010.jpg\"\n                    width=\"60\"\n                    height=\"60\"\n                    style=\"max-width:100%;\"\n                \/>\n            <\/a>\n        <\/div>\n\t\t\t\t\t\t\t<\/div> \n\t\t\t\n        \n\t\t\t\t<div id=\"ngg-image-16\" class=\"ngg-gallery-thumbnail-box\" >\n\t\t\t\t        <div class=\"ngg-gallery-thumbnail\">\n            <a href=\"http:\/\/www.spaziotorino.it\/scatto\/wp-content\/gallery\/2023_10_26_geisser\/PLA_8150.jpg\"\n               title=\"L\u2019Amore non fa rumore - Luca Pannoli\"\n               data-src=\"http:\/\/www.spaziotorino.it\/scatto\/wp-content\/gallery\/2023_10_26_geisser\/PLA_8150.jpg\"\n               data-thumbnail=\"http:\/\/www.spaziotorino.it\/scatto\/wp-content\/gallery\/2023_10_26_geisser\/thumbs\/thumbs_PLA_8150.jpg\"\n               data-image-id=\"30731\"\n               data-title=\"L\u2019Amore non fa rumore - Luca Pannoli\"\n               data-description=\"L\u2019Amore non fa rumore - Luca Pannoli\"\n               data-image-slug=\"pla_8150\"\n               class=\"ngg-fancybox\" rel=\"e67e4956640f1ba35a0c35f7a7563d4a\">\n                <img\n                    title=\"L\u2019Amore non fa rumore - Luca Pannoli\"\n                    alt=\"L\u2019Amore non fa rumore - Luca Pannoli\"\n                    src=\"http:\/\/www.spaziotorino.it\/scatto\/wp-content\/gallery\/2023_10_26_geisser\/cache\/PLA_8150.jpg-nggid0530731-ngg0dyn-60x60x100-00f0w010c011r110f110r010t010.jpg\"\n                    width=\"60\"\n                    height=\"60\"\n                    style=\"max-width:100%;\"\n                \/>\n            <\/a>\n        <\/div>\n\t\t\t\t\t\t\t<\/div> \n\t\t\t\n        \n\t\t\t\t<div id=\"ngg-image-17\" class=\"ngg-gallery-thumbnail-box\" >\n\t\t\t\t        <div class=\"ngg-gallery-thumbnail\">\n            <a href=\"http:\/\/www.spaziotorino.it\/scatto\/wp-content\/gallery\/2023_10_26_geisser\/PLA_8154.jpg\"\n               title=\"L\u2019Amore non fa rumore - Luca Pannoli\"\n               data-src=\"http:\/\/www.spaziotorino.it\/scatto\/wp-content\/gallery\/2023_10_26_geisser\/PLA_8154.jpg\"\n               data-thumbnail=\"http:\/\/www.spaziotorino.it\/scatto\/wp-content\/gallery\/2023_10_26_geisser\/thumbs\/thumbs_PLA_8154.jpg\"\n               data-image-id=\"30733\"\n               data-title=\"L\u2019Amore non fa rumore - Luca Pannoli\"\n               data-description=\"L\u2019Amore non fa rumore - Luca Pannoli\"\n               data-image-slug=\"pla_8154-1\"\n               class=\"ngg-fancybox\" rel=\"e67e4956640f1ba35a0c35f7a7563d4a\">\n                <img\n                    title=\"L\u2019Amore non fa rumore - Luca Pannoli\"\n                    alt=\"L\u2019Amore non fa rumore - Luca Pannoli\"\n                    src=\"http:\/\/www.spaziotorino.it\/scatto\/wp-content\/gallery\/2023_10_26_geisser\/cache\/PLA_8154.jpg-nggid0530733-ngg0dyn-60x60x100-00f0w010c011r110f110r010t010.jpg\"\n                    width=\"60\"\n                    height=\"60\"\n                    style=\"max-width:100%;\"\n                \/>\n            <\/a>\n        <\/div>\n\t\t\t\t\t\t\t<\/div> \n\t\t\t\n        \n\t\t\t\t<div id=\"ngg-image-18\" class=\"ngg-gallery-thumbnail-box\" >\n\t\t\t\t        <div class=\"ngg-gallery-thumbnail\">\n            <a href=\"http:\/\/www.spaziotorino.it\/scatto\/wp-content\/gallery\/2023_10_26_geisser\/PLA_8186.jpg\"\n               title=\"La videoinstallazione N\u00f3 na garganta | Knot in the throat dell\u2019artista brasiliano Jonathas de Andrade - progetti speciali di Artissima 2023\"\n               data-src=\"http:\/\/www.spaziotorino.it\/scatto\/wp-content\/gallery\/2023_10_26_geisser\/PLA_8186.jpg\"\n               data-thumbnail=\"http:\/\/www.spaziotorino.it\/scatto\/wp-content\/gallery\/2023_10_26_geisser\/thumbs\/thumbs_PLA_8186.jpg\"\n               data-image-id=\"30735\"\n               data-title=\"La videoinstallazione N\u00f3 na garganta | Knot in the throat dell\u2019artista brasiliano Jonathas de Andrade - progetti speciali di Artissima 2023\"\n               data-description=\"La videoinstallazione N\u00f3 na garganta | Knot in the throat dell\u2019artista brasiliano Jonathas de Andrade - progetti speciali di Artissima 2023\"\n               data-image-slug=\"pla_8186-2\"\n               class=\"ngg-fancybox\" rel=\"e67e4956640f1ba35a0c35f7a7563d4a\">\n                <img\n                    title=\"La videoinstallazione N\u00f3 na garganta | Knot in the throat dell\u2019artista brasiliano Jonathas de Andrade - progetti speciali di Artissima 2023\"\n                    alt=\"La videoinstallazione N\u00f3 na garganta | Knot in the throat dell\u2019artista brasiliano Jonathas de Andrade - progetti speciali di Artissima 2023\"\n                    src=\"http:\/\/www.spaziotorino.it\/scatto\/wp-content\/gallery\/2023_10_26_geisser\/cache\/PLA_8186.jpg-nggid0530735-ngg0dyn-60x60x100-00f0w010c011r110f110r010t010.jpg\"\n                    width=\"60\"\n                    height=\"60\"\n                    style=\"max-width:100%;\"\n                \/>\n            <\/a>\n        <\/div>\n\t\t\t\t\t\t\t<\/div> \n\t\t\t\n        \n\t\t\t\t<div id=\"ngg-image-19\" class=\"ngg-gallery-thumbnail-box\" >\n\t\t\t\t        <div class=\"ngg-gallery-thumbnail\">\n            <a href=\"http:\/\/www.spaziotorino.it\/scatto\/wp-content\/gallery\/2023_10_26_geisser\/PLA_8181.jpg\"\n               title=\"La videoinstallazione N\u00f3 na garganta | Knot in the throat dell\u2019artista brasiliano Jonathas de Andrade - progetti speciali di Artissima 2023\"\n               data-src=\"http:\/\/www.spaziotorino.it\/scatto\/wp-content\/gallery\/2023_10_26_geisser\/PLA_8181.jpg\"\n               data-thumbnail=\"http:\/\/www.spaziotorino.it\/scatto\/wp-content\/gallery\/2023_10_26_geisser\/thumbs\/thumbs_PLA_8181.jpg\"\n               data-image-id=\"30736\"\n               data-title=\"La videoinstallazione N\u00f3 na garganta | Knot in the throat dell\u2019artista brasiliano Jonathas de Andrade - progetti speciali di Artissima 2023\"\n               data-description=\"La videoinstallazione N\u00f3 na garganta | Knot in the throat dell\u2019artista brasiliano Jonathas de Andrade - progetti speciali di Artissima 2023\"\n               data-image-slug=\"pla_8181-4\"\n               class=\"ngg-fancybox\" rel=\"e67e4956640f1ba35a0c35f7a7563d4a\">\n                <img\n                    title=\"La videoinstallazione N\u00f3 na garganta | Knot in the throat dell\u2019artista brasiliano Jonathas de Andrade - progetti speciali di Artissima 2023\"\n                    alt=\"La videoinstallazione N\u00f3 na garganta | Knot in the throat dell\u2019artista brasiliano Jonathas de Andrade - progetti speciali di Artissima 2023\"\n                    src=\"http:\/\/www.spaziotorino.it\/scatto\/wp-content\/gallery\/2023_10_26_geisser\/cache\/PLA_8181.jpg-nggid0530736-ngg0dyn-60x60x100-00f0w010c011r110f110r010t010.jpg\"\n                    width=\"60\"\n                    height=\"60\"\n                    style=\"max-width:100%;\"\n                \/>\n            <\/a>\n        <\/div>\n\t\t\t\t\t\t\t<\/div> \n\t\t\t\n        \n\t\t\n\t\t<!-- Pagination -->\n\t<div class='ngg-clear'><\/div>\t<\/div>\n\n<p dir=\"ltr\">Riaprono le porte al pubblico dopo quasi tre anni gli spazi della biblioteca civica Alberto Geisser di corso Casale, all\u2019interno del parco Michelotti. Un momento che la Citt\u00e0 di Torino ha deciso di celebrare ospitando, negli spazi completamente rinnovati della biblioteca, una mostra fotografica, che far\u00e0 parte degli appuntamenti di Exposed.Torino Foto Festival, una videoinstallazione nell\u2019ambito dei progetti speciali di Artissima ed una installazione della ventiseiesima edizione di Luci d\u2019artista, il cui programma \u00e8 stato svelato nel corso della serata.<\/p>\n<p dir=\"ltr\">Tre grandi iniziative che danno simbolicamente il via a quello che a Torino sar\u00e0, come ogni anno, il mese dell\u2019arte contemporanea.<\/p>\n<p dir=\"ltr\">Spiega&nbsp;il Sindaco Stefano Lo Russo:&nbsp;<em>\u201cLo scorso anno abbiamo riaperto la biblioteca Carluccio, oggi restituiamo alla citt\u00e0 gli spazi della Geisser, arricchiti di un\u2019offerta culturale di alto profilo che ne far\u00e0 nelle prossime settimane una delle tappe immancabili per gli appassionati di arte contemporanea. Con i fondi europei abbiamo scelto di investire sulla cultura, a partire dai luoghi. Le biblioteche sono infatti il cuore del Piano Integrato Urbano della Citt\u00e0 di Torino e sono 18 quelle che beneficeranno di interventi di rigenerazione urbana, per favorire la piena accessibilit\u00e0 alla cultura e migliorare la qualit\u00e0 dello spazio pubblico e dei luoghi della socialit\u00e0 e dell\u2019inclusione\u201d.<\/em><\/p>\n<p dir=\"ltr\">Immersa nel verde del parco Michelotti, la biblioteca intitolata al banchiere, imprenditore e filantropo Alberto Geisser aveva visto gli ultimi ingressi a gennaio del 2020. L\u2019edificio, risalente agli anni cinquanta, necessitava infatti di importanti lavori di ristrutturazione e rifunzionalizzazione energetica, che sono stati realizzati grazie ai fondi PON Metro per un totale di circa due milioni di euro. Gli interventi hanno riguardato l\u2019installazione di nuovi infissi, il rifacimento degli impianti, la coibentazione delle pareti per un maggiore comfort energetico e hanno permesso di ricavare nuovi spazi dalla ristrutturazione dei locali al piano interrato che saranno destinati ai laboratori.<\/p>\n<p dir=\"ltr\"><em>\u201cQuesta \u00e8 sicuramente la bella conclusione di un momento tanto atteso-<\/em>&nbsp;dichiara&nbsp;l\u2019assessora alla Cultura Rosanna Purchia-.&nbsp;<em>La biblioteca civica Alberto Geisser riapre alla cittadinanza e accoglier\u00e0, oltre agli spazi per la lettura e lo studio, anche un\u2019area bambini, una sala incontri e due aule per laboratori, completamente immersi nel verde. Per questo \u2013 aggiunge \u2013 abbiamo voluto festeggiare questo momento con tre grandi progetti di altrettante realt\u00e0 di primissimo piano del mondo dell\u2019arte e della cultura torinese, che ringrazio. Tutte le esposizioni saranno fruibili gratuitamente, cogliendo cos\u00ec l\u2019occasione per conoscere anche questo luogo, che ben rappresenta il modello di biblioteca che abbiamo in mente, aperta al territorio e ai bisogni dei cittadini\u201d.<\/em><\/p>\n","protected":false},"excerpt":{"rendered":"<p>Riaprono le porte al pubblico dopo quasi tre anni gli spazi della biblioteca civica Alberto Geisser di corso Casale, all\u2019interno del parco Michelotti. Un momento che la Citt\u00e0 di Torino ha deciso di celebrare ospitando, negli spazi completamente rinnovati della biblioteca, una mostra fotografica, che far\u00e0 parte degli appuntamenti di Exposed.Torino Foto Festival, una videoinstallazione [&hellip;]<\/p>\n","protected":false},"author":1,"featured_media":0,"comment_status":"closed","ping_status":"open","sticky":false,"template":"","format":"standard","meta":{"ngg_post_thumbnail":0},"categories":[54,1,41],"tags":[],"_links":{"self":[{"href":"http:\/\/www.spaziotorino.it\/scatto\/index.php?rest_route=\/wp\/v2\/posts\/47578"}],"collection":[{"href":"http:\/\/www.spaziotorino.it\/scatto\/index.php?rest_route=\/wp\/v2\/posts"}],"about":[{"href":"http:\/\/www.spaziotorino.it\/scatto\/index.php?rest_route=\/wp\/v2\/types\/post"}],"author":[{"embeddable":true,"href":"http:\/\/www.spaziotorino.it\/scatto\/index.php?rest_route=\/wp\/v2\/users\/1"}],"replies":[{"embeddable":true,"href":"http:\/\/www.spaziotorino.it\/scatto\/index.php?rest_route=%2Fwp%2Fv2%2Fcomments&post=47578"}],"version-history":[{"count":1,"href":"http:\/\/www.spaziotorino.it\/scatto\/index.php?rest_route=\/wp\/v2\/posts\/47578\/revisions"}],"predecessor-version":[{"id":47580,"href":"http:\/\/www.spaziotorino.it\/scatto\/index.php?rest_route=\/wp\/v2\/posts\/47578\/revisions\/47580"}],"wp:attachment":[{"href":"http:\/\/www.spaziotorino.it\/scatto\/index.php?rest_route=%2Fwp%2Fv2%2Fmedia&parent=47578"}],"wp:term":[{"taxonomy":"category","embeddable":true,"href":"http:\/\/www.spaziotorino.it\/scatto\/index.php?rest_route=%2Fwp%2Fv2%2Fcategories&post=47578"},{"taxonomy":"post_tag","embeddable":true,"href":"http:\/\/www.spaziotorino.it\/scatto\/index.php?rest_route=%2Fwp%2Fv2%2Ftags&post=47578"}],"curies":[{"name":"wp","href":"https:\/\/api.w.org\/{rel}","templated":true}]}}